{"id":20386,"date":"2025-05-18T10:00:06","date_gmt":"2025-05-18T08:00:06","guid":{"rendered":"https:\/\/www.welovecycling.com\/sk\/?p=20386"},"modified":"2025-05-16T11:46:23","modified_gmt":"2025-05-16T09:46:23","slug":"cyklistika-ako-jarny-detox-co-sa-deje-s-telom-po-zime","status":"publish","type":"post","link":"https:\/\/www.welovecycling.com\/sk\/2025\/05\/18\/cyklistika-ako-jarny-detox-co-sa-deje-s-telom-po-zime\/","title":{"rendered":"Cyklistika ako forma jarn\u00e9ho detoxu: \u010do sa deje s telom po zime"},"content":{"rendered":"<p><strong>Po zime je na\u0161e telo vy\u010derpan\u00e9 nielen fyzicky, ale aj psychicky. N\u00e1ro\u010dn\u00e9 zimn\u00e9 podmienky dali telu zabra\u0165, nedostatok svetla a slne\u010dn\u00e9ho svitu sa v\u00fdrazne prejavuj\u00fa mo\u017eno aj tou nepopul\u00e1rnou jarnou \u00fanavou. Ak chcete telu pom\u00f4c\u0165, zbavi\u0165 sa \u00fanavy a zlep\u0161i\u0165 svoje pocity, cyklistika je skvelou vo\u013ebou na jarn\u00fd detox.<\/strong><!--more--><\/p>\n<h2><strong>Kedy je potrebn\u00fd detox?<\/strong><\/h2>\n<p><span style=\"font-weight: 400;\">Detox potrebujeme vtedy, ak c\u00edtite nedostatok energie, ste \u010dasto chor\u00ed, m\u00e1vate zl\u00fa n\u00e1ladu, \u010di dokonca c\u00edtite bolesti k\u013abov. <strong>Aj nekvalitn\u00fd sp\u00e1nok \u010di zl\u00e9 tr\u00e1venie m\u00f4\u017eu by\u0165 pr\u00edznakom toho, \u017ee potrebujete detox.<\/strong> Tieto pr\u00edznaky nasved\u010duj\u00fa, \u017ee sa v\u00e1m v tele nahromadili tox\u00edny, ktor\u00e9 treba dosta\u0165 z tela von.\u00a0<\/span><\/p>\n<h2><strong>Pre\u010do jarn\u00fd detox?<\/strong><\/h2>\n<p><span style=\"font-weight: 400;\">Po\u010das zimn\u00fdch mesiacov sa stmieva ve\u013emi skoro a telo to vn\u00edma ako pokyn na utlmenie a ur\u010dite sa v\u00e1m st\u00e1va, \u017ee m\u00e1te nutkanie \u00eds\u0165 spa\u0165 u\u017e o siedmej ve\u010der. Na\u0161i predkovia takto prirodzene \u017eili a telo to m\u00e1 v akejsi vn\u00fatornej pam\u00e4ti. Kto si to v\u0161ak v dne\u0161nej dobe m\u00f4\u017ee dovoli\u0165? Mus\u00edme by\u0165 akt\u00edvni dlho do ve\u010dera a telo je potom vy\u010derpan\u00e9. No a na jar sa t\u00e1to vy\u010derpanos\u0165 prejav\u00ed naplno. <strong>A nielen vy\u010derpanos\u0165, ale aj nahromaden\u00e9 tox\u00edny v tele.<\/strong> A pr\u00e1ve preto je d\u00f4le\u017eit\u00fd jarn\u00fd detox.\u00a0<\/span><\/p>\n<h2><strong>Zop\u00e1r tipov na spr\u00e1vny detox<\/strong><\/h2>\n<p><span style=\"font-weight: 400;\">P\u00f4st je jedn\u00fdm zo z\u00e1kladn\u00fdch prvkov o\u010disty tela. M\u00f4\u017ee \u00eds\u0165 o \u00faplne vynechanie jedla napr\u00edklad na 24 hod\u00edn, alebo bude sta\u010di\u0165 na nieko\u013eko dn\u00ed zaradi\u0165 \u013eahk\u00fa stravu, a to hlavne ovocie a zeleninu. <strong>S\u00fa\u010das\u0165ou p\u00f4stu je aj zv\u00fd\u0161enie mno\u017estva tekut\u00edn, a to hlavne vody alebo nesladen\u00fdch \u010dajov.\u00a0<\/strong><\/span><\/p>\n<p><span style=\"font-weight: 400;\">Dobr\u00e9 je zaradi\u0165 aj v\u00fd\u017eivov\u00e9 doplnky na detoxik\u00e1ciu, ako s\u00fa antioxidanty. Medzi ne patr\u00ed vitam\u00edn C a E, betakarot\u00e9n, sel\u00e9n a podobne. Nezabudnite zaradi\u0165 kvalitn\u00fd a pravideln\u00fd sp\u00e1nok. Ten by mal trva\u0165 aspo\u0148 sedem hod\u00edn, aby telo spr\u00e1vne regenerovalo.\u00a0\u00a0\u00a0<\/span><\/p>\n<h2><strong>Je pohyb vhodn\u00fd pri detoxe?<\/strong><\/h2>\n<p><span style=\"font-weight: 400;\">Ur\u010dite \u00e1no. Po\u010das zimy m\u00e1 telo menej pohybu a pr\u00e1ve pohyb je jedn\u00fdm z faktorov, ktor\u00e9 napom\u00e1haj\u00fa telo o\u010dis\u0165ova\u0165. A tak na jar doprajte telu pohyb na \u010derstvom vzduchu. <strong>Do svojej dennej rutiny zara\u010fte prech\u00e1dzky, \u010di ch\u00f4dzu do pr\u00e1ce.<\/strong> Za\u010dnite beh\u00e1va\u0165, k\u00fapte si permanentku do fitka, alebo vytiahnite bicykel z gar\u00e1\u017ee. Po\u010das pohybu sa aktivuje \u010dinnos\u0165 lymfatick\u00e9ho syst\u00e9mu a zv\u00fd\u0161i sa vylu\u010dovanie tox\u00ednov.\u00a0<\/span><\/p>\n<h2><strong>Pre\u010do pr\u00e1ve cyklistika?<\/strong><\/h2>\n<p><span style=\"font-weight: 400;\">Ako viete, cyklistika je \u0161port vhodn\u00fd pre v\u0161etky vekov\u00e9 kateg\u00f3rie, preto\u017ee pr\u00edli\u0161 neza\u0165a\u017euje k\u013aby, a to v porovnan\u00ed s behom naozaj v\u00fdrazne.<strong> Okrem toho zlep\u0161uje rovnov\u00e1hu, dr\u017eanie tela a celkov\u00fa koordin\u00e1ciu.<\/strong> Pom\u00e1ha schudn\u00fa\u0165, zvy\u0161uje kond\u00edciu a silu a zlep\u0161uje sp\u00e1nok. V neposlednom rade spozn\u00e1te \u0161irok\u00e9 okolie, preto\u017ee narozdiel od behu na bicykli prejdete ove\u013ea viac kilometrov a uvid\u00edte toho ove\u013ea viac.\u00a0<\/span><\/p>\n<p><span style=\"font-weight: 400;\">Detoxu sa nebojte a ur\u010dite ho vysk\u00fa\u0161ajte. Va\u0161e telo sa v\u00e1m po\u010fakuje a vy ocen\u00edte, ako dobre sa po \u0148om budete c\u00edti\u0165. Budete ma\u0165 chu\u0165 znovu sadn\u00fa\u0165 na bicykel a vyrazi\u0165 do \u0161irok\u00e9ho okolia. A aj va\u0161e \u0161portov\u00e9 v\u00fdkony sa v\u00fdrazne zlep\u0161ia, lebo telo nebude za\u0165a\u017een\u00e9 odb\u00faravan\u00edm \u0161kodliv\u00edn a tox\u00ednov.\u00a0<\/span><\/p>\n","protected":false},"excerpt":{"rendered":"<p>Po zime je na\u0161e telo vy\u010derpan\u00e9 nielen fyzicky, ale aj psychicky. N\u00e1ro\u010dn\u00e9 zimn\u00e9 podmienky dali telu zabra\u0165, nedostatok svetla a [&hellip;]<\/p>\n","protected":false},"author":172,"featured_media":20388,"comment_status":"closed","ping_status":"closed","sticky":false,"template":"","format":"standard","meta":{"footnotes":""},"categories":[2],"tags":[619,115,546,1646,1379,180,417,532,767,931,739,1533,568,1141,161,623,317],"global-categories":[1074],"class_list":["post-20386","post","type-post","status-publish","format-standard","has-post-thumbnail","hentry","category-zdravie-trening","tag-bicyklovanie","tag-cestna-cyklistika","tag-cyklistika","tag-detox","tag-dusevne-zdravie","tag-horska-cyklistika","tag-jar","tag-jazdenie","tag-motivacia","tag-odporucame","tag-pohyb","tag-priroda","tag-slnko","tag-telo","tag-zdravie","tag-zdravy-zivotny-styl","tag-zima","global-categories-cycling"],"yoast_head":"<!-- This site is optimized with the Yoast SEO Premium plugin v25.3 (Yoast SEO v25.9) - https:\/\/yoast.com\/wordpress\/plugins\/seo\/ -->\n<title>Cyklistika ako jarn\u00fd detox: \u010do sa deje s telom po zime<\/title>\n<meta name=\"description\" content=\"Po zime je na\u0161e telo vy\u010derpan\u00e9. Ak mu chceme pom\u00f4c\u0165 zbavi\u0165 sa \u00fanavy a zlep\u0161i\u0165 svoje pocity, cyklistika je skvelou vo\u013ebou na jarn\u00fd detox.\" \/>\n<meta name=\"robots\" content=\"index, follow, max-snippet:-1, max-image-preview:large, max-video-preview:-1\" \/>\n<link rel=\"canonical\" href=\"https:\/\/www.welovecycling.com\/sk\/2025\/05\/18\/cyklistika-ako-jarny-detox-co-sa-deje-s-telom-po-zime\/\" \/>\n<meta property=\"og:locale\" content=\"sk_SK\" \/>\n<meta property=\"og:type\" content=\"article\" \/>\n<meta property=\"og:title\" content=\"Cyklistika ako forma jarn\u00e9ho detoxu: \u010do sa deje s telom po zime\" \/>\n<meta property=\"og:description\" content=\"Po zime je na\u0161e telo vy\u010derpan\u00e9. Ak mu chceme pom\u00f4c\u0165 zbavi\u0165 sa \u00fanavy a zlep\u0161i\u0165 svoje pocity, cyklistika je skvelou vo\u013ebou na jarn\u00fd detox.\" \/>\n<meta property=\"og:url\" content=\"https:\/\/www.welovecycling.com\/sk\/2025\/05\/18\/cyklistika-ako-jarny-detox-co-sa-deje-s-telom-po-zime\/\" \/>\n<meta property=\"og:site_name\" content=\"\u0160koda We Love Cycling Slovensko\" \/>\n<meta property=\"article:published_time\" content=\"2025-05-18T08:00:06+00:00\" \/>\n<meta property=\"og:image\" content=\"https:\/\/d2p6e6u75xmxt8.cloudfront.net\/4\/2025\/05\/titulka-2.webp\" \/>\n\t<meta property=\"og:image:width\" content=\"990\" \/>\n\t<meta property=\"og:image:height\" content=\"660\" \/>\n\t<meta property=\"og:image:type\" content=\"image\/webp\" \/>\n<meta name=\"author\" content=\"dominika\" \/>\n<meta name=\"twitter:card\" content=\"summary_large_image\" \/>\n<meta name=\"twitter:label1\" content=\"Written by\" \/>\n\t<meta name=\"twitter:data1\" content=\"Radovan Vr\u0161ka\" \/>\n\t<meta name=\"twitter:label2\" content=\"Est. reading time\" \/>\n\t<meta name=\"twitter:data2\" content=\"2\" \/>\n<script type=\"application\/ld+json\" class=\"yoast-schema-graph\">{\"@context\":\"https:\/\/schema.org\",\"@graph\":[{\"@type\":\"WebPage\",\"@id\":\"https:\/\/www.welovecycling.com\/sk\/2025\/05\/18\/cyklistika-ako-jarny-detox-co-sa-deje-s-telom-po-zime\/\",\"url\":\"https:\/\/www.welovecycling.com\/sk\/2025\/05\/18\/cyklistika-ako-jarny-detox-co-sa-deje-s-telom-po-zime\/\",\"name\":\"Cyklistika ako jarn\u00fd detox: \u010do sa deje s telom po zime\",\"isPartOf\":{\"@id\":\"https:\/\/www.welovecycling.com\/sk\/#website\"},\"primaryImageOfPage\":{\"@id\":\"https:\/\/www.welovecycling.com\/sk\/2025\/05\/18\/cyklistika-ako-jarny-detox-co-sa-deje-s-telom-po-zime\/#primaryimage\"},\"image\":{\"@id\":\"https:\/\/www.welovecycling.com\/sk\/2025\/05\/18\/cyklistika-ako-jarny-detox-co-sa-deje-s-telom-po-zime\/#primaryimage\"},\"thumbnailUrl\":\"https:\/\/d2p6e6u75xmxt8.cloudfront.net\/4\/2025\/05\/titulka-2.webp\",\"datePublished\":\"2025-05-18T08:00:06+00:00\",\"author\":{\"@id\":\"https:\/\/www.welovecycling.com\/sk\/#\/schema\/person\/533b62b98b6c41bd5135ebfb1f742624\"},\"description\":\"Po zime je na\u0161e telo vy\u010derpan\u00e9. Ak mu chceme pom\u00f4c\u0165 zbavi\u0165 sa \u00fanavy a zlep\u0161i\u0165 svoje pocity, cyklistika je skvelou vo\u013ebou na jarn\u00fd detox.\",\"breadcrumb\":{\"@id\":\"https:\/\/www.welovecycling.com\/sk\/2025\/05\/18\/cyklistika-ako-jarny-detox-co-sa-deje-s-telom-po-zime\/#breadcrumb\"},\"inLanguage\":\"sk-SK\",\"potentialAction\":[{\"@type\":\"ReadAction\",\"target\":[\"https:\/\/www.welovecycling.com\/sk\/2025\/05\/18\/cyklistika-ako-jarny-detox-co-sa-deje-s-telom-po-zime\/\"]}]},{\"@type\":\"ImageObject\",\"inLanguage\":\"sk-SK\",\"@id\":\"https:\/\/www.welovecycling.com\/sk\/2025\/05\/18\/cyklistika-ako-jarny-detox-co-sa-deje-s-telom-po-zime\/#primaryimage\",\"url\":\"https:\/\/d2p6e6u75xmxt8.cloudfront.net\/4\/2025\/05\/titulka-2.webp\",\"contentUrl\":\"https:\/\/d2p6e6u75xmxt8.cloudfront.net\/4\/2025\/05\/titulka-2.webp\",\"width\":990,\"height\":660},{\"@type\":\"BreadcrumbList\",\"@id\":\"https:\/\/www.welovecycling.com\/sk\/2025\/05\/18\/cyklistika-ako-jarny-detox-co-sa-deje-s-telom-po-zime\/#breadcrumb\",\"itemListElement\":[{\"@type\":\"ListItem\",\"position\":1,\"name\":\"Home\",\"item\":\"https:\/\/www.welovecycling.com\/sk\/\"},{\"@type\":\"ListItem\",\"position\":2,\"name\":\"Cyklistika ako forma jarn\u00e9ho detoxu: \u010do sa deje s telom po zime\"}]},{\"@type\":\"WebSite\",\"@id\":\"https:\/\/www.welovecycling.com\/sk\/#website\",\"url\":\"https:\/\/www.welovecycling.com\/sk\/\",\"name\":\"\u0160koda We Love Cycling Slovensko\",\"description\":\"\u0160koda We Love Cycling Slovensko je v\u00e1\u0161 ka\u017edodenn\u00fd zdroj noviniek a in\u0161pir\u00e1cie z sveta cyklistiky\",\"potentialAction\":[{\"@type\":\"SearchAction\",\"target\":{\"@type\":\"EntryPoint\",\"urlTemplate\":\"https:\/\/www.welovecycling.com\/sk\/?s={search_term_string}\"},\"query-input\":{\"@type\":\"PropertyValueSpecification\",\"valueRequired\":true,\"valueName\":\"search_term_string\"}}],\"inLanguage\":\"sk-SK\"},{\"@type\":\"Person\",\"@id\":\"https:\/\/www.welovecycling.com\/sk\/#\/schema\/person\/533b62b98b6c41bd5135ebfb1f742624\",\"name\":\"dominika\",\"image\":{\"@type\":\"ImageObject\",\"inLanguage\":\"sk-SK\",\"@id\":\"https:\/\/www.welovecycling.com\/sk\/#\/schema\/person\/image\/\",\"url\":\"https:\/\/secure.gravatar.com\/avatar\/ded6f274ba2ec3e17fff153f7d9d96a4b33c2cb63907f75d9a5309c599a7f3e6?s=96&d=mm&r=g\",\"contentUrl\":\"https:\/\/secure.gravatar.com\/avatar\/ded6f274ba2ec3e17fff153f7d9d96a4b33c2cb63907f75d9a5309c599a7f3e6?s=96&d=mm&r=g\",\"caption\":\"dominika\"},\"url\":\"https:\/\/www.welovecycling.com\/sk\/author\/dominika\/\"}]}<\/script>\n<!-- \/ Yoast SEO Premium plugin. -->","yoast_head_json":{"title":"Cyklistika ako jarn\u00fd detox: \u010do sa deje s telom po zime","description":"Po zime je na\u0161e telo vy\u010derpan\u00e9. Ak mu chceme pom\u00f4c\u0165 zbavi\u0165 sa \u00fanavy a zlep\u0161i\u0165 svoje pocity, cyklistika je skvelou vo\u013ebou na jarn\u00fd detox.","robots":{"index":"index","follow":"follow","max-snippet":"max-snippet:-1","max-image-preview":"max-image-preview:large","max-video-preview":"max-video-preview:-1"},"canonical":"https:\/\/www.welovecycling.com\/sk\/2025\/05\/18\/cyklistika-ako-jarny-detox-co-sa-deje-s-telom-po-zime\/","og_locale":"sk_SK","og_type":"article","og_title":"Cyklistika ako forma jarn\u00e9ho detoxu: \u010do sa deje s telom po zime","og_description":"Po zime je na\u0161e telo vy\u010derpan\u00e9. Ak mu chceme pom\u00f4c\u0165 zbavi\u0165 sa \u00fanavy a zlep\u0161i\u0165 svoje pocity, cyklistika je skvelou vo\u013ebou na jarn\u00fd detox.","og_url":"https:\/\/www.welovecycling.com\/sk\/2025\/05\/18\/cyklistika-ako-jarny-detox-co-sa-deje-s-telom-po-zime\/","og_site_name":"\u0160koda We Love Cycling Slovensko","article_published_time":"2025-05-18T08:00:06+00:00","og_image":[{"width":990,"height":660,"url":"https:\/\/d2p6e6u75xmxt8.cloudfront.net\/4\/2025\/05\/titulka-2.webp","type":"image\/webp"}],"author":"dominika","twitter_card":"summary_large_image","twitter_misc":{"Written by":"Radovan Vr\u0161ka","Est. reading time":"2"},"schema":{"@context":"https:\/\/schema.org","@graph":[{"@type":"WebPage","@id":"https:\/\/www.welovecycling.com\/sk\/2025\/05\/18\/cyklistika-ako-jarny-detox-co-sa-deje-s-telom-po-zime\/","url":"https:\/\/www.welovecycling.com\/sk\/2025\/05\/18\/cyklistika-ako-jarny-detox-co-sa-deje-s-telom-po-zime\/","name":"Cyklistika ako jarn\u00fd detox: \u010do sa deje s telom po zime","isPartOf":{"@id":"https:\/\/www.welovecycling.com\/sk\/#website"},"primaryImageOfPage":{"@id":"https:\/\/www.welovecycling.com\/sk\/2025\/05\/18\/cyklistika-ako-jarny-detox-co-sa-deje-s-telom-po-zime\/#primaryimage"},"image":{"@id":"https:\/\/www.welovecycling.com\/sk\/2025\/05\/18\/cyklistika-ako-jarny-detox-co-sa-deje-s-telom-po-zime\/#primaryimage"},"thumbnailUrl":"https:\/\/d2p6e6u75xmxt8.cloudfront.net\/4\/2025\/05\/titulka-2.webp","datePublished":"2025-05-18T08:00:06+00:00","author":{"@id":"https:\/\/www.welovecycling.com\/sk\/#\/schema\/person\/533b62b98b6c41bd5135ebfb1f742624"},"description":"Po zime je na\u0161e telo vy\u010derpan\u00e9. Ak mu chceme pom\u00f4c\u0165 zbavi\u0165 sa \u00fanavy a zlep\u0161i\u0165 svoje pocity, cyklistika je skvelou vo\u013ebou na jarn\u00fd detox.","breadcrumb":{"@id":"https:\/\/www.welovecycling.com\/sk\/2025\/05\/18\/cyklistika-ako-jarny-detox-co-sa-deje-s-telom-po-zime\/#breadcrumb"},"inLanguage":"sk-SK","potentialAction":[{"@type":"ReadAction","target":["https:\/\/www.welovecycling.com\/sk\/2025\/05\/18\/cyklistika-ako-jarny-detox-co-sa-deje-s-telom-po-zime\/"]}]},{"@type":"ImageObject","inLanguage":"sk-SK","@id":"https:\/\/www.welovecycling.com\/sk\/2025\/05\/18\/cyklistika-ako-jarny-detox-co-sa-deje-s-telom-po-zime\/#primaryimage","url":"https:\/\/d2p6e6u75xmxt8.cloudfront.net\/4\/2025\/05\/titulka-2.webp","contentUrl":"https:\/\/d2p6e6u75xmxt8.cloudfront.net\/4\/2025\/05\/titulka-2.webp","width":990,"height":660},{"@type":"BreadcrumbList","@id":"https:\/\/www.welovecycling.com\/sk\/2025\/05\/18\/cyklistika-ako-jarny-detox-co-sa-deje-s-telom-po-zime\/#breadcrumb","itemListElement":[{"@type":"ListItem","position":1,"name":"Home","item":"https:\/\/www.welovecycling.com\/sk\/"},{"@type":"ListItem","position":2,"name":"Cyklistika ako forma jarn\u00e9ho detoxu: \u010do sa deje s telom po zime"}]},{"@type":"WebSite","@id":"https:\/\/www.welovecycling.com\/sk\/#website","url":"https:\/\/www.welovecycling.com\/sk\/","name":"\u0160koda We Love Cycling Slovensko","description":"\u0160koda We Love Cycling Slovensko je v\u00e1\u0161 ka\u017edodenn\u00fd zdroj noviniek a in\u0161pir\u00e1cie z sveta cyklistiky","potentialAction":[{"@type":"SearchAction","target":{"@type":"EntryPoint","urlTemplate":"https:\/\/www.welovecycling.com\/sk\/?s={search_term_string}"},"query-input":{"@type":"PropertyValueSpecification","valueRequired":true,"valueName":"search_term_string"}}],"inLanguage":"sk-SK"},{"@type":"Person","@id":"https:\/\/www.welovecycling.com\/sk\/#\/schema\/person\/533b62b98b6c41bd5135ebfb1f742624","name":"dominika","image":{"@type":"ImageObject","inLanguage":"sk-SK","@id":"https:\/\/www.welovecycling.com\/sk\/#\/schema\/person\/image\/","url":"https:\/\/secure.gravatar.com\/avatar\/ded6f274ba2ec3e17fff153f7d9d96a4b33c2cb63907f75d9a5309c599a7f3e6?s=96&d=mm&r=g","contentUrl":"https:\/\/secure.gravatar.com\/avatar\/ded6f274ba2ec3e17fff153f7d9d96a4b33c2cb63907f75d9a5309c599a7f3e6?s=96&d=mm&r=g","caption":"dominika"},"url":"https:\/\/www.welovecycling.com\/sk\/author\/dominika\/"}]}},"_links":{"self":[{"href":"https:\/\/www.welovecycling.com\/sk\/wp-json\/wp\/v2\/posts\/20386","targetHints":{"allow":["GET"]}}],"collection":[{"href":"https:\/\/www.welovecycling.com\/sk\/wp-json\/wp\/v2\/posts"}],"about":[{"href":"https:\/\/www.welovecycling.com\/sk\/wp-json\/wp\/v2\/types\/post"}],"author":[{"embeddable":true,"href":"https:\/\/www.welovecycling.com\/sk\/wp-json\/wp\/v2\/users\/172"}],"replies":[{"embeddable":true,"href":"https:\/\/www.welovecycling.com\/sk\/wp-json\/wp\/v2\/comments?post=20386"}],"version-history":[{"count":1,"href":"https:\/\/www.welovecycling.com\/sk\/wp-json\/wp\/v2\/posts\/20386\/revisions"}],"predecessor-version":[{"id":20387,"href":"https:\/\/www.welovecycling.com\/sk\/wp-json\/wp\/v2\/posts\/20386\/revisions\/20387"}],"wp:featuredmedia":[{"embeddable":true,"href":"https:\/\/www.welovecycling.com\/sk\/wp-json\/wp\/v2\/media\/20388"}],"wp:attachment":[{"href":"https:\/\/www.welovecycling.com\/sk\/wp-json\/wp\/v2\/media?parent=20386"}],"wp:term":[{"taxonomy":"category","embeddable":true,"href":"https:\/\/www.welovecycling.com\/sk\/wp-json\/wp\/v2\/categories?post=20386"},{"taxonomy":"post_tag","embeddable":true,"href":"https:\/\/www.welovecycling.com\/sk\/wp-json\/wp\/v2\/tags?post=20386"},{"taxonomy":"global-categories","embeddable":true,"href":"https:\/\/www.welovecycling.com\/sk\/wp-json\/wp\/v2\/global-categories?post=20386"}],"curies":[{"name":"wp","href":"https:\/\/api.w.org\/{rel}","templated":true}]}}