{"id":20371,"date":"2025-05-16T09:15:21","date_gmt":"2025-05-16T07:15:21","guid":{"rendered":"https:\/\/www.welovecycling.com\/sk\/?p=20371"},"modified":"2025-05-16T09:19:07","modified_gmt":"2025-05-16T07:19:07","slug":"z-bratislavy-do-zimy-letape-poland-so-skodou-karoq","status":"publish","type":"post","link":"https:\/\/www.welovecycling.com\/sk\/2025\/05\/16\/z-bratislavy-do-zimy-letape-poland-so-skodou-karoq\/","title":{"rendered":"Z Bratislavy do zimy: L\u2019\u00c9tape Poland so \u0160kodou Karoq"},"content":{"rendered":"<p><strong>\u010eal\u0161ia krajina, \u010fal\u0161ie preteky, \u010fal\u0161\u00ed z\u00e1\u017eitok. Po L\u2019\u00c9tape by Tour de France na Slovensku, v \u010cesku a Portugalsku pri\u0161iel rad na Po\u013esko \u2013 konkr\u00e9tne prv\u00fd ro\u010dn\u00edk L\u2019\u00c9tape Poland v Zakopanom. Netu\u0161ila som v\u0161ak, \u017ee m\u00e1jov\u00fd v\u00edkend sa zmen\u00ed sk\u00f4r na zimn\u00fa v\u00fdzvu ne\u017e jarn\u00fa cyklojazdu.<\/strong><!--more--><\/p>\n<h2><strong>Cesta, ktor\u00e1 bola s\u00fa\u010das\u0165ou z\u00e1\u017eitku<\/strong><\/h2>\n<p><span style=\"font-weight: 400;\">Do Zakopan\u00e9ho som vyrazila so \u0160kodou Karoq, ktor\u00e1 bola moj\u00edm spo\u013eahliv\u00fdm par\u0165\u00e1kom na cel\u00fd v\u00fdlet. Cesta cez malebn\u00e9 dedinky, horsk\u00e9 priechody a tich\u00e9 vidiecke \u00faseky bola doslova pohladen\u00edm na du\u0161i. <strong>U\u017e len samotn\u00e1 jazda bola skvel\u00fdm za\u010diatkom v\u00fdletu.<\/strong> V\u010faka pohodliu v aute som si mohla u\u017e\u00edva\u0165 v\u00fdh\u013eady a necha\u0165 sa naladi\u0165 na preteky \u2013 hoci som e\u0161te netu\u0161ila, ak\u00e9 zimn\u00e9 prekvapenie na n\u00e1s \u010dak\u00e1 v Zakopanom.\u00a0<\/span><\/p>\n<div id='gallery-1' class='gallery galleryid-20371 gallery-columns-2 gallery-size-full'><figure class='gallery-item'>\n\t\t\t<div class='gallery-icon landscape'>\n\t\t\t\t<a href='https:\/\/d2p6e6u75xmxt8.cloudfront.net\/4\/2025\/05\/04.webp'><img loading=\"lazy\" decoding=\"async\" width=\"990\" height=\"660\" src=\"https:\/\/d2p6e6u75xmxt8.cloudfront.net\/4\/2025\/05\/04.webp\" class=\"attachment-full size-full\" alt=\"\" srcset=\"https:\/\/d2p6e6u75xmxt8.cloudfront.net\/4\/2025\/05\/04.webp 990w, https:\/\/d2p6e6u75xmxt8.cloudfront.net\/4\/2025\/05\/04-300x200.webp 300w, https:\/\/d2p6e6u75xmxt8.cloudfront.net\/4\/2025\/05\/04-768x512.webp 768w, https:\/\/d2p6e6u75xmxt8.cloudfront.net\/4\/2025\/05\/04-400x267.webp 400w, https:\/\/d2p6e6u75xmxt8.cloudfront.net\/4\/2025\/05\/04-272x182.webp 272w\" sizes=\"auto, (max-width: 990px) 100vw, 990px\" \/><\/a>\n\t\t\t<\/div><\/figure><figure class='gallery-item'>\n\t\t\t<div class='gallery-icon landscape'>\n\t\t\t\t<a href='https:\/\/d2p6e6u75xmxt8.cloudfront.net\/4\/2025\/05\/IMG_1737.webp'><img loading=\"lazy\" decoding=\"async\" width=\"990\" height=\"660\" src=\"https:\/\/d2p6e6u75xmxt8.cloudfront.net\/4\/2025\/05\/IMG_1737.webp\" class=\"attachment-full size-full\" alt=\"\" srcset=\"https:\/\/d2p6e6u75xmxt8.cloudfront.net\/4\/2025\/05\/IMG_1737.webp 990w, https:\/\/d2p6e6u75xmxt8.cloudfront.net\/4\/2025\/05\/IMG_1737-300x200.webp 300w, https:\/\/d2p6e6u75xmxt8.cloudfront.net\/4\/2025\/05\/IMG_1737-768x512.webp 768w, https:\/\/d2p6e6u75xmxt8.cloudfront.net\/4\/2025\/05\/IMG_1737-400x267.webp 400w, https:\/\/d2p6e6u75xmxt8.cloudfront.net\/4\/2025\/05\/IMG_1737-272x182.webp 272w\" sizes=\"auto, (max-width: 990px) 100vw, 990px\" \/><\/a>\n\t\t\t<\/div><\/figure>\n\t\t<\/div>\n\n<h2><strong>Dve bohyne, jedna tra\u0165 (skoro)<\/strong><\/h2>\n<p><span style=\"font-weight: 400;\">Na t\u00fato akciu sme sa vybrali dve \u2013 h\u00e1ji\u0165 farby Bratislavsk\u00fdch boh\u00fd\u0148. Cie\u013e bol jednoduch\u00fd: reprezentova\u0165, u\u017ei\u0165 si atmosf\u00e9ru a otestova\u0165 sam\u00e9 seba. K\u00fdm ja som u\u017e doma za\u010dala ma\u0165 dilemu, \u010di m\u00e1m vlastne vhodn\u00e9 cyklistick\u00e9 oble\u010denie na teploty, ktor\u00e9 ukazuje predpove\u010f po\u010dasia, moja par\u0165\u00e1\u010dka Hela i\u0161la naplno od za\u010diatku.\u00a0<\/span><\/p>\n<p><span style=\"font-weight: 400;\"><strong>Zakopan\u00e9 n\u00e1s priv\u00edtalo s teplotami, ktor\u00e9 pripom\u00ednali sk\u00f4r marec ne\u017e polovicu m\u00e1ja.<\/strong> Tri dni \u2013 a ani raz nad 8 stup\u0148ov. Dve tr\u00e9ningov\u00e9 jazdy v 6 stup\u0148och boli pre m\u0148a sk\u00f4r ment\u00e1lnou, ako \u0161portovou sk\u00fa\u0161kou. Jazd\u00edm vonku, a\u017e ke\u010f je aspo\u0148 12 stup\u0148ov. Nie som zvyknut\u00e1 na zimu, nevyh\u013ead\u00e1vam extr\u00e9my a chlad jednoducho nie je moja \u0161\u00e1lka k\u00e1vy.<\/span><\/p>\n<blockquote class=\"instagram-media\" style=\"background: #FFF; border: 0; border-radius: 3px; box-shadow: 0 0 1px 0 rgba(0,0,0,0.5),0 1px 10px 0 rgba(0,0,0,0.15); margin: 1px; max-width: 540px; min-width: 326px; padding: 0; width: calc(100% - 2px);\" data-instgrm-permalink=\"https:\/\/www.instagram.com\/p\/DJoi7AbqW6L\/?img_index=9?utm_source=ig_embed&amp;utm_campaign=loading\" data-instgrm-version=\"14\">\n<div style=\"padding: 16px;\">\n<p>&nbsp;<\/p>\n<div style=\"display: flex; flex-direction: row; align-items: center;\">\n<div style=\"background-color: #f4f4f4; border-radius: 50%; flex-grow: 0; height: 40px; margin-right: 14px; width: 40px;\"><\/div>\n<div style=\"display: flex; flex-direction: column; flex-grow: 1; justify-content: center;\">\n<div style=\"background-color: #f4f4f4; border-radius: 4px; flex-grow: 0; height: 14px; margin-bottom: 6px; width: 100px;\"><\/div>\n<div style=\"background-color: #f4f4f4; border-radius: 4px; flex-grow: 0; height: 14px; width: 60px;\"><\/div>\n<\/div>\n<\/div>\n<div style=\"padding: 19% 0;\"><\/div>\n<div style=\"display: block; height: 50px; margin: 0 auto 12px; width: 50px;\"><\/div>\n<div style=\"padding-top: 8px;\">\n<div style=\"color: #3897f0; font-family: Arial,sans-serif; font-size: 14px; font-style: normal; font-weight: 550; line-height: 18px;\">Zobrazi\u0165 tento pr\u00edspevok na Instagrame<\/div>\n<\/div>\n<div style=\"padding: 12.5% 0;\"><\/div>\n<div style=\"display: flex; flex-direction: row; margin-bottom: 14px; align-items: center;\">\n<div>\n<div style=\"background-color: #f4f4f4; border-radius: 50%; height: 12.5px; width: 12.5px; transform: translateX(0px) translateY(7px);\"><\/div>\n<div style=\"background-color: #f4f4f4; height: 12.5px; transform: rotate(-45deg) translateX(3px) translateY(1px); width: 12.5px; flex-grow: 0; margin-right: 14px; margin-left: 2px;\"><\/div>\n<div style=\"background-color: #f4f4f4; border-radius: 50%; height: 12.5px; width: 12.5px; transform: translateX(9px) translateY(-18px);\"><\/div>\n<\/div>\n<div style=\"margin-left: 8px;\">\n<div style=\"background-color: #f4f4f4; border-radius: 50%; flex-grow: 0; height: 20px; width: 20px;\"><\/div>\n<div style=\"width: 0; height: 0; border-top: 2px solid transparent; border-left: 6px solid #f4f4f4; border-bottom: 2px solid transparent; transform: translateX(16px) translateY(-4px) rotate(30deg);\"><\/div>\n<\/div>\n<div style=\"margin-left: auto;\">\n<div style=\"width: 0px; border-top: 8px solid #F4F4F4; border-right: 8px solid transparent; transform: translateY(16px);\"><\/div>\n<div style=\"background-color: #f4f4f4; flex-grow: 0; height: 12px; width: 16px; transform: translateY(-4px);\"><\/div>\n<div style=\"width: 0; height: 0; border-top: 8px solid #F4F4F4; border-left: 8px solid transparent; transform: translateY(-4px) translateX(8px);\"><\/div>\n<\/div>\n<\/div>\n<div style=\"display: flex; flex-direction: column; flex-grow: 1; justify-content: center; margin-bottom: 24px;\">\n<div style=\"background-color: #f4f4f4; border-radius: 4px; flex-grow: 0; height: 14px; margin-bottom: 6px; width: 224px;\"><\/div>\n<div style=\"background-color: #f4f4f4; border-radius: 4px; flex-grow: 0; height: 14px; width: 144px;\"><\/div>\n<\/div>\n<p>&nbsp;<\/p>\n<p style=\"color: #c9c8cd; font-family: Arial,sans-serif; font-size: 14px; line-height: 17px; margin-bottom: 0; margin-top: 8px; overflow: hidden; padding: 8px 0 7px; text-align: center; text-overflow: ellipsis; white-space: nowrap;\"><a style=\"color: #c9c8cd; font-family: Arial,sans-serif; font-size: 14px; font-style: normal; font-weight: normal; line-height: 17px; text-decoration: none;\" href=\"https:\/\/www.instagram.com\/p\/DJoi7AbqW6L\/?utm_source=ig_embed&amp;utm_campaign=loading\" target=\"_blank\" rel=\"noopener\">Pr\u00edspevok, ktor\u00fd zdie\u013ea \ud835\uddd4\ud835\udddf\ud835\uddd8\ud835\uddeb\ud835\uddd4\ud835\udde1\ud835\uddd7\ud835\udde5\ud835\uddd4 \ud83c\uddf8\ud83c\uddf0 (@sasa.karnik)<\/a><\/p>\n<\/div>\n<\/blockquote>\n<p><script async src=\"\/\/www.instagram.com\/embed.js\"><\/script><\/p>\n<p><span style=\"font-weight: 400;\">T\u00fd\u017ede\u0148 pred pretekmi som jazdila na Gran Canarii v teplot\u00e1ch okolo 30 stup\u0148ov, <strong>moje telo v\u00f4bec nech\u00e1palo tieto zmeny stup\u0148ov hore-dole o 20 stup\u0148ov Celzia.<\/strong> \ud83e\udd76<\/span><\/p>\n<h2><strong>Rozhodnutie, ktor\u00e9 ne\u013eutujem<\/strong><\/h2>\n<p><span style=\"font-weight: 400;\">V de\u0148 pretekov n\u00e1s \u010dakala teplota 2 stupne a mokr\u00e9 cesty. <strong>Po \u00faprimnej debate samej so sebou som sa rozhodla, \u017ee tento raz neod\u0161tartujem.<\/strong> Niekto by povedal, \u017ee som slab\u00fd kus. Ja si v\u0161ak stoj\u00edm za t\u00fdm, \u017ee cyklistika je o radosti, nie o bolesti za ka\u017ed\u00fa cenu. Nie v\u017edy treba dok\u00e1za\u0165 silu t\u00fdm, \u017ee prekon\u00e1m v\u0161etko. Niekedy je to pr\u00e1ve o tom vedie\u0165, kedy poveda\u0165 nie.<\/span><\/p>\n<blockquote class=\"instagram-media\" style=\"background: #FFF; border: 0; border-radius: 3px; box-shadow: 0 0 1px 0 rgba(0,0,0,0.5),0 1px 10px 0 rgba(0,0,0,0.15); margin: 1px; max-width: 540px; min-width: 326px; padding: 0; width: calc(100% - 2px);\" data-instgrm-permalink=\"https:\/\/www.instagram.com\/p\/DJfFjKNOco-\/?utm_source=ig_embed&amp;utm_campaign=loading\" data-instgrm-version=\"14\">\n<div style=\"padding: 16px;\">\n<p>&nbsp;<\/p>\n<div style=\"display: flex; flex-direction: row; align-items: center;\">\n<div style=\"background-color: #f4f4f4; border-radius: 50%; flex-grow: 0; height: 40px; margin-right: 14px; width: 40px;\"><\/div>\n<div style=\"display: flex; flex-direction: column; flex-grow: 1; justify-content: center;\">\n<div style=\"background-color: #f4f4f4; border-radius: 4px; flex-grow: 0; height: 14px; margin-bottom: 6px; width: 100px;\"><\/div>\n<div style=\"background-color: #f4f4f4; border-radius: 4px; flex-grow: 0; height: 14px; width: 60px;\"><\/div>\n<\/div>\n<\/div>\n<div style=\"padding: 19% 0;\"><\/div>\n<div style=\"display: block; height: 50px; margin: 0 auto 12px; width: 50px;\"><\/div>\n<div style=\"padding-top: 8px;\">\n<div style=\"color: #3897f0; font-family: Arial,sans-serif; font-size: 14px; font-style: normal; font-weight: 550; line-height: 18px;\">Zobrazi\u0165 tento pr\u00edspevok na Instagrame<\/div>\n<\/div>\n<div style=\"padding: 12.5% 0;\"><\/div>\n<div style=\"display: flex; flex-direction: row; margin-bottom: 14px; align-items: center;\">\n<div>\n<div style=\"background-color: #f4f4f4; border-radius: 50%; height: 12.5px; width: 12.5px; transform: translateX(0px) translateY(7px);\"><\/div>\n<div style=\"background-color: #f4f4f4; height: 12.5px; transform: rotate(-45deg) translateX(3px) translateY(1px); width: 12.5px; flex-grow: 0; margin-right: 14px; margin-left: 2px;\"><\/div>\n<div style=\"background-color: #f4f4f4; border-radius: 50%; height: 12.5px; width: 12.5px; transform: translateX(9px) translateY(-18px);\"><\/div>\n<\/div>\n<div style=\"margin-left: 8px;\">\n<div style=\"background-color: #f4f4f4; border-radius: 50%; flex-grow: 0; height: 20px; width: 20px;\"><\/div>\n<div style=\"width: 0; height: 0; border-top: 2px solid transparent; border-left: 6px solid #f4f4f4; border-bottom: 2px solid transparent; transform: translateX(16px) translateY(-4px) rotate(30deg);\"><\/div>\n<\/div>\n<div style=\"margin-left: auto;\">\n<div style=\"width: 0px; border-top: 8px solid #F4F4F4; border-right: 8px solid transparent; transform: translateY(16px);\"><\/div>\n<div style=\"background-color: #f4f4f4; flex-grow: 0; height: 12px; width: 16px; transform: translateY(-4px);\"><\/div>\n<div style=\"width: 0; height: 0; border-top: 8px solid #F4F4F4; border-left: 8px solid transparent; transform: translateY(-4px) translateX(8px);\"><\/div>\n<\/div>\n<\/div>\n<div style=\"display: flex; flex-direction: column; flex-grow: 1; justify-content: center; margin-bottom: 24px;\">\n<div style=\"background-color: #f4f4f4; border-radius: 4px; flex-grow: 0; height: 14px; margin-bottom: 6px; width: 224px;\"><\/div>\n<div style=\"background-color: #f4f4f4; border-radius: 4px; flex-grow: 0; height: 14px; width: 144px;\"><\/div>\n<\/div>\n<p>&nbsp;<\/p>\n<p style=\"color: #c9c8cd; font-family: Arial,sans-serif; font-size: 14px; line-height: 17px; margin-bottom: 0; margin-top: 8px; overflow: hidden; padding: 8px 0 7px; text-align: center; text-overflow: ellipsis; white-space: nowrap;\"><a style=\"color: #c9c8cd; font-family: Arial,sans-serif; font-size: 14px; font-style: normal; font-weight: normal; line-height: 17px; text-decoration: none;\" href=\"https:\/\/www.instagram.com\/p\/DJfFjKNOco-\/?utm_source=ig_embed&amp;utm_campaign=loading\" target=\"_blank\" rel=\"noopener\">Pr\u00edspevok, ktor\u00fd zdie\u013ea \ud835\uddd4\ud835\udddf\ud835\uddd8\ud835\uddeb\ud835\uddd4\ud835\udde1\ud835\uddd7\ud835\udde5\ud835\uddd4 \ud83c\uddf8\ud83c\uddf0 (@sasa.karnik)<\/a><\/p>\n<\/div>\n<\/blockquote>\n<p><script async src=\"\/\/www.instagram.com\/embed.js\"><\/script><\/p>\n<p><span style=\"font-weight: 400;\">Ale ja \u010fakujem Hele, \u017ee sa postavila na \u0161tart aj v t\u00fdchto zimn\u00fdch podmienkach. A v\u00fdsledok? <strong>Tretie miesto medzi \u017eenami na 45-kilometrovej trati.<\/strong> Skvel\u00fd v\u00fdkon a d\u00f4kaz, \u017ee aj v zime sa d\u00e1 poda\u0165 v\u00fdborn\u00fd v\u00fdkon \u2013 ke\u010f m\u00e1 \u010dlovek hlavu nastaven\u00fa spr\u00e1vne.<\/span><\/p>\n<figure id=\"attachment_20381\" aria-describedby=\"caption-attachment-20381\" style=\"width: 990px\" class=\"wp-caption alignnone\"><img loading=\"lazy\" decoding=\"async\" class=\"size-full wp-image-20381\" src=\"https:\/\/d2p6e6u75xmxt8.cloudfront.net\/4\/2025\/05\/Letape_poland_01.webp\" alt=\"\" width=\"990\" height=\"660\" srcset=\"https:\/\/d2p6e6u75xmxt8.cloudfront.net\/4\/2025\/05\/Letape_poland_01.webp 990w, https:\/\/d2p6e6u75xmxt8.cloudfront.net\/4\/2025\/05\/Letape_poland_01-300x200.webp 300w, https:\/\/d2p6e6u75xmxt8.cloudfront.net\/4\/2025\/05\/Letape_poland_01-768x512.webp 768w, https:\/\/d2p6e6u75xmxt8.cloudfront.net\/4\/2025\/05\/Letape_poland_01-400x267.webp 400w, https:\/\/d2p6e6u75xmxt8.cloudfront.net\/4\/2025\/05\/Letape_poland_01-272x182.webp 272w\" sizes=\"auto, (max-width: 990px) 100vw, 990px\" \/><figcaption id=\"caption-attachment-20381\" class=\"wp-caption-text\">Zdroj fotografie: Facebook L&#8217;Etape by Tour de France<\/figcaption><\/figure>\n<p><span style=\"font-weight: 400;\">Aj ke\u010f som tento raz nest\u00e1la na \u0161tarte, odniesla som si ve\u013ea \u2013 nov\u00e9 sk\u00fasenosti, re\u0161pekt k t\u00fdm, ktor\u00ed i\u0161li a chu\u0165 vr\u00e1ti\u0165 sa. L\u2019\u00c9tape Poland m\u00e1 potenci\u00e1l \u2013 skvel\u00e1 organiz\u00e1cia, n\u00e1dhern\u00e1 pr\u00edroda, v\u00fdborn\u00e9 trate. Len by to chcelo tro\u0161ku tepla navy\u0161e. Nabud\u00face si teda do kufra zbal\u00edm nielen cyklov\u00fdbavu, ale aj slnko a teplo.\u00a0<\/span><\/p>\n<p><span style=\"font-weight: 400;\">Zakopan\u00e9, \u010fakujem za lekciu. Vid\u00edme sa o rok \u2013 s tro\u0161kou slnka a bez omrzl\u00edn.<\/span><\/p>\n","protected":false},"excerpt":{"rendered":"<p>\u010eal\u0161ia krajina, \u010fal\u0161ie preteky, \u010fal\u0161\u00ed z\u00e1\u017eitok. Po L\u2019\u00c9tape by Tour de France na Slovensku, v \u010cesku a Portugalsku pri\u0161iel rad [&hellip;]<\/p>\n","protected":false},"author":172,"featured_media":20385,"comment_status":"closed","ping_status":"closed","sticky":false,"template":"","format":"standard","meta":{"footnotes":""},"categories":[118],"tags":[619,115,532,71,178,767,1120,542,1009,183,475],"global-categories":[1074],"class_list":["post-20371","post","type-post","status-publish","format-standard","has-post-thumbnail","hentry","category-zabava","tag-bicyklovanie","tag-cestna-cyklistika","tag-jazdenie","tag-letape-du-tour","tag-maraton","tag-motivacia","tag-polsko","tag-skoda","tag-skoda-auto","tag-zabava","tag-zeny","global-categories-cycling"],"yoast_head":"<!-- This site is optimized with the Yoast SEO Premium plugin v25.3 (Yoast SEO v25.9) - https:\/\/yoast.com\/wordpress\/plugins\/seo\/ -->\n<title>Z Bratislavy do zimy: L\u2019\u00c9tape Poland so \u0160kodou Karoq - \u0160koda We Love Cycling Slovensko<\/title>\n<meta name=\"description\" content=\"\u010eal\u0161ia krajina, \u010fal\u0161ie preteky, \u010fal\u0161\u00ed z\u00e1\u017eitok. Po L\u2019\u00c9tape by Tour de France na Slovensku, v \u010cesku a Portugalsku pri\u0161iel rad na Po\u013esko.\" \/>\n<meta name=\"robots\" content=\"index, follow, max-snippet:-1, max-image-preview:large, max-video-preview:-1\" \/>\n<link rel=\"canonical\" href=\"https:\/\/www.welovecycling.com\/sk\/2025\/05\/16\/z-bratislavy-do-zimy-letape-poland-so-skodou-karoq\/\" \/>\n<meta property=\"og:locale\" content=\"sk_SK\" \/>\n<meta property=\"og:type\" content=\"article\" \/>\n<meta property=\"og:title\" content=\"Z Bratislavy do zimy: L\u2019\u00c9tape Poland so \u0160kodou Karoq\" \/>\n<meta property=\"og:description\" content=\"\u010eal\u0161ia krajina, \u010fal\u0161ie preteky, \u010fal\u0161\u00ed z\u00e1\u017eitok. Po L\u2019\u00c9tape by Tour de France na Slovensku, v \u010cesku a Portugalsku pri\u0161iel rad na Po\u013esko.\" \/>\n<meta property=\"og:url\" content=\"https:\/\/www.welovecycling.com\/sk\/2025\/05\/16\/z-bratislavy-do-zimy-letape-poland-so-skodou-karoq\/\" \/>\n<meta property=\"og:site_name\" content=\"\u0160koda We Love Cycling Slovensko\" \/>\n<meta property=\"article:published_time\" content=\"2025-05-16T07:15:21+00:00\" \/>\n<meta property=\"article:modified_time\" content=\"2025-05-16T07:19:07+00:00\" \/>\n<meta property=\"og:image\" content=\"https:\/\/d2p6e6u75xmxt8.cloudfront.net\/4\/2025\/05\/titulka-1.webp\" \/>\n\t<meta property=\"og:image:width\" content=\"990\" \/>\n\t<meta property=\"og:image:height\" content=\"660\" \/>\n\t<meta property=\"og:image:type\" content=\"image\/webp\" \/>\n<meta name=\"author\" content=\"dominika\" \/>\n<meta name=\"twitter:card\" content=\"summary_large_image\" \/>\n<meta name=\"twitter:label1\" content=\"Written by\" \/>\n\t<meta name=\"twitter:data1\" content=\"Alexandra Karnik\" \/>\n\t<meta name=\"twitter:label2\" content=\"Est. reading time\" \/>\n\t<meta name=\"twitter:data2\" content=\"2\" \/>\n<script type=\"application\/ld+json\" class=\"yoast-schema-graph\">{\"@context\":\"https:\/\/schema.org\",\"@graph\":[{\"@type\":\"WebPage\",\"@id\":\"https:\/\/www.welovecycling.com\/sk\/2025\/05\/16\/z-bratislavy-do-zimy-letape-poland-so-skodou-karoq\/\",\"url\":\"https:\/\/www.welovecycling.com\/sk\/2025\/05\/16\/z-bratislavy-do-zimy-letape-poland-so-skodou-karoq\/\",\"name\":\"Z Bratislavy do zimy: L\u2019\u00c9tape Poland so \u0160kodou Karoq - \u0160koda We Love Cycling Slovensko\",\"isPartOf\":{\"@id\":\"https:\/\/www.welovecycling.com\/sk\/#website\"},\"primaryImageOfPage\":{\"@id\":\"https:\/\/www.welovecycling.com\/sk\/2025\/05\/16\/z-bratislavy-do-zimy-letape-poland-so-skodou-karoq\/#primaryimage\"},\"image\":{\"@id\":\"https:\/\/www.welovecycling.com\/sk\/2025\/05\/16\/z-bratislavy-do-zimy-letape-poland-so-skodou-karoq\/#primaryimage\"},\"thumbnailUrl\":\"https:\/\/d2p6e6u75xmxt8.cloudfront.net\/4\/2025\/05\/titulka-1.webp\",\"datePublished\":\"2025-05-16T07:15:21+00:00\",\"dateModified\":\"2025-05-16T07:19:07+00:00\",\"author\":{\"@id\":\"https:\/\/www.welovecycling.com\/sk\/#\/schema\/person\/533b62b98b6c41bd5135ebfb1f742624\"},\"description\":\"\u010eal\u0161ia krajina, \u010fal\u0161ie preteky, \u010fal\u0161\u00ed z\u00e1\u017eitok. Po L\u2019\u00c9tape by Tour de France na Slovensku, v \u010cesku a Portugalsku pri\u0161iel rad na Po\u013esko.\",\"breadcrumb\":{\"@id\":\"https:\/\/www.welovecycling.com\/sk\/2025\/05\/16\/z-bratislavy-do-zimy-letape-poland-so-skodou-karoq\/#breadcrumb\"},\"inLanguage\":\"sk-SK\",\"potentialAction\":[{\"@type\":\"ReadAction\",\"target\":[\"https:\/\/www.welovecycling.com\/sk\/2025\/05\/16\/z-bratislavy-do-zimy-letape-poland-so-skodou-karoq\/\"]}]},{\"@type\":\"ImageObject\",\"inLanguage\":\"sk-SK\",\"@id\":\"https:\/\/www.welovecycling.com\/sk\/2025\/05\/16\/z-bratislavy-do-zimy-letape-poland-so-skodou-karoq\/#primaryimage\",\"url\":\"https:\/\/d2p6e6u75xmxt8.cloudfront.net\/4\/2025\/05\/titulka-1.webp\",\"contentUrl\":\"https:\/\/d2p6e6u75xmxt8.cloudfront.net\/4\/2025\/05\/titulka-1.webp\",\"width\":990,\"height\":660},{\"@type\":\"BreadcrumbList\",\"@id\":\"https:\/\/www.welovecycling.com\/sk\/2025\/05\/16\/z-bratislavy-do-zimy-letape-poland-so-skodou-karoq\/#breadcrumb\",\"itemListElement\":[{\"@type\":\"ListItem\",\"position\":1,\"name\":\"Home\",\"item\":\"https:\/\/www.welovecycling.com\/sk\/\"},{\"@type\":\"ListItem\",\"position\":2,\"name\":\"Z Bratislavy do zimy: L\u2019\u00c9tape Poland so \u0160kodou Karoq\"}]},{\"@type\":\"WebSite\",\"@id\":\"https:\/\/www.welovecycling.com\/sk\/#website\",\"url\":\"https:\/\/www.welovecycling.com\/sk\/\",\"name\":\"\u0160koda We Love Cycling Slovensko\",\"description\":\"\u0160koda We Love Cycling Slovensko je v\u00e1\u0161 ka\u017edodenn\u00fd zdroj noviniek a in\u0161pir\u00e1cie z sveta cyklistiky\",\"potentialAction\":[{\"@type\":\"SearchAction\",\"target\":{\"@type\":\"EntryPoint\",\"urlTemplate\":\"https:\/\/www.welovecycling.com\/sk\/?s={search_term_string}\"},\"query-input\":{\"@type\":\"PropertyValueSpecification\",\"valueRequired\":true,\"valueName\":\"search_term_string\"}}],\"inLanguage\":\"sk-SK\"},{\"@type\":\"Person\",\"@id\":\"https:\/\/www.welovecycling.com\/sk\/#\/schema\/person\/533b62b98b6c41bd5135ebfb1f742624\",\"name\":\"dominika\",\"image\":{\"@type\":\"ImageObject\",\"inLanguage\":\"sk-SK\",\"@id\":\"https:\/\/www.welovecycling.com\/sk\/#\/schema\/person\/image\/\",\"url\":\"https:\/\/secure.gravatar.com\/avatar\/ded6f274ba2ec3e17fff153f7d9d96a4b33c2cb63907f75d9a5309c599a7f3e6?s=96&d=mm&r=g\",\"contentUrl\":\"https:\/\/secure.gravatar.com\/avatar\/ded6f274ba2ec3e17fff153f7d9d96a4b33c2cb63907f75d9a5309c599a7f3e6?s=96&d=mm&r=g\",\"caption\":\"dominika\"},\"url\":\"https:\/\/www.welovecycling.com\/sk\/author\/dominika\/\"}]}<\/script>\n<!-- \/ Yoast SEO Premium plugin. -->","yoast_head_json":{"title":"Z Bratislavy do zimy: L\u2019\u00c9tape Poland so \u0160kodou Karoq - \u0160koda We Love Cycling Slovensko","description":"\u010eal\u0161ia krajina, \u010fal\u0161ie preteky, \u010fal\u0161\u00ed z\u00e1\u017eitok. Po L\u2019\u00c9tape by Tour de France na Slovensku, v \u010cesku a Portugalsku pri\u0161iel rad na Po\u013esko.","robots":{"index":"index","follow":"follow","max-snippet":"max-snippet:-1","max-image-preview":"max-image-preview:large","max-video-preview":"max-video-preview:-1"},"canonical":"https:\/\/www.welovecycling.com\/sk\/2025\/05\/16\/z-bratislavy-do-zimy-letape-poland-so-skodou-karoq\/","og_locale":"sk_SK","og_type":"article","og_title":"Z Bratislavy do zimy: L\u2019\u00c9tape Poland so \u0160kodou Karoq","og_description":"\u010eal\u0161ia krajina, \u010fal\u0161ie preteky, \u010fal\u0161\u00ed z\u00e1\u017eitok. Po L\u2019\u00c9tape by Tour de France na Slovensku, v \u010cesku a Portugalsku pri\u0161iel rad na Po\u013esko.","og_url":"https:\/\/www.welovecycling.com\/sk\/2025\/05\/16\/z-bratislavy-do-zimy-letape-poland-so-skodou-karoq\/","og_site_name":"\u0160koda We Love Cycling Slovensko","article_published_time":"2025-05-16T07:15:21+00:00","article_modified_time":"2025-05-16T07:19:07+00:00","og_image":[{"width":990,"height":660,"url":"https:\/\/d2p6e6u75xmxt8.cloudfront.net\/4\/2025\/05\/titulka-1.webp","type":"image\/webp"}],"author":"dominika","twitter_card":"summary_large_image","twitter_misc":{"Written by":"Alexandra Karnik","Est. reading time":"2"},"schema":{"@context":"https:\/\/schema.org","@graph":[{"@type":"WebPage","@id":"https:\/\/www.welovecycling.com\/sk\/2025\/05\/16\/z-bratislavy-do-zimy-letape-poland-so-skodou-karoq\/","url":"https:\/\/www.welovecycling.com\/sk\/2025\/05\/16\/z-bratislavy-do-zimy-letape-poland-so-skodou-karoq\/","name":"Z Bratislavy do zimy: L\u2019\u00c9tape Poland so \u0160kodou Karoq - \u0160koda We Love Cycling Slovensko","isPartOf":{"@id":"https:\/\/www.welovecycling.com\/sk\/#website"},"primaryImageOfPage":{"@id":"https:\/\/www.welovecycling.com\/sk\/2025\/05\/16\/z-bratislavy-do-zimy-letape-poland-so-skodou-karoq\/#primaryimage"},"image":{"@id":"https:\/\/www.welovecycling.com\/sk\/2025\/05\/16\/z-bratislavy-do-zimy-letape-poland-so-skodou-karoq\/#primaryimage"},"thumbnailUrl":"https:\/\/d2p6e6u75xmxt8.cloudfront.net\/4\/2025\/05\/titulka-1.webp","datePublished":"2025-05-16T07:15:21+00:00","dateModified":"2025-05-16T07:19:07+00:00","author":{"@id":"https:\/\/www.welovecycling.com\/sk\/#\/schema\/person\/533b62b98b6c41bd5135ebfb1f742624"},"description":"\u010eal\u0161ia krajina, \u010fal\u0161ie preteky, \u010fal\u0161\u00ed z\u00e1\u017eitok. Po L\u2019\u00c9tape by Tour de France na Slovensku, v \u010cesku a Portugalsku pri\u0161iel rad na Po\u013esko.","breadcrumb":{"@id":"https:\/\/www.welovecycling.com\/sk\/2025\/05\/16\/z-bratislavy-do-zimy-letape-poland-so-skodou-karoq\/#breadcrumb"},"inLanguage":"sk-SK","potentialAction":[{"@type":"ReadAction","target":["https:\/\/www.welovecycling.com\/sk\/2025\/05\/16\/z-bratislavy-do-zimy-letape-poland-so-skodou-karoq\/"]}]},{"@type":"ImageObject","inLanguage":"sk-SK","@id":"https:\/\/www.welovecycling.com\/sk\/2025\/05\/16\/z-bratislavy-do-zimy-letape-poland-so-skodou-karoq\/#primaryimage","url":"https:\/\/d2p6e6u75xmxt8.cloudfront.net\/4\/2025\/05\/titulka-1.webp","contentUrl":"https:\/\/d2p6e6u75xmxt8.cloudfront.net\/4\/2025\/05\/titulka-1.webp","width":990,"height":660},{"@type":"BreadcrumbList","@id":"https:\/\/www.welovecycling.com\/sk\/2025\/05\/16\/z-bratislavy-do-zimy-letape-poland-so-skodou-karoq\/#breadcrumb","itemListElement":[{"@type":"ListItem","position":1,"name":"Home","item":"https:\/\/www.welovecycling.com\/sk\/"},{"@type":"ListItem","position":2,"name":"Z Bratislavy do zimy: L\u2019\u00c9tape Poland so \u0160kodou Karoq"}]},{"@type":"WebSite","@id":"https:\/\/www.welovecycling.com\/sk\/#website","url":"https:\/\/www.welovecycling.com\/sk\/","name":"\u0160koda We Love Cycling Slovensko","description":"\u0160koda We Love Cycling Slovensko je v\u00e1\u0161 ka\u017edodenn\u00fd zdroj noviniek a in\u0161pir\u00e1cie z sveta cyklistiky","potentialAction":[{"@type":"SearchAction","target":{"@type":"EntryPoint","urlTemplate":"https:\/\/www.welovecycling.com\/sk\/?s={search_term_string}"},"query-input":{"@type":"PropertyValueSpecification","valueRequired":true,"valueName":"search_term_string"}}],"inLanguage":"sk-SK"},{"@type":"Person","@id":"https:\/\/www.welovecycling.com\/sk\/#\/schema\/person\/533b62b98b6c41bd5135ebfb1f742624","name":"dominika","image":{"@type":"ImageObject","inLanguage":"sk-SK","@id":"https:\/\/www.welovecycling.com\/sk\/#\/schema\/person\/image\/","url":"https:\/\/secure.gravatar.com\/avatar\/ded6f274ba2ec3e17fff153f7d9d96a4b33c2cb63907f75d9a5309c599a7f3e6?s=96&d=mm&r=g","contentUrl":"https:\/\/secure.gravatar.com\/avatar\/ded6f274ba2ec3e17fff153f7d9d96a4b33c2cb63907f75d9a5309c599a7f3e6?s=96&d=mm&r=g","caption":"dominika"},"url":"https:\/\/www.welovecycling.com\/sk\/author\/dominika\/"}]}},"_links":{"self":[{"href":"https:\/\/www.welovecycling.com\/sk\/wp-json\/wp\/v2\/posts\/20371","targetHints":{"allow":["GET"]}}],"collection":[{"href":"https:\/\/www.welovecycling.com\/sk\/wp-json\/wp\/v2\/posts"}],"about":[{"href":"https:\/\/www.welovecycling.com\/sk\/wp-json\/wp\/v2\/types\/post"}],"author":[{"embeddable":true,"href":"https:\/\/www.welovecycling.com\/sk\/wp-json\/wp\/v2\/users\/172"}],"replies":[{"embeddable":true,"href":"https:\/\/www.welovecycling.com\/sk\/wp-json\/wp\/v2\/comments?post=20371"}],"version-history":[{"count":7,"href":"https:\/\/www.welovecycling.com\/sk\/wp-json\/wp\/v2\/posts\/20371\/revisions"}],"predecessor-version":[{"id":20384,"href":"https:\/\/www.welovecycling.com\/sk\/wp-json\/wp\/v2\/posts\/20371\/revisions\/20384"}],"wp:featuredmedia":[{"embeddable":true,"href":"https:\/\/www.welovecycling.com\/sk\/wp-json\/wp\/v2\/media\/20385"}],"wp:attachment":[{"href":"https:\/\/www.welovecycling.com\/sk\/wp-json\/wp\/v2\/media?parent=20371"}],"wp:term":[{"taxonomy":"category","embeddable":true,"href":"https:\/\/www.welovecycling.com\/sk\/wp-json\/wp\/v2\/categories?post=20371"},{"taxonomy":"post_tag","embeddable":true,"href":"https:\/\/www.welovecycling.com\/sk\/wp-json\/wp\/v2\/tags?post=20371"},{"taxonomy":"global-categories","embeddable":true,"href":"https:\/\/www.welovecycling.com\/sk\/wp-json\/wp\/v2\/global-categories?post=20371"}],"curies":[{"name":"wp","href":"https:\/\/api.w.org\/{rel}","templated":true}]}}