{"id":2037,"date":"2018-01-12T16:45:18","date_gmt":"2018-01-12T15:45:18","guid":{"rendered":"https:\/\/www.welovecycling.com\/sk\/?p=2037"},"modified":"2018-01-12T16:51:03","modified_gmt":"2018-01-12T15:51:03","slug":"ako-bicykel-cestuje-vzduchom","status":"publish","type":"post","link":"https:\/\/www.welovecycling.com\/sk\/2018\/01\/12\/ako-bicykel-cestuje-vzduchom\/","title":{"rendered":"Ako pripravi\u0165 bicykel na cestovanie \u201evzduchom\u201c"},"content":{"rendered":"<p><strong>Chceli by ste so sebou vzia\u0165 na dovolenku bicykel alebo m\u00e1te v pl\u00e1ne exotick\u00fd tr\u00e9ningov\u00fd kemp? Pr\u00edpadne s\u00fa va\u0161e vysnen\u00e9 preteky poriadne \u010faleko? To samozrejme nie je probl\u00e9m, ak vyu\u017eijete na cestovanie lietadlo. Je v tom pr\u00edpade lep\u0161\u00ed tvrd\u00fd obal alebo polstrovan\u00fd a ako v\u00f4bec pripravi\u0165 bicykel na t\u00fato cestu?<\/strong><br \/>\n<!--more--><\/p>\n<h2><strong> Pr\u00edprava<\/strong><\/h2>\n<p>V podstate v\u0161etky aerolinky vy\u017eaduj\u00fa, aby ste bicykel mali ulo\u017een\u00fd v obale, ak chcete, aby ho aj vzali na palubu. Nehladiac na obal, ktor\u00fd pou\u017eijete, je dobr\u00fdm rie\u0161en\u00edm ochr\u00e1ni\u0165 bicykel t\u00fdm, \u017ee niektor\u00e9 \u010dasti z neho odmontujete a bicykel obal\u00edte. Ide\u00e1lne je da\u0165 dole ped\u00e1le, koles\u00e1 a riad\u00edtka. Na to budete potrebova\u0165 aj pr\u00edslu\u0161n\u00e9 k\u013e\u00fa\u010de, tak\u017ee si ich nezabudnite n\u00e1sledne pribali\u0165 so sebou, aby ste mohli zase v\u0161etko posklada\u0165 na mieste. Rovnako je dobr\u00e9 trochu zn\u00ed\u017ei\u0165 tlak v pneumatik\u00e1ch, preto\u017ee ten v kab\u00edne m\u00f4\u017ee sp\u00f4sobi\u0165 ich \u201eprehustenie\u201c.<\/p>\n\n<p>Mno\u017estvo v\u00fdplne, ktor\u00e9 je potrebn\u00e9 zvoli\u0165, z\u00e1le\u017e\u00ed hlavne od toho, ko\u013eko zainvestujete do v\u00e1\u0161ho obalu. Samozrejme, v\u00fdborn\u00e1 vo\u013eba je bublinkov\u00e1 f\u00f3lia, no sk\u00faste pou\u017ei\u0165 va\u0161e oble\u010denie, \u010d\u00edm si u\u0161etr\u00edte miesto v pr\u00edru\u010dnej bato\u017eine. Predt\u00fdm si ale overte t\u00fato mo\u017enos\u0165, niektor\u00e9 aerolinky umo\u017e\u0148uj\u00fa ma\u0165 v obale len bicykel. A nezabudnite vidite\u013ene ozna\u010di\u0165, \u010do sa nach\u00e1dza vn\u00fatri obalu, preto\u017ee to mo\u017eno trochu zlep\u0161\u00ed sp\u00f4sob, ak\u00fdm sa bude s n\u00edm zaobch\u00e1dza\u0165. To v\u0161ak ve\u013emi \u010dasto nesta\u010d\u00ed, a preto v\u00fdber vhodn\u00e9ho obalu je v\u017edy k\u013e\u00fa\u010dov\u00fd, ak chcete ma\u0165 istotu&#8230;<\/p>\n<h2><strong>Plastov\u00fd box na bicykel<\/strong><\/h2>\n<p>Plastov\u00fd box na bicykel je v podstate \u201eultim\u00e1tna\u201c ochrana, ak cestujete \u010dasto a navy\u0161e s drah\u00fdm bicyklom. Stoj\u00ed okolo 400 \u2013 900 \u20ac.<\/p>\n<h3><strong>V\u00fdhody<\/strong><\/h3>\n<p>\u2022 Najlep\u0161ia mo\u017en\u00e1 ochrana pre bicykel<br \/>\n\u2022 Ve\u013emi odoln\u00fd a vydr\u017e\u00ed mno\u017estvo letov<\/p>\n<h3><strong>Nev\u00fdhody<\/strong><\/h3>\n<p>\u2022 Cena<br \/>\n\u2022 Zaber\u00e1 miesto, ke\u010f v \u0148om ni\u010d nie je \u2013 teda napr\u00edklad doma<br \/>\n\u2022 Prid\u00e1 pomerne dos\u0165 v\u00e1hy (okolo 16 kg)<\/p>\n<div class=\"embed-controller-wrapper\">\n<div class=\"embed-wrapper\"><iframe title=\"How To Pack A Bike Box\" width=\"500\" height=\"281\" data-src=\"https:\/\/www.youtube.com\/embed\/m5kldjYzGUA?feature=oembed\" frameborder=\"0\" allow=\"accelerometer; autoplay; clipboard-write; encrypted-media; gyroscope; picture-in-picture; web-share\" referrerpolicy=\"strict-origin-when-cross-origin\" allowfullscreen><\/iframe><\/div>\n<\/div>\n<h2><strong>Prepravn\u00fd obal<\/strong><\/h2>\n<p>Ak cestujete s bicyklom iba ob\u010das, v\u00fdhodnej\u0161ou k\u00fapou bude prepravn\u00fd obal. Ten sa pohybuje okolo 50 \u2013 500 \u20ac a st\u00e1le dok\u00e1\u017ee ve\u013emi dobre ochr\u00e1ni\u0165 v\u00e1\u0161 bicykel v pr\u00edpade, \u017ee ho spr\u00e1vne pou\u017eijete.<\/p>\n<h3><strong>V\u00fdhody<\/strong><\/h3>\n<p>\u2022 Cena<br \/>\n\u2022 Ve\u013emi \u013eahk\u00fd, ale pritom st\u00e1le odoln\u00fd<br \/>\n\u2022 Nezaber\u00e1 miesto v pr\u00edpade, \u017ee sa nepou\u017e\u00edva<\/p>\n<h3><strong>Nev\u00fdhody<\/strong><\/h3>\n<p>\u2022 Vy\u017eaduje trochu cvik<br \/>\n\u2022 S lacnej\u0161\u00edmi modelmi budete potrebova\u0165 doplni\u0165 vlastn\u00e9 polstrovanie (f\u00f3lia, oble\u010denie a pod.)<\/p>\n<div class=\"embed-controller-wrapper\">\n<div class=\"embed-wrapper\"><iframe title=\"How To Pack A Bike Bag\" width=\"500\" height=\"281\" data-src=\"https:\/\/www.youtube.com\/embed\/RJugcemq6rs?feature=oembed\" frameborder=\"0\" allow=\"accelerometer; autoplay; clipboard-write; encrypted-media; gyroscope; picture-in-picture; web-share\" referrerpolicy=\"strict-origin-when-cross-origin\" allowfullscreen><\/iframe><\/div>\n<\/div>\n<h2><strong>Kart\u00f3nov\u00e1 krabica<\/strong><\/h2>\n<p>Ak t\u00fa\u017eite po najlacnej\u0161om rie\u0161en\u00ed, m\u00f4\u017eete pou\u017ei\u0165 klasick\u00fa kart\u00f3nov\u00fa krabicu. Ide\u00e1le sa m\u00f4\u017eete op\u00fdta\u0165 vo va\u0161om lok\u00e1lnom obchode, kde bud\u00fa \u010dastokr\u00e1t radi, \u017ee sa ich m\u00f4\u017eu zbavi\u0165.<\/p>\n<h3><strong>V\u00fdhody<\/strong><\/h3>\n<p>\u2022 Zadarmo<br \/>\n\u2022 Ve\u013emi n\u00edzka v\u00e1ha<\/p>\n<h3><strong>Nev\u00fdhody<\/strong><\/h3>\n<p>\u2022 Nepon\u00fakaj\u00fa ve\u013ea ochrany<br \/>\n\u2022 Budete potrebova\u0165 mno\u017estvo vlastn\u00fdch ochrann\u00fdch prostriedkov a v\u00fdplne<br \/>\n\u2022 Je mo\u017en\u00e9, \u017ee po\u010das \u201ecestovania\u201c si budete musie\u0165 zohna\u0165 nov\u00fa<\/p>\n<div class=\"embed-controller-wrapper\">\n<div class=\"embed-wrapper\"><iframe title=\"How To Pack A Cardboard Bike Box\" width=\"500\" height=\"281\" data-src=\"https:\/\/www.youtube.com\/embed\/7H2TZ3wvZKY?feature=oembed\" frameborder=\"0\" allow=\"accelerometer; autoplay; clipboard-write; encrypted-media; gyroscope; picture-in-picture; web-share\" referrerpolicy=\"strict-origin-when-cross-origin\" allowfullscreen><\/iframe><\/div>\n<\/div>\n","protected":false},"excerpt":{"rendered":"<p>Chceli by ste so sebou vzia\u0165 na dovolenku bicykel alebo m\u00e1te v pl\u00e1ne exotick\u00fd tr\u00e9ningov\u00fd kemp? Pr\u00edpadne s\u00fa va\u0161e vysnen\u00e9 [&hellip;]<\/p>\n","protected":false},"author":38,"featured_media":2038,"comment_status":"open","ping_status":"open","sticky":false,"template":"","format":"standard","meta":{"footnotes":""},"categories":[57,4,3,191],"tags":[394,392,393,390,391],"global-categories":[],"class_list":["post-2037","post","type-post","status-publish","format-standard","has-post-thumbnail","hentry","category-bezpecnost","category-cestna-cyklisitika","category-mtb","category-odporucame","tag-cestovanie-s-bicyklom","tag-kartonova-krabica","tag-lietanie-s-bicyklom","tag-prepravny-box","tag-prepravny-obal"],"yoast_head":"<!-- This site is optimized with the Yoast SEO Premium plugin v25.3 (Yoast SEO v25.9) - https:\/\/yoast.com\/wordpress\/plugins\/seo\/ -->\n<title>Ako pripravi\u0165 bicykel na cestovanie \u201evzduchom\u201c - \u0160koda We Love Cycling Slovensko<\/title>\n<meta name=\"robots\" content=\"index, follow, max-snippet:-1, max-image-preview:large, max-video-preview:-1\" \/>\n<link rel=\"canonical\" href=\"https:\/\/www.welovecycling.com\/sk\/2018\/01\/12\/ako-bicykel-cestuje-vzduchom\/\" \/>\n<meta property=\"og:locale\" content=\"sk_SK\" \/>\n<meta property=\"og:type\" content=\"article\" \/>\n<meta property=\"og:title\" content=\"Ako pripravi\u0165 bicykel na cestovanie \u201evzduchom\u201c\" \/>\n<meta property=\"og:description\" content=\"Chceli by ste so sebou vzia\u0165 na dovolenku bicykel alebo m\u00e1te v pl\u00e1ne exotick\u00fd tr\u00e9ningov\u00fd kemp? Pr\u00edpadne s\u00fa va\u0161e vysnen\u00e9 [&hellip;]\" \/>\n<meta property=\"og:url\" content=\"https:\/\/www.welovecycling.com\/sk\/2018\/01\/12\/ako-bicykel-cestuje-vzduchom\/\" \/>\n<meta property=\"og:site_name\" content=\"\u0160koda We Love Cycling Slovensko\" \/>\n<meta property=\"article:published_time\" content=\"2018-01-12T15:45:18+00:00\" \/>\n<meta property=\"article:modified_time\" content=\"2018-01-12T15:51:03+00:00\" \/>\n<meta name=\"author\" content=\"Ondrej Ga\u0161par\" \/>\n<meta name=\"twitter:card\" content=\"summary_large_image\" \/>\n<meta name=\"twitter:image\" content=\"https:\/\/d2p6e6u75xmxt8.cloudfront.net\/4\/2017\/08\/profimedia-0142654024jpg.webp\" \/>\n<meta name=\"twitter:label1\" content=\"Written by\" \/>\n\t<meta name=\"twitter:data1\" content=\"Ji\u0159\u00ed Kalo\u010d\" \/>\n\t<meta name=\"twitter:label2\" content=\"Est. reading time\" \/>\n\t<meta name=\"twitter:data2\" content=\"3 minutes\" \/>\n<script type=\"application\/ld+json\" class=\"yoast-schema-graph\">{\"@context\":\"https:\/\/schema.org\",\"@graph\":[{\"@type\":\"WebPage\",\"@id\":\"https:\/\/www.welovecycling.com\/sk\/2018\/01\/12\/ako-bicykel-cestuje-vzduchom\/\",\"url\":\"https:\/\/www.welovecycling.com\/sk\/2018\/01\/12\/ako-bicykel-cestuje-vzduchom\/\",\"name\":\"Ako pripravi\u0165 bicykel na cestovanie \u201evzduchom\u201c - \u0160koda We Love Cycling Slovensko\",\"isPartOf\":{\"@id\":\"https:\/\/www.welovecycling.com\/sk\/#website\"},\"primaryImageOfPage\":{\"@id\":\"https:\/\/www.welovecycling.com\/sk\/2018\/01\/12\/ako-bicykel-cestuje-vzduchom\/#primaryimage\"},\"image\":{\"@id\":\"https:\/\/www.welovecycling.com\/sk\/2018\/01\/12\/ako-bicykel-cestuje-vzduchom\/#primaryimage\"},\"thumbnailUrl\":\"https:\/\/d2p6e6u75xmxt8.cloudfront.net\/4\/2017\/08\/profimedia-0142654024jpg.webp\",\"datePublished\":\"2018-01-12T15:45:18+00:00\",\"dateModified\":\"2018-01-12T15:51:03+00:00\",\"author\":{\"@id\":\"https:\/\/www.welovecycling.com\/sk\/#\/schema\/person\/8ee09ba39b7e25b1870160aa5b3a89bc\"},\"breadcrumb\":{\"@id\":\"https:\/\/www.welovecycling.com\/sk\/2018\/01\/12\/ako-bicykel-cestuje-vzduchom\/#breadcrumb\"},\"inLanguage\":\"sk-SK\",\"potentialAction\":[{\"@type\":\"ReadAction\",\"target\":[\"https:\/\/www.welovecycling.com\/sk\/2018\/01\/12\/ako-bicykel-cestuje-vzduchom\/\"]}]},{\"@type\":\"ImageObject\",\"inLanguage\":\"sk-SK\",\"@id\":\"https:\/\/www.welovecycling.com\/sk\/2018\/01\/12\/ako-bicykel-cestuje-vzduchom\/#primaryimage\",\"url\":\"https:\/\/d2p6e6u75xmxt8.cloudfront.net\/4\/2017\/08\/profimedia-0142654024jpg.webp\",\"contentUrl\":\"https:\/\/d2p6e6u75xmxt8.cloudfront.net\/4\/2017\/08\/profimedia-0142654024jpg.webp\",\"width\":1800,\"height\":785},{\"@type\":\"BreadcrumbList\",\"@id\":\"https:\/\/www.welovecycling.com\/sk\/2018\/01\/12\/ako-bicykel-cestuje-vzduchom\/#breadcrumb\",\"itemListElement\":[{\"@type\":\"ListItem\",\"position\":1,\"name\":\"Home\",\"item\":\"https:\/\/www.welovecycling.com\/sk\/\"},{\"@type\":\"ListItem\",\"position\":2,\"name\":\"Ako pripravi\u0165 bicykel na cestovanie \u201evzduchom\u201c\"}]},{\"@type\":\"WebSite\",\"@id\":\"https:\/\/www.welovecycling.com\/sk\/#website\",\"url\":\"https:\/\/www.welovecycling.com\/sk\/\",\"name\":\"\u0160koda We Love Cycling Slovensko\",\"description\":\"\u0160koda We Love Cycling Slovensko je v\u00e1\u0161 ka\u017edodenn\u00fd zdroj noviniek a in\u0161pir\u00e1cie z sveta cyklistiky\",\"potentialAction\":[{\"@type\":\"SearchAction\",\"target\":{\"@type\":\"EntryPoint\",\"urlTemplate\":\"https:\/\/www.welovecycling.com\/sk\/?s={search_term_string}\"},\"query-input\":{\"@type\":\"PropertyValueSpecification\",\"valueRequired\":true,\"valueName\":\"search_term_string\"}}],\"inLanguage\":\"sk-SK\"},{\"@type\":\"Person\",\"@id\":\"https:\/\/www.welovecycling.com\/sk\/#\/schema\/person\/8ee09ba39b7e25b1870160aa5b3a89bc\",\"name\":\"Ondrej Ga\u0161par\",\"image\":{\"@type\":\"ImageObject\",\"inLanguage\":\"sk-SK\",\"@id\":\"https:\/\/www.welovecycling.com\/sk\/#\/schema\/person\/image\/\",\"url\":\"https:\/\/secure.gravatar.com\/avatar\/6126c9afb87b70da5abbb083ddbb21933da15f18f8ca7cb822aba0fb096a48f6?s=96&d=mm&r=g\",\"contentUrl\":\"https:\/\/secure.gravatar.com\/avatar\/6126c9afb87b70da5abbb083ddbb21933da15f18f8ca7cb822aba0fb096a48f6?s=96&d=mm&r=g\",\"caption\":\"Ondrej Ga\u0161par\"},\"url\":\"https:\/\/www.welovecycling.com\/sk\/author\/ondrejgaspar\/\"}]}<\/script>\n<!-- \/ Yoast SEO Premium plugin. -->","yoast_head_json":{"title":"Ako pripravi\u0165 bicykel na cestovanie \u201evzduchom\u201c - \u0160koda We Love Cycling Slovensko","robots":{"index":"index","follow":"follow","max-snippet":"max-snippet:-1","max-image-preview":"max-image-preview:large","max-video-preview":"max-video-preview:-1"},"canonical":"https:\/\/www.welovecycling.com\/sk\/2018\/01\/12\/ako-bicykel-cestuje-vzduchom\/","og_locale":"sk_SK","og_type":"article","og_title":"Ako pripravi\u0165 bicykel na cestovanie \u201evzduchom\u201c","og_description":"Chceli by ste so sebou vzia\u0165 na dovolenku bicykel alebo m\u00e1te v pl\u00e1ne exotick\u00fd tr\u00e9ningov\u00fd kemp? Pr\u00edpadne s\u00fa va\u0161e vysnen\u00e9 [&hellip;]","og_url":"https:\/\/www.welovecycling.com\/sk\/2018\/01\/12\/ako-bicykel-cestuje-vzduchom\/","og_site_name":"\u0160koda We Love Cycling Slovensko","article_published_time":"2018-01-12T15:45:18+00:00","article_modified_time":"2018-01-12T15:51:03+00:00","author":"Ondrej Ga\u0161par","twitter_card":"summary_large_image","twitter_image":"https:\/\/d2p6e6u75xmxt8.cloudfront.net\/4\/2017\/08\/profimedia-0142654024jpg.webp","twitter_misc":{"Written by":"Ji\u0159\u00ed Kalo\u010d","Est. reading time":"3 minutes"},"schema":{"@context":"https:\/\/schema.org","@graph":[{"@type":"WebPage","@id":"https:\/\/www.welovecycling.com\/sk\/2018\/01\/12\/ako-bicykel-cestuje-vzduchom\/","url":"https:\/\/www.welovecycling.com\/sk\/2018\/01\/12\/ako-bicykel-cestuje-vzduchom\/","name":"Ako pripravi\u0165 bicykel na cestovanie \u201evzduchom\u201c - \u0160koda We Love Cycling Slovensko","isPartOf":{"@id":"https:\/\/www.welovecycling.com\/sk\/#website"},"primaryImageOfPage":{"@id":"https:\/\/www.welovecycling.com\/sk\/2018\/01\/12\/ako-bicykel-cestuje-vzduchom\/#primaryimage"},"image":{"@id":"https:\/\/www.welovecycling.com\/sk\/2018\/01\/12\/ako-bicykel-cestuje-vzduchom\/#primaryimage"},"thumbnailUrl":"https:\/\/d2p6e6u75xmxt8.cloudfront.net\/4\/2017\/08\/profimedia-0142654024jpg.webp","datePublished":"2018-01-12T15:45:18+00:00","dateModified":"2018-01-12T15:51:03+00:00","author":{"@id":"https:\/\/www.welovecycling.com\/sk\/#\/schema\/person\/8ee09ba39b7e25b1870160aa5b3a89bc"},"breadcrumb":{"@id":"https:\/\/www.welovecycling.com\/sk\/2018\/01\/12\/ako-bicykel-cestuje-vzduchom\/#breadcrumb"},"inLanguage":"sk-SK","potentialAction":[{"@type":"ReadAction","target":["https:\/\/www.welovecycling.com\/sk\/2018\/01\/12\/ako-bicykel-cestuje-vzduchom\/"]}]},{"@type":"ImageObject","inLanguage":"sk-SK","@id":"https:\/\/www.welovecycling.com\/sk\/2018\/01\/12\/ako-bicykel-cestuje-vzduchom\/#primaryimage","url":"https:\/\/d2p6e6u75xmxt8.cloudfront.net\/4\/2017\/08\/profimedia-0142654024jpg.webp","contentUrl":"https:\/\/d2p6e6u75xmxt8.cloudfront.net\/4\/2017\/08\/profimedia-0142654024jpg.webp","width":1800,"height":785},{"@type":"BreadcrumbList","@id":"https:\/\/www.welovecycling.com\/sk\/2018\/01\/12\/ako-bicykel-cestuje-vzduchom\/#breadcrumb","itemListElement":[{"@type":"ListItem","position":1,"name":"Home","item":"https:\/\/www.welovecycling.com\/sk\/"},{"@type":"ListItem","position":2,"name":"Ako pripravi\u0165 bicykel na cestovanie \u201evzduchom\u201c"}]},{"@type":"WebSite","@id":"https:\/\/www.welovecycling.com\/sk\/#website","url":"https:\/\/www.welovecycling.com\/sk\/","name":"\u0160koda We Love Cycling Slovensko","description":"\u0160koda We Love Cycling Slovensko je v\u00e1\u0161 ka\u017edodenn\u00fd zdroj noviniek a in\u0161pir\u00e1cie z sveta cyklistiky","potentialAction":[{"@type":"SearchAction","target":{"@type":"EntryPoint","urlTemplate":"https:\/\/www.welovecycling.com\/sk\/?s={search_term_string}"},"query-input":{"@type":"PropertyValueSpecification","valueRequired":true,"valueName":"search_term_string"}}],"inLanguage":"sk-SK"},{"@type":"Person","@id":"https:\/\/www.welovecycling.com\/sk\/#\/schema\/person\/8ee09ba39b7e25b1870160aa5b3a89bc","name":"Ondrej Ga\u0161par","image":{"@type":"ImageObject","inLanguage":"sk-SK","@id":"https:\/\/www.welovecycling.com\/sk\/#\/schema\/person\/image\/","url":"https:\/\/secure.gravatar.com\/avatar\/6126c9afb87b70da5abbb083ddbb21933da15f18f8ca7cb822aba0fb096a48f6?s=96&d=mm&r=g","contentUrl":"https:\/\/secure.gravatar.com\/avatar\/6126c9afb87b70da5abbb083ddbb21933da15f18f8ca7cb822aba0fb096a48f6?s=96&d=mm&r=g","caption":"Ondrej Ga\u0161par"},"url":"https:\/\/www.welovecycling.com\/sk\/author\/ondrejgaspar\/"}]}},"_links":{"self":[{"href":"https:\/\/www.welovecycling.com\/sk\/wp-json\/wp\/v2\/posts\/2037","targetHints":{"allow":["GET"]}}],"collection":[{"href":"https:\/\/www.welovecycling.com\/sk\/wp-json\/wp\/v2\/posts"}],"about":[{"href":"https:\/\/www.welovecycling.com\/sk\/wp-json\/wp\/v2\/types\/post"}],"author":[{"embeddable":true,"href":"https:\/\/www.welovecycling.com\/sk\/wp-json\/wp\/v2\/users\/38"}],"replies":[{"embeddable":true,"href":"https:\/\/www.welovecycling.com\/sk\/wp-json\/wp\/v2\/comments?post=2037"}],"version-history":[{"count":2,"href":"https:\/\/www.welovecycling.com\/sk\/wp-json\/wp\/v2\/posts\/2037\/revisions"}],"predecessor-version":[{"id":3094,"href":"https:\/\/www.welovecycling.com\/sk\/wp-json\/wp\/v2\/posts\/2037\/revisions\/3094"}],"wp:featuredmedia":[{"embeddable":true,"href":"https:\/\/www.welovecycling.com\/sk\/wp-json\/wp\/v2\/media\/2038"}],"wp:attachment":[{"href":"https:\/\/www.welovecycling.com\/sk\/wp-json\/wp\/v2\/media?parent=2037"}],"wp:term":[{"taxonomy":"category","embeddable":true,"href":"https:\/\/www.welovecycling.com\/sk\/wp-json\/wp\/v2\/categories?post=2037"},{"taxonomy":"post_tag","embeddable":true,"href":"https:\/\/www.welovecycling.com\/sk\/wp-json\/wp\/v2\/tags?post=2037"},{"taxonomy":"global-categories","embeddable":true,"href":"https:\/\/www.welovecycling.com\/sk\/wp-json\/wp\/v2\/global-categories?post=2037"}],"curies":[{"name":"wp","href":"https:\/\/api.w.org\/{rel}","templated":true}]}}