{"id":20345,"date":"2025-05-15T10:00:05","date_gmt":"2025-05-15T08:00:05","guid":{"rendered":"https:\/\/www.welovecycling.com\/sk\/?p=20345"},"modified":"2025-05-15T08:54:33","modified_gmt":"2025-05-15T06:54:33","slug":"reportaz-skoda-mtb-rajecke-teplice-ked-maraton-preveri-nielen-nohy-ale-aj-tvoje-rozhodnutia","status":"publish","type":"post","link":"https:\/\/www.welovecycling.com\/sk\/2025\/05\/15\/reportaz-skoda-mtb-rajecke-teplice-ked-maraton-preveri-nielen-nohy-ale-aj-tvoje-rozhodnutia\/","title":{"rendered":"Report\u00e1\u017e: \u0160koda MTB Rajeck\u00e9 Teplice \u2013 ke\u010f marat\u00f3n prever\u00ed nielen nohy, ale aj tvoje rozhodnutia"},"content":{"rendered":"<p><strong>Rajeck\u00e9 Teplice ne\u010dakane otvorili s\u00e9riu \u0160koda Bike Open Tour s tra\u0165ou, ktor\u00e1 s\u00edce nevyzer\u00e1 hrozivo, ale dok\u00e1\u017ee \u010dloveku vytrie\u0165 nohy \u2013 najm\u00e4 ke\u010f sprav\u00ed p\u00e1r klasick\u00fdch ch\u00fdb. Ak\u00e9 je to \u0161tartova\u0165 neskoro, \u0161etri\u0165 sa zbyto\u010dne a meni\u0165 tretry ve\u010der pred pretekmi? A e\u0161te si to cel\u00e9 aj u\u017ei\u0165?<\/strong><!--more--><\/p>\n<p><span style=\"font-weight: 400;\">T\u00fdmto marat\u00f3nom sa to pre m\u0148a cel\u00e9 kedysi za\u010dalo. V roku 2022 som tu absolvoval svoju premi\u00e9ru na strednej trati. Posledn\u00e9 tri ro\u010dn\u00edky u\u017e jazd\u00edm plnokrvn\u00e9 marat\u00f3nske d\u013a\u017eky. Minul\u00fd rok som tu testoval nov\u00fd celoodpru\u017een\u00fd bicykel, tento rok som si prichystal \u010fal\u0161iu novinku: \u013eahk\u00fd hardtail. Pre t\u00fdch, \u010do nepoznaj\u00fa skratku HT \u2013 ide o bicykel len s prednou odpru\u017eenou vidlicou. V\u00fdhoda? Ni\u017e\u0161ia hmotnos\u0165, r\u00fdchlej\u0161\u00ed prenos sily, ide\u00e1lne do menej technick\u00e9ho ter\u00e9nu. A presne tak\u00e1 je rajeck\u00e1 tra\u0165 \u2013 viac o v\u00fdkone, menej o sk\u00e1kan\u00ed.<\/span><\/p>\n<p><span style=\"font-weight: 400;\">Aspo\u0148 som si to teda myslel&#8230;<\/span><\/p>\n<div id='gallery-1' class='gallery galleryid-20345 gallery-columns-2 gallery-size-full'><figure class='gallery-item'>\n\t\t\t<div class='gallery-icon landscape'>\n\t\t\t\t<a href='https:\/\/d2p6e6u75xmxt8.cloudfront.net\/4\/2025\/05\/maraton_skodaMTB_rajteplice2025_156.webp'><img loading=\"lazy\" decoding=\"async\" width=\"990\" height=\"660\" src=\"https:\/\/d2p6e6u75xmxt8.cloudfront.net\/4\/2025\/05\/maraton_skodaMTB_rajteplice2025_156.webp\" class=\"attachment-full size-full\" alt=\"\" srcset=\"https:\/\/d2p6e6u75xmxt8.cloudfront.net\/4\/2025\/05\/maraton_skodaMTB_rajteplice2025_156.webp 990w, https:\/\/d2p6e6u75xmxt8.cloudfront.net\/4\/2025\/05\/maraton_skodaMTB_rajteplice2025_156-300x200.webp 300w, https:\/\/d2p6e6u75xmxt8.cloudfront.net\/4\/2025\/05\/maraton_skodaMTB_rajteplice2025_156-768x512.webp 768w, https:\/\/d2p6e6u75xmxt8.cloudfront.net\/4\/2025\/05\/maraton_skodaMTB_rajteplice2025_156-400x267.webp 400w, https:\/\/d2p6e6u75xmxt8.cloudfront.net\/4\/2025\/05\/maraton_skodaMTB_rajteplice2025_156-272x182.webp 272w\" sizes=\"auto, (max-width: 990px) 100vw, 990px\" \/><\/a>\n\t\t\t<\/div><\/figure><figure class='gallery-item'>\n\t\t\t<div class='gallery-icon landscape'>\n\t\t\t\t<a href='https:\/\/d2p6e6u75xmxt8.cloudfront.net\/4\/2025\/05\/maraton_skodaMTB_rajteplice2025_172.webp'><img loading=\"lazy\" decoding=\"async\" width=\"990\" height=\"660\" src=\"https:\/\/d2p6e6u75xmxt8.cloudfront.net\/4\/2025\/05\/maraton_skodaMTB_rajteplice2025_172.webp\" class=\"attachment-full size-full\" alt=\"\" srcset=\"https:\/\/d2p6e6u75xmxt8.cloudfront.net\/4\/2025\/05\/maraton_skodaMTB_rajteplice2025_172.webp 990w, https:\/\/d2p6e6u75xmxt8.cloudfront.net\/4\/2025\/05\/maraton_skodaMTB_rajteplice2025_172-300x200.webp 300w, https:\/\/d2p6e6u75xmxt8.cloudfront.net\/4\/2025\/05\/maraton_skodaMTB_rajteplice2025_172-768x512.webp 768w, https:\/\/d2p6e6u75xmxt8.cloudfront.net\/4\/2025\/05\/maraton_skodaMTB_rajteplice2025_172-400x267.webp 400w, https:\/\/d2p6e6u75xmxt8.cloudfront.net\/4\/2025\/05\/maraton_skodaMTB_rajteplice2025_172-272x182.webp 272w\" sizes=\"auto, (max-width: 990px) 100vw, 990px\" \/><\/a>\n\t\t\t<\/div><\/figure>\n\t\t<\/div>\n\n<h2><strong>Trate, po\u010dasie, oble\u010denie a in\u00e9 starosti<\/strong><\/h2>\n<p><span style=\"font-weight: 400;\">K dispoz\u00edcii bola op\u00e4\u0165 pestr\u00e1 paleta trat\u00ed. <\/span><b>Najdlh\u0161ia marat\u00f3nska (70 km\/2000 v. m)<\/b><span style=\"font-weight: 400;\"> od\u0161tartovala o 9:00, nasledovala <\/span><b>polmarat\u00f3nska (41 km\/1100 v. m),<\/b><span style=\"font-weight: 400;\"> ktor\u00e1 hostila aj kateg\u00f3rie pre e-biky a gravelistov, \u010falej <\/span><b>hobby tra\u0165 (29 km\/730 v. m)<\/b><span style=\"font-weight: 400;\"> a napokon rodinn\u00e1 <\/span><b>\u0160koda Family tra\u0165 (9,5 km\/170 v. m)<\/b><span style=\"font-weight: 400;\">.<\/span><\/p>\n<p><span style=\"font-weight: 400;\">Po\u010dasie? Typick\u00e9 m\u00e1jov\u00e9, ako vystrihnut\u00e9 z&#8230; novembra. R\u00e1no poriadna kosa, no aspo\u0148 sa nekonal s\u013eubovan\u00fd d\u00e1\u017e\u010f. V\u00fdber oble\u010denia bol tak trochu alch\u00fdmia: zateplen\u00e9 kr\u00e1tke nohavice (top vec, odpor\u00fa\u010dam), hrub\u0161\u00ed dres, n\u00e1teln\u00edk, n\u00e1vleky na ruky \u2013 a rozm\u00fd\u0161\u013eal som aj nad vestou, ale nakoniec ostala doma. V tomto smere som to trafil.<\/span><\/p>\n<h2><strong>Tradi\u010dne neskoro<\/strong><\/h2>\n<p><span style=\"font-weight: 400;\">Ak je nie\u010do, \u010do rob\u00edm v Rajeck\u00fdch tradi\u010dne, tak je to pr\u00edchod s minim\u00e1lnou \u010dasovou rezervou. R\u00e1tam si to ve\u010der: rann\u00e1 pr\u00edprava, ra\u0148ajky, cesta, a hoci som z matematiky maturoval, v\u00fdsledok je ka\u017ed\u00fd rok rovnak\u00fd \u2013 pr\u00edchod cca 40 min\u00fat pred \u0161tartom. V\u00fdsledok? Zobra\u0165 \u010d\u00edslo, nachysta\u0165 bike, kr\u00e1tky rozjazd a zrazu je 5 min\u00fat do \u0161tartu. Kde som? Samozrejme \u2013 ved\u013ea na l\u00fake. <strong>Op\u00e4\u0165 si nad\u00e1vam, \u017ee rob\u00edm t\u00fa ist\u00fa chybu. Dnes, \u017eia\u013e, nie posledn\u00fa.<\/strong><\/span><\/p>\n<div id='gallery-2' class='gallery galleryid-20345 gallery-columns-2 gallery-size-full'><figure class='gallery-item'>\n\t\t\t<div class='gallery-icon landscape'>\n\t\t\t\t<a href='https:\/\/d2p6e6u75xmxt8.cloudfront.net\/4\/2025\/05\/maraton_skodaMTB_rajteplice2025_014-1.webp'><img loading=\"lazy\" decoding=\"async\" width=\"990\" height=\"660\" src=\"https:\/\/d2p6e6u75xmxt8.cloudfront.net\/4\/2025\/05\/maraton_skodaMTB_rajteplice2025_014-1.webp\" class=\"attachment-full size-full\" alt=\"\" srcset=\"https:\/\/d2p6e6u75xmxt8.cloudfront.net\/4\/2025\/05\/maraton_skodaMTB_rajteplice2025_014-1.webp 990w, https:\/\/d2p6e6u75xmxt8.cloudfront.net\/4\/2025\/05\/maraton_skodaMTB_rajteplice2025_014-1-300x200.webp 300w, https:\/\/d2p6e6u75xmxt8.cloudfront.net\/4\/2025\/05\/maraton_skodaMTB_rajteplice2025_014-1-768x512.webp 768w, https:\/\/d2p6e6u75xmxt8.cloudfront.net\/4\/2025\/05\/maraton_skodaMTB_rajteplice2025_014-1-400x267.webp 400w, https:\/\/d2p6e6u75xmxt8.cloudfront.net\/4\/2025\/05\/maraton_skodaMTB_rajteplice2025_014-1-272x182.webp 272w\" sizes=\"auto, (max-width: 990px) 100vw, 990px\" \/><\/a>\n\t\t\t<\/div><\/figure><figure class='gallery-item'>\n\t\t\t<div class='gallery-icon landscape'>\n\t\t\t\t<a href='https:\/\/d2p6e6u75xmxt8.cloudfront.net\/4\/2025\/05\/maraton_skodaMTB_rajteplice2025_116.webp'><img loading=\"lazy\" decoding=\"async\" width=\"990\" height=\"660\" src=\"https:\/\/d2p6e6u75xmxt8.cloudfront.net\/4\/2025\/05\/maraton_skodaMTB_rajteplice2025_116.webp\" class=\"attachment-full size-full\" alt=\"\" srcset=\"https:\/\/d2p6e6u75xmxt8.cloudfront.net\/4\/2025\/05\/maraton_skodaMTB_rajteplice2025_116.webp 990w, https:\/\/d2p6e6u75xmxt8.cloudfront.net\/4\/2025\/05\/maraton_skodaMTB_rajteplice2025_116-300x200.webp 300w, https:\/\/d2p6e6u75xmxt8.cloudfront.net\/4\/2025\/05\/maraton_skodaMTB_rajteplice2025_116-768x512.webp 768w, https:\/\/d2p6e6u75xmxt8.cloudfront.net\/4\/2025\/05\/maraton_skodaMTB_rajteplice2025_116-400x267.webp 400w, https:\/\/d2p6e6u75xmxt8.cloudfront.net\/4\/2025\/05\/maraton_skodaMTB_rajteplice2025_116-272x182.webp 272w\" sizes=\"auto, (max-width: 990px) 100vw, 990px\" \/><\/a>\n\t\t\t<\/div><\/figure>\n\t\t<\/div>\n\n<h2><strong>\u0160tart, kde to e\u0161te ide<\/strong><\/h2>\n<p><span style=\"font-weight: 400;\">V\u00fdstrel z pi\u0161tole a vy\u0161e stovka pretek\u00e1rov sa rozbieha. Vyu\u017e\u00edvam dedinsk\u00fd \u00fasek a \u0165a\u017e\u00edm z v\u00fdhod HT-\u010dka \u2013 \u017eiadny zadn\u00fd tlmi\u010d, ni\u017e\u0161ia hmotnos\u0165 a slu\u0161n\u00e9 zr\u00fdchlenie. Podar\u00ed sa mi posun\u00fa\u0165 aspo\u0148 do polovice \u0161tartov\u00e9ho po\u013ea. Prv\u00e9 st\u00fapanie smerom na Str\u00e1nske idem celkom svi\u017ene a aj pod\u013ea porovnania s minul\u00fdm rokom m\u00e1m lep\u0161ie \u010dasy. Tempo si ust\u00e1lim a\u00a0tla\u010d\u00edm to hore dolinou.<\/span><\/p>\n<p><span style=\"font-weight: 400;\">Telo sa zahrialo, n\u00e1vleky id\u00fa dolu. <strong>C\u00edtim v\u0161ak, \u017ee nie\u010do nehr\u00e1 \u2013 skupina mi unik\u00e1 a tempo je ak\u00e9si vla\u017en\u00e9.<\/strong> Op\u00e4\u0165 sa mi potvrdzuje, \u017ee ke\u010f idem v bal\u00edku, dr\u017e\u00edm si tempo lep\u0161ie. Tentokr\u00e1t som v\u0161ak viac vzadu \u2013 a plat\u00edm za to.<\/span><\/p>\n<div id='gallery-3' class='gallery galleryid-20345 gallery-columns-2 gallery-size-full'><figure class='gallery-item'>\n\t\t\t<div class='gallery-icon landscape'>\n\t\t\t\t<a href='https:\/\/d2p6e6u75xmxt8.cloudfront.net\/4\/2025\/05\/maraton_skodaMTB_rajteplice2025_202.webp'><img loading=\"lazy\" decoding=\"async\" width=\"990\" height=\"660\" src=\"https:\/\/d2p6e6u75xmxt8.cloudfront.net\/4\/2025\/05\/maraton_skodaMTB_rajteplice2025_202.webp\" class=\"attachment-full size-full\" alt=\"\" srcset=\"https:\/\/d2p6e6u75xmxt8.cloudfront.net\/4\/2025\/05\/maraton_skodaMTB_rajteplice2025_202.webp 990w, https:\/\/d2p6e6u75xmxt8.cloudfront.net\/4\/2025\/05\/maraton_skodaMTB_rajteplice2025_202-300x200.webp 300w, https:\/\/d2p6e6u75xmxt8.cloudfront.net\/4\/2025\/05\/maraton_skodaMTB_rajteplice2025_202-768x512.webp 768w, https:\/\/d2p6e6u75xmxt8.cloudfront.net\/4\/2025\/05\/maraton_skodaMTB_rajteplice2025_202-400x267.webp 400w, https:\/\/d2p6e6u75xmxt8.cloudfront.net\/4\/2025\/05\/maraton_skodaMTB_rajteplice2025_202-272x182.webp 272w\" sizes=\"auto, (max-width: 990px) 100vw, 990px\" \/><\/a>\n\t\t\t<\/div><\/figure><figure class='gallery-item'>\n\t\t\t<div class='gallery-icon landscape'>\n\t\t\t\t<a href='https:\/\/d2p6e6u75xmxt8.cloudfront.net\/4\/2025\/05\/maraton_skodaMTB_rajteplice2025_219.webp'><img loading=\"lazy\" decoding=\"async\" width=\"990\" height=\"660\" src=\"https:\/\/d2p6e6u75xmxt8.cloudfront.net\/4\/2025\/05\/maraton_skodaMTB_rajteplice2025_219.webp\" class=\"attachment-full size-full\" alt=\"\" srcset=\"https:\/\/d2p6e6u75xmxt8.cloudfront.net\/4\/2025\/05\/maraton_skodaMTB_rajteplice2025_219.webp 990w, https:\/\/d2p6e6u75xmxt8.cloudfront.net\/4\/2025\/05\/maraton_skodaMTB_rajteplice2025_219-300x200.webp 300w, https:\/\/d2p6e6u75xmxt8.cloudfront.net\/4\/2025\/05\/maraton_skodaMTB_rajteplice2025_219-768x512.webp 768w, https:\/\/d2p6e6u75xmxt8.cloudfront.net\/4\/2025\/05\/maraton_skodaMTB_rajteplice2025_219-400x267.webp 400w, https:\/\/d2p6e6u75xmxt8.cloudfront.net\/4\/2025\/05\/maraton_skodaMTB_rajteplice2025_219-272x182.webp 272w\" sizes=\"auto, (max-width: 990px) 100vw, 990px\" \/><\/a>\n\t\t\t<\/div><\/figure>\n\t\t<\/div>\n\n<h2><b>Zjazd, kde to a\u017e tak nejde<\/b><\/h2>\n<p><span style=\"font-weight: 400;\">Asfalt skon\u010d\u00ed a\u00a0nasleduje lesn\u00e1 cesta \u2013 pri kr\u00ed\u017ei viem, \u017ee sa to l\u00e1me. Nasleduje zjazd, kde sa u\u017e v\u00fdhody HT-\u010dka rozpl\u00fdvaj\u00fa. Full by tu v\u00fdrazne pomohol. Hoci zjazdujem o p\u00e1r sek\u00fand r\u00fdchlej\u0161ie ako minul\u00fd rok, stratu v st\u00fapan\u00ed som nedobehol. Na zjazde to chce v\u00e4\u010d\u0161iu pr\u00e1cu s telom, \u017eiadne pohodln\u00e9 \u201evozenie sa dole\u201c.<\/span><\/p>\n<p><span style=\"font-weight: 400;\"><strong>Druh\u00e1 dolina nad Kuneradom je ako cez kopir\u00e1k.<\/strong> Idem s\u00e1m, tempo si dr\u017e\u00edm, ale ch\u00fdba dynamika skupiny. Zjazd k z\u00e1mku, n\u00e1sledne \u0161vih do Kuneradu a cez chatky prich\u00e1dzame k bufetu. Tu sa stredn\u00e1 tra\u0165 odp\u00e1ja a my, \u201ebl\u00e1zni\u201c, si ideme da\u0165 e\u0161te druh\u00e9 kolo.<\/span><\/p>\n<div id='gallery-4' class='gallery galleryid-20345 gallery-columns-2 gallery-size-full'><figure class='gallery-item'>\n\t\t\t<div class='gallery-icon landscape'>\n\t\t\t\t<a href='https:\/\/d2p6e6u75xmxt8.cloudfront.net\/4\/2025\/05\/maraton_skodaMTB_rajteplice2025_228.webp'><img loading=\"lazy\" decoding=\"async\" width=\"990\" height=\"660\" src=\"https:\/\/d2p6e6u75xmxt8.cloudfront.net\/4\/2025\/05\/maraton_skodaMTB_rajteplice2025_228.webp\" class=\"attachment-full size-full\" alt=\"\" srcset=\"https:\/\/d2p6e6u75xmxt8.cloudfront.net\/4\/2025\/05\/maraton_skodaMTB_rajteplice2025_228.webp 990w, https:\/\/d2p6e6u75xmxt8.cloudfront.net\/4\/2025\/05\/maraton_skodaMTB_rajteplice2025_228-300x200.webp 300w, https:\/\/d2p6e6u75xmxt8.cloudfront.net\/4\/2025\/05\/maraton_skodaMTB_rajteplice2025_228-768x512.webp 768w, https:\/\/d2p6e6u75xmxt8.cloudfront.net\/4\/2025\/05\/maraton_skodaMTB_rajteplice2025_228-400x267.webp 400w, https:\/\/d2p6e6u75xmxt8.cloudfront.net\/4\/2025\/05\/maraton_skodaMTB_rajteplice2025_228-272x182.webp 272w\" sizes=\"auto, (max-width: 990px) 100vw, 990px\" \/><\/a>\n\t\t\t<\/div><\/figure><figure class='gallery-item'>\n\t\t\t<div class='gallery-icon landscape'>\n\t\t\t\t<a href='https:\/\/d2p6e6u75xmxt8.cloudfront.net\/4\/2025\/05\/maraton_skodaMTB_rajteplice2025_232.webp'><img loading=\"lazy\" decoding=\"async\" width=\"990\" height=\"660\" src=\"https:\/\/d2p6e6u75xmxt8.cloudfront.net\/4\/2025\/05\/maraton_skodaMTB_rajteplice2025_232.webp\" class=\"attachment-full size-full\" alt=\"\" srcset=\"https:\/\/d2p6e6u75xmxt8.cloudfront.net\/4\/2025\/05\/maraton_skodaMTB_rajteplice2025_232.webp 990w, https:\/\/d2p6e6u75xmxt8.cloudfront.net\/4\/2025\/05\/maraton_skodaMTB_rajteplice2025_232-300x200.webp 300w, https:\/\/d2p6e6u75xmxt8.cloudfront.net\/4\/2025\/05\/maraton_skodaMTB_rajteplice2025_232-768x512.webp 768w, https:\/\/d2p6e6u75xmxt8.cloudfront.net\/4\/2025\/05\/maraton_skodaMTB_rajteplice2025_232-400x267.webp 400w, https:\/\/d2p6e6u75xmxt8.cloudfront.net\/4\/2025\/05\/maraton_skodaMTB_rajteplice2025_232-272x182.webp 272w\" sizes=\"auto, (max-width: 990px) 100vw, 990px\" \/><\/a>\n\t\t\t<\/div><\/figure>\n\t\t<\/div>\n\n<h2><strong>V\u00fd\u017eiva, chyby a nie pr\u00e1ve skvel\u00fd n\u00e1pad s tretrami<\/strong><\/h2>\n<p><span style=\"font-weight: 400;\">Na v\u00fd\u017eivu som si d\u00e1val pozor: g\u00e9l pred st\u00fapan\u00edm, hore ovocn\u00e9 \u017eel\u00e9. Tuh\u00fa stravu po\u010das jazdy neob\u013eubujem \u2013 ke\u010f mus\u00edm \u017eu\u0165, u\u017e to nie je z\u00e1bava. Pitie? Tu som si musel da\u0165 p\u00e1r p\u00e1uz, aj kv\u00f4li chladu. V dolin\u00e1ch bolo miestami len 8\u20139 \u00b0C, tak\u017ee potreba vody smerom von bola naliehavej\u0161ia ne\u017e smerom dnu.<\/span><\/p>\n<p><span style=\"font-weight: 400;\">A teraz moja najv\u00e4\u010d\u0161ia chyba \u2013 zmena obuvi. <strong>K\u00fapil som si rovnak\u00e9 tretry ako predt\u00fdm, len o pol \u010d\u00edsla v\u00e4\u010d\u0161ie<\/strong> (viem, \u017ee to znie rozumne, ale star\u00e9 boli tro\u0161ku men\u0161ie). Mal som ich p\u00e1r dn\u00ed odsk\u00fa\u0161an\u00e9, ale v de\u0148 marat\u00f3nu som do nich e\u0161te hodil ortopedick\u00e9 vlo\u017eky. V\u00fdsledok? Po 30 min\u00fatach tlak na chodidl\u00e1, ktor\u00fd neust\u00fapil ani po uvo\u013enen\u00ed zap\u00ednania. Klasick\u00e1 \u0161kol\u00e1cka chyba \u2013 pred pretekmi sa nemen\u00ed ni\u010d. Pozn\u00e1me ju v\u0161etci. A predsa ju treba za\u017ei\u0165. Ide\u00e1lne nie viackr\u00e1t.<\/span><\/p>\n<div id='gallery-5' class='gallery galleryid-20345 gallery-columns-2 gallery-size-full'><figure class='gallery-item'>\n\t\t\t<div class='gallery-icon landscape'>\n\t\t\t\t<a href='https:\/\/d2p6e6u75xmxt8.cloudfront.net\/4\/2025\/05\/maraton_skodaMTB_rajteplice2025_226.webp'><img loading=\"lazy\" decoding=\"async\" width=\"990\" height=\"660\" src=\"https:\/\/d2p6e6u75xmxt8.cloudfront.net\/4\/2025\/05\/maraton_skodaMTB_rajteplice2025_226.webp\" class=\"attachment-full size-full\" alt=\"\" srcset=\"https:\/\/d2p6e6u75xmxt8.cloudfront.net\/4\/2025\/05\/maraton_skodaMTB_rajteplice2025_226.webp 990w, https:\/\/d2p6e6u75xmxt8.cloudfront.net\/4\/2025\/05\/maraton_skodaMTB_rajteplice2025_226-300x200.webp 300w, https:\/\/d2p6e6u75xmxt8.cloudfront.net\/4\/2025\/05\/maraton_skodaMTB_rajteplice2025_226-768x512.webp 768w, https:\/\/d2p6e6u75xmxt8.cloudfront.net\/4\/2025\/05\/maraton_skodaMTB_rajteplice2025_226-400x267.webp 400w, https:\/\/d2p6e6u75xmxt8.cloudfront.net\/4\/2025\/05\/maraton_skodaMTB_rajteplice2025_226-272x182.webp 272w\" sizes=\"auto, (max-width: 990px) 100vw, 990px\" \/><\/a>\n\t\t\t<\/div><\/figure><figure class='gallery-item'>\n\t\t\t<div class='gallery-icon landscape'>\n\t\t\t\t<a href='https:\/\/d2p6e6u75xmxt8.cloudfront.net\/4\/2025\/05\/maraton_skodaMTB_rajteplice2025_235.webp'><img loading=\"lazy\" decoding=\"async\" width=\"990\" height=\"660\" src=\"https:\/\/d2p6e6u75xmxt8.cloudfront.net\/4\/2025\/05\/maraton_skodaMTB_rajteplice2025_235.webp\" class=\"attachment-full size-full\" alt=\"\" srcset=\"https:\/\/d2p6e6u75xmxt8.cloudfront.net\/4\/2025\/05\/maraton_skodaMTB_rajteplice2025_235.webp 990w, https:\/\/d2p6e6u75xmxt8.cloudfront.net\/4\/2025\/05\/maraton_skodaMTB_rajteplice2025_235-300x200.webp 300w, https:\/\/d2p6e6u75xmxt8.cloudfront.net\/4\/2025\/05\/maraton_skodaMTB_rajteplice2025_235-768x512.webp 768w, https:\/\/d2p6e6u75xmxt8.cloudfront.net\/4\/2025\/05\/maraton_skodaMTB_rajteplice2025_235-400x267.webp 400w, https:\/\/d2p6e6u75xmxt8.cloudfront.net\/4\/2025\/05\/maraton_skodaMTB_rajteplice2025_235-272x182.webp 272w\" sizes=\"auto, (max-width: 990px) 100vw, 990px\" \/><\/a>\n\t\t\t<\/div><\/figure>\n\t\t<\/div>\n\n<h2><strong>Druh\u00e9 kolo a zbyto\u010dne u\u0161etren\u00fd v\u00fdkon<\/strong><\/h2>\n<p><span style=\"font-weight: 400;\">V druhom kole sa aspo\u0148 chv\u00ed\u013eu do\u0165ahujem s jedn\u00fdm jazdcom \u2013 on mi ulet\u00ed do kopca, ja ho dobehnem dole. Ale po druhom zjazde sa c\u00edtim a\u017e pr\u00edli\u0161 silno. <strong>A tu mi to doch\u00e1dza \u2013 \u0161etril som sa zbyto\u010dne.<\/strong> Energia bola, len som ju nepustil von.<\/span><\/p>\n<p><span style=\"font-weight: 400;\">Na poslednom bufete si e\u0161te d\u00e1vam kr\u00e1tku zast\u00e1vku, celkovo som st\u00e1l trikr\u00e1t. Potom u\u017e len pln\u00fd plyn. Z\u00e1ver trate bol oproti minul\u00e9mu roku mierne zmenen\u00fd \u2013 za m\u0148a ur\u010dite k lep\u0161iemu. Polia pred Str\u00e1nskym som si odmakal, na\u0161iel som najhlad\u0161iu stopu a podarilo sa mi dobehn\u00fa\u0165 zop\u00e1r pretek\u00e1rov, ktor\u00ed mi u\u0161li na za\u010diatku.<\/span><\/p>\n<p><span style=\"font-weight: 400;\">Aby to nebolo bez adrenal\u00ednu \u2013 pri prechode cez hlavn\u00fa cestu to skoro vyzeralo na leteck\u00fd de\u0148. Na\u0161\u0165astie, reflexy zafungovali.<\/span><\/p>\n<div id='gallery-6' class='gallery galleryid-20345 gallery-columns-2 gallery-size-full'><figure class='gallery-item'>\n\t\t\t<div class='gallery-icon landscape'>\n\t\t\t\t<a href='https:\/\/d2p6e6u75xmxt8.cloudfront.net\/4\/2025\/05\/maraton_skodaMTB_rajteplice2025_334.webp'><img loading=\"lazy\" decoding=\"async\" width=\"990\" height=\"660\" src=\"https:\/\/d2p6e6u75xmxt8.cloudfront.net\/4\/2025\/05\/maraton_skodaMTB_rajteplice2025_334.webp\" class=\"attachment-full size-full\" alt=\"\" srcset=\"https:\/\/d2p6e6u75xmxt8.cloudfront.net\/4\/2025\/05\/maraton_skodaMTB_rajteplice2025_334.webp 990w, https:\/\/d2p6e6u75xmxt8.cloudfront.net\/4\/2025\/05\/maraton_skodaMTB_rajteplice2025_334-300x200.webp 300w, https:\/\/d2p6e6u75xmxt8.cloudfront.net\/4\/2025\/05\/maraton_skodaMTB_rajteplice2025_334-768x512.webp 768w, https:\/\/d2p6e6u75xmxt8.cloudfront.net\/4\/2025\/05\/maraton_skodaMTB_rajteplice2025_334-400x267.webp 400w, https:\/\/d2p6e6u75xmxt8.cloudfront.net\/4\/2025\/05\/maraton_skodaMTB_rajteplice2025_334-272x182.webp 272w\" sizes=\"auto, (max-width: 990px) 100vw, 990px\" \/><\/a>\n\t\t\t<\/div><\/figure><figure class='gallery-item'>\n\t\t\t<div class='gallery-icon landscape'>\n\t\t\t\t<a href='https:\/\/d2p6e6u75xmxt8.cloudfront.net\/4\/2025\/05\/maraton_skodaMTB_rajteplice2025_406.webp'><img loading=\"lazy\" decoding=\"async\" width=\"990\" height=\"660\" src=\"https:\/\/d2p6e6u75xmxt8.cloudfront.net\/4\/2025\/05\/maraton_skodaMTB_rajteplice2025_406.webp\" class=\"attachment-full size-full\" alt=\"\" srcset=\"https:\/\/d2p6e6u75xmxt8.cloudfront.net\/4\/2025\/05\/maraton_skodaMTB_rajteplice2025_406.webp 990w, https:\/\/d2p6e6u75xmxt8.cloudfront.net\/4\/2025\/05\/maraton_skodaMTB_rajteplice2025_406-300x200.webp 300w, https:\/\/d2p6e6u75xmxt8.cloudfront.net\/4\/2025\/05\/maraton_skodaMTB_rajteplice2025_406-768x512.webp 768w, https:\/\/d2p6e6u75xmxt8.cloudfront.net\/4\/2025\/05\/maraton_skodaMTB_rajteplice2025_406-400x267.webp 400w, https:\/\/d2p6e6u75xmxt8.cloudfront.net\/4\/2025\/05\/maraton_skodaMTB_rajteplice2025_406-272x182.webp 272w\" sizes=\"auto, (max-width: 990px) 100vw, 990px\" \/><\/a>\n\t\t\t<\/div><\/figure>\n\t\t<\/div>\n\n<h2><b>Cie\u013e, Garmin a zhodnotenie<\/b><\/h2>\n<p><span style=\"font-weight: 400;\">Mal som nastaven\u00fd cie\u013e v\u00a0Garmine \u2013 malo to by\u0165 3:40 h. V roku 2024 som mal 3:50 h, tak som si povedal, \u017ee aspo\u0148 o 10 min\u00fat lep\u0161ie. Neuvedomil som si ale, \u017ee tra\u0165 bola mierne skr\u00e1ten\u00e1. <strong>Nakoniec: \u010dist\u00fd \u010das 3:39:59, ofici\u00e1lny \u010das 3:42:57.<\/strong> Cie\u013e pod\u013ea Garminu splnen\u00fd, juch\u00fa! A\u00a0v\u00ed\u0165az pretekov mi \u201eu\u0161iel\u201c o\u00a0menej ako hodinu, \u010do m\u00f4\u017eem bra\u0165 ako \u00faspech. Minul\u00fd rok to bolo cez hodinu.<\/span><\/p>\n<p><span style=\"font-weight: 400;\">A zhodnotenie? V st\u00fapaniach som dr\u017eal ni\u017e\u0161ie tempo ne\u017e minul\u00fd rok, hoci som mal HT. Zjazdy boli fajn, ale bez v\u00fdrazn\u00e9ho zisku. Strat\u00e9gia z\u00edska\u0165 v kopci a nestrati\u0165 v zjazde sa rozplynula. Trin\u00e1stka na \u0161tartovom \u010d\u00edsle mi s\u00edce priniesla \u0161\u0165astie v podobe bezprobl\u00e9mov\u00fdch pretekov, ale aj jasn\u00fd sign\u00e1l: o rok \u017eiadne zmeny na posledn\u00fa chv\u00ed\u013eu. A hlavne \u2013 viac kr\u00fati\u0165, menej \u0161etri\u0165. Lebo ak \u010dlovek d\u00f4jde do cie\u013ea s pocitom, \u017ee si ide e\u0161te da\u0165 \u010fal\u0161\u00edch 30 km, tak nie\u010do nevyu\u017eil naplno.<\/span><\/p>\n<h2><strong>V\u00fdsledky a z\u00e1zemie<\/strong><\/h2>\n<p><span style=\"font-weight: 400;\">Celkov\u00fdm v\u00ed\u0165azom na <\/span><b>dlhej trati<\/b><span style=\"font-weight: 400;\"> s par\u00e1dnym \u010dasom <\/span><b>2:44:27<\/b><span style=\"font-weight: 400;\"> sa stal <\/span><b>Tom\u00e1\u0161 Vi\u0161\u0148ovsk\u00fd<\/b><span style=\"font-weight: 400;\">. Medzi \u017eenami dominovala <\/span><b>Martina Krahulcov\u00e1<\/b><span style=\"font-weight: 400;\">, ktor\u00e1 pre\u0161la cie\u013eom v \u010dase <\/span><b>3:25:28<\/b><span style=\"font-weight: 400;\">.<\/span><\/p>\n<div id='gallery-7' class='gallery galleryid-20345 gallery-columns-2 gallery-size-full'><figure class='gallery-item'>\n\t\t\t<div class='gallery-icon landscape'>\n\t\t\t\t<a href='https:\/\/d2p6e6u75xmxt8.cloudfront.net\/4\/2025\/05\/maraton_skodaMTB_rajteplice2025_451.webp'><img loading=\"lazy\" decoding=\"async\" width=\"990\" height=\"660\" src=\"https:\/\/d2p6e6u75xmxt8.cloudfront.net\/4\/2025\/05\/maraton_skodaMTB_rajteplice2025_451.webp\" class=\"attachment-full size-full\" alt=\"\" srcset=\"https:\/\/d2p6e6u75xmxt8.cloudfront.net\/4\/2025\/05\/maraton_skodaMTB_rajteplice2025_451.webp 990w, https:\/\/d2p6e6u75xmxt8.cloudfront.net\/4\/2025\/05\/maraton_skodaMTB_rajteplice2025_451-300x200.webp 300w, https:\/\/d2p6e6u75xmxt8.cloudfront.net\/4\/2025\/05\/maraton_skodaMTB_rajteplice2025_451-768x512.webp 768w, https:\/\/d2p6e6u75xmxt8.cloudfront.net\/4\/2025\/05\/maraton_skodaMTB_rajteplice2025_451-400x267.webp 400w, https:\/\/d2p6e6u75xmxt8.cloudfront.net\/4\/2025\/05\/maraton_skodaMTB_rajteplice2025_451-272x182.webp 272w\" sizes=\"auto, (max-width: 990px) 100vw, 990px\" \/><\/a>\n\t\t\t<\/div><\/figure><figure class='gallery-item'>\n\t\t\t<div class='gallery-icon landscape'>\n\t\t\t\t<a href='https:\/\/d2p6e6u75xmxt8.cloudfront.net\/4\/2025\/05\/maraton_skodaMTB_rajteplice2025_447.webp'><img loading=\"lazy\" decoding=\"async\" width=\"990\" height=\"660\" src=\"https:\/\/d2p6e6u75xmxt8.cloudfront.net\/4\/2025\/05\/maraton_skodaMTB_rajteplice2025_447.webp\" class=\"attachment-full size-full\" alt=\"\" srcset=\"https:\/\/d2p6e6u75xmxt8.cloudfront.net\/4\/2025\/05\/maraton_skodaMTB_rajteplice2025_447.webp 990w, https:\/\/d2p6e6u75xmxt8.cloudfront.net\/4\/2025\/05\/maraton_skodaMTB_rajteplice2025_447-300x200.webp 300w, https:\/\/d2p6e6u75xmxt8.cloudfront.net\/4\/2025\/05\/maraton_skodaMTB_rajteplice2025_447-768x512.webp 768w, https:\/\/d2p6e6u75xmxt8.cloudfront.net\/4\/2025\/05\/maraton_skodaMTB_rajteplice2025_447-400x267.webp 400w, https:\/\/d2p6e6u75xmxt8.cloudfront.net\/4\/2025\/05\/maraton_skodaMTB_rajteplice2025_447-272x182.webp 272w\" sizes=\"auto, (max-width: 990px) 100vw, 990px\" \/><\/a>\n\t\t\t<\/div><\/figure>\n\t\t<\/div>\n\n<p><span style=\"font-weight: 400;\">Na <\/span><b>strednej trati<\/b><span style=\"font-weight: 400;\"> bol najr\u00fdchlej\u0161\u00ed <\/span><b>Mat\u011bj Mal\u00fd<\/b><span style=\"font-weight: 400;\"> s\u00a0\u010dasom <\/span><b>1:36:05<\/b><span style=\"font-weight: 400;\"> a z v\u00ed\u0165azstva sa te\u0161ila aj <\/span><b>Miriam \u0160ichtov\u00e1 <\/b><span style=\"font-weight: 400;\">s \u010dasom <\/span><b>2:01:29<\/b><span style=\"font-weight: 400;\">. <\/span><b>Gravelistov<\/b><span style=\"font-weight: 400;\"> bolo op\u00e4\u0165 viac a najr\u00fdchlej\u0161ie to preletel <\/span><b>Marek Vykoukal<\/b><span style=\"font-weight: 400;\"> s \u010dasom <\/span><b>1:44:59<\/b><span style=\"font-weight: 400;\">. <\/span>Kompletn\u00e9 v\u00fdsledky n\u00e1jdete na <a href=\"https:\/\/vysledky.sportsoft.cz\/race\/552\" target=\"_blank\" rel=\"noopener\">tomto odkaze<\/a>.<\/p>\n<p><span style=\"font-weight: 400;\">Organiz\u00e1cia dopadla ako v\u017edy na v\u00fdborn\u00fa. Sk\u00fasen\u00fd t\u00edm okolo podujatia nenech\u00e1va ni\u010d na n\u00e1hodu a z\u00e1zemie v Rajeck\u00fdch Tepliciach je u\u017e roky vysok\u00fdm \u0161tandardom.\u00a0<\/span><span style=\"font-weight: 400;\">Tento rok boli k dispoz\u00edcii aj prenosn\u00e9 sprchy (tie p\u00f4vodn\u00e9 sa toti\u017e rekon\u0161truovali), um\u00fdvanie bicyklov, plnohodnotn\u00e9 ob\u010derstvenie a sprievodn\u00fd program v \u0160koda Village zabavil cel\u00fa rodinu.\u00a0<\/span><\/p>\n<div id='gallery-8' class='gallery galleryid-20345 gallery-columns-2 gallery-size-full'><figure class='gallery-item'>\n\t\t\t<div class='gallery-icon landscape'>\n\t\t\t\t<a href='https:\/\/d2p6e6u75xmxt8.cloudfront.net\/4\/2025\/05\/maraton_skodaMTB_rajteplice2025_280.webp'><img loading=\"lazy\" decoding=\"async\" width=\"990\" height=\"660\" src=\"https:\/\/d2p6e6u75xmxt8.cloudfront.net\/4\/2025\/05\/maraton_skodaMTB_rajteplice2025_280.webp\" class=\"attachment-full size-full\" alt=\"\" srcset=\"https:\/\/d2p6e6u75xmxt8.cloudfront.net\/4\/2025\/05\/maraton_skodaMTB_rajteplice2025_280.webp 990w, https:\/\/d2p6e6u75xmxt8.cloudfront.net\/4\/2025\/05\/maraton_skodaMTB_rajteplice2025_280-300x200.webp 300w, https:\/\/d2p6e6u75xmxt8.cloudfront.net\/4\/2025\/05\/maraton_skodaMTB_rajteplice2025_280-768x512.webp 768w, https:\/\/d2p6e6u75xmxt8.cloudfront.net\/4\/2025\/05\/maraton_skodaMTB_rajteplice2025_280-400x267.webp 400w, https:\/\/d2p6e6u75xmxt8.cloudfront.net\/4\/2025\/05\/maraton_skodaMTB_rajteplice2025_280-272x182.webp 272w\" sizes=\"auto, (max-width: 990px) 100vw, 990px\" \/><\/a>\n\t\t\t<\/div><\/figure><figure class='gallery-item'>\n\t\t\t<div class='gallery-icon landscape'>\n\t\t\t\t<a href='https:\/\/d2p6e6u75xmxt8.cloudfront.net\/4\/2025\/05\/maraton_skodaMTB_rajteplice2025_376.webp'><img loading=\"lazy\" decoding=\"async\" width=\"990\" height=\"660\" src=\"https:\/\/d2p6e6u75xmxt8.cloudfront.net\/4\/2025\/05\/maraton_skodaMTB_rajteplice2025_376.webp\" class=\"attachment-full size-full\" alt=\"\" srcset=\"https:\/\/d2p6e6u75xmxt8.cloudfront.net\/4\/2025\/05\/maraton_skodaMTB_rajteplice2025_376.webp 990w, https:\/\/d2p6e6u75xmxt8.cloudfront.net\/4\/2025\/05\/maraton_skodaMTB_rajteplice2025_376-300x200.webp 300w, https:\/\/d2p6e6u75xmxt8.cloudfront.net\/4\/2025\/05\/maraton_skodaMTB_rajteplice2025_376-768x512.webp 768w, https:\/\/d2p6e6u75xmxt8.cloudfront.net\/4\/2025\/05\/maraton_skodaMTB_rajteplice2025_376-400x267.webp 400w, https:\/\/d2p6e6u75xmxt8.cloudfront.net\/4\/2025\/05\/maraton_skodaMTB_rajteplice2025_376-272x182.webp 272w\" sizes=\"auto, (max-width: 990px) 100vw, 990px\" \/><\/a>\n\t\t\t<\/div><\/figure>\n\t\t<\/div>\n\n<p><span style=\"font-weight: 400;\">O\u00a014:30 h sa za\u010dalo vyhlasovanie v\u00fdsledkov, ktor\u00e9 bolo zakon\u010den\u00e9 tradi\u010dnou tombolou.<\/span><\/p>\n<p><span style=\"font-weight: 400;\">A ak niekoho ani po marat\u00f3ne neprestalo l\u00e1ka\u0165 vyst\u00fapi\u0165 zo svojej komfortnej z\u00f3ny, mohol si rovno da\u0165 otu\u017eileck\u00e9 kolo v tunaj\u0161om k\u00fapalisku. Ale to u\u017e je in\u00e1 discipl\u00edna&#8230;<\/span><\/p>\n<p><b>A\u00a0ja sa idem pou\u010di\u0165 z\u00a0ch\u00fdb, aby som bol pripraven\u00fd na \u010fal\u0161ie kolo s\u00e9rie <a href=\"https:\/\/www.welovecycling.com\/sk\/sbot\/slovenskyraj.php\" target=\"_blank\" rel=\"noopener\">\u0160koda Bike Open Tour v\u00a0Slovenskom raji<\/a> 7. j\u00fana 2025.<\/b><\/p>\n<p>Fotografie: Peter Regec<\/p>\n","protected":false},"excerpt":{"rendered":"<p>Rajeck\u00e9 Teplice ne\u010dakane otvorili s\u00e9riu \u0160koda Bike Open Tour s tra\u0165ou, ktor\u00e1 s\u00edce nevyzer\u00e1 hrozivo, ale dok\u00e1\u017ee \u010dloveku vytrie\u0165 nohy [&hellip;]<\/p>\n","protected":false},"author":172,"featured_media":20347,"comment_status":"closed","ping_status":"closed","sticky":false,"template":"","format":"standard","meta":{"footnotes":""},"categories":[38,33],"tags":[546,53,180,532,178,767,412,1453,931,179,39,1643,35,860,523,183],"global-categories":[1074],"class_list":["post-20345","post","type-post","status-publish","format-standard","has-post-thumbnail","hentry","category-reportaz","category-sbot","tag-cyklistika","tag-deti","tag-horska-cyklistika","tag-jazdenie","tag-maraton","tag-motivacia","tag-mtb","tag-mtb-jazda","tag-odporucame","tag-preteky","tag-reportaz","tag-sezona-2025","tag-sbot","tag-skoda-mtb-maraton-rajecke-teplice","tag-slovensko","tag-zabava","global-categories-cycling"],"yoast_head":"<!-- This site is optimized with the Yoast SEO Premium plugin v25.3 (Yoast SEO v25.9) - https:\/\/yoast.com\/wordpress\/plugins\/seo\/ -->\n<title>\u0160koda MTB Rajeck\u00e9 Teplice \u2013 marat\u00f3n prever\u00ed aj tvoje rozhodnutia<\/title>\n<meta name=\"description\" content=\"Rajeck\u00e9 Teplice ne\u010dakane otvorili s\u00e9riu \u0160koda Bike Open Tour s tra\u0165ou, ktor\u00e1 s\u00edce nevyzer\u00e1 hrozivo, ale dok\u00e1\u017ee \u010dloveku vytrie\u0165 nohy.\" \/>\n<meta name=\"robots\" content=\"index, follow, max-snippet:-1, max-image-preview:large, max-video-preview:-1\" \/>\n<link rel=\"canonical\" href=\"https:\/\/www.welovecycling.com\/sk\/2025\/05\/15\/reportaz-skoda-mtb-rajecke-teplice-ked-maraton-preveri-nielen-nohy-ale-aj-tvoje-rozhodnutia\/\" \/>\n<meta property=\"og:locale\" content=\"sk_SK\" \/>\n<meta property=\"og:type\" content=\"article\" \/>\n<meta property=\"og:title\" content=\"Report\u00e1\u017e: \u0160koda MTB Rajeck\u00e9 Teplice \u2013 ke\u010f marat\u00f3n prever\u00ed nielen nohy, ale aj tvoje rozhodnutia\" \/>\n<meta property=\"og:description\" content=\"Rajeck\u00e9 Teplice ne\u010dakane otvorili s\u00e9riu \u0160koda Bike Open Tour s tra\u0165ou, ktor\u00e1 s\u00edce nevyzer\u00e1 hrozivo, ale dok\u00e1\u017ee \u010dloveku vytrie\u0165 nohy.\" \/>\n<meta property=\"og:url\" content=\"https:\/\/www.welovecycling.com\/sk\/2025\/05\/15\/reportaz-skoda-mtb-rajecke-teplice-ked-maraton-preveri-nielen-nohy-ale-aj-tvoje-rozhodnutia\/\" \/>\n<meta property=\"og:site_name\" content=\"\u0160koda We Love Cycling Slovensko\" \/>\n<meta property=\"article:published_time\" content=\"2025-05-15T08:00:05+00:00\" \/>\n<meta property=\"og:image\" content=\"https:\/\/d2p6e6u75xmxt8.cloudfront.net\/4\/2025\/05\/titulka.webp\" \/>\n\t<meta property=\"og:image:width\" content=\"990\" \/>\n\t<meta property=\"og:image:height\" content=\"660\" \/>\n\t<meta property=\"og:image:type\" content=\"image\/webp\" \/>\n<meta name=\"author\" content=\"dominika\" \/>\n<meta name=\"twitter:card\" content=\"summary_large_image\" \/>\n<meta name=\"twitter:label1\" content=\"Written by\" \/>\n\t<meta name=\"twitter:data1\" content=\"Erik Horv\u00e1th\" \/>\n\t<meta name=\"twitter:label2\" content=\"Est. reading time\" \/>\n\t<meta name=\"twitter:data2\" content=\"6\" \/>\n<script type=\"application\/ld+json\" class=\"yoast-schema-graph\">{\"@context\":\"https:\/\/schema.org\",\"@graph\":[{\"@type\":\"WebPage\",\"@id\":\"https:\/\/www.welovecycling.com\/sk\/2025\/05\/15\/reportaz-skoda-mtb-rajecke-teplice-ked-maraton-preveri-nielen-nohy-ale-aj-tvoje-rozhodnutia\/\",\"url\":\"https:\/\/www.welovecycling.com\/sk\/2025\/05\/15\/reportaz-skoda-mtb-rajecke-teplice-ked-maraton-preveri-nielen-nohy-ale-aj-tvoje-rozhodnutia\/\",\"name\":\"\u0160koda MTB Rajeck\u00e9 Teplice \u2013 marat\u00f3n prever\u00ed aj tvoje rozhodnutia\",\"isPartOf\":{\"@id\":\"https:\/\/www.welovecycling.com\/sk\/#website\"},\"primaryImageOfPage\":{\"@id\":\"https:\/\/www.welovecycling.com\/sk\/2025\/05\/15\/reportaz-skoda-mtb-rajecke-teplice-ked-maraton-preveri-nielen-nohy-ale-aj-tvoje-rozhodnutia\/#primaryimage\"},\"image\":{\"@id\":\"https:\/\/www.welovecycling.com\/sk\/2025\/05\/15\/reportaz-skoda-mtb-rajecke-teplice-ked-maraton-preveri-nielen-nohy-ale-aj-tvoje-rozhodnutia\/#primaryimage\"},\"thumbnailUrl\":\"https:\/\/d2p6e6u75xmxt8.cloudfront.net\/4\/2025\/05\/titulka.webp\",\"datePublished\":\"2025-05-15T08:00:05+00:00\",\"author\":{\"@id\":\"https:\/\/www.welovecycling.com\/sk\/#\/schema\/person\/533b62b98b6c41bd5135ebfb1f742624\"},\"description\":\"Rajeck\u00e9 Teplice ne\u010dakane otvorili s\u00e9riu \u0160koda Bike Open Tour s tra\u0165ou, ktor\u00e1 s\u00edce nevyzer\u00e1 hrozivo, ale dok\u00e1\u017ee \u010dloveku vytrie\u0165 nohy.\",\"breadcrumb\":{\"@id\":\"https:\/\/www.welovecycling.com\/sk\/2025\/05\/15\/reportaz-skoda-mtb-rajecke-teplice-ked-maraton-preveri-nielen-nohy-ale-aj-tvoje-rozhodnutia\/#breadcrumb\"},\"inLanguage\":\"sk-SK\",\"potentialAction\":[{\"@type\":\"ReadAction\",\"target\":[\"https:\/\/www.welovecycling.com\/sk\/2025\/05\/15\/reportaz-skoda-mtb-rajecke-teplice-ked-maraton-preveri-nielen-nohy-ale-aj-tvoje-rozhodnutia\/\"]}]},{\"@type\":\"ImageObject\",\"inLanguage\":\"sk-SK\",\"@id\":\"https:\/\/www.welovecycling.com\/sk\/2025\/05\/15\/reportaz-skoda-mtb-rajecke-teplice-ked-maraton-preveri-nielen-nohy-ale-aj-tvoje-rozhodnutia\/#primaryimage\",\"url\":\"https:\/\/d2p6e6u75xmxt8.cloudfront.net\/4\/2025\/05\/titulka.webp\",\"contentUrl\":\"https:\/\/d2p6e6u75xmxt8.cloudfront.net\/4\/2025\/05\/titulka.webp\",\"width\":990,\"height\":660,\"caption\":\"\u0160koda Bike Open Tour Rajeck\u00e9 Teplice 2025\"},{\"@type\":\"BreadcrumbList\",\"@id\":\"https:\/\/www.welovecycling.com\/sk\/2025\/05\/15\/reportaz-skoda-mtb-rajecke-teplice-ked-maraton-preveri-nielen-nohy-ale-aj-tvoje-rozhodnutia\/#breadcrumb\",\"itemListElement\":[{\"@type\":\"ListItem\",\"position\":1,\"name\":\"Home\",\"item\":\"https:\/\/www.welovecycling.com\/sk\/\"},{\"@type\":\"ListItem\",\"position\":2,\"name\":\"Report\u00e1\u017e: \u0160koda MTB Rajeck\u00e9 Teplice \u2013 ke\u010f marat\u00f3n prever\u00ed nielen nohy, ale aj tvoje rozhodnutia\"}]},{\"@type\":\"WebSite\",\"@id\":\"https:\/\/www.welovecycling.com\/sk\/#website\",\"url\":\"https:\/\/www.welovecycling.com\/sk\/\",\"name\":\"\u0160koda We Love Cycling Slovensko\",\"description\":\"\u0160koda We Love Cycling Slovensko je v\u00e1\u0161 ka\u017edodenn\u00fd zdroj noviniek a in\u0161pir\u00e1cie z sveta cyklistiky\",\"potentialAction\":[{\"@type\":\"SearchAction\",\"target\":{\"@type\":\"EntryPoint\",\"urlTemplate\":\"https:\/\/www.welovecycling.com\/sk\/?s={search_term_string}\"},\"query-input\":{\"@type\":\"PropertyValueSpecification\",\"valueRequired\":true,\"valueName\":\"search_term_string\"}}],\"inLanguage\":\"sk-SK\"},{\"@type\":\"Person\",\"@id\":\"https:\/\/www.welovecycling.com\/sk\/#\/schema\/person\/533b62b98b6c41bd5135ebfb1f742624\",\"name\":\"dominika\",\"image\":{\"@type\":\"ImageObject\",\"inLanguage\":\"sk-SK\",\"@id\":\"https:\/\/www.welovecycling.com\/sk\/#\/schema\/person\/image\/\",\"url\":\"https:\/\/secure.gravatar.com\/avatar\/ded6f274ba2ec3e17fff153f7d9d96a4b33c2cb63907f75d9a5309c599a7f3e6?s=96&d=mm&r=g\",\"contentUrl\":\"https:\/\/secure.gravatar.com\/avatar\/ded6f274ba2ec3e17fff153f7d9d96a4b33c2cb63907f75d9a5309c599a7f3e6?s=96&d=mm&r=g\",\"caption\":\"dominika\"},\"url\":\"https:\/\/www.welovecycling.com\/sk\/author\/dominika\/\"}]}<\/script>\n<!-- \/ Yoast SEO Premium plugin. -->","yoast_head_json":{"title":"\u0160koda MTB Rajeck\u00e9 Teplice \u2013 marat\u00f3n prever\u00ed aj tvoje rozhodnutia","description":"Rajeck\u00e9 Teplice ne\u010dakane otvorili s\u00e9riu \u0160koda Bike Open Tour s tra\u0165ou, ktor\u00e1 s\u00edce nevyzer\u00e1 hrozivo, ale dok\u00e1\u017ee \u010dloveku vytrie\u0165 nohy.","robots":{"index":"index","follow":"follow","max-snippet":"max-snippet:-1","max-image-preview":"max-image-preview:large","max-video-preview":"max-video-preview:-1"},"canonical":"https:\/\/www.welovecycling.com\/sk\/2025\/05\/15\/reportaz-skoda-mtb-rajecke-teplice-ked-maraton-preveri-nielen-nohy-ale-aj-tvoje-rozhodnutia\/","og_locale":"sk_SK","og_type":"article","og_title":"Report\u00e1\u017e: \u0160koda MTB Rajeck\u00e9 Teplice \u2013 ke\u010f marat\u00f3n prever\u00ed nielen nohy, ale aj tvoje rozhodnutia","og_description":"Rajeck\u00e9 Teplice ne\u010dakane otvorili s\u00e9riu \u0160koda Bike Open Tour s tra\u0165ou, ktor\u00e1 s\u00edce nevyzer\u00e1 hrozivo, ale dok\u00e1\u017ee \u010dloveku vytrie\u0165 nohy.","og_url":"https:\/\/www.welovecycling.com\/sk\/2025\/05\/15\/reportaz-skoda-mtb-rajecke-teplice-ked-maraton-preveri-nielen-nohy-ale-aj-tvoje-rozhodnutia\/","og_site_name":"\u0160koda We Love Cycling Slovensko","article_published_time":"2025-05-15T08:00:05+00:00","og_image":[{"width":990,"height":660,"url":"https:\/\/d2p6e6u75xmxt8.cloudfront.net\/4\/2025\/05\/titulka.webp","type":"image\/webp"}],"author":"dominika","twitter_card":"summary_large_image","twitter_misc":{"Written by":"Erik Horv\u00e1th","Est. reading time":"6"},"schema":{"@context":"https:\/\/schema.org","@graph":[{"@type":"WebPage","@id":"https:\/\/www.welovecycling.com\/sk\/2025\/05\/15\/reportaz-skoda-mtb-rajecke-teplice-ked-maraton-preveri-nielen-nohy-ale-aj-tvoje-rozhodnutia\/","url":"https:\/\/www.welovecycling.com\/sk\/2025\/05\/15\/reportaz-skoda-mtb-rajecke-teplice-ked-maraton-preveri-nielen-nohy-ale-aj-tvoje-rozhodnutia\/","name":"\u0160koda MTB Rajeck\u00e9 Teplice \u2013 marat\u00f3n prever\u00ed aj tvoje rozhodnutia","isPartOf":{"@id":"https:\/\/www.welovecycling.com\/sk\/#website"},"primaryImageOfPage":{"@id":"https:\/\/www.welovecycling.com\/sk\/2025\/05\/15\/reportaz-skoda-mtb-rajecke-teplice-ked-maraton-preveri-nielen-nohy-ale-aj-tvoje-rozhodnutia\/#primaryimage"},"image":{"@id":"https:\/\/www.welovecycling.com\/sk\/2025\/05\/15\/reportaz-skoda-mtb-rajecke-teplice-ked-maraton-preveri-nielen-nohy-ale-aj-tvoje-rozhodnutia\/#primaryimage"},"thumbnailUrl":"https:\/\/d2p6e6u75xmxt8.cloudfront.net\/4\/2025\/05\/titulka.webp","datePublished":"2025-05-15T08:00:05+00:00","author":{"@id":"https:\/\/www.welovecycling.com\/sk\/#\/schema\/person\/533b62b98b6c41bd5135ebfb1f742624"},"description":"Rajeck\u00e9 Teplice ne\u010dakane otvorili s\u00e9riu \u0160koda Bike Open Tour s tra\u0165ou, ktor\u00e1 s\u00edce nevyzer\u00e1 hrozivo, ale dok\u00e1\u017ee \u010dloveku vytrie\u0165 nohy.","breadcrumb":{"@id":"https:\/\/www.welovecycling.com\/sk\/2025\/05\/15\/reportaz-skoda-mtb-rajecke-teplice-ked-maraton-preveri-nielen-nohy-ale-aj-tvoje-rozhodnutia\/#breadcrumb"},"inLanguage":"sk-SK","potentialAction":[{"@type":"ReadAction","target":["https:\/\/www.welovecycling.com\/sk\/2025\/05\/15\/reportaz-skoda-mtb-rajecke-teplice-ked-maraton-preveri-nielen-nohy-ale-aj-tvoje-rozhodnutia\/"]}]},{"@type":"ImageObject","inLanguage":"sk-SK","@id":"https:\/\/www.welovecycling.com\/sk\/2025\/05\/15\/reportaz-skoda-mtb-rajecke-teplice-ked-maraton-preveri-nielen-nohy-ale-aj-tvoje-rozhodnutia\/#primaryimage","url":"https:\/\/d2p6e6u75xmxt8.cloudfront.net\/4\/2025\/05\/titulka.webp","contentUrl":"https:\/\/d2p6e6u75xmxt8.cloudfront.net\/4\/2025\/05\/titulka.webp","width":990,"height":660,"caption":"\u0160koda Bike Open Tour Rajeck\u00e9 Teplice 2025"},{"@type":"BreadcrumbList","@id":"https:\/\/www.welovecycling.com\/sk\/2025\/05\/15\/reportaz-skoda-mtb-rajecke-teplice-ked-maraton-preveri-nielen-nohy-ale-aj-tvoje-rozhodnutia\/#breadcrumb","itemListElement":[{"@type":"ListItem","position":1,"name":"Home","item":"https:\/\/www.welovecycling.com\/sk\/"},{"@type":"ListItem","position":2,"name":"Report\u00e1\u017e: \u0160koda MTB Rajeck\u00e9 Teplice \u2013 ke\u010f marat\u00f3n prever\u00ed nielen nohy, ale aj tvoje rozhodnutia"}]},{"@type":"WebSite","@id":"https:\/\/www.welovecycling.com\/sk\/#website","url":"https:\/\/www.welovecycling.com\/sk\/","name":"\u0160koda We Love Cycling Slovensko","description":"\u0160koda We Love Cycling Slovensko je v\u00e1\u0161 ka\u017edodenn\u00fd zdroj noviniek a in\u0161pir\u00e1cie z sveta cyklistiky","potentialAction":[{"@type":"SearchAction","target":{"@type":"EntryPoint","urlTemplate":"https:\/\/www.welovecycling.com\/sk\/?s={search_term_string}"},"query-input":{"@type":"PropertyValueSpecification","valueRequired":true,"valueName":"search_term_string"}}],"inLanguage":"sk-SK"},{"@type":"Person","@id":"https:\/\/www.welovecycling.com\/sk\/#\/schema\/person\/533b62b98b6c41bd5135ebfb1f742624","name":"dominika","image":{"@type":"ImageObject","inLanguage":"sk-SK","@id":"https:\/\/www.welovecycling.com\/sk\/#\/schema\/person\/image\/","url":"https:\/\/secure.gravatar.com\/avatar\/ded6f274ba2ec3e17fff153f7d9d96a4b33c2cb63907f75d9a5309c599a7f3e6?s=96&d=mm&r=g","contentUrl":"https:\/\/secure.gravatar.com\/avatar\/ded6f274ba2ec3e17fff153f7d9d96a4b33c2cb63907f75d9a5309c599a7f3e6?s=96&d=mm&r=g","caption":"dominika"},"url":"https:\/\/www.welovecycling.com\/sk\/author\/dominika\/"}]}},"_links":{"self":[{"href":"https:\/\/www.welovecycling.com\/sk\/wp-json\/wp\/v2\/posts\/20345","targetHints":{"allow":["GET"]}}],"collection":[{"href":"https:\/\/www.welovecycling.com\/sk\/wp-json\/wp\/v2\/posts"}],"about":[{"href":"https:\/\/www.welovecycling.com\/sk\/wp-json\/wp\/v2\/types\/post"}],"author":[{"embeddable":true,"href":"https:\/\/www.welovecycling.com\/sk\/wp-json\/wp\/v2\/users\/172"}],"replies":[{"embeddable":true,"href":"https:\/\/www.welovecycling.com\/sk\/wp-json\/wp\/v2\/comments?post=20345"}],"version-history":[{"count":3,"href":"https:\/\/www.welovecycling.com\/sk\/wp-json\/wp\/v2\/posts\/20345\/revisions"}],"predecessor-version":[{"id":20367,"href":"https:\/\/www.welovecycling.com\/sk\/wp-json\/wp\/v2\/posts\/20345\/revisions\/20367"}],"wp:featuredmedia":[{"embeddable":true,"href":"https:\/\/www.welovecycling.com\/sk\/wp-json\/wp\/v2\/media\/20347"}],"wp:attachment":[{"href":"https:\/\/www.welovecycling.com\/sk\/wp-json\/wp\/v2\/media?parent=20345"}],"wp:term":[{"taxonomy":"category","embeddable":true,"href":"https:\/\/www.welovecycling.com\/sk\/wp-json\/wp\/v2\/categories?post=20345"},{"taxonomy":"post_tag","embeddable":true,"href":"https:\/\/www.welovecycling.com\/sk\/wp-json\/wp\/v2\/tags?post=20345"},{"taxonomy":"global-categories","embeddable":true,"href":"https:\/\/www.welovecycling.com\/sk\/wp-json\/wp\/v2\/global-categories?post=20345"}],"curies":[{"name":"wp","href":"https:\/\/api.w.org\/{rel}","templated":true}]}}