{"id":20339,"date":"2025-05-14T15:48:47","date_gmt":"2025-05-14T13:48:47","guid":{"rendered":"https:\/\/www.welovecycling.com\/sk\/?p=20339"},"modified":"2025-05-14T15:53:13","modified_gmt":"2025-05-14T13:53:13","slug":"foto-skoda-mtb-maraton-rajecke-teplice-2025","status":"publish","type":"post","link":"https:\/\/www.welovecycling.com\/sk\/2025\/05\/14\/foto-skoda-mtb-maraton-rajecke-teplice-2025\/","title":{"rendered":"FOTO:  \u0160koda MTB Marat\u00f3n Rajeck\u00e9 Teplice 2025"},"content":{"rendered":"<div id=\"WLC_Galeria\"><\/div>\n<p><strong>Foto:  Peter Regec<\/strong><br \/>\n<script src=\"\/sk\/sbot\/galeria.php\/2025_sbot_rajecke_galeria\/003\"><\/script><\/p>\n","protected":false},"excerpt":{"rendered":"<p>Foto: Peter Regec<\/p>\n","protected":false},"author":40,"featured_media":20341,"comment_status":"closed","ping_status":"closed","sticky":false,"template":"","format":"standard","meta":{"footnotes":""},"categories":[3,33],"tags":[178,412,35,523],"global-categories":[1074],"class_list":["post-20339","post","type-post","status-publish","format-standard","has-post-thumbnail","hentry","category-mtb","category-sbot","tag-maraton","tag-mtb","tag-sbot","tag-slovensko","global-categories-cycling"],"yoast_head":"<!-- This site is optimized with the Yoast SEO Premium plugin v25.3 (Yoast SEO v25.9) - https:\/\/yoast.com\/wordpress\/plugins\/seo\/ -->\n<title>FOTO: \u0160koda MTB Marat\u00f3n Rajeck\u00e9 Teplice 2025 - \u0160koda We Love Cycling Slovensko<\/title>\n<meta name=\"robots\" content=\"index, follow, max-snippet:-1, max-image-preview:large, max-video-preview:-1\" \/>\n<link rel=\"canonical\" href=\"https:\/\/www.welovecycling.com\/sk\/2025\/05\/14\/foto-skoda-mtb-maraton-rajecke-teplice-2025\/\" \/>\n<meta property=\"og:locale\" content=\"sk_SK\" \/>\n<meta property=\"og:type\" content=\"article\" \/>\n<meta property=\"og:title\" content=\"FOTO: \u0160koda MTB Marat\u00f3n Rajeck\u00e9 Teplice 2025\" \/>\n<meta property=\"og:description\" content=\"Foto: Peter Regec\" \/>\n<meta property=\"og:url\" content=\"https:\/\/www.welovecycling.com\/sk\/2025\/05\/14\/foto-skoda-mtb-maraton-rajecke-teplice-2025\/\" \/>\n<meta property=\"og:site_name\" content=\"\u0160koda We Love Cycling Slovensko\" \/>\n<meta property=\"article:published_time\" content=\"2025-05-14T13:48:47+00:00\" \/>\n<meta property=\"article:modified_time\" content=\"2025-05-14T13:53:13+00:00\" \/>\n<meta property=\"og:image\" content=\"https:\/\/d2p6e6u75xmxt8.cloudfront.net\/4\/2025\/05\/maraton_skodaMTB_rajteplice2025_014.webp\" \/>\n\t<meta property=\"og:image:width\" content=\"2048\" \/>\n\t<meta property=\"og:image:height\" content=\"1365\" \/>\n\t<meta property=\"og:image:type\" content=\"image\/webp\" \/>\n<meta name=\"author\" content=\"Zozzi\" \/>\n<meta name=\"twitter:card\" content=\"summary_large_image\" \/>\n<meta name=\"twitter:label1\" content=\"Written by\" \/>\n\t<meta name=\"twitter:data1\" content=\"Redakcia WLC\" \/>\n<script type=\"application\/ld+json\" class=\"yoast-schema-graph\">{\"@context\":\"https:\/\/schema.org\",\"@graph\":[{\"@type\":\"WebPage\",\"@id\":\"https:\/\/www.welovecycling.com\/sk\/2025\/05\/14\/foto-skoda-mtb-maraton-rajecke-teplice-2025\/\",\"url\":\"https:\/\/www.welovecycling.com\/sk\/2025\/05\/14\/foto-skoda-mtb-maraton-rajecke-teplice-2025\/\",\"name\":\"FOTO: \u0160koda MTB Marat\u00f3n Rajeck\u00e9 Teplice 2025 - \u0160koda We Love Cycling Slovensko\",\"isPartOf\":{\"@id\":\"https:\/\/www.welovecycling.com\/sk\/#website\"},\"primaryImageOfPage\":{\"@id\":\"https:\/\/www.welovecycling.com\/sk\/2025\/05\/14\/foto-skoda-mtb-maraton-rajecke-teplice-2025\/#primaryimage\"},\"image\":{\"@id\":\"https:\/\/www.welovecycling.com\/sk\/2025\/05\/14\/foto-skoda-mtb-maraton-rajecke-teplice-2025\/#primaryimage\"},\"thumbnailUrl\":\"https:\/\/d2p6e6u75xmxt8.cloudfront.net\/4\/2025\/05\/maraton_skodaMTB_rajteplice2025_014.webp\",\"datePublished\":\"2025-05-14T13:48:47+00:00\",\"dateModified\":\"2025-05-14T13:53:13+00:00\",\"author\":{\"@id\":\"https:\/\/www.welovecycling.com\/sk\/#\/schema\/person\/69a353af73d9db8f391581204a521230\"},\"breadcrumb\":{\"@id\":\"https:\/\/www.welovecycling.com\/sk\/2025\/05\/14\/foto-skoda-mtb-maraton-rajecke-teplice-2025\/#breadcrumb\"},\"inLanguage\":\"sk-SK\",\"potentialAction\":[{\"@type\":\"ReadAction\",\"target\":[\"https:\/\/www.welovecycling.com\/sk\/2025\/05\/14\/foto-skoda-mtb-maraton-rajecke-teplice-2025\/\"]}]},{\"@type\":\"ImageObject\",\"inLanguage\":\"sk-SK\",\"@id\":\"https:\/\/www.welovecycling.com\/sk\/2025\/05\/14\/foto-skoda-mtb-maraton-rajecke-teplice-2025\/#primaryimage\",\"url\":\"https:\/\/d2p6e6u75xmxt8.cloudfront.net\/4\/2025\/05\/maraton_skodaMTB_rajteplice2025_014.webp\",\"contentUrl\":\"https:\/\/d2p6e6u75xmxt8.cloudfront.net\/4\/2025\/05\/maraton_skodaMTB_rajteplice2025_014.webp\",\"width\":2048,\"height\":1365},{\"@type\":\"BreadcrumbList\",\"@id\":\"https:\/\/www.welovecycling.com\/sk\/2025\/05\/14\/foto-skoda-mtb-maraton-rajecke-teplice-2025\/#breadcrumb\",\"itemListElement\":[{\"@type\":\"ListItem\",\"position\":1,\"name\":\"Home\",\"item\":\"https:\/\/www.welovecycling.com\/sk\/\"},{\"@type\":\"ListItem\",\"position\":2,\"name\":\"FOTO: \u0160koda MTB Marat\u00f3n Rajeck\u00e9 Teplice 2025\"}]},{\"@type\":\"WebSite\",\"@id\":\"https:\/\/www.welovecycling.com\/sk\/#website\",\"url\":\"https:\/\/www.welovecycling.com\/sk\/\",\"name\":\"\u0160koda We Love Cycling Slovensko\",\"description\":\"\u0160koda We Love Cycling Slovensko je v\u00e1\u0161 ka\u017edodenn\u00fd zdroj noviniek a in\u0161pir\u00e1cie z sveta cyklistiky\",\"potentialAction\":[{\"@type\":\"SearchAction\",\"target\":{\"@type\":\"EntryPoint\",\"urlTemplate\":\"https:\/\/www.welovecycling.com\/sk\/?s={search_term_string}\"},\"query-input\":{\"@type\":\"PropertyValueSpecification\",\"valueRequired\":true,\"valueName\":\"search_term_string\"}}],\"inLanguage\":\"sk-SK\"},{\"@type\":\"Person\",\"@id\":\"https:\/\/www.welovecycling.com\/sk\/#\/schema\/person\/69a353af73d9db8f391581204a521230\",\"name\":\"Zozzi\",\"image\":{\"@type\":\"ImageObject\",\"inLanguage\":\"sk-SK\",\"@id\":\"https:\/\/www.welovecycling.com\/sk\/#\/schema\/person\/image\/\",\"url\":\"https:\/\/secure.gravatar.com\/avatar\/0255afbdd216c325a2a30335b3ab5281cba74e43cb20818f979685eff3429a06?s=96&d=mm&r=g\",\"contentUrl\":\"https:\/\/secure.gravatar.com\/avatar\/0255afbdd216c325a2a30335b3ab5281cba74e43cb20818f979685eff3429a06?s=96&d=mm&r=g\",\"caption\":\"Zozzi\"},\"url\":\"https:\/\/www.welovecycling.com\/sk\/author\/zozzi\/\"}]}<\/script>\n<!-- \/ Yoast SEO Premium plugin. -->","yoast_head_json":{"title":"FOTO: \u0160koda MTB Marat\u00f3n Rajeck\u00e9 Teplice 2025 - \u0160koda We Love Cycling Slovensko","robots":{"index":"index","follow":"follow","max-snippet":"max-snippet:-1","max-image-preview":"max-image-preview:large","max-video-preview":"max-video-preview:-1"},"canonical":"https:\/\/www.welovecycling.com\/sk\/2025\/05\/14\/foto-skoda-mtb-maraton-rajecke-teplice-2025\/","og_locale":"sk_SK","og_type":"article","og_title":"FOTO: \u0160koda MTB Marat\u00f3n Rajeck\u00e9 Teplice 2025","og_description":"Foto: Peter Regec","og_url":"https:\/\/www.welovecycling.com\/sk\/2025\/05\/14\/foto-skoda-mtb-maraton-rajecke-teplice-2025\/","og_site_name":"\u0160koda We Love Cycling Slovensko","article_published_time":"2025-05-14T13:48:47+00:00","article_modified_time":"2025-05-14T13:53:13+00:00","og_image":[{"width":2048,"height":1365,"url":"https:\/\/d2p6e6u75xmxt8.cloudfront.net\/4\/2025\/05\/maraton_skodaMTB_rajteplice2025_014.webp","type":"image\/webp"}],"author":"Zozzi","twitter_card":"summary_large_image","twitter_misc":{"Written by":"Redakcia WLC"},"schema":{"@context":"https:\/\/schema.org","@graph":[{"@type":"WebPage","@id":"https:\/\/www.welovecycling.com\/sk\/2025\/05\/14\/foto-skoda-mtb-maraton-rajecke-teplice-2025\/","url":"https:\/\/www.welovecycling.com\/sk\/2025\/05\/14\/foto-skoda-mtb-maraton-rajecke-teplice-2025\/","name":"FOTO: \u0160koda MTB Marat\u00f3n Rajeck\u00e9 Teplice 2025 - \u0160koda We Love Cycling Slovensko","isPartOf":{"@id":"https:\/\/www.welovecycling.com\/sk\/#website"},"primaryImageOfPage":{"@id":"https:\/\/www.welovecycling.com\/sk\/2025\/05\/14\/foto-skoda-mtb-maraton-rajecke-teplice-2025\/#primaryimage"},"image":{"@id":"https:\/\/www.welovecycling.com\/sk\/2025\/05\/14\/foto-skoda-mtb-maraton-rajecke-teplice-2025\/#primaryimage"},"thumbnailUrl":"https:\/\/d2p6e6u75xmxt8.cloudfront.net\/4\/2025\/05\/maraton_skodaMTB_rajteplice2025_014.webp","datePublished":"2025-05-14T13:48:47+00:00","dateModified":"2025-05-14T13:53:13+00:00","author":{"@id":"https:\/\/www.welovecycling.com\/sk\/#\/schema\/person\/69a353af73d9db8f391581204a521230"},"breadcrumb":{"@id":"https:\/\/www.welovecycling.com\/sk\/2025\/05\/14\/foto-skoda-mtb-maraton-rajecke-teplice-2025\/#breadcrumb"},"inLanguage":"sk-SK","potentialAction":[{"@type":"ReadAction","target":["https:\/\/www.welovecycling.com\/sk\/2025\/05\/14\/foto-skoda-mtb-maraton-rajecke-teplice-2025\/"]}]},{"@type":"ImageObject","inLanguage":"sk-SK","@id":"https:\/\/www.welovecycling.com\/sk\/2025\/05\/14\/foto-skoda-mtb-maraton-rajecke-teplice-2025\/#primaryimage","url":"https:\/\/d2p6e6u75xmxt8.cloudfront.net\/4\/2025\/05\/maraton_skodaMTB_rajteplice2025_014.webp","contentUrl":"https:\/\/d2p6e6u75xmxt8.cloudfront.net\/4\/2025\/05\/maraton_skodaMTB_rajteplice2025_014.webp","width":2048,"height":1365},{"@type":"BreadcrumbList","@id":"https:\/\/www.welovecycling.com\/sk\/2025\/05\/14\/foto-skoda-mtb-maraton-rajecke-teplice-2025\/#breadcrumb","itemListElement":[{"@type":"ListItem","position":1,"name":"Home","item":"https:\/\/www.welovecycling.com\/sk\/"},{"@type":"ListItem","position":2,"name":"FOTO: \u0160koda MTB Marat\u00f3n Rajeck\u00e9 Teplice 2025"}]},{"@type":"WebSite","@id":"https:\/\/www.welovecycling.com\/sk\/#website","url":"https:\/\/www.welovecycling.com\/sk\/","name":"\u0160koda We Love Cycling Slovensko","description":"\u0160koda We Love Cycling Slovensko je v\u00e1\u0161 ka\u017edodenn\u00fd zdroj noviniek a in\u0161pir\u00e1cie z sveta cyklistiky","potentialAction":[{"@type":"SearchAction","target":{"@type":"EntryPoint","urlTemplate":"https:\/\/www.welovecycling.com\/sk\/?s={search_term_string}"},"query-input":{"@type":"PropertyValueSpecification","valueRequired":true,"valueName":"search_term_string"}}],"inLanguage":"sk-SK"},{"@type":"Person","@id":"https:\/\/www.welovecycling.com\/sk\/#\/schema\/person\/69a353af73d9db8f391581204a521230","name":"Zozzi","image":{"@type":"ImageObject","inLanguage":"sk-SK","@id":"https:\/\/www.welovecycling.com\/sk\/#\/schema\/person\/image\/","url":"https:\/\/secure.gravatar.com\/avatar\/0255afbdd216c325a2a30335b3ab5281cba74e43cb20818f979685eff3429a06?s=96&d=mm&r=g","contentUrl":"https:\/\/secure.gravatar.com\/avatar\/0255afbdd216c325a2a30335b3ab5281cba74e43cb20818f979685eff3429a06?s=96&d=mm&r=g","caption":"Zozzi"},"url":"https:\/\/www.welovecycling.com\/sk\/author\/zozzi\/"}]}},"_links":{"self":[{"href":"https:\/\/www.welovecycling.com\/sk\/wp-json\/wp\/v2\/posts\/20339","targetHints":{"allow":["GET"]}}],"collection":[{"href":"https:\/\/www.welovecycling.com\/sk\/wp-json\/wp\/v2\/posts"}],"about":[{"href":"https:\/\/www.welovecycling.com\/sk\/wp-json\/wp\/v2\/types\/post"}],"author":[{"embeddable":true,"href":"https:\/\/www.welovecycling.com\/sk\/wp-json\/wp\/v2\/users\/40"}],"replies":[{"embeddable":true,"href":"https:\/\/www.welovecycling.com\/sk\/wp-json\/wp\/v2\/comments?post=20339"}],"version-history":[{"count":4,"href":"https:\/\/www.welovecycling.com\/sk\/wp-json\/wp\/v2\/posts\/20339\/revisions"}],"predecessor-version":[{"id":20344,"href":"https:\/\/www.welovecycling.com\/sk\/wp-json\/wp\/v2\/posts\/20339\/revisions\/20344"}],"wp:featuredmedia":[{"embeddable":true,"href":"https:\/\/www.welovecycling.com\/sk\/wp-json\/wp\/v2\/media\/20341"}],"wp:attachment":[{"href":"https:\/\/www.welovecycling.com\/sk\/wp-json\/wp\/v2\/media?parent=20339"}],"wp:term":[{"taxonomy":"category","embeddable":true,"href":"https:\/\/www.welovecycling.com\/sk\/wp-json\/wp\/v2\/categories?post=20339"},{"taxonomy":"post_tag","embeddable":true,"href":"https:\/\/www.welovecycling.com\/sk\/wp-json\/wp\/v2\/tags?post=20339"},{"taxonomy":"global-categories","embeddable":true,"href":"https:\/\/www.welovecycling.com\/sk\/wp-json\/wp\/v2\/global-categories?post=20339"}],"curies":[{"name":"wp","href":"https:\/\/api.w.org\/{rel}","templated":true}]}}