{"id":20316,"date":"2025-05-11T12:00:37","date_gmt":"2025-05-11T10:00:37","guid":{"rendered":"https:\/\/www.welovecycling.com\/sk\/?p=20316"},"modified":"2025-05-15T09:37:30","modified_gmt":"2025-05-15T07:37:30","slug":"cyklisticka-moda-co-si-na-jar-obliect-na-bicykel","status":"publish","type":"post","link":"https:\/\/www.welovecycling.com\/sk\/2025\/05\/11\/cyklisticka-moda-co-si-na-jar-obliect-na-bicykel\/","title":{"rendered":"Cyklistick\u00e1 m\u00f3da: \u010do si obliec\u0165 na bicykel, aby v\u00e1m nebola zima, ale ani pr\u00edli\u0161 teplo?"},"content":{"rendered":"<p><span style=\"font-weight: 400;\">Po\u010das posledn\u00fdch t\u00fd\u017ed\u0148ov sa teploty pomaly stabilizuj\u00fa na dvojcifern\u00fdch hodnot\u00e1ch. Cesty a lesy doslova volaj\u00fa po str\u00e1ven\u00ed \u010dasu v ich bl\u00edzkosti. Predt\u00fdm v\u0161ak, ne\u017e sa bezhlavo vrhnete na bicykel, osvie\u017ete si pam\u00e4\u0165, ako sa spr\u00e1vne obliec\u0165, aby v\u00e1s jeden un\u00e1hlen\u00fd v\u00fdjazd nest\u00e1l t\u00fd\u017ede\u0148 zotavovania sa v posteli.<\/span><!--more--><\/p>\n<p><span style=\"font-weight: 400;\">Jarn\u00e9 slnko je zubat\u00e9 a jeho ostr\u00e9 l\u00fa\u010de s\u00edce navodzuj\u00fa pocit takmer bl\u00ed\u017eiaceho sa leta, av\u0161ak e\u0161te st\u00e1le mu ch\u00fdba trochu \u017eiad\u00facej \u201eenergie\u201c. In\u00fdmi slovami \u2013 zdanie mnohokr\u00e1t klame. <\/span><\/p>\n<p><span style=\"font-weight: 400;\">Dobr\u00fdm pr\u00edkladom je rozdiel medzi teplotou, ktor\u00fa c\u00edtime pri v\u00fdchode z domu\/bytovky a teplotou, ktor\u00e1 n\u00e1s prekvap\u00ed v prvej, slnkom e\u0161te nedotknutej doline, alebo pri n\u00e1razoch e\u0161te chladn\u00e9ho vetra. Z t\u00fdchto situ\u00e1ci\u00ed vypl\u00fdva jeden z\u00e1sadn\u00fd poznatok, a to, \u017ee <strong>po\u010das jarn\u00fdch v\u00fdjazdov sa mus\u00edte pripravi\u0165 na nemal\u00e9 kol\u00edsanie tepl\u00f4t v rozli\u010dn\u00fdch momentoch v\u00fdjazdu. <\/strong><\/span><\/p>\n<p><span style=\"font-weight: 400;\">Pokojne sa tento rozdiel m\u00f4\u017ee vy\u0161plha\u0165 aj na 20 stup\u0148ov. Aj menej sk\u00fasen\u00ed cyklisti z\u00a0tejto \u0161k\u00e1ly tepl\u00f4t zaiste pochopia, \u017ee s\u00a0jednou alebo dvomi vrstvami oble\u010denia si ve\u013emi neporadia. Predsa len, pri jazde v\u00a0bezvetr\u00ed a\u00a0pri 20 stup\u0148och v\u00e1m posta\u010d\u00ed kr\u00e1tka spodn\u00e1 vrstva a\u00a0dres. Naopak, pre jazdu v\u00a0jednocifern\u00fdch teplot\u00e1ch u\u017e potrebujete dlh\u00fd ruk\u00e1v, pr\u00edpadne k\u00fasok oble\u010denia, ktor\u00fd je vetruodoln\u00fd. <\/span><\/p>\n<p><span style=\"font-weight: 400;\">Ak so sebou nepl\u00e1nujete nosi\u0165 batoh na uskladnenie ve\u013ek\u00e9ho mno\u017estva v\u0161elijak\u00e9ho oble\u010denia, pon\u00fakame v\u00e1m nieko\u013eko tipov, ako sa obliec\u0165 komfortne a z\u00e1rove\u0148 efekt\u00edvne.<\/span><\/p>\n<p><a href=\"https:\/\/d2p6e6u75xmxt8.cloudfront.net\/4\/2025\/05\/01.webp\"><img loading=\"lazy\" decoding=\"async\" class=\"alignnone size-full wp-image-20320\" src=\"https:\/\/d2p6e6u75xmxt8.cloudfront.net\/4\/2025\/05\/01.webp\" alt=\"\" width=\"1500\" height=\"1000\" srcset=\"https:\/\/d2p6e6u75xmxt8.cloudfront.net\/4\/2025\/05\/01.webp 1500w, https:\/\/d2p6e6u75xmxt8.cloudfront.net\/4\/2025\/05\/01-300x200.webp 300w, https:\/\/d2p6e6u75xmxt8.cloudfront.net\/4\/2025\/05\/01-1024x683.webp 1024w, https:\/\/d2p6e6u75xmxt8.cloudfront.net\/4\/2025\/05\/01-768x512.webp 768w, https:\/\/d2p6e6u75xmxt8.cloudfront.net\/4\/2025\/05\/01-400x267.webp 400w, https:\/\/d2p6e6u75xmxt8.cloudfront.net\/4\/2025\/05\/01-272x182.webp 272w\" sizes=\"auto, (max-width: 1500px) 100vw, 1500px\" \/><\/a><\/p>\n<h2><strong>Star\u00e9 zn\u00e1me vrstvenie<\/strong><\/h2>\n<p><span style=\"font-weight: 400;\">Ako u\u017e bolo spomenut\u00e9 v\u00a0predch\u00e1dzaj\u00facich riadkoch, pre komfortn\u00fa cyklistiku je potrebn\u00e9 <a href=\"https:\/\/www.welovecycling.com\/sk\/2025\/04\/26\/serial-ako-sa-stat-cyklistom-20-oblecenie-nielen-do-dazdivych-dni\/\">prisp\u00f4sobova\u0165 sa vonkaj\u0161\u00edm podmienkam<\/a>. Vhodn\u00fdm zn\u00e1zornen\u00edm tejto situ\u00e1cie je rovnica, kde na jednej strane m\u00e1te svoje telo, ktor\u00e9 pri r\u00f4znych z\u00e1\u0165a\u017eiach produkuje viac \u010di menej tepla a potu, a\u00a0na strane druhej vonkaj\u0161ie prostredie, v\u00a0ktorom sa nach\u00e1dzate. <\/span><\/p>\n<p><span style=\"font-weight: 400;\">Zatia\u013e \u010do v kopci alebo pri vy\u0161\u0161ej z\u00e1\u0165a\u017ei ako takej sa potrebujete vyprodukovan\u00e9ho tepla a potu zbavi\u0165, v zjazdoch, v protivetre, alebo jednoducho vtedy, ke\u010f idete v n\u00edzkej intenzite, je pre spr\u00e1vnu funkciu n\u00e1\u0161ho organizmu \u017eiad\u00face spomenut\u00e9 teplo udr\u017ea\u0165 bezprostredne pri tele. K tejto regul\u00e1cii n\u00e1m dopom\u00e1ha oble\u010denie, ktor\u00e9 redukuje r\u00fdchlos\u0165 ochladzovania n\u00e1\u0161ho tela pod\u013ea jeho konkr\u00e9tnych tepelnoizola\u010dn\u00fdch vlastnost\u00ed pou\u017eit\u00fdch materi\u00e1lov.<\/span><\/p>\n<p><span style=\"font-weight: 400;\"><strong>Vrstvenie spo\u010d\u00edva v jednoduchom princ\u00edpe vyu\u017e\u00edvania odli\u0161n\u00fdch materi\u00e1lov pre na seba nasleduj\u00face vrstvy.<\/strong> Ich postupnos\u0165 v\u0161ak nie je \u013eubovo\u013en\u00e1. Z\u00e1menou materi\u00e1lov sa m\u00f4\u017eete dosta\u0165 do nechcen\u00fdch situ\u00e1ci\u00ed. Po\u010fme v\u0161ak poporiadku.<\/span><\/p>\n<h2><strong>Prv\u00e1 vrstva<\/strong><\/h2>\n<p><span style=\"font-weight: 400;\">J<\/span><span style=\"font-weight: 400;\">ednotliv\u00e9 vrstvy m\u00e1vaj\u00fa ozna\u010denie ako spodn\u00e1, stredn\u00e1 a vrchn\u00e1 vrstva. <\/span><span style=\"font-weight: 400;\">Spodn\u00e1 vrstva je t\u00e1, ktor\u00e1 sa oblieka ako prv\u00e1, je v bezprostrednom kontakte s va\u0161ou poko\u017ekou. Ak si pripomenieme z\u00e1kladn\u00fd fakt, \u017ee oble\u010denie vyu\u017e\u00edvame prim\u00e1rne na regul\u00e1ciu telom vytvoren\u00e9ho tepla a odvod vlhkosti od tela, prv\u00e1 vrstva mus\u00ed by\u0165 v tomto oh\u013eade najfunk\u010dnej\u0161ia. In\u00fdmi slovami, jej \u00fa\u010delom je prep\u00fa\u0161\u0165a\u0165 pot smerom navonok, aby telo ostalo \u010do najsuch\u0161ie. <\/span><\/p>\n<p><span style=\"font-weight: 400;\">Taktie\u017e izoluje tepelne \u2013 av\u0161ak aj v tomto pr\u00edpade s oh\u013eadom na podmienky. V teple m\u00e1 teplo odv\u00e1dza\u0165, v chlade zabra\u0148ova\u0165 jeho nadmern\u00e9mu \u00faniku. Niet sa preto \u010domu divi\u0165, \u017ee spodn\u00e9 vrstvy s\u00fa z tenk\u00e9ho, \u013eahk\u00e9ho materi\u00e1lu, s mno\u017estvom mal\u00fdch otvorov. D\u00f4le\u017eit\u00e9 je uvedomi\u0165 si, \u017ee ak je t\u00e1to vrstva nedostato\u010dne funk\u010dn\u00e1, nasleduj\u00face vrstvy v\u00e1m u\u017e ve\u013emi nepom\u00f4\u017eu. Teplo a pot sa bud\u00fa dr\u017ea\u0165 pod \u0148ou po\u010das cel\u00e9ho v\u00fdjazdu, \u010do ur\u010dite nechcete.<\/span><\/p>\n<p><a href=\"https:\/\/d2p6e6u75xmxt8.cloudfront.net\/4\/2025\/05\/02.webp\"><img loading=\"lazy\" decoding=\"async\" class=\"alignnone size-full wp-image-20319\" src=\"https:\/\/d2p6e6u75xmxt8.cloudfront.net\/4\/2025\/05\/02.webp\" alt=\"\" width=\"996\" height=\"664\" srcset=\"https:\/\/d2p6e6u75xmxt8.cloudfront.net\/4\/2025\/05\/02.webp 996w, https:\/\/d2p6e6u75xmxt8.cloudfront.net\/4\/2025\/05\/02-300x200.webp 300w, https:\/\/d2p6e6u75xmxt8.cloudfront.net\/4\/2025\/05\/02-768x512.webp 768w, https:\/\/d2p6e6u75xmxt8.cloudfront.net\/4\/2025\/05\/02-400x267.webp 400w, https:\/\/d2p6e6u75xmxt8.cloudfront.net\/4\/2025\/05\/02-272x182.webp 272w\" sizes=\"auto, (max-width: 996px) 100vw, 996px\" \/><\/a><\/p>\n<p><span style=\"font-weight: 400;\">Medzi naj\u010dastej\u0161ie materi\u00e1ly patr\u00ed polyester alebo in\u00e1 syntetick\u00e1 tkanina, ktor\u00e1 je nenasiakav\u00e1 a umo\u017e\u0148uje \u010do najr\u00fdchlej\u0161\u00ed presun potu k vrchn\u00fdm vrstv\u00e1m. V s\u00fa\u010dasnosti sa do popredia dost\u00e1va aj vyu\u017e\u00edvanie merino vlny ako pr\u00edrodn\u00e9ho materi\u00e1lu, ktor\u00fd vynik\u00e1 svojou hrejivos\u0165ou a absorpciou z\u00e1pachu. Naopak bavlna je kv\u00f4li svojej schopnosti zadr\u017eiava\u0165 vlhkos\u0165 menej vyh\u013ead\u00e1van\u00e1. <\/span><\/p>\n<p><span style=\"font-weight: 400;\">Samozrejme, pri v\u00fdbere dbajte aj na \u0161trukt\u00faru tri\u010dka alebo nohav\u00edc. <strong>V\u00e4\u010d\u0161ie medzery v podpazu\u0161\u00ed a na chrbte s\u00fa u\u017e \u0161tandardom a ich v\u00fdznam zaiste poc\u00edtite.<\/strong> V niektor\u00fdch pr\u00edpadoch sa m\u00f4\u017eete stretn\u00fa\u0165 aj s vetruodolnou hrudnou \u010das\u0165ou, ktor\u00e1 posl\u00fa\u017ei ak o\u010dak\u00e1vate siln\u00fd vietor.<\/span><\/p>\n<h2><strong>Stredn\u00e1 vrstva<\/strong><\/h2>\n<p><span style=\"font-weight: 400;\">Stredn\u00e1 vrstva je typom spojovn\u00edka medzi dvomi kusmi oble\u010denia. Nedot\u00fdka sa poko\u017eky, ani nie je priamo vystaven\u00e1 vonkaj\u0161\u00edm podmienkam. V tomto oh\u013eade sa od nej o\u010dak\u00e1va funkcia pres\u00favania vlhkosti navonok s t\u00fdm, \u017ee sl\u00fa\u017ei ako tepeln\u00fd izolant. M\u00e1 zabr\u00e1ni\u0165 nadmern\u00e9mu \u00faniku tepla, av\u0161ak taktie\u017e nem\u00f4\u017ee by\u0165 nepriedu\u0161n\u00e1. Aj v tomto pr\u00edpade plat\u00ed, \u017ee naj\u00fa\u010dinnej\u0161\u00edmi materi\u00e1lmi s\u00fa syntetick\u00e9 tkaniny alebo merino vlna. <strong>\u010castokr\u00e1t sa navy\u0161e st\u00e1va, \u017ee sa po\u010das v\u00fdjazdu stredn\u00e1 vrstva stane vrchnou \u2013 napr\u00edklad ak sa otepl\u00ed alebo zv\u00fd\u0161ite intenzitu jazdy. <\/strong><\/span><\/p>\n<p><span style=\"font-weight: 400;\">V tomto smere neexistuje jednozna\u010dn\u00e1 rada. V\u00fdber typu strednej vrstvy \u2013 \u010di bude priedu\u0161nej\u0161ia alebo s odolnej\u0161ou hrudnou \u010das\u0165ou \u2013 z\u00e1vis\u00ed od danej situ\u00e1cie. Pl\u00e1nujte teda s oh\u013eadom na predpove\u010f po\u010dasia, ako aj so cie\u013eom v\u00fdjazdu, ktor\u00fd chcete absolvova\u0165. Predsa len, nie je to jedno, \u010di idete von so z\u00e1merom iba sa povozi\u0165, alebo pl\u00e1nujete tr\u00e9nova\u0165 maxim\u00e1lnu v\u00fdkonnos\u0165.<\/span><\/p>\n<h2><strong>Vrchn\u00e1 vrstva<\/strong><\/h2>\n<p><span style=\"font-weight: 400;\">Pre mnoh\u00fdch za\u010d\u00ednaj\u00facich, ale aj sk\u00fasenej\u0161\u00edch cyklistov, je najproblematickej\u0161ia vrchn\u00e1 vrstva. Bu\u010fto ju podcenia alebo precenia. V prvom pr\u00edpade si vezm\u00fa pr\u00edli\u0161 tenk\u00fa alebo nedostato\u010dne odoln\u00fa vrstvu, resp. si ju nevezm\u00fa v\u00f4bec. V pr\u00edpade druhom sa, laicky povedan\u00e9, oble\u010d\u00fa pr\u00edli\u0161. To znamen\u00e1, \u017ee pou\u017eij\u00fa bundu s vetruodolnou \u00fapravou aj vtedy, ak nie je nevyhnutne potrebn\u00e1. <\/span><\/p>\n<p><span style=\"font-weight: 400;\">T\u00fdm vytvoria dostato\u010dn\u00fa tepelnoizola\u010dn\u00fa bari\u00e9ru na to, aby zastavili odvod tepla a vlhkosti od tela. V\u00fdsledkom je nadmern\u00e9 potenie. Ak sa v\u0161ak rozopn\u00fa, vyvolaj\u00fa t\u00fdm opa\u010dn\u00fa reakciu. Odstr\u00e1nia ak\u00fako\u013evek vrchn\u00fa izol\u00e1ciu a n\u00e1por vzduchu ich za\u010dne nadmerne ochladzova\u0165 \u2013 aj kv\u00f4li mokrej spodnej a pr\u00edpadnej strednej vrstve. Z tejto situ\u00e1cie u\u017e niet v\u00fdchodiska.\u00a0<\/span><\/p>\n<p><a href=\"https:\/\/d2p6e6u75xmxt8.cloudfront.net\/4\/2025\/05\/03.webp\"><img loading=\"lazy\" decoding=\"async\" class=\"alignnone size-full wp-image-20318\" src=\"https:\/\/d2p6e6u75xmxt8.cloudfront.net\/4\/2025\/05\/03.webp\" alt=\"\" width=\"1500\" height=\"903\" srcset=\"https:\/\/d2p6e6u75xmxt8.cloudfront.net\/4\/2025\/05\/03.webp 1500w, https:\/\/d2p6e6u75xmxt8.cloudfront.net\/4\/2025\/05\/03-300x181.webp 300w, https:\/\/d2p6e6u75xmxt8.cloudfront.net\/4\/2025\/05\/03-1024x616.webp 1024w, https:\/\/d2p6e6u75xmxt8.cloudfront.net\/4\/2025\/05\/03-768x462.webp 768w, https:\/\/d2p6e6u75xmxt8.cloudfront.net\/4\/2025\/05\/03-400x241.webp 400w\" sizes=\"auto, (max-width: 1500px) 100vw, 1500px\" \/><\/a><\/p>\n<p><span style=\"font-weight: 400;\"><strong>V pr\u00edpade vrchnej vrstvy existuje \u0161irok\u00e1 \u0161k\u00e1la materi\u00e1lov a ich kombin\u00e1ci\u00ed.<\/strong> Najz\u00e1kladnej\u0161\u00edm, ale mo\u017eno aj najvyu\u017e\u00edvanej\u0161\u00edm k\u00faskom, je vesta alebo tenk\u00e1 pl\u00e1\u0161tenka, ktor\u00e9 s\u00fa \u013eahko zbalite\u013en\u00e9 a poskytuj\u00fa okam\u017eit\u00fa ochranu pred vetrom a da\u017e\u010fom. S\u00fa to v\u0161ak iba do\u010dasn\u00e9 rie\u0161enia. Pre tieto situ\u00e1cie s\u00fa ide\u00e1lne membr\u00e1nov\u00e9 bundy s vodn\u00fdm st\u013apcom aspo\u0148 15 000 mm\/24 h. Okrem toho s\u00fa toti\u017e aj priedu\u0161n\u00e9 a nebudete sa v nich c\u00edti\u0165 ako v sklen\u00edku.<\/span><\/p>\n<p><span style=\"font-size: 16px;\">Pri v\u00fdbere dbajte aj na rozmiestnenie prvkov a celkov\u00fa ergon\u00f3miu oble\u010denia. V prednej \u010dasti o\u010dak\u00e1vajte odolnej\u0161ie a menej priedu\u0161n\u00e9 materi\u00e1ly, zatia\u013e \u010do v chrbtovej \u010dasti alebo v podpazu\u0161\u00ed b\u00fdvaj\u00fa kvalitnej\u0161ie k\u00fasky oble\u010denia vybaven\u00e9 jemnej\u0161ou tkaninou, ktor\u00e1 zaru\u010duje odvod tepla a vlhkosti. Ak ide o strih, zvyknite si na priliehavej\u0161ie spracovanie v\u0161etk\u00fdch vrstiev. Pr\u00e1ve ich bezprostredn\u00fd kontakt jednej s druhou prid\u00e1va na ich kumulat\u00edvnej funk\u010dnosti. S\u00fa\u010dasne n\u00edm aj u\u0161etr\u00edte nejak\u00fd ten watt, ktor\u00fd by ste stratili v protivetre.<\/span><\/p>\n<h2><strong>Zhrnutie<\/strong><\/h2>\n<p><span style=\"font-weight: 400;\">Nakoniec m\u00f4\u017eeme iba zhrn\u00fa\u0165, \u017ee je lep\u0161ie ma\u0165 viacero ten\u0161\u00edch a \u0161trukt\u00farovan\u00fdch vrstiev. <strong>Pri obliekan\u00ed zva\u017eujte z\u00e1mer v\u00e1\u0161ho v\u00fdjazdu a\u00a0teplotn\u00e9 \u010di poveternostn\u00e9 podmienky, ktor\u00e9 m\u00f4\u017eete o\u010dak\u00e1va\u0165.<\/strong> Nezabudnite na tenk\u00fa vestu alebo pl\u00e1\u0161tenku pre pr\u00edpad n\u00fadze v\u00a0zadnom vrecku. V\u00a0kone\u010dnom d\u00f4sledku je najlep\u0161\u00edm pomocn\u00edkom sk\u00fasenos\u0165, v\u010faka ktorej zist\u00edte, \u010do je pre v\u00e1s najlep\u0161ie.<\/span><span style=\"font-weight: 400;\"><br \/>\n<\/span><span style=\"font-weight: 400;\"><br \/>\n<\/span><b>Zdroj foto: <\/b><span style=\"font-weight: 400;\">Freepik.com<\/span><\/p>\n","protected":false},"excerpt":{"rendered":"<p>Po\u010das posledn\u00fdch t\u00fd\u017ed\u0148ov sa teploty pomaly stabilizuj\u00fa na dvojcifern\u00fdch hodnot\u00e1ch. Cesty a lesy doslova volaj\u00fa po str\u00e1ven\u00ed \u010dasu v ich [&hellip;]<\/p>\n","protected":false},"author":191,"featured_media":20317,"comment_status":"closed","ping_status":"closed","sticky":false,"template":"","format":"standard","meta":{"footnotes":""},"categories":[118],"tags":[559,619,115,597,546,532,767,285,931,318,508],"global-categories":[1074],"class_list":["post-20316","post","type-post","status-publish","format-standard","has-post-thumbnail","hentry","category-zabava","tag-bicykel","tag-bicyklovanie","tag-cestna-cyklistika","tag-cyklista","tag-cyklistika","tag-jazdenie","tag-motivacia","tag-oblecenie","tag-odporucame","tag-vyjazd","tag-vylet","global-categories-cycling"],"yoast_head":"<!-- This site is optimized with the Yoast SEO Premium plugin v25.3 (Yoast SEO v25.9) - https:\/\/yoast.com\/wordpress\/plugins\/seo\/ -->\n<title>Bicykel na jar: \u010do si na seba obliec\u0165, aby v\u00e1m nebolo teplo ani zima<\/title>\n<meta name=\"description\" content=\"Jar je zradn\u00e1 \u2013 porad\u00edme v\u00e1m, ako sa obliec\u0165 na bicykel tak, aby v\u00e1s neprekvapil vietor, chlad ani potenie.\" \/>\n<meta name=\"robots\" content=\"index, follow, max-snippet:-1, max-image-preview:large, max-video-preview:-1\" \/>\n<link rel=\"canonical\" href=\"https:\/\/www.welovecycling.com\/sk\/2025\/05\/11\/cyklisticka-moda-co-si-na-jar-obliect-na-bicykel\/\" \/>\n<meta property=\"og:locale\" content=\"sk_SK\" \/>\n<meta property=\"og:type\" content=\"article\" \/>\n<meta property=\"og:title\" content=\"Cyklistick\u00e1 m\u00f3da: \u010do si obliec\u0165 na bicykel, aby v\u00e1m nebola zima, ale ani pr\u00edli\u0161 teplo?\" \/>\n<meta property=\"og:description\" content=\"Jar je zradn\u00e1 \u2013 porad\u00edme v\u00e1m, ako sa obliec\u0165 na bicykel tak, aby v\u00e1s neprekvapil vietor, chlad ani potenie.\" \/>\n<meta property=\"og:url\" content=\"https:\/\/www.welovecycling.com\/sk\/2025\/05\/11\/cyklisticka-moda-co-si-na-jar-obliect-na-bicykel\/\" \/>\n<meta property=\"og:site_name\" content=\"\u0160koda We Love Cycling Slovensko\" \/>\n<meta property=\"article:published_time\" content=\"2025-05-11T10:00:37+00:00\" \/>\n<meta property=\"article:modified_time\" content=\"2025-05-15T07:37:30+00:00\" \/>\n<meta property=\"og:image\" content=\"https:\/\/d2p6e6u75xmxt8.cloudfront.net\/4\/2025\/05\/00.webp\" \/>\n\t<meta property=\"og:image:width\" content=\"1500\" \/>\n\t<meta property=\"og:image:height\" content=\"1000\" \/>\n\t<meta property=\"og:image:type\" content=\"image\/webp\" \/>\n<meta name=\"author\" content=\"michal\" \/>\n<meta name=\"twitter:card\" content=\"summary_large_image\" \/>\n<meta name=\"twitter:label1\" content=\"Written by\" \/>\n\t<meta name=\"twitter:data1\" content=\"Peter Oleni\u010d\" \/>\n\t<meta name=\"twitter:label2\" content=\"Est. reading time\" \/>\n\t<meta name=\"twitter:data2\" content=\"4\" \/>\n<script type=\"application\/ld+json\" class=\"yoast-schema-graph\">{\"@context\":\"https:\/\/schema.org\",\"@graph\":[{\"@type\":\"WebPage\",\"@id\":\"https:\/\/www.welovecycling.com\/sk\/2025\/05\/11\/cyklisticka-moda-co-si-na-jar-obliect-na-bicykel\/\",\"url\":\"https:\/\/www.welovecycling.com\/sk\/2025\/05\/11\/cyklisticka-moda-co-si-na-jar-obliect-na-bicykel\/\",\"name\":\"Bicykel na jar: \u010do si na seba obliec\u0165, aby v\u00e1m nebolo teplo ani zima\",\"isPartOf\":{\"@id\":\"https:\/\/www.welovecycling.com\/sk\/#website\"},\"primaryImageOfPage\":{\"@id\":\"https:\/\/www.welovecycling.com\/sk\/2025\/05\/11\/cyklisticka-moda-co-si-na-jar-obliect-na-bicykel\/#primaryimage\"},\"image\":{\"@id\":\"https:\/\/www.welovecycling.com\/sk\/2025\/05\/11\/cyklisticka-moda-co-si-na-jar-obliect-na-bicykel\/#primaryimage\"},\"thumbnailUrl\":\"https:\/\/d2p6e6u75xmxt8.cloudfront.net\/4\/2025\/05\/00.webp\",\"datePublished\":\"2025-05-11T10:00:37+00:00\",\"dateModified\":\"2025-05-15T07:37:30+00:00\",\"author\":{\"@id\":\"https:\/\/www.welovecycling.com\/sk\/#\/schema\/person\/45e989de48eace55eb338c027dc5a65e\"},\"description\":\"Jar je zradn\u00e1 \u2013 porad\u00edme v\u00e1m, ako sa obliec\u0165 na bicykel tak, aby v\u00e1s neprekvapil vietor, chlad ani potenie.\",\"breadcrumb\":{\"@id\":\"https:\/\/www.welovecycling.com\/sk\/2025\/05\/11\/cyklisticka-moda-co-si-na-jar-obliect-na-bicykel\/#breadcrumb\"},\"inLanguage\":\"sk-SK\",\"potentialAction\":[{\"@type\":\"ReadAction\",\"target\":[\"https:\/\/www.welovecycling.com\/sk\/2025\/05\/11\/cyklisticka-moda-co-si-na-jar-obliect-na-bicykel\/\"]}]},{\"@type\":\"ImageObject\",\"inLanguage\":\"sk-SK\",\"@id\":\"https:\/\/www.welovecycling.com\/sk\/2025\/05\/11\/cyklisticka-moda-co-si-na-jar-obliect-na-bicykel\/#primaryimage\",\"url\":\"https:\/\/d2p6e6u75xmxt8.cloudfront.net\/4\/2025\/05\/00.webp\",\"contentUrl\":\"https:\/\/d2p6e6u75xmxt8.cloudfront.net\/4\/2025\/05\/00.webp\",\"width\":1500,\"height\":1000},{\"@type\":\"BreadcrumbList\",\"@id\":\"https:\/\/www.welovecycling.com\/sk\/2025\/05\/11\/cyklisticka-moda-co-si-na-jar-obliect-na-bicykel\/#breadcrumb\",\"itemListElement\":[{\"@type\":\"ListItem\",\"position\":1,\"name\":\"Home\",\"item\":\"https:\/\/www.welovecycling.com\/sk\/\"},{\"@type\":\"ListItem\",\"position\":2,\"name\":\"Cyklistick\u00e1 m\u00f3da: \u010do si obliec\u0165 na bicykel, aby v\u00e1m nebola zima, ale ani pr\u00edli\u0161 teplo?\"}]},{\"@type\":\"WebSite\",\"@id\":\"https:\/\/www.welovecycling.com\/sk\/#website\",\"url\":\"https:\/\/www.welovecycling.com\/sk\/\",\"name\":\"\u0160koda We Love Cycling Slovensko\",\"description\":\"\u0160koda We Love Cycling Slovensko je v\u00e1\u0161 ka\u017edodenn\u00fd zdroj noviniek a in\u0161pir\u00e1cie z sveta cyklistiky\",\"potentialAction\":[{\"@type\":\"SearchAction\",\"target\":{\"@type\":\"EntryPoint\",\"urlTemplate\":\"https:\/\/www.welovecycling.com\/sk\/?s={search_term_string}\"},\"query-input\":{\"@type\":\"PropertyValueSpecification\",\"valueRequired\":true,\"valueName\":\"search_term_string\"}}],\"inLanguage\":\"sk-SK\"},{\"@type\":\"Person\",\"@id\":\"https:\/\/www.welovecycling.com\/sk\/#\/schema\/person\/45e989de48eace55eb338c027dc5a65e\",\"name\":\"michal\",\"image\":{\"@type\":\"ImageObject\",\"inLanguage\":\"sk-SK\",\"@id\":\"https:\/\/www.welovecycling.com\/sk\/#\/schema\/person\/image\/\",\"url\":\"https:\/\/secure.gravatar.com\/avatar\/7f8deb1af8506a5f53d1b779436f546bce1c8c40c09780107ad3811c7dc4bbcb?s=96&d=mm&r=g\",\"contentUrl\":\"https:\/\/secure.gravatar.com\/avatar\/7f8deb1af8506a5f53d1b779436f546bce1c8c40c09780107ad3811c7dc4bbcb?s=96&d=mm&r=g\",\"caption\":\"michal\"},\"url\":\"https:\/\/www.welovecycling.com\/sk\/author\/michal\/\"}]}<\/script>\n<!-- \/ Yoast SEO Premium plugin. -->","yoast_head_json":{"title":"Bicykel na jar: \u010do si na seba obliec\u0165, aby v\u00e1m nebolo teplo ani zima","description":"Jar je zradn\u00e1 \u2013 porad\u00edme v\u00e1m, ako sa obliec\u0165 na bicykel tak, aby v\u00e1s neprekvapil vietor, chlad ani potenie.","robots":{"index":"index","follow":"follow","max-snippet":"max-snippet:-1","max-image-preview":"max-image-preview:large","max-video-preview":"max-video-preview:-1"},"canonical":"https:\/\/www.welovecycling.com\/sk\/2025\/05\/11\/cyklisticka-moda-co-si-na-jar-obliect-na-bicykel\/","og_locale":"sk_SK","og_type":"article","og_title":"Cyklistick\u00e1 m\u00f3da: \u010do si obliec\u0165 na bicykel, aby v\u00e1m nebola zima, ale ani pr\u00edli\u0161 teplo?","og_description":"Jar je zradn\u00e1 \u2013 porad\u00edme v\u00e1m, ako sa obliec\u0165 na bicykel tak, aby v\u00e1s neprekvapil vietor, chlad ani potenie.","og_url":"https:\/\/www.welovecycling.com\/sk\/2025\/05\/11\/cyklisticka-moda-co-si-na-jar-obliect-na-bicykel\/","og_site_name":"\u0160koda We Love Cycling Slovensko","article_published_time":"2025-05-11T10:00:37+00:00","article_modified_time":"2025-05-15T07:37:30+00:00","og_image":[{"width":1500,"height":1000,"url":"https:\/\/d2p6e6u75xmxt8.cloudfront.net\/4\/2025\/05\/00.webp","type":"image\/webp"}],"author":"michal","twitter_card":"summary_large_image","twitter_misc":{"Written by":"Peter Oleni\u010d","Est. reading time":"4"},"schema":{"@context":"https:\/\/schema.org","@graph":[{"@type":"WebPage","@id":"https:\/\/www.welovecycling.com\/sk\/2025\/05\/11\/cyklisticka-moda-co-si-na-jar-obliect-na-bicykel\/","url":"https:\/\/www.welovecycling.com\/sk\/2025\/05\/11\/cyklisticka-moda-co-si-na-jar-obliect-na-bicykel\/","name":"Bicykel na jar: \u010do si na seba obliec\u0165, aby v\u00e1m nebolo teplo ani zima","isPartOf":{"@id":"https:\/\/www.welovecycling.com\/sk\/#website"},"primaryImageOfPage":{"@id":"https:\/\/www.welovecycling.com\/sk\/2025\/05\/11\/cyklisticka-moda-co-si-na-jar-obliect-na-bicykel\/#primaryimage"},"image":{"@id":"https:\/\/www.welovecycling.com\/sk\/2025\/05\/11\/cyklisticka-moda-co-si-na-jar-obliect-na-bicykel\/#primaryimage"},"thumbnailUrl":"https:\/\/d2p6e6u75xmxt8.cloudfront.net\/4\/2025\/05\/00.webp","datePublished":"2025-05-11T10:00:37+00:00","dateModified":"2025-05-15T07:37:30+00:00","author":{"@id":"https:\/\/www.welovecycling.com\/sk\/#\/schema\/person\/45e989de48eace55eb338c027dc5a65e"},"description":"Jar je zradn\u00e1 \u2013 porad\u00edme v\u00e1m, ako sa obliec\u0165 na bicykel tak, aby v\u00e1s neprekvapil vietor, chlad ani potenie.","breadcrumb":{"@id":"https:\/\/www.welovecycling.com\/sk\/2025\/05\/11\/cyklisticka-moda-co-si-na-jar-obliect-na-bicykel\/#breadcrumb"},"inLanguage":"sk-SK","potentialAction":[{"@type":"ReadAction","target":["https:\/\/www.welovecycling.com\/sk\/2025\/05\/11\/cyklisticka-moda-co-si-na-jar-obliect-na-bicykel\/"]}]},{"@type":"ImageObject","inLanguage":"sk-SK","@id":"https:\/\/www.welovecycling.com\/sk\/2025\/05\/11\/cyklisticka-moda-co-si-na-jar-obliect-na-bicykel\/#primaryimage","url":"https:\/\/d2p6e6u75xmxt8.cloudfront.net\/4\/2025\/05\/00.webp","contentUrl":"https:\/\/d2p6e6u75xmxt8.cloudfront.net\/4\/2025\/05\/00.webp","width":1500,"height":1000},{"@type":"BreadcrumbList","@id":"https:\/\/www.welovecycling.com\/sk\/2025\/05\/11\/cyklisticka-moda-co-si-na-jar-obliect-na-bicykel\/#breadcrumb","itemListElement":[{"@type":"ListItem","position":1,"name":"Home","item":"https:\/\/www.welovecycling.com\/sk\/"},{"@type":"ListItem","position":2,"name":"Cyklistick\u00e1 m\u00f3da: \u010do si obliec\u0165 na bicykel, aby v\u00e1m nebola zima, ale ani pr\u00edli\u0161 teplo?"}]},{"@type":"WebSite","@id":"https:\/\/www.welovecycling.com\/sk\/#website","url":"https:\/\/www.welovecycling.com\/sk\/","name":"\u0160koda We Love Cycling Slovensko","description":"\u0160koda We Love Cycling Slovensko je v\u00e1\u0161 ka\u017edodenn\u00fd zdroj noviniek a in\u0161pir\u00e1cie z sveta cyklistiky","potentialAction":[{"@type":"SearchAction","target":{"@type":"EntryPoint","urlTemplate":"https:\/\/www.welovecycling.com\/sk\/?s={search_term_string}"},"query-input":{"@type":"PropertyValueSpecification","valueRequired":true,"valueName":"search_term_string"}}],"inLanguage":"sk-SK"},{"@type":"Person","@id":"https:\/\/www.welovecycling.com\/sk\/#\/schema\/person\/45e989de48eace55eb338c027dc5a65e","name":"michal","image":{"@type":"ImageObject","inLanguage":"sk-SK","@id":"https:\/\/www.welovecycling.com\/sk\/#\/schema\/person\/image\/","url":"https:\/\/secure.gravatar.com\/avatar\/7f8deb1af8506a5f53d1b779436f546bce1c8c40c09780107ad3811c7dc4bbcb?s=96&d=mm&r=g","contentUrl":"https:\/\/secure.gravatar.com\/avatar\/7f8deb1af8506a5f53d1b779436f546bce1c8c40c09780107ad3811c7dc4bbcb?s=96&d=mm&r=g","caption":"michal"},"url":"https:\/\/www.welovecycling.com\/sk\/author\/michal\/"}]}},"_links":{"self":[{"href":"https:\/\/www.welovecycling.com\/sk\/wp-json\/wp\/v2\/posts\/20316","targetHints":{"allow":["GET"]}}],"collection":[{"href":"https:\/\/www.welovecycling.com\/sk\/wp-json\/wp\/v2\/posts"}],"about":[{"href":"https:\/\/www.welovecycling.com\/sk\/wp-json\/wp\/v2\/types\/post"}],"author":[{"embeddable":true,"href":"https:\/\/www.welovecycling.com\/sk\/wp-json\/wp\/v2\/users\/191"}],"replies":[{"embeddable":true,"href":"https:\/\/www.welovecycling.com\/sk\/wp-json\/wp\/v2\/comments?post=20316"}],"version-history":[{"count":9,"href":"https:\/\/www.welovecycling.com\/sk\/wp-json\/wp\/v2\/posts\/20316\/revisions"}],"predecessor-version":[{"id":20368,"href":"https:\/\/www.welovecycling.com\/sk\/wp-json\/wp\/v2\/posts\/20316\/revisions\/20368"}],"wp:featuredmedia":[{"embeddable":true,"href":"https:\/\/www.welovecycling.com\/sk\/wp-json\/wp\/v2\/media\/20317"}],"wp:attachment":[{"href":"https:\/\/www.welovecycling.com\/sk\/wp-json\/wp\/v2\/media?parent=20316"}],"wp:term":[{"taxonomy":"category","embeddable":true,"href":"https:\/\/www.welovecycling.com\/sk\/wp-json\/wp\/v2\/categories?post=20316"},{"taxonomy":"post_tag","embeddable":true,"href":"https:\/\/www.welovecycling.com\/sk\/wp-json\/wp\/v2\/tags?post=20316"},{"taxonomy":"global-categories","embeddable":true,"href":"https:\/\/www.welovecycling.com\/sk\/wp-json\/wp\/v2\/global-categories?post=20316"}],"curies":[{"name":"wp","href":"https:\/\/api.w.org\/{rel}","templated":true}]}}