{"id":20296,"date":"2025-05-04T10:00:53","date_gmt":"2025-05-04T08:00:53","guid":{"rendered":"https:\/\/www.welovecycling.com\/sk\/?p=20296"},"modified":"2025-05-02T12:18:20","modified_gmt":"2025-05-02T10:18:20","slug":"rajecke-teplice-a-okolie-na-dvoch-kolesach-objavte-viac-nez-len-popularny-maraton","status":"publish","type":"post","link":"https:\/\/www.welovecycling.com\/sk\/2025\/05\/04\/rajecke-teplice-a-okolie-na-dvoch-kolesach-objavte-viac-nez-len-popularny-maraton\/","title":{"rendered":"Rajeck\u00e9 Teplice a okolie na dvoch koles\u00e1ch: Objavte viac ne\u017e len popul\u00e1rny marat\u00f3n"},"content":{"rendered":"<p><strong>Marat\u00f3ny s\u00e9rie <a href=\"https:\/\/www.welovecycling.com\/sk\/tag\/sbot\/\" target=\"_blank\" rel=\"noopener\">\u0160koda Bike Open Tour<\/a> nie s\u00fa len o\u00a0maxim\u00e1lnych v\u00fdkonoch na tratiach. S\u00fa predov\u0161etk\u00fdm o z\u00e1\u017eitku \u2013 pre jednotlivcov, partie aj cel\u00e9 rodiny. A miesta, kde sa tieto podujatia konaj\u00fa, \u010dasto pon\u00fakaj\u00fa omnoho viac, ne\u017e len preteky. V\u00fdnimkou nie s\u00fa ani Rajeck\u00e9 Teplice.<\/strong><!--more--><\/p>\n<p><span style=\"font-weight: 400;\">T\u00e1to lokalita v srdci L\u00fa\u010danskej Malej Fatry mi je d\u00f4verne zn\u00e1ma. Napriek tomu, \u017ee mus\u00edm cestova\u0165 autom viac ako hodinu, r\u00e1d sem vyr\u00e1\u017eam na v\u00edkendov\u00e9 v\u00fdjazdy \u2013, a to o nie\u010dom sved\u010d\u00ed. Dom\u00e1ci tu maj\u00fa naozaj n\u00e1dhern\u00e9 prostredie.<\/span><\/p>\n<p><span style=\"font-weight: 400;\">Ak pl\u00e1nujete pr\u00eds\u0165 na marat\u00f3n o de\u0148 \u010di dva sk\u00f4r, m\u00e1te ide\u00e1lnu pr\u00edle\u017eitos\u0165 spoji\u0165 preteky so spozn\u00e1van\u00edm okolia. Navy\u0161e, \u0161tvrtok pred marat\u00f3nom je \u0161t\u00e1tny sviatok, tak\u017ee sa d\u00e1 vytvori\u0165 <\/span><b>pred\u013a\u017een\u00fd v\u00edkend<\/b><span style=\"font-weight: 400;\">. Nezabudnite si v\u0161ak necha\u0165 trochu energie aj na samotn\u00e9 preteky.<\/span><\/p>\n<h2><strong>Do S\u00fa\u013eova na hrad Lietava \u2013 skaln\u00e9 scen\u00e9rie a vyhliadky<\/strong><\/h2>\n<p><span style=\"font-weight: 400;\">Ak ste ale fan\u00fa\u0161ikom horskej cyklistiky, jednozna\u010dne mus\u00edm odporu\u010di\u0165 okruh cez S\u00fa\u013eov.<\/span><\/p>\n<p><span style=\"font-weight: 400;\">Z Rajeck\u00fdch Tepl\u00edc sa vydajte smerom na juh do Zby\u0148ova, odkia\u013e za\u010dnete st\u00fapa\u0165 po zelenej cyklotrase do <\/span><b>sedla Pat\u00fach<\/b><span style=\"font-weight: 400;\">. \u010cak\u00e1 v\u00e1s lesn\u00fd v\u00fd\u0161\u013eap, po ktorom nasleduje zjazd do <\/span><b>S\u00fa\u013eova<\/b><span style=\"font-weight: 400;\">, kde sa m\u00f4\u017eete ob\u010derstvi\u0165.<\/span><\/p>\n<div id='gallery-1' class='gallery galleryid-20296 gallery-columns-2 gallery-size-full'><figure class='gallery-item'>\n\t\t\t<div class='gallery-icon landscape'>\n\t\t\t\t<a href='https:\/\/d2p6e6u75xmxt8.cloudfront.net\/4\/2025\/05\/Sulov-1.webp'><img loading=\"lazy\" decoding=\"async\" width=\"990\" height=\"660\" src=\"https:\/\/d2p6e6u75xmxt8.cloudfront.net\/4\/2025\/05\/Sulov-1.webp\" class=\"attachment-full size-full\" alt=\"\" srcset=\"https:\/\/d2p6e6u75xmxt8.cloudfront.net\/4\/2025\/05\/Sulov-1.webp 990w, https:\/\/d2p6e6u75xmxt8.cloudfront.net\/4\/2025\/05\/Sulov-1-300x200.webp 300w, https:\/\/d2p6e6u75xmxt8.cloudfront.net\/4\/2025\/05\/Sulov-1-768x512.webp 768w, https:\/\/d2p6e6u75xmxt8.cloudfront.net\/4\/2025\/05\/Sulov-1-400x267.webp 400w, https:\/\/d2p6e6u75xmxt8.cloudfront.net\/4\/2025\/05\/Sulov-1-272x182.webp 272w\" sizes=\"auto, (max-width: 990px) 100vw, 990px\" \/><\/a>\n\t\t\t<\/div><\/figure><figure class='gallery-item'>\n\t\t\t<div class='gallery-icon landscape'>\n\t\t\t\t<a href='https:\/\/d2p6e6u75xmxt8.cloudfront.net\/4\/2025\/05\/Sulov.webp'><img loading=\"lazy\" decoding=\"async\" width=\"990\" height=\"660\" src=\"https:\/\/d2p6e6u75xmxt8.cloudfront.net\/4\/2025\/05\/Sulov.webp\" class=\"attachment-full size-full\" alt=\"Rajeck\u00e9 Teplice a okolie\" srcset=\"https:\/\/d2p6e6u75xmxt8.cloudfront.net\/4\/2025\/05\/Sulov.webp 990w, https:\/\/d2p6e6u75xmxt8.cloudfront.net\/4\/2025\/05\/Sulov-300x200.webp 300w, https:\/\/d2p6e6u75xmxt8.cloudfront.net\/4\/2025\/05\/Sulov-768x512.webp 768w, https:\/\/d2p6e6u75xmxt8.cloudfront.net\/4\/2025\/05\/Sulov-400x267.webp 400w, https:\/\/d2p6e6u75xmxt8.cloudfront.net\/4\/2025\/05\/Sulov-272x182.webp 272w\" sizes=\"auto, (max-width: 990px) 100vw, 990px\" \/><\/a>\n\t\t\t<\/div><\/figure>\n\t\t<\/div>\n\n<p><span style=\"font-weight: 400;\">Ak budete ma\u0165 dos\u0165 s\u00edl, odpor\u00fa\u010dam pokra\u010dova\u0165 smerom na <\/span><b>Vrchtepl\u00fa<\/b><span style=\"font-weight: 400;\"> \u2013 dolinou po<\/span> <span style=\"font-weight: 400;\">zelenej trase, sp\u00e4\u0165 po \u017eltej. Odmenou bud\u00fa kr\u00e1sne v\u00fdh\u013eady.<\/span><\/p>\n<p><span style=\"font-weight: 400;\">Po n\u00e1vrate do S\u00fa\u013eova v\u00e1s \u010dak\u00e1 v\u00fd\u017eivnej\u0161ie st\u00fapanie po modrej trase do <\/span><b>Roh\u00e1\u010dskeho sedla<\/b><span style=\"font-weight: 400;\">. Nezabudnite si spravi\u0165 kr\u00e1tku prest\u00e1vku na l\u00fake nad S\u00fa\u013eovom \u2013 v\u00fdh\u013ead na skaln\u00e9 ve\u017ee stoj\u00ed za to. V sedle odpor\u00fa\u010dam necha\u0165 bicykel a vyda\u0165 sa pe\u0161o na vyhliadku <\/span><b>Orlie hniezdo<\/b><span style=\"font-weight: 400;\"> \u2013 je to len p\u00e1r min\u00fat a panor\u00e1ma je nezabudnute\u013en\u00e1.<\/span><\/p>\n<div id='gallery-2' class='gallery galleryid-20296 gallery-columns-2 gallery-size-full'><figure class='gallery-item'>\n\t\t\t<div class='gallery-icon landscape'>\n\t\t\t\t<a href='https:\/\/d2p6e6u75xmxt8.cloudfront.net\/4\/2025\/05\/Orlie-hniezdo-.webp'><img loading=\"lazy\" decoding=\"async\" width=\"990\" height=\"660\" src=\"https:\/\/d2p6e6u75xmxt8.cloudfront.net\/4\/2025\/05\/Orlie-hniezdo-.webp\" class=\"attachment-full size-full\" alt=\"\" srcset=\"https:\/\/d2p6e6u75xmxt8.cloudfront.net\/4\/2025\/05\/Orlie-hniezdo-.webp 990w, https:\/\/d2p6e6u75xmxt8.cloudfront.net\/4\/2025\/05\/Orlie-hniezdo--300x200.webp 300w, https:\/\/d2p6e6u75xmxt8.cloudfront.net\/4\/2025\/05\/Orlie-hniezdo--768x512.webp 768w, https:\/\/d2p6e6u75xmxt8.cloudfront.net\/4\/2025\/05\/Orlie-hniezdo--400x267.webp 400w, https:\/\/d2p6e6u75xmxt8.cloudfront.net\/4\/2025\/05\/Orlie-hniezdo--272x182.webp 272w\" sizes=\"auto, (max-width: 990px) 100vw, 990px\" \/><\/a>\n\t\t\t<\/div><\/figure><figure class='gallery-item'>\n\t\t\t<div class='gallery-icon landscape'>\n\t\t\t\t<a href='https:\/\/d2p6e6u75xmxt8.cloudfront.net\/4\/2025\/05\/Orlie-hniezso.webp'><img loading=\"lazy\" decoding=\"async\" width=\"990\" height=\"660\" src=\"https:\/\/d2p6e6u75xmxt8.cloudfront.net\/4\/2025\/05\/Orlie-hniezso.webp\" class=\"attachment-full size-full\" alt=\"\" srcset=\"https:\/\/d2p6e6u75xmxt8.cloudfront.net\/4\/2025\/05\/Orlie-hniezso.webp 990w, https:\/\/d2p6e6u75xmxt8.cloudfront.net\/4\/2025\/05\/Orlie-hniezso-300x200.webp 300w, https:\/\/d2p6e6u75xmxt8.cloudfront.net\/4\/2025\/05\/Orlie-hniezso-768x512.webp 768w, https:\/\/d2p6e6u75xmxt8.cloudfront.net\/4\/2025\/05\/Orlie-hniezso-400x267.webp 400w, https:\/\/d2p6e6u75xmxt8.cloudfront.net\/4\/2025\/05\/Orlie-hniezso-272x182.webp 272w\" sizes=\"auto, (max-width: 990px) 100vw, 990px\" \/><\/a>\n\t\t\t<\/div><\/figure>\n\t\t<\/div>\n\n<p><span style=\"font-weight: 400;\">Zo sedla sa zveziete do Podhoria, odkia\u013e sa d\u00e1 pokra\u010dova\u0165 na Lietavsk\u00fa Svinn\u00fa. Tu sa oplat\u00ed zastavi\u0165 pri jazere smerom na Pat\u00fach, ponad ktor\u00e9 sa nach\u00e1dza hojda\u010dka. N\u00e1sledne sa viete cez kopec vr\u00e1ti\u0165 po modrom C do Rajeck\u00fdch Tepl\u00edc.\u00a0<\/span><\/p>\n<p><span style=\"font-weight: 400;\">Druh\u00e1 mo\u017enos\u0165 je z\u00a0Podhoria pokra\u010dova\u0165 po modrej turistickej zna\u010dky na jednu z\u00a0najv\u00e4\u010d\u0161\u00edch zr\u00facan\u00edn &#8211; <\/span><b>hrad Lietava<\/b><span style=\"font-weight: 400;\">. Z\u00a0neho sa odv\u00e1\u017enej\u0161\u00ed spustia po zelenej do Lietavskej Svinnej, alebo sa vr\u00e1tia po modrej a\u00a0spustia sa po zv\u00e1\u017enici do Babkova.<\/span><\/p>\n<p><img loading=\"lazy\" decoding=\"async\" class=\"alignnone size-full wp-image-20299\" src=\"https:\/\/d2p6e6u75xmxt8.cloudfront.net\/4\/2025\/05\/Lietava-.webp\" alt=\"\" width=\"990\" height=\"660\" srcset=\"https:\/\/d2p6e6u75xmxt8.cloudfront.net\/4\/2025\/05\/Lietava-.webp 990w, https:\/\/d2p6e6u75xmxt8.cloudfront.net\/4\/2025\/05\/Lietava--300x200.webp 300w, https:\/\/d2p6e6u75xmxt8.cloudfront.net\/4\/2025\/05\/Lietava--768x512.webp 768w, https:\/\/d2p6e6u75xmxt8.cloudfront.net\/4\/2025\/05\/Lietava--400x267.webp 400w, https:\/\/d2p6e6u75xmxt8.cloudfront.net\/4\/2025\/05\/Lietava--272x182.webp 272w\" sizes=\"auto, (max-width: 990px) 100vw, 990px\" \/><\/p>\n<p><span style=\"font-weight: 400;\">Cel\u00fd okruh m\u00e1 pribli\u017ene <\/span><b>30 \u2013 40 km <\/b><span style=\"font-weight: 400;\">a nast\u00fapate <\/span><b>1\u00a0000 a\u017e 1 300<\/b> <b>v\u00fd\u0161kov\u00fdch metrov.<\/b><span style=\"font-weight: 400;\">\u00a0<\/span><\/p>\n<h2><strong>Tiahle st\u00fapania, hlbok\u00e9 lesy a zasl\u00fa\u017een\u00e9 ob\u010derstvenie<\/strong><\/h2>\n<p><span style=\"font-weight: 400;\">Druh\u00fd v\u00fdlet kombinuje asfalt s ter\u00e9nom a op\u00e4\u0165 sa za\u010d\u00edna smerom na Zby\u0148ov, kde sa tentoraz vyd\u00e1te po modrej cyklotrase cez Jasenov\u00e9 do Malej \u010ciernej. Nad obcou je kr\u00e1sny v\u00fdh\u013ead od kr\u00ed\u017ea, odkia\u013e sa zveziete do Ve\u013ekej \u010ciernej.<\/span><\/p>\n<p><span style=\"font-weight: 400;\">Odtia\u013e vedie \u010derven\u00e1 trasa smerom na Rajec. K\u00fasok pred n\u00edm sa odpoj\u00edme na modr\u00fa smerom ku <\/span><b>Ko\u0161iarskej n\u00e1dr\u017ei<\/b><span style=\"font-weight: 400;\">.\u00a0<\/span><\/p>\n<div id='gallery-3' class='gallery galleryid-20296 gallery-columns-2 gallery-size-full'><figure class='gallery-item'>\n\t\t\t<div class='gallery-icon landscape'>\n\t\t\t\t<a href='https:\/\/d2p6e6u75xmxt8.cloudfront.net\/4\/2025\/05\/Kosiar-1.webp'><img loading=\"lazy\" decoding=\"async\" width=\"990\" height=\"660\" src=\"https:\/\/d2p6e6u75xmxt8.cloudfront.net\/4\/2025\/05\/Kosiar-1.webp\" class=\"attachment-full size-full\" alt=\"Rajeck\u00e9 Teplice a okolie\" srcset=\"https:\/\/d2p6e6u75xmxt8.cloudfront.net\/4\/2025\/05\/Kosiar-1.webp 990w, https:\/\/d2p6e6u75xmxt8.cloudfront.net\/4\/2025\/05\/Kosiar-1-300x200.webp 300w, https:\/\/d2p6e6u75xmxt8.cloudfront.net\/4\/2025\/05\/Kosiar-1-768x512.webp 768w, https:\/\/d2p6e6u75xmxt8.cloudfront.net\/4\/2025\/05\/Kosiar-1-400x267.webp 400w, https:\/\/d2p6e6u75xmxt8.cloudfront.net\/4\/2025\/05\/Kosiar-1-272x182.webp 272w\" sizes=\"auto, (max-width: 990px) 100vw, 990px\" \/><\/a>\n\t\t\t<\/div><\/figure><figure class='gallery-item'>\n\t\t\t<div class='gallery-icon landscape'>\n\t\t\t\t<a href='https:\/\/d2p6e6u75xmxt8.cloudfront.net\/4\/2025\/05\/Kosiar.webp'><img loading=\"lazy\" decoding=\"async\" width=\"990\" height=\"660\" src=\"https:\/\/d2p6e6u75xmxt8.cloudfront.net\/4\/2025\/05\/Kosiar.webp\" class=\"attachment-full size-full\" alt=\"\" srcset=\"https:\/\/d2p6e6u75xmxt8.cloudfront.net\/4\/2025\/05\/Kosiar.webp 990w, https:\/\/d2p6e6u75xmxt8.cloudfront.net\/4\/2025\/05\/Kosiar-300x200.webp 300w, https:\/\/d2p6e6u75xmxt8.cloudfront.net\/4\/2025\/05\/Kosiar-768x512.webp 768w, https:\/\/d2p6e6u75xmxt8.cloudfront.net\/4\/2025\/05\/Kosiar-400x267.webp 400w, https:\/\/d2p6e6u75xmxt8.cloudfront.net\/4\/2025\/05\/Kosiar-272x182.webp 272w\" sizes=\"auto, (max-width: 990px) 100vw, 990px\" \/><\/a>\n\t\t\t<\/div><\/figure>\n\t\t<\/div>\n\n<p><span style=\"font-weight: 400;\">Pokra\u010dujte do Trstennej, na ktorej konci mus\u00edte vojs\u0165 do Suchej doliny. Pri \u00fatulni to zvrtneme do kopca a\u00a0po lesnej ceste s\u00a0mierne n\u00e1ro\u010dn\u00fdm zjazdom sa dostaneme do obce <\/span><b>Domani\u017ea<\/b><span style=\"font-weight: 400;\">.\u00a0<\/span><\/p>\n<div id='gallery-4' class='gallery galleryid-20296 gallery-columns-2 gallery-size-full'><figure class='gallery-item'>\n\t\t\t<div class='gallery-icon landscape'>\n\t\t\t\t<a href='https:\/\/d2p6e6u75xmxt8.cloudfront.net\/4\/2025\/05\/Cesta-nad-Domanizou-1.webp'><img loading=\"lazy\" decoding=\"async\" width=\"990\" height=\"660\" src=\"https:\/\/d2p6e6u75xmxt8.cloudfront.net\/4\/2025\/05\/Cesta-nad-Domanizou-1.webp\" class=\"attachment-full size-full\" alt=\"\" aria-describedby=\"gallery-4-20307\" srcset=\"https:\/\/d2p6e6u75xmxt8.cloudfront.net\/4\/2025\/05\/Cesta-nad-Domanizou-1.webp 990w, https:\/\/d2p6e6u75xmxt8.cloudfront.net\/4\/2025\/05\/Cesta-nad-Domanizou-1-300x200.webp 300w, https:\/\/d2p6e6u75xmxt8.cloudfront.net\/4\/2025\/05\/Cesta-nad-Domanizou-1-768x512.webp 768w, https:\/\/d2p6e6u75xmxt8.cloudfront.net\/4\/2025\/05\/Cesta-nad-Domanizou-1-400x267.webp 400w, https:\/\/d2p6e6u75xmxt8.cloudfront.net\/4\/2025\/05\/Cesta-nad-Domanizou-1-272x182.webp 272w\" sizes=\"auto, (max-width: 990px) 100vw, 990px\" \/><\/a>\n\t\t\t<\/div>\n\t\t\t\t<figcaption class='wp-caption-text gallery-caption' id='gallery-4-20307'>\n\t\t\t\tCesta nad Domani\u017eou\n\t\t\t\t<\/figcaption><\/figure><figure class='gallery-item'>\n\t\t\t<div class='gallery-icon landscape'>\n\t\t\t\t<a href='https:\/\/d2p6e6u75xmxt8.cloudfront.net\/4\/2025\/05\/Cesta-nad-Domanizou.webp'><img loading=\"lazy\" decoding=\"async\" width=\"990\" height=\"660\" src=\"https:\/\/d2p6e6u75xmxt8.cloudfront.net\/4\/2025\/05\/Cesta-nad-Domanizou.webp\" class=\"attachment-full size-full\" alt=\"\" srcset=\"https:\/\/d2p6e6u75xmxt8.cloudfront.net\/4\/2025\/05\/Cesta-nad-Domanizou.webp 990w, https:\/\/d2p6e6u75xmxt8.cloudfront.net\/4\/2025\/05\/Cesta-nad-Domanizou-300x200.webp 300w, https:\/\/d2p6e6u75xmxt8.cloudfront.net\/4\/2025\/05\/Cesta-nad-Domanizou-768x512.webp 768w, https:\/\/d2p6e6u75xmxt8.cloudfront.net\/4\/2025\/05\/Cesta-nad-Domanizou-400x267.webp 400w, https:\/\/d2p6e6u75xmxt8.cloudfront.net\/4\/2025\/05\/Cesta-nad-Domanizou-272x182.webp 272w\" sizes=\"auto, (max-width: 990px) 100vw, 990px\" \/><\/a>\n\t\t\t<\/div><\/figure>\n\t\t<\/div>\n\n<p><span style=\"font-weight: 400;\">Odtia\u013eto v\u00e1s asfaltov\u00e1 cesta zavedie do obce S\u00e1do\u010dn\u00e9, kde na jej za\u010diatku mus\u00edte odbo\u010di\u0165 na st\u00fapaj\u00facu asfaltov\u00fa cestu do hory. \u010cak\u00e1 v\u00e1s jemn\u00e9, nieko\u013ekokilometrov\u00e9 st\u00fapanie, na jeho konci pokra\u010duje cyklocesta do Predhoria a\u00a0\u010falej modrou k\u00a0jazeru Hofer. Tu sa odpoj\u00edme zelenou smerom na Pru\u017einu a\u00a0vyd\u00e1vame sa smerom na Podskalie. Nach\u00e1dza sa tu pr\u00edjemne ob\u010derstvenie v Ekorezorte Vendel\u00edn.<\/span><\/p>\n<p><span style=\"font-weight: 400;\">Turistick\u00fd tip: Ak si chcete dopria\u0165 nen\u00e1ro\u010dn\u00fa prech\u00e1dzku mimo bicykla, odpor\u00fa\u010dam <\/span><b>Podskalsk\u00fd Roh\u00e1\u010d<\/b><span style=\"font-weight: 400;\">.<\/span><\/p>\n<p><span style=\"font-weight: 400;\">Zelenou turistickou zna\u010dkou zamierime a\u017e do Pova\u017eskej Bystrice \u2013 \u010dasti Zakv\u00e1\u0161ov. Pokra\u010dujete do obce Bodin\u00e1 a\u00a0\u010falej \u017elt\u00fdm a modr\u00fdm C smerom na S\u00fa\u013eov- Hradn\u00e1. M\u00f4\u017eete vojs\u0165 a\u017e do obce, alebo v\u00a0tejto \u010dasti sa vyd\u00e1me strmou cestou hore do u\u017e spom\u00ednan\u00e9ho sedla Pat\u00fach. Je to s\u00edce krat\u0161ie, ale strm\u0161ie. \ud83d\ude42 N\u00e1sledne u\u017e len pokra\u010dujete cez Zby\u0148ov do cie\u013ea.\u00a0<\/span><\/p>\n<h2><strong>Cestn\u00e1 klasika: \u017dilinsk\u00fd okruh<\/strong><\/h2>\n<p><span style=\"font-weight: 400;\">Ak ako ja patr\u00edte aj medzi cestn\u00fdch cyklistov, ur\u010dite vysk\u00fa\u0161ajte <\/span><b>klasick\u00fd okruh cez \u017dilinu<\/b><span style=\"font-weight: 400;\"> \u2013 z\u00a0Rajeck\u00fdch Tepl\u00edc cez Rajec, Domani\u017eu a\u00a0Pova\u017e\u0161k\u00fa Bystricu. \u010ealej cez Mar\u0161ov\u00fa-Ra\u0161ov, kde sa nadjazdom cez \u017eeleznicu dostaneme na druh\u00fa stranu V\u00e1hu do Byt\u010de. Potom po V\u00e1\u017eskej cyklomagistr\u00e1le a\u017e do \u017diliny. N\u00e1vrat vedie cez Rosinu,\u00a0Vi\u0161\u0148ov\u00e9 a\u00a0cez Turie sp\u00e4\u0165 do Rajeck\u00fdch Tepl\u00edc.\u00a0<\/span><\/p>\n<p><span style=\"font-weight: 400;\">Trasa m\u00e1 kvalitn\u00fd asfalt a\u00a0prem\u00e1vka je cez v\u00edkend men\u0161ia. Je to tak\u00e1 cestn\u00e1 klasika \u017dilin\u010danov. \ud83d\ude42<\/span><\/p>\n<h2><strong>Bonusov\u00fd tip: Vrch Polom<\/strong><\/h2>\n<p><span style=\"font-weight: 400;\">A\u00a0ke\u010f sme pri \u017dilinskej klasike, tak je \u0148ou ur\u010dite aj vrch Polom, pod ktor\u00fdm sa nach\u00e1dza kame\u0148olom. K\u00fasok od obce <\/span><b>Str\u00e1\u0148avy<\/b><span style=\"font-weight: 400;\"> vedie \u010derstvo polo\u017een\u00fd asfaltov\u00fd koberec a\u017e do <\/span><b>sedla Javorina<\/b><span style=\"font-weight: 400;\">. V\u00fdh\u013ead z\u00a0Polomu je fantastick\u00fd. Zjazd mo\u017eno absolvova\u0165 lesnou cestou smerom na Rakytie do Stre\u010dna. A\u00a0popri Vodnom diele \u017dilina sa cez Rosinu a\u00a0Turie vr\u00e1ti\u0165 do dejiska marat\u00f3nu \u2013 Rajeck\u00fdch Tepl\u00edc.\u00a0<\/span><\/p>\n<div id='gallery-5' class='gallery galleryid-20296 gallery-columns-2 gallery-size-full'><figure class='gallery-item'>\n\t\t\t<div class='gallery-icon landscape'>\n\t\t\t\t<a href='https:\/\/d2p6e6u75xmxt8.cloudfront.net\/4\/2025\/05\/Polom-.webp'><img loading=\"lazy\" decoding=\"async\" width=\"990\" height=\"660\" src=\"https:\/\/d2p6e6u75xmxt8.cloudfront.net\/4\/2025\/05\/Polom-.webp\" class=\"attachment-full size-full\" alt=\"\" srcset=\"https:\/\/d2p6e6u75xmxt8.cloudfront.net\/4\/2025\/05\/Polom-.webp 990w, https:\/\/d2p6e6u75xmxt8.cloudfront.net\/4\/2025\/05\/Polom--300x200.webp 300w, https:\/\/d2p6e6u75xmxt8.cloudfront.net\/4\/2025\/05\/Polom--768x512.webp 768w, https:\/\/d2p6e6u75xmxt8.cloudfront.net\/4\/2025\/05\/Polom--400x267.webp 400w, https:\/\/d2p6e6u75xmxt8.cloudfront.net\/4\/2025\/05\/Polom--272x182.webp 272w\" sizes=\"auto, (max-width: 990px) 100vw, 990px\" \/><\/a>\n\t\t\t<\/div><\/figure><figure class='gallery-item'>\n\t\t\t<div class='gallery-icon landscape'>\n\t\t\t\t<a href='https:\/\/d2p6e6u75xmxt8.cloudfront.net\/4\/2025\/05\/Polom-1.webp'><img loading=\"lazy\" decoding=\"async\" width=\"990\" height=\"660\" src=\"https:\/\/d2p6e6u75xmxt8.cloudfront.net\/4\/2025\/05\/Polom-1.webp\" class=\"attachment-full size-full\" alt=\"\" srcset=\"https:\/\/d2p6e6u75xmxt8.cloudfront.net\/4\/2025\/05\/Polom-1.webp 990w, https:\/\/d2p6e6u75xmxt8.cloudfront.net\/4\/2025\/05\/Polom-1-300x200.webp 300w, https:\/\/d2p6e6u75xmxt8.cloudfront.net\/4\/2025\/05\/Polom-1-768x512.webp 768w, https:\/\/d2p6e6u75xmxt8.cloudfront.net\/4\/2025\/05\/Polom-1-400x267.webp 400w, https:\/\/d2p6e6u75xmxt8.cloudfront.net\/4\/2025\/05\/Polom-1-272x182.webp 272w\" sizes=\"auto, (max-width: 990px) 100vw, 990px\" \/><\/a>\n\t\t\t<\/div><\/figure>\n\t\t<\/div>\n\n<h2><strong>Nezosta\u0148te len pri marat\u00f3ne \u2013 Rajeck\u00e9 Teplice maj\u00fa \u010do pon\u00faknu\u0165<\/strong><\/h2>\n<p><span style=\"font-weight: 400;\">Tr\u00e1s v okol\u00ed Rajeck\u00fdch Tepl\u00edc je nespo\u010detne ve\u013ea. Sta\u010d\u00ed si vybra\u0165, \u010di preferujete asfalt alebo ter\u00e9n \u2013 pr\u00edpadne kombin\u00e1ciu oboch. <\/span><b>\u0160koda Bike Open Tour<\/b><span style=\"font-weight: 400;\"> je ide\u00e1lnou pr\u00edle\u017eitos\u0165ou, ako t\u00fato malebn\u00fa oblas\u0165 spozna\u0165 aj mimo pretekov\u00fdch trat\u00ed.<\/span><\/p>\n","protected":false},"excerpt":{"rendered":"<p>Marat\u00f3ny s\u00e9rie \u0160koda Bike Open Tour nie s\u00fa len o\u00a0maxim\u00e1lnych v\u00fdkonoch na tratiach. S\u00fa predov\u0161etk\u00fdm o z\u00e1\u017eitku \u2013 pre jednotlivcov, [&hellip;]<\/p>\n","protected":false},"author":172,"featured_media":20308,"comment_status":"closed","ping_status":"closed","sticky":false,"template":"","format":"standard","meta":{"footnotes":""},"categories":[191],"tags":[619,115,546,180,532,767,412,931,741,318,508],"global-categories":[1074],"class_list":["post-20296","post","type-post","status-publish","format-standard","has-post-thumbnail","hentry","category-odporucame","tag-bicyklovanie","tag-cestna-cyklistika","tag-cyklistika","tag-horska-cyklistika","tag-jazdenie","tag-motivacia","tag-mtb","tag-odporucame","tag-tip-na-vylet","tag-vyjazd","tag-vylet","global-categories-cycling"],"yoast_head":"<!-- This site is optimized with the Yoast SEO Premium plugin v25.3 (Yoast SEO v25.9) - https:\/\/yoast.com\/wordpress\/plugins\/seo\/ -->\n<title>Rajeck\u00e9 Teplice a okolie: Objavte viac ne\u017e len popul\u00e1rny marat\u00f3n<\/title>\n<meta name=\"description\" content=\"Miesta, kde sa konaj\u00fa marat\u00f3ny, \u010dasto pon\u00fakaj\u00fa omnoho viac, ne\u017e len preteky. V\u00fdnimkou nie s\u00fa ani Rajeck\u00e9 Teplice.\" \/>\n<meta name=\"robots\" content=\"index, follow, max-snippet:-1, max-image-preview:large, max-video-preview:-1\" \/>\n<link rel=\"canonical\" href=\"https:\/\/www.welovecycling.com\/sk\/2025\/05\/04\/rajecke-teplice-a-okolie-na-dvoch-kolesach-objavte-viac-nez-len-popularny-maraton\/\" \/>\n<meta property=\"og:locale\" content=\"sk_SK\" \/>\n<meta property=\"og:type\" content=\"article\" \/>\n<meta property=\"og:title\" content=\"Rajeck\u00e9 Teplice a okolie na dvoch koles\u00e1ch: Objavte viac ne\u017e len popul\u00e1rny marat\u00f3n\" \/>\n<meta property=\"og:description\" content=\"Miesta, kde sa konaj\u00fa marat\u00f3ny, \u010dasto pon\u00fakaj\u00fa omnoho viac, ne\u017e len preteky. V\u00fdnimkou nie s\u00fa ani Rajeck\u00e9 Teplice.\" \/>\n<meta property=\"og:url\" content=\"https:\/\/www.welovecycling.com\/sk\/2025\/05\/04\/rajecke-teplice-a-okolie-na-dvoch-kolesach-objavte-viac-nez-len-popularny-maraton\/\" \/>\n<meta property=\"og:site_name\" content=\"\u0160koda We Love Cycling Slovensko\" \/>\n<meta property=\"article:published_time\" content=\"2025-05-04T08:00:53+00:00\" \/>\n<meta property=\"og:image\" content=\"https:\/\/d2p6e6u75xmxt8.cloudfront.net\/4\/2025\/05\/Nad-Sulovom-vrch-tepla-.webp\" \/>\n\t<meta property=\"og:image:width\" content=\"990\" \/>\n\t<meta property=\"og:image:height\" content=\"660\" \/>\n\t<meta property=\"og:image:type\" content=\"image\/webp\" \/>\n<meta name=\"author\" content=\"dominika\" \/>\n<meta name=\"twitter:card\" content=\"summary_large_image\" \/>\n<meta name=\"twitter:label1\" content=\"Written by\" \/>\n\t<meta name=\"twitter:data1\" content=\"Erik Horv\u00e1th\" \/>\n\t<meta name=\"twitter:label2\" content=\"Est. reading time\" \/>\n\t<meta name=\"twitter:data2\" content=\"4\" \/>\n<script type=\"application\/ld+json\" class=\"yoast-schema-graph\">{\"@context\":\"https:\/\/schema.org\",\"@graph\":[{\"@type\":\"WebPage\",\"@id\":\"https:\/\/www.welovecycling.com\/sk\/2025\/05\/04\/rajecke-teplice-a-okolie-na-dvoch-kolesach-objavte-viac-nez-len-popularny-maraton\/\",\"url\":\"https:\/\/www.welovecycling.com\/sk\/2025\/05\/04\/rajecke-teplice-a-okolie-na-dvoch-kolesach-objavte-viac-nez-len-popularny-maraton\/\",\"name\":\"Rajeck\u00e9 Teplice a okolie: Objavte viac ne\u017e len popul\u00e1rny marat\u00f3n\",\"isPartOf\":{\"@id\":\"https:\/\/www.welovecycling.com\/sk\/#website\"},\"primaryImageOfPage\":{\"@id\":\"https:\/\/www.welovecycling.com\/sk\/2025\/05\/04\/rajecke-teplice-a-okolie-na-dvoch-kolesach-objavte-viac-nez-len-popularny-maraton\/#primaryimage\"},\"image\":{\"@id\":\"https:\/\/www.welovecycling.com\/sk\/2025\/05\/04\/rajecke-teplice-a-okolie-na-dvoch-kolesach-objavte-viac-nez-len-popularny-maraton\/#primaryimage\"},\"thumbnailUrl\":\"https:\/\/d2p6e6u75xmxt8.cloudfront.net\/4\/2025\/05\/Nad-Sulovom-vrch-tepla-.webp\",\"datePublished\":\"2025-05-04T08:00:53+00:00\",\"author\":{\"@id\":\"https:\/\/www.welovecycling.com\/sk\/#\/schema\/person\/533b62b98b6c41bd5135ebfb1f742624\"},\"description\":\"Miesta, kde sa konaj\u00fa marat\u00f3ny, \u010dasto pon\u00fakaj\u00fa omnoho viac, ne\u017e len preteky. V\u00fdnimkou nie s\u00fa ani Rajeck\u00e9 Teplice.\",\"breadcrumb\":{\"@id\":\"https:\/\/www.welovecycling.com\/sk\/2025\/05\/04\/rajecke-teplice-a-okolie-na-dvoch-kolesach-objavte-viac-nez-len-popularny-maraton\/#breadcrumb\"},\"inLanguage\":\"sk-SK\",\"potentialAction\":[{\"@type\":\"ReadAction\",\"target\":[\"https:\/\/www.welovecycling.com\/sk\/2025\/05\/04\/rajecke-teplice-a-okolie-na-dvoch-kolesach-objavte-viac-nez-len-popularny-maraton\/\"]}]},{\"@type\":\"ImageObject\",\"inLanguage\":\"sk-SK\",\"@id\":\"https:\/\/www.welovecycling.com\/sk\/2025\/05\/04\/rajecke-teplice-a-okolie-na-dvoch-kolesach-objavte-viac-nez-len-popularny-maraton\/#primaryimage\",\"url\":\"https:\/\/d2p6e6u75xmxt8.cloudfront.net\/4\/2025\/05\/Nad-Sulovom-vrch-tepla-.webp\",\"contentUrl\":\"https:\/\/d2p6e6u75xmxt8.cloudfront.net\/4\/2025\/05\/Nad-Sulovom-vrch-tepla-.webp\",\"width\":990,\"height\":660,\"caption\":\"Vrchtepl\u00e1\"},{\"@type\":\"BreadcrumbList\",\"@id\":\"https:\/\/www.welovecycling.com\/sk\/2025\/05\/04\/rajecke-teplice-a-okolie-na-dvoch-kolesach-objavte-viac-nez-len-popularny-maraton\/#breadcrumb\",\"itemListElement\":[{\"@type\":\"ListItem\",\"position\":1,\"name\":\"Home\",\"item\":\"https:\/\/www.welovecycling.com\/sk\/\"},{\"@type\":\"ListItem\",\"position\":2,\"name\":\"Rajeck\u00e9 Teplice a okolie na dvoch koles\u00e1ch: Objavte viac ne\u017e len popul\u00e1rny marat\u00f3n\"}]},{\"@type\":\"WebSite\",\"@id\":\"https:\/\/www.welovecycling.com\/sk\/#website\",\"url\":\"https:\/\/www.welovecycling.com\/sk\/\",\"name\":\"\u0160koda We Love Cycling Slovensko\",\"description\":\"\u0160koda We Love Cycling Slovensko je v\u00e1\u0161 ka\u017edodenn\u00fd zdroj noviniek a in\u0161pir\u00e1cie z sveta cyklistiky\",\"potentialAction\":[{\"@type\":\"SearchAction\",\"target\":{\"@type\":\"EntryPoint\",\"urlTemplate\":\"https:\/\/www.welovecycling.com\/sk\/?s={search_term_string}\"},\"query-input\":{\"@type\":\"PropertyValueSpecification\",\"valueRequired\":true,\"valueName\":\"search_term_string\"}}],\"inLanguage\":\"sk-SK\"},{\"@type\":\"Person\",\"@id\":\"https:\/\/www.welovecycling.com\/sk\/#\/schema\/person\/533b62b98b6c41bd5135ebfb1f742624\",\"name\":\"dominika\",\"image\":{\"@type\":\"ImageObject\",\"inLanguage\":\"sk-SK\",\"@id\":\"https:\/\/www.welovecycling.com\/sk\/#\/schema\/person\/image\/\",\"url\":\"https:\/\/secure.gravatar.com\/avatar\/ded6f274ba2ec3e17fff153f7d9d96a4b33c2cb63907f75d9a5309c599a7f3e6?s=96&d=mm&r=g\",\"contentUrl\":\"https:\/\/secure.gravatar.com\/avatar\/ded6f274ba2ec3e17fff153f7d9d96a4b33c2cb63907f75d9a5309c599a7f3e6?s=96&d=mm&r=g\",\"caption\":\"dominika\"},\"url\":\"https:\/\/www.welovecycling.com\/sk\/author\/dominika\/\"}]}<\/script>\n<!-- \/ Yoast SEO Premium plugin. -->","yoast_head_json":{"title":"Rajeck\u00e9 Teplice a okolie: Objavte viac ne\u017e len popul\u00e1rny marat\u00f3n","description":"Miesta, kde sa konaj\u00fa marat\u00f3ny, \u010dasto pon\u00fakaj\u00fa omnoho viac, ne\u017e len preteky. V\u00fdnimkou nie s\u00fa ani Rajeck\u00e9 Teplice.","robots":{"index":"index","follow":"follow","max-snippet":"max-snippet:-1","max-image-preview":"max-image-preview:large","max-video-preview":"max-video-preview:-1"},"canonical":"https:\/\/www.welovecycling.com\/sk\/2025\/05\/04\/rajecke-teplice-a-okolie-na-dvoch-kolesach-objavte-viac-nez-len-popularny-maraton\/","og_locale":"sk_SK","og_type":"article","og_title":"Rajeck\u00e9 Teplice a okolie na dvoch koles\u00e1ch: Objavte viac ne\u017e len popul\u00e1rny marat\u00f3n","og_description":"Miesta, kde sa konaj\u00fa marat\u00f3ny, \u010dasto pon\u00fakaj\u00fa omnoho viac, ne\u017e len preteky. V\u00fdnimkou nie s\u00fa ani Rajeck\u00e9 Teplice.","og_url":"https:\/\/www.welovecycling.com\/sk\/2025\/05\/04\/rajecke-teplice-a-okolie-na-dvoch-kolesach-objavte-viac-nez-len-popularny-maraton\/","og_site_name":"\u0160koda We Love Cycling Slovensko","article_published_time":"2025-05-04T08:00:53+00:00","og_image":[{"width":990,"height":660,"url":"https:\/\/d2p6e6u75xmxt8.cloudfront.net\/4\/2025\/05\/Nad-Sulovom-vrch-tepla-.webp","type":"image\/webp"}],"author":"dominika","twitter_card":"summary_large_image","twitter_misc":{"Written by":"Erik Horv\u00e1th","Est. reading time":"4"},"schema":{"@context":"https:\/\/schema.org","@graph":[{"@type":"WebPage","@id":"https:\/\/www.welovecycling.com\/sk\/2025\/05\/04\/rajecke-teplice-a-okolie-na-dvoch-kolesach-objavte-viac-nez-len-popularny-maraton\/","url":"https:\/\/www.welovecycling.com\/sk\/2025\/05\/04\/rajecke-teplice-a-okolie-na-dvoch-kolesach-objavte-viac-nez-len-popularny-maraton\/","name":"Rajeck\u00e9 Teplice a okolie: Objavte viac ne\u017e len popul\u00e1rny marat\u00f3n","isPartOf":{"@id":"https:\/\/www.welovecycling.com\/sk\/#website"},"primaryImageOfPage":{"@id":"https:\/\/www.welovecycling.com\/sk\/2025\/05\/04\/rajecke-teplice-a-okolie-na-dvoch-kolesach-objavte-viac-nez-len-popularny-maraton\/#primaryimage"},"image":{"@id":"https:\/\/www.welovecycling.com\/sk\/2025\/05\/04\/rajecke-teplice-a-okolie-na-dvoch-kolesach-objavte-viac-nez-len-popularny-maraton\/#primaryimage"},"thumbnailUrl":"https:\/\/d2p6e6u75xmxt8.cloudfront.net\/4\/2025\/05\/Nad-Sulovom-vrch-tepla-.webp","datePublished":"2025-05-04T08:00:53+00:00","author":{"@id":"https:\/\/www.welovecycling.com\/sk\/#\/schema\/person\/533b62b98b6c41bd5135ebfb1f742624"},"description":"Miesta, kde sa konaj\u00fa marat\u00f3ny, \u010dasto pon\u00fakaj\u00fa omnoho viac, ne\u017e len preteky. V\u00fdnimkou nie s\u00fa ani Rajeck\u00e9 Teplice.","breadcrumb":{"@id":"https:\/\/www.welovecycling.com\/sk\/2025\/05\/04\/rajecke-teplice-a-okolie-na-dvoch-kolesach-objavte-viac-nez-len-popularny-maraton\/#breadcrumb"},"inLanguage":"sk-SK","potentialAction":[{"@type":"ReadAction","target":["https:\/\/www.welovecycling.com\/sk\/2025\/05\/04\/rajecke-teplice-a-okolie-na-dvoch-kolesach-objavte-viac-nez-len-popularny-maraton\/"]}]},{"@type":"ImageObject","inLanguage":"sk-SK","@id":"https:\/\/www.welovecycling.com\/sk\/2025\/05\/04\/rajecke-teplice-a-okolie-na-dvoch-kolesach-objavte-viac-nez-len-popularny-maraton\/#primaryimage","url":"https:\/\/d2p6e6u75xmxt8.cloudfront.net\/4\/2025\/05\/Nad-Sulovom-vrch-tepla-.webp","contentUrl":"https:\/\/d2p6e6u75xmxt8.cloudfront.net\/4\/2025\/05\/Nad-Sulovom-vrch-tepla-.webp","width":990,"height":660,"caption":"Vrchtepl\u00e1"},{"@type":"BreadcrumbList","@id":"https:\/\/www.welovecycling.com\/sk\/2025\/05\/04\/rajecke-teplice-a-okolie-na-dvoch-kolesach-objavte-viac-nez-len-popularny-maraton\/#breadcrumb","itemListElement":[{"@type":"ListItem","position":1,"name":"Home","item":"https:\/\/www.welovecycling.com\/sk\/"},{"@type":"ListItem","position":2,"name":"Rajeck\u00e9 Teplice a okolie na dvoch koles\u00e1ch: Objavte viac ne\u017e len popul\u00e1rny marat\u00f3n"}]},{"@type":"WebSite","@id":"https:\/\/www.welovecycling.com\/sk\/#website","url":"https:\/\/www.welovecycling.com\/sk\/","name":"\u0160koda We Love Cycling Slovensko","description":"\u0160koda We Love Cycling Slovensko je v\u00e1\u0161 ka\u017edodenn\u00fd zdroj noviniek a in\u0161pir\u00e1cie z sveta cyklistiky","potentialAction":[{"@type":"SearchAction","target":{"@type":"EntryPoint","urlTemplate":"https:\/\/www.welovecycling.com\/sk\/?s={search_term_string}"},"query-input":{"@type":"PropertyValueSpecification","valueRequired":true,"valueName":"search_term_string"}}],"inLanguage":"sk-SK"},{"@type":"Person","@id":"https:\/\/www.welovecycling.com\/sk\/#\/schema\/person\/533b62b98b6c41bd5135ebfb1f742624","name":"dominika","image":{"@type":"ImageObject","inLanguage":"sk-SK","@id":"https:\/\/www.welovecycling.com\/sk\/#\/schema\/person\/image\/","url":"https:\/\/secure.gravatar.com\/avatar\/ded6f274ba2ec3e17fff153f7d9d96a4b33c2cb63907f75d9a5309c599a7f3e6?s=96&d=mm&r=g","contentUrl":"https:\/\/secure.gravatar.com\/avatar\/ded6f274ba2ec3e17fff153f7d9d96a4b33c2cb63907f75d9a5309c599a7f3e6?s=96&d=mm&r=g","caption":"dominika"},"url":"https:\/\/www.welovecycling.com\/sk\/author\/dominika\/"}]}},"_links":{"self":[{"href":"https:\/\/www.welovecycling.com\/sk\/wp-json\/wp\/v2\/posts\/20296","targetHints":{"allow":["GET"]}}],"collection":[{"href":"https:\/\/www.welovecycling.com\/sk\/wp-json\/wp\/v2\/posts"}],"about":[{"href":"https:\/\/www.welovecycling.com\/sk\/wp-json\/wp\/v2\/types\/post"}],"author":[{"embeddable":true,"href":"https:\/\/www.welovecycling.com\/sk\/wp-json\/wp\/v2\/users\/172"}],"replies":[{"embeddable":true,"href":"https:\/\/www.welovecycling.com\/sk\/wp-json\/wp\/v2\/comments?post=20296"}],"version-history":[{"count":2,"href":"https:\/\/www.welovecycling.com\/sk\/wp-json\/wp\/v2\/posts\/20296\/revisions"}],"predecessor-version":[{"id":20310,"href":"https:\/\/www.welovecycling.com\/sk\/wp-json\/wp\/v2\/posts\/20296\/revisions\/20310"}],"wp:featuredmedia":[{"embeddable":true,"href":"https:\/\/www.welovecycling.com\/sk\/wp-json\/wp\/v2\/media\/20308"}],"wp:attachment":[{"href":"https:\/\/www.welovecycling.com\/sk\/wp-json\/wp\/v2\/media?parent=20296"}],"wp:term":[{"taxonomy":"category","embeddable":true,"href":"https:\/\/www.welovecycling.com\/sk\/wp-json\/wp\/v2\/categories?post=20296"},{"taxonomy":"post_tag","embeddable":true,"href":"https:\/\/www.welovecycling.com\/sk\/wp-json\/wp\/v2\/tags?post=20296"},{"taxonomy":"global-categories","embeddable":true,"href":"https:\/\/www.welovecycling.com\/sk\/wp-json\/wp\/v2\/global-categories?post=20296"}],"curies":[{"name":"wp","href":"https:\/\/api.w.org\/{rel}","templated":true}]}}