{"id":20277,"date":"2025-04-26T10:00:35","date_gmt":"2025-04-26T08:00:35","guid":{"rendered":"https:\/\/www.welovecycling.com\/sk\/?p=20277"},"modified":"2025-04-29T09:38:34","modified_gmt":"2025-04-29T07:38:34","slug":"serial-ako-sa-stat-cyklistom-20-oblecenie-nielen-do-dazdivych-dni","status":"publish","type":"post","link":"https:\/\/www.welovecycling.com\/sk\/2025\/04\/26\/serial-ako-sa-stat-cyklistom-20-oblecenie-nielen-do-dazdivych-dni\/","title":{"rendered":"Seri\u00e1l: Ako sa sta\u0165 cyklistom &#8211; 20. Oble\u010denie nielen do da\u017ediv\u00fdch dn\u00ed"},"content":{"rendered":"<p><strong>Cyklistick\u00e1 sez\u00f3na sa n\u00e1m za\u010dala naplno a ur\u010dite ste u\u017e najazdili pekn\u00fa kopu kilometrov a videli ve\u013ea nov\u00fdch miest. Po\u010das tak\u00fdchto j\u00e1zd n\u00e1s v\u0161ak m\u00f4\u017ee zasko\u010di\u0165 po\u010dasie svoj\u00edm premenliv\u00fdm charakterom. Po\u010fme sa pozrie\u0165, \u010do je dobr\u00e9 ma\u0165 vo svojom \u0161atn\u00edku. <\/strong><!--more--><\/p>\n<h2><strong>Spodn\u00e1 vrstva<\/strong><\/h2>\n<p><span style=\"font-weight: 400;\">Za\u010dnime pekne po poriadku. Z\u00e1klad je by\u0165 dobre oble\u010den\u00fd hne\u010f na prvej vrstve, ktor\u00e1 m\u00e1 kontakt s telom. <strong>Kvalitn\u00e9 spodn\u00e9 pr\u00e1dlo ur\u010dite ocen\u00edte a neoplat\u00ed sa na \u0148om \u0161etri\u0165.<\/strong> Po\u010das viacer\u00fdch hod\u00edn v sedle bicykla nevie by\u0165 ni\u010d otravnej\u0161ie ako \u0161v\u00edk, ktor\u00fd tla\u010d\u00ed na citliv\u00e9 miesta. Bez\u0161vov\u00e9 vyhotovenie je z\u00e1klad, aj ke\u010f sa to zd\u00e1 ako nepodstatn\u00fd detail. \u010eal\u0161ou d\u00f4le\u017eitou vlastnos\u0165ou by mal by\u0165 dobr\u00fd odvod potu pre\u010d od tela. Netreba mo\u017eno ani spom\u00edna\u0165, \u017ee dobr\u00fd strih a elasticita tie\u017e pote\u0161\u00ed.\u00a0<\/span><\/p>\n<h2><strong>Druh\u00e1 vrstva<\/strong><\/h2>\n<p><span style=\"font-weight: 400;\">Je jasn\u00e9, \u017ee nevyr\u00e1\u017eate na v\u00fdjazd len v n\u00e1teln\u00edku, a tak sa po\u010fme pozrie\u0165, \u010do \u010falej na seba. Je to samozrejme z\u00e1visl\u00e9 od po\u010dasia, ale st\u00e1le je e\u0161te jar, tak\u017ee po\u010d\u00edtajte s chladnej\u0161\u00edm po\u010das\u00edm. <strong>Prvou vo\u013ebou je dres, alebo pre t\u00fdch, ktor\u00ed preferuj\u00fa horsk\u00fa cyklistiku, sa lep\u0161ie hod\u00ed nejak\u00e9 trochu vo\u013enej\u0161ie oble\u010denie \u2013 tri\u010dko a kra\u0165asy.\u00a0<\/strong><\/span><\/p>\n<p><span style=\"font-weight: 400;\">Aj tu by ste mali zvoli\u0165 kvalitnej\u0161ie materi\u00e1ly a napr\u00edklad tak\u00e9 merino je skvel\u00e1 vo\u013eba. Dobre viete, \u017ee jeho vlastnos\u0165ou je hrejivos\u0165, aj ke\u010f napr\u00edklad zmoknete a v neposlednom rade minimalizuje pachy. To znamen\u00e1, \u017ee ke\u010f sa zastav\u00edte vo svojej ob\u013e\u00fabenej kaviarni, nevyhodia v\u00e1s sadn\u00fa\u0165 na terasu kv\u00f4li \u201ev\u00f4ni\u201c, ktor\u00e1 sa z v\u00e1s \u0161\u00edri.\u00a0<\/span><\/p>\n<p><img loading=\"lazy\" decoding=\"async\" class=\"alignnone size-full wp-image-20280\" src=\"https:\/\/d2p6e6u75xmxt8.cloudfront.net\/4\/2025\/04\/01-2.webp\" alt=\"\" width=\"990\" height=\"660\" srcset=\"https:\/\/d2p6e6u75xmxt8.cloudfront.net\/4\/2025\/04\/01-2.webp 990w, https:\/\/d2p6e6u75xmxt8.cloudfront.net\/4\/2025\/04\/01-2-300x200.webp 300w, https:\/\/d2p6e6u75xmxt8.cloudfront.net\/4\/2025\/04\/01-2-768x512.webp 768w, https:\/\/d2p6e6u75xmxt8.cloudfront.net\/4\/2025\/04\/01-2-400x267.webp 400w, https:\/\/d2p6e6u75xmxt8.cloudfront.net\/4\/2025\/04\/01-2-272x182.webp 272w\" sizes=\"auto, (max-width: 990px) 100vw, 990px\" \/><\/p>\n<h2><strong>Vrchn\u00e1 vrstva<\/strong><\/h2>\n<p><span style=\"font-weight: 400;\">T\u00e1to vrstva m\u00f4\u017ee by\u0165 aj nemus\u00ed, ale je dobre ma\u0165 so sebou zbalen\u00fa aspo\u0148 vestu, v ktorej v\u00e1s nepref\u00faka ne\u010dakan\u00fd studen\u00fd vietor. Aj \u013eahk\u00e1 nepremokav\u00e1 bunda sa hod\u00ed v pr\u00edpade da\u017e\u010fa. <strong>Pri t\u00fdchto bund\u00e1ch sledujte, ak\u00fd maj\u00fa vodn\u00fd st\u013apec a z\u00e1rove\u0148 stupe\u0148 priedu\u0161nosti.<\/strong> Oba \u00fadaje s\u00fa d\u00f4le\u017eit\u00e9. Ten prv\u00fd ur\u010duje, ako dlho bunda vydr\u017e\u00ed odol\u00e1va\u0165 n\u00e1poru vody a priedu\u0161nos\u0165 je d\u00f4le\u017eit\u00e1, ke\u010f\u017ee po\u010das da\u017e\u010fa budete na\u010falej \u0161liapa\u0165 do ped\u00e1lov, poti\u0165 sa, tak aby ste sa nec\u00edtili ako oble\u010den\u00fd v igelite.\u00a0<\/span><\/p>\n<h2><strong>Batoh ur\u010dite \u00e1no<\/strong><\/h2>\n<p><span style=\"font-weight: 400;\">Ak vyr\u00e1\u017eate na dlh\u0161\u00ed v\u00fdjazd, ur\u010dite si so sebou vezmite aj batoh. <strong>Nemus\u00ed to by\u0165 \u017eiadny ve\u013ek\u00fd stra\u0161iak na chrbte, ale aj mali\u010dk\u00fd cyklo batoh pom\u00f4\u017ee.<\/strong> Budete si ma\u0165 kam zbali\u0165 veci, \u010di u\u017e vrchn\u00fa vrstvu, ale aj nejak\u00e9 tie n\u00e1hradn\u00e9 veci, ktor\u00e9 zv\u00fd\u0161ia v\u00e1\u0161 komfort. Budete si m\u00f4c\u0165 pr\u00edpadne preobliec\u0165 nejak\u00fa t\u00fa such\u00fa spodn\u00fa vrstvu, a tak podobne. Aj jedlo \u010di trochu n\u00e1radia budete potrebova\u0165. Na to sa v\u0161ak pozrieme v \u010fal\u0161ej \u010dasti n\u00e1\u0161ho seri\u00e1lu.\u00a0<\/span><\/p>\n","protected":false},"excerpt":{"rendered":"<p>Cyklistick\u00e1 sez\u00f3na sa n\u00e1m za\u010dala naplno a ur\u010dite ste u\u017e najazdili pekn\u00fa kopu kilometrov a videli ve\u013ea nov\u00fdch miest. Po\u010das [&hellip;]<\/p>\n","protected":false},"author":172,"featured_media":20278,"comment_status":"closed","ping_status":"closed","sticky":false,"template":"","format":"standard","meta":{"footnotes":""},"categories":[191],"tags":[619,115,546,618,180,417,532,285,931,954,1196],"global-categories":[1074],"class_list":["post-20277","post","type-post","status-publish","format-standard","has-post-thumbnail","hentry","category-odporucame","tag-bicyklovanie","tag-cestna-cyklistika","tag-cyklistika","tag-dazd","tag-horska-cyklistika","tag-jar","tag-jazdenie","tag-oblecenie","tag-odporucame","tag-pocasie","tag-vybava","global-categories-cycling"],"yoast_head":"<!-- This site is optimized with the Yoast SEO Premium plugin v25.3 (Yoast SEO v25.9) - https:\/\/yoast.com\/wordpress\/plugins\/seo\/ -->\n<title>Ako sa sta\u0165 cyklistom - Oble\u010denie nielen do da\u017ediv\u00fdch dn\u00ed<\/title>\n<meta name=\"description\" content=\"Cyklistick\u00e1 sez\u00f3na sa n\u00e1m za\u010dala naplno, av\u0161ak v tomto obdob\u00ed n\u00e1s m\u00f4\u017ee zasko\u010di\u0165 po\u010dasie. Po\u010fme sa pozrie\u0165, \u010do je dobr\u00e9 ma\u0165 vo svojom \u0161atn\u00edku.\u00a0\" \/>\n<meta name=\"robots\" content=\"index, follow, max-snippet:-1, max-image-preview:large, max-video-preview:-1\" \/>\n<link rel=\"canonical\" href=\"https:\/\/www.welovecycling.com\/sk\/2025\/04\/26\/serial-ako-sa-stat-cyklistom-20-oblecenie-nielen-do-dazdivych-dni\/\" \/>\n<meta property=\"og:locale\" content=\"sk_SK\" \/>\n<meta property=\"og:type\" content=\"article\" \/>\n<meta property=\"og:title\" content=\"Seri\u00e1l: Ako sa sta\u0165 cyklistom - 20. Oble\u010denie nielen do da\u017ediv\u00fdch dn\u00ed\" \/>\n<meta property=\"og:description\" content=\"Cyklistick\u00e1 sez\u00f3na sa n\u00e1m za\u010dala naplno, av\u0161ak v tomto obdob\u00ed n\u00e1s m\u00f4\u017ee zasko\u010di\u0165 po\u010dasie. Po\u010fme sa pozrie\u0165, \u010do je dobr\u00e9 ma\u0165 vo svojom \u0161atn\u00edku.\u00a0\" \/>\n<meta property=\"og:url\" content=\"https:\/\/www.welovecycling.com\/sk\/2025\/04\/26\/serial-ako-sa-stat-cyklistom-20-oblecenie-nielen-do-dazdivych-dni\/\" \/>\n<meta property=\"og:site_name\" content=\"\u0160koda We Love Cycling Slovensko\" \/>\n<meta property=\"article:published_time\" content=\"2025-04-26T08:00:35+00:00\" \/>\n<meta property=\"article:modified_time\" content=\"2025-04-29T07:38:34+00:00\" \/>\n<meta property=\"og:image\" content=\"https:\/\/d2p6e6u75xmxt8.cloudfront.net\/4\/2025\/04\/titulka-1.webp\" \/>\n\t<meta property=\"og:image:width\" content=\"990\" \/>\n\t<meta property=\"og:image:height\" content=\"660\" \/>\n\t<meta property=\"og:image:type\" content=\"image\/webp\" \/>\n<meta name=\"author\" content=\"dominika\" \/>\n<meta name=\"twitter:card\" content=\"summary_large_image\" \/>\n<meta name=\"twitter:label1\" content=\"Written by\" \/>\n\t<meta name=\"twitter:data1\" content=\"Radovan Vr\u0161ka\" \/>\n\t<meta name=\"twitter:label2\" content=\"Est. reading time\" \/>\n\t<meta name=\"twitter:data2\" content=\"2\" \/>\n<script type=\"application\/ld+json\" class=\"yoast-schema-graph\">{\"@context\":\"https:\/\/schema.org\",\"@graph\":[{\"@type\":\"WebPage\",\"@id\":\"https:\/\/www.welovecycling.com\/sk\/2025\/04\/26\/serial-ako-sa-stat-cyklistom-20-oblecenie-nielen-do-dazdivych-dni\/\",\"url\":\"https:\/\/www.welovecycling.com\/sk\/2025\/04\/26\/serial-ako-sa-stat-cyklistom-20-oblecenie-nielen-do-dazdivych-dni\/\",\"name\":\"Ako sa sta\u0165 cyklistom - Oble\u010denie nielen do da\u017ediv\u00fdch dn\u00ed\",\"isPartOf\":{\"@id\":\"https:\/\/www.welovecycling.com\/sk\/#website\"},\"primaryImageOfPage\":{\"@id\":\"https:\/\/www.welovecycling.com\/sk\/2025\/04\/26\/serial-ako-sa-stat-cyklistom-20-oblecenie-nielen-do-dazdivych-dni\/#primaryimage\"},\"image\":{\"@id\":\"https:\/\/www.welovecycling.com\/sk\/2025\/04\/26\/serial-ako-sa-stat-cyklistom-20-oblecenie-nielen-do-dazdivych-dni\/#primaryimage\"},\"thumbnailUrl\":\"https:\/\/d2p6e6u75xmxt8.cloudfront.net\/4\/2025\/04\/titulka-1.webp\",\"datePublished\":\"2025-04-26T08:00:35+00:00\",\"dateModified\":\"2025-04-29T07:38:34+00:00\",\"author\":{\"@id\":\"https:\/\/www.welovecycling.com\/sk\/#\/schema\/person\/533b62b98b6c41bd5135ebfb1f742624\"},\"description\":\"Cyklistick\u00e1 sez\u00f3na sa n\u00e1m za\u010dala naplno, av\u0161ak v tomto obdob\u00ed n\u00e1s m\u00f4\u017ee zasko\u010di\u0165 po\u010dasie. Po\u010fme sa pozrie\u0165, \u010do je dobr\u00e9 ma\u0165 vo svojom \u0161atn\u00edku.\u00a0\",\"breadcrumb\":{\"@id\":\"https:\/\/www.welovecycling.com\/sk\/2025\/04\/26\/serial-ako-sa-stat-cyklistom-20-oblecenie-nielen-do-dazdivych-dni\/#breadcrumb\"},\"inLanguage\":\"sk-SK\",\"potentialAction\":[{\"@type\":\"ReadAction\",\"target\":[\"https:\/\/www.welovecycling.com\/sk\/2025\/04\/26\/serial-ako-sa-stat-cyklistom-20-oblecenie-nielen-do-dazdivych-dni\/\"]}]},{\"@type\":\"ImageObject\",\"inLanguage\":\"sk-SK\",\"@id\":\"https:\/\/www.welovecycling.com\/sk\/2025\/04\/26\/serial-ako-sa-stat-cyklistom-20-oblecenie-nielen-do-dazdivych-dni\/#primaryimage\",\"url\":\"https:\/\/d2p6e6u75xmxt8.cloudfront.net\/4\/2025\/04\/titulka-1.webp\",\"contentUrl\":\"https:\/\/d2p6e6u75xmxt8.cloudfront.net\/4\/2025\/04\/titulka-1.webp\",\"width\":990,\"height\":660},{\"@type\":\"BreadcrumbList\",\"@id\":\"https:\/\/www.welovecycling.com\/sk\/2025\/04\/26\/serial-ako-sa-stat-cyklistom-20-oblecenie-nielen-do-dazdivych-dni\/#breadcrumb\",\"itemListElement\":[{\"@type\":\"ListItem\",\"position\":1,\"name\":\"Home\",\"item\":\"https:\/\/www.welovecycling.com\/sk\/\"},{\"@type\":\"ListItem\",\"position\":2,\"name\":\"Seri\u00e1l: Ako sa sta\u0165 cyklistom &#8211; 20. Oble\u010denie nielen do da\u017ediv\u00fdch dn\u00ed\"}]},{\"@type\":\"WebSite\",\"@id\":\"https:\/\/www.welovecycling.com\/sk\/#website\",\"url\":\"https:\/\/www.welovecycling.com\/sk\/\",\"name\":\"\u0160koda We Love Cycling Slovensko\",\"description\":\"\u0160koda We Love Cycling Slovensko je v\u00e1\u0161 ka\u017edodenn\u00fd zdroj noviniek a in\u0161pir\u00e1cie z sveta cyklistiky\",\"potentialAction\":[{\"@type\":\"SearchAction\",\"target\":{\"@type\":\"EntryPoint\",\"urlTemplate\":\"https:\/\/www.welovecycling.com\/sk\/?s={search_term_string}\"},\"query-input\":{\"@type\":\"PropertyValueSpecification\",\"valueRequired\":true,\"valueName\":\"search_term_string\"}}],\"inLanguage\":\"sk-SK\"},{\"@type\":\"Person\",\"@id\":\"https:\/\/www.welovecycling.com\/sk\/#\/schema\/person\/533b62b98b6c41bd5135ebfb1f742624\",\"name\":\"dominika\",\"image\":{\"@type\":\"ImageObject\",\"inLanguage\":\"sk-SK\",\"@id\":\"https:\/\/www.welovecycling.com\/sk\/#\/schema\/person\/image\/\",\"url\":\"https:\/\/secure.gravatar.com\/avatar\/ded6f274ba2ec3e17fff153f7d9d96a4b33c2cb63907f75d9a5309c599a7f3e6?s=96&d=mm&r=g\",\"contentUrl\":\"https:\/\/secure.gravatar.com\/avatar\/ded6f274ba2ec3e17fff153f7d9d96a4b33c2cb63907f75d9a5309c599a7f3e6?s=96&d=mm&r=g\",\"caption\":\"dominika\"},\"url\":\"https:\/\/www.welovecycling.com\/sk\/author\/dominika\/\"}]}<\/script>\n<!-- \/ Yoast SEO Premium plugin. -->","yoast_head_json":{"title":"Ako sa sta\u0165 cyklistom - Oble\u010denie nielen do da\u017ediv\u00fdch dn\u00ed","description":"Cyklistick\u00e1 sez\u00f3na sa n\u00e1m za\u010dala naplno, av\u0161ak v tomto obdob\u00ed n\u00e1s m\u00f4\u017ee zasko\u010di\u0165 po\u010dasie. Po\u010fme sa pozrie\u0165, \u010do je dobr\u00e9 ma\u0165 vo svojom \u0161atn\u00edku.\u00a0","robots":{"index":"index","follow":"follow","max-snippet":"max-snippet:-1","max-image-preview":"max-image-preview:large","max-video-preview":"max-video-preview:-1"},"canonical":"https:\/\/www.welovecycling.com\/sk\/2025\/04\/26\/serial-ako-sa-stat-cyklistom-20-oblecenie-nielen-do-dazdivych-dni\/","og_locale":"sk_SK","og_type":"article","og_title":"Seri\u00e1l: Ako sa sta\u0165 cyklistom - 20. Oble\u010denie nielen do da\u017ediv\u00fdch dn\u00ed","og_description":"Cyklistick\u00e1 sez\u00f3na sa n\u00e1m za\u010dala naplno, av\u0161ak v tomto obdob\u00ed n\u00e1s m\u00f4\u017ee zasko\u010di\u0165 po\u010dasie. Po\u010fme sa pozrie\u0165, \u010do je dobr\u00e9 ma\u0165 vo svojom \u0161atn\u00edku.\u00a0","og_url":"https:\/\/www.welovecycling.com\/sk\/2025\/04\/26\/serial-ako-sa-stat-cyklistom-20-oblecenie-nielen-do-dazdivych-dni\/","og_site_name":"\u0160koda We Love Cycling Slovensko","article_published_time":"2025-04-26T08:00:35+00:00","article_modified_time":"2025-04-29T07:38:34+00:00","og_image":[{"width":990,"height":660,"url":"https:\/\/d2p6e6u75xmxt8.cloudfront.net\/4\/2025\/04\/titulka-1.webp","type":"image\/webp"}],"author":"dominika","twitter_card":"summary_large_image","twitter_misc":{"Written by":"Radovan Vr\u0161ka","Est. reading time":"2"},"schema":{"@context":"https:\/\/schema.org","@graph":[{"@type":"WebPage","@id":"https:\/\/www.welovecycling.com\/sk\/2025\/04\/26\/serial-ako-sa-stat-cyklistom-20-oblecenie-nielen-do-dazdivych-dni\/","url":"https:\/\/www.welovecycling.com\/sk\/2025\/04\/26\/serial-ako-sa-stat-cyklistom-20-oblecenie-nielen-do-dazdivych-dni\/","name":"Ako sa sta\u0165 cyklistom - Oble\u010denie nielen do da\u017ediv\u00fdch dn\u00ed","isPartOf":{"@id":"https:\/\/www.welovecycling.com\/sk\/#website"},"primaryImageOfPage":{"@id":"https:\/\/www.welovecycling.com\/sk\/2025\/04\/26\/serial-ako-sa-stat-cyklistom-20-oblecenie-nielen-do-dazdivych-dni\/#primaryimage"},"image":{"@id":"https:\/\/www.welovecycling.com\/sk\/2025\/04\/26\/serial-ako-sa-stat-cyklistom-20-oblecenie-nielen-do-dazdivych-dni\/#primaryimage"},"thumbnailUrl":"https:\/\/d2p6e6u75xmxt8.cloudfront.net\/4\/2025\/04\/titulka-1.webp","datePublished":"2025-04-26T08:00:35+00:00","dateModified":"2025-04-29T07:38:34+00:00","author":{"@id":"https:\/\/www.welovecycling.com\/sk\/#\/schema\/person\/533b62b98b6c41bd5135ebfb1f742624"},"description":"Cyklistick\u00e1 sez\u00f3na sa n\u00e1m za\u010dala naplno, av\u0161ak v tomto obdob\u00ed n\u00e1s m\u00f4\u017ee zasko\u010di\u0165 po\u010dasie. Po\u010fme sa pozrie\u0165, \u010do je dobr\u00e9 ma\u0165 vo svojom \u0161atn\u00edku.\u00a0","breadcrumb":{"@id":"https:\/\/www.welovecycling.com\/sk\/2025\/04\/26\/serial-ako-sa-stat-cyklistom-20-oblecenie-nielen-do-dazdivych-dni\/#breadcrumb"},"inLanguage":"sk-SK","potentialAction":[{"@type":"ReadAction","target":["https:\/\/www.welovecycling.com\/sk\/2025\/04\/26\/serial-ako-sa-stat-cyklistom-20-oblecenie-nielen-do-dazdivych-dni\/"]}]},{"@type":"ImageObject","inLanguage":"sk-SK","@id":"https:\/\/www.welovecycling.com\/sk\/2025\/04\/26\/serial-ako-sa-stat-cyklistom-20-oblecenie-nielen-do-dazdivych-dni\/#primaryimage","url":"https:\/\/d2p6e6u75xmxt8.cloudfront.net\/4\/2025\/04\/titulka-1.webp","contentUrl":"https:\/\/d2p6e6u75xmxt8.cloudfront.net\/4\/2025\/04\/titulka-1.webp","width":990,"height":660},{"@type":"BreadcrumbList","@id":"https:\/\/www.welovecycling.com\/sk\/2025\/04\/26\/serial-ako-sa-stat-cyklistom-20-oblecenie-nielen-do-dazdivych-dni\/#breadcrumb","itemListElement":[{"@type":"ListItem","position":1,"name":"Home","item":"https:\/\/www.welovecycling.com\/sk\/"},{"@type":"ListItem","position":2,"name":"Seri\u00e1l: Ako sa sta\u0165 cyklistom &#8211; 20. Oble\u010denie nielen do da\u017ediv\u00fdch dn\u00ed"}]},{"@type":"WebSite","@id":"https:\/\/www.welovecycling.com\/sk\/#website","url":"https:\/\/www.welovecycling.com\/sk\/","name":"\u0160koda We Love Cycling Slovensko","description":"\u0160koda We Love Cycling Slovensko je v\u00e1\u0161 ka\u017edodenn\u00fd zdroj noviniek a in\u0161pir\u00e1cie z sveta cyklistiky","potentialAction":[{"@type":"SearchAction","target":{"@type":"EntryPoint","urlTemplate":"https:\/\/www.welovecycling.com\/sk\/?s={search_term_string}"},"query-input":{"@type":"PropertyValueSpecification","valueRequired":true,"valueName":"search_term_string"}}],"inLanguage":"sk-SK"},{"@type":"Person","@id":"https:\/\/www.welovecycling.com\/sk\/#\/schema\/person\/533b62b98b6c41bd5135ebfb1f742624","name":"dominika","image":{"@type":"ImageObject","inLanguage":"sk-SK","@id":"https:\/\/www.welovecycling.com\/sk\/#\/schema\/person\/image\/","url":"https:\/\/secure.gravatar.com\/avatar\/ded6f274ba2ec3e17fff153f7d9d96a4b33c2cb63907f75d9a5309c599a7f3e6?s=96&d=mm&r=g","contentUrl":"https:\/\/secure.gravatar.com\/avatar\/ded6f274ba2ec3e17fff153f7d9d96a4b33c2cb63907f75d9a5309c599a7f3e6?s=96&d=mm&r=g","caption":"dominika"},"url":"https:\/\/www.welovecycling.com\/sk\/author\/dominika\/"}]}},"_links":{"self":[{"href":"https:\/\/www.welovecycling.com\/sk\/wp-json\/wp\/v2\/posts\/20277","targetHints":{"allow":["GET"]}}],"collection":[{"href":"https:\/\/www.welovecycling.com\/sk\/wp-json\/wp\/v2\/posts"}],"about":[{"href":"https:\/\/www.welovecycling.com\/sk\/wp-json\/wp\/v2\/types\/post"}],"author":[{"embeddable":true,"href":"https:\/\/www.welovecycling.com\/sk\/wp-json\/wp\/v2\/users\/172"}],"replies":[{"embeddable":true,"href":"https:\/\/www.welovecycling.com\/sk\/wp-json\/wp\/v2\/comments?post=20277"}],"version-history":[{"count":5,"href":"https:\/\/www.welovecycling.com\/sk\/wp-json\/wp\/v2\/posts\/20277\/revisions"}],"predecessor-version":[{"id":20285,"href":"https:\/\/www.welovecycling.com\/sk\/wp-json\/wp\/v2\/posts\/20277\/revisions\/20285"}],"wp:featuredmedia":[{"embeddable":true,"href":"https:\/\/www.welovecycling.com\/sk\/wp-json\/wp\/v2\/media\/20278"}],"wp:attachment":[{"href":"https:\/\/www.welovecycling.com\/sk\/wp-json\/wp\/v2\/media?parent=20277"}],"wp:term":[{"taxonomy":"category","embeddable":true,"href":"https:\/\/www.welovecycling.com\/sk\/wp-json\/wp\/v2\/categories?post=20277"},{"taxonomy":"post_tag","embeddable":true,"href":"https:\/\/www.welovecycling.com\/sk\/wp-json\/wp\/v2\/tags?post=20277"},{"taxonomy":"global-categories","embeddable":true,"href":"https:\/\/www.welovecycling.com\/sk\/wp-json\/wp\/v2\/global-categories?post=20277"}],"curies":[{"name":"wp","href":"https:\/\/api.w.org\/{rel}","templated":true}]}}