{"id":20270,"date":"2025-04-24T10:00:21","date_gmt":"2025-04-24T08:00:21","guid":{"rendered":"https:\/\/www.welovecycling.com\/sk\/?p=20270"},"modified":"2025-04-23T10:33:11","modified_gmt":"2025-04-23T08:33:11","slug":"cyklistika-a-zdravie-ako-bicyklovanie-prospieva-telu-aj-mysli","status":"publish","type":"post","link":"https:\/\/www.welovecycling.com\/sk\/2025\/04\/24\/cyklistika-a-zdravie-ako-bicyklovanie-prospieva-telu-aj-mysli\/","title":{"rendered":"Cyklistika a zdravie: Ako bicyklovanie prospieva telu aj mysli?"},"content":{"rendered":"<p><strong>\u0160port je najlep\u0161ia psychohygiena pre ka\u017ed\u00e9ho, ktor\u00e1 okrem zdravia mysle prin\u00e1\u0161a aj in\u00e9 benefity pre na\u0161e zdravie.\u00a0<\/strong><!--more--><\/p>\n<p><span style=\"font-weight: 400;\">Dne\u0161n\u00e1 doba prin\u00e1\u0161a viacero \u0161portov\u00fdch mo\u017enost\u00ed, kde okrem halov\u00fdch \u0161portov, behu \u010di turistiky sa aj cyklistika stala ve\u013emi ob\u013e\u00faben\u00fdm \u0161portom. Okrem jazdenia na cyklotras\u00e1ch za\u010d\u00edna viac \u013eud\u00ed pou\u017e\u00edva\u0165 bicykel ako dopravn\u00fd prostriedok do pr\u00e1ce. Ak\u00e9 v\u00fdhody a pr\u00ednos m\u00f4\u017ee ma\u0165 teda pravideln\u00e9 a konzistentn\u00e9 jazdenie pre n\u00e1s?<\/span><\/p>\n<h2><strong>V\u00fdhody pravidelnej jazdy<\/strong><\/h2>\n<p><span style=\"font-weight: 400;\">Ka\u017edodenn\u00e9 doch\u00e1dzanie do pr\u00e1ce n\u00e1s dok\u00e1\u017ee nabi\u0165 energiou a lep\u0161ie zvl\u00e1da\u0165 stres v pr\u00e1ci. <strong>Okrem toho to m\u00e1 pozit\u00edvny vplyv na na\u0161u kond\u00edciu a \u010dasom uvid\u00edme aj zmeny na v\u00e1he.<\/strong> Pr\u00e1ve aj tak\u00e9to denn\u00e9 doch\u00e1dzanie n\u00e1m vie pom\u00f4c\u0165 zbavi\u0165 sa zbyto\u010dn\u00fdch k\u00edl navy\u0161e. Po n\u00e1ro\u010dnom dni n\u00e1s \u010dak\u00e1 cesta domov. V\u010faka nej vyvetr\u00e1me hlavu a dok\u00e1\u017eeme tak odb\u00fara\u0165 podr\u00e1\u017edenie vo\u010di partnerovi alebo rodine.\u00a0<\/span><\/p>\n<p><img loading=\"lazy\" decoding=\"async\" class=\"alignnone size-full wp-image-20272\" src=\"https:\/\/d2p6e6u75xmxt8.cloudfront.net\/4\/2025\/04\/02_WLC_7.webp\" alt=\"\" width=\"990\" height=\"660\" srcset=\"https:\/\/d2p6e6u75xmxt8.cloudfront.net\/4\/2025\/04\/02_WLC_7.webp 990w, https:\/\/d2p6e6u75xmxt8.cloudfront.net\/4\/2025\/04\/02_WLC_7-300x200.webp 300w, https:\/\/d2p6e6u75xmxt8.cloudfront.net\/4\/2025\/04\/02_WLC_7-768x512.webp 768w, https:\/\/d2p6e6u75xmxt8.cloudfront.net\/4\/2025\/04\/02_WLC_7-400x267.webp 400w, https:\/\/d2p6e6u75xmxt8.cloudfront.net\/4\/2025\/04\/02_WLC_7-272x182.webp 272w\" sizes=\"auto, (max-width: 990px) 100vw, 990px\" \/><\/p>\n<h2><strong>Amat\u00e9rski pretek\u00e1ri<\/strong><\/h2>\n<p><span style=\"font-weight: 400;\">Samozrejme tu m\u00e1me aj nad\u0161encov, ktor\u00ed sa pripravuj\u00fa na svoje prv\u00e9 preteky alebo \u010fal\u0161iu sez\u00f3nu. Prv\u00e9 kolo \u0160koda Bike Open Tour vo <\/span><a href=\"https:\/\/www.welovecycling.com\/sk\/sbot\/svatyjur.php\" target=\"_blank\" rel=\"noopener\"><span style=\"font-weight: 400;\">Sv\u00e4tom Jure<\/span><\/a><span style=\"font-weight: 400;\"> s\u00edce museli prelo\u017ei\u0165 na in\u00fd term\u00edn, ale u\u017e \u010doskoro tu m\u00e1me <\/span><a href=\"https:\/\/www.welovecycling.com\/sk\/2025\/04\/17\/pozvanka-skoda-mtb-maraton-rajecke-teplice-dalsie-kolo-pri-ziline\/\" target=\"_blank\" rel=\"noopener\"><span style=\"font-weight: 400;\">druh\u00e9 kolo tohto podujatia v Rajeck\u00fdch Tepliciach<\/span><\/a><span style=\"font-weight: 400;\">. <strong>Ke\u010f\u017ee si chceme preteky u\u017ei\u0165, konzistentn\u00e1 pr\u00edprava po\u010das zimn\u00fdch mesiacov a minulej sez\u00f3ny n\u00e1m dovol\u00ed sa pos\u00fava\u0165 a zlep\u0161ova\u0165 si v\u00fdsledky.<\/strong> Tieto aktivity n\u00e1s udr\u017euj\u00fa st\u00e1le fit, a tak okrem tr\u00e9ningu tu m\u00e1me aj mnoho benefitov pre na\u0161e telo a du\u0161evn\u00e9 zdravie.\u00a0\u00a0<\/span><\/p>\n<p><span style=\"font-weight: 400;\"><img loading=\"lazy\" decoding=\"async\" class=\"alignnone wp-image-20273 size-full\" src=\"https:\/\/d2p6e6u75xmxt8.cloudfront.net\/4\/2025\/04\/03_WLC_7.webp\" alt=\"cyklisti\" width=\"990\" height=\"660\" srcset=\"https:\/\/d2p6e6u75xmxt8.cloudfront.net\/4\/2025\/04\/03_WLC_7.webp 990w, https:\/\/d2p6e6u75xmxt8.cloudfront.net\/4\/2025\/04\/03_WLC_7-300x200.webp 300w, https:\/\/d2p6e6u75xmxt8.cloudfront.net\/4\/2025\/04\/03_WLC_7-768x512.webp 768w, https:\/\/d2p6e6u75xmxt8.cloudfront.net\/4\/2025\/04\/03_WLC_7-400x267.webp 400w, https:\/\/d2p6e6u75xmxt8.cloudfront.net\/4\/2025\/04\/03_WLC_7-272x182.webp 272w\" sizes=\"auto, (max-width: 990px) 100vw, 990px\" \/><\/span><\/p>\n<h2><strong>Nezab\u00fada\u0165 na pitn\u00fd re\u017eim a stravu<\/strong><\/h2>\n<p><span style=\"font-weight: 400;\">Pohyb v\u0161eobecne prispieva k zr\u00fdchleniu metabolizmu a \u013eah\u0161iemu boju s nadv\u00e1hou. <strong>Pr\u00e1ve tu by sme nemali hladova\u0165, ale sk\u00f4r sa zamera\u0165 na zdrav\u0161ie jedlo, ktor\u00e9 je bohat\u00e9 na z\u00e1kladn\u00e9 makronutrienty<\/strong> (bielkoviny, sacharidy a zdrav\u00e9 tuky). Zdrav\u00e1 strava a pravideln\u00fd pohyb prinesie lep\u0161\u00ed pocit a \u00fapravu samotnej v\u00e1hy. Ak sa venujeme bicyklu 4-kr\u00e1t t\u00fd\u017edenne a viac, je dobr\u00e9 myslie\u0165 na doplnky v\u00fd\u017eivy a dostato\u010dn\u00fa regener\u00e1ciu. <\/span><\/p>\n<p><span style=\"font-weight: 400;\">Okrem vitam\u00ednov m\u00f4\u017eeme prida\u0165 regenera\u010dn\u00e9 n\u00e1poje a po\u010das bicyklovania si da\u0165 do f\u013ea\u0161e iontov\u00fd n\u00e1poj, alebo pri intenz\u00edvnej\u0161ej aktivite siahnu\u0165 po energetickom g\u00e9li.\u00a0<\/span><\/p>\n<div id='gallery-1' class='gallery galleryid-20270 gallery-columns-2 gallery-size-full'><figure class='gallery-item'>\n\t\t\t<div class='gallery-icon landscape'>\n\t\t\t\t<a href='https:\/\/d2p6e6u75xmxt8.cloudfront.net\/4\/2025\/04\/04_WLC_7.webp'><img loading=\"lazy\" decoding=\"async\" width=\"990\" height=\"660\" src=\"https:\/\/d2p6e6u75xmxt8.cloudfront.net\/4\/2025\/04\/04_WLC_7.webp\" class=\"attachment-full size-full\" alt=\"zdrav\u00e9 jedlo\" srcset=\"https:\/\/d2p6e6u75xmxt8.cloudfront.net\/4\/2025\/04\/04_WLC_7.webp 990w, https:\/\/d2p6e6u75xmxt8.cloudfront.net\/4\/2025\/04\/04_WLC_7-300x200.webp 300w, https:\/\/d2p6e6u75xmxt8.cloudfront.net\/4\/2025\/04\/04_WLC_7-768x512.webp 768w, https:\/\/d2p6e6u75xmxt8.cloudfront.net\/4\/2025\/04\/04_WLC_7-400x267.webp 400w, https:\/\/d2p6e6u75xmxt8.cloudfront.net\/4\/2025\/04\/04_WLC_7-272x182.webp 272w\" sizes=\"auto, (max-width: 990px) 100vw, 990px\" \/><\/a>\n\t\t\t<\/div><\/figure><figure class='gallery-item'>\n\t\t\t<div class='gallery-icon landscape'>\n\t\t\t\t<a href='https:\/\/d2p6e6u75xmxt8.cloudfront.net\/4\/2025\/04\/05_WLC_7.webp'><img loading=\"lazy\" decoding=\"async\" width=\"990\" height=\"660\" src=\"https:\/\/d2p6e6u75xmxt8.cloudfront.net\/4\/2025\/04\/05_WLC_7.webp\" class=\"attachment-full size-full\" alt=\"\" srcset=\"https:\/\/d2p6e6u75xmxt8.cloudfront.net\/4\/2025\/04\/05_WLC_7.webp 990w, https:\/\/d2p6e6u75xmxt8.cloudfront.net\/4\/2025\/04\/05_WLC_7-300x200.webp 300w, https:\/\/d2p6e6u75xmxt8.cloudfront.net\/4\/2025\/04\/05_WLC_7-768x512.webp 768w, https:\/\/d2p6e6u75xmxt8.cloudfront.net\/4\/2025\/04\/05_WLC_7-400x267.webp 400w, https:\/\/d2p6e6u75xmxt8.cloudfront.net\/4\/2025\/04\/05_WLC_7-272x182.webp 272w\" sizes=\"auto, (max-width: 990px) 100vw, 990px\" \/><\/a>\n\t\t\t<\/div><\/figure>\n\t\t<\/div>\n\n<h2><strong>Ako zv\u00fd\u0161i\u0165 kond\u00edciu<\/strong><\/h2>\n<p><span style=\"font-weight: 400;\">Za\u010diatky s\u00fa r\u00fdchle a u\u017e po p\u00e1r t\u00fd\u017ed\u0148och vid\u00edme zlep\u0161enie kond\u00edcie. Nesk\u00f4r to u\u017e v\u0161ak nie je tak\u00e9 jednoduch\u00e9 a samotn\u00fd progres je pomal\u0161\u00ed. <strong>Bohu\u017eia\u013e cyklistika je vytrvalostn\u00fd \u0161port a pr\u00e1ve spom\u00ednan\u00e1 konzistencia prinesie svoje v\u00fdsledky.<\/strong> D\u00f4le\u017eit\u00e9 je nevzd\u00e1va\u0165 sa a vytrva\u0165, predsa rob\u00edme \u0161port pre svoje zdravie.<\/span><\/p>\n<h2><strong>Starostlivos\u0165 o du\u0161evn\u00e9 zdravie<\/strong><\/h2>\n<p><span style=\"font-weight: 400;\">Samotn\u00e9 benefity sme si zhrnuli u\u017e vy\u0161\u0161ie, kde mnoh\u00ed z n\u00e1s vidia lep\u0161ie odb\u00faranie stresu a pr\u00edpadn\u00e9 \u201evyvetranie hlavy\u201c n\u00e1m pozit\u00edvne pom\u00e1ha. <strong>Udr\u017eanie tejto pohody a psychohygieny je d\u00f4le\u017eit\u00e9 st\u00e1le, preto by sa samotn\u00fd bicykel a v\u00fdjazd nemal sta\u0165 pre n\u00e1s stresom a povinnos\u0165ou.\u00a0<\/strong><\/span><\/p>\n<p><span style=\"font-weight: 400;\">Z toho d\u00f4vodu je lep\u0161ie okrem cyklistiky zamera\u0165 sa aj na in\u00e9 \u0161porty, ktor\u00e9 n\u00e1m pridaj\u00fa na pestrosti a minimalizuj\u00fa d\u00f4sledky jednostrann\u00e9ho za\u0165a\u017eenia tela. Pr\u00edklady pestrosti sme mali ned\u00e1vno v <\/span><a href=\"https:\/\/www.welovecycling.com\/sk\/2025\/01\/24\/ako-si-udrzat-kondiciu-pocas-zimy\/\" target=\"_blank\" rel=\"noopener\"><span style=\"font-weight: 400;\">\u010dl\u00e1nku o zimnej pr\u00edprave<\/span><\/a><span style=\"font-weight: 400;\">, kde mnoho \u0161portov\u00fdch aktiv\u00edt vieme vykon\u00e1va\u0165 po\u010das cel\u00e9ho roka. V\u00fdborn\u00fdm sp\u00f4sobom s\u00fa aj rodinn\u00e9 v\u00fdlety a spolo\u010dn\u00e9 aktivity. Tak deti od \u00fatleho veku m\u00f4\u017eeme vies\u0165 k pozit\u00edvnemu vz\u0165ahu k \u0161portu.\u00a0<\/span><\/p>\n","protected":false},"excerpt":{"rendered":"<p>\u0160port je najlep\u0161ia psychohygiena pre ka\u017ed\u00e9ho, ktor\u00e1 okrem zdravia mysle prin\u00e1\u0161a aj in\u00e9 benefity pre na\u0161e zdravie.\u00a0<\/p>\n","protected":false},"author":172,"featured_media":20271,"comment_status":"closed","ping_status":"closed","sticky":false,"template":"","format":"standard","meta":{"footnotes":""},"categories":[2],"tags":[619,115,597,546,180,532,931,318,161,623],"global-categories":[1074],"class_list":["post-20270","post","type-post","status-publish","format-standard","has-post-thumbnail","hentry","category-zdravie-trening","tag-bicyklovanie","tag-cestna-cyklistika","tag-cyklista","tag-cyklistika","tag-horska-cyklistika","tag-jazdenie","tag-odporucame","tag-vyjazd","tag-zdravie","tag-zdravy-zivotny-styl","global-categories-cycling"],"yoast_head":"<!-- This site is optimized with the Yoast SEO Premium plugin v25.3 (Yoast SEO v25.9) - https:\/\/yoast.com\/wordpress\/plugins\/seo\/ -->\n<title>Cyklistika a zdravie: Ako bicyklovanie prospieva telu aj mysli? - \u0160koda We Love Cycling Slovensko<\/title>\n<meta name=\"description\" content=\"\u0160port je najlep\u0161ia psychohygiena pre ka\u017ed\u00e9ho, ktor\u00e1 okrem zdravia mysle prin\u00e1\u0161a aj in\u00e9 benefity pre na\u0161e zdravie.\u00a0\" \/>\n<meta name=\"robots\" content=\"index, follow, max-snippet:-1, max-image-preview:large, max-video-preview:-1\" \/>\n<link rel=\"canonical\" href=\"https:\/\/www.welovecycling.com\/sk\/2025\/04\/24\/cyklistika-a-zdravie-ako-bicyklovanie-prospieva-telu-aj-mysli\/\" \/>\n<meta property=\"og:locale\" content=\"sk_SK\" \/>\n<meta property=\"og:type\" content=\"article\" \/>\n<meta property=\"og:title\" content=\"Cyklistika a zdravie: Ako bicyklovanie prospieva telu aj mysli?\" \/>\n<meta property=\"og:description\" content=\"\u0160port je najlep\u0161ia psychohygiena pre ka\u017ed\u00e9ho, ktor\u00e1 okrem zdravia mysle prin\u00e1\u0161a aj in\u00e9 benefity pre na\u0161e zdravie.\u00a0\" \/>\n<meta property=\"og:url\" content=\"https:\/\/www.welovecycling.com\/sk\/2025\/04\/24\/cyklistika-a-zdravie-ako-bicyklovanie-prospieva-telu-aj-mysli\/\" \/>\n<meta property=\"og:site_name\" content=\"\u0160koda We Love Cycling Slovensko\" \/>\n<meta property=\"article:published_time\" content=\"2025-04-24T08:00:21+00:00\" \/>\n<meta property=\"og:image\" content=\"https:\/\/d2p6e6u75xmxt8.cloudfront.net\/4\/2025\/04\/01_WLC_7.webp\" \/>\n\t<meta property=\"og:image:width\" content=\"990\" \/>\n\t<meta property=\"og:image:height\" content=\"660\" \/>\n\t<meta property=\"og:image:type\" content=\"image\/webp\" \/>\n<meta name=\"author\" content=\"dominika\" \/>\n<meta name=\"twitter:card\" content=\"summary_large_image\" \/>\n<meta name=\"twitter:label1\" content=\"Written by\" \/>\n\t<meta name=\"twitter:data1\" content=\"Filip Skali\u010dan\" \/>\n\t<meta name=\"twitter:label2\" content=\"Est. reading time\" \/>\n\t<meta name=\"twitter:data2\" content=\"2\" \/>\n<script type=\"application\/ld+json\" class=\"yoast-schema-graph\">{\"@context\":\"https:\/\/schema.org\",\"@graph\":[{\"@type\":\"WebPage\",\"@id\":\"https:\/\/www.welovecycling.com\/sk\/2025\/04\/24\/cyklistika-a-zdravie-ako-bicyklovanie-prospieva-telu-aj-mysli\/\",\"url\":\"https:\/\/www.welovecycling.com\/sk\/2025\/04\/24\/cyklistika-a-zdravie-ako-bicyklovanie-prospieva-telu-aj-mysli\/\",\"name\":\"Cyklistika a zdravie: Ako bicyklovanie prospieva telu aj mysli? - \u0160koda We Love Cycling Slovensko\",\"isPartOf\":{\"@id\":\"https:\/\/www.welovecycling.com\/sk\/#website\"},\"primaryImageOfPage\":{\"@id\":\"https:\/\/www.welovecycling.com\/sk\/2025\/04\/24\/cyklistika-a-zdravie-ako-bicyklovanie-prospieva-telu-aj-mysli\/#primaryimage\"},\"image\":{\"@id\":\"https:\/\/www.welovecycling.com\/sk\/2025\/04\/24\/cyklistika-a-zdravie-ako-bicyklovanie-prospieva-telu-aj-mysli\/#primaryimage\"},\"thumbnailUrl\":\"https:\/\/d2p6e6u75xmxt8.cloudfront.net\/4\/2025\/04\/01_WLC_7.webp\",\"datePublished\":\"2025-04-24T08:00:21+00:00\",\"author\":{\"@id\":\"https:\/\/www.welovecycling.com\/sk\/#\/schema\/person\/533b62b98b6c41bd5135ebfb1f742624\"},\"description\":\"\u0160port je najlep\u0161ia psychohygiena pre ka\u017ed\u00e9ho, ktor\u00e1 okrem zdravia mysle prin\u00e1\u0161a aj in\u00e9 benefity pre na\u0161e zdravie.\u00a0\",\"breadcrumb\":{\"@id\":\"https:\/\/www.welovecycling.com\/sk\/2025\/04\/24\/cyklistika-a-zdravie-ako-bicyklovanie-prospieva-telu-aj-mysli\/#breadcrumb\"},\"inLanguage\":\"sk-SK\",\"potentialAction\":[{\"@type\":\"ReadAction\",\"target\":[\"https:\/\/www.welovecycling.com\/sk\/2025\/04\/24\/cyklistika-a-zdravie-ako-bicyklovanie-prospieva-telu-aj-mysli\/\"]}]},{\"@type\":\"ImageObject\",\"inLanguage\":\"sk-SK\",\"@id\":\"https:\/\/www.welovecycling.com\/sk\/2025\/04\/24\/cyklistika-a-zdravie-ako-bicyklovanie-prospieva-telu-aj-mysli\/#primaryimage\",\"url\":\"https:\/\/d2p6e6u75xmxt8.cloudfront.net\/4\/2025\/04\/01_WLC_7.webp\",\"contentUrl\":\"https:\/\/d2p6e6u75xmxt8.cloudfront.net\/4\/2025\/04\/01_WLC_7.webp\",\"width\":990,\"height\":660},{\"@type\":\"BreadcrumbList\",\"@id\":\"https:\/\/www.welovecycling.com\/sk\/2025\/04\/24\/cyklistika-a-zdravie-ako-bicyklovanie-prospieva-telu-aj-mysli\/#breadcrumb\",\"itemListElement\":[{\"@type\":\"ListItem\",\"position\":1,\"name\":\"Home\",\"item\":\"https:\/\/www.welovecycling.com\/sk\/\"},{\"@type\":\"ListItem\",\"position\":2,\"name\":\"Cyklistika a zdravie: Ako bicyklovanie prospieva telu aj mysli?\"}]},{\"@type\":\"WebSite\",\"@id\":\"https:\/\/www.welovecycling.com\/sk\/#website\",\"url\":\"https:\/\/www.welovecycling.com\/sk\/\",\"name\":\"\u0160koda We Love Cycling Slovensko\",\"description\":\"\u0160koda We Love Cycling Slovensko je v\u00e1\u0161 ka\u017edodenn\u00fd zdroj noviniek a in\u0161pir\u00e1cie z sveta cyklistiky\",\"potentialAction\":[{\"@type\":\"SearchAction\",\"target\":{\"@type\":\"EntryPoint\",\"urlTemplate\":\"https:\/\/www.welovecycling.com\/sk\/?s={search_term_string}\"},\"query-input\":{\"@type\":\"PropertyValueSpecification\",\"valueRequired\":true,\"valueName\":\"search_term_string\"}}],\"inLanguage\":\"sk-SK\"},{\"@type\":\"Person\",\"@id\":\"https:\/\/www.welovecycling.com\/sk\/#\/schema\/person\/533b62b98b6c41bd5135ebfb1f742624\",\"name\":\"dominika\",\"image\":{\"@type\":\"ImageObject\",\"inLanguage\":\"sk-SK\",\"@id\":\"https:\/\/www.welovecycling.com\/sk\/#\/schema\/person\/image\/\",\"url\":\"https:\/\/secure.gravatar.com\/avatar\/ded6f274ba2ec3e17fff153f7d9d96a4b33c2cb63907f75d9a5309c599a7f3e6?s=96&d=mm&r=g\",\"contentUrl\":\"https:\/\/secure.gravatar.com\/avatar\/ded6f274ba2ec3e17fff153f7d9d96a4b33c2cb63907f75d9a5309c599a7f3e6?s=96&d=mm&r=g\",\"caption\":\"dominika\"},\"url\":\"https:\/\/www.welovecycling.com\/sk\/author\/dominika\/\"}]}<\/script>\n<!-- \/ Yoast SEO Premium plugin. -->","yoast_head_json":{"title":"Cyklistika a zdravie: Ako bicyklovanie prospieva telu aj mysli? - \u0160koda We Love Cycling Slovensko","description":"\u0160port je najlep\u0161ia psychohygiena pre ka\u017ed\u00e9ho, ktor\u00e1 okrem zdravia mysle prin\u00e1\u0161a aj in\u00e9 benefity pre na\u0161e zdravie.\u00a0","robots":{"index":"index","follow":"follow","max-snippet":"max-snippet:-1","max-image-preview":"max-image-preview:large","max-video-preview":"max-video-preview:-1"},"canonical":"https:\/\/www.welovecycling.com\/sk\/2025\/04\/24\/cyklistika-a-zdravie-ako-bicyklovanie-prospieva-telu-aj-mysli\/","og_locale":"sk_SK","og_type":"article","og_title":"Cyklistika a zdravie: Ako bicyklovanie prospieva telu aj mysli?","og_description":"\u0160port je najlep\u0161ia psychohygiena pre ka\u017ed\u00e9ho, ktor\u00e1 okrem zdravia mysle prin\u00e1\u0161a aj in\u00e9 benefity pre na\u0161e zdravie.\u00a0","og_url":"https:\/\/www.welovecycling.com\/sk\/2025\/04\/24\/cyklistika-a-zdravie-ako-bicyklovanie-prospieva-telu-aj-mysli\/","og_site_name":"\u0160koda We Love Cycling Slovensko","article_published_time":"2025-04-24T08:00:21+00:00","og_image":[{"width":990,"height":660,"url":"https:\/\/d2p6e6u75xmxt8.cloudfront.net\/4\/2025\/04\/01_WLC_7.webp","type":"image\/webp"}],"author":"dominika","twitter_card":"summary_large_image","twitter_misc":{"Written by":"Filip Skali\u010dan","Est. reading time":"2"},"schema":{"@context":"https:\/\/schema.org","@graph":[{"@type":"WebPage","@id":"https:\/\/www.welovecycling.com\/sk\/2025\/04\/24\/cyklistika-a-zdravie-ako-bicyklovanie-prospieva-telu-aj-mysli\/","url":"https:\/\/www.welovecycling.com\/sk\/2025\/04\/24\/cyklistika-a-zdravie-ako-bicyklovanie-prospieva-telu-aj-mysli\/","name":"Cyklistika a zdravie: Ako bicyklovanie prospieva telu aj mysli? - \u0160koda We Love Cycling Slovensko","isPartOf":{"@id":"https:\/\/www.welovecycling.com\/sk\/#website"},"primaryImageOfPage":{"@id":"https:\/\/www.welovecycling.com\/sk\/2025\/04\/24\/cyklistika-a-zdravie-ako-bicyklovanie-prospieva-telu-aj-mysli\/#primaryimage"},"image":{"@id":"https:\/\/www.welovecycling.com\/sk\/2025\/04\/24\/cyklistika-a-zdravie-ako-bicyklovanie-prospieva-telu-aj-mysli\/#primaryimage"},"thumbnailUrl":"https:\/\/d2p6e6u75xmxt8.cloudfront.net\/4\/2025\/04\/01_WLC_7.webp","datePublished":"2025-04-24T08:00:21+00:00","author":{"@id":"https:\/\/www.welovecycling.com\/sk\/#\/schema\/person\/533b62b98b6c41bd5135ebfb1f742624"},"description":"\u0160port je najlep\u0161ia psychohygiena pre ka\u017ed\u00e9ho, ktor\u00e1 okrem zdravia mysle prin\u00e1\u0161a aj in\u00e9 benefity pre na\u0161e zdravie.\u00a0","breadcrumb":{"@id":"https:\/\/www.welovecycling.com\/sk\/2025\/04\/24\/cyklistika-a-zdravie-ako-bicyklovanie-prospieva-telu-aj-mysli\/#breadcrumb"},"inLanguage":"sk-SK","potentialAction":[{"@type":"ReadAction","target":["https:\/\/www.welovecycling.com\/sk\/2025\/04\/24\/cyklistika-a-zdravie-ako-bicyklovanie-prospieva-telu-aj-mysli\/"]}]},{"@type":"ImageObject","inLanguage":"sk-SK","@id":"https:\/\/www.welovecycling.com\/sk\/2025\/04\/24\/cyklistika-a-zdravie-ako-bicyklovanie-prospieva-telu-aj-mysli\/#primaryimage","url":"https:\/\/d2p6e6u75xmxt8.cloudfront.net\/4\/2025\/04\/01_WLC_7.webp","contentUrl":"https:\/\/d2p6e6u75xmxt8.cloudfront.net\/4\/2025\/04\/01_WLC_7.webp","width":990,"height":660},{"@type":"BreadcrumbList","@id":"https:\/\/www.welovecycling.com\/sk\/2025\/04\/24\/cyklistika-a-zdravie-ako-bicyklovanie-prospieva-telu-aj-mysli\/#breadcrumb","itemListElement":[{"@type":"ListItem","position":1,"name":"Home","item":"https:\/\/www.welovecycling.com\/sk\/"},{"@type":"ListItem","position":2,"name":"Cyklistika a zdravie: Ako bicyklovanie prospieva telu aj mysli?"}]},{"@type":"WebSite","@id":"https:\/\/www.welovecycling.com\/sk\/#website","url":"https:\/\/www.welovecycling.com\/sk\/","name":"\u0160koda We Love Cycling Slovensko","description":"\u0160koda We Love Cycling Slovensko je v\u00e1\u0161 ka\u017edodenn\u00fd zdroj noviniek a in\u0161pir\u00e1cie z sveta cyklistiky","potentialAction":[{"@type":"SearchAction","target":{"@type":"EntryPoint","urlTemplate":"https:\/\/www.welovecycling.com\/sk\/?s={search_term_string}"},"query-input":{"@type":"PropertyValueSpecification","valueRequired":true,"valueName":"search_term_string"}}],"inLanguage":"sk-SK"},{"@type":"Person","@id":"https:\/\/www.welovecycling.com\/sk\/#\/schema\/person\/533b62b98b6c41bd5135ebfb1f742624","name":"dominika","image":{"@type":"ImageObject","inLanguage":"sk-SK","@id":"https:\/\/www.welovecycling.com\/sk\/#\/schema\/person\/image\/","url":"https:\/\/secure.gravatar.com\/avatar\/ded6f274ba2ec3e17fff153f7d9d96a4b33c2cb63907f75d9a5309c599a7f3e6?s=96&d=mm&r=g","contentUrl":"https:\/\/secure.gravatar.com\/avatar\/ded6f274ba2ec3e17fff153f7d9d96a4b33c2cb63907f75d9a5309c599a7f3e6?s=96&d=mm&r=g","caption":"dominika"},"url":"https:\/\/www.welovecycling.com\/sk\/author\/dominika\/"}]}},"_links":{"self":[{"href":"https:\/\/www.welovecycling.com\/sk\/wp-json\/wp\/v2\/posts\/20270","targetHints":{"allow":["GET"]}}],"collection":[{"href":"https:\/\/www.welovecycling.com\/sk\/wp-json\/wp\/v2\/posts"}],"about":[{"href":"https:\/\/www.welovecycling.com\/sk\/wp-json\/wp\/v2\/types\/post"}],"author":[{"embeddable":true,"href":"https:\/\/www.welovecycling.com\/sk\/wp-json\/wp\/v2\/users\/172"}],"replies":[{"embeddable":true,"href":"https:\/\/www.welovecycling.com\/sk\/wp-json\/wp\/v2\/comments?post=20270"}],"version-history":[{"count":1,"href":"https:\/\/www.welovecycling.com\/sk\/wp-json\/wp\/v2\/posts\/20270\/revisions"}],"predecessor-version":[{"id":20276,"href":"https:\/\/www.welovecycling.com\/sk\/wp-json\/wp\/v2\/posts\/20270\/revisions\/20276"}],"wp:featuredmedia":[{"embeddable":true,"href":"https:\/\/www.welovecycling.com\/sk\/wp-json\/wp\/v2\/media\/20271"}],"wp:attachment":[{"href":"https:\/\/www.welovecycling.com\/sk\/wp-json\/wp\/v2\/media?parent=20270"}],"wp:term":[{"taxonomy":"category","embeddable":true,"href":"https:\/\/www.welovecycling.com\/sk\/wp-json\/wp\/v2\/categories?post=20270"},{"taxonomy":"post_tag","embeddable":true,"href":"https:\/\/www.welovecycling.com\/sk\/wp-json\/wp\/v2\/tags?post=20270"},{"taxonomy":"global-categories","embeddable":true,"href":"https:\/\/www.welovecycling.com\/sk\/wp-json\/wp\/v2\/global-categories?post=20270"}],"curies":[{"name":"wp","href":"https:\/\/api.w.org\/{rel}","templated":true}]}}