{"id":2027,"date":"2017-09-04T16:55:49","date_gmt":"2017-09-04T14:55:49","guid":{"rendered":"https:\/\/www.welovecycling.com\/sk\/?p=2027"},"modified":"2017-12-18T13:02:58","modified_gmt":"2017-12-18T12:02:58","slug":"komfort-hlavny-faktor-toho-aby-vas-cyklistika-bavila-mu-mozeme-pomoct","status":"publish","type":"post","link":"https:\/\/www.welovecycling.com\/sk\/2017\/09\/04\/komfort-hlavny-faktor-toho-aby-vas-cyklistika-bavila-mu-mozeme-pomoct\/","title":{"rendered":"Komfort &#8211; hlavn\u00fd faktor toho, aby v\u00e1s cyklistika bavila \u2013 ako mu m\u00f4\u017eeme pom\u00f4c\u0165?"},"content":{"rendered":"<p><strong>Mo\u017eno sa to na prv\u00fd poh\u013ead nezd\u00e1, ale pr\u00e1ve komfort je pri za\u010diato\u010dn\u00edkoch ve\u013emi d\u00f4le\u017eit\u00fd faktor a rozhoduje o tom, \u010di v\u00e1s cyklistika bude hne\u010f zo za\u010diatku bavi\u0165 alebo sa budete tr\u00e1pi\u0165, \u010do v\u00e1s m\u00f4\u017ee samozrejme vo v\u00fdsledku odradi\u0165. Pritom komfort v\u00f4bec nes\u00favis\u00ed s cenou bicykla a paradoxne ani na tom najdrah\u0161om \u201estroji\u201c sa nemus\u00edme c\u00edti\u0165 dobre. Na pohodlie m\u00e1 ve\u013ek\u00fd vplyv nieko\u013eko z\u00e1kladn\u00fdch bodov, na ktor\u00e9 sa oplat\u00ed myslie\u0165 a nez\u00e1le\u017e\u00ed na tom, ak\u00fd drah\u00fd bicykel m\u00e1te.<\/strong><!--more--><\/p>\n<p><a href=\"https:\/\/d2p6e6u75xmxt8.cloudfront.net\/4\/2017\/08\/01.jpg\"><img loading=\"lazy\" decoding=\"async\" class=\"alignnone size-full wp-image-2030\" src=\"https:\/\/d2p6e6u75xmxt8.cloudfront.net\/4\/2017\/08\/01.jpg\" alt=\"\" width=\"1024\" height=\"683\" \/><\/a><\/p>\n<h2><strong>Vhodn\u00e9 sedlo<\/strong><\/h2>\n<p>Predpoklad\u00e1me, \u017ee v\u00fd\u0161ku sedla m\u00e1te nastaven\u00fa spr\u00e1vne, ale st\u00e1le to nie je ono a po p\u00e1r v\u00fdjazdoch m\u00e1te v\u017edy odret\u00e9 a otla\u010den\u00e9 sedacie partie. Jednoducho, tvar sedla, pr\u00edpadne jeho polstrovanie pre v\u00e1s nie je vhodn\u00e9. Pr\u00e1ve sedlo toti\u017e patr\u00ed medzi \u010dasti v\u00fdbavy, ktor\u00e1 je ve\u013emi individu\u00e1lna a ned\u00e1 sa presne radi\u0165, ktor\u00fd typ bude ide\u00e1lny. \u010co ale m\u00f4\u017eete spravi\u0165, je sk\u00fasi\u0165 vymeni\u0165 za in\u00fd tvar, pritom sa v\u00f4bec nemus\u00ed jedna\u0165 o extra drah\u00fd model. Pr\u00edpadne si sk\u00faste v niektorom cyklistickom obchode sedlo po\u017ei\u010da\u0165 a otestova\u0165 \u2013 tie lep\u0161ie obchody t\u00fato mo\u017enos\u0165 \u0161tandardne pon\u00fakaj\u00fa. \u010cast\u00fd m\u00fdtus je o tom, \u017ee na komfort m\u00e1 ve\u013ek\u00fd vplyv polstrovanie a \u010d\u00edm je ho viac, t\u00fdm bude sedlo pohodlnej\u0161ie. To v\u0161ak v\u00f4bec neplat\u00ed a \u010d\u00edm budete viac jazdi\u0165, t\u00fdm v\u00e1m bude sedie\u0165 ove\u013ea viac tvrd\u0161ie prevedenie, ktor\u00e9 poskytne dostato\u010dn\u00fd komfort, ale aj oporu pre potrebn\u00fd v\u00fdkon. Rovnako maj\u00fa ve\u013emi odli\u0161n\u00e9 \u0161pecifik\u00e1 d\u00e1my, ktor\u00e9 takmer v\u017edy potrebuj\u00fa sedlo \u0161ir\u0161ie a im \u0161pecificky prisp\u00f4soben\u00e9, \u010do v dne\u0161nej dobe u\u017e nie je \u017eiadny probl\u00e9m. Jednoducho plat\u00ed, \u017ee svoje sedlo si mus\u00edte n\u00e1js\u0165 postupom \u010dasu a nebojte sa sk\u00fasi\u0165 viacero verzi\u00ed&#8230;<\/p>\n<h2><strong>Cyklistick\u00e9 nohavice<\/strong><\/h2>\n<p>Spolu so sedlom maj\u00fa ve\u013ek\u00fd vplyv na komfort vhodne zvolen\u00e9 nohavice (kr\u00e1tke alebo dlh\u00e9) s v\u00fdstelkou. Pr\u00e1ve jej kvalita a usadenie na tele rozhoduje o tom, ak\u00fd budete ma\u0165 pocit z jazdy a t\u00e1 sa prejav\u00ed najm\u00e4 po viac hodin\u00e1ch v sedle. Kvalitn\u00e1 v\u00fdstelka sa prisp\u00f4sob\u00ed va\u0161im pohybom a ani nebudete vedie\u0165, \u017ee ju tam m\u00e1te. Rozdiel v preveden\u00ed u jednotliv\u00fdch v\u00fdrobcov b\u00fdva v\u00fdrazn\u00fd, no ak v\u00e1m m\u00f4\u017eeme poradi\u0165, invest\u00edcia do tohto kusu oble\u010denia b\u00fdva t\u00e1 najlep\u0161ia. Rad\u0161ej kvalitn\u00e9 nohavice a o nie\u010do lacnej\u0161\u00ed dres, ako naopak. Z\u00e1rove\u0148 musia ve\u013emi dobre sedie\u0165 a na tele sa po\u010das jazdy nesm\u00fa h\u00fdba\u0165 (tam maj\u00fa v\u00fdhodu verzie s trakmi, ktor\u00e9 v\u0161etko dr\u017eia na mieste). Dajte si pozor aj na zakon\u010denie v oblasti stehien, aby bolo dostato\u010dne pevn\u00e9, sedelo na mieste a dok\u00e1zalo dr\u017ea\u0165 n\u00e1vleky \u2013 a pritom v\u0161etkom netla\u010dilo po obvode. Op\u00e4\u0165 plat\u00ed, \u017ee d\u00e1my potrebuj\u00fa trochu in\u00fd tvar v\u00fdstelky a s\u00fa pre ne ur\u010dene \u0161pecifick\u00e9 modely.<\/p>\n<p><a href=\"https:\/\/d2p6e6u75xmxt8.cloudfront.net\/4\/2017\/08\/02.jpg\"><img loading=\"lazy\" decoding=\"async\" class=\"alignnone size-full wp-image-2031\" src=\"https:\/\/d2p6e6u75xmxt8.cloudfront.net\/4\/2017\/08\/02.jpg\" alt=\"\" width=\"1024\" height=\"683\" \/><\/a><\/p>\n<h2><strong>Gripy a rukavice<\/strong><\/h2>\n<p>Ve\u013ek\u00fd vplyv na komfort maj\u00fa aj gripy, teda t\u00e1 \u010das\u0165 riad\u00edtok, s ktorou ste v kontakte. Ak s\u00fa nevhodne tvarovan\u00e9 alebo tvrd\u00e9, vedia jazdu pekne otr\u00e1vi\u0165 a znepr\u00edjemni\u0165. Pritom sa daj\u00fa vymeni\u0165 skuto\u010dne za p\u00e1r \u20ac a rozdiel b\u00fdva \u010dastokr\u00e1t poriadny. Ak v\u00e1s ruky tla\u010dia alebo poci\u0165ujete nepr\u00edjemn\u00e9 brnenie, vysk\u00fa\u0161ajte tak\u00e9, ktor\u00e9 s\u00fa ergonomicky tvarovan\u00e9 a maj\u00fa vrchn\u00fa \u010das\u0165 splo\u0161ten\u00fa. Ve\u013emi pr\u00edjemn\u00e9 b\u00fdvaj\u00fa aj gripy zo silik\u00f3nu, ktor\u00e9 navy\u0161e poskytn\u00fa aj v\u00fdborn\u00fd \u201egrip\u201c, tak\u017ee sa v\u00e1m ruky nebud\u00fa \u0161m\u00fdka\u0165. Mo\u017enost\u00ed je op\u00e4\u0165 ne\u00farekom, tak sa nebojte trochu experimentova\u0165 a ur\u010dite si n\u00e1jdete vhodn\u00fd model. S gripmi s\u00favisia aj rukavice, kde g\u00e9lov\u00e9 v\u00fdstelky op\u00e4\u0165 pom\u00f4\u017eu trochu rozlo\u017ei\u0165 tlak a u\u013eavia tak pri dlh\u0161\u00edch v\u00fdjazdoch.<\/p>\n<h2><strong>Tretry a n\u00e1\u0161\u013eapn\u00e9 syst\u00e9my nielen pre \u201eprof\u00edkov\u201c<\/strong><\/h2>\n<p>Mo\u017eno si mysl\u00edte, \u017ee n\u00e1\u0161\u013eapn\u00e9 syst\u00e9my a tretry s\u00fa len pre \u201eprof\u00edkov\u201c, ale to u\u017e d\u00e1vno neplat\u00ed. Dnes m\u00f4\u017eete zohna\u0165 aj modely top\u00e1nok, ktor\u00e9 umo\u017enia pohodln\u00fa ch\u00f4dzu a \u010dastokr\u00e1t s\u00fa na nerozoznanie od t\u00fdch klasick\u00fdch \u0161portov\u00fdch. V\u010faka pevnej\u0161ej podr\u00e1\u017eke nebudete c\u00edti\u0165 tlak od ped\u00e1lov a pevn\u00e9 spojenie v\u00e1m umo\u017en\u00ed ove\u013ea lep\u0161ie \u0161liapa\u0165 &#8211; postupne si \u013eah\u0161ie osvoj\u00edte aj kruhov\u00fd pohyb pre \u010do najv\u00e4\u010d\u0161iu efektivitu. Samozrejme, ak spadnete, nemus\u00edte sa v\u00f4bec b\u00e1\u0165, top\u00e1nka sa \u013eahko vycvakne a d\u00e1 sa to prirovna\u0165 k ly\u017eiarskemu viazaniu. Jedin\u00e9, \u010do treba, je trochu cviku, ale po nejakom \u010dase to nebudete u\u017e v\u00f4bec vn\u00edma\u0165 a budete v\u0161etko robi\u0165 automaticky. Navy\u0161e, v n\u00e1ro\u010dnej\u0161om ter\u00e9ne sa nemus\u00edte b\u00e1\u0165 toho, \u017ee sa va\u0161a noha zo\u0161mykne, \u010do m\u00e1 v\u00e4\u010d\u0161inou nepr\u00edjemn\u00e9 n\u00e1sledky.<\/p>\n<p><a href=\"https:\/\/d2p6e6u75xmxt8.cloudfront.net\/4\/2017\/08\/03.jpg\"><img loading=\"lazy\" decoding=\"async\" class=\"alignnone size-full wp-image-2032\" src=\"https:\/\/d2p6e6u75xmxt8.cloudfront.net\/4\/2017\/08\/03.jpg\" alt=\"\" width=\"1024\" height=\"683\" \/><\/a><\/p>\n<p>To bolo len nieko\u013eko z\u00e1kladn\u00fdch typov na \u00fapravy bicykla a z\u00e1kladn\u00e9 doplnky, ktor\u00e9 maj\u00fa pomerne v\u00fdrazn\u00fd vplyv na komfort. Ono, ve\u013emi \u010dasto plat\u00ed, \u017ee aj vhodne zvolen\u00e9 oble\u010denie a doplnky s\u00fa k\u013e\u00fa\u010dovou \u010das\u0165ou pre celkov\u00e9 pohodlie a nemalo by sa na ne zab\u00fada\u0165 po k\u00fape bicykla. Lep\u0161ie povedan\u00e9, nechajte si na ne rezervu v rozpo\u010dte, ur\u010dite sa to vyplat\u00ed&#8230;<\/p>\n","protected":false},"excerpt":{"rendered":"<p>Mo\u017eno sa to na prv\u00fd poh\u013ead nezd\u00e1, ale pr\u00e1ve komfort je pri za\u010diato\u010dn\u00edkoch ve\u013emi d\u00f4le\u017eit\u00fd faktor a rozhoduje o tom, [&hellip;]<\/p>\n","protected":false},"author":38,"featured_media":2029,"comment_status":"open","ping_status":"open","sticky":false,"template":"","format":"standard","meta":{"footnotes":""},"categories":[4,3,191,2],"tags":[115,180,222,230,55],"global-categories":[],"class_list":["post-2027","post","type-post","status-publish","format-standard","has-post-thumbnail","hentry","category-cestna-cyklisitika","category-mtb","category-odporucame","category-zdravie-trening","tag-cestna-cyklistika","tag-horska-cyklistika","tag-komponenty","tag-sedlo","tag-trening"],"yoast_head":"<!-- This site is optimized with the Yoast SEO Premium plugin v25.3 (Yoast SEO v25.9) - https:\/\/yoast.com\/wordpress\/plugins\/seo\/ -->\n<title>Komfort - hlavn\u00fd faktor toho, aby v\u00e1s cyklistika bavila \u2013 ako mu m\u00f4\u017eeme pom\u00f4c\u0165? - \u0160koda We Love Cycling Slovensko<\/title>\n<meta name=\"robots\" content=\"index, follow, max-snippet:-1, max-image-preview:large, max-video-preview:-1\" \/>\n<link rel=\"canonical\" href=\"https:\/\/www.welovecycling.com\/sk\/2017\/09\/04\/komfort-hlavny-faktor-toho-aby-vas-cyklistika-bavila-mu-mozeme-pomoct\/\" \/>\n<meta property=\"og:locale\" content=\"sk_SK\" \/>\n<meta property=\"og:type\" content=\"article\" \/>\n<meta property=\"og:title\" content=\"Komfort - hlavn\u00fd faktor toho, aby v\u00e1s cyklistika bavila \u2013 ako mu m\u00f4\u017eeme pom\u00f4c\u0165?\" \/>\n<meta property=\"og:description\" content=\"Mo\u017eno sa to na prv\u00fd poh\u013ead nezd\u00e1, ale pr\u00e1ve komfort je pri za\u010diato\u010dn\u00edkoch ve\u013emi d\u00f4le\u017eit\u00fd faktor a rozhoduje o tom, [&hellip;]\" \/>\n<meta property=\"og:url\" content=\"https:\/\/www.welovecycling.com\/sk\/2017\/09\/04\/komfort-hlavny-faktor-toho-aby-vas-cyklistika-bavila-mu-mozeme-pomoct\/\" \/>\n<meta property=\"og:site_name\" content=\"\u0160koda We Love Cycling Slovensko\" \/>\n<meta property=\"article:published_time\" content=\"2017-09-04T14:55:49+00:00\" \/>\n<meta property=\"article:modified_time\" content=\"2017-12-18T12:02:58+00:00\" \/>\n<meta property=\"og:image\" content=\"https:\/\/d2p6e6u75xmxt8.cloudfront.net\/4\/2017\/08\/04.webp\" \/>\n\t<meta property=\"og:image:width\" content=\"1375\" \/>\n\t<meta property=\"og:image:height\" content=\"600\" \/>\n\t<meta property=\"og:image:type\" content=\"image\/webp\" \/>\n<meta name=\"author\" content=\"Ondrej Ga\u0161par\" \/>\n<meta name=\"twitter:card\" content=\"summary_large_image\" \/>\n<meta name=\"twitter:label1\" content=\"Written by\" \/>\n\t<meta name=\"twitter:data1\" content=\"Martin Imrich\" \/>\n\t<meta name=\"twitter:label2\" content=\"Est. reading time\" \/>\n\t<meta name=\"twitter:data2\" content=\"5 minutes\" \/>\n<script type=\"application\/ld+json\" class=\"yoast-schema-graph\">{\"@context\":\"https:\/\/schema.org\",\"@graph\":[{\"@type\":\"WebPage\",\"@id\":\"https:\/\/www.welovecycling.com\/sk\/2017\/09\/04\/komfort-hlavny-faktor-toho-aby-vas-cyklistika-bavila-mu-mozeme-pomoct\/\",\"url\":\"https:\/\/www.welovecycling.com\/sk\/2017\/09\/04\/komfort-hlavny-faktor-toho-aby-vas-cyklistika-bavila-mu-mozeme-pomoct\/\",\"name\":\"Komfort - hlavn\u00fd faktor toho, aby v\u00e1s cyklistika bavila \u2013 ako mu m\u00f4\u017eeme pom\u00f4c\u0165? - \u0160koda We Love Cycling Slovensko\",\"isPartOf\":{\"@id\":\"https:\/\/www.welovecycling.com\/sk\/#website\"},\"primaryImageOfPage\":{\"@id\":\"https:\/\/www.welovecycling.com\/sk\/2017\/09\/04\/komfort-hlavny-faktor-toho-aby-vas-cyklistika-bavila-mu-mozeme-pomoct\/#primaryimage\"},\"image\":{\"@id\":\"https:\/\/www.welovecycling.com\/sk\/2017\/09\/04\/komfort-hlavny-faktor-toho-aby-vas-cyklistika-bavila-mu-mozeme-pomoct\/#primaryimage\"},\"thumbnailUrl\":\"https:\/\/d2p6e6u75xmxt8.cloudfront.net\/4\/2017\/08\/04.webp\",\"datePublished\":\"2017-09-04T14:55:49+00:00\",\"dateModified\":\"2017-12-18T12:02:58+00:00\",\"author\":{\"@id\":\"https:\/\/www.welovecycling.com\/sk\/#\/schema\/person\/8ee09ba39b7e25b1870160aa5b3a89bc\"},\"breadcrumb\":{\"@id\":\"https:\/\/www.welovecycling.com\/sk\/2017\/09\/04\/komfort-hlavny-faktor-toho-aby-vas-cyklistika-bavila-mu-mozeme-pomoct\/#breadcrumb\"},\"inLanguage\":\"sk-SK\",\"potentialAction\":[{\"@type\":\"ReadAction\",\"target\":[\"https:\/\/www.welovecycling.com\/sk\/2017\/09\/04\/komfort-hlavny-faktor-toho-aby-vas-cyklistika-bavila-mu-mozeme-pomoct\/\"]}]},{\"@type\":\"ImageObject\",\"inLanguage\":\"sk-SK\",\"@id\":\"https:\/\/www.welovecycling.com\/sk\/2017\/09\/04\/komfort-hlavny-faktor-toho-aby-vas-cyklistika-bavila-mu-mozeme-pomoct\/#primaryimage\",\"url\":\"https:\/\/d2p6e6u75xmxt8.cloudfront.net\/4\/2017\/08\/04.webp\",\"contentUrl\":\"https:\/\/d2p6e6u75xmxt8.cloudfront.net\/4\/2017\/08\/04.webp\",\"width\":1375,\"height\":600},{\"@type\":\"BreadcrumbList\",\"@id\":\"https:\/\/www.welovecycling.com\/sk\/2017\/09\/04\/komfort-hlavny-faktor-toho-aby-vas-cyklistika-bavila-mu-mozeme-pomoct\/#breadcrumb\",\"itemListElement\":[{\"@type\":\"ListItem\",\"position\":1,\"name\":\"Home\",\"item\":\"https:\/\/www.welovecycling.com\/sk\/\"},{\"@type\":\"ListItem\",\"position\":2,\"name\":\"Komfort &#8211; hlavn\u00fd faktor toho, aby v\u00e1s cyklistika bavila \u2013 ako mu m\u00f4\u017eeme pom\u00f4c\u0165?\"}]},{\"@type\":\"WebSite\",\"@id\":\"https:\/\/www.welovecycling.com\/sk\/#website\",\"url\":\"https:\/\/www.welovecycling.com\/sk\/\",\"name\":\"\u0160koda We Love Cycling Slovensko\",\"description\":\"\u0160koda We Love Cycling Slovensko je v\u00e1\u0161 ka\u017edodenn\u00fd zdroj noviniek a in\u0161pir\u00e1cie z sveta cyklistiky\",\"potentialAction\":[{\"@type\":\"SearchAction\",\"target\":{\"@type\":\"EntryPoint\",\"urlTemplate\":\"https:\/\/www.welovecycling.com\/sk\/?s={search_term_string}\"},\"query-input\":{\"@type\":\"PropertyValueSpecification\",\"valueRequired\":true,\"valueName\":\"search_term_string\"}}],\"inLanguage\":\"sk-SK\"},{\"@type\":\"Person\",\"@id\":\"https:\/\/www.welovecycling.com\/sk\/#\/schema\/person\/8ee09ba39b7e25b1870160aa5b3a89bc\",\"name\":\"Ondrej Ga\u0161par\",\"image\":{\"@type\":\"ImageObject\",\"inLanguage\":\"sk-SK\",\"@id\":\"https:\/\/www.welovecycling.com\/sk\/#\/schema\/person\/image\/\",\"url\":\"https:\/\/secure.gravatar.com\/avatar\/6126c9afb87b70da5abbb083ddbb21933da15f18f8ca7cb822aba0fb096a48f6?s=96&d=mm&r=g\",\"contentUrl\":\"https:\/\/secure.gravatar.com\/avatar\/6126c9afb87b70da5abbb083ddbb21933da15f18f8ca7cb822aba0fb096a48f6?s=96&d=mm&r=g\",\"caption\":\"Ondrej Ga\u0161par\"},\"url\":\"https:\/\/www.welovecycling.com\/sk\/author\/ondrejgaspar\/\"}]}<\/script>\n<!-- \/ Yoast SEO Premium plugin. -->","yoast_head_json":{"title":"Komfort - hlavn\u00fd faktor toho, aby v\u00e1s cyklistika bavila \u2013 ako mu m\u00f4\u017eeme pom\u00f4c\u0165? - \u0160koda We Love Cycling Slovensko","robots":{"index":"index","follow":"follow","max-snippet":"max-snippet:-1","max-image-preview":"max-image-preview:large","max-video-preview":"max-video-preview:-1"},"canonical":"https:\/\/www.welovecycling.com\/sk\/2017\/09\/04\/komfort-hlavny-faktor-toho-aby-vas-cyklistika-bavila-mu-mozeme-pomoct\/","og_locale":"sk_SK","og_type":"article","og_title":"Komfort - hlavn\u00fd faktor toho, aby v\u00e1s cyklistika bavila \u2013 ako mu m\u00f4\u017eeme pom\u00f4c\u0165?","og_description":"Mo\u017eno sa to na prv\u00fd poh\u013ead nezd\u00e1, ale pr\u00e1ve komfort je pri za\u010diato\u010dn\u00edkoch ve\u013emi d\u00f4le\u017eit\u00fd faktor a rozhoduje o tom, [&hellip;]","og_url":"https:\/\/www.welovecycling.com\/sk\/2017\/09\/04\/komfort-hlavny-faktor-toho-aby-vas-cyklistika-bavila-mu-mozeme-pomoct\/","og_site_name":"\u0160koda We Love Cycling Slovensko","article_published_time":"2017-09-04T14:55:49+00:00","article_modified_time":"2017-12-18T12:02:58+00:00","og_image":[{"width":1375,"height":600,"url":"https:\/\/d2p6e6u75xmxt8.cloudfront.net\/4\/2017\/08\/04.webp","type":"image\/webp"}],"author":"Ondrej Ga\u0161par","twitter_card":"summary_large_image","twitter_misc":{"Written by":"Martin Imrich","Est. reading time":"5 minutes"},"schema":{"@context":"https:\/\/schema.org","@graph":[{"@type":"WebPage","@id":"https:\/\/www.welovecycling.com\/sk\/2017\/09\/04\/komfort-hlavny-faktor-toho-aby-vas-cyklistika-bavila-mu-mozeme-pomoct\/","url":"https:\/\/www.welovecycling.com\/sk\/2017\/09\/04\/komfort-hlavny-faktor-toho-aby-vas-cyklistika-bavila-mu-mozeme-pomoct\/","name":"Komfort - hlavn\u00fd faktor toho, aby v\u00e1s cyklistika bavila \u2013 ako mu m\u00f4\u017eeme pom\u00f4c\u0165? - \u0160koda We Love Cycling Slovensko","isPartOf":{"@id":"https:\/\/www.welovecycling.com\/sk\/#website"},"primaryImageOfPage":{"@id":"https:\/\/www.welovecycling.com\/sk\/2017\/09\/04\/komfort-hlavny-faktor-toho-aby-vas-cyklistika-bavila-mu-mozeme-pomoct\/#primaryimage"},"image":{"@id":"https:\/\/www.welovecycling.com\/sk\/2017\/09\/04\/komfort-hlavny-faktor-toho-aby-vas-cyklistika-bavila-mu-mozeme-pomoct\/#primaryimage"},"thumbnailUrl":"https:\/\/d2p6e6u75xmxt8.cloudfront.net\/4\/2017\/08\/04.webp","datePublished":"2017-09-04T14:55:49+00:00","dateModified":"2017-12-18T12:02:58+00:00","author":{"@id":"https:\/\/www.welovecycling.com\/sk\/#\/schema\/person\/8ee09ba39b7e25b1870160aa5b3a89bc"},"breadcrumb":{"@id":"https:\/\/www.welovecycling.com\/sk\/2017\/09\/04\/komfort-hlavny-faktor-toho-aby-vas-cyklistika-bavila-mu-mozeme-pomoct\/#breadcrumb"},"inLanguage":"sk-SK","potentialAction":[{"@type":"ReadAction","target":["https:\/\/www.welovecycling.com\/sk\/2017\/09\/04\/komfort-hlavny-faktor-toho-aby-vas-cyklistika-bavila-mu-mozeme-pomoct\/"]}]},{"@type":"ImageObject","inLanguage":"sk-SK","@id":"https:\/\/www.welovecycling.com\/sk\/2017\/09\/04\/komfort-hlavny-faktor-toho-aby-vas-cyklistika-bavila-mu-mozeme-pomoct\/#primaryimage","url":"https:\/\/d2p6e6u75xmxt8.cloudfront.net\/4\/2017\/08\/04.webp","contentUrl":"https:\/\/d2p6e6u75xmxt8.cloudfront.net\/4\/2017\/08\/04.webp","width":1375,"height":600},{"@type":"BreadcrumbList","@id":"https:\/\/www.welovecycling.com\/sk\/2017\/09\/04\/komfort-hlavny-faktor-toho-aby-vas-cyklistika-bavila-mu-mozeme-pomoct\/#breadcrumb","itemListElement":[{"@type":"ListItem","position":1,"name":"Home","item":"https:\/\/www.welovecycling.com\/sk\/"},{"@type":"ListItem","position":2,"name":"Komfort &#8211; hlavn\u00fd faktor toho, aby v\u00e1s cyklistika bavila \u2013 ako mu m\u00f4\u017eeme pom\u00f4c\u0165?"}]},{"@type":"WebSite","@id":"https:\/\/www.welovecycling.com\/sk\/#website","url":"https:\/\/www.welovecycling.com\/sk\/","name":"\u0160koda We Love Cycling Slovensko","description":"\u0160koda We Love Cycling Slovensko je v\u00e1\u0161 ka\u017edodenn\u00fd zdroj noviniek a in\u0161pir\u00e1cie z sveta cyklistiky","potentialAction":[{"@type":"SearchAction","target":{"@type":"EntryPoint","urlTemplate":"https:\/\/www.welovecycling.com\/sk\/?s={search_term_string}"},"query-input":{"@type":"PropertyValueSpecification","valueRequired":true,"valueName":"search_term_string"}}],"inLanguage":"sk-SK"},{"@type":"Person","@id":"https:\/\/www.welovecycling.com\/sk\/#\/schema\/person\/8ee09ba39b7e25b1870160aa5b3a89bc","name":"Ondrej Ga\u0161par","image":{"@type":"ImageObject","inLanguage":"sk-SK","@id":"https:\/\/www.welovecycling.com\/sk\/#\/schema\/person\/image\/","url":"https:\/\/secure.gravatar.com\/avatar\/6126c9afb87b70da5abbb083ddbb21933da15f18f8ca7cb822aba0fb096a48f6?s=96&d=mm&r=g","contentUrl":"https:\/\/secure.gravatar.com\/avatar\/6126c9afb87b70da5abbb083ddbb21933da15f18f8ca7cb822aba0fb096a48f6?s=96&d=mm&r=g","caption":"Ondrej Ga\u0161par"},"url":"https:\/\/www.welovecycling.com\/sk\/author\/ondrejgaspar\/"}]}},"_links":{"self":[{"href":"https:\/\/www.welovecycling.com\/sk\/wp-json\/wp\/v2\/posts\/2027","targetHints":{"allow":["GET"]}}],"collection":[{"href":"https:\/\/www.welovecycling.com\/sk\/wp-json\/wp\/v2\/posts"}],"about":[{"href":"https:\/\/www.welovecycling.com\/sk\/wp-json\/wp\/v2\/types\/post"}],"author":[{"embeddable":true,"href":"https:\/\/www.welovecycling.com\/sk\/wp-json\/wp\/v2\/users\/38"}],"replies":[{"embeddable":true,"href":"https:\/\/www.welovecycling.com\/sk\/wp-json\/wp\/v2\/comments?post=2027"}],"version-history":[{"count":2,"href":"https:\/\/www.welovecycling.com\/sk\/wp-json\/wp\/v2\/posts\/2027\/revisions"}],"predecessor-version":[{"id":2134,"href":"https:\/\/www.welovecycling.com\/sk\/wp-json\/wp\/v2\/posts\/2027\/revisions\/2134"}],"wp:featuredmedia":[{"embeddable":true,"href":"https:\/\/www.welovecycling.com\/sk\/wp-json\/wp\/v2\/media\/2029"}],"wp:attachment":[{"href":"https:\/\/www.welovecycling.com\/sk\/wp-json\/wp\/v2\/media?parent=2027"}],"wp:term":[{"taxonomy":"category","embeddable":true,"href":"https:\/\/www.welovecycling.com\/sk\/wp-json\/wp\/v2\/categories?post=2027"},{"taxonomy":"post_tag","embeddable":true,"href":"https:\/\/www.welovecycling.com\/sk\/wp-json\/wp\/v2\/tags?post=2027"},{"taxonomy":"global-categories","embeddable":true,"href":"https:\/\/www.welovecycling.com\/sk\/wp-json\/wp\/v2\/global-categories?post=2027"}],"curies":[{"name":"wp","href":"https:\/\/api.w.org\/{rel}","templated":true}]}}