{"id":20259,"date":"2025-04-20T11:00:53","date_gmt":"2025-04-20T09:00:53","guid":{"rendered":"https:\/\/www.welovecycling.com\/sk\/?p=20259"},"modified":"2025-04-20T06:36:54","modified_gmt":"2025-04-20T04:36:54","slug":"ako-si-vybrat-idealny-bicykel-na-sezonu-2025","status":"publish","type":"post","link":"https:\/\/www.welovecycling.com\/sk\/2025\/04\/20\/ako-si-vybrat-idealny-bicykel-na-sezonu-2025\/","title":{"rendered":"Ako si vybra\u0165 ide\u00e1lny bicykel na sez\u00f3nu 2025"},"content":{"rendered":"<p><span style=\"font-weight: 400;\">Jar je u\u017e v plnom pr\u00fade a preto je najvy\u0161\u0161\u00ed \u010das premyslie\u0165 si, ak\u00fdm aktivit\u00e1m sa budete tento rok venova\u0165. Asi spr\u00e1vne tu\u0161\u00edte, \u017ee na\u0161e odpor\u00fa\u010danie bude jednozna\u010dn\u00e9 \u2013 cyklistika. Len\u017ee aj tento zdanlivo jednoduch\u00fd \u0161port m\u00e1 viacero mo\u017enost\u00ed a nie je to len o tom sadn\u00fa\u0165 na bicykel a \u0161liapa\u0165 do ped\u00e1lov. Po\u010fme sa na to pozrie\u0165 bli\u017e\u0161ie.\u00a0<\/span><\/p>\n<p><!--more--><\/p>\n<p><span style=\"font-weight: 400;\">Pre jednoduchos\u0165 si rozdel\u00edme bicykle do kateg\u00f3ri\u00ed pod\u013ea toho, kde s nimi m\u00f4\u017eete jazdi\u0165. Poviete si, \u017ee so svoj\u00edm horsk\u00fdm bicyklom sa dostanete v\u0161ade a je jedno, \u010di je to les alebo cesta. \u00c1no, m\u00e1te pravdu, ale predsa len maj\u00fa jednotliv\u00e9 kateg\u00f3rie svoje prednosti a m\u00e1 zmysel si ich zopakova\u0165.\u00a0<\/span><\/p>\n<h2><span style=\"font-weight: 400;\">Cestn\u00fd bicykel<\/span><\/h2>\n<p><span style=\"font-weight: 400;\">Ako sme spom\u00ednali pred chv\u00ed\u013eou, na horskom bicykli v pohode m\u00f4\u017eete vyrazi\u0165 aj na cestu, len\u017ee pravdou je, \u017ee sa dos\u0165 na\u0161liapete a aj tak v\u00e1s bud\u00fa jazdci na cestn\u00fdch bicykloch neust\u00e1le predbieha\u0165. Pre\u010do je to tak? Lebo horsk\u00e9 bicykle maj\u00fa \u0161irok\u00e9 pl\u00e1\u0161te, ktor\u00e9 maj\u00fa zmysel v lesn\u00fdch podmienkach, ale na ceste klad\u00fa zbyto\u010dne ve\u013ek\u00fd odpor a spoma\u013euj\u00fa v\u00e1s.\u00a0<\/span><\/p>\n<p><span style=\"font-weight: 400;\">Preto je dobr\u00e9 na cestu zvoli\u0165 cestn\u00fd bicykel, ktor\u00fd m\u00e1 tak tenk\u00e9 pl\u00e1\u0161te, \u017ee si vysl\u00fa\u017eil prez\u00fdvku \u201e\u017eiletka\u201c. Tieto koles\u00e1 klad\u00fa minim\u00e1lny odpor. R\u00e1m cestn\u00e9ho bicykla tie\u017e m\u00f4\u017ee by\u0165 ten\u0161\u00ed a od\u013eah\u010den\u00fd, preto\u017ee na\u0148 nie s\u00fa kladen\u00e9 tak\u00e9 n\u00e1roky ako pri horskom bicykli. V\u010faka t\u00fdmto kon\u0161truk\u010dn\u00fdm prvkom budete na ceste r\u00fdchli a zvl\u00e1dnete po\u010das jedn\u00e9ho v\u00fdjazdu slu\u0161n\u00fa porciu kilometrov. V neposlednom rade sa m\u00f4\u017eete c\u00edti\u0165 ako jazdec na Tour de France.\u00a0<\/span><\/p>\n<h2><span style=\"font-weight: 400;\">Horsk\u00fd bicykel<\/span><\/h2>\n<p><span style=\"font-weight: 400;\">Horsk\u00fd bicykel nie je ani o po\u010dte najazden\u00fdch kilometrov, ako sk\u00f4r o z\u00e1bave. Jazda v lese v\u00e1m poskytne ve\u013ea podnetov, preto\u017ee mus\u00edte d\u00e1va\u0165 pozor na meniaci sa povrch. V lese jazd\u00edte po kame\u0148och, kore\u0148och, s\u00fa tam kalu\u017ee, napadan\u00e9 l\u00edstie, ihli\u010die a podobne. Ak v\u00e1m to nesta\u010d\u00ed, m\u00f4\u017eete si zajazdi\u0165 v bikeparku, kde s\u00fa \u0161peci\u00e1lne upraven\u00e9 traily, ktor\u00e9 obsahuj\u00fa r\u00f4zne skoky, nerovnosti \u010di z\u00e1kruty. <\/span><\/p>\n<p><span style=\"font-weight: 400;\">Ani toto v\u0161ak nie je v\u0161etko, \u010do tento druh cyklistiky pon\u00faka \u2013 m\u00f4\u017eete vysk\u00fa\u0161a\u0165 kateg\u00f3riu downhill, \u010do je r\u00fdchle jazdenie z kopcov dolu. \u010casto m\u00e1te mo\u017enos\u0165 vyviez\u0165 sa hore lanovkou a m\u00f4\u017ee to pre v\u00e1s by\u0165 letn\u00e1 alternat\u00edva k ly\u017eovaniu. Jedin\u00fa chybi\u010dku kr\u00e1sy to m\u00e1, \u017ee pri tak\u00fdchto v\u00fdkonoch s\u00fa aj \u010dastej\u0161ie zranenia.\u00a0<\/span><\/p>\n<p><a href=\"https:\/\/d2p6e6u75xmxt8.cloudfront.net\/4\/2025\/04\/01-2-scaled.webp\"><img loading=\"lazy\" decoding=\"async\" class=\"alignnone size-extra-large wp-image-20260\" src=\"https:\/\/d2p6e6u75xmxt8.cloudfront.net\/4\/2025\/04\/01-2-1920x1280.webp\" alt=\"\" width=\"1920\" height=\"1280\" srcset=\"https:\/\/d2p6e6u75xmxt8.cloudfront.net\/4\/2025\/04\/01-2-1920x1280.webp 1920w, https:\/\/d2p6e6u75xmxt8.cloudfront.net\/4\/2025\/04\/01-2-300x200.webp 300w, https:\/\/d2p6e6u75xmxt8.cloudfront.net\/4\/2025\/04\/01-2-1024x683.webp 1024w, https:\/\/d2p6e6u75xmxt8.cloudfront.net\/4\/2025\/04\/01-2-768x512.webp 768w, https:\/\/d2p6e6u75xmxt8.cloudfront.net\/4\/2025\/04\/01-2-1536x1024.webp 1536w, https:\/\/d2p6e6u75xmxt8.cloudfront.net\/4\/2025\/04\/01-2-2048x1365.webp 2048w, https:\/\/d2p6e6u75xmxt8.cloudfront.net\/4\/2025\/04\/01-2-400x267.webp 400w, https:\/\/d2p6e6u75xmxt8.cloudfront.net\/4\/2025\/04\/01-2-272x182.webp 272w, https:\/\/d2p6e6u75xmxt8.cloudfront.net\/4\/2025\/04\/01-2-1920x1280.webp 1920w\" sizes=\"auto, (max-width: 1920px) 100vw, 1920px\" \/><\/a><\/p>\n<h2><span style=\"font-weight: 400;\">Gravel bicykel<\/span><\/h2>\n<p><span style=\"font-weight: 400;\">Ak sa neviete rozhodn\u00fa\u0165, \u010di cestn\u00fd alebo horsk\u00fd bicykel, je tu pre v\u00e1s t\u00e1to mo\u017enos\u0165 s n\u00e1zvom gravel. Slovo gravel je v preklade \u0161trk a to napoved\u00e1, \u017ee bicykel je ur\u010den\u00fd na \u013eah\u0161ie \u0161trkov\u00e9 cesti\u010dky, ako aj na cestn\u00e9 jazdenie. Samozrejme na nejak\u00e9 \u0161ialen\u00e9 jazdenie v bikeparku nie je ur\u010den\u00fd, ale lesn\u00e9 cesti\u010dky zvl\u00e1dne. No a na cest\u00e1ch v\u00e1m poskytne v\u00e4\u010d\u0161iu r\u00fdchlos\u0165 ako horsk\u00fd bicykel. \u010castokr\u00e1t si \u013eudia tak\u00e9to bicykle zvolia pri bikepackingu, \u010do s\u00fa nieko\u013ekod\u0148ov\u00e9 v\u00fdlety na bicykloch s presp\u00e1van\u00edm napr\u00edklad pod stanom.\u00a0\u00a0\u00a0\u00a0<\/span><\/p>\n<h2><span style=\"font-weight: 400;\">Elektro bicykel<\/span><\/h2>\n<p><span style=\"font-weight: 400;\">S pr\u00edchodom elektrobicyklov sa fan\u00fa\u0161ikovia cyklistiky rozdelili na dve skupiny. Jedna ich ostro kritizovala a druh\u00e1 s nad\u0161en\u00edm prijala. Ich hlavn\u00fdm pr\u00ednosom je, \u017ee \u0161portova\u0165 a h\u00fdba\u0165 sa za\u010dali aj \u013eudia, ktor\u00ed predt\u00fdm sedeli na gau\u010di a sledovali obrazovky. Mo\u017eno je to pre nich len kr\u00e1tkodob\u00e1 m\u00f3dna vlna, ale aj to je lep\u0161ie ako ni\u010d. Ve\u013ek\u00fdm pr\u00ednosom m\u00f4\u017eu by\u0165 pre star\u0161\u00edch \u013eud\u00ed, ktor\u00ed sa kv\u00f4li zdravotn\u00fdm obmedzeniam ob\u00e1vali sadn\u00fa\u0165 na bicykel a vyrazi\u0165 na dlh\u0161iu jazdu. Teraz v\u010faka podpore bat\u00e9rie u\u017e nemusia ma\u0165 obavy a zvl\u00e1dnu to, \u010do predt\u00fdm nebolo mo\u017en\u00e9.\u00a0\u00a0<\/span><\/p>\n<h2><span style=\"font-weight: 400;\">Pre a proti<\/span><\/h2>\n<p><span style=\"font-weight: 400;\">Ka\u017ed\u00e1 z t\u00fdchto kateg\u00f3ri\u00ed m\u00e1 svoje v\u00fdhody aj nev\u00fdhody. Pri cestnom bicykli je to jazdenie v cestnej prem\u00e1vke, \u010do m\u00f4\u017ee by\u0165 nebezpe\u010dn\u00e9. Na druhej strane v\u010faka ve\u013ek\u00fdm r\u00fdchlostiam zvl\u00e1dnete po\u010das jedn\u00e9ho v\u00fdjazdu vidie\u0165 kus sveta.\u00a0<\/span><\/p>\n<p><span style=\"font-weight: 400;\">V\u010faka horsk\u00e9mu bicyklu tr\u00e1vite ve\u013ea \u010dasu v pr\u00edrode, nad\u00fdchate sa \u010derstv\u00e9ho vzduchu a u\u017eijete si kopu z\u00e1bavy na trailoch. Nev\u00fdhodou je, \u017ee po n\u00e1vrate domov \u010dasto mus\u00edte bycikel e\u0161te umy\u0165 od blata a je pravdou, \u017ee aj r\u00e1m \u010dasto dostane zabra\u0165 od r\u00f4znych kon\u00e1rov a kamienkov, tak\u017ee nov\u00fd bicykel je ve\u013emi r\u00fdchlo po\u0161kriaban\u00fd a ob\u00fachan\u00fd. Ale aspo\u0148 je vidie\u0165, \u017ee akt\u00edvne jazd\u00edte.\u00a0<\/span><\/p>\n<p><span style=\"font-weight: 400;\">Ak ste nerozhodn\u00ed, pom\u00f4\u017ee v\u00e1m bicykel z kateg\u00f3rie gravel, len\u017ee aj tu si treba uvedomi\u0165, \u017ee je to kompromis. Nie je to ani plnohodnotn\u00fd cestn\u00fd bicykel, ani plnohodnotn\u00fd horsk\u00fd bicykel. Toto si treba rozhodne uvedomi\u0165 pred jeho k\u00fapou, aby ste neboli sklaman\u00ed.\u00a0<\/span><\/p>\n<p><span style=\"font-weight: 400;\">No a elektrobicykel v\u00e1m pom\u00f4\u017ee, aby ste sa to\u013eko nenarobili po\u010das v\u00fdjazdu, len\u017ee tu m\u00f4\u017ee by\u0165 pekne otravn\u00e9 to neust\u00e1le dob\u00edjanie bat\u00e9rie po ka\u017edom v\u00fdlete.\u00a0<\/span><\/p>\n<p><span style=\"font-weight: 400;\">Nech u\u017e sa rozhodnete akoko\u013evek, hlavne si \u010das str\u00e1ven\u00fd na bicykli naplno u\u017e\u00edvajte a te\u0161te sa z pohybu na \u010derstvom vzduchu.\u00a0<\/span><\/p>\n<p>Zdroj fotografi\u00ed: welovecycling.sk<\/p>\n","protected":false},"excerpt":{"rendered":"<p>Jar je u\u017e v plnom pr\u00fade a preto je najvy\u0161\u0161\u00ed \u010das premyslie\u0165 si, ak\u00fdm aktivit\u00e1m sa budete tento rok venova\u0165. [&hellip;]<\/p>\n","protected":false},"author":191,"featured_media":20261,"comment_status":"closed","ping_status":"closed","sticky":false,"template":"","format":"standard","meta":{"footnotes":""},"categories":[3],"tags":[559,619,115,546,180,532,767,931,183,623],"global-categories":[],"class_list":["post-20259","post","type-post","status-publish","format-standard","has-post-thumbnail","hentry","category-mtb","tag-bicykel","tag-bicyklovanie","tag-cestna-cyklistika","tag-cyklistika","tag-horska-cyklistika","tag-jazdenie","tag-motivacia","tag-odporucame","tag-zabava","tag-zdravy-zivotny-styl"],"yoast_head":"<!-- This site is optimized with the Yoast SEO Premium plugin v25.3 (Yoast SEO v25.9) - https:\/\/yoast.com\/wordpress\/plugins\/seo\/ -->\n<title>Ako si vybra\u0165 ide\u00e1lny bicykel na sez\u00f3nu 2025 - \u0160koda We Love Cycling Slovensko<\/title>\n<meta name=\"description\" content=\"Ak\u00fdm aktivit\u00e1m sa budete tento rok venova\u0165? Na\u0161e odpor\u00fa\u010danie je jednozna\u010dn\u00e9 \u2013 ur\u010dite si vyberte bicykel. Ako vybra\u0165 ten spr\u00e1vny?\" \/>\n<meta name=\"robots\" content=\"index, follow, max-snippet:-1, max-image-preview:large, max-video-preview:-1\" \/>\n<link rel=\"canonical\" href=\"https:\/\/www.welovecycling.com\/sk\/2025\/04\/20\/ako-si-vybrat-idealny-bicykel-na-sezonu-2025\/\" \/>\n<meta property=\"og:locale\" content=\"sk_SK\" \/>\n<meta property=\"og:type\" content=\"article\" \/>\n<meta property=\"og:title\" content=\"Ako si vybra\u0165 ide\u00e1lny bicykel na sez\u00f3nu 2025\" \/>\n<meta property=\"og:description\" content=\"Ak\u00fdm aktivit\u00e1m sa budete tento rok venova\u0165? Na\u0161e odpor\u00fa\u010danie je jednozna\u010dn\u00e9 \u2013 ur\u010dite si vyberte bicykel. Ako vybra\u0165 ten spr\u00e1vny?\" \/>\n<meta property=\"og:url\" content=\"https:\/\/www.welovecycling.com\/sk\/2025\/04\/20\/ako-si-vybrat-idealny-bicykel-na-sezonu-2025\/\" \/>\n<meta property=\"og:site_name\" content=\"\u0160koda We Love Cycling Slovensko\" \/>\n<meta property=\"article:published_time\" content=\"2025-04-20T09:00:53+00:00\" \/>\n<meta property=\"og:image\" content=\"https:\/\/d2p6e6u75xmxt8.cloudfront.net\/4\/2025\/04\/titulka-1-scaled.webp\" \/>\n\t<meta property=\"og:image:width\" content=\"2560\" \/>\n\t<meta property=\"og:image:height\" content=\"1707\" \/>\n\t<meta property=\"og:image:type\" content=\"image\/webp\" \/>\n<meta name=\"author\" content=\"michal\" \/>\n<meta name=\"twitter:card\" content=\"summary_large_image\" \/>\n<meta name=\"twitter:label1\" content=\"Written by\" \/>\n\t<meta name=\"twitter:data1\" content=\"welovecycling.sk\" \/>\n\t<meta name=\"twitter:label2\" content=\"Est. reading time\" \/>\n\t<meta name=\"twitter:data2\" content=\"3\" \/>\n<script type=\"application\/ld+json\" class=\"yoast-schema-graph\">{\"@context\":\"https:\/\/schema.org\",\"@graph\":[{\"@type\":\"WebPage\",\"@id\":\"https:\/\/www.welovecycling.com\/sk\/2025\/04\/20\/ako-si-vybrat-idealny-bicykel-na-sezonu-2025\/\",\"url\":\"https:\/\/www.welovecycling.com\/sk\/2025\/04\/20\/ako-si-vybrat-idealny-bicykel-na-sezonu-2025\/\",\"name\":\"Ako si vybra\u0165 ide\u00e1lny bicykel na sez\u00f3nu 2025 - \u0160koda We Love Cycling Slovensko\",\"isPartOf\":{\"@id\":\"https:\/\/www.welovecycling.com\/sk\/#website\"},\"primaryImageOfPage\":{\"@id\":\"https:\/\/www.welovecycling.com\/sk\/2025\/04\/20\/ako-si-vybrat-idealny-bicykel-na-sezonu-2025\/#primaryimage\"},\"image\":{\"@id\":\"https:\/\/www.welovecycling.com\/sk\/2025\/04\/20\/ako-si-vybrat-idealny-bicykel-na-sezonu-2025\/#primaryimage\"},\"thumbnailUrl\":\"https:\/\/d2p6e6u75xmxt8.cloudfront.net\/4\/2025\/04\/titulka-1-scaled.webp\",\"datePublished\":\"2025-04-20T09:00:53+00:00\",\"author\":{\"@id\":\"https:\/\/www.welovecycling.com\/sk\/#\/schema\/person\/45e989de48eace55eb338c027dc5a65e\"},\"description\":\"Ak\u00fdm aktivit\u00e1m sa budete tento rok venova\u0165? Na\u0161e odpor\u00fa\u010danie je jednozna\u010dn\u00e9 \u2013 ur\u010dite si vyberte bicykel. Ako vybra\u0165 ten spr\u00e1vny?\",\"breadcrumb\":{\"@id\":\"https:\/\/www.welovecycling.com\/sk\/2025\/04\/20\/ako-si-vybrat-idealny-bicykel-na-sezonu-2025\/#breadcrumb\"},\"inLanguage\":\"sk-SK\",\"potentialAction\":[{\"@type\":\"ReadAction\",\"target\":[\"https:\/\/www.welovecycling.com\/sk\/2025\/04\/20\/ako-si-vybrat-idealny-bicykel-na-sezonu-2025\/\"]}]},{\"@type\":\"ImageObject\",\"inLanguage\":\"sk-SK\",\"@id\":\"https:\/\/www.welovecycling.com\/sk\/2025\/04\/20\/ako-si-vybrat-idealny-bicykel-na-sezonu-2025\/#primaryimage\",\"url\":\"https:\/\/d2p6e6u75xmxt8.cloudfront.net\/4\/2025\/04\/titulka-1-scaled.webp\",\"contentUrl\":\"https:\/\/d2p6e6u75xmxt8.cloudfront.net\/4\/2025\/04\/titulka-1-scaled.webp\",\"width\":2560,\"height\":1707},{\"@type\":\"BreadcrumbList\",\"@id\":\"https:\/\/www.welovecycling.com\/sk\/2025\/04\/20\/ako-si-vybrat-idealny-bicykel-na-sezonu-2025\/#breadcrumb\",\"itemListElement\":[{\"@type\":\"ListItem\",\"position\":1,\"name\":\"Home\",\"item\":\"https:\/\/www.welovecycling.com\/sk\/\"},{\"@type\":\"ListItem\",\"position\":2,\"name\":\"Ako si vybra\u0165 ide\u00e1lny bicykel na sez\u00f3nu 2025\"}]},{\"@type\":\"WebSite\",\"@id\":\"https:\/\/www.welovecycling.com\/sk\/#website\",\"url\":\"https:\/\/www.welovecycling.com\/sk\/\",\"name\":\"\u0160koda We Love Cycling Slovensko\",\"description\":\"\u0160koda We Love Cycling Slovensko je v\u00e1\u0161 ka\u017edodenn\u00fd zdroj noviniek a in\u0161pir\u00e1cie z sveta cyklistiky\",\"potentialAction\":[{\"@type\":\"SearchAction\",\"target\":{\"@type\":\"EntryPoint\",\"urlTemplate\":\"https:\/\/www.welovecycling.com\/sk\/?s={search_term_string}\"},\"query-input\":{\"@type\":\"PropertyValueSpecification\",\"valueRequired\":true,\"valueName\":\"search_term_string\"}}],\"inLanguage\":\"sk-SK\"},{\"@type\":\"Person\",\"@id\":\"https:\/\/www.welovecycling.com\/sk\/#\/schema\/person\/45e989de48eace55eb338c027dc5a65e\",\"name\":\"michal\",\"image\":{\"@type\":\"ImageObject\",\"inLanguage\":\"sk-SK\",\"@id\":\"https:\/\/www.welovecycling.com\/sk\/#\/schema\/person\/image\/\",\"url\":\"https:\/\/secure.gravatar.com\/avatar\/7f8deb1af8506a5f53d1b779436f546bce1c8c40c09780107ad3811c7dc4bbcb?s=96&d=mm&r=g\",\"contentUrl\":\"https:\/\/secure.gravatar.com\/avatar\/7f8deb1af8506a5f53d1b779436f546bce1c8c40c09780107ad3811c7dc4bbcb?s=96&d=mm&r=g\",\"caption\":\"michal\"},\"url\":\"https:\/\/www.welovecycling.com\/sk\/author\/michal\/\"}]}<\/script>\n<!-- \/ Yoast SEO Premium plugin. -->","yoast_head_json":{"title":"Ako si vybra\u0165 ide\u00e1lny bicykel na sez\u00f3nu 2025 - \u0160koda We Love Cycling Slovensko","description":"Ak\u00fdm aktivit\u00e1m sa budete tento rok venova\u0165? Na\u0161e odpor\u00fa\u010danie je jednozna\u010dn\u00e9 \u2013 ur\u010dite si vyberte bicykel. Ako vybra\u0165 ten spr\u00e1vny?","robots":{"index":"index","follow":"follow","max-snippet":"max-snippet:-1","max-image-preview":"max-image-preview:large","max-video-preview":"max-video-preview:-1"},"canonical":"https:\/\/www.welovecycling.com\/sk\/2025\/04\/20\/ako-si-vybrat-idealny-bicykel-na-sezonu-2025\/","og_locale":"sk_SK","og_type":"article","og_title":"Ako si vybra\u0165 ide\u00e1lny bicykel na sez\u00f3nu 2025","og_description":"Ak\u00fdm aktivit\u00e1m sa budete tento rok venova\u0165? Na\u0161e odpor\u00fa\u010danie je jednozna\u010dn\u00e9 \u2013 ur\u010dite si vyberte bicykel. Ako vybra\u0165 ten spr\u00e1vny?","og_url":"https:\/\/www.welovecycling.com\/sk\/2025\/04\/20\/ako-si-vybrat-idealny-bicykel-na-sezonu-2025\/","og_site_name":"\u0160koda We Love Cycling Slovensko","article_published_time":"2025-04-20T09:00:53+00:00","og_image":[{"width":2560,"height":1707,"url":"https:\/\/d2p6e6u75xmxt8.cloudfront.net\/4\/2025\/04\/titulka-1-scaled.webp","type":"image\/webp"}],"author":"michal","twitter_card":"summary_large_image","twitter_misc":{"Written by":"welovecycling.sk","Est. reading time":"3"},"schema":{"@context":"https:\/\/schema.org","@graph":[{"@type":"WebPage","@id":"https:\/\/www.welovecycling.com\/sk\/2025\/04\/20\/ako-si-vybrat-idealny-bicykel-na-sezonu-2025\/","url":"https:\/\/www.welovecycling.com\/sk\/2025\/04\/20\/ako-si-vybrat-idealny-bicykel-na-sezonu-2025\/","name":"Ako si vybra\u0165 ide\u00e1lny bicykel na sez\u00f3nu 2025 - \u0160koda We Love Cycling Slovensko","isPartOf":{"@id":"https:\/\/www.welovecycling.com\/sk\/#website"},"primaryImageOfPage":{"@id":"https:\/\/www.welovecycling.com\/sk\/2025\/04\/20\/ako-si-vybrat-idealny-bicykel-na-sezonu-2025\/#primaryimage"},"image":{"@id":"https:\/\/www.welovecycling.com\/sk\/2025\/04\/20\/ako-si-vybrat-idealny-bicykel-na-sezonu-2025\/#primaryimage"},"thumbnailUrl":"https:\/\/d2p6e6u75xmxt8.cloudfront.net\/4\/2025\/04\/titulka-1-scaled.webp","datePublished":"2025-04-20T09:00:53+00:00","author":{"@id":"https:\/\/www.welovecycling.com\/sk\/#\/schema\/person\/45e989de48eace55eb338c027dc5a65e"},"description":"Ak\u00fdm aktivit\u00e1m sa budete tento rok venova\u0165? Na\u0161e odpor\u00fa\u010danie je jednozna\u010dn\u00e9 \u2013 ur\u010dite si vyberte bicykel. Ako vybra\u0165 ten spr\u00e1vny?","breadcrumb":{"@id":"https:\/\/www.welovecycling.com\/sk\/2025\/04\/20\/ako-si-vybrat-idealny-bicykel-na-sezonu-2025\/#breadcrumb"},"inLanguage":"sk-SK","potentialAction":[{"@type":"ReadAction","target":["https:\/\/www.welovecycling.com\/sk\/2025\/04\/20\/ako-si-vybrat-idealny-bicykel-na-sezonu-2025\/"]}]},{"@type":"ImageObject","inLanguage":"sk-SK","@id":"https:\/\/www.welovecycling.com\/sk\/2025\/04\/20\/ako-si-vybrat-idealny-bicykel-na-sezonu-2025\/#primaryimage","url":"https:\/\/d2p6e6u75xmxt8.cloudfront.net\/4\/2025\/04\/titulka-1-scaled.webp","contentUrl":"https:\/\/d2p6e6u75xmxt8.cloudfront.net\/4\/2025\/04\/titulka-1-scaled.webp","width":2560,"height":1707},{"@type":"BreadcrumbList","@id":"https:\/\/www.welovecycling.com\/sk\/2025\/04\/20\/ako-si-vybrat-idealny-bicykel-na-sezonu-2025\/#breadcrumb","itemListElement":[{"@type":"ListItem","position":1,"name":"Home","item":"https:\/\/www.welovecycling.com\/sk\/"},{"@type":"ListItem","position":2,"name":"Ako si vybra\u0165 ide\u00e1lny bicykel na sez\u00f3nu 2025"}]},{"@type":"WebSite","@id":"https:\/\/www.welovecycling.com\/sk\/#website","url":"https:\/\/www.welovecycling.com\/sk\/","name":"\u0160koda We Love Cycling Slovensko","description":"\u0160koda We Love Cycling Slovensko je v\u00e1\u0161 ka\u017edodenn\u00fd zdroj noviniek a in\u0161pir\u00e1cie z sveta cyklistiky","potentialAction":[{"@type":"SearchAction","target":{"@type":"EntryPoint","urlTemplate":"https:\/\/www.welovecycling.com\/sk\/?s={search_term_string}"},"query-input":{"@type":"PropertyValueSpecification","valueRequired":true,"valueName":"search_term_string"}}],"inLanguage":"sk-SK"},{"@type":"Person","@id":"https:\/\/www.welovecycling.com\/sk\/#\/schema\/person\/45e989de48eace55eb338c027dc5a65e","name":"michal","image":{"@type":"ImageObject","inLanguage":"sk-SK","@id":"https:\/\/www.welovecycling.com\/sk\/#\/schema\/person\/image\/","url":"https:\/\/secure.gravatar.com\/avatar\/7f8deb1af8506a5f53d1b779436f546bce1c8c40c09780107ad3811c7dc4bbcb?s=96&d=mm&r=g","contentUrl":"https:\/\/secure.gravatar.com\/avatar\/7f8deb1af8506a5f53d1b779436f546bce1c8c40c09780107ad3811c7dc4bbcb?s=96&d=mm&r=g","caption":"michal"},"url":"https:\/\/www.welovecycling.com\/sk\/author\/michal\/"}]}},"_links":{"self":[{"href":"https:\/\/www.welovecycling.com\/sk\/wp-json\/wp\/v2\/posts\/20259","targetHints":{"allow":["GET"]}}],"collection":[{"href":"https:\/\/www.welovecycling.com\/sk\/wp-json\/wp\/v2\/posts"}],"about":[{"href":"https:\/\/www.welovecycling.com\/sk\/wp-json\/wp\/v2\/types\/post"}],"author":[{"embeddable":true,"href":"https:\/\/www.welovecycling.com\/sk\/wp-json\/wp\/v2\/users\/191"}],"replies":[{"embeddable":true,"href":"https:\/\/www.welovecycling.com\/sk\/wp-json\/wp\/v2\/comments?post=20259"}],"version-history":[{"count":3,"href":"https:\/\/www.welovecycling.com\/sk\/wp-json\/wp\/v2\/posts\/20259\/revisions"}],"predecessor-version":[{"id":20263,"href":"https:\/\/www.welovecycling.com\/sk\/wp-json\/wp\/v2\/posts\/20259\/revisions\/20263"}],"wp:featuredmedia":[{"embeddable":true,"href":"https:\/\/www.welovecycling.com\/sk\/wp-json\/wp\/v2\/media\/20261"}],"wp:attachment":[{"href":"https:\/\/www.welovecycling.com\/sk\/wp-json\/wp\/v2\/media?parent=20259"}],"wp:term":[{"taxonomy":"category","embeddable":true,"href":"https:\/\/www.welovecycling.com\/sk\/wp-json\/wp\/v2\/categories?post=20259"},{"taxonomy":"post_tag","embeddable":true,"href":"https:\/\/www.welovecycling.com\/sk\/wp-json\/wp\/v2\/tags?post=20259"},{"taxonomy":"global-categories","embeddable":true,"href":"https:\/\/www.welovecycling.com\/sk\/wp-json\/wp\/v2\/global-categories?post=20259"}],"curies":[{"name":"wp","href":"https:\/\/api.w.org\/{rel}","templated":true}]}}