{"id":20247,"date":"2025-04-17T11:00:50","date_gmt":"2025-04-17T09:00:50","guid":{"rendered":"https:\/\/www.welovecycling.com\/sk\/?p=20247"},"modified":"2025-04-16T13:44:57","modified_gmt":"2025-04-16T11:44:57","slug":"pozvanka-skoda-mtb-maraton-rajecke-teplice-dalsie-kolo-pri-ziline","status":"publish","type":"post","link":"https:\/\/www.welovecycling.com\/sk\/2025\/04\/17\/pozvanka-skoda-mtb-maraton-rajecke-teplice-dalsie-kolo-pri-ziline\/","title":{"rendered":"Pozv\u00e1nka: \u0160koda MTB Marat\u00f3n Rajeck\u00e9 Teplice \u2013 \u010fal\u0161ie kolo pri \u017diline"},"content":{"rendered":"<p><strong>Ak nechcete vynecha\u0165 ani jedno kolo s\u00e9rie, je tu 9. ro\u010dn\u00edk marat\u00f3nu v Rajeck\u00fdch Tepliciach pre cel\u00fa rodinu.\u00a0<\/strong><!--more--><\/p>\n<p><span style=\"font-weight: 400;\"><strong>Nov\u00e1 v\u00fdzva na v\u00e1s \u010dak\u00e1 u\u017e 10. m\u00e1ja pod L\u00fa\u010danskou Malou Fatrou,<\/strong> kde u\u017e dlhoro\u010dne organizuj\u00fa tento marat\u00f3n v jarnej \u010dasti sez\u00f3ny. Povestn\u00e9 zv\u00e1\u017enice a makadamom vysypan\u00e9 cesty u\u017e mnoh\u00ed poznaj\u00fa, tak sa po\u010fme spolo\u010dne pozrie\u0165 na propoz\u00edcie pretekov a aj na to, \u010do si pre n\u00e1s pripravil organiz\u00e1tori.<\/span><\/p>\n<div id='gallery-1' class='gallery galleryid-20247 gallery-columns-2 gallery-size-full'><figure class='gallery-item'>\n\t\t\t<div class='gallery-icon landscape'>\n\t\t\t\t<a href='https:\/\/d2p6e6u75xmxt8.cloudfront.net\/4\/2025\/04\/02_RT_WLC.webp'><img loading=\"lazy\" decoding=\"async\" width=\"990\" height=\"660\" src=\"https:\/\/d2p6e6u75xmxt8.cloudfront.net\/4\/2025\/04\/02_RT_WLC.webp\" class=\"attachment-full size-full\" alt=\"\" srcset=\"https:\/\/d2p6e6u75xmxt8.cloudfront.net\/4\/2025\/04\/02_RT_WLC.webp 990w, https:\/\/d2p6e6u75xmxt8.cloudfront.net\/4\/2025\/04\/02_RT_WLC-300x200.webp 300w, https:\/\/d2p6e6u75xmxt8.cloudfront.net\/4\/2025\/04\/02_RT_WLC-768x512.webp 768w, https:\/\/d2p6e6u75xmxt8.cloudfront.net\/4\/2025\/04\/02_RT_WLC-400x267.webp 400w, https:\/\/d2p6e6u75xmxt8.cloudfront.net\/4\/2025\/04\/02_RT_WLC-272x182.webp 272w\" sizes=\"auto, (max-width: 990px) 100vw, 990px\" \/><\/a>\n\t\t\t<\/div><\/figure><figure class='gallery-item'>\n\t\t\t<div class='gallery-icon landscape'>\n\t\t\t\t<a href='https:\/\/d2p6e6u75xmxt8.cloudfront.net\/4\/2025\/04\/03_RT_WLC.webp'><img loading=\"lazy\" decoding=\"async\" width=\"990\" height=\"660\" src=\"https:\/\/d2p6e6u75xmxt8.cloudfront.net\/4\/2025\/04\/03_RT_WLC.webp\" class=\"attachment-full size-full\" alt=\"\" srcset=\"https:\/\/d2p6e6u75xmxt8.cloudfront.net\/4\/2025\/04\/03_RT_WLC.webp 990w, https:\/\/d2p6e6u75xmxt8.cloudfront.net\/4\/2025\/04\/03_RT_WLC-300x200.webp 300w, https:\/\/d2p6e6u75xmxt8.cloudfront.net\/4\/2025\/04\/03_RT_WLC-768x512.webp 768w, https:\/\/d2p6e6u75xmxt8.cloudfront.net\/4\/2025\/04\/03_RT_WLC-400x267.webp 400w, https:\/\/d2p6e6u75xmxt8.cloudfront.net\/4\/2025\/04\/03_RT_WLC-272x182.webp 272w\" sizes=\"auto, (max-width: 990px) 100vw, 990px\" \/><\/a>\n\t\t\t<\/div><\/figure>\n\t\t<\/div>\n\n<h2><strong>Registr\u00e1cia a \u0161tartovn\u00e9\u00a0<\/strong><\/h2>\n<p><span style=\"font-weight: 400;\">Zvykom u\u017e b\u00fdva <\/span><a href=\"https:\/\/www.bikepoint.sk\/maraton\/registracia\/\" target=\"_blank\" rel=\"noopener\"><span style=\"font-weight: 400;\">online registr\u00e1cia<\/span><\/a><span style=\"font-weight: 400;\"> so <strong>sumou \u0161tartovn\u00e9ho 33 eur do 4. m\u00e1ja.<\/strong> Nesk\u00f4r od 5. m\u00e1ja bude suma \u0161tartovn\u00e9ho 45 eur. Obsahom \u0161tartovn\u00e9ho je zabezpe\u010denie trat\u00ed, zdravotn\u00e1 starostlivos\u0165, \u0161tartovac\u00ed bal\u00ed\u010dek a program v z\u00e1zem\u00ed pretekov aj so \u0160koda Village.\u00a0<\/span><\/p>\n<p><img loading=\"lazy\" decoding=\"async\" class=\"alignnone size-full wp-image-20251\" src=\"https:\/\/d2p6e6u75xmxt8.cloudfront.net\/4\/2025\/04\/04_RT_WLC.webp\" alt=\"\" width=\"990\" height=\"660\" srcset=\"https:\/\/d2p6e6u75xmxt8.cloudfront.net\/4\/2025\/04\/04_RT_WLC.webp 990w, https:\/\/d2p6e6u75xmxt8.cloudfront.net\/4\/2025\/04\/04_RT_WLC-300x200.webp 300w, https:\/\/d2p6e6u75xmxt8.cloudfront.net\/4\/2025\/04\/04_RT_WLC-768x512.webp 768w, https:\/\/d2p6e6u75xmxt8.cloudfront.net\/4\/2025\/04\/04_RT_WLC-400x267.webp 400w, https:\/\/d2p6e6u75xmxt8.cloudfront.net\/4\/2025\/04\/04_RT_WLC-272x182.webp 272w\" sizes=\"auto, (max-width: 990px) 100vw, 990px\" \/><\/p>\n<h2><strong>Trate<\/strong><\/h2>\n<p><span style=\"font-weight: 400;\">Tento rok na v\u00e1s \u010dak\u00e1 men\u0161ia zmena pri tratiach. <strong>Najdlh\u0161ia trasa meria 70 kilometrov s prev\u00fd\u0161en\u00edm 2000 metrov a 4-kr\u00e1t bufet.<\/strong> Stredn\u00e1 pon\u00fakne 41 kilometrov, 2 bufety a 1100 v\u00fd\u0161kov\u00fdch metrov. Kr\u00e1tka tra\u0165 s\u00edce nesie n\u00e1zov Hobby, ale po zmene s porciou 29 kilometrov, 730 v\u00fd\u0161kov\u00fdch metrov \u2013 na tejto trase sa bude nach\u00e1dza\u0165 jeden bufet. Family tra\u0165 sa jemne skr\u00e1tila a pon\u00fakne pre rodi\u010dov s de\u0165mi 9,5 kilometra s prev\u00fd\u0161en\u00edm 170 metrov. Viac k tras\u00e1m n\u00e1jdete na <\/span><a href=\"https:\/\/www.bikepoint.sk\/maraton\/mapa-a-trate-maratonu\/\" target=\"_blank\" rel=\"noopener\"><span style=\"font-weight: 400;\">samostatnej str\u00e1nke<\/span><\/a><span style=\"font-weight: 400;\">.\u00a0<\/span><\/p>\n<div id='gallery-2' class='gallery galleryid-20247 gallery-columns-2 gallery-size-full'><figure class='gallery-item'>\n\t\t\t<div class='gallery-icon landscape'>\n\t\t\t\t<a href='https:\/\/d2p6e6u75xmxt8.cloudfront.net\/4\/2025\/04\/05_RT_WLC.webp'><img loading=\"lazy\" decoding=\"async\" width=\"990\" height=\"660\" src=\"https:\/\/d2p6e6u75xmxt8.cloudfront.net\/4\/2025\/04\/05_RT_WLC.webp\" class=\"attachment-full size-full\" alt=\"\" srcset=\"https:\/\/d2p6e6u75xmxt8.cloudfront.net\/4\/2025\/04\/05_RT_WLC.webp 990w, https:\/\/d2p6e6u75xmxt8.cloudfront.net\/4\/2025\/04\/05_RT_WLC-300x200.webp 300w, https:\/\/d2p6e6u75xmxt8.cloudfront.net\/4\/2025\/04\/05_RT_WLC-768x512.webp 768w, https:\/\/d2p6e6u75xmxt8.cloudfront.net\/4\/2025\/04\/05_RT_WLC-400x267.webp 400w, https:\/\/d2p6e6u75xmxt8.cloudfront.net\/4\/2025\/04\/05_RT_WLC-272x182.webp 272w\" sizes=\"auto, (max-width: 990px) 100vw, 990px\" \/><\/a>\n\t\t\t<\/div><\/figure><figure class='gallery-item'>\n\t\t\t<div class='gallery-icon landscape'>\n\t\t\t\t<a href='https:\/\/d2p6e6u75xmxt8.cloudfront.net\/4\/2025\/04\/06_RT_WLC.webp'><img loading=\"lazy\" decoding=\"async\" width=\"990\" height=\"660\" src=\"https:\/\/d2p6e6u75xmxt8.cloudfront.net\/4\/2025\/04\/06_RT_WLC.webp\" class=\"attachment-full size-full\" alt=\"\" srcset=\"https:\/\/d2p6e6u75xmxt8.cloudfront.net\/4\/2025\/04\/06_RT_WLC.webp 990w, https:\/\/d2p6e6u75xmxt8.cloudfront.net\/4\/2025\/04\/06_RT_WLC-300x200.webp 300w, https:\/\/d2p6e6u75xmxt8.cloudfront.net\/4\/2025\/04\/06_RT_WLC-768x512.webp 768w, https:\/\/d2p6e6u75xmxt8.cloudfront.net\/4\/2025\/04\/06_RT_WLC-400x267.webp 400w, https:\/\/d2p6e6u75xmxt8.cloudfront.net\/4\/2025\/04\/06_RT_WLC-272x182.webp 272w\" sizes=\"auto, (max-width: 990px) 100vw, 990px\" \/><\/a>\n\t\t\t<\/div><\/figure>\n\t\t<\/div>\n\n<h2><strong>Program pretekov<\/strong><\/h2>\n<p><span style=\"font-weight: 400;\">Prezent\u00e1cia bude prebieha\u0165 na recepcii hotela Laura Rajeck\u00e9 Teplice u\u017e v piatok 9. m\u00e1ja od 18:00 do 21:00 hodiny. V sobotu v de\u0148 pretekov bude prebieha\u0165 u\u017e od 7:00 a\u017e do 09:50 pre hobby tra\u0165.<\/span><\/p>\n<p><span style=\"font-weight: 400;\"><strong>Prv\u00fd v\u00fdstrel zaznie o 9:00 hodine pre najdlh\u0161iu marat\u00f3nsku tra\u0165.<\/strong> O 30 min\u00fat nesk\u00f4r bude nasledova\u0165 \u0161tart strednej trasy a kateg\u00f3ria E-bike od\u0161tartuje o 9:50 na strednej trase. \u010eal\u0161\u00ed pretek\u00e1ri sa vydaj\u00fa na hobby tra\u0165 o 10:00 hodine. Kateg\u00f3ria \u0160koda Family vyraz\u00ed o 10:15 a \u0161tart aj cie\u013e v\u0161etk\u00fdch z\u00fa\u010dastnen\u00fdch bude na k\u00fapalisku Laura v Rajeck\u00fdch Tepliciach.<\/span><\/p>\n<p><img loading=\"lazy\" decoding=\"async\" class=\"alignnone size-full wp-image-20254\" src=\"https:\/\/d2p6e6u75xmxt8.cloudfront.net\/4\/2025\/04\/07_RT_WLC.webp\" alt=\"\" width=\"990\" height=\"660\" srcset=\"https:\/\/d2p6e6u75xmxt8.cloudfront.net\/4\/2025\/04\/07_RT_WLC.webp 990w, https:\/\/d2p6e6u75xmxt8.cloudfront.net\/4\/2025\/04\/07_RT_WLC-300x200.webp 300w, https:\/\/d2p6e6u75xmxt8.cloudfront.net\/4\/2025\/04\/07_RT_WLC-768x512.webp 768w, https:\/\/d2p6e6u75xmxt8.cloudfront.net\/4\/2025\/04\/07_RT_WLC-400x267.webp 400w, https:\/\/d2p6e6u75xmxt8.cloudfront.net\/4\/2025\/04\/07_RT_WLC-272x182.webp 272w\" sizes=\"auto, (max-width: 990px) 100vw, 990px\" \/><\/p>\n<h2><strong>Z\u00e1zemie a cie\u013e pretekov<\/strong><\/h2>\n<p><span style=\"font-weight: 400;\">V cieli na v\u00e1s \u010dak\u00e1 ob\u010derstvenie a na v\u00fdber bude m\u00e4sit\u00e9 alebo bezm\u00e4sit\u00e9 jedlo. Samozrejmos\u0165ou bude mo\u017enos\u0165 um\u00fdvania bicyklov s ich n\u00e1slednou \u00faschovou a sprchy pre pretek\u00e1rov. <strong>Tradi\u010dn\u00fdm spestren\u00edm bud\u00fa v\u00fdstavn\u00e9 st\u00e1nky partnerov podujatia a nebude ch\u00fdba\u0165 ani z\u00f3na pre najmen\u0161\u00edch, ktor\u00fa zabezpe\u010d\u00ed gener\u00e1lny partner \u0160koda.<\/strong><\/span><\/p>\n<p><span style=\"font-weight: 400;\"> Te\u0161i\u0165 sa m\u00f4\u017eete aj na st\u00e1nky so \u0161portovou v\u00fd\u017eivou alebo oble\u010den\u00edm. Parkovanie bude zabezpe\u010den\u00e9 v okol\u00ed konania marat\u00f3nu. O 16:00 v\u00e1s \u010dak\u00e1 vyhodnotenie v\u00fdsledkov s ocenen\u00edm prv\u00fdch troch najlep\u0161\u00edch v ka\u017edej kateg\u00f3rii a pokra\u010dova\u0165 sa bude bohatou tombolou pre v\u0161etk\u00fdch \u00fa\u010dastn\u00edkov pretekov.\u00a0<\/span><\/p>\n<p><img loading=\"lazy\" decoding=\"async\" class=\"alignnone size-full wp-image-20255\" src=\"https:\/\/d2p6e6u75xmxt8.cloudfront.net\/4\/2025\/04\/08_RT_WLC.webp\" alt=\"\" width=\"990\" height=\"660\" srcset=\"https:\/\/d2p6e6u75xmxt8.cloudfront.net\/4\/2025\/04\/08_RT_WLC.webp 990w, https:\/\/d2p6e6u75xmxt8.cloudfront.net\/4\/2025\/04\/08_RT_WLC-300x200.webp 300w, https:\/\/d2p6e6u75xmxt8.cloudfront.net\/4\/2025\/04\/08_RT_WLC-768x512.webp 768w, https:\/\/d2p6e6u75xmxt8.cloudfront.net\/4\/2025\/04\/08_RT_WLC-400x267.webp 400w, https:\/\/d2p6e6u75xmxt8.cloudfront.net\/4\/2025\/04\/08_RT_WLC-272x182.webp 272w\" sizes=\"auto, (max-width: 990px) 100vw, 990px\" \/><\/p>\n<p><span style=\"font-weight: 400;\">Ur\u010dite sa aj na tomto podujat\u00ed stretnete s niektor\u00fdmi <\/span><a href=\"https:\/\/www.welovecycling.com\/sk\/2023\/03\/13\/skoda-bike-open-tour-2023-oslavuje-spolu-s-vami\/\" target=\"_blank\" rel=\"noopener\"><span style=\"font-weight: 400;\">ambas\u00e1dormi s\u00e9rie \u0160koda Bike Open Tour<\/span><\/a><span style=\"font-weight: 400;\">, nev\u00e1hajte sa preto registrova\u0165 a zapoji\u0165 sa do s\u00fa\u0165a\u017ee v marat\u00f3nskej s\u00e9rii. <strong>Sta\u010d\u00ed sa z\u00fa\u010dastni\u0165 aspo\u0148 2 k\u00f4l a ste automatick\u00fd zaraden\u00fd o s\u00fa\u0165a\u017e \u0160koda Elroq na polroq.\u00a0<\/strong><\/span><\/p>\n","protected":false},"excerpt":{"rendered":"<p>Ak nechcete vynecha\u0165 ani jedno kolo s\u00e9rie, je tu 9. ro\u010dn\u00edk marat\u00f3nu v Rajeck\u00fdch Tepliciach pre cel\u00fa rodinu.\u00a0<\/p>\n","protected":false},"author":172,"featured_media":20248,"comment_status":"closed","ping_status":"closed","sticky":false,"template":"","format":"standard","meta":{"footnotes":""},"categories":[33],"tags":[619,546,180,532,178,767,412,931,37,91,179,474,542,35,523,318],"global-categories":[1074],"class_list":["post-20247","post","type-post","status-publish","format-standard","has-post-thumbnail","hentry","category-sbot","tag-bicyklovanie","tag-cyklistika","tag-horska-cyklistika","tag-jazdenie","tag-maraton","tag-motivacia","tag-mtb","tag-odporucame","tag-podujatia","tag-pozvanka","tag-preteky","tag-rodinny-maraton","tag-skoda","tag-sbot","tag-slovensko","tag-vyjazd","global-categories-cycling"],"yoast_head":"<!-- This site is optimized with the Yoast SEO Premium plugin v25.3 (Yoast SEO v25.9) - https:\/\/yoast.com\/wordpress\/plugins\/seo\/ -->\n<title>Pozv\u00e1nka: \u0160koda MTB Marat\u00f3n Rajeck\u00e9 Teplice<\/title>\n<meta name=\"description\" content=\"Ak nechcete vynecha\u0165 ani jedno kolo s\u00e9rie, je tu 9. ro\u010dn\u00edk marat\u00f3nu v Rajeck\u00fdch Tepliciach pre cel\u00fa rodinu.\u00a0\" \/>\n<meta name=\"robots\" content=\"index, follow, max-snippet:-1, max-image-preview:large, max-video-preview:-1\" \/>\n<link rel=\"canonical\" href=\"https:\/\/www.welovecycling.com\/sk\/2025\/04\/17\/pozvanka-skoda-mtb-maraton-rajecke-teplice-dalsie-kolo-pri-ziline\/\" \/>\n<meta property=\"og:locale\" content=\"sk_SK\" \/>\n<meta property=\"og:type\" content=\"article\" \/>\n<meta property=\"og:title\" content=\"Pozv\u00e1nka: \u0160koda MTB Marat\u00f3n Rajeck\u00e9 Teplice \u2013 \u010fal\u0161ie kolo pri \u017diline\" \/>\n<meta property=\"og:description\" content=\"Ak nechcete vynecha\u0165 ani jedno kolo s\u00e9rie, je tu 9. ro\u010dn\u00edk marat\u00f3nu v Rajeck\u00fdch Tepliciach pre cel\u00fa rodinu.\u00a0\" \/>\n<meta property=\"og:url\" content=\"https:\/\/www.welovecycling.com\/sk\/2025\/04\/17\/pozvanka-skoda-mtb-maraton-rajecke-teplice-dalsie-kolo-pri-ziline\/\" \/>\n<meta property=\"og:site_name\" content=\"\u0160koda We Love Cycling Slovensko\" \/>\n<meta property=\"article:published_time\" content=\"2025-04-17T09:00:50+00:00\" \/>\n<meta property=\"og:image\" content=\"https:\/\/d2p6e6u75xmxt8.cloudfront.net\/4\/2025\/04\/01_RT_WLC.webp\" \/>\n\t<meta property=\"og:image:width\" content=\"990\" \/>\n\t<meta property=\"og:image:height\" content=\"660\" \/>\n\t<meta property=\"og:image:type\" content=\"image\/webp\" \/>\n<meta name=\"author\" content=\"dominika\" \/>\n<meta name=\"twitter:card\" content=\"summary_large_image\" \/>\n<meta name=\"twitter:label1\" content=\"Written by\" \/>\n\t<meta name=\"twitter:data1\" content=\"We Love Cycling\" \/>\n\t<meta name=\"twitter:label2\" content=\"Est. reading time\" \/>\n\t<meta name=\"twitter:data2\" content=\"2\" \/>\n<script type=\"application\/ld+json\" class=\"yoast-schema-graph\">{\"@context\":\"https:\/\/schema.org\",\"@graph\":[{\"@type\":\"WebPage\",\"@id\":\"https:\/\/www.welovecycling.com\/sk\/2025\/04\/17\/pozvanka-skoda-mtb-maraton-rajecke-teplice-dalsie-kolo-pri-ziline\/\",\"url\":\"https:\/\/www.welovecycling.com\/sk\/2025\/04\/17\/pozvanka-skoda-mtb-maraton-rajecke-teplice-dalsie-kolo-pri-ziline\/\",\"name\":\"Pozv\u00e1nka: \u0160koda MTB Marat\u00f3n Rajeck\u00e9 Teplice\",\"isPartOf\":{\"@id\":\"https:\/\/www.welovecycling.com\/sk\/#website\"},\"primaryImageOfPage\":{\"@id\":\"https:\/\/www.welovecycling.com\/sk\/2025\/04\/17\/pozvanka-skoda-mtb-maraton-rajecke-teplice-dalsie-kolo-pri-ziline\/#primaryimage\"},\"image\":{\"@id\":\"https:\/\/www.welovecycling.com\/sk\/2025\/04\/17\/pozvanka-skoda-mtb-maraton-rajecke-teplice-dalsie-kolo-pri-ziline\/#primaryimage\"},\"thumbnailUrl\":\"https:\/\/d2p6e6u75xmxt8.cloudfront.net\/4\/2025\/04\/01_RT_WLC.webp\",\"datePublished\":\"2025-04-17T09:00:50+00:00\",\"author\":{\"@id\":\"https:\/\/www.welovecycling.com\/sk\/#\/schema\/person\/533b62b98b6c41bd5135ebfb1f742624\"},\"description\":\"Ak nechcete vynecha\u0165 ani jedno kolo s\u00e9rie, je tu 9. ro\u010dn\u00edk marat\u00f3nu v Rajeck\u00fdch Tepliciach pre cel\u00fa rodinu.\u00a0\",\"breadcrumb\":{\"@id\":\"https:\/\/www.welovecycling.com\/sk\/2025\/04\/17\/pozvanka-skoda-mtb-maraton-rajecke-teplice-dalsie-kolo-pri-ziline\/#breadcrumb\"},\"inLanguage\":\"sk-SK\",\"potentialAction\":[{\"@type\":\"ReadAction\",\"target\":[\"https:\/\/www.welovecycling.com\/sk\/2025\/04\/17\/pozvanka-skoda-mtb-maraton-rajecke-teplice-dalsie-kolo-pri-ziline\/\"]}]},{\"@type\":\"ImageObject\",\"inLanguage\":\"sk-SK\",\"@id\":\"https:\/\/www.welovecycling.com\/sk\/2025\/04\/17\/pozvanka-skoda-mtb-maraton-rajecke-teplice-dalsie-kolo-pri-ziline\/#primaryimage\",\"url\":\"https:\/\/d2p6e6u75xmxt8.cloudfront.net\/4\/2025\/04\/01_RT_WLC.webp\",\"contentUrl\":\"https:\/\/d2p6e6u75xmxt8.cloudfront.net\/4\/2025\/04\/01_RT_WLC.webp\",\"width\":990,\"height\":660},{\"@type\":\"BreadcrumbList\",\"@id\":\"https:\/\/www.welovecycling.com\/sk\/2025\/04\/17\/pozvanka-skoda-mtb-maraton-rajecke-teplice-dalsie-kolo-pri-ziline\/#breadcrumb\",\"itemListElement\":[{\"@type\":\"ListItem\",\"position\":1,\"name\":\"Home\",\"item\":\"https:\/\/www.welovecycling.com\/sk\/\"},{\"@type\":\"ListItem\",\"position\":2,\"name\":\"Pozv\u00e1nka: \u0160koda MTB Marat\u00f3n Rajeck\u00e9 Teplice \u2013 \u010fal\u0161ie kolo pri \u017diline\"}]},{\"@type\":\"WebSite\",\"@id\":\"https:\/\/www.welovecycling.com\/sk\/#website\",\"url\":\"https:\/\/www.welovecycling.com\/sk\/\",\"name\":\"\u0160koda We Love Cycling Slovensko\",\"description\":\"\u0160koda We Love Cycling Slovensko je v\u00e1\u0161 ka\u017edodenn\u00fd zdroj noviniek a in\u0161pir\u00e1cie z sveta cyklistiky\",\"potentialAction\":[{\"@type\":\"SearchAction\",\"target\":{\"@type\":\"EntryPoint\",\"urlTemplate\":\"https:\/\/www.welovecycling.com\/sk\/?s={search_term_string}\"},\"query-input\":{\"@type\":\"PropertyValueSpecification\",\"valueRequired\":true,\"valueName\":\"search_term_string\"}}],\"inLanguage\":\"sk-SK\"},{\"@type\":\"Person\",\"@id\":\"https:\/\/www.welovecycling.com\/sk\/#\/schema\/person\/533b62b98b6c41bd5135ebfb1f742624\",\"name\":\"dominika\",\"image\":{\"@type\":\"ImageObject\",\"inLanguage\":\"sk-SK\",\"@id\":\"https:\/\/www.welovecycling.com\/sk\/#\/schema\/person\/image\/\",\"url\":\"https:\/\/secure.gravatar.com\/avatar\/ded6f274ba2ec3e17fff153f7d9d96a4b33c2cb63907f75d9a5309c599a7f3e6?s=96&d=mm&r=g\",\"contentUrl\":\"https:\/\/secure.gravatar.com\/avatar\/ded6f274ba2ec3e17fff153f7d9d96a4b33c2cb63907f75d9a5309c599a7f3e6?s=96&d=mm&r=g\",\"caption\":\"dominika\"},\"url\":\"https:\/\/www.welovecycling.com\/sk\/author\/dominika\/\"}]}<\/script>\n<!-- \/ Yoast SEO Premium plugin. -->","yoast_head_json":{"title":"Pozv\u00e1nka: \u0160koda MTB Marat\u00f3n Rajeck\u00e9 Teplice","description":"Ak nechcete vynecha\u0165 ani jedno kolo s\u00e9rie, je tu 9. ro\u010dn\u00edk marat\u00f3nu v Rajeck\u00fdch Tepliciach pre cel\u00fa rodinu.\u00a0","robots":{"index":"index","follow":"follow","max-snippet":"max-snippet:-1","max-image-preview":"max-image-preview:large","max-video-preview":"max-video-preview:-1"},"canonical":"https:\/\/www.welovecycling.com\/sk\/2025\/04\/17\/pozvanka-skoda-mtb-maraton-rajecke-teplice-dalsie-kolo-pri-ziline\/","og_locale":"sk_SK","og_type":"article","og_title":"Pozv\u00e1nka: \u0160koda MTB Marat\u00f3n Rajeck\u00e9 Teplice \u2013 \u010fal\u0161ie kolo pri \u017diline","og_description":"Ak nechcete vynecha\u0165 ani jedno kolo s\u00e9rie, je tu 9. ro\u010dn\u00edk marat\u00f3nu v Rajeck\u00fdch Tepliciach pre cel\u00fa rodinu.\u00a0","og_url":"https:\/\/www.welovecycling.com\/sk\/2025\/04\/17\/pozvanka-skoda-mtb-maraton-rajecke-teplice-dalsie-kolo-pri-ziline\/","og_site_name":"\u0160koda We Love Cycling Slovensko","article_published_time":"2025-04-17T09:00:50+00:00","og_image":[{"width":990,"height":660,"url":"https:\/\/d2p6e6u75xmxt8.cloudfront.net\/4\/2025\/04\/01_RT_WLC.webp","type":"image\/webp"}],"author":"dominika","twitter_card":"summary_large_image","twitter_misc":{"Written by":"We Love Cycling","Est. reading time":"2"},"schema":{"@context":"https:\/\/schema.org","@graph":[{"@type":"WebPage","@id":"https:\/\/www.welovecycling.com\/sk\/2025\/04\/17\/pozvanka-skoda-mtb-maraton-rajecke-teplice-dalsie-kolo-pri-ziline\/","url":"https:\/\/www.welovecycling.com\/sk\/2025\/04\/17\/pozvanka-skoda-mtb-maraton-rajecke-teplice-dalsie-kolo-pri-ziline\/","name":"Pozv\u00e1nka: \u0160koda MTB Marat\u00f3n Rajeck\u00e9 Teplice","isPartOf":{"@id":"https:\/\/www.welovecycling.com\/sk\/#website"},"primaryImageOfPage":{"@id":"https:\/\/www.welovecycling.com\/sk\/2025\/04\/17\/pozvanka-skoda-mtb-maraton-rajecke-teplice-dalsie-kolo-pri-ziline\/#primaryimage"},"image":{"@id":"https:\/\/www.welovecycling.com\/sk\/2025\/04\/17\/pozvanka-skoda-mtb-maraton-rajecke-teplice-dalsie-kolo-pri-ziline\/#primaryimage"},"thumbnailUrl":"https:\/\/d2p6e6u75xmxt8.cloudfront.net\/4\/2025\/04\/01_RT_WLC.webp","datePublished":"2025-04-17T09:00:50+00:00","author":{"@id":"https:\/\/www.welovecycling.com\/sk\/#\/schema\/person\/533b62b98b6c41bd5135ebfb1f742624"},"description":"Ak nechcete vynecha\u0165 ani jedno kolo s\u00e9rie, je tu 9. ro\u010dn\u00edk marat\u00f3nu v Rajeck\u00fdch Tepliciach pre cel\u00fa rodinu.\u00a0","breadcrumb":{"@id":"https:\/\/www.welovecycling.com\/sk\/2025\/04\/17\/pozvanka-skoda-mtb-maraton-rajecke-teplice-dalsie-kolo-pri-ziline\/#breadcrumb"},"inLanguage":"sk-SK","potentialAction":[{"@type":"ReadAction","target":["https:\/\/www.welovecycling.com\/sk\/2025\/04\/17\/pozvanka-skoda-mtb-maraton-rajecke-teplice-dalsie-kolo-pri-ziline\/"]}]},{"@type":"ImageObject","inLanguage":"sk-SK","@id":"https:\/\/www.welovecycling.com\/sk\/2025\/04\/17\/pozvanka-skoda-mtb-maraton-rajecke-teplice-dalsie-kolo-pri-ziline\/#primaryimage","url":"https:\/\/d2p6e6u75xmxt8.cloudfront.net\/4\/2025\/04\/01_RT_WLC.webp","contentUrl":"https:\/\/d2p6e6u75xmxt8.cloudfront.net\/4\/2025\/04\/01_RT_WLC.webp","width":990,"height":660},{"@type":"BreadcrumbList","@id":"https:\/\/www.welovecycling.com\/sk\/2025\/04\/17\/pozvanka-skoda-mtb-maraton-rajecke-teplice-dalsie-kolo-pri-ziline\/#breadcrumb","itemListElement":[{"@type":"ListItem","position":1,"name":"Home","item":"https:\/\/www.welovecycling.com\/sk\/"},{"@type":"ListItem","position":2,"name":"Pozv\u00e1nka: \u0160koda MTB Marat\u00f3n Rajeck\u00e9 Teplice \u2013 \u010fal\u0161ie kolo pri \u017diline"}]},{"@type":"WebSite","@id":"https:\/\/www.welovecycling.com\/sk\/#website","url":"https:\/\/www.welovecycling.com\/sk\/","name":"\u0160koda We Love Cycling Slovensko","description":"\u0160koda We Love Cycling Slovensko je v\u00e1\u0161 ka\u017edodenn\u00fd zdroj noviniek a in\u0161pir\u00e1cie z sveta cyklistiky","potentialAction":[{"@type":"SearchAction","target":{"@type":"EntryPoint","urlTemplate":"https:\/\/www.welovecycling.com\/sk\/?s={search_term_string}"},"query-input":{"@type":"PropertyValueSpecification","valueRequired":true,"valueName":"search_term_string"}}],"inLanguage":"sk-SK"},{"@type":"Person","@id":"https:\/\/www.welovecycling.com\/sk\/#\/schema\/person\/533b62b98b6c41bd5135ebfb1f742624","name":"dominika","image":{"@type":"ImageObject","inLanguage":"sk-SK","@id":"https:\/\/www.welovecycling.com\/sk\/#\/schema\/person\/image\/","url":"https:\/\/secure.gravatar.com\/avatar\/ded6f274ba2ec3e17fff153f7d9d96a4b33c2cb63907f75d9a5309c599a7f3e6?s=96&d=mm&r=g","contentUrl":"https:\/\/secure.gravatar.com\/avatar\/ded6f274ba2ec3e17fff153f7d9d96a4b33c2cb63907f75d9a5309c599a7f3e6?s=96&d=mm&r=g","caption":"dominika"},"url":"https:\/\/www.welovecycling.com\/sk\/author\/dominika\/"}]}},"_links":{"self":[{"href":"https:\/\/www.welovecycling.com\/sk\/wp-json\/wp\/v2\/posts\/20247","targetHints":{"allow":["GET"]}}],"collection":[{"href":"https:\/\/www.welovecycling.com\/sk\/wp-json\/wp\/v2\/posts"}],"about":[{"href":"https:\/\/www.welovecycling.com\/sk\/wp-json\/wp\/v2\/types\/post"}],"author":[{"embeddable":true,"href":"https:\/\/www.welovecycling.com\/sk\/wp-json\/wp\/v2\/users\/172"}],"replies":[{"embeddable":true,"href":"https:\/\/www.welovecycling.com\/sk\/wp-json\/wp\/v2\/comments?post=20247"}],"version-history":[{"count":2,"href":"https:\/\/www.welovecycling.com\/sk\/wp-json\/wp\/v2\/posts\/20247\/revisions"}],"predecessor-version":[{"id":20257,"href":"https:\/\/www.welovecycling.com\/sk\/wp-json\/wp\/v2\/posts\/20247\/revisions\/20257"}],"wp:featuredmedia":[{"embeddable":true,"href":"https:\/\/www.welovecycling.com\/sk\/wp-json\/wp\/v2\/media\/20248"}],"wp:attachment":[{"href":"https:\/\/www.welovecycling.com\/sk\/wp-json\/wp\/v2\/media?parent=20247"}],"wp:term":[{"taxonomy":"category","embeddable":true,"href":"https:\/\/www.welovecycling.com\/sk\/wp-json\/wp\/v2\/categories?post=20247"},{"taxonomy":"post_tag","embeddable":true,"href":"https:\/\/www.welovecycling.com\/sk\/wp-json\/wp\/v2\/tags?post=20247"},{"taxonomy":"global-categories","embeddable":true,"href":"https:\/\/www.welovecycling.com\/sk\/wp-json\/wp\/v2\/global-categories?post=20247"}],"curies":[{"name":"wp","href":"https:\/\/api.w.org\/{rel}","templated":true}]}}