{"id":20238,"date":"2025-04-15T12:00:35","date_gmt":"2025-04-15T10:00:35","guid":{"rendered":"https:\/\/www.welovecycling.com\/sk\/?p=20238"},"modified":"2025-04-15T10:57:19","modified_gmt":"2025-04-15T08:57:19","slug":"ako-neskladovat-svoj-bicykel","status":"publish","type":"post","link":"https:\/\/www.welovecycling.com\/sk\/2025\/04\/15\/ako-neskladovat-svoj-bicykel\/","title":{"rendered":"Ako NEskladova\u0165 svoj bicykel"},"content":{"rendered":"<p><strong>Cyklisti dok\u00e1\u017eu by\u0165 prec\u00edzni v mnoh\u00fdch veciach \u2013 v tr\u00e9ningov\u00fdch pl\u00e1noch, vo v\u00fd\u017eive, na milimeter presnom nastaven\u00ed v\u00fd\u0161ky sedla\u2026 Ale ke\u010f pr\u00edde na uskladnenie ich bicykla? To je chaos. Niektor\u00ed \u013eudia sa k svojmu bicyklu spr\u00e1vaj\u00fa ako k neocenite\u013en\u00e9mu umeleck\u00e9mu dielu, ktor\u00e9 starostlivo vystavuj\u00fa v klimatizovanej sv\u00e4tyni, zatia\u013e \u010do in\u00ed sa k nemu spr\u00e1vaj\u00fa ako k starej kosa\u010dke na tr\u00e1vu a a\u017e do \u010fal\u0161ej jazdy nechaj\u00fa opret\u00fd niekde v tmavom vlhkom k\u00fate.<\/strong><\/p>\n<p><!--more--><\/p>\n<p><span style=\"font-weight: 400;\">Samozrejme, existuje spr\u00e1vny sp\u00f4sob uskladnenia bicykla, ale existuje aj mnoho nespr\u00e1vnych sp\u00f4sobov. Ak je va\u0161\u00edm cie\u013eom skr\u00e1ti\u0165 \u017eivotnos\u0165 v\u00e1\u0161ho bicykla, zabezpe\u010di\u0165 mu drah\u00e9 opravy a necha\u0165 ho vyd\u00e1va\u0165 tak\u00e9 zvuky, pri ktor\u00fdch mechanici kr\u00fatia hlavami, toto s\u00fa najlep\u0161ie sp\u00f4soby, ako to docieli\u0165.<\/span><\/p>\n<h2><strong>Nechajte ho na dvore<\/strong><\/h2>\n<p><span style=\"font-weight: 400;\">Som si ist\u00fd, \u017ee ve\u013emi dobre viete, ak\u00e9 nevhodn\u00e9 je toto miesto a ur\u010dite by sme ho nemali vynecha\u0165. <strong>Nem\u00e1te predsa dvan\u00e1s\u0165 rokov a viete, \u017ee v\u00e1\u0161 bicykel nestoj\u00ed to\u013eko \u010do dve zmrzliny a \u010dokol\u00e1da.<\/strong> Tak\u017ee necha\u0165 bike len tak pohoden\u00fd na dvore bez starostlivosti, to sa ur\u010dite neskon\u010d\u00ed dobre.<\/span><\/p>\n<p><span style=\"font-weight: 400;\">V prvom rade, pr\u00edroda si d\u00e1 v\u00e1\u0161 bicykel na ra\u0148ajky. D\u00e1\u017e\u010f, prach, sneh, po\u0161kodenie sp\u00f4soben\u00e9 UV \u017eiaren\u00edm, \u013ead a ve\u013ea zvieratiek, ktor\u00e9 si u\u017e br\u00fasia zuby na va\u0161e lank\u00e1 a pneumatiky. Okrem toho m\u00f4\u017eete z\u00edska\u0165 p\u00e4\u0165 hviezdi\u010diek na Insect Advisor za vynikaj\u00faci hotel pre hmyz, ktor\u00fd ste vytvorili tak, \u017ee jednoducho nech\u00e1te svoj bicykel vonku. <\/span><\/p>\n<p><span style=\"font-weight: 400;\">Po va\u0161om r\u00e1me bude ve\u013ek\u00fd dopyt, bu\u010fte si ist\u00ed. Bohu\u017eia\u013e, najpravdepodobnej\u0161\u00edm n\u00e1jomcom tejto prvotriednej nehnute\u013enosti bud\u00fa osy alebo sr\u0161ne. Tak \u010di onak, nie je to ide\u00e1lny stav, ak chcete op\u00e4\u0165 jazdi\u0165 na bicykli&#8230; Nikdy. <strong>V\u00e1\u0161 bicykel si zasl\u00fa\u017ei nie\u010do lep\u0161ie a vy to viete.<\/strong><\/span><\/p>\n<h2><strong>Odlo\u017ete ho bez \u010distenia<\/strong><\/h2>\n<p><span style=\"font-weight: 400;\">Mo\u017eno si mysl\u00edte, \u017ee \u010distenie bicykla po jazde je zbyto\u010dn\u00e1 extravagancia. <strong>Pre\u010do str\u00e1ca\u0165 \u010das drhnut\u00edm blata z r\u00e1mu, ke\u010f ho m\u00f4\u017eete necha\u0165 vyschn\u00fa\u0165 a ono sa za\u010dne prirodzene odlupova\u0165?<\/strong> Pre\u010do odmas\u0165ova\u0165 re\u0165az, ke\u010f m\u00f4\u017eete na \u0161pinu prida\u0165 e\u0161te viac oleja?<\/span><\/p>\n<p><span style=\"font-weight: 400;\">No, v skuto\u010dnosti existuje nieko\u013eko d\u00f4vodov. Aby sme si to vysvetlili, \u0161pina a prach s\u00fa v podstate mal\u00e9 \u010diasto\u010dky br\u00fasneho papiera, ktor\u00e9 sa pomaly dost\u00e1vaj\u00fa do v\u0161etk\u00fdch pohybliv\u00fdch \u010dast\u00ed. Ak ich nekontrolujete, rozdrvia v\u00e1\u0161 pohon, opotrebuj\u00fa v\u00e1m ozuben\u00e9 kolieska a nakoniec premenia va\u0161e jazdenie na nepredv\u00eddate\u013en\u00fa horsk\u00fa dr\u00e1hu z no\u010dnej mory.<\/span><\/p>\n<p><span style=\"font-weight: 400;\">Nechod\u00edte spa\u0165 so zablaten\u00fdmi nohami a prachom na tv\u00e1ri, v\u0161ak? Pre\u010do si teda mysl\u00edte, \u017ee necha\u0165 svoj bicykel takto je v poriadku, dokonca aj na noc? Venujte \u010fal\u0161iu polhodinu vy\u010disteniu a namazaniu bicykla. <strong>Poskytol v\u00e1m cel\u00fd de\u0148 z\u00e1bavy a ur\u010dite si m\u00f4\u017eete vy\u010dleni\u0165 pribli\u017ene 30 min\u00fat na to, aby ste svoj bicykel poriadne umyli.<\/strong><\/span><\/p>\n<figure id=\"attachment_13703\" aria-describedby=\"caption-attachment-13703\" style=\"width: 900px\" class=\"wp-caption alignnone\"><a href=\"https:\/\/d2p6e6u75xmxt8.cloudfront.net\/4\/2022\/01\/Cleaning-bike-in-the-shower-CVR.webp\"><img loading=\"lazy\" decoding=\"async\" class=\"wp-image-13703 size-full\" src=\"https:\/\/d2p6e6u75xmxt8.cloudfront.net\/4\/2022\/01\/Cleaning-bike-in-the-shower-CVR.webp\" alt=\"Bicycle cleaning\" width=\"900\" height=\"600\" \/><\/a><figcaption id=\"caption-attachment-13703\" class=\"wp-caption-text\"><span style=\"font-weight: 400;\">Ur\u010dite si n\u00e1jdite \u010das na poriadne umytie bicykla.<\/span><\/figcaption><\/figure>\n<h2><strong>Skladujte ho v kufri auta<\/strong><\/h2>\n<p><span style=\"font-weight: 400;\">Na prv\u00fd poh\u013ead to vyzer\u00e1 ako geni\u00e1lny n\u00e1pad. Pre\u010do skladova\u0165 bicykel inde, ke\u010f m\u00f4\u017ee by\u0165 v\u017edy pripraven\u00fd v kufri? <strong>Netreba str\u00e1ca\u0165 drahocenn\u00fd \u010das nakladan\u00edm pred jazdou \u2013 u\u017e je tam!<\/strong> A\u017e na to, \u017ee dr\u017ea\u0165 bicykel v zadnej \u010dasti auta je najr\u00fdchlej\u0161\u00ed sp\u00f4sob, ako zni\u010di\u0165 bicykel aj vozidlo.<\/span><\/p>\n<p><span style=\"font-weight: 400;\">Sedeli ste niekedy na ko\u017eenej autoseda\u010dke, ktor\u00e1 sa cel\u00e9 hodiny vyhrievala na slnku? Teraz si predstavte, \u010do tak\u00e1to teplota rob\u00ed s va\u0161imi pl\u00e1\u0161\u0165ami, brzdovou kvapalinou a gumov\u00fdmi tesneniami. Dlhodob\u00e9 vystavenie teplu z va\u0161ich pl\u00e1\u0161\u0165ov urob\u00ed nie\u010do, \u010do pripom\u00edna nadmerne pou\u017e\u00edvan\u00fa \u017euva\u010dku. To ist\u00e9 plat\u00ed pre va\u0161e sedlo \u2013 ak m\u00e1te radi pop\u00e1leniny tretieho stup\u0148a, toto je skvel\u00e1 met\u00f3da ako na ne.<\/span><\/p>\n<p><span style=\"font-weight: 400;\">N\u00edzke teploty s\u00fa rovnako nemilosrdn\u00e9. Ak nech\u00e1te bicykel v zime v aute, va\u0161e odpru\u017eenie stuhne, hydraulick\u00e9 brzdy bud\u00fa \u0161pongiov\u00e9 a v\u00e1\u0161 r\u00e1m bude chladnej\u0161\u00ed ako va\u0161a motiv\u00e1cia jazdi\u0165 v m\u00ednusov\u00fdch teplot\u00e1ch.<\/span><\/p>\n<p><span style=\"font-weight: 400;\">A potom je tu klepanie. <strong>V\u00e1\u0161 bicykel, bez oh\u013eadu na to, ako dobre je uchyten\u00fd, sa bude pos\u00fava\u0165 zaka\u017ed\u00fdm, ke\u010f zato\u010d\u00edte alebo zabrzd\u00edte, \u010d\u00edm sa nen\u00e1padne po\u0161kodzuje v\u00e1\u0161 pohon.<\/strong> Ten \u201etajomn\u00fd hluk\u201c, ktor\u00fd po\u010dujete o t\u00fd\u017edne nesk\u00f4r? To je form\u00e1lna s\u0165a\u017enos\u0165 va\u0161ej prehadzova\u010dky.<\/span><\/p>\n<h2><strong>Pridajte ho do hromady v gar\u00e1\u017ei\u00a0<\/strong><\/h2>\n<p><span style=\"font-weight: 400;\">Niektor\u00ed \u013eudia maj\u00fa gar\u00e1\u017ee, ktor\u00e9 funguj\u00fa ako dobre organizovan\u00e9 cyklistick\u00e9 \u00fato\u010disk\u00e1. In\u00ed maj\u00fa gar\u00e1\u017ee, ktor\u00e9 vyzeraj\u00fa ako v\u00fdbuch tovaru v second hande. Ak je v\u00e1\u0161 bicykel niekde v tom druhom, napoly zahraban\u00fd pod viano\u010dn\u00fdmi ozdobami, star\u00fdm n\u00e1bytkom a be\u017eeck\u00fdm p\u00e1som z roku 2007, gratulujeme \u2013 akt\u00edvne prispievate k jeho pomal\u00e9mu z\u00e1niku. <strong>Bicykle nie s\u00fa odkladacie stojany, no \u010dasto kon\u010dia ako podpora p\u00f4sobiv\u00e9ho sortimentu dom\u00e1ceho odpadu.<\/strong> Ak nech\u00e1te svoj bicykel takto, jeho koles\u00e1 sa nevyhnutne premenia na avantgardn\u00fd obraz Salvadora Dal\u00ed.<\/span><\/p>\n<p><span style=\"font-weight: 400;\">Okrem toho, ako by ste sa mali dosta\u0165 k svojmu bicyklu? Vyber\u00e1te v\u0161etko, aby ste to po vytiahnut\u00ed bicykla mohli da\u0165 sp\u00e4\u0165? Alebo je bicykel vyhoden\u00fd na vrchole kopy? Aspo\u0148 to druh\u00e9 nepo\u0161kod\u00ed va\u0161e koles\u00e1. Po\u0161kod\u00ed to v\u0161ak va\u0161u prehadzova\u010dku a je pravdepodobn\u00e9, \u017ee sa va\u0161e lank\u00e1 pok\u00fasia vzia\u0165 so sebou cel\u00fa hromadu. Je teda pravdepodobn\u00e9, \u017ee si pred ka\u017edou jazdou budete musie\u0165 k\u00fapi\u0165 nov\u00fa sadu laniek a k\u00e1blov. Pote\u0161uj\u00face, v\u0161ak?<\/span><\/p>\n<h2><strong>Ho\u010fte ho do pivnice<\/strong><\/h2>\n<p><span style=\"font-weight: 400;\">Na ulo\u017een\u00ed bicykla v pivnici nie je ni\u010d zl\u00e9. <strong>Av\u0161ak len tak hodi\u0165 ho dovn\u00fatra a myslie\u0165 si, \u017ee je to v poriadku, je jednoducho smie\u0161ne.<\/strong><\/span><\/p>\n<p><span style=\"font-weight: 400;\">Vlhkos\u0165 je, samozrejme, v\u00e1\u0161 najv\u00e4\u010d\u0161\u00ed nepriate\u013e. Ale aj ke\u010f sa v\u00e1m podar\u00ed zabezpe\u010di\u0165, aby bol v\u00e1\u0161 bicykel na suchom mieste bez r\u00fdchlo sa meniacich tepl\u00f4t, je to len polovica snahy. V\u0161etko, \u010do mus\u00edte urobi\u0165, je zabezpe\u010di\u0165, aby si z neho pav\u00faky neurobili svoj domov, prach sa ho nepok\u00fasil pochova\u0165 ako r\u00edmsku vilu a aby nespadol a nerozbil v\u0161etko okolo.<\/span><\/p>\n<p><span style=\"font-weight: 400;\"><strong>In\u00fdmi slovami, uistite sa, \u017ee v\u00e1\u0161 bicykel m\u00e1 vyhraden\u00e9 miesto, kde nebude trpie\u0165 \u017eivlami ani hmyzom.<\/strong> Jednoduch\u00fd obal nastriekan\u00fd repelentom proti pav\u00fakom (ktor\u00fd by ste mali aplikova\u0165 ka\u017ed\u00e9 3 mesiace) a n\u00e1stenn\u00fd ve\u0161iak alebo stojan to vyrie\u0161ia.<\/span><\/p>\n<h2><strong>Stropn\u00e9 ve\u0161iaky len tak hocikde<\/strong><\/h2>\n<p><span style=\"font-weight: 400;\">Zavesenie bicykla pod strop znie ako vynikaj\u00faci a priestor \u0161etriaci tip. A je to tak. V skuto\u010dnosti je ve\u013ea miest, kde je zavesenie bicykla na strop skvel\u00fdm rie\u0161en\u00edm.<strong> Na druhej strane je rovnako ve\u013ea miest, ktor\u00e9 m\u00f4\u017eu ohrozi\u0165 v\u00e1\u0161 \u017eivot.<\/strong><\/span><\/p>\n<p><span style=\"font-weight: 400;\">Napr\u00edklad bez oh\u013eadu na to, ako dobre si po ka\u017edej jazde vy\u010dist\u00edte bicykel, umiestnenie nad jed\u00e1lensk\u00fd st\u00f4l je trochu nechutn\u00e9. Tie\u017e umiestnenie nad poste\u013e je trochu divn\u00e9. \u010co sa stane, ak sp\u00edte a ve\u0161iaky sa jednoducho zlomia alebo uvo\u013enia? \u00c1no, toto nie je bud\u00ed\u010dek, ktor\u00fd by si niekto \u017eelal za\u017ei\u0165.<\/span><\/p>\n<p><span style=\"font-weight: 400;\"><strong>Tak\u017ee aj ke\u010f je stropn\u00fd ve\u0161iak dobr\u00fd n\u00e1pad, mali by ste zv\u00e1\u017ei\u0165, kam ho umiestni\u0165.<\/strong> V\u0161ade, kde to na v\u00e1s m\u00f4\u017ee spadn\u00fa\u0165, je zl\u00fd n\u00e1pad. Vlastne kdeko\u013evek, kde m\u00f4\u017ee po\u0161kodi\u0165 drah\u00e9 dom\u00e1ce potreby, to neprich\u00e1dza do \u00favahy.<\/span><\/p>\n<h2><strong>Zaveste bicykel za predn\u00fa pneumatiku<\/strong><\/h2>\n<p><span style=\"font-weight: 400;\">Kone\u010dne m\u00e1te ide\u00e1lne miesto na ulo\u017eenie bicykla. V\u0161etko, \u010do mus\u00edte urobi\u0165, je nepokazi\u0165 to t\u00fdm, ako umiestnite bicykel. Priznajte sa, vis\u00ed v\u00e1\u0161 bicykel za predn\u00fa pneumatiku? Niekde sa to stalo be\u017enou praxou. To neznamen\u00e1, \u017ee je to menej \u0161kodliv\u00e9. Zavesenie bicykla za predn\u00fa pneumatiku sa jav\u00ed ako priestorovo efekt\u00edvne rie\u0161enie skladovania. Probl\u00e9m? <strong>Fyzika, gravit\u00e1cia a sp\u00f4sob fungovania hydraulick\u00fdch b\u0155zd.<\/strong><\/span><\/p>\n<p><span style=\"font-weight: 400;\">V pr\u00edpade, \u017ee m\u00e1te hydraulick\u00e9 kot\u00fa\u010dov\u00e9 brzdy, vertik\u00e1lne ulo\u017eenie bicykla m\u00f4\u017ee sp\u00f4sobi\u0165 vniknutie vzduchov\u00fdch bubl\u00edn do syst\u00e9mu, \u010do vedie k \u0161pongiovit\u00e9mu brzdn\u00e9mu v\u00fdkonu bez odozvy. Ak budete ma\u0165 \u0161\u0165astie, v\u0161imnete si to pred \u010fal\u0161ou jazdou. <\/span>Ak budete ma\u0165 smolu, uvedom\u00edte si to vo vysokej r\u00fdchlosti, ke\u010f sa va\u0161e brzdy rozhodn\u00fa vzia\u0165 si polsekundov\u00fa dovolenku. Existuj\u00fa lep\u0161ie sp\u00f4soby uskladnenia bicykla \u2013 tak\u00e9, ktor\u00e9 nezah\u0155\u0148aj\u00fa sabot\u00e1\u017e v\u00e1\u0161ho vlastn\u00e9ho brzdov\u00e9ho syst\u00e9mu.<\/p>\n<h2><strong>Spr\u00e1vny sp\u00f4sob uskladnenia bicykla<\/strong><\/h2>\n<p><span style=\"font-weight: 400;\">Ako by ste teda mali skladova\u0165 svoj bicykel spr\u00e1vne? Je to jednoduch\u00e9, naozaj. <strong>Uistite sa, \u017ee je v\u00e1\u0161 bicykel vo vn\u00fatri, na suchom mieste, kde teploty nekol\u00ed\u0161u pr\u00edli\u0161 r\u00fdchlo.<\/strong> Pred ka\u017ed\u00fdm ulo\u017een\u00edm bicykel nezabudnite vy\u010disti\u0165. \u017diadne v\u00fdnimky. Pok\u00faste sa ho udr\u017ea\u0165 nad zemou pomocou stojana na bicykel, dr\u017eiaka na stenu. <\/span><\/p>\n<p><span style=\"font-weight: 400;\">Nakoniec sa uistite, \u017ee ho m\u00e1te st\u00e1le na o\u010diach. V\u00e1\u0161 bicykel by sa nikdy nemal c\u00edti\u0165 zabudnut\u00fd. Z \u010dasu na \u010das mu doprajte ne\u017en\u00fd dotyk a vytiahnite ho von aj po\u010das <a href=\"https:\/\/www.welovecycling.com\/sk\/2025\/01\/10\/zimna-udrzba-bicykla-naucte-deti-zakladnu-starostlivost\/\" target=\"_blank\" rel=\"noopener\">zimn\u00fdch mesiacov<\/a>. Jazda na snehu je z\u00e1bava.<\/span><\/p>\n","protected":false},"excerpt":{"rendered":"<p>Cyklisti dok\u00e1\u017eu by\u0165 prec\u00edzni v mnoh\u00fdch veciach \u2013 v tr\u00e9ningov\u00fdch pl\u00e1noch, vo v\u00fd\u017eive, na milimeter presnom nastaven\u00ed v\u00fd\u0161ky sedla\u2026 Ale [&hellip;]<\/p>\n","protected":false},"author":172,"featured_media":20240,"comment_status":"closed","ping_status":"closed","sticky":false,"template":"","format":"standard","meta":{"footnotes":""},"categories":[352],"tags":[559,951,115,289,597,546,180,413,532,222,931,563,564,290,708,183,1290],"global-categories":[],"class_list":["post-20238","post","type-post","status-publish","format-standard","has-post-thumbnail","hentry","category-udrzba","tag-bicykel","tag-blato","tag-cestna-cyklistika","tag-cistenie","tag-cyklista","tag-cyklistika","tag-horska-cyklistika","tag-jarna-udrzba","tag-jazdenie","tag-komponenty","tag-odporucame","tag-servis","tag-starostlivost","tag-udrzba","tag-uskladnenie","tag-zabava","tag-zimna-udrzba"],"yoast_head":"<!-- This site is optimized with the Yoast SEO Premium plugin v25.3 (Yoast SEO v25.9) - https:\/\/yoast.com\/wordpress\/plugins\/seo\/ -->\n<title>Ako NEskladova\u0165 svoj bicykel - \u0160koda We Love Cycling Slovensko<\/title>\n<meta name=\"description\" content=\"Cyklisti vedia by\u0165 prec\u00edzni v mnoh\u00fdch veciach \u2013 v tr\u00e9ningu, v\u00fd\u017eive, nastaven\u00ed v\u00fd\u0161ky sedla\u2026 Ale ke\u010f pr\u00edde na uskladnenie bicykla?\" \/>\n<meta name=\"robots\" content=\"index, follow, max-snippet:-1, max-image-preview:large, max-video-preview:-1\" \/>\n<link rel=\"canonical\" href=\"https:\/\/www.welovecycling.com\/sk\/2025\/04\/15\/ako-neskladovat-svoj-bicykel\/\" \/>\n<meta property=\"og:locale\" content=\"sk_SK\" \/>\n<meta property=\"og:type\" content=\"article\" \/>\n<meta property=\"og:title\" content=\"Ako NEskladova\u0165 svoj bicykel\" \/>\n<meta property=\"og:description\" content=\"Cyklisti vedia by\u0165 prec\u00edzni v mnoh\u00fdch veciach \u2013 v tr\u00e9ningu, v\u00fd\u017eive, nastaven\u00ed v\u00fd\u0161ky sedla\u2026 Ale ke\u010f pr\u00edde na uskladnenie bicykla?\" \/>\n<meta property=\"og:url\" content=\"https:\/\/www.welovecycling.com\/sk\/2025\/04\/15\/ako-neskladovat-svoj-bicykel\/\" \/>\n<meta property=\"og:site_name\" content=\"\u0160koda We Love Cycling Slovensko\" \/>\n<meta property=\"article:published_time\" content=\"2025-04-15T10:00:35+00:00\" \/>\n<meta property=\"og:image\" content=\"https:\/\/d2p6e6u75xmxt8.cloudfront.net\/4\/2025\/04\/Old-Broken-Bicycle-profimedia-0965358310-CVR.webp\" \/>\n\t<meta property=\"og:image:width\" content=\"990\" \/>\n\t<meta property=\"og:image:height\" content=\"660\" \/>\n\t<meta property=\"og:image:type\" content=\"image\/webp\" \/>\n<meta name=\"author\" content=\"dominika\" \/>\n<meta name=\"twitter:card\" content=\"summary_large_image\" \/>\n<meta name=\"twitter:label1\" content=\"Written by\" \/>\n\t<meta name=\"twitter:data1\" content=\"Martin Atanasov\" \/>\n\t<meta name=\"twitter:label2\" content=\"Est. reading time\" \/>\n\t<meta name=\"twitter:data2\" content=\"6\" \/>\n<script type=\"application\/ld+json\" class=\"yoast-schema-graph\">{\"@context\":\"https:\/\/schema.org\",\"@graph\":[{\"@type\":\"WebPage\",\"@id\":\"https:\/\/www.welovecycling.com\/sk\/2025\/04\/15\/ako-neskladovat-svoj-bicykel\/\",\"url\":\"https:\/\/www.welovecycling.com\/sk\/2025\/04\/15\/ako-neskladovat-svoj-bicykel\/\",\"name\":\"Ako NEskladova\u0165 svoj bicykel - \u0160koda We Love Cycling Slovensko\",\"isPartOf\":{\"@id\":\"https:\/\/www.welovecycling.com\/sk\/#website\"},\"primaryImageOfPage\":{\"@id\":\"https:\/\/www.welovecycling.com\/sk\/2025\/04\/15\/ako-neskladovat-svoj-bicykel\/#primaryimage\"},\"image\":{\"@id\":\"https:\/\/www.welovecycling.com\/sk\/2025\/04\/15\/ako-neskladovat-svoj-bicykel\/#primaryimage\"},\"thumbnailUrl\":\"https:\/\/d2p6e6u75xmxt8.cloudfront.net\/4\/2025\/04\/Old-Broken-Bicycle-profimedia-0965358310-CVR.webp\",\"datePublished\":\"2025-04-15T10:00:35+00:00\",\"author\":{\"@id\":\"https:\/\/www.welovecycling.com\/sk\/#\/schema\/person\/533b62b98b6c41bd5135ebfb1f742624\"},\"description\":\"Cyklisti vedia by\u0165 prec\u00edzni v mnoh\u00fdch veciach \u2013 v tr\u00e9ningu, v\u00fd\u017eive, nastaven\u00ed v\u00fd\u0161ky sedla\u2026 Ale ke\u010f pr\u00edde na uskladnenie bicykla?\",\"breadcrumb\":{\"@id\":\"https:\/\/www.welovecycling.com\/sk\/2025\/04\/15\/ako-neskladovat-svoj-bicykel\/#breadcrumb\"},\"inLanguage\":\"sk-SK\",\"potentialAction\":[{\"@type\":\"ReadAction\",\"target\":[\"https:\/\/www.welovecycling.com\/sk\/2025\/04\/15\/ako-neskladovat-svoj-bicykel\/\"]}]},{\"@type\":\"ImageObject\",\"inLanguage\":\"sk-SK\",\"@id\":\"https:\/\/www.welovecycling.com\/sk\/2025\/04\/15\/ako-neskladovat-svoj-bicykel\/#primaryimage\",\"url\":\"https:\/\/d2p6e6u75xmxt8.cloudfront.net\/4\/2025\/04\/Old-Broken-Bicycle-profimedia-0965358310-CVR.webp\",\"contentUrl\":\"https:\/\/d2p6e6u75xmxt8.cloudfront.net\/4\/2025\/04\/Old-Broken-Bicycle-profimedia-0965358310-CVR.webp\",\"width\":990,\"height\":660,\"caption\":\"Old bicycle\"},{\"@type\":\"BreadcrumbList\",\"@id\":\"https:\/\/www.welovecycling.com\/sk\/2025\/04\/15\/ako-neskladovat-svoj-bicykel\/#breadcrumb\",\"itemListElement\":[{\"@type\":\"ListItem\",\"position\":1,\"name\":\"Home\",\"item\":\"https:\/\/www.welovecycling.com\/sk\/\"},{\"@type\":\"ListItem\",\"position\":2,\"name\":\"Ako NEskladova\u0165 svoj bicykel\"}]},{\"@type\":\"WebSite\",\"@id\":\"https:\/\/www.welovecycling.com\/sk\/#website\",\"url\":\"https:\/\/www.welovecycling.com\/sk\/\",\"name\":\"\u0160koda We Love Cycling Slovensko\",\"description\":\"\u0160koda We Love Cycling Slovensko je v\u00e1\u0161 ka\u017edodenn\u00fd zdroj noviniek a in\u0161pir\u00e1cie z sveta cyklistiky\",\"potentialAction\":[{\"@type\":\"SearchAction\",\"target\":{\"@type\":\"EntryPoint\",\"urlTemplate\":\"https:\/\/www.welovecycling.com\/sk\/?s={search_term_string}\"},\"query-input\":{\"@type\":\"PropertyValueSpecification\",\"valueRequired\":true,\"valueName\":\"search_term_string\"}}],\"inLanguage\":\"sk-SK\"},{\"@type\":\"Person\",\"@id\":\"https:\/\/www.welovecycling.com\/sk\/#\/schema\/person\/533b62b98b6c41bd5135ebfb1f742624\",\"name\":\"dominika\",\"image\":{\"@type\":\"ImageObject\",\"inLanguage\":\"sk-SK\",\"@id\":\"https:\/\/www.welovecycling.com\/sk\/#\/schema\/person\/image\/\",\"url\":\"https:\/\/secure.gravatar.com\/avatar\/ded6f274ba2ec3e17fff153f7d9d96a4b33c2cb63907f75d9a5309c599a7f3e6?s=96&d=mm&r=g\",\"contentUrl\":\"https:\/\/secure.gravatar.com\/avatar\/ded6f274ba2ec3e17fff153f7d9d96a4b33c2cb63907f75d9a5309c599a7f3e6?s=96&d=mm&r=g\",\"caption\":\"dominika\"},\"url\":\"https:\/\/www.welovecycling.com\/sk\/author\/dominika\/\"}]}<\/script>\n<!-- \/ Yoast SEO Premium plugin. -->","yoast_head_json":{"title":"Ako NEskladova\u0165 svoj bicykel - \u0160koda We Love Cycling Slovensko","description":"Cyklisti vedia by\u0165 prec\u00edzni v mnoh\u00fdch veciach \u2013 v tr\u00e9ningu, v\u00fd\u017eive, nastaven\u00ed v\u00fd\u0161ky sedla\u2026 Ale ke\u010f pr\u00edde na uskladnenie bicykla?","robots":{"index":"index","follow":"follow","max-snippet":"max-snippet:-1","max-image-preview":"max-image-preview:large","max-video-preview":"max-video-preview:-1"},"canonical":"https:\/\/www.welovecycling.com\/sk\/2025\/04\/15\/ako-neskladovat-svoj-bicykel\/","og_locale":"sk_SK","og_type":"article","og_title":"Ako NEskladova\u0165 svoj bicykel","og_description":"Cyklisti vedia by\u0165 prec\u00edzni v mnoh\u00fdch veciach \u2013 v tr\u00e9ningu, v\u00fd\u017eive, nastaven\u00ed v\u00fd\u0161ky sedla\u2026 Ale ke\u010f pr\u00edde na uskladnenie bicykla?","og_url":"https:\/\/www.welovecycling.com\/sk\/2025\/04\/15\/ako-neskladovat-svoj-bicykel\/","og_site_name":"\u0160koda We Love Cycling Slovensko","article_published_time":"2025-04-15T10:00:35+00:00","og_image":[{"width":990,"height":660,"url":"https:\/\/d2p6e6u75xmxt8.cloudfront.net\/4\/2025\/04\/Old-Broken-Bicycle-profimedia-0965358310-CVR.webp","type":"image\/webp"}],"author":"dominika","twitter_card":"summary_large_image","twitter_misc":{"Written by":"Martin Atanasov","Est. reading time":"6"},"schema":{"@context":"https:\/\/schema.org","@graph":[{"@type":"WebPage","@id":"https:\/\/www.welovecycling.com\/sk\/2025\/04\/15\/ako-neskladovat-svoj-bicykel\/","url":"https:\/\/www.welovecycling.com\/sk\/2025\/04\/15\/ako-neskladovat-svoj-bicykel\/","name":"Ako NEskladova\u0165 svoj bicykel - \u0160koda We Love Cycling Slovensko","isPartOf":{"@id":"https:\/\/www.welovecycling.com\/sk\/#website"},"primaryImageOfPage":{"@id":"https:\/\/www.welovecycling.com\/sk\/2025\/04\/15\/ako-neskladovat-svoj-bicykel\/#primaryimage"},"image":{"@id":"https:\/\/www.welovecycling.com\/sk\/2025\/04\/15\/ako-neskladovat-svoj-bicykel\/#primaryimage"},"thumbnailUrl":"https:\/\/d2p6e6u75xmxt8.cloudfront.net\/4\/2025\/04\/Old-Broken-Bicycle-profimedia-0965358310-CVR.webp","datePublished":"2025-04-15T10:00:35+00:00","author":{"@id":"https:\/\/www.welovecycling.com\/sk\/#\/schema\/person\/533b62b98b6c41bd5135ebfb1f742624"},"description":"Cyklisti vedia by\u0165 prec\u00edzni v mnoh\u00fdch veciach \u2013 v tr\u00e9ningu, v\u00fd\u017eive, nastaven\u00ed v\u00fd\u0161ky sedla\u2026 Ale ke\u010f pr\u00edde na uskladnenie bicykla?","breadcrumb":{"@id":"https:\/\/www.welovecycling.com\/sk\/2025\/04\/15\/ako-neskladovat-svoj-bicykel\/#breadcrumb"},"inLanguage":"sk-SK","potentialAction":[{"@type":"ReadAction","target":["https:\/\/www.welovecycling.com\/sk\/2025\/04\/15\/ako-neskladovat-svoj-bicykel\/"]}]},{"@type":"ImageObject","inLanguage":"sk-SK","@id":"https:\/\/www.welovecycling.com\/sk\/2025\/04\/15\/ako-neskladovat-svoj-bicykel\/#primaryimage","url":"https:\/\/d2p6e6u75xmxt8.cloudfront.net\/4\/2025\/04\/Old-Broken-Bicycle-profimedia-0965358310-CVR.webp","contentUrl":"https:\/\/d2p6e6u75xmxt8.cloudfront.net\/4\/2025\/04\/Old-Broken-Bicycle-profimedia-0965358310-CVR.webp","width":990,"height":660,"caption":"Old bicycle"},{"@type":"BreadcrumbList","@id":"https:\/\/www.welovecycling.com\/sk\/2025\/04\/15\/ako-neskladovat-svoj-bicykel\/#breadcrumb","itemListElement":[{"@type":"ListItem","position":1,"name":"Home","item":"https:\/\/www.welovecycling.com\/sk\/"},{"@type":"ListItem","position":2,"name":"Ako NEskladova\u0165 svoj bicykel"}]},{"@type":"WebSite","@id":"https:\/\/www.welovecycling.com\/sk\/#website","url":"https:\/\/www.welovecycling.com\/sk\/","name":"\u0160koda We Love Cycling Slovensko","description":"\u0160koda We Love Cycling Slovensko je v\u00e1\u0161 ka\u017edodenn\u00fd zdroj noviniek a in\u0161pir\u00e1cie z sveta cyklistiky","potentialAction":[{"@type":"SearchAction","target":{"@type":"EntryPoint","urlTemplate":"https:\/\/www.welovecycling.com\/sk\/?s={search_term_string}"},"query-input":{"@type":"PropertyValueSpecification","valueRequired":true,"valueName":"search_term_string"}}],"inLanguage":"sk-SK"},{"@type":"Person","@id":"https:\/\/www.welovecycling.com\/sk\/#\/schema\/person\/533b62b98b6c41bd5135ebfb1f742624","name":"dominika","image":{"@type":"ImageObject","inLanguage":"sk-SK","@id":"https:\/\/www.welovecycling.com\/sk\/#\/schema\/person\/image\/","url":"https:\/\/secure.gravatar.com\/avatar\/ded6f274ba2ec3e17fff153f7d9d96a4b33c2cb63907f75d9a5309c599a7f3e6?s=96&d=mm&r=g","contentUrl":"https:\/\/secure.gravatar.com\/avatar\/ded6f274ba2ec3e17fff153f7d9d96a4b33c2cb63907f75d9a5309c599a7f3e6?s=96&d=mm&r=g","caption":"dominika"},"url":"https:\/\/www.welovecycling.com\/sk\/author\/dominika\/"}]}},"_links":{"self":[{"href":"https:\/\/www.welovecycling.com\/sk\/wp-json\/wp\/v2\/posts\/20238","targetHints":{"allow":["GET"]}}],"collection":[{"href":"https:\/\/www.welovecycling.com\/sk\/wp-json\/wp\/v2\/posts"}],"about":[{"href":"https:\/\/www.welovecycling.com\/sk\/wp-json\/wp\/v2\/types\/post"}],"author":[{"embeddable":true,"href":"https:\/\/www.welovecycling.com\/sk\/wp-json\/wp\/v2\/users\/172"}],"replies":[{"embeddable":true,"href":"https:\/\/www.welovecycling.com\/sk\/wp-json\/wp\/v2\/comments?post=20238"}],"version-history":[{"count":7,"href":"https:\/\/www.welovecycling.com\/sk\/wp-json\/wp\/v2\/posts\/20238\/revisions"}],"predecessor-version":[{"id":20246,"href":"https:\/\/www.welovecycling.com\/sk\/wp-json\/wp\/v2\/posts\/20238\/revisions\/20246"}],"wp:featuredmedia":[{"embeddable":true,"href":"https:\/\/www.welovecycling.com\/sk\/wp-json\/wp\/v2\/media\/20240"}],"wp:attachment":[{"href":"https:\/\/www.welovecycling.com\/sk\/wp-json\/wp\/v2\/media?parent=20238"}],"wp:term":[{"taxonomy":"category","embeddable":true,"href":"https:\/\/www.welovecycling.com\/sk\/wp-json\/wp\/v2\/categories?post=20238"},{"taxonomy":"post_tag","embeddable":true,"href":"https:\/\/www.welovecycling.com\/sk\/wp-json\/wp\/v2\/tags?post=20238"},{"taxonomy":"global-categories","embeddable":true,"href":"https:\/\/www.welovecycling.com\/sk\/wp-json\/wp\/v2\/global-categories?post=20238"}],"curies":[{"name":"wp","href":"https:\/\/api.w.org\/{rel}","templated":true}]}}