{"id":20207,"date":"2025-04-06T13:00:20","date_gmt":"2025-04-06T11:00:20","guid":{"rendered":"https:\/\/www.welovecycling.com\/sk\/?p=20207"},"modified":"2025-04-07T08:29:56","modified_gmt":"2025-04-07T06:29:56","slug":"vyhody-a-nevyhody-elektrobicykel-ebike","status":"publish","type":"post","link":"https:\/\/www.welovecycling.com\/sk\/2025\/04\/06\/vyhody-a-nevyhody-elektrobicykel-ebike\/","title":{"rendered":"V\u00fdhody a nev\u00fdhody elektrobicyklov: Oplat\u00ed sa investova\u0165?"},"content":{"rendered":"<p><strong>Jednou z\u00a0najdiskutovanej\u0161\u00edch t\u00e9m s\u00fa\u010dasnej cyklistiky je jej novodob\u00e1 a\u00a0\u010doraz popul\u00e1rnej\u0161ia forma \u2013 elektrocyklistika. O\u00a0jej pr\u00ednosoch, ale aj o\u00a0ist\u00fdch menej pozit\u00edvne ch\u00e1pan\u00fdch str\u00e1nkach sa ved\u00fa nekon\u010diace debaty. Ako je to teda s\u00a0t\u00fdmito elektrifikovan\u00fdmi bicyklami? K\u00fapi\u0165 alebo nie? \u010co je plusom a\u00a0\u010do zase m\u00ednusom elektrobicyklov? Ak\u00fd v\u00fdvoj sa v\u00a0elektrocyklistike o\u010dak\u00e1va?\u00a0<\/strong><\/p>\n<p><!--more--><\/p>\n<p><span style=\"font-weight: 400;\">V\u00a0kr\u00e1tkosti na \u00favod iba zhrnieme, \u017ee pod pojmom elektrobicykel sa mysl\u00ed ka\u017ed\u00fd bicykel, ktor\u00fd je vybaven\u00fd dodato\u010dn\u00fdm zdrojom pohonu v\u00a0podobe motora, ktor\u00fd vyu\u017e\u00edva elektrick\u00fa energiu. Tento typ bicykla v\u0161ak nie je poh\u00e1\u0148an\u00fd iba energiou motora, ale svojou kon\u0161trukciou je identick\u00fd s\u00a0konven\u010dn\u00fdm bicyklom. <\/span><\/p>\n<p><span style=\"font-weight: 400;\">Motor sa zap\u00e1ja vtedy, ke\u010f jazdec to\u010d\u00ed k\u013eukami a to v miere, ktor\u00fa si zvol\u00ed jazdec s\u00e1m. <strong>V pr\u00edpade, ke\u010f motor nepou\u017e\u00edvate, m\u00e1te k dispoz\u00edcii klasick\u00fd bicykel bez ak\u00fdchko\u013evek obmedzen\u00ed.<\/strong> Eur\u00f3pske normy limituj\u00fa v\u00fdkon motora na 250 W a maxim\u00e1lnu r\u00fdchlos\u0165, do ktorej motor participuje na v\u00fdkone, v podobe 25 km\/h. <\/span><\/p>\n<p><span style=\"font-weight: 400;\">Tieto hodnoty s\u00fa pri s\u00fa\u010dasn\u00fdch motoroch s a\u017e 90 Nm to\u010div\u00e9ho momentu nanajv\u00fd\u0161 posta\u010duj\u00face. Okrem v\u00fdkonu je v\u0161ak potrebn\u00e9 uv\u00e1\u017ei\u0165 aj kapacitu bat\u00e9rie. Ona je t\u00e1, ktor\u00e1 ur\u010duje kone\u010dn\u00fd dojazd \u2013 tzn. vzdialenos\u0165, po\u010das ktorej dok\u00e1\u017ee motor podporova\u0165 v\u00fdkon jazdca. Dobrou spr\u00e1vou je, \u017ee legislat\u00edva neur\u010duje maxim\u00e1lnu hranicu kapacity bat\u00e9rie.<\/span><\/p>\n<p>Kedy sa teda oplat\u00ed investova\u0165 a\u00a0kedy zosta\u0165 pri klasickom bicykli?<\/p>\n<p><a href=\"https:\/\/d2p6e6u75xmxt8.cloudfront.net\/4\/2025\/04\/01.webp\"><img loading=\"lazy\" decoding=\"async\" class=\"alignnone size-full wp-image-20210\" src=\"https:\/\/d2p6e6u75xmxt8.cloudfront.net\/4\/2025\/04\/01.webp\" alt=\"\" width=\"1280\" height=\"853\" srcset=\"https:\/\/d2p6e6u75xmxt8.cloudfront.net\/4\/2025\/04\/01.webp 1280w, https:\/\/d2p6e6u75xmxt8.cloudfront.net\/4\/2025\/04\/01-300x200.webp 300w, https:\/\/d2p6e6u75xmxt8.cloudfront.net\/4\/2025\/04\/01-1024x682.webp 1024w, https:\/\/d2p6e6u75xmxt8.cloudfront.net\/4\/2025\/04\/01-768x512.webp 768w, https:\/\/d2p6e6u75xmxt8.cloudfront.net\/4\/2025\/04\/01-400x267.webp 400w, https:\/\/d2p6e6u75xmxt8.cloudfront.net\/4\/2025\/04\/01-272x182.webp 272w\" sizes=\"auto, (max-width: 1280px) 100vw, 1280px\" \/><\/a><\/p>\n<p><span style=\"font-weight: 400;\">Ako sme u\u017e uviedli v \u00favode, funkcia klasick\u00e9ho bezmotorov\u00e9ho a elektrobicykla je v z\u00e1sade rovnak\u00e1, pri rozhodovan\u00ed sa, \u010di je potrebn\u00e9 investova\u0165 do elektrobicykla, sa mus\u00edme upriami\u0165 na tie parametre, ktor\u00e9 ich od seba odli\u0161uj\u00fa.\u00a0<\/span><\/p>\n<h2><b>V\u00fdkon a dojazd<\/b><\/h2>\n<p><span style=\"font-weight: 400;\">V\u00a0tejto oblasti je jednozna\u010dn\u00fdm v\u00ed\u0165azom elektorbicykel. Konven\u010dn\u00fd bicykel nepon\u00faka \u017eiaden dodato\u010dn\u00fd v\u00fdkon, ktor\u00fd by bol jazdcovi n\u00e1pomocn\u00fd. Naopak, my\u0161lienka elektrobicykla bola zalo\u017een\u00e1 pr\u00e1ve na mo\u017enosti odbremeni\u0165 jazdca od nadmernej z\u00e1\u0165a\u017ee a\u00a0s\u00fa\u010dasne mu poskytn\u00fa\u0165 mo\u017enos\u0165 cestova\u0165 \u010falej. <\/span><\/p>\n<p><span style=\"font-weight: 400;\">Dobrou spr\u00e1vou je aj to, \u017ee v\u00fdkon elektrobicykla je mo\u017en\u00e9 d\u00e1vkova\u0165 pod\u013ea stup\u0148ov. Vo v\u00e4\u010d\u0161ine pr\u00edpadov je to 3 a\u017e 5 r\u00f4znych \u00farovn\u00ed pomoci \u2013 od 20 do 100 % v\u00fdkonu motora. Motory od popredn\u00fdch v\u00fdrobcov ako Bosch, Shimano at\u010f. v kombin\u00e1cii s a\u017e 800 W bat\u00e9riou dok\u00e1\u017eu poskytova\u0165 jazdcovi asistenciu po\u010das n\u00e1ro\u010dnej\u0161ieho celodenn\u00e9ho v\u00fdletu. Aj ke\u010f dojazd z\u00e1le\u017e\u00ed od viacer\u00fdch premenn\u00fdch (typ bicykla, hmotnos\u0165 jazdca, sp\u00f4sob jazdy, profil trasy, povrch, teplota a pod.), za univerz\u00e1lne pravidlo mo\u017eno vzia\u0165 rovnicu 1 km=10 W. Teda, pri 800 W bat\u00e9rii je teoretick\u00fd dojazd a\u017e 80 km.\u00a0<\/span><\/p>\n<h2><b>Hmotnos\u0165<\/b><\/h2>\n<p><span style=\"font-weight: 400;\">Logicky, ak ku klasick\u00e9mu bicyklu prid\u00e1te motor a bat\u00e9riu, ktor\u00e9 sam\u00e9 osebe v\u00e1\u017eia minim\u00e1lne 5 kg, zv\u00fd\u0161ite t\u00fdm celkov\u00fa hmotnos\u0165 aj o 50 %. Horsk\u00e9 odpru\u017een\u00e9 bicykle strednej triedy bez motora maj\u00fa okolo 14 kg, zatia\u013e \u010do pri cestn\u00fdch modeloch sa pohybujeme pod hranicou 9 kg. Samozrejme, motor si s touto dodato\u010dnou hmotnos\u0165ou porad\u00ed a vy v princ\u00edpe nebudete poci\u0165ova\u0165 z\u00e1sadn\u00fd rozdiel.<\/span><\/p>\n<p><span style=\"font-weight: 400;\">Je v\u0161ak potrebn\u00e9 uvedomi\u0165 si, \u017ee ste limitovan\u00ed v sp\u00f4sobe prev\u00e1\u017eania bicyklov \u2013 stre\u0161n\u00e9 nosi\u010de s\u00fa dizajnovan\u00e9 iba na ur\u010dit\u00fa hmotnos\u0165. Rovnako poc\u00edtite hmotnos\u0165 aj pri manipul\u00e1cii pri nakladan\u00ed a vykladan\u00ed bicyklov. Av\u0161ak okrem t\u00fdchto \u00fakonov, ak je bicykel v pohybe, je dodato\u010dn\u00e1 hmotnos\u0165 menej cite\u013en\u00e1.<\/span><\/p>\n<p><a href=\"https:\/\/d2p6e6u75xmxt8.cloudfront.net\/4\/2025\/04\/02.webp\"><img loading=\"lazy\" decoding=\"async\" class=\"alignnone size-full wp-image-20209\" src=\"https:\/\/d2p6e6u75xmxt8.cloudfront.net\/4\/2025\/04\/02.webp\" alt=\"\" width=\"1280\" height=\"854\" srcset=\"https:\/\/d2p6e6u75xmxt8.cloudfront.net\/4\/2025\/04\/02.webp 1280w, https:\/\/d2p6e6u75xmxt8.cloudfront.net\/4\/2025\/04\/02-300x200.webp 300w, https:\/\/d2p6e6u75xmxt8.cloudfront.net\/4\/2025\/04\/02-1024x683.webp 1024w, https:\/\/d2p6e6u75xmxt8.cloudfront.net\/4\/2025\/04\/02-768x512.webp 768w, https:\/\/d2p6e6u75xmxt8.cloudfront.net\/4\/2025\/04\/02-400x267.webp 400w, https:\/\/d2p6e6u75xmxt8.cloudfront.net\/4\/2025\/04\/02-272x182.webp 272w\" sizes=\"auto, (max-width: 1280px) 100vw, 1280px\" \/><\/a><\/p>\n<h2><b>Ekologick\u00e1 str\u00e1nka<\/b><\/h2>\n<p><span style=\"font-weight: 400;\"><strong>V\u00a0s\u00fa\u010dasnosti je z\u00a0d\u00f4vodu zav\u00e1dzania emisn\u00fdch noriem a zva\u017eovania\u00a0dopadu zne\u010dis\u0165ovania priemyselnou v\u00fdrobou kladen\u00fd \u010doraz v\u00e4\u010d\u0161\u00ed d\u00f4raz na ekologickos\u0165 v\u00fdroby<\/strong> ak\u00fdchko\u013evek produktov \u2013 bicykle nevyn\u00edmaj\u00fac. Aj v\u00a0tejto kateg\u00f3rii \u0165ah\u00e1 elektrobicykel za krat\u0161\u00ed koniec. Bat\u00e9rie a\u00a0ich do\u010dasn\u00e1 \u017eivotnos\u0165 s\u00fa t\u00e9mou mnoh\u00fdch diskusi\u00ed. <\/span><\/p>\n<p><span style=\"font-weight: 400;\">Av\u0161ak mus\u00edme sa na tento probl\u00e9m pozera\u0165 aj z\u00a0in\u00e9ho uhla \u2013 elektrobicykel je v\u017edy ekologickej\u0161\u00ed ne\u017e doprava autom alebo in\u00fdmi vozidlami so spa\u013eovac\u00edmi motormi. Neprodukuje emisie a\u00a0elektrick\u00fa energiu je mo\u017en\u00e9 z\u00edskava\u0165 aj z\u00a0obnovite\u013en\u00fdch zdrojov, ak\u00fdmi s\u00fa slne\u010dn\u00e1, vodn\u00e1 \u010di vzdu\u0161n\u00e1 energia. M\u00f4\u017eeme teda o\u00a0\u0148om hovori\u0165 ako o istom\u00a0kompromise.<\/span><\/p>\n<h2><b>Komfort jazdy<\/b><\/h2>\n<p><span style=\"font-weight: 400;\">Silnou str\u00e1nkou elektrobicyklov je ich n\u00e1vykovos\u0165 ak ide o\u00a0nen\u00e1ro\u010dnos\u0165, plynulos\u0165 a\u00a0komfort pres\u00favania sa z\u00a0jedn\u00e9ho miesta do druh\u00e9ho. Elimin\u00e1cia nepravideln\u00e9ho tempa, napr. ke\u010f potrebuje zr\u00fdchli\u0165 na semafore alebo bojova\u0165 so silnej\u0161\u00edm vetrom v\u00a0teplom letnom obdob\u00ed je ve\u013ek\u00fdm plusom elektrobicyklov. <\/span><\/p>\n<p><span style=\"font-weight: 400;\">Nie ka\u017ed\u00fd toti\u017e potrebuje pre\u017e\u00edva\u0165 cyklistiku ako n\u00e1ro\u010dn\u00fa a vy\u010derp\u00e1vaj\u00facu aktivitu. Mo\u017enos\u0165 by\u0165 v pr\u00edrode a pres\u00fava\u0165 sa z jedn\u00e9ho miesta na druh\u00e9 spolu s ostatn\u00fdmi, rovnako naladen\u00fdmi \u013eu\u010fmi, je jednou z najhodnotnej\u0161\u00edch str\u00e1nok cyklistiky. Najv\u00e4\u010d\u0161mi vidite\u013en\u00fdm negat\u00edvom bezmotorov\u00e9ho bicykla je doch\u00e1dzanie do pr\u00e1ce na bicykli v r\u00f4znych ro\u010dn\u00fdch obdobiach. Predstava o tom, \u017ee by ste mali by\u0165 cel\u00fd de\u0148 v kancel\u00e1rii spoten\u00ed, nie je pr\u00edli\u0161 priazniv\u00e1. <\/span><\/p>\n<p><span style=\"font-weight: 400;\">Dodato\u010dn\u00fd motor taktie\u017e zvy\u0161uje r\u00e1dius a\u00a0r\u00fdchlos\u0165, s\u00a0ktorou sa viete po meste pohybova\u0165. In\u00fdmi slovami, za krat\u0161\u00ed \u010das st\u00edhate viacero vec\u00ed bez toho, aby ste sa nadmerne vy\u010derpali.<\/span><\/p>\n<h2><b>Cena<\/b><\/h2>\n<p><span style=\"font-weight: 400;\">Pri k\u00fape elektrobicykla v\u017edy r\u00e1tajte s nav\u00fd\u0161en\u00edm sumy od 500 do 1000 \u20ac oproti konven\u010dn\u00e9mu modelu z rovnakej s\u00e9rie &#8211; tzn. s rovnakou v\u00fdbavou (bez motora). Ako je to takmer pri ka\u017edom produkte, aj v tomto smere sa neoplat\u00ed pr\u00edli\u0161 \u0161etri\u0165 a investova\u0165 do najlacnej\u0161\u00edch verzi\u00ed od menej zn\u00e1mych v\u00fdrobcov. <\/span><\/p>\n<p><span style=\"font-weight: 400;\">In\u00fdmi slovami, elektrobicykel s cenovkou pod 1000 \u20ac je ot\u00e1zny \u010do do svojej kvality a \u017eivotnosti, tak bat\u00e9rie, motora, ako aj \u0161tandardn\u00fdch komponentov, na ktor\u00fdch sa zvykne \u0161etri\u0165. Vy\u0161\u0161ia cena znamen\u00e1 vy\u0161\u0161iu kvalitu, vy\u0161\u0161iu kapacitu bat\u00e9rie a v neposlednom rade aj lep\u0161ie komponenty, ktor\u00e9 prispievaj\u00fa k ni\u017e\u0161ej hmotnosti. Sn\u00e1\u010f najpred\u00e1vanej\u0161ou kateg\u00f3riou s\u00fa bicykle okolo 1500 \u20ac.\u00a0<\/span><\/p>\n<h2><b>Mo\u017enos\u0165 objavova\u0165<\/b><\/h2>\n<p><span style=\"font-weight: 400;\">V\u00e4\u010d\u0161ina uveden\u00fdch bodov porovn\u00e1vania d\u00e1vala do popredia klasick\u00fd bicykel. Vieme, \u017ee hmotnos\u0165, ekologick\u00fd dopad \u010di cena s\u00fa slab\u0161\u00edmi miestami elektrocyklistiky. Av\u0161ak pr\u00e1ve prv\u00fd bod \u2013 v\u00fdkon a dojazd \u2013 s\u00fa d\u00f4vodom, pre\u010do si elektrobicykle za posledn\u00e9 roky z\u00edskali mili\u00f3ny pr\u00edvr\u017eencov. Pre \u013eud\u00ed so slab\u0161ou kond\u00edciou alebo so zdravotn\u00fdmi probl\u00e9mami je dodato\u010dn\u00fd motor t\u00fdm, \u010do im umo\u017e\u0148uje vyrazi\u0165 von a objavova\u0165 dovtedy nezn\u00e1me \u010di nedostupn\u00e9 miesta. <\/span><\/p>\n<p><span style=\"font-weight: 400;\"><strong>Aj v\u010faka nemu sa z\u00a0doposia\u013e nere\u00e1lnej predstavy o\u00a0celodennom v\u00fdlete st\u00e1va uskuto\u010dnite\u013en\u00fd pl\u00e1n. Toto je tie\u017e sp\u00f4sob, ako pril\u00e1ka\u0165 \u013eud\u00ed k\u00a0cyklistike.<\/strong> Prostredn\u00edctvom prvotnej podpory je mo\u017en\u00e9 u \u010dloveka vybudova\u0165 silnej\u0161\u00ed vz\u0165ah k \u0161portovaniu. D\u00f4sledkom m\u00f4\u017ee by\u0165 aj to, \u017ee si v kone\u010dnom d\u00f4sledku zlep\u0161enia kond\u00edcie zadov\u00e1\u017ei klasick\u00fd bicykel.\u00a0<\/span><\/p>\n<p><a href=\"https:\/\/d2p6e6u75xmxt8.cloudfront.net\/4\/2025\/04\/03.webp\"><img loading=\"lazy\" decoding=\"async\" class=\"alignnone size-full wp-image-20211\" src=\"https:\/\/d2p6e6u75xmxt8.cloudfront.net\/4\/2025\/04\/03.webp\" alt=\"\" width=\"1280\" height=\"854\" srcset=\"https:\/\/d2p6e6u75xmxt8.cloudfront.net\/4\/2025\/04\/03.webp 1280w, https:\/\/d2p6e6u75xmxt8.cloudfront.net\/4\/2025\/04\/03-300x200.webp 300w, https:\/\/d2p6e6u75xmxt8.cloudfront.net\/4\/2025\/04\/03-1024x683.webp 1024w, https:\/\/d2p6e6u75xmxt8.cloudfront.net\/4\/2025\/04\/03-768x512.webp 768w, https:\/\/d2p6e6u75xmxt8.cloudfront.net\/4\/2025\/04\/03-400x267.webp 400w, https:\/\/d2p6e6u75xmxt8.cloudfront.net\/4\/2025\/04\/03-272x182.webp 272w\" sizes=\"auto, (max-width: 1280px) 100vw, 1280px\" \/><\/a><\/p>\n<h2><b>\u010co o\u010dak\u00e1va\u0165 v\u00a0roku 2025?<\/b><\/h2>\n<p><span style=\"font-weight: 400;\">V tomto roku sa predpoklad\u00e1 pokra\u010duj\u00faci technologick\u00fd v\u00fdvoj smerom k navy\u0161ovaniu kapacity bat\u00e9ri\u00ed pri udr\u017eiavan\u00ed (ak nie aj zni\u017eovan\u00ed) hmotnosti bat\u00e9rie. Experiment\u00e1lne testovania odli\u0161n\u00fdch chemick\u00fdch prvkov pre z\u00e1klad bat\u00e9rie smeruje k zefekt\u00edv\u0148ovaniu v\u00fdroby a teoreticky aj k zni\u017eovaniu ceny bat\u00e9ri\u00ed. <strong>Elektrifik\u00e1cia dopravy v mest\u00e1ch aj mimo nich prispieva k budovaniu novej infra\u0161trukt\u00fary dob\u00edjac\u00edch stan\u00edc, chodn\u00edkov pre cyklistov<\/strong> alebo aj k zvy\u0161ovaniu povedomia verejnosti o tom, \u017ee elektrobicykle s\u00fa adekv\u00e1tnou alternat\u00edvou ku ka\u017edodennej doprave.\u00a0<\/span><\/p>\n<p><span style=\"font-weight: 400;\">Elektromotory s\u00fa s\u00fa\u010das\u0165ou u\u017e takmer ka\u017edej cyklistickej discipl\u00edny \u2013 asi jedine s v\u00fdnimkou BMX a trialu. Preto to, \u010do n\u00e1s prim\u00e1rne \u010dak\u00e1 v nasleduj\u00facich rokoch, je sk\u00f4r zni\u017eovanie hmotnosti a zvy\u0161ovanie kapacity. V nemalej miere sa pozornos\u0165 upriamuje na vyu\u017eite\u013enos\u0165 umelej inteligencie pri symbi\u00f3ze fungovania motora, bat\u00e9rie, radenia a jazdcov\u00fdch preferenci\u00ed. Cie\u013eom je dosiahnu\u0165 plynul\u00fd a komfortn\u00fd prenos energie bez zbyto\u010dn\u00fdch str\u00e1t a nam\u00e1hania materi\u00e1lu, ktor\u00fd m\u00f4\u017ee vypl\u00fdva\u0165 z nesk\u00fasenosti jazdca radi\u0165 pri z\u00e1\u0165a\u017ei a podobne.\u00a0<\/span><\/p>\n<p><span style=\"font-weight: 400;\">Zdroj foto: Pexels \u2013 free images<\/span><\/p>\n","protected":false},"excerpt":{"rendered":"<p>Jednou z\u00a0najdiskutovanej\u0161\u00edch t\u00e9m s\u00fa\u010dasnej cyklistiky je jej novodob\u00e1 a\u00a0\u010doraz popul\u00e1rnej\u0161ia forma \u2013 elektrocyklistika. O\u00a0jej pr\u00ednosoch, ale aj o\u00a0ist\u00fdch menej pozit\u00edvne [&hellip;]<\/p>\n","protected":false},"author":191,"featured_media":20208,"comment_status":"closed","ping_status":"closed","sticky":false,"template":"","format":"standard","meta":{"footnotes":""},"categories":[774],"tags":[559,619,597,546,261,691,180,412,318,508,183,161],"global-categories":[1074],"class_list":["post-20207","post","type-post","status-publish","format-standard","has-post-thumbnail","hentry","category-e-bike","tag-bicykel","tag-bicyklovanie","tag-cyklista","tag-cyklistika","tag-ebike","tag-elektrobicykel","tag-horska-cyklistika","tag-mtb","tag-vyjazd","tag-vylet","tag-zabava","tag-zdravie","global-categories-cycling"],"yoast_head":"<!-- This site is optimized with the Yoast SEO Premium plugin v25.3 (Yoast SEO v25.9) - https:\/\/yoast.com\/wordpress\/plugins\/seo\/ -->\n<title>V\u00fdhody a nev\u00fdhody elektrobicyklov: Oplat\u00ed sa investova\u0165? - \u0160koda We Love Cycling Slovensko<\/title>\n<meta name=\"description\" content=\"Jednou z\u00a0najdiskutovanej\u0161\u00edch t\u00e9m s\u00fa\u010dasnej cyklistiky je jej novodob\u00e1 a\u00a0\u010doraz popul\u00e1rnej\u0161ia forma \u2013 elektrocyklistika.\" \/>\n<meta name=\"robots\" content=\"index, follow, max-snippet:-1, max-image-preview:large, max-video-preview:-1\" \/>\n<link rel=\"canonical\" href=\"https:\/\/www.welovecycling.com\/sk\/2025\/04\/06\/vyhody-a-nevyhody-elektrobicykel-ebike\/\" \/>\n<meta property=\"og:locale\" content=\"sk_SK\" \/>\n<meta property=\"og:type\" content=\"article\" \/>\n<meta property=\"og:title\" content=\"V\u00fdhody a nev\u00fdhody elektrobicyklov: Oplat\u00ed sa investova\u0165?\" \/>\n<meta property=\"og:description\" content=\"Jednou z\u00a0najdiskutovanej\u0161\u00edch t\u00e9m s\u00fa\u010dasnej cyklistiky je jej novodob\u00e1 a\u00a0\u010doraz popul\u00e1rnej\u0161ia forma \u2013 elektrocyklistika.\" \/>\n<meta property=\"og:url\" content=\"https:\/\/www.welovecycling.com\/sk\/2025\/04\/06\/vyhody-a-nevyhody-elektrobicykel-ebike\/\" \/>\n<meta property=\"og:site_name\" content=\"\u0160koda We Love Cycling Slovensko\" \/>\n<meta property=\"article:published_time\" content=\"2025-04-06T11:00:20+00:00\" \/>\n<meta property=\"article:modified_time\" content=\"2025-04-07T06:29:56+00:00\" \/>\n<meta property=\"og:image\" content=\"https:\/\/d2p6e6u75xmxt8.cloudfront.net\/4\/2025\/04\/00.webp\" \/>\n\t<meta property=\"og:image:width\" content=\"1280\" \/>\n\t<meta property=\"og:image:height\" content=\"853\" \/>\n\t<meta property=\"og:image:type\" content=\"image\/webp\" \/>\n<meta name=\"author\" content=\"michal\" \/>\n<meta name=\"twitter:card\" content=\"summary_large_image\" \/>\n<meta name=\"twitter:label1\" content=\"Written by\" \/>\n\t<meta name=\"twitter:data1\" content=\"Peter Oleni\u010d\" \/>\n\t<meta name=\"twitter:label2\" content=\"Est. reading time\" \/>\n\t<meta name=\"twitter:data2\" content=\"4\" \/>\n<script type=\"application\/ld+json\" class=\"yoast-schema-graph\">{\"@context\":\"https:\/\/schema.org\",\"@graph\":[{\"@type\":\"WebPage\",\"@id\":\"https:\/\/www.welovecycling.com\/sk\/2025\/04\/06\/vyhody-a-nevyhody-elektrobicykel-ebike\/\",\"url\":\"https:\/\/www.welovecycling.com\/sk\/2025\/04\/06\/vyhody-a-nevyhody-elektrobicykel-ebike\/\",\"name\":\"V\u00fdhody a nev\u00fdhody elektrobicyklov: Oplat\u00ed sa investova\u0165? - \u0160koda We Love Cycling Slovensko\",\"isPartOf\":{\"@id\":\"https:\/\/www.welovecycling.com\/sk\/#website\"},\"primaryImageOfPage\":{\"@id\":\"https:\/\/www.welovecycling.com\/sk\/2025\/04\/06\/vyhody-a-nevyhody-elektrobicykel-ebike\/#primaryimage\"},\"image\":{\"@id\":\"https:\/\/www.welovecycling.com\/sk\/2025\/04\/06\/vyhody-a-nevyhody-elektrobicykel-ebike\/#primaryimage\"},\"thumbnailUrl\":\"https:\/\/d2p6e6u75xmxt8.cloudfront.net\/4\/2025\/04\/00.webp\",\"datePublished\":\"2025-04-06T11:00:20+00:00\",\"dateModified\":\"2025-04-07T06:29:56+00:00\",\"author\":{\"@id\":\"https:\/\/www.welovecycling.com\/sk\/#\/schema\/person\/45e989de48eace55eb338c027dc5a65e\"},\"description\":\"Jednou z\u00a0najdiskutovanej\u0161\u00edch t\u00e9m s\u00fa\u010dasnej cyklistiky je jej novodob\u00e1 a\u00a0\u010doraz popul\u00e1rnej\u0161ia forma \u2013 elektrocyklistika.\",\"breadcrumb\":{\"@id\":\"https:\/\/www.welovecycling.com\/sk\/2025\/04\/06\/vyhody-a-nevyhody-elektrobicykel-ebike\/#breadcrumb\"},\"inLanguage\":\"sk-SK\",\"potentialAction\":[{\"@type\":\"ReadAction\",\"target\":[\"https:\/\/www.welovecycling.com\/sk\/2025\/04\/06\/vyhody-a-nevyhody-elektrobicykel-ebike\/\"]}]},{\"@type\":\"ImageObject\",\"inLanguage\":\"sk-SK\",\"@id\":\"https:\/\/www.welovecycling.com\/sk\/2025\/04\/06\/vyhody-a-nevyhody-elektrobicykel-ebike\/#primaryimage\",\"url\":\"https:\/\/d2p6e6u75xmxt8.cloudfront.net\/4\/2025\/04\/00.webp\",\"contentUrl\":\"https:\/\/d2p6e6u75xmxt8.cloudfront.net\/4\/2025\/04\/00.webp\",\"width\":1280,\"height\":853,\"caption\":\"Cyklista na elektrobicykli\"},{\"@type\":\"BreadcrumbList\",\"@id\":\"https:\/\/www.welovecycling.com\/sk\/2025\/04\/06\/vyhody-a-nevyhody-elektrobicykel-ebike\/#breadcrumb\",\"itemListElement\":[{\"@type\":\"ListItem\",\"position\":1,\"name\":\"Home\",\"item\":\"https:\/\/www.welovecycling.com\/sk\/\"},{\"@type\":\"ListItem\",\"position\":2,\"name\":\"V\u00fdhody a nev\u00fdhody elektrobicyklov: Oplat\u00ed sa investova\u0165?\"}]},{\"@type\":\"WebSite\",\"@id\":\"https:\/\/www.welovecycling.com\/sk\/#website\",\"url\":\"https:\/\/www.welovecycling.com\/sk\/\",\"name\":\"\u0160koda We Love Cycling Slovensko\",\"description\":\"\u0160koda We Love Cycling Slovensko je v\u00e1\u0161 ka\u017edodenn\u00fd zdroj noviniek a in\u0161pir\u00e1cie z sveta cyklistiky\",\"potentialAction\":[{\"@type\":\"SearchAction\",\"target\":{\"@type\":\"EntryPoint\",\"urlTemplate\":\"https:\/\/www.welovecycling.com\/sk\/?s={search_term_string}\"},\"query-input\":{\"@type\":\"PropertyValueSpecification\",\"valueRequired\":true,\"valueName\":\"search_term_string\"}}],\"inLanguage\":\"sk-SK\"},{\"@type\":\"Person\",\"@id\":\"https:\/\/www.welovecycling.com\/sk\/#\/schema\/person\/45e989de48eace55eb338c027dc5a65e\",\"name\":\"michal\",\"image\":{\"@type\":\"ImageObject\",\"inLanguage\":\"sk-SK\",\"@id\":\"https:\/\/www.welovecycling.com\/sk\/#\/schema\/person\/image\/\",\"url\":\"https:\/\/secure.gravatar.com\/avatar\/7f8deb1af8506a5f53d1b779436f546bce1c8c40c09780107ad3811c7dc4bbcb?s=96&d=mm&r=g\",\"contentUrl\":\"https:\/\/secure.gravatar.com\/avatar\/7f8deb1af8506a5f53d1b779436f546bce1c8c40c09780107ad3811c7dc4bbcb?s=96&d=mm&r=g\",\"caption\":\"michal\"},\"url\":\"https:\/\/www.welovecycling.com\/sk\/author\/michal\/\"}]}<\/script>\n<!-- \/ Yoast SEO Premium plugin. -->","yoast_head_json":{"title":"V\u00fdhody a nev\u00fdhody elektrobicyklov: Oplat\u00ed sa investova\u0165? - \u0160koda We Love Cycling Slovensko","description":"Jednou z\u00a0najdiskutovanej\u0161\u00edch t\u00e9m s\u00fa\u010dasnej cyklistiky je jej novodob\u00e1 a\u00a0\u010doraz popul\u00e1rnej\u0161ia forma \u2013 elektrocyklistika.","robots":{"index":"index","follow":"follow","max-snippet":"max-snippet:-1","max-image-preview":"max-image-preview:large","max-video-preview":"max-video-preview:-1"},"canonical":"https:\/\/www.welovecycling.com\/sk\/2025\/04\/06\/vyhody-a-nevyhody-elektrobicykel-ebike\/","og_locale":"sk_SK","og_type":"article","og_title":"V\u00fdhody a nev\u00fdhody elektrobicyklov: Oplat\u00ed sa investova\u0165?","og_description":"Jednou z\u00a0najdiskutovanej\u0161\u00edch t\u00e9m s\u00fa\u010dasnej cyklistiky je jej novodob\u00e1 a\u00a0\u010doraz popul\u00e1rnej\u0161ia forma \u2013 elektrocyklistika.","og_url":"https:\/\/www.welovecycling.com\/sk\/2025\/04\/06\/vyhody-a-nevyhody-elektrobicykel-ebike\/","og_site_name":"\u0160koda We Love Cycling Slovensko","article_published_time":"2025-04-06T11:00:20+00:00","article_modified_time":"2025-04-07T06:29:56+00:00","og_image":[{"width":1280,"height":853,"url":"https:\/\/d2p6e6u75xmxt8.cloudfront.net\/4\/2025\/04\/00.webp","type":"image\/webp"}],"author":"michal","twitter_card":"summary_large_image","twitter_misc":{"Written by":"Peter Oleni\u010d","Est. reading time":"4"},"schema":{"@context":"https:\/\/schema.org","@graph":[{"@type":"WebPage","@id":"https:\/\/www.welovecycling.com\/sk\/2025\/04\/06\/vyhody-a-nevyhody-elektrobicykel-ebike\/","url":"https:\/\/www.welovecycling.com\/sk\/2025\/04\/06\/vyhody-a-nevyhody-elektrobicykel-ebike\/","name":"V\u00fdhody a nev\u00fdhody elektrobicyklov: Oplat\u00ed sa investova\u0165? - \u0160koda We Love Cycling Slovensko","isPartOf":{"@id":"https:\/\/www.welovecycling.com\/sk\/#website"},"primaryImageOfPage":{"@id":"https:\/\/www.welovecycling.com\/sk\/2025\/04\/06\/vyhody-a-nevyhody-elektrobicykel-ebike\/#primaryimage"},"image":{"@id":"https:\/\/www.welovecycling.com\/sk\/2025\/04\/06\/vyhody-a-nevyhody-elektrobicykel-ebike\/#primaryimage"},"thumbnailUrl":"https:\/\/d2p6e6u75xmxt8.cloudfront.net\/4\/2025\/04\/00.webp","datePublished":"2025-04-06T11:00:20+00:00","dateModified":"2025-04-07T06:29:56+00:00","author":{"@id":"https:\/\/www.welovecycling.com\/sk\/#\/schema\/person\/45e989de48eace55eb338c027dc5a65e"},"description":"Jednou z\u00a0najdiskutovanej\u0161\u00edch t\u00e9m s\u00fa\u010dasnej cyklistiky je jej novodob\u00e1 a\u00a0\u010doraz popul\u00e1rnej\u0161ia forma \u2013 elektrocyklistika.","breadcrumb":{"@id":"https:\/\/www.welovecycling.com\/sk\/2025\/04\/06\/vyhody-a-nevyhody-elektrobicykel-ebike\/#breadcrumb"},"inLanguage":"sk-SK","potentialAction":[{"@type":"ReadAction","target":["https:\/\/www.welovecycling.com\/sk\/2025\/04\/06\/vyhody-a-nevyhody-elektrobicykel-ebike\/"]}]},{"@type":"ImageObject","inLanguage":"sk-SK","@id":"https:\/\/www.welovecycling.com\/sk\/2025\/04\/06\/vyhody-a-nevyhody-elektrobicykel-ebike\/#primaryimage","url":"https:\/\/d2p6e6u75xmxt8.cloudfront.net\/4\/2025\/04\/00.webp","contentUrl":"https:\/\/d2p6e6u75xmxt8.cloudfront.net\/4\/2025\/04\/00.webp","width":1280,"height":853,"caption":"Cyklista na elektrobicykli"},{"@type":"BreadcrumbList","@id":"https:\/\/www.welovecycling.com\/sk\/2025\/04\/06\/vyhody-a-nevyhody-elektrobicykel-ebike\/#breadcrumb","itemListElement":[{"@type":"ListItem","position":1,"name":"Home","item":"https:\/\/www.welovecycling.com\/sk\/"},{"@type":"ListItem","position":2,"name":"V\u00fdhody a nev\u00fdhody elektrobicyklov: Oplat\u00ed sa investova\u0165?"}]},{"@type":"WebSite","@id":"https:\/\/www.welovecycling.com\/sk\/#website","url":"https:\/\/www.welovecycling.com\/sk\/","name":"\u0160koda We Love Cycling Slovensko","description":"\u0160koda We Love Cycling Slovensko je v\u00e1\u0161 ka\u017edodenn\u00fd zdroj noviniek a in\u0161pir\u00e1cie z sveta cyklistiky","potentialAction":[{"@type":"SearchAction","target":{"@type":"EntryPoint","urlTemplate":"https:\/\/www.welovecycling.com\/sk\/?s={search_term_string}"},"query-input":{"@type":"PropertyValueSpecification","valueRequired":true,"valueName":"search_term_string"}}],"inLanguage":"sk-SK"},{"@type":"Person","@id":"https:\/\/www.welovecycling.com\/sk\/#\/schema\/person\/45e989de48eace55eb338c027dc5a65e","name":"michal","image":{"@type":"ImageObject","inLanguage":"sk-SK","@id":"https:\/\/www.welovecycling.com\/sk\/#\/schema\/person\/image\/","url":"https:\/\/secure.gravatar.com\/avatar\/7f8deb1af8506a5f53d1b779436f546bce1c8c40c09780107ad3811c7dc4bbcb?s=96&d=mm&r=g","contentUrl":"https:\/\/secure.gravatar.com\/avatar\/7f8deb1af8506a5f53d1b779436f546bce1c8c40c09780107ad3811c7dc4bbcb?s=96&d=mm&r=g","caption":"michal"},"url":"https:\/\/www.welovecycling.com\/sk\/author\/michal\/"}]}},"_links":{"self":[{"href":"https:\/\/www.welovecycling.com\/sk\/wp-json\/wp\/v2\/posts\/20207","targetHints":{"allow":["GET"]}}],"collection":[{"href":"https:\/\/www.welovecycling.com\/sk\/wp-json\/wp\/v2\/posts"}],"about":[{"href":"https:\/\/www.welovecycling.com\/sk\/wp-json\/wp\/v2\/types\/post"}],"author":[{"embeddable":true,"href":"https:\/\/www.welovecycling.com\/sk\/wp-json\/wp\/v2\/users\/191"}],"replies":[{"embeddable":true,"href":"https:\/\/www.welovecycling.com\/sk\/wp-json\/wp\/v2\/comments?post=20207"}],"version-history":[{"count":6,"href":"https:\/\/www.welovecycling.com\/sk\/wp-json\/wp\/v2\/posts\/20207\/revisions"}],"predecessor-version":[{"id":20217,"href":"https:\/\/www.welovecycling.com\/sk\/wp-json\/wp\/v2\/posts\/20207\/revisions\/20217"}],"wp:featuredmedia":[{"embeddable":true,"href":"https:\/\/www.welovecycling.com\/sk\/wp-json\/wp\/v2\/media\/20208"}],"wp:attachment":[{"href":"https:\/\/www.welovecycling.com\/sk\/wp-json\/wp\/v2\/media?parent=20207"}],"wp:term":[{"taxonomy":"category","embeddable":true,"href":"https:\/\/www.welovecycling.com\/sk\/wp-json\/wp\/v2\/categories?post=20207"},{"taxonomy":"post_tag","embeddable":true,"href":"https:\/\/www.welovecycling.com\/sk\/wp-json\/wp\/v2\/tags?post=20207"},{"taxonomy":"global-categories","embeddable":true,"href":"https:\/\/www.welovecycling.com\/sk\/wp-json\/wp\/v2\/global-categories?post=20207"}],"curies":[{"name":"wp","href":"https:\/\/api.w.org\/{rel}","templated":true}]}}