{"id":20191,"date":"2025-04-03T11:00:00","date_gmt":"2025-04-03T09:00:00","guid":{"rendered":"https:\/\/www.welovecycling.com\/sk\/?p=20191"},"modified":"2025-04-07T08:31:00","modified_gmt":"2025-04-07T06:31:00","slug":"bud-je-to-na-strave-alebo-sa-to-nikdy-nestalo-psychologia-digitalneho-uspechu","status":"publish","type":"post","link":"https:\/\/www.welovecycling.com\/sk\/2025\/04\/03\/bud-je-to-na-strave-alebo-sa-to-nikdy-nestalo-psychologia-digitalneho-uspechu\/","title":{"rendered":"Bu\u010f je to na Strave, alebo sa to nikdy nestalo: psychol\u00f3gia digit\u00e1lneho \u00faspechu"},"content":{"rendered":"<p><strong>\u201eBu\u010f je to na Strave alebo sa to nikdy nestalo.\u201c Pozn\u00e1te to, v\u0161ak? To je to, k \u010domu dospela jazda na bicykli. A aby sme boli \u00faprimn\u00ed, nie je to vo svojej podstate zl\u00e9. Aj ke\u010f s\u00fa d\u00e1vno pre\u010d \u010dasy, ke\u010f ste sa mohli len tak povozi\u0165 a nikoho nezauj\u00edmalo, kde jazd\u00edte, ako dlho to trv\u00e1 a ako r\u00fdchlo ste vy\u0161liapali na ne\u010falek\u00fd kopec, alebo ako r\u00fdchlo ste zjedli ten kol\u00e1\u010d po\u010das zast\u00e1vky na k\u00e1vu.<\/strong><\/p>\n<p style=\"font-weight: 400;\"><!--more--><\/p>\n<p><span style=\"font-weight: 400;\">\u00c1no, Strava nie je len tr\u00e9ningov\u00fd n\u00e1stroj. Je to Facebook pre \u0161portovcov, ale najm\u00e4 pre cyklistov. Cyklista, to je \u017eivo\u010d\u00ed\u0161ny druh, ktor\u00fd bol posadnut\u00fd \u0161tatistikami d\u00e1vno predt\u00fdm, ako boli vyn\u00e1jden\u00e9 smartf\u00f3ny. Jedin\u00fd rozdiel bol v tom, \u017ee sme sa s ostatn\u00fdmi delili o svoje z\u00e1\u017eitky a v\u00fdkony t\u00fdm starom\u00f3dnym sp\u00f4sobom \u2013 chvastan\u00edm sa po\u010das prest\u00e1vok na k\u00e1vu alebo na spolo\u010densk\u00fdch stretnutiach.<\/span><\/p>\n<p><span style=\"font-weight: 400;\">Dnes o\u010dak\u00e1vame, \u017ee sl\u00e1va pr\u00edde hne\u010f, ako bud\u00fa na\u0161e metriky nahran\u00e9 do aplik\u00e1cie. Mysl\u00edme si, \u017ee u\u017e nie je potrebn\u00e9 o tom hovori\u0165 kamar\u00e1tom. \u017diadne em\u00f3cie, \u017eiadne zbyto\u010dn\u00e9 re\u010di. Len \u0161tatistiky na Strave.<\/span><\/p>\n<p><span style=\"font-weight: 400;\">Ale pre\u010do sme tak\u00ed? Pre\u010do si ni\u010d\u00edme \u010das\u0165 radosti z toho, \u017ee sme cyklisti, aby sme sa pochv\u00e1lili nejak\u00fdmi \u010d\u00edslami n\u00e1hodn\u00fdm \u013eu\u010fom?<\/span><\/p>\n<h2><strong>Snaha o uznanie na\u0161ej hodnoty<\/strong><\/h2>\n<p><span style=\"font-weight: 400;\">Vo svojej podstate <a href=\"https:\/\/www.strava.com\/\">Strava<\/a> vyu\u017e\u00edva z\u00e1kladn\u00e9 psychologick\u00e9 princ\u00edpy, ktor\u00e9 riadia na\u0161e \u013eudsk\u00e9 spr\u00e1vanie: uznanie na\u0161ej hodnoty, potrebu s\u00fa\u0165a\u017ee a komunity. Sme spolo\u010densk\u00e9 tvory. Milujeme by\u0165 s\u00fa\u010das\u0165ou skupiny. \u010co v\u0161ak milujeme e\u0161te viac, to je ocenenie od na\u0161ich priate\u013eov, rodiny alebo aj nezn\u00e1mych \u013eud\u00ed. A pr\u00e1ve v tejto oblasti <strong>Strava dominuje a dod\u00e1va n\u00e1m t\u00fdch p\u00e4\u0165 min\u00fat sl\u00e1vy, ktor\u00e9 p\u00f4sobia ako ak\u00e9si pot\u013eapkanie po pleci<\/strong>, ako pomyseln\u00e1 veta \u201edobr\u00e1 pr\u00e1ca\u201c od jedin\u00fdch \u013eud\u00ed, na ktor\u00fdch n\u00e1m z\u00e1le\u017e\u00ed: od ostatn\u00fdch cyklistov.<\/span><\/p>\n<p><span style=\"font-weight: 400;\">M\u00fadri \u013eudia zistili, \u017ee prijatie digit\u00e1lneho uznania bez oh\u013eadu na to, kto ho d\u00e1va, v n\u00e1s uvo\u013e\u0148uje dobr\u00e9 pocity. No a mali na mysli dopam\u00edn, samozrejme. A vy viete o \u010dom hovor\u00edm? Dopam\u00edn je chemik\u00e1lia, v\u010faka ktorej sa c\u00edtite dobre.<\/span><\/p>\n<p><span style=\"font-weight: 400;\">Bohu\u017eia\u013e, rovnako ako v\u00e4\u010d\u0161ina chemick\u00fdch l\u00e1tok, \u010d\u00edm viac dopam\u00ednu dostanete, t\u00fdm odolnej\u0161ie sa va\u0161e telo vo\u010di nemu stane. Tak\u017ee mus\u00edte nielen pokra\u010dova\u0165 v tom, \u010do rob\u00edte, ale mus\u00edte tie\u017e zvy\u0161ova\u0165 svoj v\u00fdkon a pok\u00fasi\u0165 sa z\u00edska\u0165 nejak\u00fd ten koment\u00e1r navy\u0161e. Nie je ni\u010d lep\u0161ie ako dosta\u0165 \u201ewow\u201c koment\u00e1r od \u00faplne nezn\u00e1meho \u010dloveka. Ten pocit n\u00e1s motivuje jazdi\u0165 viac, jazdi\u0165 dlh\u0161ie a \u00e1no, ob\u010das manu\u00e1lne nahra\u0165 podozrivo p\u00f4sobiv\u00fd v\u00fdjazd, ke\u010f zabudneme stla\u010di\u0165 \u201erecord\u201c.<\/span><\/p>\n<p><span style=\"font-weight: 400;\">T\u00fa\u017eba po uznan\u00ed na\u0161ich v\u00fdkonov v\u0161ak m\u00f4\u017ee vytvori\u0165 aj ak\u00fdsi konkuren\u010dn\u00fd spodn\u00fd pr\u00fad. Cyklisti sa pristihn\u00fa, \u017ee porovn\u00e1vaj\u00fa svoje v\u00fdkony s rovesn\u00edkmi a potichu sa \u010duduj\u00fa, pre\u010do sa ich perfektne vy\u0161liapan\u00fdm kopcom nedostalo to\u013eko pozornosti ako niekomu in\u00e9mu, ktor\u00fd ich zdolal s ove\u013ea hor\u0161\u00edm \u010dasom.<\/span><\/p>\n<figure id=\"attachment_20192\" aria-describedby=\"caption-attachment-20192\" style=\"width: 990px\" class=\"wp-caption alignnone\"><a href=\"https:\/\/d2p6e6u75xmxt8.cloudfront.net\/4\/2025\/04\/Woman-Cyclist-Phone-profimedia-0958546215.webp\"><img loading=\"lazy\" decoding=\"async\" class=\"wp-image-20192 size-full\" src=\"https:\/\/d2p6e6u75xmxt8.cloudfront.net\/4\/2025\/04\/Woman-Cyclist-Phone-profimedia-0958546215.webp\" alt=\"A cyclist with phone\" width=\"990\" height=\"660\" srcset=\"https:\/\/d2p6e6u75xmxt8.cloudfront.net\/4\/2025\/04\/Woman-Cyclist-Phone-profimedia-0958546215.webp 990w, https:\/\/d2p6e6u75xmxt8.cloudfront.net\/4\/2025\/04\/Woman-Cyclist-Phone-profimedia-0958546215-300x200.webp 300w, https:\/\/d2p6e6u75xmxt8.cloudfront.net\/4\/2025\/04\/Woman-Cyclist-Phone-profimedia-0958546215-768x512.webp 768w, https:\/\/d2p6e6u75xmxt8.cloudfront.net\/4\/2025\/04\/Woman-Cyclist-Phone-profimedia-0958546215-400x267.webp 400w, https:\/\/d2p6e6u75xmxt8.cloudfront.net\/4\/2025\/04\/Woman-Cyclist-Phone-profimedia-0958546215-272x182.webp 272w\" sizes=\"auto, (max-width: 990px) 100vw, 990px\" \/><\/a><figcaption id=\"caption-attachment-20192\" class=\"wp-caption-text\"><span style=\"font-weight: 400;\">Strava nie je len tr\u00e9ningov\u00fd n\u00e1stroj. \u00a9 Profimedia<\/span><\/figcaption><\/figure>\n<h2><strong>Mentalita KOM\/QOM<\/strong><\/h2>\n<p><span style=\"font-weight: 400;\">Syst\u00e9m King alebo Queen of the Mountain (KOM\/QOM) je korunova\u010dn\u00fdm klenotom Stravy. Umo\u017e\u0148uje cyklistom by\u0165 na pretekoch, aj ke\u010f jazdia sami. Dosahovanie t\u00fdchto cie\u013eov uspokojuje na\u0161u vroden\u00fa t\u00fa\u017ebu po \u00faspechu \u2013 na\u0161u potrebu mera\u0165 sa s ostatn\u00fdmi.<\/span><\/p>\n<p><span style=\"font-weight: 400;\">Te\u00f3ria soci\u00e1lneho porovn\u00e1vania nazna\u010duje, \u017ee svoje schopnosti meriame porovn\u00e1van\u00edm sa s ostatn\u00fdmi. Toto je vryt\u00e9 do na\u0161ej pam\u00e4ti, odkedy sme za\u010dali chodi\u0165 do \u0161k\u00f4lky, ke\u010f sme sa za\u010dali hra\u0165 hry. Je to tie\u017e z\u00e1kladn\u00fd \u013eudsk\u00fd in\u0161tinkt ako pred 12 000 rokmi, ktor\u00e9mu v\u010fa\u010d\u00edme za to, \u017ee sme mohli pre\u017ei\u0165.<\/span><\/p>\n<p><span style=\"font-weight: 400;\">Na\u0161\u0165astie, ak dnes pri v\u00fdstupe spomal\u00edte, nezo\u017eerie v\u00e1s svorka vlkov. Napriek tomu sa m\u00f4\u017eete c\u00edti\u0165 zle \u010di dokonca v depresii. Strava tieto pocity umoc\u0148uje umiest\u0148ovan\u00edm cyklistov na rebr\u00ed\u010dkoch v\u00fdkonnosti, \u010d\u00edm premie\u0148a ka\u017ed\u00fd segment na test kond\u00edcie a v\u00fdkonnosti. Rebr\u00ed\u010dek neklame: <strong>bu\u010f ste na vrchole, alebo nah\u00e1\u0148ate niekoho, kto tam u\u017e je.<\/strong><\/span><\/p>\n<p><span style=\"font-weight: 400;\">Nie je prekvapen\u00edm, \u017ee prenasledovanie KOM-ov sa m\u00f4\u017ee sta\u0165 obsedantnou z\u00e1vislos\u0165ou. Ak za\u010dnete pl\u00e1nova\u0165 svoje jazdy na z\u00e1klade smerov vetra a optim\u00e1lnych podmienok, rad\u0161ej s t\u00fdm presta\u0148te hne\u010f na za\u010diatku. Nezab\u00fadajte, \u017ee bicyklovanie je z\u00e1bava a nie ka\u017ed\u00e1 jazda by mala by\u0165 prenasledovan\u00edm nejak\u00e9ho cyklistu, ktor\u00fd je na prvom mieste na Strave.<\/span><\/p>\n<h2><strong>Segmenty zvy\u0161uj\u00fa motiv\u00e1ciu<\/strong><\/h2>\n<p><span style=\"font-weight: 400;\">Segmenty s\u00fa \u010fal\u0161\u00edm geni\u00e1lnym vyn\u00e1lezom Stravy, ktor\u00fd premie\u0148a v\u0161edn\u00e9 \u00faseky ciest na pr\u00edle\u017eitos\u0165 dosiahnu\u0165 osobn\u00fa sl\u00e1vu. Ka\u017ed\u00fd segment pon\u00faka merate\u013en\u00fd cie\u013e, \u010di u\u017e ide o prekonanie svojho osobn\u00e9ho maxima alebo o predbehnutie tajomn\u00e9ho miestneho jazdca, ktor\u00fd zjavne pou\u017e\u00edval e-bike. \u00c1no, m\u00f4j mil\u00fd tajomn\u00fd cyklista, v\u0161etci vieme, \u017ee nem\u00f4\u017ee\u0161 nast\u00fapa\u0165 2,4 km so st\u00fapan\u00edm 8 % za 2:50 min\u00faty. To sa dot\u00fdka te\u00f3rie stanovovania cie\u013eov, ktor\u00e1 uv\u00e1dza, \u017ee konkr\u00e9tne a n\u00e1ro\u010dn\u00e9 ciele zvy\u0161uj\u00fa motiv\u00e1ciu a v\u00fdkon. Segmenty poskytuj\u00fa tieto ve\u013ek\u00e9 v\u00fdzvy a n\u00fatia cyklistov, aby otestovali svoje limity v snahe o pokrok.<\/span><\/p>\n<p><span style=\"font-weight: 400;\">Segmenty v\u0161ak sp\u00fa\u0161\u0165aj\u00fa aj to, \u010do psychol\u00f3govia naz\u00fdvaj\u00fa \u201ez\u00e1vislos\u0165 od \u00faspechu\u201c. Vzru\u0161enie z nastavenia nov\u00e9ho PR alebo postupu v rebr\u00ed\u010dku m\u00f4\u017ee zatieni\u0165 samotn\u00fd zmysel jazdy. Cyklisti m\u00f4\u017eu vynecha\u0165 rozcvi\u010dku, pred\u010dasne vyhorie\u0165 alebo zbyto\u010dne riskova\u0165 \u2013 to v\u0161etko v mene zlep\u0161enia svojho \u010dasu na segmente o p\u00e1r sek\u00fand.<\/span><\/p>\n<p><span style=\"font-weight: 400;\">Navy\u0161e, mnoh\u00ed by boli schopn\u00ed jednoducho ignorova\u0165 objavovanie novej trasy, len aby mohli porazi\u0165 tento jeden konkr\u00e9tny segment. O tom cyklistika nie je.<\/span><\/p>\n<h2><strong>Strach, \u017ee zabudnete zapn\u00fa\u0165 nahr\u00e1vanie<\/strong><\/h2>\n<p><span style=\"font-weight: 400;\">Rovnako tak va\u0161a jazda nie je len o nahr\u00e1van\u00ed. Je to v poriadku, ak zabudnete klikn\u00fa\u0165 na tla\u010didlo \u0160tart na cyklopo\u010d\u00edta\u010di alebo hodink\u00e1ch. Nemus\u00edte sa vraca\u0165 dolu vy\u010derp\u00e1vaj\u00facim 15 % st\u00fapan\u00edm, aby ste si mohli zaznamena\u0165 svoj \u010das.<\/span><\/p>\n<p><span style=\"font-weight: 400;\"><strong>S\u00fa vraj aj cyklisti, ktor\u00ed dostali z\u00e1chvat hnevu, ke\u010f zabudli zaznamena\u0165 prv\u00fdch 10 min\u00fat svojej jazdy. Akoby boli za to platen\u00ed.<\/strong> Strava u cyklistov sp\u00f4sobila, \u017ee porovn\u00e1vaj\u00fa hodnotu svojich j\u00e1zd s mno\u017estvom verejn\u00e9ho uznania. Nezaznamenan\u00e1 jazda p\u00f4sob\u00ed ne\u00faplne, ako nevypovedan\u00fd pr\u00edbeh. Aby to zachr\u00e1nili, niektor\u00ed jazdci sa uch\u00fdlia k manu\u00e1lnemu zad\u00e1vaniu s podrobn\u00fdm popisom svojich hrdinstiev, zatia\u013e \u010do in\u00ed bud\u00fa jazdu opakova\u0165, len aby sa uistili, \u017ee je riadne zdokumentovan\u00e1. \u010ci tak alebo onak, je to d\u00f4kaz toho, ako hlboko sa Strava integrovala do cyklistickej psychiky.<\/span><\/p>\n<p><span style=\"font-weight: 400;\">Napriek tomu by to takto nemalo by\u0165. Strava by v\u00e1m mala umocni\u0165 z\u00e1\u017eitok, nie ho riadi\u0165. Mali by ste by\u0165 schopn\u00ed zastavi\u0165 sa a vychutna\u0165 si v\u00fdh\u013ead. Po\u010das jazdy by ste mali by\u0165 schopn\u00ed rozpr\u00e1va\u0165 sa so svojimi priate\u013emi. Mali by ste by\u0165 schopn\u00ed jednoducho zastavi\u0165 na \u010derven\u00fa. Strava nie je cel\u00fd v\u00e1\u0161 svet. Napriek tomu sa zd\u00e1, \u017ee mnoh\u00ed na to zab\u00fadaj\u00fa.<\/span><\/p>\n<h2><strong>Pre\u010do na tom z\u00e1le\u017e\u00ed<\/strong><\/h2>\n<p><span style=\"font-weight: 400;\"><strong>Ka\u017ed\u00e1 jazda m\u00f4\u017ee by\u0165 pr\u00edbehom, bez oh\u013eadu na to, \u010di Strava sleduje ka\u017ed\u00e9 va\u0161e \u0161liapnutie do ped\u00e1lu, alebo nie.<\/strong> Ke\u010f som pri zjazde prv\u00fdkr\u00e1t dosiahol r\u00fdchlos\u0165 100 km\/h, nikto by tomu neveril, keby to z\u00e1znam na Strave nepotvrdil. Ale rovnak\u00fd efekt m\u00f4\u017eete ma\u0165, ak budete jazdi\u0165 so svojimi kamo\u0161mi. \u00c1no, mo\u017eno nepovedia: \u201e&#8230;a potom dosiahol v\u00fdkon 1200 wattov a prakticky porazil Jonathana Milana v tomto \u0161print\u00e9rskom segmente,\u201c ale bud\u00fa vo svojom rozpr\u00e1van\u00ed toho, \u010do sa stalo, ove\u013ea z\u00e1bavnej\u0161\u00ed. \u010c\u00edsla s\u00fa len \u010d\u00edsla. Nepren\u00e1\u0161aj\u00fa em\u00f3cie. A va\u0161a em\u00f3cia sa v\u017edy zn\u00e1sob\u00ed, ke\u010f ju zdie\u013eate s niek\u00fdm in\u00fdm.<\/span><\/p>\n<h2><strong>Stalo sa<\/strong><\/h2>\n<p><span style=\"font-weight: 400;\">Nakoniec je Strava len platforma. Iste, je to fenom\u00e9n odr\u00e1\u017eaj\u00faci to najlep\u0161ie aj najhor\u0161ie v \u013eudskej psychol\u00f3gii. Ale vo svojom jadre je Strava umel\u00fdm soci\u00e1lnym spojen\u00edm zameran\u00fdm na cyklistov (a in\u00fdch \u0161portovcov). Hoci ona samotn\u00e1 m\u00f4\u017ee napodob\u0148ova\u0165 ak\u00e9si vz\u00e1jomn\u00e9 \u013eudsk\u00e9 prepojenie, nikdy v\u0161ak nem\u00f4\u017ee nahradi\u0165 pekn\u00fa jazdu s priate\u013emi, kon\u010diacu pri pive v parku alebo v kaviarni.<\/span><\/p>\n<p><span style=\"font-weight: 400;\">Tak\u017ee pokra\u010dujte, nah\u00e1\u0148ajte KOMy, nahrajte jazdu a doprajte svojim priate\u013eom zasl\u00fa\u017een\u00fa sl\u00e1vu. Len nezabudnite, pre\u010do ste za\u010dali jazdi\u0165 na bicykli: nie pre \u0161tatistiky, ale pre rados\u0165 z jazdy.<\/span><\/p>\n","protected":false},"excerpt":{"rendered":"<p>\u201eBu\u010f je to na Strave alebo sa to nikdy nestalo.\u201c Pozn\u00e1te to, v\u0161ak? To je to, k \u010domu dospela jazda [&hellip;]<\/p>\n","protected":false},"author":191,"featured_media":20194,"comment_status":"closed","ping_status":"closed","sticky":false,"template":"","format":"standard","meta":{"footnotes":""},"categories":[191],"tags":[619,115,597,546,180,532,767,163,55,161],"global-categories":[],"class_list":["post-20191","post","type-post","status-publish","format-standard","has-post-thumbnail","hentry","category-odporucame","tag-bicyklovanie","tag-cestna-cyklistika","tag-cyklista","tag-cyklistika","tag-horska-cyklistika","tag-jazdenie","tag-motivacia","tag-strava","tag-trening","tag-zdravie"],"yoast_head":"<!-- This site is optimized with the Yoast SEO Premium plugin v25.3 (Yoast SEO v25.9) - https:\/\/yoast.com\/wordpress\/plugins\/seo\/ -->\n<title>Bu\u010f je to na Strave, alebo sa to nestalo: psychol\u00f3gia digit\u00e1lneho \u00faspechu<\/title>\n<meta name=\"description\" content=\"\u201eBu\u010f je to na Strave alebo sa to nikdy nestalo.\u201c Pozn\u00e1te to, v\u0161ak? To je to, k \u010domu dospela jazda na bicykli.\" \/>\n<meta name=\"robots\" content=\"index, follow, max-snippet:-1, max-image-preview:large, max-video-preview:-1\" \/>\n<link rel=\"canonical\" href=\"https:\/\/www.welovecycling.com\/sk\/2025\/04\/03\/bud-je-to-na-strave-alebo-sa-to-nikdy-nestalo-psychologia-digitalneho-uspechu\/\" \/>\n<meta property=\"og:locale\" content=\"sk_SK\" \/>\n<meta property=\"og:type\" content=\"article\" \/>\n<meta property=\"og:title\" content=\"Bu\u010f je to na Strave, alebo sa to nikdy nestalo: psychol\u00f3gia digit\u00e1lneho \u00faspechu\" \/>\n<meta property=\"og:description\" content=\"\u201eBu\u010f je to na Strave alebo sa to nikdy nestalo.\u201c Pozn\u00e1te to, v\u0161ak? To je to, k \u010domu dospela jazda na bicykli.\" \/>\n<meta property=\"og:url\" content=\"https:\/\/www.welovecycling.com\/sk\/2025\/04\/03\/bud-je-to-na-strave-alebo-sa-to-nikdy-nestalo-psychologia-digitalneho-uspechu\/\" \/>\n<meta property=\"og:site_name\" content=\"\u0160koda We Love Cycling Slovensko\" \/>\n<meta property=\"article:published_time\" content=\"2025-04-03T09:00:00+00:00\" \/>\n<meta property=\"article:modified_time\" content=\"2025-04-07T06:31:00+00:00\" \/>\n<meta property=\"og:image\" content=\"https:\/\/d2p6e6u75xmxt8.cloudfront.net\/4\/2025\/04\/Cyclist-With-Phone-profimedia-0912574669-CVR.webp\" \/>\n\t<meta property=\"og:image:width\" content=\"990\" \/>\n\t<meta property=\"og:image:height\" content=\"660\" \/>\n\t<meta property=\"og:image:type\" content=\"image\/webp\" \/>\n<meta name=\"author\" content=\"michal\" \/>\n<meta name=\"twitter:card\" content=\"summary_large_image\" \/>\n<meta name=\"twitter:label1\" content=\"Written by\" \/>\n\t<meta name=\"twitter:data1\" content=\"Martin Atanasov\" \/>\n\t<meta name=\"twitter:label2\" content=\"Est. reading time\" \/>\n\t<meta name=\"twitter:data2\" content=\"4\" \/>\n<script type=\"application\/ld+json\" class=\"yoast-schema-graph\">{\"@context\":\"https:\/\/schema.org\",\"@graph\":[{\"@type\":\"WebPage\",\"@id\":\"https:\/\/www.welovecycling.com\/sk\/2025\/04\/03\/bud-je-to-na-strave-alebo-sa-to-nikdy-nestalo-psychologia-digitalneho-uspechu\/\",\"url\":\"https:\/\/www.welovecycling.com\/sk\/2025\/04\/03\/bud-je-to-na-strave-alebo-sa-to-nikdy-nestalo-psychologia-digitalneho-uspechu\/\",\"name\":\"Bu\u010f je to na Strave, alebo sa to nestalo: psychol\u00f3gia digit\u00e1lneho \u00faspechu\",\"isPartOf\":{\"@id\":\"https:\/\/www.welovecycling.com\/sk\/#website\"},\"primaryImageOfPage\":{\"@id\":\"https:\/\/www.welovecycling.com\/sk\/2025\/04\/03\/bud-je-to-na-strave-alebo-sa-to-nikdy-nestalo-psychologia-digitalneho-uspechu\/#primaryimage\"},\"image\":{\"@id\":\"https:\/\/www.welovecycling.com\/sk\/2025\/04\/03\/bud-je-to-na-strave-alebo-sa-to-nikdy-nestalo-psychologia-digitalneho-uspechu\/#primaryimage\"},\"thumbnailUrl\":\"https:\/\/d2p6e6u75xmxt8.cloudfront.net\/4\/2025\/04\/Cyclist-With-Phone-profimedia-0912574669-CVR.webp\",\"datePublished\":\"2025-04-03T09:00:00+00:00\",\"dateModified\":\"2025-04-07T06:31:00+00:00\",\"author\":{\"@id\":\"https:\/\/www.welovecycling.com\/sk\/#\/schema\/person\/45e989de48eace55eb338c027dc5a65e\"},\"description\":\"\u201eBu\u010f je to na Strave alebo sa to nikdy nestalo.\u201c Pozn\u00e1te to, v\u0161ak? To je to, k \u010domu dospela jazda na bicykli.\",\"breadcrumb\":{\"@id\":\"https:\/\/www.welovecycling.com\/sk\/2025\/04\/03\/bud-je-to-na-strave-alebo-sa-to-nikdy-nestalo-psychologia-digitalneho-uspechu\/#breadcrumb\"},\"inLanguage\":\"sk-SK\",\"potentialAction\":[{\"@type\":\"ReadAction\",\"target\":[\"https:\/\/www.welovecycling.com\/sk\/2025\/04\/03\/bud-je-to-na-strave-alebo-sa-to-nikdy-nestalo-psychologia-digitalneho-uspechu\/\"]}]},{\"@type\":\"ImageObject\",\"inLanguage\":\"sk-SK\",\"@id\":\"https:\/\/www.welovecycling.com\/sk\/2025\/04\/03\/bud-je-to-na-strave-alebo-sa-to-nikdy-nestalo-psychologia-digitalneho-uspechu\/#primaryimage\",\"url\":\"https:\/\/d2p6e6u75xmxt8.cloudfront.net\/4\/2025\/04\/Cyclist-With-Phone-profimedia-0912574669-CVR.webp\",\"contentUrl\":\"https:\/\/d2p6e6u75xmxt8.cloudfront.net\/4\/2025\/04\/Cyclist-With-Phone-profimedia-0912574669-CVR.webp\",\"width\":990,\"height\":660,\"caption\":\"Cyclist with a phone\"},{\"@type\":\"BreadcrumbList\",\"@id\":\"https:\/\/www.welovecycling.com\/sk\/2025\/04\/03\/bud-je-to-na-strave-alebo-sa-to-nikdy-nestalo-psychologia-digitalneho-uspechu\/#breadcrumb\",\"itemListElement\":[{\"@type\":\"ListItem\",\"position\":1,\"name\":\"Home\",\"item\":\"https:\/\/www.welovecycling.com\/sk\/\"},{\"@type\":\"ListItem\",\"position\":2,\"name\":\"Bu\u010f je to na Strave, alebo sa to nikdy nestalo: psychol\u00f3gia digit\u00e1lneho \u00faspechu\"}]},{\"@type\":\"WebSite\",\"@id\":\"https:\/\/www.welovecycling.com\/sk\/#website\",\"url\":\"https:\/\/www.welovecycling.com\/sk\/\",\"name\":\"\u0160koda We Love Cycling Slovensko\",\"description\":\"\u0160koda We Love Cycling Slovensko je v\u00e1\u0161 ka\u017edodenn\u00fd zdroj noviniek a in\u0161pir\u00e1cie z sveta cyklistiky\",\"potentialAction\":[{\"@type\":\"SearchAction\",\"target\":{\"@type\":\"EntryPoint\",\"urlTemplate\":\"https:\/\/www.welovecycling.com\/sk\/?s={search_term_string}\"},\"query-input\":{\"@type\":\"PropertyValueSpecification\",\"valueRequired\":true,\"valueName\":\"search_term_string\"}}],\"inLanguage\":\"sk-SK\"},{\"@type\":\"Person\",\"@id\":\"https:\/\/www.welovecycling.com\/sk\/#\/schema\/person\/45e989de48eace55eb338c027dc5a65e\",\"name\":\"michal\",\"image\":{\"@type\":\"ImageObject\",\"inLanguage\":\"sk-SK\",\"@id\":\"https:\/\/www.welovecycling.com\/sk\/#\/schema\/person\/image\/\",\"url\":\"https:\/\/secure.gravatar.com\/avatar\/7f8deb1af8506a5f53d1b779436f546bce1c8c40c09780107ad3811c7dc4bbcb?s=96&d=mm&r=g\",\"contentUrl\":\"https:\/\/secure.gravatar.com\/avatar\/7f8deb1af8506a5f53d1b779436f546bce1c8c40c09780107ad3811c7dc4bbcb?s=96&d=mm&r=g\",\"caption\":\"michal\"},\"url\":\"https:\/\/www.welovecycling.com\/sk\/author\/michal\/\"}]}<\/script>\n<!-- \/ Yoast SEO Premium plugin. -->","yoast_head_json":{"title":"Bu\u010f je to na Strave, alebo sa to nestalo: psychol\u00f3gia digit\u00e1lneho \u00faspechu","description":"\u201eBu\u010f je to na Strave alebo sa to nikdy nestalo.\u201c Pozn\u00e1te to, v\u0161ak? To je to, k \u010domu dospela jazda na bicykli.","robots":{"index":"index","follow":"follow","max-snippet":"max-snippet:-1","max-image-preview":"max-image-preview:large","max-video-preview":"max-video-preview:-1"},"canonical":"https:\/\/www.welovecycling.com\/sk\/2025\/04\/03\/bud-je-to-na-strave-alebo-sa-to-nikdy-nestalo-psychologia-digitalneho-uspechu\/","og_locale":"sk_SK","og_type":"article","og_title":"Bu\u010f je to na Strave, alebo sa to nikdy nestalo: psychol\u00f3gia digit\u00e1lneho \u00faspechu","og_description":"\u201eBu\u010f je to na Strave alebo sa to nikdy nestalo.\u201c Pozn\u00e1te to, v\u0161ak? To je to, k \u010domu dospela jazda na bicykli.","og_url":"https:\/\/www.welovecycling.com\/sk\/2025\/04\/03\/bud-je-to-na-strave-alebo-sa-to-nikdy-nestalo-psychologia-digitalneho-uspechu\/","og_site_name":"\u0160koda We Love Cycling Slovensko","article_published_time":"2025-04-03T09:00:00+00:00","article_modified_time":"2025-04-07T06:31:00+00:00","og_image":[{"width":990,"height":660,"url":"https:\/\/d2p6e6u75xmxt8.cloudfront.net\/4\/2025\/04\/Cyclist-With-Phone-profimedia-0912574669-CVR.webp","type":"image\/webp"}],"author":"michal","twitter_card":"summary_large_image","twitter_misc":{"Written by":"Martin Atanasov","Est. reading time":"4"},"schema":{"@context":"https:\/\/schema.org","@graph":[{"@type":"WebPage","@id":"https:\/\/www.welovecycling.com\/sk\/2025\/04\/03\/bud-je-to-na-strave-alebo-sa-to-nikdy-nestalo-psychologia-digitalneho-uspechu\/","url":"https:\/\/www.welovecycling.com\/sk\/2025\/04\/03\/bud-je-to-na-strave-alebo-sa-to-nikdy-nestalo-psychologia-digitalneho-uspechu\/","name":"Bu\u010f je to na Strave, alebo sa to nestalo: psychol\u00f3gia digit\u00e1lneho \u00faspechu","isPartOf":{"@id":"https:\/\/www.welovecycling.com\/sk\/#website"},"primaryImageOfPage":{"@id":"https:\/\/www.welovecycling.com\/sk\/2025\/04\/03\/bud-je-to-na-strave-alebo-sa-to-nikdy-nestalo-psychologia-digitalneho-uspechu\/#primaryimage"},"image":{"@id":"https:\/\/www.welovecycling.com\/sk\/2025\/04\/03\/bud-je-to-na-strave-alebo-sa-to-nikdy-nestalo-psychologia-digitalneho-uspechu\/#primaryimage"},"thumbnailUrl":"https:\/\/d2p6e6u75xmxt8.cloudfront.net\/4\/2025\/04\/Cyclist-With-Phone-profimedia-0912574669-CVR.webp","datePublished":"2025-04-03T09:00:00+00:00","dateModified":"2025-04-07T06:31:00+00:00","author":{"@id":"https:\/\/www.welovecycling.com\/sk\/#\/schema\/person\/45e989de48eace55eb338c027dc5a65e"},"description":"\u201eBu\u010f je to na Strave alebo sa to nikdy nestalo.\u201c Pozn\u00e1te to, v\u0161ak? To je to, k \u010domu dospela jazda na bicykli.","breadcrumb":{"@id":"https:\/\/www.welovecycling.com\/sk\/2025\/04\/03\/bud-je-to-na-strave-alebo-sa-to-nikdy-nestalo-psychologia-digitalneho-uspechu\/#breadcrumb"},"inLanguage":"sk-SK","potentialAction":[{"@type":"ReadAction","target":["https:\/\/www.welovecycling.com\/sk\/2025\/04\/03\/bud-je-to-na-strave-alebo-sa-to-nikdy-nestalo-psychologia-digitalneho-uspechu\/"]}]},{"@type":"ImageObject","inLanguage":"sk-SK","@id":"https:\/\/www.welovecycling.com\/sk\/2025\/04\/03\/bud-je-to-na-strave-alebo-sa-to-nikdy-nestalo-psychologia-digitalneho-uspechu\/#primaryimage","url":"https:\/\/d2p6e6u75xmxt8.cloudfront.net\/4\/2025\/04\/Cyclist-With-Phone-profimedia-0912574669-CVR.webp","contentUrl":"https:\/\/d2p6e6u75xmxt8.cloudfront.net\/4\/2025\/04\/Cyclist-With-Phone-profimedia-0912574669-CVR.webp","width":990,"height":660,"caption":"Cyclist with a phone"},{"@type":"BreadcrumbList","@id":"https:\/\/www.welovecycling.com\/sk\/2025\/04\/03\/bud-je-to-na-strave-alebo-sa-to-nikdy-nestalo-psychologia-digitalneho-uspechu\/#breadcrumb","itemListElement":[{"@type":"ListItem","position":1,"name":"Home","item":"https:\/\/www.welovecycling.com\/sk\/"},{"@type":"ListItem","position":2,"name":"Bu\u010f je to na Strave, alebo sa to nikdy nestalo: psychol\u00f3gia digit\u00e1lneho \u00faspechu"}]},{"@type":"WebSite","@id":"https:\/\/www.welovecycling.com\/sk\/#website","url":"https:\/\/www.welovecycling.com\/sk\/","name":"\u0160koda We Love Cycling Slovensko","description":"\u0160koda We Love Cycling Slovensko je v\u00e1\u0161 ka\u017edodenn\u00fd zdroj noviniek a in\u0161pir\u00e1cie z sveta cyklistiky","potentialAction":[{"@type":"SearchAction","target":{"@type":"EntryPoint","urlTemplate":"https:\/\/www.welovecycling.com\/sk\/?s={search_term_string}"},"query-input":{"@type":"PropertyValueSpecification","valueRequired":true,"valueName":"search_term_string"}}],"inLanguage":"sk-SK"},{"@type":"Person","@id":"https:\/\/www.welovecycling.com\/sk\/#\/schema\/person\/45e989de48eace55eb338c027dc5a65e","name":"michal","image":{"@type":"ImageObject","inLanguage":"sk-SK","@id":"https:\/\/www.welovecycling.com\/sk\/#\/schema\/person\/image\/","url":"https:\/\/secure.gravatar.com\/avatar\/7f8deb1af8506a5f53d1b779436f546bce1c8c40c09780107ad3811c7dc4bbcb?s=96&d=mm&r=g","contentUrl":"https:\/\/secure.gravatar.com\/avatar\/7f8deb1af8506a5f53d1b779436f546bce1c8c40c09780107ad3811c7dc4bbcb?s=96&d=mm&r=g","caption":"michal"},"url":"https:\/\/www.welovecycling.com\/sk\/author\/michal\/"}]}},"_links":{"self":[{"href":"https:\/\/www.welovecycling.com\/sk\/wp-json\/wp\/v2\/posts\/20191","targetHints":{"allow":["GET"]}}],"collection":[{"href":"https:\/\/www.welovecycling.com\/sk\/wp-json\/wp\/v2\/posts"}],"about":[{"href":"https:\/\/www.welovecycling.com\/sk\/wp-json\/wp\/v2\/types\/post"}],"author":[{"embeddable":true,"href":"https:\/\/www.welovecycling.com\/sk\/wp-json\/wp\/v2\/users\/191"}],"replies":[{"embeddable":true,"href":"https:\/\/www.welovecycling.com\/sk\/wp-json\/wp\/v2\/comments?post=20191"}],"version-history":[{"count":4,"href":"https:\/\/www.welovecycling.com\/sk\/wp-json\/wp\/v2\/posts\/20191\/revisions"}],"predecessor-version":[{"id":20197,"href":"https:\/\/www.welovecycling.com\/sk\/wp-json\/wp\/v2\/posts\/20191\/revisions\/20197"}],"wp:featuredmedia":[{"embeddable":true,"href":"https:\/\/www.welovecycling.com\/sk\/wp-json\/wp\/v2\/media\/20194"}],"wp:attachment":[{"href":"https:\/\/www.welovecycling.com\/sk\/wp-json\/wp\/v2\/media?parent=20191"}],"wp:term":[{"taxonomy":"category","embeddable":true,"href":"https:\/\/www.welovecycling.com\/sk\/wp-json\/wp\/v2\/categories?post=20191"},{"taxonomy":"post_tag","embeddable":true,"href":"https:\/\/www.welovecycling.com\/sk\/wp-json\/wp\/v2\/tags?post=20191"},{"taxonomy":"global-categories","embeddable":true,"href":"https:\/\/www.welovecycling.com\/sk\/wp-json\/wp\/v2\/global-categories?post=20191"}],"curies":[{"name":"wp","href":"https:\/\/api.w.org\/{rel}","templated":true}]}}