{"id":20184,"date":"2025-03-25T12:00:06","date_gmt":"2025-03-25T11:00:06","guid":{"rendered":"https:\/\/www.welovecycling.com\/sk\/?p=20184"},"modified":"2025-03-25T11:21:39","modified_gmt":"2025-03-25T10:21:39","slug":"budte-pripraveni-na-svoje-najhorsie-dni","status":"publish","type":"post","link":"https:\/\/www.welovecycling.com\/sk\/2025\/03\/25\/budte-pripraveni-na-svoje-najhorsie-dni\/","title":{"rendered":"Bu\u010fte pripraven\u00ed na svoje najhor\u0161ie dni"},"content":{"rendered":"<p><strong>Pracovn\u00fd stres, rodinn\u00e9 povinnosti, z\u00e1v\u00e4zky\u2026 To v\u0161etko s\u00fa d\u00f4vody, ktor\u00e9 n\u00e1s dok\u00e1\u017eu vyko\u013eaji\u0165 z be\u017enej rutiny. Nie je re\u00e1lne sa t\u00fdmto veciam \u00faplne vyhn\u00fa\u0165, ale je mo\u017en\u00e9 by\u0165 pripraven\u00fd na dni, ke\u010f pr\u00eddu. Je to d\u00f4le\u017eit\u00e1 zru\u010dnos\u0165, preto\u017ee zl\u00fd de\u0148 neznamen\u00e1 len vynechanie jedn\u00e9ho tr\u00e9ningu, kvalitn\u00e9ho jedla alebo no\u010dn\u00e9ho sp\u00e1nku \u2013 je \u013eahk\u00e9 \u00faplne opusti\u0165 svoje zdrav\u00e9 n\u00e1vyky. Urobme v\u0161etko preto, aby sa to nest\u00e1valo.<\/strong><\/p>\n<p><!--more--><\/p>\n<p><span style=\"font-weight: 400;\">K\u013e\u00fa\u010dom je upravi\u0165 o\u010dak\u00e1vania a za\u010dleni\u0165 do svojho zdrav\u00e9ho \u017eivotn\u00e9ho \u0161t\u00fdlu ur\u010dit\u00fa flexibilitu. Je ove\u013ea pravdepodobnej\u0161ie, \u017ee pr\u00edstup v\u0161etko alebo ni\u010d dopadne ve\u013emi zle u\u017e po jedinom zlom dni. <strong>Naopak, schopnos\u0165 predv\u00edda\u0165 a prisp\u00f4sobi\u0165 sa je to, \u010do v\u00e1s udr\u017e\u00ed v chode a r\u00fdchlo v\u00e1s vr\u00e1ti k va\u0161im zdrav\u00fdm n\u00e1vykom.<\/strong> Tu je nieko\u013eko strat\u00e9gi\u00ed, ktor\u00e9 v\u00e1m pom\u00f4\u017eu.<\/span><\/p>\n<h2><b>Definujte svoje minimum<\/b><\/h2>\n<p><span style=\"font-weight: 400;\">M\u00f4\u017ee to znie\u0165 nein\u0161pirat\u00edvne, ale ke\u010f bojujete s vlastnou d\u00f4slednos\u0165ou, ide\u00e1lne je na za\u010diatok stanovi\u0165 si cie\u013e, svoje minimum. Op\u00fdtajte sa sami seba: <strong>\u010co MUS\u00cdM urobi\u0165, ke\u010f pr\u00edde zl\u00fd de\u0148?<\/strong><\/span><\/p>\n<p><span style=\"font-weight: 400;\">Mo\u017eno je to len 5 min\u00fat stre\u010dingu alebo len jedna porcia zeleniny navy\u0161e. Cie\u013eom je definova\u0165 absol\u00fatne minim\u00e1lne \u00fasilie, ktor\u00e9 v\u00e1s udr\u017e\u00ed v kontakte s va\u0161imi n\u00e1vykmi. D\u00f4vodom je, \u017ee je ove\u013ea jednoduch\u0161ie vybudova\u0165 si existuj\u00faci n\u00e1vyk, ako si vybudova\u0165 nov\u00fd, s ktor\u00fdm ste u\u017e d\u00e1vno prestali.<\/span><\/p>\n<p><span style=\"font-weight: 400;\">Ke\u010f teda prem\u00fd\u0161\u013eate o svojich zdrav\u00fdch n\u00e1vykoch, nepredstavujte si len tie najlep\u0161ie dni, ke\u010f ich budete s rados\u0165ou v\u0161etky plni\u0165, ale <strong>nezabudnite ma\u0165 aj jasn\u00fa predstavu o tom, \u010do budete robi\u0165 v d\u0148och, ke\u010f bude v\u0161etko proti v\u00e1m.<\/strong><\/span><\/p>\n<h2><b>Zmiernite, nevyp\u00ednajte<\/b><\/h2>\n<p><span style=\"font-weight: 400;\">Ke\u010f sa pozrieme bli\u017e\u0161ie na va\u0161e n\u00e1vyky, mus\u00edme sa dr\u017ea\u0165 v akejsi rovnov\u00e1he. Bude ve\u013ea dn\u00ed, ke\u010f sa na to nebudete c\u00edti\u0165. A pr\u00e1ve vtedy pom\u00e1ha zmierni\u0165 snahu stravova\u0165 sa zdravo \u010di pravidelne jazdi\u0165. <strong>Zmierni\u0165 t\u00fato snahu, ale nie \u00faplne vypn\u00fa\u0165.<\/strong> Nie presta\u0165 myslie\u0165 na svoje zdrav\u00e9 n\u00e1vyky, ale len sa im venova\u0165 trochu menej.\u00a0<\/span><\/p>\n<p><span style=\"font-weight: 400;\">Ke\u010f veci id\u00fa dobre a m\u00e1te \u010das a energiu, znovu zara\u010fte vy\u0161\u0161iu r\u00fdchlos\u0165 a naplno sa do toho pustite. Jazdite viac, jedzte lep\u0161ie a optimalizujte regener\u00e1ciu. Ale ke\u010f v\u00e1m \u017eivot kladie pod nohy prek\u00e1\u017eky, jednoducho sa trochu st\u00ed\u0161te, no neop\u00fa\u0161\u0165ajte svoje n\u00e1vyky \u00faplne. Udr\u017eiavanie tohto druhu konzistencie je to, \u010do vedie k dlhodob\u00e9mu \u00faspechu.<\/span><\/p>\n<h2><b>Vybudujte si okolo seba podporn\u00fd syst\u00e9m<\/b><\/h2>\n<p><span style=\"font-weight: 400;\"><strong>Sila v\u00f4le v\u00e1s m\u00f4\u017ee dosta\u0165 skuto\u010dne \u010faleko.<\/strong> A v zl\u00fdch d\u0148och je aj v\u00f4le nedostatok. Ak chcete pokra\u010dova\u0165 v dodr\u017eiavan\u00ed svojich n\u00e1vykov, potrebujete prostredie, ktor\u00e9 v\u00e1s postr\u010d\u00ed smerom k spr\u00e1vnym rozhodnutiam.<\/span><\/p>\n<p><span style=\"font-weight: 400;\"><strong>Pou\u017eite sp\u00fa\u0161\u0165a\u010de.<\/strong> Umiestnite svoju cyklistick\u00fa prilbu k dver\u00e1m, aby v\u00e1m pripomenula jazdu. Nechajte f\u013ea\u0161u s vodou na stole, aby ste podporili hydrat\u00e1ciu. Tak\u00e9to mal\u00e9 podnety m\u00f4\u017eu vyvola\u0165 ve\u013ek\u00e9 zmeny v spr\u00e1van\u00ed.<\/span><\/p>\n<p><span style=\"font-weight: 400;\"><strong>Zbavte sa prek\u00e1\u017eok.<\/strong> Pripravte si cyklistick\u00e9 vybavenie ve\u010der vopred. Majte na o\u010diach zdrav\u00e9 ma\u0161krty a z\u00e1sobte chladni\u010dku zdrav\u00fdmi potravinami. \u010c\u00edm je v\u0161etko okolo v\u00e1s jednoduch\u0161ie, t\u00fdm je pravdepodobnej\u0161ie, \u017ee dodr\u017e\u00edte svoje z\u00e1sady a n\u00e1vyky.\u00a0<\/span><\/p>\n<p><span style=\"font-weight: 400;\"><strong>Odstr\u00e1\u0148te rozpt\u00fdlenie a poku\u0161enia.<\/strong> Vyma\u017ete aplik\u00e1cie, ktor\u00e9 v\u00e1s okr\u00e1daj\u00fa o \u010das, zbavte \u0161pajzu potrav\u00edn, ktor\u00fdmi sa zvyknete prejeda\u0165 a nenoste si telef\u00f3n do postele.<\/span><\/p>\n<p><span style=\"font-weight: 400;\">V\u010faka dobre navrhnut\u00e9mu prostrediu s\u00fa spr\u00e1vne rozhodnutia jednoduch\u00e9 aj v t\u00fdch naj\u0165a\u017e\u0161\u00edch d\u0148och. To je nie\u010do, na \u010do sa m\u00f4\u017eete z dlhodob\u00e9ho h\u013eadiska spo\u013eahn\u00fa\u0165.<\/span><\/p>\n<h2><b>Perfekcionizmus<\/b><\/h2>\n<p><span style=\"font-weight: 400;\"><strong>Perfekcionizmus je zabijak d\u00f4slednosti.<\/strong> Ak sa dr\u017e\u00edte nezmyselne vysok\u00e9ho \u0161tandardu, pripravujete sa na zlyhanie. Iste, ak sa sna\u017e\u00edte vyhra\u0165 olympi\u00e1du a va\u0161e \u017eivobytie z\u00e1vis\u00ed napr\u00edklad od v\u00e1\u0161ho \u0161pi\u010dkov\u00e9ho fyzick\u00e9ho v\u00fdkonu v pretekoch, potom budete musie\u0165 ve\u013ea obetova\u0165, aby ste si udr\u017eali vysoko nastaven\u00e9 \u0161tandardy. V\u00e4\u010d\u0161ina z n\u00e1s v\u0161ak potrebuje by\u0165 d\u00f4sledn\u00e1 v nieko\u013ek\u00fdch z\u00e1kladn\u00fdch zdrav\u00fdch n\u00e1vykoch. <\/span><\/p>\n<p><span style=\"font-weight: 400;\">T\u00ed, ktor\u00ed sa v \u0165a\u017ek\u00fdch d\u0148och uspokoja dokonca aj so \u017ealostn\u00fdm cie\u013eom, ale predsa splnia z\u00e1kladn\u00e9 po\u017eiadavky, zv\u00ed\u0165azia z dlhodob\u00e9ho h\u013eadiska.<\/span><\/p>\n<h2><b>Predefinujte \u00faspech<\/b><\/h2>\n<p><span style=\"font-weight: 400;\"><strong>Dlhodob\u00e9 zdravie a kond\u00edcia nie s\u00fa o extr\u00e9moch. Ide o konzistentnos\u0165 v \u010dase.<\/strong> Nastaven\u00edm re\u00e1lnych n\u00e1vykov a po\u017eiadaviek na seba, pou\u017e\u00edvan\u00edm flexibility a vhodn\u00fdm navrhnut\u00edm prostredia, ktor\u00e9 v\u00e1s podporuje, m\u00f4\u017eete kona\u0165 aj v t\u00fdch najhor\u0161\u00edch d\u0148och. Odteraz u\u017e \u017eiadne \u201eviem, \u017ee by som to mal robi\u0165\u201c, iba \u201ev\u017edy m\u00f4\u017eem nie\u010do urobi\u0165\u201c.<\/span><\/p>\n","protected":false},"excerpt":{"rendered":"<p>Pracovn\u00fd stres, rodinn\u00e9 povinnosti, z\u00e1v\u00e4zky\u2026 To v\u0161etko s\u00fa d\u00f4vody, ktor\u00e9 n\u00e1s dok\u00e1\u017eu vyko\u013eaji\u0165 z be\u017enej rutiny. Nie je re\u00e1lne sa [&hellip;]<\/p>\n","protected":false},"author":172,"featured_media":20185,"comment_status":"closed","ping_status":"closed","sticky":false,"template":"","format":"standard","meta":{"footnotes":""},"categories":[2],"tags":[115,1307,1379,180,532,750,767,763,931,190,784,55,883,318,161,623],"global-categories":[],"class_list":["post-20184","post","type-post","status-publish","format-standard","has-post-thumbnail","hentry","category-zdravie-trening","tag-cestna-cyklistika","tag-domaci-trening","tag-dusevne-zdravie","tag-horska-cyklistika","tag-jazdenie","tag-kondicia","tag-motivacia","tag-oddych","tag-odporucame","tag-priprava","tag-stres","tag-trening","tag-uspech","tag-vyjazd","tag-zdravie","tag-zdravy-zivotny-styl"],"yoast_head":"<!-- This site is optimized with the Yoast SEO Premium plugin v25.3 (Yoast SEO v25.9) - https:\/\/yoast.com\/wordpress\/plugins\/seo\/ -->\n<title>Bu\u010fte pripraven\u00ed na svoje najhor\u0161ie dni - \u0160koda We Love Cycling Slovensko<\/title>\n<meta name=\"description\" content=\"Stresu, zlej n\u00e1lade, \u010di zl\u00fdm d\u0148om sa ned\u00e1 vyhn\u00fa. Je v\u0161ak d\u00f4le\u017eit\u00e9 by\u0165 pripraven\u00fd na to, ke\u010f pr\u00eddu. Ako na to?\" \/>\n<meta name=\"robots\" content=\"index, follow, max-snippet:-1, max-image-preview:large, max-video-preview:-1\" \/>\n<link rel=\"canonical\" href=\"https:\/\/www.welovecycling.com\/sk\/2025\/03\/25\/budte-pripraveni-na-svoje-najhorsie-dni\/\" \/>\n<meta property=\"og:locale\" content=\"sk_SK\" \/>\n<meta property=\"og:type\" content=\"article\" \/>\n<meta property=\"og:title\" content=\"Bu\u010fte pripraven\u00ed na svoje najhor\u0161ie dni\" \/>\n<meta property=\"og:description\" content=\"Stresu, zlej n\u00e1lade, \u010di zl\u00fdm d\u0148om sa ned\u00e1 vyhn\u00fa. Je v\u0161ak d\u00f4le\u017eit\u00e9 by\u0165 pripraven\u00fd na to, ke\u010f pr\u00eddu. Ako na to?\" \/>\n<meta property=\"og:url\" content=\"https:\/\/www.welovecycling.com\/sk\/2025\/03\/25\/budte-pripraveni-na-svoje-najhorsie-dni\/\" \/>\n<meta property=\"og:site_name\" content=\"\u0160koda We Love Cycling Slovensko\" \/>\n<meta property=\"article:published_time\" content=\"2025-03-25T11:00:06+00:00\" \/>\n<meta property=\"og:image\" content=\"https:\/\/d2p6e6u75xmxt8.cloudfront.net\/4\/2025\/03\/Anoyed-Tired-Cyclist-profimedia-0161395829-CVR.webp\" \/>\n\t<meta property=\"og:image:width\" content=\"990\" \/>\n\t<meta property=\"og:image:height\" content=\"660\" \/>\n\t<meta property=\"og:image:type\" content=\"image\/webp\" \/>\n<meta name=\"author\" content=\"dominika\" \/>\n<meta name=\"twitter:card\" content=\"summary_large_image\" \/>\n<meta name=\"twitter:label1\" content=\"Written by\" \/>\n\t<meta name=\"twitter:data1\" content=\"Ji\u0159\u00ed Kaloc\" \/>\n\t<meta name=\"twitter:label2\" content=\"Est. reading time\" \/>\n\t<meta name=\"twitter:data2\" content=\"3\" \/>\n<script type=\"application\/ld+json\" class=\"yoast-schema-graph\">{\"@context\":\"https:\/\/schema.org\",\"@graph\":[{\"@type\":\"WebPage\",\"@id\":\"https:\/\/www.welovecycling.com\/sk\/2025\/03\/25\/budte-pripraveni-na-svoje-najhorsie-dni\/\",\"url\":\"https:\/\/www.welovecycling.com\/sk\/2025\/03\/25\/budte-pripraveni-na-svoje-najhorsie-dni\/\",\"name\":\"Bu\u010fte pripraven\u00ed na svoje najhor\u0161ie dni - \u0160koda We Love Cycling Slovensko\",\"isPartOf\":{\"@id\":\"https:\/\/www.welovecycling.com\/sk\/#website\"},\"primaryImageOfPage\":{\"@id\":\"https:\/\/www.welovecycling.com\/sk\/2025\/03\/25\/budte-pripraveni-na-svoje-najhorsie-dni\/#primaryimage\"},\"image\":{\"@id\":\"https:\/\/www.welovecycling.com\/sk\/2025\/03\/25\/budte-pripraveni-na-svoje-najhorsie-dni\/#primaryimage\"},\"thumbnailUrl\":\"https:\/\/d2p6e6u75xmxt8.cloudfront.net\/4\/2025\/03\/Anoyed-Tired-Cyclist-profimedia-0161395829-CVR.webp\",\"datePublished\":\"2025-03-25T11:00:06+00:00\",\"author\":{\"@id\":\"https:\/\/www.welovecycling.com\/sk\/#\/schema\/person\/533b62b98b6c41bd5135ebfb1f742624\"},\"description\":\"Stresu, zlej n\u00e1lade, \u010di zl\u00fdm d\u0148om sa ned\u00e1 vyhn\u00fa. Je v\u0161ak d\u00f4le\u017eit\u00e9 by\u0165 pripraven\u00fd na to, ke\u010f pr\u00eddu. Ako na to?\",\"breadcrumb\":{\"@id\":\"https:\/\/www.welovecycling.com\/sk\/2025\/03\/25\/budte-pripraveni-na-svoje-najhorsie-dni\/#breadcrumb\"},\"inLanguage\":\"sk-SK\",\"potentialAction\":[{\"@type\":\"ReadAction\",\"target\":[\"https:\/\/www.welovecycling.com\/sk\/2025\/03\/25\/budte-pripraveni-na-svoje-najhorsie-dni\/\"]}]},{\"@type\":\"ImageObject\",\"inLanguage\":\"sk-SK\",\"@id\":\"https:\/\/www.welovecycling.com\/sk\/2025\/03\/25\/budte-pripraveni-na-svoje-najhorsie-dni\/#primaryimage\",\"url\":\"https:\/\/d2p6e6u75xmxt8.cloudfront.net\/4\/2025\/03\/Anoyed-Tired-Cyclist-profimedia-0161395829-CVR.webp\",\"contentUrl\":\"https:\/\/d2p6e6u75xmxt8.cloudfront.net\/4\/2025\/03\/Anoyed-Tired-Cyclist-profimedia-0161395829-CVR.webp\",\"width\":990,\"height\":660,\"caption\":\"Annoyed Cyclist\"},{\"@type\":\"BreadcrumbList\",\"@id\":\"https:\/\/www.welovecycling.com\/sk\/2025\/03\/25\/budte-pripraveni-na-svoje-najhorsie-dni\/#breadcrumb\",\"itemListElement\":[{\"@type\":\"ListItem\",\"position\":1,\"name\":\"Home\",\"item\":\"https:\/\/www.welovecycling.com\/sk\/\"},{\"@type\":\"ListItem\",\"position\":2,\"name\":\"Bu\u010fte pripraven\u00ed na svoje najhor\u0161ie dni\"}]},{\"@type\":\"WebSite\",\"@id\":\"https:\/\/www.welovecycling.com\/sk\/#website\",\"url\":\"https:\/\/www.welovecycling.com\/sk\/\",\"name\":\"\u0160koda We Love Cycling Slovensko\",\"description\":\"\u0160koda We Love Cycling Slovensko je v\u00e1\u0161 ka\u017edodenn\u00fd zdroj noviniek a in\u0161pir\u00e1cie z sveta cyklistiky\",\"potentialAction\":[{\"@type\":\"SearchAction\",\"target\":{\"@type\":\"EntryPoint\",\"urlTemplate\":\"https:\/\/www.welovecycling.com\/sk\/?s={search_term_string}\"},\"query-input\":{\"@type\":\"PropertyValueSpecification\",\"valueRequired\":true,\"valueName\":\"search_term_string\"}}],\"inLanguage\":\"sk-SK\"},{\"@type\":\"Person\",\"@id\":\"https:\/\/www.welovecycling.com\/sk\/#\/schema\/person\/533b62b98b6c41bd5135ebfb1f742624\",\"name\":\"dominika\",\"image\":{\"@type\":\"ImageObject\",\"inLanguage\":\"sk-SK\",\"@id\":\"https:\/\/www.welovecycling.com\/sk\/#\/schema\/person\/image\/\",\"url\":\"https:\/\/secure.gravatar.com\/avatar\/ded6f274ba2ec3e17fff153f7d9d96a4b33c2cb63907f75d9a5309c599a7f3e6?s=96&d=mm&r=g\",\"contentUrl\":\"https:\/\/secure.gravatar.com\/avatar\/ded6f274ba2ec3e17fff153f7d9d96a4b33c2cb63907f75d9a5309c599a7f3e6?s=96&d=mm&r=g\",\"caption\":\"dominika\"},\"url\":\"https:\/\/www.welovecycling.com\/sk\/author\/dominika\/\"}]}<\/script>\n<!-- \/ Yoast SEO Premium plugin. -->","yoast_head_json":{"title":"Bu\u010fte pripraven\u00ed na svoje najhor\u0161ie dni - \u0160koda We Love Cycling Slovensko","description":"Stresu, zlej n\u00e1lade, \u010di zl\u00fdm d\u0148om sa ned\u00e1 vyhn\u00fa. Je v\u0161ak d\u00f4le\u017eit\u00e9 by\u0165 pripraven\u00fd na to, ke\u010f pr\u00eddu. Ako na to?","robots":{"index":"index","follow":"follow","max-snippet":"max-snippet:-1","max-image-preview":"max-image-preview:large","max-video-preview":"max-video-preview:-1"},"canonical":"https:\/\/www.welovecycling.com\/sk\/2025\/03\/25\/budte-pripraveni-na-svoje-najhorsie-dni\/","og_locale":"sk_SK","og_type":"article","og_title":"Bu\u010fte pripraven\u00ed na svoje najhor\u0161ie dni","og_description":"Stresu, zlej n\u00e1lade, \u010di zl\u00fdm d\u0148om sa ned\u00e1 vyhn\u00fa. Je v\u0161ak d\u00f4le\u017eit\u00e9 by\u0165 pripraven\u00fd na to, ke\u010f pr\u00eddu. Ako na to?","og_url":"https:\/\/www.welovecycling.com\/sk\/2025\/03\/25\/budte-pripraveni-na-svoje-najhorsie-dni\/","og_site_name":"\u0160koda We Love Cycling Slovensko","article_published_time":"2025-03-25T11:00:06+00:00","og_image":[{"width":990,"height":660,"url":"https:\/\/d2p6e6u75xmxt8.cloudfront.net\/4\/2025\/03\/Anoyed-Tired-Cyclist-profimedia-0161395829-CVR.webp","type":"image\/webp"}],"author":"dominika","twitter_card":"summary_large_image","twitter_misc":{"Written by":"Ji\u0159\u00ed Kaloc","Est. reading time":"3"},"schema":{"@context":"https:\/\/schema.org","@graph":[{"@type":"WebPage","@id":"https:\/\/www.welovecycling.com\/sk\/2025\/03\/25\/budte-pripraveni-na-svoje-najhorsie-dni\/","url":"https:\/\/www.welovecycling.com\/sk\/2025\/03\/25\/budte-pripraveni-na-svoje-najhorsie-dni\/","name":"Bu\u010fte pripraven\u00ed na svoje najhor\u0161ie dni - \u0160koda We Love Cycling Slovensko","isPartOf":{"@id":"https:\/\/www.welovecycling.com\/sk\/#website"},"primaryImageOfPage":{"@id":"https:\/\/www.welovecycling.com\/sk\/2025\/03\/25\/budte-pripraveni-na-svoje-najhorsie-dni\/#primaryimage"},"image":{"@id":"https:\/\/www.welovecycling.com\/sk\/2025\/03\/25\/budte-pripraveni-na-svoje-najhorsie-dni\/#primaryimage"},"thumbnailUrl":"https:\/\/d2p6e6u75xmxt8.cloudfront.net\/4\/2025\/03\/Anoyed-Tired-Cyclist-profimedia-0161395829-CVR.webp","datePublished":"2025-03-25T11:00:06+00:00","author":{"@id":"https:\/\/www.welovecycling.com\/sk\/#\/schema\/person\/533b62b98b6c41bd5135ebfb1f742624"},"description":"Stresu, zlej n\u00e1lade, \u010di zl\u00fdm d\u0148om sa ned\u00e1 vyhn\u00fa. Je v\u0161ak d\u00f4le\u017eit\u00e9 by\u0165 pripraven\u00fd na to, ke\u010f pr\u00eddu. Ako na to?","breadcrumb":{"@id":"https:\/\/www.welovecycling.com\/sk\/2025\/03\/25\/budte-pripraveni-na-svoje-najhorsie-dni\/#breadcrumb"},"inLanguage":"sk-SK","potentialAction":[{"@type":"ReadAction","target":["https:\/\/www.welovecycling.com\/sk\/2025\/03\/25\/budte-pripraveni-na-svoje-najhorsie-dni\/"]}]},{"@type":"ImageObject","inLanguage":"sk-SK","@id":"https:\/\/www.welovecycling.com\/sk\/2025\/03\/25\/budte-pripraveni-na-svoje-najhorsie-dni\/#primaryimage","url":"https:\/\/d2p6e6u75xmxt8.cloudfront.net\/4\/2025\/03\/Anoyed-Tired-Cyclist-profimedia-0161395829-CVR.webp","contentUrl":"https:\/\/d2p6e6u75xmxt8.cloudfront.net\/4\/2025\/03\/Anoyed-Tired-Cyclist-profimedia-0161395829-CVR.webp","width":990,"height":660,"caption":"Annoyed Cyclist"},{"@type":"BreadcrumbList","@id":"https:\/\/www.welovecycling.com\/sk\/2025\/03\/25\/budte-pripraveni-na-svoje-najhorsie-dni\/#breadcrumb","itemListElement":[{"@type":"ListItem","position":1,"name":"Home","item":"https:\/\/www.welovecycling.com\/sk\/"},{"@type":"ListItem","position":2,"name":"Bu\u010fte pripraven\u00ed na svoje najhor\u0161ie dni"}]},{"@type":"WebSite","@id":"https:\/\/www.welovecycling.com\/sk\/#website","url":"https:\/\/www.welovecycling.com\/sk\/","name":"\u0160koda We Love Cycling Slovensko","description":"\u0160koda We Love Cycling Slovensko je v\u00e1\u0161 ka\u017edodenn\u00fd zdroj noviniek a in\u0161pir\u00e1cie z sveta cyklistiky","potentialAction":[{"@type":"SearchAction","target":{"@type":"EntryPoint","urlTemplate":"https:\/\/www.welovecycling.com\/sk\/?s={search_term_string}"},"query-input":{"@type":"PropertyValueSpecification","valueRequired":true,"valueName":"search_term_string"}}],"inLanguage":"sk-SK"},{"@type":"Person","@id":"https:\/\/www.welovecycling.com\/sk\/#\/schema\/person\/533b62b98b6c41bd5135ebfb1f742624","name":"dominika","image":{"@type":"ImageObject","inLanguage":"sk-SK","@id":"https:\/\/www.welovecycling.com\/sk\/#\/schema\/person\/image\/","url":"https:\/\/secure.gravatar.com\/avatar\/ded6f274ba2ec3e17fff153f7d9d96a4b33c2cb63907f75d9a5309c599a7f3e6?s=96&d=mm&r=g","contentUrl":"https:\/\/secure.gravatar.com\/avatar\/ded6f274ba2ec3e17fff153f7d9d96a4b33c2cb63907f75d9a5309c599a7f3e6?s=96&d=mm&r=g","caption":"dominika"},"url":"https:\/\/www.welovecycling.com\/sk\/author\/dominika\/"}]}},"_links":{"self":[{"href":"https:\/\/www.welovecycling.com\/sk\/wp-json\/wp\/v2\/posts\/20184","targetHints":{"allow":["GET"]}}],"collection":[{"href":"https:\/\/www.welovecycling.com\/sk\/wp-json\/wp\/v2\/posts"}],"about":[{"href":"https:\/\/www.welovecycling.com\/sk\/wp-json\/wp\/v2\/types\/post"}],"author":[{"embeddable":true,"href":"https:\/\/www.welovecycling.com\/sk\/wp-json\/wp\/v2\/users\/172"}],"replies":[{"embeddable":true,"href":"https:\/\/www.welovecycling.com\/sk\/wp-json\/wp\/v2\/comments?post=20184"}],"version-history":[{"count":3,"href":"https:\/\/www.welovecycling.com\/sk\/wp-json\/wp\/v2\/posts\/20184\/revisions"}],"predecessor-version":[{"id":20188,"href":"https:\/\/www.welovecycling.com\/sk\/wp-json\/wp\/v2\/posts\/20184\/revisions\/20188"}],"wp:featuredmedia":[{"embeddable":true,"href":"https:\/\/www.welovecycling.com\/sk\/wp-json\/wp\/v2\/media\/20185"}],"wp:attachment":[{"href":"https:\/\/www.welovecycling.com\/sk\/wp-json\/wp\/v2\/media?parent=20184"}],"wp:term":[{"taxonomy":"category","embeddable":true,"href":"https:\/\/www.welovecycling.com\/sk\/wp-json\/wp\/v2\/categories?post=20184"},{"taxonomy":"post_tag","embeddable":true,"href":"https:\/\/www.welovecycling.com\/sk\/wp-json\/wp\/v2\/tags?post=20184"},{"taxonomy":"global-categories","embeddable":true,"href":"https:\/\/www.welovecycling.com\/sk\/wp-json\/wp\/v2\/global-categories?post=20184"}],"curies":[{"name":"wp","href":"https:\/\/api.w.org\/{rel}","templated":true}]}}