{"id":20143,"date":"2025-03-15T10:00:51","date_gmt":"2025-03-15T09:00:51","guid":{"rendered":"https:\/\/www.welovecycling.com\/sk\/?p=20143"},"modified":"2025-03-15T17:12:36","modified_gmt":"2025-03-15T16:12:36","slug":"pozvanka-skoda-svatojursky-mtb-maraton-2025-sezona-2025-vitaj","status":"publish","type":"post","link":"https:\/\/www.welovecycling.com\/sk\/2025\/03\/15\/pozvanka-skoda-svatojursky-mtb-maraton-2025-sezona-2025-vitaj\/","title":{"rendered":"Pozv\u00e1nka: \u0160koda Sv\u00e4tojursk\u00fd MTB marat\u00f3n 2025 \u2013 sez\u00f3na 2025 vitaj"},"content":{"rendered":"<p><strong>Podujatie vo Sv\u00e4tom Jure u\u017e pravidelne otv\u00e1ra cyklistick\u00fa sez\u00f3nu, a tak si po\u010fme pozrie\u0165 jeho propoz\u00edcie.<\/strong><!--more--><\/p>\n<p><span style=\"font-weight: 400;\"><strong>12. ro\u010dn\u00edk s\u00e9rie \u0160koda Bike Open Tour sa za\u010d\u00edna 12. apr\u00edla.<\/strong> Samozrejmos\u0165ou je v\u00fdborn\u00e9 zna\u010denie, z\u00e1zemie pre pretek\u00e1rov a kvalitn\u00e1 konkurencia. Ka\u017ed\u00fd rok vid\u00edme na \u0161tarte st\u00e1lice, ale aj nov\u00e9 tv\u00e1re. Okrem pretek\u00e1rok a pretek\u00e1rov sa mysl\u00ed aj na deti, pre ktor\u00e9 je tie\u017e pripraven\u00e1 samostatn\u00e1 trasa a detsk\u00e1 z\u00f3na.<\/span><\/p>\n<div id='gallery-1' class='gallery galleryid-20143 gallery-columns-2 gallery-size-full'><figure class='gallery-item'>\n\t\t\t<div class='gallery-icon landscape'>\n\t\t\t\t<a href='https:\/\/d2p6e6u75xmxt8.cloudfront.net\/4\/2025\/03\/02_WLC_SJ.webp'><img loading=\"lazy\" decoding=\"async\" width=\"990\" height=\"660\" src=\"https:\/\/d2p6e6u75xmxt8.cloudfront.net\/4\/2025\/03\/02_WLC_SJ.webp\" class=\"attachment-full size-full\" alt=\"\" srcset=\"https:\/\/d2p6e6u75xmxt8.cloudfront.net\/4\/2025\/03\/02_WLC_SJ.webp 990w, https:\/\/d2p6e6u75xmxt8.cloudfront.net\/4\/2025\/03\/02_WLC_SJ-300x200.webp 300w, https:\/\/d2p6e6u75xmxt8.cloudfront.net\/4\/2025\/03\/02_WLC_SJ-768x512.webp 768w, https:\/\/d2p6e6u75xmxt8.cloudfront.net\/4\/2025\/03\/02_WLC_SJ-400x267.webp 400w, https:\/\/d2p6e6u75xmxt8.cloudfront.net\/4\/2025\/03\/02_WLC_SJ-272x182.webp 272w\" sizes=\"auto, (max-width: 990px) 100vw, 990px\" \/><\/a>\n\t\t\t<\/div><\/figure><figure class='gallery-item'>\n\t\t\t<div class='gallery-icon landscape'>\n\t\t\t\t<a href='https:\/\/d2p6e6u75xmxt8.cloudfront.net\/4\/2025\/03\/03_WLC_SJ.webp'><img loading=\"lazy\" decoding=\"async\" width=\"990\" height=\"660\" src=\"https:\/\/d2p6e6u75xmxt8.cloudfront.net\/4\/2025\/03\/03_WLC_SJ.webp\" class=\"attachment-full size-full\" alt=\"\" srcset=\"https:\/\/d2p6e6u75xmxt8.cloudfront.net\/4\/2025\/03\/03_WLC_SJ.webp 990w, https:\/\/d2p6e6u75xmxt8.cloudfront.net\/4\/2025\/03\/03_WLC_SJ-300x200.webp 300w, https:\/\/d2p6e6u75xmxt8.cloudfront.net\/4\/2025\/03\/03_WLC_SJ-768x512.webp 768w, https:\/\/d2p6e6u75xmxt8.cloudfront.net\/4\/2025\/03\/03_WLC_SJ-400x267.webp 400w, https:\/\/d2p6e6u75xmxt8.cloudfront.net\/4\/2025\/03\/03_WLC_SJ-272x182.webp 272w\" sizes=\"auto, (max-width: 990px) 100vw, 990px\" \/><\/a>\n\t\t\t<\/div><\/figure>\n\t\t<\/div>\n\n<h2><b>Propoz\u00edcie pretekov a prihl\u00e1senie<\/b><\/h2>\n<p><span style=\"font-weight: 400;\">Samotn\u00e9 preteky sa bud\u00fa kona\u0165 12. apr\u00edla na futbalovom \u0161tadi\u00f3ne. <strong>Organiz\u00e1tori si pripravili 3 klasick\u00e9 trate r\u00f4znych d\u013a\u017eok a tra\u0165 Family pre rodiny s de\u0165mi.<\/strong> Cena \u0161tartovn\u00e9ho je 35 \u20ac do 10. apr\u00edla. Pre dvojice na e-bike bicykloch je cena \u0161tartovn\u00e9ho 25 \u20ac pre ka\u017ed\u00fa osobu.<\/span><\/p>\n<p><span style=\"font-weight: 400;\">Prezent\u00e1cia pretekov je rozdelen\u00e1 na dva dni. Najsk\u00f4r v piatok 11. apr\u00edla od 16:00 do 20:00 a v sobotu v de\u0148 konania marat\u00f3nu od 8:00 a\u017e 20 min\u00fat do \u0161tartu danej trasy.\u00a0<\/span><\/p>\n<p><img loading=\"lazy\" decoding=\"async\" class=\"alignnone size-full wp-image-20147\" src=\"https:\/\/d2p6e6u75xmxt8.cloudfront.net\/4\/2025\/03\/04_WLC_SJ.webp\" alt=\"\u0160koda Sv\u00e4tojursk\u00fd MTB marat\u00f3n\" width=\"990\" height=\"660\" srcset=\"https:\/\/d2p6e6u75xmxt8.cloudfront.net\/4\/2025\/03\/04_WLC_SJ.webp 990w, https:\/\/d2p6e6u75xmxt8.cloudfront.net\/4\/2025\/03\/04_WLC_SJ-300x200.webp 300w, https:\/\/d2p6e6u75xmxt8.cloudfront.net\/4\/2025\/03\/04_WLC_SJ-768x512.webp 768w, https:\/\/d2p6e6u75xmxt8.cloudfront.net\/4\/2025\/03\/04_WLC_SJ-400x267.webp 400w, https:\/\/d2p6e6u75xmxt8.cloudfront.net\/4\/2025\/03\/04_WLC_SJ-272x182.webp 272w\" sizes=\"auto, (max-width: 990px) 100vw, 990px\" \/><\/p>\n<h2><b>Trate<\/b><\/h2>\n<p><span style=\"font-weight: 400;\">Family tra\u0165 je ur\u010den\u00e1 pre rodi\u010dov s de\u0165mi v d\u013a\u017eke 5 kilometrov a m\u00e1 60 metrov prev\u00fd\u0161enia. <strong>Samozrejme tu m\u00e1me nie\u010do aj pre fajn\u0161mekrov s porciou 70 kilometrov a 2000 v\u00fd\u0161kov\u00fdch metrov, kde z\u00e1rove\u0148 t\u00e1to tra\u0165 je s\u00fa\u010das\u0165ou Slovensk\u00e9ho a \u017dupn\u00e9ho poh\u00e1ra.<\/strong> \u0160tartovn\u00fd v\u00fdstrel zaznie o 10:00 a pripraven\u00e9 s\u00fa 4 bufety. Nesk\u00f4r o 10:40 vyrazia na stredn\u00fa tra\u0165 e-biky. Stredn\u00e1 tra\u0165 pon\u00faka 42 kilometrov a 1200 v\u00fd\u0161kov\u00fdch metrov, so \u0161tartom o 11:00 prv\u00e1 vlna a 11:20 druh\u00e1 vlna. <\/span><\/p>\n<p><span style=\"font-weight: 400;\">Prv\u00e1 vlna je pre prv\u00fdch 300 pretek\u00e1rov, ktor\u00ed maj\u00fa vy\u0161\u0161iu v\u00fdkonnos\u0165. 11:40 od\u0161tartuje kr\u00e1tka tra\u0165, ktor\u00e1 m\u00e1 21 kilometrov a 550 metrov prev\u00fd\u0161enia. V r\u00e1mci v\u0161etk\u00fdch v\u00fdkonnostn\u00fdch kateg\u00f3ri\u00ed si ka\u017ed\u00fd n\u00e1jde t\u00fa svoju vhodn\u00fa tra\u0165.\u00a0<\/span><\/p>\n<div id='gallery-2' class='gallery galleryid-20143 gallery-columns-2 gallery-size-full'><figure class='gallery-item'>\n\t\t\t<div class='gallery-icon landscape'>\n\t\t\t\t<a href='https:\/\/d2p6e6u75xmxt8.cloudfront.net\/4\/2025\/03\/05_WLC_SJ.webp'><img loading=\"lazy\" decoding=\"async\" width=\"990\" height=\"660\" src=\"https:\/\/d2p6e6u75xmxt8.cloudfront.net\/4\/2025\/03\/05_WLC_SJ.webp\" class=\"attachment-full size-full\" alt=\"\" srcset=\"https:\/\/d2p6e6u75xmxt8.cloudfront.net\/4\/2025\/03\/05_WLC_SJ.webp 990w, https:\/\/d2p6e6u75xmxt8.cloudfront.net\/4\/2025\/03\/05_WLC_SJ-300x200.webp 300w, https:\/\/d2p6e6u75xmxt8.cloudfront.net\/4\/2025\/03\/05_WLC_SJ-768x512.webp 768w, https:\/\/d2p6e6u75xmxt8.cloudfront.net\/4\/2025\/03\/05_WLC_SJ-400x267.webp 400w, https:\/\/d2p6e6u75xmxt8.cloudfront.net\/4\/2025\/03\/05_WLC_SJ-272x182.webp 272w\" sizes=\"auto, (max-width: 990px) 100vw, 990px\" \/><\/a>\n\t\t\t<\/div><\/figure><figure class='gallery-item'>\n\t\t\t<div class='gallery-icon landscape'>\n\t\t\t\t<a href='https:\/\/d2p6e6u75xmxt8.cloudfront.net\/4\/2025\/03\/06_WLC_SJ.webp'><img loading=\"lazy\" decoding=\"async\" width=\"990\" height=\"660\" src=\"https:\/\/d2p6e6u75xmxt8.cloudfront.net\/4\/2025\/03\/06_WLC_SJ.webp\" class=\"attachment-full size-full\" alt=\"\" srcset=\"https:\/\/d2p6e6u75xmxt8.cloudfront.net\/4\/2025\/03\/06_WLC_SJ.webp 990w, https:\/\/d2p6e6u75xmxt8.cloudfront.net\/4\/2025\/03\/06_WLC_SJ-300x200.webp 300w, https:\/\/d2p6e6u75xmxt8.cloudfront.net\/4\/2025\/03\/06_WLC_SJ-768x512.webp 768w, https:\/\/d2p6e6u75xmxt8.cloudfront.net\/4\/2025\/03\/06_WLC_SJ-400x267.webp 400w, https:\/\/d2p6e6u75xmxt8.cloudfront.net\/4\/2025\/03\/06_WLC_SJ-272x182.webp 272w\" sizes=\"auto, (max-width: 990px) 100vw, 990px\" \/><\/a>\n\t\t\t<\/div><\/figure>\n\t\t<\/div>\n\n<h2><b>Z\u00e1bava v cieli<\/b><\/h2>\n<p><span style=\"font-weight: 400;\"><strong>Samozrejmos\u0165ou je \u0160koda village pre deti, ktor\u00e9 sa m\u00f4\u017eu zabavi\u0165 do s\u00fdtosti a v\u010faka tomu je postaran\u00e9 aj o \u201esupport\u201c t\u00edm.<\/strong> V priestoroch cie\u013ea n\u00e1jdeme st\u00e1nky od partnerov podujatia a po dojazde n\u00e1s bud\u00fa \u010daka\u0165 sprchy, vapky pre bicykle aj s mo\u017enou n\u00e1slednou \u00faschovou. Taktie\u017e po dojazde n\u00e1s \u010dak\u00e1 dobr\u00e9 jedlo a oddychov\u00e1 z\u00f3na, k\u00fdm sa vyhl\u00e1sia v\u00fdsledky.\u00a0<\/span><\/p>\n<p><img loading=\"lazy\" decoding=\"async\" class=\"alignnone size-full wp-image-20150\" src=\"https:\/\/d2p6e6u75xmxt8.cloudfront.net\/4\/2025\/03\/07_WLC_SJ.webp\" alt=\"\" width=\"990\" height=\"660\" srcset=\"https:\/\/d2p6e6u75xmxt8.cloudfront.net\/4\/2025\/03\/07_WLC_SJ.webp 990w, https:\/\/d2p6e6u75xmxt8.cloudfront.net\/4\/2025\/03\/07_WLC_SJ-300x200.webp 300w, https:\/\/d2p6e6u75xmxt8.cloudfront.net\/4\/2025\/03\/07_WLC_SJ-768x512.webp 768w, https:\/\/d2p6e6u75xmxt8.cloudfront.net\/4\/2025\/03\/07_WLC_SJ-400x267.webp 400w, https:\/\/d2p6e6u75xmxt8.cloudfront.net\/4\/2025\/03\/07_WLC_SJ-272x182.webp 272w\" sizes=\"auto, (max-width: 990px) 100vw, 990px\" \/><\/p>\n<p><span style=\"font-weight: 400;\">V\u00fdsledky sa bud\u00fa vyhlasova\u0165 o 15:00 a ocenen\u00ed bud\u00fa prv\u00ed traja v kateg\u00f3rii. \u010cak\u00e1 n\u00e1s aj bohat\u00e1 tombola. Okrem toho m\u00f4\u017eeme degustova\u0165 aj kvalitn\u00e9 sv\u00e4tojursk\u00e9 v\u00edna od V\u00edno Matula. Ak st\u00e1le v\u00e1hate s \u00fa\u010das\u0165ou, motivova\u0165 v\u00e1s m\u00f4\u017ee <\/span><a href=\"https:\/\/www.welovecycling.com\/sk\/2024\/04\/24\/reportaz-skoda-svatojursky-mtb-maraton-2024-idealny-start-do-sezony\/\" target=\"_blank\" rel=\"noopener\"><span style=\"font-weight: 400;\">report\u00e1\u017e <\/span><\/a><span style=\"font-weight: 400;\">z predo\u0161l\u00e9ho ro\u010dn\u00edka.<\/span><\/p>\n<p><span style=\"font-weight: 400;\">Viac inform\u00e1ci\u00ed k pretekom n\u00e1jdete na str\u00e1nke <\/span><a href=\"https:\/\/www.welovecycling.com\/sk\/sbot\/svatyjur.php\" target=\"_blank\" rel=\"noopener\"><span style=\"font-weight: 400;\">welovecyclingsk<\/span><\/a><span style=\"font-weight: 400;\">. Te\u0161\u00edme sa na va\u0161u \u00fa\u010das\u0165.\u00a0<\/span><\/p>\n","protected":false},"excerpt":{"rendered":"<p>Podujatie vo Sv\u00e4tom Jure u\u017e pravidelne otv\u00e1ra cyklistick\u00fa sez\u00f3nu, a tak si po\u010fme pozrie\u0165 jeho propoz\u00edcie.<\/p>\n","protected":false},"author":172,"featured_media":20144,"comment_status":"closed","ping_status":"closed","sticky":false,"template":"","format":"standard","meta":{"footnotes":""},"categories":[33],"tags":[53,964,180,532,178,767,412,931,37,91,179,509,474,542,35,523,183],"global-categories":[1074],"class_list":["post-20143","post","type-post","status-publish","format-standard","has-post-thumbnail","hentry","category-sbot","tag-deti","tag-family","tag-horska-cyklistika","tag-jazdenie","tag-maraton","tag-motivacia","tag-mtb","tag-odporucame","tag-podujatia","tag-pozvanka","tag-preteky","tag-rodina","tag-rodinny-maraton","tag-skoda","tag-sbot","tag-slovensko","tag-zabava","global-categories-cycling"],"yoast_head":"<!-- This site is optimized with the Yoast SEO Premium plugin v25.3 (Yoast SEO v25.9) - https:\/\/yoast.com\/wordpress\/plugins\/seo\/ -->\n<title>\u0160koda Sv\u00e4tojursk\u00fd MTB marat\u00f3n 2025 \u2013 sez\u00f3na 2025 vitaj<\/title>\n<meta name=\"description\" content=\"Otv\u00e1racie podujatie vo Sv\u00e4tom Jure sa stalo u\u017e pravidlom, priv\u00edtajme spolu nov\u00fa sez\u00f3nu a pozrime si propoz\u00edcie na preteky.\" \/>\n<meta name=\"robots\" content=\"index, follow, max-snippet:-1, max-image-preview:large, max-video-preview:-1\" \/>\n<link rel=\"canonical\" href=\"https:\/\/www.welovecycling.com\/sk\/2025\/03\/15\/pozvanka-skoda-svatojursky-mtb-maraton-2025-sezona-2025-vitaj\/\" \/>\n<meta property=\"og:locale\" content=\"sk_SK\" \/>\n<meta property=\"og:type\" content=\"article\" \/>\n<meta property=\"og:title\" content=\"Pozv\u00e1nka: \u0160koda Sv\u00e4tojursk\u00fd MTB marat\u00f3n 2025 \u2013 sez\u00f3na 2025 vitaj\" \/>\n<meta property=\"og:description\" content=\"Otv\u00e1racie podujatie vo Sv\u00e4tom Jure sa stalo u\u017e pravidlom, priv\u00edtajme spolu nov\u00fa sez\u00f3nu a pozrime si propoz\u00edcie na preteky.\" \/>\n<meta property=\"og:url\" content=\"https:\/\/www.welovecycling.com\/sk\/2025\/03\/15\/pozvanka-skoda-svatojursky-mtb-maraton-2025-sezona-2025-vitaj\/\" \/>\n<meta property=\"og:site_name\" content=\"\u0160koda We Love Cycling Slovensko\" \/>\n<meta property=\"article:published_time\" content=\"2025-03-15T09:00:51+00:00\" \/>\n<meta property=\"article:modified_time\" content=\"2025-03-15T16:12:36+00:00\" \/>\n<meta property=\"og:image\" content=\"https:\/\/d2p6e6u75xmxt8.cloudfront.net\/4\/2025\/03\/01_WLC_SJ.webp\" \/>\n\t<meta property=\"og:image:width\" content=\"990\" \/>\n\t<meta property=\"og:image:height\" content=\"660\" \/>\n\t<meta property=\"og:image:type\" content=\"image\/webp\" \/>\n<meta name=\"author\" content=\"dominika\" \/>\n<meta name=\"twitter:card\" content=\"summary_large_image\" \/>\n<meta name=\"twitter:label1\" content=\"Written by\" \/>\n\t<meta name=\"twitter:data1\" content=\"We Love Cycling\" \/>\n\t<meta name=\"twitter:label2\" content=\"Est. reading time\" \/>\n\t<meta name=\"twitter:data2\" content=\"2\" \/>\n<script type=\"application\/ld+json\" class=\"yoast-schema-graph\">{\"@context\":\"https:\/\/schema.org\",\"@graph\":[{\"@type\":\"WebPage\",\"@id\":\"https:\/\/www.welovecycling.com\/sk\/2025\/03\/15\/pozvanka-skoda-svatojursky-mtb-maraton-2025-sezona-2025-vitaj\/\",\"url\":\"https:\/\/www.welovecycling.com\/sk\/2025\/03\/15\/pozvanka-skoda-svatojursky-mtb-maraton-2025-sezona-2025-vitaj\/\",\"name\":\"\u0160koda Sv\u00e4tojursk\u00fd MTB marat\u00f3n 2025 \u2013 sez\u00f3na 2025 vitaj\",\"isPartOf\":{\"@id\":\"https:\/\/www.welovecycling.com\/sk\/#website\"},\"primaryImageOfPage\":{\"@id\":\"https:\/\/www.welovecycling.com\/sk\/2025\/03\/15\/pozvanka-skoda-svatojursky-mtb-maraton-2025-sezona-2025-vitaj\/#primaryimage\"},\"image\":{\"@id\":\"https:\/\/www.welovecycling.com\/sk\/2025\/03\/15\/pozvanka-skoda-svatojursky-mtb-maraton-2025-sezona-2025-vitaj\/#primaryimage\"},\"thumbnailUrl\":\"https:\/\/d2p6e6u75xmxt8.cloudfront.net\/4\/2025\/03\/01_WLC_SJ.webp\",\"datePublished\":\"2025-03-15T09:00:51+00:00\",\"dateModified\":\"2025-03-15T16:12:36+00:00\",\"author\":{\"@id\":\"https:\/\/www.welovecycling.com\/sk\/#\/schema\/person\/533b62b98b6c41bd5135ebfb1f742624\"},\"description\":\"Otv\u00e1racie podujatie vo Sv\u00e4tom Jure sa stalo u\u017e pravidlom, priv\u00edtajme spolu nov\u00fa sez\u00f3nu a pozrime si propoz\u00edcie na preteky.\",\"breadcrumb\":{\"@id\":\"https:\/\/www.welovecycling.com\/sk\/2025\/03\/15\/pozvanka-skoda-svatojursky-mtb-maraton-2025-sezona-2025-vitaj\/#breadcrumb\"},\"inLanguage\":\"sk-SK\",\"potentialAction\":[{\"@type\":\"ReadAction\",\"target\":[\"https:\/\/www.welovecycling.com\/sk\/2025\/03\/15\/pozvanka-skoda-svatojursky-mtb-maraton-2025-sezona-2025-vitaj\/\"]}]},{\"@type\":\"ImageObject\",\"inLanguage\":\"sk-SK\",\"@id\":\"https:\/\/www.welovecycling.com\/sk\/2025\/03\/15\/pozvanka-skoda-svatojursky-mtb-maraton-2025-sezona-2025-vitaj\/#primaryimage\",\"url\":\"https:\/\/d2p6e6u75xmxt8.cloudfront.net\/4\/2025\/03\/01_WLC_SJ.webp\",\"contentUrl\":\"https:\/\/d2p6e6u75xmxt8.cloudfront.net\/4\/2025\/03\/01_WLC_SJ.webp\",\"width\":990,\"height\":660,\"caption\":\"\u0160koda Sv\u00e4tojursk\u00fd MTB marat\u00f3n 2025\"},{\"@type\":\"BreadcrumbList\",\"@id\":\"https:\/\/www.welovecycling.com\/sk\/2025\/03\/15\/pozvanka-skoda-svatojursky-mtb-maraton-2025-sezona-2025-vitaj\/#breadcrumb\",\"itemListElement\":[{\"@type\":\"ListItem\",\"position\":1,\"name\":\"Home\",\"item\":\"https:\/\/www.welovecycling.com\/sk\/\"},{\"@type\":\"ListItem\",\"position\":2,\"name\":\"Pozv\u00e1nka: \u0160koda Sv\u00e4tojursk\u00fd MTB marat\u00f3n 2025 \u2013 sez\u00f3na 2025 vitaj\"}]},{\"@type\":\"WebSite\",\"@id\":\"https:\/\/www.welovecycling.com\/sk\/#website\",\"url\":\"https:\/\/www.welovecycling.com\/sk\/\",\"name\":\"\u0160koda We Love Cycling Slovensko\",\"description\":\"\u0160koda We Love Cycling Slovensko je v\u00e1\u0161 ka\u017edodenn\u00fd zdroj noviniek a in\u0161pir\u00e1cie z sveta cyklistiky\",\"potentialAction\":[{\"@type\":\"SearchAction\",\"target\":{\"@type\":\"EntryPoint\",\"urlTemplate\":\"https:\/\/www.welovecycling.com\/sk\/?s={search_term_string}\"},\"query-input\":{\"@type\":\"PropertyValueSpecification\",\"valueRequired\":true,\"valueName\":\"search_term_string\"}}],\"inLanguage\":\"sk-SK\"},{\"@type\":\"Person\",\"@id\":\"https:\/\/www.welovecycling.com\/sk\/#\/schema\/person\/533b62b98b6c41bd5135ebfb1f742624\",\"name\":\"dominika\",\"image\":{\"@type\":\"ImageObject\",\"inLanguage\":\"sk-SK\",\"@id\":\"https:\/\/www.welovecycling.com\/sk\/#\/schema\/person\/image\/\",\"url\":\"https:\/\/secure.gravatar.com\/avatar\/ded6f274ba2ec3e17fff153f7d9d96a4b33c2cb63907f75d9a5309c599a7f3e6?s=96&d=mm&r=g\",\"contentUrl\":\"https:\/\/secure.gravatar.com\/avatar\/ded6f274ba2ec3e17fff153f7d9d96a4b33c2cb63907f75d9a5309c599a7f3e6?s=96&d=mm&r=g\",\"caption\":\"dominika\"},\"url\":\"https:\/\/www.welovecycling.com\/sk\/author\/dominika\/\"}]}<\/script>\n<!-- \/ Yoast SEO Premium plugin. -->","yoast_head_json":{"title":"\u0160koda Sv\u00e4tojursk\u00fd MTB marat\u00f3n 2025 \u2013 sez\u00f3na 2025 vitaj","description":"Otv\u00e1racie podujatie vo Sv\u00e4tom Jure sa stalo u\u017e pravidlom, priv\u00edtajme spolu nov\u00fa sez\u00f3nu a pozrime si propoz\u00edcie na preteky.","robots":{"index":"index","follow":"follow","max-snippet":"max-snippet:-1","max-image-preview":"max-image-preview:large","max-video-preview":"max-video-preview:-1"},"canonical":"https:\/\/www.welovecycling.com\/sk\/2025\/03\/15\/pozvanka-skoda-svatojursky-mtb-maraton-2025-sezona-2025-vitaj\/","og_locale":"sk_SK","og_type":"article","og_title":"Pozv\u00e1nka: \u0160koda Sv\u00e4tojursk\u00fd MTB marat\u00f3n 2025 \u2013 sez\u00f3na 2025 vitaj","og_description":"Otv\u00e1racie podujatie vo Sv\u00e4tom Jure sa stalo u\u017e pravidlom, priv\u00edtajme spolu nov\u00fa sez\u00f3nu a pozrime si propoz\u00edcie na preteky.","og_url":"https:\/\/www.welovecycling.com\/sk\/2025\/03\/15\/pozvanka-skoda-svatojursky-mtb-maraton-2025-sezona-2025-vitaj\/","og_site_name":"\u0160koda We Love Cycling Slovensko","article_published_time":"2025-03-15T09:00:51+00:00","article_modified_time":"2025-03-15T16:12:36+00:00","og_image":[{"width":990,"height":660,"url":"https:\/\/d2p6e6u75xmxt8.cloudfront.net\/4\/2025\/03\/01_WLC_SJ.webp","type":"image\/webp"}],"author":"dominika","twitter_card":"summary_large_image","twitter_misc":{"Written by":"We Love Cycling","Est. reading time":"2"},"schema":{"@context":"https:\/\/schema.org","@graph":[{"@type":"WebPage","@id":"https:\/\/www.welovecycling.com\/sk\/2025\/03\/15\/pozvanka-skoda-svatojursky-mtb-maraton-2025-sezona-2025-vitaj\/","url":"https:\/\/www.welovecycling.com\/sk\/2025\/03\/15\/pozvanka-skoda-svatojursky-mtb-maraton-2025-sezona-2025-vitaj\/","name":"\u0160koda Sv\u00e4tojursk\u00fd MTB marat\u00f3n 2025 \u2013 sez\u00f3na 2025 vitaj","isPartOf":{"@id":"https:\/\/www.welovecycling.com\/sk\/#website"},"primaryImageOfPage":{"@id":"https:\/\/www.welovecycling.com\/sk\/2025\/03\/15\/pozvanka-skoda-svatojursky-mtb-maraton-2025-sezona-2025-vitaj\/#primaryimage"},"image":{"@id":"https:\/\/www.welovecycling.com\/sk\/2025\/03\/15\/pozvanka-skoda-svatojursky-mtb-maraton-2025-sezona-2025-vitaj\/#primaryimage"},"thumbnailUrl":"https:\/\/d2p6e6u75xmxt8.cloudfront.net\/4\/2025\/03\/01_WLC_SJ.webp","datePublished":"2025-03-15T09:00:51+00:00","dateModified":"2025-03-15T16:12:36+00:00","author":{"@id":"https:\/\/www.welovecycling.com\/sk\/#\/schema\/person\/533b62b98b6c41bd5135ebfb1f742624"},"description":"Otv\u00e1racie podujatie vo Sv\u00e4tom Jure sa stalo u\u017e pravidlom, priv\u00edtajme spolu nov\u00fa sez\u00f3nu a pozrime si propoz\u00edcie na preteky.","breadcrumb":{"@id":"https:\/\/www.welovecycling.com\/sk\/2025\/03\/15\/pozvanka-skoda-svatojursky-mtb-maraton-2025-sezona-2025-vitaj\/#breadcrumb"},"inLanguage":"sk-SK","potentialAction":[{"@type":"ReadAction","target":["https:\/\/www.welovecycling.com\/sk\/2025\/03\/15\/pozvanka-skoda-svatojursky-mtb-maraton-2025-sezona-2025-vitaj\/"]}]},{"@type":"ImageObject","inLanguage":"sk-SK","@id":"https:\/\/www.welovecycling.com\/sk\/2025\/03\/15\/pozvanka-skoda-svatojursky-mtb-maraton-2025-sezona-2025-vitaj\/#primaryimage","url":"https:\/\/d2p6e6u75xmxt8.cloudfront.net\/4\/2025\/03\/01_WLC_SJ.webp","contentUrl":"https:\/\/d2p6e6u75xmxt8.cloudfront.net\/4\/2025\/03\/01_WLC_SJ.webp","width":990,"height":660,"caption":"\u0160koda Sv\u00e4tojursk\u00fd MTB marat\u00f3n 2025"},{"@type":"BreadcrumbList","@id":"https:\/\/www.welovecycling.com\/sk\/2025\/03\/15\/pozvanka-skoda-svatojursky-mtb-maraton-2025-sezona-2025-vitaj\/#breadcrumb","itemListElement":[{"@type":"ListItem","position":1,"name":"Home","item":"https:\/\/www.welovecycling.com\/sk\/"},{"@type":"ListItem","position":2,"name":"Pozv\u00e1nka: \u0160koda Sv\u00e4tojursk\u00fd MTB marat\u00f3n 2025 \u2013 sez\u00f3na 2025 vitaj"}]},{"@type":"WebSite","@id":"https:\/\/www.welovecycling.com\/sk\/#website","url":"https:\/\/www.welovecycling.com\/sk\/","name":"\u0160koda We Love Cycling Slovensko","description":"\u0160koda We Love Cycling Slovensko je v\u00e1\u0161 ka\u017edodenn\u00fd zdroj noviniek a in\u0161pir\u00e1cie z sveta cyklistiky","potentialAction":[{"@type":"SearchAction","target":{"@type":"EntryPoint","urlTemplate":"https:\/\/www.welovecycling.com\/sk\/?s={search_term_string}"},"query-input":{"@type":"PropertyValueSpecification","valueRequired":true,"valueName":"search_term_string"}}],"inLanguage":"sk-SK"},{"@type":"Person","@id":"https:\/\/www.welovecycling.com\/sk\/#\/schema\/person\/533b62b98b6c41bd5135ebfb1f742624","name":"dominika","image":{"@type":"ImageObject","inLanguage":"sk-SK","@id":"https:\/\/www.welovecycling.com\/sk\/#\/schema\/person\/image\/","url":"https:\/\/secure.gravatar.com\/avatar\/ded6f274ba2ec3e17fff153f7d9d96a4b33c2cb63907f75d9a5309c599a7f3e6?s=96&d=mm&r=g","contentUrl":"https:\/\/secure.gravatar.com\/avatar\/ded6f274ba2ec3e17fff153f7d9d96a4b33c2cb63907f75d9a5309c599a7f3e6?s=96&d=mm&r=g","caption":"dominika"},"url":"https:\/\/www.welovecycling.com\/sk\/author\/dominika\/"}]}},"_links":{"self":[{"href":"https:\/\/www.welovecycling.com\/sk\/wp-json\/wp\/v2\/posts\/20143","targetHints":{"allow":["GET"]}}],"collection":[{"href":"https:\/\/www.welovecycling.com\/sk\/wp-json\/wp\/v2\/posts"}],"about":[{"href":"https:\/\/www.welovecycling.com\/sk\/wp-json\/wp\/v2\/types\/post"}],"author":[{"embeddable":true,"href":"https:\/\/www.welovecycling.com\/sk\/wp-json\/wp\/v2\/users\/172"}],"replies":[{"embeddable":true,"href":"https:\/\/www.welovecycling.com\/sk\/wp-json\/wp\/v2\/comments?post=20143"}],"version-history":[{"count":5,"href":"https:\/\/www.welovecycling.com\/sk\/wp-json\/wp\/v2\/posts\/20143\/revisions"}],"predecessor-version":[{"id":20156,"href":"https:\/\/www.welovecycling.com\/sk\/wp-json\/wp\/v2\/posts\/20143\/revisions\/20156"}],"wp:featuredmedia":[{"embeddable":true,"href":"https:\/\/www.welovecycling.com\/sk\/wp-json\/wp\/v2\/media\/20144"}],"wp:attachment":[{"href":"https:\/\/www.welovecycling.com\/sk\/wp-json\/wp\/v2\/media?parent=20143"}],"wp:term":[{"taxonomy":"category","embeddable":true,"href":"https:\/\/www.welovecycling.com\/sk\/wp-json\/wp\/v2\/categories?post=20143"},{"taxonomy":"post_tag","embeddable":true,"href":"https:\/\/www.welovecycling.com\/sk\/wp-json\/wp\/v2\/tags?post=20143"},{"taxonomy":"global-categories","embeddable":true,"href":"https:\/\/www.welovecycling.com\/sk\/wp-json\/wp\/v2\/global-categories?post=20143"}],"curies":[{"name":"wp","href":"https:\/\/api.w.org\/{rel}","templated":true}]}}