{"id":20134,"date":"2025-03-11T11:00:41","date_gmt":"2025-03-11T10:00:41","guid":{"rendered":"https:\/\/www.welovecycling.com\/sk\/?p=20134"},"modified":"2025-03-11T10:55:27","modified_gmt":"2025-03-11T09:55:27","slug":"vsimave-bicyklovanie-prijmite-vyzvu-hnutia-slow-ride","status":"publish","type":"post","link":"https:\/\/www.welovecycling.com\/sk\/2025\/03\/11\/vsimave-bicyklovanie-prijmite-vyzvu-hnutia-slow-ride\/","title":{"rendered":"V\u0161\u00edmav\u00e9 bicyklovanie: prijmite v\u00fdzvu hnutia Slow Ride"},"content":{"rendered":"<p><strong>Zima je pre cyklistov jedine\u010dn\u00e9 ro\u010dn\u00e9 obdobie \u2013 s chladn\u00fdmi teplotami a snehov\u00fdmi podmienkami \u010dasto vedie k tich\u0161ej, pomal\u0161ej a introspekt\u00edvnej\u0161ej jazde. Preto si mysl\u00edme, \u017ee je to ide\u00e1lny \u010das\u00a0 vyst\u00fapi\u0165 z toho r\u00fdchleho be\u017eiaceho p\u00e1su ka\u017edodenn\u00e9ho \u017eivota, presun\u00fa\u0165 svoje zameranie dovn\u00fatra a osvoji\u0165 si koncept Slow Ride &#8211; pomalej jazdy. Tak\u017ee namiesto toho, aby ste zimn\u00e9 mesiace vn\u00edmali ako prek\u00e1\u017eku pre va\u0161e cyklistick\u00e9 ciele, vyu\u017eite ju a zamerajte sa nielen na svoje v\u00fdkony, ale aj na svoju psychiku \u2013 t\u00fdm, \u017ee do svojej rutiny zarad\u00edte vedomej\u0161iu jazdu na bicykli.<\/strong><\/p>\n<p><!--more--><\/p>\n<h2><strong>Ako prepoji\u0165 v\u0161\u00edmavos\u0165 a cyklistiku<\/strong><\/h2>\n<p><span style=\"font-weight: 400;\">Ned\u00e1vny v\u00fdskum vyzdvihuje v\u00fdhody v\u0161\u00edmavosti na du\u0161evn\u00e9 a fyzick\u00e9 zdravie, najm\u00e4 v kombin\u00e1cii s cvi\u010den\u00edm. <strong>\u0160t\u00fadia z roku 2023 zistila, \u017ee intervencie zalo\u017een\u00e9 na v\u0161\u00edmavosti zlep\u0161uj\u00fa n\u00e1ladu a zni\u017euj\u00fa hladinu stresu u \u0161portovcov.<\/strong> Konkr\u00e9tne, v\u0161\u00edmavos\u0165 pomohla zlep\u0161i\u0165 s\u00fastredenie a vytrvalos\u0165, \u010do umo\u017enilo \u0161portovcom pod\u00e1va\u0165 lep\u0161ie v\u00fdkony a z\u00e1rove\u0148 zn\u00ed\u017ei\u0165 \u00fazkos\u0165.<\/span><\/p>\n<p><span style=\"font-weight: 400;\">Pre cyklistov m\u00f4\u017ee v\u0161\u00edmavos\u0165 preh\u013abi\u0165 spojenie s telom a prostred\u00edm. V\u0161\u00edmavos\u0165 je vo svojom jadre aktom vedom\u00e9ho udr\u017eiavania povedomia k neust\u00e1le sa meniaceho pr\u00edtomn\u00e9ho okamihu. Projekt PedalMind vysvet\u013euje, \u017ee praktizovanie v\u0161\u00edmavosti n\u00e1m umo\u017e\u0148uje \u010deli\u0165 na\u0161im my\u0161lienkam, em\u00f3ci\u00e1m a vonkaj\u0161\u00edm podnetom bez posudzovania. Cyklistika je ve\u013emi vhodn\u00e1 k praktizovaniu v\u0161\u00edmavosti, preto\u017ee jazdci akt\u00edvne sleduj\u00fa svoje okolie a neust\u00e1le hodnotia meniace sa prostredie, aby sa mohli bezpe\u010dne pohybova\u0165. Toto zameranie na pr\u00edtomn\u00fd okamih umo\u017e\u0148uje hlb\u0161ie prepojenie jazdy so sebou sam\u00fdmi.<\/span><\/p>\n<h2><strong>V\u00fdhody v\u0161\u00edmavosti mimo bicykla<\/strong><\/h2>\n<p><span style=\"font-weight: 400;\"><strong>Na v\u0161\u00edmavosti je pozoruhodn\u00e9, ako \u013eahko sa t\u00e1to zru\u010dnos\u0165 m\u00f4\u017ee premietnu\u0165 do \u017eivota mimo bicykla.<\/strong> Pod\u013ea projektu PedalMind si cyklisti r\u00fdchlo osvoja, \u010do je to v\u0161\u00edmavos\u0165, a to u\u013eah\u010duje prenos t\u00fdchto zru\u010dnost\u00ed do ka\u017edodenn\u00e9ho \u017eivota. S praxou sa v\u00fdhody v\u0161\u00edmavosti m\u00f4\u017eu zn\u00e1sobi\u0165:<\/span><\/p>\n<ul>\n<li><span style=\"font-weight: 400;\">Vyv\u00e1\u017een\u00fd parasympatick\u00fd nervov\u00fd syst\u00e9m, ktor\u00fd pom\u00e1ha podporova\u0165 relax\u00e1ciu, zni\u017euje stres a dokonca zvy\u0161uje v\u00fdkonnos\u0165 pri jazde na bicykli<\/span><\/li>\n<li><span style=\"font-weight: 400;\">Zn\u00ed\u017euje stavy depresie a krvn\u00fd tlak<\/span><\/li>\n<li style=\"font-weight: 400;\"><span style=\"font-weight: 400;\">Zlep\u0161uje ment\u00e1lne zdravie<\/span><\/li>\n<li style=\"font-weight: 400;\"><span style=\"font-weight: 400;\">Zvy\u0161uje sebauvedomenie<\/span><\/li>\n<\/ul>\n<p><span style=\"font-weight: 400;\">Melissa Balmerov\u00e1, zakladate\u013eka PedalLove.org, zd\u00f4raz\u0148uje, \u017ee cvi\u010denie v\u0161\u00edmavosti mimo bicykla m\u00f4\u017ee zmeni\u0165 aj to, ako interagujeme s ostatn\u00fdmi. <em>\u201eUvedomenie si pr\u00edtomnosti n\u00e1m pom\u00e1ha rozpozna\u0165, kedy nie sme plne zapojen\u00ed do konverz\u00e1cie \u2013 \u010di u\u017e v pr\u00e1ci, doma alebo s priate\u013emi,\u201c<\/em> vysvet\u013euje.<\/span><\/p>\n<p><span style=\"font-weight: 400;\">Namiesto toho, aby sme \u010dakali, k\u00fdm m\u00f4\u017eeme odpoveda\u0165, alebo aby sme boli rozpty\u013eovan\u00ed v na\u0161ej mysli pr\u00edpravou spr\u00e1vnej odpovede, praktizovanie v\u0161\u00edmavosti v ka\u017edodenn\u00fdch interakci\u00e1ch n\u00e1m umo\u017e\u0148uje autentickej\u0161ie sa spoji\u0165 s ostatn\u00fdmi.<em> \u201eNaozaj ich uvid\u00edte a budete po\u010du\u0165,\u201c<\/em> hovor\u00ed Balmerov\u00e1. \u201e<em>M\u00f4\u017ee to by\u0165 neuverite\u013en\u00fd z\u00e1\u017eitok.\u201c<\/em><\/span><\/p>\n<p><span style=\"font-weight: 400;\"><strong>V skuto\u010dnosti Balmerov\u00e1 tvrd\u00ed, \u017ee neexistuje aspekt \u013eudsk\u00e9ho \u017eivota, v ktorom by praktizovanie v\u0161\u00edmavosti<\/strong> \u2013 zotrv\u00e1vanie tu a teraz \u2013 \u201eradik\u00e1lne neprospievalo v\u00e1m a t\u00fdm, s ktor\u00fdmi komunikujete\u201c.<\/span><\/p>\n<figure id=\"attachment_20135\" aria-describedby=\"caption-attachment-20135\" style=\"width: 990px\" class=\"wp-caption alignnone\"><a href=\"https:\/\/d2p6e6u75xmxt8.cloudfront.net\/4\/2025\/03\/Cyclist-Nature-profimedia-0730490956-CVR.webp\"><img loading=\"lazy\" decoding=\"async\" class=\"wp-image-20135 size-full\" src=\"https:\/\/d2p6e6u75xmxt8.cloudfront.net\/4\/2025\/03\/Cyclist-Nature-profimedia-0730490956-CVR.webp\" alt=\"Cyclist in nature\" width=\"990\" height=\"660\" srcset=\"https:\/\/d2p6e6u75xmxt8.cloudfront.net\/4\/2025\/03\/Cyclist-Nature-profimedia-0730490956-CVR.webp 990w, https:\/\/d2p6e6u75xmxt8.cloudfront.net\/4\/2025\/03\/Cyclist-Nature-profimedia-0730490956-CVR-300x200.webp 300w, https:\/\/d2p6e6u75xmxt8.cloudfront.net\/4\/2025\/03\/Cyclist-Nature-profimedia-0730490956-CVR-768x512.webp 768w, https:\/\/d2p6e6u75xmxt8.cloudfront.net\/4\/2025\/03\/Cyclist-Nature-profimedia-0730490956-CVR-400x267.webp 400w, https:\/\/d2p6e6u75xmxt8.cloudfront.net\/4\/2025\/03\/Cyclist-Nature-profimedia-0730490956-CVR-272x182.webp 272w\" sizes=\"auto, (max-width: 990px) 100vw, 990px\" \/><\/a><figcaption id=\"caption-attachment-20135\" class=\"wp-caption-text\"><span style=\"font-weight: 400;\">Zima je ide\u00e1lny \u010das na to, aby ste vyst\u00fapili z toho r\u00fdchleho be\u017eiaceho p\u00e1su ka\u017edodenn\u00e9ho \u017eivota, presunuli svoje zameranie dovn\u00fatra a osvojili si koncept pomalej jazdy &#8211; Slow Ride. \u00a9 Profimedia<\/span><\/figcaption><\/figure>\n<h2><strong>Tipy na za\u010dlenenie medit\u00e1cie a v\u0161\u00edmavosti do va\u0161ej cyklistickej rutiny<\/strong><\/h2>\n<h3><strong>Uvedomenie si dychu\u00a0<\/strong><\/h3>\n<p><span style=\"font-weight: 400;\"><strong>Jedn\u00fdm z najjednoduch\u0161\u00edch sp\u00f4sobov, ako kultivova\u0165 v\u0161\u00edmavos\u0165 na bicykli, je s\u00fastredi\u0165 sa na svoj dych.<\/strong> To je obzvl\u00e1\u0161\u0165 siln\u00e9, ke\u010f bicyklujete sami, \u010do v\u00e1m umo\u017en\u00ed naladi\u0165 sa na rytmus v\u00e1\u0161ho tela. V\u00fdskum z roku 2023 ukazuje, \u017ee techniky hlbok\u00e9ho, vedom\u00e9ho d\u00fdchania zlep\u0161uj\u00fa kysl\u00edkov\u00fa \u00fa\u010dinnos\u0165, zni\u017euj\u00fa stres a zvy\u0161uj\u00fa celkov\u00fa vytrvalos\u0165. \u0160portovci, ktor\u00ed za\u010dlenili s\u00fastreden\u00e9 d\u00fdchanie do svojich rut\u00edn, za\u017e\u00edvaj\u00fa v\u00e4\u010d\u0161ie emocion\u00e1lne zapojenie a men\u0161iu \u00fanavu.<\/span><\/p>\n<h3><strong>Zamerajte sa na zmysly\u00a0<\/strong><\/h3>\n<p><span style=\"font-weight: 400;\">Cyklistika v zime rozhodne prin\u00e1\u0161a v\u00fdrazn\u00e9 zmyslov\u00e9 z\u00e1\u017eitky. Svie\u017ei vzduch, v\u00f4\u0148a vlhkej zeme, jemn\u00fd chrumkav\u00fd mr\u00e1z pod pneumatikami \u2013 ka\u017ed\u00e1 drobnos\u0165 m\u00f4\u017ee by\u0165 impulzom na zameranie va\u0161ej pozornosti na okolie. <strong>Pestovan\u00edm tohto druhu akt\u00edvnej pozornosti sa m\u00f4\u017eeme nau\u010di\u0165 obnovi\u0165 du\u0161evn\u00fa rovnov\u00e1hu a zn\u00ed\u017ei\u0165 rozpty\u013eovanie na bicykli aj mimo neho.<\/strong><\/span><\/p>\n<h3><strong>Spoma\u013ete, nala\u010fte sa<\/strong><\/h3>\n<p><span style=\"font-weight: 400;\">Pomal\u00e1 jazda povzbudzuje jazdcov, aby sa zamerali sk\u00f4r na kvalitu svojich z\u00e1\u017eitkov ne\u017e na mno\u017estvo kilometrov. <strong>\u0160t\u00fadie nazna\u010duj\u00fa, \u017ee <a href=\"https:\/\/www.welovecycling.com\/sk\/2024\/12\/17\/je-v-poriadku-v-zime-spomalit\/\" target=\"_blank\" rel=\"noopener\">spomalenie<\/a> a zameranie sa na pr\u00edtomnos\u0165 m\u00f4\u017ee by\u0165 siln\u00fdm protijedom na stres.<\/strong> Dovo\u013ete si teda zastavi\u0165 a poobzera\u0165 sa po svojom okol\u00ed \u2013 \u010di u\u017e ide o sledovanie zimn\u00e9ho z\u00e1padu slnka alebo oddych pri zamrznutom potoku \u2013 za\u010dnete si v\u0161\u00edma\u0165 o ko\u013eko bohat\u0161ie bud\u00fa va\u0161e pravideln\u00e9 jazdy. Vezmite si pr\u00edklad zo Steva Taylora, PhD, docenta psychol\u00f3gie na Leeds Beckett University, ktor\u00fd vysvet\u013euje svoje rozhodnutie za\u010da\u0165 do pr\u00e1ce jazdi\u0165 na bicykli:<\/span><\/p>\n<p><em><span style=\"font-weight: 400;\">\u201eNajlep\u0161ie na cyklistike bolo to, \u017ee mi umo\u017enila s\u00fastredi\u0165 sa ove\u013ea viac na realitu cesty. Videl som to\u013eko zauj\u00edmav\u00fdch star\u00fdch domov a kr\u00e1snych star\u00fdch stromov a z\u00e1honov, ktor\u00e9 som si po\u010das jazdy autom nikdy nev\u0161imol. Videl som odbo\u010dky na tich\u00e9 uli\u010dky, ktor\u00e9 som jednoducho obch\u00e1dzal.<\/span><\/em><\/p>\n<p><em><span style=\"font-weight: 400;\">Najlep\u0161ie zo v\u0161etk\u00e9ho bolo, \u017ee som mohol tr\u00e1vi\u0165 \u010das pozeran\u00edm na oblohu, na oblaky a modr\u00e9 priestory medzi nimi a na rann\u00e9 slne\u010dn\u00e9 svetlo, ktor\u00e9 cez ne presvitalo. Ka\u017ed\u00e9 r\u00e1no som pri\u0161iel do pr\u00e1ce pln\u00fd energie a \u00fa\u017easne obohaten\u00fd. Bol som ohromen\u00fd t\u00fdm, ko\u013eko detailov z cesty do pr\u00e1ce som zme\u0161kal po\u010das jazdy autom a o ko\u013eko viac reality som c\u00edtil jednoducho t\u00fdm, \u017ee som na bicykli cestoval pomal\u0161ie.\u201c<\/span><\/em><\/p>\n<h3><strong>Pozorn\u00fd pohyb a dr\u017eanie tela\u00a0<\/strong><\/h3>\n<p><span style=\"font-weight: 400;\">Venujte pozornos\u0165 fyzick\u00fdm pocitom z bicyklovania. Mo\u017eno m\u00e1te pr\u00edli\u0161 stuhnut\u00e9 ramen\u00e1 alebo zat\u00ednate \u010de\u013euste? M\u00e1te uvo\u013enen\u00e9 ruky? <strong>Pozorn\u00e1 jazda znamen\u00e1 v\u0161\u00edma\u0165 si tieto jemn\u00e9 sign\u00e1ly z v\u00e1\u0161ho tela a upravova\u0165 ich v re\u00e1lnom \u010dase.<\/strong> Ako cyklista a in\u0161truktor jogy v\u00e1s m\u00f4\u017eem ubezpe\u010di\u0165, \u017ee v\u0161\u00edmav\u00fd pohyb na bicykli v\u00e1m pom\u00f4\u017ee nau\u010di\u0165 sa po\u010d\u00fava\u0165 svoje telo, zn\u00ed\u017ei\u0165 riziko zranenia a zlep\u0161i\u0165 celkov\u00fa efektivitu jazdy. Povedomie o tele, ktor\u00e9 si pestujete t\u00fdm, \u017ee budete venova\u0165 pozornos\u0165 sign\u00e1lom, ktor\u00e9 v\u00e1m d\u00e1va va\u0161e telo, bude priamo korelova\u0165 so zlep\u0161enou technikou a zn\u00ed\u017een\u00edm po\u010dtu zranen\u00ed, ke\u010f sa nau\u010d\u00edte upravova\u0165 dr\u017eanie tela a vyh\u00fdba\u0165 sa zbyto\u010dn\u00e9mu nam\u00e1haniu.<\/span><\/p>\n<h3><strong>D\u00f4le\u017eitos\u0165 konzistencie<\/strong><\/h3>\n<p><span style=\"font-weight: 400;\">V\u0161\u00edmavos\u0165, ako ka\u017ed\u00e1 prax, si v\u0161ak vy\u017eaduje d\u00f4slednos\u0165. Po\u010das zimy, kedy je po\u010dasie \u010dasto n\u00e1ro\u010dnej\u0161ie, m\u00f4\u017ee by\u0165 l\u00e1kav\u00e9 vynecha\u0165 jazdu. Av\u0161ak odhodlanie venova\u0165 sa cyklistike so v\u0161\u00edmavos\u0165ou \u2013 \u010di u\u017e ide o tr\u00e9ning, kr\u00e1tke pomal\u00e9 jazdenie v okol\u00ed alebo dlh\u0161iu cestu tich\u00fdmi cestami \u2013 m\u00f4\u017ee vytvori\u0165 konzistentn\u00fd z\u00e1klad pre du\u0161evn\u00fa a fyzick\u00fa pohodu.<\/span><\/p>\n<h3><strong>Vyu\u017eite t\u00fato zimu ako vedom\u00e9 \u00fato\u010disko\u00a0<\/strong><\/h3>\n<p><span style=\"font-weight: 400;\"><strong>Cyklistika nie je v\u017edy o pos\u00favan\u00ed svojich limitov alebo nah\u00e1\u0148an\u00ed r\u00fdchlej\u0161\u00edch \u010dasov.<\/strong> Najm\u00e4 v zime je to pr\u00edle\u017eitos\u0165 osvoji\u0165 si pomal\u00fa jazdu. Za\u010dlenen\u00edm v\u0161\u00edmavosti do va\u0161ej cyklistickej rutiny vytvor\u00edte hlb\u0161\u00ed, reflexnej\u0161\u00ed z\u00e1\u017eitok, ktor\u00fd posiln\u00ed telo a vy\u017eiv\u00ed du\u0161u. Pam\u00e4tajte, \u017ee v cyklistike, rovnako ako v \u017eivote, pokojnej\u0161ie chv\u00edle \u010dasto prin\u00e1\u0161aj\u00fa najv\u00e4\u010d\u0161ie odmeny.<\/span><\/p>\n","protected":false},"excerpt":{"rendered":"<p>Zima je pre cyklistov jedine\u010dn\u00e9 ro\u010dn\u00e9 obdobie \u2013 s chladn\u00fdmi teplotami a snehov\u00fdmi podmienkami \u010dasto vedie k tich\u0161ej, pomal\u0161ej a [&hellip;]<\/p>\n","protected":false},"author":172,"featured_media":20137,"comment_status":"closed","ping_status":"closed","sticky":false,"template":"","format":"standard","meta":{"footnotes":""},"categories":[4],"tags":[1288,115,546,1379,180,1645,803,161,317],"global-categories":[],"class_list":["post-20134","post","type-post","status-publish","format-standard","has-post-thumbnail","hentry","category-cestna-cyklisitika","tag-bicyklovanie-v-zime","tag-cestna-cyklistika","tag-cyklistika","tag-dusevne-zdravie","tag-horska-cyklistika","tag-jazdenie-v-zime","tag-meditacia","tag-zdravie","tag-zima"],"yoast_head":"<!-- This site is optimized with the Yoast SEO Premium plugin v25.3 (Yoast SEO v25.9) - https:\/\/yoast.com\/wordpress\/plugins\/seo\/ -->\n<title>V\u0161\u00edmav\u00e9 bicyklovanie: Prijmite v\u00fdzvu hnutia Slow Ride<\/title>\n<meta name=\"description\" content=\"Zima vedie k tich\u0161ej, pomal\u0161ej a introspekt\u00edvnej\u0161ej jazde. Je to ide\u00e1lny \u010das\u00a0vyst\u00fapi\u0165 z r\u00fdchleho kolobehu \u017eivota a za\u010da\u0165 by\u0165 v\u0161\u00edmavej\u0161\u00ed.\" \/>\n<meta name=\"robots\" content=\"index, follow, max-snippet:-1, max-image-preview:large, max-video-preview:-1\" \/>\n<link rel=\"canonical\" href=\"https:\/\/www.welovecycling.com\/sk\/2025\/03\/11\/vsimave-bicyklovanie-prijmite-vyzvu-hnutia-slow-ride\/\" \/>\n<meta property=\"og:locale\" content=\"sk_SK\" \/>\n<meta property=\"og:type\" content=\"article\" \/>\n<meta property=\"og:title\" content=\"V\u0161\u00edmav\u00e9 bicyklovanie: prijmite v\u00fdzvu hnutia Slow Ride\" \/>\n<meta property=\"og:description\" content=\"Zima vedie k tich\u0161ej, pomal\u0161ej a introspekt\u00edvnej\u0161ej jazde. Je to ide\u00e1lny \u010das\u00a0vyst\u00fapi\u0165 z r\u00fdchleho kolobehu \u017eivota a za\u010da\u0165 by\u0165 v\u0161\u00edmavej\u0161\u00ed.\" \/>\n<meta property=\"og:url\" content=\"https:\/\/www.welovecycling.com\/sk\/2025\/03\/11\/vsimave-bicyklovanie-prijmite-vyzvu-hnutia-slow-ride\/\" \/>\n<meta property=\"og:site_name\" content=\"\u0160koda We Love Cycling Slovensko\" \/>\n<meta property=\"article:published_time\" content=\"2025-03-11T10:00:41+00:00\" \/>\n<meta property=\"og:image\" content=\"https:\/\/d2p6e6u75xmxt8.cloudfront.net\/4\/2025\/03\/Cyclist-Cold-Fog-profimedia-0958561366-CVR.webp\" \/>\n\t<meta property=\"og:image:width\" content=\"990\" \/>\n\t<meta property=\"og:image:height\" content=\"660\" \/>\n\t<meta property=\"og:image:type\" content=\"image\/webp\" \/>\n<meta name=\"author\" content=\"dominika\" \/>\n<meta name=\"twitter:card\" content=\"summary_large_image\" \/>\n<meta name=\"twitter:label1\" content=\"Written by\" \/>\n\t<meta name=\"twitter:data1\" content=\"Megan Flottorp\" \/>\n\t<meta name=\"twitter:label2\" content=\"Est. reading time\" \/>\n\t<meta name=\"twitter:data2\" content=\"4\" \/>\n<script type=\"application\/ld+json\" class=\"yoast-schema-graph\">{\"@context\":\"https:\/\/schema.org\",\"@graph\":[{\"@type\":\"WebPage\",\"@id\":\"https:\/\/www.welovecycling.com\/sk\/2025\/03\/11\/vsimave-bicyklovanie-prijmite-vyzvu-hnutia-slow-ride\/\",\"url\":\"https:\/\/www.welovecycling.com\/sk\/2025\/03\/11\/vsimave-bicyklovanie-prijmite-vyzvu-hnutia-slow-ride\/\",\"name\":\"V\u0161\u00edmav\u00e9 bicyklovanie: Prijmite v\u00fdzvu hnutia Slow Ride\",\"isPartOf\":{\"@id\":\"https:\/\/www.welovecycling.com\/sk\/#website\"},\"primaryImageOfPage\":{\"@id\":\"https:\/\/www.welovecycling.com\/sk\/2025\/03\/11\/vsimave-bicyklovanie-prijmite-vyzvu-hnutia-slow-ride\/#primaryimage\"},\"image\":{\"@id\":\"https:\/\/www.welovecycling.com\/sk\/2025\/03\/11\/vsimave-bicyklovanie-prijmite-vyzvu-hnutia-slow-ride\/#primaryimage\"},\"thumbnailUrl\":\"https:\/\/d2p6e6u75xmxt8.cloudfront.net\/4\/2025\/03\/Cyclist-Cold-Fog-profimedia-0958561366-CVR.webp\",\"datePublished\":\"2025-03-11T10:00:41+00:00\",\"author\":{\"@id\":\"https:\/\/www.welovecycling.com\/sk\/#\/schema\/person\/533b62b98b6c41bd5135ebfb1f742624\"},\"description\":\"Zima vedie k tich\u0161ej, pomal\u0161ej a introspekt\u00edvnej\u0161ej jazde. Je to ide\u00e1lny \u010das\u00a0vyst\u00fapi\u0165 z r\u00fdchleho kolobehu \u017eivota a za\u010da\u0165 by\u0165 v\u0161\u00edmavej\u0161\u00ed.\",\"breadcrumb\":{\"@id\":\"https:\/\/www.welovecycling.com\/sk\/2025\/03\/11\/vsimave-bicyklovanie-prijmite-vyzvu-hnutia-slow-ride\/#breadcrumb\"},\"inLanguage\":\"sk-SK\",\"potentialAction\":[{\"@type\":\"ReadAction\",\"target\":[\"https:\/\/www.welovecycling.com\/sk\/2025\/03\/11\/vsimave-bicyklovanie-prijmite-vyzvu-hnutia-slow-ride\/\"]}]},{\"@type\":\"ImageObject\",\"inLanguage\":\"sk-SK\",\"@id\":\"https:\/\/www.welovecycling.com\/sk\/2025\/03\/11\/vsimave-bicyklovanie-prijmite-vyzvu-hnutia-slow-ride\/#primaryimage\",\"url\":\"https:\/\/d2p6e6u75xmxt8.cloudfront.net\/4\/2025\/03\/Cyclist-Cold-Fog-profimedia-0958561366-CVR.webp\",\"contentUrl\":\"https:\/\/d2p6e6u75xmxt8.cloudfront.net\/4\/2025\/03\/Cyclist-Cold-Fog-profimedia-0958561366-CVR.webp\",\"width\":990,\"height\":660,\"caption\":\"Cyclist in winter\"},{\"@type\":\"BreadcrumbList\",\"@id\":\"https:\/\/www.welovecycling.com\/sk\/2025\/03\/11\/vsimave-bicyklovanie-prijmite-vyzvu-hnutia-slow-ride\/#breadcrumb\",\"itemListElement\":[{\"@type\":\"ListItem\",\"position\":1,\"name\":\"Home\",\"item\":\"https:\/\/www.welovecycling.com\/sk\/\"},{\"@type\":\"ListItem\",\"position\":2,\"name\":\"V\u0161\u00edmav\u00e9 bicyklovanie: prijmite v\u00fdzvu hnutia Slow Ride\"}]},{\"@type\":\"WebSite\",\"@id\":\"https:\/\/www.welovecycling.com\/sk\/#website\",\"url\":\"https:\/\/www.welovecycling.com\/sk\/\",\"name\":\"\u0160koda We Love Cycling Slovensko\",\"description\":\"\u0160koda We Love Cycling Slovensko je v\u00e1\u0161 ka\u017edodenn\u00fd zdroj noviniek a in\u0161pir\u00e1cie z sveta cyklistiky\",\"potentialAction\":[{\"@type\":\"SearchAction\",\"target\":{\"@type\":\"EntryPoint\",\"urlTemplate\":\"https:\/\/www.welovecycling.com\/sk\/?s={search_term_string}\"},\"query-input\":{\"@type\":\"PropertyValueSpecification\",\"valueRequired\":true,\"valueName\":\"search_term_string\"}}],\"inLanguage\":\"sk-SK\"},{\"@type\":\"Person\",\"@id\":\"https:\/\/www.welovecycling.com\/sk\/#\/schema\/person\/533b62b98b6c41bd5135ebfb1f742624\",\"name\":\"dominika\",\"image\":{\"@type\":\"ImageObject\",\"inLanguage\":\"sk-SK\",\"@id\":\"https:\/\/www.welovecycling.com\/sk\/#\/schema\/person\/image\/\",\"url\":\"https:\/\/secure.gravatar.com\/avatar\/ded6f274ba2ec3e17fff153f7d9d96a4b33c2cb63907f75d9a5309c599a7f3e6?s=96&d=mm&r=g\",\"contentUrl\":\"https:\/\/secure.gravatar.com\/avatar\/ded6f274ba2ec3e17fff153f7d9d96a4b33c2cb63907f75d9a5309c599a7f3e6?s=96&d=mm&r=g\",\"caption\":\"dominika\"},\"url\":\"https:\/\/www.welovecycling.com\/sk\/author\/dominika\/\"}]}<\/script>\n<!-- \/ Yoast SEO Premium plugin. -->","yoast_head_json":{"title":"V\u0161\u00edmav\u00e9 bicyklovanie: Prijmite v\u00fdzvu hnutia Slow Ride","description":"Zima vedie k tich\u0161ej, pomal\u0161ej a introspekt\u00edvnej\u0161ej jazde. Je to ide\u00e1lny \u010das\u00a0vyst\u00fapi\u0165 z r\u00fdchleho kolobehu \u017eivota a za\u010da\u0165 by\u0165 v\u0161\u00edmavej\u0161\u00ed.","robots":{"index":"index","follow":"follow","max-snippet":"max-snippet:-1","max-image-preview":"max-image-preview:large","max-video-preview":"max-video-preview:-1"},"canonical":"https:\/\/www.welovecycling.com\/sk\/2025\/03\/11\/vsimave-bicyklovanie-prijmite-vyzvu-hnutia-slow-ride\/","og_locale":"sk_SK","og_type":"article","og_title":"V\u0161\u00edmav\u00e9 bicyklovanie: prijmite v\u00fdzvu hnutia Slow Ride","og_description":"Zima vedie k tich\u0161ej, pomal\u0161ej a introspekt\u00edvnej\u0161ej jazde. Je to ide\u00e1lny \u010das\u00a0vyst\u00fapi\u0165 z r\u00fdchleho kolobehu \u017eivota a za\u010da\u0165 by\u0165 v\u0161\u00edmavej\u0161\u00ed.","og_url":"https:\/\/www.welovecycling.com\/sk\/2025\/03\/11\/vsimave-bicyklovanie-prijmite-vyzvu-hnutia-slow-ride\/","og_site_name":"\u0160koda We Love Cycling Slovensko","article_published_time":"2025-03-11T10:00:41+00:00","og_image":[{"width":990,"height":660,"url":"https:\/\/d2p6e6u75xmxt8.cloudfront.net\/4\/2025\/03\/Cyclist-Cold-Fog-profimedia-0958561366-CVR.webp","type":"image\/webp"}],"author":"dominika","twitter_card":"summary_large_image","twitter_misc":{"Written by":"Megan Flottorp","Est. reading time":"4"},"schema":{"@context":"https:\/\/schema.org","@graph":[{"@type":"WebPage","@id":"https:\/\/www.welovecycling.com\/sk\/2025\/03\/11\/vsimave-bicyklovanie-prijmite-vyzvu-hnutia-slow-ride\/","url":"https:\/\/www.welovecycling.com\/sk\/2025\/03\/11\/vsimave-bicyklovanie-prijmite-vyzvu-hnutia-slow-ride\/","name":"V\u0161\u00edmav\u00e9 bicyklovanie: Prijmite v\u00fdzvu hnutia Slow Ride","isPartOf":{"@id":"https:\/\/www.welovecycling.com\/sk\/#website"},"primaryImageOfPage":{"@id":"https:\/\/www.welovecycling.com\/sk\/2025\/03\/11\/vsimave-bicyklovanie-prijmite-vyzvu-hnutia-slow-ride\/#primaryimage"},"image":{"@id":"https:\/\/www.welovecycling.com\/sk\/2025\/03\/11\/vsimave-bicyklovanie-prijmite-vyzvu-hnutia-slow-ride\/#primaryimage"},"thumbnailUrl":"https:\/\/d2p6e6u75xmxt8.cloudfront.net\/4\/2025\/03\/Cyclist-Cold-Fog-profimedia-0958561366-CVR.webp","datePublished":"2025-03-11T10:00:41+00:00","author":{"@id":"https:\/\/www.welovecycling.com\/sk\/#\/schema\/person\/533b62b98b6c41bd5135ebfb1f742624"},"description":"Zima vedie k tich\u0161ej, pomal\u0161ej a introspekt\u00edvnej\u0161ej jazde. Je to ide\u00e1lny \u010das\u00a0vyst\u00fapi\u0165 z r\u00fdchleho kolobehu \u017eivota a za\u010da\u0165 by\u0165 v\u0161\u00edmavej\u0161\u00ed.","breadcrumb":{"@id":"https:\/\/www.welovecycling.com\/sk\/2025\/03\/11\/vsimave-bicyklovanie-prijmite-vyzvu-hnutia-slow-ride\/#breadcrumb"},"inLanguage":"sk-SK","potentialAction":[{"@type":"ReadAction","target":["https:\/\/www.welovecycling.com\/sk\/2025\/03\/11\/vsimave-bicyklovanie-prijmite-vyzvu-hnutia-slow-ride\/"]}]},{"@type":"ImageObject","inLanguage":"sk-SK","@id":"https:\/\/www.welovecycling.com\/sk\/2025\/03\/11\/vsimave-bicyklovanie-prijmite-vyzvu-hnutia-slow-ride\/#primaryimage","url":"https:\/\/d2p6e6u75xmxt8.cloudfront.net\/4\/2025\/03\/Cyclist-Cold-Fog-profimedia-0958561366-CVR.webp","contentUrl":"https:\/\/d2p6e6u75xmxt8.cloudfront.net\/4\/2025\/03\/Cyclist-Cold-Fog-profimedia-0958561366-CVR.webp","width":990,"height":660,"caption":"Cyclist in winter"},{"@type":"BreadcrumbList","@id":"https:\/\/www.welovecycling.com\/sk\/2025\/03\/11\/vsimave-bicyklovanie-prijmite-vyzvu-hnutia-slow-ride\/#breadcrumb","itemListElement":[{"@type":"ListItem","position":1,"name":"Home","item":"https:\/\/www.welovecycling.com\/sk\/"},{"@type":"ListItem","position":2,"name":"V\u0161\u00edmav\u00e9 bicyklovanie: prijmite v\u00fdzvu hnutia Slow Ride"}]},{"@type":"WebSite","@id":"https:\/\/www.welovecycling.com\/sk\/#website","url":"https:\/\/www.welovecycling.com\/sk\/","name":"\u0160koda We Love Cycling Slovensko","description":"\u0160koda We Love Cycling Slovensko je v\u00e1\u0161 ka\u017edodenn\u00fd zdroj noviniek a in\u0161pir\u00e1cie z sveta cyklistiky","potentialAction":[{"@type":"SearchAction","target":{"@type":"EntryPoint","urlTemplate":"https:\/\/www.welovecycling.com\/sk\/?s={search_term_string}"},"query-input":{"@type":"PropertyValueSpecification","valueRequired":true,"valueName":"search_term_string"}}],"inLanguage":"sk-SK"},{"@type":"Person","@id":"https:\/\/www.welovecycling.com\/sk\/#\/schema\/person\/533b62b98b6c41bd5135ebfb1f742624","name":"dominika","image":{"@type":"ImageObject","inLanguage":"sk-SK","@id":"https:\/\/www.welovecycling.com\/sk\/#\/schema\/person\/image\/","url":"https:\/\/secure.gravatar.com\/avatar\/ded6f274ba2ec3e17fff153f7d9d96a4b33c2cb63907f75d9a5309c599a7f3e6?s=96&d=mm&r=g","contentUrl":"https:\/\/secure.gravatar.com\/avatar\/ded6f274ba2ec3e17fff153f7d9d96a4b33c2cb63907f75d9a5309c599a7f3e6?s=96&d=mm&r=g","caption":"dominika"},"url":"https:\/\/www.welovecycling.com\/sk\/author\/dominika\/"}]}},"_links":{"self":[{"href":"https:\/\/www.welovecycling.com\/sk\/wp-json\/wp\/v2\/posts\/20134","targetHints":{"allow":["GET"]}}],"collection":[{"href":"https:\/\/www.welovecycling.com\/sk\/wp-json\/wp\/v2\/posts"}],"about":[{"href":"https:\/\/www.welovecycling.com\/sk\/wp-json\/wp\/v2\/types\/post"}],"author":[{"embeddable":true,"href":"https:\/\/www.welovecycling.com\/sk\/wp-json\/wp\/v2\/users\/172"}],"replies":[{"embeddable":true,"href":"https:\/\/www.welovecycling.com\/sk\/wp-json\/wp\/v2\/comments?post=20134"}],"version-history":[{"count":6,"href":"https:\/\/www.welovecycling.com\/sk\/wp-json\/wp\/v2\/posts\/20134\/revisions"}],"predecessor-version":[{"id":20142,"href":"https:\/\/www.welovecycling.com\/sk\/wp-json\/wp\/v2\/posts\/20134\/revisions\/20142"}],"wp:featuredmedia":[{"embeddable":true,"href":"https:\/\/www.welovecycling.com\/sk\/wp-json\/wp\/v2\/media\/20137"}],"wp:attachment":[{"href":"https:\/\/www.welovecycling.com\/sk\/wp-json\/wp\/v2\/media?parent=20134"}],"wp:term":[{"taxonomy":"category","embeddable":true,"href":"https:\/\/www.welovecycling.com\/sk\/wp-json\/wp\/v2\/categories?post=20134"},{"taxonomy":"post_tag","embeddable":true,"href":"https:\/\/www.welovecycling.com\/sk\/wp-json\/wp\/v2\/tags?post=20134"},{"taxonomy":"global-categories","embeddable":true,"href":"https:\/\/www.welovecycling.com\/sk\/wp-json\/wp\/v2\/global-categories?post=20134"}],"curies":[{"name":"wp","href":"https:\/\/api.w.org\/{rel}","templated":true}]}}