{"id":20124,"date":"2025-03-09T09:00:30","date_gmt":"2025-03-09T08:00:30","guid":{"rendered":"https:\/\/www.welovecycling.com\/sk\/?p=20124"},"modified":"2025-03-21T10:45:13","modified_gmt":"2025-03-21T09:45:13","slug":"priprava-bicykla-na-novu-sezonu-na-co-urcite-nezabudnut","status":"publish","type":"post","link":"https:\/\/www.welovecycling.com\/sk\/2025\/03\/09\/priprava-bicykla-na-novu-sezonu-na-co-urcite-nezabudnut\/","title":{"rendered":"Pr\u00edprava bicykla na nov\u00fa sez\u00f3nu: na \u010do ur\u010dite nezabudn\u00fa\u0165?"},"content":{"rendered":"<p><strong>Jar n\u00e1m u\u017e klope na dvere a vy\u0161\u0161ie teploty n\u00e1s \u0165ahaj\u00fa vybra\u0165 bicykel von. Prejdeme si teda jednoduch\u00fd a nen\u00e1ro\u010dn\u00fd servis, ktor\u00fd udr\u017e\u00ed bicykel v kond\u00edcii a nepokaz\u00ed n\u00e1m prv\u00fd v\u00fdjazd.\u00a0<\/strong><!--more--><\/p>\n<p><span style=\"font-weight: 400;\">Po\u010det najazden\u00fdch kilometrov v tomto pr\u00edpade nehr\u00e1 ve\u013ek\u00fa rolu. Niekto bicykel pou\u017e\u00edval cel\u00fa zimu a niekto ho vytiahne z pivnice po zimnom sp\u00e1nku. Ka\u017ed\u00fd z n\u00e1s by mal bicyklu dopria\u0165 servis, aby n\u00e1m mohol \u010falej funk\u010dne a bez nepr\u00edjemn\u00fdch zvukov sl\u00fa\u017ei\u0165. \u010co teda obn\u00e1\u0161a pr\u00edprava bicykla na nov\u00fa\u00a0 sez\u00f3nu?<\/span><a href=\"https:\/\/d2p6e6u75xmxt8.cloudfront.net\/4\/2025\/03\/02_WLC_1.webp\"><img loading=\"lazy\" decoding=\"async\" class=\"alignnone size-full wp-image-20126\" src=\"https:\/\/d2p6e6u75xmxt8.cloudfront.net\/4\/2025\/03\/02_WLC_1.webp\" alt=\"\" width=\"989\" height=\"436\" srcset=\"https:\/\/d2p6e6u75xmxt8.cloudfront.net\/4\/2025\/03\/02_WLC_1.webp 989w, https:\/\/d2p6e6u75xmxt8.cloudfront.net\/4\/2025\/03\/02_WLC_1-300x132.webp 300w, https:\/\/d2p6e6u75xmxt8.cloudfront.net\/4\/2025\/03\/02_WLC_1-768x339.webp 768w, https:\/\/d2p6e6u75xmxt8.cloudfront.net\/4\/2025\/03\/02_WLC_1-400x176.webp 400w\" sizes=\"auto, (max-width: 989px) 100vw, 989px\" \/><\/a><\/p>\n<h2><strong>Um\u00fdvanie bicykla<\/strong><\/h2>\n<p><span style=\"font-weight: 400;\">Pred samotn\u00fdm \u201eservisn\u00fdm checklistom\u201c si bicykel najprv <strong>umyjeme, aby sme r\u00e1m a komponenty zbavili ne\u010dist\u00f4t od zimn\u00e9ho jazdenia, pr\u00edpadne od prachu,<\/strong> ktor\u00fd sa na\u0148 nachytal po\u010das zimn\u00e9ho uskladnenia. Na dome je tento \u00fakon jednoduch\u00fd, sta\u010d\u00ed n\u00e1m nejak\u00e1 cyklokozmetika, hadica a vedro s vodou. <\/span><\/p>\n<p><span style=\"font-weight: 400;\">Panel\u00e1kov\u00ed cyklisti m\u00f4\u017eu vyu\u017ei\u0165 slu\u017eby um\u00fdvac\u00edch stojanov, alebo si umy\u0165 bicykel pri panel\u00e1ku. V tomto pr\u00edpade je tu jednoduch\u00fd tip: n\u00e1doba na postrek strom\u010dekov v objeme 5 litrov vie v\u00fdborne posl\u00fa\u017ei\u0165 a fajn\u0161mekrom m\u00f4\u017ee pom\u00f4c\u0165 \u0161ikovn\u00e1 vapka od zna\u010dky K\u00e4rcher na baterky.\u00a0<\/span><\/p>\n<h2><strong>Skontrolovanie opotrebenia komponentov<\/strong><\/h2>\n<p><span style=\"font-weight: 400;\">Po d\u00f4kladnom umyt\u00ed bicykel vysu\u0161\u00edme a m\u00f4\u017eeme sa pusti\u0165 do kontroly komponentov.\u00a0<\/span><\/p>\n<h3><strong>1. Kontrola lo\u017e\u00edsk\u00a0<\/strong><\/h3>\n<p><span style=\"font-weight: 400;\">Jednoduch\u00fdm rozto\u010den\u00edm kolies vieme skontrolova\u0165 funk\u010dnos\u0165 lo\u017e\u00edsk vn\u00fatri n\u00e1boja. <strong>Pri po\u0161koden\u00ed by sme po\u010duli \u0161\u00fachanie a v hor\u0161\u00edch pr\u00edpadoch m\u00f4\u017eeme vidie\u0165 v\u00f4\u013eu vo\u013en\u00fdm okom.<\/strong> Zastav\u00edme koleso a vysk\u00fa\u0161ame si stranov\u00fa v\u00f4\u013eu kolies. T\u00e1 sa d\u00e1 vyrie\u0161i\u0165 dotiahnut\u00edm r\u00fdchloup\u00ednakov alebo pevn\u00fdch os\u00ed. Ak v\u00f4\u013ea pretrv\u00e1va, m\u00f4\u017eu by\u0165 probl\u00e9mom pr\u00e1ve lo\u017eisk\u00e1.\u00a0<\/span><\/p>\n<p><span style=\"font-weight: 400;\">Podobn\u00fd scen\u00e1r zopakujeme pri k\u013euk\u00e1ch, kde by sme mohli pri ot\u00e1\u010dan\u00ed c\u00edti\u0165 odpor. Pr\u00edpadn\u00e9 pukanie po\u010das jazdy m\u00f4\u017ee signalizova\u0165 po\u0161koden\u00e9 lo\u017eisk\u00e1. Ak m\u00e1me celoodpru\u017een\u00fd horsk\u00fd bicykel, toto pukanie m\u00f4\u017ee by\u0165 s\u00fa\u010das\u0165ou lo\u017e\u00edsk v zadnej stavbe a tu treba u\u017e vyh\u013eada\u0165 pomoc od odborn\u00edkov.\u00a0<\/span><\/p>\n<p><a href=\"https:\/\/d2p6e6u75xmxt8.cloudfront.net\/4\/2025\/03\/03_WLC_1.webp\"><img loading=\"lazy\" decoding=\"async\" class=\"alignnone size-full wp-image-20127\" src=\"https:\/\/d2p6e6u75xmxt8.cloudfront.net\/4\/2025\/03\/03_WLC_1.webp\" alt=\"\" width=\"990\" height=\"660\" srcset=\"https:\/\/d2p6e6u75xmxt8.cloudfront.net\/4\/2025\/03\/03_WLC_1.webp 990w, https:\/\/d2p6e6u75xmxt8.cloudfront.net\/4\/2025\/03\/03_WLC_1-300x200.webp 300w, https:\/\/d2p6e6u75xmxt8.cloudfront.net\/4\/2025\/03\/03_WLC_1-768x512.webp 768w, https:\/\/d2p6e6u75xmxt8.cloudfront.net\/4\/2025\/03\/03_WLC_1-400x267.webp 400w, https:\/\/d2p6e6u75xmxt8.cloudfront.net\/4\/2025\/03\/03_WLC_1-272x182.webp 272w\" sizes=\"auto, (max-width: 990px) 100vw, 990px\" \/><\/a><\/p>\n<h3><strong>2. Kontrola pohonu<\/strong><\/h3>\n<p><span style=\"font-weight: 400;\">Po umyt\u00ed m\u00e1me pohon \u010dist\u00fd od maziva a in\u00fdch ne\u010dist\u00f4t. Mierkou na re\u0165az si skontrolujeme, \u010di m\u00e1me re\u0165az v norme, alebo vy\u0165ahan\u00fa. \u010ealej si skontrolujeme funkciu radenia smerom nahor aj nadol v plnom rozsahu a najlep\u0161ie pri jazde na bicykli. V tomto pr\u00edpade vieme prehadzova\u010dku doladi\u0165, alebo budeme musie\u0165 vymeni\u0165 lanko radenia. <strong>Po kontrole a nastaven\u00ed radenia si re\u0165az nama\u017eeme olejom alebo voskom, \u010do pou\u017e\u00edvame po\u010das sez\u00f3ny.\u00a0<\/strong><\/span><\/p>\n<p><a href=\"https:\/\/d2p6e6u75xmxt8.cloudfront.net\/4\/2025\/03\/04_WLC_1.webp\"><img loading=\"lazy\" decoding=\"async\" class=\"alignnone size-full wp-image-20128\" src=\"https:\/\/d2p6e6u75xmxt8.cloudfront.net\/4\/2025\/03\/04_WLC_1.webp\" alt=\"\" width=\"1200\" height=\"800\" srcset=\"https:\/\/d2p6e6u75xmxt8.cloudfront.net\/4\/2025\/03\/04_WLC_1.webp 1200w, https:\/\/d2p6e6u75xmxt8.cloudfront.net\/4\/2025\/03\/04_WLC_1-300x200.webp 300w, https:\/\/d2p6e6u75xmxt8.cloudfront.net\/4\/2025\/03\/04_WLC_1-1024x683.webp 1024w, https:\/\/d2p6e6u75xmxt8.cloudfront.net\/4\/2025\/03\/04_WLC_1-768x512.webp 768w, https:\/\/d2p6e6u75xmxt8.cloudfront.net\/4\/2025\/03\/04_WLC_1-400x267.webp 400w, https:\/\/d2p6e6u75xmxt8.cloudfront.net\/4\/2025\/03\/04_WLC_1-272x182.webp 272w\" sizes=\"auto, (max-width: 1200px) 100vw, 1200px\" \/><\/a><\/p>\n<h3><strong>3. Kontrola b\u0155zd<\/strong><\/h3>\n<p><span style=\"font-weight: 400;\">Ak m\u00e1me e\u0161te r\u00e1fikov\u00e9 brzdy, skontrolujeme si hr\u00fabku brzdnej plochy brzdov\u00fdch gumi\u010diek a hlavne silu brzdenia. Pri kot\u00fa\u010dov\u00fdch brzd\u00e1ch n\u00e1s zauj\u00edma hlavne chod p\u00e1ky a bod zabrzdenia. <strong>Ak id\u00fa pr\u00edli\u0161 bl\u00edzko k riadidl\u00e1m, brzdy mus\u00edme odvzdu\u0161ni\u0165.<\/strong> Nesmieme zabudn\u00fa\u0165 na brzdov\u00e9 platni\u010dky, kde kontrolujeme hr\u00fabku brzdnej plochy a taktie\u017e samotn\u00fd kot\u00fa\u010d. V niektor\u00fdch pr\u00edpadoch je potrebn\u00e9 vymeni\u0165 brzdov\u00e9 platni\u010dky aj samotn\u00fd kot\u00fa\u010d. Cinkanie kot\u00fa\u010dov vyrie\u0161ime povolen\u00edm skrutiek a op\u00e4tovn\u00fdm nastaven\u00edm brzdov\u00e9ho prasiatka.<\/span><\/p>\n<p><a href=\"https:\/\/d2p6e6u75xmxt8.cloudfront.net\/4\/2025\/03\/05_WLC_1.webp\"><img loading=\"lazy\" decoding=\"async\" class=\"alignnone size-full wp-image-20129\" src=\"https:\/\/d2p6e6u75xmxt8.cloudfront.net\/4\/2025\/03\/05_WLC_1.webp\" alt=\"\" width=\"989\" height=\"661\" srcset=\"https:\/\/d2p6e6u75xmxt8.cloudfront.net\/4\/2025\/03\/05_WLC_1.webp 989w, https:\/\/d2p6e6u75xmxt8.cloudfront.net\/4\/2025\/03\/05_WLC_1-300x201.webp 300w, https:\/\/d2p6e6u75xmxt8.cloudfront.net\/4\/2025\/03\/05_WLC_1-768x513.webp 768w, https:\/\/d2p6e6u75xmxt8.cloudfront.net\/4\/2025\/03\/05_WLC_1-400x267.webp 400w, https:\/\/d2p6e6u75xmxt8.cloudfront.net\/4\/2025\/03\/05_WLC_1-272x182.webp 272w\" sizes=\"auto, (max-width: 989px) 100vw, 989px\" \/><\/a><\/p>\n<h3><strong>4. Kontrola pl\u00e1\u0161\u0165ov<\/strong><\/h3>\n<p><span style=\"font-weight: 400;\">Okrem kontroly osmi\u010diek na kolese si skontrolujeme aj samotn\u00e9 pl\u00e1\u0161te. <strong>Dez\u00e9n vid\u00edme hne\u010f na prv\u00fd poh\u013ead, no ak si ich chceme ponecha\u0165 do \u010fal\u0161ej sez\u00f3ny, treba skontrolova\u0165 samotn\u00fd pl\u00e1\u0161\u0165 lep\u0161ie.<\/strong> \u010ci u\u017e tu m\u00f4\u017eeme n\u00e1js\u0165 nejak\u00e9 \u00falomky zapichnut\u00e9 v samotnom pl\u00e1\u0161ti, alebo diery po defektoch. Taktie\u017e treba skontrolova\u0165 du\u0161e a v pr\u00edpade bezdu\u0161ov\u00e9ho syst\u00e9mu dolia\u0165 do pl\u00e1\u0161\u0165ov tmel.\u00a0<\/span><\/p>\n<p><a href=\"https:\/\/d2p6e6u75xmxt8.cloudfront.net\/4\/2025\/03\/06_WLC_1.webp\"><img loading=\"lazy\" decoding=\"async\" class=\"alignnone size-full wp-image-20130\" src=\"https:\/\/d2p6e6u75xmxt8.cloudfront.net\/4\/2025\/03\/06_WLC_1.webp\" alt=\"\" width=\"1200\" height=\"800\" srcset=\"https:\/\/d2p6e6u75xmxt8.cloudfront.net\/4\/2025\/03\/06_WLC_1.webp 1200w, https:\/\/d2p6e6u75xmxt8.cloudfront.net\/4\/2025\/03\/06_WLC_1-300x200.webp 300w, https:\/\/d2p6e6u75xmxt8.cloudfront.net\/4\/2025\/03\/06_WLC_1-1024x683.webp 1024w, https:\/\/d2p6e6u75xmxt8.cloudfront.net\/4\/2025\/03\/06_WLC_1-768x512.webp 768w, https:\/\/d2p6e6u75xmxt8.cloudfront.net\/4\/2025\/03\/06_WLC_1-400x267.webp 400w, https:\/\/d2p6e6u75xmxt8.cloudfront.net\/4\/2025\/03\/06_WLC_1-272x182.webp 272w\" sizes=\"auto, (max-width: 1200px) 100vw, 1200px\" \/><\/a><\/p>\n<h2><strong>Na z\u00e1ver<\/strong><\/h2>\n<p><span style=\"font-weight: 400;\">Bicykel ste skontrolovali, umyli a namazali a teraz je pripraven\u00fd na prv\u00e9 jarn\u00e9 kilometre vo va\u0161om okol\u00ed. Samozrejme, ak si na niektor\u00e9 \u00fakony never\u00edte alebo v\u00e1m ch\u00fdba potrebn\u00e9 n\u00e1radie, pokojne oslovte profesion\u00e1lov v servise. T\u00ed v\u00e1m ur\u010dite radi poradia a vy budete ma\u0165 istotu, \u017ee bicykel je naozaj v 100 % stave do \u010fal\u0161ej sez\u00f3ny.\u00a0<\/span><\/p>\n","protected":false},"excerpt":{"rendered":"<p>Jar n\u00e1m u\u017e klope na dvere a vy\u0161\u0161ie teploty n\u00e1s \u0165ahaj\u00fa vybra\u0165 bicykel von. Prejdeme si teda jednoduch\u00fd a nen\u00e1ro\u010dn\u00fd [&hellip;]<\/p>\n","protected":false},"author":191,"featured_media":20125,"comment_status":"closed","ping_status":"closed","sticky":false,"template":"","format":"standard","meta":{"footnotes":""},"categories":[352],"tags":[62,559,619,115,597,546,180,532,412,931],"global-categories":[1074],"class_list":["post-20124","post","type-post","status-publish","format-standard","has-post-thumbnail","hentry","category-udrzba","tag-bezpecnost","tag-bicykel","tag-bicyklovanie","tag-cestna-cyklistika","tag-cyklista","tag-cyklistika","tag-horska-cyklistika","tag-jazdenie","tag-mtb","tag-odporucame","global-categories-cycling"],"yoast_head":"<!-- This site is optimized with the Yoast SEO Premium plugin v25.3 (Yoast SEO v25.9) - https:\/\/yoast.com\/wordpress\/plugins\/seo\/ -->\n<title>Pr\u00edprava bicykla na nov\u00fa sez\u00f3nu: na \u010do ur\u010dite nezabudn\u00fa\u0165? - \u0160koda We Love Cycling Slovensko<\/title>\n<meta name=\"description\" content=\"Pripravte svoj bicykel na jarn\u00e9 v\u00fdjazdy! Pozrite si jednoduch\u00fd servisn\u00fd checklist, v\u010faka ktor\u00e9mu v\u00e1\u0161 bicykel zostane v top kond\u00edcii.\" \/>\n<meta name=\"robots\" content=\"index, follow, max-snippet:-1, max-image-preview:large, max-video-preview:-1\" \/>\n<link rel=\"canonical\" href=\"https:\/\/www.welovecycling.com\/sk\/2025\/03\/09\/priprava-bicykla-na-novu-sezonu-na-co-urcite-nezabudnut\/\" \/>\n<meta property=\"og:locale\" content=\"sk_SK\" \/>\n<meta property=\"og:type\" content=\"article\" \/>\n<meta property=\"og:title\" content=\"Pr\u00edprava bicykla na nov\u00fa sez\u00f3nu: na \u010do ur\u010dite nezabudn\u00fa\u0165?\" \/>\n<meta property=\"og:description\" content=\"Pripravte svoj bicykel na jarn\u00e9 v\u00fdjazdy! Pozrite si jednoduch\u00fd servisn\u00fd checklist, v\u010faka ktor\u00e9mu v\u00e1\u0161 bicykel zostane v top kond\u00edcii.\" \/>\n<meta property=\"og:url\" content=\"https:\/\/www.welovecycling.com\/sk\/2025\/03\/09\/priprava-bicykla-na-novu-sezonu-na-co-urcite-nezabudnut\/\" \/>\n<meta property=\"og:site_name\" content=\"\u0160koda We Love Cycling Slovensko\" \/>\n<meta property=\"article:published_time\" content=\"2025-03-09T08:00:30+00:00\" \/>\n<meta property=\"article:modified_time\" content=\"2025-03-21T09:45:13+00:00\" \/>\n<meta property=\"og:image\" content=\"https:\/\/d2p6e6u75xmxt8.cloudfront.net\/4\/2025\/03\/01_WLC_1.webp\" \/>\n\t<meta property=\"og:image:width\" content=\"1200\" \/>\n\t<meta property=\"og:image:height\" content=\"800\" \/>\n\t<meta property=\"og:image:type\" content=\"image\/webp\" \/>\n<meta name=\"author\" content=\"michal\" \/>\n<meta name=\"twitter:card\" content=\"summary_large_image\" \/>\n<meta name=\"twitter:label1\" content=\"Written by\" \/>\n\t<meta name=\"twitter:data1\" content=\"Filip Skali\u010dan\" \/>\n\t<meta name=\"twitter:label2\" content=\"Est. reading time\" \/>\n\t<meta name=\"twitter:data2\" content=\"4 minutes\" \/>\n<script type=\"application\/ld+json\" class=\"yoast-schema-graph\">{\"@context\":\"https:\/\/schema.org\",\"@graph\":[{\"@type\":\"WebPage\",\"@id\":\"https:\/\/www.welovecycling.com\/sk\/2025\/03\/09\/priprava-bicykla-na-novu-sezonu-na-co-urcite-nezabudnut\/\",\"url\":\"https:\/\/www.welovecycling.com\/sk\/2025\/03\/09\/priprava-bicykla-na-novu-sezonu-na-co-urcite-nezabudnut\/\",\"name\":\"Pr\u00edprava bicykla na nov\u00fa sez\u00f3nu: na \u010do ur\u010dite nezabudn\u00fa\u0165? - \u0160koda We Love Cycling Slovensko\",\"isPartOf\":{\"@id\":\"https:\/\/www.welovecycling.com\/sk\/#website\"},\"primaryImageOfPage\":{\"@id\":\"https:\/\/www.welovecycling.com\/sk\/2025\/03\/09\/priprava-bicykla-na-novu-sezonu-na-co-urcite-nezabudnut\/#primaryimage\"},\"image\":{\"@id\":\"https:\/\/www.welovecycling.com\/sk\/2025\/03\/09\/priprava-bicykla-na-novu-sezonu-na-co-urcite-nezabudnut\/#primaryimage\"},\"thumbnailUrl\":\"https:\/\/d2p6e6u75xmxt8.cloudfront.net\/4\/2025\/03\/01_WLC_1.webp\",\"datePublished\":\"2025-03-09T08:00:30+00:00\",\"dateModified\":\"2025-03-21T09:45:13+00:00\",\"author\":{\"@id\":\"https:\/\/www.welovecycling.com\/sk\/#\/schema\/person\/45e989de48eace55eb338c027dc5a65e\"},\"description\":\"Pripravte svoj bicykel na jarn\u00e9 v\u00fdjazdy! Pozrite si jednoduch\u00fd servisn\u00fd checklist, v\u010faka ktor\u00e9mu v\u00e1\u0161 bicykel zostane v top kond\u00edcii.\",\"breadcrumb\":{\"@id\":\"https:\/\/www.welovecycling.com\/sk\/2025\/03\/09\/priprava-bicykla-na-novu-sezonu-na-co-urcite-nezabudnut\/#breadcrumb\"},\"inLanguage\":\"sk-SK\",\"potentialAction\":[{\"@type\":\"ReadAction\",\"target\":[\"https:\/\/www.welovecycling.com\/sk\/2025\/03\/09\/priprava-bicykla-na-novu-sezonu-na-co-urcite-nezabudnut\/\"]}]},{\"@type\":\"ImageObject\",\"inLanguage\":\"sk-SK\",\"@id\":\"https:\/\/www.welovecycling.com\/sk\/2025\/03\/09\/priprava-bicykla-na-novu-sezonu-na-co-urcite-nezabudnut\/#primaryimage\",\"url\":\"https:\/\/d2p6e6u75xmxt8.cloudfront.net\/4\/2025\/03\/01_WLC_1.webp\",\"contentUrl\":\"https:\/\/d2p6e6u75xmxt8.cloudfront.net\/4\/2025\/03\/01_WLC_1.webp\",\"width\":1200,\"height\":800},{\"@type\":\"BreadcrumbList\",\"@id\":\"https:\/\/www.welovecycling.com\/sk\/2025\/03\/09\/priprava-bicykla-na-novu-sezonu-na-co-urcite-nezabudnut\/#breadcrumb\",\"itemListElement\":[{\"@type\":\"ListItem\",\"position\":1,\"name\":\"Home\",\"item\":\"https:\/\/www.welovecycling.com\/sk\/\"},{\"@type\":\"ListItem\",\"position\":2,\"name\":\"Pr\u00edprava bicykla na nov\u00fa sez\u00f3nu: na \u010do ur\u010dite nezabudn\u00fa\u0165?\"}]},{\"@type\":\"WebSite\",\"@id\":\"https:\/\/www.welovecycling.com\/sk\/#website\",\"url\":\"https:\/\/www.welovecycling.com\/sk\/\",\"name\":\"\u0160koda We Love Cycling Slovensko\",\"description\":\"\u0160koda We Love Cycling Slovensko je v\u00e1\u0161 ka\u017edodenn\u00fd zdroj noviniek a in\u0161pir\u00e1cie z sveta cyklistiky\",\"potentialAction\":[{\"@type\":\"SearchAction\",\"target\":{\"@type\":\"EntryPoint\",\"urlTemplate\":\"https:\/\/www.welovecycling.com\/sk\/?s={search_term_string}\"},\"query-input\":{\"@type\":\"PropertyValueSpecification\",\"valueRequired\":true,\"valueName\":\"search_term_string\"}}],\"inLanguage\":\"sk-SK\"},{\"@type\":\"Person\",\"@id\":\"https:\/\/www.welovecycling.com\/sk\/#\/schema\/person\/45e989de48eace55eb338c027dc5a65e\",\"name\":\"michal\",\"image\":{\"@type\":\"ImageObject\",\"inLanguage\":\"sk-SK\",\"@id\":\"https:\/\/www.welovecycling.com\/sk\/#\/schema\/person\/image\/\",\"url\":\"https:\/\/secure.gravatar.com\/avatar\/7f8deb1af8506a5f53d1b779436f546bce1c8c40c09780107ad3811c7dc4bbcb?s=96&d=mm&r=g\",\"contentUrl\":\"https:\/\/secure.gravatar.com\/avatar\/7f8deb1af8506a5f53d1b779436f546bce1c8c40c09780107ad3811c7dc4bbcb?s=96&d=mm&r=g\",\"caption\":\"michal\"},\"url\":\"https:\/\/www.welovecycling.com\/sk\/author\/michal\/\"}]}<\/script>\n<!-- \/ Yoast SEO Premium plugin. -->","yoast_head_json":{"title":"Pr\u00edprava bicykla na nov\u00fa sez\u00f3nu: na \u010do ur\u010dite nezabudn\u00fa\u0165? - \u0160koda We Love Cycling Slovensko","description":"Pripravte svoj bicykel na jarn\u00e9 v\u00fdjazdy! Pozrite si jednoduch\u00fd servisn\u00fd checklist, v\u010faka ktor\u00e9mu v\u00e1\u0161 bicykel zostane v top kond\u00edcii.","robots":{"index":"index","follow":"follow","max-snippet":"max-snippet:-1","max-image-preview":"max-image-preview:large","max-video-preview":"max-video-preview:-1"},"canonical":"https:\/\/www.welovecycling.com\/sk\/2025\/03\/09\/priprava-bicykla-na-novu-sezonu-na-co-urcite-nezabudnut\/","og_locale":"sk_SK","og_type":"article","og_title":"Pr\u00edprava bicykla na nov\u00fa sez\u00f3nu: na \u010do ur\u010dite nezabudn\u00fa\u0165?","og_description":"Pripravte svoj bicykel na jarn\u00e9 v\u00fdjazdy! Pozrite si jednoduch\u00fd servisn\u00fd checklist, v\u010faka ktor\u00e9mu v\u00e1\u0161 bicykel zostane v top kond\u00edcii.","og_url":"https:\/\/www.welovecycling.com\/sk\/2025\/03\/09\/priprava-bicykla-na-novu-sezonu-na-co-urcite-nezabudnut\/","og_site_name":"\u0160koda We Love Cycling Slovensko","article_published_time":"2025-03-09T08:00:30+00:00","article_modified_time":"2025-03-21T09:45:13+00:00","og_image":[{"width":1200,"height":800,"url":"https:\/\/d2p6e6u75xmxt8.cloudfront.net\/4\/2025\/03\/01_WLC_1.webp","type":"image\/webp"}],"author":"michal","twitter_card":"summary_large_image","twitter_misc":{"Written by":"Filip Skali\u010dan","Est. reading time":"4 minutes"},"schema":{"@context":"https:\/\/schema.org","@graph":[{"@type":"WebPage","@id":"https:\/\/www.welovecycling.com\/sk\/2025\/03\/09\/priprava-bicykla-na-novu-sezonu-na-co-urcite-nezabudnut\/","url":"https:\/\/www.welovecycling.com\/sk\/2025\/03\/09\/priprava-bicykla-na-novu-sezonu-na-co-urcite-nezabudnut\/","name":"Pr\u00edprava bicykla na nov\u00fa sez\u00f3nu: na \u010do ur\u010dite nezabudn\u00fa\u0165? - \u0160koda We Love Cycling Slovensko","isPartOf":{"@id":"https:\/\/www.welovecycling.com\/sk\/#website"},"primaryImageOfPage":{"@id":"https:\/\/www.welovecycling.com\/sk\/2025\/03\/09\/priprava-bicykla-na-novu-sezonu-na-co-urcite-nezabudnut\/#primaryimage"},"image":{"@id":"https:\/\/www.welovecycling.com\/sk\/2025\/03\/09\/priprava-bicykla-na-novu-sezonu-na-co-urcite-nezabudnut\/#primaryimage"},"thumbnailUrl":"https:\/\/d2p6e6u75xmxt8.cloudfront.net\/4\/2025\/03\/01_WLC_1.webp","datePublished":"2025-03-09T08:00:30+00:00","dateModified":"2025-03-21T09:45:13+00:00","author":{"@id":"https:\/\/www.welovecycling.com\/sk\/#\/schema\/person\/45e989de48eace55eb338c027dc5a65e"},"description":"Pripravte svoj bicykel na jarn\u00e9 v\u00fdjazdy! Pozrite si jednoduch\u00fd servisn\u00fd checklist, v\u010faka ktor\u00e9mu v\u00e1\u0161 bicykel zostane v top kond\u00edcii.","breadcrumb":{"@id":"https:\/\/www.welovecycling.com\/sk\/2025\/03\/09\/priprava-bicykla-na-novu-sezonu-na-co-urcite-nezabudnut\/#breadcrumb"},"inLanguage":"sk-SK","potentialAction":[{"@type":"ReadAction","target":["https:\/\/www.welovecycling.com\/sk\/2025\/03\/09\/priprava-bicykla-na-novu-sezonu-na-co-urcite-nezabudnut\/"]}]},{"@type":"ImageObject","inLanguage":"sk-SK","@id":"https:\/\/www.welovecycling.com\/sk\/2025\/03\/09\/priprava-bicykla-na-novu-sezonu-na-co-urcite-nezabudnut\/#primaryimage","url":"https:\/\/d2p6e6u75xmxt8.cloudfront.net\/4\/2025\/03\/01_WLC_1.webp","contentUrl":"https:\/\/d2p6e6u75xmxt8.cloudfront.net\/4\/2025\/03\/01_WLC_1.webp","width":1200,"height":800},{"@type":"BreadcrumbList","@id":"https:\/\/www.welovecycling.com\/sk\/2025\/03\/09\/priprava-bicykla-na-novu-sezonu-na-co-urcite-nezabudnut\/#breadcrumb","itemListElement":[{"@type":"ListItem","position":1,"name":"Home","item":"https:\/\/www.welovecycling.com\/sk\/"},{"@type":"ListItem","position":2,"name":"Pr\u00edprava bicykla na nov\u00fa sez\u00f3nu: na \u010do ur\u010dite nezabudn\u00fa\u0165?"}]},{"@type":"WebSite","@id":"https:\/\/www.welovecycling.com\/sk\/#website","url":"https:\/\/www.welovecycling.com\/sk\/","name":"\u0160koda We Love Cycling Slovensko","description":"\u0160koda We Love Cycling Slovensko je v\u00e1\u0161 ka\u017edodenn\u00fd zdroj noviniek a in\u0161pir\u00e1cie z sveta cyklistiky","potentialAction":[{"@type":"SearchAction","target":{"@type":"EntryPoint","urlTemplate":"https:\/\/www.welovecycling.com\/sk\/?s={search_term_string}"},"query-input":{"@type":"PropertyValueSpecification","valueRequired":true,"valueName":"search_term_string"}}],"inLanguage":"sk-SK"},{"@type":"Person","@id":"https:\/\/www.welovecycling.com\/sk\/#\/schema\/person\/45e989de48eace55eb338c027dc5a65e","name":"michal","image":{"@type":"ImageObject","inLanguage":"sk-SK","@id":"https:\/\/www.welovecycling.com\/sk\/#\/schema\/person\/image\/","url":"https:\/\/secure.gravatar.com\/avatar\/7f8deb1af8506a5f53d1b779436f546bce1c8c40c09780107ad3811c7dc4bbcb?s=96&d=mm&r=g","contentUrl":"https:\/\/secure.gravatar.com\/avatar\/7f8deb1af8506a5f53d1b779436f546bce1c8c40c09780107ad3811c7dc4bbcb?s=96&d=mm&r=g","caption":"michal"},"url":"https:\/\/www.welovecycling.com\/sk\/author\/michal\/"}]}},"_links":{"self":[{"href":"https:\/\/www.welovecycling.com\/sk\/wp-json\/wp\/v2\/posts\/20124","targetHints":{"allow":["GET"]}}],"collection":[{"href":"https:\/\/www.welovecycling.com\/sk\/wp-json\/wp\/v2\/posts"}],"about":[{"href":"https:\/\/www.welovecycling.com\/sk\/wp-json\/wp\/v2\/types\/post"}],"author":[{"embeddable":true,"href":"https:\/\/www.welovecycling.com\/sk\/wp-json\/wp\/v2\/users\/191"}],"replies":[{"embeddable":true,"href":"https:\/\/www.welovecycling.com\/sk\/wp-json\/wp\/v2\/comments?post=20124"}],"version-history":[{"count":6,"href":"https:\/\/www.welovecycling.com\/sk\/wp-json\/wp\/v2\/posts\/20124\/revisions"}],"predecessor-version":[{"id":20174,"href":"https:\/\/www.welovecycling.com\/sk\/wp-json\/wp\/v2\/posts\/20124\/revisions\/20174"}],"wp:featuredmedia":[{"embeddable":true,"href":"https:\/\/www.welovecycling.com\/sk\/wp-json\/wp\/v2\/media\/20125"}],"wp:attachment":[{"href":"https:\/\/www.welovecycling.com\/sk\/wp-json\/wp\/v2\/media?parent=20124"}],"wp:term":[{"taxonomy":"category","embeddable":true,"href":"https:\/\/www.welovecycling.com\/sk\/wp-json\/wp\/v2\/categories?post=20124"},{"taxonomy":"post_tag","embeddable":true,"href":"https:\/\/www.welovecycling.com\/sk\/wp-json\/wp\/v2\/tags?post=20124"},{"taxonomy":"global-categories","embeddable":true,"href":"https:\/\/www.welovecycling.com\/sk\/wp-json\/wp\/v2\/global-categories?post=20124"}],"curies":[{"name":"wp","href":"https:\/\/api.w.org\/{rel}","templated":true}]}}