{"id":20116,"date":"2025-03-04T10:00:42","date_gmt":"2025-03-04T09:00:42","guid":{"rendered":"https:\/\/www.welovecycling.com\/sk\/?p=20116"},"modified":"2025-03-04T09:28:10","modified_gmt":"2025-03-04T08:28:10","slug":"cyklistika-na-konci-zimy-a-vitamin-d","status":"publish","type":"post","link":"https:\/\/www.welovecycling.com\/sk\/2025\/03\/04\/cyklistika-na-konci-zimy-a-vitamin-d\/","title":{"rendered":"Cyklistika na konci zimy? Nedovo\u013ete, aby v\u00e1m nedostatok vitam\u00ednu D ukradol energiu"},"content":{"rendered":"<p><strong>Jazda v zime m\u00f4\u017ee by\u0165 vzru\u0161uj\u00faca \u2013 \u010dist\u00fd vzduch, tich\u00e9 cesty a pocit dobrodru\u017estva. Ale je tu jedna vec, o ktorej ste mo\u017eno neuva\u017eovali: hladina vitam\u00ednu D. Po\u010fme sa pozrie\u0165 na to, pre\u010do je vitam\u00edn D pre cyklistov d\u00f4le\u017eit\u00fd, ako zima ovplyv\u0148uje jeho hladinu v tele a \u010do m\u00f4\u017eete urobi\u0165, aby ste si udr\u017eali energiu po\u010das celej sez\u00f3ny.<\/strong><!--more--><\/p>\n<h2><strong>Pre\u010do by sa cyklisti mali stara\u0165 o vitam\u00edn D?<\/strong><\/h2>\n<p><span style=\"font-weight: 400;\"><a href=\"https:\/\/www.welovecycling.com\/sk\/2023\/02\/23\/vitamin-d-moze-z-vas-urobit-lepsieho-cyklistu\/\">Vitam\u00edn D<\/a> nie je d\u00f4le\u017eit\u00fd len pre zdravie va\u0161ich kost\u00ed \u2013 hr\u00e1 ve\u013ek\u00fa \u00falohu aj pri va\u0161om cyklistickom v\u00fdkone!<\/span><\/p>\n<p><span style=\"font-weight: 400;\"><strong>Silnej\u0161ie svaly<\/strong> \u2013 Pom\u00e1ha va\u0161im svalom fungova\u0165 efekt\u00edvne, \u010do znamen\u00e1 lep\u0161\u00ed v\u00fdkon pri st\u00fapaniach a r\u00fdchlej\u0161ie zotavenie po dlh\u00fdch jazd\u00e1ch. Vitam\u00edn D hr\u00e1 k\u013e\u00fa\u010dov\u00fa \u00falohu pri svalovej kontrakcii a produkcii energie, pom\u00e1ha predch\u00e1dza\u0165 k\u0155\u010dom a svalovej \u00fanave, aby ste mohli pokra\u010dova\u0165 v n\u00e1ro\u010dn\u00fdch jazd\u00e1ch.<\/span><\/p>\n<p><span style=\"font-weight: 400;\"><strong>Lep\u0161ia imunita<\/strong> \u2013 Siln\u00fd imunitn\u00fd syst\u00e9m znamen\u00e1 menej dn\u00ed v posteli a viac \u010dasu na bicykli. N\u00edzka hladina vitam\u00ednu D je spojen\u00e1 so zv\u00fd\u0161enou n\u00e1chylnos\u0165ou na prechladnutia a infekcie d\u00fdchac\u00edch ciest, ktor\u00e9 v\u00e1s m\u00f4\u017eu vyradi\u0165 z bicyklovania na cel\u00e9 t\u00fd\u017edne. Udr\u017eiavanie vysokej hladiny vitam\u00ednu D m\u00f4\u017ee pom\u00f4c\u0165 v\u00e1\u0161mu telu bojova\u0165 proti zimn\u00fdm chorob\u00e1m efekt\u00edvnej\u0161ie.<\/span><\/p>\n<p><span style=\"font-weight: 400;\"><strong>Pevnej\u0161ie kosti (samozrejme)<\/strong> \u2013 Pom\u00e1ha v\u00e1\u0161mu telu absorbova\u0165 v\u00e1pnik, \u010d\u00edm sa zni\u017euje riziko zlomen\u00edn, ak padnete na tvrd\u00fd povrch. Siln\u00e9 kosti s\u00fa obzvl\u00e1\u0161\u0165 d\u00f4le\u017eit\u00e9 v zime, ke\u010f s\u00fa p\u00e1dy a nehody pravdepodobnej\u0161ie kv\u00f4li \u0161myk\u013eav\u00fdm povrchom.<\/span><\/p>\n<p><span style=\"font-weight: 400;\">Va\u0161e telo prirodzene vytv\u00e1ra vitam\u00edn D, ke\u010f je va\u0161a poko\u017eka vystaven\u00e1 slne\u010dn\u00e9mu \u017eiareniu. Ale v zime sa tento proces spoma\u013euje. To je d\u00f4vod, pre\u010do sa mnoh\u00ed cyklisti c\u00edtia unaven\u00ed, bol\u00ed ich telo, alebo s\u00fa dokonca \u010dastej\u0161ie chor\u00ed.<\/span><\/p>\n<h2><strong>Zimn\u00e1 v\u00fdzva s vitam\u00ednom D<\/strong><\/h2>\n<p><span style=\"font-weight: 400;\">Jazda v chladnom po\u010das\u00ed m\u00e1 svoje v\u00fdhody, no z\u00e1rove\u0148 s\u0165a\u017euje z\u00edskanie dostato\u010dn\u00e9ho mno\u017estva vitam\u00ednu D. Tu je d\u00f4vod:<\/span><\/p>\n<p><span style=\"font-weight: 400;\"><strong>Menej slne\u010dn\u00e9ho svetla<\/strong> \u2013 Krat\u0161ie dni znamenaj\u00fa menej \u0161anc\u00ed na vystavenie sa slnku, najm\u00e4 ak jazd\u00edte skoro r\u00e1no alebo neskoro popoludn\u00ed. Ak jazd\u00edte pred v\u00fdchodom alebo po z\u00e1pade slnka, ch\u00fdbaj\u00fa v\u00e1m hlavn\u00e9 denn\u00e9 hodiny, ktor\u00e9 pom\u00e1haj\u00fa udr\u017eiava\u0165 produkciu vitam\u00ednu D na ur\u010ditej \u00farovni.\u00a0<\/span><\/p>\n<p><span style=\"font-weight: 400;\"><strong>Slab\u0161ie UVB l\u00fa\u010de<\/strong> \u2013 V zime zost\u00e1va slnko ni\u017e\u0161ie na oblohe, \u010d\u00edm sa zni\u017euj\u00fa UVB l\u00fa\u010de, ktor\u00e9 sp\u00fa\u0161\u0165aj\u00fa produkciu vitam\u00ednu D vo va\u0161ej poko\u017eke. Dokonca aj po\u010das jasn\u00fdch dn\u00ed m\u00f4\u017ee slab\u0161ie slne\u010dn\u00e9 svetlo sp\u00f4sobi\u0165, \u017ee va\u0161e telo bude ma\u0165 probl\u00e9my s tvorbou dostato\u010dn\u00e9ho mno\u017estva vitam\u00ednu D. Tento efekt je e\u0161te v\u00fdraznej\u0161\u00ed vo vy\u0161\u0161\u00edch zemepisn\u00fdch \u0161\u00edrkach, kde je uhol slnka pr\u00edli\u0161 n\u00edzky na to, aby poskytoval primeran\u00fa expoz\u00edciu ultrafialov\u00fdch l\u00fa\u010dov po cel\u00e9 mesiace.<\/span><\/p>\n<p><span style=\"font-weight: 400;\"><strong>Viac tr\u00e9ningu v interi\u00e9ri<\/strong> \u2013 Ak nah\u00e1\u0148ate kilometre na trena\u017e\u00e9ri namiesto vonku, budete vystaven\u00ed slne\u010dn\u00e9mu \u017eiareniu e\u0161te menej. Zatia\u013e \u010do tr\u00e9ning v interi\u00e9ri je skvel\u00fd na udr\u017eanie kond\u00edcie, eliminuje ak\u00fako\u013evek pr\u00edle\u017eitos\u0165 vystavova\u0165 sa slnku. Preto je e\u0161te d\u00f4le\u017eitej\u0161ie n\u00e1js\u0165 alternat\u00edvne sp\u00f4soby na zv\u00fd\u0161enie vitam\u00ednu D.<\/span><\/p>\n<h2><strong>Ako si m\u00f4\u017eete udr\u017ea\u0165 hladinu vitam\u00ednu D na vysokej \u00farovni?<\/strong><\/h2>\n<p><span style=\"font-weight: 400;\">Dobr\u00e1 spr\u00e1va? Nedovo\u013eme, aby v\u00e1m zima ukradla silu. Tu je n\u00e1vod, ako zosta\u0165 v dobr\u00fa kond\u00edcii s vitam\u00ednom D:<\/span><\/p>\n<p><span style=\"font-weight: 400;\"><strong>Cho\u010fte von, ke\u010f m\u00f4\u017eete<\/strong> \u2013 dokonca aj kr\u00e1tka polud\u0148aj\u0161ia jazda alebo prest\u00e1vka na k\u00e1vu vonku na slne\u010dnej terase m\u00f4\u017eu pom\u00f4c\u0165 zv\u00fd\u0161i\u0165 hladinu vitam\u00ednu D.<\/span><\/p>\n<p><span style=\"font-weight: 400;\"><strong>Jedzte potraviny bohat\u00e9 na vitam\u00edn D<\/strong> \u2013 Zahr\u0148te do svojho jed\u00e1lni\u010dka potraviny ako je losos, makrela, vajcia a obohaten\u00e9 mlie\u010dne v\u00fdrobky, aby ste si udr\u017eali hladinu vitam\u00ednu D.<\/span><\/p>\n<p><span style=\"font-weight: 400;\"><strong>Zv\u00e1\u017ete doplnky<\/strong> &#8211; Ak nem\u00e1te dostatok slnka, v\u00fd\u017eivov\u00fd doplnok v podobe vitam\u00ednu D m\u00f4\u017ee pom\u00f4c\u0165 vyplni\u0165 ch\u00fdbaj\u00face hodnoty. (Spr\u00e1vnu d\u00e1vku si overte u v\u00e1\u0161ho lek\u00e1ra alebo lek\u00e1rnika)<\/span><\/p>\n<p><span style=\"font-weight: 400;\"><strong>Po\u010d\u00favajte svoje telo<\/strong> \u2013 Ak sa c\u00edtite extra unaven\u00ed, ubolen\u00ed, alebo na v\u00e1s v\u00fdrazne vpl\u00fdva po\u010dasie, mo\u017eno by st\u00e1lo za to necha\u0165 si skontrolova\u0165 hladinu vitam\u00ednu D.<\/span><\/p>\n<p><span style=\"font-weight: 400;\"><strong>Vyv\u00e1\u017ete svoj tr\u00e9ning<\/strong> \u2013 Silov\u00fd tr\u00e9ning a <a href=\"https:\/\/www.welovecycling.com\/sk\/2025\/02\/18\/myty-o-vyzive-na-bicykli-ktore-vas-spomaluju\/\">spr\u00e1vna v\u00fd\u017eiva<\/a> id\u00fa s cyklistikou ruka v ruke. Dobre vyv\u00e1\u017een\u00e1 tr\u00e9ningov\u00e1 rutina udr\u017euje va\u0161e telo siln\u00e9 a odoln\u00e9 aj v zime.<\/span><\/p>\n<h2><strong>Bu\u010fte siln\u00ed aj teraz na konci zimy<\/strong><\/h2>\n<p><span style=\"font-weight: 400;\">Zima m\u00f4\u017ee prinies\u0165 menej denn\u00e9ho svetla, ale to neznamen\u00e1, \u017ee va\u0161a cyklistika mus\u00ed utrpie\u0165. <strong>S trochou pl\u00e1novania a niektor\u00fdmi jednoduch\u00fdmi n\u00e1vykmi si udr\u017e\u00edte vysok\u00fa hladinu vitam\u00ednu D, poriadnu d\u00e1vku energie a pevn\u00e9 nohy.<\/strong> Tak sa zba\u013ete, vychutnajte si chladn\u00e9 jazdy a u\u017eite si sez\u00f3nu \u2013 va\u0161e telo (a v\u00e1\u0161 bicykel tie\u017e) sa v\u00e1m po\u010fakuj\u00fa!<\/span><\/p>\n","protected":false},"excerpt":{"rendered":"<p>Jazda v zime m\u00f4\u017ee by\u0165 vzru\u0161uj\u00faca \u2013 \u010dist\u00fd vzduch, tich\u00e9 cesty a pocit dobrodru\u017estva. Ale je tu jedna vec, o [&hellip;]<\/p>\n","protected":false},"author":172,"featured_media":20117,"comment_status":"closed","ping_status":"closed","sticky":false,"template":"","format":"standard","meta":{"footnotes":""},"categories":[2],"tags":[115,514,180,532,931,568,55,1066,161,623,317],"global-categories":[],"class_list":["post-20116","post","type-post","status-publish","format-standard","has-post-thumbnail","hentry","category-zdravie-trening","tag-cestna-cyklistika","tag-energia","tag-horska-cyklistika","tag-jazdenie","tag-odporucame","tag-slnko","tag-trening","tag-vitamin-d","tag-zdravie","tag-zdravy-zivotny-styl","tag-zima"],"yoast_head":"<!-- This site is optimized with the Yoast SEO Premium plugin v25.3 (Yoast SEO v25.9) - https:\/\/yoast.com\/wordpress\/plugins\/seo\/ -->\n<title>Cyklistika na konci zimy? Nedovo\u013ete, aby v\u00e1m nedostatok vitam\u00ednu D ukradol energiu<\/title>\n<meta name=\"description\" content=\"Jazda v zime, to je \u010dist\u00fd vzduch, tich\u00e9 cesty, pocit dobrodru\u017estva. Je tu ale jedna vec, o ktorej ste mo\u017eno neuva\u017eovali: hladina vitam\u00ednu D.\" \/>\n<meta name=\"robots\" content=\"index, follow, max-snippet:-1, max-image-preview:large, max-video-preview:-1\" \/>\n<link rel=\"canonical\" href=\"https:\/\/www.welovecycling.com\/sk\/2025\/03\/04\/cyklistika-na-konci-zimy-a-vitamin-d\/\" \/>\n<meta property=\"og:locale\" content=\"sk_SK\" \/>\n<meta property=\"og:type\" content=\"article\" \/>\n<meta property=\"og:title\" content=\"Cyklistika na konci zimy? Nedovo\u013ete, aby v\u00e1m nedostatok vitam\u00ednu D ukradol energiu\" \/>\n<meta property=\"og:description\" content=\"Jazda v zime, to je \u010dist\u00fd vzduch, tich\u00e9 cesty, pocit dobrodru\u017estva. Je tu ale jedna vec, o ktorej ste mo\u017eno neuva\u017eovali: hladina vitam\u00ednu D.\" \/>\n<meta property=\"og:url\" content=\"https:\/\/www.welovecycling.com\/sk\/2025\/03\/04\/cyklistika-na-konci-zimy-a-vitamin-d\/\" \/>\n<meta property=\"og:site_name\" content=\"\u0160koda We Love Cycling Slovensko\" \/>\n<meta property=\"article:published_time\" content=\"2025-03-04T09:00:42+00:00\" \/>\n<meta property=\"og:image\" content=\"https:\/\/d2p6e6u75xmxt8.cloudfront.net\/4\/2025\/03\/Gravel-Path-Handlebars-profimedia-0906602013-CVR.webp\" \/>\n\t<meta property=\"og:image:width\" content=\"990\" \/>\n\t<meta property=\"og:image:height\" content=\"660\" \/>\n\t<meta property=\"og:image:type\" content=\"image\/webp\" \/>\n<meta name=\"author\" content=\"dominika\" \/>\n<meta name=\"twitter:card\" content=\"summary_large_image\" \/>\n<meta name=\"twitter:label1\" content=\"Written by\" \/>\n\t<meta name=\"twitter:data1\" content=\"Monica Buck\" \/>\n\t<meta name=\"twitter:label2\" content=\"Est. reading time\" \/>\n\t<meta name=\"twitter:data2\" content=\"3\" \/>\n<script type=\"application\/ld+json\" class=\"yoast-schema-graph\">{\"@context\":\"https:\/\/schema.org\",\"@graph\":[{\"@type\":\"WebPage\",\"@id\":\"https:\/\/www.welovecycling.com\/sk\/2025\/03\/04\/cyklistika-na-konci-zimy-a-vitamin-d\/\",\"url\":\"https:\/\/www.welovecycling.com\/sk\/2025\/03\/04\/cyklistika-na-konci-zimy-a-vitamin-d\/\",\"name\":\"Cyklistika na konci zimy? Nedovo\u013ete, aby v\u00e1m nedostatok vitam\u00ednu D ukradol energiu\",\"isPartOf\":{\"@id\":\"https:\/\/www.welovecycling.com\/sk\/#website\"},\"primaryImageOfPage\":{\"@id\":\"https:\/\/www.welovecycling.com\/sk\/2025\/03\/04\/cyklistika-na-konci-zimy-a-vitamin-d\/#primaryimage\"},\"image\":{\"@id\":\"https:\/\/www.welovecycling.com\/sk\/2025\/03\/04\/cyklistika-na-konci-zimy-a-vitamin-d\/#primaryimage\"},\"thumbnailUrl\":\"https:\/\/d2p6e6u75xmxt8.cloudfront.net\/4\/2025\/03\/Gravel-Path-Handlebars-profimedia-0906602013-CVR.webp\",\"datePublished\":\"2025-03-04T09:00:42+00:00\",\"author\":{\"@id\":\"https:\/\/www.welovecycling.com\/sk\/#\/schema\/person\/533b62b98b6c41bd5135ebfb1f742624\"},\"description\":\"Jazda v zime, to je \u010dist\u00fd vzduch, tich\u00e9 cesty, pocit dobrodru\u017estva. Je tu ale jedna vec, o ktorej ste mo\u017eno neuva\u017eovali: hladina vitam\u00ednu D.\",\"breadcrumb\":{\"@id\":\"https:\/\/www.welovecycling.com\/sk\/2025\/03\/04\/cyklistika-na-konci-zimy-a-vitamin-d\/#breadcrumb\"},\"inLanguage\":\"sk-SK\",\"potentialAction\":[{\"@type\":\"ReadAction\",\"target\":[\"https:\/\/www.welovecycling.com\/sk\/2025\/03\/04\/cyklistika-na-konci-zimy-a-vitamin-d\/\"]}]},{\"@type\":\"ImageObject\",\"inLanguage\":\"sk-SK\",\"@id\":\"https:\/\/www.welovecycling.com\/sk\/2025\/03\/04\/cyklistika-na-konci-zimy-a-vitamin-d\/#primaryimage\",\"url\":\"https:\/\/d2p6e6u75xmxt8.cloudfront.net\/4\/2025\/03\/Gravel-Path-Handlebars-profimedia-0906602013-CVR.webp\",\"contentUrl\":\"https:\/\/d2p6e6u75xmxt8.cloudfront.net\/4\/2025\/03\/Gravel-Path-Handlebars-profimedia-0906602013-CVR.webp\",\"width\":990,\"height\":660,\"caption\":\"Bike handlbars\"},{\"@type\":\"BreadcrumbList\",\"@id\":\"https:\/\/www.welovecycling.com\/sk\/2025\/03\/04\/cyklistika-na-konci-zimy-a-vitamin-d\/#breadcrumb\",\"itemListElement\":[{\"@type\":\"ListItem\",\"position\":1,\"name\":\"Home\",\"item\":\"https:\/\/www.welovecycling.com\/sk\/\"},{\"@type\":\"ListItem\",\"position\":2,\"name\":\"Cyklistika na konci zimy? Nedovo\u013ete, aby v\u00e1m nedostatok vitam\u00ednu D ukradol energiu\"}]},{\"@type\":\"WebSite\",\"@id\":\"https:\/\/www.welovecycling.com\/sk\/#website\",\"url\":\"https:\/\/www.welovecycling.com\/sk\/\",\"name\":\"\u0160koda We Love Cycling Slovensko\",\"description\":\"\u0160koda We Love Cycling Slovensko je v\u00e1\u0161 ka\u017edodenn\u00fd zdroj noviniek a in\u0161pir\u00e1cie z sveta cyklistiky\",\"potentialAction\":[{\"@type\":\"SearchAction\",\"target\":{\"@type\":\"EntryPoint\",\"urlTemplate\":\"https:\/\/www.welovecycling.com\/sk\/?s={search_term_string}\"},\"query-input\":{\"@type\":\"PropertyValueSpecification\",\"valueRequired\":true,\"valueName\":\"search_term_string\"}}],\"inLanguage\":\"sk-SK\"},{\"@type\":\"Person\",\"@id\":\"https:\/\/www.welovecycling.com\/sk\/#\/schema\/person\/533b62b98b6c41bd5135ebfb1f742624\",\"name\":\"dominika\",\"image\":{\"@type\":\"ImageObject\",\"inLanguage\":\"sk-SK\",\"@id\":\"https:\/\/www.welovecycling.com\/sk\/#\/schema\/person\/image\/\",\"url\":\"https:\/\/secure.gravatar.com\/avatar\/ded6f274ba2ec3e17fff153f7d9d96a4b33c2cb63907f75d9a5309c599a7f3e6?s=96&d=mm&r=g\",\"contentUrl\":\"https:\/\/secure.gravatar.com\/avatar\/ded6f274ba2ec3e17fff153f7d9d96a4b33c2cb63907f75d9a5309c599a7f3e6?s=96&d=mm&r=g\",\"caption\":\"dominika\"},\"url\":\"https:\/\/www.welovecycling.com\/sk\/author\/dominika\/\"}]}<\/script>\n<!-- \/ Yoast SEO Premium plugin. -->","yoast_head_json":{"title":"Cyklistika na konci zimy? Nedovo\u013ete, aby v\u00e1m nedostatok vitam\u00ednu D ukradol energiu","description":"Jazda v zime, to je \u010dist\u00fd vzduch, tich\u00e9 cesty, pocit dobrodru\u017estva. Je tu ale jedna vec, o ktorej ste mo\u017eno neuva\u017eovali: hladina vitam\u00ednu D.","robots":{"index":"index","follow":"follow","max-snippet":"max-snippet:-1","max-image-preview":"max-image-preview:large","max-video-preview":"max-video-preview:-1"},"canonical":"https:\/\/www.welovecycling.com\/sk\/2025\/03\/04\/cyklistika-na-konci-zimy-a-vitamin-d\/","og_locale":"sk_SK","og_type":"article","og_title":"Cyklistika na konci zimy? Nedovo\u013ete, aby v\u00e1m nedostatok vitam\u00ednu D ukradol energiu","og_description":"Jazda v zime, to je \u010dist\u00fd vzduch, tich\u00e9 cesty, pocit dobrodru\u017estva. Je tu ale jedna vec, o ktorej ste mo\u017eno neuva\u017eovali: hladina vitam\u00ednu D.","og_url":"https:\/\/www.welovecycling.com\/sk\/2025\/03\/04\/cyklistika-na-konci-zimy-a-vitamin-d\/","og_site_name":"\u0160koda We Love Cycling Slovensko","article_published_time":"2025-03-04T09:00:42+00:00","og_image":[{"width":990,"height":660,"url":"https:\/\/d2p6e6u75xmxt8.cloudfront.net\/4\/2025\/03\/Gravel-Path-Handlebars-profimedia-0906602013-CVR.webp","type":"image\/webp"}],"author":"dominika","twitter_card":"summary_large_image","twitter_misc":{"Written by":"Monica Buck","Est. reading time":"3"},"schema":{"@context":"https:\/\/schema.org","@graph":[{"@type":"WebPage","@id":"https:\/\/www.welovecycling.com\/sk\/2025\/03\/04\/cyklistika-na-konci-zimy-a-vitamin-d\/","url":"https:\/\/www.welovecycling.com\/sk\/2025\/03\/04\/cyklistika-na-konci-zimy-a-vitamin-d\/","name":"Cyklistika na konci zimy? Nedovo\u013ete, aby v\u00e1m nedostatok vitam\u00ednu D ukradol energiu","isPartOf":{"@id":"https:\/\/www.welovecycling.com\/sk\/#website"},"primaryImageOfPage":{"@id":"https:\/\/www.welovecycling.com\/sk\/2025\/03\/04\/cyklistika-na-konci-zimy-a-vitamin-d\/#primaryimage"},"image":{"@id":"https:\/\/www.welovecycling.com\/sk\/2025\/03\/04\/cyklistika-na-konci-zimy-a-vitamin-d\/#primaryimage"},"thumbnailUrl":"https:\/\/d2p6e6u75xmxt8.cloudfront.net\/4\/2025\/03\/Gravel-Path-Handlebars-profimedia-0906602013-CVR.webp","datePublished":"2025-03-04T09:00:42+00:00","author":{"@id":"https:\/\/www.welovecycling.com\/sk\/#\/schema\/person\/533b62b98b6c41bd5135ebfb1f742624"},"description":"Jazda v zime, to je \u010dist\u00fd vzduch, tich\u00e9 cesty, pocit dobrodru\u017estva. Je tu ale jedna vec, o ktorej ste mo\u017eno neuva\u017eovali: hladina vitam\u00ednu D.","breadcrumb":{"@id":"https:\/\/www.welovecycling.com\/sk\/2025\/03\/04\/cyklistika-na-konci-zimy-a-vitamin-d\/#breadcrumb"},"inLanguage":"sk-SK","potentialAction":[{"@type":"ReadAction","target":["https:\/\/www.welovecycling.com\/sk\/2025\/03\/04\/cyklistika-na-konci-zimy-a-vitamin-d\/"]}]},{"@type":"ImageObject","inLanguage":"sk-SK","@id":"https:\/\/www.welovecycling.com\/sk\/2025\/03\/04\/cyklistika-na-konci-zimy-a-vitamin-d\/#primaryimage","url":"https:\/\/d2p6e6u75xmxt8.cloudfront.net\/4\/2025\/03\/Gravel-Path-Handlebars-profimedia-0906602013-CVR.webp","contentUrl":"https:\/\/d2p6e6u75xmxt8.cloudfront.net\/4\/2025\/03\/Gravel-Path-Handlebars-profimedia-0906602013-CVR.webp","width":990,"height":660,"caption":"Bike handlbars"},{"@type":"BreadcrumbList","@id":"https:\/\/www.welovecycling.com\/sk\/2025\/03\/04\/cyklistika-na-konci-zimy-a-vitamin-d\/#breadcrumb","itemListElement":[{"@type":"ListItem","position":1,"name":"Home","item":"https:\/\/www.welovecycling.com\/sk\/"},{"@type":"ListItem","position":2,"name":"Cyklistika na konci zimy? Nedovo\u013ete, aby v\u00e1m nedostatok vitam\u00ednu D ukradol energiu"}]},{"@type":"WebSite","@id":"https:\/\/www.welovecycling.com\/sk\/#website","url":"https:\/\/www.welovecycling.com\/sk\/","name":"\u0160koda We Love Cycling Slovensko","description":"\u0160koda We Love Cycling Slovensko je v\u00e1\u0161 ka\u017edodenn\u00fd zdroj noviniek a in\u0161pir\u00e1cie z sveta cyklistiky","potentialAction":[{"@type":"SearchAction","target":{"@type":"EntryPoint","urlTemplate":"https:\/\/www.welovecycling.com\/sk\/?s={search_term_string}"},"query-input":{"@type":"PropertyValueSpecification","valueRequired":true,"valueName":"search_term_string"}}],"inLanguage":"sk-SK"},{"@type":"Person","@id":"https:\/\/www.welovecycling.com\/sk\/#\/schema\/person\/533b62b98b6c41bd5135ebfb1f742624","name":"dominika","image":{"@type":"ImageObject","inLanguage":"sk-SK","@id":"https:\/\/www.welovecycling.com\/sk\/#\/schema\/person\/image\/","url":"https:\/\/secure.gravatar.com\/avatar\/ded6f274ba2ec3e17fff153f7d9d96a4b33c2cb63907f75d9a5309c599a7f3e6?s=96&d=mm&r=g","contentUrl":"https:\/\/secure.gravatar.com\/avatar\/ded6f274ba2ec3e17fff153f7d9d96a4b33c2cb63907f75d9a5309c599a7f3e6?s=96&d=mm&r=g","caption":"dominika"},"url":"https:\/\/www.welovecycling.com\/sk\/author\/dominika\/"}]}},"_links":{"self":[{"href":"https:\/\/www.welovecycling.com\/sk\/wp-json\/wp\/v2\/posts\/20116","targetHints":{"allow":["GET"]}}],"collection":[{"href":"https:\/\/www.welovecycling.com\/sk\/wp-json\/wp\/v2\/posts"}],"about":[{"href":"https:\/\/www.welovecycling.com\/sk\/wp-json\/wp\/v2\/types\/post"}],"author":[{"embeddable":true,"href":"https:\/\/www.welovecycling.com\/sk\/wp-json\/wp\/v2\/users\/172"}],"replies":[{"embeddable":true,"href":"https:\/\/www.welovecycling.com\/sk\/wp-json\/wp\/v2\/comments?post=20116"}],"version-history":[{"count":5,"href":"https:\/\/www.welovecycling.com\/sk\/wp-json\/wp\/v2\/posts\/20116\/revisions"}],"predecessor-version":[{"id":20123,"href":"https:\/\/www.welovecycling.com\/sk\/wp-json\/wp\/v2\/posts\/20116\/revisions\/20123"}],"wp:featuredmedia":[{"embeddable":true,"href":"https:\/\/www.welovecycling.com\/sk\/wp-json\/wp\/v2\/media\/20117"}],"wp:attachment":[{"href":"https:\/\/www.welovecycling.com\/sk\/wp-json\/wp\/v2\/media?parent=20116"}],"wp:term":[{"taxonomy":"category","embeddable":true,"href":"https:\/\/www.welovecycling.com\/sk\/wp-json\/wp\/v2\/categories?post=20116"},{"taxonomy":"post_tag","embeddable":true,"href":"https:\/\/www.welovecycling.com\/sk\/wp-json\/wp\/v2\/tags?post=20116"},{"taxonomy":"global-categories","embeddable":true,"href":"https:\/\/www.welovecycling.com\/sk\/wp-json\/wp\/v2\/global-categories?post=20116"}],"curies":[{"name":"wp","href":"https:\/\/api.w.org\/{rel}","templated":true}]}}