{"id":20090,"date":"2025-02-22T19:00:20","date_gmt":"2025-02-22T18:00:20","guid":{"rendered":"https:\/\/www.welovecycling.com\/sk\/?p=20090"},"modified":"2025-02-22T19:02:30","modified_gmt":"2025-02-22T18:02:30","slug":"zimna-cyklistika-prekonaj-vyzvy-a-uzivaj-si-jazdu-aj-v-zime","status":"publish","type":"post","link":"https:\/\/www.welovecycling.com\/sk\/2025\/02\/22\/zimna-cyklistika-prekonaj-vyzvy-a-uzivaj-si-jazdu-aj-v-zime\/","title":{"rendered":"Zimn\u00e1 cyklistika: Prekonaj v\u00fdzvy a u\u017e\u00edvaj si jazdu aj v zime"},"content":{"rendered":"<p><strong>Pri pomyslen\u00ed na zimn\u00e9 obdobie si len m\u00e1lokto povie, \u017ee je ide\u00e1lny \u010das na cyklistiku. Ja ale r\u00e1d rob\u00edm veci tro\u0161ku inak a toto je u\u017e moja piata zimn\u00e1 sez\u00f3na v sedle. K\u00fdm v\u00e4\u010d\u0161ina v zime vy\u0165ahuje ly\u017ee, skialpy alebo ob\u00fava turistick\u00e9 top\u00e1nky, v\u00e1m sk\u00fasim pribl\u00ed\u017ei\u0165, \u010do je moj\u00edm hnac\u00edm motorom, aby som sa vybral na bicykel.<\/strong><!--more--><\/p>\n<h2><b>Neopakovate\u013en\u00e9 z\u00e1\u017eitky<\/b><\/h2>\n<p><span style=\"font-weight: 400;\">Hne\u010f, ako sa skon\u010d\u00ed jese\u0148, te\u0161\u00edm sa na prv\u00fd sneh. Je to obdobie, ke\u010f sa e\u0161te ned\u00e1 ly\u017eova\u0165, no z\u00e1rove\u0148 m\u00f4\u017eeme vyu\u017ei\u0165 ide\u00e1lne snehov\u00e9 podmienky. Zatia\u013e \u010do sneh e\u0161te nie je roztopen\u00fd do \u013eadu, je skvel\u00fdm podkladom pre jazdu. Pri horskom bicykli sta\u010d\u00ed zn\u00ed\u017ei\u0165 tlak v pl\u00e1\u0161\u0165och, \u010do je k\u013e\u00fa\u010dov\u00fd faktor pre dobr\u00e9 dr\u017eanie stopy.<\/span><\/p>\n<div id='gallery-1' class='gallery galleryid-20090 gallery-columns-2 gallery-size-full'><figure class='gallery-item'>\n\t\t\t<div class='gallery-icon landscape'>\n\t\t\t\t<a href='https:\/\/d2p6e6u75xmxt8.cloudfront.net\/4\/2025\/02\/01a.webp'><img loading=\"lazy\" decoding=\"async\" width=\"990\" height=\"660\" src=\"https:\/\/d2p6e6u75xmxt8.cloudfront.net\/4\/2025\/02\/01a.webp\" class=\"attachment-full size-full\" alt=\"\" srcset=\"https:\/\/d2p6e6u75xmxt8.cloudfront.net\/4\/2025\/02\/01a.webp 990w, https:\/\/d2p6e6u75xmxt8.cloudfront.net\/4\/2025\/02\/01a-300x200.webp 300w, https:\/\/d2p6e6u75xmxt8.cloudfront.net\/4\/2025\/02\/01a-768x512.webp 768w, https:\/\/d2p6e6u75xmxt8.cloudfront.net\/4\/2025\/02\/01a-400x267.webp 400w, https:\/\/d2p6e6u75xmxt8.cloudfront.net\/4\/2025\/02\/01a-272x182.webp 272w\" sizes=\"auto, (max-width: 990px) 100vw, 990px\" \/><\/a>\n\t\t\t<\/div><\/figure><figure class='gallery-item'>\n\t\t\t<div class='gallery-icon landscape'>\n\t\t\t\t<a href='https:\/\/d2p6e6u75xmxt8.cloudfront.net\/4\/2025\/02\/01b.webp'><img loading=\"lazy\" decoding=\"async\" width=\"990\" height=\"660\" src=\"https:\/\/d2p6e6u75xmxt8.cloudfront.net\/4\/2025\/02\/01b.webp\" class=\"attachment-full size-full\" alt=\"\" srcset=\"https:\/\/d2p6e6u75xmxt8.cloudfront.net\/4\/2025\/02\/01b.webp 990w, https:\/\/d2p6e6u75xmxt8.cloudfront.net\/4\/2025\/02\/01b-300x200.webp 300w, https:\/\/d2p6e6u75xmxt8.cloudfront.net\/4\/2025\/02\/01b-768x512.webp 768w, https:\/\/d2p6e6u75xmxt8.cloudfront.net\/4\/2025\/02\/01b-400x267.webp 400w, https:\/\/d2p6e6u75xmxt8.cloudfront.net\/4\/2025\/02\/01b-272x182.webp 272w\" sizes=\"auto, (max-width: 990px) 100vw, 990px\" \/><\/a>\n\t\t\t<\/div><\/figure>\n\t\t<\/div>\n\n<p><span style=\"font-weight: 400;\"><strong>Hlavn\u00fdm aspektom zimn\u00e9ho jazdenia je pre m\u0148a z\u00e1bava.<\/strong> Je to \u00faplne in\u00fd z\u00e1\u017eito ne\u017e v lete. U\u010d\u00edm sa pracova\u0165 s bicyklom na klzkom povrchu a postupne z\u00edskavam viac odvahy. A ak to pre\u017eeniem, sneh je podstatne m\u00e4k\u0161\u00ed ako tvrd\u00e1 zem. \ud83d\ude42<\/span><\/p>\n<p><span style=\"font-weight: 400;\">Nezabudnem ani na m\u00f4j zimn\u00fd v\u00fdjazd na vrch Kr\u00ed\u017ena vo Ve\u013ekej Fatre. K\u00fdm cesta k hotelu Kr\u00e1\u013eov\u00e1 stud\u0148a bola relat\u00edvne v poriadku, cel\u00fd hrebe\u0148 a\u017e na vrchol som takmer tla\u010dil. Bolo to obdobie, ke\u010f som mal probl\u00e9m s kolenom. Tak\u017ee som jazdil doslova cel\u00fa zimu, ale aj v t\u00fdchto podmienkach som sa nevzdal. Bol to bl\u00e1zniv\u00fd n\u00e1pad, ale z\u00e1\u017eitok z neho mi u\u017e ostane nav\u017edy!<\/span><\/p>\n<p><img loading=\"lazy\" decoding=\"async\" class=\"alignnone size-full wp-image-20106\" src=\"https:\/\/d2p6e6u75xmxt8.cloudfront.net\/4\/2025\/02\/02.webp\" alt=\"\" width=\"990\" height=\"660\" srcset=\"https:\/\/d2p6e6u75xmxt8.cloudfront.net\/4\/2025\/02\/02.webp 990w, https:\/\/d2p6e6u75xmxt8.cloudfront.net\/4\/2025\/02\/02-300x200.webp 300w, https:\/\/d2p6e6u75xmxt8.cloudfront.net\/4\/2025\/02\/02-768x512.webp 768w, https:\/\/d2p6e6u75xmxt8.cloudfront.net\/4\/2025\/02\/02-400x267.webp 400w, https:\/\/d2p6e6u75xmxt8.cloudfront.net\/4\/2025\/02\/02-272x182.webp 272w\" sizes=\"auto, (max-width: 990px) 100vw, 990px\" \/><\/p>\n<p><span style=\"font-weight: 400;\"><strong>Jazda v snehu mi prin\u00e1\u0161a sk\u00fasenosti, ktor\u00e9 vyu\u017e\u00edvam po\u010das letn\u00fdch blatov\u00fdch marat\u00f3nov.<\/strong> Av\u0161ak ide\u00e1lne snehov\u00e9 podmienky sa \u010doraz \u0165a\u017e\u0161ie h\u013eadaj\u00fa, a to aj kv\u00f4li zmene kl\u00edmy. Preto tento faktor z\u00e1bavy nebude fungova\u0165 cel\u00fd zimn\u00fd \u010das.<\/span><\/p>\n<h2><b>Vhodn\u00e9 oble\u010denie<\/b><\/h2>\n<p><span style=\"font-weight: 400;\">N\u00edzke teploty m\u00f4\u017eu by\u0165 jedn\u00fdm z hlavn\u00fdch d\u00f4vodov, pre\u010do sa niekto rozhodne zimu str\u00e1vi\u0165 bez bicykla.\u00a0 Zimn\u00e9 \u0161porty sa daj\u00fa vykon\u00e1va\u0165 hlavne kv\u00f4li vhodn\u00e9mu oble\u010deniu, ale aj pri tzv. letn\u00fdch \u0161portoch modern\u00e9 oble\u010denie dok\u00e1\u017ee t\u00fato zimn\u00fa prek\u00e1\u017eku \u00faspe\u0161ne prekona\u0165. Vhodn\u00fdm k\u013e\u00fa\u010dom je spr\u00e1vny v\u00fdber zimn\u00e9ho \u0161atn\u00edka. Ka\u017ed\u00fd sa pot\u00edme inak, m\u00e1me in\u00fd teplotn\u00fd komfort, a preto je d\u00f4le\u017eit\u00e9 str\u00e1vi\u0165 nejak\u00fd \u010das h\u013eadan\u00edm toho spr\u00e1vneho oble\u010denia. V\u00fdber je dnes takmer neobmedzen\u00fd.<\/span><\/p>\n<div id='gallery-2' class='gallery galleryid-20090 gallery-columns-2 gallery-size-full'><figure class='gallery-item'>\n\t\t\t<div class='gallery-icon landscape'>\n\t\t\t\t<a href='https:\/\/d2p6e6u75xmxt8.cloudfront.net\/4\/2025\/02\/03a.webp'><img loading=\"lazy\" decoding=\"async\" width=\"990\" height=\"660\" src=\"https:\/\/d2p6e6u75xmxt8.cloudfront.net\/4\/2025\/02\/03a.webp\" class=\"attachment-full size-full\" alt=\"\" srcset=\"https:\/\/d2p6e6u75xmxt8.cloudfront.net\/4\/2025\/02\/03a.webp 990w, https:\/\/d2p6e6u75xmxt8.cloudfront.net\/4\/2025\/02\/03a-300x200.webp 300w, https:\/\/d2p6e6u75xmxt8.cloudfront.net\/4\/2025\/02\/03a-768x512.webp 768w, https:\/\/d2p6e6u75xmxt8.cloudfront.net\/4\/2025\/02\/03a-400x267.webp 400w, https:\/\/d2p6e6u75xmxt8.cloudfront.net\/4\/2025\/02\/03a-272x182.webp 272w\" sizes=\"auto, (max-width: 990px) 100vw, 990px\" \/><\/a>\n\t\t\t<\/div><\/figure><figure class='gallery-item'>\n\t\t\t<div class='gallery-icon landscape'>\n\t\t\t\t<a href='https:\/\/d2p6e6u75xmxt8.cloudfront.net\/4\/2025\/02\/03b.webp'><img loading=\"lazy\" decoding=\"async\" width=\"990\" height=\"660\" src=\"https:\/\/d2p6e6u75xmxt8.cloudfront.net\/4\/2025\/02\/03b.webp\" class=\"attachment-full size-full\" alt=\"\" srcset=\"https:\/\/d2p6e6u75xmxt8.cloudfront.net\/4\/2025\/02\/03b.webp 990w, https:\/\/d2p6e6u75xmxt8.cloudfront.net\/4\/2025\/02\/03b-300x200.webp 300w, https:\/\/d2p6e6u75xmxt8.cloudfront.net\/4\/2025\/02\/03b-768x512.webp 768w, https:\/\/d2p6e6u75xmxt8.cloudfront.net\/4\/2025\/02\/03b-400x267.webp 400w, https:\/\/d2p6e6u75xmxt8.cloudfront.net\/4\/2025\/02\/03b-272x182.webp 272w\" sizes=\"auto, (max-width: 990px) 100vw, 990px\" \/><\/a>\n\t\t\t<\/div><\/figure>\n\t\t<\/div>\n\n<p><span style=\"font-weight: 400;\">Z\u00e1rove\u0148, ke\u010f si k\u00fapim nie\u010do nov\u00e9, hne\u010f ma to motivuje \u00eds\u0165 si to <\/span><span style=\"font-weight: 400;\">vysk\u00fa\u0161a\u0165. Je pravda, \u017ee kvalitn\u00e9 zimn\u00e9 oble\u010denie je drah\u0161ie, ale s oh\u013eadom na to, \u017ee v zime jazd\u00edm menej, vydr\u017e\u00ed ove\u013ea dlh\u0161ie. Pri spr\u00e1vnom v\u00fdbere mi sl\u00fa\u017ei roky.<\/span><\/p>\n<h2><b>Spr\u00e1vna lokalita<\/b><\/h2>\n<p><span style=\"font-weight: 400;\">V\u00fdber vhodnej lokality je v\u00a0zime k\u013e\u00fa\u010dov\u00fd. V\u00a0tomto obdob\u00ed neobjavujem nov\u00e9 z\u00e1kutia, jazd\u00edm predov\u0161etk\u00fdm na miestach, ktor\u00e9 u\u017e dobre pozn\u00e1m. T\u00fdm si zjednodu\u0161\u00edm orient\u00e1ciu v ter\u00e9ne, viem odhadn\u00fa\u0165 profil trasy a pripravi\u0165 sa na v\u0161etky n\u00e1strahy. <strong>M\u00e1m r\u00e1d miesta, kde sa m\u00f4\u017eem te\u0161i\u0165 na odmenu, naj\u010dastej\u0161ie v podobe jedla. \ud83d\ude42<\/strong> Tieto mal\u00e9 zast\u00e1vky mi sl\u00fa\u017eia nielen na doplnenie energie, ale aj na zahriatie, \u010do je v zime nesmierne d\u00f4le\u017eit\u00e9. Aj preto v\u017edy so sebou beriem aj termosku s tepl\u00fdm n\u00e1pojom.\u00a0<\/span><\/p>\n<div id='gallery-3' class='gallery galleryid-20090 gallery-columns-2 gallery-size-full'><figure class='gallery-item'>\n\t\t\t<div class='gallery-icon landscape'>\n\t\t\t\t<a href='https:\/\/d2p6e6u75xmxt8.cloudfront.net\/4\/2025\/02\/05a_chata-pod-suchym-1.webp'><img loading=\"lazy\" decoding=\"async\" width=\"990\" height=\"660\" src=\"https:\/\/d2p6e6u75xmxt8.cloudfront.net\/4\/2025\/02\/05a_chata-pod-suchym-1.webp\" class=\"attachment-full size-full\" alt=\"\" srcset=\"https:\/\/d2p6e6u75xmxt8.cloudfront.net\/4\/2025\/02\/05a_chata-pod-suchym-1.webp 990w, https:\/\/d2p6e6u75xmxt8.cloudfront.net\/4\/2025\/02\/05a_chata-pod-suchym-1-300x200.webp 300w, https:\/\/d2p6e6u75xmxt8.cloudfront.net\/4\/2025\/02\/05a_chata-pod-suchym-1-768x512.webp 768w, https:\/\/d2p6e6u75xmxt8.cloudfront.net\/4\/2025\/02\/05a_chata-pod-suchym-1-400x267.webp 400w, https:\/\/d2p6e6u75xmxt8.cloudfront.net\/4\/2025\/02\/05a_chata-pod-suchym-1-272x182.webp 272w\" sizes=\"auto, (max-width: 990px) 100vw, 990px\" \/><\/a>\n\t\t\t<\/div><\/figure><figure class='gallery-item'>\n\t\t\t<div class='gallery-icon landscape'>\n\t\t\t\t<a href='https:\/\/d2p6e6u75xmxt8.cloudfront.net\/4\/2025\/02\/05b_chata-pod-suchym-2.webp'><img loading=\"lazy\" decoding=\"async\" width=\"990\" height=\"660\" src=\"https:\/\/d2p6e6u75xmxt8.cloudfront.net\/4\/2025\/02\/05b_chata-pod-suchym-2.webp\" class=\"attachment-full size-full\" alt=\"\" srcset=\"https:\/\/d2p6e6u75xmxt8.cloudfront.net\/4\/2025\/02\/05b_chata-pod-suchym-2.webp 990w, https:\/\/d2p6e6u75xmxt8.cloudfront.net\/4\/2025\/02\/05b_chata-pod-suchym-2-300x200.webp 300w, https:\/\/d2p6e6u75xmxt8.cloudfront.net\/4\/2025\/02\/05b_chata-pod-suchym-2-768x512.webp 768w, https:\/\/d2p6e6u75xmxt8.cloudfront.net\/4\/2025\/02\/05b_chata-pod-suchym-2-400x267.webp 400w, https:\/\/d2p6e6u75xmxt8.cloudfront.net\/4\/2025\/02\/05b_chata-pod-suchym-2-272x182.webp 272w\" sizes=\"auto, (max-width: 990px) 100vw, 990px\" \/><\/a>\n\t\t\t<\/div><\/figure>\n\t\t<\/div>\n\n<h2><b>Cestn\u00fd alebo horsk\u00fd bicykel?<\/b><\/h2>\n<p><span style=\"font-weight: 400;\">V\u00fdber spr\u00e1vneho bicykla z\u00e1vis\u00ed od podmienok. Ja som na za\u010diatku jazdil len na horskom bicykli a a\u017e posledn\u00e9 dve sez\u00f3ny som ok\u00fasil aj cestn\u00fa cyklistiku. Ak ide o jazdu na snehu, samozrejme, cesta nie je ide\u00e1lna vo\u013eba. Cestn\u00fd bicykel vyu\u017e\u00edvam hlavne v such\u00fdch d\u0148och, ke\u010f je na ceste minimum vlhkosti a nie je hrozba \u013eadu. Vtedy zbieram objemov\u00e9 kilometre.<\/span><\/p>\n<div id='gallery-4' class='gallery galleryid-20090 gallery-columns-2 gallery-size-full'><figure class='gallery-item'>\n\t\t\t<div class='gallery-icon landscape'>\n\t\t\t\t<a href='https:\/\/d2p6e6u75xmxt8.cloudfront.net\/4\/2025\/02\/06a.webp'><img loading=\"lazy\" decoding=\"async\" width=\"990\" height=\"660\" src=\"https:\/\/d2p6e6u75xmxt8.cloudfront.net\/4\/2025\/02\/06a.webp\" class=\"attachment-full size-full\" alt=\"\" srcset=\"https:\/\/d2p6e6u75xmxt8.cloudfront.net\/4\/2025\/02\/06a.webp 990w, https:\/\/d2p6e6u75xmxt8.cloudfront.net\/4\/2025\/02\/06a-300x200.webp 300w, https:\/\/d2p6e6u75xmxt8.cloudfront.net\/4\/2025\/02\/06a-768x512.webp 768w, https:\/\/d2p6e6u75xmxt8.cloudfront.net\/4\/2025\/02\/06a-400x267.webp 400w, https:\/\/d2p6e6u75xmxt8.cloudfront.net\/4\/2025\/02\/06a-272x182.webp 272w\" sizes=\"auto, (max-width: 990px) 100vw, 990px\" \/><\/a>\n\t\t\t<\/div><\/figure><figure class='gallery-item'>\n\t\t\t<div class='gallery-icon landscape'>\n\t\t\t\t<a href='https:\/\/d2p6e6u75xmxt8.cloudfront.net\/4\/2025\/02\/06b.webp'><img loading=\"lazy\" decoding=\"async\" width=\"990\" height=\"660\" src=\"https:\/\/d2p6e6u75xmxt8.cloudfront.net\/4\/2025\/02\/06b.webp\" class=\"attachment-full size-full\" alt=\"\" srcset=\"https:\/\/d2p6e6u75xmxt8.cloudfront.net\/4\/2025\/02\/06b.webp 990w, https:\/\/d2p6e6u75xmxt8.cloudfront.net\/4\/2025\/02\/06b-300x200.webp 300w, https:\/\/d2p6e6u75xmxt8.cloudfront.net\/4\/2025\/02\/06b-768x512.webp 768w, https:\/\/d2p6e6u75xmxt8.cloudfront.net\/4\/2025\/02\/06b-400x267.webp 400w, https:\/\/d2p6e6u75xmxt8.cloudfront.net\/4\/2025\/02\/06b-272x182.webp 272w\" sizes=\"auto, (max-width: 990px) 100vw, 990px\" \/><\/a>\n\t\t\t<\/div><\/figure>\n\t\t<\/div>\n\n<p><span style=\"font-weight: 400;\">Ke\u010f je naopak mokro alebo hroz\u00ed \u013ead, vol\u00edm horsk\u00fd bicykel, ktor\u00fd je vhodnej\u0161\u00ed na ter\u00e9nne podmienky. Niekedy sa v\u0161ak st\u00e1va, \u017ee sa podmienky v ter\u00e9ne zhor\u0161ia, a tak sa pres\u00favam na cestu. <strong>Zimn\u00e1 cyklistika je teda aj o prisp\u00f4soben\u00ed sa aktu\u00e1lnym podmienkam.<\/strong> A\u00a0pre\u010do to rob\u00edm, ke\u010f existuj\u00fa aj in\u00e9 \u0161porty?<\/span><\/p>\n<h2><b>Pre\u010do teda jazd\u00edm?<\/b><\/h2>\n<p><span style=\"font-weight: 400;\">Odpove\u010f je jednoduch\u00e1 \u2013<\/span><span style=\"font-weight: 400;\"> je to kombin\u00e1cia vy\u0161\u0161ie uveden\u00e9ho a cyklistickej v\u00e1\u0161ne. \u263a<\/span><\/p>\n<p><span style=\"font-weight: 400;\">Ro\u010dne najazd\u00edm okolo 10 000 km, a preto si neviem predstavi\u0165, \u017ee by som na \u0161tyri mesiace odlo\u017eil bicykel do k\u00fata. \u017drali by ma mrle a nohy by sa mi asi sam\u00e9 to\u010dili v pr\u00e1ci, ke\u010f sed\u00edm na stoli\u010dke. Mo\u017eno si e\u0161te poviete, \u017ee predsa dnes u\u017e existuj\u00fa dobr\u00e9 trena\u017e\u00e9ry. A osobne ich nezatracujem, ale ja som typ \u010dloveka, ktor\u00fd je r\u00e1d vonku. \u010clovek n\u00e1zory \u010dasom men\u00ed, tak uvid\u00edme, \u010do prinesie bud\u00facnos\u0165.\u00a0<\/span><\/p>\n<div id='gallery-5' class='gallery galleryid-20090 gallery-columns-2 gallery-size-full'><figure class='gallery-item'>\n\t\t\t<div class='gallery-icon landscape'>\n\t\t\t\t<a href='https:\/\/d2p6e6u75xmxt8.cloudfront.net\/4\/2025\/02\/07b.webp'><img loading=\"lazy\" decoding=\"async\" width=\"990\" height=\"660\" src=\"https:\/\/d2p6e6u75xmxt8.cloudfront.net\/4\/2025\/02\/07b.webp\" class=\"attachment-full size-full\" alt=\"\" srcset=\"https:\/\/d2p6e6u75xmxt8.cloudfront.net\/4\/2025\/02\/07b.webp 990w, https:\/\/d2p6e6u75xmxt8.cloudfront.net\/4\/2025\/02\/07b-300x200.webp 300w, https:\/\/d2p6e6u75xmxt8.cloudfront.net\/4\/2025\/02\/07b-768x512.webp 768w, https:\/\/d2p6e6u75xmxt8.cloudfront.net\/4\/2025\/02\/07b-400x267.webp 400w, https:\/\/d2p6e6u75xmxt8.cloudfront.net\/4\/2025\/02\/07b-272x182.webp 272w\" sizes=\"auto, (max-width: 990px) 100vw, 990px\" \/><\/a>\n\t\t\t<\/div><\/figure><figure class='gallery-item'>\n\t\t\t<div class='gallery-icon landscape'>\n\t\t\t\t<a href='https:\/\/d2p6e6u75xmxt8.cloudfront.net\/4\/2025\/02\/07a.webp'><img loading=\"lazy\" decoding=\"async\" width=\"990\" height=\"660\" src=\"https:\/\/d2p6e6u75xmxt8.cloudfront.net\/4\/2025\/02\/07a.webp\" class=\"attachment-full size-full\" alt=\"\" srcset=\"https:\/\/d2p6e6u75xmxt8.cloudfront.net\/4\/2025\/02\/07a.webp 990w, https:\/\/d2p6e6u75xmxt8.cloudfront.net\/4\/2025\/02\/07a-300x200.webp 300w, https:\/\/d2p6e6u75xmxt8.cloudfront.net\/4\/2025\/02\/07a-768x512.webp 768w, https:\/\/d2p6e6u75xmxt8.cloudfront.net\/4\/2025\/02\/07a-400x267.webp 400w, https:\/\/d2p6e6u75xmxt8.cloudfront.net\/4\/2025\/02\/07a-272x182.webp 272w\" sizes=\"auto, (max-width: 990px) 100vw, 990px\" \/><\/a>\n\t\t\t<\/div><\/figure>\n\t\t<\/div>\n\n<p><span style=\"font-weight: 400;\"><strong>V zime nejazd\u00edm pre v\u00fdkon.<\/strong> Som prirodzene pomal\u0161\u00ed, m\u00e1m na sebe hrub\u0161ie oble\u010denie, c\u00edtim sa viac nemotorn\u00fd, jazdy s\u00fa krat\u0161ie, intenzita je ni\u017e\u0161ia a ja sa zameriavam predov\u0161etk\u00fdm na z\u00e1bavu a oddych. Aj tie najlep\u0161ie materi\u00e1ly na svete nedok\u00e1\u017eu odv\u00e1dza\u0165 pot dokonale, tak\u017ee pri ve\u013emi vysokej intenzite by som sa pr\u00edli\u0161 spotil, n\u00e1sledne by mi zostala zima, klesla by mi mor\u00e1lka a\u00a0z\u00a0nie\u010doho, \u010do m\u00e1 by\u0165 prim\u00e1rne z\u00e1bava, sa stane otrava. A to nechcem.\u00a0<\/span><\/p>\n<p><span style=\"font-weight: 400;\">A ke\u010f s\u00fa dni, ke\u010f sa mi naozaj nechce, pripom\u00ednam si, \u017ee e\u0161te ned\u00e1vno som bol chor\u00fd a nemohol som ni\u010d robi\u0165. Teraz m\u00f4\u017eem a to je pre m\u0148a d\u00f4le\u017eit\u00e9.<\/span><\/p>\n<div id='gallery-6' class='gallery galleryid-20090 gallery-columns-2 gallery-size-full'><figure class='gallery-item'>\n\t\t\t<div class='gallery-icon landscape'>\n\t\t\t\t<a href='https:\/\/d2p6e6u75xmxt8.cloudfront.net\/4\/2025\/02\/08b.webp'><img loading=\"lazy\" decoding=\"async\" width=\"990\" height=\"660\" src=\"https:\/\/d2p6e6u75xmxt8.cloudfront.net\/4\/2025\/02\/08b.webp\" class=\"attachment-full size-full\" alt=\"\" srcset=\"https:\/\/d2p6e6u75xmxt8.cloudfront.net\/4\/2025\/02\/08b.webp 990w, https:\/\/d2p6e6u75xmxt8.cloudfront.net\/4\/2025\/02\/08b-300x200.webp 300w, https:\/\/d2p6e6u75xmxt8.cloudfront.net\/4\/2025\/02\/08b-768x512.webp 768w, https:\/\/d2p6e6u75xmxt8.cloudfront.net\/4\/2025\/02\/08b-400x267.webp 400w, https:\/\/d2p6e6u75xmxt8.cloudfront.net\/4\/2025\/02\/08b-272x182.webp 272w\" sizes=\"auto, (max-width: 990px) 100vw, 990px\" \/><\/a>\n\t\t\t<\/div><\/figure><figure class='gallery-item'>\n\t\t\t<div class='gallery-icon landscape'>\n\t\t\t\t<a href='https:\/\/d2p6e6u75xmxt8.cloudfront.net\/4\/2025\/02\/08a.webp'><img loading=\"lazy\" decoding=\"async\" width=\"990\" height=\"660\" src=\"https:\/\/d2p6e6u75xmxt8.cloudfront.net\/4\/2025\/02\/08a.webp\" class=\"attachment-full size-full\" alt=\"\" srcset=\"https:\/\/d2p6e6u75xmxt8.cloudfront.net\/4\/2025\/02\/08a.webp 990w, https:\/\/d2p6e6u75xmxt8.cloudfront.net\/4\/2025\/02\/08a-300x200.webp 300w, https:\/\/d2p6e6u75xmxt8.cloudfront.net\/4\/2025\/02\/08a-768x512.webp 768w, https:\/\/d2p6e6u75xmxt8.cloudfront.net\/4\/2025\/02\/08a-400x267.webp 400w, https:\/\/d2p6e6u75xmxt8.cloudfront.net\/4\/2025\/02\/08a-272x182.webp 272w\" sizes=\"auto, (max-width: 990px) 100vw, 990px\" \/><\/a>\n\t\t\t<\/div><\/figure>\n\t\t<\/div>\n\n<h2><b>Benefity zimn\u00e9ho jazdenia<\/b><\/h2>\n<p><span style=\"font-weight: 400;\">Hoci pre niektor\u00fdch m\u00f4\u017ee by\u0165 \u0165a\u017ek\u00e9 predstavi\u0165 si bicyklovanie v zime, pre m\u0148a je to neocenite\u013en\u00fd <strong>sp\u00f4sob, ako si udr\u017ea\u0165 kond\u00edciu, zmierni\u0165 stres a z\u00edska\u0165 jedine\u010dn\u00e9 z\u00e1\u017eitky, ktor\u00e9 sa inak len \u0165a\u017eko n\u00e1jdu.<\/strong><\/span><\/p>\n<p><span style=\"font-weight: 400;\">Cyklistika je \u0161port, ktor\u00fd m\u00f4\u017ee by\u0165 jednostranne zameran\u00fd, a preto sa sna\u017e\u00edm rovnov\u00e1hu dop\u013a\u0148a\u0165 aj in\u00fdmi aktivitami, ako s\u00fa skialp, ly\u017eovanie, lezenie \u010di fitnes. T\u00e1to pestros\u0165 v tr\u00e9ningu mi pom\u00e1ha nielen fyzicky, ale aj psychicky, tak\u017ee sa na bicykel v\u017edy te\u0161\u00edm, aj ke\u010f sa k nemu po dlh\u0161ej pauze vr\u00e1tim. V zime sa tak nenud\u00edm a m\u00f4\u017eem si u\u017e\u00edva\u0165 kr\u00e1snu, no trochu odli\u0161n\u00fa \u010das\u0165 cyklistick\u00e9ho roka.<\/span><\/p>\n<p><img loading=\"lazy\" decoding=\"async\" class=\"alignnone size-full wp-image-20104\" src=\"https:\/\/d2p6e6u75xmxt8.cloudfront.net\/4\/2025\/02\/09.webp\" alt=\"\" width=\"990\" height=\"660\" srcset=\"https:\/\/d2p6e6u75xmxt8.cloudfront.net\/4\/2025\/02\/09.webp 990w, https:\/\/d2p6e6u75xmxt8.cloudfront.net\/4\/2025\/02\/09-300x200.webp 300w, https:\/\/d2p6e6u75xmxt8.cloudfront.net\/4\/2025\/02\/09-768x512.webp 768w, https:\/\/d2p6e6u75xmxt8.cloudfront.net\/4\/2025\/02\/09-400x267.webp 400w, https:\/\/d2p6e6u75xmxt8.cloudfront.net\/4\/2025\/02\/09-272x182.webp 272w\" sizes=\"auto, (max-width: 990px) 100vw, 990px\" \/><\/p>\n<p><span style=\"font-weight: 400;\">V\u0161etko p\u00ed\u0161em z poh\u013eadu naozaj akt\u00edvneho \u010dloveka, takmer ka\u017ed\u00fd de\u0148 mus\u00edm nie\u010do robi\u0165. Nie je to preto n\u00e1vod, ako to robi\u0165 \u2013 nie ka\u017ed\u00fd m\u00e1 tak\u00e9 mo\u017enosti a chu\u0165. Sk\u00f4r sa v\u00e1m sna\u017e\u00edm pribl\u00ed\u017ei\u0165, \u017ee aj zima v cyklistickom sedle m\u00f4\u017ee by\u0165 z\u00e1bavn\u00e1 a prin\u00e1\u0161a benefity, ktor\u00e9 potom dok\u00e1\u017eeme vyu\u017ei\u0165 v hlavnej sez\u00f3ne.\u00a0<\/span><\/p>\n<p><span style=\"font-weight: 400;\"><strong>Zima nie je koniec sez\u00f3ny, ale za\u010diatok novej v\u00fdzvy.<\/strong> Pre m\u0148a je cyklistika v zime neoddelite\u013enou s\u00fa\u010das\u0165ou celoro\u010dn\u00e9ho cyklistick\u00e9ho \u017eivota. A aj ke\u010f nie je v\u017edy \u013eahk\u00e9 vyjs\u0165 von, nikdy ne\u013eutujem, \u017ee som to spravil. Mo\u017eno pr\u00e1ve tento chladn\u00fd vzduch a zasne\u017een\u00e9 cesty robia cyklistiku e\u0161te viac v\u00fdnimo\u010dnou.<\/span><\/p>\n","protected":false},"excerpt":{"rendered":"<p>Pri pomyslen\u00ed na zimn\u00e9 obdobie si len m\u00e1lokto povie, \u017ee je ide\u00e1lny \u010das na cyklistiku. Ja ale r\u00e1d rob\u00edm veci [&hellip;]<\/p>\n","protected":false},"author":172,"featured_media":20091,"comment_status":"closed","ping_status":"closed","sticky":false,"template":"","format":"standard","meta":{"footnotes":""},"categories":[191],"tags":[619,115,546,180,532,767,412,931,183,161,317],"global-categories":[1074],"class_list":["post-20090","post","type-post","status-publish","format-standard","has-post-thumbnail","hentry","category-odporucame","tag-bicyklovanie","tag-cestna-cyklistika","tag-cyklistika","tag-horska-cyklistika","tag-jazdenie","tag-motivacia","tag-mtb","tag-odporucame","tag-zabava","tag-zdravie","tag-zima","global-categories-cycling"],"yoast_head":"<!-- This site is optimized with the Yoast SEO Premium plugin v25.3 (Yoast SEO v25.9) - https:\/\/yoast.com\/wordpress\/plugins\/seo\/ -->\n<title>Zimn\u00e1 cyklistika: Prekonaj v\u00fdzvy a u\u017e\u00edvaj si jazdu aj v zime - \u0160koda We Love Cycling Slovensko<\/title>\n<meta name=\"description\" content=\"Pri pomyslen\u00ed na zimn\u00e9 obdobie si len m\u00e1lo kto povie, \u017ee je ide\u00e1lny \u010das na cyklistiku. Ja ale r\u00e1d rob\u00edm veci tro\u0161ku inak.\" \/>\n<meta name=\"robots\" content=\"index, follow, max-snippet:-1, max-image-preview:large, max-video-preview:-1\" \/>\n<link rel=\"canonical\" href=\"https:\/\/www.welovecycling.com\/sk\/2025\/02\/22\/zimna-cyklistika-prekonaj-vyzvy-a-uzivaj-si-jazdu-aj-v-zime\/\" \/>\n<meta property=\"og:locale\" content=\"sk_SK\" \/>\n<meta property=\"og:type\" content=\"article\" \/>\n<meta property=\"og:title\" content=\"Zimn\u00e1 cyklistika: Prekonaj v\u00fdzvy a u\u017e\u00edvaj si jazdu aj v zime\" \/>\n<meta property=\"og:description\" content=\"Pri pomyslen\u00ed na zimn\u00e9 obdobie si len m\u00e1lo kto povie, \u017ee je ide\u00e1lny \u010das na cyklistiku. Ja ale r\u00e1d rob\u00edm veci tro\u0161ku inak.\" \/>\n<meta property=\"og:url\" content=\"https:\/\/www.welovecycling.com\/sk\/2025\/02\/22\/zimna-cyklistika-prekonaj-vyzvy-a-uzivaj-si-jazdu-aj-v-zime\/\" \/>\n<meta property=\"og:site_name\" content=\"\u0160koda We Love Cycling Slovensko\" \/>\n<meta property=\"article:published_time\" content=\"2025-02-22T18:00:20+00:00\" \/>\n<meta property=\"article:modified_time\" content=\"2025-02-22T18:02:30+00:00\" \/>\n<meta property=\"og:image\" content=\"https:\/\/d2p6e6u75xmxt8.cloudfront.net\/4\/2025\/02\/titulka-1.webp\" \/>\n\t<meta property=\"og:image:width\" content=\"990\" \/>\n\t<meta property=\"og:image:height\" content=\"660\" \/>\n\t<meta property=\"og:image:type\" content=\"image\/webp\" \/>\n<meta name=\"author\" content=\"dominika\" \/>\n<meta name=\"twitter:card\" content=\"summary_large_image\" \/>\n<meta name=\"twitter:label1\" content=\"Written by\" \/>\n\t<meta name=\"twitter:data1\" content=\"Erik Horv\u00e1th\" \/>\n\t<meta name=\"twitter:label2\" content=\"Est. reading time\" \/>\n\t<meta name=\"twitter:data2\" content=\"5\" \/>\n<script type=\"application\/ld+json\" class=\"yoast-schema-graph\">{\"@context\":\"https:\/\/schema.org\",\"@graph\":[{\"@type\":\"WebPage\",\"@id\":\"https:\/\/www.welovecycling.com\/sk\/2025\/02\/22\/zimna-cyklistika-prekonaj-vyzvy-a-uzivaj-si-jazdu-aj-v-zime\/\",\"url\":\"https:\/\/www.welovecycling.com\/sk\/2025\/02\/22\/zimna-cyklistika-prekonaj-vyzvy-a-uzivaj-si-jazdu-aj-v-zime\/\",\"name\":\"Zimn\u00e1 cyklistika: Prekonaj v\u00fdzvy a u\u017e\u00edvaj si jazdu aj v zime - \u0160koda We Love Cycling Slovensko\",\"isPartOf\":{\"@id\":\"https:\/\/www.welovecycling.com\/sk\/#website\"},\"primaryImageOfPage\":{\"@id\":\"https:\/\/www.welovecycling.com\/sk\/2025\/02\/22\/zimna-cyklistika-prekonaj-vyzvy-a-uzivaj-si-jazdu-aj-v-zime\/#primaryimage\"},\"image\":{\"@id\":\"https:\/\/www.welovecycling.com\/sk\/2025\/02\/22\/zimna-cyklistika-prekonaj-vyzvy-a-uzivaj-si-jazdu-aj-v-zime\/#primaryimage\"},\"thumbnailUrl\":\"https:\/\/d2p6e6u75xmxt8.cloudfront.net\/4\/2025\/02\/titulka-1.webp\",\"datePublished\":\"2025-02-22T18:00:20+00:00\",\"dateModified\":\"2025-02-22T18:02:30+00:00\",\"author\":{\"@id\":\"https:\/\/www.welovecycling.com\/sk\/#\/schema\/person\/533b62b98b6c41bd5135ebfb1f742624\"},\"description\":\"Pri pomyslen\u00ed na zimn\u00e9 obdobie si len m\u00e1lo kto povie, \u017ee je ide\u00e1lny \u010das na cyklistiku. Ja ale r\u00e1d rob\u00edm veci tro\u0161ku inak.\",\"breadcrumb\":{\"@id\":\"https:\/\/www.welovecycling.com\/sk\/2025\/02\/22\/zimna-cyklistika-prekonaj-vyzvy-a-uzivaj-si-jazdu-aj-v-zime\/#breadcrumb\"},\"inLanguage\":\"sk-SK\",\"potentialAction\":[{\"@type\":\"ReadAction\",\"target\":[\"https:\/\/www.welovecycling.com\/sk\/2025\/02\/22\/zimna-cyklistika-prekonaj-vyzvy-a-uzivaj-si-jazdu-aj-v-zime\/\"]}]},{\"@type\":\"ImageObject\",\"inLanguage\":\"sk-SK\",\"@id\":\"https:\/\/www.welovecycling.com\/sk\/2025\/02\/22\/zimna-cyklistika-prekonaj-vyzvy-a-uzivaj-si-jazdu-aj-v-zime\/#primaryimage\",\"url\":\"https:\/\/d2p6e6u75xmxt8.cloudfront.net\/4\/2025\/02\/titulka-1.webp\",\"contentUrl\":\"https:\/\/d2p6e6u75xmxt8.cloudfront.net\/4\/2025\/02\/titulka-1.webp\",\"width\":990,\"height\":660},{\"@type\":\"BreadcrumbList\",\"@id\":\"https:\/\/www.welovecycling.com\/sk\/2025\/02\/22\/zimna-cyklistika-prekonaj-vyzvy-a-uzivaj-si-jazdu-aj-v-zime\/#breadcrumb\",\"itemListElement\":[{\"@type\":\"ListItem\",\"position\":1,\"name\":\"Home\",\"item\":\"https:\/\/www.welovecycling.com\/sk\/\"},{\"@type\":\"ListItem\",\"position\":2,\"name\":\"Zimn\u00e1 cyklistika: Prekonaj v\u00fdzvy a u\u017e\u00edvaj si jazdu aj v zime\"}]},{\"@type\":\"WebSite\",\"@id\":\"https:\/\/www.welovecycling.com\/sk\/#website\",\"url\":\"https:\/\/www.welovecycling.com\/sk\/\",\"name\":\"\u0160koda We Love Cycling Slovensko\",\"description\":\"\u0160koda We Love Cycling Slovensko je v\u00e1\u0161 ka\u017edodenn\u00fd zdroj noviniek a in\u0161pir\u00e1cie z sveta cyklistiky\",\"potentialAction\":[{\"@type\":\"SearchAction\",\"target\":{\"@type\":\"EntryPoint\",\"urlTemplate\":\"https:\/\/www.welovecycling.com\/sk\/?s={search_term_string}\"},\"query-input\":{\"@type\":\"PropertyValueSpecification\",\"valueRequired\":true,\"valueName\":\"search_term_string\"}}],\"inLanguage\":\"sk-SK\"},{\"@type\":\"Person\",\"@id\":\"https:\/\/www.welovecycling.com\/sk\/#\/schema\/person\/533b62b98b6c41bd5135ebfb1f742624\",\"name\":\"dominika\",\"image\":{\"@type\":\"ImageObject\",\"inLanguage\":\"sk-SK\",\"@id\":\"https:\/\/www.welovecycling.com\/sk\/#\/schema\/person\/image\/\",\"url\":\"https:\/\/secure.gravatar.com\/avatar\/ded6f274ba2ec3e17fff153f7d9d96a4b33c2cb63907f75d9a5309c599a7f3e6?s=96&d=mm&r=g\",\"contentUrl\":\"https:\/\/secure.gravatar.com\/avatar\/ded6f274ba2ec3e17fff153f7d9d96a4b33c2cb63907f75d9a5309c599a7f3e6?s=96&d=mm&r=g\",\"caption\":\"dominika\"},\"url\":\"https:\/\/www.welovecycling.com\/sk\/author\/dominika\/\"}]}<\/script>\n<!-- \/ Yoast SEO Premium plugin. -->","yoast_head_json":{"title":"Zimn\u00e1 cyklistika: Prekonaj v\u00fdzvy a u\u017e\u00edvaj si jazdu aj v zime - \u0160koda We Love Cycling Slovensko","description":"Pri pomyslen\u00ed na zimn\u00e9 obdobie si len m\u00e1lo kto povie, \u017ee je ide\u00e1lny \u010das na cyklistiku. Ja ale r\u00e1d rob\u00edm veci tro\u0161ku inak.","robots":{"index":"index","follow":"follow","max-snippet":"max-snippet:-1","max-image-preview":"max-image-preview:large","max-video-preview":"max-video-preview:-1"},"canonical":"https:\/\/www.welovecycling.com\/sk\/2025\/02\/22\/zimna-cyklistika-prekonaj-vyzvy-a-uzivaj-si-jazdu-aj-v-zime\/","og_locale":"sk_SK","og_type":"article","og_title":"Zimn\u00e1 cyklistika: Prekonaj v\u00fdzvy a u\u017e\u00edvaj si jazdu aj v zime","og_description":"Pri pomyslen\u00ed na zimn\u00e9 obdobie si len m\u00e1lo kto povie, \u017ee je ide\u00e1lny \u010das na cyklistiku. Ja ale r\u00e1d rob\u00edm veci tro\u0161ku inak.","og_url":"https:\/\/www.welovecycling.com\/sk\/2025\/02\/22\/zimna-cyklistika-prekonaj-vyzvy-a-uzivaj-si-jazdu-aj-v-zime\/","og_site_name":"\u0160koda We Love Cycling Slovensko","article_published_time":"2025-02-22T18:00:20+00:00","article_modified_time":"2025-02-22T18:02:30+00:00","og_image":[{"width":990,"height":660,"url":"https:\/\/d2p6e6u75xmxt8.cloudfront.net\/4\/2025\/02\/titulka-1.webp","type":"image\/webp"}],"author":"dominika","twitter_card":"summary_large_image","twitter_misc":{"Written by":"Erik Horv\u00e1th","Est. reading time":"5"},"schema":{"@context":"https:\/\/schema.org","@graph":[{"@type":"WebPage","@id":"https:\/\/www.welovecycling.com\/sk\/2025\/02\/22\/zimna-cyklistika-prekonaj-vyzvy-a-uzivaj-si-jazdu-aj-v-zime\/","url":"https:\/\/www.welovecycling.com\/sk\/2025\/02\/22\/zimna-cyklistika-prekonaj-vyzvy-a-uzivaj-si-jazdu-aj-v-zime\/","name":"Zimn\u00e1 cyklistika: Prekonaj v\u00fdzvy a u\u017e\u00edvaj si jazdu aj v zime - \u0160koda We Love Cycling Slovensko","isPartOf":{"@id":"https:\/\/www.welovecycling.com\/sk\/#website"},"primaryImageOfPage":{"@id":"https:\/\/www.welovecycling.com\/sk\/2025\/02\/22\/zimna-cyklistika-prekonaj-vyzvy-a-uzivaj-si-jazdu-aj-v-zime\/#primaryimage"},"image":{"@id":"https:\/\/www.welovecycling.com\/sk\/2025\/02\/22\/zimna-cyklistika-prekonaj-vyzvy-a-uzivaj-si-jazdu-aj-v-zime\/#primaryimage"},"thumbnailUrl":"https:\/\/d2p6e6u75xmxt8.cloudfront.net\/4\/2025\/02\/titulka-1.webp","datePublished":"2025-02-22T18:00:20+00:00","dateModified":"2025-02-22T18:02:30+00:00","author":{"@id":"https:\/\/www.welovecycling.com\/sk\/#\/schema\/person\/533b62b98b6c41bd5135ebfb1f742624"},"description":"Pri pomyslen\u00ed na zimn\u00e9 obdobie si len m\u00e1lo kto povie, \u017ee je ide\u00e1lny \u010das na cyklistiku. Ja ale r\u00e1d rob\u00edm veci tro\u0161ku inak.","breadcrumb":{"@id":"https:\/\/www.welovecycling.com\/sk\/2025\/02\/22\/zimna-cyklistika-prekonaj-vyzvy-a-uzivaj-si-jazdu-aj-v-zime\/#breadcrumb"},"inLanguage":"sk-SK","potentialAction":[{"@type":"ReadAction","target":["https:\/\/www.welovecycling.com\/sk\/2025\/02\/22\/zimna-cyklistika-prekonaj-vyzvy-a-uzivaj-si-jazdu-aj-v-zime\/"]}]},{"@type":"ImageObject","inLanguage":"sk-SK","@id":"https:\/\/www.welovecycling.com\/sk\/2025\/02\/22\/zimna-cyklistika-prekonaj-vyzvy-a-uzivaj-si-jazdu-aj-v-zime\/#primaryimage","url":"https:\/\/d2p6e6u75xmxt8.cloudfront.net\/4\/2025\/02\/titulka-1.webp","contentUrl":"https:\/\/d2p6e6u75xmxt8.cloudfront.net\/4\/2025\/02\/titulka-1.webp","width":990,"height":660},{"@type":"BreadcrumbList","@id":"https:\/\/www.welovecycling.com\/sk\/2025\/02\/22\/zimna-cyklistika-prekonaj-vyzvy-a-uzivaj-si-jazdu-aj-v-zime\/#breadcrumb","itemListElement":[{"@type":"ListItem","position":1,"name":"Home","item":"https:\/\/www.welovecycling.com\/sk\/"},{"@type":"ListItem","position":2,"name":"Zimn\u00e1 cyklistika: Prekonaj v\u00fdzvy a u\u017e\u00edvaj si jazdu aj v zime"}]},{"@type":"WebSite","@id":"https:\/\/www.welovecycling.com\/sk\/#website","url":"https:\/\/www.welovecycling.com\/sk\/","name":"\u0160koda We Love Cycling Slovensko","description":"\u0160koda We Love Cycling Slovensko je v\u00e1\u0161 ka\u017edodenn\u00fd zdroj noviniek a in\u0161pir\u00e1cie z sveta cyklistiky","potentialAction":[{"@type":"SearchAction","target":{"@type":"EntryPoint","urlTemplate":"https:\/\/www.welovecycling.com\/sk\/?s={search_term_string}"},"query-input":{"@type":"PropertyValueSpecification","valueRequired":true,"valueName":"search_term_string"}}],"inLanguage":"sk-SK"},{"@type":"Person","@id":"https:\/\/www.welovecycling.com\/sk\/#\/schema\/person\/533b62b98b6c41bd5135ebfb1f742624","name":"dominika","image":{"@type":"ImageObject","inLanguage":"sk-SK","@id":"https:\/\/www.welovecycling.com\/sk\/#\/schema\/person\/image\/","url":"https:\/\/secure.gravatar.com\/avatar\/ded6f274ba2ec3e17fff153f7d9d96a4b33c2cb63907f75d9a5309c599a7f3e6?s=96&d=mm&r=g","contentUrl":"https:\/\/secure.gravatar.com\/avatar\/ded6f274ba2ec3e17fff153f7d9d96a4b33c2cb63907f75d9a5309c599a7f3e6?s=96&d=mm&r=g","caption":"dominika"},"url":"https:\/\/www.welovecycling.com\/sk\/author\/dominika\/"}]}},"_links":{"self":[{"href":"https:\/\/www.welovecycling.com\/sk\/wp-json\/wp\/v2\/posts\/20090","targetHints":{"allow":["GET"]}}],"collection":[{"href":"https:\/\/www.welovecycling.com\/sk\/wp-json\/wp\/v2\/posts"}],"about":[{"href":"https:\/\/www.welovecycling.com\/sk\/wp-json\/wp\/v2\/types\/post"}],"author":[{"embeddable":true,"href":"https:\/\/www.welovecycling.com\/sk\/wp-json\/wp\/v2\/users\/172"}],"replies":[{"embeddable":true,"href":"https:\/\/www.welovecycling.com\/sk\/wp-json\/wp\/v2\/comments?post=20090"}],"version-history":[{"count":5,"href":"https:\/\/www.welovecycling.com\/sk\/wp-json\/wp\/v2\/posts\/20090\/revisions"}],"predecessor-version":[{"id":20110,"href":"https:\/\/www.welovecycling.com\/sk\/wp-json\/wp\/v2\/posts\/20090\/revisions\/20110"}],"wp:featuredmedia":[{"embeddable":true,"href":"https:\/\/www.welovecycling.com\/sk\/wp-json\/wp\/v2\/media\/20091"}],"wp:attachment":[{"href":"https:\/\/www.welovecycling.com\/sk\/wp-json\/wp\/v2\/media?parent=20090"}],"wp:term":[{"taxonomy":"category","embeddable":true,"href":"https:\/\/www.welovecycling.com\/sk\/wp-json\/wp\/v2\/categories?post=20090"},{"taxonomy":"post_tag","embeddable":true,"href":"https:\/\/www.welovecycling.com\/sk\/wp-json\/wp\/v2\/tags?post=20090"},{"taxonomy":"global-categories","embeddable":true,"href":"https:\/\/www.welovecycling.com\/sk\/wp-json\/wp\/v2\/global-categories?post=20090"}],"curies":[{"name":"wp","href":"https:\/\/api.w.org\/{rel}","templated":true}]}}