{"id":20057,"date":"2025-02-15T10:00:42","date_gmt":"2025-02-15T09:00:42","guid":{"rendered":"https:\/\/www.welovecycling.com\/sk\/?p=20057"},"modified":"2025-02-04T09:22:13","modified_gmt":"2025-02-04T08:22:13","slug":"najvacsie-cyklisticke-podujatia-vo-svete-a-u-nas-v-roku-2025","status":"publish","type":"post","link":"https:\/\/www.welovecycling.com\/sk\/2025\/02\/15\/najvacsie-cyklisticke-podujatia-vo-svete-a-u-nas-v-roku-2025\/","title":{"rendered":"Najv\u00e4\u010d\u0161ie cyklistick\u00e9 podujatia vo svete a u n\u00e1s v roku 2025"},"content":{"rendered":"<p><strong>C\u00edtite to aj vy? V\u00f4\u0148a jari, prv\u00e9 slne\u010dn\u00e9 dni, ke\u010f u\u017e nem\u00f4\u017eeme obsedie\u0165 doma a l\u00e1ka n\u00e1s to sadn\u00fa\u0165 znovu na bicykel. Len\u017ee to slnko je e\u0161te studen\u00e9, v\u0161ade je ve\u013ea blata a l\u00edstie je po zime riadne \u0161myk\u013eav\u00e9. Napriek tomu sa sez\u00f3na bl\u00ed\u017ei a rozhodne m\u00f4\u017eete za\u010da\u0165 f\u00faka\u0165 koles\u00e1 a maza\u0165 re\u0165aze. A aby sme si to \u010dakanie skr\u00e1tili, pozrime sa, ak\u00e9 cyklistick\u00e9 podujatia n\u00e1s tento rok \u010dakaj\u00fa.\u00a0<\/strong><!--more--><\/p>\n<h2><strong>16. 3. \u2013 23. 3. 2025 \u2013 Cape Epic<\/strong><\/h2>\n<p><span style=\"font-weight: 400;\">Absa Cape Epic s\u00fa preteky pr\u00edstupn\u00e9 pre profesion\u00e1lnych aj amat\u00e9rskych cyklistov, ktor\u00ed miluj\u00fa horsk\u00fa cyklistiku. <strong>Tu si m\u00f4\u017eete zmera\u0165 sily s olympijsk\u00fdm v\u00ed\u0165azom, ale aj s majstrom sveta<\/strong> \u2013 jedinou podmienkou je postavi\u0165 sa na \u0161tart s dokonalou kond\u00edciou. S\u00fa to etapov\u00e9 preteky v n\u00e1ro\u010dn\u00fdch podmienkach. Jazd\u00ed sa cca 20 km od Kapsk\u00e9ho Mesta, v jednej z najstar\u0161\u00edch vin\u00e1rskych usadlost\u00ed v Ju\u017enej Afrike.\u00a0<\/span><\/p>\n<h2><strong>23. 5. \u2013 25. 5. 2025 \u2013 Nov\u00e9 Mesto na Morave<\/strong><\/h2>\n<p><span style=\"font-weight: 400;\">Aj v novej sez\u00f3ne bude toto podujatie z\u00e1rukou vysokej \u00farovne pretekov na horsk\u00fdch bicykloch. <strong>Nebud\u00fa ch\u00fdba\u0165 \u0161pi\u010dkov\u00fd pretek\u00e1ri a svoju \u00fa\u010das\u0165 u\u017e potvrdil aj Mathieu van der Poel.<\/strong> Nebude to v\u0161ak jeho prv\u00e1 \u00fa\u010das\u0165, preto\u017ee na tejto trati pretekal e\u0161te po\u010das covidov\u00e9ho roku 2021, ke\u010f sa pretekalo bez div\u00e1kov. Zo \u017eien sa m\u00f4\u017eeme te\u0161i\u0165 na Lauru Stigger, Alessandru Keller \u010di Jenny Rissveds.\u00a0<\/span><\/p>\n<h2><strong>9. 5. \u2013 1. 6. 2025 \u2013 Giro d&#8217;Italia<\/strong><\/h2>\n<p><span style=\"font-weight: 400;\">Po\u010das m\u00e1jov\u00fdch dn\u00ed sa mnoh\u00e9 talianske mest\u00e1 zafarbia doru\u017eova. D\u00f4vodom bude samozrejme Giro d&#8217;Italia. Za\u010diatkom janu\u00e1ra usporiadatelia zverejnili trate a jednotliv\u00e9 etapy pre tento rok. <strong>Etapy bud\u00fa ma\u0165 d\u013a\u017eku v priemere 165 km denne a celkov\u00e1 d\u013a\u017eka bude 3413,3 km.<\/strong> Pretek\u00e1rov \u010dak\u00e1 \u00factyhodn\u00e9 prev\u00fd\u0161enie 52 500 metrov.\u00a0<\/span><\/p>\n<h2><strong>5. 7. \u2013 27. 7. 2025 \u2013 Tour de France<\/strong><\/h2>\n<p><span style=\"font-weight: 400;\">Po skon\u010den\u00ed Giro d&#8217;Italia bude pre fan\u00fa\u0161ikov aj pretek\u00e1rov nasledova\u0165 mesiac oddychu a potom tu m\u00e1me udalos\u0165 roka. U\u017e 112. ro\u010dn\u00edk etapov\u00fdch cyklistick\u00fdch pretekov bude \u0161tartova\u0165 na severe Franc\u00fazska v meste Lille. <strong>Pretek\u00e1rov \u010dak\u00e1 21 et\u00e1p a celkov\u00e1 d\u013a\u017eka pretekov bude 3320 km,<\/strong> \u010do je o nie\u010do menej ako minul\u00fd rok. Tentokr\u00e1t sa bude jazdi\u0165 v\u00fdlu\u010dne na \u00fazem\u00ed Franc\u00fazska, \u010do je tie\u017e zmena v porovnan\u00ed s troma posledn\u00fdmi ed\u00edciami.\u00a0<\/span><\/p>\n<h2><strong>26. 7. \u2013 3. 8. 2025 \u2013 Tour de France Femmes<\/strong><\/h2>\n<p><span style=\"font-weight: 400;\">De\u0148 pred skon\u010den\u00edm mu\u017eskej Tour de France a pred jej ve\u013ek\u00fdm z\u00e1verom na Elyzejsk\u00fdch poliach od\u0161tartuje aj <a href=\"https:\/\/www.youtube.com\/watch?v=ECoX7eC03eQ\" target=\"_blank\" rel=\"noopener\">\u017eensk\u00e1 \u010das\u0165 pretekov<\/a>. Ich \u0161tvrt\u00e1 ed\u00edcia od\u0161tartuje v Bret\u00f3nsku. \u00davodn\u00e1 etapa bude v srdci departementu Morbihan a druh\u00e1 v susednom departemente Finist\u00e8re. Ide o prv\u00e9 podujatie, ktor\u00e9 sa rozhodlo ucti\u0165 si regi\u00f3n s tak hlbok\u00fdmi cyklistick\u00fdmi kore\u0148mi. <strong>\u017deny \u010dak\u00e1 po prv\u00fdkr\u00e1t 9 et\u00e1p.\u00a0<\/strong><\/span><\/p>\n<h2><strong>23. 8. \u2013 14. 9. 2025 \u2013 La Vuelta<\/strong><\/h2>\n<p><span style=\"font-weight: 400;\">Tretia Grand Tour sez\u00f3ny bude svoj jubilejn\u00fd 90. ro\u010dn\u00edk \u0161tartova\u0165 prv\u00fdkr\u00e1t v hist\u00f3rii v Taliansku. Malebn\u00fd kraj Piemont obklopen\u00fd Alpami sa stane dejiskom \u00favodn\u00fdch troch et\u00e1p a potom sa pelot\u00f3n presunie do \u0160panielska. <strong>Celkovo sa odjazd\u00ed 21 et\u00e1p a 3151 km.<\/strong> Jazdci bud\u00fa ma\u0165 k dispoz\u00edcii len dva oddychov\u00e9 dni.\u00a0<\/span><\/p>\n<h2><strong>23. 8. \u2013 24. 8. 2025 \u2013 L&#8217;etape Slovakia<\/strong><\/h2>\n<p><span style=\"font-weight: 400;\">Prv\u00fd de\u0148 pretekov je u\u017e tradi\u010dne venovan\u00fd Kids Race a Family Ride.<strong> T\u00e1to rodinn\u00e1 tra\u0165 bude ma\u0165 d\u013a\u017eku 30 km a v\u0161etky \u0161portovo zalo\u017een\u00e9 rodiny s\u00fa v\u00edtan\u00e9.<\/strong> Nasleduj\u00faci de\u0148 na n\u00e1s u\u017e \u010dak\u00e1 skuto\u010dn\u00fd z\u00e1\u017eitok svetov\u00e9ho form\u00e1tu, a to 5. ro\u010dn\u00edk pretekov pod hlavi\u010dkou Tour de France. Pripraven\u00e9 bud\u00fa dve trate \u2013 dlh\u00e1 tra\u0165 v d\u013a\u017eke 112 km a s prev\u00fd\u0161en\u00edm 1700 m, t\u00e1 krat\u0161ia bude ma\u0165 60 km a prev\u00fd\u0161enie 900 m.\u00a0<\/span><\/p>\n<h2><strong>12. 4. \u2013 13. 9. 2025 \u2013 \u0160koda Bike Open Tour<\/strong><\/h2>\n<p><span style=\"font-weight: 400;\">Nesmieme zabudn\u00fa\u0165 na ve\u013ek\u00fa udalos\u0165, ktor\u00e1 sa po\u010das celej sez\u00f3ny kon\u00e1 na Slovensku \u2013 a tou je s\u00e9ria marat\u00f3nov <a href=\"https:\/\/www.welovecycling.com\/sk\/category\/sbot\/\" target=\"_blank\" rel=\"noopener\">\u0160koda Bike Open Tour<\/a>. Jazdi\u0165 sa bude v lokalit\u00e1ch ako je Sv\u00e4t\u00fd Jur, Rajeck\u00e9 Teplice, Topo\u013e\u010dianky, Svit, Stupava a jedine po\u010das tejto udalosti m\u00e1te <strong>mo\u017enos\u0165 zajazdi\u0165 si aj v Slovenskom raji, ktor\u00fd je inak pre cyklistov nepr\u00edstupn\u00fd.\u00a0<\/strong><\/span><\/p>\n<p><span style=\"font-weight: 400;\">V\u00fdber na tento rok je rozhodne zauj\u00edmav\u00fd, ponuka bohat\u00e1 a je len na v\u00e1s, ktor\u00e9 podujatia budete sledova\u0165, alebo ktor\u00fdch sa rozhodnete aj z\u00fa\u010dastni\u0165 a za\u017ei\u0165 atmosf\u00e9ru na vlastnej ko\u017ei. Prajeme nech sa v\u00e1m sez\u00f3na 2025 rozhodne vydar\u00ed.<\/span><\/p>\n","protected":false},"excerpt":{"rendered":"<p>C\u00edtite to aj vy? V\u00f4\u0148a jari, prv\u00e9 slne\u010dn\u00e9 dni, ke\u010f u\u017e nem\u00f4\u017eeme obsedie\u0165 doma a l\u00e1ka n\u00e1s to sadn\u00fa\u0165 znovu [&hellip;]<\/p>\n","protected":false},"author":172,"featured_media":20058,"comment_status":"closed","ping_status":"closed","sticky":false,"template":"","format":"standard","meta":{"footnotes":""},"categories":[34],"tags":[619,115,546,331,180,532,178,931,37,179,885,474,1643,523],"global-categories":[1074],"class_list":["post-20057","post","type-post","status-publish","format-standard","has-post-thumbnail","hentry","category-podujatia","tag-bicyklovanie","tag-cestna-cyklistika","tag-cyklistika","tag-etapove-preteky","tag-horska-cyklistika","tag-jazdenie","tag-maraton","tag-odporucame","tag-podujatia","tag-preteky","tag-profesional","tag-rodinny-maraton","tag-sezona-2025","tag-slovensko","global-categories-cycling"],"yoast_head":"<!-- This site is optimized with the Yoast SEO Premium plugin v25.3 (Yoast SEO v25.9) - https:\/\/yoast.com\/wordpress\/plugins\/seo\/ -->\n<title>Najv\u00e4\u010d\u0161ie cyklistick\u00e9 podujatia vo svete a u n\u00e1s v roku 2025 - \u0160koda We Love Cycling Slovensko<\/title>\n<meta name=\"description\" content=\"Nov\u00e1 sez\u00f3na n\u00e1s u\u017e l\u00e1ka, no podmienky st\u00e1le nie s\u00fa ide\u00e1lne. Po\u010fme si \u010dakanie spr\u00edjemni\u0165 preh\u013eadom toho, \u010do n\u00e1s tento rok \u010dak\u00e1.\" \/>\n<meta name=\"robots\" content=\"index, follow, max-snippet:-1, max-image-preview:large, max-video-preview:-1\" \/>\n<link rel=\"canonical\" href=\"https:\/\/www.welovecycling.com\/sk\/2025\/02\/15\/najvacsie-cyklisticke-podujatia-vo-svete-a-u-nas-v-roku-2025\/\" \/>\n<meta property=\"og:locale\" content=\"sk_SK\" \/>\n<meta property=\"og:type\" content=\"article\" \/>\n<meta property=\"og:title\" content=\"Najv\u00e4\u010d\u0161ie cyklistick\u00e9 podujatia vo svete a u n\u00e1s v roku 2025\" \/>\n<meta property=\"og:description\" content=\"Nov\u00e1 sez\u00f3na n\u00e1s u\u017e l\u00e1ka, no podmienky st\u00e1le nie s\u00fa ide\u00e1lne. Po\u010fme si \u010dakanie spr\u00edjemni\u0165 preh\u013eadom toho, \u010do n\u00e1s tento rok \u010dak\u00e1.\" \/>\n<meta property=\"og:url\" content=\"https:\/\/www.welovecycling.com\/sk\/2025\/02\/15\/najvacsie-cyklisticke-podujatia-vo-svete-a-u-nas-v-roku-2025\/\" \/>\n<meta property=\"og:site_name\" content=\"\u0160koda We Love Cycling Slovensko\" \/>\n<meta property=\"article:published_time\" content=\"2025-02-15T09:00:42+00:00\" \/>\n<meta property=\"og:image\" content=\"https:\/\/d2p6e6u75xmxt8.cloudfront.net\/4\/2025\/02\/titulka.webp\" \/>\n\t<meta property=\"og:image:width\" content=\"990\" \/>\n\t<meta property=\"og:image:height\" content=\"660\" \/>\n\t<meta property=\"og:image:type\" content=\"image\/webp\" \/>\n<meta name=\"author\" content=\"dominika\" \/>\n<meta name=\"twitter:card\" content=\"summary_large_image\" \/>\n<meta name=\"twitter:label1\" content=\"Written by\" \/>\n\t<meta name=\"twitter:data1\" content=\"Radovan Vr\u0161ka\" \/>\n\t<meta name=\"twitter:label2\" content=\"Est. reading time\" \/>\n\t<meta name=\"twitter:data2\" content=\"3\" \/>\n<script type=\"application\/ld+json\" class=\"yoast-schema-graph\">{\"@context\":\"https:\/\/schema.org\",\"@graph\":[{\"@type\":\"WebPage\",\"@id\":\"https:\/\/www.welovecycling.com\/sk\/2025\/02\/15\/najvacsie-cyklisticke-podujatia-vo-svete-a-u-nas-v-roku-2025\/\",\"url\":\"https:\/\/www.welovecycling.com\/sk\/2025\/02\/15\/najvacsie-cyklisticke-podujatia-vo-svete-a-u-nas-v-roku-2025\/\",\"name\":\"Najv\u00e4\u010d\u0161ie cyklistick\u00e9 podujatia vo svete a u n\u00e1s v roku 2025 - \u0160koda We Love Cycling Slovensko\",\"isPartOf\":{\"@id\":\"https:\/\/www.welovecycling.com\/sk\/#website\"},\"primaryImageOfPage\":{\"@id\":\"https:\/\/www.welovecycling.com\/sk\/2025\/02\/15\/najvacsie-cyklisticke-podujatia-vo-svete-a-u-nas-v-roku-2025\/#primaryimage\"},\"image\":{\"@id\":\"https:\/\/www.welovecycling.com\/sk\/2025\/02\/15\/najvacsie-cyklisticke-podujatia-vo-svete-a-u-nas-v-roku-2025\/#primaryimage\"},\"thumbnailUrl\":\"https:\/\/d2p6e6u75xmxt8.cloudfront.net\/4\/2025\/02\/titulka.webp\",\"datePublished\":\"2025-02-15T09:00:42+00:00\",\"author\":{\"@id\":\"https:\/\/www.welovecycling.com\/sk\/#\/schema\/person\/533b62b98b6c41bd5135ebfb1f742624\"},\"description\":\"Nov\u00e1 sez\u00f3na n\u00e1s u\u017e l\u00e1ka, no podmienky st\u00e1le nie s\u00fa ide\u00e1lne. Po\u010fme si \u010dakanie spr\u00edjemni\u0165 preh\u013eadom toho, \u010do n\u00e1s tento rok \u010dak\u00e1.\",\"breadcrumb\":{\"@id\":\"https:\/\/www.welovecycling.com\/sk\/2025\/02\/15\/najvacsie-cyklisticke-podujatia-vo-svete-a-u-nas-v-roku-2025\/#breadcrumb\"},\"inLanguage\":\"sk-SK\",\"potentialAction\":[{\"@type\":\"ReadAction\",\"target\":[\"https:\/\/www.welovecycling.com\/sk\/2025\/02\/15\/najvacsie-cyklisticke-podujatia-vo-svete-a-u-nas-v-roku-2025\/\"]}]},{\"@type\":\"ImageObject\",\"inLanguage\":\"sk-SK\",\"@id\":\"https:\/\/www.welovecycling.com\/sk\/2025\/02\/15\/najvacsie-cyklisticke-podujatia-vo-svete-a-u-nas-v-roku-2025\/#primaryimage\",\"url\":\"https:\/\/d2p6e6u75xmxt8.cloudfront.net\/4\/2025\/02\/titulka.webp\",\"contentUrl\":\"https:\/\/d2p6e6u75xmxt8.cloudfront.net\/4\/2025\/02\/titulka.webp\",\"width\":990,\"height\":660,\"caption\":\"cyklisti na \u0161tarte pretekov\"},{\"@type\":\"BreadcrumbList\",\"@id\":\"https:\/\/www.welovecycling.com\/sk\/2025\/02\/15\/najvacsie-cyklisticke-podujatia-vo-svete-a-u-nas-v-roku-2025\/#breadcrumb\",\"itemListElement\":[{\"@type\":\"ListItem\",\"position\":1,\"name\":\"Home\",\"item\":\"https:\/\/www.welovecycling.com\/sk\/\"},{\"@type\":\"ListItem\",\"position\":2,\"name\":\"Najv\u00e4\u010d\u0161ie cyklistick\u00e9 podujatia vo svete a u n\u00e1s v roku 2025\"}]},{\"@type\":\"WebSite\",\"@id\":\"https:\/\/www.welovecycling.com\/sk\/#website\",\"url\":\"https:\/\/www.welovecycling.com\/sk\/\",\"name\":\"\u0160koda We Love Cycling Slovensko\",\"description\":\"\u0160koda We Love Cycling Slovensko je v\u00e1\u0161 ka\u017edodenn\u00fd zdroj noviniek a in\u0161pir\u00e1cie z sveta cyklistiky\",\"potentialAction\":[{\"@type\":\"SearchAction\",\"target\":{\"@type\":\"EntryPoint\",\"urlTemplate\":\"https:\/\/www.welovecycling.com\/sk\/?s={search_term_string}\"},\"query-input\":{\"@type\":\"PropertyValueSpecification\",\"valueRequired\":true,\"valueName\":\"search_term_string\"}}],\"inLanguage\":\"sk-SK\"},{\"@type\":\"Person\",\"@id\":\"https:\/\/www.welovecycling.com\/sk\/#\/schema\/person\/533b62b98b6c41bd5135ebfb1f742624\",\"name\":\"dominika\",\"image\":{\"@type\":\"ImageObject\",\"inLanguage\":\"sk-SK\",\"@id\":\"https:\/\/www.welovecycling.com\/sk\/#\/schema\/person\/image\/\",\"url\":\"https:\/\/secure.gravatar.com\/avatar\/ded6f274ba2ec3e17fff153f7d9d96a4b33c2cb63907f75d9a5309c599a7f3e6?s=96&d=mm&r=g\",\"contentUrl\":\"https:\/\/secure.gravatar.com\/avatar\/ded6f274ba2ec3e17fff153f7d9d96a4b33c2cb63907f75d9a5309c599a7f3e6?s=96&d=mm&r=g\",\"caption\":\"dominika\"},\"url\":\"https:\/\/www.welovecycling.com\/sk\/author\/dominika\/\"}]}<\/script>\n<!-- \/ Yoast SEO Premium plugin. -->","yoast_head_json":{"title":"Najv\u00e4\u010d\u0161ie cyklistick\u00e9 podujatia vo svete a u n\u00e1s v roku 2025 - \u0160koda We Love Cycling Slovensko","description":"Nov\u00e1 sez\u00f3na n\u00e1s u\u017e l\u00e1ka, no podmienky st\u00e1le nie s\u00fa ide\u00e1lne. Po\u010fme si \u010dakanie spr\u00edjemni\u0165 preh\u013eadom toho, \u010do n\u00e1s tento rok \u010dak\u00e1.","robots":{"index":"index","follow":"follow","max-snippet":"max-snippet:-1","max-image-preview":"max-image-preview:large","max-video-preview":"max-video-preview:-1"},"canonical":"https:\/\/www.welovecycling.com\/sk\/2025\/02\/15\/najvacsie-cyklisticke-podujatia-vo-svete-a-u-nas-v-roku-2025\/","og_locale":"sk_SK","og_type":"article","og_title":"Najv\u00e4\u010d\u0161ie cyklistick\u00e9 podujatia vo svete a u n\u00e1s v roku 2025","og_description":"Nov\u00e1 sez\u00f3na n\u00e1s u\u017e l\u00e1ka, no podmienky st\u00e1le nie s\u00fa ide\u00e1lne. Po\u010fme si \u010dakanie spr\u00edjemni\u0165 preh\u013eadom toho, \u010do n\u00e1s tento rok \u010dak\u00e1.","og_url":"https:\/\/www.welovecycling.com\/sk\/2025\/02\/15\/najvacsie-cyklisticke-podujatia-vo-svete-a-u-nas-v-roku-2025\/","og_site_name":"\u0160koda We Love Cycling Slovensko","article_published_time":"2025-02-15T09:00:42+00:00","og_image":[{"width":990,"height":660,"url":"https:\/\/d2p6e6u75xmxt8.cloudfront.net\/4\/2025\/02\/titulka.webp","type":"image\/webp"}],"author":"dominika","twitter_card":"summary_large_image","twitter_misc":{"Written by":"Radovan Vr\u0161ka","Est. reading time":"3"},"schema":{"@context":"https:\/\/schema.org","@graph":[{"@type":"WebPage","@id":"https:\/\/www.welovecycling.com\/sk\/2025\/02\/15\/najvacsie-cyklisticke-podujatia-vo-svete-a-u-nas-v-roku-2025\/","url":"https:\/\/www.welovecycling.com\/sk\/2025\/02\/15\/najvacsie-cyklisticke-podujatia-vo-svete-a-u-nas-v-roku-2025\/","name":"Najv\u00e4\u010d\u0161ie cyklistick\u00e9 podujatia vo svete a u n\u00e1s v roku 2025 - \u0160koda We Love Cycling Slovensko","isPartOf":{"@id":"https:\/\/www.welovecycling.com\/sk\/#website"},"primaryImageOfPage":{"@id":"https:\/\/www.welovecycling.com\/sk\/2025\/02\/15\/najvacsie-cyklisticke-podujatia-vo-svete-a-u-nas-v-roku-2025\/#primaryimage"},"image":{"@id":"https:\/\/www.welovecycling.com\/sk\/2025\/02\/15\/najvacsie-cyklisticke-podujatia-vo-svete-a-u-nas-v-roku-2025\/#primaryimage"},"thumbnailUrl":"https:\/\/d2p6e6u75xmxt8.cloudfront.net\/4\/2025\/02\/titulka.webp","datePublished":"2025-02-15T09:00:42+00:00","author":{"@id":"https:\/\/www.welovecycling.com\/sk\/#\/schema\/person\/533b62b98b6c41bd5135ebfb1f742624"},"description":"Nov\u00e1 sez\u00f3na n\u00e1s u\u017e l\u00e1ka, no podmienky st\u00e1le nie s\u00fa ide\u00e1lne. Po\u010fme si \u010dakanie spr\u00edjemni\u0165 preh\u013eadom toho, \u010do n\u00e1s tento rok \u010dak\u00e1.","breadcrumb":{"@id":"https:\/\/www.welovecycling.com\/sk\/2025\/02\/15\/najvacsie-cyklisticke-podujatia-vo-svete-a-u-nas-v-roku-2025\/#breadcrumb"},"inLanguage":"sk-SK","potentialAction":[{"@type":"ReadAction","target":["https:\/\/www.welovecycling.com\/sk\/2025\/02\/15\/najvacsie-cyklisticke-podujatia-vo-svete-a-u-nas-v-roku-2025\/"]}]},{"@type":"ImageObject","inLanguage":"sk-SK","@id":"https:\/\/www.welovecycling.com\/sk\/2025\/02\/15\/najvacsie-cyklisticke-podujatia-vo-svete-a-u-nas-v-roku-2025\/#primaryimage","url":"https:\/\/d2p6e6u75xmxt8.cloudfront.net\/4\/2025\/02\/titulka.webp","contentUrl":"https:\/\/d2p6e6u75xmxt8.cloudfront.net\/4\/2025\/02\/titulka.webp","width":990,"height":660,"caption":"cyklisti na \u0161tarte pretekov"},{"@type":"BreadcrumbList","@id":"https:\/\/www.welovecycling.com\/sk\/2025\/02\/15\/najvacsie-cyklisticke-podujatia-vo-svete-a-u-nas-v-roku-2025\/#breadcrumb","itemListElement":[{"@type":"ListItem","position":1,"name":"Home","item":"https:\/\/www.welovecycling.com\/sk\/"},{"@type":"ListItem","position":2,"name":"Najv\u00e4\u010d\u0161ie cyklistick\u00e9 podujatia vo svete a u n\u00e1s v roku 2025"}]},{"@type":"WebSite","@id":"https:\/\/www.welovecycling.com\/sk\/#website","url":"https:\/\/www.welovecycling.com\/sk\/","name":"\u0160koda We Love Cycling Slovensko","description":"\u0160koda We Love Cycling Slovensko je v\u00e1\u0161 ka\u017edodenn\u00fd zdroj noviniek a in\u0161pir\u00e1cie z sveta cyklistiky","potentialAction":[{"@type":"SearchAction","target":{"@type":"EntryPoint","urlTemplate":"https:\/\/www.welovecycling.com\/sk\/?s={search_term_string}"},"query-input":{"@type":"PropertyValueSpecification","valueRequired":true,"valueName":"search_term_string"}}],"inLanguage":"sk-SK"},{"@type":"Person","@id":"https:\/\/www.welovecycling.com\/sk\/#\/schema\/person\/533b62b98b6c41bd5135ebfb1f742624","name":"dominika","image":{"@type":"ImageObject","inLanguage":"sk-SK","@id":"https:\/\/www.welovecycling.com\/sk\/#\/schema\/person\/image\/","url":"https:\/\/secure.gravatar.com\/avatar\/ded6f274ba2ec3e17fff153f7d9d96a4b33c2cb63907f75d9a5309c599a7f3e6?s=96&d=mm&r=g","contentUrl":"https:\/\/secure.gravatar.com\/avatar\/ded6f274ba2ec3e17fff153f7d9d96a4b33c2cb63907f75d9a5309c599a7f3e6?s=96&d=mm&r=g","caption":"dominika"},"url":"https:\/\/www.welovecycling.com\/sk\/author\/dominika\/"}]}},"_links":{"self":[{"href":"https:\/\/www.welovecycling.com\/sk\/wp-json\/wp\/v2\/posts\/20057","targetHints":{"allow":["GET"]}}],"collection":[{"href":"https:\/\/www.welovecycling.com\/sk\/wp-json\/wp\/v2\/posts"}],"about":[{"href":"https:\/\/www.welovecycling.com\/sk\/wp-json\/wp\/v2\/types\/post"}],"author":[{"embeddable":true,"href":"https:\/\/www.welovecycling.com\/sk\/wp-json\/wp\/v2\/users\/172"}],"replies":[{"embeddable":true,"href":"https:\/\/www.welovecycling.com\/sk\/wp-json\/wp\/v2\/comments?post=20057"}],"version-history":[{"count":3,"href":"https:\/\/www.welovecycling.com\/sk\/wp-json\/wp\/v2\/posts\/20057\/revisions"}],"predecessor-version":[{"id":20061,"href":"https:\/\/www.welovecycling.com\/sk\/wp-json\/wp\/v2\/posts\/20057\/revisions\/20061"}],"wp:featuredmedia":[{"embeddable":true,"href":"https:\/\/www.welovecycling.com\/sk\/wp-json\/wp\/v2\/media\/20058"}],"wp:attachment":[{"href":"https:\/\/www.welovecycling.com\/sk\/wp-json\/wp\/v2\/media?parent=20057"}],"wp:term":[{"taxonomy":"category","embeddable":true,"href":"https:\/\/www.welovecycling.com\/sk\/wp-json\/wp\/v2\/categories?post=20057"},{"taxonomy":"post_tag","embeddable":true,"href":"https:\/\/www.welovecycling.com\/sk\/wp-json\/wp\/v2\/tags?post=20057"},{"taxonomy":"global-categories","embeddable":true,"href":"https:\/\/www.welovecycling.com\/sk\/wp-json\/wp\/v2\/global-categories?post=20057"}],"curies":[{"name":"wp","href":"https:\/\/api.w.org\/{rel}","templated":true}]}}