{"id":20025,"date":"2025-01-21T10:00:13","date_gmt":"2025-01-21T09:00:13","guid":{"rendered":"https:\/\/www.welovecycling.com\/sk\/?p=20025"},"modified":"2025-01-13T14:16:42","modified_gmt":"2025-01-13T13:16:42","slug":"co-som-zistil-ked-som-ucil-svoju-dceru-jazdit-na-bicykli","status":"publish","type":"post","link":"https:\/\/www.welovecycling.com\/sk\/2025\/01\/21\/co-som-zistil-ked-som-ucil-svoju-dceru-jazdit-na-bicykli\/","title":{"rendered":"\u010co som zistil, ke\u010f som u\u010dil svoju dc\u00e9ru jazdi\u0165 na bicykli"},"content":{"rendered":"<p><strong>Te\u0161\u00edte sa, \u017ee va\u0161e die\u0165a za\u010dne jazdi\u0165 na bicykli? Pre\u010d\u00edtali ste si v\u0161etky in\u0161trukt\u00e1\u017ene pr\u00edru\u010dky a teraz u\u017e len \u010dak\u00e1te na vhodn\u00e9 po\u010dasie, aby ste mohli tr\u00e1vi\u0165 spolo\u010dn\u00e9 chv\u00edle na bicykloch? Nenechajte sa odradi\u0165, ak veci nejd\u00fa pod\u013ea pl\u00e1nu.<\/strong><\/p>\n<p style=\"font-weight: 400;\"><!--more--><\/p>\n<p><span style=\"font-weight: 400;\">Ke\u010f sa mi narodila dc\u00e9ra Adina, bol som presved\u010den\u00fd, \u017ee bude cyklistkou. Dc\u00e9ra cyklistu mus\u00ed milova\u0165 bicykle, v\u0161ak? Alebo m\u00f4\u017ee ma\u0165 aj in\u00e9 z\u00e1ujmy?\u00a0<\/span><a href=\"https:\/\/d2p6e6u75xmxt8.cloudfront.net\/4\/2025\/01\/Adam-Adina-CVR.webp\"><br \/>\n<\/a><\/p>\n<p><span style=\"font-weight: 400;\">V\u0161etci mi hovorili, aby som na to ve\u013emi netla\u010dil, tak som ich posl\u00fachol. Ale priznajme si to \u2013 ka\u017ed\u00fd cyklista d\u00fafa, \u017ee jeho deti bud\u00fa tie\u017e zdie\u013ea\u0165 jeho v\u00e1\u0161e\u0148.\u00a0<\/span><a href=\"https:\/\/d2p6e6u75xmxt8.cloudfront.net\/4\/2025\/01\/Adam-Adina-CVR.webp\"><br \/>\n<\/a><\/p>\n<p><span style=\"font-weight: 400;\">Te\u0161\u00edte sa na spolo\u010dn\u00e9 jazdenie a viete, \u017ee bude potrebn\u00fd ur\u010dit\u00fd \u010das, k\u00fdm zvl\u00e1dnu svoje cyklistick\u00e9 za\u010diatky. Na opl\u00e1tku o\u010dak\u00e1vate pokrok \u2013 nie hne\u010f obrovsk\u00e9 kroky, ale aspo\u0148 nejak\u00e9. <strong>Ale v na\u0161om pr\u00edpade pokrok jednoducho nepri\u0161iel.<\/strong> Nep\u00ed\u0161em to preto, aby som sa s\u0165a\u017eoval, ale aby som ute\u0161il ostatn\u00fdch otcov s podobn\u00fdmi sk\u00fasenos\u0165ami, \u017ee v tom nie s\u00fa sami.<\/span><a href=\"https:\/\/d2p6e6u75xmxt8.cloudfront.net\/4\/2025\/01\/Adam-Adina-CVR.webp\"><br \/>\n<\/a><\/p>\n<p><span style=\"font-weight: 400;\">Ke\u010f mala Adina rok a pol, kamar\u00e1t mi dal detsk\u00fa seda\u010dku, ktor\u00e1 sa pripevnila na predn\u00fa \u010das\u0165 bicykla. To jej umo\u017enilo sedie\u0165 vpredu a u\u017e\u00edva\u0165 si jazdu ove\u013ea viac ako deti, ktor\u00e9 sedia za rodi\u010dmi a h\u013eadia im na chrb\u00e1t. Spolu sme si u\u017eili dlh\u00e9 jazdy. R\u00e1d som sa o t\u00fato sk\u00fasenos\u0165 podelil a bolo zrejm\u00e9, \u017ee aj jej sa to p\u00e1\u010dilo. <strong>Na moje prekvapenie bolo jedno z jej prv\u00fdch slov \u201ebicykel\u201c.<\/strong><\/span><\/p>\n<p><span style=\"font-weight: 400;\"><em> \u201eBike!\u201c<\/em> kri\u010dala v\u017edy, ke\u010f som si za\u010dal oblieka\u0165 cyklistick\u00e9 vybavenie a aj ona okam\u017eite be\u017eala po svoju prilbu. Vrcholom na\u0161ich \u201etandemov\u00fdch\u201c dn\u00ed bola \u00fa\u010das\u0165 na rodinn\u00fdch cyklistick\u00fdch pretekoch, kde sme ako jedin\u00e9 duo jazdili na jednom bicykli.<\/span><\/p>\n<p style=\"font-weight: 400;\"><a href=\"https:\/\/d2p6e6u75xmxt8.cloudfront.net\/4\/2025\/01\/Adam-Adina-CVR.webp\"><img loading=\"lazy\" decoding=\"async\" class=\"alignnone size-full wp-image-20026\" src=\"https:\/\/d2p6e6u75xmxt8.cloudfront.net\/4\/2025\/01\/Adam-Adina-CVR.webp\" alt=\"Cycling with a child\" width=\"990\" height=\"660\" srcset=\"https:\/\/d2p6e6u75xmxt8.cloudfront.net\/4\/2025\/01\/Adam-Adina-CVR.webp 990w, https:\/\/d2p6e6u75xmxt8.cloudfront.net\/4\/2025\/01\/Adam-Adina-CVR-300x200.webp 300w, https:\/\/d2p6e6u75xmxt8.cloudfront.net\/4\/2025\/01\/Adam-Adina-CVR-768x512.webp 768w, https:\/\/d2p6e6u75xmxt8.cloudfront.net\/4\/2025\/01\/Adam-Adina-CVR-400x267.webp 400w, https:\/\/d2p6e6u75xmxt8.cloudfront.net\/4\/2025\/01\/Adam-Adina-CVR-272x182.webp 272w\" sizes=\"auto, (max-width: 990px) 100vw, 990px\" \/><\/a><\/p>\n<h2><strong>Odr\u00e1\u017eadlo?<\/strong><\/h2>\n<p><span style=\"font-weight: 400;\">\u010eal\u0161\u00edm logick\u00fdm krokom bolo odr\u00e1\u017eadlo, ktor\u00e9 u\u010d\u00ed deti riadi\u0165 a udr\u017eiava\u0165 rovnov\u00e1hu. K\u00fapili sme v\u0161estrann\u00fd model, ktor\u00fd sa dal prerobi\u0165 z trojkolky na dvojkolesov\u00fd, ako postupne r\u00e1stla.\u00a0<\/span><\/p>\n<p><span style=\"font-weight: 400;\">Za\u010dal som ho so sebou nosi\u0165 na prech\u00e1dzky a pon\u00fakal som jej ho v\u017edy, ke\u010f sa podmienky alebo jej n\u00e1lada zdali by\u0165 vhodn\u00e9. <strong>Sama sa ve\u013emi nechcela vozi\u0165, tak som ju namiesto toho \u010dasto tla\u010dil.<\/strong> Ale ak m\u00e1m by\u0165 \u00faprimn\u00fd, viac ju zauj\u00edmali kamene na ceste alebo mot\u00fdle poletuj\u00face okolo \u2013 no nevadilo mi to. Prech\u00e1dzky s \u0148ou som si u\u017eil, ale pokrok na odr\u00e1\u017eadle \u017eiaden.<\/span><\/p>\n<p><span style=\"font-weight: 400;\">Ke\u010f okolo n\u00e1s prebehli in\u00e9 deti na odr\u00e1\u017eadl\u00e1ch, Adina zostala bez z\u00e1ujmu. Nakoniec sme ho na prech\u00e1dzky prestali nosi\u0165. Ak mi pr\u00e1ve teraz chcete odk\u00e1za\u0165, \u017ee som to nemal vzda\u0165, tak vedzte, \u017ee som sa naozaj nevzdal.\u00a0<\/span><\/p>\n<h2><strong>Prv\u00fd bicykel<\/strong><\/h2>\n<p><span style=\"font-weight: 400;\">Hne\u010f na jar, ke\u010f mala tri a pol roka, dostala bicykel s pomocn\u00fdmi kolieskami. Adine sa to p\u00e1\u010dilo! <strong>Bol ru\u017eov\u00fd a aby som ju e\u0161te viac motivoval, pridal som jej vpredu aj vzadu ko\u0161\u00edk na hra\u010dky a svetielka.<\/strong> Nemohol som sa do\u010dka\u0165, kedy ju vezmem do parku. Jej prilbu zdobia n\u00e1lepky Labkovej patroly. Dychtivo si zbalila do ko\u0161\u00edka morsk\u00fa pannu Ariel a pon\u00edka, ale trvala na tom, \u017ee namiesto \u0161portov\u00e9ho oble\u010denia bude nosi\u0165 kvetinov\u00e9 \u0161aty. <em>\u201eIdeme na piknik!\u201c<\/em> te\u0161ila sa.<\/span><\/p>\n<p><span style=\"font-weight: 400;\">\u010coskoro sa uk\u00e1zalo, \u017ee jej ch\u00fdbaj\u00fa z\u00e1klady, ktor\u00e9 sa mala nau\u010di\u0165 na odr\u00e1\u017eadle. Namiesto toho, aby sa s\u00fastredila na cestu, jej pozornos\u0165 bl\u00fadila a ka\u017ed\u00fd mierny zjazd ju znerv\u00f3z\u0148oval. Riadenie bolo jej najv\u00e4\u010d\u0161\u00edm probl\u00e9mom, \u010do viedlo k dvom p\u00e1dom. Zaka\u017ed\u00fdm som ju ute\u0161oval a netla\u010dil som na \u0148u. Ke\u010f chcela zastavi\u0165, niesol som bicykel na pleci a i\u0161li sme rad\u0161ej na zmrzlinu.<\/span><\/p>\n<p><span style=\"font-weight: 400;\">Adina sa pomaly nau\u010dila \u0161liapa\u0165 do ped\u00e1lov a zvl\u00e1dla jazdu na okruhu po farebnej bet\u00f3novej dr\u00e1he v parku. Ako sa v\u0161ak uk\u00e1zalo, jej z\u00e1ujem vyprchal \u2013 a nakoniec \u00faplne zmizol. Moment\u00e1lne m\u00e1 \u0161tyri roky a p\u00e1r mesiacov. Sez\u00f3na sa skon\u010dila a ja \u010dak\u00e1m, \u010do prinesie bud\u00faca jar. <strong>Budem sa dr\u017ea\u0165 svojej strat\u00e9gie netla\u010di\u0165 na to ani ju nen\u00fati\u0165, ale od bicykla ju ur\u010dite neodstav\u00edm \u00faplne.<\/strong> St\u00e1le ver\u00edm, \u017ee ka\u017ed\u00e9 die\u0165a sa nakoniec nau\u010d\u00ed bicyklova\u0165 \u2013 je to len ot\u00e1zka na\u010dasovania. A ak\u00fd je alebo bol ten v\u00e1\u0161 pr\u00edbeh?<\/span><\/p>\n","protected":false},"excerpt":{"rendered":"<p>Te\u0161\u00edte sa, \u017ee va\u0161e die\u0165a za\u010dne jazdi\u0165 na bicykli? Pre\u010d\u00edtali ste si v\u0161etky in\u0161trukt\u00e1\u017ene pr\u00edru\u010dky a teraz u\u017e len \u010dak\u00e1te [&hellip;]<\/p>\n","protected":false},"author":172,"featured_media":20028,"comment_status":"closed","ping_status":"closed","sticky":false,"template":"","format":"standard","meta":{"footnotes":""},"categories":[51],"tags":[619,115,487,546,507,53,1386,180,890,532,767,931,688,190,509,55,317],"global-categories":[],"class_list":["post-20025","post","type-post","status-publish","format-standard","has-post-thumbnail","hentry","category-deti-na-bicykloch","tag-bicyklovanie","tag-cestna-cyklistika","tag-cestny-bicykel","tag-cyklistika","tag-cyklorodinka","tag-deti","tag-deti-na-bicykli","tag-horska-cyklistika","tag-jazdec","tag-jazdenie","tag-motivacia","tag-odporucame","tag-odrazadlo","tag-priprava","tag-rodina","tag-trening","tag-zima"],"yoast_head":"<!-- This site is optimized with the Yoast SEO Premium plugin v25.3 (Yoast SEO v25.9) - https:\/\/yoast.com\/wordpress\/plugins\/seo\/ -->\n<title>\u010co som zistil, ke\u010f som u\u010dil svoju dc\u00e9ru jazdi\u0165 na bicykli - \u0160koda We Love Cycling Slovensko<\/title>\n<meta name=\"description\" content=\"Te\u0161\u00edte sa, \u017ee va\u0161e die\u0165a za\u010dne jazdi\u0165 na bicykli? Nenechajte sa odradi\u0165, ak veci nejd\u00fa pod\u013ea pl\u00e1nu. \u010eal\u0161ia sez\u00f3na je na obzore!\" \/>\n<meta name=\"robots\" content=\"index, follow, max-snippet:-1, max-image-preview:large, max-video-preview:-1\" \/>\n<link rel=\"canonical\" href=\"https:\/\/www.welovecycling.com\/sk\/2025\/01\/21\/co-som-zistil-ked-som-ucil-svoju-dceru-jazdit-na-bicykli\/\" \/>\n<meta property=\"og:locale\" content=\"sk_SK\" \/>\n<meta property=\"og:type\" content=\"article\" \/>\n<meta property=\"og:title\" content=\"\u010co som zistil, ke\u010f som u\u010dil svoju dc\u00e9ru jazdi\u0165 na bicykli\" \/>\n<meta property=\"og:description\" content=\"Te\u0161\u00edte sa, \u017ee va\u0161e die\u0165a za\u010dne jazdi\u0165 na bicykli? Nenechajte sa odradi\u0165, ak veci nejd\u00fa pod\u013ea pl\u00e1nu. \u010eal\u0161ia sez\u00f3na je na obzore!\" \/>\n<meta property=\"og:url\" content=\"https:\/\/www.welovecycling.com\/sk\/2025\/01\/21\/co-som-zistil-ked-som-ucil-svoju-dceru-jazdit-na-bicykli\/\" \/>\n<meta property=\"og:site_name\" content=\"\u0160koda We Love Cycling Slovensko\" \/>\n<meta property=\"article:published_time\" content=\"2025-01-21T09:00:13+00:00\" \/>\n<meta property=\"og:image\" content=\"https:\/\/d2p6e6u75xmxt8.cloudfront.net\/4\/2025\/01\/Little-Girl-Child-Bicycle-profimedia-0886565991.webp\" \/>\n\t<meta property=\"og:image:width\" content=\"990\" \/>\n\t<meta property=\"og:image:height\" content=\"660\" \/>\n\t<meta property=\"og:image:type\" content=\"image\/webp\" \/>\n<meta name=\"author\" content=\"dominika\" \/>\n<meta name=\"twitter:card\" content=\"summary_large_image\" \/>\n<meta name=\"twitter:label1\" content=\"Written by\" \/>\n\t<meta name=\"twitter:data1\" content=\"Adam Marsal\" \/>\n\t<meta name=\"twitter:label2\" content=\"Est. reading time\" \/>\n\t<meta name=\"twitter:data2\" content=\"2\" \/>\n<script type=\"application\/ld+json\" class=\"yoast-schema-graph\">{\"@context\":\"https:\/\/schema.org\",\"@graph\":[{\"@type\":\"WebPage\",\"@id\":\"https:\/\/www.welovecycling.com\/sk\/2025\/01\/21\/co-som-zistil-ked-som-ucil-svoju-dceru-jazdit-na-bicykli\/\",\"url\":\"https:\/\/www.welovecycling.com\/sk\/2025\/01\/21\/co-som-zistil-ked-som-ucil-svoju-dceru-jazdit-na-bicykli\/\",\"name\":\"\u010co som zistil, ke\u010f som u\u010dil svoju dc\u00e9ru jazdi\u0165 na bicykli - \u0160koda We Love Cycling Slovensko\",\"isPartOf\":{\"@id\":\"https:\/\/www.welovecycling.com\/sk\/#website\"},\"primaryImageOfPage\":{\"@id\":\"https:\/\/www.welovecycling.com\/sk\/2025\/01\/21\/co-som-zistil-ked-som-ucil-svoju-dceru-jazdit-na-bicykli\/#primaryimage\"},\"image\":{\"@id\":\"https:\/\/www.welovecycling.com\/sk\/2025\/01\/21\/co-som-zistil-ked-som-ucil-svoju-dceru-jazdit-na-bicykli\/#primaryimage\"},\"thumbnailUrl\":\"https:\/\/d2p6e6u75xmxt8.cloudfront.net\/4\/2025\/01\/Little-Girl-Child-Bicycle-profimedia-0886565991.webp\",\"datePublished\":\"2025-01-21T09:00:13+00:00\",\"author\":{\"@id\":\"https:\/\/www.welovecycling.com\/sk\/#\/schema\/person\/533b62b98b6c41bd5135ebfb1f742624\"},\"description\":\"Te\u0161\u00edte sa, \u017ee va\u0161e die\u0165a za\u010dne jazdi\u0165 na bicykli? Nenechajte sa odradi\u0165, ak veci nejd\u00fa pod\u013ea pl\u00e1nu. \u010eal\u0161ia sez\u00f3na je na obzore!\",\"breadcrumb\":{\"@id\":\"https:\/\/www.welovecycling.com\/sk\/2025\/01\/21\/co-som-zistil-ked-som-ucil-svoju-dceru-jazdit-na-bicykli\/#breadcrumb\"},\"inLanguage\":\"sk-SK\",\"potentialAction\":[{\"@type\":\"ReadAction\",\"target\":[\"https:\/\/www.welovecycling.com\/sk\/2025\/01\/21\/co-som-zistil-ked-som-ucil-svoju-dceru-jazdit-na-bicykli\/\"]}]},{\"@type\":\"ImageObject\",\"inLanguage\":\"sk-SK\",\"@id\":\"https:\/\/www.welovecycling.com\/sk\/2025\/01\/21\/co-som-zistil-ked-som-ucil-svoju-dceru-jazdit-na-bicykli\/#primaryimage\",\"url\":\"https:\/\/d2p6e6u75xmxt8.cloudfront.net\/4\/2025\/01\/Little-Girl-Child-Bicycle-profimedia-0886565991.webp\",\"contentUrl\":\"https:\/\/d2p6e6u75xmxt8.cloudfront.net\/4\/2025\/01\/Little-Girl-Child-Bicycle-profimedia-0886565991.webp\",\"width\":990,\"height\":660,\"caption\":\"Girl with a bike\"},{\"@type\":\"BreadcrumbList\",\"@id\":\"https:\/\/www.welovecycling.com\/sk\/2025\/01\/21\/co-som-zistil-ked-som-ucil-svoju-dceru-jazdit-na-bicykli\/#breadcrumb\",\"itemListElement\":[{\"@type\":\"ListItem\",\"position\":1,\"name\":\"Home\",\"item\":\"https:\/\/www.welovecycling.com\/sk\/\"},{\"@type\":\"ListItem\",\"position\":2,\"name\":\"\u010co som zistil, ke\u010f som u\u010dil svoju dc\u00e9ru jazdi\u0165 na bicykli\"}]},{\"@type\":\"WebSite\",\"@id\":\"https:\/\/www.welovecycling.com\/sk\/#website\",\"url\":\"https:\/\/www.welovecycling.com\/sk\/\",\"name\":\"\u0160koda We Love Cycling Slovensko\",\"description\":\"\u0160koda We Love Cycling Slovensko je v\u00e1\u0161 ka\u017edodenn\u00fd zdroj noviniek a in\u0161pir\u00e1cie z sveta cyklistiky\",\"potentialAction\":[{\"@type\":\"SearchAction\",\"target\":{\"@type\":\"EntryPoint\",\"urlTemplate\":\"https:\/\/www.welovecycling.com\/sk\/?s={search_term_string}\"},\"query-input\":{\"@type\":\"PropertyValueSpecification\",\"valueRequired\":true,\"valueName\":\"search_term_string\"}}],\"inLanguage\":\"sk-SK\"},{\"@type\":\"Person\",\"@id\":\"https:\/\/www.welovecycling.com\/sk\/#\/schema\/person\/533b62b98b6c41bd5135ebfb1f742624\",\"name\":\"dominika\",\"image\":{\"@type\":\"ImageObject\",\"inLanguage\":\"sk-SK\",\"@id\":\"https:\/\/www.welovecycling.com\/sk\/#\/schema\/person\/image\/\",\"url\":\"https:\/\/secure.gravatar.com\/avatar\/ded6f274ba2ec3e17fff153f7d9d96a4b33c2cb63907f75d9a5309c599a7f3e6?s=96&d=mm&r=g\",\"contentUrl\":\"https:\/\/secure.gravatar.com\/avatar\/ded6f274ba2ec3e17fff153f7d9d96a4b33c2cb63907f75d9a5309c599a7f3e6?s=96&d=mm&r=g\",\"caption\":\"dominika\"},\"url\":\"https:\/\/www.welovecycling.com\/sk\/author\/dominika\/\"}]}<\/script>\n<!-- \/ Yoast SEO Premium plugin. -->","yoast_head_json":{"title":"\u010co som zistil, ke\u010f som u\u010dil svoju dc\u00e9ru jazdi\u0165 na bicykli - \u0160koda We Love Cycling Slovensko","description":"Te\u0161\u00edte sa, \u017ee va\u0161e die\u0165a za\u010dne jazdi\u0165 na bicykli? Nenechajte sa odradi\u0165, ak veci nejd\u00fa pod\u013ea pl\u00e1nu. \u010eal\u0161ia sez\u00f3na je na obzore!","robots":{"index":"index","follow":"follow","max-snippet":"max-snippet:-1","max-image-preview":"max-image-preview:large","max-video-preview":"max-video-preview:-1"},"canonical":"https:\/\/www.welovecycling.com\/sk\/2025\/01\/21\/co-som-zistil-ked-som-ucil-svoju-dceru-jazdit-na-bicykli\/","og_locale":"sk_SK","og_type":"article","og_title":"\u010co som zistil, ke\u010f som u\u010dil svoju dc\u00e9ru jazdi\u0165 na bicykli","og_description":"Te\u0161\u00edte sa, \u017ee va\u0161e die\u0165a za\u010dne jazdi\u0165 na bicykli? Nenechajte sa odradi\u0165, ak veci nejd\u00fa pod\u013ea pl\u00e1nu. \u010eal\u0161ia sez\u00f3na je na obzore!","og_url":"https:\/\/www.welovecycling.com\/sk\/2025\/01\/21\/co-som-zistil-ked-som-ucil-svoju-dceru-jazdit-na-bicykli\/","og_site_name":"\u0160koda We Love Cycling Slovensko","article_published_time":"2025-01-21T09:00:13+00:00","og_image":[{"width":990,"height":660,"url":"https:\/\/d2p6e6u75xmxt8.cloudfront.net\/4\/2025\/01\/Little-Girl-Child-Bicycle-profimedia-0886565991.webp","type":"image\/webp"}],"author":"dominika","twitter_card":"summary_large_image","twitter_misc":{"Written by":"Adam Marsal","Est. reading time":"2"},"schema":{"@context":"https:\/\/schema.org","@graph":[{"@type":"WebPage","@id":"https:\/\/www.welovecycling.com\/sk\/2025\/01\/21\/co-som-zistil-ked-som-ucil-svoju-dceru-jazdit-na-bicykli\/","url":"https:\/\/www.welovecycling.com\/sk\/2025\/01\/21\/co-som-zistil-ked-som-ucil-svoju-dceru-jazdit-na-bicykli\/","name":"\u010co som zistil, ke\u010f som u\u010dil svoju dc\u00e9ru jazdi\u0165 na bicykli - \u0160koda We Love Cycling Slovensko","isPartOf":{"@id":"https:\/\/www.welovecycling.com\/sk\/#website"},"primaryImageOfPage":{"@id":"https:\/\/www.welovecycling.com\/sk\/2025\/01\/21\/co-som-zistil-ked-som-ucil-svoju-dceru-jazdit-na-bicykli\/#primaryimage"},"image":{"@id":"https:\/\/www.welovecycling.com\/sk\/2025\/01\/21\/co-som-zistil-ked-som-ucil-svoju-dceru-jazdit-na-bicykli\/#primaryimage"},"thumbnailUrl":"https:\/\/d2p6e6u75xmxt8.cloudfront.net\/4\/2025\/01\/Little-Girl-Child-Bicycle-profimedia-0886565991.webp","datePublished":"2025-01-21T09:00:13+00:00","author":{"@id":"https:\/\/www.welovecycling.com\/sk\/#\/schema\/person\/533b62b98b6c41bd5135ebfb1f742624"},"description":"Te\u0161\u00edte sa, \u017ee va\u0161e die\u0165a za\u010dne jazdi\u0165 na bicykli? Nenechajte sa odradi\u0165, ak veci nejd\u00fa pod\u013ea pl\u00e1nu. \u010eal\u0161ia sez\u00f3na je na obzore!","breadcrumb":{"@id":"https:\/\/www.welovecycling.com\/sk\/2025\/01\/21\/co-som-zistil-ked-som-ucil-svoju-dceru-jazdit-na-bicykli\/#breadcrumb"},"inLanguage":"sk-SK","potentialAction":[{"@type":"ReadAction","target":["https:\/\/www.welovecycling.com\/sk\/2025\/01\/21\/co-som-zistil-ked-som-ucil-svoju-dceru-jazdit-na-bicykli\/"]}]},{"@type":"ImageObject","inLanguage":"sk-SK","@id":"https:\/\/www.welovecycling.com\/sk\/2025\/01\/21\/co-som-zistil-ked-som-ucil-svoju-dceru-jazdit-na-bicykli\/#primaryimage","url":"https:\/\/d2p6e6u75xmxt8.cloudfront.net\/4\/2025\/01\/Little-Girl-Child-Bicycle-profimedia-0886565991.webp","contentUrl":"https:\/\/d2p6e6u75xmxt8.cloudfront.net\/4\/2025\/01\/Little-Girl-Child-Bicycle-profimedia-0886565991.webp","width":990,"height":660,"caption":"Girl with a bike"},{"@type":"BreadcrumbList","@id":"https:\/\/www.welovecycling.com\/sk\/2025\/01\/21\/co-som-zistil-ked-som-ucil-svoju-dceru-jazdit-na-bicykli\/#breadcrumb","itemListElement":[{"@type":"ListItem","position":1,"name":"Home","item":"https:\/\/www.welovecycling.com\/sk\/"},{"@type":"ListItem","position":2,"name":"\u010co som zistil, ke\u010f som u\u010dil svoju dc\u00e9ru jazdi\u0165 na bicykli"}]},{"@type":"WebSite","@id":"https:\/\/www.welovecycling.com\/sk\/#website","url":"https:\/\/www.welovecycling.com\/sk\/","name":"\u0160koda We Love Cycling Slovensko","description":"\u0160koda We Love Cycling Slovensko je v\u00e1\u0161 ka\u017edodenn\u00fd zdroj noviniek a in\u0161pir\u00e1cie z sveta cyklistiky","potentialAction":[{"@type":"SearchAction","target":{"@type":"EntryPoint","urlTemplate":"https:\/\/www.welovecycling.com\/sk\/?s={search_term_string}"},"query-input":{"@type":"PropertyValueSpecification","valueRequired":true,"valueName":"search_term_string"}}],"inLanguage":"sk-SK"},{"@type":"Person","@id":"https:\/\/www.welovecycling.com\/sk\/#\/schema\/person\/533b62b98b6c41bd5135ebfb1f742624","name":"dominika","image":{"@type":"ImageObject","inLanguage":"sk-SK","@id":"https:\/\/www.welovecycling.com\/sk\/#\/schema\/person\/image\/","url":"https:\/\/secure.gravatar.com\/avatar\/ded6f274ba2ec3e17fff153f7d9d96a4b33c2cb63907f75d9a5309c599a7f3e6?s=96&d=mm&r=g","contentUrl":"https:\/\/secure.gravatar.com\/avatar\/ded6f274ba2ec3e17fff153f7d9d96a4b33c2cb63907f75d9a5309c599a7f3e6?s=96&d=mm&r=g","caption":"dominika"},"url":"https:\/\/www.welovecycling.com\/sk\/author\/dominika\/"}]}},"_links":{"self":[{"href":"https:\/\/www.welovecycling.com\/sk\/wp-json\/wp\/v2\/posts\/20025","targetHints":{"allow":["GET"]}}],"collection":[{"href":"https:\/\/www.welovecycling.com\/sk\/wp-json\/wp\/v2\/posts"}],"about":[{"href":"https:\/\/www.welovecycling.com\/sk\/wp-json\/wp\/v2\/types\/post"}],"author":[{"embeddable":true,"href":"https:\/\/www.welovecycling.com\/sk\/wp-json\/wp\/v2\/users\/172"}],"replies":[{"embeddable":true,"href":"https:\/\/www.welovecycling.com\/sk\/wp-json\/wp\/v2\/comments?post=20025"}],"version-history":[{"count":5,"href":"https:\/\/www.welovecycling.com\/sk\/wp-json\/wp\/v2\/posts\/20025\/revisions"}],"predecessor-version":[{"id":20032,"href":"https:\/\/www.welovecycling.com\/sk\/wp-json\/wp\/v2\/posts\/20025\/revisions\/20032"}],"wp:featuredmedia":[{"embeddable":true,"href":"https:\/\/www.welovecycling.com\/sk\/wp-json\/wp\/v2\/media\/20028"}],"wp:attachment":[{"href":"https:\/\/www.welovecycling.com\/sk\/wp-json\/wp\/v2\/media?parent=20025"}],"wp:term":[{"taxonomy":"category","embeddable":true,"href":"https:\/\/www.welovecycling.com\/sk\/wp-json\/wp\/v2\/categories?post=20025"},{"taxonomy":"post_tag","embeddable":true,"href":"https:\/\/www.welovecycling.com\/sk\/wp-json\/wp\/v2\/tags?post=20025"},{"taxonomy":"global-categories","embeddable":true,"href":"https:\/\/www.welovecycling.com\/sk\/wp-json\/wp\/v2\/global-categories?post=20025"}],"curies":[{"name":"wp","href":"https:\/\/api.w.org\/{rel}","templated":true}]}}