{"id":20019,"date":"2025-01-14T10:00:58","date_gmt":"2025-01-14T09:00:58","guid":{"rendered":"https:\/\/www.welovecycling.com\/sk\/?p=20019"},"modified":"2025-01-13T12:50:18","modified_gmt":"2025-01-13T11:50:18","slug":"rastie-alebo-stagnuje-pocet-cyklistov","status":"publish","type":"post","link":"https:\/\/www.welovecycling.com\/sk\/2025\/01\/14\/rastie-alebo-stagnuje-pocet-cyklistov\/","title":{"rendered":"Rastie alebo stagnuje po\u010det cyklistov?"},"content":{"rendered":"<p style=\"font-weight: 400;\"><strong>Aj vy radi debatujete pri pive \u010di pri k\u00e1ve o stave tohto sveta? H\u00e1date sa napr\u00edklad o tom, \u010di po\u010det cyklistov na tejto plan\u00e9te st\u00fapa alebo kles\u00e1? Nie je ni\u010d lep\u0161ie, ako podlo\u017ei\u0165 svoje argumenty skuto\u010dn\u00fdmi \u010d\u00edslami.<\/strong><\/p>\n<p style=\"font-weight: 400;\"><!--more--><\/p>\n<p><span style=\"font-weight: 400;\">Ak\u00e1 je teda realita celosvetov\u00fdch trendov v cyklistike? Pod\u013ea Eco-Counter, spolo\u010dnosti zalo\u017eenej \u0161peci\u00e1lne na monitorovanie po\u010dtu cyklistov (a chodcov) na cest\u00e1ch na v\u0161etk\u00fdch kontinentoch, m\u00e1me teraz k dispoz\u00edcii skuto\u010dn\u00e9 \u00fadaje.<\/span><\/p>\n<p><span style=\"font-weight: 400;\">Eco-Counter vo svojej ned\u00e1vno zverejnenej spr\u00e1ve uv\u00e1dza, \u017ee <strong>po\u010det cyklistov glob\u00e1lne stagnuje.<\/strong> Ich preh\u013ead z roku 2023, ktor\u00fd analyzoval trendy cyklistickej dopravy v 14 krajin\u00e1ch medzi rokmi 2022 a 2023, zaznamenal mierny pokles o 1 %.<\/span><\/p>\n<p><span style=\"font-weight: 400;\">Nenechajme sa v\u0161ak pr\u00edli\u0161 znechuti\u0165 \u2013 Eco-Counter tie\u017e poukazuje na dlhodobej\u0161\u00ed vzostupn\u00fd trend. <strong>Spr\u00e1va uv\u00e1dza, \u017ee po\u010dty vyroben\u00fdch bicyklov od roku 2019 st\u00fapaj\u00fa s celkov\u00fdm glob\u00e1lnym n\u00e1rastom o 11 %.<\/strong><\/span><\/p>\n<p><span style=\"font-weight: 400;\">Rast sa v\u0161ak v jednotliv\u00fdch krajin\u00e1ch l\u00ed\u0161i. Napr\u00edklad v Spojen\u00fdch \u0161t\u00e1toch \u010doraz viac \u013eud\u00ed vyr\u00e1\u017ea na cyklistick\u00e9 chodn\u00edky, najm\u00e4 v pr\u00edmestsk\u00fdch oblastiach, kde zaznamen\u00e1vaj\u00fa v\u00fdrazn\u00fd n\u00e1rast. V Eur\u00f3pe vzr\u00e1stla cyklistick\u00e1 prem\u00e1vka na k\u013e\u00fa\u010dov\u00fdch tras\u00e1ch medzi rokmi 2019 a 2022 o 11 %. Ak sa pozrieme na skok od roku 2022 do roku 2023, na \u010dele je Kanada s 10 % n\u00e1rastom. Nasleduje Belgicko (+ 4 %) a \u010falej s 2-percentn\u00fdm n\u00e1rastom Po\u013esko, Rak\u00fasko a Franc\u00fazsko.<\/span><\/p>\n<p><span style=\"font-weight: 400;\">Mo\u017eno sa p\u00fdtate, kde a ako k t\u00fdmto \u010d\u00edslam pri\u0161li. Eco-Counter so s\u00eddlom v Bret\u00f3nsku vo Franc\u00fazsku, s pobo\u010dkami v Kanade, USA, Nemecku a Hong Kongu, u\u017e <strong>viac ako 20 rokov vyv\u00edja rie\u0161enia na po\u010d\u00edtanie chodcov a cyklistov a poskytuje obciam n\u00e1stroje, ktor\u00e9 potrebuj\u00fa na zhroma\u017e\u010fovanie a zdie\u013eanie d\u00f4le\u017eit\u00fdch \u00fadajov.<\/strong> Navrhuj\u00fa a vyr\u00e1baj\u00fa cel\u00fd rad po\u010d\u00edtac\u00edch syst\u00e9mov a tieto po\u010d\u00edtadl\u00e1 s\u00fa in\u0161talovan\u00e9 pozd\u013a\u017e cyklotr\u00e1s, samozrejme s\u00fa vybaven\u00e9 softv\u00e9rom na anal\u00fdzu nazbieran\u00fdch \u00fadajov.<\/span><\/p>\n<h2><strong>Ako to funguje<\/strong><\/h2>\n<p><span style=\"font-weight: 400;\">Na zber \u00fadajov pou\u017e\u00edva Eco-Counter syst\u00e9m induk\u010dnej slu\u010dky, ktor\u00fd im umo\u017e\u0148uje porovn\u00e1va\u0165 jazdy na bicykli po\u010das po sebe nasleduj\u00facich mesiacov, sez\u00f3n alebo rokov. Syst\u00e9m presne analyzuje elektromagnetick\u00fd podpis ka\u017ed\u00e9ho bicykla pomocou 13 rozli\u0161ovac\u00edch krit\u00e9ri\u00ed. Jedine\u010dn\u00fd algoritmus rozpozn\u00e1va v\u0161etky typy bicyklov. Ak s\u00fa slu\u010dky in\u0161talovan\u00e9 na ceste so zmie\u0161an\u00fdm vyu\u017eit\u00edm \u2013 nielen na cyklistickom chodn\u00edku \u2013 syst\u00e9m ignoruje aut\u00e1, motocykle a v\u00e4\u010d\u0161ie vozidl\u00e1, pri\u010dom po\u010d\u00edta iba cyklistov.<\/span><\/p>\n<p><span style=\"font-weight: 400;\"><strong>Presn\u00e9 \u00fadaje v re\u00e1lnom \u010dase s\u00fa k\u013e\u00fa\u010dom k inteligentn\u00e9mu pl\u00e1novaniu miest a riadeniu akt\u00edvnej dopravy.<\/strong> My\u0161lienkou tohto s\u010d\u00edtania je poskytn\u00fa\u0165 predstavite\u013eom mesta sol\u00eddne inform\u00e1cie o doprave. Tie im pom\u00f4\u017eu prij\u00edma\u0165 rozhodnutia o tom, kde vybudova\u0165 cyklistick\u00fa infra\u0161trukt\u00faru alebo ako vyhodnoti\u0165 vplyv svojich invest\u00edci\u00ed.<\/span><\/p>\n<p><span style=\"font-weight: 400;\">Napr\u00edklad v Dubline v \u00cdrsku sa po\u010das medzin\u00e1rodn\u00e9ho cyklistick\u00e9ho summitu Velo-City pou\u017eilo po\u010d\u00edtadlo, v\u010faka ktor\u00e9mu \u00fa\u010dastn\u00edci konferencie dostali presn\u00e9 inform\u00e1cie o po\u010dte cyklistov v uliciach.<\/span><\/p>\n<h2><strong>\u010c\u00edsla s\u00fa zauj\u00edmav\u00e9<\/strong><\/h2>\n<p><span style=\"font-weight: 400;\">Ak v\u00e1s fascinuj\u00fa presn\u00e9 \u010d\u00edsla, mo\u017eno v\u00e1s bude zauj\u00edma\u0165, ktor\u00e9 cyklistick\u00e9 lokality s\u00fa najob\u013e\u00fabenej\u0161ie. V USA to bol pod\u013ea \u00fadajov Eco-Counter Manhattan Bridge v New Yorku s pribli\u017ene 1,6 mili\u00f3nmi cykloprejazdov! <strong>Celosvetovo to bol Par\u00ed\u017e, konkr\u00e9tne jeho Sevastopo\u013esk\u00fd bulv\u00e1r s viac ako 4 mili\u00f3nmi prejazdov.<\/strong> Najnov\u0161ie \u00fadaje si m\u00f4\u017eete pozrie\u0165 na <a href=\"https:\/\/data.eco-counter.com\/ParcPublic\/?id=4586\" target=\"_blank\" rel=\"noopener\">tomto odkaze<\/a>.<\/span><\/p>\n<p><span style=\"font-weight: 400;\">Skeptik by sa mohol pozrie\u0165 na glob\u00e1lnu mapu a pouk\u00e1za\u0165 na to, \u017ee oblasti ako Eur\u00f3pa, Severn\u00e1 Amerika, Austr\u00e1lia a Japonsko s\u00fa dobre pokryt\u00e9. Zatia\u013e \u010do ch\u00fdbaj\u00fa tak\u00e9 krajiny ako Vietnam, \u010c\u00edna \u010di Laos, odkia\u013e by mohli by\u0165 celkom zauj\u00edmav\u00e9 d\u00e1ta. Napriek tomu je to st\u00e1le p\u00f4sobiv\u00fd \u00faspech. N\u00e1jdete svoje mesto na online mape?<\/span><\/p>\n","protected":false},"excerpt":{"rendered":"<p>Aj vy radi debatujete pri pive \u010di pri k\u00e1ve o stave tohto sveta? H\u00e1date sa napr\u00edklad o tom, \u010di po\u010det [&hellip;]<\/p>\n","protected":false},"author":172,"featured_media":20020,"comment_status":"closed","ping_status":"closed","sticky":false,"template":"","format":"standard","meta":{"footnotes":""},"categories":[118],"tags":[619,115,546,1394,629,548,532,931,815,183,1620],"global-categories":[],"class_list":["post-20019","post","type-post","status-publish","format-standard","has-post-thumbnail","hentry","category-zabava","tag-bicyklovanie","tag-cestna-cyklistika","tag-cyklistika","tag-cyklistika-v-cislach","tag-doprava","tag-informacia","tag-jazdenie","tag-odporucame","tag-svet","tag-zabava","tag-zaujimavosti"],"yoast_head":"<!-- This site is optimized with the Yoast SEO Premium plugin v25.3 (Yoast SEO v25.9) - https:\/\/yoast.com\/wordpress\/plugins\/seo\/ -->\n<title>Rastie alebo stagnuje po\u010det cyklistov? - \u0160koda We Love Cycling Slovensko<\/title>\n<meta name=\"description\" content=\"Aj vy radi debatujete o stave tohto sveta? H\u00e1date sa napr\u00edklad o tom, \u010di po\u010det cyklistov na tejto plan\u00e9te st\u00fapa alebo kles\u00e1?\" \/>\n<meta name=\"robots\" content=\"index, follow, max-snippet:-1, max-image-preview:large, max-video-preview:-1\" \/>\n<link rel=\"canonical\" href=\"https:\/\/www.welovecycling.com\/sk\/2025\/01\/14\/rastie-alebo-stagnuje-pocet-cyklistov\/\" \/>\n<meta property=\"og:locale\" content=\"sk_SK\" \/>\n<meta property=\"og:type\" content=\"article\" \/>\n<meta property=\"og:title\" content=\"Rastie alebo stagnuje po\u010det cyklistov?\" \/>\n<meta property=\"og:description\" content=\"Aj vy radi debatujete o stave tohto sveta? H\u00e1date sa napr\u00edklad o tom, \u010di po\u010det cyklistov na tejto plan\u00e9te st\u00fapa alebo kles\u00e1?\" \/>\n<meta property=\"og:url\" content=\"https:\/\/www.welovecycling.com\/sk\/2025\/01\/14\/rastie-alebo-stagnuje-pocet-cyklistov\/\" \/>\n<meta property=\"og:site_name\" content=\"\u0160koda We Love Cycling Slovensko\" \/>\n<meta property=\"article:published_time\" content=\"2025-01-14T09:00:58+00:00\" \/>\n<meta property=\"og:image\" content=\"https:\/\/d2p6e6u75xmxt8.cloudfront.net\/4\/2025\/01\/Women-Urban-Cycling-profimedia-0350343262-CVR.webp\" \/>\n\t<meta property=\"og:image:width\" content=\"990\" \/>\n\t<meta property=\"og:image:height\" content=\"660\" \/>\n\t<meta property=\"og:image:type\" content=\"image\/webp\" \/>\n<meta name=\"author\" content=\"dominika\" \/>\n<meta name=\"twitter:card\" content=\"summary_large_image\" \/>\n<meta name=\"twitter:label1\" content=\"Written by\" \/>\n\t<meta name=\"twitter:data1\" content=\"Adam Marsal\" \/>\n\t<meta name=\"twitter:label2\" content=\"Est. reading time\" \/>\n\t<meta name=\"twitter:data2\" content=\"2\" \/>\n<script type=\"application\/ld+json\" class=\"yoast-schema-graph\">{\"@context\":\"https:\/\/schema.org\",\"@graph\":[{\"@type\":\"WebPage\",\"@id\":\"https:\/\/www.welovecycling.com\/sk\/2025\/01\/14\/rastie-alebo-stagnuje-pocet-cyklistov\/\",\"url\":\"https:\/\/www.welovecycling.com\/sk\/2025\/01\/14\/rastie-alebo-stagnuje-pocet-cyklistov\/\",\"name\":\"Rastie alebo stagnuje po\u010det cyklistov? - \u0160koda We Love Cycling Slovensko\",\"isPartOf\":{\"@id\":\"https:\/\/www.welovecycling.com\/sk\/#website\"},\"primaryImageOfPage\":{\"@id\":\"https:\/\/www.welovecycling.com\/sk\/2025\/01\/14\/rastie-alebo-stagnuje-pocet-cyklistov\/#primaryimage\"},\"image\":{\"@id\":\"https:\/\/www.welovecycling.com\/sk\/2025\/01\/14\/rastie-alebo-stagnuje-pocet-cyklistov\/#primaryimage\"},\"thumbnailUrl\":\"https:\/\/d2p6e6u75xmxt8.cloudfront.net\/4\/2025\/01\/Women-Urban-Cycling-profimedia-0350343262-CVR.webp\",\"datePublished\":\"2025-01-14T09:00:58+00:00\",\"author\":{\"@id\":\"https:\/\/www.welovecycling.com\/sk\/#\/schema\/person\/533b62b98b6c41bd5135ebfb1f742624\"},\"description\":\"Aj vy radi debatujete o stave tohto sveta? H\u00e1date sa napr\u00edklad o tom, \u010di po\u010det cyklistov na tejto plan\u00e9te st\u00fapa alebo kles\u00e1?\",\"breadcrumb\":{\"@id\":\"https:\/\/www.welovecycling.com\/sk\/2025\/01\/14\/rastie-alebo-stagnuje-pocet-cyklistov\/#breadcrumb\"},\"inLanguage\":\"sk-SK\",\"potentialAction\":[{\"@type\":\"ReadAction\",\"target\":[\"https:\/\/www.welovecycling.com\/sk\/2025\/01\/14\/rastie-alebo-stagnuje-pocet-cyklistov\/\"]}]},{\"@type\":\"ImageObject\",\"inLanguage\":\"sk-SK\",\"@id\":\"https:\/\/www.welovecycling.com\/sk\/2025\/01\/14\/rastie-alebo-stagnuje-pocet-cyklistov\/#primaryimage\",\"url\":\"https:\/\/d2p6e6u75xmxt8.cloudfront.net\/4\/2025\/01\/Women-Urban-Cycling-profimedia-0350343262-CVR.webp\",\"contentUrl\":\"https:\/\/d2p6e6u75xmxt8.cloudfront.net\/4\/2025\/01\/Women-Urban-Cycling-profimedia-0350343262-CVR.webp\",\"width\":990,\"height\":660,\"caption\":\"Women cycling in Amsterdam\"},{\"@type\":\"BreadcrumbList\",\"@id\":\"https:\/\/www.welovecycling.com\/sk\/2025\/01\/14\/rastie-alebo-stagnuje-pocet-cyklistov\/#breadcrumb\",\"itemListElement\":[{\"@type\":\"ListItem\",\"position\":1,\"name\":\"Home\",\"item\":\"https:\/\/www.welovecycling.com\/sk\/\"},{\"@type\":\"ListItem\",\"position\":2,\"name\":\"Rastie alebo stagnuje po\u010det cyklistov?\"}]},{\"@type\":\"WebSite\",\"@id\":\"https:\/\/www.welovecycling.com\/sk\/#website\",\"url\":\"https:\/\/www.welovecycling.com\/sk\/\",\"name\":\"\u0160koda We Love Cycling Slovensko\",\"description\":\"\u0160koda We Love Cycling Slovensko je v\u00e1\u0161 ka\u017edodenn\u00fd zdroj noviniek a in\u0161pir\u00e1cie z sveta cyklistiky\",\"potentialAction\":[{\"@type\":\"SearchAction\",\"target\":{\"@type\":\"EntryPoint\",\"urlTemplate\":\"https:\/\/www.welovecycling.com\/sk\/?s={search_term_string}\"},\"query-input\":{\"@type\":\"PropertyValueSpecification\",\"valueRequired\":true,\"valueName\":\"search_term_string\"}}],\"inLanguage\":\"sk-SK\"},{\"@type\":\"Person\",\"@id\":\"https:\/\/www.welovecycling.com\/sk\/#\/schema\/person\/533b62b98b6c41bd5135ebfb1f742624\",\"name\":\"dominika\",\"image\":{\"@type\":\"ImageObject\",\"inLanguage\":\"sk-SK\",\"@id\":\"https:\/\/www.welovecycling.com\/sk\/#\/schema\/person\/image\/\",\"url\":\"https:\/\/secure.gravatar.com\/avatar\/ded6f274ba2ec3e17fff153f7d9d96a4b33c2cb63907f75d9a5309c599a7f3e6?s=96&d=mm&r=g\",\"contentUrl\":\"https:\/\/secure.gravatar.com\/avatar\/ded6f274ba2ec3e17fff153f7d9d96a4b33c2cb63907f75d9a5309c599a7f3e6?s=96&d=mm&r=g\",\"caption\":\"dominika\"},\"url\":\"https:\/\/www.welovecycling.com\/sk\/author\/dominika\/\"}]}<\/script>\n<!-- \/ Yoast SEO Premium plugin. -->","yoast_head_json":{"title":"Rastie alebo stagnuje po\u010det cyklistov? - \u0160koda We Love Cycling Slovensko","description":"Aj vy radi debatujete o stave tohto sveta? H\u00e1date sa napr\u00edklad o tom, \u010di po\u010det cyklistov na tejto plan\u00e9te st\u00fapa alebo kles\u00e1?","robots":{"index":"index","follow":"follow","max-snippet":"max-snippet:-1","max-image-preview":"max-image-preview:large","max-video-preview":"max-video-preview:-1"},"canonical":"https:\/\/www.welovecycling.com\/sk\/2025\/01\/14\/rastie-alebo-stagnuje-pocet-cyklistov\/","og_locale":"sk_SK","og_type":"article","og_title":"Rastie alebo stagnuje po\u010det cyklistov?","og_description":"Aj vy radi debatujete o stave tohto sveta? H\u00e1date sa napr\u00edklad o tom, \u010di po\u010det cyklistov na tejto plan\u00e9te st\u00fapa alebo kles\u00e1?","og_url":"https:\/\/www.welovecycling.com\/sk\/2025\/01\/14\/rastie-alebo-stagnuje-pocet-cyklistov\/","og_site_name":"\u0160koda We Love Cycling Slovensko","article_published_time":"2025-01-14T09:00:58+00:00","og_image":[{"width":990,"height":660,"url":"https:\/\/d2p6e6u75xmxt8.cloudfront.net\/4\/2025\/01\/Women-Urban-Cycling-profimedia-0350343262-CVR.webp","type":"image\/webp"}],"author":"dominika","twitter_card":"summary_large_image","twitter_misc":{"Written by":"Adam Marsal","Est. reading time":"2"},"schema":{"@context":"https:\/\/schema.org","@graph":[{"@type":"WebPage","@id":"https:\/\/www.welovecycling.com\/sk\/2025\/01\/14\/rastie-alebo-stagnuje-pocet-cyklistov\/","url":"https:\/\/www.welovecycling.com\/sk\/2025\/01\/14\/rastie-alebo-stagnuje-pocet-cyklistov\/","name":"Rastie alebo stagnuje po\u010det cyklistov? - \u0160koda We Love Cycling Slovensko","isPartOf":{"@id":"https:\/\/www.welovecycling.com\/sk\/#website"},"primaryImageOfPage":{"@id":"https:\/\/www.welovecycling.com\/sk\/2025\/01\/14\/rastie-alebo-stagnuje-pocet-cyklistov\/#primaryimage"},"image":{"@id":"https:\/\/www.welovecycling.com\/sk\/2025\/01\/14\/rastie-alebo-stagnuje-pocet-cyklistov\/#primaryimage"},"thumbnailUrl":"https:\/\/d2p6e6u75xmxt8.cloudfront.net\/4\/2025\/01\/Women-Urban-Cycling-profimedia-0350343262-CVR.webp","datePublished":"2025-01-14T09:00:58+00:00","author":{"@id":"https:\/\/www.welovecycling.com\/sk\/#\/schema\/person\/533b62b98b6c41bd5135ebfb1f742624"},"description":"Aj vy radi debatujete o stave tohto sveta? H\u00e1date sa napr\u00edklad o tom, \u010di po\u010det cyklistov na tejto plan\u00e9te st\u00fapa alebo kles\u00e1?","breadcrumb":{"@id":"https:\/\/www.welovecycling.com\/sk\/2025\/01\/14\/rastie-alebo-stagnuje-pocet-cyklistov\/#breadcrumb"},"inLanguage":"sk-SK","potentialAction":[{"@type":"ReadAction","target":["https:\/\/www.welovecycling.com\/sk\/2025\/01\/14\/rastie-alebo-stagnuje-pocet-cyklistov\/"]}]},{"@type":"ImageObject","inLanguage":"sk-SK","@id":"https:\/\/www.welovecycling.com\/sk\/2025\/01\/14\/rastie-alebo-stagnuje-pocet-cyklistov\/#primaryimage","url":"https:\/\/d2p6e6u75xmxt8.cloudfront.net\/4\/2025\/01\/Women-Urban-Cycling-profimedia-0350343262-CVR.webp","contentUrl":"https:\/\/d2p6e6u75xmxt8.cloudfront.net\/4\/2025\/01\/Women-Urban-Cycling-profimedia-0350343262-CVR.webp","width":990,"height":660,"caption":"Women cycling in Amsterdam"},{"@type":"BreadcrumbList","@id":"https:\/\/www.welovecycling.com\/sk\/2025\/01\/14\/rastie-alebo-stagnuje-pocet-cyklistov\/#breadcrumb","itemListElement":[{"@type":"ListItem","position":1,"name":"Home","item":"https:\/\/www.welovecycling.com\/sk\/"},{"@type":"ListItem","position":2,"name":"Rastie alebo stagnuje po\u010det cyklistov?"}]},{"@type":"WebSite","@id":"https:\/\/www.welovecycling.com\/sk\/#website","url":"https:\/\/www.welovecycling.com\/sk\/","name":"\u0160koda We Love Cycling Slovensko","description":"\u0160koda We Love Cycling Slovensko je v\u00e1\u0161 ka\u017edodenn\u00fd zdroj noviniek a in\u0161pir\u00e1cie z sveta cyklistiky","potentialAction":[{"@type":"SearchAction","target":{"@type":"EntryPoint","urlTemplate":"https:\/\/www.welovecycling.com\/sk\/?s={search_term_string}"},"query-input":{"@type":"PropertyValueSpecification","valueRequired":true,"valueName":"search_term_string"}}],"inLanguage":"sk-SK"},{"@type":"Person","@id":"https:\/\/www.welovecycling.com\/sk\/#\/schema\/person\/533b62b98b6c41bd5135ebfb1f742624","name":"dominika","image":{"@type":"ImageObject","inLanguage":"sk-SK","@id":"https:\/\/www.welovecycling.com\/sk\/#\/schema\/person\/image\/","url":"https:\/\/secure.gravatar.com\/avatar\/ded6f274ba2ec3e17fff153f7d9d96a4b33c2cb63907f75d9a5309c599a7f3e6?s=96&d=mm&r=g","contentUrl":"https:\/\/secure.gravatar.com\/avatar\/ded6f274ba2ec3e17fff153f7d9d96a4b33c2cb63907f75d9a5309c599a7f3e6?s=96&d=mm&r=g","caption":"dominika"},"url":"https:\/\/www.welovecycling.com\/sk\/author\/dominika\/"}]}},"_links":{"self":[{"href":"https:\/\/www.welovecycling.com\/sk\/wp-json\/wp\/v2\/posts\/20019","targetHints":{"allow":["GET"]}}],"collection":[{"href":"https:\/\/www.welovecycling.com\/sk\/wp-json\/wp\/v2\/posts"}],"about":[{"href":"https:\/\/www.welovecycling.com\/sk\/wp-json\/wp\/v2\/types\/post"}],"author":[{"embeddable":true,"href":"https:\/\/www.welovecycling.com\/sk\/wp-json\/wp\/v2\/users\/172"}],"replies":[{"embeddable":true,"href":"https:\/\/www.welovecycling.com\/sk\/wp-json\/wp\/v2\/comments?post=20019"}],"version-history":[{"count":4,"href":"https:\/\/www.welovecycling.com\/sk\/wp-json\/wp\/v2\/posts\/20019\/revisions"}],"predecessor-version":[{"id":20024,"href":"https:\/\/www.welovecycling.com\/sk\/wp-json\/wp\/v2\/posts\/20019\/revisions\/20024"}],"wp:featuredmedia":[{"embeddable":true,"href":"https:\/\/www.welovecycling.com\/sk\/wp-json\/wp\/v2\/media\/20020"}],"wp:attachment":[{"href":"https:\/\/www.welovecycling.com\/sk\/wp-json\/wp\/v2\/media?parent=20019"}],"wp:term":[{"taxonomy":"category","embeddable":true,"href":"https:\/\/www.welovecycling.com\/sk\/wp-json\/wp\/v2\/categories?post=20019"},{"taxonomy":"post_tag","embeddable":true,"href":"https:\/\/www.welovecycling.com\/sk\/wp-json\/wp\/v2\/tags?post=20019"},{"taxonomy":"global-categories","embeddable":true,"href":"https:\/\/www.welovecycling.com\/sk\/wp-json\/wp\/v2\/global-categories?post=20019"}],"curies":[{"name":"wp","href":"https:\/\/api.w.org\/{rel}","templated":true}]}}