{"id":2000,"date":"2017-08-18T17:03:42","date_gmt":"2017-08-18T15:03:42","guid":{"rendered":"https:\/\/www.welovecycling.com\/sk\/?p=2000"},"modified":"2017-08-18T17:24:52","modified_gmt":"2017-08-18T15:24:52","slug":"vuelta-2017-za-dverami","status":"publish","type":"post","link":"https:\/\/www.welovecycling.com\/sk\/2017\/08\/18\/vuelta-2017-za-dverami\/","title":{"rendered":"Vuelta 2017 je za dverami, kto zv\u00ed\u0165az\u00ed?"},"content":{"rendered":"<p><strong><span id=\"result_box\" class=\"\" lang=\"sk\" tabindex=\"-1\"><span class=\"\">M\u00e1 Chris Froome e\u0161te \u0161ancu vyhra\u0165 dve Grand Tour za sebou?<\/span> Predvedie <span class=\"\">Contador naposledy niektor\u00fd zo svojich k\u00faskov?<\/span> <span class=\"\">Mnoh\u00ed jazdci maj\u00fa dos\u0165 vysok\u00e9 amb\u00edcie &#8211; \u010derven\u00fd dres si v\u0161ak m\u00f4\u017ee odnies\u0165 iba jeden&#8230; <\/span><\/span><\/strong><!--more--><\/p>\n<h2><strong>Illnur Zakarin<\/strong><\/h2>\n<p>Adeptom s vysok\u00fdmi kurzami je rus Zakarin. Zatia\u013e m\u00e1 na konte druh\u00e9 miesto v celkovom porad\u00ed na spa\u013euj\u00facej Abu Dhabi Tour v roku 2014 a 5. miesto na Gire \u2013 znamen\u00e1 to teda, \u017ee je zvyknut\u00fd na hor\u00face preteky a je skuto\u010dne konzistentn\u00fd.<\/p>\n<div class=\"embed-controller-wrapper\">\n<blockquote class=\"twitter-tweet\" data-width=\"500\" data-dnt=\"true\">\n<p lang=\"en\" dir=\"ltr\">Coffee anyone? \ud83d\ude42 <a href=\"https:\/\/twitter.com\/Tour_de_Pologne?ref_src=twsrc%5Etfw\">@Tour_de_Pologne<\/a> <a href=\"https:\/\/t.co\/lH5iv3xx2q\">pic.twitter.com\/lH5iv3xx2q<\/a><\/p>\n<p>&mdash; zakarin ilnur (@IlnurZakarin) <a href=\"https:\/\/twitter.com\/IlnurZakarin\/status\/892645794632921088?ref_src=twsrc%5Etfw\">August 2, 2017<\/a><\/p><\/blockquote>\n<p><script async data-src=\"https:\/\/platform.twitter.com\/widgets.js\" charset=\"utf-8\"><\/script><\/div>\n<p>27-ro\u010dn\u00fd Zakarin u\u017e ok\u00fasil aj v\u00ed\u0165azstv\u00e1 &#8211; napr\u00edklad na Tour de Romandie v 2015. T\u00edm Katusha-Alpecin ho na Tour nenasadili, tak\u017ee mo\u017eno vedia nie\u010do, \u010do my nie. M\u00f4\u017ee by\u0165 Zakarin na\u0161im outsiderom a narob\u00ed v celkovom porad\u00ed vlny?<\/p>\n<h2><strong>Vincenzo Nibali<\/strong><\/h2>\n<p>\u010eal\u0161\u00ed jazdec, ktor\u00fd ch\u00fdbal na Tour. Vincenzo Nibali bude zo seba chcie\u0165 po ne\u00faspe\u0161nom Gire ur\u010dite vyda\u0165 maximum. Po\u010das Tour to v \u0148om ur\u010dite vrelo, tak\u017ee o\u010dak\u00e1vame, \u017ee tento \u017eralok z t\u00edmu Bahrain-Merida na Vuelte uk\u00e1\u017ee svoje najlep\u0161ie triky<span id=\"result_box\" class=\"\" lang=\"sk\" tabindex=\"-1\"><span class=\"\">.<\/span><\/span><\/p>\n<figure id=\"attachment_160862\" aria-describedby=\"caption-attachment-160862\" style=\"width: 1250px\" class=\"wp-caption alignnone\"><a href=\"https:\/\/d2p6e6u75xmxt8.cloudfront.net\/4\/2017\/08\/profimedia-0333877829.jpg\"><img loading=\"lazy\" decoding=\"async\" class=\"size-full wp-image-2003\" src=\"https:\/\/d2p6e6u75xmxt8.cloudfront.net\/4\/2017\/08\/profimedia-0333877829.jpg\" alt=\"\" width=\"1250\" height=\"833\" \/><\/a><figcaption id=\"caption-attachment-160862\" class=\"wp-caption-text\">8. m\u00e1j 2017. Nibali blaho\u017eel\u00e1 v\u00ed\u0165azovi v\u00fdro\u010dn\u00e9ho 100. Gira, Tomovi Dumoulinovi.<\/figcaption><\/figure>\n<p id=\"result_box\" class=\"\" lang=\"sk\" tabindex=\"-1\"><span id=\"result_box\" class=\"\" lang=\"sk\" tabindex=\"-1\">Tento rok u\u017e vyhral chorv\u00e1tsku Tour a po Gire je ur\u010dite dostato\u010dne rozohriaty. Po Froomovi m\u00e1 pravdepodobne najv\u00e4\u010d\u0161iu \u0161ancu na v\u00ed\u0165azstvo. Dok\u00e1\u017ee v\u0161ak zapracova\u0165 cel\u00fd t\u00edm Bahrain-Merida a pretla\u010di\u0165 Nibaliho k v\u00ed\u0165azstvu?<\/span><\/p>\n<h2><strong>Fabio Aru<\/strong><\/h2>\n<p>Bookmakeri sa museli zbl\u00e1zni\u0165, ke\u010f pon\u00fakali na tohto drobn\u00e9ho Taliana kurz 18-1. Aru ako jedin\u00fd dok\u00e1zal vytrhn\u00fa\u0165 Froomovi zelen\u00fd dres &#8211; a verte, t\u00edm SKY musel zabra\u0165 na pln\u00e9 obr\u00e1tky, aby ho z\u00edskali sp\u00e4\u0165.<\/p>\n<p>https:\/\/www.instagram.com\/p\/BWK6UrHgOm0\/?hl=cs&#038;taken-by=fabioaru1<\/p>\n<p>Aru na Tour prekvapil &#8211; ba zd\u00e1 sa, \u017ee svojou formou zasko\u010dil aj svoj vlastn\u00fd t\u00edm, ktor\u00fd ho potom nedok\u00e1zal dostato\u010dne podpori\u0165. V poslednom t\u00fd\u017edni sa tak jeho n\u00e1deje \u00faplne rozplynuli. Ak sa z toho v Astane aspo\u0148 trochu pou\u017eili, bude v\u00e1\u017enym s\u00faperom.<\/p>\n<h2><strong>Chris Froome<\/strong><\/h2>\n<p>Froome m\u00e1 k dispoz\u00edcii (okrem in\u00e9ho) naozaj skvel\u00fdch domestikov Davida Lopeza, Mikela Nievea a Salvatoreho Puccia. Po tesnom v\u00ed\u0165azstve na Tour (o necel\u00fa min\u00fatu pred Rigobertom Uramom) v\u0161ak bude musie\u0165 poriadne zabra\u0165. Situ\u00e1ciu mu dozaista neu\u013eah\u010d\u00ed ani 9 horsk\u00fdch dojazdov, s ktor\u00fdmi sa na Tour celkom potr\u00e1pil.<\/p>\n<figure id=\"attachment_160863\" aria-describedby=\"caption-attachment-160863\" style=\"width: 1250px\" class=\"wp-caption alignnone\"><a href=\"https:\/\/d2p6e6u75xmxt8.cloudfront.net\/4\/2017\/08\/profimedia-0343399266.jpg\"><img loading=\"lazy\" decoding=\"async\" class=\"size-full wp-image-2005\" src=\"https:\/\/d2p6e6u75xmxt8.cloudfront.net\/4\/2017\/08\/profimedia-0343399266.jpg\" alt=\"\" width=\"1250\" height=\"833\" \/><\/a><figcaption id=\"caption-attachment-160863\" class=\"wp-caption-text\">Chris Froome so svojou man\u017eelkou Michelle Cound na 69. plese monack\u00e9ho \u010cerven\u00e9ho kr\u00ed\u017ea, 28. j\u00fal 2017.<\/figcaption><\/figure>\n<p>Po nieko\u013ek\u00fdch zmaren\u00fdch pokusoch o &#8222;double&#8220; na Grand Tour, nenech\u00e1 Chris ur\u010dite ni\u010d na n\u00e1hodu. Ak sa mu to navy\u0161e nepodar\u00ed teraz, \u010fal\u0161iu \u0161ancu u\u017e mo\u017eno nedostane. \u010ci u\u017e ho m\u00e1te radi, alebo nie, Froome je skvel\u00fd jazdec &#8211; m\u00e1 v\u0161ak na to, sta\u0165 sa legendou?<\/p>\n<p>V minulosti bol jeho najv\u00e4\u010d\u0161\u00edm rivalom Nairo Quintana, no ten sa tohtoro\u010dnej Vuelty nez\u00fa\u010dastn\u00ed.<\/p>\n<h2><strong>Quintana v \u010dervenom&#8230; nebude<br \/>\n<\/strong><\/h2>\n<p>Kolumbij\u010danovi sa v sez\u00f3ne 2016 ve\u013emi nedarilo. Prirodzene, bol z toho dos\u0165 rozladen\u00fd, takmer apatick\u00fd, iba raz za \u010das sa v st\u00fapan\u00ed objavil v z\u00e1vese za Froomom, ako ke\u010f dravec prenasleduje svoju koris\u0165. V\u0161etko sa v\u0161ak zmenilo a Nairo o\u017eil. Zv\u00ed\u0165azil na <span id=\"result_box\" class=\"\" lang=\"sk\" tabindex=\"-1\"><span class=\"\">Vuelte 2016.<\/span><\/span><\/p>\n<figure id=\"attachment_152344\" aria-describedby=\"caption-attachment-152344\" style=\"width: 1250px\" class=\"wp-caption alignnone\"><a href=\"https:\/\/d2p6e6u75xmxt8.cloudfront.net\/4\/2017\/08\/profimedia-0333547991.jpg\"><img loading=\"lazy\" decoding=\"async\" class=\"size-full wp-image-2001\" src=\"https:\/\/d2p6e6u75xmxt8.cloudfront.net\/4\/2017\/08\/profimedia-0333547991.jpg\" alt=\"\" width=\"1250\" height=\"833\" \/><\/a><figcaption id=\"caption-attachment-152344\" class=\"wp-caption-text\">Nairo Quintana (Movistar Team) po\u010das 16. etapy na Gire.<\/figcaption><\/figure>\n<p>Tento rok sme o Quintanovi po\u010duli e\u0161te menej \u2013 na Tour bol takmer nevidite\u013en\u00fd, na Gire skon\u010dil druh\u00fd. Nairo je presne ten typ outsidera, ktor\u00fd dok\u00e1\u017ee znenazdajky za\u017eiari\u0165 ako padaj\u00faca hviezda &#8211; na Vuelte sa to v\u0161ak nestane. \u00daraduj\u00faci \u0161ampi\u00f3n prenechal \u0161ancu na zisk titulu niekomu in\u00e9mu.<\/p>\n<p>Okrem Quintanu sa Vuelty nez\u00fa\u010dastn\u00ed ani jeho t\u00edmov\u00fd spolujazdec Alejandro Valverde, ktor\u00fd utrpel naozaj nepr\u00edjemn\u00fd p\u00e1d hne\u010f na prvej etape Tour, a ani v\u00ed\u0165az Gira, Tom Dumoulin (Sunweb).<\/p>\n<h2><strong>Alberto Contador<br \/>\n<\/strong><\/h2>\n<p>Tohtoro\u010dn\u00fa Vueltu dozaista zatieni aj jedna nepr\u00edjemn\u00e1 rozl\u00fa\u010dka &#8211; Alberto Contador kon\u010d\u00ed. Rozl\u00fa\u010di sa s Grand Tour vo ve\u013ekom \u0161t\u00fdle a pote\u0161\u00ed dom\u00e1cich fan\u00fa\u0161ikov? My d\u00fafame, \u017ee \u00e1no! \ud83d\ude42<\/p>\n<div class=\"shortcode-ys-post-pinup\"><article class=\"loop-simple post-2015 post type-post status-publish format-video has-post-thumbnail hentry category-cestna-cyklisitika category-grand-tour category-vuelta-a-espana tag-alberto-contador tag-vuelta-a-espana post_format-post-format-video\" data-postid=\"2015\" role=\"article\" data-post-id=\"2015\" data-word-count=\"35\" data-headline-length=\"38\" data-category=\"Cestn\u00e1 cyklistika\" data-author=\"We Love Cycling\" data-published=\"2017-08-07T16:11:40+02:00\" data-published-day=\"Monday\">\n    <div class=\"entry-thumbnail article-thumbnail video-thumbnail\" content=\"https:\/\/d2p6e6u75xmxt8.cloudfront.net\/4\/2017\/08\/24242_422442-150x150.webp\"><svg class=\"play font-icon\"><use href=\"#play_round\" xlink:href=\"#play_round\"><\/use><\/svg><a href=\"https:\/\/www.welovecycling.com\/sk\/2017\/08\/07\/alberto-contador-konci-grand-tour\/\" class=\"image-holder\" target=\"_self\"><img decoding=\"async\" loading=\"lazy\" class=\"\" src=\"https:\/\/d2p6e6u75xmxt8.cloudfront.net\/4\/2017\/08\/24242_422442-1024x447.webp\" srcset=\"https:\/\/d2p6e6u75xmxt8.cloudfront.net\/4\/2017\/08\/24242_422442.webp 1375w, https:\/\/d2p6e6u75xmxt8.cloudfront.net\/4\/2017\/08\/24242_422442-300x131.webp 300w, https:\/\/d2p6e6u75xmxt8.cloudfront.net\/4\/2017\/08\/24242_422442-1024x447.webp 1024w, https:\/\/d2p6e6u75xmxt8.cloudfront.net\/4\/2017\/08\/24242_422442-768x335.webp 768w\" width=\"1024\" height=\"447\" sizes=\"auto, (min-width: 1200px) 458px, (min-width: 768px) 38vw, 100vw\" alt=\"alberto-contador-konci-grand-tour\"\/><\/a><\/div>    <div class=\"entry-meta\">\n        <a class=\"label label-secondary post-category\" href=\"https:\/\/www.welovecycling.com\/sk\/category\/cestna-cyklisitika\/\" title=\"Cestn\u00e1 cyklistika\">Cestn\u00e1 cyklistika<\/a>\n    <\/div>\n    <div class=\"entry-details\">\n        <a href=\"https:\/\/www.welovecycling.com\/sk\/2017\/08\/07\/alberto-contador-konci-grand-tour\/\" class='entry-title-wrapper'>\n            <h3 class=\"entry-title\"><span>Alberto Contador kon\u010d\u00ed na Grand Tour<\/span><\/h3>\n        <\/a>\n    <\/div>\n    <\/article>\n<\/div>\n<h2><strong>BONUS: Top okamihy z Vuelty 2016<\/strong><\/h2>\n<div class=\"embed-controller-wrapper\"><iframe title=\"Best of - La Vuelta a Espa\u00f1a 2016 - US\" frameborder=\"0\" width=\"500\" height=\"281\" data-src=\"https:\/\/geo.dailymotion.com\/player.html?video=x4sx0uo&#038;\" allowfullscreen allow=\"autoplay; fullscreen; picture-in-picture; web-share\"><\/iframe><\/div>\n","protected":false},"excerpt":{"rendered":"<p>M\u00e1 Chris Froome e\u0161te \u0161ancu vyhra\u0165 dve Grand Tour za sebou? Predvedie Contador naposledy niektor\u00fd zo svojich k\u00faskov? Mnoh\u00ed jazdci [&hellip;]<\/p>\n","protected":false},"author":38,"featured_media":2007,"comment_status":"open","ping_status":"open","sticky":false,"template":"","format":"standard","meta":{"footnotes":""},"categories":[4,63,217],"tags":[121,119,151,218,116,197,219],"global-categories":[],"class_list":["post-2000","post","type-post","status-publish","format-standard","has-post-thumbnail","hentry","category-cestna-cyklisitika","category-grand-tour","category-vuelta-a-espana","tag-alberto-contador","tag-chris-froome","tag-fabio-aru","tag-illnur-zakarin","tag-nairo-quintana","tag-vincenzo-nibali","tag-vuelta-a-espana"],"yoast_head":"<!-- This site is optimized with the Yoast SEO Premium plugin v25.3 (Yoast SEO v25.9) - https:\/\/yoast.com\/wordpress\/plugins\/seo\/ -->\n<title>Vuelta 2017 je za dverami, kto zv\u00ed\u0165az\u00ed? - \u0160koda We Love Cycling Slovensko<\/title>\n<meta name=\"robots\" content=\"index, follow, max-snippet:-1, max-image-preview:large, max-video-preview:-1\" \/>\n<link rel=\"canonical\" href=\"https:\/\/www.welovecycling.com\/sk\/2017\/08\/18\/vuelta-2017-za-dverami\/\" \/>\n<meta property=\"og:locale\" content=\"sk_SK\" \/>\n<meta property=\"og:type\" content=\"article\" \/>\n<meta property=\"og:title\" content=\"Vuelta 2017 je za dverami, kto zv\u00ed\u0165az\u00ed?\" \/>\n<meta property=\"og:description\" content=\"M\u00e1 Chris Froome e\u0161te \u0161ancu vyhra\u0165 dve Grand Tour za sebou? Predvedie Contador naposledy niektor\u00fd zo svojich k\u00faskov? Mnoh\u00ed jazdci [&hellip;]\" \/>\n<meta property=\"og:url\" content=\"https:\/\/www.welovecycling.com\/sk\/2017\/08\/18\/vuelta-2017-za-dverami\/\" \/>\n<meta property=\"og:site_name\" content=\"\u0160koda We Love Cycling Slovensko\" \/>\n<meta property=\"article:published_time\" content=\"2017-08-18T15:03:42+00:00\" \/>\n<meta property=\"article:modified_time\" content=\"2017-08-18T15:24:52+00:00\" \/>\n<meta property=\"og:image\" content=\"https:\/\/d2p6e6u75xmxt8.cloudfront.net\/4\/2017\/08\/profimedia-0079090742jpg.webp\" \/>\n\t<meta property=\"og:image:width\" content=\"1375\" \/>\n\t<meta property=\"og:image:height\" content=\"600\" \/>\n\t<meta property=\"og:image:type\" content=\"image\/webp\" \/>\n<meta name=\"author\" content=\"Ondrej Ga\u0161par\" \/>\n<meta name=\"twitter:card\" content=\"summary_large_image\" \/>\n<meta name=\"twitter:label1\" content=\"Written by\" \/>\n\t<meta name=\"twitter:data1\" content=\"We Love Cycling\" \/>\n\t<meta name=\"twitter:label2\" content=\"Est. reading time\" \/>\n\t<meta name=\"twitter:data2\" content=\"4 minutes\" \/>\n<script type=\"application\/ld+json\" class=\"yoast-schema-graph\">{\"@context\":\"https:\/\/schema.org\",\"@graph\":[{\"@type\":\"WebPage\",\"@id\":\"https:\/\/www.welovecycling.com\/sk\/2017\/08\/18\/vuelta-2017-za-dverami\/\",\"url\":\"https:\/\/www.welovecycling.com\/sk\/2017\/08\/18\/vuelta-2017-za-dverami\/\",\"name\":\"Vuelta 2017 je za dverami, kto zv\u00ed\u0165az\u00ed? - \u0160koda We Love Cycling Slovensko\",\"isPartOf\":{\"@id\":\"https:\/\/www.welovecycling.com\/sk\/#website\"},\"primaryImageOfPage\":{\"@id\":\"https:\/\/www.welovecycling.com\/sk\/2017\/08\/18\/vuelta-2017-za-dverami\/#primaryimage\"},\"image\":{\"@id\":\"https:\/\/www.welovecycling.com\/sk\/2017\/08\/18\/vuelta-2017-za-dverami\/#primaryimage\"},\"thumbnailUrl\":\"https:\/\/d2p6e6u75xmxt8.cloudfront.net\/4\/2017\/08\/profimedia-0079090742jpg.webp\",\"datePublished\":\"2017-08-18T15:03:42+00:00\",\"dateModified\":\"2017-08-18T15:24:52+00:00\",\"author\":{\"@id\":\"https:\/\/www.welovecycling.com\/sk\/#\/schema\/person\/8ee09ba39b7e25b1870160aa5b3a89bc\"},\"breadcrumb\":{\"@id\":\"https:\/\/www.welovecycling.com\/sk\/2017\/08\/18\/vuelta-2017-za-dverami\/#breadcrumb\"},\"inLanguage\":\"sk-SK\",\"potentialAction\":[{\"@type\":\"ReadAction\",\"target\":[\"https:\/\/www.welovecycling.com\/sk\/2017\/08\/18\/vuelta-2017-za-dverami\/\"]}]},{\"@type\":\"ImageObject\",\"inLanguage\":\"sk-SK\",\"@id\":\"https:\/\/www.welovecycling.com\/sk\/2017\/08\/18\/vuelta-2017-za-dverami\/#primaryimage\",\"url\":\"https:\/\/d2p6e6u75xmxt8.cloudfront.net\/4\/2017\/08\/profimedia-0079090742jpg.webp\",\"contentUrl\":\"https:\/\/d2p6e6u75xmxt8.cloudfront.net\/4\/2017\/08\/profimedia-0079090742jpg.webp\",\"width\":1375,\"height\":600},{\"@type\":\"BreadcrumbList\",\"@id\":\"https:\/\/www.welovecycling.com\/sk\/2017\/08\/18\/vuelta-2017-za-dverami\/#breadcrumb\",\"itemListElement\":[{\"@type\":\"ListItem\",\"position\":1,\"name\":\"Home\",\"item\":\"https:\/\/www.welovecycling.com\/sk\/\"},{\"@type\":\"ListItem\",\"position\":2,\"name\":\"Vuelta 2017 je za dverami, kto zv\u00ed\u0165az\u00ed?\"}]},{\"@type\":\"WebSite\",\"@id\":\"https:\/\/www.welovecycling.com\/sk\/#website\",\"url\":\"https:\/\/www.welovecycling.com\/sk\/\",\"name\":\"\u0160koda We Love Cycling Slovensko\",\"description\":\"\u0160koda We Love Cycling Slovensko je v\u00e1\u0161 ka\u017edodenn\u00fd zdroj noviniek a in\u0161pir\u00e1cie z sveta cyklistiky\",\"potentialAction\":[{\"@type\":\"SearchAction\",\"target\":{\"@type\":\"EntryPoint\",\"urlTemplate\":\"https:\/\/www.welovecycling.com\/sk\/?s={search_term_string}\"},\"query-input\":{\"@type\":\"PropertyValueSpecification\",\"valueRequired\":true,\"valueName\":\"search_term_string\"}}],\"inLanguage\":\"sk-SK\"},{\"@type\":\"Person\",\"@id\":\"https:\/\/www.welovecycling.com\/sk\/#\/schema\/person\/8ee09ba39b7e25b1870160aa5b3a89bc\",\"name\":\"Ondrej Ga\u0161par\",\"image\":{\"@type\":\"ImageObject\",\"inLanguage\":\"sk-SK\",\"@id\":\"https:\/\/www.welovecycling.com\/sk\/#\/schema\/person\/image\/\",\"url\":\"https:\/\/secure.gravatar.com\/avatar\/6126c9afb87b70da5abbb083ddbb21933da15f18f8ca7cb822aba0fb096a48f6?s=96&d=mm&r=g\",\"contentUrl\":\"https:\/\/secure.gravatar.com\/avatar\/6126c9afb87b70da5abbb083ddbb21933da15f18f8ca7cb822aba0fb096a48f6?s=96&d=mm&r=g\",\"caption\":\"Ondrej Ga\u0161par\"},\"url\":\"https:\/\/www.welovecycling.com\/sk\/author\/ondrejgaspar\/\"}]}<\/script>\n<!-- \/ Yoast SEO Premium plugin. -->","yoast_head_json":{"title":"Vuelta 2017 je za dverami, kto zv\u00ed\u0165az\u00ed? - \u0160koda We Love Cycling Slovensko","robots":{"index":"index","follow":"follow","max-snippet":"max-snippet:-1","max-image-preview":"max-image-preview:large","max-video-preview":"max-video-preview:-1"},"canonical":"https:\/\/www.welovecycling.com\/sk\/2017\/08\/18\/vuelta-2017-za-dverami\/","og_locale":"sk_SK","og_type":"article","og_title":"Vuelta 2017 je za dverami, kto zv\u00ed\u0165az\u00ed?","og_description":"M\u00e1 Chris Froome e\u0161te \u0161ancu vyhra\u0165 dve Grand Tour za sebou? Predvedie Contador naposledy niektor\u00fd zo svojich k\u00faskov? Mnoh\u00ed jazdci [&hellip;]","og_url":"https:\/\/www.welovecycling.com\/sk\/2017\/08\/18\/vuelta-2017-za-dverami\/","og_site_name":"\u0160koda We Love Cycling Slovensko","article_published_time":"2017-08-18T15:03:42+00:00","article_modified_time":"2017-08-18T15:24:52+00:00","og_image":[{"width":1375,"height":600,"url":"https:\/\/d2p6e6u75xmxt8.cloudfront.net\/4\/2017\/08\/profimedia-0079090742jpg.webp","type":"image\/webp"}],"author":"Ondrej Ga\u0161par","twitter_card":"summary_large_image","twitter_misc":{"Written by":"We Love Cycling","Est. reading time":"4 minutes"},"schema":{"@context":"https:\/\/schema.org","@graph":[{"@type":"WebPage","@id":"https:\/\/www.welovecycling.com\/sk\/2017\/08\/18\/vuelta-2017-za-dverami\/","url":"https:\/\/www.welovecycling.com\/sk\/2017\/08\/18\/vuelta-2017-za-dverami\/","name":"Vuelta 2017 je za dverami, kto zv\u00ed\u0165az\u00ed? - \u0160koda We Love Cycling Slovensko","isPartOf":{"@id":"https:\/\/www.welovecycling.com\/sk\/#website"},"primaryImageOfPage":{"@id":"https:\/\/www.welovecycling.com\/sk\/2017\/08\/18\/vuelta-2017-za-dverami\/#primaryimage"},"image":{"@id":"https:\/\/www.welovecycling.com\/sk\/2017\/08\/18\/vuelta-2017-za-dverami\/#primaryimage"},"thumbnailUrl":"https:\/\/d2p6e6u75xmxt8.cloudfront.net\/4\/2017\/08\/profimedia-0079090742jpg.webp","datePublished":"2017-08-18T15:03:42+00:00","dateModified":"2017-08-18T15:24:52+00:00","author":{"@id":"https:\/\/www.welovecycling.com\/sk\/#\/schema\/person\/8ee09ba39b7e25b1870160aa5b3a89bc"},"breadcrumb":{"@id":"https:\/\/www.welovecycling.com\/sk\/2017\/08\/18\/vuelta-2017-za-dverami\/#breadcrumb"},"inLanguage":"sk-SK","potentialAction":[{"@type":"ReadAction","target":["https:\/\/www.welovecycling.com\/sk\/2017\/08\/18\/vuelta-2017-za-dverami\/"]}]},{"@type":"ImageObject","inLanguage":"sk-SK","@id":"https:\/\/www.welovecycling.com\/sk\/2017\/08\/18\/vuelta-2017-za-dverami\/#primaryimage","url":"https:\/\/d2p6e6u75xmxt8.cloudfront.net\/4\/2017\/08\/profimedia-0079090742jpg.webp","contentUrl":"https:\/\/d2p6e6u75xmxt8.cloudfront.net\/4\/2017\/08\/profimedia-0079090742jpg.webp","width":1375,"height":600},{"@type":"BreadcrumbList","@id":"https:\/\/www.welovecycling.com\/sk\/2017\/08\/18\/vuelta-2017-za-dverami\/#breadcrumb","itemListElement":[{"@type":"ListItem","position":1,"name":"Home","item":"https:\/\/www.welovecycling.com\/sk\/"},{"@type":"ListItem","position":2,"name":"Vuelta 2017 je za dverami, kto zv\u00ed\u0165az\u00ed?"}]},{"@type":"WebSite","@id":"https:\/\/www.welovecycling.com\/sk\/#website","url":"https:\/\/www.welovecycling.com\/sk\/","name":"\u0160koda We Love Cycling Slovensko","description":"\u0160koda We Love Cycling Slovensko je v\u00e1\u0161 ka\u017edodenn\u00fd zdroj noviniek a in\u0161pir\u00e1cie z sveta cyklistiky","potentialAction":[{"@type":"SearchAction","target":{"@type":"EntryPoint","urlTemplate":"https:\/\/www.welovecycling.com\/sk\/?s={search_term_string}"},"query-input":{"@type":"PropertyValueSpecification","valueRequired":true,"valueName":"search_term_string"}}],"inLanguage":"sk-SK"},{"@type":"Person","@id":"https:\/\/www.welovecycling.com\/sk\/#\/schema\/person\/8ee09ba39b7e25b1870160aa5b3a89bc","name":"Ondrej Ga\u0161par","image":{"@type":"ImageObject","inLanguage":"sk-SK","@id":"https:\/\/www.welovecycling.com\/sk\/#\/schema\/person\/image\/","url":"https:\/\/secure.gravatar.com\/avatar\/6126c9afb87b70da5abbb083ddbb21933da15f18f8ca7cb822aba0fb096a48f6?s=96&d=mm&r=g","contentUrl":"https:\/\/secure.gravatar.com\/avatar\/6126c9afb87b70da5abbb083ddbb21933da15f18f8ca7cb822aba0fb096a48f6?s=96&d=mm&r=g","caption":"Ondrej Ga\u0161par"},"url":"https:\/\/www.welovecycling.com\/sk\/author\/ondrejgaspar\/"}]}},"_links":{"self":[{"href":"https:\/\/www.welovecycling.com\/sk\/wp-json\/wp\/v2\/posts\/2000","targetHints":{"allow":["GET"]}}],"collection":[{"href":"https:\/\/www.welovecycling.com\/sk\/wp-json\/wp\/v2\/posts"}],"about":[{"href":"https:\/\/www.welovecycling.com\/sk\/wp-json\/wp\/v2\/types\/post"}],"author":[{"embeddable":true,"href":"https:\/\/www.welovecycling.com\/sk\/wp-json\/wp\/v2\/users\/38"}],"replies":[{"embeddable":true,"href":"https:\/\/www.welovecycling.com\/sk\/wp-json\/wp\/v2\/comments?post=2000"}],"version-history":[{"count":2,"href":"https:\/\/www.welovecycling.com\/sk\/wp-json\/wp\/v2\/posts\/2000\/revisions"}],"predecessor-version":[{"id":2020,"href":"https:\/\/www.welovecycling.com\/sk\/wp-json\/wp\/v2\/posts\/2000\/revisions\/2020"}],"wp:featuredmedia":[{"embeddable":true,"href":"https:\/\/www.welovecycling.com\/sk\/wp-json\/wp\/v2\/media\/2007"}],"wp:attachment":[{"href":"https:\/\/www.welovecycling.com\/sk\/wp-json\/wp\/v2\/media?parent=2000"}],"wp:term":[{"taxonomy":"category","embeddable":true,"href":"https:\/\/www.welovecycling.com\/sk\/wp-json\/wp\/v2\/categories?post=2000"},{"taxonomy":"post_tag","embeddable":true,"href":"https:\/\/www.welovecycling.com\/sk\/wp-json\/wp\/v2\/tags?post=2000"},{"taxonomy":"global-categories","embeddable":true,"href":"https:\/\/www.welovecycling.com\/sk\/wp-json\/wp\/v2\/global-categories?post=2000"}],"curies":[{"name":"wp","href":"https:\/\/api.w.org\/{rel}","templated":true}]}}