{"id":19994,"date":"2025-01-10T11:45:44","date_gmt":"2025-01-10T10:45:44","guid":{"rendered":"https:\/\/www.welovecycling.com\/sk\/?p=19994"},"modified":"2025-02-21T13:12:50","modified_gmt":"2025-02-21T12:12:50","slug":"zimna-udrzba-bicykla-naucte-deti-zakladnu-starostlivost","status":"publish","type":"post","link":"https:\/\/www.welovecycling.com\/sk\/2025\/01\/10\/zimna-udrzba-bicykla-naucte-deti-zakladnu-starostlivost\/","title":{"rendered":"Zimn\u00e1 \u00fadr\u017eba bicykla: Nau\u010dte deti z\u00e1kladn\u00fa starostlivos\u0165"},"content":{"rendered":"<p style=\"font-weight: 400;\"><strong>Ke\u010f sa dni ochladia a vonku f\u00faka studen\u00fd vietor, pravdepodobne sed\u00edte doma a prem\u00fd\u0161\u013eate, ak\u00fd druh outdoorovej aktivity si zvoli\u0165. A aj ke\u010f sa cyklistick\u00e1 sez\u00f3na skon\u010dila, zimn\u00fd \u010das je skvelou pr\u00edle\u017eitos\u0165ou nau\u010di\u0165 deti, ako sa stara\u0165 o svoje bicykle. T\u00fdm, \u017ee im uk\u00e1\u017eete kroky, ako udr\u017ea\u0165 ich bicykle v skvelej kond\u00edcii, im tie\u017e pom\u00f4\u017eete pochopi\u0165, \u010do je to zodpovednos\u0165, vybudova\u0165 si sebad\u00f4veru a by\u0165 hrd\u00fd na svoju vlastn\u00fa pr\u00e1cu.<\/strong><\/p>\n<p><!--more--><\/p>\n<h2><b>1. \u010cistenie re\u0165aze a prevodov<\/b><\/h2>\n<p style=\"font-weight: 400;\"><strong><b>Ako to vysvetli\u0165 de\u0165om:<\/b><\/strong><\/p>\n<p style=\"font-weight: 400;\"><span style=\"font-weight: 400;\">Sk\u00faste pou\u017ei\u0165 jednoduch\u00fd jazyk. Napr\u00edklad: <em>\u201eRe\u0165az je ako svaly bicykla \u2013 pom\u00e1ha koles\u00e1m pohybova\u0165 sa. Ke\u010f sa za\u0161pin\u00ed, nefunguje dobre a je to podobn\u00e9, ako ke\u010f s\u00fa na\u0161e top\u00e1nky zablaten\u00e9 a \u0165a\u017ek\u00e9.\u201c<\/em> Uk\u00e1\u017ete im, ako sa v\u010faka \u010distej <a href=\"https:\/\/www.welovecycling.com\/sk\/2021\/05\/20\/ako-rozpoznat-kedy-vymenit-opotrebovanu-retaz\/\" target=\"_blank\" rel=\"noopener\">re\u0165azi<\/a> na bicykli \u013eah\u0161ie \u0161liape a hlavne, \u017ee v\u010faka tomu vydr\u017e\u00ed dlh\u0161ie.<\/span><\/p>\n<p style=\"font-weight: 400;\"><b>\u010co budete potrebova\u0165:<\/b><\/p>\n<ul>\n<li><span style=\"font-weight: 400;\">Kefka s m\u00e4kk\u00fdmi \u0161tetinami<\/span><\/li>\n<li><span style=\"font-weight: 400;\">Jemn\u00fd odmas\u0165ova\u010d bicyklov<\/span><\/li>\n<li><span style=\"font-weight: 400;\">\u010cist\u00e1 handra<\/span><\/li>\n<li><span style=\"font-weight: 400;\">Cyklistick\u00e9 mazivo (lubrikant)<\/span><\/li>\n<\/ul>\n<p style=\"font-weight: 400;\"><strong><b>Pokyny<\/b>:<\/strong><\/p>\n<p><b>Zabezpe\u010dte bicykel: <\/b><span style=\"font-weight: 400;\">Za\u010dnite umiestnen\u00edm bicykla tak, aby sa neprevr\u00e1til. Znovu pou\u017eite pr\u00edklad: <em>\u201eTak ako si sadnete pri viazan\u00ed top\u00e1nok, aby ste nespadli, aj bicykel mus\u00ed by\u0165 stabiln\u00fd, ke\u010f ho \u010dist\u00edme.\u201c<\/em><\/span><\/p>\n<p><b>Odstr\u00e1\u0148te ne\u010distoty:<\/b><span style=\"font-weight: 400;\"> Nechajte die\u0165a jemne o\u010disti\u0165 blato, piesok alebo l\u00edstie. Vysvetlite: <em>\u201eBicykel o\u010dist\u00edme, aby pekne vyzeral a n\u00e1m sa na \u0148om dobre jazdilo.\u201c<\/em><\/span><\/p>\n<p><b>Pou\u017eite odmas\u0165ova\u010d: <\/b><span style=\"font-weight: 400;\">Naneste trochu odmas\u0165ova\u010da na re\u0165az a prevody. Op\u00fdtajte sa: <em>\u201e\u010co sa stane, ke\u010f um\u00fdvame riad mydlom?\u201c<\/em> Spojte t\u00fato my\u0161lienku s t\u00fdm, ako odmas\u0165ova\u010d odstra\u0148uje n\u00e1nosy mastnoty. Po kr\u00e1tkom \u010dakan\u00ed ho utrite handrou.<\/span><\/p>\n<p><b>Nama\u017ete re\u0165az: <\/b><span style=\"font-weight: 400;\">Po zaschnut\u00ed pridajte nieko\u013eko kvapiek maziva. Povedzte: <em>\u201eJe to ako natiera\u0165 si kr\u00e9m na ruky po um\u00fdvan\u00ed sa. Udr\u017euje v\u0161etko hladk\u00e9.\u201c<\/em> Pri nan\u00e1\u0161an\u00ed maziva pomaly ot\u00e1\u010dajte ped\u00e1lmi, aby va\u0161e die\u0165a videlo, ako sa rovnomerne rozotiera.<\/span><\/p>\n<h2><b>2. Kontrola tlaku v pneumatik\u00e1ch a h\u013abky dez\u00e9nu<\/b><\/h2>\n<p style=\"font-weight: 400;\"><b>Ako to vysvetli\u0165 de\u0165om:<\/b><\/p>\n<p style=\"font-weight: 400;\"><b>Povedzte de\u0165om: <\/b><span style=\"font-weight: 400;\"><em>\u201ePneumatiky s\u00fa ako top\u00e1nky na bicykli. Ak s\u00fa pr\u00edli\u0161 m\u00e4kk\u00e9, \u0165a\u017eko sa na nich jazd\u00ed, a ak s\u00fa pr\u00edli\u0161 naf\u00fakan\u00e9, budeme c\u00edti\u0165 ka\u017ed\u00fd kamienok.\u201c<\/em> Uk\u00e1\u017ete im \u201etajn\u00e9 \u010d\u00edsla\u201c na boku pneumatiky, ktor\u00e9 v\u00e1m povedia, ko\u013eko vzduchu m\u00e1te dof\u00faka\u0165.<\/span><\/p>\n<p style=\"font-weight: 400;\"><b>\u010co budete potrebova\u0165:<\/b><\/p>\n<ul>\n<li><span style=\"font-weight: 400;\">Pumpa na bicykel s tlakomerom<\/span><\/li>\n<li><span style=\"font-weight: 400;\">Pokyny pre tlak v pneumatik\u00e1ch (\u010dasto uveden\u00e9 na boku pneumatiky)<\/span><\/li>\n<\/ul>\n<p style=\"font-weight: 400;\"><strong><b>Pokyny<\/b>:<\/strong><\/p>\n<p><b>N\u00e1jdite spr\u00e1vny tlak: <\/b><span style=\"font-weight: 400;\">Uk\u00e1\u017ete im odpor\u00fa\u010dan\u00fd rozsah nap\u00edsan\u00fd na pneumatike. Povedzte: <em>\u201eToto s\u00fa magick\u00e9 \u010d\u00edsla, v\u010faka ktor\u00fdm bude va\u0161a jazda hladk\u00e1.\u201c<\/em><\/span><\/p>\n<p><b>Pripevnite pumpu: <\/b><span style=\"font-weight: 400;\">Nau\u010dte ich, ako namontova\u0165 pumpu na ventil. M\u00f4\u017eete poveda\u0165: \u201eJe to ako vlo\u017ei\u0165 slamku do \u0161katule od d\u017e\u00fasu \u2013 len ju zarovnajte a jemne zatla\u010dte.\u201c<\/span><\/p>\n<p><b>\u010c\u00edtanie tlakomeru: <\/b><span style=\"font-weight: 400;\">Ve\u010fte ich, aby pumpovali pomaly a sledovali tlakomer. <em>\u201eKe\u010f \u0161\u00edpka ukazuje na spr\u00e1vne \u010d\u00edslo, skon\u010dili sme!\u201c<\/em><\/span><\/p>\n<p><b>Vysvetlite, pre\u010do je to d\u00f4le\u017eit\u00e9: <\/b><em><span style=\"font-weight: 400;\">\u201eTak ako nosenie top\u00e1nok spr\u00e1vnej ve\u013ekosti rob\u00ed ch\u00f4dzu pohodlnou, v\u010faka spr\u00e1vnemu mno\u017estvu vzduchu je jazda jednoduch\u0161ia a bezpe\u010dnej\u0161ia.\u201c<\/span><\/em><\/p>\n<figure id=\"attachment_19995\" aria-describedby=\"caption-attachment-19995\" style=\"width: 990px\" class=\"wp-caption alignnone\"><a href=\"https:\/\/d2p6e6u75xmxt8.cloudfront.net\/4\/2025\/01\/Family-Cycling-profimedia-0799497710-CVR.webp\"><img loading=\"lazy\" decoding=\"async\" class=\"wp-image-19995 size-full\" src=\"https:\/\/d2p6e6u75xmxt8.cloudfront.net\/4\/2025\/01\/Family-Cycling-profimedia-0799497710-CVR.webp\" alt=\"Family cycling\" width=\"990\" height=\"660\" srcset=\"https:\/\/d2p6e6u75xmxt8.cloudfront.net\/4\/2025\/01\/Family-Cycling-profimedia-0799497710-CVR.webp 990w, https:\/\/d2p6e6u75xmxt8.cloudfront.net\/4\/2025\/01\/Family-Cycling-profimedia-0799497710-CVR-300x200.webp 300w, https:\/\/d2p6e6u75xmxt8.cloudfront.net\/4\/2025\/01\/Family-Cycling-profimedia-0799497710-CVR-768x512.webp 768w, https:\/\/d2p6e6u75xmxt8.cloudfront.net\/4\/2025\/01\/Family-Cycling-profimedia-0799497710-CVR-400x267.webp 400w, https:\/\/d2p6e6u75xmxt8.cloudfront.net\/4\/2025\/01\/Family-Cycling-profimedia-0799497710-CVR-272x182.webp 272w\" sizes=\"auto, (max-width: 990px) 100vw, 990px\" \/><\/a><figcaption id=\"caption-attachment-19995\" class=\"wp-caption-text\"><span style=\"font-weight: 400;\">Nau\u010dte svoje deti stara\u0165 sa o bicykel. \u00a9 Profimedia<\/span><\/figcaption><\/figure>\n<h2><b>3. Kontrola b\u0155zd a laniek<\/b><\/h2>\n<p style=\"font-weight: 400;\"><strong><b>Ako to vysvetli\u0165 de\u0165om:<\/b><\/strong><\/p>\n<p style=\"font-weight: 400;\"><em><span style=\"font-weight: 400;\">\u201eBrzdy s\u00fa ako tla\u010didlo stop na bicykli. Ak funguj\u00fa dobre, m\u00f4\u017eete bezpe\u010dne zastavi\u0165, rovnako ako my, ke\u010f prech\u00e1dzame cez ulicu.\u201c<\/span><\/em><\/p>\n<p style=\"font-weight: 400;\"><strong>\u010co budete potrebova\u0165:<\/strong><\/p>\n<ul>\n<li>Dobre vidie\u0165 na brzdov\u00e9 do\u0161ti\u010dky a k\u00e1ble<\/li>\n<\/ul>\n<p style=\"font-weight: 400;\"><strong><b>Pokyny<\/b>:<\/strong><\/p>\n<p><b>Skontrolujte brzdy: <\/b><span style=\"font-weight: 400;\">Uk\u00e1\u017ete im, ako stla\u010di\u0165 brzdov\u00e9 p\u00e1\u010dky. <em>\u201eVid\u00ed\u0161, ako sa tieto mal\u00e9 gumen\u00e9 bloky dot\u00fdkaj\u00fa kolesa? Ak s\u00fa pr\u00edli\u0161 opotrebovan\u00e9 alebo kriv\u00e9, koleso sa nem\u00f4\u017ee dobre zastavi\u0165.\u201c<\/em><\/span><\/p>\n<p><b>Drobn\u00e9 \u00fapravy: <\/b><span style=\"font-weight: 400;\">Vysvetlite im, \u017ee niekedy sta\u010d\u00ed utiahnu\u0165 mal\u00fa skrutku alebo narovna\u0165 podlo\u017eku. <em>\u201eRovnako ako si zavia\u017eete uvo\u013enen\u00fa \u0161n\u00farku na top\u00e1nke, aby ste nezakopli, opravujeme aj brzdy, aby sme mohli bezpe\u010dne zastavi\u0165.\u201c<\/em><\/span><\/p>\n<p><b>Pre\u010do je to d\u00f4le\u017eit\u00e9: <\/b><span style=\"font-weight: 400;\">Ubezpe\u010dte ich, \u017ee dobr\u00e9 brzdy im pom\u00e1haj\u00fa zosta\u0165 na ceste v bezpe\u010d\u00ed. <em>\u201eKe\u010f dok\u00e1\u017eete \u013eahko zastavi\u0165, m\u00f4\u017eete chr\u00e1ni\u0165 seba aj ostatn\u00fdch.\u201c<\/em><\/span><\/p>\n<h2><b>4. Z\u00e1kladn\u00e9 \u00fapravy sedadla a riadidiel<\/b><\/h2>\n<p style=\"font-weight: 400;\"><strong><b>Ako to vysvetli\u0165 de\u0165om:<\/b><\/strong><\/p>\n<p style=\"font-weight: 400;\"><em><span style=\"font-weight: 400;\">\u201ePredstavte si, \u017ee by ste sa pok\u00fasili jazdi\u0165 na bicykli, ktor\u00fd je pr\u00edli\u0161 ve\u013ek\u00fd alebo pr\u00edli\u0161 mal\u00fd. Nebol by to dobr\u00fd pocit! Nastavenie sedadla a riadidiel pom\u00e1ha, aby v\u00e1m bicykel sedel tak akur\u00e1t.\u201c<\/span><\/em><\/p>\n<p style=\"font-weight: 400;\"><b>\u010co budete potrebova\u0165:<\/b><\/p>\n<p><span style=\"font-weight: 400;\">K\u013e\u00fa\u010d spr\u00e1vnej ve\u013ekosti alebo imbusov\u00fd k\u013e\u00fa\u010d<\/span><\/p>\n<p style=\"font-weight: 400;\"><strong><b>Pokyny<\/b>:<\/strong><\/p>\n<p><b>Nastavenie sedadla (sedla): <\/b><span style=\"font-weight: 400;\">Uvo\u013enite skrutku sedadla, posu\u0148te sedadlo nahor alebo nadol a znova ho utiahnite. <em>\u201eJe to ako zmeni\u0165 v\u00fd\u0161ku stoli\u010dky, aby sa va\u0161e nohy mohli dot\u00fdka\u0165 zeme.\u201c<\/em><\/span><\/p>\n<p><b>Poloha riadidiel: <\/b><span style=\"font-weight: 400;\">Uk\u00e1\u017ete im, ako mal\u00e9 oto\u010denie zmen\u00ed sp\u00f4sob, ak\u00fdm dosiahnu na riadidl\u00e1. <em>\u201eLen mal\u00e9 pooto\u010denie m\u00f4\u017ee u\u013eah\u010di\u0165 riadenie a budete ma\u0165 v\u00e4\u010d\u0161iu istotu pri bicyklovan\u00ed.\u201c<\/em><\/span><\/p>\n<h2><b>5. Rodinn\u00e1 hra na detekt\u00edvov: Urobte si z \u00fadr\u017eby z\u00e1bavu<\/b><\/h2>\n<p style=\"font-weight: 400;\"><b>Ako o tom s de\u0165mi hovori\u0165:<\/b><\/p>\n<p style=\"font-weight: 400;\"><span style=\"font-weight: 400;\">Dajte de\u0165om vedie\u0165, \u017ee u\u010denie sa t\u00fdchto zru\u010dnost\u00ed nie je len fu\u0161ka \u2013 m\u00f4\u017ee to by\u0165 z\u00e1bavn\u00fd rodinn\u00fd projekt. <em>\u201ePredstavte si, \u017ee sme v\u0161etci detekt\u00edvi, ktor\u00ed rie\u0161ia z\u00e1hadu: Ako m\u00f4\u017eeme zlep\u0161i\u0165 stav na\u0161ich bicyklov? Ka\u017ed\u00fd z n\u00e1s m\u00e1 \u0161peci\u00e1lnu pr\u00e1cu.\u201c<\/em><\/span><\/p>\n<p style=\"font-weight: 400;\"><b>Ako na to:<\/b><\/p>\n<p><b>Vytvorte z\u00e1bavn\u00fd pracovn\u00fd priestor: <\/b><span style=\"font-weight: 400;\">Vytvorte si \u010dist\u00fd priestor v gar\u00e1\u017ei, ob\u00fdva\u010dke alebo suter\u00e9ne. Zapnite si hudbu, mo\u017eno si nachystajte nejak\u00e9 ob\u010derstvenie. <\/span><\/p>\n<p><b>Rozde\u013ete \u00falohy: <\/b><span style=\"font-weight: 400;\">Prira\u010fte ka\u017ed\u00e9mu jeho \u00falohu: <em>\u201eSkontroluje\u0161 pneumatiky, ja vy\u010dist\u00edm re\u0165az a tvoj brat m\u00f4\u017ee nastavi\u0165 sedadlo. Spolu sme ako t\u00edm bicyklov\u00fdch \u0161pecialistov!\u201c<\/em><\/span><\/p>\n<p><b>U\u010dte sa spolu: <\/b><span style=\"font-weight: 400;\">Ak si nie ste nie\u010d\u00edm ist\u00ed, n\u00e1jdite si kr\u00e1tke online video a pozrite si ho spolu ako rodina. <em>\u201eU\u010dme sa spolu, aby sme to dok\u00e1zali spr\u00e1vne!\u201c<\/em><\/span><\/p>\n<h2 style=\"font-weight: 400;\"><b>Z\u00e1vere\u010dn\u00e9 my\u0161lienky<\/b><\/h2>\n<p style=\"font-weight: 400;\"><span style=\"font-weight: 400;\">Ako rodi\u010d viete, \u017ee to nie je len o bicykloch. <strong>Je to o chv\u00ed\u013each, ktor\u00e9 spolu str\u00e1vite<\/strong> \u2013 zastav\u00edte sa, aby ste im uk\u00e1zali, ako to cel\u00e9 funguje, vypo\u010dujte si ich ot\u00e1zky o tom, pre\u010do na tak\u00fdch mali\u010dkostiach z\u00e1le\u017e\u00ed, alebo ich sledujte, ako z\u00edskavaj\u00fa sebad\u00f4veru urobi\u0165 nie\u010do sami. <\/span><\/p>\n<p style=\"font-weight: 400;\"><span style=\"font-weight: 400;\">Pom\u00e1hate im stara\u0165 sa o svoje veci. \u00c1no, ale u\u010d\u00edte ich aj trpezlivosti, zvedavosti a zodpovednosti. Ke\u010f sa vonku otepl\u00ed a oni nasadn\u00fa sp\u00e4\u0165 na bicykle, bud\u00fa \u0161liapa\u0165 vpred s pocitom hrdosti, vediac, \u017ee \u200b\u200bm\u00f4\u017eu \u00eds\u0165 \u010falej \u2013 bez oh\u013eadu na to, \u010do sa stane.<\/span><\/p>\n","protected":false},"excerpt":{"rendered":"<p>Ke\u010f sa dni ochladia a vonku f\u00faka studen\u00fd vietor, pravdepodobne sed\u00edte doma a prem\u00fd\u0161\u013eate, ak\u00fd druh outdoorovej aktivity si zvoli\u0165. [&hellip;]<\/p>\n","protected":false},"author":172,"featured_media":19997,"comment_status":"closed","ping_status":"closed","sticky":false,"template":"","format":"standard","meta":{"footnotes":""},"categories":[51],"tags":[559,619,53,532,767,931,509,564,290,183,317,1290],"global-categories":[],"class_list":["post-19994","post","type-post","status-publish","format-standard","has-post-thumbnail","hentry","category-deti-na-bicykloch","tag-bicykel","tag-bicyklovanie","tag-deti","tag-jazdenie","tag-motivacia","tag-odporucame","tag-rodina","tag-starostlivost","tag-udrzba","tag-zabava","tag-zima","tag-zimna-udrzba"],"yoast_head":"<!-- This site is optimized with the Yoast SEO Premium plugin v25.3 (Yoast SEO v25.9) - https:\/\/yoast.com\/wordpress\/plugins\/seo\/ -->\n<title>Zimn\u00e1 \u00fadr\u017eba bicykla: Nau\u010dte deti z\u00e1kladn\u00fa starostlivos\u0165 - \u0160koda We Love Cycling Slovensko<\/title>\n<meta name=\"description\" content=\"Zimn\u00fd \u010das je skvelou pr\u00edle\u017eitos\u0165ou nau\u010di\u0165 deti, ako sa stara\u0165 o svoje bicykle. Nau\u010d\u00edte ich nielen \u00fadr\u017ebu, ale aj zodpovednos\u0165.\" \/>\n<meta name=\"robots\" content=\"index, follow, max-snippet:-1, max-image-preview:large, max-video-preview:-1\" \/>\n<link rel=\"canonical\" href=\"https:\/\/www.welovecycling.com\/sk\/2025\/01\/10\/zimna-udrzba-bicykla-naucte-deti-zakladnu-starostlivost\/\" \/>\n<meta property=\"og:locale\" content=\"sk_SK\" \/>\n<meta property=\"og:type\" content=\"article\" \/>\n<meta property=\"og:title\" content=\"Zimn\u00e1 \u00fadr\u017eba bicykla: Nau\u010dte deti z\u00e1kladn\u00fa starostlivos\u0165\" \/>\n<meta property=\"og:description\" content=\"Zimn\u00fd \u010das je skvelou pr\u00edle\u017eitos\u0165ou nau\u010di\u0165 deti, ako sa stara\u0165 o svoje bicykle. Nau\u010d\u00edte ich nielen \u00fadr\u017ebu, ale aj zodpovednos\u0165.\" \/>\n<meta property=\"og:url\" content=\"https:\/\/www.welovecycling.com\/sk\/2025\/01\/10\/zimna-udrzba-bicykla-naucte-deti-zakladnu-starostlivost\/\" \/>\n<meta property=\"og:site_name\" content=\"\u0160koda We Love Cycling Slovensko\" \/>\n<meta property=\"article:published_time\" content=\"2025-01-10T10:45:44+00:00\" \/>\n<meta property=\"article:modified_time\" content=\"2025-02-21T12:12:50+00:00\" \/>\n<meta property=\"og:image\" content=\"https:\/\/d2p6e6u75xmxt8.cloudfront.net\/4\/2025\/01\/Kids-Bike-Maintenance-profimedia-0865810616-CVR.webp\" \/>\n\t<meta property=\"og:image:width\" content=\"990\" \/>\n\t<meta property=\"og:image:height\" content=\"660\" \/>\n\t<meta property=\"og:image:type\" content=\"image\/webp\" \/>\n<meta name=\"author\" content=\"dominika\" \/>\n<meta name=\"twitter:card\" content=\"summary_large_image\" \/>\n<meta name=\"twitter:label1\" content=\"Written by\" \/>\n\t<meta name=\"twitter:data1\" content=\"Monica Buck\" \/>\n\t<meta name=\"twitter:label2\" content=\"Est. reading time\" \/>\n\t<meta name=\"twitter:data2\" content=\"3\" \/>\n<script type=\"application\/ld+json\" class=\"yoast-schema-graph\">{\"@context\":\"https:\/\/schema.org\",\"@graph\":[{\"@type\":\"WebPage\",\"@id\":\"https:\/\/www.welovecycling.com\/sk\/2025\/01\/10\/zimna-udrzba-bicykla-naucte-deti-zakladnu-starostlivost\/\",\"url\":\"https:\/\/www.welovecycling.com\/sk\/2025\/01\/10\/zimna-udrzba-bicykla-naucte-deti-zakladnu-starostlivost\/\",\"name\":\"Zimn\u00e1 \u00fadr\u017eba bicykla: Nau\u010dte deti z\u00e1kladn\u00fa starostlivos\u0165 - \u0160koda We Love Cycling Slovensko\",\"isPartOf\":{\"@id\":\"https:\/\/www.welovecycling.com\/sk\/#website\"},\"primaryImageOfPage\":{\"@id\":\"https:\/\/www.welovecycling.com\/sk\/2025\/01\/10\/zimna-udrzba-bicykla-naucte-deti-zakladnu-starostlivost\/#primaryimage\"},\"image\":{\"@id\":\"https:\/\/www.welovecycling.com\/sk\/2025\/01\/10\/zimna-udrzba-bicykla-naucte-deti-zakladnu-starostlivost\/#primaryimage\"},\"thumbnailUrl\":\"https:\/\/d2p6e6u75xmxt8.cloudfront.net\/4\/2025\/01\/Kids-Bike-Maintenance-profimedia-0865810616-CVR.webp\",\"datePublished\":\"2025-01-10T10:45:44+00:00\",\"dateModified\":\"2025-02-21T12:12:50+00:00\",\"author\":{\"@id\":\"https:\/\/www.welovecycling.com\/sk\/#\/schema\/person\/533b62b98b6c41bd5135ebfb1f742624\"},\"description\":\"Zimn\u00fd \u010das je skvelou pr\u00edle\u017eitos\u0165ou nau\u010di\u0165 deti, ako sa stara\u0165 o svoje bicykle. Nau\u010d\u00edte ich nielen \u00fadr\u017ebu, ale aj zodpovednos\u0165.\",\"breadcrumb\":{\"@id\":\"https:\/\/www.welovecycling.com\/sk\/2025\/01\/10\/zimna-udrzba-bicykla-naucte-deti-zakladnu-starostlivost\/#breadcrumb\"},\"inLanguage\":\"sk-SK\",\"potentialAction\":[{\"@type\":\"ReadAction\",\"target\":[\"https:\/\/www.welovecycling.com\/sk\/2025\/01\/10\/zimna-udrzba-bicykla-naucte-deti-zakladnu-starostlivost\/\"]}]},{\"@type\":\"ImageObject\",\"inLanguage\":\"sk-SK\",\"@id\":\"https:\/\/www.welovecycling.com\/sk\/2025\/01\/10\/zimna-udrzba-bicykla-naucte-deti-zakladnu-starostlivost\/#primaryimage\",\"url\":\"https:\/\/d2p6e6u75xmxt8.cloudfront.net\/4\/2025\/01\/Kids-Bike-Maintenance-profimedia-0865810616-CVR.webp\",\"contentUrl\":\"https:\/\/d2p6e6u75xmxt8.cloudfront.net\/4\/2025\/01\/Kids-Bike-Maintenance-profimedia-0865810616-CVR.webp\",\"width\":990,\"height\":660,\"caption\":\"Maintaining bicycle\"},{\"@type\":\"BreadcrumbList\",\"@id\":\"https:\/\/www.welovecycling.com\/sk\/2025\/01\/10\/zimna-udrzba-bicykla-naucte-deti-zakladnu-starostlivost\/#breadcrumb\",\"itemListElement\":[{\"@type\":\"ListItem\",\"position\":1,\"name\":\"Home\",\"item\":\"https:\/\/www.welovecycling.com\/sk\/\"},{\"@type\":\"ListItem\",\"position\":2,\"name\":\"Zimn\u00e1 \u00fadr\u017eba bicykla: Nau\u010dte deti z\u00e1kladn\u00fa starostlivos\u0165\"}]},{\"@type\":\"WebSite\",\"@id\":\"https:\/\/www.welovecycling.com\/sk\/#website\",\"url\":\"https:\/\/www.welovecycling.com\/sk\/\",\"name\":\"\u0160koda We Love Cycling Slovensko\",\"description\":\"\u0160koda We Love Cycling Slovensko je v\u00e1\u0161 ka\u017edodenn\u00fd zdroj noviniek a in\u0161pir\u00e1cie z sveta cyklistiky\",\"potentialAction\":[{\"@type\":\"SearchAction\",\"target\":{\"@type\":\"EntryPoint\",\"urlTemplate\":\"https:\/\/www.welovecycling.com\/sk\/?s={search_term_string}\"},\"query-input\":{\"@type\":\"PropertyValueSpecification\",\"valueRequired\":true,\"valueName\":\"search_term_string\"}}],\"inLanguage\":\"sk-SK\"},{\"@type\":\"Person\",\"@id\":\"https:\/\/www.welovecycling.com\/sk\/#\/schema\/person\/533b62b98b6c41bd5135ebfb1f742624\",\"name\":\"dominika\",\"image\":{\"@type\":\"ImageObject\",\"inLanguage\":\"sk-SK\",\"@id\":\"https:\/\/www.welovecycling.com\/sk\/#\/schema\/person\/image\/\",\"url\":\"https:\/\/secure.gravatar.com\/avatar\/ded6f274ba2ec3e17fff153f7d9d96a4b33c2cb63907f75d9a5309c599a7f3e6?s=96&d=mm&r=g\",\"contentUrl\":\"https:\/\/secure.gravatar.com\/avatar\/ded6f274ba2ec3e17fff153f7d9d96a4b33c2cb63907f75d9a5309c599a7f3e6?s=96&d=mm&r=g\",\"caption\":\"dominika\"},\"url\":\"https:\/\/www.welovecycling.com\/sk\/author\/dominika\/\"}]}<\/script>\n<!-- \/ Yoast SEO Premium plugin. -->","yoast_head_json":{"title":"Zimn\u00e1 \u00fadr\u017eba bicykla: Nau\u010dte deti z\u00e1kladn\u00fa starostlivos\u0165 - \u0160koda We Love Cycling Slovensko","description":"Zimn\u00fd \u010das je skvelou pr\u00edle\u017eitos\u0165ou nau\u010di\u0165 deti, ako sa stara\u0165 o svoje bicykle. Nau\u010d\u00edte ich nielen \u00fadr\u017ebu, ale aj zodpovednos\u0165.","robots":{"index":"index","follow":"follow","max-snippet":"max-snippet:-1","max-image-preview":"max-image-preview:large","max-video-preview":"max-video-preview:-1"},"canonical":"https:\/\/www.welovecycling.com\/sk\/2025\/01\/10\/zimna-udrzba-bicykla-naucte-deti-zakladnu-starostlivost\/","og_locale":"sk_SK","og_type":"article","og_title":"Zimn\u00e1 \u00fadr\u017eba bicykla: Nau\u010dte deti z\u00e1kladn\u00fa starostlivos\u0165","og_description":"Zimn\u00fd \u010das je skvelou pr\u00edle\u017eitos\u0165ou nau\u010di\u0165 deti, ako sa stara\u0165 o svoje bicykle. Nau\u010d\u00edte ich nielen \u00fadr\u017ebu, ale aj zodpovednos\u0165.","og_url":"https:\/\/www.welovecycling.com\/sk\/2025\/01\/10\/zimna-udrzba-bicykla-naucte-deti-zakladnu-starostlivost\/","og_site_name":"\u0160koda We Love Cycling Slovensko","article_published_time":"2025-01-10T10:45:44+00:00","article_modified_time":"2025-02-21T12:12:50+00:00","og_image":[{"width":990,"height":660,"url":"https:\/\/d2p6e6u75xmxt8.cloudfront.net\/4\/2025\/01\/Kids-Bike-Maintenance-profimedia-0865810616-CVR.webp","type":"image\/webp"}],"author":"dominika","twitter_card":"summary_large_image","twitter_misc":{"Written by":"Monica Buck","Est. reading time":"3"},"schema":{"@context":"https:\/\/schema.org","@graph":[{"@type":"WebPage","@id":"https:\/\/www.welovecycling.com\/sk\/2025\/01\/10\/zimna-udrzba-bicykla-naucte-deti-zakladnu-starostlivost\/","url":"https:\/\/www.welovecycling.com\/sk\/2025\/01\/10\/zimna-udrzba-bicykla-naucte-deti-zakladnu-starostlivost\/","name":"Zimn\u00e1 \u00fadr\u017eba bicykla: Nau\u010dte deti z\u00e1kladn\u00fa starostlivos\u0165 - \u0160koda We Love Cycling Slovensko","isPartOf":{"@id":"https:\/\/www.welovecycling.com\/sk\/#website"},"primaryImageOfPage":{"@id":"https:\/\/www.welovecycling.com\/sk\/2025\/01\/10\/zimna-udrzba-bicykla-naucte-deti-zakladnu-starostlivost\/#primaryimage"},"image":{"@id":"https:\/\/www.welovecycling.com\/sk\/2025\/01\/10\/zimna-udrzba-bicykla-naucte-deti-zakladnu-starostlivost\/#primaryimage"},"thumbnailUrl":"https:\/\/d2p6e6u75xmxt8.cloudfront.net\/4\/2025\/01\/Kids-Bike-Maintenance-profimedia-0865810616-CVR.webp","datePublished":"2025-01-10T10:45:44+00:00","dateModified":"2025-02-21T12:12:50+00:00","author":{"@id":"https:\/\/www.welovecycling.com\/sk\/#\/schema\/person\/533b62b98b6c41bd5135ebfb1f742624"},"description":"Zimn\u00fd \u010das je skvelou pr\u00edle\u017eitos\u0165ou nau\u010di\u0165 deti, ako sa stara\u0165 o svoje bicykle. Nau\u010d\u00edte ich nielen \u00fadr\u017ebu, ale aj zodpovednos\u0165.","breadcrumb":{"@id":"https:\/\/www.welovecycling.com\/sk\/2025\/01\/10\/zimna-udrzba-bicykla-naucte-deti-zakladnu-starostlivost\/#breadcrumb"},"inLanguage":"sk-SK","potentialAction":[{"@type":"ReadAction","target":["https:\/\/www.welovecycling.com\/sk\/2025\/01\/10\/zimna-udrzba-bicykla-naucte-deti-zakladnu-starostlivost\/"]}]},{"@type":"ImageObject","inLanguage":"sk-SK","@id":"https:\/\/www.welovecycling.com\/sk\/2025\/01\/10\/zimna-udrzba-bicykla-naucte-deti-zakladnu-starostlivost\/#primaryimage","url":"https:\/\/d2p6e6u75xmxt8.cloudfront.net\/4\/2025\/01\/Kids-Bike-Maintenance-profimedia-0865810616-CVR.webp","contentUrl":"https:\/\/d2p6e6u75xmxt8.cloudfront.net\/4\/2025\/01\/Kids-Bike-Maintenance-profimedia-0865810616-CVR.webp","width":990,"height":660,"caption":"Maintaining bicycle"},{"@type":"BreadcrumbList","@id":"https:\/\/www.welovecycling.com\/sk\/2025\/01\/10\/zimna-udrzba-bicykla-naucte-deti-zakladnu-starostlivost\/#breadcrumb","itemListElement":[{"@type":"ListItem","position":1,"name":"Home","item":"https:\/\/www.welovecycling.com\/sk\/"},{"@type":"ListItem","position":2,"name":"Zimn\u00e1 \u00fadr\u017eba bicykla: Nau\u010dte deti z\u00e1kladn\u00fa starostlivos\u0165"}]},{"@type":"WebSite","@id":"https:\/\/www.welovecycling.com\/sk\/#website","url":"https:\/\/www.welovecycling.com\/sk\/","name":"\u0160koda We Love Cycling Slovensko","description":"\u0160koda We Love Cycling Slovensko je v\u00e1\u0161 ka\u017edodenn\u00fd zdroj noviniek a in\u0161pir\u00e1cie z sveta cyklistiky","potentialAction":[{"@type":"SearchAction","target":{"@type":"EntryPoint","urlTemplate":"https:\/\/www.welovecycling.com\/sk\/?s={search_term_string}"},"query-input":{"@type":"PropertyValueSpecification","valueRequired":true,"valueName":"search_term_string"}}],"inLanguage":"sk-SK"},{"@type":"Person","@id":"https:\/\/www.welovecycling.com\/sk\/#\/schema\/person\/533b62b98b6c41bd5135ebfb1f742624","name":"dominika","image":{"@type":"ImageObject","inLanguage":"sk-SK","@id":"https:\/\/www.welovecycling.com\/sk\/#\/schema\/person\/image\/","url":"https:\/\/secure.gravatar.com\/avatar\/ded6f274ba2ec3e17fff153f7d9d96a4b33c2cb63907f75d9a5309c599a7f3e6?s=96&d=mm&r=g","contentUrl":"https:\/\/secure.gravatar.com\/avatar\/ded6f274ba2ec3e17fff153f7d9d96a4b33c2cb63907f75d9a5309c599a7f3e6?s=96&d=mm&r=g","caption":"dominika"},"url":"https:\/\/www.welovecycling.com\/sk\/author\/dominika\/"}]}},"_links":{"self":[{"href":"https:\/\/www.welovecycling.com\/sk\/wp-json\/wp\/v2\/posts\/19994","targetHints":{"allow":["GET"]}}],"collection":[{"href":"https:\/\/www.welovecycling.com\/sk\/wp-json\/wp\/v2\/posts"}],"about":[{"href":"https:\/\/www.welovecycling.com\/sk\/wp-json\/wp\/v2\/types\/post"}],"author":[{"embeddable":true,"href":"https:\/\/www.welovecycling.com\/sk\/wp-json\/wp\/v2\/users\/172"}],"replies":[{"embeddable":true,"href":"https:\/\/www.welovecycling.com\/sk\/wp-json\/wp\/v2\/comments?post=19994"}],"version-history":[{"count":4,"href":"https:\/\/www.welovecycling.com\/sk\/wp-json\/wp\/v2\/posts\/19994\/revisions"}],"predecessor-version":[{"id":20000,"href":"https:\/\/www.welovecycling.com\/sk\/wp-json\/wp\/v2\/posts\/19994\/revisions\/20000"}],"wp:featuredmedia":[{"embeddable":true,"href":"https:\/\/www.welovecycling.com\/sk\/wp-json\/wp\/v2\/media\/19997"}],"wp:attachment":[{"href":"https:\/\/www.welovecycling.com\/sk\/wp-json\/wp\/v2\/media?parent=19994"}],"wp:term":[{"taxonomy":"category","embeddable":true,"href":"https:\/\/www.welovecycling.com\/sk\/wp-json\/wp\/v2\/categories?post=19994"},{"taxonomy":"post_tag","embeddable":true,"href":"https:\/\/www.welovecycling.com\/sk\/wp-json\/wp\/v2\/tags?post=19994"},{"taxonomy":"global-categories","embeddable":true,"href":"https:\/\/www.welovecycling.com\/sk\/wp-json\/wp\/v2\/global-categories?post=19994"}],"curies":[{"name":"wp","href":"https:\/\/api.w.org\/{rel}","templated":true}]}}