{"id":19989,"date":"2025-01-08T12:44:42","date_gmt":"2025-01-08T11:44:42","guid":{"rendered":"https:\/\/www.welovecycling.com\/sk\/?p=19989"},"modified":"2025-03-21T10:48:03","modified_gmt":"2025-03-21T09:48:03","slug":"planovanie-cyklistickych-vyletov-na-novu-sezonu-menej-zname-destinacie-a-priprava","status":"publish","type":"post","link":"https:\/\/www.welovecycling.com\/sk\/2025\/01\/08\/planovanie-cyklistickych-vyletov-na-novu-sezonu-menej-zname-destinacie-a-priprava\/","title":{"rendered":"Pl\u00e1novanie cyklistick\u00fdch v\u00fdletov na nov\u00fa sez\u00f3nu: zauj\u00edmav\u00e9 destin\u00e1cie a pr\u00edprava"},"content":{"rendered":"<p><strong>Mohli by sme v\u00e1m pon\u00faknu\u0165 popul\u00e1rne Alpy, Gran Canariu, Malorku \u010di Sard\u00edniu. Dnes v\u00e1s ale pozveme niekam, kde to nie je a\u017e tak\u00e9 zn\u00e1me, no napriek tomu s\u00fa to kr\u00e1sne a atrakt\u00edvne destin\u00e1cie. Po\u010fte si zajazdi\u0165 do Slovinska a Chorv\u00e1tska.<\/strong><!--more--><\/p>\n<h2><b>Chorv\u00e1tsko<\/b><\/h2>\n<p><span style=\"font-weight: 400;\">T\u00e1to krajina je zn\u00e1ma najm\u00e4 letn\u00fdmi dovolenkami pri mori, ale odpor\u00fa\u010dame v\u00e1m ju nav\u0161t\u00edvi\u0165 aj mimo letnej sez\u00f3ny a hlavne s bicyklom. Jarn\u00e9 a jesenn\u00e9 mesiace s\u00fa ide\u00e1lne a vy si aspo\u0148 trochu pred\u013a\u017eite cyklistick\u00fa sez\u00f3nu. T\u00e1 predstava, ako kamar\u00e1ti doma na Slovensku u\u017e jazdia v zateplenom oble\u010den\u00ed a vy si pokojne vyraz\u00edte na v\u00fdjazd v kr\u00e1tkych nohaviciach, to je na nezaplatenie.\u00a0<\/span><\/p>\n<h3><strong>Tu s\u00fa odpor\u00fa\u010dania na konkr\u00e9tne miesta:<\/strong><\/h3>\n<p><b>Polostrov Istria, Pore\u010d <\/b><span style=\"font-weight: 400;\">\u2013 je to pr\u00edstavn\u00e9 mesto s kr\u00e1snym historick\u00fdm centrom. \u010co je v\u0161ak pre n\u00e1s d\u00f4le\u017eit\u00e9, s\u00fa tu dobre zna\u010den\u00e9 cyklistick\u00e9 trasy, ktor\u00e9 ved\u00fa nielen pozd\u013a\u017e pobre\u017eia, ale aj kr\u00e1snymi stredomorsk\u00fdmi lesmi. Ak v\u00e1m to nesta\u010d\u00ed, mali by ste vedie\u0165, \u017ee jedna trasa v tejto oblasti bola aj s\u00fa\u010das\u0165ou Giro d\u00b4Italia.\u00a0<\/span><\/p>\n<p><b>Pr\u00edmorsk\u00e9 letovisko Umag<\/b><span style=\"font-weight: 400;\"> \u2013 ak ste milovn\u00edkom v\u00edna, pote\u0161ia v\u00e1s cyklotrasy, ktor\u00e9 ved\u00fa starobyl\u00fdm vinicami. A nielen to. Vinice dop\u013a\u0148aj\u00fa olivov\u00e9 h\u00e1je a ch\u00fdba\u0165 nebud\u00fa ani lesy. Ur\u010dite nevynechajte cyklotrasu Parenzana, ktor\u00e1 vedie ved\u013ea \u00fazkorozchodnej \u017eeleznice.\u00a0<\/span><\/p>\n<p><b>Vrsar<\/b><span style=\"font-weight: 400;\"> \u2013 toto je destin\u00e1cia obzvl\u00e1\u0161\u0165 vhodn\u00e1 pre rodiny s de\u0165mi, pr\u00edpadne pre rekrea\u010dn\u00fdch cyklistov, preto\u017ee krajina je tu rovinat\u00e1 a aj dlh\u0161ie v\u00fdjazdy sa daj\u00fa v pohode zvl\u00e1dnu\u0165. Ani tu nebud\u00fa ch\u00fdba\u0165 v\u00fdh\u013eady na more a objavovanie magick\u00fdch miest s \u010darovn\u00fdmi z\u00e1tokami.\u00a0<\/span><\/p>\n<h2><b>Slovinsko<\/b><\/h2>\n<p><span style=\"font-weight: 400;\">Ak ste sk\u00f4r milovn\u00edkom kopcov a poriadnych st\u00fapan\u00ed, tak si vyberte rad\u0161ej t\u00fato krajinu. Nie \u017ee by v Chorv\u00e1tsku neboli tie\u017e poriadne kopce, ale v\u00fdhodou Slovinska je pomerne mal\u00e1 rozloha a po\u010das t\u00fd\u017ed\u0148ovej dovolenky stihnete viacero st\u00fapan\u00ed bez nutnosti dlh\u00fdch presunov autom po krajine.\u00a0<\/span><\/p>\n<h3><b>Tipy na st\u00fapania:<\/b><\/h3>\n<p><b>Sedlo Vr\u0161i\u010d z Krajinskej Gory<\/b><span style=\"font-weight: 400;\"> \u2013 st\u00fapanie je dlh\u00e9 11 kilometrov a priemern\u00fd sklon m\u00e1 7 %. Za\u010diatok st\u00fapania je pri jazere Jasna a za\u010diatok je celkom mierny. \u010coskoro sa v\u0161ak za\u010dne ten prav\u00fd z\u00e1\u017eitok a u\u017eijete si dokonca r\u00f4zne povrchy, kde zvl\u00e1\u0161tnos\u0165ou s\u00fa najm\u00e4 pas\u00e1\u017ee s kockami. Tam si d\u00e1vajte pozor, najm\u00e4 ak je mokro. Nech\u00fdbaj\u00fa par\u00e1dne serpent\u00edny a, samozrejme, v\u00fdh\u013eady.\u00a0<\/span><\/p>\n<p><b>Mangart<\/b><span style=\"font-weight: 400;\"> \u2013 ak potrebujete dlh\u0161ie st\u00fapanie, toto je t\u00e1 spr\u00e1vna vo\u013eba. M\u00e1 takmer 25 km a priemern\u00e9 st\u00fapanie 6,6 %. N\u00e1jdu sa tu v\u0161ak aj strm\u0161ie \u00faseky. Na trase je aj zop\u00e1r tunelov, ktor\u00e9 v\u0161ak nie s\u00fa osvetlen\u00e9 a tak odpor\u00fa\u010dame pribali\u0165 si svetlo. Pod vrcholom je aj chata, kde si m\u00f4\u017eete doplni\u0165 energiu.\u00a0<\/span><\/p>\n<p><b>Pokljuka<\/b><span style=\"font-weight: 400;\"> \u2013 ak je v\u00e1m \u013e\u00fato, \u017ee ste predsa len ne\u0161li do \u00c1lp, t\u00e1to trasa v\u00e1m to vynahrad\u00ed. Nach\u00e1dza sa toti\u017e v J\u00falskych Alp\u00e1ch a predsa ste st\u00e1le v Slovinsku. Za\u010d\u00edna sa v meste Bled. Cie\u013e je na n\u00e1hornej plo\u0161ine s n\u00e1zvom Pokljuka. Trasa je krat\u0161ia a m\u00e1 6,7 km, ale zato st\u00fapanie miestami aj 11 %. T\u00e1to trasa vedie cez les a nen\u00e1jdete tu \u017eiadne v\u00fdh\u013eady. Ale aspo\u0148 sa m\u00f4\u017eete s\u00fastredi\u0165 na v\u00fdkon.\u00a0<\/span><\/p>\n<blockquote class=\"instagram-media\" style=\"background: #FFF; border: 0; border-radius: 3px; box-shadow: 0 0 1px 0 rgba(0,0,0,0.5),0 1px 10px 0 rgba(0,0,0,0.15); margin: 1px; max-width: 540px; min-width: 326px; padding: 0; width: calc(100% - 2px);\" data-instgrm-captioned=\"\" data-instgrm-permalink=\"https:\/\/www.instagram.com\/p\/DCC4NouoaDu\/?utm_source=ig_embed&amp;utm_campaign=loading\" data-instgrm-version=\"14\">\n<div style=\"padding: 16px;\">\n<p>&nbsp;<\/p>\n<div style=\"display: flex; flex-direction: row; align-items: center;\">\n<div style=\"background-color: #f4f4f4; border-radius: 50%; flex-grow: 0; height: 40px; margin-right: 14px; width: 40px;\"><\/div>\n<div style=\"display: flex; flex-direction: column; flex-grow: 1; justify-content: center;\">\n<div style=\"background-color: #f4f4f4; border-radius: 4px; flex-grow: 0; height: 14px; margin-bottom: 6px; width: 100px;\"><\/div>\n<div style=\"background-color: #f4f4f4; border-radius: 4px; flex-grow: 0; height: 14px; width: 60px;\"><\/div>\n<\/div>\n<\/div>\n<div style=\"padding: 19% 0;\"><\/div>\n<div style=\"display: block; height: 50px; margin: 0 auto 12px; width: 50px;\"><\/div>\n<div style=\"padding-top: 8px;\">\n<div style=\"color: #3897f0; font-family: Arial,sans-serif; font-size: 14px; font-style: normal; font-weight: 550; line-height: 18px;\">Zobrazi\u0165 tento pr\u00edspevok na Instagrame<\/div>\n<\/div>\n<div style=\"padding: 12.5% 0;\"><\/div>\n<div style=\"display: flex; flex-direction: row; margin-bottom: 14px; align-items: center;\">\n<div>\n<div style=\"background-color: #f4f4f4; border-radius: 50%; height: 12.5px; width: 12.5px; transform: translateX(0px) translateY(7px);\"><\/div>\n<div style=\"background-color: #f4f4f4; height: 12.5px; transform: rotate(-45deg) translateX(3px) translateY(1px); width: 12.5px; flex-grow: 0; margin-right: 14px; margin-left: 2px;\"><\/div>\n<div style=\"background-color: #f4f4f4; border-radius: 50%; height: 12.5px; width: 12.5px; transform: translateX(9px) translateY(-18px);\"><\/div>\n<\/div>\n<div style=\"margin-left: 8px;\">\n<div style=\"background-color: #f4f4f4; border-radius: 50%; flex-grow: 0; height: 20px; width: 20px;\"><\/div>\n<div style=\"width: 0; height: 0; border-top: 2px solid transparent; border-left: 6px solid #f4f4f4; border-bottom: 2px solid transparent; transform: translateX(16px) translateY(-4px) rotate(30deg);\"><\/div>\n<\/div>\n<div style=\"margin-left: auto;\">\n<div style=\"width: 0px; border-top: 8px solid #F4F4F4; border-right: 8px solid transparent; transform: translateY(16px);\"><\/div>\n<div style=\"background-color: #f4f4f4; flex-grow: 0; height: 12px; width: 16px; transform: translateY(-4px);\"><\/div>\n<div style=\"width: 0; height: 0; border-top: 8px solid #F4F4F4; border-left: 8px solid transparent; transform: translateY(-4px) translateX(8px);\"><\/div>\n<\/div>\n<\/div>\n<div style=\"display: flex; flex-direction: column; flex-grow: 1; justify-content: center; margin-bottom: 24px;\">\n<div style=\"background-color: #f4f4f4; border-radius: 4px; flex-grow: 0; height: 14px; margin-bottom: 6px; width: 224px;\"><\/div>\n<div style=\"background-color: #f4f4f4; border-radius: 4px; flex-grow: 0; height: 14px; width: 144px;\"><\/div>\n<\/div>\n<p>&nbsp;<\/p>\n<p style=\"color: #c9c8cd; font-family: Arial,sans-serif; font-size: 14px; line-height: 17px; margin-bottom: 0; margin-top: 8px; overflow: hidden; padding: 8px 0 7px; text-align: center; text-overflow: ellipsis; white-space: nowrap;\"><a style=\"color: #c9c8cd; font-family: Arial,sans-serif; font-size: 14px; font-style: normal; font-weight: normal; line-height: 17px; text-decoration: none;\" href=\"https:\/\/www.instagram.com\/p\/DCC4NouoaDu\/?utm_source=ig_embed&amp;utm_campaign=loading\" target=\"_blank\" rel=\"noopener\">Pr\u00edspevok, ktor\u00fd zdie\u013ea Slovenia \ud83c\uddf8\ud83c\uddee Travel | Hotels | Food | Tips (@slovenia.explore)<\/a><\/p>\n<\/div>\n<\/blockquote>\n<p><script async src=\"\/\/www.instagram.com\/embed.js\"><\/script><\/p>\n<h2><strong>Rady na cestu<\/strong><\/h2>\n<p><span style=\"font-weight: 400;\">Netreba pripom\u00edna\u0165, \u017ee ste \u010faleko od domova, a tak je dobr\u00e9 nabali\u0165 si aj tak\u00e9 veci, ktor\u00e9 be\u017ene so sebou neberiete. <strong>Nejak\u00e9 to n\u00e1radie na opravu, nevyhnutn\u00e9 n\u00e1hradn\u00e9 diely.<\/strong> Ale na druhej strane nejdete jazdi\u0165 Dakar do p\u00fa\u0161te a predajne a servisy s\u00fa u\u017e dnes na ka\u017edom rohu. Ur\u010dite si v\u0161ak vezmite viacero n\u00e1hradn\u00fdch k\u00faskov oble\u010denia, dostatok f\u013ea\u0161iek na spr\u00e1vnu hydrat\u00e1ciu a samozrejme ty\u010dinky na doplnenie energie.\u00a0<\/span><\/p>\n<h2><b>Ako efekt\u00edvne napl\u00e1nova\u0165 cyklov\u00fdlet<\/b><\/h2>\n<p><span style=\"font-weight: 400;\"><strong>Hlavne treba d\u00f4kladne premyslie\u0165 logistiku cel\u00e9ho v\u00fdletu, aby ste sa zbyto\u010dne nepres\u00favali autom hore-dolu po danej krajine.<\/strong> Ak ste sa rozhodli absolvova\u0165 trasu z bodu A do bodu B, zabezpe\u010dte si niekoho, kto v\u00e1s bude v cieli \u010daka\u0165 s odvozom. Napl\u00e1nujte si cel\u00fd pobyt u\u017e dopredu a nespoliehajte sa, \u017ee na mieste bude dos\u0165 \u010dasu. Nebude a budete chcie\u0165 \u010d\u00edm sk\u00f4r \u0161liapnu\u0165 do ped\u00e1lov. A hlavne v pr\u00edpade, \u017ee ste to po\u0148ali ako rodinn\u00fd cyklov\u00fdlet, je potrebn\u00e9 myslie\u0165 aj na z\u00e1bavu pre zvy\u0161ok rodiny. Va\u0161e deti nebud\u00fa chcie\u0165 cel\u00e9 dni tr\u00e1vi\u0165 v sedle bicykla. <\/span><\/p>\n","protected":false},"excerpt":{"rendered":"<p>Mohli by sme v\u00e1m pon\u00faknu\u0165 popul\u00e1rne Alpy, Gran Canariu, Malorku \u010di Sard\u00edniu. Dnes v\u00e1s ale pozveme niekam, kde to nie [&hellip;]<\/p>\n","protected":false},"author":191,"featured_media":19990,"comment_status":"closed","ping_status":"closed","sticky":false,"template":"","format":"standard","meta":{"footnotes":""},"categories":[118],"tags":[559,619,115,546,180,532,931,509,741,508],"global-categories":[1074],"class_list":["post-19989","post","type-post","status-publish","format-standard","has-post-thumbnail","hentry","category-zabava","tag-bicykel","tag-bicyklovanie","tag-cestna-cyklistika","tag-cyklistika","tag-horska-cyklistika","tag-jazdenie","tag-odporucame","tag-rodina","tag-tip-na-vylet","tag-vylet","global-categories-cycling"],"yoast_head":"<!-- This site is optimized with the Yoast SEO Premium plugin v25.3 (Yoast SEO v25.9) - https:\/\/yoast.com\/wordpress\/plugins\/seo\/ -->\n<title>Pl\u00e1novanie cyklistick\u00fdch v\u00fdletov na nov\u00fa sez\u00f3nu: zauj\u00edmav\u00e9 destin\u00e1cie a pr\u00edprava<\/title>\n<meta name=\"description\" content=\"H\u013ead\u00e1te destin\u00e1cie na va\u0161e tohtoro\u010dn\u00e9 v\u00fdlety a dobrodru\u017estv\u00e1 na bicykli? Po\u010fte si zajazdi\u0165 do Slovinska a Chorv\u00e1tska.\" \/>\n<meta name=\"robots\" content=\"index, follow, max-snippet:-1, max-image-preview:large, max-video-preview:-1\" \/>\n<link rel=\"canonical\" href=\"https:\/\/www.welovecycling.com\/sk\/2025\/01\/08\/planovanie-cyklistickych-vyletov-na-novu-sezonu-menej-zname-destinacie-a-priprava\/\" \/>\n<meta property=\"og:locale\" content=\"sk_SK\" \/>\n<meta property=\"og:type\" content=\"article\" \/>\n<meta property=\"og:title\" content=\"Pl\u00e1novanie cyklistick\u00fdch v\u00fdletov na nov\u00fa sez\u00f3nu: zauj\u00edmav\u00e9 destin\u00e1cie a pr\u00edprava\" \/>\n<meta property=\"og:description\" content=\"H\u013ead\u00e1te destin\u00e1cie na va\u0161e tohtoro\u010dn\u00e9 v\u00fdlety a dobrodru\u017estv\u00e1 na bicykli? Po\u010fte si zajazdi\u0165 do Slovinska a Chorv\u00e1tska.\" \/>\n<meta property=\"og:url\" content=\"https:\/\/www.welovecycling.com\/sk\/2025\/01\/08\/planovanie-cyklistickych-vyletov-na-novu-sezonu-menej-zname-destinacie-a-priprava\/\" \/>\n<meta property=\"og:site_name\" content=\"\u0160koda We Love Cycling Slovensko\" \/>\n<meta property=\"article:published_time\" content=\"2025-01-08T11:44:42+00:00\" \/>\n<meta property=\"article:modified_time\" content=\"2025-03-21T09:48:03+00:00\" \/>\n<meta property=\"og:image\" content=\"https:\/\/d2p6e6u75xmxt8.cloudfront.net\/4\/2025\/01\/titulka-scaled.webp\" \/>\n\t<meta property=\"og:image:width\" content=\"2560\" \/>\n\t<meta property=\"og:image:height\" content=\"1707\" \/>\n\t<meta property=\"og:image:type\" content=\"image\/webp\" \/>\n<meta name=\"author\" content=\"michal\" \/>\n<meta name=\"twitter:card\" content=\"summary_large_image\" \/>\n<meta name=\"twitter:label1\" content=\"Written by\" \/>\n\t<meta name=\"twitter:data1\" content=\"Radovan Vr\u0161ka\" \/>\n\t<meta name=\"twitter:label2\" content=\"Est. reading time\" \/>\n\t<meta name=\"twitter:data2\" content=\"3\" \/>\n<script type=\"application\/ld+json\" class=\"yoast-schema-graph\">{\"@context\":\"https:\/\/schema.org\",\"@graph\":[{\"@type\":\"WebPage\",\"@id\":\"https:\/\/www.welovecycling.com\/sk\/2025\/01\/08\/planovanie-cyklistickych-vyletov-na-novu-sezonu-menej-zname-destinacie-a-priprava\/\",\"url\":\"https:\/\/www.welovecycling.com\/sk\/2025\/01\/08\/planovanie-cyklistickych-vyletov-na-novu-sezonu-menej-zname-destinacie-a-priprava\/\",\"name\":\"Pl\u00e1novanie cyklistick\u00fdch v\u00fdletov na nov\u00fa sez\u00f3nu: zauj\u00edmav\u00e9 destin\u00e1cie a pr\u00edprava\",\"isPartOf\":{\"@id\":\"https:\/\/www.welovecycling.com\/sk\/#website\"},\"primaryImageOfPage\":{\"@id\":\"https:\/\/www.welovecycling.com\/sk\/2025\/01\/08\/planovanie-cyklistickych-vyletov-na-novu-sezonu-menej-zname-destinacie-a-priprava\/#primaryimage\"},\"image\":{\"@id\":\"https:\/\/www.welovecycling.com\/sk\/2025\/01\/08\/planovanie-cyklistickych-vyletov-na-novu-sezonu-menej-zname-destinacie-a-priprava\/#primaryimage\"},\"thumbnailUrl\":\"https:\/\/d2p6e6u75xmxt8.cloudfront.net\/4\/2025\/01\/titulka-scaled.webp\",\"datePublished\":\"2025-01-08T11:44:42+00:00\",\"dateModified\":\"2025-03-21T09:48:03+00:00\",\"author\":{\"@id\":\"https:\/\/www.welovecycling.com\/sk\/#\/schema\/person\/45e989de48eace55eb338c027dc5a65e\"},\"description\":\"H\u013ead\u00e1te destin\u00e1cie na va\u0161e tohtoro\u010dn\u00e9 v\u00fdlety a dobrodru\u017estv\u00e1 na bicykli? Po\u010fte si zajazdi\u0165 do Slovinska a Chorv\u00e1tska.\",\"breadcrumb\":{\"@id\":\"https:\/\/www.welovecycling.com\/sk\/2025\/01\/08\/planovanie-cyklistickych-vyletov-na-novu-sezonu-menej-zname-destinacie-a-priprava\/#breadcrumb\"},\"inLanguage\":\"sk-SK\",\"potentialAction\":[{\"@type\":\"ReadAction\",\"target\":[\"https:\/\/www.welovecycling.com\/sk\/2025\/01\/08\/planovanie-cyklistickych-vyletov-na-novu-sezonu-menej-zname-destinacie-a-priprava\/\"]}]},{\"@type\":\"ImageObject\",\"inLanguage\":\"sk-SK\",\"@id\":\"https:\/\/www.welovecycling.com\/sk\/2025\/01\/08\/planovanie-cyklistickych-vyletov-na-novu-sezonu-menej-zname-destinacie-a-priprava\/#primaryimage\",\"url\":\"https:\/\/d2p6e6u75xmxt8.cloudfront.net\/4\/2025\/01\/titulka-scaled.webp\",\"contentUrl\":\"https:\/\/d2p6e6u75xmxt8.cloudfront.net\/4\/2025\/01\/titulka-scaled.webp\",\"width\":2560,\"height\":1707},{\"@type\":\"BreadcrumbList\",\"@id\":\"https:\/\/www.welovecycling.com\/sk\/2025\/01\/08\/planovanie-cyklistickych-vyletov-na-novu-sezonu-menej-zname-destinacie-a-priprava\/#breadcrumb\",\"itemListElement\":[{\"@type\":\"ListItem\",\"position\":1,\"name\":\"Home\",\"item\":\"https:\/\/www.welovecycling.com\/sk\/\"},{\"@type\":\"ListItem\",\"position\":2,\"name\":\"Pl\u00e1novanie cyklistick\u00fdch v\u00fdletov na nov\u00fa sez\u00f3nu: zauj\u00edmav\u00e9 destin\u00e1cie a pr\u00edprava\"}]},{\"@type\":\"WebSite\",\"@id\":\"https:\/\/www.welovecycling.com\/sk\/#website\",\"url\":\"https:\/\/www.welovecycling.com\/sk\/\",\"name\":\"\u0160koda We Love Cycling Slovensko\",\"description\":\"\u0160koda We Love Cycling Slovensko je v\u00e1\u0161 ka\u017edodenn\u00fd zdroj noviniek a in\u0161pir\u00e1cie z sveta cyklistiky\",\"potentialAction\":[{\"@type\":\"SearchAction\",\"target\":{\"@type\":\"EntryPoint\",\"urlTemplate\":\"https:\/\/www.welovecycling.com\/sk\/?s={search_term_string}\"},\"query-input\":{\"@type\":\"PropertyValueSpecification\",\"valueRequired\":true,\"valueName\":\"search_term_string\"}}],\"inLanguage\":\"sk-SK\"},{\"@type\":\"Person\",\"@id\":\"https:\/\/www.welovecycling.com\/sk\/#\/schema\/person\/45e989de48eace55eb338c027dc5a65e\",\"name\":\"michal\",\"image\":{\"@type\":\"ImageObject\",\"inLanguage\":\"sk-SK\",\"@id\":\"https:\/\/www.welovecycling.com\/sk\/#\/schema\/person\/image\/\",\"url\":\"https:\/\/secure.gravatar.com\/avatar\/7f8deb1af8506a5f53d1b779436f546bce1c8c40c09780107ad3811c7dc4bbcb?s=96&d=mm&r=g\",\"contentUrl\":\"https:\/\/secure.gravatar.com\/avatar\/7f8deb1af8506a5f53d1b779436f546bce1c8c40c09780107ad3811c7dc4bbcb?s=96&d=mm&r=g\",\"caption\":\"michal\"},\"url\":\"https:\/\/www.welovecycling.com\/sk\/author\/michal\/\"}]}<\/script>\n<!-- \/ Yoast SEO Premium plugin. -->","yoast_head_json":{"title":"Pl\u00e1novanie cyklistick\u00fdch v\u00fdletov na nov\u00fa sez\u00f3nu: zauj\u00edmav\u00e9 destin\u00e1cie a pr\u00edprava","description":"H\u013ead\u00e1te destin\u00e1cie na va\u0161e tohtoro\u010dn\u00e9 v\u00fdlety a dobrodru\u017estv\u00e1 na bicykli? Po\u010fte si zajazdi\u0165 do Slovinska a Chorv\u00e1tska.","robots":{"index":"index","follow":"follow","max-snippet":"max-snippet:-1","max-image-preview":"max-image-preview:large","max-video-preview":"max-video-preview:-1"},"canonical":"https:\/\/www.welovecycling.com\/sk\/2025\/01\/08\/planovanie-cyklistickych-vyletov-na-novu-sezonu-menej-zname-destinacie-a-priprava\/","og_locale":"sk_SK","og_type":"article","og_title":"Pl\u00e1novanie cyklistick\u00fdch v\u00fdletov na nov\u00fa sez\u00f3nu: zauj\u00edmav\u00e9 destin\u00e1cie a pr\u00edprava","og_description":"H\u013ead\u00e1te destin\u00e1cie na va\u0161e tohtoro\u010dn\u00e9 v\u00fdlety a dobrodru\u017estv\u00e1 na bicykli? Po\u010fte si zajazdi\u0165 do Slovinska a Chorv\u00e1tska.","og_url":"https:\/\/www.welovecycling.com\/sk\/2025\/01\/08\/planovanie-cyklistickych-vyletov-na-novu-sezonu-menej-zname-destinacie-a-priprava\/","og_site_name":"\u0160koda We Love Cycling Slovensko","article_published_time":"2025-01-08T11:44:42+00:00","article_modified_time":"2025-03-21T09:48:03+00:00","og_image":[{"width":2560,"height":1707,"url":"https:\/\/d2p6e6u75xmxt8.cloudfront.net\/4\/2025\/01\/titulka-scaled.webp","type":"image\/webp"}],"author":"michal","twitter_card":"summary_large_image","twitter_misc":{"Written by":"Radovan Vr\u0161ka","Est. reading time":"3"},"schema":{"@context":"https:\/\/schema.org","@graph":[{"@type":"WebPage","@id":"https:\/\/www.welovecycling.com\/sk\/2025\/01\/08\/planovanie-cyklistickych-vyletov-na-novu-sezonu-menej-zname-destinacie-a-priprava\/","url":"https:\/\/www.welovecycling.com\/sk\/2025\/01\/08\/planovanie-cyklistickych-vyletov-na-novu-sezonu-menej-zname-destinacie-a-priprava\/","name":"Pl\u00e1novanie cyklistick\u00fdch v\u00fdletov na nov\u00fa sez\u00f3nu: zauj\u00edmav\u00e9 destin\u00e1cie a pr\u00edprava","isPartOf":{"@id":"https:\/\/www.welovecycling.com\/sk\/#website"},"primaryImageOfPage":{"@id":"https:\/\/www.welovecycling.com\/sk\/2025\/01\/08\/planovanie-cyklistickych-vyletov-na-novu-sezonu-menej-zname-destinacie-a-priprava\/#primaryimage"},"image":{"@id":"https:\/\/www.welovecycling.com\/sk\/2025\/01\/08\/planovanie-cyklistickych-vyletov-na-novu-sezonu-menej-zname-destinacie-a-priprava\/#primaryimage"},"thumbnailUrl":"https:\/\/d2p6e6u75xmxt8.cloudfront.net\/4\/2025\/01\/titulka-scaled.webp","datePublished":"2025-01-08T11:44:42+00:00","dateModified":"2025-03-21T09:48:03+00:00","author":{"@id":"https:\/\/www.welovecycling.com\/sk\/#\/schema\/person\/45e989de48eace55eb338c027dc5a65e"},"description":"H\u013ead\u00e1te destin\u00e1cie na va\u0161e tohtoro\u010dn\u00e9 v\u00fdlety a dobrodru\u017estv\u00e1 na bicykli? Po\u010fte si zajazdi\u0165 do Slovinska a Chorv\u00e1tska.","breadcrumb":{"@id":"https:\/\/www.welovecycling.com\/sk\/2025\/01\/08\/planovanie-cyklistickych-vyletov-na-novu-sezonu-menej-zname-destinacie-a-priprava\/#breadcrumb"},"inLanguage":"sk-SK","potentialAction":[{"@type":"ReadAction","target":["https:\/\/www.welovecycling.com\/sk\/2025\/01\/08\/planovanie-cyklistickych-vyletov-na-novu-sezonu-menej-zname-destinacie-a-priprava\/"]}]},{"@type":"ImageObject","inLanguage":"sk-SK","@id":"https:\/\/www.welovecycling.com\/sk\/2025\/01\/08\/planovanie-cyklistickych-vyletov-na-novu-sezonu-menej-zname-destinacie-a-priprava\/#primaryimage","url":"https:\/\/d2p6e6u75xmxt8.cloudfront.net\/4\/2025\/01\/titulka-scaled.webp","contentUrl":"https:\/\/d2p6e6u75xmxt8.cloudfront.net\/4\/2025\/01\/titulka-scaled.webp","width":2560,"height":1707},{"@type":"BreadcrumbList","@id":"https:\/\/www.welovecycling.com\/sk\/2025\/01\/08\/planovanie-cyklistickych-vyletov-na-novu-sezonu-menej-zname-destinacie-a-priprava\/#breadcrumb","itemListElement":[{"@type":"ListItem","position":1,"name":"Home","item":"https:\/\/www.welovecycling.com\/sk\/"},{"@type":"ListItem","position":2,"name":"Pl\u00e1novanie cyklistick\u00fdch v\u00fdletov na nov\u00fa sez\u00f3nu: zauj\u00edmav\u00e9 destin\u00e1cie a pr\u00edprava"}]},{"@type":"WebSite","@id":"https:\/\/www.welovecycling.com\/sk\/#website","url":"https:\/\/www.welovecycling.com\/sk\/","name":"\u0160koda We Love Cycling Slovensko","description":"\u0160koda We Love Cycling Slovensko je v\u00e1\u0161 ka\u017edodenn\u00fd zdroj noviniek a in\u0161pir\u00e1cie z sveta cyklistiky","potentialAction":[{"@type":"SearchAction","target":{"@type":"EntryPoint","urlTemplate":"https:\/\/www.welovecycling.com\/sk\/?s={search_term_string}"},"query-input":{"@type":"PropertyValueSpecification","valueRequired":true,"valueName":"search_term_string"}}],"inLanguage":"sk-SK"},{"@type":"Person","@id":"https:\/\/www.welovecycling.com\/sk\/#\/schema\/person\/45e989de48eace55eb338c027dc5a65e","name":"michal","image":{"@type":"ImageObject","inLanguage":"sk-SK","@id":"https:\/\/www.welovecycling.com\/sk\/#\/schema\/person\/image\/","url":"https:\/\/secure.gravatar.com\/avatar\/7f8deb1af8506a5f53d1b779436f546bce1c8c40c09780107ad3811c7dc4bbcb?s=96&d=mm&r=g","contentUrl":"https:\/\/secure.gravatar.com\/avatar\/7f8deb1af8506a5f53d1b779436f546bce1c8c40c09780107ad3811c7dc4bbcb?s=96&d=mm&r=g","caption":"michal"},"url":"https:\/\/www.welovecycling.com\/sk\/author\/michal\/"}]}},"_links":{"self":[{"href":"https:\/\/www.welovecycling.com\/sk\/wp-json\/wp\/v2\/posts\/19989","targetHints":{"allow":["GET"]}}],"collection":[{"href":"https:\/\/www.welovecycling.com\/sk\/wp-json\/wp\/v2\/posts"}],"about":[{"href":"https:\/\/www.welovecycling.com\/sk\/wp-json\/wp\/v2\/types\/post"}],"author":[{"embeddable":true,"href":"https:\/\/www.welovecycling.com\/sk\/wp-json\/wp\/v2\/users\/191"}],"replies":[{"embeddable":true,"href":"https:\/\/www.welovecycling.com\/sk\/wp-json\/wp\/v2\/comments?post=19989"}],"version-history":[{"count":4,"href":"https:\/\/www.welovecycling.com\/sk\/wp-json\/wp\/v2\/posts\/19989\/revisions"}],"predecessor-version":[{"id":20178,"href":"https:\/\/www.welovecycling.com\/sk\/wp-json\/wp\/v2\/posts\/19989\/revisions\/20178"}],"wp:featuredmedia":[{"embeddable":true,"href":"https:\/\/www.welovecycling.com\/sk\/wp-json\/wp\/v2\/media\/19990"}],"wp:attachment":[{"href":"https:\/\/www.welovecycling.com\/sk\/wp-json\/wp\/v2\/media?parent=19989"}],"wp:term":[{"taxonomy":"category","embeddable":true,"href":"https:\/\/www.welovecycling.com\/sk\/wp-json\/wp\/v2\/categories?post=19989"},{"taxonomy":"post_tag","embeddable":true,"href":"https:\/\/www.welovecycling.com\/sk\/wp-json\/wp\/v2\/tags?post=19989"},{"taxonomy":"global-categories","embeddable":true,"href":"https:\/\/www.welovecycling.com\/sk\/wp-json\/wp\/v2\/global-categories?post=19989"}],"curies":[{"name":"wp","href":"https:\/\/api.w.org\/{rel}","templated":true}]}}