{"id":19919,"date":"2024-12-13T10:00:57","date_gmt":"2024-12-13T09:00:57","guid":{"rendered":"https:\/\/www.welovecycling.com\/sk\/?p=19919"},"modified":"2024-12-13T12:11:46","modified_gmt":"2024-12-13T11:11:46","slug":"tipy-na-vianocne-darceky-od-tych-najpovolanejsich","status":"publish","type":"post","link":"https:\/\/www.welovecycling.com\/sk\/2024\/12\/13\/tipy-na-vianocne-darceky-od-tych-najpovolanejsich\/","title":{"rendered":"Tipy na viano\u010dn\u00e9 dar\u010deky od t\u00fdch najpovolanej\u0161\u00edch"},"content":{"rendered":"<p><strong>Aj tento rok v\u00e1m prin\u00e1\u0161ame viano\u010dn\u00e9 tipy na dar\u010deky od sk\u00fasen\u00fdch \u0161portovcov \u2013 ambas\u00e1dorov \u0160koda Bike Open Tour. Ve\u010f uznajte, \u017ee kto by u\u017e mohol lep\u0161ie poradi\u0165 ako niekto, kto v sedle str\u00e1vi to\u013eko \u010dasu ako oni? Tak\u017ee nech sa p\u00e1\u010di, pustite sa do porcie dobr\u00fdch r\u00e1d od <a href=\"https:\/\/www.welovecycling.com\/sk\/2024\/04\/12\/rozhovor-wlrmcc-jazdime-podla-nalady-a-pocasia\/\" target=\"_blank\" rel=\"noopener\">cykloklubu WLRM<\/a>, zanieten\u00e9ho \u0161portovca <a href=\"https:\/\/www.welovecycling.com\/sk\/2023\/05\/22\/rozhovor-erik-horvath-maraton-zvladne-aj-aktivny-hobby-cyklista\/\" target=\"_blank\" rel=\"noopener\">Erika Horv\u00e1tha<\/a>, Niny z komunity <a href=\"https:\/\/www.welovecycling.com\/sk\/2022\/09\/28\/skoda-bike-open-tour-2022-a-bajkerky-krasky-slovenska-pokope\/\" target=\"_blank\" rel=\"noopener\">Bajkerky<\/a> a na\u0161ej <a href=\"https:\/\/www.welovecycling.com\/sk\/2023\/08\/04\/rozhovor-katarina-gresova-snazim-sa-motivovat-ostatnych-aby-sa-nebali-zobrat-deti-von\/\" target=\"_blank\" rel=\"noopener\">Katky Gre\u0161ovej<\/a>, ktor\u00e1 prin\u00e1\u0161a tri tipy, ako inak, na viano\u010dn\u00e9 dar\u010deky pre biker\u010dat\u00e1.\u00a0<\/strong><!--more--><\/p>\n<h2><b>\u0160tartovn\u00e9 ako dar\u010dek<\/b><\/h2>\n<p><span style=\"font-weight: 400;\">E\u0161te predt\u00fdm, ako pust\u00edme k slovu na\u0161ich ambas\u00e1dorov, prin\u00e1\u0161ame jeden tip, ktor\u00fd pote\u0161\u00ed nielen marat\u00f3nskych zanietencov, ale aj t\u00fdch, ktor\u00ed by si chceli prv\u00fdkr\u00e1t vysk\u00fa\u0161a\u0165, ako chut\u00ed pretekov\u00e1 atmosf\u00e9ra. <\/span><\/p>\n<p><span style=\"font-weight: 400;\">S\u00e9ria \u0160koda Bike Open Tour 2025 m\u00e1 u\u017e <\/span><a href=\"https:\/\/www.welovecycling.com\/sk\/sbot\/kalendar.php\" target=\"_blank\" rel=\"noopener\"><span style=\"font-weight: 400;\">spusten\u00fa registr\u00e1ciu<\/span><\/a><span style=\"font-weight: 400;\"> na v\u0161etky kol\u00e1, tak\u017ee <strong>dar\u010dek v podobe \u0161tartovn\u00e9ho m\u00f4\u017eete vybera\u0165 zo 6 kr\u00e1snych lokal\u00edt.<\/strong><\/span><\/p>\n<p><img loading=\"lazy\" decoding=\"async\" class=\"alignnone size-full wp-image-19920\" src=\"https:\/\/d2p6e6u75xmxt8.cloudfront.net\/4\/2024\/12\/SBOT.webp\" alt=\"\u0160koda Bike Open Tour 2025\" width=\"990\" height=\"990\" srcset=\"https:\/\/d2p6e6u75xmxt8.cloudfront.net\/4\/2024\/12\/SBOT.webp 990w, https:\/\/d2p6e6u75xmxt8.cloudfront.net\/4\/2024\/12\/SBOT-300x300.webp 300w, https:\/\/d2p6e6u75xmxt8.cloudfront.net\/4\/2024\/12\/SBOT-150x150.webp 150w, https:\/\/d2p6e6u75xmxt8.cloudfront.net\/4\/2024\/12\/SBOT-768x768.webp 768w, https:\/\/d2p6e6u75xmxt8.cloudfront.net\/4\/2024\/12\/SBOT-400x400.webp 400w\" sizes=\"auto, (max-width: 990px) 100vw, 990px\" \/><\/p>\n<h2><b>WLRM klub cyklistov\u00a0<\/b><\/h2>\n<p><img loading=\"lazy\" decoding=\"async\" class=\"alignnone wp-image-19946 size-full\" src=\"https:\/\/d2p6e6u75xmxt8.cloudfront.net\/4\/2024\/12\/WLRM-tem-photo.webp\" alt=\"\" width=\"990\" height=\"660\" srcset=\"https:\/\/d2p6e6u75xmxt8.cloudfront.net\/4\/2024\/12\/WLRM-tem-photo.webp 990w, https:\/\/d2p6e6u75xmxt8.cloudfront.net\/4\/2024\/12\/WLRM-tem-photo-300x200.webp 300w, https:\/\/d2p6e6u75xmxt8.cloudfront.net\/4\/2024\/12\/WLRM-tem-photo-768x512.webp 768w, https:\/\/d2p6e6u75xmxt8.cloudfront.net\/4\/2024\/12\/WLRM-tem-photo-400x267.webp 400w, https:\/\/d2p6e6u75xmxt8.cloudfront.net\/4\/2024\/12\/WLRM-tem-photo-272x182.webp 272w\" sizes=\"auto, (max-width: 990px) 100vw, 990px\" \/><\/p>\n<h3><b>Minipumpa Cycplus AS2<\/b><\/h3>\n<p><span style=\"font-weight: 400;\"><a href=\"https:\/\/www.cycplus.cz\/cycplus\/1512-elektronicke-pumpy\/18215-elektronicka-mini-pumpa-cycplus-as2-pro\" target=\"_blank\" rel=\"noopener\">Mini prenosn\u00fd kompresor<\/a> (pumpa) na bicykel. <strong>Odb\u00farava nepraktick\u00fa manipul\u00e1ciu s CO2 bombi\u010dkami a dok\u00e1\u017ee dof\u00faka\u0165 cestn\u00e9 aj horsk\u00e9 koleso<\/strong> na po\u017eadovan\u00fd tlak v\u010faka zabudovan\u00e9mu manometru. Je \u013eahk\u00fd ako be\u017en\u00e1 minipumpa a navy\u0161e si ho m\u00f4\u017ee\u0161 pribali\u0165 do bato\u017einy v lietadle.<\/span><\/p>\n<p>&nbsp;<\/p>\n<p><img loading=\"lazy\" decoding=\"async\" class=\"alignnone size-full wp-image-19922\" src=\"https:\/\/d2p6e6u75xmxt8.cloudfront.net\/4\/2024\/12\/01.webp\" alt=\"Minipumpa Cycplus AS2\" width=\"660\" height=\"660\" srcset=\"https:\/\/d2p6e6u75xmxt8.cloudfront.net\/4\/2024\/12\/01.webp 660w, https:\/\/d2p6e6u75xmxt8.cloudfront.net\/4\/2024\/12\/01-300x300.webp 300w, https:\/\/d2p6e6u75xmxt8.cloudfront.net\/4\/2024\/12\/01-150x150.webp 150w, https:\/\/d2p6e6u75xmxt8.cloudfront.net\/4\/2024\/12\/01-400x400.webp 400w\" sizes=\"auto, (max-width: 660px) 100vw, 660px\" \/><\/p>\n<h3><b>Momentov\u00fd k\u013e\u00fa\u010d Lezyne Torque<\/b><\/h3>\n<p><span style=\"font-weight: 400;\"><a href=\"https:\/\/www.sloger.sk\/shop\/naradie-a-servis-bicyklov\/naradie-a-pripravky\/imbusove-a-torx-kluce\/lezyne-momentovy-kluc-torque-drive-v-tasticke.html\" target=\"_blank\" rel=\"noopener\">Praktick\u00fd momentov\u00fd k\u013e\u00fa\u010d<\/a> pre ka\u017ed\u00e9ho, kto r\u00e1d cestuje. Ak svoj bicykel pravidelne sklad\u00e1\u0161 a rozklad\u00e1\u0161 do auta alebo cestovn\u00e9ho kufra, pri jeho skladan\u00ed vyu\u017eije\u0161 <strong>\u013eahk\u00fd a praktick\u00fd momentov\u00fd <\/strong><\/span><strong>\u201e<\/strong><span style=\"font-weight: 400;\"><strong>torque\u201c k\u013e\u00fa\u010d so v\u0161etk\u00fdmi potrebn\u00fdmi n\u00e1stavcami.<\/strong> Ka\u017ed\u00fd, kto si rozklad\u00e1 a sklad\u00e1 bike, jednoducho potrebuje momentov\u00fd k\u013e\u00fa\u010d.<\/span><\/p>\n<p>&nbsp;<\/p>\n<p><img loading=\"lazy\" decoding=\"async\" class=\"alignnone size-full wp-image-19923\" src=\"https:\/\/d2p6e6u75xmxt8.cloudfront.net\/4\/2024\/12\/02.webp\" alt=\"Momentov\u00fd k\u013e\u00fa\u010d Lezyne Torque\" width=\"990\" height=\"660\" srcset=\"https:\/\/d2p6e6u75xmxt8.cloudfront.net\/4\/2024\/12\/02.webp 990w, https:\/\/d2p6e6u75xmxt8.cloudfront.net\/4\/2024\/12\/02-300x200.webp 300w, https:\/\/d2p6e6u75xmxt8.cloudfront.net\/4\/2024\/12\/02-768x512.webp 768w, https:\/\/d2p6e6u75xmxt8.cloudfront.net\/4\/2024\/12\/02-400x267.webp 400w, https:\/\/d2p6e6u75xmxt8.cloudfront.net\/4\/2024\/12\/02-272x182.webp 272w\" sizes=\"auto, (max-width: 990px) 100vw, 990px\" \/><\/p>\n<h3><b>Tmel Stan&#8217;s NoTubes<\/b><\/h3>\n<p><span style=\"font-weight: 400;\">Pr\u00edru\u010dn\u00e1 <a href=\"https:\/\/www.mtbiker.sk\/shop\/servis\/tmely-a-lepidla\/stans-notubes-tmel-60-ml-p11887.html\" target=\"_blank\" rel=\"noopener\">d\u00e1vka tmelu<\/a> do bezdu\u0161ov\u00fdch kolies. \u010ci u\u017e na dovolenke, alebo tesne pred pretekmi \u2013 ak<strong> \u0165a prekvap\u00ed defekt, m\u00f4\u017ee\u0161 si dolia\u0165 mlieko do pl\u00e1\u0161\u0165ov a bezstarostne pokra\u010dova\u0165 \u010falej.\u00a0<\/strong><\/span><\/p>\n<p>&nbsp;<\/p>\n<p><img loading=\"lazy\" decoding=\"async\" class=\"alignnone size-full wp-image-19924\" src=\"https:\/\/d2p6e6u75xmxt8.cloudfront.net\/4\/2024\/12\/03.webp\" alt=\"Tmel Stan's NoTubes\" width=\"660\" height=\"660\" srcset=\"https:\/\/d2p6e6u75xmxt8.cloudfront.net\/4\/2024\/12\/03.webp 660w, https:\/\/d2p6e6u75xmxt8.cloudfront.net\/4\/2024\/12\/03-300x300.webp 300w, https:\/\/d2p6e6u75xmxt8.cloudfront.net\/4\/2024\/12\/03-150x150.webp 150w, https:\/\/d2p6e6u75xmxt8.cloudfront.net\/4\/2024\/12\/03-400x400.webp 400w\" sizes=\"auto, (max-width: 660px) 100vw, 660px\" \/><\/p>\n<h3><b>Mesa\u010dn\u00e9 predplatn\u00e9 k Rouvy<\/b><\/h3>\n<p><span style=\"font-weight: 400;\"><a href=\"https:\/\/eshop.rouvy.com\/products\/1-month-gift-card-single-plan\" target=\"_blank\" rel=\"noopener\">Mesa\u010dn\u00e9 predplatn\u00e9 k Rouvy plus<\/a> tr\u00e9ningov\u00fd pl\u00e1n k tomu. Ak pou\u017e\u00edva\u0161 smart trena\u017e\u00e9r alebo powermeter, <strong>Rouvy \u0165a dok\u00e1\u017ee po\u010das zimn\u00fdch mesiacov prenies\u0165 do t\u00fdch najkraj\u0161\u00edch destin\u00e1ci\u00ed a legend\u00e1rnych kopcov<\/strong> \u2013 aspo\u0148 virtu\u00e1lne. <\/span><a href=\"https:\/\/www.welovecycling.com\/sk\/2024\/11\/15\/serial-ako-sa-stat-cyklistom-19-neprestante-trenovat-ani-v-zime\/\" target=\"_blank\" rel=\"noopener\"><span style=\"font-weight: 400;\">Zimn\u00e9 jazdenie na trena\u017e\u00e9ri<\/span><\/a><span style=\"font-weight: 400;\"> dok\u00e1\u017ee by\u0165 riadna nuda. V\u010faka Rouvy sa aspo\u0148 mys\u013eou dok\u00e1\u017eete prenies\u0165 na tie najkraj\u0161ie talianske st\u00fapania a spr\u00edjemni\u0165 si zimn\u00fd trena\u017e\u00e9rov\u00fd stereotyp.<\/span><\/p>\n<p><img loading=\"lazy\" decoding=\"async\" class=\"alignnone size-full wp-image-19925\" src=\"https:\/\/d2p6e6u75xmxt8.cloudfront.net\/4\/2024\/12\/04.webp\" alt=\"cyklo trena\u017e\u00e9r\" width=\"990\" height=\"660\" srcset=\"https:\/\/d2p6e6u75xmxt8.cloudfront.net\/4\/2024\/12\/04.webp 990w, https:\/\/d2p6e6u75xmxt8.cloudfront.net\/4\/2024\/12\/04-300x200.webp 300w, https:\/\/d2p6e6u75xmxt8.cloudfront.net\/4\/2024\/12\/04-768x512.webp 768w, https:\/\/d2p6e6u75xmxt8.cloudfront.net\/4\/2024\/12\/04-400x267.webp 400w, https:\/\/d2p6e6u75xmxt8.cloudfront.net\/4\/2024\/12\/04-272x182.webp 272w\" sizes=\"auto, (max-width: 990px) 100vw, 990px\" \/><\/p>\n<h2><b>Erik Horv\u00e1th \u2013 cyklista, turista, milovn\u00edk h\u00f4r\u00a0<\/b><\/h2>\n<p><img loading=\"lazy\" decoding=\"async\" class=\"alignnone size-full wp-image-19939\" src=\"https:\/\/d2p6e6u75xmxt8.cloudfront.net\/4\/2024\/12\/Erik.webp\" alt=\"\" width=\"990\" height=\"660\" srcset=\"https:\/\/d2p6e6u75xmxt8.cloudfront.net\/4\/2024\/12\/Erik.webp 990w, https:\/\/d2p6e6u75xmxt8.cloudfront.net\/4\/2024\/12\/Erik-300x200.webp 300w, https:\/\/d2p6e6u75xmxt8.cloudfront.net\/4\/2024\/12\/Erik-768x512.webp 768w, https:\/\/d2p6e6u75xmxt8.cloudfront.net\/4\/2024\/12\/Erik-400x267.webp 400w, https:\/\/d2p6e6u75xmxt8.cloudfront.net\/4\/2024\/12\/Erik-272x182.webp 272w\" sizes=\"auto, (max-width: 990px) 100vw, 990px\" \/><\/p>\n<h3><b>Zadn\u00e9 svetlo Knog Cobber MID<\/b><\/h3>\n<p><span style=\"font-weight: 400;\">Zadn\u00e9 svetlo je dnes neodmyslite\u013enou s\u00fa\u010das\u0165ou v\u00fdbavy cyklistu, ktor\u00fd jazd\u00ed celoro\u010dne a\u00a0ob\u010das sa pohybuje aj po cest\u00e1ch. Alebo len jednoducho chce by\u0165 dobre vidite\u013en\u00fd. Na trhu je v\u00fdber prakticky nekone\u010dn\u00fd, ale v\u017edy sa d\u00e1 nie\u010d\u00edm vynikn\u00fa\u0165. <a href=\"https:\/\/www.schindler.cz\/zadni-blikacka-knog-cobber-mid-rear\/\" target=\"_blank\" rel=\"noopener\">Zadn\u00e9 svetlo Knog Cobber Mid<\/a> je presne tak\u00e9. <strong>Pon\u00faka skuto\u010dne \u0161irok\u00fd sveteln\u00fd rozsah a\u017e 330 \u00b0, \u010do znamen\u00e1, \u017ee v\u00e1s bude vidie\u0165 prakticky z\u00a0ka\u017ed\u00e9ho uhla.\u00a0<\/strong><\/span><\/p>\n<p><span style=\"font-weight: 400;\">Kto m\u00e1 r\u00e1d vychyt\u00e1vky, tak si vie re\u017eimy svietenia a\u00a0blikania naprogramova\u0165 pod\u013ea svojho gusta. Intenzita svietenia sa skvele hod\u00ed aj na denn\u00e9 jazdy v\u00a0prem\u00e1vke. Svoj\u00edm tvarom je pekne zakomponovan\u00e9 na sedlovke, tak\u017ee skvele vyzer\u00e1. Blata a\u00a0vody sa b\u00e1\u0165 netreba, svetlo je na tak\u00e9to podmienky prisp\u00f4soben\u00e9 a\u00a0m\u00e1m to otestovan\u00e9.<\/span><\/p>\n<p>&nbsp;<\/p>\n<p><img loading=\"lazy\" decoding=\"async\" class=\"alignnone size-full wp-image-19926\" src=\"https:\/\/d2p6e6u75xmxt8.cloudfront.net\/4\/2024\/12\/05.webp\" alt=\"Zadn\u00e9 svetlo Knog Cobber MID\" width=\"660\" height=\"660\" srcset=\"https:\/\/d2p6e6u75xmxt8.cloudfront.net\/4\/2024\/12\/05.webp 660w, https:\/\/d2p6e6u75xmxt8.cloudfront.net\/4\/2024\/12\/05-300x300.webp 300w, https:\/\/d2p6e6u75xmxt8.cloudfront.net\/4\/2024\/12\/05-150x150.webp 150w, https:\/\/d2p6e6u75xmxt8.cloudfront.net\/4\/2024\/12\/05-400x400.webp 400w\" sizes=\"auto, (max-width: 660px) 100vw, 660px\" \/><\/p>\n<h3><span style=\"font-weight: 400;\">\u00a0<\/span><b>Wattmeter XCadey<\/b><\/h3>\n<p><span style=\"font-weight: 400;\">Cyklista, ktor\u00fd nejazd\u00ed len za \u00fa\u010delom radosti, ale berie to aj ako tr\u00e9ning, ktor\u00fd ho m\u00e1 niekam posun\u00fa\u0165, oce\u0148uje zariadenia, ktor\u00e9 mu umo\u017enia mera\u0165 r\u00f4zne v\u00fdstupn\u00e9 hodnoty ako vzdialenos\u0165, r\u00fdchlos\u0165, tepy a podobne. Na vy\u0161\u0161\u00ed level sa potom dost\u00e1va zariadenie meraj\u00face v\u00fdkon, ktor\u00fd dok\u00e1\u017eeme aktu\u00e1lne poda\u0165 \u2013 je to wattmeter. Ten n\u00e1m v\u00a0re\u00e1lnom \u010dase bez odozvy hovor\u00ed, ako \u201esilno\u201c tla\u010d\u00edme do ped\u00e1lov. <strong>Hodnota nie je ovplyvnen\u00e1 napr\u00edklad \u00fanavou, ako to b\u00fdva pri tepe.<\/strong> A\u00a0pr\u00e1ve v\u00a0kombin\u00e1cii s\u00a0hrudn\u00fdm p\u00e1som, ktor\u00fd je dnes u\u017e skoro \u0161tandardnom pri vytrvalostnom \u0161porte, je to v\u00fdborn\u00fd pomocn\u00edk.<\/span><\/p>\n<p><span style=\"font-weight: 400;\">Osobne m\u00e1m sk\u00fasenos\u0165 s wattmetrom od zna\u010dky 4IIII, ktor\u00fd sa montuje na k\u013euku, ak to ale r\u00e1m neumo\u017e\u0148uje, z d\u00f4vodu malej medzery medzi k\u013eukou a\u00a0zadnou stavbou, mus\u00edme h\u013eada\u0165 nie\u010do in\u00e9. Pav\u00fakov\u00fd <a href=\"https:\/\/xcadey.sk\/produkty\/xpower-spider\" target=\"_blank\" rel=\"noopener\">wattmeter XCADEY<\/a> m\u00f4\u017ee by\u0165 rie\u0161en\u00edm. Montuje sa za prevodn\u00edk, tak\u017ee rie\u0161i probl\u00e9m s\u00a0miestom. <strong>Je spo\u013eahliv\u00fd, m\u00e1 nab\u00edjate\u013en\u00fa baterku, dok\u00e1\u017ee mera\u0165 obojstranne a jeho cena nie je <\/strong><\/span><strong>\u201e<\/strong><span style=\"font-weight: 400;\"><strong>ustrelen\u00e1\u201c.<\/strong> A pri tr\u00e9novan\u00ed na marat\u00f3ny do novej sez\u00f3ny rozhodne dok\u00e1\u017ee pom\u00f4c\u0165.<\/span><\/p>\n<p>&nbsp;<\/p>\n<p><img loading=\"lazy\" decoding=\"async\" class=\"alignnone size-full wp-image-19927\" src=\"https:\/\/d2p6e6u75xmxt8.cloudfront.net\/4\/2024\/12\/06.webp\" alt=\"Wattmeter XCadey\" width=\"660\" height=\"660\" srcset=\"https:\/\/d2p6e6u75xmxt8.cloudfront.net\/4\/2024\/12\/06.webp 660w, https:\/\/d2p6e6u75xmxt8.cloudfront.net\/4\/2024\/12\/06-300x300.webp 300w, https:\/\/d2p6e6u75xmxt8.cloudfront.net\/4\/2024\/12\/06-150x150.webp 150w, https:\/\/d2p6e6u75xmxt8.cloudfront.net\/4\/2024\/12\/06-400x400.webp 400w\" sizes=\"auto, (max-width: 660px) 100vw, 660px\" \/><\/p>\n<h3><b>Dres s kr\u00e1tkym ruk\u00e1vom CASTELLI ESPRESSO<\/b><\/h3>\n<p><span style=\"font-weight: 400;\">So zna\u010dkou Castelli m\u00e1m dlhoro\u010dn\u00e9 sk\u00fasenosti. Novinkou na tento rok je kolekcia Espresso a\u00a0osobne som si k\u00fapil ich <a href=\"https:\/\/www.castelli.sk\/castelli-espresso-jersey--belgian-blue--silver-moon\/\" target=\"_blank\" rel=\"noopener\">kr\u00e1tky dres Espresso<\/a>. <strong>Hne\u010f po prvej jazde sa stal moj\u00edm ob\u013e\u00faben\u00fdm k\u00faskom.<\/strong> Strih nie je tak pr\u00edsne aero, ako to doteraz b\u00fdvalo, a u\u017e to nie je len pre postavu typick\u00e9ho talianskeho cyklistu.\u00a0<\/span><\/p>\n<p><span style=\"font-weight: 400;\">Nov\u00fd materi\u00e1l je ve\u013emi pr\u00edjemn\u00fd na dotyk a\u00a0dostato\u010dne vzdu\u0161n\u00fd na letn\u00e9 v\u00fdjazdy. Vzadu sa nach\u00e1dzaj\u00fa klasick\u00e9 tri dobre pr\u00edstupn\u00e9 vreck\u00e1 a\u00a0\u0161tvrt\u00e9 so zipsom na cennosti. Dres dr\u017e\u00ed na tele skuto\u010dne v\u00fdborne. Dizajn je modern\u00fd v\u00a0jednoduchom \u0161t\u00fdle a\u00a0v\u00a0pr\u00edjemn\u00fdch, pekn\u00fdch farb\u00e1ch. Pre\u010do sa aj na bicykli neobliec\u0165 \u0161t\u00fdlovej\u0161ie?<\/span><\/p>\n<p><img loading=\"lazy\" decoding=\"async\" class=\"alignnone size-full wp-image-19928\" src=\"https:\/\/d2p6e6u75xmxt8.cloudfront.net\/4\/2024\/12\/07.webp\" alt=\"Dres s kr\u00e1tkym ruk\u00e1vom CASTELLI ESPRESSO\" width=\"660\" height=\"658\" srcset=\"https:\/\/d2p6e6u75xmxt8.cloudfront.net\/4\/2024\/12\/07.webp 660w, https:\/\/d2p6e6u75xmxt8.cloudfront.net\/4\/2024\/12\/07-300x300.webp 300w, https:\/\/d2p6e6u75xmxt8.cloudfront.net\/4\/2024\/12\/07-150x150.webp 150w, https:\/\/d2p6e6u75xmxt8.cloudfront.net\/4\/2024\/12\/07-400x400.webp 400w\" sizes=\"auto, (max-width: 660px) 100vw, 660px\" \/><\/p>\n<h3><b>Termoska na bicykel CamelBak<\/b><\/h3>\n<p><span style=\"font-weight: 400;\">Ak pozn\u00e1te niekoho, kto jazd\u00ed aj v\u00a0poriadne studenom po\u010das\u00ed, tak mi verte, \u017ee ocen\u00ed, ak nemus\u00ed pi\u0165 \u013eadovo studen\u00fa vodu. Be\u017en\u00e1 termoska do dr\u017eiaka na f\u013ea\u0161u vhodn\u00e1 nie je. A\u00a0zase len izolovan\u00fd bidon na poriadnu zimu tie\u017e nesta\u010d\u00ed. <a href=\"https:\/\/www.mthiker.sk\/shop\/outdoor\/turistika-a-kemping\/turisticke-vybavenie\/flase-termosky-a-pitne-vaky\/termosky\/camelbak-chute-mag-vacuum-stainless-flasa-06-l-navy-p196136.html\" target=\"_blank\" rel=\"noopener\">CamelBak Chute Mag<\/a> je <strong>v\u00e1kuom izolovan\u00e1 f\u013ea\u0161a, ktor\u00e1 je presne \u0161irok\u00e1 na v\u00e4\u010d\u0161inu dr\u017eiakov a\u00a0teda v\u00a0nich pevne dr\u017e\u00ed a nehrk\u00e1.<\/strong> Na be\u017en\u00fd v\u00fdjazd je dostato\u010dne ve\u013ek\u00e1 a hoci je uz\u00e1ver na z\u00e1vit, tak je magnetick\u00fd a\u00a0v\u00fdborne sa z\u00a0nej pije. Tepl\u00fd n\u00e1poj v zime, alebo naopak aj chladn\u00fd v\u00a0lete udr\u017euje ve\u013emi dobre. V\u010faka jej tvaru sa m\u00f4\u017ee hodi\u0165 aj na nejak\u00fa turistiku alebo prech\u00e1dzku, preto sa tak\u00fdmto dar\u010dekom ur\u010dite ned\u00e1 ni\u010d pokazi\u0165.<\/span><\/p>\n<p><img loading=\"lazy\" decoding=\"async\" class=\"alignnone size-full wp-image-19929\" src=\"https:\/\/d2p6e6u75xmxt8.cloudfront.net\/4\/2024\/12\/08.webp\" alt=\"Termoska na bicykel CamelBak\" width=\"660\" height=\"660\" srcset=\"https:\/\/d2p6e6u75xmxt8.cloudfront.net\/4\/2024\/12\/08.webp 660w, https:\/\/d2p6e6u75xmxt8.cloudfront.net\/4\/2024\/12\/08-300x300.webp 300w, https:\/\/d2p6e6u75xmxt8.cloudfront.net\/4\/2024\/12\/08-150x150.webp 150w, https:\/\/d2p6e6u75xmxt8.cloudfront.net\/4\/2024\/12\/08-400x400.webp 400w\" sizes=\"auto, (max-width: 660px) 100vw, 660px\" \/><\/p>\n<h2><b>Nina Mikl\u00edkov\u00e1 &#8211; \u010dlenka komunity Bajkerky<\/b><\/h2>\n<p><img loading=\"lazy\" decoding=\"async\" class=\"alignnone size-full wp-image-19936\" src=\"https:\/\/d2p6e6u75xmxt8.cloudfront.net\/4\/2024\/12\/Nina.webp\" alt=\"\" width=\"990\" height=\"660\" srcset=\"https:\/\/d2p6e6u75xmxt8.cloudfront.net\/4\/2024\/12\/Nina.webp 990w, https:\/\/d2p6e6u75xmxt8.cloudfront.net\/4\/2024\/12\/Nina-300x200.webp 300w, https:\/\/d2p6e6u75xmxt8.cloudfront.net\/4\/2024\/12\/Nina-768x512.webp 768w, https:\/\/d2p6e6u75xmxt8.cloudfront.net\/4\/2024\/12\/Nina-400x267.webp 400w, https:\/\/d2p6e6u75xmxt8.cloudfront.net\/4\/2024\/12\/Nina-272x182.webp 272w\" sizes=\"auto, (max-width: 990px) 100vw, 990px\" \/><\/p>\n<h3><b>\u013dadvinka Hip Pack Pro 3\u00a0<\/b><\/h3>\n<p><span style=\"font-weight: 400;\">N\u00e1\u0161 dlhodob\u00fd \u201egamechanger\u201c \u2013 k\u013e\u00fa\u010de, vreckovky, mobiln\u00fd telef\u00f3n, nejak\u00e9 peniaze, snack, n\u00e1radie a vetruodoln\u00e1 bunda, to s\u00fa naj\u010dastej\u0161ie veci, ktor\u00e9 v \u013eadvinke <a href=\"https:\/\/www.mtbiker.sk\/shop\/batohy-a-tasky\/ladvinky\/evoc-hip-pack-pro-e-ride-ladvinka-3-l-steel-p250388.html\" target=\"_blank\" rel=\"noopener\">Hip Pack Pro 3<\/a> nos\u00edm. Za m\u0148a je ide\u00e1lna ve\u013ekos\u0165 3 litre. No a <strong>vonkaj\u0161ie putk\u00e1 na prichytenie chr\u00e1ni\u010dov, to je super vychyt\u00e1vka.<\/strong> Ak chce\u0161 investova\u0165 o nie\u010do viac do dar\u010deka, pozri aj s integrovan\u00fdm hydrovakom.\u00a0<\/span><\/p>\n<p><img loading=\"lazy\" decoding=\"async\" class=\"alignnone size-full wp-image-19930\" src=\"https:\/\/d2p6e6u75xmxt8.cloudfront.net\/4\/2024\/12\/14.webp\" alt=\"\u013dadvinka Hip Pack Pro 3\u00a0\" width=\"660\" height=\"660\" srcset=\"https:\/\/d2p6e6u75xmxt8.cloudfront.net\/4\/2024\/12\/14.webp 660w, https:\/\/d2p6e6u75xmxt8.cloudfront.net\/4\/2024\/12\/14-300x300.webp 300w, https:\/\/d2p6e6u75xmxt8.cloudfront.net\/4\/2024\/12\/14-150x150.webp 150w, https:\/\/d2p6e6u75xmxt8.cloudfront.net\/4\/2024\/12\/14-400x400.webp 400w\" sizes=\"auto, (max-width: 660px) 100vw, 660px\" \/><\/p>\n<h3><b>Termof\u013ea\u0161ka \u0160koda<\/b><\/h3>\n<p><span style=\"font-weight: 400;\">F\u013ea\u0161iek je v\u017edy pln\u00e1 dom\u00e1cnos\u0165, ale ke\u010f ju treba, nikdy nevie\u0161 \u017eiadnu n\u00e1js\u0165, tak smelo do k\u00fapy! No nie hocijak\u00fa, ale priam stvoren\u00fa na toto (a nielen toto) obdobie. <a href=\"https:\/\/eshop.skoda-auto.sk\/sk_SK\/cyklisticka-termoflasa\/p\/000050309J\" target=\"_blank\" rel=\"noopener\">Termof\u013ea\u0161ka<\/a> udr\u017e\u00ed tvoj n\u00e1poj v konzumovate\u013enom stave v zime aj v lete. <strong>Ako bonus chr\u00e1ni\u010d n\u00e1ustka proti blatu, ktor\u00e9 je v zimnom obdob\u00ed v\u0161ade.<\/strong> A pritom tak\u00e1 blbos\u0165, \u017ee?\u00a0<\/span><\/p>\n<p><img loading=\"lazy\" decoding=\"async\" class=\"alignnone size-full wp-image-19931\" src=\"https:\/\/d2p6e6u75xmxt8.cloudfront.net\/4\/2024\/12\/15.webp\" alt=\"Termof\u013ea\u0161ka \u0160koda\" width=\"660\" height=\"660\" srcset=\"https:\/\/d2p6e6u75xmxt8.cloudfront.net\/4\/2024\/12\/15.webp 660w, https:\/\/d2p6e6u75xmxt8.cloudfront.net\/4\/2024\/12\/15-300x300.webp 300w, https:\/\/d2p6e6u75xmxt8.cloudfront.net\/4\/2024\/12\/15-150x150.webp 150w, https:\/\/d2p6e6u75xmxt8.cloudfront.net\/4\/2024\/12\/15-400x400.webp 400w\" sizes=\"auto, (max-width: 660px) 100vw, 660px\" \/><\/p>\n<h2><b>Katar\u00edna Gre\u0161ov\u00e1 \u2013 cyklistka, mama a populiz\u00e1torka \u0161portovania s de\u0165mi\u00a0<\/b><\/h2>\n<p><img loading=\"lazy\" decoding=\"async\" class=\"alignnone size-full wp-image-19940\" src=\"https:\/\/d2p6e6u75xmxt8.cloudfront.net\/4\/2024\/12\/Katka.webp\" alt=\"\" width=\"990\" height=\"660\" srcset=\"https:\/\/d2p6e6u75xmxt8.cloudfront.net\/4\/2024\/12\/Katka.webp 990w, https:\/\/d2p6e6u75xmxt8.cloudfront.net\/4\/2024\/12\/Katka-300x200.webp 300w, https:\/\/d2p6e6u75xmxt8.cloudfront.net\/4\/2024\/12\/Katka-768x512.webp 768w, https:\/\/d2p6e6u75xmxt8.cloudfront.net\/4\/2024\/12\/Katka-400x267.webp 400w, https:\/\/d2p6e6u75xmxt8.cloudfront.net\/4\/2024\/12\/Katka-272x182.webp 272w\" sizes=\"auto, (max-width: 990px) 100vw, 990px\" \/><\/p>\n<h3><b>Cykloseda\u010dka Thule Yepp 2 MINI\u00a0<\/b><\/h3>\n<p><span style=\"font-weight: 400;\"><strong>Chcete si s de\u0165mi u\u017e\u00edva\u0165 slobodu z pohybu a spolo\u010dn\u00fa cyklojazdu?<\/strong> S <a href=\"https:\/\/www.stresnenosice-boxy.sk\/p\/14882\/thule-yepp-mini-2-fennel-tan?srsltid=AfmBOorVFm3AJqd58McrstEnDdYO3gm03nM2Ao2TrrsUhBp1FDTLn6vG\" target=\"_blank\" rel=\"noopener\">detskou prednou cykloseda\u010dkou<\/a> m\u00f4\u017eete svoje ratolesti zasv\u00e4ti\u0165 do sveta cyklistiky u\u017e relat\u00edvne skoro \u2013 a to v obdob\u00ed, ke\u010f zvl\u00e1dnu samostatne sedie\u0165.\u00a0\u00a0<\/span><\/p>\n<p><img loading=\"lazy\" decoding=\"async\" class=\"alignnone size-full wp-image-19932\" src=\"https:\/\/d2p6e6u75xmxt8.cloudfront.net\/4\/2024\/12\/12.webp\" alt=\"Cykloseda\u010dka Thule Yepp 2 MINI\u00a0\" width=\"660\" height=\"660\" srcset=\"https:\/\/d2p6e6u75xmxt8.cloudfront.net\/4\/2024\/12\/12.webp 660w, https:\/\/d2p6e6u75xmxt8.cloudfront.net\/4\/2024\/12\/12-300x300.webp 300w, https:\/\/d2p6e6u75xmxt8.cloudfront.net\/4\/2024\/12\/12-150x150.webp 150w, https:\/\/d2p6e6u75xmxt8.cloudfront.net\/4\/2024\/12\/12-400x400.webp 400w\" sizes=\"auto, (max-width: 660px) 100vw, 660px\" \/><\/p>\n<h3><b>Detsk\u00fd cyklodres Shotgun\u00a0<\/b><\/h3>\n<p><span style=\"font-weight: 400;\"><a href=\"https:\/\/origos.eu\/oblecenie-tricka\/vetruodolny-detsky-mtb-dres-dino-13360-sk\/\" target=\"_blank\" rel=\"noopener\">Cyklistick\u00fd dres<\/a> je nielen \u0161t\u00fdlov\u00fd, ale poskytne taktie\u017e <strong>dokonal\u00fa ochranu pred nepriaznivej\u0161\u00edmi poveternostn\u00fdmi podmienkami a vetrom.<\/strong> S kr\u00e1snym dizajnom a prepracovan\u00fdm vyhotoven\u00edm sa bud\u00fa c\u00edti\u0165 ako \u201eve\u013ek\u00ed bajkeri\u201c. Na v\u00fdber m\u00e1te \u0161tyri r\u00f4zne dizajny a ve\u013ekosti vhodn\u00e9 pre deti od 2 do 6 rokov.\u00a0<\/span><\/p>\n<p><img loading=\"lazy\" decoding=\"async\" class=\"alignnone size-full wp-image-19933\" src=\"https:\/\/d2p6e6u75xmxt8.cloudfront.net\/4\/2024\/12\/13.webp\" alt=\"Detsk\u00fd cyklodres Shotgun\u00a0\" width=\"660\" height=\"660\" srcset=\"https:\/\/d2p6e6u75xmxt8.cloudfront.net\/4\/2024\/12\/13.webp 660w, https:\/\/d2p6e6u75xmxt8.cloudfront.net\/4\/2024\/12\/13-300x300.webp 300w, https:\/\/d2p6e6u75xmxt8.cloudfront.net\/4\/2024\/12\/13-150x150.webp 150w, https:\/\/d2p6e6u75xmxt8.cloudfront.net\/4\/2024\/12\/13-400x400.webp 400w\" sizes=\"auto, (max-width: 660px) 100vw, 660px\" \/><\/p>\n<p>&nbsp;<\/p>\n<h2><b>\u2026darujte si spolo\u010dn\u00fd \u010das\u00a0<\/b><\/h2>\n<p><a href=\"https:\/\/www.welovecycling.com\/sk\/2024\/08\/02\/bavime-sa-cyklistikou-s-detmi\/\" target=\"_blank\" rel=\"noopener\"><span style=\"font-weight: 400;\">Spolo\u010dne str\u00e1ven\u00fd \u010das<\/span><\/a><span style=\"font-weight: 400;\"> na rodinn\u00fdch v\u00fdjazdoch je to najviac, \u010do m\u00f4\u017eete de\u0165om da\u0165. Darujte si <\/span><a href=\"https:\/\/www.welovecycling.com\/sk\/2024\/08\/12\/hura-na-rodinne-cyklovylety\/\" target=\"_blank\" rel=\"noopener\"><span style=\"font-weight: 400;\">rodinn\u00fd cyklov\u00fdlet<\/span><\/a><span style=\"font-weight: 400;\">, jazdenie v bikeparku, alebo si vyberte <\/span><a href=\"https:\/\/www.welovecycling.com\/sk\/2024\/04\/16\/ako-sa-s-detmi-pripravit-na-family-trat\/\" target=\"_blank\" rel=\"noopener\"><span style=\"font-weight: 400;\">cyklistick\u00e9 podujatie<\/span><\/a><span style=\"font-weight: 400;\">, na ktorom sa spolo\u010dne akt\u00edvne z\u00fa\u010dastn\u00edte. M\u00f4\u017eete si by\u0165 ist\u00ed, \u017ee nebude n\u00fadza o dobrodru\u017estv\u00e1, neopakovate\u013en\u00e9 momenty a ve\u013ek\u00e9 z\u00e1\u017eitky.\u00a0\u00a0<\/span><\/p>\n<p>&nbsp;<\/p>\n<p>Tituln\u00e1 foto: Ilustra\u010dn\u00e9 foto, vytvoren\u00e9 pomocou AI.<\/p>\n","protected":false},"excerpt":{"rendered":"<p>Aj tento rok v\u00e1m prin\u00e1\u0161ame viano\u010dn\u00e9 tipy na dar\u010deky od sk\u00fasen\u00fdch \u0161portovcov \u2013 ambas\u00e1dorov \u0160koda Bike Open Tour. Ve\u010f uznajte, [&hellip;]<\/p>\n","protected":false},"author":172,"featured_media":19944,"comment_status":"closed","ping_status":"closed","sticky":false,"template":"","format":"standard","meta":{"footnotes":""},"categories":[52],"tags":[559,115,507,345,1386,180,222,669,215,285,1643,35,1540,344,1196],"global-categories":[1074],"class_list":["post-19919","post","type-post","status-publish","format-standard","has-post-thumbnail","hentry","category-nakupny-poradca","tag-bicykel","tag-cestna-cyklistika","tag-cyklorodinka","tag-darceky","tag-deti-na-bicykli","tag-horska-cyklistika","tag-komponenty","tag-nakup","tag-nakupny-poradca","tag-oblecenie","tag-sezona-2025","tag-sbot","tag-tip","tag-vianoce","tag-vybava","global-categories-cycling"],"yoast_head":"<!-- This site is optimized with the Yoast SEO Premium plugin v25.3 (Yoast SEO v25.9) - https:\/\/yoast.com\/wordpress\/plugins\/seo\/ -->\n<title>Tipy na viano\u010dn\u00e9 dar\u010deky od t\u00fdch najpovolanej\u0161\u00edch - \u0160koda We Love Cycling Slovensko<\/title>\n<meta name=\"description\" content=\"Aj tento rok v\u00e1m prin\u00e1\u0161ame viano\u010dn\u00e9 tipy na dar\u010deky od sk\u00fasen\u00fdch \u0161portovcov \u2013 ambas\u00e1dorov \u0160koda Bike Open Tour.\" \/>\n<meta name=\"robots\" content=\"index, follow, max-snippet:-1, max-image-preview:large, max-video-preview:-1\" \/>\n<link rel=\"canonical\" href=\"https:\/\/www.welovecycling.com\/sk\/2024\/12\/13\/tipy-na-vianocne-darceky-od-tych-najpovolanejsich\/\" \/>\n<meta property=\"og:locale\" content=\"sk_SK\" \/>\n<meta property=\"og:type\" content=\"article\" \/>\n<meta property=\"og:title\" content=\"Tipy na viano\u010dn\u00e9 dar\u010deky od t\u00fdch najpovolanej\u0161\u00edch\" \/>\n<meta property=\"og:description\" content=\"Aj tento rok v\u00e1m prin\u00e1\u0161ame viano\u010dn\u00e9 tipy na dar\u010deky od sk\u00fasen\u00fdch \u0161portovcov \u2013 ambas\u00e1dorov \u0160koda Bike Open Tour.\" \/>\n<meta property=\"og:url\" content=\"https:\/\/www.welovecycling.com\/sk\/2024\/12\/13\/tipy-na-vianocne-darceky-od-tych-najpovolanejsich\/\" \/>\n<meta property=\"og:site_name\" content=\"\u0160koda We Love Cycling Slovensko\" \/>\n<meta property=\"article:published_time\" content=\"2024-12-13T09:00:57+00:00\" \/>\n<meta property=\"article:modified_time\" content=\"2024-12-13T11:11:46+00:00\" \/>\n<meta property=\"og:image\" content=\"https:\/\/d2p6e6u75xmxt8.cloudfront.net\/4\/2024\/12\/vianoce.webp\" \/>\n\t<meta property=\"og:image:width\" content=\"990\" \/>\n\t<meta property=\"og:image:height\" content=\"660\" \/>\n\t<meta property=\"og:image:type\" content=\"image\/webp\" \/>\n<meta name=\"author\" content=\"dominika\" \/>\n<meta name=\"twitter:card\" content=\"summary_large_image\" \/>\n<meta name=\"twitter:label1\" content=\"Written by\" \/>\n\t<meta name=\"twitter:data1\" content=\"We Love Cycling\" \/>\n\t<meta name=\"twitter:label2\" content=\"Est. reading time\" \/>\n\t<meta name=\"twitter:data2\" content=\"6\" \/>\n<script type=\"application\/ld+json\" class=\"yoast-schema-graph\">{\"@context\":\"https:\/\/schema.org\",\"@graph\":[{\"@type\":\"WebPage\",\"@id\":\"https:\/\/www.welovecycling.com\/sk\/2024\/12\/13\/tipy-na-vianocne-darceky-od-tych-najpovolanejsich\/\",\"url\":\"https:\/\/www.welovecycling.com\/sk\/2024\/12\/13\/tipy-na-vianocne-darceky-od-tych-najpovolanejsich\/\",\"name\":\"Tipy na viano\u010dn\u00e9 dar\u010deky od t\u00fdch najpovolanej\u0161\u00edch - \u0160koda We Love Cycling Slovensko\",\"isPartOf\":{\"@id\":\"https:\/\/www.welovecycling.com\/sk\/#website\"},\"primaryImageOfPage\":{\"@id\":\"https:\/\/www.welovecycling.com\/sk\/2024\/12\/13\/tipy-na-vianocne-darceky-od-tych-najpovolanejsich\/#primaryimage\"},\"image\":{\"@id\":\"https:\/\/www.welovecycling.com\/sk\/2024\/12\/13\/tipy-na-vianocne-darceky-od-tych-najpovolanejsich\/#primaryimage\"},\"thumbnailUrl\":\"https:\/\/d2p6e6u75xmxt8.cloudfront.net\/4\/2024\/12\/vianoce.webp\",\"datePublished\":\"2024-12-13T09:00:57+00:00\",\"dateModified\":\"2024-12-13T11:11:46+00:00\",\"author\":{\"@id\":\"https:\/\/www.welovecycling.com\/sk\/#\/schema\/person\/533b62b98b6c41bd5135ebfb1f742624\"},\"description\":\"Aj tento rok v\u00e1m prin\u00e1\u0161ame viano\u010dn\u00e9 tipy na dar\u010deky od sk\u00fasen\u00fdch \u0161portovcov \u2013 ambas\u00e1dorov \u0160koda Bike Open Tour.\",\"breadcrumb\":{\"@id\":\"https:\/\/www.welovecycling.com\/sk\/2024\/12\/13\/tipy-na-vianocne-darceky-od-tych-najpovolanejsich\/#breadcrumb\"},\"inLanguage\":\"sk-SK\",\"potentialAction\":[{\"@type\":\"ReadAction\",\"target\":[\"https:\/\/www.welovecycling.com\/sk\/2024\/12\/13\/tipy-na-vianocne-darceky-od-tych-najpovolanejsich\/\"]}]},{\"@type\":\"ImageObject\",\"inLanguage\":\"sk-SK\",\"@id\":\"https:\/\/www.welovecycling.com\/sk\/2024\/12\/13\/tipy-na-vianocne-darceky-od-tych-najpovolanejsich\/#primaryimage\",\"url\":\"https:\/\/d2p6e6u75xmxt8.cloudfront.net\/4\/2024\/12\/vianoce.webp\",\"contentUrl\":\"https:\/\/d2p6e6u75xmxt8.cloudfront.net\/4\/2024\/12\/vianoce.webp\",\"width\":990,\"height\":660,\"caption\":\"Ilustra\u010dn\u00e9 foto, vytvoren\u00e9 pomocou AI.\"},{\"@type\":\"BreadcrumbList\",\"@id\":\"https:\/\/www.welovecycling.com\/sk\/2024\/12\/13\/tipy-na-vianocne-darceky-od-tych-najpovolanejsich\/#breadcrumb\",\"itemListElement\":[{\"@type\":\"ListItem\",\"position\":1,\"name\":\"Home\",\"item\":\"https:\/\/www.welovecycling.com\/sk\/\"},{\"@type\":\"ListItem\",\"position\":2,\"name\":\"Tipy na viano\u010dn\u00e9 dar\u010deky od t\u00fdch najpovolanej\u0161\u00edch\"}]},{\"@type\":\"WebSite\",\"@id\":\"https:\/\/www.welovecycling.com\/sk\/#website\",\"url\":\"https:\/\/www.welovecycling.com\/sk\/\",\"name\":\"\u0160koda We Love Cycling Slovensko\",\"description\":\"\u0160koda We Love Cycling Slovensko je v\u00e1\u0161 ka\u017edodenn\u00fd zdroj noviniek a in\u0161pir\u00e1cie z sveta cyklistiky\",\"potentialAction\":[{\"@type\":\"SearchAction\",\"target\":{\"@type\":\"EntryPoint\",\"urlTemplate\":\"https:\/\/www.welovecycling.com\/sk\/?s={search_term_string}\"},\"query-input\":{\"@type\":\"PropertyValueSpecification\",\"valueRequired\":true,\"valueName\":\"search_term_string\"}}],\"inLanguage\":\"sk-SK\"},{\"@type\":\"Person\",\"@id\":\"https:\/\/www.welovecycling.com\/sk\/#\/schema\/person\/533b62b98b6c41bd5135ebfb1f742624\",\"name\":\"dominika\",\"image\":{\"@type\":\"ImageObject\",\"inLanguage\":\"sk-SK\",\"@id\":\"https:\/\/www.welovecycling.com\/sk\/#\/schema\/person\/image\/\",\"url\":\"https:\/\/secure.gravatar.com\/avatar\/ded6f274ba2ec3e17fff153f7d9d96a4b33c2cb63907f75d9a5309c599a7f3e6?s=96&d=mm&r=g\",\"contentUrl\":\"https:\/\/secure.gravatar.com\/avatar\/ded6f274ba2ec3e17fff153f7d9d96a4b33c2cb63907f75d9a5309c599a7f3e6?s=96&d=mm&r=g\",\"caption\":\"dominika\"},\"url\":\"https:\/\/www.welovecycling.com\/sk\/author\/dominika\/\"}]}<\/script>\n<!-- \/ Yoast SEO Premium plugin. -->","yoast_head_json":{"title":"Tipy na viano\u010dn\u00e9 dar\u010deky od t\u00fdch najpovolanej\u0161\u00edch - \u0160koda We Love Cycling Slovensko","description":"Aj tento rok v\u00e1m prin\u00e1\u0161ame viano\u010dn\u00e9 tipy na dar\u010deky od sk\u00fasen\u00fdch \u0161portovcov \u2013 ambas\u00e1dorov \u0160koda Bike Open Tour.","robots":{"index":"index","follow":"follow","max-snippet":"max-snippet:-1","max-image-preview":"max-image-preview:large","max-video-preview":"max-video-preview:-1"},"canonical":"https:\/\/www.welovecycling.com\/sk\/2024\/12\/13\/tipy-na-vianocne-darceky-od-tych-najpovolanejsich\/","og_locale":"sk_SK","og_type":"article","og_title":"Tipy na viano\u010dn\u00e9 dar\u010deky od t\u00fdch najpovolanej\u0161\u00edch","og_description":"Aj tento rok v\u00e1m prin\u00e1\u0161ame viano\u010dn\u00e9 tipy na dar\u010deky od sk\u00fasen\u00fdch \u0161portovcov \u2013 ambas\u00e1dorov \u0160koda Bike Open Tour.","og_url":"https:\/\/www.welovecycling.com\/sk\/2024\/12\/13\/tipy-na-vianocne-darceky-od-tych-najpovolanejsich\/","og_site_name":"\u0160koda We Love Cycling Slovensko","article_published_time":"2024-12-13T09:00:57+00:00","article_modified_time":"2024-12-13T11:11:46+00:00","og_image":[{"width":990,"height":660,"url":"https:\/\/d2p6e6u75xmxt8.cloudfront.net\/4\/2024\/12\/vianoce.webp","type":"image\/webp"}],"author":"dominika","twitter_card":"summary_large_image","twitter_misc":{"Written by":"We Love Cycling","Est. reading time":"6"},"schema":{"@context":"https:\/\/schema.org","@graph":[{"@type":"WebPage","@id":"https:\/\/www.welovecycling.com\/sk\/2024\/12\/13\/tipy-na-vianocne-darceky-od-tych-najpovolanejsich\/","url":"https:\/\/www.welovecycling.com\/sk\/2024\/12\/13\/tipy-na-vianocne-darceky-od-tych-najpovolanejsich\/","name":"Tipy na viano\u010dn\u00e9 dar\u010deky od t\u00fdch najpovolanej\u0161\u00edch - \u0160koda We Love Cycling Slovensko","isPartOf":{"@id":"https:\/\/www.welovecycling.com\/sk\/#website"},"primaryImageOfPage":{"@id":"https:\/\/www.welovecycling.com\/sk\/2024\/12\/13\/tipy-na-vianocne-darceky-od-tych-najpovolanejsich\/#primaryimage"},"image":{"@id":"https:\/\/www.welovecycling.com\/sk\/2024\/12\/13\/tipy-na-vianocne-darceky-od-tych-najpovolanejsich\/#primaryimage"},"thumbnailUrl":"https:\/\/d2p6e6u75xmxt8.cloudfront.net\/4\/2024\/12\/vianoce.webp","datePublished":"2024-12-13T09:00:57+00:00","dateModified":"2024-12-13T11:11:46+00:00","author":{"@id":"https:\/\/www.welovecycling.com\/sk\/#\/schema\/person\/533b62b98b6c41bd5135ebfb1f742624"},"description":"Aj tento rok v\u00e1m prin\u00e1\u0161ame viano\u010dn\u00e9 tipy na dar\u010deky od sk\u00fasen\u00fdch \u0161portovcov \u2013 ambas\u00e1dorov \u0160koda Bike Open Tour.","breadcrumb":{"@id":"https:\/\/www.welovecycling.com\/sk\/2024\/12\/13\/tipy-na-vianocne-darceky-od-tych-najpovolanejsich\/#breadcrumb"},"inLanguage":"sk-SK","potentialAction":[{"@type":"ReadAction","target":["https:\/\/www.welovecycling.com\/sk\/2024\/12\/13\/tipy-na-vianocne-darceky-od-tych-najpovolanejsich\/"]}]},{"@type":"ImageObject","inLanguage":"sk-SK","@id":"https:\/\/www.welovecycling.com\/sk\/2024\/12\/13\/tipy-na-vianocne-darceky-od-tych-najpovolanejsich\/#primaryimage","url":"https:\/\/d2p6e6u75xmxt8.cloudfront.net\/4\/2024\/12\/vianoce.webp","contentUrl":"https:\/\/d2p6e6u75xmxt8.cloudfront.net\/4\/2024\/12\/vianoce.webp","width":990,"height":660,"caption":"Ilustra\u010dn\u00e9 foto, vytvoren\u00e9 pomocou AI."},{"@type":"BreadcrumbList","@id":"https:\/\/www.welovecycling.com\/sk\/2024\/12\/13\/tipy-na-vianocne-darceky-od-tych-najpovolanejsich\/#breadcrumb","itemListElement":[{"@type":"ListItem","position":1,"name":"Home","item":"https:\/\/www.welovecycling.com\/sk\/"},{"@type":"ListItem","position":2,"name":"Tipy na viano\u010dn\u00e9 dar\u010deky od t\u00fdch najpovolanej\u0161\u00edch"}]},{"@type":"WebSite","@id":"https:\/\/www.welovecycling.com\/sk\/#website","url":"https:\/\/www.welovecycling.com\/sk\/","name":"\u0160koda We Love Cycling Slovensko","description":"\u0160koda We Love Cycling Slovensko je v\u00e1\u0161 ka\u017edodenn\u00fd zdroj noviniek a in\u0161pir\u00e1cie z sveta cyklistiky","potentialAction":[{"@type":"SearchAction","target":{"@type":"EntryPoint","urlTemplate":"https:\/\/www.welovecycling.com\/sk\/?s={search_term_string}"},"query-input":{"@type":"PropertyValueSpecification","valueRequired":true,"valueName":"search_term_string"}}],"inLanguage":"sk-SK"},{"@type":"Person","@id":"https:\/\/www.welovecycling.com\/sk\/#\/schema\/person\/533b62b98b6c41bd5135ebfb1f742624","name":"dominika","image":{"@type":"ImageObject","inLanguage":"sk-SK","@id":"https:\/\/www.welovecycling.com\/sk\/#\/schema\/person\/image\/","url":"https:\/\/secure.gravatar.com\/avatar\/ded6f274ba2ec3e17fff153f7d9d96a4b33c2cb63907f75d9a5309c599a7f3e6?s=96&d=mm&r=g","contentUrl":"https:\/\/secure.gravatar.com\/avatar\/ded6f274ba2ec3e17fff153f7d9d96a4b33c2cb63907f75d9a5309c599a7f3e6?s=96&d=mm&r=g","caption":"dominika"},"url":"https:\/\/www.welovecycling.com\/sk\/author\/dominika\/"}]}},"_links":{"self":[{"href":"https:\/\/www.welovecycling.com\/sk\/wp-json\/wp\/v2\/posts\/19919","targetHints":{"allow":["GET"]}}],"collection":[{"href":"https:\/\/www.welovecycling.com\/sk\/wp-json\/wp\/v2\/posts"}],"about":[{"href":"https:\/\/www.welovecycling.com\/sk\/wp-json\/wp\/v2\/types\/post"}],"author":[{"embeddable":true,"href":"https:\/\/www.welovecycling.com\/sk\/wp-json\/wp\/v2\/users\/172"}],"replies":[{"embeddable":true,"href":"https:\/\/www.welovecycling.com\/sk\/wp-json\/wp\/v2\/comments?post=19919"}],"version-history":[{"count":8,"href":"https:\/\/www.welovecycling.com\/sk\/wp-json\/wp\/v2\/posts\/19919\/revisions"}],"predecessor-version":[{"id":19947,"href":"https:\/\/www.welovecycling.com\/sk\/wp-json\/wp\/v2\/posts\/19919\/revisions\/19947"}],"wp:featuredmedia":[{"embeddable":true,"href":"https:\/\/www.welovecycling.com\/sk\/wp-json\/wp\/v2\/media\/19944"}],"wp:attachment":[{"href":"https:\/\/www.welovecycling.com\/sk\/wp-json\/wp\/v2\/media?parent=19919"}],"wp:term":[{"taxonomy":"category","embeddable":true,"href":"https:\/\/www.welovecycling.com\/sk\/wp-json\/wp\/v2\/categories?post=19919"},{"taxonomy":"post_tag","embeddable":true,"href":"https:\/\/www.welovecycling.com\/sk\/wp-json\/wp\/v2\/tags?post=19919"},{"taxonomy":"global-categories","embeddable":true,"href":"https:\/\/www.welovecycling.com\/sk\/wp-json\/wp\/v2\/global-categories?post=19919"}],"curies":[{"name":"wp","href":"https:\/\/api.w.org\/{rel}","templated":true}]}}