{"id":19905,"date":"2024-12-10T09:29:42","date_gmt":"2024-12-10T08:29:42","guid":{"rendered":"https:\/\/www.welovecycling.com\/sk\/?p=19905"},"modified":"2024-12-10T09:29:42","modified_gmt":"2024-12-10T08:29:42","slug":"gran-canaria-zimna-cyklistika-s-celou-rodinou-v-teple","status":"publish","type":"post","link":"https:\/\/www.welovecycling.com\/sk\/2024\/12\/10\/gran-canaria-zimna-cyklistika-s-celou-rodinou-v-teple\/","title":{"rendered":"Gran Canaria: Zimn\u00e1 cyklistika s celou rodinou v teple"},"content":{"rendered":"<div>\n<p><strong>Ke\u010f\u017ee zima sa tento rok vo ve\u013ekej \u010dasti Eur\u00f3py ohl\u00e1sila akosi sk\u00f4r, mnoh\u00e9 rodiny sn\u00edvaj\u00fa o tom, ako utiec\u0165 pred chladom. Ak ste rodina nad\u0161encov cyklistiky, ktor\u00ed h\u013eadaj\u00fa destin\u00e1ciu, kde na v\u00e1s \u010dak\u00e1 tepl\u00fd v\u00e1nok a ohromuj\u00faca scen\u00e9ria, Gran Canaria je ide\u00e1lnou vo\u013ebou. Nie je to len \u010fal\u0161ie miesto pre cyklistiku. Tento sope\u010dn\u00fd ostrov pon\u00faka jedine\u010dn\u00e9 trasy a rodinn\u00e9 z\u00e1\u017eitky, v\u010faka ktor\u00fdm je v decembri skuto\u010dne rajom pre cyklistov. Tu je n\u00e1vod, ako z toho vy\u0165a\u017ei\u0165 maximum.<\/strong><\/p>\n<\/div>\n<p><!--more--><\/p>\n<div>\n<h2><b>1. Jazdite cez pokojn\u00e9 Pueblos Blancos<\/b><\/h2>\n<\/div>\n<div>\n<figure id=\"attachment_19906\" aria-describedby=\"caption-attachment-19906\" style=\"width: 990px\" class=\"wp-caption alignnone\"><a href=\"https:\/\/d2p6e6u75xmxt8.cloudfront.net\/4\/2024\/12\/Agaete-profimedia-0890087887-CVR.webp\"><img loading=\"lazy\" decoding=\"async\" class=\"wp-image-19906 size-full\" src=\"https:\/\/d2p6e6u75xmxt8.cloudfront.net\/4\/2024\/12\/Agaete-profimedia-0890087887-CVR.webp\" alt=\"Agaete\" width=\"990\" height=\"660\" srcset=\"https:\/\/d2p6e6u75xmxt8.cloudfront.net\/4\/2024\/12\/Agaete-profimedia-0890087887-CVR.webp 990w, https:\/\/d2p6e6u75xmxt8.cloudfront.net\/4\/2024\/12\/Agaete-profimedia-0890087887-CVR-300x200.webp 300w, https:\/\/d2p6e6u75xmxt8.cloudfront.net\/4\/2024\/12\/Agaete-profimedia-0890087887-CVR-768x512.webp 768w, https:\/\/d2p6e6u75xmxt8.cloudfront.net\/4\/2024\/12\/Agaete-profimedia-0890087887-CVR-400x267.webp 400w, https:\/\/d2p6e6u75xmxt8.cloudfront.net\/4\/2024\/12\/Agaete-profimedia-0890087887-CVR-272x182.webp 272w\" sizes=\"auto, (max-width: 990px) 100vw, 990px\" \/><\/a><figcaption id=\"caption-attachment-19906\" class=\"wp-caption-text\"><span style=\"font-weight: 400;\">Presk\u00famajte \u010daro Agaete. \u00a9 Profimedia<\/span><\/figcaption><\/figure>\n<p><span style=\"font-weight: 400;\">Biele dediny na Gran Canarii, zn\u00e1me ako pueblos blancos, s\u00fa o\u010daruj\u00facou s\u00fa\u010das\u0165ou ka\u017ed\u00e9ho rodinn\u00e9ho cyklistick\u00e9ho dobrodru\u017estva. Vydajte sa do miest ako Agaete alebo Teror, kde m\u00f4\u017eete \u0161liapa\u0165 do ped\u00e1lov po dl\u00e1\u017eden\u00fdch uliciach obklopen\u00fdch koloni\u00e1lnou architekt\u00farou a balk\u00f3nmi s kvetinovou v\u00fdzdobou. <\/span><\/p>\n<p><span style=\"font-weight: 400;\"><strong>Cesty sp\u00e1jaj\u00face tieto o\u010daruj\u00face dedinky s\u00fa tich\u00e9, bezpe\u010dn\u00e9 a mierne, v\u010faka \u010domu s\u00fa ide\u00e1lne na rodinn\u00fa jazdu.<\/strong> Zastavte sa v miestnej kaviarni na \u010derstv\u00e9 papas arrugadas (zemiaky v \u0161upke) a u\u017eite si pokojn\u00e9 popoludnie s autentickou kult\u00farou Kan\u00e1rskych ostrovov.<\/span><\/p>\n<\/div>\n<div>\n<h2><b>2. Vydajte sa na rodinn\u00fa jazdu na sopke<\/b><\/h2>\n<\/div>\n<div>\n<p><span style=\"font-weight: 400;\">Na rozdiel od niektor\u00fdch zastra\u0161uj\u00facich sope\u010dn\u00fdch ter\u00e9nov na in\u00fdch Kan\u00e1rskych ostrovoch m\u00e1 Gran Canaria zvl\u00e1dnute\u013en\u00fa sope\u010dn\u00fa krajinu vhodn\u00fa aj pre rodiny. <strong>Jedn\u00fdm z vrcholov je relat\u00edvne mierny v\u00fdstup na kalderu Bandama \u2013 starovek\u00fd sope\u010dn\u00fd kr\u00e1ter, ktor\u00fd pon\u00faka \u00fa\u017easn\u00fd v\u00fdh\u013ead na ostrov.<\/strong> V\u00fdstup je obohacuj\u00faci bez toho, aby bol pr\u00edli\u0161 nam\u00e1hav\u00fd, a poh\u013ead na kr\u00e1ter ur\u010dite zap\u00f4sob\u00ed na deti aj dospel\u00fdch. Pre mlad\u0161\u00edch \u010dlenov rodiny bude fakt, \u017ee stoja na okraji starovekej sopky, ve\u013emi vzru\u0161uj\u00faci.<\/span><\/p>\n<blockquote class=\"instagram-media\" style=\"background: #FFF; border: 0; border-radius: 3px; box-shadow: 0 0 1px 0 rgba(0,0,0,0.5),0 1px 10px 0 rgba(0,0,0,0.15); margin: 1px; max-width: 540px; min-width: 326px; padding: 0; width: calc(100% - 2px);\" data-instgrm-permalink=\"https:\/\/www.instagram.com\/p\/DC1pm0qMRMU\/?utm_source=ig_embed&amp;utm_campaign=loading\" data-instgrm-version=\"14\">\n<div style=\"padding: 16px;\">\n<p>&nbsp;<\/p>\n<div style=\"display: flex; flex-direction: row; align-items: center;\">\n<div style=\"background-color: #f4f4f4; border-radius: 50%; flex-grow: 0; height: 40px; margin-right: 14px; width: 40px;\"><\/div>\n<div style=\"display: flex; flex-direction: column; flex-grow: 1; justify-content: center;\">\n<div style=\"background-color: #f4f4f4; border-radius: 4px; flex-grow: 0; height: 14px; margin-bottom: 6px; width: 100px;\"><\/div>\n<div style=\"background-color: #f4f4f4; border-radius: 4px; flex-grow: 0; height: 14px; width: 60px;\"><\/div>\n<\/div>\n<\/div>\n<div style=\"padding: 19% 0;\"><\/div>\n<div style=\"display: block; height: 50px; margin: 0 auto 12px; width: 50px;\"><\/div>\n<div style=\"padding-top: 8px;\">\n<div style=\"color: #3897f0; font-family: Arial,sans-serif; font-size: 14px; font-style: normal; font-weight: 550; line-height: 18px;\">Zobrazit p\u0159\u00edsp\u011bvek na Instagramu<\/div>\n<\/div>\n<div style=\"padding: 12.5% 0;\"><\/div>\n<div style=\"display: flex; flex-direction: row; margin-bottom: 14px; align-items: center;\">\n<div>\n<div style=\"background-color: #f4f4f4; border-radius: 50%; height: 12.5px; width: 12.5px; transform: translateX(0px) translateY(7px);\"><\/div>\n<div style=\"background-color: #f4f4f4; height: 12.5px; transform: rotate(-45deg) translateX(3px) translateY(1px); width: 12.5px; flex-grow: 0; margin-right: 14px; margin-left: 2px;\"><\/div>\n<div style=\"background-color: #f4f4f4; border-radius: 50%; height: 12.5px; width: 12.5px; transform: translateX(9px) translateY(-18px);\"><\/div>\n<\/div>\n<div style=\"margin-left: 8px;\">\n<div style=\"background-color: #f4f4f4; border-radius: 50%; flex-grow: 0; height: 20px; width: 20px;\"><\/div>\n<div style=\"width: 0; height: 0; border-top: 2px solid transparent; border-left: 6px solid #f4f4f4; border-bottom: 2px solid transparent; transform: translateX(16px) translateY(-4px) rotate(30deg);\"><\/div>\n<\/div>\n<div style=\"margin-left: auto;\">\n<div style=\"width: 0px; border-top: 8px solid #F4F4F4; border-right: 8px solid transparent; transform: translateY(16px);\"><\/div>\n<div style=\"background-color: #f4f4f4; flex-grow: 0; height: 12px; width: 16px; transform: translateY(-4px);\"><\/div>\n<div style=\"width: 0; height: 0; border-top: 8px solid #F4F4F4; border-left: 8px solid transparent; transform: translateY(-4px) translateX(8px);\"><\/div>\n<\/div>\n<\/div>\n<div style=\"display: flex; flex-direction: column; flex-grow: 1; justify-content: center; margin-bottom: 24px;\">\n<div style=\"background-color: #f4f4f4; border-radius: 4px; flex-grow: 0; height: 14px; margin-bottom: 6px; width: 224px;\"><\/div>\n<div style=\"background-color: #f4f4f4; border-radius: 4px; flex-grow: 0; height: 14px; width: 144px;\"><\/div>\n<\/div>\n<p>&nbsp;<\/p>\n<p style=\"color: #c9c8cd; font-family: Arial,sans-serif; font-size: 14px; line-height: 17px; margin-bottom: 0; margin-top: 8px; overflow: hidden; padding: 8px 0 7px; text-align: center; text-overflow: ellipsis; white-space: nowrap;\"><a style=\"color: #c9c8cd; font-family: Arial,sans-serif; font-size: 14px; font-style: normal; font-weight: normal; line-height: 17px; text-decoration: none;\" href=\"https:\/\/www.instagram.com\/p\/DC1pm0qMRMU\/?utm_source=ig_embed&amp;utm_campaign=loading\" target=\"_blank\" rel=\"noopener\">P\u0159\u00edsp\u011bvek sd\u00edlen\u00fd Ronald John (@r0naldjohn)<\/a><\/p>\n<\/div>\n<\/blockquote>\n<p><script async src=\"\/\/www.instagram.com\/embed.js\"><\/script><\/p>\n<\/div>\n<div>\n<h2><b>3. Presk\u00famajte malebn\u00e9 pobre\u017en\u00e9 cesty<\/b><\/h2>\n<\/div>\n<div>\n<p><span style=\"font-weight: 400;\">Pobre\u017en\u00e9 cesty okolo Gran Canarie pon\u00fakaj\u00fa nie\u010do skuto\u010dne ve\u013ekolep\u00e9: mo\u017enos\u0165 bicyklova\u0165 popri tyrkysov\u00fdch vod\u00e1ch pod az\u00farovo modrou a bezobla\u010dnou oblohou. <strong>Trasa z Las Palmas do Maspalomas je vhodn\u00e1 pre cel\u00e9 rodiny a pon\u00faka mno\u017estvo pr\u00edle\u017eitost\u00ed zastavi\u0165 sa a ponori\u0165 nohy do oce\u00e1nu.<\/strong> Zastavte sa na Playa de las Canteras, jednej z najkraj\u0161\u00edch mestsk\u00fdch pl\u00e1\u017e\u00ed \u0160panielska, kde si m\u00f4\u017eete vychutna\u0165 obed, alebo si dokonca po\u017ei\u010da\u0165 v\u00fdstroj na \u0161norchlovanie a presk\u00fama\u0165 s de\u0165mi podmorsk\u00fd svet.<\/span><\/p>\n<\/div>\n<div>\n<h2><b>4. Objavte borovicov\u00e9 lesy Tamadaba<\/b><\/h2>\n<\/div>\n<div>\n<p><span style=\"font-weight: 400;\">Vn\u00fatrozemie Gran Canarie je charakteristick\u00e9 dramatickou krajinou, vr\u00e1tane pr\u00edrodn\u00e9ho parku Tamadaba. Cyklistick\u00fd v\u00fdlet cez bujn\u00e9 borovicov\u00e9 lesy Tamadaba je pre ostrov jedine\u010dn\u00fd \u2013 budete jazdi\u0165 po dobre udr\u017eiavan\u00fdch cest\u00e1ch obklopen\u00fdch \u00fa\u017easnou zelenou krajinou. <\/span><\/p>\n<p><span style=\"font-weight: 400;\">V\u00f4\u0148a ihli\u010dia a chladiv\u00fd v\u00e1nok z neho robia ide\u00e1lne miesto, ako pre\u017ei\u0165 de\u0148 \u010faleko od pobre\u017eia. <strong>Urobte si rodinn\u00fd piknik a vychutnajte si ho na jednej z lesn\u00fdch vyhliadok so scen\u00e9riou \u00fatesov, ktor\u00e9 klesaj\u00fa do Atlantick\u00e9ho oce\u00e1nu.<\/strong><\/span><\/p>\n<\/div>\n<div>\n<h2><b>5. Za\u017eite duny Maspalomas na bicykli<\/b><\/h2>\n<\/div>\n<div>\n<figure id=\"attachment_19907\" aria-describedby=\"caption-attachment-19907\" style=\"width: 990px\" class=\"wp-caption alignnone\"><a href=\"https:\/\/d2p6e6u75xmxt8.cloudfront.net\/4\/2024\/12\/Gran-Canaria-Maspalomas-profimedia-0906564896.webp\"><img loading=\"lazy\" decoding=\"async\" class=\"wp-image-19907 size-full\" src=\"https:\/\/d2p6e6u75xmxt8.cloudfront.net\/4\/2024\/12\/Gran-Canaria-Maspalomas-profimedia-0906564896.webp\" alt=\"Maspalomas\" width=\"990\" height=\"660\" srcset=\"https:\/\/d2p6e6u75xmxt8.cloudfront.net\/4\/2024\/12\/Gran-Canaria-Maspalomas-profimedia-0906564896.webp 990w, https:\/\/d2p6e6u75xmxt8.cloudfront.net\/4\/2024\/12\/Gran-Canaria-Maspalomas-profimedia-0906564896-300x200.webp 300w, https:\/\/d2p6e6u75xmxt8.cloudfront.net\/4\/2024\/12\/Gran-Canaria-Maspalomas-profimedia-0906564896-768x512.webp 768w, https:\/\/d2p6e6u75xmxt8.cloudfront.net\/4\/2024\/12\/Gran-Canaria-Maspalomas-profimedia-0906564896-400x267.webp 400w, https:\/\/d2p6e6u75xmxt8.cloudfront.net\/4\/2024\/12\/Gran-Canaria-Maspalomas-profimedia-0906564896-272x182.webp 272w\" sizes=\"auto, (max-width: 990px) 100vw, 990px\" \/><\/a><figcaption id=\"caption-attachment-19907\" class=\"wp-caption-text\"><span style=\"font-weight: 400;\">Jazda okolo d\u00fan Maspalomas. \u00a9 Profimedia<\/span><\/figcaption><\/figure>\n<p class=\"Textbody\"><span style=\"font-weight: 400;\">\u017diadny rodinn\u00fd v\u00fdlet na bicykli na Gran Canarii nie je \u00fapln\u00fd bez n\u00e1v\u0161tevy d\u00fan Maspalomas. Prevezte sa na bicykli k okrajom t\u00fdchto p\u00f4sobiv\u00fdch pieso\u010dn\u00fdch d\u00fan, zaparkujte bicykle a nechajte deti vy\u0161anti\u0165 sa na zlatom piesku. <strong>Je to ako n\u00e1v\u0161teva p\u00fa\u0161te \u2013 priamo pri mori!<\/strong> <\/span><\/p>\n<p class=\"Textbody\"><span style=\"font-weight: 400;\">T\u00e1to oblas\u0165 je kr\u00e1sna, najm\u00e4 v neskor\u00fdch popolud\u0148aj\u0161\u00edch hodin\u00e1ch, ke\u010f slnko vrh\u00e1 dlh\u00e9 tiene, \u010do d\u00e1va dun\u00e1m magick\u00fd vzh\u013ead. Po hre v piesku pokra\u010dujte k maj\u00e1ku Maspalomas, ktor\u00fd je ide\u00e1lnym miestom na pozorovanie z\u00e1padu slnka.<\/span><\/p>\n<\/div>\n<div>\n<h2><b>6. Ochutnajte miestne chute na farm\u00e1rskych trhoch<\/b><\/h2>\n<\/div>\n<div>\n<p><span style=\"font-weight: 400;\">\u010eal\u0161\u00edm cyklistick\u00fdm klenotom jedine\u010dn\u00fdm na Gran Canarii je pr\u00edstup na tradi\u010dn\u00e9 farm\u00e1rske trhy v men\u0161\u00edch mest\u00e1ch ako San Mateo a Santa Brigida. <strong>S\u00fa to perfektn\u00e9 zast\u00e1vky po\u010das rodinnej jazdy, kde m\u00f4\u017eete ochutna\u0165 tropick\u00e9 ovocie, ktor\u00e9 na pevnine nen\u00e1jdete, ako s\u00fa sladk\u00e9 kan\u00e1rske ban\u00e1ny, pap\u00e1ja a miestne syry.<\/strong> Deti bud\u00fa milova\u0165 objavovanie trhu a v\u00fdber vlastn\u00e9ho ob\u010derstvenia na cesty.<\/span><\/p>\n<\/div>\n<div>\n<h2><b>7. Relax v pr\u00edrodn\u00fdch baz\u00e9noch Agaete<\/b><\/h2>\n<\/div>\n<div>\n<figure id=\"attachment_19908\" aria-describedby=\"caption-attachment-19908\" style=\"width: 990px\" class=\"wp-caption alignnone\"><a href=\"https:\/\/d2p6e6u75xmxt8.cloudfront.net\/4\/2024\/12\/Agaete-Natural-Pools-profimedia-0937316078.webp\"><img loading=\"lazy\" decoding=\"async\" class=\"wp-image-19908 size-full\" src=\"https:\/\/d2p6e6u75xmxt8.cloudfront.net\/4\/2024\/12\/Agaete-Natural-Pools-profimedia-0937316078.webp\" alt=\"Agaete natural pools\" width=\"990\" height=\"660\" srcset=\"https:\/\/d2p6e6u75xmxt8.cloudfront.net\/4\/2024\/12\/Agaete-Natural-Pools-profimedia-0937316078.webp 990w, https:\/\/d2p6e6u75xmxt8.cloudfront.net\/4\/2024\/12\/Agaete-Natural-Pools-profimedia-0937316078-300x200.webp 300w, https:\/\/d2p6e6u75xmxt8.cloudfront.net\/4\/2024\/12\/Agaete-Natural-Pools-profimedia-0937316078-768x512.webp 768w, https:\/\/d2p6e6u75xmxt8.cloudfront.net\/4\/2024\/12\/Agaete-Natural-Pools-profimedia-0937316078-400x267.webp 400w, https:\/\/d2p6e6u75xmxt8.cloudfront.net\/4\/2024\/12\/Agaete-Natural-Pools-profimedia-0937316078-272x182.webp 272w\" sizes=\"auto, (max-width: 990px) 100vw, 990px\" \/><\/a><figcaption id=\"caption-attachment-19908\" class=\"wp-caption-text\"><span style=\"font-weight: 400;\">Foto: Zapl\u00e1vajte si v pr\u00edrodn\u00fdch baz\u00e9noch Agaete. \u00a9 Profimedia<\/span><\/figcaption><\/figure>\n<p><span style=\"font-weight: 400;\">Po dni str\u00e1venom na bicykli s\u00fa pr\u00edrodn\u00e9 baz\u00e9ny Agaete fantastick\u00fdm miestom na oddych. Tieto baz\u00e9ny s\u00fa vytvoren\u00e9 zo sope\u010dnej horniny a s\u00fa naplnen\u00e9 kri\u0161t\u00e1\u013eovo \u010distou oce\u00e1nskou vodou. <strong>Poskytuj\u00fa de\u0165om bezpe\u010dn\u00e9 prostredie na pl\u00e1vanie a sk\u00famanie morsk\u00e9ho \u017eivota.<\/strong> Je to jedine\u010dn\u00fd z\u00e1\u017eitok na Gran Canarii, ktor\u00fd sp\u00e1ja dobrodru\u017estvo a relax\u00e1ciu. Umo\u017e\u0148uje v\u00e1m vychutna\u0165 si pr\u00edrodn\u00e9 kr\u00e1sy ostrova, bez v\u013an na otvorenom mori.<\/span><\/p>\n<\/div>\n<div>\n<h2><b>8. Hviezdny poh\u013ead na Tejede<\/b><\/h2>\n<\/div>\n<div>\n<p><span style=\"font-weight: 400;\">Ke\u010f\u017ee Gran Canaria je vyhl\u00e1senou rezerv\u00e1ciou Starlight, <strong>pozorovanie hviezd v Tejede je dokonal\u00fdm zakon\u010den\u00edm rodinn\u00e9ho d\u0148a str\u00e1ven\u00e9ho na bicykloch.<\/strong> Vydajte sa do mesta pred zotmen\u00edm, vychutnajte si ve\u010deru a potom sa vydajte sledova\u0165, ako o\u017e\u00edvaj\u00fa hviezdy. <\/span><\/p>\n<p><span style=\"font-weight: 400;\">Jasn\u00e1 obloha Gran Canarie v zime z neho rob\u00ed jedno z najlep\u0161\u00edch miest v Eur\u00f3pe na pozorovanie s\u00fahvezd\u00ed bez chladu zimy. Deti bud\u00fa fascinovan\u00e9 roz\u013eahlos\u0165ou no\u010dnej oblohy, ktor\u00e1 poskytne magick\u00fd z\u00e1ver v\u00e1\u0161mu rodinn\u00e9mu dobrodru\u017estvu.<\/span><\/p>\n<p><span style=\"font-weight: 400;\">Gran Canaria nie je len cyklistick\u00e1 destin\u00e1cia \u2013 je to <strong>dobrodru\u017estvo, \u00fatek a \u0161anca za\u017ei\u0165 nie\u010do skuto\u010dne jedine\u010dn\u00e9 spolu ako rodina.<\/strong> \u010ci u\u017e ide o jazdu cez bujn\u00e9 borovicov\u00e9 lesy, pobre\u017eie popri tyrkysov\u00fdch vod\u00e1ch alebo objavovanie skryt\u00fdch prekvapen\u00ed ostrova, Gran Canaria v zime pon\u00faka teplo, vzru\u0161enie a spomienky, ktor\u00e9 zostan\u00fa s va\u0161ou rodinou dlho po tom, \u010do zimn\u00fd chlad pominie.<\/span><\/p>\n<\/div>\n","protected":false},"excerpt":{"rendered":"<p>Ke\u010f\u017ee zima sa tento rok vo ve\u013ekej \u010dasti Eur\u00f3py ohl\u00e1sila akosi sk\u00f4r, mnoh\u00e9 rodiny sn\u00edvaj\u00fa o tom, ako utiec\u0165 pred [&hellip;]<\/p>\n","protected":false},"author":172,"featured_media":19910,"comment_status":"closed","ping_status":"closed","sticky":false,"template":"","format":"standard","meta":{"footnotes":""},"categories":[118],"tags":[115,916,546,507,53,180,532,767,931,1533,509,852,741,318,508,183,1117],"global-categories":[],"class_list":["post-19905","post","type-post","status-publish","format-standard","has-post-thumbnail","hentry","category-zabava","tag-cestna-cyklistika","tag-cyklisticka-destinacia","tag-cyklistika","tag-cyklorodinka","tag-deti","tag-horska-cyklistika","tag-jazdenie","tag-motivacia","tag-odporucame","tag-priroda","tag-rodina","tag-sopka","tag-tip-na-vylet","tag-vyjazd","tag-vylet","tag-zabava","tag-zazitok"],"yoast_head":"<!-- This site is optimized with the Yoast SEO Premium plugin v25.3 (Yoast SEO v25.9) - https:\/\/yoast.com\/wordpress\/plugins\/seo\/ -->\n<title>Gran Canaria: Zimn\u00e1 cyklistika s celou rodinou v teple - \u0160koda We Love Cycling Slovensko<\/title>\n<meta name=\"description\" content=\"Zima sa tento rok vo ve\u013ekej \u010dasti Eur\u00f3py ohl\u00e1sila akosi sk\u00f4r a mnoh\u00e9 rodiny sn\u00edvaj\u00fa o \u00fateku pred chladom. Kam v\u0161ak \u00eds\u0165? Na Gran Canaria!\" \/>\n<meta name=\"robots\" content=\"index, follow, max-snippet:-1, max-image-preview:large, max-video-preview:-1\" \/>\n<link rel=\"canonical\" href=\"https:\/\/www.welovecycling.com\/sk\/2024\/12\/10\/gran-canaria-zimna-cyklistika-s-celou-rodinou-v-teple\/\" \/>\n<meta property=\"og:locale\" content=\"sk_SK\" \/>\n<meta property=\"og:type\" content=\"article\" \/>\n<meta property=\"og:title\" content=\"Gran Canaria: Zimn\u00e1 cyklistika s celou rodinou v teple\" \/>\n<meta property=\"og:description\" content=\"Zima sa tento rok vo ve\u013ekej \u010dasti Eur\u00f3py ohl\u00e1sila akosi sk\u00f4r a mnoh\u00e9 rodiny sn\u00edvaj\u00fa o \u00fateku pred chladom. Kam v\u0161ak \u00eds\u0165? Na Gran Canaria!\" \/>\n<meta property=\"og:url\" content=\"https:\/\/www.welovecycling.com\/sk\/2024\/12\/10\/gran-canaria-zimna-cyklistika-s-celou-rodinou-v-teple\/\" \/>\n<meta property=\"og:site_name\" content=\"\u0160koda We Love Cycling Slovensko\" \/>\n<meta property=\"article:published_time\" content=\"2024-12-10T08:29:42+00:00\" \/>\n<meta property=\"og:image\" content=\"https:\/\/d2p6e6u75xmxt8.cloudfront.net\/4\/2024\/12\/Gran-Canaria-profimedia-0928705318-CVR.webp\" \/>\n\t<meta property=\"og:image:width\" content=\"990\" \/>\n\t<meta property=\"og:image:height\" content=\"660\" \/>\n\t<meta property=\"og:image:type\" content=\"image\/webp\" \/>\n<meta name=\"author\" content=\"dominika\" \/>\n<meta name=\"twitter:card\" content=\"summary_large_image\" \/>\n<meta name=\"twitter:label1\" content=\"Written by\" \/>\n\t<meta name=\"twitter:data1\" content=\"Monica Buck\" \/>\n\t<meta name=\"twitter:label2\" content=\"Est. reading time\" \/>\n\t<meta name=\"twitter:data2\" content=\"3\" \/>\n<script type=\"application\/ld+json\" class=\"yoast-schema-graph\">{\"@context\":\"https:\/\/schema.org\",\"@graph\":[{\"@type\":\"WebPage\",\"@id\":\"https:\/\/www.welovecycling.com\/sk\/2024\/12\/10\/gran-canaria-zimna-cyklistika-s-celou-rodinou-v-teple\/\",\"url\":\"https:\/\/www.welovecycling.com\/sk\/2024\/12\/10\/gran-canaria-zimna-cyklistika-s-celou-rodinou-v-teple\/\",\"name\":\"Gran Canaria: Zimn\u00e1 cyklistika s celou rodinou v teple - \u0160koda We Love Cycling Slovensko\",\"isPartOf\":{\"@id\":\"https:\/\/www.welovecycling.com\/sk\/#website\"},\"primaryImageOfPage\":{\"@id\":\"https:\/\/www.welovecycling.com\/sk\/2024\/12\/10\/gran-canaria-zimna-cyklistika-s-celou-rodinou-v-teple\/#primaryimage\"},\"image\":{\"@id\":\"https:\/\/www.welovecycling.com\/sk\/2024\/12\/10\/gran-canaria-zimna-cyklistika-s-celou-rodinou-v-teple\/#primaryimage\"},\"thumbnailUrl\":\"https:\/\/d2p6e6u75xmxt8.cloudfront.net\/4\/2024\/12\/Gran-Canaria-profimedia-0928705318-CVR.webp\",\"datePublished\":\"2024-12-10T08:29:42+00:00\",\"author\":{\"@id\":\"https:\/\/www.welovecycling.com\/sk\/#\/schema\/person\/533b62b98b6c41bd5135ebfb1f742624\"},\"description\":\"Zima sa tento rok vo ve\u013ekej \u010dasti Eur\u00f3py ohl\u00e1sila akosi sk\u00f4r a mnoh\u00e9 rodiny sn\u00edvaj\u00fa o \u00fateku pred chladom. Kam v\u0161ak \u00eds\u0165? Na Gran Canaria!\",\"breadcrumb\":{\"@id\":\"https:\/\/www.welovecycling.com\/sk\/2024\/12\/10\/gran-canaria-zimna-cyklistika-s-celou-rodinou-v-teple\/#breadcrumb\"},\"inLanguage\":\"sk-SK\",\"potentialAction\":[{\"@type\":\"ReadAction\",\"target\":[\"https:\/\/www.welovecycling.com\/sk\/2024\/12\/10\/gran-canaria-zimna-cyklistika-s-celou-rodinou-v-teple\/\"]}]},{\"@type\":\"ImageObject\",\"inLanguage\":\"sk-SK\",\"@id\":\"https:\/\/www.welovecycling.com\/sk\/2024\/12\/10\/gran-canaria-zimna-cyklistika-s-celou-rodinou-v-teple\/#primaryimage\",\"url\":\"https:\/\/d2p6e6u75xmxt8.cloudfront.net\/4\/2024\/12\/Gran-Canaria-profimedia-0928705318-CVR.webp\",\"contentUrl\":\"https:\/\/d2p6e6u75xmxt8.cloudfront.net\/4\/2024\/12\/Gran-Canaria-profimedia-0928705318-CVR.webp\",\"width\":990,\"height\":660},{\"@type\":\"BreadcrumbList\",\"@id\":\"https:\/\/www.welovecycling.com\/sk\/2024\/12\/10\/gran-canaria-zimna-cyklistika-s-celou-rodinou-v-teple\/#breadcrumb\",\"itemListElement\":[{\"@type\":\"ListItem\",\"position\":1,\"name\":\"Home\",\"item\":\"https:\/\/www.welovecycling.com\/sk\/\"},{\"@type\":\"ListItem\",\"position\":2,\"name\":\"Gran Canaria: Zimn\u00e1 cyklistika s celou rodinou v teple\"}]},{\"@type\":\"WebSite\",\"@id\":\"https:\/\/www.welovecycling.com\/sk\/#website\",\"url\":\"https:\/\/www.welovecycling.com\/sk\/\",\"name\":\"\u0160koda We Love Cycling Slovensko\",\"description\":\"\u0160koda We Love Cycling Slovensko je v\u00e1\u0161 ka\u017edodenn\u00fd zdroj noviniek a in\u0161pir\u00e1cie z sveta cyklistiky\",\"potentialAction\":[{\"@type\":\"SearchAction\",\"target\":{\"@type\":\"EntryPoint\",\"urlTemplate\":\"https:\/\/www.welovecycling.com\/sk\/?s={search_term_string}\"},\"query-input\":{\"@type\":\"PropertyValueSpecification\",\"valueRequired\":true,\"valueName\":\"search_term_string\"}}],\"inLanguage\":\"sk-SK\"},{\"@type\":\"Person\",\"@id\":\"https:\/\/www.welovecycling.com\/sk\/#\/schema\/person\/533b62b98b6c41bd5135ebfb1f742624\",\"name\":\"dominika\",\"image\":{\"@type\":\"ImageObject\",\"inLanguage\":\"sk-SK\",\"@id\":\"https:\/\/www.welovecycling.com\/sk\/#\/schema\/person\/image\/\",\"url\":\"https:\/\/secure.gravatar.com\/avatar\/ded6f274ba2ec3e17fff153f7d9d96a4b33c2cb63907f75d9a5309c599a7f3e6?s=96&d=mm&r=g\",\"contentUrl\":\"https:\/\/secure.gravatar.com\/avatar\/ded6f274ba2ec3e17fff153f7d9d96a4b33c2cb63907f75d9a5309c599a7f3e6?s=96&d=mm&r=g\",\"caption\":\"dominika\"},\"url\":\"https:\/\/www.welovecycling.com\/sk\/author\/dominika\/\"}]}<\/script>\n<!-- \/ Yoast SEO Premium plugin. -->","yoast_head_json":{"title":"Gran Canaria: Zimn\u00e1 cyklistika s celou rodinou v teple - \u0160koda We Love Cycling Slovensko","description":"Zima sa tento rok vo ve\u013ekej \u010dasti Eur\u00f3py ohl\u00e1sila akosi sk\u00f4r a mnoh\u00e9 rodiny sn\u00edvaj\u00fa o \u00fateku pred chladom. Kam v\u0161ak \u00eds\u0165? Na Gran Canaria!","robots":{"index":"index","follow":"follow","max-snippet":"max-snippet:-1","max-image-preview":"max-image-preview:large","max-video-preview":"max-video-preview:-1"},"canonical":"https:\/\/www.welovecycling.com\/sk\/2024\/12\/10\/gran-canaria-zimna-cyklistika-s-celou-rodinou-v-teple\/","og_locale":"sk_SK","og_type":"article","og_title":"Gran Canaria: Zimn\u00e1 cyklistika s celou rodinou v teple","og_description":"Zima sa tento rok vo ve\u013ekej \u010dasti Eur\u00f3py ohl\u00e1sila akosi sk\u00f4r a mnoh\u00e9 rodiny sn\u00edvaj\u00fa o \u00fateku pred chladom. Kam v\u0161ak \u00eds\u0165? Na Gran Canaria!","og_url":"https:\/\/www.welovecycling.com\/sk\/2024\/12\/10\/gran-canaria-zimna-cyklistika-s-celou-rodinou-v-teple\/","og_site_name":"\u0160koda We Love Cycling Slovensko","article_published_time":"2024-12-10T08:29:42+00:00","og_image":[{"width":990,"height":660,"url":"https:\/\/d2p6e6u75xmxt8.cloudfront.net\/4\/2024\/12\/Gran-Canaria-profimedia-0928705318-CVR.webp","type":"image\/webp"}],"author":"dominika","twitter_card":"summary_large_image","twitter_misc":{"Written by":"Monica Buck","Est. reading time":"3"},"schema":{"@context":"https:\/\/schema.org","@graph":[{"@type":"WebPage","@id":"https:\/\/www.welovecycling.com\/sk\/2024\/12\/10\/gran-canaria-zimna-cyklistika-s-celou-rodinou-v-teple\/","url":"https:\/\/www.welovecycling.com\/sk\/2024\/12\/10\/gran-canaria-zimna-cyklistika-s-celou-rodinou-v-teple\/","name":"Gran Canaria: Zimn\u00e1 cyklistika s celou rodinou v teple - \u0160koda We Love Cycling Slovensko","isPartOf":{"@id":"https:\/\/www.welovecycling.com\/sk\/#website"},"primaryImageOfPage":{"@id":"https:\/\/www.welovecycling.com\/sk\/2024\/12\/10\/gran-canaria-zimna-cyklistika-s-celou-rodinou-v-teple\/#primaryimage"},"image":{"@id":"https:\/\/www.welovecycling.com\/sk\/2024\/12\/10\/gran-canaria-zimna-cyklistika-s-celou-rodinou-v-teple\/#primaryimage"},"thumbnailUrl":"https:\/\/d2p6e6u75xmxt8.cloudfront.net\/4\/2024\/12\/Gran-Canaria-profimedia-0928705318-CVR.webp","datePublished":"2024-12-10T08:29:42+00:00","author":{"@id":"https:\/\/www.welovecycling.com\/sk\/#\/schema\/person\/533b62b98b6c41bd5135ebfb1f742624"},"description":"Zima sa tento rok vo ve\u013ekej \u010dasti Eur\u00f3py ohl\u00e1sila akosi sk\u00f4r a mnoh\u00e9 rodiny sn\u00edvaj\u00fa o \u00fateku pred chladom. Kam v\u0161ak \u00eds\u0165? Na Gran Canaria!","breadcrumb":{"@id":"https:\/\/www.welovecycling.com\/sk\/2024\/12\/10\/gran-canaria-zimna-cyklistika-s-celou-rodinou-v-teple\/#breadcrumb"},"inLanguage":"sk-SK","potentialAction":[{"@type":"ReadAction","target":["https:\/\/www.welovecycling.com\/sk\/2024\/12\/10\/gran-canaria-zimna-cyklistika-s-celou-rodinou-v-teple\/"]}]},{"@type":"ImageObject","inLanguage":"sk-SK","@id":"https:\/\/www.welovecycling.com\/sk\/2024\/12\/10\/gran-canaria-zimna-cyklistika-s-celou-rodinou-v-teple\/#primaryimage","url":"https:\/\/d2p6e6u75xmxt8.cloudfront.net\/4\/2024\/12\/Gran-Canaria-profimedia-0928705318-CVR.webp","contentUrl":"https:\/\/d2p6e6u75xmxt8.cloudfront.net\/4\/2024\/12\/Gran-Canaria-profimedia-0928705318-CVR.webp","width":990,"height":660},{"@type":"BreadcrumbList","@id":"https:\/\/www.welovecycling.com\/sk\/2024\/12\/10\/gran-canaria-zimna-cyklistika-s-celou-rodinou-v-teple\/#breadcrumb","itemListElement":[{"@type":"ListItem","position":1,"name":"Home","item":"https:\/\/www.welovecycling.com\/sk\/"},{"@type":"ListItem","position":2,"name":"Gran Canaria: Zimn\u00e1 cyklistika s celou rodinou v teple"}]},{"@type":"WebSite","@id":"https:\/\/www.welovecycling.com\/sk\/#website","url":"https:\/\/www.welovecycling.com\/sk\/","name":"\u0160koda We Love Cycling Slovensko","description":"\u0160koda We Love Cycling Slovensko je v\u00e1\u0161 ka\u017edodenn\u00fd zdroj noviniek a in\u0161pir\u00e1cie z sveta cyklistiky","potentialAction":[{"@type":"SearchAction","target":{"@type":"EntryPoint","urlTemplate":"https:\/\/www.welovecycling.com\/sk\/?s={search_term_string}"},"query-input":{"@type":"PropertyValueSpecification","valueRequired":true,"valueName":"search_term_string"}}],"inLanguage":"sk-SK"},{"@type":"Person","@id":"https:\/\/www.welovecycling.com\/sk\/#\/schema\/person\/533b62b98b6c41bd5135ebfb1f742624","name":"dominika","image":{"@type":"ImageObject","inLanguage":"sk-SK","@id":"https:\/\/www.welovecycling.com\/sk\/#\/schema\/person\/image\/","url":"https:\/\/secure.gravatar.com\/avatar\/ded6f274ba2ec3e17fff153f7d9d96a4b33c2cb63907f75d9a5309c599a7f3e6?s=96&d=mm&r=g","contentUrl":"https:\/\/secure.gravatar.com\/avatar\/ded6f274ba2ec3e17fff153f7d9d96a4b33c2cb63907f75d9a5309c599a7f3e6?s=96&d=mm&r=g","caption":"dominika"},"url":"https:\/\/www.welovecycling.com\/sk\/author\/dominika\/"}]}},"_links":{"self":[{"href":"https:\/\/www.welovecycling.com\/sk\/wp-json\/wp\/v2\/posts\/19905","targetHints":{"allow":["GET"]}}],"collection":[{"href":"https:\/\/www.welovecycling.com\/sk\/wp-json\/wp\/v2\/posts"}],"about":[{"href":"https:\/\/www.welovecycling.com\/sk\/wp-json\/wp\/v2\/types\/post"}],"author":[{"embeddable":true,"href":"https:\/\/www.welovecycling.com\/sk\/wp-json\/wp\/v2\/users\/172"}],"replies":[{"embeddable":true,"href":"https:\/\/www.welovecycling.com\/sk\/wp-json\/wp\/v2\/comments?post=19905"}],"version-history":[{"count":7,"href":"https:\/\/www.welovecycling.com\/sk\/wp-json\/wp\/v2\/posts\/19905\/revisions"}],"predecessor-version":[{"id":19918,"href":"https:\/\/www.welovecycling.com\/sk\/wp-json\/wp\/v2\/posts\/19905\/revisions\/19918"}],"wp:featuredmedia":[{"embeddable":true,"href":"https:\/\/www.welovecycling.com\/sk\/wp-json\/wp\/v2\/media\/19910"}],"wp:attachment":[{"href":"https:\/\/www.welovecycling.com\/sk\/wp-json\/wp\/v2\/media?parent=19905"}],"wp:term":[{"taxonomy":"category","embeddable":true,"href":"https:\/\/www.welovecycling.com\/sk\/wp-json\/wp\/v2\/categories?post=19905"},{"taxonomy":"post_tag","embeddable":true,"href":"https:\/\/www.welovecycling.com\/sk\/wp-json\/wp\/v2\/tags?post=19905"},{"taxonomy":"global-categories","embeddable":true,"href":"https:\/\/www.welovecycling.com\/sk\/wp-json\/wp\/v2\/global-categories?post=19905"}],"curies":[{"name":"wp","href":"https:\/\/api.w.org\/{rel}","templated":true}]}}