{"id":19888,"date":"2024-12-03T10:00:27","date_gmt":"2024-12-03T09:00:27","guid":{"rendered":"https:\/\/www.welovecycling.com\/sk\/?p=19888"},"modified":"2024-12-03T13:10:32","modified_gmt":"2024-12-03T12:10:32","slug":"skoda-bike-open-tour-2025-terminy-miesta-a-nove-stretnutia","status":"publish","type":"post","link":"https:\/\/www.welovecycling.com\/sk\/2024\/12\/03\/skoda-bike-open-tour-2025-terminy-miesta-a-nove-stretnutia\/","title":{"rendered":"\u0160koda Bike Open Tour 2025 \u2013 term\u00edny, miesta a nov\u00e9 stretnutia"},"content":{"rendered":"<p><strong>Nie je to tak d\u00e1vno, \u010do sme odjazdili fin\u00e1lov\u00e9 jesenn\u00e9 kolo v Stupave a u\u017e tu m\u00e1me term\u00edny celej bud\u00facoro\u010dnej \u0160koda Bike Open Tour 2025. Pripravuj\u00fa sa op\u00e4\u0165 skvel\u00e9 trate ur\u010den\u00e9 pre v\u0161etk\u00fdch. Ako je u\u017e dobr\u00fdm zvykom, na svoje si pr\u00eddu v\u00fdkonnostne zameran\u00ed cyklisti, hobby jazdci a aj rodiny s de\u0165mi. Tak\u017ee pripravte si di\u00e1re a kalend\u00e1re, ideme na to.\u00a0<\/strong><!--more--><\/p>\n<p><img loading=\"lazy\" decoding=\"async\" class=\"alignnone wp-image-19897 size-full\" src=\"https:\/\/d2p6e6u75xmxt8.cloudfront.net\/4\/2024\/12\/Skoda_SBOT_2025_titulka.webp\" alt=\"\u0160koda Bike Open Tour 2025 d\u00e1tumy\" width=\"990\" height=\"1400\" srcset=\"https:\/\/d2p6e6u75xmxt8.cloudfront.net\/4\/2024\/12\/Skoda_SBOT_2025_titulka.webp 990w, https:\/\/d2p6e6u75xmxt8.cloudfront.net\/4\/2024\/12\/Skoda_SBOT_2025_titulka-212x300.webp 212w, https:\/\/d2p6e6u75xmxt8.cloudfront.net\/4\/2024\/12\/Skoda_SBOT_2025_titulka-724x1024.webp 724w, https:\/\/d2p6e6u75xmxt8.cloudfront.net\/4\/2024\/12\/Skoda_SBOT_2025_titulka-768x1086.webp 768w, https:\/\/d2p6e6u75xmxt8.cloudfront.net\/4\/2024\/12\/Skoda_SBOT_2025_titulka-283x400.webp 283w\" sizes=\"auto, (max-width: 990px) 100vw, 990px\" \/><\/p>\n<ul>\n<li><span style=\"font-weight: 400;\">12. 4. 2025 \u2013 \u0160koda Sv\u00e4tojursk\u00fd MTB marat\u00f3n<\/span><\/li>\n<li><span style=\"font-weight: 400;\">10. 5. 2025 \u2013 \u0160koda MTB marat\u00f3n Rajeck\u00e9 Teplice<\/span><\/li>\n<li><span style=\"font-weight: 400;\">7. 6. 2025 \u2013 \u0160koda Slovensk\u00fd raj<\/span><\/li>\n<li><span style=\"font-weight: 400;\">28. 6. 2025 \u2013 \u0160koda MTB cyklomarat\u00f3n Topo\u013e\u010dianky<\/span><\/li>\n<li><span style=\"font-weight: 400;\">9. 8. 2025 \u2013 \u0160koda Horal MTB marat\u00f3n<\/span><\/li>\n<li><span style=\"font-weight: 400;\">13. 9. 2025 \u2013 \u0160koda Stupava marat\u00f3n<\/span><\/li>\n<\/ul>\n<p><span style=\"font-weight: 400;\"><strong>Nesmieme zabudn\u00fa\u0165 pripomen\u00fa\u0165, \u017ee preteky patria do Slovensk\u00e9ho poh\u00e1ra XCM, tak\u017ee \u00farove\u0148 pretekov bude ako v\u017edy kvalitn\u00e1. <\/strong>Nebude ch\u00fdba\u0165 z\u00e1zemie pre cyklistov, ob\u010derstvenie, um\u00fdvanie bicyklov a nezab\u00fada sa ani na z\u00f3nu pre deti a sprievodn\u00e9 aktivity a program.\u00a0\u00a0<\/span><\/p>\n<p><img loading=\"lazy\" decoding=\"async\" class=\"alignnone size-full wp-image-19891\" src=\"https:\/\/d2p6e6u75xmxt8.cloudfront.net\/4\/2024\/11\/02.webp\" alt=\"\" width=\"990\" height=\"660\" srcset=\"https:\/\/d2p6e6u75xmxt8.cloudfront.net\/4\/2024\/11\/02.webp 990w, https:\/\/d2p6e6u75xmxt8.cloudfront.net\/4\/2024\/11\/02-300x200.webp 300w, https:\/\/d2p6e6u75xmxt8.cloudfront.net\/4\/2024\/11\/02-768x512.webp 768w, https:\/\/d2p6e6u75xmxt8.cloudfront.net\/4\/2024\/11\/02-400x267.webp 400w, https:\/\/d2p6e6u75xmxt8.cloudfront.net\/4\/2024\/11\/02-272x182.webp 272w\" sizes=\"auto, (max-width: 990px) 100vw, 990px\" \/><\/p>\n<h2><strong>Na \u010do sa te\u0161i\u0165<\/strong><\/h2>\n<p><strong>Organiz\u00e1tori sa chc\u00fa v tomto ro\u010dn\u00edku zamera\u0165 na ebiky, \u010di\u017ee na ka\u017ed\u00fdch pretekoch bud\u00fa pre fan\u00fa\u0161ikov t\u00fdchto bicyklov pripraven\u00e9 aj trate.<\/strong><span style=\"font-weight: 400;\"> No a samozrejme v\u0161etci sa m\u00f4\u017eu z\u00fa\u010dastni\u0165 s\u00fa\u0165a\u017ee o elektrick\u00e9 vozidlo Elroq, ktor\u00e9 m\u00f4\u017eete vyhra\u0165 na polroka. Elroq na \u201epol roq&#8220; \u2013 to znie l\u00e1kavo, no nie? V\u00fdherca sa bude \u017erebova\u0165 na z\u00e1ver s\u00e9rie. Jedinou podmienkou je, aby sa z\u00fa\u010dastnil aspo\u0148 dvoch pretekov.\u00a0<\/span><\/p>\n<p><span style=\"font-weight: 400;\">O hodnotn\u00e9 ceny nebude n\u00fadza a v\u00fdhercovia<\/span><span style=\"font-weight: 400;\"> v\u00a0ka\u017edom kole m\u00f4\u017eu z\u00edska\u0165 poukaz do eshopu \u0160koda. Poukazy bud\u00fa v tak\u00fdchto hodnot\u00e1ch: 1. miesto 70 \u20ac, 2. miesto 50 \u20ac, 3. miesto 30 \u20ac. V\u00a0tombole m\u00f4\u017eete navy\u0161e v ka\u017edom kole vyhra\u0165 cyklonosi\u010d alebo auto na t\u00fd\u017ede\u0148.<\/span><\/p>\n<p><img loading=\"lazy\" decoding=\"async\" class=\"alignnone size-full wp-image-19892\" src=\"https:\/\/d2p6e6u75xmxt8.cloudfront.net\/4\/2024\/11\/03.webp\" alt=\"\" width=\"990\" height=\"660\" srcset=\"https:\/\/d2p6e6u75xmxt8.cloudfront.net\/4\/2024\/11\/03.webp 990w, https:\/\/d2p6e6u75xmxt8.cloudfront.net\/4\/2024\/11\/03-300x200.webp 300w, https:\/\/d2p6e6u75xmxt8.cloudfront.net\/4\/2024\/11\/03-768x512.webp 768w, https:\/\/d2p6e6u75xmxt8.cloudfront.net\/4\/2024\/11\/03-400x267.webp 400w, https:\/\/d2p6e6u75xmxt8.cloudfront.net\/4\/2024\/11\/03-272x182.webp 272w\" sizes=\"auto, (max-width: 990px) 100vw, 990px\" \/><\/p>\n<p><span style=\"font-weight: 400;\">V\u00fdhry a ceny s\u00fa ur\u010dite l\u00e1kav\u00e9, ale priznajme si, \u017ee to, <strong>\u010do n\u00e1s najviac bav\u00ed a te\u0161\u00ed na \u0160koda Bike Open Tour, je jedine\u010dn\u00e1 atmosf\u00e9ra, nov\u00e9 priate\u013estv\u00e1 a tie nezabudnute\u013en\u00e9 stovky kilometrov, na ktor\u00e9 predsa tr\u00e9nujeme po\u010das celej zimnej pr\u00edpravy.<\/strong> Tak\u017ee pripnite si zoznam aktu\u00e1lnych miest a term\u00ednov na n\u00e1stenku pri trena\u017e\u00e9ri, aby ste mali motiv\u00e1ciu v \u0165a\u017ek\u00fdch chv\u00ed\u013each. Vid\u00edme sa u\u017e o p\u00e1r mesiacov!<\/span><\/p>\n","protected":false},"excerpt":{"rendered":"<p>Nie je to tak d\u00e1vno, \u010do sme odjazdili fin\u00e1lov\u00e9 jesenn\u00e9 kolo v Stupave a u\u017e tu m\u00e1me term\u00edny celej bud\u00facoro\u010dnej [&hellip;]<\/p>\n","protected":false},"author":172,"featured_media":19890,"comment_status":"closed","ping_status":"closed","sticky":false,"template":"","format":"standard","meta":{"footnotes":""},"categories":[33],"tags":[619,180,532,178,412,931,91,474,1643,35,523,1644,183],"global-categories":[1074],"class_list":["post-19888","post","type-post","status-publish","format-standard","has-post-thumbnail","hentry","category-sbot","tag-bicyklovanie","tag-horska-cyklistika","tag-jazdenie","tag-maraton","tag-mtb","tag-odporucame","tag-pozvanka","tag-rodinny-maraton","tag-sezona-2025","tag-sbot","tag-slovensko","tag-slovensky-pohar","tag-zabava","global-categories-cycling"],"yoast_head":"<!-- This site is optimized with the Yoast SEO Premium plugin v25.3 (Yoast SEO v25.9) - https:\/\/yoast.com\/wordpress\/plugins\/seo\/ -->\n<title>\u0160koda Bike Open Tour 2025 \u2013 term\u00edny, miesta a nov\u00e9 stretnutia - \u0160koda We Love Cycling Slovensko<\/title>\n<meta name=\"description\" content=\"Nie je to tak d\u00e1vno, \u010do sme odjazdili fin\u00e1lov\u00e9 jesenn\u00e9 kolo v Stupave a u\u017e tu m\u00e1me term\u00edny celej bud\u00facoro\u010dnej \u0160koda Bike Open Tour 2025.\" \/>\n<meta name=\"robots\" content=\"index, follow, max-snippet:-1, max-image-preview:large, max-video-preview:-1\" \/>\n<link rel=\"canonical\" href=\"https:\/\/www.welovecycling.com\/sk\/2024\/12\/03\/skoda-bike-open-tour-2025-terminy-miesta-a-nove-stretnutia\/\" \/>\n<meta property=\"og:locale\" content=\"sk_SK\" \/>\n<meta property=\"og:type\" content=\"article\" \/>\n<meta property=\"og:title\" content=\"\u0160koda Bike Open Tour 2025 \u2013 term\u00edny, miesta a nov\u00e9 stretnutia\" \/>\n<meta property=\"og:description\" content=\"Nie je to tak d\u00e1vno, \u010do sme odjazdili fin\u00e1lov\u00e9 jesenn\u00e9 kolo v Stupave a u\u017e tu m\u00e1me term\u00edny celej bud\u00facoro\u010dnej \u0160koda Bike Open Tour 2025.\" \/>\n<meta property=\"og:url\" content=\"https:\/\/www.welovecycling.com\/sk\/2024\/12\/03\/skoda-bike-open-tour-2025-terminy-miesta-a-nove-stretnutia\/\" \/>\n<meta property=\"og:site_name\" content=\"\u0160koda We Love Cycling Slovensko\" \/>\n<meta property=\"article:published_time\" content=\"2024-12-03T09:00:27+00:00\" \/>\n<meta property=\"article:modified_time\" content=\"2024-12-03T12:10:32+00:00\" \/>\n<meta property=\"og:image\" content=\"https:\/\/d2p6e6u75xmxt8.cloudfront.net\/4\/2024\/11\/titulka-1.webp\" \/>\n\t<meta property=\"og:image:width\" content=\"990\" \/>\n\t<meta property=\"og:image:height\" content=\"660\" \/>\n\t<meta property=\"og:image:type\" content=\"image\/webp\" \/>\n<meta name=\"author\" content=\"dominika\" \/>\n<meta name=\"twitter:card\" content=\"summary_large_image\" \/>\n<meta name=\"twitter:label1\" content=\"Written by\" \/>\n\t<meta name=\"twitter:data1\" content=\"We Love Cycling\" \/>\n\t<meta name=\"twitter:label2\" content=\"Est. reading time\" \/>\n\t<meta name=\"twitter:data2\" content=\"2\" \/>\n<script type=\"application\/ld+json\" class=\"yoast-schema-graph\">{\"@context\":\"https:\/\/schema.org\",\"@graph\":[{\"@type\":\"WebPage\",\"@id\":\"https:\/\/www.welovecycling.com\/sk\/2024\/12\/03\/skoda-bike-open-tour-2025-terminy-miesta-a-nove-stretnutia\/\",\"url\":\"https:\/\/www.welovecycling.com\/sk\/2024\/12\/03\/skoda-bike-open-tour-2025-terminy-miesta-a-nove-stretnutia\/\",\"name\":\"\u0160koda Bike Open Tour 2025 \u2013 term\u00edny, miesta a nov\u00e9 stretnutia - \u0160koda We Love Cycling Slovensko\",\"isPartOf\":{\"@id\":\"https:\/\/www.welovecycling.com\/sk\/#website\"},\"primaryImageOfPage\":{\"@id\":\"https:\/\/www.welovecycling.com\/sk\/2024\/12\/03\/skoda-bike-open-tour-2025-terminy-miesta-a-nove-stretnutia\/#primaryimage\"},\"image\":{\"@id\":\"https:\/\/www.welovecycling.com\/sk\/2024\/12\/03\/skoda-bike-open-tour-2025-terminy-miesta-a-nove-stretnutia\/#primaryimage\"},\"thumbnailUrl\":\"https:\/\/d2p6e6u75xmxt8.cloudfront.net\/4\/2024\/11\/titulka-1.webp\",\"datePublished\":\"2024-12-03T09:00:27+00:00\",\"dateModified\":\"2024-12-03T12:10:32+00:00\",\"author\":{\"@id\":\"https:\/\/www.welovecycling.com\/sk\/#\/schema\/person\/533b62b98b6c41bd5135ebfb1f742624\"},\"description\":\"Nie je to tak d\u00e1vno, \u010do sme odjazdili fin\u00e1lov\u00e9 jesenn\u00e9 kolo v Stupave a u\u017e tu m\u00e1me term\u00edny celej bud\u00facoro\u010dnej \u0160koda Bike Open Tour 2025.\",\"breadcrumb\":{\"@id\":\"https:\/\/www.welovecycling.com\/sk\/2024\/12\/03\/skoda-bike-open-tour-2025-terminy-miesta-a-nove-stretnutia\/#breadcrumb\"},\"inLanguage\":\"sk-SK\",\"potentialAction\":[{\"@type\":\"ReadAction\",\"target\":[\"https:\/\/www.welovecycling.com\/sk\/2024\/12\/03\/skoda-bike-open-tour-2025-terminy-miesta-a-nove-stretnutia\/\"]}]},{\"@type\":\"ImageObject\",\"inLanguage\":\"sk-SK\",\"@id\":\"https:\/\/www.welovecycling.com\/sk\/2024\/12\/03\/skoda-bike-open-tour-2025-terminy-miesta-a-nove-stretnutia\/#primaryimage\",\"url\":\"https:\/\/d2p6e6u75xmxt8.cloudfront.net\/4\/2024\/11\/titulka-1.webp\",\"contentUrl\":\"https:\/\/d2p6e6u75xmxt8.cloudfront.net\/4\/2024\/11\/titulka-1.webp\",\"width\":990,\"height\":660},{\"@type\":\"BreadcrumbList\",\"@id\":\"https:\/\/www.welovecycling.com\/sk\/2024\/12\/03\/skoda-bike-open-tour-2025-terminy-miesta-a-nove-stretnutia\/#breadcrumb\",\"itemListElement\":[{\"@type\":\"ListItem\",\"position\":1,\"name\":\"Home\",\"item\":\"https:\/\/www.welovecycling.com\/sk\/\"},{\"@type\":\"ListItem\",\"position\":2,\"name\":\"\u0160koda Bike Open Tour 2025 \u2013 term\u00edny, miesta a nov\u00e9 stretnutia\"}]},{\"@type\":\"WebSite\",\"@id\":\"https:\/\/www.welovecycling.com\/sk\/#website\",\"url\":\"https:\/\/www.welovecycling.com\/sk\/\",\"name\":\"\u0160koda We Love Cycling Slovensko\",\"description\":\"\u0160koda We Love Cycling Slovensko je v\u00e1\u0161 ka\u017edodenn\u00fd zdroj noviniek a in\u0161pir\u00e1cie z sveta cyklistiky\",\"potentialAction\":[{\"@type\":\"SearchAction\",\"target\":{\"@type\":\"EntryPoint\",\"urlTemplate\":\"https:\/\/www.welovecycling.com\/sk\/?s={search_term_string}\"},\"query-input\":{\"@type\":\"PropertyValueSpecification\",\"valueRequired\":true,\"valueName\":\"search_term_string\"}}],\"inLanguage\":\"sk-SK\"},{\"@type\":\"Person\",\"@id\":\"https:\/\/www.welovecycling.com\/sk\/#\/schema\/person\/533b62b98b6c41bd5135ebfb1f742624\",\"name\":\"dominika\",\"image\":{\"@type\":\"ImageObject\",\"inLanguage\":\"sk-SK\",\"@id\":\"https:\/\/www.welovecycling.com\/sk\/#\/schema\/person\/image\/\",\"url\":\"https:\/\/secure.gravatar.com\/avatar\/ded6f274ba2ec3e17fff153f7d9d96a4b33c2cb63907f75d9a5309c599a7f3e6?s=96&d=mm&r=g\",\"contentUrl\":\"https:\/\/secure.gravatar.com\/avatar\/ded6f274ba2ec3e17fff153f7d9d96a4b33c2cb63907f75d9a5309c599a7f3e6?s=96&d=mm&r=g\",\"caption\":\"dominika\"},\"url\":\"https:\/\/www.welovecycling.com\/sk\/author\/dominika\/\"}]}<\/script>\n<!-- \/ Yoast SEO Premium plugin. -->","yoast_head_json":{"title":"\u0160koda Bike Open Tour 2025 \u2013 term\u00edny, miesta a nov\u00e9 stretnutia - \u0160koda We Love Cycling Slovensko","description":"Nie je to tak d\u00e1vno, \u010do sme odjazdili fin\u00e1lov\u00e9 jesenn\u00e9 kolo v Stupave a u\u017e tu m\u00e1me term\u00edny celej bud\u00facoro\u010dnej \u0160koda Bike Open Tour 2025.","robots":{"index":"index","follow":"follow","max-snippet":"max-snippet:-1","max-image-preview":"max-image-preview:large","max-video-preview":"max-video-preview:-1"},"canonical":"https:\/\/www.welovecycling.com\/sk\/2024\/12\/03\/skoda-bike-open-tour-2025-terminy-miesta-a-nove-stretnutia\/","og_locale":"sk_SK","og_type":"article","og_title":"\u0160koda Bike Open Tour 2025 \u2013 term\u00edny, miesta a nov\u00e9 stretnutia","og_description":"Nie je to tak d\u00e1vno, \u010do sme odjazdili fin\u00e1lov\u00e9 jesenn\u00e9 kolo v Stupave a u\u017e tu m\u00e1me term\u00edny celej bud\u00facoro\u010dnej \u0160koda Bike Open Tour 2025.","og_url":"https:\/\/www.welovecycling.com\/sk\/2024\/12\/03\/skoda-bike-open-tour-2025-terminy-miesta-a-nove-stretnutia\/","og_site_name":"\u0160koda We Love Cycling Slovensko","article_published_time":"2024-12-03T09:00:27+00:00","article_modified_time":"2024-12-03T12:10:32+00:00","og_image":[{"width":990,"height":660,"url":"https:\/\/d2p6e6u75xmxt8.cloudfront.net\/4\/2024\/11\/titulka-1.webp","type":"image\/webp"}],"author":"dominika","twitter_card":"summary_large_image","twitter_misc":{"Written by":"We Love Cycling","Est. reading time":"2"},"schema":{"@context":"https:\/\/schema.org","@graph":[{"@type":"WebPage","@id":"https:\/\/www.welovecycling.com\/sk\/2024\/12\/03\/skoda-bike-open-tour-2025-terminy-miesta-a-nove-stretnutia\/","url":"https:\/\/www.welovecycling.com\/sk\/2024\/12\/03\/skoda-bike-open-tour-2025-terminy-miesta-a-nove-stretnutia\/","name":"\u0160koda Bike Open Tour 2025 \u2013 term\u00edny, miesta a nov\u00e9 stretnutia - \u0160koda We Love Cycling Slovensko","isPartOf":{"@id":"https:\/\/www.welovecycling.com\/sk\/#website"},"primaryImageOfPage":{"@id":"https:\/\/www.welovecycling.com\/sk\/2024\/12\/03\/skoda-bike-open-tour-2025-terminy-miesta-a-nove-stretnutia\/#primaryimage"},"image":{"@id":"https:\/\/www.welovecycling.com\/sk\/2024\/12\/03\/skoda-bike-open-tour-2025-terminy-miesta-a-nove-stretnutia\/#primaryimage"},"thumbnailUrl":"https:\/\/d2p6e6u75xmxt8.cloudfront.net\/4\/2024\/11\/titulka-1.webp","datePublished":"2024-12-03T09:00:27+00:00","dateModified":"2024-12-03T12:10:32+00:00","author":{"@id":"https:\/\/www.welovecycling.com\/sk\/#\/schema\/person\/533b62b98b6c41bd5135ebfb1f742624"},"description":"Nie je to tak d\u00e1vno, \u010do sme odjazdili fin\u00e1lov\u00e9 jesenn\u00e9 kolo v Stupave a u\u017e tu m\u00e1me term\u00edny celej bud\u00facoro\u010dnej \u0160koda Bike Open Tour 2025.","breadcrumb":{"@id":"https:\/\/www.welovecycling.com\/sk\/2024\/12\/03\/skoda-bike-open-tour-2025-terminy-miesta-a-nove-stretnutia\/#breadcrumb"},"inLanguage":"sk-SK","potentialAction":[{"@type":"ReadAction","target":["https:\/\/www.welovecycling.com\/sk\/2024\/12\/03\/skoda-bike-open-tour-2025-terminy-miesta-a-nove-stretnutia\/"]}]},{"@type":"ImageObject","inLanguage":"sk-SK","@id":"https:\/\/www.welovecycling.com\/sk\/2024\/12\/03\/skoda-bike-open-tour-2025-terminy-miesta-a-nove-stretnutia\/#primaryimage","url":"https:\/\/d2p6e6u75xmxt8.cloudfront.net\/4\/2024\/11\/titulka-1.webp","contentUrl":"https:\/\/d2p6e6u75xmxt8.cloudfront.net\/4\/2024\/11\/titulka-1.webp","width":990,"height":660},{"@type":"BreadcrumbList","@id":"https:\/\/www.welovecycling.com\/sk\/2024\/12\/03\/skoda-bike-open-tour-2025-terminy-miesta-a-nove-stretnutia\/#breadcrumb","itemListElement":[{"@type":"ListItem","position":1,"name":"Home","item":"https:\/\/www.welovecycling.com\/sk\/"},{"@type":"ListItem","position":2,"name":"\u0160koda Bike Open Tour 2025 \u2013 term\u00edny, miesta a nov\u00e9 stretnutia"}]},{"@type":"WebSite","@id":"https:\/\/www.welovecycling.com\/sk\/#website","url":"https:\/\/www.welovecycling.com\/sk\/","name":"\u0160koda We Love Cycling Slovensko","description":"\u0160koda We Love Cycling Slovensko je v\u00e1\u0161 ka\u017edodenn\u00fd zdroj noviniek a in\u0161pir\u00e1cie z sveta cyklistiky","potentialAction":[{"@type":"SearchAction","target":{"@type":"EntryPoint","urlTemplate":"https:\/\/www.welovecycling.com\/sk\/?s={search_term_string}"},"query-input":{"@type":"PropertyValueSpecification","valueRequired":true,"valueName":"search_term_string"}}],"inLanguage":"sk-SK"},{"@type":"Person","@id":"https:\/\/www.welovecycling.com\/sk\/#\/schema\/person\/533b62b98b6c41bd5135ebfb1f742624","name":"dominika","image":{"@type":"ImageObject","inLanguage":"sk-SK","@id":"https:\/\/www.welovecycling.com\/sk\/#\/schema\/person\/image\/","url":"https:\/\/secure.gravatar.com\/avatar\/ded6f274ba2ec3e17fff153f7d9d96a4b33c2cb63907f75d9a5309c599a7f3e6?s=96&d=mm&r=g","contentUrl":"https:\/\/secure.gravatar.com\/avatar\/ded6f274ba2ec3e17fff153f7d9d96a4b33c2cb63907f75d9a5309c599a7f3e6?s=96&d=mm&r=g","caption":"dominika"},"url":"https:\/\/www.welovecycling.com\/sk\/author\/dominika\/"}]}},"_links":{"self":[{"href":"https:\/\/www.welovecycling.com\/sk\/wp-json\/wp\/v2\/posts\/19888","targetHints":{"allow":["GET"]}}],"collection":[{"href":"https:\/\/www.welovecycling.com\/sk\/wp-json\/wp\/v2\/posts"}],"about":[{"href":"https:\/\/www.welovecycling.com\/sk\/wp-json\/wp\/v2\/types\/post"}],"author":[{"embeddable":true,"href":"https:\/\/www.welovecycling.com\/sk\/wp-json\/wp\/v2\/users\/172"}],"replies":[{"embeddable":true,"href":"https:\/\/www.welovecycling.com\/sk\/wp-json\/wp\/v2\/comments?post=19888"}],"version-history":[{"count":4,"href":"https:\/\/www.welovecycling.com\/sk\/wp-json\/wp\/v2\/posts\/19888\/revisions"}],"predecessor-version":[{"id":19898,"href":"https:\/\/www.welovecycling.com\/sk\/wp-json\/wp\/v2\/posts\/19888\/revisions\/19898"}],"wp:featuredmedia":[{"embeddable":true,"href":"https:\/\/www.welovecycling.com\/sk\/wp-json\/wp\/v2\/media\/19890"}],"wp:attachment":[{"href":"https:\/\/www.welovecycling.com\/sk\/wp-json\/wp\/v2\/media?parent=19888"}],"wp:term":[{"taxonomy":"category","embeddable":true,"href":"https:\/\/www.welovecycling.com\/sk\/wp-json\/wp\/v2\/categories?post=19888"},{"taxonomy":"post_tag","embeddable":true,"href":"https:\/\/www.welovecycling.com\/sk\/wp-json\/wp\/v2\/tags?post=19888"},{"taxonomy":"global-categories","embeddable":true,"href":"https:\/\/www.welovecycling.com\/sk\/wp-json\/wp\/v2\/global-categories?post=19888"}],"curies":[{"name":"wp","href":"https:\/\/api.w.org\/{rel}","templated":true}]}}