{"id":19880,"date":"2024-11-27T11:15:58","date_gmt":"2024-11-27T10:15:58","guid":{"rendered":"https:\/\/www.welovecycling.com\/sk\/?p=19880"},"modified":"2024-11-27T11:17:38","modified_gmt":"2024-11-27T10:17:38","slug":"4-dovody-preco-vyrazit-na-zimnu-rodinnu-bikovacku","status":"publish","type":"post","link":"https:\/\/www.welovecycling.com\/sk\/2024\/11\/27\/4-dovody-preco-vyrazit-na-zimnu-rodinnu-bikovacku\/","title":{"rendered":"4 d\u00f4vody, pre\u010do vyrazi\u0165 na zimn\u00fa rodinn\u00fa bikova\u010dku"},"content":{"rendered":"<p><b>Ak sa v\u00e1m podar\u00ed dosta\u0165 deti na bicykle aj po\u010das najchladnej\u0161\u00edch mesiacov v roku, vyhrali ste. Uk\u00e1\u017eete im, \u017ee ani chladn\u00e9, vetern\u00e9 \u010di\u00a0 vlhk\u00e9 po\u010dasie a mierny diskomfort nie s\u00fa najmen\u0161\u00edmi d\u00f4vodmi na to, aby sa ochudobnili o rados\u0165 z jazdy na bicykli. Nezab\u00fadajte na z\u00e1kladn\u00e9 bezpe\u010dnostn\u00e9 z\u00e1sady: jazdi\u0165 na bicykli v dobrom technickom stave, by\u0165 vidite\u013en\u00fd a\u00a0 vhodne oble\u010den\u00fd.\u00a0<\/b><!--more--><\/p>\n<h2><b>1. Zlep\u0161\u00edte si n\u00e1ladu\u00a0<\/b><\/h2>\n<p><span style=\"font-weight: 400;\">Cyklistika je skvel\u00e1 rodinn\u00e1 aktivita, ktor\u00e1 aj po\u010das chladn\u00fdch zimn\u00fdch mesiacov<strong> v\u00fdrazne zlep\u0161\u00ed n\u00e1ladu v\u0161etk\u00fdch \u010dlenov rodiny, najm\u00e4 det\u00ed.<\/strong> Poriadne sa oble\u010dte, natiahnite si tepl\u00e9 vetrovky, hrub\u00e9 pono\u017eky,\u00a0 zimn\u00e9 rukavice a vyrazte zasne\u017een\u00fdmi ulicami za rodinn\u00fdmi dobrodru\u017estvami.\u00a0<\/span><\/p>\n<p><span style=\"font-weight: 400;\">Nemus\u00edte by\u0165 na bicykloch dlho, no napl\u00e1nujte si trasu tak, aby ste sa cestou zohriali pri hor\u00facej \u010dokol\u00e1de a kol\u00e1\u010diku v lok\u00e1lnej kaviarni alebo na chate. \u010cerstv\u00fd a chladn\u00fd vzduch deck\u00e1m poriadne pre\u010dist\u00ed hlavu a u\u017e <strong>aj kr\u00e1tka jazda v trvan\u00ed pribli\u017ene 30 min\u00fat vyprodukuje dostato\u010dn\u00e9 mno\u017estvo endorf\u00ednov,<\/strong> v\u010faka \u010domu budete v\u0161etci \u017eiari\u0165 po zvy\u0161ok d\u0148a.\u00a0<\/span><\/p>\n<p><img loading=\"lazy\" decoding=\"async\" class=\"alignnone size-full wp-image-19882\" src=\"https:\/\/d2p6e6u75xmxt8.cloudfront.net\/4\/2024\/11\/zima-4.webp\" alt=\"\" width=\"990\" height=\"660\" srcset=\"https:\/\/d2p6e6u75xmxt8.cloudfront.net\/4\/2024\/11\/zima-4.webp 990w, https:\/\/d2p6e6u75xmxt8.cloudfront.net\/4\/2024\/11\/zima-4-300x200.webp 300w, https:\/\/d2p6e6u75xmxt8.cloudfront.net\/4\/2024\/11\/zima-4-768x512.webp 768w, https:\/\/d2p6e6u75xmxt8.cloudfront.net\/4\/2024\/11\/zima-4-400x267.webp 400w, https:\/\/d2p6e6u75xmxt8.cloudfront.net\/4\/2024\/11\/zima-4-272x182.webp 272w\" sizes=\"auto, (max-width: 990px) 100vw, 990px\" \/><\/p>\n<h2><b>2. Budujte odolnos\u0165<\/b><\/h2>\n<p><span style=\"font-weight: 400;\">Jazda na bicykli v zimnom obdob\u00ed, ktor\u00e9 je vetern\u00e9, da\u017ediv\u00e9, zasne\u017een\u00e9 a chladn\u00e9, <strong>m\u00f4\u017ee deti nau\u010di\u0165 prekona\u0165 pocit diskomfortu, v\u010faka \u010domu bud\u00fa jednoduch\u0161ie \u010deli\u0165 prek\u00e1\u017ekam v in\u00fdch oblastiach \u017eivota.<\/strong> Pri mlad\u0161\u00edch de\u0165och mus\u00edte by\u0165 opatrnej\u0161\u00ed, ke\u010f\u017ee hranica medzi rados\u0165ou z jazdy a silnou demotiv\u00e1ciou je ve\u013emi tenk\u00e1.\u00a0 Ka\u017edop\u00e1dne, roz\u0161irovanie ich komfortnej z\u00f3ny im poskytne fyzick\u00e9 a ment\u00e1lne zru\u010dnosti na cel\u00fd \u017eivot.<\/span><\/p>\n<h2><b>3. Stimulujete imunitu a zlep\u0161\u00edte sp\u00e1nok<\/b><\/h2>\n<p><span style=\"font-weight: 400;\">Ned\u00e1vne v\u00fdskumy nazna\u010duj\u00fa, \u017ee <strong>otu\u017eovanie, kam rad\u00edme aj cvi\u010denie na chladnom \u010derstvom vzduchu, pom\u00e1ha dosta\u0165 biele krvinky do obehu, a tak vedia lep\u0161ie eliminova\u0165 v\u00edrusy a bakt\u00e9rie.<\/strong> Okrem toho sa produkuje epinefr\u00edn, ktor\u00fd je prirodzen\u00fdm dekongest\u00edvom a aspo\u0148 do\u010dasne <\/span><span style=\"font-weight: 400;\">\u201e<\/span><span style=\"font-weight: 400;\">vyrie\u0161i\u201c sopl\u00edky. \u010co z toho vypl\u00fdva? \u010c\u00edm viac jazdenia, t\u00fdm menej bacilov a dn\u00ed str\u00e1ven\u00fdch pod dekou v spolo\u010dnosti zimn\u00fdch vir\u00f3z.<\/span><\/p>\n<p><span style=\"font-weight: 400;\">A ako by ste de\u0165om a sebe dok\u00e1zali vylep\u0161i\u0165 sp\u00e1nkov\u00fd re\u017eim? Ve\u010dern\u00e1 jazda so svetielkami a \u010delovkami je nielen osvie\u017euj\u00faca, ale zaist\u00ed v\u00e1m pokojn\u00fd ve\u010der, r\u00fdchlej\u0161ie zasp\u00e1vanie a kvalitnej\u0161\u00ed sp\u00e1nok.\u00a0<\/span><\/p>\n<p><img loading=\"lazy\" decoding=\"async\" class=\"alignnone size-full wp-image-19883\" src=\"https:\/\/d2p6e6u75xmxt8.cloudfront.net\/4\/2024\/11\/zima-5.webp\" alt=\"\" width=\"990\" height=\"660\" srcset=\"https:\/\/d2p6e6u75xmxt8.cloudfront.net\/4\/2024\/11\/zima-5.webp 990w, https:\/\/d2p6e6u75xmxt8.cloudfront.net\/4\/2024\/11\/zima-5-300x200.webp 300w, https:\/\/d2p6e6u75xmxt8.cloudfront.net\/4\/2024\/11\/zima-5-768x512.webp 768w, https:\/\/d2p6e6u75xmxt8.cloudfront.net\/4\/2024\/11\/zima-5-400x267.webp 400w, https:\/\/d2p6e6u75xmxt8.cloudfront.net\/4\/2024\/11\/zima-5-272x182.webp 272w\" sizes=\"auto, (max-width: 990px) 100vw, 990px\" \/><\/p>\n<h2><b>4. U\u017eijete si ticho a dobrodru\u017estvo<\/b><\/h2>\n<p><span style=\"font-weight: 400;\">Pozn\u00e1te to, po\u010das hlavnej sez\u00f3ny s\u00fa va\u0161e <\/span><a href=\"https:\/\/www.welovecycling.com\/sk\/2024\/08\/12\/hura-na-rodinne-cyklovylety\/\" target=\"_blank\" rel=\"noopener\"><span style=\"font-weight: 400;\">ob\u013e\u00faben\u00e9 chodn\u00edky a cyklochodn\u00edky<\/span><\/a><span style=\"font-weight: 400;\">\u00a0 preplnen\u00e9 cyklistami, de\u0165mi a rodinami. To ale isto neplat\u00ed po\u010das zimn\u00fdch mesiacov \u2013 <strong>pr\u00e1ve v tomto obdob\u00ed m\u00e1te istotu, \u017ee v\u0161etky va\u0161e ob\u013e\u00faben\u00e9 trasy budete ma\u0165 len pre seba.<\/strong> U\u017eite si spolu s de\u0165mi prv\u00e9 <\/span><span style=\"font-weight: 400;\">\u201e<\/span><span style=\"font-weight: 400;\">cyklostopy\u201c v \u010derstvo napadanom snehu a te\u0161te sa, \u017ee ste pokorili <\/span><span style=\"font-weight: 400;\">\u201e<\/span><span style=\"font-weight: 400;\">sne\u017en\u00fd \u017eivel\u201c. Dajte si oddych \u2013 postavte spolo\u010dn\u00e9ho snehuliaka \u010di sk\u00e1\u010dte do snehu a vyr\u00e1bajte sne\u017en\u00fdch <\/span><span style=\"font-weight: 400;\">\u201e<\/span><span style=\"font-weight: 400;\">anjelov\u201c a pre\u017eite tak spolu nezabudnute\u013en\u00fd zimn\u00fd de\u0148.<\/span><\/p>\n<p><img loading=\"lazy\" decoding=\"async\" class=\"alignnone size-full wp-image-19884\" src=\"https:\/\/d2p6e6u75xmxt8.cloudfront.net\/4\/2024\/11\/zima-2.webp\" alt=\"\" width=\"990\" height=\"660\" srcset=\"https:\/\/d2p6e6u75xmxt8.cloudfront.net\/4\/2024\/11\/zima-2.webp 990w, https:\/\/d2p6e6u75xmxt8.cloudfront.net\/4\/2024\/11\/zima-2-300x200.webp 300w, https:\/\/d2p6e6u75xmxt8.cloudfront.net\/4\/2024\/11\/zima-2-768x512.webp 768w, https:\/\/d2p6e6u75xmxt8.cloudfront.net\/4\/2024\/11\/zima-2-400x267.webp 400w, https:\/\/d2p6e6u75xmxt8.cloudfront.net\/4\/2024\/11\/zima-2-272x182.webp 272w\" sizes=\"auto, (max-width: 990px) 100vw, 990px\" \/><\/p>\n<p><span style=\"font-weight: 400;\">Nem\u00e1te sneh? Nez\u00fafajte, aj jazda v blate \u010di ml\u00e1kach m\u00e1 svoje \u010daro a pre deti m\u00f4\u017ee tento typ jazdenia znamena\u0165 vrchol sez\u00f3ny. <strong>Deti to skr\u00e1tka miluj\u00fa a spolu si takto vytvor\u00edte ve\u013emi cenn\u00e9 spomienky.\u00a0<\/strong><\/span><\/p>\n<p><span style=\"font-weight: 400;\">Rodinn\u00e9 jazdenie v zimnom obdob\u00ed m\u00f4\u017ee by\u0165 ve\u013emi n\u00e1ro\u010dn\u00e9, po\u010dn\u00fac <\/span><a href=\"https:\/\/www.welovecycling.com\/sk\/2024\/10\/21\/aj-mali-bajkeri-si-zasluzia-velkolepe-jesenne-vyjazdy\/\" target=\"_blank\" rel=\"noopener\"><span style=\"font-weight: 400;\">obliekan\u00edm nieko\u013ek\u00fdch vrstiev odevov<\/span><\/a><span style=\"font-weight: 400;\">, zatia\u013e \u010do deck\u00e1 frfl\u00fa na chlad \u010di tmu. Aj napriek po\u010diato\u010dnej nepohode m\u00e1 cyklistika po\u010das zimy mno\u017estvo v\u00fdhod. Preto bicykle e\u0161te neodkladajte a spolo\u010dne si vychutn\u00e1vajte \u010daro jesenno-zimnej krajiny na dvoch koles\u00e1ch.\u00a0<\/span><\/p>\n","protected":false},"excerpt":{"rendered":"<p>Ak sa v\u00e1m podar\u00ed dosta\u0165 deti na bicykle aj po\u010das najchladnej\u0161\u00edch mesiacov v roku, vyhrali ste. Uk\u00e1\u017eete im, \u017ee ani [&hellip;]<\/p>\n","protected":false},"author":172,"featured_media":19881,"comment_status":"closed","ping_status":"closed","sticky":false,"template":"","format":"standard","meta":{"footnotes":""},"categories":[51],"tags":[115,546,507,53,1386,180,787,532,767,931,509,1200,340,1540,183,161,317],"global-categories":[1074],"class_list":["post-19880","post","type-post","status-publish","format-standard","has-post-thumbnail","hentry","category-deti-na-bicykloch","tag-cestna-cyklistika","tag-cyklistika","tag-cyklorodinka","tag-deti","tag-deti-na-bicykli","tag-horska-cyklistika","tag-imunita","tag-jazdenie","tag-motivacia","tag-odporucame","tag-rodina","tag-sneh","tag-spanok","tag-tip","tag-zabava","tag-zdravie","tag-zima","global-categories-cycling"],"yoast_head":"<!-- This site is optimized with the Yoast SEO Premium plugin v25.3 (Yoast SEO v25.9) - https:\/\/yoast.com\/wordpress\/plugins\/seo\/ -->\n<title>4 d\u00f4vody, pre\u010do vyrazi\u0165 na zimn\u00fa rodinn\u00fa bikova\u010dku - \u0160koda We Love Cycling Slovensko<\/title>\n<meta name=\"description\" content=\"Ak sa v\u00e1m podar\u00ed dosta\u0165 deti na bicykle aj po\u010das najchladnej\u0161\u00edch mesiacov v roku, vyhrali ste. Niet nad zimn\u00fa rodinn\u00fa bikova\u010dku!\" \/>\n<meta name=\"robots\" content=\"index, follow, max-snippet:-1, max-image-preview:large, max-video-preview:-1\" \/>\n<link rel=\"canonical\" href=\"https:\/\/www.welovecycling.com\/sk\/2024\/11\/27\/4-dovody-preco-vyrazit-na-zimnu-rodinnu-bikovacku\/\" \/>\n<meta property=\"og:locale\" content=\"sk_SK\" \/>\n<meta property=\"og:type\" content=\"article\" \/>\n<meta property=\"og:title\" content=\"4 d\u00f4vody, pre\u010do vyrazi\u0165 na zimn\u00fa rodinn\u00fa bikova\u010dku\" \/>\n<meta property=\"og:description\" content=\"Ak sa v\u00e1m podar\u00ed dosta\u0165 deti na bicykle aj po\u010das najchladnej\u0161\u00edch mesiacov v roku, vyhrali ste. Niet nad zimn\u00fa rodinn\u00fa bikova\u010dku!\" \/>\n<meta property=\"og:url\" content=\"https:\/\/www.welovecycling.com\/sk\/2024\/11\/27\/4-dovody-preco-vyrazit-na-zimnu-rodinnu-bikovacku\/\" \/>\n<meta property=\"og:site_name\" content=\"\u0160koda We Love Cycling Slovensko\" \/>\n<meta property=\"article:published_time\" content=\"2024-11-27T10:15:58+00:00\" \/>\n<meta property=\"article:modified_time\" content=\"2024-11-27T10:17:38+00:00\" \/>\n<meta property=\"og:image\" content=\"https:\/\/d2p6e6u75xmxt8.cloudfront.net\/4\/2024\/11\/zima-1.webp\" \/>\n\t<meta property=\"og:image:width\" content=\"990\" \/>\n\t<meta property=\"og:image:height\" content=\"660\" \/>\n\t<meta property=\"og:image:type\" content=\"image\/webp\" \/>\n<meta name=\"author\" content=\"dominika\" \/>\n<meta name=\"twitter:card\" content=\"summary_large_image\" \/>\n<meta name=\"twitter:label1\" content=\"Written by\" \/>\n\t<meta name=\"twitter:data1\" content=\"Katar\u00edna Vasil\u010din Gre\u0161ov\u00e1\" \/>\n\t<meta name=\"twitter:label2\" content=\"Est. reading time\" \/>\n\t<meta name=\"twitter:data2\" content=\"2\" \/>\n<script type=\"application\/ld+json\" class=\"yoast-schema-graph\">{\"@context\":\"https:\/\/schema.org\",\"@graph\":[{\"@type\":\"WebPage\",\"@id\":\"https:\/\/www.welovecycling.com\/sk\/2024\/11\/27\/4-dovody-preco-vyrazit-na-zimnu-rodinnu-bikovacku\/\",\"url\":\"https:\/\/www.welovecycling.com\/sk\/2024\/11\/27\/4-dovody-preco-vyrazit-na-zimnu-rodinnu-bikovacku\/\",\"name\":\"4 d\u00f4vody, pre\u010do vyrazi\u0165 na zimn\u00fa rodinn\u00fa bikova\u010dku - \u0160koda We Love Cycling Slovensko\",\"isPartOf\":{\"@id\":\"https:\/\/www.welovecycling.com\/sk\/#website\"},\"primaryImageOfPage\":{\"@id\":\"https:\/\/www.welovecycling.com\/sk\/2024\/11\/27\/4-dovody-preco-vyrazit-na-zimnu-rodinnu-bikovacku\/#primaryimage\"},\"image\":{\"@id\":\"https:\/\/www.welovecycling.com\/sk\/2024\/11\/27\/4-dovody-preco-vyrazit-na-zimnu-rodinnu-bikovacku\/#primaryimage\"},\"thumbnailUrl\":\"https:\/\/d2p6e6u75xmxt8.cloudfront.net\/4\/2024\/11\/zima-1.webp\",\"datePublished\":\"2024-11-27T10:15:58+00:00\",\"dateModified\":\"2024-11-27T10:17:38+00:00\",\"author\":{\"@id\":\"https:\/\/www.welovecycling.com\/sk\/#\/schema\/person\/533b62b98b6c41bd5135ebfb1f742624\"},\"description\":\"Ak sa v\u00e1m podar\u00ed dosta\u0165 deti na bicykle aj po\u010das najchladnej\u0161\u00edch mesiacov v roku, vyhrali ste. Niet nad zimn\u00fa rodinn\u00fa bikova\u010dku!\",\"breadcrumb\":{\"@id\":\"https:\/\/www.welovecycling.com\/sk\/2024\/11\/27\/4-dovody-preco-vyrazit-na-zimnu-rodinnu-bikovacku\/#breadcrumb\"},\"inLanguage\":\"sk-SK\",\"potentialAction\":[{\"@type\":\"ReadAction\",\"target\":[\"https:\/\/www.welovecycling.com\/sk\/2024\/11\/27\/4-dovody-preco-vyrazit-na-zimnu-rodinnu-bikovacku\/\"]}]},{\"@type\":\"ImageObject\",\"inLanguage\":\"sk-SK\",\"@id\":\"https:\/\/www.welovecycling.com\/sk\/2024\/11\/27\/4-dovody-preco-vyrazit-na-zimnu-rodinnu-bikovacku\/#primaryimage\",\"url\":\"https:\/\/d2p6e6u75xmxt8.cloudfront.net\/4\/2024\/11\/zima-1.webp\",\"contentUrl\":\"https:\/\/d2p6e6u75xmxt8.cloudfront.net\/4\/2024\/11\/zima-1.webp\",\"width\":990,\"height\":660,\"caption\":\"zimn\u00e1 cyklistika\"},{\"@type\":\"BreadcrumbList\",\"@id\":\"https:\/\/www.welovecycling.com\/sk\/2024\/11\/27\/4-dovody-preco-vyrazit-na-zimnu-rodinnu-bikovacku\/#breadcrumb\",\"itemListElement\":[{\"@type\":\"ListItem\",\"position\":1,\"name\":\"Home\",\"item\":\"https:\/\/www.welovecycling.com\/sk\/\"},{\"@type\":\"ListItem\",\"position\":2,\"name\":\"4 d\u00f4vody, pre\u010do vyrazi\u0165 na zimn\u00fa rodinn\u00fa bikova\u010dku\"}]},{\"@type\":\"WebSite\",\"@id\":\"https:\/\/www.welovecycling.com\/sk\/#website\",\"url\":\"https:\/\/www.welovecycling.com\/sk\/\",\"name\":\"\u0160koda We Love Cycling Slovensko\",\"description\":\"\u0160koda We Love Cycling Slovensko je v\u00e1\u0161 ka\u017edodenn\u00fd zdroj noviniek a in\u0161pir\u00e1cie z sveta cyklistiky\",\"potentialAction\":[{\"@type\":\"SearchAction\",\"target\":{\"@type\":\"EntryPoint\",\"urlTemplate\":\"https:\/\/www.welovecycling.com\/sk\/?s={search_term_string}\"},\"query-input\":{\"@type\":\"PropertyValueSpecification\",\"valueRequired\":true,\"valueName\":\"search_term_string\"}}],\"inLanguage\":\"sk-SK\"},{\"@type\":\"Person\",\"@id\":\"https:\/\/www.welovecycling.com\/sk\/#\/schema\/person\/533b62b98b6c41bd5135ebfb1f742624\",\"name\":\"dominika\",\"image\":{\"@type\":\"ImageObject\",\"inLanguage\":\"sk-SK\",\"@id\":\"https:\/\/www.welovecycling.com\/sk\/#\/schema\/person\/image\/\",\"url\":\"https:\/\/secure.gravatar.com\/avatar\/ded6f274ba2ec3e17fff153f7d9d96a4b33c2cb63907f75d9a5309c599a7f3e6?s=96&d=mm&r=g\",\"contentUrl\":\"https:\/\/secure.gravatar.com\/avatar\/ded6f274ba2ec3e17fff153f7d9d96a4b33c2cb63907f75d9a5309c599a7f3e6?s=96&d=mm&r=g\",\"caption\":\"dominika\"},\"url\":\"https:\/\/www.welovecycling.com\/sk\/author\/dominika\/\"}]}<\/script>\n<!-- \/ Yoast SEO Premium plugin. -->","yoast_head_json":{"title":"4 d\u00f4vody, pre\u010do vyrazi\u0165 na zimn\u00fa rodinn\u00fa bikova\u010dku - \u0160koda We Love Cycling Slovensko","description":"Ak sa v\u00e1m podar\u00ed dosta\u0165 deti na bicykle aj po\u010das najchladnej\u0161\u00edch mesiacov v roku, vyhrali ste. Niet nad zimn\u00fa rodinn\u00fa bikova\u010dku!","robots":{"index":"index","follow":"follow","max-snippet":"max-snippet:-1","max-image-preview":"max-image-preview:large","max-video-preview":"max-video-preview:-1"},"canonical":"https:\/\/www.welovecycling.com\/sk\/2024\/11\/27\/4-dovody-preco-vyrazit-na-zimnu-rodinnu-bikovacku\/","og_locale":"sk_SK","og_type":"article","og_title":"4 d\u00f4vody, pre\u010do vyrazi\u0165 na zimn\u00fa rodinn\u00fa bikova\u010dku","og_description":"Ak sa v\u00e1m podar\u00ed dosta\u0165 deti na bicykle aj po\u010das najchladnej\u0161\u00edch mesiacov v roku, vyhrali ste. Niet nad zimn\u00fa rodinn\u00fa bikova\u010dku!","og_url":"https:\/\/www.welovecycling.com\/sk\/2024\/11\/27\/4-dovody-preco-vyrazit-na-zimnu-rodinnu-bikovacku\/","og_site_name":"\u0160koda We Love Cycling Slovensko","article_published_time":"2024-11-27T10:15:58+00:00","article_modified_time":"2024-11-27T10:17:38+00:00","og_image":[{"width":990,"height":660,"url":"https:\/\/d2p6e6u75xmxt8.cloudfront.net\/4\/2024\/11\/zima-1.webp","type":"image\/webp"}],"author":"dominika","twitter_card":"summary_large_image","twitter_misc":{"Written by":"Katar\u00edna Vasil\u010din Gre\u0161ov\u00e1","Est. reading time":"2"},"schema":{"@context":"https:\/\/schema.org","@graph":[{"@type":"WebPage","@id":"https:\/\/www.welovecycling.com\/sk\/2024\/11\/27\/4-dovody-preco-vyrazit-na-zimnu-rodinnu-bikovacku\/","url":"https:\/\/www.welovecycling.com\/sk\/2024\/11\/27\/4-dovody-preco-vyrazit-na-zimnu-rodinnu-bikovacku\/","name":"4 d\u00f4vody, pre\u010do vyrazi\u0165 na zimn\u00fa rodinn\u00fa bikova\u010dku - \u0160koda We Love Cycling Slovensko","isPartOf":{"@id":"https:\/\/www.welovecycling.com\/sk\/#website"},"primaryImageOfPage":{"@id":"https:\/\/www.welovecycling.com\/sk\/2024\/11\/27\/4-dovody-preco-vyrazit-na-zimnu-rodinnu-bikovacku\/#primaryimage"},"image":{"@id":"https:\/\/www.welovecycling.com\/sk\/2024\/11\/27\/4-dovody-preco-vyrazit-na-zimnu-rodinnu-bikovacku\/#primaryimage"},"thumbnailUrl":"https:\/\/d2p6e6u75xmxt8.cloudfront.net\/4\/2024\/11\/zima-1.webp","datePublished":"2024-11-27T10:15:58+00:00","dateModified":"2024-11-27T10:17:38+00:00","author":{"@id":"https:\/\/www.welovecycling.com\/sk\/#\/schema\/person\/533b62b98b6c41bd5135ebfb1f742624"},"description":"Ak sa v\u00e1m podar\u00ed dosta\u0165 deti na bicykle aj po\u010das najchladnej\u0161\u00edch mesiacov v roku, vyhrali ste. Niet nad zimn\u00fa rodinn\u00fa bikova\u010dku!","breadcrumb":{"@id":"https:\/\/www.welovecycling.com\/sk\/2024\/11\/27\/4-dovody-preco-vyrazit-na-zimnu-rodinnu-bikovacku\/#breadcrumb"},"inLanguage":"sk-SK","potentialAction":[{"@type":"ReadAction","target":["https:\/\/www.welovecycling.com\/sk\/2024\/11\/27\/4-dovody-preco-vyrazit-na-zimnu-rodinnu-bikovacku\/"]}]},{"@type":"ImageObject","inLanguage":"sk-SK","@id":"https:\/\/www.welovecycling.com\/sk\/2024\/11\/27\/4-dovody-preco-vyrazit-na-zimnu-rodinnu-bikovacku\/#primaryimage","url":"https:\/\/d2p6e6u75xmxt8.cloudfront.net\/4\/2024\/11\/zima-1.webp","contentUrl":"https:\/\/d2p6e6u75xmxt8.cloudfront.net\/4\/2024\/11\/zima-1.webp","width":990,"height":660,"caption":"zimn\u00e1 cyklistika"},{"@type":"BreadcrumbList","@id":"https:\/\/www.welovecycling.com\/sk\/2024\/11\/27\/4-dovody-preco-vyrazit-na-zimnu-rodinnu-bikovacku\/#breadcrumb","itemListElement":[{"@type":"ListItem","position":1,"name":"Home","item":"https:\/\/www.welovecycling.com\/sk\/"},{"@type":"ListItem","position":2,"name":"4 d\u00f4vody, pre\u010do vyrazi\u0165 na zimn\u00fa rodinn\u00fa bikova\u010dku"}]},{"@type":"WebSite","@id":"https:\/\/www.welovecycling.com\/sk\/#website","url":"https:\/\/www.welovecycling.com\/sk\/","name":"\u0160koda We Love Cycling Slovensko","description":"\u0160koda We Love Cycling Slovensko je v\u00e1\u0161 ka\u017edodenn\u00fd zdroj noviniek a in\u0161pir\u00e1cie z sveta cyklistiky","potentialAction":[{"@type":"SearchAction","target":{"@type":"EntryPoint","urlTemplate":"https:\/\/www.welovecycling.com\/sk\/?s={search_term_string}"},"query-input":{"@type":"PropertyValueSpecification","valueRequired":true,"valueName":"search_term_string"}}],"inLanguage":"sk-SK"},{"@type":"Person","@id":"https:\/\/www.welovecycling.com\/sk\/#\/schema\/person\/533b62b98b6c41bd5135ebfb1f742624","name":"dominika","image":{"@type":"ImageObject","inLanguage":"sk-SK","@id":"https:\/\/www.welovecycling.com\/sk\/#\/schema\/person\/image\/","url":"https:\/\/secure.gravatar.com\/avatar\/ded6f274ba2ec3e17fff153f7d9d96a4b33c2cb63907f75d9a5309c599a7f3e6?s=96&d=mm&r=g","contentUrl":"https:\/\/secure.gravatar.com\/avatar\/ded6f274ba2ec3e17fff153f7d9d96a4b33c2cb63907f75d9a5309c599a7f3e6?s=96&d=mm&r=g","caption":"dominika"},"url":"https:\/\/www.welovecycling.com\/sk\/author\/dominika\/"}]}},"_links":{"self":[{"href":"https:\/\/www.welovecycling.com\/sk\/wp-json\/wp\/v2\/posts\/19880","targetHints":{"allow":["GET"]}}],"collection":[{"href":"https:\/\/www.welovecycling.com\/sk\/wp-json\/wp\/v2\/posts"}],"about":[{"href":"https:\/\/www.welovecycling.com\/sk\/wp-json\/wp\/v2\/types\/post"}],"author":[{"embeddable":true,"href":"https:\/\/www.welovecycling.com\/sk\/wp-json\/wp\/v2\/users\/172"}],"replies":[{"embeddable":true,"href":"https:\/\/www.welovecycling.com\/sk\/wp-json\/wp\/v2\/comments?post=19880"}],"version-history":[{"count":3,"href":"https:\/\/www.welovecycling.com\/sk\/wp-json\/wp\/v2\/posts\/19880\/revisions"}],"predecessor-version":[{"id":19887,"href":"https:\/\/www.welovecycling.com\/sk\/wp-json\/wp\/v2\/posts\/19880\/revisions\/19887"}],"wp:featuredmedia":[{"embeddable":true,"href":"https:\/\/www.welovecycling.com\/sk\/wp-json\/wp\/v2\/media\/19881"}],"wp:attachment":[{"href":"https:\/\/www.welovecycling.com\/sk\/wp-json\/wp\/v2\/media?parent=19880"}],"wp:term":[{"taxonomy":"category","embeddable":true,"href":"https:\/\/www.welovecycling.com\/sk\/wp-json\/wp\/v2\/categories?post=19880"},{"taxonomy":"post_tag","embeddable":true,"href":"https:\/\/www.welovecycling.com\/sk\/wp-json\/wp\/v2\/tags?post=19880"},{"taxonomy":"global-categories","embeddable":true,"href":"https:\/\/www.welovecycling.com\/sk\/wp-json\/wp\/v2\/global-categories?post=19880"}],"curies":[{"name":"wp","href":"https:\/\/api.w.org\/{rel}","templated":true}]}}