{"id":19820,"date":"2024-11-04T13:08:15","date_gmt":"2024-11-04T12:08:15","guid":{"rendered":"https:\/\/www.welovecycling.com\/sk\/?p=19820"},"modified":"2024-11-04T13:10:13","modified_gmt":"2024-11-04T12:10:13","slug":"skoda-bike-open-tour-2024-opat-nezabudnutelna-seria-so-skvelymi-vykonmi","status":"publish","type":"post","link":"https:\/\/www.welovecycling.com\/sk\/2024\/11\/04\/skoda-bike-open-tour-2024-opat-nezabudnutelna-seria-so-skvelymi-vykonmi\/","title":{"rendered":"\u0160koda Bike Open Tour 2024 \u2013 op\u00e4\u0165 nezabudnute\u013en\u00e1 s\u00e9ria so skvel\u00fdmi v\u00fdkonmi"},"content":{"rendered":"<p><strong>Jeden\u00e1sty ro\u010dn\u00edk popul\u00e1rnej s\u00e9rie \u0160koda Bike Open Tour priniesol nov\u00e9 \u0161portov\u00e9 z\u00e1\u017eitky, \u010fal\u0161ie stovky prejazden\u00fdch kilometrov, nast\u00fapan\u00fdch nieko\u013eko tis\u00edc metrov a osobn\u00e9 boje pretek\u00e1rov a\u017e do cie\u013ea.<\/strong><!--more--><\/p>\n<p><span style=\"font-weight: 400;\">A samozrejme spomienky, ktor\u00e9 zostan\u00fa v\u00a0pam\u00e4ti nielen samotn\u00fdch pretek\u00e1rov, ale aj fan\u00fa\u0161ikov, ktor\u00ed pri\u0161li povzbudzova\u0165 a\u00a0za\u017ei\u0165 cyklistick\u00fa atmosf\u00e9ru.\u00a0<\/span><\/p>\n<h2><b>\u0160koda Sv\u00e4tojursk\u00fd MTB marat\u00f3n<\/b><\/h2>\n<p><span style=\"font-weight: 400;\">Op\u00e4\u0165 n\u00e1s \u010dakalo \u0161es\u0165 k\u00f4l a\u00a0tradi\u010dne sme za\u010d\u00ednali v\u00a0apr\u00edli vo Sv\u00e4tom Jure. Na za\u010diatok sez\u00f3ny som si ambici\u00f3zne vybral hne\u010f dlh\u00fa tra\u0165. Apr\u00edl si priniesol so sebou ve\u013emi typick\u00e9 po\u010dasie. K\u00fdm na \u0161tarte n\u00e1s v\u00edtali tepl\u00e9 jarn\u00e9 l\u00fa\u010de, na hrebeni to u\u017e boli mal\u00e9 snehov\u00e9 kr\u00fapy a\u00a0nesk\u00f4r kvapky da\u017e\u010fa. \u00davod s\u00e9rie teda dokonale preveril, ako sme na sez\u00f3nu pripraven\u00ed. <strong>Na \u0161tarte st\u00e1lo cez 560 cyklistov a\u00a0cyklistiek.<\/strong>\u00a0<\/span><\/p>\n<p><img loading=\"lazy\" decoding=\"async\" class=\"alignnone wp-image-19822 size-full\" src=\"https:\/\/d2p6e6u75xmxt8.cloudfront.net\/4\/2024\/11\/sbot-14.webp\" alt=\"\u0160koda Sv\u00e4tojursk\u00fd MTB marat\u00f3n\" width=\"990\" height=\"660\" srcset=\"https:\/\/d2p6e6u75xmxt8.cloudfront.net\/4\/2024\/11\/sbot-14.webp 990w, https:\/\/d2p6e6u75xmxt8.cloudfront.net\/4\/2024\/11\/sbot-14-300x200.webp 300w, https:\/\/d2p6e6u75xmxt8.cloudfront.net\/4\/2024\/11\/sbot-14-768x512.webp 768w, https:\/\/d2p6e6u75xmxt8.cloudfront.net\/4\/2024\/11\/sbot-14-400x267.webp 400w, https:\/\/d2p6e6u75xmxt8.cloudfront.net\/4\/2024\/11\/sbot-14-272x182.webp 272w\" sizes=\"auto, (max-width: 990px) 100vw, 990px\" \/><\/p>\n<p><b>Pozrime si v\u00ed\u0165azov na jednotliv\u00fdch tratiach:\u00a0<\/b><\/p>\n<ul>\n<li style=\"font-weight: 400;\" aria-level=\"1\"><span style=\"font-weight: 400;\">Dlh\u00e1 tra\u0165 \u2013 \u013dubom\u00edr Mur\u00e1rik a\u00a0Nikol Fla\u0161arov\u00e1<\/span><\/li>\n<li style=\"font-weight: 400;\" aria-level=\"1\"><span style=\"font-weight: 400;\">Stredn\u00e1 tra\u0165 \u2013 Erik Klu\u010dik a\u00a0Rebeka Cully<\/span><\/li>\n<li style=\"font-weight: 400;\" aria-level=\"1\"><span style=\"font-weight: 400;\">Kr\u00e1tka tra\u0165 \u2013 Jaroslav \u0160tvrteck\u00fd a\u00a0Martina R\u00e1zusov\u00e1<\/span> <span style=\"font-weight: 400;\">\u00a0<\/span><\/li>\n<\/ul>\n<p><span style=\"font-weight: 400;\">Dojazd do cie\u013ea bol ale op\u00e4\u0165 slne\u010dn\u00fd, a tak sa dala u\u017ei\u0165 atmosf\u00e9ra. Na trati som str\u00e1vil nie\u010do m\u00e1lo cez 4 hodiny. Nech\u00fdbalo kvalitn\u00e9 z\u00e1zemie so sprievodn\u00fdm programom a hlavne vapky na um\u00fdvanie bikov fi\u010dali naplno. Tu som si myslel, \u017ee tak\u00e9to vrtochy po\u010dasia bud\u00fa tohto roku u\u017e za nami, no to som e\u0161te netu\u0161il, ako kruto som sa vtedy m\u00fdlil. \u263a\u00a0<\/span><\/p>\n<p><span style=\"font-weight: 400;\">Report\u00e1\u017e od bikera Jakuba n\u00e1jdete tu:<\/span><\/p>\n<div class=\"shortcode-ys-post-pinup\"><article class=\"loop-simple post-19022 post type-post status-publish format-standard has-post-thumbnail hentry category-reportaz tag-cyklisticka-komunita tag-cyklistika tag-deti tag-family tag-horska-cyklistika tag-jar tag-maraton tag-mtb tag-preteky tag-reportaz tag-rodina tag-sezona-2024 tag-skoda tag-sbot tag-skoda-svatojursky-mtb-maraton global-categories-cycling\" data-postid=\"19022\" role=\"article\" data-post-id=\"19022\" data-word-count=\"948\" data-headline-length=\"81\" data-category=\"Report\u00e1\u017e\" data-global-category=\"Cycling\" data-author=\"Jakub Dud\u00edk\" data-published=\"2024-04-24T16:00:14+02:00\" data-published-day=\"Wednesday\">\n    <div class=\"entry-thumbnail article-thumbnail\" content=\"https:\/\/d2p6e6u75xmxt8.cloudfront.net\/4\/2024\/04\/selekt_skoda_mtb_svjur_2024_011-150x150.webp\"><a href=\"https:\/\/www.welovecycling.com\/sk\/2024\/04\/24\/reportaz-skoda-svatojursky-mtb-maraton-2024-idealny-start-do-sezony\/\" class=\"image-holder\" target=\"_self\"><img decoding=\"async\" loading=\"lazy\" class=\"\" src=\"https:\/\/d2p6e6u75xmxt8.cloudfront.net\/4\/2024\/04\/selekt_skoda_mtb_svjur_2024_011.webp\" srcset=\"https:\/\/d2p6e6u75xmxt8.cloudfront.net\/4\/2024\/04\/selekt_skoda_mtb_svjur_2024_011.webp 990w, https:\/\/d2p6e6u75xmxt8.cloudfront.net\/4\/2024\/04\/selekt_skoda_mtb_svjur_2024_011-300x200.webp 300w, https:\/\/d2p6e6u75xmxt8.cloudfront.net\/4\/2024\/04\/selekt_skoda_mtb_svjur_2024_011-768x512.webp 768w, https:\/\/d2p6e6u75xmxt8.cloudfront.net\/4\/2024\/04\/selekt_skoda_mtb_svjur_2024_011-400x267.webp 400w, https:\/\/d2p6e6u75xmxt8.cloudfront.net\/4\/2024\/04\/selekt_skoda_mtb_svjur_2024_011-272x182.webp 272w\" width=\"990\" height=\"660\" sizes=\"auto, (min-width: 1200px) 300px, (min-width: 768px) 25vw, 100vw\" alt=\"reportaz-skoda-svatojursky-mtb-maraton-2024-idealny-start-do-sezony\"\/><\/a><\/div>    <div class=\"entry-meta\">\n        <a class=\"label label-secondary post-category\" href=\"https:\/\/www.welovecycling.com\/sk\/category\/sbot\/reportaz\/\" title=\"Report\u00e1\u017e\">Report\u00e1\u017e<\/a>\n    <\/div>\n    <div class=\"entry-details\">\n        <a href=\"https:\/\/www.welovecycling.com\/sk\/2024\/04\/24\/reportaz-skoda-svatojursky-mtb-maraton-2024-idealny-start-do-sezony\/\" class='entry-title-wrapper'>\n            <h3 class=\"entry-title\"><span>Report\u00e1\u017e: \u0160koda Sv\u00e4tojursk\u00fd MTB marat\u00f3n 2024 \u2013 ide\u00e1lny \u0161tart do sez\u00f3ny<\/span><\/h3>\n        <\/a>\n    <\/div>\n    <\/article>\n<\/div>\n<p><img loading=\"lazy\" decoding=\"async\" class=\"alignnone size-full wp-image-19823\" src=\"https:\/\/d2p6e6u75xmxt8.cloudfront.net\/4\/2024\/11\/sbot-1a.webp\" alt=\"\" width=\"990\" height=\"660\" srcset=\"https:\/\/d2p6e6u75xmxt8.cloudfront.net\/4\/2024\/11\/sbot-1a.webp 990w, https:\/\/d2p6e6u75xmxt8.cloudfront.net\/4\/2024\/11\/sbot-1a-300x200.webp 300w, https:\/\/d2p6e6u75xmxt8.cloudfront.net\/4\/2024\/11\/sbot-1a-768x512.webp 768w, https:\/\/d2p6e6u75xmxt8.cloudfront.net\/4\/2024\/11\/sbot-1a-400x267.webp 400w, https:\/\/d2p6e6u75xmxt8.cloudfront.net\/4\/2024\/11\/sbot-1a-272x182.webp 272w\" sizes=\"auto, (max-width: 990px) 100vw, 990px\" \/><\/p>\n<h2><b>\u0160koda MTB Marat\u00f3n Rajeck\u00e9 Teplice<\/b><\/h2>\n<p><span style=\"font-weight: 400;\">V\u00a0druhom kole n\u00e1s priv\u00edtalo k\u00fape\u013en\u00e9 mesto Rajeck\u00e9 Teplice a\u00a0tradi\u010dn\u00e1 tra\u0165 pozost\u00e1vaj\u00faca zo st\u00fapan\u00ed, pre mnoh\u00fdch z\u00a0n\u00e1s v\u00a0nekone\u010dn\u00fdch zv\u00e1\u017eniciach pod L\u00fa\u010danskou Malou Fatrou. Obzvl\u00e1\u0161\u0165, ak si vyberiete dlh\u00fa tra\u0165 ako ja, kde absolvujeme dva okruhy. Po\u010dasie bolo ale \u00fapln\u00fdm opakom bl\u00e1zniv\u00e9ho apr\u00edla. <\/span><\/p>\n<p><span style=\"font-weight: 400;\">Oproti minul\u00e9mu roku, ke\u010f tu bol p\u00e1r dn\u00ed predt\u00fdm aj d\u00e1\u017e\u010f, sme si tohto roku mohli prv\u00fdkr\u00e1t u\u017ei\u0165 priam ide\u00e1lne podmienky. <strong>Nako\u013eko sa tu konaj\u00fa aj Majstrovstv\u00e1 SR v\u00a0XCM, tak sa zv\u00fd\u0161ila aj hojnos\u0165 pretek\u00e1rov na pribli\u017ene 670 a\u00a0pribudla aj gravel kateg\u00f3ria.<\/strong><\/span><\/p>\n<p><img loading=\"lazy\" decoding=\"async\" class=\"alignnone wp-image-19824 size-full\" src=\"https:\/\/d2p6e6u75xmxt8.cloudfront.net\/4\/2024\/11\/sbot-6.webp\" alt=\"\u0160koda MTB Marat\u00f3n Rajeck\u00e9 Teplice 2024\" width=\"990\" height=\"660\" srcset=\"https:\/\/d2p6e6u75xmxt8.cloudfront.net\/4\/2024\/11\/sbot-6.webp 990w, https:\/\/d2p6e6u75xmxt8.cloudfront.net\/4\/2024\/11\/sbot-6-300x200.webp 300w, https:\/\/d2p6e6u75xmxt8.cloudfront.net\/4\/2024\/11\/sbot-6-768x512.webp 768w, https:\/\/d2p6e6u75xmxt8.cloudfront.net\/4\/2024\/11\/sbot-6-400x267.webp 400w, https:\/\/d2p6e6u75xmxt8.cloudfront.net\/4\/2024\/11\/sbot-6-272x182.webp 272w\" sizes=\"auto, (max-width: 990px) 100vw, 990px\" \/><\/p>\n<p><b>Pozrime si v\u00ed\u0165azov na jednotliv\u00fdch tratiach:\u00a0<\/b><\/p>\n<ul>\n<li style=\"font-weight: 400;\" aria-level=\"1\"><span style=\"font-weight: 400;\">Dlh\u00e1 tra\u0165 \u2013 Rudol Dzure\u0148 a\u00a0Martina Krahulcov\u00e1<\/span><\/li>\n<li style=\"font-weight: 400;\" aria-level=\"1\"><span style=\"font-weight: 400;\">Stredn\u00e1 tra\u0165 \u2013 Filip Sadlo\u0148 a\u00a0Veronika \u010ci\u0161eck\u00e1<\/span><\/li>\n<li style=\"font-weight: 400;\" aria-level=\"1\"><span style=\"font-weight: 400;\">Kr\u00e1tka tra\u0165 \u2013 Luk\u00e1\u0161 Gardian a\u00a0Miriam \u0160ichtov\u00e1<\/span><\/li>\n<\/ul>\n<p><span style=\"font-weight: 400;\"><strong>Popul\u00e1rne cyklistick\u00e9 miesto, kvalitn\u00ed s\u00faperi, r\u00fdchla a technicky nen\u00e1ro\u010dn\u00e1 tra\u0165, kde ale dok\u00e1\u017eu potr\u00e1pi\u0165 pr\u00e1ve defekty z\u00a0r\u00fdchlosti a\u00a0zle zvolenej stopy.<\/strong> To v\u0161etko sa postaralo o\u00a0kvalitn\u00e9 preteky. Ja som si tu odbil premi\u00e9ru na novom bicykli, kond\u00edcia za\u010dala postupne st\u00fapa\u0165 a\u00a0napriek probl\u00e9mom s\u00a0chrbtom som sa\u00a0medziro\u010dne zlep\u0161il o\u00a021 min\u00fat. Vyzer\u00e1 to na dobr\u00fa sez\u00f3nu.\u00a0<\/span><\/p>\n<p><span style=\"font-weight: 400;\">Bli\u017e\u0161ie inform\u00e1cie si m\u00f4\u017eete pre\u010d\u00edta\u0165 aj z mojej report\u00e1\u017ee:<\/span><\/p>\n<div class=\"shortcode-ys-post-pinup\"><article class=\"loop-simple post-19136 post type-post status-publish format-standard has-post-thumbnail hentry category-reportaz tag-adrenalin tag-horska-cyklistika tag-maraton tag-mtb tag-odporucame tag-preteky tag-reportaz tag-sezona-2024 tag-skoda tag-sbot global-categories-cycling\" data-postid=\"19136\" role=\"article\" data-post-id=\"19136\" data-word-count=\"1057\" data-headline-length=\"82\" data-category=\"Report\u00e1\u017e\" data-global-category=\"Cycling\" data-author=\"Erik Horv\u00e1th\" data-published=\"2024-05-22T14:00:43+02:00\" data-published-day=\"Wednesday\">\n    <div class=\"entry-thumbnail article-thumbnail\" content=\"https:\/\/d2p6e6u75xmxt8.cloudfront.net\/4\/2024\/05\/wlc-5-1-150x150.webp\"><a href=\"https:\/\/www.welovecycling.com\/sk\/2024\/05\/22\/reportaz-skoda-mtb-maraton-rajecke-teplice-majstrak-v-krasnom-pocasi\/\" class=\"image-holder\" target=\"_self\"><img decoding=\"async\" loading=\"lazy\" class=\"\" src=\"https:\/\/d2p6e6u75xmxt8.cloudfront.net\/4\/2024\/05\/wlc-5-1.webp\" srcset=\"https:\/\/d2p6e6u75xmxt8.cloudfront.net\/4\/2024\/05\/wlc-5-1.webp 990w, https:\/\/d2p6e6u75xmxt8.cloudfront.net\/4\/2024\/05\/wlc-5-1-300x200.webp 300w, https:\/\/d2p6e6u75xmxt8.cloudfront.net\/4\/2024\/05\/wlc-5-1-768x512.webp 768w, https:\/\/d2p6e6u75xmxt8.cloudfront.net\/4\/2024\/05\/wlc-5-1-400x267.webp 400w, https:\/\/d2p6e6u75xmxt8.cloudfront.net\/4\/2024\/05\/wlc-5-1-272x182.webp 272w\" width=\"990\" height=\"660\" sizes=\"auto, (min-width: 1200px) 300px, (min-width: 768px) 25vw, 100vw\" alt=\"reportaz-skoda-mtb-maraton-rajecke-teplice-majstrak-v-krasnom-pocasi\"\/><\/a><\/div>    <div class=\"entry-meta\">\n        <a class=\"label label-secondary post-category\" href=\"https:\/\/www.welovecycling.com\/sk\/category\/sbot\/reportaz\/\" title=\"Report\u00e1\u017e\">Report\u00e1\u017e<\/a>\n    <\/div>\n    <div class=\"entry-details\">\n        <a href=\"https:\/\/www.welovecycling.com\/sk\/2024\/05\/22\/reportaz-skoda-mtb-maraton-rajecke-teplice-majstrak-v-krasnom-pocasi\/\" class='entry-title-wrapper'>\n            <h3 class=\"entry-title\"><span>Report\u00e1\u017e: \u0160koda MTB Marat\u00f3n Rajeck\u00e9 Teplice \u2013 majstr\u00e1k v kr\u00e1snom po\u010das\u00ed<\/span><\/h3>\n        <\/a>\n    <\/div>\n    <\/article>\n<\/div>\n<p><img loading=\"lazy\" decoding=\"async\" class=\"alignnone size-full wp-image-19825\" src=\"https:\/\/d2p6e6u75xmxt8.cloudfront.net\/4\/2024\/11\/sbot-8.webp\" alt=\"\" width=\"990\" height=\"660\" srcset=\"https:\/\/d2p6e6u75xmxt8.cloudfront.net\/4\/2024\/11\/sbot-8.webp 990w, https:\/\/d2p6e6u75xmxt8.cloudfront.net\/4\/2024\/11\/sbot-8-300x200.webp 300w, https:\/\/d2p6e6u75xmxt8.cloudfront.net\/4\/2024\/11\/sbot-8-768x512.webp 768w, https:\/\/d2p6e6u75xmxt8.cloudfront.net\/4\/2024\/11\/sbot-8-400x267.webp 400w, https:\/\/d2p6e6u75xmxt8.cloudfront.net\/4\/2024\/11\/sbot-8-272x182.webp 272w\" sizes=\"auto, (max-width: 990px) 100vw, 990px\" \/><\/p>\n<h2><b>\u0160koda Slovensk\u00fd raj<\/b><\/h2>\n<p><span style=\"font-weight: 400;\">Po\u010fme nazrie\u0165 na tretie kolo, ktor\u00e9 sa odohralo\u00a0v\u00a0raji \u2013 v\u00a0Slovenskom raji. Mo\u017enos\u0165 prejs\u0165 si miesta, kam sa cez rok nie je mo\u017en\u00e9 dosta\u0165, vidie\u0165 kr\u00e1snu a\u00a0jedine\u010dn\u00fa pr\u00edrodu \u2013 t\u00e1to tra\u0165 je skr\u00e1tka moja srdcovka.<\/span><\/p>\n<p><span style=\"font-weight: 400;\">Tu n\u00e1s ale op\u00e4\u0165 za\u010dali tr\u00e1pi\u0165 podmienky, hoci v de\u0148 pretekov bolo kr\u00e1sne slne\u010dn\u00e9 po\u010dasie. To sa v\u0161ak nedalo poveda\u0165 o\u00a0tom, \u010do sa dialo dni predt\u00fdm. Dlh\u00e9 a\u00a0siln\u00e9 da\u017ede zapr\u00ed\u010dinili, \u017ee na mnoh\u00fdch miestach sme i\u0161li doslova v\u00a0potokoch vody. <strong>Hlbok\u00e9 brody boli pln\u00e9 studenej rajskej vody, do toho vymlet\u00e9 koryt\u00e1 a\u00a0zv\u00e1\u017enice pln\u00e9 kame\u0148ov.<\/strong> Relat\u00edvne technicky nen\u00e1ro\u010dn\u00e1 tra\u0165 tak dostala omnoho vy\u0161\u0161iu n\u00e1ro\u010dnos\u0165. To ale neodradilo pretek\u00e1rov, preto\u017ee na \u0161tarte n\u00e1s bolo nie\u010do cez 560, \u010do bolo viac ako minul\u00fd rok. Tra\u0165 si op\u00e4\u0165 pre\u0161li aj gravelisti.<\/span><\/p>\n<p><img loading=\"lazy\" decoding=\"async\" class=\"alignnone wp-image-19826 size-full\" src=\"https:\/\/d2p6e6u75xmxt8.cloudfront.net\/4\/2024\/11\/sbot-12.webp\" alt=\"\u0160koda Slovensk\u00fd raj 2024\" width=\"990\" height=\"660\" srcset=\"https:\/\/d2p6e6u75xmxt8.cloudfront.net\/4\/2024\/11\/sbot-12.webp 990w, https:\/\/d2p6e6u75xmxt8.cloudfront.net\/4\/2024\/11\/sbot-12-300x200.webp 300w, https:\/\/d2p6e6u75xmxt8.cloudfront.net\/4\/2024\/11\/sbot-12-768x512.webp 768w, https:\/\/d2p6e6u75xmxt8.cloudfront.net\/4\/2024\/11\/sbot-12-400x267.webp 400w, https:\/\/d2p6e6u75xmxt8.cloudfront.net\/4\/2024\/11\/sbot-12-272x182.webp 272w\" sizes=\"auto, (max-width: 990px) 100vw, 990px\" \/><\/p>\n<p><b>Pozrime si v\u00ed\u0165azov na jednotliv\u00fdch tratiach:\u00a0<\/b><\/p>\n<ul>\n<li style=\"font-weight: 400;\" aria-level=\"1\"><span style=\"font-weight: 400;\">Dlh\u00e1 tra\u0165 \u2013 Jakub Jen\u010du\u0161 a\u00a0Martina Krahulcov\u00e1\u00a0<\/span><\/li>\n<li style=\"font-weight: 400;\" aria-level=\"1\"><span style=\"font-weight: 400;\">Stredn\u00e1 tra\u0165 \u2013 Filip Gre\u0161 a\u00a0Bianka Baba\u010dov\u00e1\u00a0<\/span><\/li>\n<li style=\"font-weight: 400;\" aria-level=\"1\"><span style=\"font-weight: 400;\">Kr\u00e1tka tra\u0165 \u2013 Tom\u00e1\u0161 Laubert a\u00a0Martina Hud\u00e1kov\u00e1<\/span><\/li>\n<\/ul>\n<p><span style=\"font-weight: 400;\">S\u00edce sme teda nezmokli, ale <strong>wellness v\u010faka vode spod kolies sme si dopriali naozaj v\u00fd\u017eivn\u00fd.<\/strong> Ako inak, op\u00e4\u0165 som si zvolil dlh\u00fa tra\u0165, ktor\u00e1 n\u00e1s previedla cel\u00fdm Slovensk\u00fdm rajom. Medziro\u010dn\u00fd posun aj napriek podmienkam bol o\u00a010 min\u00fat lep\u0161\u00ed, tak\u017ee znova m\u00f4\u017eem poveda\u0165, \u017ee t\u00e1to sez\u00f3na m\u00e1 pre m\u0148a ten spr\u00e1vny smer. Predsa len jej najvy\u0161\u0161\u00ed vrchol sa za\u010dal pomali\u010dky, ale isto bl\u00ed\u017ei\u0165.\u00a0<\/span><\/p>\n<p><span style=\"font-weight: 400;\">Babsk\u00fa report\u00e1\u017e od ambas\u00e1dorky s\u00e9rie \u0160koda Bike Open Tour Katky si m\u00f4\u017eete pre\u010d\u00edta\u0165 tu:\u00a0<\/span><\/p>\n<div class=\"shortcode-ys-post-pinup\"><article class=\"loop-simple post-19251 post type-post status-publish format-standard has-post-thumbnail hentry category-reportaz category-sbot tag-cyklorodinka tag-deti tag-deti-na-bicykli tag-family tag-horska-cyklistika tag-jazda tag-kratka-trat tag-maraton tag-preteky tag-reportaz tag-rodina tag-rodinny-maraton tag-sezona-2024 tag-skoda tag-sbot tag-slovensky-raj tag-zabava global-categories-cycling\" data-postid=\"19251\" role=\"article\" data-post-id=\"19251\" data-word-count=\"750\" data-headline-length=\"57\" data-category=\"Report\u00e1\u017e\" data-global-category=\"Cycling\" data-author=\"Katar\u00edna Vasil\u010din Gre\u0161ov\u00e1\" data-published=\"2024-06-13T10:00:22+02:00\" data-published-day=\"Thursday\">\n    <div class=\"entry-thumbnail article-thumbnail\" content=\"https:\/\/d2p6e6u75xmxt8.cloudfront.net\/4\/2024\/06\/TITULKA-150x150.webp\"><a href=\"https:\/\/www.welovecycling.com\/sk\/2024\/06\/13\/reportaz-skoda-slovensky-raj-babska-jazda\/\" class=\"image-holder\" target=\"_self\"><img decoding=\"async\" loading=\"lazy\" class=\"\" src=\"https:\/\/d2p6e6u75xmxt8.cloudfront.net\/4\/2024\/06\/TITULKA.webp\" srcset=\"https:\/\/d2p6e6u75xmxt8.cloudfront.net\/4\/2024\/06\/TITULKA.webp 990w, https:\/\/d2p6e6u75xmxt8.cloudfront.net\/4\/2024\/06\/TITULKA-300x200.webp 300w, https:\/\/d2p6e6u75xmxt8.cloudfront.net\/4\/2024\/06\/TITULKA-768x512.webp 768w, https:\/\/d2p6e6u75xmxt8.cloudfront.net\/4\/2024\/06\/TITULKA-400x267.webp 400w, https:\/\/d2p6e6u75xmxt8.cloudfront.net\/4\/2024\/06\/TITULKA-272x182.webp 272w\" width=\"990\" height=\"660\" sizes=\"auto, (min-width: 1200px) 300px, (min-width: 768px) 25vw, 100vw\" alt=\"reportaz-skoda-slovensky-raj-babska-jazda\"\/><\/a><\/div>    <div class=\"entry-meta\">\n        <a class=\"label label-secondary post-category\" href=\"https:\/\/www.welovecycling.com\/sk\/category\/sbot\/reportaz\/\" title=\"Report\u00e1\u017e\">Report\u00e1\u017e<\/a>\n    <\/div>\n    <div class=\"entry-details\">\n        <a href=\"https:\/\/www.welovecycling.com\/sk\/2024\/06\/13\/reportaz-skoda-slovensky-raj-babska-jazda\/\" class='entry-title-wrapper'>\n            <h3 class=\"entry-title\"><span>Report\u00e1\u017e: \u0160koda Slovensk\u00fd raj &#8211; babsk\u00e1 jazda\u00a0<\/span><\/h3>\n        <\/a>\n    <\/div>\n    <\/article>\n<\/div>\n<p><img loading=\"lazy\" decoding=\"async\" class=\"alignnone size-full wp-image-19827\" src=\"https:\/\/d2p6e6u75xmxt8.cloudfront.net\/4\/2024\/11\/sbot-13.webp\" alt=\"\" width=\"990\" height=\"660\" srcset=\"https:\/\/d2p6e6u75xmxt8.cloudfront.net\/4\/2024\/11\/sbot-13.webp 990w, https:\/\/d2p6e6u75xmxt8.cloudfront.net\/4\/2024\/11\/sbot-13-300x200.webp 300w, https:\/\/d2p6e6u75xmxt8.cloudfront.net\/4\/2024\/11\/sbot-13-768x512.webp 768w, https:\/\/d2p6e6u75xmxt8.cloudfront.net\/4\/2024\/11\/sbot-13-400x267.webp 400w, https:\/\/d2p6e6u75xmxt8.cloudfront.net\/4\/2024\/11\/sbot-13-272x182.webp 272w\" sizes=\"auto, (max-width: 990px) 100vw, 990px\" \/><\/p>\n<h2><b>\u0160koda Horal MTB marat\u00f3n<\/b><\/h2>\n<p><span style=\"font-weight: 400;\">Ur\u010dite m\u00f4\u017eem poveda\u0165, \u017ee nejeden pretek\u00e1r t\u00fato sez\u00f3nu \u010dakal pr\u00e1ve na \u0161tvrt\u00e9 kolo. D\u00f4vod bol \u00faplne jednoduch\u00fd, <strong>do trate marat\u00f3nu sa vr\u00e1tilo jej veli\u010denstvo \u2013 Kr\u00e1\u013eova ho\u013ea.<\/strong> Najvy\u0161\u0161ie cyklisticky dostupn\u00e9 miesto na na\u0161om \u00fazem\u00ed, ktor\u00e9 sa t\u00fd\u010di vo v\u00fd\u0161ke 1\u00a0946 m n. m., pril\u00e1kalo aj rekordn\u00fd po\u010det s\u00fa\u0165a\u017eiacich. Ve\u010f na najdlh\u0161ej trati Krejzi n\u00e1s o\u00a07:00 hod. r\u00e1no \u0161tartovalo viac ako 170!<\/span><\/p>\n<p><img loading=\"lazy\" decoding=\"async\" class=\"alignnone wp-image-19828 size-full\" src=\"https:\/\/d2p6e6u75xmxt8.cloudfront.net\/4\/2024\/11\/sbot-1.webp\" alt=\"\u0160koda Horal MTB marat\u00f3n 2024\" width=\"990\" height=\"660\" srcset=\"https:\/\/d2p6e6u75xmxt8.cloudfront.net\/4\/2024\/11\/sbot-1.webp 990w, https:\/\/d2p6e6u75xmxt8.cloudfront.net\/4\/2024\/11\/sbot-1-300x200.webp 300w, https:\/\/d2p6e6u75xmxt8.cloudfront.net\/4\/2024\/11\/sbot-1-768x512.webp 768w, https:\/\/d2p6e6u75xmxt8.cloudfront.net\/4\/2024\/11\/sbot-1-400x267.webp 400w, https:\/\/d2p6e6u75xmxt8.cloudfront.net\/4\/2024\/11\/sbot-1-272x182.webp 272w\" sizes=\"auto, (max-width: 990px) 100vw, 990px\" \/><\/p>\n<p><span style=\"font-weight: 400;\">I\u0161lo o\u00a0naj\u0165a\u017e\u0161iu tra\u0165 celej s\u00e9rie s\u00a0poriadnou porciou kilometrov a\u00a0nast\u00fapan\u00fdch metrov.<strong> 119 km a\u00a03700 v. m si \u017eiadalo u\u017e d\u00f4slednej\u0161iu pr\u00edpravu,<\/strong> \u010do n\u00e1m umo\u017enila aj dlh\u0161ia pauza od Slovensk\u00e9ho raja. Tra\u0165 sa mi podarilo zdola\u0165 s\u00a0celkov\u00fdm \u010dasom 7 hod\u00edn a 18 min\u00fat. S\u00a0tra\u0165ou sa popasovali aj \u017eeny, za \u010do obrovsk\u00fd klob\u00fak dolu.\u00a0<\/span><\/p>\n<p><b>Pozrime si v\u00ed\u0165azov na jednotliv\u00fdch tratiach:\u00a0<\/b><\/p>\n<ul>\n<li style=\"font-weight: 400;\" aria-level=\"1\"><span style=\"font-weight: 400;\">Krejzi \u2013 Tom\u00e1\u0161 Vi\u0161\u0148ovsk\u00fd a\u00a0Bianka Baba\u010dov\u00e1<\/span><\/li>\n<li style=\"font-weight: 400;\" aria-level=\"1\"><span style=\"font-weight: 400;\">Lejzi \u2013 Mickael Crispin a\u00a0Janka Keseg \u0160tevkov\u00e1\u00a0<\/span><\/li>\n<li style=\"font-weight: 400;\" aria-level=\"1\"><span style=\"font-weight: 400;\">Senzi \u2013 Filip Gre\u0161 a\u00a0Barbora Heged\u00fa\u0161ov\u00e1<\/span><\/li>\n<li style=\"font-weight: 400;\" aria-level=\"1\"><span style=\"font-weight: 400;\">\u00cdzi \u2013 Peter \u0160olt\u00e9s a\u00a0Martina Hud\u00e1kov\u00e1<\/span><\/li>\n<\/ul>\n<p><span style=\"font-weight: 400;\">Po\u010dasie n\u00e1m mimoriadne prialo a hoci to bolo uprostred leta, teploty n\u00e1s ve\u013emi nepripiekli, a tak to bola doslova odmena. <strong>V\u00fdh\u013eady z vrcholu na Vysok\u00e9 Tatry po\u010das pretekov\u00e9ho tempa s\u00fa celo\u017eivotn\u00fdm z\u00e1\u017eitkom,<\/strong> ktor\u00fd ale patril sk\u00f4r k tomu \u013eah\u0161iemu, \u010do n\u00e1s v ten de\u0148 \u010dakalo. Horal je rozhodne pr\u00e1vom n\u00e1\u0161 naj\u0165a\u017e\u0161\u00ed MTB marat\u00f3n a u\u017e teraz sa te\u0161\u00edm na jeho \u010fal\u0161\u00ed ro\u010dn\u00edk.\u00a0<\/span><\/p>\n<p><span style=\"font-weight: 400;\">V\u0161etky moje pocity z\u00a0vrcholu sez\u00f3ny si m\u00f4\u017eete pre\u010d\u00edta\u0165 v mojej report\u00e1\u017ei:\u00a0<\/span><\/p>\n<div class=\"shortcode-ys-post-pinup\"><article class=\"loop-simple post-19525 post type-post status-publish format-standard has-post-thumbnail hentry category-reportaz category-sbot tag-horal tag-horska-cyklistika tag-jazdenie tag-kralova-hola tag-maraton tag-mtb tag-odporucame tag-reportaz tag-rodinny-maraton tag-sezona-2024 tag-skoda tag-sbot tag-skoda-horal-mtb-maraton tag-slovensko tag-zabava global-categories-cycling\" data-postid=\"19525\" role=\"article\" data-post-id=\"19525\" data-word-count=\"1134\" data-headline-length=\"63\" data-category=\"Report\u00e1\u017e\" data-global-category=\"Cycling\" data-author=\"Erik Horv\u00e1th\" data-published=\"2024-08-14T12:40:40+02:00\" data-published-day=\"Wednesday\">\n    <div class=\"entry-thumbnail article-thumbnail\" content=\"https:\/\/d2p6e6u75xmxt8.cloudfront.net\/4\/2024\/08\/horAL-3-150x150.webp\"><a href=\"https:\/\/www.welovecycling.com\/sk\/2024\/08\/14\/reportaz-skoda-horal-mtb-maraton-vrchol-letnej-sezony\/\" class=\"image-holder\" target=\"_self\"><img decoding=\"async\" loading=\"lazy\" class=\"\" src=\"https:\/\/d2p6e6u75xmxt8.cloudfront.net\/4\/2024\/08\/horAL-3.webp\" srcset=\"https:\/\/d2p6e6u75xmxt8.cloudfront.net\/4\/2024\/08\/horAL-3.webp 990w, https:\/\/d2p6e6u75xmxt8.cloudfront.net\/4\/2024\/08\/horAL-3-300x200.webp 300w, https:\/\/d2p6e6u75xmxt8.cloudfront.net\/4\/2024\/08\/horAL-3-768x512.webp 768w, https:\/\/d2p6e6u75xmxt8.cloudfront.net\/4\/2024\/08\/horAL-3-400x267.webp 400w, https:\/\/d2p6e6u75xmxt8.cloudfront.net\/4\/2024\/08\/horAL-3-272x182.webp 272w\" width=\"990\" height=\"660\" sizes=\"auto, (min-width: 1200px) 300px, (min-width: 768px) 25vw, 100vw\" alt=\"reportaz-skoda-horal-mtb-maraton-vrchol-letnej-sezony\"\/><\/a><\/div>    <div class=\"entry-meta\">\n        <a class=\"label label-secondary post-category\" href=\"https:\/\/www.welovecycling.com\/sk\/category\/sbot\/reportaz\/\" title=\"Report\u00e1\u017e\">Report\u00e1\u017e<\/a>\n    <\/div>\n    <div class=\"entry-details\">\n        <a href=\"https:\/\/www.welovecycling.com\/sk\/2024\/08\/14\/reportaz-skoda-horal-mtb-maraton-vrchol-letnej-sezony\/\" class='entry-title-wrapper'>\n            <h3 class=\"entry-title\"><span>Report\u00e1\u017e: \u0160koda Horal MTB marat\u00f3n \u2013 vrchol letnej sez\u00f3ny<\/span><\/h3>\n        <\/a>\n    <\/div>\n    <\/article>\n<\/div>\n<p><img loading=\"lazy\" decoding=\"async\" class=\"alignnone wp-image-19829 size-full\" src=\"https:\/\/d2p6e6u75xmxt8.cloudfront.net\/4\/2024\/11\/sbot-5.webp\" alt=\"\u0160koda Bike Open Tour 2024\" width=\"990\" height=\"660\" srcset=\"https:\/\/d2p6e6u75xmxt8.cloudfront.net\/4\/2024\/11\/sbot-5.webp 990w, https:\/\/d2p6e6u75xmxt8.cloudfront.net\/4\/2024\/11\/sbot-5-300x200.webp 300w, https:\/\/d2p6e6u75xmxt8.cloudfront.net\/4\/2024\/11\/sbot-5-768x512.webp 768w, https:\/\/d2p6e6u75xmxt8.cloudfront.net\/4\/2024\/11\/sbot-5-400x267.webp 400w, https:\/\/d2p6e6u75xmxt8.cloudfront.net\/4\/2024\/11\/sbot-5-272x182.webp 272w\" sizes=\"auto, (max-width: 990px) 100vw, 990px\" \/><\/p>\n<h2><b>\u0160koda MTB cyklomarat\u00f3n Topo\u013e\u010dianky<\/b><\/h2>\n<p><span style=\"font-weight: 400;\">Predposledn\u00fd marat\u00f3n n\u00e1s priv\u00edtal v\u00a0bl\u00edzkosti ne\u010falek\u00e9ho \u017ereb\u010d\u00edna. P\u00f4vodn\u00fd term\u00edn sa kv\u00f4li moru o\u0161\u00edpan\u00fdch v\u00a0okolit\u00fdch lesoch musel presun\u00fa\u0165 na tro\u0161ku netradi\u010dn\u00fd sviato\u010dn\u00fd de\u0148 vo \u0161tvrtok. Nikomu to ale nevadilo, nako\u013eko t\u00e1to tra\u0165 patr\u00ed medzi moje ob\u013e\u00faben\u00e9.<\/span><\/p>\n<p><img loading=\"lazy\" decoding=\"async\" class=\"alignnone wp-image-19830 size-full\" src=\"https:\/\/d2p6e6u75xmxt8.cloudfront.net\/4\/2024\/11\/sbot-2a.webp\" alt=\"\u0160koda MTB cyklomarat\u00f3n Topo\u013e\u010dianky 2024\" width=\"990\" height=\"660\" srcset=\"https:\/\/d2p6e6u75xmxt8.cloudfront.net\/4\/2024\/11\/sbot-2a.webp 990w, https:\/\/d2p6e6u75xmxt8.cloudfront.net\/4\/2024\/11\/sbot-2a-300x200.webp 300w, https:\/\/d2p6e6u75xmxt8.cloudfront.net\/4\/2024\/11\/sbot-2a-768x512.webp 768w, https:\/\/d2p6e6u75xmxt8.cloudfront.net\/4\/2024\/11\/sbot-2a-400x267.webp 400w, https:\/\/d2p6e6u75xmxt8.cloudfront.net\/4\/2024\/11\/sbot-2a-272x182.webp 272w\" sizes=\"auto, (max-width: 990px) 100vw, 990px\" \/><\/p>\n<p><span style=\"font-weight: 400;\"><strong>Hne\u010f v\u00a0jej \u00favode sa pretek\u00e1ri mohli popasova\u0165 o\u00a0titul na \u010dasovke kr\u00e1\u013ea a\u00a0kr\u00e1\u013eovnej hradu Hru\u0161ov.<\/strong> N\u00e1s pomal\u0161\u00edch potom \u010dakala technicky n\u00e1ro\u010dnej\u0161ia tra\u0165, kde nech\u00fdbali strm\u00e9 st\u00fapania, ktor\u00e9 po\u010das takmer najteplej\u0161\u00edch dn\u00ed tohto leta \u010derpali ka\u017ed\u00fa kvapku vody vo f\u013ea\u0161iach. Schova\u0165 sme sa ale mohli v\u00a0kr\u00e1snych singloch, ktor\u00e9 s\u00fa tu tie\u017e l\u00e1kadlom.\u00a0<\/span><\/p>\n<p><b>Pozrime si v\u00ed\u0165azov na jednotliv\u00fdch tratiach:\u00a0<\/b><\/p>\n<ul>\n<li style=\"font-weight: 400;\" aria-level=\"1\"><span style=\"font-weight: 400;\">Dlh\u00e1 tra\u0165 \u2013 Tom\u00e1\u0161 Vi\u0161\u0148ovsk\u00fd a\u00a0Janka Keseg \u0160tevkov\u00e1\u00a0<\/span><\/li>\n<li style=\"font-weight: 400;\" aria-level=\"1\"><span style=\"font-weight: 400;\">Stredn\u00e1 tra\u0165\u2013 R\u00f3bert Navr\u00e1til a\u00a0Slavom\u00edra Uli\u010dn\u00e1\u00a0<\/span><\/li>\n<li style=\"font-weight: 400;\" aria-level=\"1\"><span style=\"font-weight: 400;\">Kr\u00e1tka tra\u0165 \u2013 Milan H\u00fasenica a Miriam \u0160ichtov\u00e1<\/span><\/li>\n<\/ul>\n<p><img loading=\"lazy\" decoding=\"async\" class=\"alignnone size-full wp-image-19831\" src=\"https:\/\/d2p6e6u75xmxt8.cloudfront.net\/4\/2024\/11\/sbot-3.webp\" alt=\"\" width=\"990\" height=\"660\" srcset=\"https:\/\/d2p6e6u75xmxt8.cloudfront.net\/4\/2024\/11\/sbot-3.webp 990w, https:\/\/d2p6e6u75xmxt8.cloudfront.net\/4\/2024\/11\/sbot-3-300x200.webp 300w, https:\/\/d2p6e6u75xmxt8.cloudfront.net\/4\/2024\/11\/sbot-3-768x512.webp 768w, https:\/\/d2p6e6u75xmxt8.cloudfront.net\/4\/2024\/11\/sbot-3-400x267.webp 400w, https:\/\/d2p6e6u75xmxt8.cloudfront.net\/4\/2024\/11\/sbot-3-272x182.webp 272w\" sizes=\"auto, (max-width: 990px) 100vw, 990px\" \/><\/p>\n<p><span style=\"font-weight: 400;\">Toto bol marat\u00f3n, kde som vyu\u017e\u00edval ka\u017ed\u00fd bufet na doplnenie vody a\u00a0energie. Ja ale extr\u00e9mne teploty dok\u00e1\u017eem celkom dobre zn\u00e1\u0161a\u0165 a\u00a0podarilo sa mi medziro\u010dne vylep\u0161i\u0165 si \u010das o\u00a016 min\u00fat na celkovo 3 hodiny a 26 min\u00fat. <strong>Nako\u013eko bolo aj ve\u013ek\u00e9 sucho, tak sme do cie\u013ea pri\u0161li rozhodne viac zapr\u00e1\u0161en\u00ed, ako je zdrav\u00e9. \ud83d\ude42\u00a0<\/strong><\/span><\/p>\n<p><span style=\"font-weight: 400;\">Ako zn\u00e1\u0161al technick\u00e9 jazdenie a\u00a0vysok\u00e9 teploty Mat\u00fa\u0161 Guzy a\u00a0WLRMcc, si m\u00f4\u017eete pre\u010d\u00edta\u0165 v jeho report\u00e1\u017ei:<\/span><\/p>\n<div class=\"shortcode-ys-post-pinup\"><article class=\"loop-simple post-19622 post type-post status-publish format-standard has-post-thumbnail hentry category-reportaz category-sbot tag-horska-cyklistika tag-leto tag-maraton tag-mtb tag-odporucame tag-podujatia tag-preteky tag-reportaz tag-sezona-2024 tag-skoda tag-sbot global-categories-cycling\" data-postid=\"19622\" role=\"article\" data-post-id=\"19622\" data-word-count=\"915\" data-headline-length=\"108\" data-category=\"Report\u00e1\u017e\" data-global-category=\"Cycling\" data-author=\"Mat\u00fa\u0161 Guzy a WLRMcc\" data-published=\"2024-09-03T15:00:38+02:00\" data-published-day=\"Tuesday\">\n    <div class=\"entry-thumbnail article-thumbnail\" content=\"https:\/\/d2p6e6u75xmxt8.cloudfront.net\/4\/2024\/09\/selekt_mtbskoda_topolcianky_8-150x150.webp\"><a href=\"https:\/\/www.welovecycling.com\/sk\/2024\/09\/03\/reportaz-skoda-mtb-cyklomaraton-topolcianky-hrave-a-technicke-jazdenie-v-extremnych-teplotach\/\" class=\"image-holder\" target=\"_self\"><img decoding=\"async\" loading=\"lazy\" class=\"\" src=\"https:\/\/d2p6e6u75xmxt8.cloudfront.net\/4\/2024\/09\/selekt_mtbskoda_topolcianky_8.webp\" srcset=\"https:\/\/d2p6e6u75xmxt8.cloudfront.net\/4\/2024\/09\/selekt_mtbskoda_topolcianky_8.webp 990w, https:\/\/d2p6e6u75xmxt8.cloudfront.net\/4\/2024\/09\/selekt_mtbskoda_topolcianky_8-300x200.webp 300w, https:\/\/d2p6e6u75xmxt8.cloudfront.net\/4\/2024\/09\/selekt_mtbskoda_topolcianky_8-768x512.webp 768w, https:\/\/d2p6e6u75xmxt8.cloudfront.net\/4\/2024\/09\/selekt_mtbskoda_topolcianky_8-400x267.webp 400w, https:\/\/d2p6e6u75xmxt8.cloudfront.net\/4\/2024\/09\/selekt_mtbskoda_topolcianky_8-272x182.webp 272w\" width=\"990\" height=\"660\" sizes=\"auto, (min-width: 1200px) 300px, (min-width: 768px) 25vw, 100vw\" alt=\"reportaz-skoda-mtb-cyklomaraton-topolcianky-hrave-a-technicke-jazdenie-v-extremnych-teplotach\"\/><\/a><\/div>    <div class=\"entry-meta\">\n        <a class=\"label label-secondary post-category\" href=\"https:\/\/www.welovecycling.com\/sk\/category\/sbot\/reportaz\/\" title=\"Report\u00e1\u017e\">Report\u00e1\u017e<\/a>\n    <\/div>\n    <div class=\"entry-details\">\n        <a href=\"https:\/\/www.welovecycling.com\/sk\/2024\/09\/03\/reportaz-skoda-mtb-cyklomaraton-topolcianky-hrave-a-technicke-jazdenie-v-extremnych-teplotach\/\" class='entry-title-wrapper'>\n            <h3 class=\"entry-title\"><span>Report\u00e1\u017e: \u0160koda MTB Cyklomarat\u00f3n Topo\u013e\u010dianky \u2013 hrav\u00e9 a technick\u00e9 jazdenie v extr\u00e9mnych teplot\u00e1ch<\/span><\/h3>\n        <\/a>\n    <\/div>\n    <\/article>\n<\/div>\n<p><img loading=\"lazy\" decoding=\"async\" class=\"alignnone size-full wp-image-19832\" src=\"https:\/\/d2p6e6u75xmxt8.cloudfront.net\/4\/2024\/11\/sbot-2.webp\" alt=\"\" width=\"990\" height=\"660\" srcset=\"https:\/\/d2p6e6u75xmxt8.cloudfront.net\/4\/2024\/11\/sbot-2.webp 990w, https:\/\/d2p6e6u75xmxt8.cloudfront.net\/4\/2024\/11\/sbot-2-300x200.webp 300w, https:\/\/d2p6e6u75xmxt8.cloudfront.net\/4\/2024\/11\/sbot-2-768x512.webp 768w, https:\/\/d2p6e6u75xmxt8.cloudfront.net\/4\/2024\/11\/sbot-2-400x267.webp 400w, https:\/\/d2p6e6u75xmxt8.cloudfront.net\/4\/2024\/11\/sbot-2-272x182.webp 272w\" sizes=\"auto, (max-width: 990px) 100vw, 990px\" \/><\/p>\n<h2><b>\u0160koda MTB marat\u00f3n Stupava<\/b><\/h2>\n<p><span style=\"font-weight: 400;\">Posledn\u00e9 kolo zakon\u010d\u00edme v\u00a0mojom dom\u00e1com prostred\u00ed, tento raz ale na druhej strane Karp\u00e1t v\u00a0Stupave. Term\u00edn sa n\u00e1m musel op\u00e4\u0165 pos\u00fava\u0165, nako\u013eko na\u0161e \u00fazemie su\u017eovali siln\u00e9 a\u00a0extr\u00e9mne da\u017ede, na ktor\u00e9 si budeme musie\u0165 zvyka\u0165, \u017eia\u013e, asi \u010dastej\u0161ie. <strong>Z\u00a0extr\u00e9mne hor\u00facich dn\u00ed sme sa presunuli do takmer jesenn\u00e9ho po\u010dasia.<\/strong> R\u00e1no boli Karpaty zahalen\u00e9 e\u0161te v\u00a0hmle a\u00a0\u010dakali n\u00e1s preva\u017en\u00e9 mokr\u00e9 a\u00a0blatist\u00e9 podmienky, ale aspo\u0148 pod l\u00fa\u010dmi tepl\u00e9ho slnie\u010dka.\u00a0<\/span><\/p>\n<p><img loading=\"lazy\" decoding=\"async\" class=\"alignnone wp-image-19833 size-full\" src=\"https:\/\/d2p6e6u75xmxt8.cloudfront.net\/4\/2024\/11\/sbot-10.webp\" alt=\"\u0160koda MTB marat\u00f3n Stupava 2024\" width=\"990\" height=\"660\" srcset=\"https:\/\/d2p6e6u75xmxt8.cloudfront.net\/4\/2024\/11\/sbot-10.webp 990w, https:\/\/d2p6e6u75xmxt8.cloudfront.net\/4\/2024\/11\/sbot-10-300x200.webp 300w, https:\/\/d2p6e6u75xmxt8.cloudfront.net\/4\/2024\/11\/sbot-10-768x512.webp 768w, https:\/\/d2p6e6u75xmxt8.cloudfront.net\/4\/2024\/11\/sbot-10-400x267.webp 400w, https:\/\/d2p6e6u75xmxt8.cloudfront.net\/4\/2024\/11\/sbot-10-272x182.webp 272w\" sizes=\"auto, (max-width: 990px) 100vw, 990px\" \/><\/p>\n<p><b>Pozrime si v\u00ed\u0165azov na jednotliv\u00fdch tratiach:\u00a0<\/b><\/p>\n<ul>\n<li style=\"font-weight: 400;\" aria-level=\"1\"><span style=\"font-weight: 400;\">Dlh\u00e1 tra\u0165 \u2013 Tom\u00e1\u0161 Vi\u0161\u0148ovsk\u00fd a\u00a0Janka Keseg \u0160tevkov\u00e1\u00a0<\/span><\/li>\n<li style=\"font-weight: 400;\" aria-level=\"1\"><span style=\"font-weight: 400;\">Stredn\u00e1 tra\u0165\u2013 Peter \u010cervenec a\u00a0Bianka Baba\u010dov\u00e1\u00a0<\/span><\/li>\n<li style=\"font-weight: 400;\" aria-level=\"1\"><span style=\"font-weight: 400;\">Kr\u00e1tka tra\u0165 \u2013 Marian Miklu\u0161ek a\u00a0Stella \u0160imonov\u00e1<\/span><\/li>\n<\/ul>\n<p><span style=\"font-weight: 400;\">Tra\u0165 bola r\u00fdchla, technick\u00fa n\u00e1ro\u010dnos\u0165 jej sk\u00f4r prid\u00e1vali podmo\u010den\u00e9 miesta, kde bolo treba zv\u00fd\u0161i\u0165 opatrnos\u0165. Na dlhej trati som str\u00e1vil viac \u010dasu ako minul\u00fd rok, hoci som pod\u00e1val lep\u0161\u00ed v\u00fdkon. Celkovej kond\u00edcii u\u017e nepomohlo ani mal\u00e9 prechladnutie, ktor\u00e9 ma potr\u00e1pilo t\u00fd\u017ede\u0148 pred pretekmi. <strong>Blato na 80 km dok\u00e1\u017ee zobra\u0165 naozaj zna\u010dn\u00fa \u010das\u0165 energie a\u00a0cite\u013ene spoma\u013euje.<\/strong> Tra\u0165 sa mi podarilo zdola\u0165 s \u010dasom 4 hodiny a 19 min\u00fat, ale videl som, \u017ee u\u017e nie som v\u00a0najlep\u0161ej forme a\u00a0bol to pre m\u0148a tak\u00fd mal\u00fd boj.\u00a0<\/span><\/p>\n<p><img loading=\"lazy\" decoding=\"async\" class=\"alignnone wp-image-19834 size-full\" src=\"https:\/\/d2p6e6u75xmxt8.cloudfront.net\/4\/2024\/11\/sbot-11.webp\" alt=\"\u0160koda Bike Open Tour 2024\" width=\"990\" height=\"660\" srcset=\"https:\/\/d2p6e6u75xmxt8.cloudfront.net\/4\/2024\/11\/sbot-11.webp 990w, https:\/\/d2p6e6u75xmxt8.cloudfront.net\/4\/2024\/11\/sbot-11-300x200.webp 300w, https:\/\/d2p6e6u75xmxt8.cloudfront.net\/4\/2024\/11\/sbot-11-768x512.webp 768w, https:\/\/d2p6e6u75xmxt8.cloudfront.net\/4\/2024\/11\/sbot-11-400x267.webp 400w, https:\/\/d2p6e6u75xmxt8.cloudfront.net\/4\/2024\/11\/sbot-11-272x182.webp 272w\" sizes=\"auto, (max-width: 990px) 100vw, 990px\" \/><\/p>\n<p><span style=\"font-weight: 400;\">Osobne som si cel\u00fa s\u00e9riu \u00faprimne naozaj u\u017eil. Nikde nech\u00fdbalo kvalitn\u00e9 z\u00e1zemie s\u00a0bohat\u00fdm programom pre v\u0161etky vekov\u00e9 skupiny. Ob\u010derstvenie v\u00a0cie\u013eoch, sprchy alebo um\u00fdvanie a\u00a0\u00faschov\u0148a bicyklov boli samozrejmos\u0165ou. Nem\u00f4\u017eem zabudn\u00fa\u0165 ani na v\u017edy pestr\u00fa a\u00a0bohat\u00fa tombolu a\u00a0ceny pre s\u00fa\u0165a\u017eiacich. <strong>V\u017edy tu spozn\u00e1m nov\u00fdch priate\u013eov, za\u017eijem nov\u00e9 sk\u00fasenosti a\u00a0mnohokr\u00e1t neopakovate\u013en\u00e9 z\u00e1\u017eitky.\u00a0<\/strong><\/span><\/p>\n<div id='gallery-1' class='gallery galleryid-19622 gallery-columns-2 gallery-size-full'><figure class='gallery-item'>\n\t\t\t<div class='gallery-icon landscape'>\n\t\t\t\t<a href='https:\/\/d2p6e6u75xmxt8.cloudfront.net\/4\/2024\/11\/sbot-7.webp'><img loading=\"lazy\" decoding=\"async\" width=\"990\" height=\"660\" src=\"https:\/\/d2p6e6u75xmxt8.cloudfront.net\/4\/2024\/11\/sbot-7.webp\" class=\"attachment-full size-full\" alt=\"\u0160koda Bike Open Tour 2024\" srcset=\"https:\/\/d2p6e6u75xmxt8.cloudfront.net\/4\/2024\/11\/sbot-7.webp 990w, https:\/\/d2p6e6u75xmxt8.cloudfront.net\/4\/2024\/11\/sbot-7-300x200.webp 300w, https:\/\/d2p6e6u75xmxt8.cloudfront.net\/4\/2024\/11\/sbot-7-768x512.webp 768w, https:\/\/d2p6e6u75xmxt8.cloudfront.net\/4\/2024\/11\/sbot-7-400x267.webp 400w, https:\/\/d2p6e6u75xmxt8.cloudfront.net\/4\/2024\/11\/sbot-7-272x182.webp 272w\" sizes=\"auto, (max-width: 990px) 100vw, 990px\" \/><\/a>\n\t\t\t<\/div><\/figure><figure class='gallery-item'>\n\t\t\t<div class='gallery-icon landscape'>\n\t\t\t\t<a href='https:\/\/d2p6e6u75xmxt8.cloudfront.net\/4\/2024\/11\/sbot-9.webp'><img loading=\"lazy\" decoding=\"async\" width=\"990\" height=\"660\" src=\"https:\/\/d2p6e6u75xmxt8.cloudfront.net\/4\/2024\/11\/sbot-9.webp\" class=\"attachment-full size-full\" alt=\"\" srcset=\"https:\/\/d2p6e6u75xmxt8.cloudfront.net\/4\/2024\/11\/sbot-9.webp 990w, https:\/\/d2p6e6u75xmxt8.cloudfront.net\/4\/2024\/11\/sbot-9-300x200.webp 300w, https:\/\/d2p6e6u75xmxt8.cloudfront.net\/4\/2024\/11\/sbot-9-768x512.webp 768w, https:\/\/d2p6e6u75xmxt8.cloudfront.net\/4\/2024\/11\/sbot-9-400x267.webp 400w, https:\/\/d2p6e6u75xmxt8.cloudfront.net\/4\/2024\/11\/sbot-9-272x182.webp 272w\" sizes=\"auto, (max-width: 990px) 100vw, 990px\" \/><\/a>\n\t\t\t<\/div><\/figure>\n\t\t<\/div>\n\n<p><span style=\"font-weight: 400;\">Nezost\u00e1va mi ni\u010d in\u00e9 len sa po\u010fakova\u0165, \u017ee som mal mo\u017enos\u0165 sa na tomto podujat\u00ed z\u00fa\u010dastni\u0165. A\u00a0teraz za\u010d\u00ednam tr\u00e9nova\u0165 na sez\u00f3nu 2025, preto\u017ee ako spr\u00e1vny pretek\u00e1r m\u00e1m amb\u00edcie zase o\u00a0latku vy\u0161\u0161ie. \ud83d\ude42<\/span><\/p>\n<p><span style=\"font-weight: 400;\">Zdroj fotografi\u00ed: Peter Regec, arch\u00edv WLRMcc, arch\u00edv autora<\/span><\/p>\n","protected":false},"excerpt":{"rendered":"<p>Jeden\u00e1sty ro\u010dn\u00edk popul\u00e1rnej s\u00e9rie \u0160koda Bike Open Tour priniesol nov\u00e9 \u0161portov\u00e9 z\u00e1\u017eitky, \u010fal\u0161ie stovky prejazden\u00fdch kilometrov, nast\u00fapan\u00fdch nieko\u013eko tis\u00edc metrov [&hellip;]<\/p>\n","protected":false},"author":172,"featured_media":19841,"comment_status":"closed","ping_status":"closed","sticky":false,"template":"","format":"standard","meta":{"footnotes":""},"categories":[33],"tags":[546,53,180,532,178,767,412,931,179,39,474,1615,542,35,523,1099],"global-categories":[1074],"class_list":["post-19820","post","type-post","status-publish","format-standard","has-post-thumbnail","hentry","category-sbot","tag-cyklistika","tag-deti","tag-horska-cyklistika","tag-jazdenie","tag-maraton","tag-motivacia","tag-mtb","tag-odporucame","tag-preteky","tag-reportaz","tag-rodinny-maraton","tag-sezona-2024","tag-skoda","tag-sbot","tag-slovensko","tag-vysledok","global-categories-cycling"],"yoast_head":"<!-- This site is optimized with the Yoast SEO Premium plugin v25.3 (Yoast SEO v25.9) - https:\/\/yoast.com\/wordpress\/plugins\/seo\/ -->\n<title>\u0160koda Bike Open Tour 2024 \u2013 op\u00e4\u0165 nezabudnute\u013en\u00e1 s\u00e9ria so skvel\u00fdmi v\u00fdkonmi<\/title>\n<meta name=\"description\" content=\"11. ro\u010dn\u00edk \u0160koda Bike Open Tour priniesol nov\u00e9 z\u00e1\u017eitky, stovky prejazden\u00fdch kilometrov, nast\u00fapan\u00fdch nieko\u013eko tis\u00edc metrov a osobn\u00e9 boje.\" \/>\n<meta name=\"robots\" content=\"index, follow, max-snippet:-1, max-image-preview:large, max-video-preview:-1\" \/>\n<link rel=\"canonical\" href=\"https:\/\/www.welovecycling.com\/sk\/2024\/11\/04\/skoda-bike-open-tour-2024-opat-nezabudnutelna-seria-so-skvelymi-vykonmi\/\" \/>\n<meta property=\"og:locale\" content=\"sk_SK\" \/>\n<meta property=\"og:type\" content=\"article\" \/>\n<meta property=\"og:title\" content=\"\u0160koda Bike Open Tour 2024 \u2013 op\u00e4\u0165 nezabudnute\u013en\u00e1 s\u00e9ria so skvel\u00fdmi v\u00fdkonmi\" \/>\n<meta property=\"og:description\" content=\"11. ro\u010dn\u00edk \u0160koda Bike Open Tour priniesol nov\u00e9 z\u00e1\u017eitky, stovky prejazden\u00fdch kilometrov, nast\u00fapan\u00fdch nieko\u013eko tis\u00edc metrov a osobn\u00e9 boje.\" \/>\n<meta property=\"og:url\" content=\"https:\/\/www.welovecycling.com\/sk\/2024\/11\/04\/skoda-bike-open-tour-2024-opat-nezabudnutelna-seria-so-skvelymi-vykonmi\/\" \/>\n<meta property=\"og:site_name\" content=\"\u0160koda We Love Cycling Slovensko\" \/>\n<meta property=\"article:published_time\" content=\"2024-11-04T12:08:15+00:00\" \/>\n<meta property=\"article:modified_time\" content=\"2024-11-04T12:10:13+00:00\" \/>\n<meta property=\"og:image\" content=\"https:\/\/d2p6e6u75xmxt8.cloudfront.net\/4\/2024\/11\/sbot_2024_titulka.webp\" \/>\n\t<meta property=\"og:image:width\" content=\"990\" \/>\n\t<meta property=\"og:image:height\" content=\"660\" \/>\n\t<meta property=\"og:image:type\" content=\"image\/webp\" \/>\n<meta name=\"author\" content=\"dominika\" \/>\n<meta name=\"twitter:card\" content=\"summary_large_image\" \/>\n<meta name=\"twitter:label1\" content=\"Written by\" \/>\n\t<meta name=\"twitter:data1\" content=\"Mat\u00fa\u0161 Guzy a WLRMcc\" \/>\n\t<meta name=\"twitter:label2\" content=\"Est. reading time\" \/>\n\t<meta name=\"twitter:data2\" content=\"7\" \/>\n<script type=\"application\/ld+json\" class=\"yoast-schema-graph\">{\"@context\":\"https:\/\/schema.org\",\"@graph\":[{\"@type\":\"WebPage\",\"@id\":\"https:\/\/www.welovecycling.com\/sk\/2024\/11\/04\/skoda-bike-open-tour-2024-opat-nezabudnutelna-seria-so-skvelymi-vykonmi\/\",\"url\":\"https:\/\/www.welovecycling.com\/sk\/2024\/11\/04\/skoda-bike-open-tour-2024-opat-nezabudnutelna-seria-so-skvelymi-vykonmi\/\",\"name\":\"\u0160koda Bike Open Tour 2024 \u2013 op\u00e4\u0165 nezabudnute\u013en\u00e1 s\u00e9ria so skvel\u00fdmi v\u00fdkonmi\",\"isPartOf\":{\"@id\":\"https:\/\/www.welovecycling.com\/sk\/#website\"},\"primaryImageOfPage\":{\"@id\":\"https:\/\/www.welovecycling.com\/sk\/2024\/11\/04\/skoda-bike-open-tour-2024-opat-nezabudnutelna-seria-so-skvelymi-vykonmi\/#primaryimage\"},\"image\":{\"@id\":\"https:\/\/www.welovecycling.com\/sk\/2024\/11\/04\/skoda-bike-open-tour-2024-opat-nezabudnutelna-seria-so-skvelymi-vykonmi\/#primaryimage\"},\"thumbnailUrl\":\"https:\/\/d2p6e6u75xmxt8.cloudfront.net\/4\/2024\/11\/sbot_2024_titulka.webp\",\"datePublished\":\"2024-11-04T12:08:15+00:00\",\"dateModified\":\"2024-11-04T12:10:13+00:00\",\"author\":{\"@id\":\"https:\/\/www.welovecycling.com\/sk\/#\/schema\/person\/533b62b98b6c41bd5135ebfb1f742624\"},\"description\":\"11. ro\u010dn\u00edk \u0160koda Bike Open Tour priniesol nov\u00e9 z\u00e1\u017eitky, stovky prejazden\u00fdch kilometrov, nast\u00fapan\u00fdch nieko\u013eko tis\u00edc metrov a osobn\u00e9 boje.\",\"breadcrumb\":{\"@id\":\"https:\/\/www.welovecycling.com\/sk\/2024\/11\/04\/skoda-bike-open-tour-2024-opat-nezabudnutelna-seria-so-skvelymi-vykonmi\/#breadcrumb\"},\"inLanguage\":\"sk-SK\",\"potentialAction\":[{\"@type\":\"ReadAction\",\"target\":[\"https:\/\/www.welovecycling.com\/sk\/2024\/11\/04\/skoda-bike-open-tour-2024-opat-nezabudnutelna-seria-so-skvelymi-vykonmi\/\"]}]},{\"@type\":\"ImageObject\",\"inLanguage\":\"sk-SK\",\"@id\":\"https:\/\/www.welovecycling.com\/sk\/2024\/11\/04\/skoda-bike-open-tour-2024-opat-nezabudnutelna-seria-so-skvelymi-vykonmi\/#primaryimage\",\"url\":\"https:\/\/d2p6e6u75xmxt8.cloudfront.net\/4\/2024\/11\/sbot_2024_titulka.webp\",\"contentUrl\":\"https:\/\/d2p6e6u75xmxt8.cloudfront.net\/4\/2024\/11\/sbot_2024_titulka.webp\",\"width\":990,\"height\":660},{\"@type\":\"BreadcrumbList\",\"@id\":\"https:\/\/www.welovecycling.com\/sk\/2024\/11\/04\/skoda-bike-open-tour-2024-opat-nezabudnutelna-seria-so-skvelymi-vykonmi\/#breadcrumb\",\"itemListElement\":[{\"@type\":\"ListItem\",\"position\":1,\"name\":\"Home\",\"item\":\"https:\/\/www.welovecycling.com\/sk\/\"},{\"@type\":\"ListItem\",\"position\":2,\"name\":\"\u0160koda Bike Open Tour 2024 \u2013 op\u00e4\u0165 nezabudnute\u013en\u00e1 s\u00e9ria so skvel\u00fdmi v\u00fdkonmi\"}]},{\"@type\":\"WebSite\",\"@id\":\"https:\/\/www.welovecycling.com\/sk\/#website\",\"url\":\"https:\/\/www.welovecycling.com\/sk\/\",\"name\":\"\u0160koda We Love Cycling Slovensko\",\"description\":\"\u0160koda We Love Cycling Slovensko je v\u00e1\u0161 ka\u017edodenn\u00fd zdroj noviniek a in\u0161pir\u00e1cie z sveta cyklistiky\",\"potentialAction\":[{\"@type\":\"SearchAction\",\"target\":{\"@type\":\"EntryPoint\",\"urlTemplate\":\"https:\/\/www.welovecycling.com\/sk\/?s={search_term_string}\"},\"query-input\":{\"@type\":\"PropertyValueSpecification\",\"valueRequired\":true,\"valueName\":\"search_term_string\"}}],\"inLanguage\":\"sk-SK\"},{\"@type\":\"Person\",\"@id\":\"https:\/\/www.welovecycling.com\/sk\/#\/schema\/person\/533b62b98b6c41bd5135ebfb1f742624\",\"name\":\"dominika\",\"image\":{\"@type\":\"ImageObject\",\"inLanguage\":\"sk-SK\",\"@id\":\"https:\/\/www.welovecycling.com\/sk\/#\/schema\/person\/image\/\",\"url\":\"https:\/\/secure.gravatar.com\/avatar\/ded6f274ba2ec3e17fff153f7d9d96a4b33c2cb63907f75d9a5309c599a7f3e6?s=96&d=mm&r=g\",\"contentUrl\":\"https:\/\/secure.gravatar.com\/avatar\/ded6f274ba2ec3e17fff153f7d9d96a4b33c2cb63907f75d9a5309c599a7f3e6?s=96&d=mm&r=g\",\"caption\":\"dominika\"},\"url\":\"https:\/\/www.welovecycling.com\/sk\/author\/dominika\/\"}]}<\/script>\n<!-- \/ Yoast SEO Premium plugin. -->","yoast_head_json":{"title":"\u0160koda Bike Open Tour 2024 \u2013 op\u00e4\u0165 nezabudnute\u013en\u00e1 s\u00e9ria so skvel\u00fdmi v\u00fdkonmi","description":"11. ro\u010dn\u00edk \u0160koda Bike Open Tour priniesol nov\u00e9 z\u00e1\u017eitky, stovky prejazden\u00fdch kilometrov, nast\u00fapan\u00fdch nieko\u013eko tis\u00edc metrov a osobn\u00e9 boje.","robots":{"index":"index","follow":"follow","max-snippet":"max-snippet:-1","max-image-preview":"max-image-preview:large","max-video-preview":"max-video-preview:-1"},"canonical":"https:\/\/www.welovecycling.com\/sk\/2024\/11\/04\/skoda-bike-open-tour-2024-opat-nezabudnutelna-seria-so-skvelymi-vykonmi\/","og_locale":"sk_SK","og_type":"article","og_title":"\u0160koda Bike Open Tour 2024 \u2013 op\u00e4\u0165 nezabudnute\u013en\u00e1 s\u00e9ria so skvel\u00fdmi v\u00fdkonmi","og_description":"11. ro\u010dn\u00edk \u0160koda Bike Open Tour priniesol nov\u00e9 z\u00e1\u017eitky, stovky prejazden\u00fdch kilometrov, nast\u00fapan\u00fdch nieko\u013eko tis\u00edc metrov a osobn\u00e9 boje.","og_url":"https:\/\/www.welovecycling.com\/sk\/2024\/11\/04\/skoda-bike-open-tour-2024-opat-nezabudnutelna-seria-so-skvelymi-vykonmi\/","og_site_name":"\u0160koda We Love Cycling Slovensko","article_published_time":"2024-11-04T12:08:15+00:00","article_modified_time":"2024-11-04T12:10:13+00:00","og_image":[{"width":990,"height":660,"url":"https:\/\/d2p6e6u75xmxt8.cloudfront.net\/4\/2024\/11\/sbot_2024_titulka.webp","type":"image\/webp"}],"author":"dominika","twitter_card":"summary_large_image","twitter_misc":{"Written by":"Mat\u00fa\u0161 Guzy a WLRMcc","Est. reading time":"7"},"schema":{"@context":"https:\/\/schema.org","@graph":[{"@type":"WebPage","@id":"https:\/\/www.welovecycling.com\/sk\/2024\/11\/04\/skoda-bike-open-tour-2024-opat-nezabudnutelna-seria-so-skvelymi-vykonmi\/","url":"https:\/\/www.welovecycling.com\/sk\/2024\/11\/04\/skoda-bike-open-tour-2024-opat-nezabudnutelna-seria-so-skvelymi-vykonmi\/","name":"\u0160koda Bike Open Tour 2024 \u2013 op\u00e4\u0165 nezabudnute\u013en\u00e1 s\u00e9ria so skvel\u00fdmi v\u00fdkonmi","isPartOf":{"@id":"https:\/\/www.welovecycling.com\/sk\/#website"},"primaryImageOfPage":{"@id":"https:\/\/www.welovecycling.com\/sk\/2024\/11\/04\/skoda-bike-open-tour-2024-opat-nezabudnutelna-seria-so-skvelymi-vykonmi\/#primaryimage"},"image":{"@id":"https:\/\/www.welovecycling.com\/sk\/2024\/11\/04\/skoda-bike-open-tour-2024-opat-nezabudnutelna-seria-so-skvelymi-vykonmi\/#primaryimage"},"thumbnailUrl":"https:\/\/d2p6e6u75xmxt8.cloudfront.net\/4\/2024\/11\/sbot_2024_titulka.webp","datePublished":"2024-11-04T12:08:15+00:00","dateModified":"2024-11-04T12:10:13+00:00","author":{"@id":"https:\/\/www.welovecycling.com\/sk\/#\/schema\/person\/533b62b98b6c41bd5135ebfb1f742624"},"description":"11. ro\u010dn\u00edk \u0160koda Bike Open Tour priniesol nov\u00e9 z\u00e1\u017eitky, stovky prejazden\u00fdch kilometrov, nast\u00fapan\u00fdch nieko\u013eko tis\u00edc metrov a osobn\u00e9 boje.","breadcrumb":{"@id":"https:\/\/www.welovecycling.com\/sk\/2024\/11\/04\/skoda-bike-open-tour-2024-opat-nezabudnutelna-seria-so-skvelymi-vykonmi\/#breadcrumb"},"inLanguage":"sk-SK","potentialAction":[{"@type":"ReadAction","target":["https:\/\/www.welovecycling.com\/sk\/2024\/11\/04\/skoda-bike-open-tour-2024-opat-nezabudnutelna-seria-so-skvelymi-vykonmi\/"]}]},{"@type":"ImageObject","inLanguage":"sk-SK","@id":"https:\/\/www.welovecycling.com\/sk\/2024\/11\/04\/skoda-bike-open-tour-2024-opat-nezabudnutelna-seria-so-skvelymi-vykonmi\/#primaryimage","url":"https:\/\/d2p6e6u75xmxt8.cloudfront.net\/4\/2024\/11\/sbot_2024_titulka.webp","contentUrl":"https:\/\/d2p6e6u75xmxt8.cloudfront.net\/4\/2024\/11\/sbot_2024_titulka.webp","width":990,"height":660},{"@type":"BreadcrumbList","@id":"https:\/\/www.welovecycling.com\/sk\/2024\/11\/04\/skoda-bike-open-tour-2024-opat-nezabudnutelna-seria-so-skvelymi-vykonmi\/#breadcrumb","itemListElement":[{"@type":"ListItem","position":1,"name":"Home","item":"https:\/\/www.welovecycling.com\/sk\/"},{"@type":"ListItem","position":2,"name":"\u0160koda Bike Open Tour 2024 \u2013 op\u00e4\u0165 nezabudnute\u013en\u00e1 s\u00e9ria so skvel\u00fdmi v\u00fdkonmi"}]},{"@type":"WebSite","@id":"https:\/\/www.welovecycling.com\/sk\/#website","url":"https:\/\/www.welovecycling.com\/sk\/","name":"\u0160koda We Love Cycling Slovensko","description":"\u0160koda We Love Cycling Slovensko je v\u00e1\u0161 ka\u017edodenn\u00fd zdroj noviniek a in\u0161pir\u00e1cie z sveta cyklistiky","potentialAction":[{"@type":"SearchAction","target":{"@type":"EntryPoint","urlTemplate":"https:\/\/www.welovecycling.com\/sk\/?s={search_term_string}"},"query-input":{"@type":"PropertyValueSpecification","valueRequired":true,"valueName":"search_term_string"}}],"inLanguage":"sk-SK"},{"@type":"Person","@id":"https:\/\/www.welovecycling.com\/sk\/#\/schema\/person\/533b62b98b6c41bd5135ebfb1f742624","name":"dominika","image":{"@type":"ImageObject","inLanguage":"sk-SK","@id":"https:\/\/www.welovecycling.com\/sk\/#\/schema\/person\/image\/","url":"https:\/\/secure.gravatar.com\/avatar\/ded6f274ba2ec3e17fff153f7d9d96a4b33c2cb63907f75d9a5309c599a7f3e6?s=96&d=mm&r=g","contentUrl":"https:\/\/secure.gravatar.com\/avatar\/ded6f274ba2ec3e17fff153f7d9d96a4b33c2cb63907f75d9a5309c599a7f3e6?s=96&d=mm&r=g","caption":"dominika"},"url":"https:\/\/www.welovecycling.com\/sk\/author\/dominika\/"}]}},"_links":{"self":[{"href":"https:\/\/www.welovecycling.com\/sk\/wp-json\/wp\/v2\/posts\/19820","targetHints":{"allow":["GET"]}}],"collection":[{"href":"https:\/\/www.welovecycling.com\/sk\/wp-json\/wp\/v2\/posts"}],"about":[{"href":"https:\/\/www.welovecycling.com\/sk\/wp-json\/wp\/v2\/types\/post"}],"author":[{"embeddable":true,"href":"https:\/\/www.welovecycling.com\/sk\/wp-json\/wp\/v2\/users\/172"}],"replies":[{"embeddable":true,"href":"https:\/\/www.welovecycling.com\/sk\/wp-json\/wp\/v2\/comments?post=19820"}],"version-history":[{"count":4,"href":"https:\/\/www.welovecycling.com\/sk\/wp-json\/wp\/v2\/posts\/19820\/revisions"}],"predecessor-version":[{"id":19840,"href":"https:\/\/www.welovecycling.com\/sk\/wp-json\/wp\/v2\/posts\/19820\/revisions\/19840"}],"wp:featuredmedia":[{"embeddable":true,"href":"https:\/\/www.welovecycling.com\/sk\/wp-json\/wp\/v2\/media\/19841"}],"wp:attachment":[{"href":"https:\/\/www.welovecycling.com\/sk\/wp-json\/wp\/v2\/media?parent=19820"}],"wp:term":[{"taxonomy":"category","embeddable":true,"href":"https:\/\/www.welovecycling.com\/sk\/wp-json\/wp\/v2\/categories?post=19820"},{"taxonomy":"post_tag","embeddable":true,"href":"https:\/\/www.welovecycling.com\/sk\/wp-json\/wp\/v2\/tags?post=19820"},{"taxonomy":"global-categories","embeddable":true,"href":"https:\/\/www.welovecycling.com\/sk\/wp-json\/wp\/v2\/global-categories?post=19820"}],"curies":[{"name":"wp","href":"https:\/\/api.w.org\/{rel}","templated":true}]}}