{"id":19770,"date":"2024-10-16T14:46:54","date_gmt":"2024-10-16T12:46:54","guid":{"rendered":"https:\/\/www.welovecycling.com\/sk\/?p=19770"},"modified":"2024-10-16T14:55:34","modified_gmt":"2024-10-16T12:55:34","slug":"reportaz-skoda-stupava-mtb-maraton-2024-jesenne-finale-skoda-bike-open-tour-2024","status":"publish","type":"post","link":"https:\/\/www.welovecycling.com\/sk\/2024\/10\/16\/reportaz-skoda-stupava-mtb-maraton-2024-jesenne-finale-skoda-bike-open-tour-2024\/","title":{"rendered":"Report\u00e1\u017e: \u0160koda Stupava MTB marat\u00f3n 2024 &#8211; jesenn\u00e9 fin\u00e1le \u0160koda Bike Open Tour 2024"},"content":{"rendered":"<p><strong>Jesenn\u00e1 verzia \u0160koda Stupava MTB marat\u00f3nu 2024 bola pre mnoh\u00fdch pretek\u00e1rov ne\u010dakanou v\u00fdzvou, a to nielen kv\u00f4li posunut\u00e9mu term\u00ednu.<\/strong><!--more--><\/p>\n<p><span style=\"font-weight: 400;\">Tento ro\u010dn\u00edk sa konal 12. okt\u00f3bra a bol aj posledn\u00fdm podujat\u00edm v r\u00e1mci s\u00e9rie <\/span><b>\u0160koda Bike Open Tour 2024<\/b><span style=\"font-weight: 400;\">, \u010do pre mnoh\u00fdch jazdcov znamenalo aj posledn\u00fa mo\u017enos\u0165 zabojova\u0165 o celkov\u00e9 umiestnenia. Po\u010dasie n\u00e1m s\u00edce doprialo aj slne\u010dn\u00e9 l\u00fa\u010de, ale trate v Mal\u00fdch Karpatoch zostali rozbahnen\u00e9 po ned\u00e1vnych da\u017e\u010foch. O slovo sa prihl\u00e1sil u\u017e aj chladnej\u0161\u00ed okt\u00f3brov\u00fd v\u00e1nok.<\/span><\/p>\n<p><span style=\"font-weight: 400;\">Tak ako to u\u017e b\u00fdva zvykom, aj teraz boli pre pretek\u00e1rov a pretek\u00e1rky pripraven\u00e9 3 marat\u00f3nske trate a 120 m dlh\u00e1 Family tra\u0165 pre rodi\u010dov s de\u0165mi.<\/span><\/p>\n<ul>\n<li><span style=\"font-weight: 400;\">Dlh\u00e1 78 km s prev\u00fd\u0161en\u00edm 1900 m,<\/span><\/li>\n<li><span style=\"font-weight: 400;\">Stredn\u00e1 42 km s prev\u00fd\u0161en\u00edm 950 m<\/span><\/li>\n<li><span style=\"font-weight: 400;\">Kr\u00e1tka 25 km s prev\u00fd\u0161en\u00edm 500 m.\u00a0<\/span><\/li>\n<\/ul>\n<p><img loading=\"lazy\" decoding=\"async\" class=\"alignnone size-full wp-image-19773\" src=\"https:\/\/d2p6e6u75xmxt8.cloudfront.net\/4\/2024\/10\/stupava_wlc-2.webp\" alt=\"\u0160koda Stupava MTB marat\u00f3n 2024\" width=\"990\" height=\"660\" srcset=\"https:\/\/d2p6e6u75xmxt8.cloudfront.net\/4\/2024\/10\/stupava_wlc-2.webp 990w, https:\/\/d2p6e6u75xmxt8.cloudfront.net\/4\/2024\/10\/stupava_wlc-2-300x200.webp 300w, https:\/\/d2p6e6u75xmxt8.cloudfront.net\/4\/2024\/10\/stupava_wlc-2-768x512.webp 768w, https:\/\/d2p6e6u75xmxt8.cloudfront.net\/4\/2024\/10\/stupava_wlc-2-400x267.webp 400w, https:\/\/d2p6e6u75xmxt8.cloudfront.net\/4\/2024\/10\/stupava_wlc-2-272x182.webp 272w\" sizes=\"auto, (max-width: 990px) 100vw, 990px\" \/><\/p>\n<h2><b>N\u00e1strahy pr\u00edrody a zmeny na posledn\u00fa chv\u00ed\u013eu<\/b><\/h2>\n<p><span style=\"font-weight: 400;\">Ak ste si mysleli, \u017ee jesenn\u00e1 verzia marat\u00f3nu bude na rozdiel od rozp\u00e1len\u00fdch <\/span><a href=\"https:\/\/www.welovecycling.com\/sk\/2024\/09\/03\/reportaz-skoda-mtb-cyklomaraton-topolcianky-hrave-a-technicke-jazdenie-v-extremnych-teplotach\/\" target=\"_blank\" rel=\"noopener\"><span style=\"font-weight: 400;\">Topo\u013e\u010dianok<\/span><\/a><span style=\"font-weight: 400;\"> prech\u00e1dzkou ru\u017eov\u00fdm sadom, lesy nad Stupavou v\u00e1s r\u00fdchlo vyviedli z omylu. <strong>Na niektor\u00fdch \u00fasekoch trate bolo treba prenies\u0165 bicykle cez padnut\u00e9 kmene stromov. N\u00e1nosy blata pokryt\u00e9 opadan\u00fdm l\u00edst\u00edm sa v zjazdoch poriadne \u0161m\u00fdkali.<\/strong> <\/span><\/p>\n<p><span style=\"font-weight: 400;\">Medzi pretek\u00e1rmi v cieli sa \u0161u\u0161kalo, \u017ee tie naj\u0165a\u017e\u0161ie pas\u00e1\u017ee neboli ani tak st\u00fapania, ako pr\u00e1ve tieto \u00faseky. A taktie\u017e miesta, kde nespolupracovala navig\u00e1cia a zlyhala orient\u00e1cia.<\/span><\/p>\n<div id='gallery-1' class='gallery galleryid-19770 gallery-columns-2 gallery-size-full'><figure class='gallery-item'>\n\t\t\t<div class='gallery-icon landscape'>\n\t\t\t\t<a href='https:\/\/d2p6e6u75xmxt8.cloudfront.net\/4\/2024\/10\/stupava_wlc-1.webp'><img loading=\"lazy\" decoding=\"async\" width=\"990\" height=\"660\" src=\"https:\/\/d2p6e6u75xmxt8.cloudfront.net\/4\/2024\/10\/stupava_wlc-1.webp\" class=\"attachment-full size-full\" alt=\"\" srcset=\"https:\/\/d2p6e6u75xmxt8.cloudfront.net\/4\/2024\/10\/stupava_wlc-1.webp 990w, https:\/\/d2p6e6u75xmxt8.cloudfront.net\/4\/2024\/10\/stupava_wlc-1-300x200.webp 300w, https:\/\/d2p6e6u75xmxt8.cloudfront.net\/4\/2024\/10\/stupava_wlc-1-768x512.webp 768w, https:\/\/d2p6e6u75xmxt8.cloudfront.net\/4\/2024\/10\/stupava_wlc-1-400x267.webp 400w, https:\/\/d2p6e6u75xmxt8.cloudfront.net\/4\/2024\/10\/stupava_wlc-1-272x182.webp 272w\" sizes=\"auto, (max-width: 990px) 100vw, 990px\" \/><\/a>\n\t\t\t<\/div><\/figure><figure class='gallery-item'>\n\t\t\t<div class='gallery-icon landscape'>\n\t\t\t\t<a href='https:\/\/d2p6e6u75xmxt8.cloudfront.net\/4\/2024\/10\/stupava_wlc-9.webp'><img loading=\"lazy\" decoding=\"async\" width=\"990\" height=\"660\" src=\"https:\/\/d2p6e6u75xmxt8.cloudfront.net\/4\/2024\/10\/stupava_wlc-9.webp\" class=\"attachment-full size-full\" alt=\"\" srcset=\"https:\/\/d2p6e6u75xmxt8.cloudfront.net\/4\/2024\/10\/stupava_wlc-9.webp 990w, https:\/\/d2p6e6u75xmxt8.cloudfront.net\/4\/2024\/10\/stupava_wlc-9-300x200.webp 300w, https:\/\/d2p6e6u75xmxt8.cloudfront.net\/4\/2024\/10\/stupava_wlc-9-768x512.webp 768w, https:\/\/d2p6e6u75xmxt8.cloudfront.net\/4\/2024\/10\/stupava_wlc-9-400x267.webp 400w, https:\/\/d2p6e6u75xmxt8.cloudfront.net\/4\/2024\/10\/stupava_wlc-9-272x182.webp 272w\" sizes=\"auto, (max-width: 990px) 100vw, 990px\" \/><\/a>\n\t\t\t<\/div><\/figure>\n\t\t<\/div>\n\n<p><span style=\"font-weight: 400;\"><strong>Najv\u00e4\u010d\u0161\u00edm prekvapen\u00edm bol v\u0161ak a\u017e z\u00e1vere\u010dn\u00fd kilometer.<\/strong> Tradi\u010dn\u00fd \u017e\u013eab, ktor\u00fd b\u00fdva poslednou v\u00fdzvou pred dojazdom do cie\u013ea, tento rok zostal neprejazdn\u00fd. Organiz\u00e1tori na posledn\u00fa chv\u00ed\u013eu pretrasovali z\u00e1ver pretekov. <\/span><\/p>\n<p><span style=\"font-weight: 400;\">Namiesto toho n\u00e1s do cie\u013ea priviedli ved\u013eaj\u0161ou cestou s ne\u010dakanou \u010dere\u0161ni\u010dkou na torte v podobe strm\u00e9ho zjazdu. Extr\u00e9mne \u0161myk\u013eav\u00fd povrch a ostr\u00e1 z\u00e1kruta na konci prin\u00fatili kapitulova\u0165 nejedn\u00e9ho sk\u00fasen\u00e9ho cyklistu. Aj ja som tam mala \u010do robi\u0165, aby som sa udr\u017eala v sedle.<\/span><\/p>\n<p><img loading=\"lazy\" decoding=\"async\" class=\"alignnone size-full wp-image-19776\" src=\"https:\/\/d2p6e6u75xmxt8.cloudfront.net\/4\/2024\/10\/stupava_wlc-18.webp\" alt=\"\" width=\"990\" height=\"660\" srcset=\"https:\/\/d2p6e6u75xmxt8.cloudfront.net\/4\/2024\/10\/stupava_wlc-18.webp 990w, https:\/\/d2p6e6u75xmxt8.cloudfront.net\/4\/2024\/10\/stupava_wlc-18-300x200.webp 300w, https:\/\/d2p6e6u75xmxt8.cloudfront.net\/4\/2024\/10\/stupava_wlc-18-768x512.webp 768w, https:\/\/d2p6e6u75xmxt8.cloudfront.net\/4\/2024\/10\/stupava_wlc-18-400x267.webp 400w, https:\/\/d2p6e6u75xmxt8.cloudfront.net\/4\/2024\/10\/stupava_wlc-18-272x182.webp 272w\" sizes=\"auto, (max-width: 990px) 100vw, 990px\" \/><\/p>\n<h2><b>Tra\u0165, ktor\u00e1 prever\u00ed ka\u017ed\u00e9ho<\/b><\/h2>\n<p><span style=\"font-weight: 400;\">Tak ako pred rokom, aj teraz som si vybrala stredn\u00fa tra\u0165 dlh\u00fa 42 km s prev\u00fd\u0161en\u00edm 950 m. <strong>M\u00f4\u017eem potvrdi\u0165, \u017ee aj napriek ob\u010dasn\u00e9mu blatu a n\u00e1ro\u010dn\u00fdm \u00fasekom mala tra\u0165 neuverite\u013ene dynamick\u00fd a hrav\u00fd charakter.<\/strong> A ako bonus n\u00e1s sprev\u00e1dzalo slne\u010dn\u00e9 po\u010dasie, ktor\u00e9 prispelo ku kr\u00e1snym v\u00fdh\u013eadom na okolit\u00fa pr\u00edrodu Mal\u00fdch Karp\u00e1t.\u00a0<\/span><\/p>\n<div id='gallery-2' class='gallery galleryid-19770 gallery-columns-2 gallery-size-full'><figure class='gallery-item'>\n\t\t\t<div class='gallery-icon landscape'>\n\t\t\t\t<a href='https:\/\/d2p6e6u75xmxt8.cloudfront.net\/4\/2024\/10\/stupava_wlc-14.webp'><img loading=\"lazy\" decoding=\"async\" width=\"990\" height=\"660\" src=\"https:\/\/d2p6e6u75xmxt8.cloudfront.net\/4\/2024\/10\/stupava_wlc-14.webp\" class=\"attachment-full size-full\" alt=\"\" srcset=\"https:\/\/d2p6e6u75xmxt8.cloudfront.net\/4\/2024\/10\/stupava_wlc-14.webp 990w, https:\/\/d2p6e6u75xmxt8.cloudfront.net\/4\/2024\/10\/stupava_wlc-14-300x200.webp 300w, https:\/\/d2p6e6u75xmxt8.cloudfront.net\/4\/2024\/10\/stupava_wlc-14-768x512.webp 768w, https:\/\/d2p6e6u75xmxt8.cloudfront.net\/4\/2024\/10\/stupava_wlc-14-400x267.webp 400w, https:\/\/d2p6e6u75xmxt8.cloudfront.net\/4\/2024\/10\/stupava_wlc-14-272x182.webp 272w\" sizes=\"auto, (max-width: 990px) 100vw, 990px\" \/><\/a>\n\t\t\t<\/div><\/figure><figure class='gallery-item'>\n\t\t\t<div class='gallery-icon landscape'>\n\t\t\t\t<a href='https:\/\/d2p6e6u75xmxt8.cloudfront.net\/4\/2024\/10\/stupava_wlc-17.webp'><img loading=\"lazy\" decoding=\"async\" width=\"990\" height=\"660\" src=\"https:\/\/d2p6e6u75xmxt8.cloudfront.net\/4\/2024\/10\/stupava_wlc-17.webp\" class=\"attachment-full size-full\" alt=\"\" srcset=\"https:\/\/d2p6e6u75xmxt8.cloudfront.net\/4\/2024\/10\/stupava_wlc-17.webp 990w, https:\/\/d2p6e6u75xmxt8.cloudfront.net\/4\/2024\/10\/stupava_wlc-17-300x200.webp 300w, https:\/\/d2p6e6u75xmxt8.cloudfront.net\/4\/2024\/10\/stupava_wlc-17-768x512.webp 768w, https:\/\/d2p6e6u75xmxt8.cloudfront.net\/4\/2024\/10\/stupava_wlc-17-400x267.webp 400w, https:\/\/d2p6e6u75xmxt8.cloudfront.net\/4\/2024\/10\/stupava_wlc-17-272x182.webp 272w\" sizes=\"auto, (max-width: 990px) 100vw, 990px\" \/><\/a>\n\t\t\t<\/div><\/figure>\n\t\t<\/div>\n\n<p><span style=\"font-weight: 400;\">Preteky sa za\u010d\u00ednaj\u00fa v Stupavskom parku. Pelot\u00f3n je vyveden\u00fd po asfaltovej ceste pod doh\u013eadom sprievodn\u00e9ho vozidla a\u017e do najbli\u017e\u0161ej dediny (Borinka). Tu sa za\u010d\u00edna hne\u010f prv\u00e9 v\u00fd\u017eivn\u00e9 st\u00fapanie. Pou\u010den\u00e1 z vlastn\u00fdch ch\u00fdb som sa sna\u017eila hlavne neprep\u00e1li\u0165 za\u010diatok a nenecha\u0165 sa vyhodi\u0165 z rytmu predbiehaj\u00facimi cyklistami, ktor\u00ed evidentne str\u00e1vili viac \u010dasu tr\u00e9ningom v kopcoch. <\/span><\/p>\n<p><span style=\"font-weight: 400;\">Ka\u017edop\u00e1dne, <strong>nam\u00e1hav\u00e9 st\u00fapania aj krkolomn\u00e9 \u00faseky boli bohato vyv\u00e1\u017een\u00e9 n\u00e1dhern\u00fdmi singl\u00e1\u010dmi s minimom asfaltov\u00fdch \u00fasekov.<\/strong><\/span><\/p>\n<div id='gallery-3' class='gallery galleryid-19770 gallery-columns-2 gallery-size-full'><figure class='gallery-item'>\n\t\t\t<div class='gallery-icon landscape'>\n\t\t\t\t<a href='https:\/\/d2p6e6u75xmxt8.cloudfront.net\/4\/2024\/10\/stupava_wlc-19.webp'><img loading=\"lazy\" decoding=\"async\" width=\"990\" height=\"660\" src=\"https:\/\/d2p6e6u75xmxt8.cloudfront.net\/4\/2024\/10\/stupava_wlc-19.webp\" class=\"attachment-full size-full\" alt=\"\" srcset=\"https:\/\/d2p6e6u75xmxt8.cloudfront.net\/4\/2024\/10\/stupava_wlc-19.webp 990w, https:\/\/d2p6e6u75xmxt8.cloudfront.net\/4\/2024\/10\/stupava_wlc-19-300x200.webp 300w, https:\/\/d2p6e6u75xmxt8.cloudfront.net\/4\/2024\/10\/stupava_wlc-19-768x512.webp 768w, https:\/\/d2p6e6u75xmxt8.cloudfront.net\/4\/2024\/10\/stupava_wlc-19-400x267.webp 400w, https:\/\/d2p6e6u75xmxt8.cloudfront.net\/4\/2024\/10\/stupava_wlc-19-272x182.webp 272w\" sizes=\"auto, (max-width: 990px) 100vw, 990px\" \/><\/a>\n\t\t\t<\/div><\/figure><figure class='gallery-item'>\n\t\t\t<div class='gallery-icon landscape'>\n\t\t\t\t<a href='https:\/\/d2p6e6u75xmxt8.cloudfront.net\/4\/2024\/10\/stupava_wlc-20.webp'><img loading=\"lazy\" decoding=\"async\" width=\"990\" height=\"660\" src=\"https:\/\/d2p6e6u75xmxt8.cloudfront.net\/4\/2024\/10\/stupava_wlc-20.webp\" class=\"attachment-full size-full\" alt=\"\u0160koda Stupava MTB marat\u00f3n 2024\" srcset=\"https:\/\/d2p6e6u75xmxt8.cloudfront.net\/4\/2024\/10\/stupava_wlc-20.webp 990w, https:\/\/d2p6e6u75xmxt8.cloudfront.net\/4\/2024\/10\/stupava_wlc-20-300x200.webp 300w, https:\/\/d2p6e6u75xmxt8.cloudfront.net\/4\/2024\/10\/stupava_wlc-20-768x512.webp 768w, https:\/\/d2p6e6u75xmxt8.cloudfront.net\/4\/2024\/10\/stupava_wlc-20-400x267.webp 400w, https:\/\/d2p6e6u75xmxt8.cloudfront.net\/4\/2024\/10\/stupava_wlc-20-272x182.webp 272w\" sizes=\"auto, (max-width: 990px) 100vw, 990px\" \/><\/a>\n\t\t\t<\/div><\/figure>\n\t\t<\/div>\n\n<h2><b>Ohliadnutie za \u0160koda Bike Open Tour 2024<\/b><\/h2>\n<p><span style=\"font-weight: 400;\">Tento marat\u00f3n bol z\u00e1vere\u010dn\u00fdm podujat\u00edm s\u00e9rie <\/span><b>\u0160koda Bike Open Tour 2024<\/b><span style=\"font-weight: 400;\">, ktor\u00e1 pozost\u00e1va zo \u0161iestich pretekov naprie\u010d Slovenskom. Ka\u017ed\u00e9 z t\u00fdchto pretekov maj\u00fa svoj \u0161pecifick\u00fd charakter \u2013 od n\u00e1ro\u010dn\u00e9ho <\/span><a href=\"https:\/\/www.welovecycling.com\/sk\/2024\/08\/14\/reportaz-skoda-horal-mtb-maraton-vrchol-letnej-sezony\/\" target=\"_blank\" rel=\"noopener\"><span style=\"font-weight: 400;\">tatransk\u00e9ho marat\u00f3nu Horal <\/span><\/a><span style=\"font-weight: 400;\">a\u017e po viac pr\u00edstupn\u00e9 trate v okol\u00ed Bratislavy. <\/span><\/p>\n<p><span style=\"font-weight: 400;\"><strong>Jazdci, ktor\u00ed sa z\u00fa\u010dastnili celej s\u00e9rie, bojovali nielen o body do celkov\u00e9ho poradia, ale aj o sk\u00fasenosti, ktor\u00e9 ich preverili na rozmanit\u00fdch povrchoch a podmienkach.<\/strong> Sama som mala mo\u017enos\u0165 z\u00fa\u010dastni\u0165 sa na 5tich pretekoch s\u00e9rie a vynechala som len tie v <\/span><a href=\"https:\/\/www.welovecycling.com\/sk\/2024\/05\/22\/reportaz-skoda-mtb-maraton-rajecke-teplice-majstrak-v-krasnom-pocasi\/\" target=\"_blank\" rel=\"noopener\"><span style=\"font-weight: 400;\">Rajeck\u00fdch Tepliciach<\/span><\/a><span style=\"font-weight: 400;\">, tak\u017ee sa ve\u013emi te\u0161\u00edm na to, ako to v roku 2025 naprav\u00edm.<\/span><\/p>\n<p><img loading=\"lazy\" decoding=\"async\" class=\"alignnone size-full wp-image-19781\" src=\"https:\/\/d2p6e6u75xmxt8.cloudfront.net\/4\/2024\/10\/stupava_wlc-13.webp\" alt=\"\" width=\"990\" height=\"660\" srcset=\"https:\/\/d2p6e6u75xmxt8.cloudfront.net\/4\/2024\/10\/stupava_wlc-13.webp 990w, https:\/\/d2p6e6u75xmxt8.cloudfront.net\/4\/2024\/10\/stupava_wlc-13-300x200.webp 300w, https:\/\/d2p6e6u75xmxt8.cloudfront.net\/4\/2024\/10\/stupava_wlc-13-768x512.webp 768w, https:\/\/d2p6e6u75xmxt8.cloudfront.net\/4\/2024\/10\/stupava_wlc-13-400x267.webp 400w, https:\/\/d2p6e6u75xmxt8.cloudfront.net\/4\/2024\/10\/stupava_wlc-13-272x182.webp 272w\" sizes=\"auto, (max-width: 990px) 100vw, 990px\" \/><\/p>\n<p><span style=\"font-weight: 400;\">Preteky tejto ob\u013e\u00fabenej s\u00e9rie s\u00fa zn\u00e1me aj svojou priate\u013eskou atmosf\u00e9rou. Na svoje si pr\u00eddu nielen v\u00fdkonnostn\u00ed, ale aj amat\u00e9rski jazdci. Ke\u010f\u017ee Stupavsk\u00fd marat\u00f3n bol aj posledn\u00fdm kolom Slovensk\u00e9ho Poh\u00e1ra, mohli ste tak stretn\u00fa\u0165 na trati zn\u00e1me men\u00e1 jazdcov s licenciou SZC, ale aj hobby cyklistov, rodiny s de\u0165mi a jazdcov v\u0161etk\u00fdch vekov\u00fdch kateg\u00f3ri\u00ed aj \u00farovn\u00ed. <\/span><\/p>\n<p><span style=\"font-weight: 400;\">T\u00e1to rozmanitos\u0165 rob\u00ed zo s\u00e9rie \u0160koda Bike Open Tour v\u00fdnimo\u010dn\u00fa pr\u00edle\u017eitos\u0165 zas\u00fa\u0165a\u017ei\u0165 si a zmera\u0165 si sily pre v\u0161etk\u00fdch milovn\u00edkov horskej cyklistiky.<\/span><\/p>\n<div id='gallery-4' class='gallery galleryid-19770 gallery-columns-2 gallery-size-full'><figure class='gallery-item'>\n\t\t\t<div class='gallery-icon landscape'>\n\t\t\t\t<a href='https:\/\/d2p6e6u75xmxt8.cloudfront.net\/4\/2024\/10\/stupava_wlc-3.webp'><img loading=\"lazy\" decoding=\"async\" width=\"990\" height=\"660\" src=\"https:\/\/d2p6e6u75xmxt8.cloudfront.net\/4\/2024\/10\/stupava_wlc-3.webp\" class=\"attachment-full size-full\" alt=\"\" srcset=\"https:\/\/d2p6e6u75xmxt8.cloudfront.net\/4\/2024\/10\/stupava_wlc-3.webp 990w, https:\/\/d2p6e6u75xmxt8.cloudfront.net\/4\/2024\/10\/stupava_wlc-3-300x200.webp 300w, https:\/\/d2p6e6u75xmxt8.cloudfront.net\/4\/2024\/10\/stupava_wlc-3-768x512.webp 768w, https:\/\/d2p6e6u75xmxt8.cloudfront.net\/4\/2024\/10\/stupava_wlc-3-400x267.webp 400w, https:\/\/d2p6e6u75xmxt8.cloudfront.net\/4\/2024\/10\/stupava_wlc-3-272x182.webp 272w\" sizes=\"auto, (max-width: 990px) 100vw, 990px\" \/><\/a>\n\t\t\t<\/div><\/figure><figure class='gallery-item'>\n\t\t\t<div class='gallery-icon landscape'>\n\t\t\t\t<a href='https:\/\/d2p6e6u75xmxt8.cloudfront.net\/4\/2024\/10\/stupava_wlc-30.webp'><img loading=\"lazy\" decoding=\"async\" width=\"990\" height=\"660\" src=\"https:\/\/d2p6e6u75xmxt8.cloudfront.net\/4\/2024\/10\/stupava_wlc-30.webp\" class=\"attachment-full size-full\" alt=\"\" srcset=\"https:\/\/d2p6e6u75xmxt8.cloudfront.net\/4\/2024\/10\/stupava_wlc-30.webp 990w, https:\/\/d2p6e6u75xmxt8.cloudfront.net\/4\/2024\/10\/stupava_wlc-30-300x200.webp 300w, https:\/\/d2p6e6u75xmxt8.cloudfront.net\/4\/2024\/10\/stupava_wlc-30-768x512.webp 768w, https:\/\/d2p6e6u75xmxt8.cloudfront.net\/4\/2024\/10\/stupava_wlc-30-400x267.webp 400w, https:\/\/d2p6e6u75xmxt8.cloudfront.net\/4\/2024\/10\/stupava_wlc-30-272x182.webp 272w\" sizes=\"auto, (max-width: 990px) 100vw, 990px\" \/><\/a>\n\t\t\t<\/div><\/figure>\n\t\t<\/div>\n\n<h2><b>V\u00ed\u0165azi a atmosf\u00e9ra v cieli<\/b><\/h2>\n<p><span style=\"font-weight: 400;\">Po viac ako dvoch hodin\u00e1ch n\u00e1ro\u010dn\u00e9ho boja s tra\u0165ou <strong>som pre\u0161la cie\u013eovou \u010diarou s pocitom spokojnosti a vy\u010derpanosti ako prv\u00e1 \u017eena.<\/strong> Medzi mu\u017emi na strednej trati zv\u00ed\u0165azil <strong>Peter \u010cervenec z BeatMe Cycling Team<\/strong> s \u010dasom 1:45:42.<\/span><\/p>\n<div id='gallery-5' class='gallery galleryid-19770 gallery-columns-2 gallery-size-full'><figure class='gallery-item'>\n\t\t\t<div class='gallery-icon landscape'>\n\t\t\t\t<a href='https:\/\/d2p6e6u75xmxt8.cloudfront.net\/4\/2024\/10\/stupava_wlc-23.webp'><img loading=\"lazy\" decoding=\"async\" width=\"990\" height=\"660\" src=\"https:\/\/d2p6e6u75xmxt8.cloudfront.net\/4\/2024\/10\/stupava_wlc-23.webp\" class=\"attachment-full size-full\" alt=\"\u0160koda Stupava MTB marat\u00f3n 2024\" srcset=\"https:\/\/d2p6e6u75xmxt8.cloudfront.net\/4\/2024\/10\/stupava_wlc-23.webp 990w, https:\/\/d2p6e6u75xmxt8.cloudfront.net\/4\/2024\/10\/stupava_wlc-23-300x200.webp 300w, https:\/\/d2p6e6u75xmxt8.cloudfront.net\/4\/2024\/10\/stupava_wlc-23-768x512.webp 768w, https:\/\/d2p6e6u75xmxt8.cloudfront.net\/4\/2024\/10\/stupava_wlc-23-400x267.webp 400w, https:\/\/d2p6e6u75xmxt8.cloudfront.net\/4\/2024\/10\/stupava_wlc-23-272x182.webp 272w\" sizes=\"auto, (max-width: 990px) 100vw, 990px\" \/><\/a>\n\t\t\t<\/div><\/figure><figure class='gallery-item'>\n\t\t\t<div class='gallery-icon landscape'>\n\t\t\t\t<a href='https:\/\/d2p6e6u75xmxt8.cloudfront.net\/4\/2024\/10\/stupava_wlc-24.webp'><img loading=\"lazy\" decoding=\"async\" width=\"990\" height=\"660\" src=\"https:\/\/d2p6e6u75xmxt8.cloudfront.net\/4\/2024\/10\/stupava_wlc-24.webp\" class=\"attachment-full size-full\" alt=\"\u0160koda Stupava MTB marat\u00f3n 2024\" srcset=\"https:\/\/d2p6e6u75xmxt8.cloudfront.net\/4\/2024\/10\/stupava_wlc-24.webp 990w, https:\/\/d2p6e6u75xmxt8.cloudfront.net\/4\/2024\/10\/stupava_wlc-24-300x200.webp 300w, https:\/\/d2p6e6u75xmxt8.cloudfront.net\/4\/2024\/10\/stupava_wlc-24-768x512.webp 768w, https:\/\/d2p6e6u75xmxt8.cloudfront.net\/4\/2024\/10\/stupava_wlc-24-400x267.webp 400w, https:\/\/d2p6e6u75xmxt8.cloudfront.net\/4\/2024\/10\/stupava_wlc-24-272x182.webp 272w\" sizes=\"auto, (max-width: 990px) 100vw, 990px\" \/><\/a>\n\t\t\t<\/div><\/figure>\n\t\t<\/div>\n\n<p><span style=\"font-weight: 400;\">Na dlhej trati zv\u00ed\u0165azil <strong>Tom\u00e1\u0161 Vi\u0161\u0148ovsk\u00fd<\/strong> s \u010dasom 3:12:43 a zo \u017eien <strong>Janka Keseg \u0160tevkov\u00e1<\/strong> s \u010dasom 4:00:43.<\/span><\/p>\n<p><span style=\"font-weight: 400;\">Kr\u00e1tku tra\u0165 pokorili najr\u00fdchlej\u0161ie <strong>Marian Miklu\u0161ek<\/strong>, ktor\u00e9mu na pr\u00edchod do cie\u013ea sta\u010dila menej ne\u017e hodina (\u010das 58:14) a <strong>Stella \u0160imonov\u00e1<\/strong> s \u010dasom 1:16:40.<\/span><\/p>\n<div id='gallery-6' class='gallery galleryid-19770 gallery-columns-2 gallery-size-full'><figure class='gallery-item'>\n\t\t\t<div class='gallery-icon landscape'>\n\t\t\t\t<a href='https:\/\/d2p6e6u75xmxt8.cloudfront.net\/4\/2024\/10\/stupava_wlc-21.webp'><img loading=\"lazy\" decoding=\"async\" width=\"990\" height=\"660\" src=\"https:\/\/d2p6e6u75xmxt8.cloudfront.net\/4\/2024\/10\/stupava_wlc-21.webp\" class=\"attachment-full size-full\" alt=\"\" srcset=\"https:\/\/d2p6e6u75xmxt8.cloudfront.net\/4\/2024\/10\/stupava_wlc-21.webp 990w, https:\/\/d2p6e6u75xmxt8.cloudfront.net\/4\/2024\/10\/stupava_wlc-21-300x200.webp 300w, https:\/\/d2p6e6u75xmxt8.cloudfront.net\/4\/2024\/10\/stupava_wlc-21-768x512.webp 768w, https:\/\/d2p6e6u75xmxt8.cloudfront.net\/4\/2024\/10\/stupava_wlc-21-400x267.webp 400w, https:\/\/d2p6e6u75xmxt8.cloudfront.net\/4\/2024\/10\/stupava_wlc-21-272x182.webp 272w\" sizes=\"auto, (max-width: 990px) 100vw, 990px\" \/><\/a>\n\t\t\t<\/div><\/figure><figure class='gallery-item'>\n\t\t\t<div class='gallery-icon landscape'>\n\t\t\t\t<a href='https:\/\/d2p6e6u75xmxt8.cloudfront.net\/4\/2024\/10\/stupava_wlc-28.webp'><img loading=\"lazy\" decoding=\"async\" width=\"990\" height=\"660\" src=\"https:\/\/d2p6e6u75xmxt8.cloudfront.net\/4\/2024\/10\/stupava_wlc-28.webp\" class=\"attachment-full size-full\" alt=\"\" srcset=\"https:\/\/d2p6e6u75xmxt8.cloudfront.net\/4\/2024\/10\/stupava_wlc-28.webp 990w, https:\/\/d2p6e6u75xmxt8.cloudfront.net\/4\/2024\/10\/stupava_wlc-28-300x200.webp 300w, https:\/\/d2p6e6u75xmxt8.cloudfront.net\/4\/2024\/10\/stupava_wlc-28-768x512.webp 768w, https:\/\/d2p6e6u75xmxt8.cloudfront.net\/4\/2024\/10\/stupava_wlc-28-400x267.webp 400w, https:\/\/d2p6e6u75xmxt8.cloudfront.net\/4\/2024\/10\/stupava_wlc-28-272x182.webp 272w\" sizes=\"auto, (max-width: 990px) 100vw, 990px\" \/><\/a>\n\t\t\t<\/div><\/figure>\n\t\t<\/div>\n\n<p><span style=\"font-weight: 400;\">Z\u00e1ver programu tradi\u010dne patril ude\u013eovaniu cien. Ocenen\u00ed boli v\u00ed\u0165azi jednotliv\u00fdch kateg\u00f3ri\u00ed, ako aj celkovi v\u00ed\u0165azi s\u00e9rie \u0160koda Bike Open Tour 2024, Slovensk\u00e9ho poh\u00e1ra a tentokr\u00e1t aj \u017dupn\u00e9ho poh\u00e1ra. Moder\u00e1tori teda mali \u010do robi\u0165 takmer 2 hodiny. <\/span><\/p>\n<p><span style=\"font-weight: 400;\">Aj ke\u010f slnko pomaly zapadalo a teploty klesali, atmosf\u00e9ra bola pr\u00edjemn\u00e1. Ka\u017ed\u00fd, kto zostal a\u017e do \u00fapln\u00e9ho konca, mal mo\u017enos\u0165 s\u00fa\u0165a\u017ei\u0165 v tombole o hodnotn\u00e9 ceny. Vyhra\u0165 mohli bicykel alebo auto \u0161koda Enyaq na t\u00fd\u017ede\u0148.<\/span><\/p>\n<div id='gallery-7' class='gallery galleryid-19770 gallery-columns-2 gallery-size-full'><figure class='gallery-item'>\n\t\t\t<div class='gallery-icon landscape'>\n\t\t\t\t<a href='https:\/\/d2p6e6u75xmxt8.cloudfront.net\/4\/2024\/10\/stupava_wlc-27.webp'><img loading=\"lazy\" decoding=\"async\" width=\"990\" height=\"660\" src=\"https:\/\/d2p6e6u75xmxt8.cloudfront.net\/4\/2024\/10\/stupava_wlc-27.webp\" class=\"attachment-full size-full\" alt=\"\u0160koda Stupava MTB marat\u00f3n 2024\" srcset=\"https:\/\/d2p6e6u75xmxt8.cloudfront.net\/4\/2024\/10\/stupava_wlc-27.webp 990w, https:\/\/d2p6e6u75xmxt8.cloudfront.net\/4\/2024\/10\/stupava_wlc-27-300x200.webp 300w, https:\/\/d2p6e6u75xmxt8.cloudfront.net\/4\/2024\/10\/stupava_wlc-27-768x512.webp 768w, https:\/\/d2p6e6u75xmxt8.cloudfront.net\/4\/2024\/10\/stupava_wlc-27-400x267.webp 400w, https:\/\/d2p6e6u75xmxt8.cloudfront.net\/4\/2024\/10\/stupava_wlc-27-272x182.webp 272w\" sizes=\"auto, (max-width: 990px) 100vw, 990px\" \/><\/a>\n\t\t\t<\/div><\/figure><figure class='gallery-item'>\n\t\t\t<div class='gallery-icon landscape'>\n\t\t\t\t<a href='https:\/\/d2p6e6u75xmxt8.cloudfront.net\/4\/2024\/10\/stupava_wlc-29.webp'><img loading=\"lazy\" decoding=\"async\" width=\"990\" height=\"660\" src=\"https:\/\/d2p6e6u75xmxt8.cloudfront.net\/4\/2024\/10\/stupava_wlc-29.webp\" class=\"attachment-full size-full\" alt=\"\" srcset=\"https:\/\/d2p6e6u75xmxt8.cloudfront.net\/4\/2024\/10\/stupava_wlc-29.webp 990w, https:\/\/d2p6e6u75xmxt8.cloudfront.net\/4\/2024\/10\/stupava_wlc-29-300x200.webp 300w, https:\/\/d2p6e6u75xmxt8.cloudfront.net\/4\/2024\/10\/stupava_wlc-29-768x512.webp 768w, https:\/\/d2p6e6u75xmxt8.cloudfront.net\/4\/2024\/10\/stupava_wlc-29-400x267.webp 400w, https:\/\/d2p6e6u75xmxt8.cloudfront.net\/4\/2024\/10\/stupava_wlc-29-272x182.webp 272w\" sizes=\"auto, (max-width: 990px) 100vw, 990px\" \/><\/a>\n\t\t\t<\/div><\/figure>\n\t\t<\/div>\n\n<p><span style=\"font-weight: 400;\">\u010eakujem organiz\u00e1torom za n\u00e1dhern\u00e9 vyplnenie sez\u00f3ny a neskuto\u010dn\u00e9 mno\u017estvo kr\u00e1snych z\u00e1\u017eitkov!<\/span><\/p>\n<p><span style=\"font-weight: 400;\">Zdroj fotografi\u00ed: Peter Regec<\/span><\/p>\n","protected":false},"excerpt":{"rendered":"<p>Jesenn\u00e1 verzia \u0160koda Stupava MTB marat\u00f3nu 2024 bola pre mnoh\u00fdch pretek\u00e1rov ne\u010dakanou v\u00fdzvou, a to nielen kv\u00f4li posunut\u00e9mu term\u00ednu.<\/p>\n","protected":false},"author":172,"featured_media":19772,"comment_status":"open","ping_status":"open","sticky":false,"template":"","format":"standard","meta":{"footnotes":""},"categories":[38,33],"tags":[180,178,412,931,37,179,39,474,1615,542,1009,35,523,181,269,183,475],"global-categories":[1074],"class_list":["post-19770","post","type-post","status-publish","format-standard","has-post-thumbnail","hentry","category-reportaz","category-sbot","tag-horska-cyklistika","tag-maraton","tag-mtb","tag-odporucame","tag-podujatia","tag-preteky","tag-reportaz","tag-rodinny-maraton","tag-sezona-2024","tag-skoda","tag-skoda-auto","tag-sbot","tag-slovensko","tag-stupava","tag-vitaz","tag-zabava","tag-zeny","global-categories-cycling"],"yoast_head":"<!-- This site is optimized with the Yoast SEO Premium plugin v25.3 (Yoast SEO v25.9) - https:\/\/yoast.com\/wordpress\/plugins\/seo\/ -->\n<title>Report\u00e1\u017e: \u0160koda Stupava MTB marat\u00f3n 2024 - jesenn\u00e9 fin\u00e1le \u0160koda Bike Open Tour 2024<\/title>\n<meta name=\"description\" content=\"Jesenn\u00e1 verzia \u0160koda Stupava MTB marat\u00f3nu 2024 bola pre mnoh\u00fdch pretek\u00e1rov ne\u010dakanou v\u00fdzvou, a to nielen kv\u00f4li posunut\u00e9mu term\u00ednu.\" \/>\n<meta name=\"robots\" content=\"index, follow, max-snippet:-1, max-image-preview:large, max-video-preview:-1\" \/>\n<link rel=\"canonical\" href=\"https:\/\/www.welovecycling.com\/sk\/2024\/10\/16\/reportaz-skoda-stupava-mtb-maraton-2024-jesenne-finale-skoda-bike-open-tour-2024\/\" \/>\n<meta property=\"og:locale\" content=\"sk_SK\" \/>\n<meta property=\"og:type\" content=\"article\" \/>\n<meta property=\"og:title\" content=\"Report\u00e1\u017e: \u0160koda Stupava MTB marat\u00f3n 2024 - jesenn\u00e9 fin\u00e1le \u0160koda Bike Open Tour 2024\" \/>\n<meta property=\"og:description\" content=\"Jesenn\u00e1 verzia \u0160koda Stupava MTB marat\u00f3nu 2024 bola pre mnoh\u00fdch pretek\u00e1rov ne\u010dakanou v\u00fdzvou, a to nielen kv\u00f4li posunut\u00e9mu term\u00ednu.\" \/>\n<meta property=\"og:url\" content=\"https:\/\/www.welovecycling.com\/sk\/2024\/10\/16\/reportaz-skoda-stupava-mtb-maraton-2024-jesenne-finale-skoda-bike-open-tour-2024\/\" \/>\n<meta property=\"og:site_name\" content=\"\u0160koda We Love Cycling Slovensko\" \/>\n<meta property=\"article:published_time\" content=\"2024-10-16T12:46:54+00:00\" \/>\n<meta property=\"article:modified_time\" content=\"2024-10-16T12:55:34+00:00\" \/>\n<meta property=\"og:image\" content=\"https:\/\/d2p6e6u75xmxt8.cloudfront.net\/4\/2024\/10\/stupava_wlc-8.webp\" \/>\n\t<meta property=\"og:image:width\" content=\"990\" \/>\n\t<meta property=\"og:image:height\" content=\"660\" \/>\n\t<meta property=\"og:image:type\" content=\"image\/webp\" \/>\n<meta name=\"author\" content=\"dominika\" \/>\n<meta name=\"twitter:card\" content=\"summary_large_image\" \/>\n<meta name=\"twitter:label1\" content=\"Written by\" \/>\n\t<meta name=\"twitter:data1\" content=\"Bianka Baba\u010dov\u00e1 (WLRM cc)\" \/>\n\t<meta name=\"twitter:label2\" content=\"Est. reading time\" \/>\n\t<meta name=\"twitter:data2\" content=\"4\" \/>\n<script type=\"application\/ld+json\" class=\"yoast-schema-graph\">{\"@context\":\"https:\/\/schema.org\",\"@graph\":[{\"@type\":\"WebPage\",\"@id\":\"https:\/\/www.welovecycling.com\/sk\/2024\/10\/16\/reportaz-skoda-stupava-mtb-maraton-2024-jesenne-finale-skoda-bike-open-tour-2024\/\",\"url\":\"https:\/\/www.welovecycling.com\/sk\/2024\/10\/16\/reportaz-skoda-stupava-mtb-maraton-2024-jesenne-finale-skoda-bike-open-tour-2024\/\",\"name\":\"Report\u00e1\u017e: \u0160koda Stupava MTB marat\u00f3n 2024 - jesenn\u00e9 fin\u00e1le \u0160koda Bike Open Tour 2024\",\"isPartOf\":{\"@id\":\"https:\/\/www.welovecycling.com\/sk\/#website\"},\"primaryImageOfPage\":{\"@id\":\"https:\/\/www.welovecycling.com\/sk\/2024\/10\/16\/reportaz-skoda-stupava-mtb-maraton-2024-jesenne-finale-skoda-bike-open-tour-2024\/#primaryimage\"},\"image\":{\"@id\":\"https:\/\/www.welovecycling.com\/sk\/2024\/10\/16\/reportaz-skoda-stupava-mtb-maraton-2024-jesenne-finale-skoda-bike-open-tour-2024\/#primaryimage\"},\"thumbnailUrl\":\"https:\/\/d2p6e6u75xmxt8.cloudfront.net\/4\/2024\/10\/stupava_wlc-8.webp\",\"datePublished\":\"2024-10-16T12:46:54+00:00\",\"dateModified\":\"2024-10-16T12:55:34+00:00\",\"author\":{\"@id\":\"https:\/\/www.welovecycling.com\/sk\/#\/schema\/person\/533b62b98b6c41bd5135ebfb1f742624\"},\"description\":\"Jesenn\u00e1 verzia \u0160koda Stupava MTB marat\u00f3nu 2024 bola pre mnoh\u00fdch pretek\u00e1rov ne\u010dakanou v\u00fdzvou, a to nielen kv\u00f4li posunut\u00e9mu term\u00ednu.\",\"breadcrumb\":{\"@id\":\"https:\/\/www.welovecycling.com\/sk\/2024\/10\/16\/reportaz-skoda-stupava-mtb-maraton-2024-jesenne-finale-skoda-bike-open-tour-2024\/#breadcrumb\"},\"inLanguage\":\"sk-SK\",\"potentialAction\":[{\"@type\":\"ReadAction\",\"target\":[\"https:\/\/www.welovecycling.com\/sk\/2024\/10\/16\/reportaz-skoda-stupava-mtb-maraton-2024-jesenne-finale-skoda-bike-open-tour-2024\/\"]}]},{\"@type\":\"ImageObject\",\"inLanguage\":\"sk-SK\",\"@id\":\"https:\/\/www.welovecycling.com\/sk\/2024\/10\/16\/reportaz-skoda-stupava-mtb-maraton-2024-jesenne-finale-skoda-bike-open-tour-2024\/#primaryimage\",\"url\":\"https:\/\/d2p6e6u75xmxt8.cloudfront.net\/4\/2024\/10\/stupava_wlc-8.webp\",\"contentUrl\":\"https:\/\/d2p6e6u75xmxt8.cloudfront.net\/4\/2024\/10\/stupava_wlc-8.webp\",\"width\":990,\"height\":660,\"caption\":\"Stupava\"},{\"@type\":\"BreadcrumbList\",\"@id\":\"https:\/\/www.welovecycling.com\/sk\/2024\/10\/16\/reportaz-skoda-stupava-mtb-maraton-2024-jesenne-finale-skoda-bike-open-tour-2024\/#breadcrumb\",\"itemListElement\":[{\"@type\":\"ListItem\",\"position\":1,\"name\":\"Home\",\"item\":\"https:\/\/www.welovecycling.com\/sk\/\"},{\"@type\":\"ListItem\",\"position\":2,\"name\":\"Report\u00e1\u017e: \u0160koda Stupava MTB marat\u00f3n 2024 &#8211; jesenn\u00e9 fin\u00e1le \u0160koda Bike Open Tour 2024\"}]},{\"@type\":\"WebSite\",\"@id\":\"https:\/\/www.welovecycling.com\/sk\/#website\",\"url\":\"https:\/\/www.welovecycling.com\/sk\/\",\"name\":\"\u0160koda We Love Cycling Slovensko\",\"description\":\"\u0160koda We Love Cycling Slovensko je v\u00e1\u0161 ka\u017edodenn\u00fd zdroj noviniek a in\u0161pir\u00e1cie z sveta cyklistiky\",\"potentialAction\":[{\"@type\":\"SearchAction\",\"target\":{\"@type\":\"EntryPoint\",\"urlTemplate\":\"https:\/\/www.welovecycling.com\/sk\/?s={search_term_string}\"},\"query-input\":{\"@type\":\"PropertyValueSpecification\",\"valueRequired\":true,\"valueName\":\"search_term_string\"}}],\"inLanguage\":\"sk-SK\"},{\"@type\":\"Person\",\"@id\":\"https:\/\/www.welovecycling.com\/sk\/#\/schema\/person\/533b62b98b6c41bd5135ebfb1f742624\",\"name\":\"dominika\",\"image\":{\"@type\":\"ImageObject\",\"inLanguage\":\"sk-SK\",\"@id\":\"https:\/\/www.welovecycling.com\/sk\/#\/schema\/person\/image\/\",\"url\":\"https:\/\/secure.gravatar.com\/avatar\/ded6f274ba2ec3e17fff153f7d9d96a4b33c2cb63907f75d9a5309c599a7f3e6?s=96&d=mm&r=g\",\"contentUrl\":\"https:\/\/secure.gravatar.com\/avatar\/ded6f274ba2ec3e17fff153f7d9d96a4b33c2cb63907f75d9a5309c599a7f3e6?s=96&d=mm&r=g\",\"caption\":\"dominika\"},\"url\":\"https:\/\/www.welovecycling.com\/sk\/author\/dominika\/\"}]}<\/script>\n<!-- \/ Yoast SEO Premium plugin. -->","yoast_head_json":{"title":"Report\u00e1\u017e: \u0160koda Stupava MTB marat\u00f3n 2024 - jesenn\u00e9 fin\u00e1le \u0160koda Bike Open Tour 2024","description":"Jesenn\u00e1 verzia \u0160koda Stupava MTB marat\u00f3nu 2024 bola pre mnoh\u00fdch pretek\u00e1rov ne\u010dakanou v\u00fdzvou, a to nielen kv\u00f4li posunut\u00e9mu term\u00ednu.","robots":{"index":"index","follow":"follow","max-snippet":"max-snippet:-1","max-image-preview":"max-image-preview:large","max-video-preview":"max-video-preview:-1"},"canonical":"https:\/\/www.welovecycling.com\/sk\/2024\/10\/16\/reportaz-skoda-stupava-mtb-maraton-2024-jesenne-finale-skoda-bike-open-tour-2024\/","og_locale":"sk_SK","og_type":"article","og_title":"Report\u00e1\u017e: \u0160koda Stupava MTB marat\u00f3n 2024 - jesenn\u00e9 fin\u00e1le \u0160koda Bike Open Tour 2024","og_description":"Jesenn\u00e1 verzia \u0160koda Stupava MTB marat\u00f3nu 2024 bola pre mnoh\u00fdch pretek\u00e1rov ne\u010dakanou v\u00fdzvou, a to nielen kv\u00f4li posunut\u00e9mu term\u00ednu.","og_url":"https:\/\/www.welovecycling.com\/sk\/2024\/10\/16\/reportaz-skoda-stupava-mtb-maraton-2024-jesenne-finale-skoda-bike-open-tour-2024\/","og_site_name":"\u0160koda We Love Cycling Slovensko","article_published_time":"2024-10-16T12:46:54+00:00","article_modified_time":"2024-10-16T12:55:34+00:00","og_image":[{"width":990,"height":660,"url":"https:\/\/d2p6e6u75xmxt8.cloudfront.net\/4\/2024\/10\/stupava_wlc-8.webp","type":"image\/webp"}],"author":"dominika","twitter_card":"summary_large_image","twitter_misc":{"Written by":"Bianka Baba\u010dov\u00e1 (WLRM cc)","Est. reading time":"4"},"schema":{"@context":"https:\/\/schema.org","@graph":[{"@type":"WebPage","@id":"https:\/\/www.welovecycling.com\/sk\/2024\/10\/16\/reportaz-skoda-stupava-mtb-maraton-2024-jesenne-finale-skoda-bike-open-tour-2024\/","url":"https:\/\/www.welovecycling.com\/sk\/2024\/10\/16\/reportaz-skoda-stupava-mtb-maraton-2024-jesenne-finale-skoda-bike-open-tour-2024\/","name":"Report\u00e1\u017e: \u0160koda Stupava MTB marat\u00f3n 2024 - jesenn\u00e9 fin\u00e1le \u0160koda Bike Open Tour 2024","isPartOf":{"@id":"https:\/\/www.welovecycling.com\/sk\/#website"},"primaryImageOfPage":{"@id":"https:\/\/www.welovecycling.com\/sk\/2024\/10\/16\/reportaz-skoda-stupava-mtb-maraton-2024-jesenne-finale-skoda-bike-open-tour-2024\/#primaryimage"},"image":{"@id":"https:\/\/www.welovecycling.com\/sk\/2024\/10\/16\/reportaz-skoda-stupava-mtb-maraton-2024-jesenne-finale-skoda-bike-open-tour-2024\/#primaryimage"},"thumbnailUrl":"https:\/\/d2p6e6u75xmxt8.cloudfront.net\/4\/2024\/10\/stupava_wlc-8.webp","datePublished":"2024-10-16T12:46:54+00:00","dateModified":"2024-10-16T12:55:34+00:00","author":{"@id":"https:\/\/www.welovecycling.com\/sk\/#\/schema\/person\/533b62b98b6c41bd5135ebfb1f742624"},"description":"Jesenn\u00e1 verzia \u0160koda Stupava MTB marat\u00f3nu 2024 bola pre mnoh\u00fdch pretek\u00e1rov ne\u010dakanou v\u00fdzvou, a to nielen kv\u00f4li posunut\u00e9mu term\u00ednu.","breadcrumb":{"@id":"https:\/\/www.welovecycling.com\/sk\/2024\/10\/16\/reportaz-skoda-stupava-mtb-maraton-2024-jesenne-finale-skoda-bike-open-tour-2024\/#breadcrumb"},"inLanguage":"sk-SK","potentialAction":[{"@type":"ReadAction","target":["https:\/\/www.welovecycling.com\/sk\/2024\/10\/16\/reportaz-skoda-stupava-mtb-maraton-2024-jesenne-finale-skoda-bike-open-tour-2024\/"]}]},{"@type":"ImageObject","inLanguage":"sk-SK","@id":"https:\/\/www.welovecycling.com\/sk\/2024\/10\/16\/reportaz-skoda-stupava-mtb-maraton-2024-jesenne-finale-skoda-bike-open-tour-2024\/#primaryimage","url":"https:\/\/d2p6e6u75xmxt8.cloudfront.net\/4\/2024\/10\/stupava_wlc-8.webp","contentUrl":"https:\/\/d2p6e6u75xmxt8.cloudfront.net\/4\/2024\/10\/stupava_wlc-8.webp","width":990,"height":660,"caption":"Stupava"},{"@type":"BreadcrumbList","@id":"https:\/\/www.welovecycling.com\/sk\/2024\/10\/16\/reportaz-skoda-stupava-mtb-maraton-2024-jesenne-finale-skoda-bike-open-tour-2024\/#breadcrumb","itemListElement":[{"@type":"ListItem","position":1,"name":"Home","item":"https:\/\/www.welovecycling.com\/sk\/"},{"@type":"ListItem","position":2,"name":"Report\u00e1\u017e: \u0160koda Stupava MTB marat\u00f3n 2024 &#8211; jesenn\u00e9 fin\u00e1le \u0160koda Bike Open Tour 2024"}]},{"@type":"WebSite","@id":"https:\/\/www.welovecycling.com\/sk\/#website","url":"https:\/\/www.welovecycling.com\/sk\/","name":"\u0160koda We Love Cycling Slovensko","description":"\u0160koda We Love Cycling Slovensko je v\u00e1\u0161 ka\u017edodenn\u00fd zdroj noviniek a in\u0161pir\u00e1cie z sveta cyklistiky","potentialAction":[{"@type":"SearchAction","target":{"@type":"EntryPoint","urlTemplate":"https:\/\/www.welovecycling.com\/sk\/?s={search_term_string}"},"query-input":{"@type":"PropertyValueSpecification","valueRequired":true,"valueName":"search_term_string"}}],"inLanguage":"sk-SK"},{"@type":"Person","@id":"https:\/\/www.welovecycling.com\/sk\/#\/schema\/person\/533b62b98b6c41bd5135ebfb1f742624","name":"dominika","image":{"@type":"ImageObject","inLanguage":"sk-SK","@id":"https:\/\/www.welovecycling.com\/sk\/#\/schema\/person\/image\/","url":"https:\/\/secure.gravatar.com\/avatar\/ded6f274ba2ec3e17fff153f7d9d96a4b33c2cb63907f75d9a5309c599a7f3e6?s=96&d=mm&r=g","contentUrl":"https:\/\/secure.gravatar.com\/avatar\/ded6f274ba2ec3e17fff153f7d9d96a4b33c2cb63907f75d9a5309c599a7f3e6?s=96&d=mm&r=g","caption":"dominika"},"url":"https:\/\/www.welovecycling.com\/sk\/author\/dominika\/"}]}},"_links":{"self":[{"href":"https:\/\/www.welovecycling.com\/sk\/wp-json\/wp\/v2\/posts\/19770","targetHints":{"allow":["GET"]}}],"collection":[{"href":"https:\/\/www.welovecycling.com\/sk\/wp-json\/wp\/v2\/posts"}],"about":[{"href":"https:\/\/www.welovecycling.com\/sk\/wp-json\/wp\/v2\/types\/post"}],"author":[{"embeddable":true,"href":"https:\/\/www.welovecycling.com\/sk\/wp-json\/wp\/v2\/users\/172"}],"replies":[{"embeddable":true,"href":"https:\/\/www.welovecycling.com\/sk\/wp-json\/wp\/v2\/comments?post=19770"}],"version-history":[{"count":5,"href":"https:\/\/www.welovecycling.com\/sk\/wp-json\/wp\/v2\/posts\/19770\/revisions"}],"predecessor-version":[{"id":19797,"href":"https:\/\/www.welovecycling.com\/sk\/wp-json\/wp\/v2\/posts\/19770\/revisions\/19797"}],"wp:featuredmedia":[{"embeddable":true,"href":"https:\/\/www.welovecycling.com\/sk\/wp-json\/wp\/v2\/media\/19772"}],"wp:attachment":[{"href":"https:\/\/www.welovecycling.com\/sk\/wp-json\/wp\/v2\/media?parent=19770"}],"wp:term":[{"taxonomy":"category","embeddable":true,"href":"https:\/\/www.welovecycling.com\/sk\/wp-json\/wp\/v2\/categories?post=19770"},{"taxonomy":"post_tag","embeddable":true,"href":"https:\/\/www.welovecycling.com\/sk\/wp-json\/wp\/v2\/tags?post=19770"},{"taxonomy":"global-categories","embeddable":true,"href":"https:\/\/www.welovecycling.com\/sk\/wp-json\/wp\/v2\/global-categories?post=19770"}],"curies":[{"name":"wp","href":"https:\/\/api.w.org\/{rel}","templated":true}]}}