{"id":1976,"date":"2017-08-14T19:01:32","date_gmt":"2017-08-14T17:01:32","guid":{"rendered":"https:\/\/www.welovecycling.com\/sk\/?p=1976"},"modified":"2017-12-18T13:03:22","modified_gmt":"2017-12-18T12:03:22","slug":"reportaz-poradi-5-kolo-sbot-hostil-skoda-horal-mtb-maraton-svit-opat-praskal-vo-svikoch","status":"publish","type":"post","link":"https:\/\/www.welovecycling.com\/sk\/2017\/08\/14\/reportaz-poradi-5-kolo-sbot-hostil-skoda-horal-mtb-maraton-svit-opat-praskal-vo-svikoch\/","title":{"rendered":"REPORT\u00c1\u017d: V porad\u00ed 5. kolo \u0160BOT hostil \u0160koda Horal MTB marat\u00f3n a Svit op\u00e4\u0165 praskal vo \u0161v\u00edkoch"},"content":{"rendered":"<p><strong>P\u00f4vodn\u00e9 predpovede o zlom po\u010das\u00ed sa nenaplnili a pretek\u00e1rov \u010dakali poriadne r\u00fdchle trate, na ktor\u00fdch bojovalo cez 800 bikerov.<\/strong><!--more--><\/p>\n<p>M\u00f4\u017eeme za\u010da\u0165 pre zmenu trochu od konca&#8230; Stret\u00e1vam v z\u00e1kulis\u00ed v\u00ed\u0165aza najdlh\u0161ej trate Karla Hartla, a takto si ho ober\u00e1m:\u00a0<em>\u201eKar\u010di, ko\u013eko bolo dnes defektov?\u201c<\/em>\u00a0Hne\u010f pochopil, \u017ee nar\u00e1\u017eam na jeho tri diery spred t\u00fd\u017ed\u0148a na Donovalskom Drap\u00e1ku. Len sa usmial a\u00a0vrav\u00ed, \u017ee dnes sa mu i\u0161lo fajn. \u010ealej sa ho p\u00fdtam:\u00a0<em>\u201eA\u00a0ty nejde\u0161 zajtra na Eur\u00f3pu?\u201c<\/em>\u00a0Odpovie mi, \u017ee \u00e1no a\u00a0bohu\u017eia\u013e ako \u0161tyridsiatnik len sedemdesiatosmi\u010dku. Ke\u010f som sa \u010falej z\u00a0rozhovoru dozvedel, \u017ee o\u00a0mesiac \u010dak\u00e1 v\u00a0rodinke pr\u00edrastok, nedalo mi podpichn\u00fa\u0165 ho znovu slovami:\u00a0<em>\u201eA kedy si to pri svojom tr\u00e9ningovom a pretekovom nasaden\u00ed stihol?\u201c<\/em>\u00a0(25.000 km ro\u010dne) Zasmial sa a\u00a0vrav\u00ed:\u00a0<em>\u201eCez V\u00e1noce\u201c<\/em>\u00a0(Karel Hartl nasleduj\u00faci de\u0148 skon\u010dil na UEC MTB druh\u00fd).<\/p>\n<p><a href=\"https:\/\/d2p6e6u75xmxt8.cloudfront.net\/4\/2017\/08\/horal_10.jpg\"><img loading=\"lazy\" decoding=\"async\" class=\"alignnone size-extra-large wp-image-1981\" src=\"https:\/\/d2p6e6u75xmxt8.cloudfront.net\/4\/2017\/08\/horal_10-1920x626.jpg\" alt=\"\" width=\"1920\" height=\"626\" \/><\/a><\/p>\n<h2><strong>Na \u0161tarte<\/strong><\/h2>\n<p>V\u00e4\u010d\u0161ina bikerov pred marat\u00f3non iste t\u0155pla pri sledovan\u00ed predpovede po\u010dasia. Predpovedan\u00e1 obed\u0148aj\u0161ia \u201elejavica\u201c bola iste pre mnoh\u00fdch aj mot\u00edvom na vylep\u0161enie si tra\u0165ov\u00e9ho osob\u00e1ku. Po sparnom r\u00e1ne v\u0161ak nasledovalo pomerne pohodov\u00e9 dopoludnie. Vybehol som sa rozjazdi\u0165 do lesa. Tra\u0165 such\u00e1 a\u00a0pomerne nepr\u00edjemne pra\u0161n\u00e1. Na\u00a0vla\u0148aj\u0161om \u0160koda Horal MTB marat\u00f3ne\u00a0som rozdrapil pneumatiku. Pozna\u010dilo to silne moju psychick\u00fa pohodu u\u017e na \u0161tartovnej \u010diare.\u00a0<em>\u201eNebude sa to opakova\u0165?\u201c<\/em>\u00a0neust\u00e1le ma prenasleduje t\u00e1to my\u0161lienka. Darmo ju odh\u00e1\u0148am t\u00fdm, \u017ee si vrav\u00edm:\u00a0<em>\u201eNie, dnes sprav\u00ed\u0161 repar\u00e1t!\u201c<\/em>\u00a0V\u00a0takejto nepohode aj vyr\u00e1\u017eam s\u00a0ostatn\u00fdmi za zav\u00e1dzac\u00edm vozidlom. Po opusten\u00ed asfaltky sa dost\u00e1vame na dlh\u00fa, pomerne rovinat\u00fa l\u00fa\u010dnu, nesk\u00f4r lesn\u00fa cestu. Za\u010d\u00ednaj\u00fa sa tu formova\u0165 skupinky pod\u013ea v\u00fdkonnosti. Zarad\u00edm sa do pr\u00edslu\u0161nej aj ja. Tempo cez 20 km\/hod. n\u00e1m naru\u0161\u00ed a\u017e prv\u00e9 st\u00fapanie. Je s\u00edce \u0161liapate\u013en\u00e9, ale vpredu ostalo e\u0161te zop\u00e1r na\u017ehaven\u00fdch hobb\u00edkov a\u00a0t\u00fdmto u\u017e doch\u00e1dzalo palivo. Zi\u0161li z bikov a\u00a0funiac ich tla\u010dili nahor. Predbieha\u0165 sa tu nedalo, a\u00a0preto sme si to na pe\u0161o museli \u0161liapnu\u0165 aj ostatn\u00ed. Na vrchole n\u00e1s \u010dakal kr\u00e1tky l\u00fa\u010dny chodn\u00edk a\u00a0n\u00e1sledne zjazd do Vikartoviec.<\/p>\n<p><a href=\"https:\/\/d2p6e6u75xmxt8.cloudfront.net\/4\/2017\/08\/horal_18.jpg\"><img loading=\"lazy\" decoding=\"async\" class=\"alignnone size-extra-large wp-image-1982\" src=\"https:\/\/d2p6e6u75xmxt8.cloudfront.net\/4\/2017\/08\/horal_18-1920x872.jpg\" alt=\"\" width=\"1920\" height=\"872\" \/><\/a><\/p>\n<h2><strong>Repar\u00e1t<\/strong><\/h2>\n<p>A\u00a0je to tu! Miesto mojej vla\u0148aj\u0161ej smoly. Ako som si to na tomto mieste minul\u00fd rok svi\u017ene spustil nadol, dnes pomaly opatrne sch\u00e1dzam, o\u010dami jastr\u00edm po pneumatikov\u00fdch n\u00e1strah\u00e1ch. A\u00a0je ich tu ozaj dos\u0165. Mno\u017estvo vo\u013en\u00fdch ostr\u00fdch kame\u0148ov na pomerne rovnom, tvrdom, hlinitom povrchu. Hanba-nehanba, obieha ma mo\u017eno aj dvadsiatka bikerov. U\u00a0m\u0148a je to jazda ako na zatiahnut\u00fa ru\u010dn\u00fa brzdu. Myslel som, \u017ee po prejden\u00ed tohto \u00faseku budem u\u017e psychicky v pohode. Nestalo sa tak. St\u00e1le m\u00e1m dojem, \u017ee mi zadn\u00e9 koleso pl\u00e1va. Nerv\u00f3zne ho st\u00e1le kontrolujem poh\u013eadom. A\u00a0tak\u00e1to nepohoda ma dr\u017e\u00ed cel\u00fa tra\u0165. A\u017e\u00a0z\u00e1vere\u010dn\u00e9 single na \u201ekorenatom\u201c podklade ma don\u00fatia s\u00fastredi\u0165 sa na techniku jazdy a\u00a0ako sa hovor\u00ed, neustla\u0165 si. Po\u010dujem za sebou hlas kamar\u00e1ta. Spoza chrbta mi kri\u010d\u00ed:\u00a0<em>\u201cPe\u0165o, pusti ma!\u201c<\/em>\u00a0Ja mu na to:\u00a0<em>\u201eKe\u010f chce\u0161 hodi\u0165 tigra, cho\u010f!\u201c<\/em>\u00a0Uvo\u013enil som mu miesto na singli a\u00a0sledoval, ako jeho vy\u0161\u0161ie zdvihy hltaj\u00fa korene. Zastavili ho a\u017e dva bl\u00edzko pri sebe rast\u00face stromy. Zaplatil da\u0148 za modern\u00e9, \u0161irok\u00e1nske rajdy. Le\u017eiac na zemi mi k\u00fdva rukou a\u00a0vrav\u00ed:\u00a0<em>\u201eCho\u010f, som v\u00a0poriadku!\u201c<\/em>\u00a0(po pretekoch mi v\u0161ak uk\u00e1zal celkom pekn\u00fa cestn\u00fa li\u0161aj na nohe). Z\u00e1vere\u010dn\u00e9 single ma doslova vyp\u013euli na cie\u013eov\u00fa rovinku. Pozer\u00e1m na tabu\u013eu s\u00a0v\u00fdsledn\u00fdm \u010dasom, av\u0161ak\u00a0nevid\u00edm svoje umiestnenie. Prejdem za bari\u00e9ru, kde ma v\u00edta priate\u013eova man\u017eelka a\u00a0pod\u00e1va mi ruku so slovami:\u00a0<em>\u201eGratulujem k\u00a0v\u00ed\u0165azstvu v\u00a0tvojej kateg\u00f3rii!\u201c<\/em>\u00a0Vraj to hl\u00e1sil koment\u00e1tor. Chyt\u00edm prstami zadn\u00fa gumu. Je tvrd\u00e1! A\u017e v\u00a0tomto momente zo m\u0148a spadla nervozita. S\u00a0\u00fa\u013eavou si vyd\u00fdchnem, repar\u00e1t uroben\u00fd a\u00a0idem do bufetu. \u010co to nevid\u00edm. Chleba s\u00a0mas\u0165ou a\u00a0s\u00a0cibu\u013eou. Ka\u0161la\u0165 na ty\u010dinky, keksy, ban\u00e1ny a\u00a0in\u00e9 \u201epahlty\u201c. Natiahnem ruku pre chlieb a\u00a0potom znova a\u00a0znova&#8230;<\/p>\n<div id='gallery-1' class='gallery galleryid-1976 gallery-columns-2 gallery-size-full'><figure class='gallery-item'>\n\t\t\t<div class='gallery-icon landscape'>\n\t\t\t\t<a href='https:\/\/d2p6e6u75xmxt8.cloudfront.net\/4\/2017\/08\/horal_31-scaled.webp'><img loading=\"lazy\" decoding=\"async\" width=\"2560\" height=\"1708\" src=\"https:\/\/d2p6e6u75xmxt8.cloudfront.net\/4\/2017\/08\/horal_31-scaled.webp\" class=\"attachment-full size-full\" alt=\"\" srcset=\"https:\/\/d2p6e6u75xmxt8.cloudfront.net\/4\/2017\/08\/horal_31-scaled.webp 2560w, https:\/\/d2p6e6u75xmxt8.cloudfront.net\/4\/2017\/08\/horal_31-300x200.webp 300w, https:\/\/d2p6e6u75xmxt8.cloudfront.net\/4\/2017\/08\/horal_31-1024x683.webp 1024w, https:\/\/d2p6e6u75xmxt8.cloudfront.net\/4\/2017\/08\/horal_31-768x513.webp 768w, https:\/\/d2p6e6u75xmxt8.cloudfront.net\/4\/2017\/08\/horal_31-1536x1025.webp 1536w, https:\/\/d2p6e6u75xmxt8.cloudfront.net\/4\/2017\/08\/horal_31-2048x1367.webp 2048w, https:\/\/d2p6e6u75xmxt8.cloudfront.net\/4\/2017\/08\/horal_31-1920x1281.webp 1920w, https:\/\/d2p6e6u75xmxt8.cloudfront.net\/4\/2017\/08\/horal_31-272x182.webp 272w, https:\/\/d2p6e6u75xmxt8.cloudfront.net\/4\/2017\/08\/horal_31-1920x1281.webp 1920w\" sizes=\"auto, (max-width: 2560px) 100vw, 2560px\" \/><\/a>\n\t\t\t<\/div><\/figure><figure class='gallery-item'>\n\t\t\t<div class='gallery-icon landscape'>\n\t\t\t\t<a href='https:\/\/d2p6e6u75xmxt8.cloudfront.net\/4\/2017\/08\/horal_30-scaled.webp'><img loading=\"lazy\" decoding=\"async\" width=\"2560\" height=\"1708\" src=\"https:\/\/d2p6e6u75xmxt8.cloudfront.net\/4\/2017\/08\/horal_30-scaled.webp\" class=\"attachment-full size-full\" alt=\"\" srcset=\"https:\/\/d2p6e6u75xmxt8.cloudfront.net\/4\/2017\/08\/horal_30-scaled.webp 2560w, https:\/\/d2p6e6u75xmxt8.cloudfront.net\/4\/2017\/08\/horal_30-300x200.webp 300w, https:\/\/d2p6e6u75xmxt8.cloudfront.net\/4\/2017\/08\/horal_30-1024x683.webp 1024w, https:\/\/d2p6e6u75xmxt8.cloudfront.net\/4\/2017\/08\/horal_30-768x513.webp 768w, https:\/\/d2p6e6u75xmxt8.cloudfront.net\/4\/2017\/08\/horal_30-1536x1025.webp 1536w, https:\/\/d2p6e6u75xmxt8.cloudfront.net\/4\/2017\/08\/horal_30-2048x1367.webp 2048w, https:\/\/d2p6e6u75xmxt8.cloudfront.net\/4\/2017\/08\/horal_30-1920x1281.webp 1920w, https:\/\/d2p6e6u75xmxt8.cloudfront.net\/4\/2017\/08\/horal_30-272x182.webp 272w, https:\/\/d2p6e6u75xmxt8.cloudfront.net\/4\/2017\/08\/horal_30-1920x1281.webp 1920w\" sizes=\"auto, (max-width: 2560px) 100vw, 2560px\" \/><\/a>\n\t\t\t<\/div><\/figure>\n\t\t<\/div>\n\n<h2><strong>Chv\u00e1lim podujatie<\/strong><\/h2>\n<p>Mus\u00edm poveda\u0165, \u017ee toto podujatie vo mne zanechalo op\u00e4\u0165 v\u00fdborn\u00fd dojem, a t\u00fdm nemysl\u00edm len to, \u010do sa t\u00fdka samotnej trate a jej zabezpe\u010denia. T\u00e1 bola na vysokej \u00farovni a to, \u017ee sa na druh\u00fd de\u0148 konali majstrovstv\u00e1 Eur\u00f3py, nemalo na celkov\u00fa kvalitu \u017eiadnen vplyv. Pote\u0161ilo najm\u00e4 v\u00fdborn\u00e9 z\u00e1zemie, kde nebol probl\u00e9m sa zabavi\u0165 aj mimo bicykla. \u013dudia, ktor\u00ed pri\u0161li ako sprievod, pr\u00edpadne bez amb\u00edci\u00ed postavi\u0165 sa na \u0161tart, mohli rovnako dobre \u201enas\u00e1va\u0165\u201c celkov\u00fa atmosf\u00e9ru. Nebola n\u00fadza o ob\u010derstvenie a hlavne bohat\u00fd kult\u00farny program, ktor\u00fd v\u00fdborne vyplnil miesto, k\u00fdm nepri\u0161lo vyhl\u00e1senie a samozrejme tradi\u010dne bohat\u00e1 tombola \u2013 bicykel \u0160koda teda na\u0161iel op\u00e4\u0165 nov\u00e9ho majite\u013ea. To v\u0161etko d\u00e1va t\u00fdmto podujatiam ove\u013ea \u0161ir\u0161\u00ed rozmer a umo\u017en\u00ed vytvori\u0165 po\u010detn\u00fa komunitu \u013eud\u00ed na rovnakej vlne. A o tom vlastne tieto marat\u00f3ny s\u00fa&#8230;<\/p>\n<div id='gallery-2' class='gallery galleryid-1976 gallery-columns-2 gallery-size-full'><figure class='gallery-item'>\n\t\t\t<div class='gallery-icon landscape'>\n\t\t\t\t<a href='https:\/\/d2p6e6u75xmxt8.cloudfront.net\/4\/2017\/08\/horal_48-scaled.webp'><img loading=\"lazy\" decoding=\"async\" width=\"2560\" height=\"1708\" src=\"https:\/\/d2p6e6u75xmxt8.cloudfront.net\/4\/2017\/08\/horal_48-scaled.webp\" class=\"attachment-full size-full\" alt=\"\" srcset=\"https:\/\/d2p6e6u75xmxt8.cloudfront.net\/4\/2017\/08\/horal_48-scaled.webp 2560w, https:\/\/d2p6e6u75xmxt8.cloudfront.net\/4\/2017\/08\/horal_48-300x200.webp 300w, https:\/\/d2p6e6u75xmxt8.cloudfront.net\/4\/2017\/08\/horal_48-1024x683.webp 1024w, https:\/\/d2p6e6u75xmxt8.cloudfront.net\/4\/2017\/08\/horal_48-768x513.webp 768w, https:\/\/d2p6e6u75xmxt8.cloudfront.net\/4\/2017\/08\/horal_48-1536x1025.webp 1536w, https:\/\/d2p6e6u75xmxt8.cloudfront.net\/4\/2017\/08\/horal_48-2048x1367.webp 2048w, https:\/\/d2p6e6u75xmxt8.cloudfront.net\/4\/2017\/08\/horal_48-1920x1281.webp 1920w, https:\/\/d2p6e6u75xmxt8.cloudfront.net\/4\/2017\/08\/horal_48-272x182.webp 272w, https:\/\/d2p6e6u75xmxt8.cloudfront.net\/4\/2017\/08\/horal_48-1920x1281.webp 1920w\" sizes=\"auto, (max-width: 2560px) 100vw, 2560px\" \/><\/a>\n\t\t\t<\/div><\/figure><figure class='gallery-item'>\n\t\t\t<div class='gallery-icon landscape'>\n\t\t\t\t<a href='https:\/\/d2p6e6u75xmxt8.cloudfront.net\/4\/2017\/08\/horal_49-scaled.webp'><img loading=\"lazy\" decoding=\"async\" width=\"2560\" height=\"1708\" src=\"https:\/\/d2p6e6u75xmxt8.cloudfront.net\/4\/2017\/08\/horal_49-scaled.webp\" class=\"attachment-full size-full\" alt=\"\" srcset=\"https:\/\/d2p6e6u75xmxt8.cloudfront.net\/4\/2017\/08\/horal_49-scaled.webp 2560w, https:\/\/d2p6e6u75xmxt8.cloudfront.net\/4\/2017\/08\/horal_49-300x200.webp 300w, https:\/\/d2p6e6u75xmxt8.cloudfront.net\/4\/2017\/08\/horal_49-1024x683.webp 1024w, https:\/\/d2p6e6u75xmxt8.cloudfront.net\/4\/2017\/08\/horal_49-768x513.webp 768w, https:\/\/d2p6e6u75xmxt8.cloudfront.net\/4\/2017\/08\/horal_49-1536x1025.webp 1536w, https:\/\/d2p6e6u75xmxt8.cloudfront.net\/4\/2017\/08\/horal_49-2048x1367.webp 2048w, https:\/\/d2p6e6u75xmxt8.cloudfront.net\/4\/2017\/08\/horal_49-1920x1281.webp 1920w, https:\/\/d2p6e6u75xmxt8.cloudfront.net\/4\/2017\/08\/horal_49-272x182.webp 272w, https:\/\/d2p6e6u75xmxt8.cloudfront.net\/4\/2017\/08\/horal_49-1920x1281.webp 1920w\" sizes=\"auto, (max-width: 2560px) 100vw, 2560px\" \/><\/a>\n\t\t\t<\/div><\/figure>\n\t\t<\/div>\n\n<p>Nezabudnite, \u017ee 2.9. sa kon\u00e1 fin\u00e1le celej \u0160BOT na podujat\u00ed <a href=\"http:\/\/www.maratonslovenskyraj.sk\/\">\u0160koda Slovensk\u00fd raj<\/a>, kde okrem in\u00e9ho vyhodnot\u00edme cel\u00fa s\u00e9riu a rovnako si svojich majite\u013eov n\u00e1jde aj mno\u017estvo bicyklov, o ktor\u00e9 budeme s\u00fa\u0165a\u017ei\u0165 v z\u00e1vere\u010dnej tombole.<\/p>\n<div id='gallery-3' class='gallery galleryid-1976 gallery-columns-2 gallery-size-full'><figure class='gallery-item'>\n\t\t\t<div class='gallery-icon landscape'>\n\t\t\t\t<a href='https:\/\/d2p6e6u75xmxt8.cloudfront.net\/4\/2017\/08\/horal_50-scaled.webp'><img loading=\"lazy\" decoding=\"async\" width=\"2560\" height=\"1708\" src=\"https:\/\/d2p6e6u75xmxt8.cloudfront.net\/4\/2017\/08\/horal_50-scaled.webp\" class=\"attachment-full size-full\" alt=\"\" srcset=\"https:\/\/d2p6e6u75xmxt8.cloudfront.net\/4\/2017\/08\/horal_50-scaled.webp 2560w, https:\/\/d2p6e6u75xmxt8.cloudfront.net\/4\/2017\/08\/horal_50-300x200.webp 300w, https:\/\/d2p6e6u75xmxt8.cloudfront.net\/4\/2017\/08\/horal_50-1024x683.webp 1024w, https:\/\/d2p6e6u75xmxt8.cloudfront.net\/4\/2017\/08\/horal_50-768x513.webp 768w, https:\/\/d2p6e6u75xmxt8.cloudfront.net\/4\/2017\/08\/horal_50-1536x1025.webp 1536w, https:\/\/d2p6e6u75xmxt8.cloudfront.net\/4\/2017\/08\/horal_50-2048x1367.webp 2048w, https:\/\/d2p6e6u75xmxt8.cloudfront.net\/4\/2017\/08\/horal_50-1920x1281.webp 1920w, https:\/\/d2p6e6u75xmxt8.cloudfront.net\/4\/2017\/08\/horal_50-272x182.webp 272w, https:\/\/d2p6e6u75xmxt8.cloudfront.net\/4\/2017\/08\/horal_50-1920x1281.webp 1920w\" sizes=\"auto, (max-width: 2560px) 100vw, 2560px\" \/><\/a>\n\t\t\t<\/div><\/figure><figure class='gallery-item'>\n\t\t\t<div class='gallery-icon landscape'>\n\t\t\t\t<a href='https:\/\/d2p6e6u75xmxt8.cloudfront.net\/4\/2017\/08\/horal_47-scaled.webp'><img loading=\"lazy\" decoding=\"async\" width=\"2560\" height=\"1708\" src=\"https:\/\/d2p6e6u75xmxt8.cloudfront.net\/4\/2017\/08\/horal_47-scaled.webp\" class=\"attachment-full size-full\" alt=\"\" srcset=\"https:\/\/d2p6e6u75xmxt8.cloudfront.net\/4\/2017\/08\/horal_47-scaled.webp 2560w, https:\/\/d2p6e6u75xmxt8.cloudfront.net\/4\/2017\/08\/horal_47-300x200.webp 300w, https:\/\/d2p6e6u75xmxt8.cloudfront.net\/4\/2017\/08\/horal_47-1024x683.webp 1024w, https:\/\/d2p6e6u75xmxt8.cloudfront.net\/4\/2017\/08\/horal_47-768x513.webp 768w, https:\/\/d2p6e6u75xmxt8.cloudfront.net\/4\/2017\/08\/horal_47-1536x1025.webp 1536w, https:\/\/d2p6e6u75xmxt8.cloudfront.net\/4\/2017\/08\/horal_47-2048x1367.webp 2048w, https:\/\/d2p6e6u75xmxt8.cloudfront.net\/4\/2017\/08\/horal_47-1920x1281.webp 1920w, https:\/\/d2p6e6u75xmxt8.cloudfront.net\/4\/2017\/08\/horal_47-272x182.webp 272w, https:\/\/d2p6e6u75xmxt8.cloudfront.net\/4\/2017\/08\/horal_47-1920x1281.webp 1920w\" sizes=\"auto, (max-width: 2560px) 100vw, 2560px\" \/><\/a>\n\t\t\t<\/div><\/figure>\n\t\t<\/div>\n\n","protected":false},"excerpt":{"rendered":"<p>P\u00f4vodn\u00e9 predpovede o zlom po\u010das\u00ed sa nenaplnili a pretek\u00e1rov \u010dakali poriadne r\u00fdchle trate, na ktor\u00fdch bojovalo cez 800 bikerov.<\/p>\n","protected":false},"author":38,"featured_media":1980,"comment_status":"open","ping_status":"open","sticky":false,"template":"","format":"standard","meta":{"footnotes":""},"categories":[3,38,33],"tags":[211,180,178,179,39,35,214],"global-categories":[],"class_list":["post-1976","post","type-post","status-publish","format-standard","has-post-thumbnail","hentry","category-mtb","category-reportaz","category-sbot","tag-horal","tag-horska-cyklistika","tag-maraton","tag-preteky","tag-reportaz","tag-sbot","tag-skoda-horal-mtb-maraton"],"yoast_head":"<!-- This site is optimized with the Yoast SEO Premium plugin v25.3 (Yoast SEO v25.9) - https:\/\/yoast.com\/wordpress\/plugins\/seo\/ -->\n<title>REPORT\u00c1\u017d: V porad\u00ed 5. kolo \u0160BOT hostil \u0160koda Horal MTB marat\u00f3n a Svit op\u00e4\u0165 praskal vo \u0161v\u00edkoch - \u0160koda We Love Cycling Slovensko<\/title>\n<meta name=\"robots\" content=\"index, follow, max-snippet:-1, max-image-preview:large, max-video-preview:-1\" \/>\n<link rel=\"canonical\" href=\"https:\/\/www.welovecycling.com\/sk\/2017\/08\/14\/reportaz-poradi-5-kolo-sbot-hostil-skoda-horal-mtb-maraton-svit-opat-praskal-vo-svikoch\/\" \/>\n<meta property=\"og:locale\" content=\"sk_SK\" \/>\n<meta property=\"og:type\" content=\"article\" \/>\n<meta property=\"og:title\" content=\"REPORT\u00c1\u017d: V porad\u00ed 5. kolo \u0160BOT hostil \u0160koda Horal MTB marat\u00f3n a Svit op\u00e4\u0165 praskal vo \u0161v\u00edkoch\" \/>\n<meta property=\"og:description\" content=\"P\u00f4vodn\u00e9 predpovede o zlom po\u010das\u00ed sa nenaplnili a pretek\u00e1rov \u010dakali poriadne r\u00fdchle trate, na ktor\u00fdch bojovalo cez 800 bikerov.\" \/>\n<meta property=\"og:url\" content=\"https:\/\/www.welovecycling.com\/sk\/2017\/08\/14\/reportaz-poradi-5-kolo-sbot-hostil-skoda-horal-mtb-maraton-svit-opat-praskal-vo-svikoch\/\" \/>\n<meta property=\"og:site_name\" content=\"\u0160koda We Love Cycling Slovensko\" \/>\n<meta property=\"article:published_time\" content=\"2017-08-14T17:01:32+00:00\" \/>\n<meta property=\"article:modified_time\" content=\"2017-12-18T12:03:22+00:00\" \/>\n<meta property=\"og:image\" content=\"https:\/\/d2p6e6u75xmxt8.cloudfront.net\/4\/2017\/08\/horal_26.webp\" \/>\n\t<meta property=\"og:image:width\" content=\"1373\" \/>\n\t<meta property=\"og:image:height\" content=\"600\" \/>\n\t<meta property=\"og:image:type\" content=\"image\/webp\" \/>\n<meta name=\"author\" content=\"Ondrej Ga\u0161par\" \/>\n<meta name=\"twitter:card\" content=\"summary_large_image\" \/>\n<meta name=\"twitter:label1\" content=\"Written by\" \/>\n\t<meta name=\"twitter:data1\" content=\"Martin Imrich\" \/>\n\t<meta name=\"twitter:label2\" content=\"Est. reading time\" \/>\n\t<meta name=\"twitter:data2\" content=\"5 minutes\" \/>\n<script type=\"application\/ld+json\" class=\"yoast-schema-graph\">{\"@context\":\"https:\/\/schema.org\",\"@graph\":[{\"@type\":\"WebPage\",\"@id\":\"https:\/\/www.welovecycling.com\/sk\/2017\/08\/14\/reportaz-poradi-5-kolo-sbot-hostil-skoda-horal-mtb-maraton-svit-opat-praskal-vo-svikoch\/\",\"url\":\"https:\/\/www.welovecycling.com\/sk\/2017\/08\/14\/reportaz-poradi-5-kolo-sbot-hostil-skoda-horal-mtb-maraton-svit-opat-praskal-vo-svikoch\/\",\"name\":\"REPORT\u00c1\u017d: V porad\u00ed 5. kolo \u0160BOT hostil \u0160koda Horal MTB marat\u00f3n a Svit op\u00e4\u0165 praskal vo \u0161v\u00edkoch - \u0160koda We Love Cycling Slovensko\",\"isPartOf\":{\"@id\":\"https:\/\/www.welovecycling.com\/sk\/#website\"},\"primaryImageOfPage\":{\"@id\":\"https:\/\/www.welovecycling.com\/sk\/2017\/08\/14\/reportaz-poradi-5-kolo-sbot-hostil-skoda-horal-mtb-maraton-svit-opat-praskal-vo-svikoch\/#primaryimage\"},\"image\":{\"@id\":\"https:\/\/www.welovecycling.com\/sk\/2017\/08\/14\/reportaz-poradi-5-kolo-sbot-hostil-skoda-horal-mtb-maraton-svit-opat-praskal-vo-svikoch\/#primaryimage\"},\"thumbnailUrl\":\"https:\/\/d2p6e6u75xmxt8.cloudfront.net\/4\/2017\/08\/horal_26.webp\",\"datePublished\":\"2017-08-14T17:01:32+00:00\",\"dateModified\":\"2017-12-18T12:03:22+00:00\",\"author\":{\"@id\":\"https:\/\/www.welovecycling.com\/sk\/#\/schema\/person\/8ee09ba39b7e25b1870160aa5b3a89bc\"},\"breadcrumb\":{\"@id\":\"https:\/\/www.welovecycling.com\/sk\/2017\/08\/14\/reportaz-poradi-5-kolo-sbot-hostil-skoda-horal-mtb-maraton-svit-opat-praskal-vo-svikoch\/#breadcrumb\"},\"inLanguage\":\"sk-SK\",\"potentialAction\":[{\"@type\":\"ReadAction\",\"target\":[\"https:\/\/www.welovecycling.com\/sk\/2017\/08\/14\/reportaz-poradi-5-kolo-sbot-hostil-skoda-horal-mtb-maraton-svit-opat-praskal-vo-svikoch\/\"]}]},{\"@type\":\"ImageObject\",\"inLanguage\":\"sk-SK\",\"@id\":\"https:\/\/www.welovecycling.com\/sk\/2017\/08\/14\/reportaz-poradi-5-kolo-sbot-hostil-skoda-horal-mtb-maraton-svit-opat-praskal-vo-svikoch\/#primaryimage\",\"url\":\"https:\/\/d2p6e6u75xmxt8.cloudfront.net\/4\/2017\/08\/horal_26.webp\",\"contentUrl\":\"https:\/\/d2p6e6u75xmxt8.cloudfront.net\/4\/2017\/08\/horal_26.webp\",\"width\":1373,\"height\":600},{\"@type\":\"BreadcrumbList\",\"@id\":\"https:\/\/www.welovecycling.com\/sk\/2017\/08\/14\/reportaz-poradi-5-kolo-sbot-hostil-skoda-horal-mtb-maraton-svit-opat-praskal-vo-svikoch\/#breadcrumb\",\"itemListElement\":[{\"@type\":\"ListItem\",\"position\":1,\"name\":\"Home\",\"item\":\"https:\/\/www.welovecycling.com\/sk\/\"},{\"@type\":\"ListItem\",\"position\":2,\"name\":\"REPORT\u00c1\u017d: V porad\u00ed 5. kolo \u0160BOT hostil \u0160koda Horal MTB marat\u00f3n a Svit op\u00e4\u0165 praskal vo \u0161v\u00edkoch\"}]},{\"@type\":\"WebSite\",\"@id\":\"https:\/\/www.welovecycling.com\/sk\/#website\",\"url\":\"https:\/\/www.welovecycling.com\/sk\/\",\"name\":\"\u0160koda We Love Cycling Slovensko\",\"description\":\"\u0160koda We Love Cycling Slovensko je v\u00e1\u0161 ka\u017edodenn\u00fd zdroj noviniek a in\u0161pir\u00e1cie z sveta cyklistiky\",\"potentialAction\":[{\"@type\":\"SearchAction\",\"target\":{\"@type\":\"EntryPoint\",\"urlTemplate\":\"https:\/\/www.welovecycling.com\/sk\/?s={search_term_string}\"},\"query-input\":{\"@type\":\"PropertyValueSpecification\",\"valueRequired\":true,\"valueName\":\"search_term_string\"}}],\"inLanguage\":\"sk-SK\"},{\"@type\":\"Person\",\"@id\":\"https:\/\/www.welovecycling.com\/sk\/#\/schema\/person\/8ee09ba39b7e25b1870160aa5b3a89bc\",\"name\":\"Ondrej Ga\u0161par\",\"image\":{\"@type\":\"ImageObject\",\"inLanguage\":\"sk-SK\",\"@id\":\"https:\/\/www.welovecycling.com\/sk\/#\/schema\/person\/image\/\",\"url\":\"https:\/\/secure.gravatar.com\/avatar\/6126c9afb87b70da5abbb083ddbb21933da15f18f8ca7cb822aba0fb096a48f6?s=96&d=mm&r=g\",\"contentUrl\":\"https:\/\/secure.gravatar.com\/avatar\/6126c9afb87b70da5abbb083ddbb21933da15f18f8ca7cb822aba0fb096a48f6?s=96&d=mm&r=g\",\"caption\":\"Ondrej Ga\u0161par\"},\"url\":\"https:\/\/www.welovecycling.com\/sk\/author\/ondrejgaspar\/\"}]}<\/script>\n<!-- \/ Yoast SEO Premium plugin. -->","yoast_head_json":{"title":"REPORT\u00c1\u017d: V porad\u00ed 5. kolo \u0160BOT hostil \u0160koda Horal MTB marat\u00f3n a Svit op\u00e4\u0165 praskal vo \u0161v\u00edkoch - \u0160koda We Love Cycling Slovensko","robots":{"index":"index","follow":"follow","max-snippet":"max-snippet:-1","max-image-preview":"max-image-preview:large","max-video-preview":"max-video-preview:-1"},"canonical":"https:\/\/www.welovecycling.com\/sk\/2017\/08\/14\/reportaz-poradi-5-kolo-sbot-hostil-skoda-horal-mtb-maraton-svit-opat-praskal-vo-svikoch\/","og_locale":"sk_SK","og_type":"article","og_title":"REPORT\u00c1\u017d: V porad\u00ed 5. kolo \u0160BOT hostil \u0160koda Horal MTB marat\u00f3n a Svit op\u00e4\u0165 praskal vo \u0161v\u00edkoch","og_description":"P\u00f4vodn\u00e9 predpovede o zlom po\u010das\u00ed sa nenaplnili a pretek\u00e1rov \u010dakali poriadne r\u00fdchle trate, na ktor\u00fdch bojovalo cez 800 bikerov.","og_url":"https:\/\/www.welovecycling.com\/sk\/2017\/08\/14\/reportaz-poradi-5-kolo-sbot-hostil-skoda-horal-mtb-maraton-svit-opat-praskal-vo-svikoch\/","og_site_name":"\u0160koda We Love Cycling Slovensko","article_published_time":"2017-08-14T17:01:32+00:00","article_modified_time":"2017-12-18T12:03:22+00:00","og_image":[{"width":1373,"height":600,"url":"https:\/\/d2p6e6u75xmxt8.cloudfront.net\/4\/2017\/08\/horal_26.webp","type":"image\/webp"}],"author":"Ondrej Ga\u0161par","twitter_card":"summary_large_image","twitter_misc":{"Written by":"Martin Imrich","Est. reading time":"5 minutes"},"schema":{"@context":"https:\/\/schema.org","@graph":[{"@type":"WebPage","@id":"https:\/\/www.welovecycling.com\/sk\/2017\/08\/14\/reportaz-poradi-5-kolo-sbot-hostil-skoda-horal-mtb-maraton-svit-opat-praskal-vo-svikoch\/","url":"https:\/\/www.welovecycling.com\/sk\/2017\/08\/14\/reportaz-poradi-5-kolo-sbot-hostil-skoda-horal-mtb-maraton-svit-opat-praskal-vo-svikoch\/","name":"REPORT\u00c1\u017d: V porad\u00ed 5. kolo \u0160BOT hostil \u0160koda Horal MTB marat\u00f3n a Svit op\u00e4\u0165 praskal vo \u0161v\u00edkoch - \u0160koda We Love Cycling Slovensko","isPartOf":{"@id":"https:\/\/www.welovecycling.com\/sk\/#website"},"primaryImageOfPage":{"@id":"https:\/\/www.welovecycling.com\/sk\/2017\/08\/14\/reportaz-poradi-5-kolo-sbot-hostil-skoda-horal-mtb-maraton-svit-opat-praskal-vo-svikoch\/#primaryimage"},"image":{"@id":"https:\/\/www.welovecycling.com\/sk\/2017\/08\/14\/reportaz-poradi-5-kolo-sbot-hostil-skoda-horal-mtb-maraton-svit-opat-praskal-vo-svikoch\/#primaryimage"},"thumbnailUrl":"https:\/\/d2p6e6u75xmxt8.cloudfront.net\/4\/2017\/08\/horal_26.webp","datePublished":"2017-08-14T17:01:32+00:00","dateModified":"2017-12-18T12:03:22+00:00","author":{"@id":"https:\/\/www.welovecycling.com\/sk\/#\/schema\/person\/8ee09ba39b7e25b1870160aa5b3a89bc"},"breadcrumb":{"@id":"https:\/\/www.welovecycling.com\/sk\/2017\/08\/14\/reportaz-poradi-5-kolo-sbot-hostil-skoda-horal-mtb-maraton-svit-opat-praskal-vo-svikoch\/#breadcrumb"},"inLanguage":"sk-SK","potentialAction":[{"@type":"ReadAction","target":["https:\/\/www.welovecycling.com\/sk\/2017\/08\/14\/reportaz-poradi-5-kolo-sbot-hostil-skoda-horal-mtb-maraton-svit-opat-praskal-vo-svikoch\/"]}]},{"@type":"ImageObject","inLanguage":"sk-SK","@id":"https:\/\/www.welovecycling.com\/sk\/2017\/08\/14\/reportaz-poradi-5-kolo-sbot-hostil-skoda-horal-mtb-maraton-svit-opat-praskal-vo-svikoch\/#primaryimage","url":"https:\/\/d2p6e6u75xmxt8.cloudfront.net\/4\/2017\/08\/horal_26.webp","contentUrl":"https:\/\/d2p6e6u75xmxt8.cloudfront.net\/4\/2017\/08\/horal_26.webp","width":1373,"height":600},{"@type":"BreadcrumbList","@id":"https:\/\/www.welovecycling.com\/sk\/2017\/08\/14\/reportaz-poradi-5-kolo-sbot-hostil-skoda-horal-mtb-maraton-svit-opat-praskal-vo-svikoch\/#breadcrumb","itemListElement":[{"@type":"ListItem","position":1,"name":"Home","item":"https:\/\/www.welovecycling.com\/sk\/"},{"@type":"ListItem","position":2,"name":"REPORT\u00c1\u017d: V porad\u00ed 5. kolo \u0160BOT hostil \u0160koda Horal MTB marat\u00f3n a Svit op\u00e4\u0165 praskal vo \u0161v\u00edkoch"}]},{"@type":"WebSite","@id":"https:\/\/www.welovecycling.com\/sk\/#website","url":"https:\/\/www.welovecycling.com\/sk\/","name":"\u0160koda We Love Cycling Slovensko","description":"\u0160koda We Love Cycling Slovensko je v\u00e1\u0161 ka\u017edodenn\u00fd zdroj noviniek a in\u0161pir\u00e1cie z sveta cyklistiky","potentialAction":[{"@type":"SearchAction","target":{"@type":"EntryPoint","urlTemplate":"https:\/\/www.welovecycling.com\/sk\/?s={search_term_string}"},"query-input":{"@type":"PropertyValueSpecification","valueRequired":true,"valueName":"search_term_string"}}],"inLanguage":"sk-SK"},{"@type":"Person","@id":"https:\/\/www.welovecycling.com\/sk\/#\/schema\/person\/8ee09ba39b7e25b1870160aa5b3a89bc","name":"Ondrej Ga\u0161par","image":{"@type":"ImageObject","inLanguage":"sk-SK","@id":"https:\/\/www.welovecycling.com\/sk\/#\/schema\/person\/image\/","url":"https:\/\/secure.gravatar.com\/avatar\/6126c9afb87b70da5abbb083ddbb21933da15f18f8ca7cb822aba0fb096a48f6?s=96&d=mm&r=g","contentUrl":"https:\/\/secure.gravatar.com\/avatar\/6126c9afb87b70da5abbb083ddbb21933da15f18f8ca7cb822aba0fb096a48f6?s=96&d=mm&r=g","caption":"Ondrej Ga\u0161par"},"url":"https:\/\/www.welovecycling.com\/sk\/author\/ondrejgaspar\/"}]}},"_links":{"self":[{"href":"https:\/\/www.welovecycling.com\/sk\/wp-json\/wp\/v2\/posts\/1976","targetHints":{"allow":["GET"]}}],"collection":[{"href":"https:\/\/www.welovecycling.com\/sk\/wp-json\/wp\/v2\/posts"}],"about":[{"href":"https:\/\/www.welovecycling.com\/sk\/wp-json\/wp\/v2\/types\/post"}],"author":[{"embeddable":true,"href":"https:\/\/www.welovecycling.com\/sk\/wp-json\/wp\/v2\/users\/38"}],"replies":[{"embeddable":true,"href":"https:\/\/www.welovecycling.com\/sk\/wp-json\/wp\/v2\/comments?post=1976"}],"version-history":[{"count":2,"href":"https:\/\/www.welovecycling.com\/sk\/wp-json\/wp\/v2\/posts\/1976\/revisions"}],"predecessor-version":[{"id":1996,"href":"https:\/\/www.welovecycling.com\/sk\/wp-json\/wp\/v2\/posts\/1976\/revisions\/1996"}],"wp:featuredmedia":[{"embeddable":true,"href":"https:\/\/www.welovecycling.com\/sk\/wp-json\/wp\/v2\/media\/1980"}],"wp:attachment":[{"href":"https:\/\/www.welovecycling.com\/sk\/wp-json\/wp\/v2\/media?parent=1976"}],"wp:term":[{"taxonomy":"category","embeddable":true,"href":"https:\/\/www.welovecycling.com\/sk\/wp-json\/wp\/v2\/categories?post=1976"},{"taxonomy":"post_tag","embeddable":true,"href":"https:\/\/www.welovecycling.com\/sk\/wp-json\/wp\/v2\/tags?post=1976"},{"taxonomy":"global-categories","embeddable":true,"href":"https:\/\/www.welovecycling.com\/sk\/wp-json\/wp\/v2\/global-categories?post=1976"}],"curies":[{"name":"wp","href":"https:\/\/api.w.org\/{rel}","templated":true}]}}