{"id":19749,"date":"2024-10-14T14:10:39","date_gmt":"2024-10-14T12:10:39","guid":{"rendered":"https:\/\/www.welovecycling.com\/sk\/?p=19749"},"modified":"2024-10-14T14:27:15","modified_gmt":"2024-10-14T12:27:15","slug":"reportaz-red-bull-hill-chasers-na-starte-so-svetovou-sampionkou","status":"publish","type":"post","link":"https:\/\/www.welovecycling.com\/sk\/2024\/10\/14\/reportaz-red-bull-hill-chasers-na-starte-so-svetovou-sampionkou\/","title":{"rendered":"Report\u00e1\u017e: Red Bull Hill Chasers &#8211; na \u0161tarte so svetovou \u0161ampi\u00f3nkou"},"content":{"rendered":"<p><strong>Strm\u00e9 ulice historickej Banskej \u0160tiavnice sa stali dejiskom legend\u00e1rneho podujatia Red Bull Hill Chasers, kde cyklisti a cyklistky \u010delili dla\u017eobn\u00e9mu st\u00fapaniu v ikonickom prostred\u00ed, ktor\u00e9 preverilo ich fyzick\u00fa aj ment\u00e1lnu odolnos\u0165.<\/strong><!--more--><\/p>\n<p><span style=\"font-weight: 400;\">Prv\u00fd ro\u010dn\u00edk Red Bull Hill Chasers 2024 na Slovensku sa konal v malebnej Banskej \u0160tiavnici, \u010do pretekom dodalo jedine\u010dn\u00fa atmosf\u00e9ru. Historick\u00e9 mesto, zn\u00e1me svojou bohatou ban\u00edckou hist\u00f3riou a kr\u00e1snou pr\u00edrodou, poskytlo dokonal\u00e9 prostredie pre unik\u00e1tne preteky do kopca. <strong>Pretek\u00e1ri zo v\u0161etk\u00fdch cyklistick\u00fdch odvetv\u00ed \u2013 od cestn\u00fdch cyklistov cez horsk\u00fdch jazdcov a\u017e po Wolt kuri\u00e9rov \u2013 pri\u0161li otestova\u0165 svoju silu a v\u00fddr\u017e na strmej a k\u013eukatej trati v uliciach mesta.<\/strong><\/span><\/p>\n<p><span style=\"font-weight: 400;\">Na \u0161tarte sa objavili aj ve\u013ek\u00e9 men\u00e1 slovensk\u00e9ho \u0161portu, a to konkr\u00e9tne juniorsk\u00e1 majsterka sveta v cross-country <\/span><a href=\"https:\/\/www.welovecycling.com\/sk\/2024\/09\/09\/rozhovor-viktoria-chladonova-slovenka-s-duhovym-dresom-a-skvele-rozbehnutou-karierou\/\" target=\"_blank\" rel=\"noopener\"><span style=\"font-weight: 400;\">Viki Chlado\u0148ov\u00e1<\/span><\/a><span style=\"font-weight: 400;\">, svetov\u00e1 v\u00ed\u0165azka v endure Simona Kuchy\u0148kov\u00e1, b\u00fdval\u00fd profesion\u00e1lny cyklista a spoluzakladate\u013e zna\u010dky Isadore Apparel <\/span><a href=\"https:\/\/www.welovecycling.com\/sk\/2023\/08\/14\/isadore-oslavuje-10-rokov-alebo-ako-spojit-svet-profesionalov-a-hobby-sportovcov\/\" target=\"_blank\" rel=\"noopener\"><span style=\"font-weight: 400;\">Peter Velits<\/span><\/a><span style=\"font-weight: 400;\"> a slovensk\u00e1 vodn\u00e1 slalom\u00e1rka Zuzka Pa\u0148kov\u00e1.<\/span><\/p>\n<figure id=\"attachment_19751\" aria-describedby=\"caption-attachment-19751\" style=\"width: 990px\" class=\"wp-caption alignnone\"><img loading=\"lazy\" decoding=\"async\" class=\"size-full wp-image-19751\" src=\"https:\/\/d2p6e6u75xmxt8.cloudfront.net\/4\/2024\/10\/Foto01.webp\" alt=\"Redbull Hill Chasers, Bansk\u00e1 \u0160tiavnica\" width=\"990\" height=\"660\" srcset=\"https:\/\/d2p6e6u75xmxt8.cloudfront.net\/4\/2024\/10\/Foto01.webp 990w, https:\/\/d2p6e6u75xmxt8.cloudfront.net\/4\/2024\/10\/Foto01-300x200.webp 300w, https:\/\/d2p6e6u75xmxt8.cloudfront.net\/4\/2024\/10\/Foto01-768x512.webp 768w, https:\/\/d2p6e6u75xmxt8.cloudfront.net\/4\/2024\/10\/Foto01-400x267.webp 400w, https:\/\/d2p6e6u75xmxt8.cloudfront.net\/4\/2024\/10\/Foto01-272x182.webp 272w\" sizes=\"auto, (max-width: 990px) 100vw, 990px\" \/><figcaption id=\"caption-attachment-19751\" class=\"wp-caption-text\">Redbull Hill Chasers od\u0161tartovali v\u00fdznamn\u00e9 men\u00e1 slovensk\u00e9ho \u0161portu<\/figcaption><\/figure>\n<h2><b>Premi\u00e9ra v Banskej \u0160tiavnici<\/b><\/h2>\n<p><span style=\"font-weight: 400;\">Tra\u0165 Red Bull Hill Chasers viedla cez malebn\u00e9, no n\u00e1ro\u010dn\u00e9 dl\u00e1\u017eden\u00e9 ulice mesta. <strong>Na vybranej 500-metrovej trati museli pretek\u00e1ri a pretek\u00e1rky prekona\u0165 43 v\u00fd\u0161kov\u00fdch metrov.<\/strong> V\u00fdber trate nebol n\u00e1hodn\u00fd, ke\u010f\u017ee Bansk\u00e1 \u0160tiavnica, ako jedno z najstar\u0161\u00edch miest na Slovensku a lokalita zap\u00edsan\u00e1 v zozname UNESCO, poskytla pretekom atmosf\u00e9ru, ktor\u00fa neza\u017eijete nikde inde.<\/span><\/p>\n<h2><b>Ako vyzeralo z\u00e1zemie a \u010do ma pote\u0161ilo zo \u0161tartovacieho bal\u00ed\u010dka?<\/b><\/h2>\n<p><span style=\"font-weight: 400;\">Registr\u00e1cia na Red Bull Hill Chasers bola otvoren\u00e1 v piatok pred pretekmi a v sobotu od 9:00 do 11:00. Z\u00e1zemie sa nach\u00e1dzalo p\u00e1r metrov od \u0161tartovacej br\u00e1ny. Na registr\u00e1cii sme sa prihl\u00e1sili a dostali sme \u010dip na meranie a \u0161tartovac\u00ed bal\u00ed\u010dek. <strong>K dispoz\u00edcii bol aj MTBIKER servisn\u00fd stan, kde sme si mohli necha\u0165 skontrolova\u0165 bicykle pred samotn\u00fdmi pretekmi.<\/strong><\/span><\/p>\n<p><span style=\"font-weight: 400;\">V \u0161tartovacom bal\u00ed\u010dku n\u00e1s pote\u0161ilo bavlnen\u00e9 tri\u010dko ako pamiatka na preteky, deodorant, z\u013eavy od partnerov a t\u00ed, ktor\u00ed si zak\u00fapili \u0161peci\u00e1lnu ed\u00edciu \u0161tartovn\u00e9ho, dostali aj n\u00e1dhern\u00fd dres zna\u010dky Isadore, vytvoren\u00fd pr\u00e1ve pre toto podujatie. Osobne som ve\u013ek\u00e1 fan\u00fa\u0161i\u010dka Wout van Aerta, tak\u017ee v\u0161etko s logom Red Bull vo mne vzbudzuje pocit, \u017ee m\u00e1m k nemu o \u010dosi bli\u017e\u0161ie.<\/span><\/p>\n<h2><b>\u0160tartov\u00e9 vlny, ktor\u00e9 rozhodovali o postupe<\/b><\/h2>\n<p><span style=\"font-weight: 400;\">Prv\u00ed pretek\u00e1ri od\u0161tartovali o 12:00. <strong>\u0160tartovac\u00ed interval bol nastaven\u00fd na 4 min\u00faty, pri\u010dom v ka\u017edej vlne bolo maxim\u00e1lne 6 \u0161tartuj\u00facich.<\/strong> Zatia\u013e \u010do mu\u017ei \u0161tartovali v 27 vln\u00e1ch, \u017eeny iba v 5 (toto je v\u00fdzva pre v\u0161etky \u017eeny, aby v\u00e1s bolo bud\u00faci rok na \u0161tarte viac).<\/span><\/p>\n<figure id=\"attachment_19752\" aria-describedby=\"caption-attachment-19752\" style=\"width: 990px\" class=\"wp-caption alignnone\"><img loading=\"lazy\" decoding=\"async\" class=\"size-full wp-image-19752\" src=\"https:\/\/d2p6e6u75xmxt8.cloudfront.net\/4\/2024\/10\/Foto_02.webp\" alt=\"ikonick\u00e1 z\u00e1kruta na trati Red Bull Hill Chasers\" width=\"990\" height=\"660\" srcset=\"https:\/\/d2p6e6u75xmxt8.cloudfront.net\/4\/2024\/10\/Foto_02.webp 990w, https:\/\/d2p6e6u75xmxt8.cloudfront.net\/4\/2024\/10\/Foto_02-300x200.webp 300w, https:\/\/d2p6e6u75xmxt8.cloudfront.net\/4\/2024\/10\/Foto_02-768x512.webp 768w, https:\/\/d2p6e6u75xmxt8.cloudfront.net\/4\/2024\/10\/Foto_02-400x267.webp 400w, https:\/\/d2p6e6u75xmxt8.cloudfront.net\/4\/2024\/10\/Foto_02-272x182.webp 272w\" sizes=\"auto, (max-width: 990px) 100vw, 990px\" \/><figcaption id=\"caption-attachment-19752\" class=\"wp-caption-text\">Ikonick\u00e1 z\u00e1kruta na trati Red Bull Hill Chasers<\/figcaption><\/figure>\n<p><span style=\"font-weight: 400;\"><strong>Do druh\u00e9ho kola post\u00fapilo 72 mu\u017eov a 12 \u017eien, s najr\u00fdchlej\u0161\u00edmi \u010dasmi v prvom rozjazde.<\/strong> O \u010fal\u0161\u00edch postupoch rozhodovalo umiestnenie v jednotliv\u00fdch \u0161tartov, pri\u010dom najr\u00fdchlej\u0161\u00ed traja cyklisti alebo cyklistky post\u00fapili do \u010fal\u0161ieho kola.<\/span><\/p>\n<p><span style=\"font-weight: 400;\">Na trati n\u00e1s \u010dakala pr\u00e9mia COOP Jednota na prv\u00fdch 100 metroch, ktor\u00e1 odmenila r\u00fdchly \u0161tart. <\/span><span style=\"font-weight: 400;\">\u201e<\/span><span style=\"font-weight: 400;\">Dobr\u00fd \u0161tart\u201d nebol len o siln\u00fdch noh\u00e1ch, ale aj o r\u00fdchlom zapnut\u00ed tretier do ped\u00e1lov.<\/span><\/p>\n<figure id=\"attachment_19753\" aria-describedby=\"caption-attachment-19753\" style=\"width: 990px\" class=\"wp-caption alignnone\"><img loading=\"lazy\" decoding=\"async\" class=\"size-full wp-image-19753\" src=\"https:\/\/d2p6e6u75xmxt8.cloudfront.net\/4\/2024\/10\/Foto_03.webp\" alt=\"\" width=\"990\" height=\"660\" srcset=\"https:\/\/d2p6e6u75xmxt8.cloudfront.net\/4\/2024\/10\/Foto_03.webp 990w, https:\/\/d2p6e6u75xmxt8.cloudfront.net\/4\/2024\/10\/Foto_03-300x200.webp 300w, https:\/\/d2p6e6u75xmxt8.cloudfront.net\/4\/2024\/10\/Foto_03-768x512.webp 768w, https:\/\/d2p6e6u75xmxt8.cloudfront.net\/4\/2024\/10\/Foto_03-400x267.webp 400w, https:\/\/d2p6e6u75xmxt8.cloudfront.net\/4\/2024\/10\/Foto_03-272x182.webp 272w\" sizes=\"auto, (max-width: 990px) 100vw, 990px\" \/><figcaption id=\"caption-attachment-19753\" class=\"wp-caption-text\">Pr\u00e9mia za dobr\u00fd \u0161tart Coop Jednota<\/figcaption><\/figure>\n<p><span style=\"font-weight: 400;\">Ja jazd\u00edm s cestn\u00fdmi tretrami len polroka, tak\u017ee r\u00fdchle zapnutie mi trvalo o \u010dosi dlh\u0161ie. <strong>Zatia\u013e \u010do niektor\u00ed mali zap\u00ednanie hotov\u00e9 v sekunde, in\u00ed sa tr\u00e1pili aj 5-6 sek\u00fand.<\/strong> Tento rozdiel som si najviac v\u0161imla v \u017eenskom semifin\u00e1le, kde som sa na \u0161tarte objavila s Viki Chlado\u0148ovou a Rebekou Cully, ktor\u00e9 k\u00fdm ja som sa zapla, oni u\u017e mali prv\u00fdch 100 metrov za sebou. Bol to ozajstn\u00fd z\u00e1\u017eitok sledova\u0165 tieto v\u00fdnimo\u010dn\u00e9 a v\u00fdkonn\u00e9 \u017eeny na trati.<\/span><\/p>\n<h2><b>Siln\u00fd fini\u0161 &#8211; MTB alebo ces\u0165\u00e1k?<\/b><span style=\"font-weight: 400;\">\u00a0<\/span><\/h2>\n<p><span style=\"font-weight: 400;\"><strong>Ak\u00fd bicykel si na t\u00fato tra\u0165 vybra\u0165?<\/strong> \u013dahk\u00fd cestn\u00fd bicykel alebo MTB? P\u00f4jde sa mi lep\u0161ie na graveli alebo m\u00e1m na ces\u0165\u00e1k obu\u0165 \u0161ir\u0161ie pl\u00e1\u0161te? S touto ot\u00e1zkou sa pasoval nejeden cyklista, \u010di cyklistka. (V\u00fdhodu maj\u00fa t\u00ed, ktor\u00ed maj\u00fa <\/span><span style=\"font-weight: 400;\">\u201e<\/span><span style=\"font-weight: 400;\">iba\u201d jeden bicykel :D).\u00a0<\/span><\/p>\n<p><span style=\"font-weight: 400;\">K\u00fdm v \u017eenskej kateg\u00f3rii v\u00fdrazne dominovala <strong>Viki Chlado\u0148ov\u00e1<\/strong> na cestnom bicykli, o v\u00ed\u0165azovi v mu\u017eskej kateg\u00f3rii rozhodli posledn\u00e9 metre, kde sa <strong>Marek \u010contofalsk\u00fd<\/strong> na cestnom bicykli prebojoval na \u010delo a zv\u00ed\u0165azil takmer o chlp. Druh\u00e9 a tretie miesto obsadili Mat\u00fa\u0161 Maz\u00e1n a Matej \u0160vo\u0148ava, obaja na horsk\u00fdch bicykloch.<\/span><\/p>\n<p><span style=\"font-weight: 400;\">Odpove\u010f na ot\u00e1zku, \u010di vyhr\u00e1 MTB alebo ces\u0165\u00e1k u\u017e teda pozn\u00e1me, aj ke\u010f rozhodli o tom a\u017e posledn\u00e9 metre.<\/span><\/p>\n<figure id=\"attachment_19754\" aria-describedby=\"caption-attachment-19754\" style=\"width: 990px\" class=\"wp-caption alignnone\"><img loading=\"lazy\" decoding=\"async\" class=\"size-full wp-image-19754\" src=\"https:\/\/d2p6e6u75xmxt8.cloudfront.net\/4\/2024\/10\/Foto_04.webp\" alt=\"V\u00ed\u0165azi Viki Chlado\u0148ov\u00e1, Marek \u010contofalsk\u00fd\" width=\"990\" height=\"660\" srcset=\"https:\/\/d2p6e6u75xmxt8.cloudfront.net\/4\/2024\/10\/Foto_04.webp 990w, https:\/\/d2p6e6u75xmxt8.cloudfront.net\/4\/2024\/10\/Foto_04-300x200.webp 300w, https:\/\/d2p6e6u75xmxt8.cloudfront.net\/4\/2024\/10\/Foto_04-768x512.webp 768w, https:\/\/d2p6e6u75xmxt8.cloudfront.net\/4\/2024\/10\/Foto_04-400x267.webp 400w, https:\/\/d2p6e6u75xmxt8.cloudfront.net\/4\/2024\/10\/Foto_04-272x182.webp 272w\" sizes=\"auto, (max-width: 990px) 100vw, 990px\" \/><figcaption id=\"caption-attachment-19754\" class=\"wp-caption-text\">V\u00ed\u0165azi Viki Chlado\u0148ov\u00e1 a Marek \u010contofalsk\u00fd<\/figcaption><\/figure>\n<p><span style=\"font-weight: 400;\">V\u00ed\u0165azom, ale aj v\u0161etk\u00fdm z\u00fa\u010dastnen\u00fdm, gratulujeme.\u00a0<\/span><\/p>\n<h2><b>Obdivuhodn\u00e9 v\u00fdsledky<\/b><\/h2>\n<h3><strong>Kateg\u00f3ria \u017eeny<\/strong><\/h3>\n<ol>\n<li style=\"font-weight: 400;\" aria-level=\"1\"><span style=\"font-weight: 400;\">Viki Chlado\u0148ov\u00e1 01:00,99<\/span><\/li>\n<li style=\"font-weight: 400;\" aria-level=\"1\"><span style=\"font-weight: 400;\">Rebeka Cully 01:06,93<\/span><\/li>\n<li style=\"font-weight: 400;\" aria-level=\"1\"><span style=\"font-weight: 400;\">Bibiana Snov\u00e1kov\u00e1 01:07,13<\/span><\/li>\n<\/ol>\n<h3><strong>Kateg\u00f3ria mu\u017ei<\/strong><\/h3>\n<ol>\n<li style=\"font-weight: 400;\" aria-level=\"1\"><span style=\"font-weight: 400;\">Marek \u010contofalsk\u00fd 00:49,22<\/span><\/li>\n<li style=\"font-weight: 400;\" aria-level=\"1\"><span style=\"font-weight: 400;\">Mat\u00fa\u0161 Maz\u00e1n 00:49,67<\/span><\/li>\n<li style=\"font-weight: 400;\" aria-level=\"1\"><span style=\"font-weight: 400;\">Matej \u0160vo\u0148ava 00:50,38<\/span><\/li>\n<\/ol>\n<figure id=\"attachment_19756\" aria-describedby=\"caption-attachment-19756\" style=\"width: 990px\" class=\"wp-caption alignnone\"><img loading=\"lazy\" decoding=\"async\" class=\"size-full wp-image-19756\" src=\"https:\/\/d2p6e6u75xmxt8.cloudfront.net\/4\/2024\/10\/Foto_06.webp\" alt=\"Viki Chlado\u0148ov\u00e1\" width=\"990\" height=\"660\" srcset=\"https:\/\/d2p6e6u75xmxt8.cloudfront.net\/4\/2024\/10\/Foto_06.webp 990w, https:\/\/d2p6e6u75xmxt8.cloudfront.net\/4\/2024\/10\/Foto_06-300x200.webp 300w, https:\/\/d2p6e6u75xmxt8.cloudfront.net\/4\/2024\/10\/Foto_06-768x512.webp 768w, https:\/\/d2p6e6u75xmxt8.cloudfront.net\/4\/2024\/10\/Foto_06-400x267.webp 400w, https:\/\/d2p6e6u75xmxt8.cloudfront.net\/4\/2024\/10\/Foto_06-272x182.webp 272w\" sizes=\"auto, (max-width: 990px) 100vw, 990px\" \/><figcaption id=\"caption-attachment-19756\" class=\"wp-caption-text\">Viki Chlado\u0148ov\u00e1 triumfovala s preh\u013eadom<\/figcaption><\/figure>\n<h2><strong>Pre\u010do si nenecha\u0165 ujs\u0165 \u010fal\u0161\u00ed Red Bull Hill Chasers?<\/strong><\/h2>\n<p><span style=\"font-weight: 400;\">Osobne nem\u00e1m a\u017e tak rada preteky a ak \u00e1no, preferujem dlh\u0161ie trate. Aj napriek tomu som sa na Red Bull Hill Chasers prihl\u00e1sila a ne\u013eutovala som ani jednu sekundu. <strong>Skvel\u00e1 atmosf\u00e9ra, n\u00e1dhern\u00e9 prostredie a dychber\u00face v\u00fdkony.<\/strong> Pre\u010do by ste si nemali necha\u0165 ujs\u0165 \u010fal\u0161\u00ed Red Bull Hill Chasers v porad\u00ed?<\/span><\/p>\n<figure id=\"attachment_19755\" aria-describedby=\"caption-attachment-19755\" style=\"width: 990px\" class=\"wp-caption alignnone\"><img loading=\"lazy\" decoding=\"async\" class=\"size-full wp-image-19755\" src=\"https:\/\/d2p6e6u75xmxt8.cloudfront.net\/4\/2024\/10\/Foto_05.webp\" alt=\"N\u00e1dhern\u00e9 centrum Banskej \u0160tiavnice\" width=\"990\" height=\"660\" srcset=\"https:\/\/d2p6e6u75xmxt8.cloudfront.net\/4\/2024\/10\/Foto_05.webp 990w, https:\/\/d2p6e6u75xmxt8.cloudfront.net\/4\/2024\/10\/Foto_05-300x200.webp 300w, https:\/\/d2p6e6u75xmxt8.cloudfront.net\/4\/2024\/10\/Foto_05-768x512.webp 768w, https:\/\/d2p6e6u75xmxt8.cloudfront.net\/4\/2024\/10\/Foto_05-400x267.webp 400w, https:\/\/d2p6e6u75xmxt8.cloudfront.net\/4\/2024\/10\/Foto_05-272x182.webp 272w\" sizes=\"auto, (max-width: 990px) 100vw, 990px\" \/><figcaption id=\"caption-attachment-19755\" class=\"wp-caption-text\">N\u00e1dhern\u00e9 centrum Banskej \u0160tiavnice<\/figcaption><\/figure>\n<ul>\n<li><b>Historick\u00e9 prostredie:<\/b><span style=\"font-weight: 400;\"> Limity sa prekon\u00e1vali v n\u00e1dhernom prostred\u00ed Banskej \u0160tiavnice, kde div\u00e1ci mohli sledova\u0165 nap\u00ednav\u00e9 s\u00faboje na uliciach pln\u00fdch hist\u00f3rie.<\/span><\/li>\n<li><b>St\u00fapanie, ktor\u00e9 je v\u00fdzvou:<\/b><span style=\"font-weight: 400;\"> Dla\u017eobn\u00e9 kocky potr\u00e1pili rovnako cestn\u00fdch cyklistov ako aj MTB jazdcov.<\/span><\/li>\n<li><b>Skvel\u00e1 fan z\u00f3na:<\/b><span style=\"font-weight: 400;\"> Fan\u00fa\u0161ikovia vy\u0161li do ul\u00edc v plnej sile, povzbudzuj\u00fac cyklistov a cyklistky a vytv\u00e1raj\u00fac nezabudnute\u013en\u00fa atmosf\u00e9ru.<\/span><\/li>\n<li><b>Pamiatky nielen v podobe medaily:<\/b><span style=\"font-weight: 400;\"> Okrem medail\u00ed sme si odniesli mno\u017estvo skvel\u00fdch z\u00e1\u017eitkov a n\u00e1dhern\u00e9 fotky od profesion\u00e1lnych fotografov.<\/span><\/li>\n<\/ul>\n<p><span style=\"font-weight: 400;\">A ak v\u00e1s tieto argumenty nepresved\u010dili, pozrite si video a na\u010derpajte atmosf\u00e9ru:<\/span><\/p>\n<blockquote class=\"instagram-media\" style=\"background: #FFF; border: 0; border-radius: 3px; box-shadow: 0 0 1px 0 rgba(0,0,0,0.5),0 1px 10px 0 rgba(0,0,0,0.15); margin: 1px; max-width: 540px; min-width: 326px; padding: 0; width: calc(100% - 2px);\" data-instgrm-captioned=\"\" data-instgrm-permalink=\"https:\/\/www.instagram.com\/reel\/DA_UiVLIJ4X\/?utm_source=ig_embed&amp;utm_campaign=loading\" data-instgrm-version=\"14\">\n<div style=\"padding: 16px;\">\n<p>&nbsp;<\/p>\n<div style=\"display: flex; flex-direction: row; align-items: center;\">\n<div style=\"background-color: #f4f4f4; border-radius: 50%; flex-grow: 0; height: 40px; margin-right: 14px; width: 40px;\"><\/div>\n<div style=\"display: flex; flex-direction: column; flex-grow: 1; justify-content: center;\">\n<div style=\"background-color: #f4f4f4; border-radius: 4px; flex-grow: 0; height: 14px; margin-bottom: 6px; width: 100px;\"><\/div>\n<div style=\"background-color: #f4f4f4; border-radius: 4px; flex-grow: 0; height: 14px; width: 60px;\"><\/div>\n<\/div>\n<\/div>\n<div style=\"padding: 19% 0;\"><\/div>\n<div style=\"display: block; height: 50px; margin: 0 auto 12px; width: 50px;\"><\/div>\n<div style=\"padding-top: 8px;\">\n<div style=\"color: #3897f0; font-family: Arial,sans-serif; font-size: 14px; font-style: normal; font-weight: 550; line-height: 18px;\">Zobrazi\u0165 tento pr\u00edspevok na Instagrame<\/div>\n<\/div>\n<div style=\"padding: 12.5% 0;\"><\/div>\n<div style=\"display: flex; flex-direction: row; margin-bottom: 14px; align-items: center;\">\n<div>\n<div style=\"background-color: #f4f4f4; border-radius: 50%; height: 12.5px; width: 12.5px; transform: translateX(0px) translateY(7px);\"><\/div>\n<div style=\"background-color: #f4f4f4; height: 12.5px; transform: rotate(-45deg) translateX(3px) translateY(1px); width: 12.5px; flex-grow: 0; margin-right: 14px; margin-left: 2px;\"><\/div>\n<div style=\"background-color: #f4f4f4; border-radius: 50%; height: 12.5px; width: 12.5px; transform: translateX(9px) translateY(-18px);\"><\/div>\n<\/div>\n<div style=\"margin-left: 8px;\">\n<div style=\"background-color: #f4f4f4; border-radius: 50%; flex-grow: 0; height: 20px; width: 20px;\"><\/div>\n<div style=\"width: 0; height: 0; border-top: 2px solid transparent; border-left: 6px solid #f4f4f4; border-bottom: 2px solid transparent; transform: translateX(16px) translateY(-4px) rotate(30deg);\"><\/div>\n<\/div>\n<div style=\"margin-left: auto;\">\n<div style=\"width: 0px; border-top: 8px solid #F4F4F4; border-right: 8px solid transparent; transform: translateY(16px);\"><\/div>\n<div style=\"background-color: #f4f4f4; flex-grow: 0; height: 12px; width: 16px; transform: translateY(-4px);\"><\/div>\n<div style=\"width: 0; height: 0; border-top: 8px solid #F4F4F4; border-left: 8px solid transparent; transform: translateY(-4px) translateX(8px);\"><\/div>\n<\/div>\n<\/div>\n<div style=\"display: flex; flex-direction: column; flex-grow: 1; justify-content: center; margin-bottom: 24px;\">\n<div style=\"background-color: #f4f4f4; border-radius: 4px; flex-grow: 0; height: 14px; margin-bottom: 6px; width: 224px;\"><\/div>\n<div style=\"background-color: #f4f4f4; border-radius: 4px; flex-grow: 0; height: 14px; width: 144px;\"><\/div>\n<\/div>\n<p>&nbsp;<\/p>\n<p style=\"color: #c9c8cd; font-family: Arial,sans-serif; font-size: 14px; line-height: 17px; margin-bottom: 0; margin-top: 8px; overflow: hidden; padding: 8px 0 7px; text-align: center; text-overflow: ellipsis; white-space: nowrap;\"><a style=\"color: #c9c8cd; font-family: Arial,sans-serif; font-size: 14px; font-style: normal; font-weight: normal; line-height: 17px; text-decoration: none;\" href=\"https:\/\/www.instagram.com\/reel\/DA_UiVLIJ4X\/?utm_source=ig_embed&amp;utm_campaign=loading\" target=\"_blank\" rel=\"noopener\">Pr\u00edspevok, ktor\u00fd zdie\u013ea Red Bull Slovensko \ud83c\uddf8\ud83c\uddf0 (@redbullsk)<\/a><\/p>\n<\/div>\n<\/blockquote>\n<p><script async src=\"\/\/www.instagram.com\/embed.js\"><\/script><\/p>\n<p><span style=\"font-weight: 400;\">Red Bull Hill Chasers 2024 v Banskej \u0160tiavnici bol <strong>nezabudnute\u013en\u00fd z\u00e1\u017eitok, ktor\u00fd spojil bohat\u00fa hist\u00f3riu mesta s adrenal\u00ednov\u00fdmi pretekmi, v ktorom sa naplno prejavili sila, technika a odhodlanie cyklistov.<\/strong><\/span><\/p>\n<p><span style=\"font-weight: 400;\">Zdroj fotografi\u00ed: Filip Nagy, Tom\u00e1\u0161 Bukoven, So\u0148a Mal\u00e9terov\u00e1<\/span><\/p>\n","protected":false},"excerpt":{"rendered":"<p>Strm\u00e9 ulice historickej Banskej \u0160tiavnice sa stali dejiskom legend\u00e1rneho podujatia Red Bull Hill Chasers, kde cyklisti a cyklistky \u010delili dla\u017eobn\u00e9mu [&hellip;]<\/p>\n","protected":false},"author":172,"featured_media":19763,"comment_status":"open","ping_status":"open","sticky":false,"template":"","format":"standard","meta":{"footnotes":""},"categories":[34],"tags":[319,742,115,180,532,767,931,325,37,179,302,1642,523,1639,183,475],"global-categories":[1074],"class_list":["post-19749","post","type-post","status-publish","format-standard","has-post-thumbnail","hentry","category-podujatia","tag-adrenalin","tag-banska-stiavnica","tag-cestna-cyklistika","tag-horska-cyklistika","tag-jazdenie","tag-motivacia","tag-odporucame","tag-peter-velits","tag-podujatia","tag-preteky","tag-red-bull","tag-red-bull-hill-chasers","tag-slovensko","tag-viktoria-chladonova","tag-zabava","tag-zeny","global-categories-cycling"],"yoast_head":"<!-- This site is optimized with the Yoast SEO Premium plugin v25.3 (Yoast SEO v25.9) - https:\/\/yoast.com\/wordpress\/plugins\/seo\/ -->\n<title>Report\u00e1\u017e: Red Bull Hill Chasers - na \u0161tarte so svetovou \u0161ampi\u00f3nkou<\/title>\n<meta name=\"description\" content=\"Strm\u00e9 ulice Banskej \u0160tiavnice sa stali dejiskom legend\u00e1rneho podujatia Red Bull Hill Chasers - preverilo ich fyzick\u00fa aj ment\u00e1lnu odolnos\u0165.\" \/>\n<meta name=\"robots\" content=\"index, follow, max-snippet:-1, max-image-preview:large, max-video-preview:-1\" \/>\n<link rel=\"canonical\" href=\"https:\/\/www.welovecycling.com\/sk\/2024\/10\/14\/reportaz-red-bull-hill-chasers-na-starte-so-svetovou-sampionkou\/\" \/>\n<meta property=\"og:locale\" content=\"sk_SK\" \/>\n<meta property=\"og:type\" content=\"article\" \/>\n<meta property=\"og:title\" content=\"Report\u00e1\u017e: Red Bull Hill Chasers - na \u0161tarte so svetovou \u0161ampi\u00f3nkou\" \/>\n<meta property=\"og:description\" content=\"Strm\u00e9 ulice Banskej \u0160tiavnice sa stali dejiskom legend\u00e1rneho podujatia Red Bull Hill Chasers - preverilo ich fyzick\u00fa aj ment\u00e1lnu odolnos\u0165.\" \/>\n<meta property=\"og:url\" content=\"https:\/\/www.welovecycling.com\/sk\/2024\/10\/14\/reportaz-red-bull-hill-chasers-na-starte-so-svetovou-sampionkou\/\" \/>\n<meta property=\"og:site_name\" content=\"\u0160koda We Love Cycling Slovensko\" \/>\n<meta property=\"article:published_time\" content=\"2024-10-14T12:10:39+00:00\" \/>\n<meta property=\"article:modified_time\" content=\"2024-10-14T12:27:15+00:00\" \/>\n<meta property=\"og:image\" content=\"https:\/\/d2p6e6u75xmxt8.cloudfront.net\/4\/2024\/10\/Titulka_RBHCH.webp\" \/>\n\t<meta property=\"og:image:width\" content=\"990\" \/>\n\t<meta property=\"og:image:height\" content=\"660\" \/>\n\t<meta property=\"og:image:type\" content=\"image\/webp\" \/>\n<meta name=\"author\" content=\"dominika\" \/>\n<meta name=\"twitter:card\" content=\"summary_large_image\" \/>\n<meta name=\"twitter:label1\" content=\"Written by\" \/>\n\t<meta name=\"twitter:data1\" content=\"Lucia Fabi\u00e1nov\u00e1\" \/>\n\t<meta name=\"twitter:label2\" content=\"Est. reading time\" \/>\n\t<meta name=\"twitter:data2\" content=\"4\" \/>\n<script type=\"application\/ld+json\" class=\"yoast-schema-graph\">{\"@context\":\"https:\/\/schema.org\",\"@graph\":[{\"@type\":\"WebPage\",\"@id\":\"https:\/\/www.welovecycling.com\/sk\/2024\/10\/14\/reportaz-red-bull-hill-chasers-na-starte-so-svetovou-sampionkou\/\",\"url\":\"https:\/\/www.welovecycling.com\/sk\/2024\/10\/14\/reportaz-red-bull-hill-chasers-na-starte-so-svetovou-sampionkou\/\",\"name\":\"Report\u00e1\u017e: Red Bull Hill Chasers - na \u0161tarte so svetovou \u0161ampi\u00f3nkou\",\"isPartOf\":{\"@id\":\"https:\/\/www.welovecycling.com\/sk\/#website\"},\"primaryImageOfPage\":{\"@id\":\"https:\/\/www.welovecycling.com\/sk\/2024\/10\/14\/reportaz-red-bull-hill-chasers-na-starte-so-svetovou-sampionkou\/#primaryimage\"},\"image\":{\"@id\":\"https:\/\/www.welovecycling.com\/sk\/2024\/10\/14\/reportaz-red-bull-hill-chasers-na-starte-so-svetovou-sampionkou\/#primaryimage\"},\"thumbnailUrl\":\"https:\/\/d2p6e6u75xmxt8.cloudfront.net\/4\/2024\/10\/Titulka_RBHCH.webp\",\"datePublished\":\"2024-10-14T12:10:39+00:00\",\"dateModified\":\"2024-10-14T12:27:15+00:00\",\"author\":{\"@id\":\"https:\/\/www.welovecycling.com\/sk\/#\/schema\/person\/533b62b98b6c41bd5135ebfb1f742624\"},\"description\":\"Strm\u00e9 ulice Banskej \u0160tiavnice sa stali dejiskom legend\u00e1rneho podujatia Red Bull Hill Chasers - preverilo ich fyzick\u00fa aj ment\u00e1lnu odolnos\u0165.\",\"breadcrumb\":{\"@id\":\"https:\/\/www.welovecycling.com\/sk\/2024\/10\/14\/reportaz-red-bull-hill-chasers-na-starte-so-svetovou-sampionkou\/#breadcrumb\"},\"inLanguage\":\"sk-SK\",\"potentialAction\":[{\"@type\":\"ReadAction\",\"target\":[\"https:\/\/www.welovecycling.com\/sk\/2024\/10\/14\/reportaz-red-bull-hill-chasers-na-starte-so-svetovou-sampionkou\/\"]}]},{\"@type\":\"ImageObject\",\"inLanguage\":\"sk-SK\",\"@id\":\"https:\/\/www.welovecycling.com\/sk\/2024\/10\/14\/reportaz-red-bull-hill-chasers-na-starte-so-svetovou-sampionkou\/#primaryimage\",\"url\":\"https:\/\/d2p6e6u75xmxt8.cloudfront.net\/4\/2024\/10\/Titulka_RBHCH.webp\",\"contentUrl\":\"https:\/\/d2p6e6u75xmxt8.cloudfront.net\/4\/2024\/10\/Titulka_RBHCH.webp\",\"width\":990,\"height\":660,\"caption\":\"Red Bull Hill Chasers 2024\"},{\"@type\":\"BreadcrumbList\",\"@id\":\"https:\/\/www.welovecycling.com\/sk\/2024\/10\/14\/reportaz-red-bull-hill-chasers-na-starte-so-svetovou-sampionkou\/#breadcrumb\",\"itemListElement\":[{\"@type\":\"ListItem\",\"position\":1,\"name\":\"Home\",\"item\":\"https:\/\/www.welovecycling.com\/sk\/\"},{\"@type\":\"ListItem\",\"position\":2,\"name\":\"Report\u00e1\u017e: Red Bull Hill Chasers &#8211; na \u0161tarte so svetovou \u0161ampi\u00f3nkou\"}]},{\"@type\":\"WebSite\",\"@id\":\"https:\/\/www.welovecycling.com\/sk\/#website\",\"url\":\"https:\/\/www.welovecycling.com\/sk\/\",\"name\":\"\u0160koda We Love Cycling Slovensko\",\"description\":\"\u0160koda We Love Cycling Slovensko je v\u00e1\u0161 ka\u017edodenn\u00fd zdroj noviniek a in\u0161pir\u00e1cie z sveta cyklistiky\",\"potentialAction\":[{\"@type\":\"SearchAction\",\"target\":{\"@type\":\"EntryPoint\",\"urlTemplate\":\"https:\/\/www.welovecycling.com\/sk\/?s={search_term_string}\"},\"query-input\":{\"@type\":\"PropertyValueSpecification\",\"valueRequired\":true,\"valueName\":\"search_term_string\"}}],\"inLanguage\":\"sk-SK\"},{\"@type\":\"Person\",\"@id\":\"https:\/\/www.welovecycling.com\/sk\/#\/schema\/person\/533b62b98b6c41bd5135ebfb1f742624\",\"name\":\"dominika\",\"image\":{\"@type\":\"ImageObject\",\"inLanguage\":\"sk-SK\",\"@id\":\"https:\/\/www.welovecycling.com\/sk\/#\/schema\/person\/image\/\",\"url\":\"https:\/\/secure.gravatar.com\/avatar\/ded6f274ba2ec3e17fff153f7d9d96a4b33c2cb63907f75d9a5309c599a7f3e6?s=96&d=mm&r=g\",\"contentUrl\":\"https:\/\/secure.gravatar.com\/avatar\/ded6f274ba2ec3e17fff153f7d9d96a4b33c2cb63907f75d9a5309c599a7f3e6?s=96&d=mm&r=g\",\"caption\":\"dominika\"},\"url\":\"https:\/\/www.welovecycling.com\/sk\/author\/dominika\/\"}]}<\/script>\n<!-- \/ Yoast SEO Premium plugin. -->","yoast_head_json":{"title":"Report\u00e1\u017e: Red Bull Hill Chasers - na \u0161tarte so svetovou \u0161ampi\u00f3nkou","description":"Strm\u00e9 ulice Banskej \u0160tiavnice sa stali dejiskom legend\u00e1rneho podujatia Red Bull Hill Chasers - preverilo ich fyzick\u00fa aj ment\u00e1lnu odolnos\u0165.","robots":{"index":"index","follow":"follow","max-snippet":"max-snippet:-1","max-image-preview":"max-image-preview:large","max-video-preview":"max-video-preview:-1"},"canonical":"https:\/\/www.welovecycling.com\/sk\/2024\/10\/14\/reportaz-red-bull-hill-chasers-na-starte-so-svetovou-sampionkou\/","og_locale":"sk_SK","og_type":"article","og_title":"Report\u00e1\u017e: Red Bull Hill Chasers - na \u0161tarte so svetovou \u0161ampi\u00f3nkou","og_description":"Strm\u00e9 ulice Banskej \u0160tiavnice sa stali dejiskom legend\u00e1rneho podujatia Red Bull Hill Chasers - preverilo ich fyzick\u00fa aj ment\u00e1lnu odolnos\u0165.","og_url":"https:\/\/www.welovecycling.com\/sk\/2024\/10\/14\/reportaz-red-bull-hill-chasers-na-starte-so-svetovou-sampionkou\/","og_site_name":"\u0160koda We Love Cycling Slovensko","article_published_time":"2024-10-14T12:10:39+00:00","article_modified_time":"2024-10-14T12:27:15+00:00","og_image":[{"width":990,"height":660,"url":"https:\/\/d2p6e6u75xmxt8.cloudfront.net\/4\/2024\/10\/Titulka_RBHCH.webp","type":"image\/webp"}],"author":"dominika","twitter_card":"summary_large_image","twitter_misc":{"Written by":"Lucia Fabi\u00e1nov\u00e1","Est. reading time":"4"},"schema":{"@context":"https:\/\/schema.org","@graph":[{"@type":"WebPage","@id":"https:\/\/www.welovecycling.com\/sk\/2024\/10\/14\/reportaz-red-bull-hill-chasers-na-starte-so-svetovou-sampionkou\/","url":"https:\/\/www.welovecycling.com\/sk\/2024\/10\/14\/reportaz-red-bull-hill-chasers-na-starte-so-svetovou-sampionkou\/","name":"Report\u00e1\u017e: Red Bull Hill Chasers - na \u0161tarte so svetovou \u0161ampi\u00f3nkou","isPartOf":{"@id":"https:\/\/www.welovecycling.com\/sk\/#website"},"primaryImageOfPage":{"@id":"https:\/\/www.welovecycling.com\/sk\/2024\/10\/14\/reportaz-red-bull-hill-chasers-na-starte-so-svetovou-sampionkou\/#primaryimage"},"image":{"@id":"https:\/\/www.welovecycling.com\/sk\/2024\/10\/14\/reportaz-red-bull-hill-chasers-na-starte-so-svetovou-sampionkou\/#primaryimage"},"thumbnailUrl":"https:\/\/d2p6e6u75xmxt8.cloudfront.net\/4\/2024\/10\/Titulka_RBHCH.webp","datePublished":"2024-10-14T12:10:39+00:00","dateModified":"2024-10-14T12:27:15+00:00","author":{"@id":"https:\/\/www.welovecycling.com\/sk\/#\/schema\/person\/533b62b98b6c41bd5135ebfb1f742624"},"description":"Strm\u00e9 ulice Banskej \u0160tiavnice sa stali dejiskom legend\u00e1rneho podujatia Red Bull Hill Chasers - preverilo ich fyzick\u00fa aj ment\u00e1lnu odolnos\u0165.","breadcrumb":{"@id":"https:\/\/www.welovecycling.com\/sk\/2024\/10\/14\/reportaz-red-bull-hill-chasers-na-starte-so-svetovou-sampionkou\/#breadcrumb"},"inLanguage":"sk-SK","potentialAction":[{"@type":"ReadAction","target":["https:\/\/www.welovecycling.com\/sk\/2024\/10\/14\/reportaz-red-bull-hill-chasers-na-starte-so-svetovou-sampionkou\/"]}]},{"@type":"ImageObject","inLanguage":"sk-SK","@id":"https:\/\/www.welovecycling.com\/sk\/2024\/10\/14\/reportaz-red-bull-hill-chasers-na-starte-so-svetovou-sampionkou\/#primaryimage","url":"https:\/\/d2p6e6u75xmxt8.cloudfront.net\/4\/2024\/10\/Titulka_RBHCH.webp","contentUrl":"https:\/\/d2p6e6u75xmxt8.cloudfront.net\/4\/2024\/10\/Titulka_RBHCH.webp","width":990,"height":660,"caption":"Red Bull Hill Chasers 2024"},{"@type":"BreadcrumbList","@id":"https:\/\/www.welovecycling.com\/sk\/2024\/10\/14\/reportaz-red-bull-hill-chasers-na-starte-so-svetovou-sampionkou\/#breadcrumb","itemListElement":[{"@type":"ListItem","position":1,"name":"Home","item":"https:\/\/www.welovecycling.com\/sk\/"},{"@type":"ListItem","position":2,"name":"Report\u00e1\u017e: Red Bull Hill Chasers &#8211; na \u0161tarte so svetovou \u0161ampi\u00f3nkou"}]},{"@type":"WebSite","@id":"https:\/\/www.welovecycling.com\/sk\/#website","url":"https:\/\/www.welovecycling.com\/sk\/","name":"\u0160koda We Love Cycling Slovensko","description":"\u0160koda We Love Cycling Slovensko je v\u00e1\u0161 ka\u017edodenn\u00fd zdroj noviniek a in\u0161pir\u00e1cie z sveta cyklistiky","potentialAction":[{"@type":"SearchAction","target":{"@type":"EntryPoint","urlTemplate":"https:\/\/www.welovecycling.com\/sk\/?s={search_term_string}"},"query-input":{"@type":"PropertyValueSpecification","valueRequired":true,"valueName":"search_term_string"}}],"inLanguage":"sk-SK"},{"@type":"Person","@id":"https:\/\/www.welovecycling.com\/sk\/#\/schema\/person\/533b62b98b6c41bd5135ebfb1f742624","name":"dominika","image":{"@type":"ImageObject","inLanguage":"sk-SK","@id":"https:\/\/www.welovecycling.com\/sk\/#\/schema\/person\/image\/","url":"https:\/\/secure.gravatar.com\/avatar\/ded6f274ba2ec3e17fff153f7d9d96a4b33c2cb63907f75d9a5309c599a7f3e6?s=96&d=mm&r=g","contentUrl":"https:\/\/secure.gravatar.com\/avatar\/ded6f274ba2ec3e17fff153f7d9d96a4b33c2cb63907f75d9a5309c599a7f3e6?s=96&d=mm&r=g","caption":"dominika"},"url":"https:\/\/www.welovecycling.com\/sk\/author\/dominika\/"}]}},"_links":{"self":[{"href":"https:\/\/www.welovecycling.com\/sk\/wp-json\/wp\/v2\/posts\/19749","targetHints":{"allow":["GET"]}}],"collection":[{"href":"https:\/\/www.welovecycling.com\/sk\/wp-json\/wp\/v2\/posts"}],"about":[{"href":"https:\/\/www.welovecycling.com\/sk\/wp-json\/wp\/v2\/types\/post"}],"author":[{"embeddable":true,"href":"https:\/\/www.welovecycling.com\/sk\/wp-json\/wp\/v2\/users\/172"}],"replies":[{"embeddable":true,"href":"https:\/\/www.welovecycling.com\/sk\/wp-json\/wp\/v2\/comments?post=19749"}],"version-history":[{"count":11,"href":"https:\/\/www.welovecycling.com\/sk\/wp-json\/wp\/v2\/posts\/19749\/revisions"}],"predecessor-version":[{"id":19768,"href":"https:\/\/www.welovecycling.com\/sk\/wp-json\/wp\/v2\/posts\/19749\/revisions\/19768"}],"wp:featuredmedia":[{"embeddable":true,"href":"https:\/\/www.welovecycling.com\/sk\/wp-json\/wp\/v2\/media\/19763"}],"wp:attachment":[{"href":"https:\/\/www.welovecycling.com\/sk\/wp-json\/wp\/v2\/media?parent=19749"}],"wp:term":[{"taxonomy":"category","embeddable":true,"href":"https:\/\/www.welovecycling.com\/sk\/wp-json\/wp\/v2\/categories?post=19749"},{"taxonomy":"post_tag","embeddable":true,"href":"https:\/\/www.welovecycling.com\/sk\/wp-json\/wp\/v2\/tags?post=19749"},{"taxonomy":"global-categories","embeddable":true,"href":"https:\/\/www.welovecycling.com\/sk\/wp-json\/wp\/v2\/global-categories?post=19749"}],"curies":[{"name":"wp","href":"https:\/\/api.w.org\/{rel}","templated":true}]}}