{"id":19740,"date":"2024-10-10T09:55:08","date_gmt":"2024-10-10T07:55:08","guid":{"rendered":"https:\/\/www.welovecycling.com\/sk\/?p=19740"},"modified":"2024-11-12T12:45:15","modified_gmt":"2024-11-12T11:45:15","slug":"serial-ako-sa-stat-cyklistom-18-jesen-najkrajsie-obdobie-na-cyklistiku","status":"publish","type":"post","link":"https:\/\/www.welovecycling.com\/sk\/2024\/10\/10\/serial-ako-sa-stat-cyklistom-18-jesen-najkrajsie-obdobie-na-cyklistiku\/","title":{"rendered":"Seria\u0301l: Ako sa stat\u030c cyklistom \u2013 18. Jese\u0148, najkraj\u0161ie obdobie na cyklistiku"},"content":{"rendered":"<p><strong>Mohlo by sa zda\u0165, \u017ee cyklistick\u00e1 sez\u00f3na sa kon\u010d\u00ed pr\u00e1ve s pr\u00edchodom jesenn\u00fdch dn\u00ed. No nie je to tak. Jese\u0148 m\u00e1 s\u00edce svoje vrtochy v podobe upr\u0161an\u00fdch a vetern\u00fdch dn\u00ed, ale z\u00e1rove\u0148 pon\u00faka kr\u00e1sne obdobie babieho, alebo ak chcete indi\u00e1nskeho leta.\u00a0<\/strong><!--more--><\/p>\n<h2><b>Ide\u00e1lna teplota<\/b><\/h2>\n<p><span style=\"font-weight: 400;\">Vonku u\u017e kone\u010dne nie je ani hor\u00faco a e\u0161te ani tak\u00fd chlad, \u017ee by ste museli zosta\u0165 doma. <strong>Pr\u00e1ve tieto vz\u00e1cne slne\u010dn\u00e9 jesenn\u00e9 dni s\u00fa ako stvoren\u00e9 na jazdu na bicykli.<\/strong> V\u00fdhodou je, \u017ee v porovnani s letom u\u017e nie s\u00fa nepr\u00edjemn\u00e9 hor\u00fa\u010davy. Pr\u00edroda sa zafarbila a listy maj\u00fa v\u0161etky farby z maliarovej palety. Po n\u00e1ro\u010dnom st\u00fapan\u00ed si m\u00f4\u017eeme odd\u00fdchnu\u0165 a kocha\u0165 sa v\u00fdh\u013eadom na okolit\u00e9 kopce.\u00a0<\/span><\/p>\n<h2><b>Kr\u00e1sa \u2013 pridan\u00e1 hodnota<\/b><\/h2>\n<p><span style=\"font-weight: 400;\">Ak ste vn\u00edmav\u00e1 du\u0161a aj na bicykli, t\u00fa farebn\u00fa kr\u00e1su jednoducho mus\u00edte oceni\u0165. A nielen farebn\u00fa kr\u00e1su, ale <strong>ak ste na cyklistickom v\u00fdlete s de\u0165mi, je mo\u017en\u00e9, \u017ee n\u00e1jdete napr\u00edklad ga\u0161tany, z ktor\u00fdch sa daj\u00fa doma vyrobi\u0165 r\u00f4zne zvieratk\u00e1.<\/strong> Ani tie r\u00f4znofarebn\u00e9 listy nie s\u00fa na zahodenie a m\u00f4\u017eu vyzdobi\u0165 v\u00e1\u0161 domov. No a fotky, ktor\u00e9 urob\u00edte na v\u00fdjazdoch, bud\u00fa ma\u0165 ove\u013ea vy\u0161\u0161iu estetick\u00fa hodnotu. Tak\u017ee nezabudnite si pribali\u0165 aj veci potrebn\u00e9 na fotenie.\u00a0<\/span><\/p>\n<figure id=\"attachment_19742\" aria-describedby=\"caption-attachment-19742\" style=\"width: 990px\" class=\"wp-caption alignnone\"><img loading=\"lazy\" decoding=\"async\" class=\"wp-image-19742 size-full\" src=\"https:\/\/d2p6e6u75xmxt8.cloudfront.net\/4\/2024\/10\/03.webp\" alt=\"jesenn\u00fd les a hory\" width=\"990\" height=\"660\" srcset=\"https:\/\/d2p6e6u75xmxt8.cloudfront.net\/4\/2024\/10\/03.webp 990w, https:\/\/d2p6e6u75xmxt8.cloudfront.net\/4\/2024\/10\/03-300x200.webp 300w, https:\/\/d2p6e6u75xmxt8.cloudfront.net\/4\/2024\/10\/03-768x512.webp 768w, https:\/\/d2p6e6u75xmxt8.cloudfront.net\/4\/2024\/10\/03-400x267.webp 400w, https:\/\/d2p6e6u75xmxt8.cloudfront.net\/4\/2024\/10\/03-272x182.webp 272w\" sizes=\"auto, (max-width: 990px) 100vw, 990px\" \/><figcaption id=\"caption-attachment-19742\" class=\"wp-caption-text\">Zdroj: Erik Horv\u00e1th<\/figcaption><\/figure>\n<h2><b>Dary pr\u00edrody\u00a0<\/b><\/h2>\n<p><span style=\"font-weight: 400;\">P\u00fdtate sa, \u010do tu rob\u00ed t\u00e1to polo\u017eka? No predsa ako \u0161portovci db\u00e1me na zdrav\u00fa stravu a d\u00f4kladn\u00fa v\u00fd\u017eivu. U\u017e sme spomenuli ga\u0161tany na v\u00fdzdobu, ale nielen tie m\u00f4\u017eete v jesennom \u010dase n\u00e1js\u0165. Na jese\u0148 dozrieva v\u00e4\u010d\u0161ina ovocia a vy m\u00f4\u017eete svoj jed\u00e1lni\u010dek doplni\u0165 o \u010derstv\u00e9 ovocie. Niekedy dokonca \u00faplne ne\u010dakane priamo na v\u00fdjazde, ke\u010f prech\u00e1dzate okolo nejakej opustenej jablone alebo hru\u0161ky. <strong>Tak\u00e1 sladk\u00e1 odmena je na nezaplatenie. A pokojne si nazbierajte aj \u0161\u00edpky na \u010daj.<\/strong><\/span><\/p>\n<h2><b>Pr\u00e1zdne cesty a chodn\u00edky<\/b><\/h2>\n<p><span style=\"font-weight: 400;\">Ke\u010f\u017ee letn\u00e1 sez\u00f3na sa skon\u010dila, <strong>lesn\u00e9 chodn\u00edky s\u00fa polopr\u00e1zdne a vy nemus\u00edte ka\u017ed\u00fa chv\u00ed\u013eu brzdi\u0165 a vyh\u00fdba\u0165 sa turistom a dovolenk\u00e1rom.<\/strong> Takisto milovn\u00edci cestnej cyklistiky ocenia men\u0161iu prem\u00e1vku na cest\u00e1ch, ke\u010f\u017ee dovolenk\u00e1ri s\u00fa u\u017e nasp\u00e4\u0165 v pr\u00e1ci.\u00a0<\/span><\/p>\n<figure id=\"attachment_19743\" aria-describedby=\"caption-attachment-19743\" style=\"width: 990px\" class=\"wp-caption alignnone\"><img loading=\"lazy\" decoding=\"async\" class=\"size-full wp-image-19743\" src=\"https:\/\/d2p6e6u75xmxt8.cloudfront.net\/4\/2024\/10\/02.webp\" alt=\"jesenn\u00e1 cyklistika\" width=\"990\" height=\"660\" srcset=\"https:\/\/d2p6e6u75xmxt8.cloudfront.net\/4\/2024\/10\/02.webp 990w, https:\/\/d2p6e6u75xmxt8.cloudfront.net\/4\/2024\/10\/02-300x200.webp 300w, https:\/\/d2p6e6u75xmxt8.cloudfront.net\/4\/2024\/10\/02-768x512.webp 768w, https:\/\/d2p6e6u75xmxt8.cloudfront.net\/4\/2024\/10\/02-400x267.webp 400w, https:\/\/d2p6e6u75xmxt8.cloudfront.net\/4\/2024\/10\/02-272x182.webp 272w\" sizes=\"auto, (max-width: 990px) 100vw, 990px\" \/><figcaption id=\"caption-attachment-19743\" class=\"wp-caption-text\">Zdroj: Erik Horv\u00e1th<\/figcaption><\/figure>\n<p><span style=\"font-weight: 400;\">No a v neposlednom rade mnoh\u00ed sviato\u010dn\u00ed cyklisti tie\u017e odlo\u017eili svoje bicykle do gar\u00e1\u017ee, aby ich vytiahli a\u017e pred letom. Tak\u017ee u\u017e\u00edvajte si naplno posledn\u00e9 tepl\u00e9 dni jazdou na svojich ob\u013e\u00faben\u00fdch miestach. A aby sa nezabudlo, predsa len n\u00e1m v lese pribudla jedna skupina \u013eud\u00ed \u2013 a to s\u00fa hub\u00e1ri. Ale t\u00ed v\u00e4\u010d\u0161inou chodia mimo chodn\u00edkov a h\u013eadaj\u00fa svoje \u00falovky.\u00a0<\/span><\/p>\n<p><img loading=\"lazy\" decoding=\"async\" class=\"alignnone size-full wp-image-19744\" src=\"https:\/\/d2p6e6u75xmxt8.cloudfront.net\/4\/2024\/10\/04-2.webp\" alt=\"jesenn\u00e1 pr\u00edroda\" width=\"990\" height=\"660\" srcset=\"https:\/\/d2p6e6u75xmxt8.cloudfront.net\/4\/2024\/10\/04-2.webp 990w, https:\/\/d2p6e6u75xmxt8.cloudfront.net\/4\/2024\/10\/04-2-300x200.webp 300w, https:\/\/d2p6e6u75xmxt8.cloudfront.net\/4\/2024\/10\/04-2-768x512.webp 768w, https:\/\/d2p6e6u75xmxt8.cloudfront.net\/4\/2024\/10\/04-2-400x267.webp 400w, https:\/\/d2p6e6u75xmxt8.cloudfront.net\/4\/2024\/10\/04-2-272x182.webp 272w\" sizes=\"auto, (max-width: 990px) 100vw, 990px\" \/><\/p>\n<p><span style=\"font-weight: 400;\"><strong>Jese\u0148 ma svoje kr\u00e1sy a v\u00fdhody, ale netreba podceni\u0165 ani jej druh\u00fa str\u00e1nku.<\/strong> Pozrime sa teraz aspo\u0148 na dve veci, na ktor\u00e9 nesmiete zabudn\u00fa\u0165.\u00a0<\/span><\/p>\n<h2><b>Skryt\u00e9 nebezpe\u010denstv\u00e1<\/b><\/h2>\n<p><span style=\"font-weight: 400;\">\u00c1no, treba myslie\u0165 aj na jesenn\u00e9 nebezpe\u010denstv\u00e1, a to najm\u00e4 na popadan\u00e9 l\u00edstie.<strong> Na cyklistick\u00fdch chodn\u00edkoch m\u00f4\u017ee ukr\u00fdva\u0165 kamene, korene stromov alebo aj ne\u010dakan\u00e9 kalu\u017ee vody.<\/strong> \u010eal\u0161ou vecou, na ktor\u00fa treba myslie\u0165, je, \u017ee sa u\u017e sk\u00f4r stmieva a tak si do batoha priba\u013ete spo\u013eahliv\u00e9 a kvalitn\u00e9 svetl\u00e1, aby v\u00e1s \u0161ero nezastihlo pri n\u00e1vrate domov.\u00a0<\/span><\/p>\n<h2><b>Oble\u010denie navy\u0161e<\/b><\/h2>\n<p><span style=\"font-weight: 400;\">Po\u010dasie po\u010das d\u0148a sa m\u00f4\u017ee meni\u0165 a treba by\u0165 pripraven\u00fd na da\u017ediv\u00e9 aj vetern\u00e9 po\u010dasie. <strong>Nejak\u00fa kvalitn\u00fa nepremokav\u00fa bundu navy\u0161e si ur\u010dite priba\u013ete do batoha.<\/strong> A aby ste po da\u017edi nepri\u0161li \u00faplne \u0161pinav\u00ed, m\u00f4\u017eete zv\u00e1\u017ei\u0165 aj pou\u017eitie blatn\u00edkov. V s\u00fa\u010dasnosti s\u00fa dostupn\u00e9 modely, ktor\u00e9 sa \u013eahko a r\u00fdchlo nasadzuj\u00fa a dokonca vyzeraj\u00fa dobre.\u00a0<\/span><\/p>\n<p><img loading=\"lazy\" decoding=\"async\" class=\"alignnone size-full wp-image-19745\" src=\"https:\/\/d2p6e6u75xmxt8.cloudfront.net\/4\/2024\/10\/01.webp\" alt=\"jesenn\u00e1 cyklistika\" width=\"990\" height=\"660\" srcset=\"https:\/\/d2p6e6u75xmxt8.cloudfront.net\/4\/2024\/10\/01.webp 990w, https:\/\/d2p6e6u75xmxt8.cloudfront.net\/4\/2024\/10\/01-300x200.webp 300w, https:\/\/d2p6e6u75xmxt8.cloudfront.net\/4\/2024\/10\/01-768x512.webp 768w, https:\/\/d2p6e6u75xmxt8.cloudfront.net\/4\/2024\/10\/01-400x267.webp 400w, https:\/\/d2p6e6u75xmxt8.cloudfront.net\/4\/2024\/10\/01-272x182.webp 272w\" sizes=\"auto, (max-width: 990px) 100vw, 990px\" \/><\/p>\n<p><span style=\"font-weight: 400;\">Tak\u017ee neodkladajte svoje bicykle hne\u010f s pr\u00edchodom prv\u00fdch chladn\u00fdch dn\u00ed, preto\u017ee by ste sa ochudobnili o jesenn\u00e9 z\u00e1\u017eitky. A s\u00fa to naozaj kr\u00e1sne v\u00fdjazdy a ur\u010dite aj vy objav\u00edte, \u017ee jese\u0148 je najkraj\u0161ie obdobie na cyklistiku. No a bola by \u0161koda toto obdobie str\u00e1vi\u0165 zatvoren\u00ed doma, so zadkom prilepen\u00fdm na trena\u017e\u00e9ri.\u00a0<\/span><\/p>\n","protected":false},"excerpt":{"rendered":"<p>Mohlo by sa zda\u0165, \u017ee cyklistick\u00e1 sez\u00f3na sa kon\u010d\u00ed pr\u00e1ve s pr\u00edchodom jesenn\u00fdch dn\u00ed. No nie je to tak. Jese\u0148 [&hellip;]<\/p>\n","protected":false},"author":172,"featured_media":19748,"comment_status":"open","ping_status":"open","sticky":false,"template":"","format":"standard","meta":{"footnotes":""},"categories":[191],"tags":[619,546,53,1386,180,1191,532,286,767,412,931,1533,1540,741,318,508,623],"global-categories":[1074],"class_list":["post-19740","post","type-post","status-publish","format-standard","has-post-thumbnail","hentry","category-odporucame","tag-bicyklovanie","tag-cyklistika","tag-deti","tag-deti-na-bicykli","tag-horska-cyklistika","tag-jazda","tag-jazdenie","tag-jesen","tag-motivacia","tag-mtb","tag-odporucame","tag-priroda","tag-tip","tag-tip-na-vylet","tag-vyjazd","tag-vylet","tag-zdravy-zivotny-styl","global-categories-cycling"],"yoast_head":"<!-- This site is optimized with the Yoast SEO Premium plugin v25.3 (Yoast SEO v25.9) - https:\/\/yoast.com\/wordpress\/plugins\/seo\/ -->\n<title>Seria\u0301l: Ako sa stat\u030c cyklistom \u2013 18. Jese\u0148, najkraj\u0161ie obdobie na cyklistiku<\/title>\n<meta name=\"description\" content=\"Jese\u0148 m\u00e1 s\u00edce svoje vrtochy v podobe upr\u0161an\u00fdch a vetern\u00fdch dn\u00ed, ale z\u00e1rove\u0148 pon\u00faka kr\u00e1sne obdobie babieho, alebo ak chcete indi\u00e1nskeho leta.\u00a0\" \/>\n<meta name=\"robots\" content=\"index, follow, max-snippet:-1, max-image-preview:large, max-video-preview:-1\" \/>\n<link rel=\"canonical\" href=\"https:\/\/www.welovecycling.com\/sk\/2024\/10\/10\/serial-ako-sa-stat-cyklistom-18-jesen-najkrajsie-obdobie-na-cyklistiku\/\" \/>\n<meta property=\"og:locale\" content=\"sk_SK\" \/>\n<meta property=\"og:type\" content=\"article\" \/>\n<meta property=\"og:title\" content=\"Seria\u0301l: Ako sa stat\u030c cyklistom \u2013 18. Jese\u0148, najkraj\u0161ie obdobie na cyklistiku\" \/>\n<meta property=\"og:description\" content=\"Jese\u0148 m\u00e1 s\u00edce svoje vrtochy v podobe upr\u0161an\u00fdch a vetern\u00fdch dn\u00ed, ale z\u00e1rove\u0148 pon\u00faka kr\u00e1sne obdobie babieho, alebo ak chcete indi\u00e1nskeho leta.\u00a0\" \/>\n<meta property=\"og:url\" content=\"https:\/\/www.welovecycling.com\/sk\/2024\/10\/10\/serial-ako-sa-stat-cyklistom-18-jesen-najkrajsie-obdobie-na-cyklistiku\/\" \/>\n<meta property=\"og:site_name\" content=\"\u0160koda We Love Cycling Slovensko\" \/>\n<meta property=\"article:published_time\" content=\"2024-10-10T07:55:08+00:00\" \/>\n<meta property=\"article:modified_time\" content=\"2024-11-12T11:45:15+00:00\" \/>\n<meta property=\"og:image\" content=\"https:\/\/d2p6e6u75xmxt8.cloudfront.net\/4\/2024\/10\/titulka_jesen.webp\" \/>\n\t<meta property=\"og:image:width\" content=\"990\" \/>\n\t<meta property=\"og:image:height\" content=\"660\" \/>\n\t<meta property=\"og:image:type\" content=\"image\/webp\" \/>\n<meta name=\"author\" content=\"dominika\" \/>\n<meta name=\"twitter:card\" content=\"summary_large_image\" \/>\n<meta name=\"twitter:label1\" content=\"Written by\" \/>\n\t<meta name=\"twitter:data1\" content=\"Radovan Vr\u0161ka\" \/>\n\t<meta name=\"twitter:label2\" content=\"Est. reading time\" \/>\n\t<meta name=\"twitter:data2\" content=\"3\" \/>\n<script type=\"application\/ld+json\" class=\"yoast-schema-graph\">{\"@context\":\"https:\/\/schema.org\",\"@graph\":[{\"@type\":\"WebPage\",\"@id\":\"https:\/\/www.welovecycling.com\/sk\/2024\/10\/10\/serial-ako-sa-stat-cyklistom-18-jesen-najkrajsie-obdobie-na-cyklistiku\/\",\"url\":\"https:\/\/www.welovecycling.com\/sk\/2024\/10\/10\/serial-ako-sa-stat-cyklistom-18-jesen-najkrajsie-obdobie-na-cyklistiku\/\",\"name\":\"Seria\u0301l: Ako sa stat\u030c cyklistom \u2013 18. Jese\u0148, najkraj\u0161ie obdobie na cyklistiku\",\"isPartOf\":{\"@id\":\"https:\/\/www.welovecycling.com\/sk\/#website\"},\"primaryImageOfPage\":{\"@id\":\"https:\/\/www.welovecycling.com\/sk\/2024\/10\/10\/serial-ako-sa-stat-cyklistom-18-jesen-najkrajsie-obdobie-na-cyklistiku\/#primaryimage\"},\"image\":{\"@id\":\"https:\/\/www.welovecycling.com\/sk\/2024\/10\/10\/serial-ako-sa-stat-cyklistom-18-jesen-najkrajsie-obdobie-na-cyklistiku\/#primaryimage\"},\"thumbnailUrl\":\"https:\/\/d2p6e6u75xmxt8.cloudfront.net\/4\/2024\/10\/titulka_jesen.webp\",\"datePublished\":\"2024-10-10T07:55:08+00:00\",\"dateModified\":\"2024-11-12T11:45:15+00:00\",\"author\":{\"@id\":\"https:\/\/www.welovecycling.com\/sk\/#\/schema\/person\/533b62b98b6c41bd5135ebfb1f742624\"},\"description\":\"Jese\u0148 m\u00e1 s\u00edce svoje vrtochy v podobe upr\u0161an\u00fdch a vetern\u00fdch dn\u00ed, ale z\u00e1rove\u0148 pon\u00faka kr\u00e1sne obdobie babieho, alebo ak chcete indi\u00e1nskeho leta.\u00a0\",\"breadcrumb\":{\"@id\":\"https:\/\/www.welovecycling.com\/sk\/2024\/10\/10\/serial-ako-sa-stat-cyklistom-18-jesen-najkrajsie-obdobie-na-cyklistiku\/#breadcrumb\"},\"inLanguage\":\"sk-SK\",\"potentialAction\":[{\"@type\":\"ReadAction\",\"target\":[\"https:\/\/www.welovecycling.com\/sk\/2024\/10\/10\/serial-ako-sa-stat-cyklistom-18-jesen-najkrajsie-obdobie-na-cyklistiku\/\"]}]},{\"@type\":\"ImageObject\",\"inLanguage\":\"sk-SK\",\"@id\":\"https:\/\/www.welovecycling.com\/sk\/2024\/10\/10\/serial-ako-sa-stat-cyklistom-18-jesen-najkrajsie-obdobie-na-cyklistiku\/#primaryimage\",\"url\":\"https:\/\/d2p6e6u75xmxt8.cloudfront.net\/4\/2024\/10\/titulka_jesen.webp\",\"contentUrl\":\"https:\/\/d2p6e6u75xmxt8.cloudfront.net\/4\/2024\/10\/titulka_jesen.webp\",\"width\":990,\"height\":660,\"caption\":\"cyklistick\u00e1 jese\u0148\"},{\"@type\":\"BreadcrumbList\",\"@id\":\"https:\/\/www.welovecycling.com\/sk\/2024\/10\/10\/serial-ako-sa-stat-cyklistom-18-jesen-najkrajsie-obdobie-na-cyklistiku\/#breadcrumb\",\"itemListElement\":[{\"@type\":\"ListItem\",\"position\":1,\"name\":\"Home\",\"item\":\"https:\/\/www.welovecycling.com\/sk\/\"},{\"@type\":\"ListItem\",\"position\":2,\"name\":\"Seria\u0301l: Ako sa stat\u030c cyklistom \u2013 18. Jese\u0148, najkraj\u0161ie obdobie na cyklistiku\"}]},{\"@type\":\"WebSite\",\"@id\":\"https:\/\/www.welovecycling.com\/sk\/#website\",\"url\":\"https:\/\/www.welovecycling.com\/sk\/\",\"name\":\"\u0160koda We Love Cycling Slovensko\",\"description\":\"\u0160koda We Love Cycling Slovensko je v\u00e1\u0161 ka\u017edodenn\u00fd zdroj noviniek a in\u0161pir\u00e1cie z sveta cyklistiky\",\"potentialAction\":[{\"@type\":\"SearchAction\",\"target\":{\"@type\":\"EntryPoint\",\"urlTemplate\":\"https:\/\/www.welovecycling.com\/sk\/?s={search_term_string}\"},\"query-input\":{\"@type\":\"PropertyValueSpecification\",\"valueRequired\":true,\"valueName\":\"search_term_string\"}}],\"inLanguage\":\"sk-SK\"},{\"@type\":\"Person\",\"@id\":\"https:\/\/www.welovecycling.com\/sk\/#\/schema\/person\/533b62b98b6c41bd5135ebfb1f742624\",\"name\":\"dominika\",\"image\":{\"@type\":\"ImageObject\",\"inLanguage\":\"sk-SK\",\"@id\":\"https:\/\/www.welovecycling.com\/sk\/#\/schema\/person\/image\/\",\"url\":\"https:\/\/secure.gravatar.com\/avatar\/ded6f274ba2ec3e17fff153f7d9d96a4b33c2cb63907f75d9a5309c599a7f3e6?s=96&d=mm&r=g\",\"contentUrl\":\"https:\/\/secure.gravatar.com\/avatar\/ded6f274ba2ec3e17fff153f7d9d96a4b33c2cb63907f75d9a5309c599a7f3e6?s=96&d=mm&r=g\",\"caption\":\"dominika\"},\"url\":\"https:\/\/www.welovecycling.com\/sk\/author\/dominika\/\"}]}<\/script>\n<!-- \/ Yoast SEO Premium plugin. -->","yoast_head_json":{"title":"Seria\u0301l: Ako sa stat\u030c cyklistom \u2013 18. Jese\u0148, najkraj\u0161ie obdobie na cyklistiku","description":"Jese\u0148 m\u00e1 s\u00edce svoje vrtochy v podobe upr\u0161an\u00fdch a vetern\u00fdch dn\u00ed, ale z\u00e1rove\u0148 pon\u00faka kr\u00e1sne obdobie babieho, alebo ak chcete indi\u00e1nskeho leta.\u00a0","robots":{"index":"index","follow":"follow","max-snippet":"max-snippet:-1","max-image-preview":"max-image-preview:large","max-video-preview":"max-video-preview:-1"},"canonical":"https:\/\/www.welovecycling.com\/sk\/2024\/10\/10\/serial-ako-sa-stat-cyklistom-18-jesen-najkrajsie-obdobie-na-cyklistiku\/","og_locale":"sk_SK","og_type":"article","og_title":"Seria\u0301l: Ako sa stat\u030c cyklistom \u2013 18. Jese\u0148, najkraj\u0161ie obdobie na cyklistiku","og_description":"Jese\u0148 m\u00e1 s\u00edce svoje vrtochy v podobe upr\u0161an\u00fdch a vetern\u00fdch dn\u00ed, ale z\u00e1rove\u0148 pon\u00faka kr\u00e1sne obdobie babieho, alebo ak chcete indi\u00e1nskeho leta.\u00a0","og_url":"https:\/\/www.welovecycling.com\/sk\/2024\/10\/10\/serial-ako-sa-stat-cyklistom-18-jesen-najkrajsie-obdobie-na-cyklistiku\/","og_site_name":"\u0160koda We Love Cycling Slovensko","article_published_time":"2024-10-10T07:55:08+00:00","article_modified_time":"2024-11-12T11:45:15+00:00","og_image":[{"width":990,"height":660,"url":"https:\/\/d2p6e6u75xmxt8.cloudfront.net\/4\/2024\/10\/titulka_jesen.webp","type":"image\/webp"}],"author":"dominika","twitter_card":"summary_large_image","twitter_misc":{"Written by":"Radovan Vr\u0161ka","Est. reading time":"3"},"schema":{"@context":"https:\/\/schema.org","@graph":[{"@type":"WebPage","@id":"https:\/\/www.welovecycling.com\/sk\/2024\/10\/10\/serial-ako-sa-stat-cyklistom-18-jesen-najkrajsie-obdobie-na-cyklistiku\/","url":"https:\/\/www.welovecycling.com\/sk\/2024\/10\/10\/serial-ako-sa-stat-cyklistom-18-jesen-najkrajsie-obdobie-na-cyklistiku\/","name":"Seria\u0301l: Ako sa stat\u030c cyklistom \u2013 18. Jese\u0148, najkraj\u0161ie obdobie na cyklistiku","isPartOf":{"@id":"https:\/\/www.welovecycling.com\/sk\/#website"},"primaryImageOfPage":{"@id":"https:\/\/www.welovecycling.com\/sk\/2024\/10\/10\/serial-ako-sa-stat-cyklistom-18-jesen-najkrajsie-obdobie-na-cyklistiku\/#primaryimage"},"image":{"@id":"https:\/\/www.welovecycling.com\/sk\/2024\/10\/10\/serial-ako-sa-stat-cyklistom-18-jesen-najkrajsie-obdobie-na-cyklistiku\/#primaryimage"},"thumbnailUrl":"https:\/\/d2p6e6u75xmxt8.cloudfront.net\/4\/2024\/10\/titulka_jesen.webp","datePublished":"2024-10-10T07:55:08+00:00","dateModified":"2024-11-12T11:45:15+00:00","author":{"@id":"https:\/\/www.welovecycling.com\/sk\/#\/schema\/person\/533b62b98b6c41bd5135ebfb1f742624"},"description":"Jese\u0148 m\u00e1 s\u00edce svoje vrtochy v podobe upr\u0161an\u00fdch a vetern\u00fdch dn\u00ed, ale z\u00e1rove\u0148 pon\u00faka kr\u00e1sne obdobie babieho, alebo ak chcete indi\u00e1nskeho leta.\u00a0","breadcrumb":{"@id":"https:\/\/www.welovecycling.com\/sk\/2024\/10\/10\/serial-ako-sa-stat-cyklistom-18-jesen-najkrajsie-obdobie-na-cyklistiku\/#breadcrumb"},"inLanguage":"sk-SK","potentialAction":[{"@type":"ReadAction","target":["https:\/\/www.welovecycling.com\/sk\/2024\/10\/10\/serial-ako-sa-stat-cyklistom-18-jesen-najkrajsie-obdobie-na-cyklistiku\/"]}]},{"@type":"ImageObject","inLanguage":"sk-SK","@id":"https:\/\/www.welovecycling.com\/sk\/2024\/10\/10\/serial-ako-sa-stat-cyklistom-18-jesen-najkrajsie-obdobie-na-cyklistiku\/#primaryimage","url":"https:\/\/d2p6e6u75xmxt8.cloudfront.net\/4\/2024\/10\/titulka_jesen.webp","contentUrl":"https:\/\/d2p6e6u75xmxt8.cloudfront.net\/4\/2024\/10\/titulka_jesen.webp","width":990,"height":660,"caption":"cyklistick\u00e1 jese\u0148"},{"@type":"BreadcrumbList","@id":"https:\/\/www.welovecycling.com\/sk\/2024\/10\/10\/serial-ako-sa-stat-cyklistom-18-jesen-najkrajsie-obdobie-na-cyklistiku\/#breadcrumb","itemListElement":[{"@type":"ListItem","position":1,"name":"Home","item":"https:\/\/www.welovecycling.com\/sk\/"},{"@type":"ListItem","position":2,"name":"Seria\u0301l: Ako sa stat\u030c cyklistom \u2013 18. Jese\u0148, najkraj\u0161ie obdobie na cyklistiku"}]},{"@type":"WebSite","@id":"https:\/\/www.welovecycling.com\/sk\/#website","url":"https:\/\/www.welovecycling.com\/sk\/","name":"\u0160koda We Love Cycling Slovensko","description":"\u0160koda We Love Cycling Slovensko je v\u00e1\u0161 ka\u017edodenn\u00fd zdroj noviniek a in\u0161pir\u00e1cie z sveta cyklistiky","potentialAction":[{"@type":"SearchAction","target":{"@type":"EntryPoint","urlTemplate":"https:\/\/www.welovecycling.com\/sk\/?s={search_term_string}"},"query-input":{"@type":"PropertyValueSpecification","valueRequired":true,"valueName":"search_term_string"}}],"inLanguage":"sk-SK"},{"@type":"Person","@id":"https:\/\/www.welovecycling.com\/sk\/#\/schema\/person\/533b62b98b6c41bd5135ebfb1f742624","name":"dominika","image":{"@type":"ImageObject","inLanguage":"sk-SK","@id":"https:\/\/www.welovecycling.com\/sk\/#\/schema\/person\/image\/","url":"https:\/\/secure.gravatar.com\/avatar\/ded6f274ba2ec3e17fff153f7d9d96a4b33c2cb63907f75d9a5309c599a7f3e6?s=96&d=mm&r=g","contentUrl":"https:\/\/secure.gravatar.com\/avatar\/ded6f274ba2ec3e17fff153f7d9d96a4b33c2cb63907f75d9a5309c599a7f3e6?s=96&d=mm&r=g","caption":"dominika"},"url":"https:\/\/www.welovecycling.com\/sk\/author\/dominika\/"}]}},"_links":{"self":[{"href":"https:\/\/www.welovecycling.com\/sk\/wp-json\/wp\/v2\/posts\/19740","targetHints":{"allow":["GET"]}}],"collection":[{"href":"https:\/\/www.welovecycling.com\/sk\/wp-json\/wp\/v2\/posts"}],"about":[{"href":"https:\/\/www.welovecycling.com\/sk\/wp-json\/wp\/v2\/types\/post"}],"author":[{"embeddable":true,"href":"https:\/\/www.welovecycling.com\/sk\/wp-json\/wp\/v2\/users\/172"}],"replies":[{"embeddable":true,"href":"https:\/\/www.welovecycling.com\/sk\/wp-json\/wp\/v2\/comments?post=19740"}],"version-history":[{"count":3,"href":"https:\/\/www.welovecycling.com\/sk\/wp-json\/wp\/v2\/posts\/19740\/revisions"}],"predecessor-version":[{"id":19858,"href":"https:\/\/www.welovecycling.com\/sk\/wp-json\/wp\/v2\/posts\/19740\/revisions\/19858"}],"wp:featuredmedia":[{"embeddable":true,"href":"https:\/\/www.welovecycling.com\/sk\/wp-json\/wp\/v2\/media\/19748"}],"wp:attachment":[{"href":"https:\/\/www.welovecycling.com\/sk\/wp-json\/wp\/v2\/media?parent=19740"}],"wp:term":[{"taxonomy":"category","embeddable":true,"href":"https:\/\/www.welovecycling.com\/sk\/wp-json\/wp\/v2\/categories?post=19740"},{"taxonomy":"post_tag","embeddable":true,"href":"https:\/\/www.welovecycling.com\/sk\/wp-json\/wp\/v2\/tags?post=19740"},{"taxonomy":"global-categories","embeddable":true,"href":"https:\/\/www.welovecycling.com\/sk\/wp-json\/wp\/v2\/global-categories?post=19740"}],"curies":[{"name":"wp","href":"https:\/\/api.w.org\/{rel}","templated":true}]}}