{"id":19710,"date":"2024-10-03T09:00:54","date_gmt":"2024-10-03T07:00:54","guid":{"rendered":"https:\/\/www.welovecycling.com\/sk\/?p=19710"},"modified":"2024-10-02T13:33:18","modified_gmt":"2024-10-02T11:33:18","slug":"tipy-na-ikonicke-stupania-ktore-si-vychutnate-nielen-pocas-jesene","status":"publish","type":"post","link":"https:\/\/www.welovecycling.com\/sk\/2024\/10\/03\/tipy-na-ikonicke-stupania-ktore-si-vychutnate-nielen-pocas-jesene\/","title":{"rendered":"Tipy na ikonick\u00e9 st\u00fapania, ktor\u00e9 si vychutn\u00e1te nielen po\u010das jesene"},"content":{"rendered":"<p><strong>Koniec cyklistickej sez\u00f3ny n\u00e1m pomali\u010dky klope na dvere. Av\u0161ak k\u00fdm pr\u00edde e\u0161te skuto\u010dn\u00e1 zima, \u010dak\u00e1 n\u00e1s jedno z\u00a0najkraj\u0161\u00edch obdob\u00ed roka, hlavne \u010do sa t\u00fdka pestrosti farieb v\u00a0na\u0161ej malebnej pr\u00edrode.\u00a0<\/strong><!--more--><\/p>\n<p><span style=\"font-weight: 400;\">Jese\u0148 je pre cyklistu obdob\u00edm, kedy dok\u00e1\u017eeme zu\u017eitkova\u0165 nazbieran\u00fa kond\u00edciu po\u010das letnej sez\u00f3ny a\u00a0naplno si vychutna\u0165 jej kr\u00e1su. Hoci m\u00f4\u017ee by\u0165 sucho a\u00a0teplo, pravdepodobnej\u0161ie je u\u017e viac sychrav\u00e9 po\u010dasie, r\u00e1na a\u00a0ve\u010dery s\u00fa u\u017e chladn\u00e9 a\u00a0vlhk\u00e9.<\/span><\/p>\n<p><span style=\"font-weight: 400;\">Preto tu m\u00e1m p\u00e1r tipov na kr\u00e1sne st\u00fapania, ktor\u00e9 sa daj\u00fa vychutna\u0165, aj ke\u010f sa pod kolesami bicykla u\u017e nepr\u00e1\u0161i.\u00a0<\/span><\/p>\n<h2><b>Ve\u013ek\u00e1 Javorina v\u00a0Bielych Karpatoch<\/b><\/h2>\n<p><span style=\"font-weight: 400;\">Je to v\u00fdrazn\u00fd kopec na na\u0161ich hraniciach s \u010ceskou republikou s vysiela\u010dom na vrchu, ktor\u00fd m\u00f4\u017eeme vidie\u0165 pri cestovan\u00ed po D1 pri Novom Meste nad V\u00e1hom. <strong>Cesta je cel\u00e1 pokryt\u00e1 kvalitn\u00fdm asfaltom, a preto sem zav\u00edta mno\u017estvo milovn\u00edkov cestnej cyklistiky.<\/strong> Hlavn\u00e9 st\u00fapanie sa za\u010d\u00edna pri minifarme Lubina pri usadlosti \u0160kulcovci. Od tohto bodu n\u00e1s \u010dak\u00e1 prev\u00fd\u0161enie pribli\u017ene 500 m s d\u013a\u017ekou nie\u010do m\u00e1lo cez 7 km a priemern\u00fdm sklonom 7 %.<\/span><\/p>\n<p><span style=\"font-weight: 400;\">V\u00fdchodiskov\u00fdm bodom ale m\u00f4\u017ee by\u0165 aj u\u017e spom\u00ednan\u00e9 Nov\u00e9 Mesto nad V\u00e1hom alebo Star\u00e1 Tur\u00e1. D\u00e1 sa tu napl\u00e1nova\u0165 pekn\u00fd okruh. Tesne pod vrcholom, ktor\u00fd je vo v\u00fd\u0161ke 969 m n. m., sa nach\u00e1dza chata na ob\u010derstvenie a\u00a0pri kr\u00e1snom po\u010das\u00ed n\u00e1s \u010dakaj\u00fa naozaj panoramatick\u00e9 v\u00fdh\u013eady na Myjavu, pr\u00edpadne susedn\u00fa \u010cesk\u00fa republiku.<\/span><\/p>\n<div id='gallery-1' class='gallery galleryid-19710 gallery-columns-2 gallery-size-full'><figure class='gallery-item'>\n\t\t\t<div class='gallery-icon landscape'>\n\t\t\t\t<a href='https:\/\/d2p6e6u75xmxt8.cloudfront.net\/4\/2024\/09\/Javorina_1.webp'><img loading=\"lazy\" decoding=\"async\" width=\"990\" height=\"660\" src=\"https:\/\/d2p6e6u75xmxt8.cloudfront.net\/4\/2024\/09\/Javorina_1.webp\" class=\"attachment-full size-full\" alt=\"Javorina\" srcset=\"https:\/\/d2p6e6u75xmxt8.cloudfront.net\/4\/2024\/09\/Javorina_1.webp 990w, https:\/\/d2p6e6u75xmxt8.cloudfront.net\/4\/2024\/09\/Javorina_1-300x200.webp 300w, https:\/\/d2p6e6u75xmxt8.cloudfront.net\/4\/2024\/09\/Javorina_1-768x512.webp 768w, https:\/\/d2p6e6u75xmxt8.cloudfront.net\/4\/2024\/09\/Javorina_1-400x267.webp 400w, https:\/\/d2p6e6u75xmxt8.cloudfront.net\/4\/2024\/09\/Javorina_1-272x182.webp 272w\" sizes=\"auto, (max-width: 990px) 100vw, 990px\" \/><\/a>\n\t\t\t<\/div><\/figure><figure class='gallery-item'>\n\t\t\t<div class='gallery-icon landscape'>\n\t\t\t\t<a href='https:\/\/d2p6e6u75xmxt8.cloudfront.net\/4\/2024\/09\/Javorina_2.webp'><img loading=\"lazy\" decoding=\"async\" width=\"990\" height=\"660\" src=\"https:\/\/d2p6e6u75xmxt8.cloudfront.net\/4\/2024\/09\/Javorina_2.webp\" class=\"attachment-full size-full\" alt=\"\" srcset=\"https:\/\/d2p6e6u75xmxt8.cloudfront.net\/4\/2024\/09\/Javorina_2.webp 990w, https:\/\/d2p6e6u75xmxt8.cloudfront.net\/4\/2024\/09\/Javorina_2-300x200.webp 300w, https:\/\/d2p6e6u75xmxt8.cloudfront.net\/4\/2024\/09\/Javorina_2-768x512.webp 768w, https:\/\/d2p6e6u75xmxt8.cloudfront.net\/4\/2024\/09\/Javorina_2-400x267.webp 400w, https:\/\/d2p6e6u75xmxt8.cloudfront.net\/4\/2024\/09\/Javorina_2-272x182.webp 272w\" sizes=\"auto, (max-width: 990px) 100vw, 990px\" \/><\/a>\n\t\t\t<\/div><\/figure>\n\t\t<\/div>\n\n<h2><b>Sitno \u2013 b\u00fdval\u00e1 sopka<\/b><\/h2>\n<p><span style=\"font-weight: 400;\">Sitno je najvy\u0161\u0161\u00edm vrchom pohoria \u0160tiavnick\u00e9 vrchy. Tvorila ho jedna z najv\u00e4\u010d\u0161\u00edch sopiek v strednej Eur\u00f3pe. Na\u0161\u0165astie je u\u017e vyhasnut\u00e1 a my si z nej m\u00f4\u017eeme vychutna\u0165 kr\u00e1sne poh\u013eady na pekn\u00fd ban\u00edcky regi\u00f3n Banskej \u0160tiavnice. <strong>Op\u00e4\u0165 ide o asfaltov\u00e9 st\u00fapanie, jeho posledn\u00fa tretinu netvor\u00ed pr\u00e1ve najrovnej\u0161\u00ed povrch, ale st\u00e1le sa to d\u00e1 zvl\u00e1dnu\u0165 aj na cestnom bicykli.<\/strong> Pohodlnej\u0161ou vo\u013ebou bude ale v tomto pr\u00edpade horsk\u00fd bike. Ak budeme r\u00e1ta\u0165 st\u00fapanie len od rampy pod Sitnom, tak to bude pribli\u017ene 250 m, ale ani nie na 2 km. To znamen\u00e1 priemer cez 12 %, a to je u\u017e slu\u0161n\u00fd kop\u010dek. \ud83d\ude42<\/span><\/p>\n<p><span style=\"font-weight: 400;\">Ak po\u010dasie praje, d\u00e1 sa urobi\u0165 kr\u00e1sny okruh po trase okolo Sitna od Po\u010d\u00favadlianskeho jazera. Pr\u00edpadne sa sem d\u00e1 dosta\u0165 \u010disto asfaltovou cestou priamo z\u00a0kr\u00e1sneho centra Banskej \u0160tiavnice. <strong>Na samotn\u00fd vrchol nie je vstup na bicykli povolen\u00fd,<\/strong> ale je to naozaj len posledn\u00fdch p\u00e1r metrov. Bicykel si m\u00f4\u017eete odlo\u017ei\u0165 pri chate a\u00a0na vyhliadku, ktor\u00e1 je severne orientovan\u00e1, si dokr\u00e1\u010date po svojich.<\/span><\/p>\n<div id='gallery-2' class='gallery galleryid-19710 gallery-columns-2 gallery-size-full'><figure class='gallery-item'>\n\t\t\t<div class='gallery-icon landscape'>\n\t\t\t\t<a href='https:\/\/d2p6e6u75xmxt8.cloudfront.net\/4\/2024\/09\/Sitno_2.webp'><img loading=\"lazy\" decoding=\"async\" width=\"990\" height=\"660\" src=\"https:\/\/d2p6e6u75xmxt8.cloudfront.net\/4\/2024\/09\/Sitno_2.webp\" class=\"attachment-full size-full\" alt=\"Sitno\" srcset=\"https:\/\/d2p6e6u75xmxt8.cloudfront.net\/4\/2024\/09\/Sitno_2.webp 990w, https:\/\/d2p6e6u75xmxt8.cloudfront.net\/4\/2024\/09\/Sitno_2-300x200.webp 300w, https:\/\/d2p6e6u75xmxt8.cloudfront.net\/4\/2024\/09\/Sitno_2-768x512.webp 768w, https:\/\/d2p6e6u75xmxt8.cloudfront.net\/4\/2024\/09\/Sitno_2-400x267.webp 400w, https:\/\/d2p6e6u75xmxt8.cloudfront.net\/4\/2024\/09\/Sitno_2-272x182.webp 272w\" sizes=\"auto, (max-width: 990px) 100vw, 990px\" \/><\/a>\n\t\t\t<\/div><\/figure><figure class='gallery-item'>\n\t\t\t<div class='gallery-icon landscape'>\n\t\t\t\t<a href='https:\/\/d2p6e6u75xmxt8.cloudfront.net\/4\/2024\/09\/Sitno_3.webp'><img loading=\"lazy\" decoding=\"async\" width=\"990\" height=\"660\" src=\"https:\/\/d2p6e6u75xmxt8.cloudfront.net\/4\/2024\/09\/Sitno_3.webp\" class=\"attachment-full size-full\" alt=\"\" srcset=\"https:\/\/d2p6e6u75xmxt8.cloudfront.net\/4\/2024\/09\/Sitno_3.webp 990w, https:\/\/d2p6e6u75xmxt8.cloudfront.net\/4\/2024\/09\/Sitno_3-300x200.webp 300w, https:\/\/d2p6e6u75xmxt8.cloudfront.net\/4\/2024\/09\/Sitno_3-768x512.webp 768w, https:\/\/d2p6e6u75xmxt8.cloudfront.net\/4\/2024\/09\/Sitno_3-400x267.webp 400w, https:\/\/d2p6e6u75xmxt8.cloudfront.net\/4\/2024\/09\/Sitno_3-272x182.webp 272w\" sizes=\"auto, (max-width: 990px) 100vw, 990px\" \/><\/a>\n\t\t\t<\/div><\/figure>\n\t\t<\/div>\n\n<h2><b>Smrekovica<\/b><\/h2>\n<p><span style=\"font-weight: 400;\"><strong>Ide o naj\u0165a\u017e\u0161ie cestn\u00e9 st\u00fapanie na Slovensku.<\/strong> S\u00a0d\u013a\u017ekou 8 km, prev\u00fd\u0161en\u00edm takmer 800 m n\u00e1s \u010dak\u00e1 priemern\u00fd sklon cez 10 %. Len\u017ee to je priemer a\u00a0realita je tak\u00e1, \u017ee k\u00fdm \u00favodn\u00e9 2 km s\u00fa e\u0161te ako-tak, tak zvy\u0161n\u00fdch 6 km u\u017e d\u00e1 naozaj zabra\u0165. D\u00e1 sa tu urobi\u0165 kvalitn\u00fd tr\u00e9ning. Odmenou na jeho konci je horsk\u00fd hotel. Pre v\u00fdh\u013eady je potrebn\u00e9 vyst\u00fapa\u0165 e\u0161te tro\u0161ku vy\u0161\u0161ie, pr\u00edpadne na horskom bicykli sa d\u00e1 urobi\u0165 n\u00e1dhern\u00e1 hrebe\u0148ov\u00e1 t\u00fara a\u017e do Ru\u017eomberka, odkia\u013e sa naskytn\u00fa naozaj fam\u00f3zne poh\u013eady na N\u00edzke Tatry a\u00a0v\u00a0dia\u013eke aj Vysok\u00e9 Tatry.\u00a0<\/span><\/p>\n<p><img loading=\"lazy\" decoding=\"async\" class=\"alignnone size-full wp-image-19717\" src=\"https:\/\/d2p6e6u75xmxt8.cloudfront.net\/4\/2024\/09\/Smrekovica-hreben_.webp\" alt=\"Smrekovica\" width=\"990\" height=\"660\" srcset=\"https:\/\/d2p6e6u75xmxt8.cloudfront.net\/4\/2024\/09\/Smrekovica-hreben_.webp 990w, https:\/\/d2p6e6u75xmxt8.cloudfront.net\/4\/2024\/09\/Smrekovica-hreben_-300x200.webp 300w, https:\/\/d2p6e6u75xmxt8.cloudfront.net\/4\/2024\/09\/Smrekovica-hreben_-768x512.webp 768w, https:\/\/d2p6e6u75xmxt8.cloudfront.net\/4\/2024\/09\/Smrekovica-hreben_-400x267.webp 400w, https:\/\/d2p6e6u75xmxt8.cloudfront.net\/4\/2024\/09\/Smrekovica-hreben_-272x182.webp 272w\" sizes=\"auto, (max-width: 990px) 100vw, 990px\" \/><\/p>\n<h2><b>\u017diarska chata<\/b><\/h2>\n<p><span style=\"font-weight: 400;\">Kr\u00e1sne st\u00fapanie na jednu z\u00a0najzn\u00e1mej\u0161\u00edch ch\u00e1t v\u00a0Z\u00e1padn\u00fdch Tatr\u00e1ch. Od parkoviska n\u00e1s \u010dak\u00e1 st\u00fapanie s\u00a0d\u013a\u017ekou pribli\u017ene 5 km, prev\u00fd\u0161en\u00edm 370 m a\u00a0sklonom 7 %. <strong>Ide o\u00a0pohodov\u00e9 st\u00fapanie vhodn\u00e9 pre horsk\u00fd, pr\u00edpadne gravel bicykel.<\/strong> Cestn\u00fd tu naozaj neodpor\u00fa\u010dam, nako\u013eko je povrch na mnoh\u00fdch miestach drsn\u00fd a\u00a0rozbit\u00fd. Chata je zasaden\u00e1 v\u00a0kr\u00e1snej doline medzi vrchmi Ban\u00edkov a\u00a0Baranec a\u00a0tie\u017e je ve\u013emi popul\u00e1rnym miestom s\u00a0dobr\u00fdm ob\u010derstven\u00edm. Pokra\u010dova\u0165 sa d\u00e1 potom aj priamo pod Tatrami po Tatranskej magistr\u00e1le, napr\u00edklad a\u017e do dol\u00edn vo Vysok\u00fdch Tatr\u00e1ch, ktor\u00e9 hne\u010f spomeniem.\u00a0<\/span><\/p>\n<p><img loading=\"lazy\" decoding=\"async\" class=\"alignnone size-full wp-image-19718\" src=\"https:\/\/d2p6e6u75xmxt8.cloudfront.net\/4\/2024\/09\/Ziarska_chata_01.webp\" alt=\"\u017diarska chata\" width=\"990\" height=\"660\" srcset=\"https:\/\/d2p6e6u75xmxt8.cloudfront.net\/4\/2024\/09\/Ziarska_chata_01.webp 990w, https:\/\/d2p6e6u75xmxt8.cloudfront.net\/4\/2024\/09\/Ziarska_chata_01-300x200.webp 300w, https:\/\/d2p6e6u75xmxt8.cloudfront.net\/4\/2024\/09\/Ziarska_chata_01-768x512.webp 768w, https:\/\/d2p6e6u75xmxt8.cloudfront.net\/4\/2024\/09\/Ziarska_chata_01-400x267.webp 400w, https:\/\/d2p6e6u75xmxt8.cloudfront.net\/4\/2024\/09\/Ziarska_chata_01-272x182.webp 272w\" sizes=\"auto, (max-width: 990px) 100vw, 990px\" \/><\/p>\n<h2><b>Vysok\u00e9 Tatry<\/b><\/h2>\n<p><span style=\"font-weight: 400;\">Na\u0161e najmen\u0161ie svetov\u00e9 ve\u013ehory toho pon\u00fakaj\u00fa skuto\u010dne ve\u013ea. V\u00e4\u010d\u0161ina cyklotr\u00e1s vedie po asfaltov\u00fdch alebo spevnen\u00fdch cest\u00e1ch, ale nestrat\u00ed sa tu ani horsk\u00fd bicykel.\u00a0<\/span><\/p>\n<p><span style=\"font-weight: 400;\"><strong>Takou n\u00e1dhernou jesennou klasikou je prechod cez Tich\u00fa a\u00a0K\u00f4prov\u00fa dolinu v\u00a0z\u00e1padnej \u010dasti Vysok\u00fdch Tatier.<\/strong> Hlavne Tich\u00e1 dolina je u\u017e bez z\u00e1sahu \u010dloveka, \u010do sa podpisuje na pestrej fl\u00f3re. V\u00fdchodiskov\u00fdm bodom je Podbansk\u00e9. Tich\u00e1 m\u00e1 d\u013a\u017eku pribli\u017ene 10 km a\u00a0K\u00f4prov\u00e1 4 km. Doliny sa nedaj\u00fa spoji\u0165, tak\u017ee tieto kilometre sa absolvuj\u00fa raz tam a\u00a0potom sp\u00e4\u0165. \ud83d\ude42 Po\u010das ich prechodu sa koch\u00e1me jedn\u00fdm z\u00a0na\u0161ich symbolov \u2013 Kriv\u00e1\u0148om a\u00a0tie\u017e hrebe\u0148om, ktor\u00fd zdie\u013eame s\u00a0po\u013esk\u00fdmi susedmi.<\/span><\/p>\n<div id='gallery-3' class='gallery galleryid-19710 gallery-columns-2 gallery-size-full'><figure class='gallery-item'>\n\t\t\t<div class='gallery-icon landscape'>\n\t\t\t\t<a href='https:\/\/d2p6e6u75xmxt8.cloudfront.net\/4\/2024\/09\/krivan.webp'><img loading=\"lazy\" decoding=\"async\" width=\"990\" height=\"660\" src=\"https:\/\/d2p6e6u75xmxt8.cloudfront.net\/4\/2024\/09\/krivan.webp\" class=\"attachment-full size-full\" alt=\"Kriv\u00e1\u0148\" srcset=\"https:\/\/d2p6e6u75xmxt8.cloudfront.net\/4\/2024\/09\/krivan.webp 990w, https:\/\/d2p6e6u75xmxt8.cloudfront.net\/4\/2024\/09\/krivan-300x200.webp 300w, https:\/\/d2p6e6u75xmxt8.cloudfront.net\/4\/2024\/09\/krivan-768x512.webp 768w, https:\/\/d2p6e6u75xmxt8.cloudfront.net\/4\/2024\/09\/krivan-400x267.webp 400w, https:\/\/d2p6e6u75xmxt8.cloudfront.net\/4\/2024\/09\/krivan-272x182.webp 272w\" sizes=\"auto, (max-width: 990px) 100vw, 990px\" \/><\/a>\n\t\t\t<\/div><\/figure><figure class='gallery-item'>\n\t\t\t<div class='gallery-icon landscape'>\n\t\t\t\t<a href='https:\/\/d2p6e6u75xmxt8.cloudfront.net\/4\/2024\/09\/Ticha_dolina.webp'><img loading=\"lazy\" decoding=\"async\" width=\"990\" height=\"660\" src=\"https:\/\/d2p6e6u75xmxt8.cloudfront.net\/4\/2024\/09\/Ticha_dolina.webp\" class=\"attachment-full size-full\" alt=\"\" srcset=\"https:\/\/d2p6e6u75xmxt8.cloudfront.net\/4\/2024\/09\/Ticha_dolina.webp 990w, https:\/\/d2p6e6u75xmxt8.cloudfront.net\/4\/2024\/09\/Ticha_dolina-300x200.webp 300w, https:\/\/d2p6e6u75xmxt8.cloudfront.net\/4\/2024\/09\/Ticha_dolina-768x512.webp 768w, https:\/\/d2p6e6u75xmxt8.cloudfront.net\/4\/2024\/09\/Ticha_dolina-400x267.webp 400w, https:\/\/d2p6e6u75xmxt8.cloudfront.net\/4\/2024\/09\/Ticha_dolina-272x182.webp 272w\" sizes=\"auto, (max-width: 990px) 100vw, 990px\" \/><\/a>\n\t\t\t<\/div><\/figure>\n\t\t<\/div>\n\n<h2><b>Tatransk\u00e1 vrch\u00e1rska koruna<\/b><\/h2>\n<p><span style=\"font-weight: 400;\">Ide o\u00a0<strong>spojenie 4 st\u00fapan\u00ed priamo pod Tatrami.<\/strong> Ako si zvol\u00edte ich poradie, to je \u010disto subjekt\u00edvne, pr\u00edpadne sa d\u00e1 ka\u017ed\u00e9, samozrejme, absolvova\u0165 individu\u00e1lne. Vhodn\u00e9 s\u00fa ako na cestn\u00fd, tak aj na horsk\u00fd bicykel.\u00a0<\/span><\/p>\n<ul>\n<li><span style=\"font-weight: 400;\">Prv\u00fdm \u013eahk\u00fdm je<strong> \u0160tart, \u010do je n\u00e1zov stanice lanovky.<\/strong> Za\u010diatok je v\u00a0Tatranskej Lomnici. Prev\u00fd\u0161enie tvor\u00ed cca 250 m s\u00a0d\u013a\u017ekou takmer 3 km a sklonom 9 %. Je to preto mo\u017eno ide\u00e1lny rozbeh.\u00a0<\/span><\/li>\n<li><span style=\"font-weight: 400;\">Druh\u00fdm, ve\u013emi podobn\u00fdm, je <strong>Hrebienok,<\/strong> kde sa za\u010d\u00edna v\u00a0Starom Smokovci. Parametre s\u00fa podobn\u00e9 \u2013 prev\u00fd\u0161enie 230 m s\u00a0d\u013a\u017ekou 2,4 km a\u00a0sklonom pribli\u017ene 9 %. Na jeho konci m\u00f4\u017eeme obdivova\u0165 poh\u013ead do Malej Studenej doliny s\u00a0dominantou, Lomnick\u00fdm \u0161t\u00edtom.\u00a0<\/span><\/li>\n<li><span style=\"font-weight: 400;\">Teraz zvol\u00edm st\u00fapanie, ktor\u00e9 je s\u00edce \u010falej, ale je miernej\u0161ie, a\u00a0s\u00edce <strong>Popradsk\u00e9 pleso<\/strong>. Od parkoviska to s\u00fa pribli\u017ene 4 km, prev\u00fd\u0161enie 260 m a\u00a0sklon 6 %. Ide o\u00a0hojne vyu\u017e\u00edvan\u00fa cestu, ak sa sem ale vyberiete mimo hlavnej sez\u00f3ny, tak je to \u00faplne v\u00a0poriadku.\u00a0<\/span><\/li>\n<li><span style=\"font-weight: 400;\">A\u00a0to najlep\u0161ie na koniec. <strong>Sliezsky dom,<\/strong> st\u00fapanie s\u00a0d\u013a\u017ekou 7 km, prev\u00fd\u0161en\u00edm 670 m a\u00a0sklonom 10 %. Z\u00e1rove\u0148 je jeho vrchol v\u00a0najvy\u0161\u0161om dostupnom mieste na bicykli v\u00a0Tatr\u00e1ch vo v\u00fd\u0161ke 1670 m n. m. Kr\u00e1sne prostredie, k\u013eud a\u00a0mo\u017enos\u0165 ob\u010derstvenia tvoria ide\u00e1lny z\u00e1ver.<\/span><\/li>\n<\/ul>\n<div id='gallery-4' class='gallery galleryid-19710 gallery-columns-3 gallery-size-full'><figure class='gallery-item'>\n\t\t\t<div class='gallery-icon landscape'>\n\t\t\t\t<a href='https:\/\/d2p6e6u75xmxt8.cloudfront.net\/4\/2024\/09\/Hrebienok.webp'><img loading=\"lazy\" decoding=\"async\" width=\"990\" height=\"660\" src=\"https:\/\/d2p6e6u75xmxt8.cloudfront.net\/4\/2024\/09\/Hrebienok.webp\" class=\"attachment-full size-full\" alt=\"Hrebienok\" srcset=\"https:\/\/d2p6e6u75xmxt8.cloudfront.net\/4\/2024\/09\/Hrebienok.webp 990w, https:\/\/d2p6e6u75xmxt8.cloudfront.net\/4\/2024\/09\/Hrebienok-300x200.webp 300w, https:\/\/d2p6e6u75xmxt8.cloudfront.net\/4\/2024\/09\/Hrebienok-768x512.webp 768w, https:\/\/d2p6e6u75xmxt8.cloudfront.net\/4\/2024\/09\/Hrebienok-400x267.webp 400w, https:\/\/d2p6e6u75xmxt8.cloudfront.net\/4\/2024\/09\/Hrebienok-272x182.webp 272w\" sizes=\"auto, (max-width: 990px) 100vw, 990px\" \/><\/a>\n\t\t\t<\/div><\/figure><figure class='gallery-item'>\n\t\t\t<div class='gallery-icon landscape'>\n\t\t\t\t<a href='https:\/\/d2p6e6u75xmxt8.cloudfront.net\/4\/2024\/09\/Popradske_pleso.webp'><img loading=\"lazy\" decoding=\"async\" width=\"990\" height=\"660\" src=\"https:\/\/d2p6e6u75xmxt8.cloudfront.net\/4\/2024\/09\/Popradske_pleso.webp\" class=\"attachment-full size-full\" alt=\"Popradsk\u00e9 pleso\" srcset=\"https:\/\/d2p6e6u75xmxt8.cloudfront.net\/4\/2024\/09\/Popradske_pleso.webp 990w, https:\/\/d2p6e6u75xmxt8.cloudfront.net\/4\/2024\/09\/Popradske_pleso-300x200.webp 300w, https:\/\/d2p6e6u75xmxt8.cloudfront.net\/4\/2024\/09\/Popradske_pleso-768x512.webp 768w, https:\/\/d2p6e6u75xmxt8.cloudfront.net\/4\/2024\/09\/Popradske_pleso-400x267.webp 400w, https:\/\/d2p6e6u75xmxt8.cloudfront.net\/4\/2024\/09\/Popradske_pleso-272x182.webp 272w\" sizes=\"auto, (max-width: 990px) 100vw, 990px\" \/><\/a>\n\t\t\t<\/div><\/figure><figure class='gallery-item'>\n\t\t\t<div class='gallery-icon landscape'>\n\t\t\t\t<a href='https:\/\/d2p6e6u75xmxt8.cloudfront.net\/4\/2024\/09\/Sliezsky-dom.webp'><img loading=\"lazy\" decoding=\"async\" width=\"990\" height=\"660\" src=\"https:\/\/d2p6e6u75xmxt8.cloudfront.net\/4\/2024\/09\/Sliezsky-dom.webp\" class=\"attachment-full size-full\" alt=\"\" srcset=\"https:\/\/d2p6e6u75xmxt8.cloudfront.net\/4\/2024\/09\/Sliezsky-dom.webp 990w, https:\/\/d2p6e6u75xmxt8.cloudfront.net\/4\/2024\/09\/Sliezsky-dom-300x200.webp 300w, https:\/\/d2p6e6u75xmxt8.cloudfront.net\/4\/2024\/09\/Sliezsky-dom-768x512.webp 768w, https:\/\/d2p6e6u75xmxt8.cloudfront.net\/4\/2024\/09\/Sliezsky-dom-400x267.webp 400w, https:\/\/d2p6e6u75xmxt8.cloudfront.net\/4\/2024\/09\/Sliezsky-dom-272x182.webp 272w\" sizes=\"auto, (max-width: 990px) 100vw, 990px\" \/><\/a>\n\t\t\t<\/div><\/figure>\n\t\t<\/div>\n\n<p><span style=\"font-weight: 400;\">Medzi v\u0161etk\u00fdmi st\u00fapaniami sa viete pohybova\u0165 bu\u010f po hlavnej, dnes u\u017e vo ve\u013ekej miere zrekon\u0161truovanej ceste, s\u00a0nov\u00fdm asfaltom. Pr\u00edpadne miestami vedie popri nej aj cesti\u010dka vhodn\u00e1 na horsk\u00fd bicykel. \u010ci u\u017e sa rozhodnete absolvova\u0165 v\u0161etky naraz alebo postupne, v\u00a0jesennom \u0161ate s\u00fa Vysok\u00e9 Tatry skuto\u010dn\u00fdm z\u00e1\u017eitkom.\u00a0<\/span><\/p>\n<h2><b>\u010cierny V\u00e1h<\/b><\/h2>\n<p><span style=\"font-weight: 400;\"><strong>Ide o asfaltov\u00e9 st\u00fapanie na umelo vybudovan\u00fa pre\u010derp\u00e1vaciu n\u00e1dr\u017e, ktor\u00e1 patr\u00ed vodnej elektr\u00e1rni na \u010ciernom V\u00e1hu.<\/strong> T\u00fd\u010di sa na kopci s panoramatick\u00fdm v\u00fdh\u013eadom na cel\u00fd Liptov, kde cel\u00fa scen\u00e9riu dotv\u00e1raj\u00fa dominantn\u00e9 Vysok\u00e9 Tatry.<\/span><a href=\"https:\/\/www.welovecycling.com\/sk\/2023\/08\/10\/tip-na-vylet-ako-si-uzit-okolie-skoda-horal-mtb-maratonu-aj-mimo-pretekov\/\" target=\"_blank\" rel=\"noopener\"><span style=\"font-weight: 400;\"> Tento tip som u\u017e raz spom\u00ednal<\/span><\/a><span style=\"font-weight: 400;\"> a\u00a0pri jesenn\u00fdch potulk\u00e1ch ho nem\u00f4\u017eem vynecha\u0165.<\/span><\/p>\n<p><span style=\"font-weight: 400;\">St\u00fapanie sa za\u010d\u00edna v\u00a0obci Svar\u00edn ne\u010faleko Kr\u00e1\u013eovej Lehoty. \u010cak\u00e1 n\u00e1s prev\u00fd\u0161enie 480 m s\u00a0d\u013a\u017ekou 7,5 km a\u00a0sklonom 7 %. <strong>Ide o\u00a0stredne n\u00e1ro\u010dn\u00e9 st\u00fapanie.<\/strong> Po\u010das jesene je ale obzvl\u00e1\u0161\u0165 pekn\u00e9, nako\u013eko sa tu nach\u00e1dzaj\u00fa aj smreky, ktor\u00e9 opad\u00e1vaj\u00fa a\u00a0menia ihli\u010die do zlatist\u00fdch odtie\u0148ov. V\u00fdchodiskov\u00fdm bodom m\u00f4\u017ee by\u0165 Liptovsk\u00fd Hr\u00e1dok. Popri vodnej n\u00e1dr\u017ei, ktor\u00e1 sa nach\u00e1dza dole, sa d\u00e1 pokra\u010dova\u0165 po spevnenej ceste a\u017e do \u0160trby. T\u00fato cestu zvl\u00e1dne aj cestn\u00fd bicykel. N\u00e1sledne cez Va\u017eec, V\u00fdchodn\u00fa a\u00a0Hybe sa vr\u00e1time nasp\u00e4\u0165.\u00a0<\/span><\/p>\n<div id='gallery-5' class='gallery galleryid-19710 gallery-columns-2 gallery-size-full'><figure class='gallery-item'>\n\t\t\t<div class='gallery-icon landscape'>\n\t\t\t\t<a href='https:\/\/d2p6e6u75xmxt8.cloudfront.net\/4\/2024\/09\/cierny_vah_1.webp'><img loading=\"lazy\" decoding=\"async\" width=\"990\" height=\"660\" src=\"https:\/\/d2p6e6u75xmxt8.cloudfront.net\/4\/2024\/09\/cierny_vah_1.webp\" class=\"attachment-full size-full\" alt=\"\" srcset=\"https:\/\/d2p6e6u75xmxt8.cloudfront.net\/4\/2024\/09\/cierny_vah_1.webp 990w, https:\/\/d2p6e6u75xmxt8.cloudfront.net\/4\/2024\/09\/cierny_vah_1-300x200.webp 300w, https:\/\/d2p6e6u75xmxt8.cloudfront.net\/4\/2024\/09\/cierny_vah_1-768x512.webp 768w, https:\/\/d2p6e6u75xmxt8.cloudfront.net\/4\/2024\/09\/cierny_vah_1-400x267.webp 400w, https:\/\/d2p6e6u75xmxt8.cloudfront.net\/4\/2024\/09\/cierny_vah_1-272x182.webp 272w\" sizes=\"auto, (max-width: 990px) 100vw, 990px\" \/><\/a>\n\t\t\t<\/div><\/figure><figure class='gallery-item'>\n\t\t\t<div class='gallery-icon landscape'>\n\t\t\t\t<a href='https:\/\/d2p6e6u75xmxt8.cloudfront.net\/4\/2024\/09\/Cierny_vah_2.webp'><img loading=\"lazy\" decoding=\"async\" width=\"990\" height=\"660\" src=\"https:\/\/d2p6e6u75xmxt8.cloudfront.net\/4\/2024\/09\/Cierny_vah_2.webp\" class=\"attachment-full size-full\" alt=\"\" srcset=\"https:\/\/d2p6e6u75xmxt8.cloudfront.net\/4\/2024\/09\/Cierny_vah_2.webp 990w, https:\/\/d2p6e6u75xmxt8.cloudfront.net\/4\/2024\/09\/Cierny_vah_2-300x200.webp 300w, https:\/\/d2p6e6u75xmxt8.cloudfront.net\/4\/2024\/09\/Cierny_vah_2-768x512.webp 768w, https:\/\/d2p6e6u75xmxt8.cloudfront.net\/4\/2024\/09\/Cierny_vah_2-400x267.webp 400w, https:\/\/d2p6e6u75xmxt8.cloudfront.net\/4\/2024\/09\/Cierny_vah_2-272x182.webp 272w\" sizes=\"auto, (max-width: 990px) 100vw, 990px\" \/><\/a>\n\t\t\t<\/div><\/figure>\n\t\t<\/div>\n\n<h2><b>Kr\u00e1\u013eova ho\u013ea<\/b><\/h2>\n<p><span style=\"font-weight: 400;\">Ikonick\u00fd, nielen cyklistick\u00fd kopec, ktor\u00fd ur\u010dite nie je potrebn\u00e9 predstavova\u0165. Tohto roku sme na \u0148om mohli absolvova\u0165 aj <\/span><a href=\"https:\/\/www.welovecycling.com\/sk\/2024\/08\/14\/reportaz-skoda-horal-mtb-maraton-vrchol-letnej-sezony\/\" target=\"_blank\" rel=\"noopener\"><span style=\"font-weight: 400;\">\u0160koda Horal MTB marat\u00f3n<\/span><\/a><span style=\"font-weight: 400;\"> zo s\u00e9rie \u0160koda Bike Open Tour. <strong>Je to najvy\u0161\u0161ie miesto na Slovensku, kam sa d\u00e1 leg\u00e1lne vy\u0161liapa\u0165 na bicykli.<\/strong> Vrchol je v\u00a0nadmorskej v\u00fd\u0161ke 1946 m n. m., kde sa s\u00edce nenach\u00e1dza strom zelen\u00fd, ale vysiela\u010d s\u00a0v\u00fd\u0161kou 137,5 m. Najpriamej\u0161ia cesta vedie z\u00a0obce \u0160umiac. Trasa meria 12 km a\u00a0zabezpe\u010d\u00ed prev\u00fd\u0161enie cez 1\u00a0000 m.<\/span><\/p>\n<p><span style=\"font-weight: 400;\">Takmer presne v\u00a0polovici sa nach\u00e1dza horsk\u00e1 Chata pod Kr\u00e1\u013eovou ho\u013eou, kde sa d\u00e1 odpo\u010din\u00fa\u0165 a\u00a0ob\u010derstvi\u0165. Pre zdatn\u00fdch to m\u00f4\u017ee by\u0165 odpo\u010dinkov\u00fd bod smerom nadol. \ud83d\ude42 <strong>Po chatu tvor\u00ed cestu preva\u017ene \u0161otolina a\u00a0od chaty je to zase drsnej\u0161\u00ed asfalt, rozhodne tu treba vzia\u0165 horsk\u00fd bicykel.<\/strong> Posledn\u00e9 3 km ale u\u017e za\u010d\u00ednaj\u00fa pon\u00faka\u0165 kr\u00e1sne v\u00fdh\u013eady s\u00a0op\u00e4\u0165 jedine\u010dn\u00fdmi Vysok\u00fdmi Tatrami. Toto je st\u00fapanie, kde aj ke\u010f \u010dlovek nevl\u00e1dze, tak proste mus\u00ed st\u00fapa\u0165 s\u00a0\u00fasmevom. Z\u00a0vrcholu je samozrejme n\u00e1dhern\u00fd 360-stup\u0148ov\u00fd v\u00fdh\u013ead na cel\u00e9 okolie, tak\u017ee nekone\u010dn\u00e1 \u201ekocha\u010dka\u201c pri dobrom po\u010das\u00ed je zaru\u010den\u00e1.<\/span><\/p>\n<div id='gallery-6' class='gallery galleryid-19710 gallery-columns-2 gallery-size-full'><figure class='gallery-item'>\n\t\t\t<div class='gallery-icon landscape'>\n\t\t\t\t<a href='https:\/\/d2p6e6u75xmxt8.cloudfront.net\/4\/2024\/09\/Kralova_hola_1.webp'><img loading=\"lazy\" decoding=\"async\" width=\"990\" height=\"660\" src=\"https:\/\/d2p6e6u75xmxt8.cloudfront.net\/4\/2024\/09\/Kralova_hola_1.webp\" class=\"attachment-full size-full\" alt=\"Kr\u00e1\u013eova ho\u013ea\" srcset=\"https:\/\/d2p6e6u75xmxt8.cloudfront.net\/4\/2024\/09\/Kralova_hola_1.webp 990w, https:\/\/d2p6e6u75xmxt8.cloudfront.net\/4\/2024\/09\/Kralova_hola_1-300x200.webp 300w, https:\/\/d2p6e6u75xmxt8.cloudfront.net\/4\/2024\/09\/Kralova_hola_1-768x512.webp 768w, https:\/\/d2p6e6u75xmxt8.cloudfront.net\/4\/2024\/09\/Kralova_hola_1-400x267.webp 400w, https:\/\/d2p6e6u75xmxt8.cloudfront.net\/4\/2024\/09\/Kralova_hola_1-272x182.webp 272w\" sizes=\"auto, (max-width: 990px) 100vw, 990px\" \/><\/a>\n\t\t\t<\/div><\/figure><figure class='gallery-item'>\n\t\t\t<div class='gallery-icon landscape'>\n\t\t\t\t<a href='https:\/\/d2p6e6u75xmxt8.cloudfront.net\/4\/2024\/09\/Kralova_hola_2.webp'><img loading=\"lazy\" decoding=\"async\" width=\"990\" height=\"660\" src=\"https:\/\/d2p6e6u75xmxt8.cloudfront.net\/4\/2024\/09\/Kralova_hola_2.webp\" class=\"attachment-full size-full\" alt=\"\" srcset=\"https:\/\/d2p6e6u75xmxt8.cloudfront.net\/4\/2024\/09\/Kralova_hola_2.webp 990w, https:\/\/d2p6e6u75xmxt8.cloudfront.net\/4\/2024\/09\/Kralova_hola_2-300x200.webp 300w, https:\/\/d2p6e6u75xmxt8.cloudfront.net\/4\/2024\/09\/Kralova_hola_2-768x512.webp 768w, https:\/\/d2p6e6u75xmxt8.cloudfront.net\/4\/2024\/09\/Kralova_hola_2-400x267.webp 400w, https:\/\/d2p6e6u75xmxt8.cloudfront.net\/4\/2024\/09\/Kralova_hola_2-272x182.webp 272w\" sizes=\"auto, (max-width: 990px) 100vw, 990px\" \/><\/a>\n\t\t\t<\/div><\/figure>\n\t\t<\/div>\n\n<p><span style=\"font-weight: 400;\"><strong>Vrch je ale zn\u00e1my \u010dast\u00fdm siln\u00fdm vetrom, tak\u017ee na to treba myslie\u0165 aj pri v\u00fdbere vhodn\u00e9ho oble\u010denia,<\/strong> nako\u013eko aj zjazd patr\u00ed k\u00a0t\u00fdm najdlh\u0161\u00edm. D\u00e1 sa tu urobi\u0165 aj okruh, nako\u013eko obce \u0160umiac a\u00a0Telg\u00e1rt u\u017e sp\u00e1ja novovybudovan\u00e1 asfaltov\u00e1 cyklocesta. Z\u00a0Telg\u00e1rtu sa d\u00e1 potom pokra\u010dova\u0165 na Pust\u00e9 Pole, odkia\u013e za\u010d\u00ednalo st\u00fapanie aj na marat\u00f3ne. A tie\u017e si tu m\u00f4\u017eete vychutna\u0165 poh\u013ead na technick\u00fa pamiatku, Chmaro\u0161sk\u00fd viadukt, pri ktorom sa nach\u00e1dza kr\u00e1sna kaviarni\u010dka.\u00a0<\/span><\/p>\n<p><img loading=\"lazy\" decoding=\"async\" class=\"alignnone size-full wp-image-19728\" src=\"https:\/\/d2p6e6u75xmxt8.cloudfront.net\/4\/2024\/09\/Viadukt.webp\" alt=\"\" width=\"990\" height=\"660\" srcset=\"https:\/\/d2p6e6u75xmxt8.cloudfront.net\/4\/2024\/09\/Viadukt.webp 990w, https:\/\/d2p6e6u75xmxt8.cloudfront.net\/4\/2024\/09\/Viadukt-300x200.webp 300w, https:\/\/d2p6e6u75xmxt8.cloudfront.net\/4\/2024\/09\/Viadukt-768x512.webp 768w, https:\/\/d2p6e6u75xmxt8.cloudfront.net\/4\/2024\/09\/Viadukt-400x267.webp 400w, https:\/\/d2p6e6u75xmxt8.cloudfront.net\/4\/2024\/09\/Viadukt-272x182.webp 272w\" sizes=\"auto, (max-width: 990px) 100vw, 990px\" \/><\/p>\n<p><span style=\"font-weight: 400;\">Rozhodne by sa dalo pokra\u010dova\u0165 a\u00a0kr\u00e1snych st\u00fapan\u00ed je na Slovensku mnoho. Ja som tentokr\u00e1t vybral pre m\u0148a jedny z\u00a0t\u00fdch najzauj\u00edmavej\u0161\u00edch a\u00a0v\u00a0tomto ro\u010dnom obdob\u00ed aj najkraj\u0161\u00edch.\u00a0<\/span><\/p>\n","protected":false},"excerpt":{"rendered":"<p>Koniec cyklistickej sez\u00f3ny n\u00e1m pomali\u010dky klope na dvere. Av\u0161ak k\u00fdm pr\u00edde e\u0161te skuto\u010dn\u00e1 zima, \u010dak\u00e1 n\u00e1s jedno z\u00a0najkraj\u0161\u00edch obdob\u00ed roka, [&hellip;]<\/p>\n","protected":false},"author":172,"featured_media":19712,"comment_status":"open","ping_status":"open","sticky":false,"template":"","format":"standard","meta":{"footnotes":""},"categories":[191],"tags":[619,546,180,532,286,767,412,931,1533,523,741],"global-categories":[1074],"class_list":["post-19710","post","type-post","status-publish","format-standard","has-post-thumbnail","hentry","category-odporucame","tag-bicyklovanie","tag-cyklistika","tag-horska-cyklistika","tag-jazdenie","tag-jesen","tag-motivacia","tag-mtb","tag-odporucame","tag-priroda","tag-slovensko","tag-tip-na-vylet","global-categories-cycling"],"yoast_head":"<!-- This site is optimized with the Yoast SEO Premium plugin v25.3 (Yoast SEO v25.9) - https:\/\/yoast.com\/wordpress\/plugins\/seo\/ -->\n<title>Tipy na ikonick\u00e9 st\u00fapania, ktor\u00e9 si vychutn\u00e1te nielen po\u010das jesene - \u0160koda We Love Cycling Slovensko<\/title>\n<meta name=\"description\" content=\"K\u00fdm pr\u00edde skuto\u010dn\u00e1 zima, \u010dak\u00e1 n\u00e1s jedno z\u00a0najkraj\u0161\u00edch obdob\u00ed roka, hlavne \u010do sa t\u00fdka pestrosti farieb v\u00a0na\u0161ej malebnej pr\u00edrode.\u00a0Kam vyrazi\u0165?\" \/>\n<meta name=\"robots\" content=\"index, follow, max-snippet:-1, max-image-preview:large, max-video-preview:-1\" \/>\n<link rel=\"canonical\" href=\"https:\/\/www.welovecycling.com\/sk\/2024\/10\/03\/tipy-na-ikonicke-stupania-ktore-si-vychutnate-nielen-pocas-jesene\/\" \/>\n<meta property=\"og:locale\" content=\"sk_SK\" \/>\n<meta property=\"og:type\" content=\"article\" \/>\n<meta property=\"og:title\" content=\"Tipy na ikonick\u00e9 st\u00fapania, ktor\u00e9 si vychutn\u00e1te nielen po\u010das jesene\" \/>\n<meta property=\"og:description\" content=\"K\u00fdm pr\u00edde skuto\u010dn\u00e1 zima, \u010dak\u00e1 n\u00e1s jedno z\u00a0najkraj\u0161\u00edch obdob\u00ed roka, hlavne \u010do sa t\u00fdka pestrosti farieb v\u00a0na\u0161ej malebnej pr\u00edrode.\u00a0Kam vyrazi\u0165?\" \/>\n<meta property=\"og:url\" content=\"https:\/\/www.welovecycling.com\/sk\/2024\/10\/03\/tipy-na-ikonicke-stupania-ktore-si-vychutnate-nielen-pocas-jesene\/\" \/>\n<meta property=\"og:site_name\" content=\"\u0160koda We Love Cycling Slovensko\" \/>\n<meta property=\"article:published_time\" content=\"2024-10-03T07:00:54+00:00\" \/>\n<meta property=\"og:image\" content=\"https:\/\/d2p6e6u75xmxt8.cloudfront.net\/4\/2024\/09\/titulka-1.webp\" \/>\n\t<meta property=\"og:image:width\" content=\"990\" \/>\n\t<meta property=\"og:image:height\" content=\"660\" \/>\n\t<meta property=\"og:image:type\" content=\"image\/webp\" \/>\n<meta name=\"author\" content=\"dominika\" \/>\n<meta name=\"twitter:card\" content=\"summary_large_image\" \/>\n<meta name=\"twitter:label1\" content=\"Written by\" \/>\n\t<meta name=\"twitter:data1\" content=\"Erik Horv\u00e1th\" \/>\n\t<meta name=\"twitter:label2\" content=\"Est. reading time\" \/>\n\t<meta name=\"twitter:data2\" content=\"7\" \/>\n<script type=\"application\/ld+json\" class=\"yoast-schema-graph\">{\"@context\":\"https:\/\/schema.org\",\"@graph\":[{\"@type\":\"WebPage\",\"@id\":\"https:\/\/www.welovecycling.com\/sk\/2024\/10\/03\/tipy-na-ikonicke-stupania-ktore-si-vychutnate-nielen-pocas-jesene\/\",\"url\":\"https:\/\/www.welovecycling.com\/sk\/2024\/10\/03\/tipy-na-ikonicke-stupania-ktore-si-vychutnate-nielen-pocas-jesene\/\",\"name\":\"Tipy na ikonick\u00e9 st\u00fapania, ktor\u00e9 si vychutn\u00e1te nielen po\u010das jesene - \u0160koda We Love Cycling Slovensko\",\"isPartOf\":{\"@id\":\"https:\/\/www.welovecycling.com\/sk\/#website\"},\"primaryImageOfPage\":{\"@id\":\"https:\/\/www.welovecycling.com\/sk\/2024\/10\/03\/tipy-na-ikonicke-stupania-ktore-si-vychutnate-nielen-pocas-jesene\/#primaryimage\"},\"image\":{\"@id\":\"https:\/\/www.welovecycling.com\/sk\/2024\/10\/03\/tipy-na-ikonicke-stupania-ktore-si-vychutnate-nielen-pocas-jesene\/#primaryimage\"},\"thumbnailUrl\":\"https:\/\/d2p6e6u75xmxt8.cloudfront.net\/4\/2024\/09\/titulka-1.webp\",\"datePublished\":\"2024-10-03T07:00:54+00:00\",\"author\":{\"@id\":\"https:\/\/www.welovecycling.com\/sk\/#\/schema\/person\/533b62b98b6c41bd5135ebfb1f742624\"},\"description\":\"K\u00fdm pr\u00edde skuto\u010dn\u00e1 zima, \u010dak\u00e1 n\u00e1s jedno z\u00a0najkraj\u0161\u00edch obdob\u00ed roka, hlavne \u010do sa t\u00fdka pestrosti farieb v\u00a0na\u0161ej malebnej pr\u00edrode.\u00a0Kam vyrazi\u0165?\",\"breadcrumb\":{\"@id\":\"https:\/\/www.welovecycling.com\/sk\/2024\/10\/03\/tipy-na-ikonicke-stupania-ktore-si-vychutnate-nielen-pocas-jesene\/#breadcrumb\"},\"inLanguage\":\"sk-SK\",\"potentialAction\":[{\"@type\":\"ReadAction\",\"target\":[\"https:\/\/www.welovecycling.com\/sk\/2024\/10\/03\/tipy-na-ikonicke-stupania-ktore-si-vychutnate-nielen-pocas-jesene\/\"]}]},{\"@type\":\"ImageObject\",\"inLanguage\":\"sk-SK\",\"@id\":\"https:\/\/www.welovecycling.com\/sk\/2024\/10\/03\/tipy-na-ikonicke-stupania-ktore-si-vychutnate-nielen-pocas-jesene\/#primaryimage\",\"url\":\"https:\/\/d2p6e6u75xmxt8.cloudfront.net\/4\/2024\/09\/titulka-1.webp\",\"contentUrl\":\"https:\/\/d2p6e6u75xmxt8.cloudfront.net\/4\/2024\/09\/titulka-1.webp\",\"width\":990,\"height\":660},{\"@type\":\"BreadcrumbList\",\"@id\":\"https:\/\/www.welovecycling.com\/sk\/2024\/10\/03\/tipy-na-ikonicke-stupania-ktore-si-vychutnate-nielen-pocas-jesene\/#breadcrumb\",\"itemListElement\":[{\"@type\":\"ListItem\",\"position\":1,\"name\":\"Home\",\"item\":\"https:\/\/www.welovecycling.com\/sk\/\"},{\"@type\":\"ListItem\",\"position\":2,\"name\":\"Tipy na ikonick\u00e9 st\u00fapania, ktor\u00e9 si vychutn\u00e1te nielen po\u010das jesene\"}]},{\"@type\":\"WebSite\",\"@id\":\"https:\/\/www.welovecycling.com\/sk\/#website\",\"url\":\"https:\/\/www.welovecycling.com\/sk\/\",\"name\":\"\u0160koda We Love Cycling Slovensko\",\"description\":\"\u0160koda We Love Cycling Slovensko je v\u00e1\u0161 ka\u017edodenn\u00fd zdroj noviniek a in\u0161pir\u00e1cie z sveta cyklistiky\",\"potentialAction\":[{\"@type\":\"SearchAction\",\"target\":{\"@type\":\"EntryPoint\",\"urlTemplate\":\"https:\/\/www.welovecycling.com\/sk\/?s={search_term_string}\"},\"query-input\":{\"@type\":\"PropertyValueSpecification\",\"valueRequired\":true,\"valueName\":\"search_term_string\"}}],\"inLanguage\":\"sk-SK\"},{\"@type\":\"Person\",\"@id\":\"https:\/\/www.welovecycling.com\/sk\/#\/schema\/person\/533b62b98b6c41bd5135ebfb1f742624\",\"name\":\"dominika\",\"image\":{\"@type\":\"ImageObject\",\"inLanguage\":\"sk-SK\",\"@id\":\"https:\/\/www.welovecycling.com\/sk\/#\/schema\/person\/image\/\",\"url\":\"https:\/\/secure.gravatar.com\/avatar\/ded6f274ba2ec3e17fff153f7d9d96a4b33c2cb63907f75d9a5309c599a7f3e6?s=96&d=mm&r=g\",\"contentUrl\":\"https:\/\/secure.gravatar.com\/avatar\/ded6f274ba2ec3e17fff153f7d9d96a4b33c2cb63907f75d9a5309c599a7f3e6?s=96&d=mm&r=g\",\"caption\":\"dominika\"},\"url\":\"https:\/\/www.welovecycling.com\/sk\/author\/dominika\/\"}]}<\/script>\n<!-- \/ Yoast SEO Premium plugin. -->","yoast_head_json":{"title":"Tipy na ikonick\u00e9 st\u00fapania, ktor\u00e9 si vychutn\u00e1te nielen po\u010das jesene - \u0160koda We Love Cycling Slovensko","description":"K\u00fdm pr\u00edde skuto\u010dn\u00e1 zima, \u010dak\u00e1 n\u00e1s jedno z\u00a0najkraj\u0161\u00edch obdob\u00ed roka, hlavne \u010do sa t\u00fdka pestrosti farieb v\u00a0na\u0161ej malebnej pr\u00edrode.\u00a0Kam vyrazi\u0165?","robots":{"index":"index","follow":"follow","max-snippet":"max-snippet:-1","max-image-preview":"max-image-preview:large","max-video-preview":"max-video-preview:-1"},"canonical":"https:\/\/www.welovecycling.com\/sk\/2024\/10\/03\/tipy-na-ikonicke-stupania-ktore-si-vychutnate-nielen-pocas-jesene\/","og_locale":"sk_SK","og_type":"article","og_title":"Tipy na ikonick\u00e9 st\u00fapania, ktor\u00e9 si vychutn\u00e1te nielen po\u010das jesene","og_description":"K\u00fdm pr\u00edde skuto\u010dn\u00e1 zima, \u010dak\u00e1 n\u00e1s jedno z\u00a0najkraj\u0161\u00edch obdob\u00ed roka, hlavne \u010do sa t\u00fdka pestrosti farieb v\u00a0na\u0161ej malebnej pr\u00edrode.\u00a0Kam vyrazi\u0165?","og_url":"https:\/\/www.welovecycling.com\/sk\/2024\/10\/03\/tipy-na-ikonicke-stupania-ktore-si-vychutnate-nielen-pocas-jesene\/","og_site_name":"\u0160koda We Love Cycling Slovensko","article_published_time":"2024-10-03T07:00:54+00:00","og_image":[{"width":990,"height":660,"url":"https:\/\/d2p6e6u75xmxt8.cloudfront.net\/4\/2024\/09\/titulka-1.webp","type":"image\/webp"}],"author":"dominika","twitter_card":"summary_large_image","twitter_misc":{"Written by":"Erik Horv\u00e1th","Est. reading time":"7"},"schema":{"@context":"https:\/\/schema.org","@graph":[{"@type":"WebPage","@id":"https:\/\/www.welovecycling.com\/sk\/2024\/10\/03\/tipy-na-ikonicke-stupania-ktore-si-vychutnate-nielen-pocas-jesene\/","url":"https:\/\/www.welovecycling.com\/sk\/2024\/10\/03\/tipy-na-ikonicke-stupania-ktore-si-vychutnate-nielen-pocas-jesene\/","name":"Tipy na ikonick\u00e9 st\u00fapania, ktor\u00e9 si vychutn\u00e1te nielen po\u010das jesene - \u0160koda We Love Cycling Slovensko","isPartOf":{"@id":"https:\/\/www.welovecycling.com\/sk\/#website"},"primaryImageOfPage":{"@id":"https:\/\/www.welovecycling.com\/sk\/2024\/10\/03\/tipy-na-ikonicke-stupania-ktore-si-vychutnate-nielen-pocas-jesene\/#primaryimage"},"image":{"@id":"https:\/\/www.welovecycling.com\/sk\/2024\/10\/03\/tipy-na-ikonicke-stupania-ktore-si-vychutnate-nielen-pocas-jesene\/#primaryimage"},"thumbnailUrl":"https:\/\/d2p6e6u75xmxt8.cloudfront.net\/4\/2024\/09\/titulka-1.webp","datePublished":"2024-10-03T07:00:54+00:00","author":{"@id":"https:\/\/www.welovecycling.com\/sk\/#\/schema\/person\/533b62b98b6c41bd5135ebfb1f742624"},"description":"K\u00fdm pr\u00edde skuto\u010dn\u00e1 zima, \u010dak\u00e1 n\u00e1s jedno z\u00a0najkraj\u0161\u00edch obdob\u00ed roka, hlavne \u010do sa t\u00fdka pestrosti farieb v\u00a0na\u0161ej malebnej pr\u00edrode.\u00a0Kam vyrazi\u0165?","breadcrumb":{"@id":"https:\/\/www.welovecycling.com\/sk\/2024\/10\/03\/tipy-na-ikonicke-stupania-ktore-si-vychutnate-nielen-pocas-jesene\/#breadcrumb"},"inLanguage":"sk-SK","potentialAction":[{"@type":"ReadAction","target":["https:\/\/www.welovecycling.com\/sk\/2024\/10\/03\/tipy-na-ikonicke-stupania-ktore-si-vychutnate-nielen-pocas-jesene\/"]}]},{"@type":"ImageObject","inLanguage":"sk-SK","@id":"https:\/\/www.welovecycling.com\/sk\/2024\/10\/03\/tipy-na-ikonicke-stupania-ktore-si-vychutnate-nielen-pocas-jesene\/#primaryimage","url":"https:\/\/d2p6e6u75xmxt8.cloudfront.net\/4\/2024\/09\/titulka-1.webp","contentUrl":"https:\/\/d2p6e6u75xmxt8.cloudfront.net\/4\/2024\/09\/titulka-1.webp","width":990,"height":660},{"@type":"BreadcrumbList","@id":"https:\/\/www.welovecycling.com\/sk\/2024\/10\/03\/tipy-na-ikonicke-stupania-ktore-si-vychutnate-nielen-pocas-jesene\/#breadcrumb","itemListElement":[{"@type":"ListItem","position":1,"name":"Home","item":"https:\/\/www.welovecycling.com\/sk\/"},{"@type":"ListItem","position":2,"name":"Tipy na ikonick\u00e9 st\u00fapania, ktor\u00e9 si vychutn\u00e1te nielen po\u010das jesene"}]},{"@type":"WebSite","@id":"https:\/\/www.welovecycling.com\/sk\/#website","url":"https:\/\/www.welovecycling.com\/sk\/","name":"\u0160koda We Love Cycling Slovensko","description":"\u0160koda We Love Cycling Slovensko je v\u00e1\u0161 ka\u017edodenn\u00fd zdroj noviniek a in\u0161pir\u00e1cie z sveta cyklistiky","potentialAction":[{"@type":"SearchAction","target":{"@type":"EntryPoint","urlTemplate":"https:\/\/www.welovecycling.com\/sk\/?s={search_term_string}"},"query-input":{"@type":"PropertyValueSpecification","valueRequired":true,"valueName":"search_term_string"}}],"inLanguage":"sk-SK"},{"@type":"Person","@id":"https:\/\/www.welovecycling.com\/sk\/#\/schema\/person\/533b62b98b6c41bd5135ebfb1f742624","name":"dominika","image":{"@type":"ImageObject","inLanguage":"sk-SK","@id":"https:\/\/www.welovecycling.com\/sk\/#\/schema\/person\/image\/","url":"https:\/\/secure.gravatar.com\/avatar\/ded6f274ba2ec3e17fff153f7d9d96a4b33c2cb63907f75d9a5309c599a7f3e6?s=96&d=mm&r=g","contentUrl":"https:\/\/secure.gravatar.com\/avatar\/ded6f274ba2ec3e17fff153f7d9d96a4b33c2cb63907f75d9a5309c599a7f3e6?s=96&d=mm&r=g","caption":"dominika"},"url":"https:\/\/www.welovecycling.com\/sk\/author\/dominika\/"}]}},"_links":{"self":[{"href":"https:\/\/www.welovecycling.com\/sk\/wp-json\/wp\/v2\/posts\/19710","targetHints":{"allow":["GET"]}}],"collection":[{"href":"https:\/\/www.welovecycling.com\/sk\/wp-json\/wp\/v2\/posts"}],"about":[{"href":"https:\/\/www.welovecycling.com\/sk\/wp-json\/wp\/v2\/types\/post"}],"author":[{"embeddable":true,"href":"https:\/\/www.welovecycling.com\/sk\/wp-json\/wp\/v2\/users\/172"}],"replies":[{"embeddable":true,"href":"https:\/\/www.welovecycling.com\/sk\/wp-json\/wp\/v2\/comments?post=19710"}],"version-history":[{"count":5,"href":"https:\/\/www.welovecycling.com\/sk\/wp-json\/wp\/v2\/posts\/19710\/revisions"}],"predecessor-version":[{"id":19732,"href":"https:\/\/www.welovecycling.com\/sk\/wp-json\/wp\/v2\/posts\/19710\/revisions\/19732"}],"wp:featuredmedia":[{"embeddable":true,"href":"https:\/\/www.welovecycling.com\/sk\/wp-json\/wp\/v2\/media\/19712"}],"wp:attachment":[{"href":"https:\/\/www.welovecycling.com\/sk\/wp-json\/wp\/v2\/media?parent=19710"}],"wp:term":[{"taxonomy":"category","embeddable":true,"href":"https:\/\/www.welovecycling.com\/sk\/wp-json\/wp\/v2\/categories?post=19710"},{"taxonomy":"post_tag","embeddable":true,"href":"https:\/\/www.welovecycling.com\/sk\/wp-json\/wp\/v2\/tags?post=19710"},{"taxonomy":"global-categories","embeddable":true,"href":"https:\/\/www.welovecycling.com\/sk\/wp-json\/wp\/v2\/global-categories?post=19710"}],"curies":[{"name":"wp","href":"https:\/\/api.w.org\/{rel}","templated":true}]}}