{"id":19693,"date":"2024-09-26T14:03:45","date_gmt":"2024-09-26T12:03:45","guid":{"rendered":"https:\/\/www.welovecycling.com\/sk\/?p=19693"},"modified":"2024-09-26T14:03:45","modified_gmt":"2024-09-26T12:03:45","slug":"sezona-je-takmer-za-nami-co-nas-naucili-preteky-a-co-zmenime-wlrmcc","status":"publish","type":"post","link":"https:\/\/www.welovecycling.com\/sk\/2024\/09\/26\/sezona-je-takmer-za-nami-co-nas-naucili-preteky-a-co-zmenime-wlrmcc\/","title":{"rendered":"Sez\u00f3na je takmer za nami: \u010do n\u00e1s nau\u010dili preteky a \u010do zmen\u00edme? (WLRMcc)"},"content":{"rendered":"<p><strong>Sez\u00f3na je na konci a nast\u00e1va \u010das bilancova\u0165. Zhodnoti\u0165 v\u00fdsledky, \u00faspechy, ale aj zlyhania a ne\u00faspechy. Pozrieme sa na to, \u010do n\u00e1m sez\u00f3na priniesla, \u010do n\u00e1s nau\u010dila a \u010do si z nej odn\u00e1\u0161ame ako pou\u010denie \u010di ako motiv\u00e1ciu do bud\u00facich rokov a \u010fal\u0161\u00edch pretekov.<\/strong><!--more--><\/p>\n<p><span style=\"font-weight: 400;\">Na za\u010diatku roka sme ani netu\u0161ili, ako t\u00e1to sez\u00f3na vo fin\u00e1le dopadne, ale u\u017e od zimn\u00fdch mesiacov sme mali v kalend\u00e1ri zakr\u00fa\u017ekovan\u00e9 preteky s najvy\u0161\u0161ou d\u00f4le\u017eitos\u0165ou. Ako \u201e\u00e1\u010dkov\u00e9\u201c ozna\u010dujeme tie, kde chceme bojova\u0165 o v\u00ed\u0165azstvo, oran\u017eovou preteky, kde p\u00f3dium bude bonus, zelenou preteky pre jednotliv\u00fdch pretek\u00e1rov, kde bud\u00fa pom\u00e1ha\u0165 <\/span><a href=\"https:\/\/www.welovecycling.com\/sk\/2024\/04\/12\/rozhovor-wlrmcc-jazdime-podla-nalady-a-pocasia\/\" target=\"_blank\" rel=\"noopener\"><span style=\"font-weight: 400;\">t\u00edmov\u00fdm kolegom<\/span><\/a><span style=\"font-weight: 400;\"> a modrou tie, kam p\u00f4jdeme preteka\u0165, ak to dovolia okolnosti. <strong>\u010co si zo sez\u00f3ny odn\u00e1\u0161ame a \u010do sme sa nau\u010dili?<\/strong><\/span><\/p>\n<h2><b>Ide to \u013eah\u0161ie, ak m\u00e1te s k\u00fdm tr\u00e9nova\u0165 a s k\u00fdm sa deli\u0165 o z\u00e1\u017eitky<\/b><\/h2>\n<p><span style=\"font-weight: 400;\">Jednou z prior\u00edt pre n\u00e1s bolo <strong>preteka\u0165 na v\u0161etk\u00fdch kol\u00e1ch \u0160koda Bike Open Tour 2024 (\u0160BOT)<\/strong> a v\u0161etky preteky s\u00e9rie sme si zazna\u010dili ako \u00e1\u010dkov\u00e9. Hoci niektor\u00e9 d\u00e1tumy kolidovali s festivalmi alebo s in\u00fdmi podujatiami, sna\u017eili sme sa nast\u00fapi\u0165 na preteky v \u010do najv\u00e4\u010d\u0161om po\u010dte.<\/span><\/p>\n<p><img loading=\"lazy\" decoding=\"async\" class=\"alignnone size-full wp-image-19695\" src=\"https:\/\/d2p6e6u75xmxt8.cloudfront.net\/4\/2024\/09\/SBOT_Rajecke-18052024-31.webp\" alt=\"\" width=\"990\" height=\"660\" srcset=\"https:\/\/d2p6e6u75xmxt8.cloudfront.net\/4\/2024\/09\/SBOT_Rajecke-18052024-31.webp 990w, https:\/\/d2p6e6u75xmxt8.cloudfront.net\/4\/2024\/09\/SBOT_Rajecke-18052024-31-300x200.webp 300w, https:\/\/d2p6e6u75xmxt8.cloudfront.net\/4\/2024\/09\/SBOT_Rajecke-18052024-31-768x512.webp 768w, https:\/\/d2p6e6u75xmxt8.cloudfront.net\/4\/2024\/09\/SBOT_Rajecke-18052024-31-400x267.webp 400w, https:\/\/d2p6e6u75xmxt8.cloudfront.net\/4\/2024\/09\/SBOT_Rajecke-18052024-31-272x182.webp 272w\" sizes=\"auto, (max-width: 990px) 100vw, 990px\" \/><\/p>\n<p><span style=\"font-weight: 400;\">Tento rok sa n\u00e1\u0161 t\u00edm WLRM cc rozr\u00e1stol a na MTB pretekoch s nami za\u010dali preteka\u0165 <strong>Bianka Baba\u010dov\u00e1 a Samo Horniak<\/strong>. Obaja s\u00fa sk\u00fasen\u00ed MTB pretek\u00e1ri, \u010do uk\u00e1zali hne\u010f v <\/span><a href=\"https:\/\/www.welovecycling.com\/sk\/2024\/04\/24\/reportaz-skoda-svatojursky-mtb-maraton-2024-idealny-start-do-sezony\/\" target=\"_blank\" rel=\"noopener\"><span style=\"font-weight: 400;\">prvom kole \u0160BOT vo Sv\u00e4tom Jure<\/span><\/a><span style=\"font-weight: 400;\">. Bianka skon\u010dila na strednej trati na 2. mieste a Samo do\u0161iel na defekte na 11. mieste.<\/span><\/p>\n<p><span style=\"font-weight: 400;\">Ke\u010f tr\u00e9nujete v skupine a cez v\u00edkend sa spolu odveziete na preteky, odb\u00farate stres a urob\u00edte si zo s\u00fa\u0165a\u017eenia pr\u00edjemn\u00fd z\u00e1\u017eitok, nech u\u017e to na trati dopadne akoko\u013evek. Zdie\u013ea\u0165 z\u00e1\u017eitky, strasti, ale aj radosti z trate s t\u00edmov\u00fdmi kolegami je na konci d\u0148a to, \u010do n\u00e1s v\u0161etk\u00fdch bav\u00ed.<\/span><\/p>\n<div class=\"shortcode-ys-post-pinup\"><article class=\"loop-simple post-19577 post type-post status-publish format-standard has-post-thumbnail hentry category-odporucame tag-bicyklovanie tag-cyklistika tag-motivacia tag-mtb tag-odporucame tag-podujatia tag-priprava tag-sezona-2024 tag-skoda tag-sbot tag-zabava global-categories-cycling\" data-postid=\"19577\" role=\"article\" data-post-id=\"19577\" data-word-count=\"388\" data-headline-length=\"61\" data-category=\"Odpor\u00fa\u010dame\" data-global-category=\"Cycling\" data-author=\"WLRMcc\" data-published=\"2024-08-23T11:30:45+02:00\" data-published-day=\"Friday\">\n    <div class=\"entry-thumbnail article-thumbnail\" content=\"https:\/\/d2p6e6u75xmxt8.cloudfront.net\/4\/2024\/08\/motivacia-6-150x150.webp\"><a href=\"https:\/\/www.welovecycling.com\/sk\/2024\/08\/23\/wlrmcc-motivuje-alebo-ako-uspesne-zvladnut-zaver-sezony\/\" class=\"image-holder\" target=\"_self\"><img decoding=\"async\" loading=\"lazy\" class=\"\" src=\"https:\/\/d2p6e6u75xmxt8.cloudfront.net\/4\/2024\/08\/motivacia-6.webp\" srcset=\"https:\/\/d2p6e6u75xmxt8.cloudfront.net\/4\/2024\/08\/motivacia-6.webp 990w, https:\/\/d2p6e6u75xmxt8.cloudfront.net\/4\/2024\/08\/motivacia-6-300x200.webp 300w, https:\/\/d2p6e6u75xmxt8.cloudfront.net\/4\/2024\/08\/motivacia-6-768x512.webp 768w, https:\/\/d2p6e6u75xmxt8.cloudfront.net\/4\/2024\/08\/motivacia-6-400x267.webp 400w, https:\/\/d2p6e6u75xmxt8.cloudfront.net\/4\/2024\/08\/motivacia-6-272x182.webp 272w\" width=\"990\" height=\"660\" sizes=\"auto, (min-width: 1200px) 300px, (min-width: 768px) 25vw, 100vw\" alt=\"wlrmcc-motivuje-alebo-ako-uspesne-zvladnut-zaver-sezony\"\/><\/a><\/div>    <div class=\"entry-meta\">\n        <a class=\"label label-secondary post-category\" href=\"https:\/\/www.welovecycling.com\/sk\/category\/odporucame\/\" title=\"Odpor\u00fa\u010dame\">Odpor\u00fa\u010dame<\/a>\n    <\/div>\n    <div class=\"entry-details\">\n        <a href=\"https:\/\/www.welovecycling.com\/sk\/2024\/08\/23\/wlrmcc-motivuje-alebo-ako-uspesne-zvladnut-zaver-sezony\/\" class='entry-title-wrapper'>\n            <h3 class=\"entry-title\"><span>WLRMcc motivuje alebo ako \u00faspe\u0161ne zvl\u00e1dnu\u0165 z\u00e1ver sez\u00f3ny<\/span><\/h3>\n        <\/a>\n    <\/div>\n    <\/article>\n<\/div>\n<h2><b>\u00daspechy va\u0161ich kamar\u00e1tov po\u017een\u00fa dopredu aj v\u00e1s<\/b><\/h2>\n<p><span style=\"font-weight: 400;\">Ak ste v t\u00edme alebo klube viacer\u00ed a panuje medzi vami dobr\u00e1 a priate\u013esk\u00e1 atmosf\u00e9ra, <strong>va\u0161e \u00faspechy motivuj\u00fa aj va\u0161ich kamar\u00e1tov.<\/strong> A naopak, \u00faspechy va\u0161ich t\u00edmov\u00fdch kolegov bud\u00fa pos\u00fava\u0165 dopredu v\u00e1s. Ke\u010f tr\u00e9nujete s najlep\u0161\u00edmi, prirodzene od nich odpozorujete tr\u00e9ningov\u00e9 vzorce, ktor\u00e9 si m\u00f4\u017eete zaradi\u0165 do svojho tr\u00e9ningov\u00e9ho pl\u00e1nu.<\/span><\/p>\n<p><span style=\"font-weight: 400;\">Na horskom bicykli je ve\u013emi d\u00f4le\u017eit\u00e1 technika jazdy. Spolo\u010dn\u00e9 tr\u00e9ningy s technicky zdatn\u00fdmi jazdcami v\u00e1s nau\u010dia jazdi\u0165 r\u00fdchlej\u0161ie a hlavne bezpe\u010dnej\u0161ie. Niekedy je dobr\u00e9 prida\u0165 sa k r\u00fdchlym kamar\u00e1tom, aj ke\u010f v\u00e1m to nemus\u00ed dokonale sedie\u0165 do pl\u00e1nu.<\/span><\/p>\n<p><span style=\"font-weight: 400;\">Kamar\u00e1ti v t\u00edme v\u00e1m radi poradia s mali\u010dkos\u0165ami, ktor\u00e9 robia inak ako vy, a ktor\u00e9 im pom\u00e1haj\u00fa pos\u00fava\u0165 sa a dosahova\u0165 najvy\u0161\u0161ie prie\u010dky. \u010ci u\u017e je to stravovanie, tr\u00e9ning, ment\u00e1lna pr\u00edprava a pohoda v tr\u00e9ningu aj na pretekoch. Alebo je to oby\u010dajn\u00fd servis bicykla \u2013 <strong>s\u00fa to pr\u00e1ve tieto detaily, ktor\u00e9 zav\u00e1\u017eia v rozhoduj\u00facich chv\u00ed\u013each v st\u00fapan\u00ed alebo v zjazde.<\/strong><\/span><\/p>\n<p><img loading=\"lazy\" decoding=\"async\" class=\"alignnone size-full wp-image-19696\" src=\"https:\/\/d2p6e6u75xmxt8.cloudfront.net\/4\/2024\/09\/wlrm-3a.webp\" alt=\"\" width=\"990\" height=\"660\" srcset=\"https:\/\/d2p6e6u75xmxt8.cloudfront.net\/4\/2024\/09\/wlrm-3a.webp 990w, https:\/\/d2p6e6u75xmxt8.cloudfront.net\/4\/2024\/09\/wlrm-3a-300x200.webp 300w, https:\/\/d2p6e6u75xmxt8.cloudfront.net\/4\/2024\/09\/wlrm-3a-768x512.webp 768w, https:\/\/d2p6e6u75xmxt8.cloudfront.net\/4\/2024\/09\/wlrm-3a-400x267.webp 400w, https:\/\/d2p6e6u75xmxt8.cloudfront.net\/4\/2024\/09\/wlrm-3a-272x182.webp 272w\" sizes=\"auto, (max-width: 990px) 100vw, 990px\" \/><\/p>\n<h2><b>Prekona\u0165 s\u00e1m seba je d\u00f4le\u017eitej\u0161ie ako vyhra\u0165<\/b><\/h2>\n<p><span style=\"font-weight: 400;\">Preteky na horsk\u00fdch bicykloch s\u00fa v\u017edy nie\u010do ako individu\u00e1lna \u010dasovka na nieko\u013eko hod\u00edn. Rozdiel oproti pretekom na ceste je, \u017ee h\u00e1kovanie alebo vyu\u017e\u00edvanie z\u00e1vetria v bal\u00edku tu a\u017e na nejak\u00e9 \u0161pecifick\u00e9 v\u00fdnimky takmer v\u00f4bec neexistuje. Cel\u00fa tra\u0165 si ve\u013emi \u010dasto mus\u00edte odmaka\u0165 sami. Ak ste tento rok s pretekan\u00edm za\u010dali, <strong>zap\u00ed\u0161te si \u010dasy, ak\u00e9 ste na trati dosiahli, ak\u00e9 boli podmienky (teplota a podklad) a bud\u00faci rok sa sna\u017ete prekona\u0165 svoje v\u00fdkony.<\/strong><\/span><\/p>\n<p><span style=\"font-weight: 400;\">S\u00e9ria \u0160BOT m\u00e1 6 pretekov, v ktor\u00fdch sa vyhodnocuje aj celkov\u00e9 poradie v r\u00e1mci seri\u00e1lu. Ak absolvujete v\u0161etky podujatia, nazbierate cenn\u00e9 body za celkov\u00e9 umiestnenie a m\u00e1te ve\u013emi slu\u0161n\u00fa \u0161ancu umiestni\u0165 sa v r\u00e1mci celej s\u00e9rie ve\u013emi vysoko. Je to motivuj\u00face? \u00c1no!<\/span><\/p>\n<p><img loading=\"lazy\" decoding=\"async\" class=\"alignnone size-full wp-image-19697\" src=\"https:\/\/d2p6e6u75xmxt8.cloudfront.net\/4\/2024\/09\/wlrm-2.webp\" alt=\"\" width=\"990\" height=\"660\" srcset=\"https:\/\/d2p6e6u75xmxt8.cloudfront.net\/4\/2024\/09\/wlrm-2.webp 990w, https:\/\/d2p6e6u75xmxt8.cloudfront.net\/4\/2024\/09\/wlrm-2-300x200.webp 300w, https:\/\/d2p6e6u75xmxt8.cloudfront.net\/4\/2024\/09\/wlrm-2-768x512.webp 768w, https:\/\/d2p6e6u75xmxt8.cloudfront.net\/4\/2024\/09\/wlrm-2-400x267.webp 400w, https:\/\/d2p6e6u75xmxt8.cloudfront.net\/4\/2024\/09\/wlrm-2-272x182.webp 272w\" sizes=\"auto, (max-width: 990px) 100vw, 990px\" \/><\/p>\n<h2><b>Tr\u00e9nujte a pripravte sa tak, aby v\u00e1s na trati ni\u010d neprekvapilo<\/b><\/h2>\n<p><span style=\"font-weight: 400;\">V\u010das pred pretekmi si detailne prezrite propoz\u00edcie trate \u2013 d\u013a\u017eku, prev\u00fd\u0161enie, najstrm\u0161ie st\u00fapania, najvy\u0161\u0161\u00ed a najni\u017e\u0161\u00ed bod trate, kde bud\u00fa ob\u010derstvovacie stanice a kde budete dlho vystaven\u00fd slnku alebo vetru. <strong>V\u0161etky tieto vedomosti m\u00f4\u017eete vyu\u017ei\u0165 v pr\u00edprave a v tr\u00e9ningu.<\/strong> M\u00f4\u017eete si v okol\u00ed svojho domu napl\u00e1nova\u0165 trasu v podobnej d\u013a\u017eke s podobn\u00fdm profilom a pripravi\u0165 sa na v\u00fdkony v ka\u017edom po\u010das\u00ed.<\/span><\/p>\n<p><span style=\"font-weight: 400;\"><strong>Ak b\u00fdvate v bl\u00edzkosti trate, ur\u010dite si ju prejdite.<\/strong> Je obrovskou v\u00fdhodou pozna\u0165 v\u0161etky n\u00e1strahy a pr\u00edle\u017eitosti, ktor\u00e9 tra\u0165 pon\u00faka. Nejeden pretek\u00e1r prep\u00e1lil \u0161tart alebo kopec a n\u00e1sledne sa tr\u00e1pil s udr\u017ean\u00edm tempa. Rovnako nie jedn\u00e9ho pretek\u00e1ra prekvapila ostr\u00e1 z\u00e1kruta a zbieral sa z priekopy.<\/span><\/p>\n<h2><b>Strava a tekutiny s\u00fa v pretekoch rovnako d\u00f4le\u017eit\u00e9 ako v\u00fdkon samotn\u00fd<\/b><\/h2>\n<p><span style=\"font-weight: 400;\">Sk\u00fa\u0161ali ste u\u017e na\u0161tartova\u0165 auto bez benz\u00ednu? Alebo v\u00e1m u\u017e niekedy do\u0161iel benz\u00edn uprostred jazdy autom? Ve\u013emi podobne to funguje s telom pri \u0161porte, hlavne na pretekoch. K\u00fdm v tr\u00e9ningu viete napl\u00e1nova\u0165 zast\u00e1vku na kol\u00e1\u010d a k\u00e1vu, alebo horalku a kofolu, na pretekoch to nie je tak\u00e9 jednoduch\u00e9. V pretekovom tempe je va\u0161e telo vo vy\u0161\u0161om v\u00fdkonovom re\u017eime ako zvy\u010dajne a spotreb\u00fava viac sacharidov a miner\u00e1lov. Tie je po\u010das pretekov potrebn\u00e9 dop\u013a\u0148a\u0165.<\/span><\/p>\n<p><span style=\"font-weight: 400;\">Dnes je na trhu mno\u017estvo zna\u010diek a foriem, v ktor\u00fdch sa daj\u00fa miner\u00e1ly a cukry dop\u013a\u0148a\u0165. Ka\u017ed\u00e9mu chut\u00ed nie\u010do in\u00e9 \u2013 \u010di u\u017e pr\u00edchu\u0165 alebo forma, akou ich pr\u00edjme. Aj to je potrebn\u00e9 si v sez\u00f3ne natr\u00e9nova\u0165. <strong>Prekvapi\u0165 telo v de\u0148 pretekov 6 g\u00e9lmi a haldou ion\u0165\u00e1ku sa nevyplatilo ani najlep\u0161\u00edm jazdcom.<\/strong><\/span><\/p>\n<p><img loading=\"lazy\" decoding=\"async\" class=\"alignnone size-full wp-image-19698\" src=\"https:\/\/d2p6e6u75xmxt8.cloudfront.net\/4\/2024\/09\/SBOT-Horal-Svit-2024-254.webp\" alt=\"\" width=\"990\" height=\"660\" srcset=\"https:\/\/d2p6e6u75xmxt8.cloudfront.net\/4\/2024\/09\/SBOT-Horal-Svit-2024-254.webp 990w, https:\/\/d2p6e6u75xmxt8.cloudfront.net\/4\/2024\/09\/SBOT-Horal-Svit-2024-254-300x200.webp 300w, https:\/\/d2p6e6u75xmxt8.cloudfront.net\/4\/2024\/09\/SBOT-Horal-Svit-2024-254-768x512.webp 768w, https:\/\/d2p6e6u75xmxt8.cloudfront.net\/4\/2024\/09\/SBOT-Horal-Svit-2024-254-400x267.webp 400w, https:\/\/d2p6e6u75xmxt8.cloudfront.net\/4\/2024\/09\/SBOT-Horal-Svit-2024-254-272x182.webp 272w\" sizes=\"auto, (max-width: 990px) 100vw, 990px\" \/><\/p>\n<h2><b>T\u00edmov\u00e1 podpora pri trati = povestn\u00fd 12. hr\u00e1\u010d na trib\u00fane<\/b><\/h2>\n<p><span style=\"font-weight: 400;\">Ak je v\u00e1s v t\u00edme viac, v\u017edy sa n\u00e1jde niekto, kto m\u00e1 v de\u0148 s\u00fa\u0165a\u017ee mo\u017enos\u0165 a chu\u0165 podpori\u0165 pretek\u00e1rov pri trati a poda\u0165 im f\u013ea\u0161u s vodou alebo g\u00e9ly.<strong> Tak\u00e1to podpora je pre pretek\u00e1ra ve\u013ek\u00fdm pr\u00ednosom, hlavne ak a\u0161piruje na tie najvy\u0161\u0161ie prie\u010dky.<\/strong> Tu plat\u00ed pravidlo, \u017ee viac je niekedy viac. Je lep\u0161ie ma\u0165 na trati viacero tak\u00fdchto bodov (v r\u00e1mci dodr\u017eania pravidiel) a ma\u0165 k dispoz\u00edcii svoje ob\u010derstvenie, ne\u017e sa spolieha\u0165 na ofici\u00e1lny bufet usporiadate\u013eov, pri ktorom treba re\u00e1lne zastavi\u0165 a strati\u0165 drahocenn\u00e9 min\u00faty.<\/span><\/p>\n<p><span style=\"font-weight: 400;\">T\u00edmov\u00e1 podpora v\u00e1s vie pri trati povzbudi\u0165 a poda\u0165 v\u00e1m n\u00e1hradn\u00fa du\u0161u, servisn\u00e9 n\u00e1radie, bundu, pr\u00edpadne nie\u010do vzia\u0165, ak je to potrebn\u00e9. Tak\u00fdto \u201epit stop\u201c pom\u00f4\u017ee hlavne pri dlh\u00fdch pretekoch \u2013 \u010di u\u017e vyu\u017eijete svoj alebo ofici\u00e1lny bufet, na dlh\u00fdch pretekoch ako bol <\/span><a href=\"https:\/\/www.welovecycling.com\/sk\/2024\/08\/14\/reportaz-skoda-horal-mtb-maraton-vrchol-letnej-sezony\/\" target=\"_blank\" rel=\"noopener\"><span style=\"font-weight: 400;\">\u0160koda Horal MTB marat\u00f3n<\/span><\/a><span style=\"font-weight: 400;\"> sa bez nich nezaob\u00eddete.<\/span><\/p>\n<p><img loading=\"lazy\" decoding=\"async\" class=\"alignnone size-full wp-image-19699\" src=\"https:\/\/d2p6e6u75xmxt8.cloudfront.net\/4\/2024\/09\/wlrm-2a.webp\" alt=\"\" width=\"990\" height=\"660\" srcset=\"https:\/\/d2p6e6u75xmxt8.cloudfront.net\/4\/2024\/09\/wlrm-2a.webp 990w, https:\/\/d2p6e6u75xmxt8.cloudfront.net\/4\/2024\/09\/wlrm-2a-300x200.webp 300w, https:\/\/d2p6e6u75xmxt8.cloudfront.net\/4\/2024\/09\/wlrm-2a-768x512.webp 768w, https:\/\/d2p6e6u75xmxt8.cloudfront.net\/4\/2024\/09\/wlrm-2a-400x267.webp 400w, https:\/\/d2p6e6u75xmxt8.cloudfront.net\/4\/2024\/09\/wlrm-2a-272x182.webp 272w\" sizes=\"auto, (max-width: 990px) 100vw, 990px\" \/><\/p>\n<h2><b>A teraz bilancovanie<\/b><\/h2>\n<p><span style=\"font-weight: 400;\">\u010cakaj\u00fa n\u00e1s posledn\u00e9 preteky zo s\u00e9rie \u0160koda Bike Open Tour so <\/span><a href=\"https:\/\/www.welovecycling.com\/sk\/2024\/09\/02\/pozvanka-skoda-stupava-mtb-maraton-2024-finale-11-rocnika-serie\/\" target=\"_blank\" rel=\"noopener\"><span style=\"font-weight: 400;\">\u0161tartom v Stupave<\/span><\/a><span style=\"font-weight: 400;\">, ktor\u00e9 boli presunut\u00e9 kv\u00f4li z\u00e1plav\u00e1m. Doteraz sme v\u0161ak s v\u00fdsledkami ve\u013emi spokojn\u00ed.<\/span><\/p>\n<h3><b>Prv\u00e9 preteky sez\u00f3ny a hne\u010f na dom\u00e1cej trati: <\/b><a href=\"https:\/\/www.welovecycling.com\/sk\/2023\/05\/03\/reportaz-skoda-svatojursky-mtb-maraton-sezona-konecne-zahajena\/\" target=\"_blank\" rel=\"noopener\"><b>\u0160koda Sv\u00e4tojursk\u00fd MTB marat\u00f3n<\/b><\/a><\/h3>\n<p><span style=\"font-weight: 400;\">\u013dubo Mur\u00e1rik 1. miesto na dlhej trati, Bianka Baba\u010dov\u00e1 2. miesto na strednej trati, So\u0148a \u010ceredejvov\u00e1 2. miesto vo svojej kateg\u00f3rii na kr\u00e1tkej trati.<\/span><\/p>\n<p><strong>\u013dubovi sa vyplatila znalos\u0165 trate, ke\u010f jeho s\u00faperi zle odbo\u010dili a nechcene si kr\u00e1tili tra\u0165.<\/strong><\/p>\n<p><span style=\"font-weight: 400;\">Ponau\u010denie \u2013 znalos\u0165 trate je v\u00fdhoda.<\/span><\/p>\n<p><img loading=\"lazy\" decoding=\"async\" class=\"alignnone size-full wp-image-19700\" src=\"https:\/\/d2p6e6u75xmxt8.cloudfront.net\/4\/2024\/09\/ocenenia_skoda_mtb_svjur_2024_038.webp\" alt=\"\" width=\"990\" height=\"660\" srcset=\"https:\/\/d2p6e6u75xmxt8.cloudfront.net\/4\/2024\/09\/ocenenia_skoda_mtb_svjur_2024_038.webp 990w, https:\/\/d2p6e6u75xmxt8.cloudfront.net\/4\/2024\/09\/ocenenia_skoda_mtb_svjur_2024_038-300x200.webp 300w, https:\/\/d2p6e6u75xmxt8.cloudfront.net\/4\/2024\/09\/ocenenia_skoda_mtb_svjur_2024_038-768x512.webp 768w, https:\/\/d2p6e6u75xmxt8.cloudfront.net\/4\/2024\/09\/ocenenia_skoda_mtb_svjur_2024_038-400x267.webp 400w, https:\/\/d2p6e6u75xmxt8.cloudfront.net\/4\/2024\/09\/ocenenia_skoda_mtb_svjur_2024_038-272x182.webp 272w\" sizes=\"auto, (max-width: 990px) 100vw, 990px\" \/><\/p>\n<h3><b>\u0160koda MTB Marat\u00f3n Rajeck\u00e9 Teplice: Druh\u00e9 preteky seri\u00e1lu \u2013 <\/b><a href=\"https:\/\/www.welovecycling.com\/sk\/2024\/05\/22\/reportaz-skoda-mtb-maraton-rajecke-teplice-majstrak-v-krasnom-pocasi\/\" target=\"_blank\" rel=\"noopener\"><b>Majstrovstv\u00e1 Slovenska v XC marat\u00f3ne<\/b><\/a><\/h3>\n<p><span style=\"font-weight: 400;\">\u013dubo a\u0161piroval na najvy\u0161\u0161ie prie\u010dky, av\u0161ak dvojit\u00fd defekt mu nedovolil pokra\u010dova\u0165 v pretekoch \u2013 DNF.<\/span><\/p>\n<p><span style=\"font-weight: 400;\">Ponau\u010denie? Sk\u00f4r smola ako chyba. Ale mo\u017eno \u201evlo\u017eky\u201c do bezdu\u0161ov\u00fdch kolies m\u00f4\u017eu by\u0165 poistka.<\/span><\/p>\n<h3><b>Tretia sk\u00fa\u0161ka sez\u00f3ny \u2013 <\/b><a href=\"https:\/\/www.welovecycling.com\/sk\/2024\/06\/13\/reportaz-skoda-slovensky-raj-babska-jazda\/\" target=\"_blank\" rel=\"noopener\"><b>\u0160koda Slovensk\u00fd raj<\/b><\/a><\/h3>\n<p><span style=\"font-weight: 400;\">Bianka s chu\u0165ou na v\u00ed\u0165azstvo. Po v\u00fddatn\u00fdch da\u017e\u010foch bola tra\u0165 v Slovenskom raji mokr\u00e1 a blatist\u00e1. <strong>Spr\u00e1vne rozlo\u017eenie tempa v kombin\u00e1cii s technickou zdatnos\u0165ou Bianku na trati podr\u017eali<\/strong> a v k\u013e\u00fa\u010dov\u00fdch chv\u00ed\u013each, ke\u010f obiehala s\u00faperky, mala dostatok energie si svoj n\u00e1skok udr\u017ea\u0165 a\u017e do cie\u013ea.<\/span><\/p>\n<p><span style=\"font-weight: 400;\">Bianka Baba\u010dov\u00e1 \u2013 1. miesto na strednej trati.<\/span><\/p>\n<div id='gallery-1' class='gallery galleryid-19577 gallery-columns-2 gallery-size-full'><figure class='gallery-item'>\n\t\t\t<div class='gallery-icon landscape'>\n\t\t\t\t<a href='https:\/\/d2p6e6u75xmxt8.cloudfront.net\/4\/2024\/09\/wlrm-7.webp'><img loading=\"lazy\" decoding=\"async\" width=\"990\" height=\"660\" src=\"https:\/\/d2p6e6u75xmxt8.cloudfront.net\/4\/2024\/09\/wlrm-7.webp\" class=\"attachment-full size-full\" alt=\"\" srcset=\"https:\/\/d2p6e6u75xmxt8.cloudfront.net\/4\/2024\/09\/wlrm-7.webp 990w, https:\/\/d2p6e6u75xmxt8.cloudfront.net\/4\/2024\/09\/wlrm-7-300x200.webp 300w, https:\/\/d2p6e6u75xmxt8.cloudfront.net\/4\/2024\/09\/wlrm-7-768x512.webp 768w, https:\/\/d2p6e6u75xmxt8.cloudfront.net\/4\/2024\/09\/wlrm-7-400x267.webp 400w, https:\/\/d2p6e6u75xmxt8.cloudfront.net\/4\/2024\/09\/wlrm-7-272x182.webp 272w\" sizes=\"auto, (max-width: 990px) 100vw, 990px\" \/><\/a>\n\t\t\t<\/div><\/figure><figure class='gallery-item'>\n\t\t\t<div class='gallery-icon landscape'>\n\t\t\t\t<a href='https:\/\/d2p6e6u75xmxt8.cloudfront.net\/4\/2024\/09\/wlrm-6.webp'><img loading=\"lazy\" decoding=\"async\" width=\"990\" height=\"660\" src=\"https:\/\/d2p6e6u75xmxt8.cloudfront.net\/4\/2024\/09\/wlrm-6.webp\" class=\"attachment-full size-full\" alt=\"\" srcset=\"https:\/\/d2p6e6u75xmxt8.cloudfront.net\/4\/2024\/09\/wlrm-6.webp 990w, https:\/\/d2p6e6u75xmxt8.cloudfront.net\/4\/2024\/09\/wlrm-6-300x200.webp 300w, https:\/\/d2p6e6u75xmxt8.cloudfront.net\/4\/2024\/09\/wlrm-6-768x512.webp 768w, https:\/\/d2p6e6u75xmxt8.cloudfront.net\/4\/2024\/09\/wlrm-6-400x267.webp 400w, https:\/\/d2p6e6u75xmxt8.cloudfront.net\/4\/2024\/09\/wlrm-6-272x182.webp 272w\" sizes=\"auto, (max-width: 990px) 100vw, 990px\" \/><\/a>\n\t\t\t<\/div><\/figure>\n\t\t<\/div>\n\n<h3><b>Naj\u0165a\u017e\u0161ie preteky v roku \u2013 <\/b><a href=\"https:\/\/www.welovecycling.com\/sk\/2024\/08\/14\/reportaz-skoda-horal-mtb-maraton-vrchol-letnej-sezony\/\" target=\"_blank\" rel=\"noopener\"><b>\u0160koda Horal MTB marat\u00f3n<\/b><\/a><\/h3>\n<p><span style=\"font-weight: 400;\">Na \u0161tarte dlhej trate: Bianka, Marcel, Mat\u00fa\u0161 S. a Mat\u00fa\u0161 G. Strat\u00e9gia \u2013 u\u017ei\u0165 si v\u00fdh\u013eady, dr\u017ea\u0165 sa na doh\u013ead vo dvoji\u010dk\u00e1ch v pr\u00edpade technick\u00fdch probl\u00e9mov, poctivo jes\u0165 a pi\u0165 a pr\u00eds\u0165 do cie\u013ea do 15:00 hod. V\u0161etky pl\u00e1ny sa vydarili. <strong>Tra\u0165 n\u00e1s poriadne vytr\u00e1pila, ale o tom je Horal.<\/strong> Tento rok n\u00e1m prialo po\u010dasie a nepotrebovali sme \u017eiadne \u201edruh\u00e9 vrstvy\u201c \u2013 sk\u00f4r naopak.<\/span><\/p>\n<p><span style=\"font-weight: 400;\">Na trati n\u00e1s zastihli 3 defekty. Na\u0161\u0165astie bezdu\u0161ov\u00e9 pl\u00e1\u0161te sta\u010dilo dof\u00faknu\u0165 na ob\u010derstvova\u010dk\u00e1ch a mohli sme pokra\u010dova\u0165 \u2013 op\u00e4\u0165 sa \u201evlo\u017eky\u201c do pl\u00e1\u0161\u0165ov ukazuj\u00fa ako dobr\u00e1 poistka.<\/span><\/p>\n<p><img loading=\"lazy\" decoding=\"async\" class=\"alignnone size-full wp-image-19703\" src=\"https:\/\/d2p6e6u75xmxt8.cloudfront.net\/4\/2024\/09\/SBOT-Horal-Svit-2024-506.webp\" alt=\"\" width=\"990\" height=\"660\" srcset=\"https:\/\/d2p6e6u75xmxt8.cloudfront.net\/4\/2024\/09\/SBOT-Horal-Svit-2024-506.webp 990w, https:\/\/d2p6e6u75xmxt8.cloudfront.net\/4\/2024\/09\/SBOT-Horal-Svit-2024-506-300x200.webp 300w, https:\/\/d2p6e6u75xmxt8.cloudfront.net\/4\/2024\/09\/SBOT-Horal-Svit-2024-506-768x512.webp 768w, https:\/\/d2p6e6u75xmxt8.cloudfront.net\/4\/2024\/09\/SBOT-Horal-Svit-2024-506-400x267.webp 400w, https:\/\/d2p6e6u75xmxt8.cloudfront.net\/4\/2024\/09\/SBOT-Horal-Svit-2024-506-272x182.webp 272w\" sizes=\"auto, (max-width: 990px) 100vw, 990px\" \/><\/p>\n<h3><b>Najteplej\u0161ie preteky v roku \u2013 <\/b><a href=\"https:\/\/www.welovecycling.com\/sk\/2024\/09\/03\/reportaz-skoda-mtb-cyklomaraton-topolcianky-hrave-a-technicke-jazdenie-v-extremnych-teplotach\/\"><b>\u0160koda MTB Cyklomarat\u00f3n Topo\u013e\u010dianky<\/b><\/a><\/h3>\n<p><span style=\"font-weight: 400;\">Tieto preteky presunuli z p\u00f4vodn\u00e9ho term\u00ednu na koniec augusta, ktor\u00fd bol tento rok poriadne such\u00fd a hor\u00faci. Teplo dalo zabra\u0165 ka\u017ed\u00e9mu z n\u00e1s a potreba \u201evlastn\u00fdch\u201c bufetov sa uk\u00e1zala ako kritick\u00fd bod. <strong>Ponau\u010denie do bud\u00faceho roka \u2013 viac \u013eud\u00ed na vlastn\u00fd bufet.<\/strong> 65 km v 33 \u00b0C sa ned\u00e1 odpreteka\u0165 na 3 bidonoch.<\/span><\/p>\n<div id='gallery-2' class='gallery galleryid-19577 gallery-columns-2 gallery-size-full'><figure class='gallery-item'>\n\t\t\t<div class='gallery-icon landscape'>\n\t\t\t\t<a href='https:\/\/d2p6e6u75xmxt8.cloudfront.net\/4\/2024\/09\/wlrm-11.webp'><img loading=\"lazy\" decoding=\"async\" width=\"990\" height=\"660\" src=\"https:\/\/d2p6e6u75xmxt8.cloudfront.net\/4\/2024\/09\/wlrm-11.webp\" class=\"attachment-full size-full\" alt=\"\" srcset=\"https:\/\/d2p6e6u75xmxt8.cloudfront.net\/4\/2024\/09\/wlrm-11.webp 990w, https:\/\/d2p6e6u75xmxt8.cloudfront.net\/4\/2024\/09\/wlrm-11-300x200.webp 300w, https:\/\/d2p6e6u75xmxt8.cloudfront.net\/4\/2024\/09\/wlrm-11-768x512.webp 768w, https:\/\/d2p6e6u75xmxt8.cloudfront.net\/4\/2024\/09\/wlrm-11-400x267.webp 400w, https:\/\/d2p6e6u75xmxt8.cloudfront.net\/4\/2024\/09\/wlrm-11-272x182.webp 272w\" sizes=\"auto, (max-width: 990px) 100vw, 990px\" \/><\/a>\n\t\t\t<\/div><\/figure><figure class='gallery-item'>\n\t\t\t<div class='gallery-icon landscape'>\n\t\t\t\t<a href='https:\/\/d2p6e6u75xmxt8.cloudfront.net\/4\/2024\/09\/wlrm-19.webp'><img loading=\"lazy\" decoding=\"async\" width=\"990\" height=\"660\" src=\"https:\/\/d2p6e6u75xmxt8.cloudfront.net\/4\/2024\/09\/wlrm-19.webp\" class=\"attachment-full size-full\" alt=\"\" srcset=\"https:\/\/d2p6e6u75xmxt8.cloudfront.net\/4\/2024\/09\/wlrm-19.webp 990w, https:\/\/d2p6e6u75xmxt8.cloudfront.net\/4\/2024\/09\/wlrm-19-300x200.webp 300w, https:\/\/d2p6e6u75xmxt8.cloudfront.net\/4\/2024\/09\/wlrm-19-768x512.webp 768w, https:\/\/d2p6e6u75xmxt8.cloudfront.net\/4\/2024\/09\/wlrm-19-400x267.webp 400w, https:\/\/d2p6e6u75xmxt8.cloudfront.net\/4\/2024\/09\/wlrm-19-272x182.webp 272w\" sizes=\"auto, (max-width: 990px) 100vw, 990px\" \/><\/a>\n\t\t\t<\/div><\/figure>\n\t\t<\/div>\n\n<h3><b>\u010cak\u00e1 n\u00e1s e\u0161te <a href=\"https:\/\/www.welovecycling.com\/sk\/2024\/09\/02\/pozvanka-skoda-stupava-mtb-maraton-2024-finale-11-rocnika-serie\/\" target=\"_blank\" rel=\"noopener\">\u0160koda Stupava MTB marat\u00f3n<\/a><\/b><\/h3>\n<p><span style=\"font-weight: 400;\">Je to op\u00e4\u0165 na\u0161a dom\u00e1ca tra\u0165. Ako dopadne tento de\u0148, to zatia\u013e netu\u0161\u00edme. Preteky v polovici okt\u00f3bra sa m\u00f4\u017eu odohra\u0165 v pr\u00edjemn\u00fdch 18 \u00b0C za such\u00e9ho slne\u010dn\u00e9ho d\u0148a, alebo naopak v da\u017edi a 9 \u00b0C.<\/span><\/p>\n<p><span style=\"font-weight: 400;\">Dobr\u00e9 obutie, znalos\u0165 trate a dobr\u00e9 na\u010dasovanie formy bud\u00fa istotne ve\u013emi d\u00f4le\u017eit\u00e9. V\u00e4\u010d\u0161ina pretek\u00e1rov u\u017e v takto pokro\u010dilom term\u00edne vyp\u00fa\u0161\u0165a a t\u00fdm, ktor\u00ed ladia formu aj na skialp, m\u00f4\u017eu tieto preteky v\u00fdborne sadn\u00fa\u0165 do pl\u00e1nu.<\/span><\/p>\n<h2><b>Do bud\u00facej sez\u00f3ny si teda odn\u00e1\u0161ame<\/b><\/h2>\n<ul>\n<li style=\"font-weight: 400;\" aria-level=\"1\"><span style=\"font-weight: 400;\">Skupinov\u00e1 pr\u00edprava prospieva cel\u00e9mu klubu, aj pomal\u0161\u00edm aj r\u00fdchlej\u0161\u00edm jazdcom.<\/span><\/li>\n<li style=\"font-weight: 400;\" aria-level=\"1\"><span style=\"font-weight: 400;\">Podpora na trati \u2013 viac je niekedy viac.<\/span><\/li>\n<li style=\"font-weight: 400;\" aria-level=\"1\"><span style=\"font-weight: 400;\">\u010cist\u00fd a dobre pripraven\u00fd bicykel jazd\u00ed r\u00fdchlej\u0161ie.<\/span><\/li>\n<li style=\"font-weight: 400;\" aria-level=\"1\"><span style=\"font-weight: 400;\">V prvom rade pretek\u00e1\u0161 so svojim v\u010deraj\u0161\u00edm \u201eja\u201c.<\/span><\/li>\n<\/ul>\n","protected":false},"excerpt":{"rendered":"<p>Sez\u00f3na je na konci a nast\u00e1va \u010das bilancova\u0165. Zhodnoti\u0165 v\u00fdsledky, \u00faspechy, ale aj zlyhania a ne\u00faspechy. Pozrieme sa na to, [&hellip;]<\/p>\n","protected":false},"author":172,"featured_media":19694,"comment_status":"open","ping_status":"open","sticky":false,"template":"","format":"standard","meta":{"footnotes":""},"categories":[191],"tags":[1246,546,180,178,767,412,179,35,55,183,161],"global-categories":[1074],"class_list":["post-19693","post","type-post","status-publish","format-standard","has-post-thumbnail","hentry","category-odporucame","tag-cyklisticka-komunita","tag-cyklistika","tag-horska-cyklistika","tag-maraton","tag-motivacia","tag-mtb","tag-preteky","tag-sbot","tag-trening","tag-zabava","tag-zdravie","global-categories-cycling"],"yoast_head":"<!-- This site is optimized with the Yoast SEO Premium plugin v25.3 (Yoast SEO v25.9) - https:\/\/yoast.com\/wordpress\/plugins\/seo\/ -->\n<title>Sez\u00f3na je takmer za nami: \u010do n\u00e1s nau\u010dili preteky a \u010do zmen\u00edme? (WLRMcc)<\/title>\n<meta name=\"description\" content=\"Pozrime sa na to, \u010do n\u00e1m sez\u00f3na priniesla, \u010do n\u00e1s nau\u010dila a \u010do si z nej odn\u00e1\u0161ame ako pou\u010denie \u010di ako motiv\u00e1ciu na \u010fal\u0161ie preteky.\" \/>\n<meta name=\"robots\" content=\"index, follow, max-snippet:-1, max-image-preview:large, max-video-preview:-1\" \/>\n<link rel=\"canonical\" href=\"https:\/\/www.welovecycling.com\/sk\/2024\/09\/26\/sezona-je-takmer-za-nami-co-nas-naucili-preteky-a-co-zmenime-wlrmcc\/\" \/>\n<meta property=\"og:locale\" content=\"sk_SK\" \/>\n<meta property=\"og:type\" content=\"article\" \/>\n<meta property=\"og:title\" content=\"Sez\u00f3na je takmer za nami: \u010do n\u00e1s nau\u010dili preteky a \u010do zmen\u00edme? (WLRMcc)\" \/>\n<meta property=\"og:description\" content=\"Pozrime sa na to, \u010do n\u00e1m sez\u00f3na priniesla, \u010do n\u00e1s nau\u010dila a \u010do si z nej odn\u00e1\u0161ame ako pou\u010denie \u010di ako motiv\u00e1ciu na \u010fal\u0161ie preteky.\" \/>\n<meta property=\"og:url\" content=\"https:\/\/www.welovecycling.com\/sk\/2024\/09\/26\/sezona-je-takmer-za-nami-co-nas-naucili-preteky-a-co-zmenime-wlrmcc\/\" \/>\n<meta property=\"og:site_name\" content=\"\u0160koda We Love Cycling Slovensko\" \/>\n<meta property=\"article:published_time\" content=\"2024-09-26T12:03:45+00:00\" \/>\n<meta property=\"og:image\" content=\"https:\/\/d2p6e6u75xmxt8.cloudfront.net\/4\/2024\/09\/wlrm-1.webp\" \/>\n\t<meta property=\"og:image:width\" content=\"990\" \/>\n\t<meta property=\"og:image:height\" content=\"660\" \/>\n\t<meta property=\"og:image:type\" content=\"image\/webp\" \/>\n<meta name=\"author\" content=\"dominika\" \/>\n<meta name=\"twitter:card\" content=\"summary_large_image\" \/>\n<meta name=\"twitter:label1\" content=\"Written by\" \/>\n\t<meta name=\"twitter:data1\" content=\"WLRMcc\" \/>\n\t<meta name=\"twitter:label2\" content=\"Est. reading time\" \/>\n\t<meta name=\"twitter:data2\" content=\"3\" \/>\n<script type=\"application\/ld+json\" class=\"yoast-schema-graph\">{\"@context\":\"https:\/\/schema.org\",\"@graph\":[{\"@type\":\"WebPage\",\"@id\":\"https:\/\/www.welovecycling.com\/sk\/2024\/09\/26\/sezona-je-takmer-za-nami-co-nas-naucili-preteky-a-co-zmenime-wlrmcc\/\",\"url\":\"https:\/\/www.welovecycling.com\/sk\/2024\/09\/26\/sezona-je-takmer-za-nami-co-nas-naucili-preteky-a-co-zmenime-wlrmcc\/\",\"name\":\"Sez\u00f3na je takmer za nami: \u010do n\u00e1s nau\u010dili preteky a \u010do zmen\u00edme? (WLRMcc)\",\"isPartOf\":{\"@id\":\"https:\/\/www.welovecycling.com\/sk\/#website\"},\"primaryImageOfPage\":{\"@id\":\"https:\/\/www.welovecycling.com\/sk\/2024\/09\/26\/sezona-je-takmer-za-nami-co-nas-naucili-preteky-a-co-zmenime-wlrmcc\/#primaryimage\"},\"image\":{\"@id\":\"https:\/\/www.welovecycling.com\/sk\/2024\/09\/26\/sezona-je-takmer-za-nami-co-nas-naucili-preteky-a-co-zmenime-wlrmcc\/#primaryimage\"},\"thumbnailUrl\":\"https:\/\/d2p6e6u75xmxt8.cloudfront.net\/4\/2024\/09\/wlrm-1.webp\",\"datePublished\":\"2024-09-26T12:03:45+00:00\",\"author\":{\"@id\":\"https:\/\/www.welovecycling.com\/sk\/#\/schema\/person\/533b62b98b6c41bd5135ebfb1f742624\"},\"description\":\"Pozrime sa na to, \u010do n\u00e1m sez\u00f3na priniesla, \u010do n\u00e1s nau\u010dila a \u010do si z nej odn\u00e1\u0161ame ako pou\u010denie \u010di ako motiv\u00e1ciu na \u010fal\u0161ie preteky.\",\"breadcrumb\":{\"@id\":\"https:\/\/www.welovecycling.com\/sk\/2024\/09\/26\/sezona-je-takmer-za-nami-co-nas-naucili-preteky-a-co-zmenime-wlrmcc\/#breadcrumb\"},\"inLanguage\":\"sk-SK\",\"potentialAction\":[{\"@type\":\"ReadAction\",\"target\":[\"https:\/\/www.welovecycling.com\/sk\/2024\/09\/26\/sezona-je-takmer-za-nami-co-nas-naucili-preteky-a-co-zmenime-wlrmcc\/\"]}]},{\"@type\":\"ImageObject\",\"inLanguage\":\"sk-SK\",\"@id\":\"https:\/\/www.welovecycling.com\/sk\/2024\/09\/26\/sezona-je-takmer-za-nami-co-nas-naucili-preteky-a-co-zmenime-wlrmcc\/#primaryimage\",\"url\":\"https:\/\/d2p6e6u75xmxt8.cloudfront.net\/4\/2024\/09\/wlrm-1.webp\",\"contentUrl\":\"https:\/\/d2p6e6u75xmxt8.cloudfront.net\/4\/2024\/09\/wlrm-1.webp\",\"width\":990,\"height\":660},{\"@type\":\"BreadcrumbList\",\"@id\":\"https:\/\/www.welovecycling.com\/sk\/2024\/09\/26\/sezona-je-takmer-za-nami-co-nas-naucili-preteky-a-co-zmenime-wlrmcc\/#breadcrumb\",\"itemListElement\":[{\"@type\":\"ListItem\",\"position\":1,\"name\":\"Home\",\"item\":\"https:\/\/www.welovecycling.com\/sk\/\"},{\"@type\":\"ListItem\",\"position\":2,\"name\":\"Sez\u00f3na je takmer za nami: \u010do n\u00e1s nau\u010dili preteky a \u010do zmen\u00edme? (WLRMcc)\"}]},{\"@type\":\"WebSite\",\"@id\":\"https:\/\/www.welovecycling.com\/sk\/#website\",\"url\":\"https:\/\/www.welovecycling.com\/sk\/\",\"name\":\"\u0160koda We Love Cycling Slovensko\",\"description\":\"\u0160koda We Love Cycling Slovensko je v\u00e1\u0161 ka\u017edodenn\u00fd zdroj noviniek a in\u0161pir\u00e1cie z sveta cyklistiky\",\"potentialAction\":[{\"@type\":\"SearchAction\",\"target\":{\"@type\":\"EntryPoint\",\"urlTemplate\":\"https:\/\/www.welovecycling.com\/sk\/?s={search_term_string}\"},\"query-input\":{\"@type\":\"PropertyValueSpecification\",\"valueRequired\":true,\"valueName\":\"search_term_string\"}}],\"inLanguage\":\"sk-SK\"},{\"@type\":\"Person\",\"@id\":\"https:\/\/www.welovecycling.com\/sk\/#\/schema\/person\/533b62b98b6c41bd5135ebfb1f742624\",\"name\":\"dominika\",\"image\":{\"@type\":\"ImageObject\",\"inLanguage\":\"sk-SK\",\"@id\":\"https:\/\/www.welovecycling.com\/sk\/#\/schema\/person\/image\/\",\"url\":\"https:\/\/secure.gravatar.com\/avatar\/ded6f274ba2ec3e17fff153f7d9d96a4b33c2cb63907f75d9a5309c599a7f3e6?s=96&d=mm&r=g\",\"contentUrl\":\"https:\/\/secure.gravatar.com\/avatar\/ded6f274ba2ec3e17fff153f7d9d96a4b33c2cb63907f75d9a5309c599a7f3e6?s=96&d=mm&r=g\",\"caption\":\"dominika\"},\"url\":\"https:\/\/www.welovecycling.com\/sk\/author\/dominika\/\"}]}<\/script>\n<!-- \/ Yoast SEO Premium plugin. -->","yoast_head_json":{"title":"Sez\u00f3na je takmer za nami: \u010do n\u00e1s nau\u010dili preteky a \u010do zmen\u00edme? (WLRMcc)","description":"Pozrime sa na to, \u010do n\u00e1m sez\u00f3na priniesla, \u010do n\u00e1s nau\u010dila a \u010do si z nej odn\u00e1\u0161ame ako pou\u010denie \u010di ako motiv\u00e1ciu na \u010fal\u0161ie preteky.","robots":{"index":"index","follow":"follow","max-snippet":"max-snippet:-1","max-image-preview":"max-image-preview:large","max-video-preview":"max-video-preview:-1"},"canonical":"https:\/\/www.welovecycling.com\/sk\/2024\/09\/26\/sezona-je-takmer-za-nami-co-nas-naucili-preteky-a-co-zmenime-wlrmcc\/","og_locale":"sk_SK","og_type":"article","og_title":"Sez\u00f3na je takmer za nami: \u010do n\u00e1s nau\u010dili preteky a \u010do zmen\u00edme? (WLRMcc)","og_description":"Pozrime sa na to, \u010do n\u00e1m sez\u00f3na priniesla, \u010do n\u00e1s nau\u010dila a \u010do si z nej odn\u00e1\u0161ame ako pou\u010denie \u010di ako motiv\u00e1ciu na \u010fal\u0161ie preteky.","og_url":"https:\/\/www.welovecycling.com\/sk\/2024\/09\/26\/sezona-je-takmer-za-nami-co-nas-naucili-preteky-a-co-zmenime-wlrmcc\/","og_site_name":"\u0160koda We Love Cycling Slovensko","article_published_time":"2024-09-26T12:03:45+00:00","og_image":[{"width":990,"height":660,"url":"https:\/\/d2p6e6u75xmxt8.cloudfront.net\/4\/2024\/09\/wlrm-1.webp","type":"image\/webp"}],"author":"dominika","twitter_card":"summary_large_image","twitter_misc":{"Written by":"WLRMcc","Est. reading time":"3"},"schema":{"@context":"https:\/\/schema.org","@graph":[{"@type":"WebPage","@id":"https:\/\/www.welovecycling.com\/sk\/2024\/09\/26\/sezona-je-takmer-za-nami-co-nas-naucili-preteky-a-co-zmenime-wlrmcc\/","url":"https:\/\/www.welovecycling.com\/sk\/2024\/09\/26\/sezona-je-takmer-za-nami-co-nas-naucili-preteky-a-co-zmenime-wlrmcc\/","name":"Sez\u00f3na je takmer za nami: \u010do n\u00e1s nau\u010dili preteky a \u010do zmen\u00edme? (WLRMcc)","isPartOf":{"@id":"https:\/\/www.welovecycling.com\/sk\/#website"},"primaryImageOfPage":{"@id":"https:\/\/www.welovecycling.com\/sk\/2024\/09\/26\/sezona-je-takmer-za-nami-co-nas-naucili-preteky-a-co-zmenime-wlrmcc\/#primaryimage"},"image":{"@id":"https:\/\/www.welovecycling.com\/sk\/2024\/09\/26\/sezona-je-takmer-za-nami-co-nas-naucili-preteky-a-co-zmenime-wlrmcc\/#primaryimage"},"thumbnailUrl":"https:\/\/d2p6e6u75xmxt8.cloudfront.net\/4\/2024\/09\/wlrm-1.webp","datePublished":"2024-09-26T12:03:45+00:00","author":{"@id":"https:\/\/www.welovecycling.com\/sk\/#\/schema\/person\/533b62b98b6c41bd5135ebfb1f742624"},"description":"Pozrime sa na to, \u010do n\u00e1m sez\u00f3na priniesla, \u010do n\u00e1s nau\u010dila a \u010do si z nej odn\u00e1\u0161ame ako pou\u010denie \u010di ako motiv\u00e1ciu na \u010fal\u0161ie preteky.","breadcrumb":{"@id":"https:\/\/www.welovecycling.com\/sk\/2024\/09\/26\/sezona-je-takmer-za-nami-co-nas-naucili-preteky-a-co-zmenime-wlrmcc\/#breadcrumb"},"inLanguage":"sk-SK","potentialAction":[{"@type":"ReadAction","target":["https:\/\/www.welovecycling.com\/sk\/2024\/09\/26\/sezona-je-takmer-za-nami-co-nas-naucili-preteky-a-co-zmenime-wlrmcc\/"]}]},{"@type":"ImageObject","inLanguage":"sk-SK","@id":"https:\/\/www.welovecycling.com\/sk\/2024\/09\/26\/sezona-je-takmer-za-nami-co-nas-naucili-preteky-a-co-zmenime-wlrmcc\/#primaryimage","url":"https:\/\/d2p6e6u75xmxt8.cloudfront.net\/4\/2024\/09\/wlrm-1.webp","contentUrl":"https:\/\/d2p6e6u75xmxt8.cloudfront.net\/4\/2024\/09\/wlrm-1.webp","width":990,"height":660},{"@type":"BreadcrumbList","@id":"https:\/\/www.welovecycling.com\/sk\/2024\/09\/26\/sezona-je-takmer-za-nami-co-nas-naucili-preteky-a-co-zmenime-wlrmcc\/#breadcrumb","itemListElement":[{"@type":"ListItem","position":1,"name":"Home","item":"https:\/\/www.welovecycling.com\/sk\/"},{"@type":"ListItem","position":2,"name":"Sez\u00f3na je takmer za nami: \u010do n\u00e1s nau\u010dili preteky a \u010do zmen\u00edme? (WLRMcc)"}]},{"@type":"WebSite","@id":"https:\/\/www.welovecycling.com\/sk\/#website","url":"https:\/\/www.welovecycling.com\/sk\/","name":"\u0160koda We Love Cycling Slovensko","description":"\u0160koda We Love Cycling Slovensko je v\u00e1\u0161 ka\u017edodenn\u00fd zdroj noviniek a in\u0161pir\u00e1cie z sveta cyklistiky","potentialAction":[{"@type":"SearchAction","target":{"@type":"EntryPoint","urlTemplate":"https:\/\/www.welovecycling.com\/sk\/?s={search_term_string}"},"query-input":{"@type":"PropertyValueSpecification","valueRequired":true,"valueName":"search_term_string"}}],"inLanguage":"sk-SK"},{"@type":"Person","@id":"https:\/\/www.welovecycling.com\/sk\/#\/schema\/person\/533b62b98b6c41bd5135ebfb1f742624","name":"dominika","image":{"@type":"ImageObject","inLanguage":"sk-SK","@id":"https:\/\/www.welovecycling.com\/sk\/#\/schema\/person\/image\/","url":"https:\/\/secure.gravatar.com\/avatar\/ded6f274ba2ec3e17fff153f7d9d96a4b33c2cb63907f75d9a5309c599a7f3e6?s=96&d=mm&r=g","contentUrl":"https:\/\/secure.gravatar.com\/avatar\/ded6f274ba2ec3e17fff153f7d9d96a4b33c2cb63907f75d9a5309c599a7f3e6?s=96&d=mm&r=g","caption":"dominika"},"url":"https:\/\/www.welovecycling.com\/sk\/author\/dominika\/"}]}},"_links":{"self":[{"href":"https:\/\/www.welovecycling.com\/sk\/wp-json\/wp\/v2\/posts\/19693","targetHints":{"allow":["GET"]}}],"collection":[{"href":"https:\/\/www.welovecycling.com\/sk\/wp-json\/wp\/v2\/posts"}],"about":[{"href":"https:\/\/www.welovecycling.com\/sk\/wp-json\/wp\/v2\/types\/post"}],"author":[{"embeddable":true,"href":"https:\/\/www.welovecycling.com\/sk\/wp-json\/wp\/v2\/users\/172"}],"replies":[{"embeddable":true,"href":"https:\/\/www.welovecycling.com\/sk\/wp-json\/wp\/v2\/comments?post=19693"}],"version-history":[{"count":4,"href":"https:\/\/www.welovecycling.com\/sk\/wp-json\/wp\/v2\/posts\/19693\/revisions"}],"predecessor-version":[{"id":19709,"href":"https:\/\/www.welovecycling.com\/sk\/wp-json\/wp\/v2\/posts\/19693\/revisions\/19709"}],"wp:featuredmedia":[{"embeddable":true,"href":"https:\/\/www.welovecycling.com\/sk\/wp-json\/wp\/v2\/media\/19694"}],"wp:attachment":[{"href":"https:\/\/www.welovecycling.com\/sk\/wp-json\/wp\/v2\/media?parent=19693"}],"wp:term":[{"taxonomy":"category","embeddable":true,"href":"https:\/\/www.welovecycling.com\/sk\/wp-json\/wp\/v2\/categories?post=19693"},{"taxonomy":"post_tag","embeddable":true,"href":"https:\/\/www.welovecycling.com\/sk\/wp-json\/wp\/v2\/tags?post=19693"},{"taxonomy":"global-categories","embeddable":true,"href":"https:\/\/www.welovecycling.com\/sk\/wp-json\/wp\/v2\/global-categories?post=19693"}],"curies":[{"name":"wp","href":"https:\/\/api.w.org\/{rel}","templated":true}]}}