{"id":19659,"date":"2024-09-20T09:00:58","date_gmt":"2024-09-20T07:00:58","guid":{"rendered":"https:\/\/www.welovecycling.com\/sk\/?p=19659"},"modified":"2024-09-18T14:46:20","modified_gmt":"2024-09-18T12:46:20","slug":"ake-to-je-randit-s-cyklistom-ako-necyklista","status":"publish","type":"post","link":"https:\/\/www.welovecycling.com\/sk\/2024\/09\/20\/ake-to-je-randit-s-cyklistom-ako-necyklista\/","title":{"rendered":"Ak\u00e9 to je randi\u0165 s cyklistom (ako necyklista)?"},"content":{"rendered":"<p><strong>Cyklisti s\u00fa \u00fa\u017easn\u00ed. \u0160port celkovo je \u00fa\u017easn\u00fd a cyklistick\u00e1 kult\u00fara tie\u017e. Pre\u010do je teda randenie s cyklistom tak\u00e9 \u0165a\u017ek\u00e9? To plat\u00ed najm\u00e4 vtedy, ke\u010f nie ste cyklista a o bicykle sa nezauj\u00edmate.\u00a0<\/strong><\/p>\n<p style=\"font-weight: 400;\"><!--more--><\/p>\n<p><span style=\"font-weight: 400;\">S\u00fa to nervy, viem. A ke\u010f\u017ee tento \u010dl\u00e1nok asi nebudete \u010d\u00edta\u0165, ak v\u00e1s bicykle nezauj\u00edmaj\u00fa, povedzme, \u017ee toto je varovn\u00fd pr\u00edbeh, ako sa vyhn\u00fa\u0165 tomu, aby ste sa stali stereotypn\u00fdm cyklistick\u00fdm priate\u013eom alebo priate\u013ekou.<\/span><\/p>\n<p><span style=\"font-weight: 400;\">Mus\u00edte teda pochopi\u0165 jednu vec. Absol\u00fatne netu\u0161\u00edm, ak\u00e9 to je randi\u0165 s cyklistom z poh\u013eadu necyklistu. Ale m\u00e1m doma na tento typ problematiky odborn\u00ed\u010dku. Tak\u017ee s jej pomocou sa porozpr\u00e1vajme o pozit\u00edvach a negat\u00edvach randenia s cyklistom.<\/span><\/p>\n<h2><b>Rande s necyklistom &#8211; ako sa to v\u00f4bec m\u00f4\u017ee sta\u0165?<\/b><\/h2>\n<p><span style=\"font-weight: 400;\"><strong>L\u00e1ska funguje z\u00e1hadn\u00fdmi sp\u00f4sobmi, to viete.<\/strong> Aj ke\u010f by sa n\u00e1m to p\u00e1\u010dilo, cyklistika 24\/7 je prakticky nemo\u017en\u00e1, teda ak nie ste prof\u00edk. Treba predsa aj zar\u00e1ba\u0165 peniaze, ktor\u00e9 tak ne\u00fanavne m\u00ed\u0148ame na bicykle, no nie? A niekedy m\u00e1me tendenciu n\u00e1js\u0165 l\u00e1sku pr\u00e1ve na pracovisku. Za\u010d\u00edna sa to tak, \u017ee si navz\u00e1jom za\u010d\u00ednate rozumie\u0165, nesk\u00f4r je z toho dlh\u0161\u00ed obed a potom spolo\u010dn\u00e1 ve\u010dera \u2013 alebo dve. \u010casto na nov\u00fa l\u00e1sku zap\u00f4sob\u00ed, \u017ee jazd\u00edte na bicykli do pr\u00e1ce a neboj\u00edte sa rozpr\u00e1va\u0165 svoje pr\u00edbehy z v\u00fdjazdov.<\/span><\/p>\n<p><span style=\"font-weight: 400;\">Napriek tomu, ke\u010f spolu chod\u00edte u\u017e dlh\u0161ie, k\u00fazlo cyklistiky r\u00fdchlo ust\u00fapi tvrdej realite. Ve\u010f teraz je to u\u017e \u017eivot s cyklistom \u2013 a to rozhodne nie je pre slab\u00e9 povahy.<\/span><\/p>\n<h2 style=\"font-weight: 400;\"><b>Negat\u00edva <\/b><\/h2>\n<p><span style=\"font-weight: 400;\">Bu\u010fme \u00faprimn\u00ed. Nie je \u013eahk\u00e9 milova\u0165 n\u00e1s. <strong>N\u00e1js\u0165 si ako partnera in\u00e9ho cyklistu alebo cyklistku m\u00f4\u017ee by\u0165 tou najlep\u0161ou mo\u017enos\u0165ou, ale l\u00e1ska funguje z\u00e1hadn\u00fdm sp\u00f4sobom.<\/strong> Napriek tomu existuje nieko\u013eko vec\u00ed, ktor\u00e9 by mal necyklista pred z\u00e1snubami s cyklistom ur\u010dite zv\u00e1\u017ei\u0165. Aspo\u0148 moja sn\u00fabenica si to mysl\u00ed. Tu je jej 5 negat\u00edvnych sk\u00fasenost\u00ed o zdie\u013ean\u00ed svojho \u017eivota so mnou, s cyklistom.<\/span><\/p>\n<h3><b>1. &#8222;Tr\u00e1vi\u0161 pr\u00edli\u0161 ve\u013ea \u010dasu na bicykli&#8220;<\/b><\/h3>\n<p><span style=\"font-weight: 400;\">Teraz sa z ni\u010doho ni\u010d objavil tento probl\u00e9m. V ka\u017edom pr\u00edpade si mysl\u00edm, \u017ee netr\u00e1vim na bicykli pr\u00edli\u0161 ve\u013ea \u010dasu. Teda, ak je 68 hod\u00edn t\u00fd\u017edenne pr\u00edli\u0161 ve\u013ea&#8230; Nie, len \u017eartujem. V skuto\u010dnosti tr\u00e1vim na bicykli ve\u013ea \u010dasu. Nie je to len o jazden\u00ed. <strong>V\u017edy s\u00fa tu aj opravy, \u010distenie, v\u00fdmena dielov a ob\u010das romantick\u00e1 ve\u010dera s moj\u00edm bicyklom.<\/strong> M\u00f4j bicykel v\u0161ak uprednost\u0148uje mazivo pred \u010d\u00edmko\u013evek in\u00fdm.<\/span><\/p>\n<p><span style=\"font-weight: 400;\">Navy\u0161e mi nepom\u00f4\u017ee, \u017ee mojou hlavnou t\u00e9mou je, uh\u00e1dli ste, cyklistika. Dok\u00e1\u017eem o nej hovori\u0165 cel\u00e9 hodiny a som si ist\u00fd, \u017ee ju a\u017e tak nezauj\u00edma, \u010do jej chcem poveda\u0165. O cyklistike hovorte len okrajovo a namiesto toho hovorte o nie\u010dom zauj\u00edmavej\u0161om \u2013 mo\u017eno o politike. Tak\u017ee, ak chcete by\u0165 lep\u0161\u00ed ako priemern\u00fd stereotypn\u00fd cyklista, n\u00e1jdite si \u010das a porozpr\u00e1vate sa so svojou polovi\u010dkou aj o in\u00fdch t\u00e9mach ako o cyklistike.<\/span><\/p>\n<h3><b>2. &#8222;Pr\u00edli\u0161 ve\u013ea m\u00ed\u0148a\u0161&#8220;<\/b><\/h3>\n<p><span style=\"font-weight: 400;\"><strong>Ma\u0165 vyhraden\u00fa cyklistick\u00fa sekciu v osobnom rozpo\u010dte by mala by\u0165 samozrejmos\u0165.<\/strong> Napriek tomu si nemysl\u00edm, \u017ee tretina m\u00f4jho mesa\u010dn\u00e9ho pr\u00edjmu je pr\u00edli\u0161 ve\u013ea\u2026<\/span><\/p>\n<p><span style=\"font-weight: 400;\">Teraz so v\u0161etkou v\u00e1\u017enos\u0165ou \u2013 cyklistika je drah\u00fd \u0161port. K\u00fapi\u0165 poriadny bicykel a v\u00fdbavu si vy\u017eaduje ve\u013ea h\u013eadania a ve\u013ea pe\u0148az\u00ed. Tak\u017ee nezabudnite pripravi\u0165 svojho bud\u00faceho partnera na to, \u010do pr\u00edde. Samozrejme, nie na prvom rande. Ale akon\u00e1hle sa veci stan\u00fa v\u00e1\u017enymi, sk\u00faste sa mierni\u0165 v tom, na \u010do m\u00ed\u0148ate peniaze.<\/span><\/p>\n<h3><b>3. &#8222;M\u00f4\u017eem zabudn\u00fa\u0165 na v\u00edkendov\u00e9 pl\u00e1ny&#8220;<\/b><\/h3>\n<p><span style=\"font-weight: 400;\">Ak je pekn\u00e9 po\u010dasie, bicyklujete. To je kon\u0161tanta. Neexistuj\u00fa \u017eiadne keby ani ale. <strong>Tak\u017ee, prirodzene, v\u00edkendy nie s\u00fa vhodn\u00e9 na randenie a pred\u013a\u017een\u00e9 pobyty na romantickom mieste.<\/strong> To plat\u00ed najm\u00e4 v lete, ke\u010f je sez\u00f3na na vrchole. No, niekedy samozrejme vyraz\u00ed\u0161 aj na v\u00fdlet. Ale so svoj\u00edm bicyklom a svojimi kamar\u00e1tmi.<\/span><\/p>\n<p><span style=\"font-weight: 400;\">A ak si va\u0161a polovi\u010dka mysl\u00ed, \u017ee si po jazde m\u00f4\u017eete da\u0165 r\u00fdchlo rande \u2013 je na omyle. Zvy\u010dajne ste po dlhej jazde unaven\u00ed a jedin\u00e9, \u010do chcete, je \u013eahn\u00fa\u0165 si a relaxova\u0165. Nechcete \u00eds\u0165 do re\u0161taur\u00e1cie, kina, na koncert alebo do opery. Chcete pokoj a ticho. No, ke\u010f chod\u00edte s necyklistom, nezabudnite zv\u00e1\u017ei\u0165 aj jeho potreby. Uistite sa, \u017ee tr\u00e1vite s nimi dostatok v\u00edkendov v ka\u017edom ro\u010dnom obdob\u00ed. Vlo\u017ete do svojho t\u00fd\u017ed\u0148a aj romantick\u00e9 chv\u00edle a nechajte bicykel doma. Viem, viem, bud\u00faci t\u00fd\u017ede\u0148 budete op\u00e4\u0165 jazdi\u0165. Ak vynech\u00e1te jednu alebo dve jazdy, nestrat\u00edte svoju formu. Navy\u0161e som si ist\u00fd, \u017ee si vymysl\u00edte in\u00e9 sp\u00f4soby, ako sa zabavi\u0165 aj bez bicykla.<\/span><\/p>\n<h3><b>4. &#8222;Neust\u00e1le sa o teba boj\u00edm, ke\u010f jazd\u00ed\u0161&#8220;<\/b><\/h3>\n<p><span style=\"font-weight: 400;\">To je najhor\u0161ia vec na randen\u00ed s necyklistom. Nemaj\u00fa z prvej ruky vedomosti o tom, \u010do to je jazdi\u0165 na bicykli. Iste, vyzer\u00e1 to nebezpe\u010dne a ak si ned\u00e1te pozor, je to tak. A, samozrejme, uk\u00e1za\u0165 im, ako Vingegaard vylet\u00ed v z\u00e1krute a rozbije si k\u013e\u00fa\u010dnu kos\u0165 a nieko\u013eko rebier, to va\u0161ej veci nepom\u00f4\u017ee. <strong>Tak\u017ee bez oh\u013eadu na to, ako ve\u013emi ich uis\u0165ujete, \u017ee ste v bezpe\u010d\u00ed, v\u017edy sa bud\u00fa ob\u00e1va\u0165. V\u017edy bud\u00fa chcie\u0165, aby ste im po\u010das jazdy nap\u00edsali alebo zavolali.<\/strong><\/span><\/p>\n<p><span style=\"font-weight: 400;\">Tak\u017ee to urobte po\u010das prest\u00e1vok. Je to najmenej, \u010do m\u00f4\u017eete urobi\u0165. \u017dia\u013e, ve\u013ea in\u00e9ho robi\u0165 nem\u00f4\u017eete. V\u00e1\u0161 partner sa neprestane b\u00e1\u0165, ani ke\u010f vyraz\u00edte na bicykli v rytierskom brnen\u00ed.<\/span><\/p>\n<h3><b>5. &#8222;Bud\u00ed\u0161 ma pr\u00edli\u0161 skoro, ke\u010f ide\u0161 na svoje jazdy&#8220;<\/b><\/h3>\n<p><span style=\"font-weight: 400;\">Vst\u00e1vanie o 4:30 r\u00e1no je \u00faplne norm\u00e1lne, ak sa chyst\u00e1te na dlh\u00fa jazdu, najm\u00e4 ak ide o de\u0148 pretekov. <strong>Napriek tomu to nie je be\u017en\u00e1 hodina, kedy by sa mal zdrav\u00fd \u010dlovek zobudi\u0165, najm\u00e4 nie cez v\u00edkend.<\/strong> Ale, bohu\u017eia\u013e, neviete sa prirodzene zobudi\u0165 skoro r\u00e1no v presnom \u010dase. Potrebujete bud\u00edk a v\u00e1\u0161 partner ho za\u010duje tie\u017e a zobud\u00ed sa. Nie je to ve\u013ek\u00fd probl\u00e9m, ak sa m\u00f4\u017ee len oto\u010di\u0165 na druh\u00fa stranu a znovu zaspa\u0165. Ale ke\u010f za\u010dnete beha\u0165 po byte, oblieka\u0165 sa, pripravova\u0165 ra\u0148ajky a opravova\u0165 si v\u00fdbavu na bicykli, zosta\u0165 spa\u0165 m\u00f4\u017ee by\u0165 \u0165a\u017e\u0161ie, ako si mysl\u00edte.<\/span><\/p>\n<p><span style=\"font-weight: 400;\">Malo by to by\u0165 samozrejmos\u0165ou, ale mus\u00edte by\u0165 oh\u013eaduplnej\u0161\u00ed. Pripravte si veci vopred a ke\u010f sa zobud\u00edte, bu\u010fte \u010do najtich\u0161ie. Nepohybujte sa ako slon v porcel\u00e1ne. Sk\u00faste sa zobudi\u0165, obliec\u0165 a od\u00eds\u0165 z domu \u010do najr\u00fdchlej\u0161ie, aby sa va\u0161a polovi\u010dka mohla vr\u00e1ti\u0165 k zasl\u00fa\u017een\u00e9mu sp\u00e1nku.<\/span><\/p>\n<figure id=\"attachment_19660\" aria-describedby=\"caption-attachment-19660\" style=\"width: 990px\" class=\"wp-caption alignnone\"><a href=\"https:\/\/d2p6e6u75xmxt8.cloudfront.net\/4\/2024\/09\/MTB-profimedia-0810387075-CVR.webp\"><img loading=\"lazy\" decoding=\"async\" class=\"wp-image-19660 size-full\" src=\"https:\/\/d2p6e6u75xmxt8.cloudfront.net\/4\/2024\/09\/MTB-profimedia-0810387075-CVR.webp\" alt=\"MTB\" width=\"990\" height=\"660\" srcset=\"https:\/\/d2p6e6u75xmxt8.cloudfront.net\/4\/2024\/09\/MTB-profimedia-0810387075-CVR.webp 990w, https:\/\/d2p6e6u75xmxt8.cloudfront.net\/4\/2024\/09\/MTB-profimedia-0810387075-CVR-300x200.webp 300w, https:\/\/d2p6e6u75xmxt8.cloudfront.net\/4\/2024\/09\/MTB-profimedia-0810387075-CVR-768x512.webp 768w, https:\/\/d2p6e6u75xmxt8.cloudfront.net\/4\/2024\/09\/MTB-profimedia-0810387075-CVR-400x267.webp 400w, https:\/\/d2p6e6u75xmxt8.cloudfront.net\/4\/2024\/09\/MTB-profimedia-0810387075-CVR-272x182.webp 272w\" sizes=\"auto, (max-width: 990px) 100vw, 990px\" \/><\/a><figcaption id=\"caption-attachment-19660\" class=\"wp-caption-text\"><span style=\"font-weight: 400;\">Bu\u010fme \u00faprimn\u00ed. N\u00e1s cyklistov nie je \u013eahk\u00e9 milova\u0165. \u00a9 Profimedia<\/span><\/figcaption><\/figure>\n<h2><b>Pozit\u00edva\u00a0<\/b><\/h2>\n<p><span style=\"font-weight: 400;\">Ke\u010f si pre\u010d\u00edtate v\u0161etko spom\u00ednan\u00e9 vy\u0161\u0161ie, mo\u017eno v\u00e1s napadne, pre\u010do by do pekla niekto chcel by\u0165 pr\u00e1ve s vami. No nebu\u010fte na seba tak\u00ed tvrd\u00ed. V\u017edy sa n\u00e1jdu aj dobr\u00e9 veci. Tak\u017ee, aby sme sa pozreli aj na druh\u00fa stranu mince, tu je 5 hlavn\u00fdch d\u00f4vodov mojej sn\u00fabenice, pre\u010do miluje moje hobby.<\/span><\/p>\n<h3><b>1. &#8222;Ur\u010dite nepodv\u00e1dza\u0161&#8220;<\/b><\/h3>\n<p><span style=\"font-weight: 400;\">S kon\u00ed\u010dkom, ak\u00fdm je cyklistika, nie je \u0161anca, \u017ee by ste podv\u00e1dzali svoju polovi\u010dku.<strong> E\u0161te d\u00f4le\u017eitej\u0161ie je, \u017ee to vedia.<\/strong> Slovami mojej partnerky: <em>\u201eNepreme\u0161k\u00e1\u0161 \u0161ancu jazdi\u0165 na bicykli kv\u00f4li nie\u010domu tak\u00e9mu hl\u00fapemu, ako je rande s inou.\u201c<\/em> A m\u00e1 \u00fapln\u00fa pravdu. Rozplakal som sa, ako dobre ma pozn\u00e1.<\/span><\/p>\n<p><span style=\"font-weight: 400;\">Navy\u0161e, m\u00f4j cyklo set z lycry nie je t\u00fdm najvhodnej\u0161\u00edm oble\u010den\u00edm na rande. Predstavte si, ako rand\u00edm so svojou cyklistickou v\u00fdbavou, bicyklom a klopk\u00e1m po chodn\u00edku s cyklistick\u00fdmi tretrami. Navy\u0161e vie, \u017ee ke\u010f sa pozer\u00e1m na in\u00e9 cyklistky, pozer\u00e1m sa na ich bicykle, nie na ne&#8230; Ve\u010f viete. Tak\u017ee \u00e1no. V\u00e1\u0161 partner m\u00e1 pokoj, \u017ee rob\u00edte presne to, \u010do ste mu povedali a \u017ee nepijete, nehazardujete, nepodv\u00e1dzate.<\/span><\/p>\n<h3><b>2. &#8222;M\u00e1m ve\u013ea \u010dasu na svoje kon\u00ed\u010dky&#8220;<\/b><\/h3>\n<p><span style=\"font-weight: 400;\">Cyklistika nie je jedin\u00fdm kon\u00ed\u010dkom na svete, ako ste mo\u017eno tu\u0161ili. Tak\u017ee aj ke\u010f v\u00e1\u0161 partner nie je prilepen\u00fd k sedlu, neznamen\u00e1 to, \u017ee po\u010das toho, ke\u010f vy jazd\u00edte na bicykli, on sa nud\u00ed doma. <strong>Maj\u00fa v\u0161etok \u010das na svete, aby sa venovali svojim vlastn\u00fdm z\u00e1\u013eub\u00e1m.<\/strong> A to, \u017ee ste nieko\u013eko hod\u00edn nepr\u00edtomn\u00ed ka\u017ed\u00fdch p\u00e1r dn\u00ed, im d\u00e1va dostatok \u010dasu na to, aby mali ve\u013ea kon\u00ed\u010dkov.<\/span><\/p>\n<h3><strong>3. &#8222;Si fit&#8220;<\/strong><\/h3>\n<p><span style=\"font-weight: 400;\">\u00c1no. Pri v\u0161etk\u00fdch dne\u0161n\u00fdch kancel\u00e1rskych pr\u00e1cach je <strong>h\u013eada\u0165 niekoho, kto sa nezad\u00fdcha po tom, ako vybehne p\u00e1r poschod\u00ed, ako h\u013eada\u0165 ihlu v kope sena.<\/strong> M\u00e1te p\u013e\u00faca na to, aby ste vyliezli \u010doko\u013evek, s\u00fastredenie na to, aby ste pre\u0161li kilometre, a sk\u00fasenosti, aby ste mohli pokra\u010dova\u0165 \u010falej a \u010falej.\u00a0<\/span><\/p>\n<p><span style=\"font-weight: 400;\">Najd\u00f4le\u017eitej\u0161ie je, \u017ee in\u0161pirujete svojho partnera k outdoorov\u00fdm aktivit\u00e1m. V\u00fdstup na horu, beh v parku alebo len r\u00fdchla prech\u00e1dzka po okol\u00ed. Stru\u010dne povedan\u00e9, ste dobr\u00ed pre zdravie svojho partnera.<\/span><\/p>\n<h3><strong>4. &#8222;N\u00e1js\u0165 pre teba dar\u010dek je jednoduch\u00e9&#8220;<\/strong><\/h3>\n<p><span style=\"font-weight: 400;\">V\u00e1\u0161 partner m\u00e1 v\u0161etko premyslen\u00e9. Vianoce: cyklistick\u00fd dres; narodeniny: nov\u00e9 ped\u00e1le; v\u00fdro\u010die: tieto skvel\u00e9 nov\u00e9 gripy. A ak si mysl\u00edte, \u017ee nevedia, \u010do v\u00e1m maj\u00fa da\u0165, spome\u0148te si, ako v\u017edy hovor\u00edte len o cyklistike. \u00c1no, po\u010d\u00favaj\u00fa. V\u00e4\u010d\u0161inu \u010dasu.<strong> Tak\u017ee vedia, \u010do potrebujete, vedia, kde to z\u00edska\u0165, a vedia, s k\u00fdm sa porozpr\u00e1va\u0165, aby zistili podrobnosti (va\u0161i cyklistick\u00ed kamar\u00e1ti).<\/strong> Tak\u017ee, priate\u013e m\u00f4j, tah\u00e1\u0161 za krat\u0161\u00ed koniec. Mus\u00edte vymyslie\u0165, ako ich prekvapi\u0165, aby ste ich pote\u0161ili aspo\u0148 tak, ako oni v\u00e1s.<\/span><\/p>\n<h3><b>5. &#8222;Kone\u010dne ch\u00e1pem Tour de France&#8220;<\/b><\/h3>\n<p><span style=\"font-weight: 400;\">Nielen Tour de France, ale v\u0161etky Grand Tour. <strong>Koniec koncov, ke\u010f sa na nie\u010do pozer\u00e1te 4-5 hod\u00edn ka\u017ed\u00fd de\u0148 po dobu jedn\u00e9ho mesiaca, je u\u017eito\u010dn\u00e9 vysvetli\u0165 svojmu partnerovi v\u0161etko o taktike, t\u00edmoch, zna\u010dk\u00e1ch a v\u0161etk\u00fdch drobnostiach okolo.<\/strong><\/span><\/p>\n<p><span style=\"font-weight: 400;\">Dozvedie\u0165 sa nie\u010do o novom \u0161porte je v\u017edy vzru\u0161uj\u00face, najm\u00e4 ke\u010f za\u010dnete vidie\u0165, o \u010dom je ten prekliaty rozruch.<\/span><\/p>\n<p><strong>Nev\u00fdhodou je, \u017ee v\u00e1\u0161 partner m\u00f4\u017ee za\u010da\u0165 fandi\u0165 in\u00e9mu jazdcovi, ako je v\u00e1\u0161 ob\u013e\u00faben\u00fd, ale to v\u0161etko je s\u00fa\u010das\u0165ou z\u00e1bavy.<\/strong><\/p>\n<h2><b>Sk\u00faste si to randenie trochu u\u013eah\u010di\u0165<\/b><\/h2>\n<p><span style=\"font-weight: 400;\"><strong>Randenie s cyklistom rozhodne nie je jednoduch\u00e9.<\/strong> Existuje nieko\u013eko prek\u00e1\u017eok, ktor\u00e9 mus\u00ed potenci\u00e1lny partner prehliadnu\u0165. V\u017edy si to v\u0161ak m\u00f4\u017eete u\u013eah\u010di\u0165. Zv\u00e1\u017ete to dobr\u00e9 a zl\u00e9, sna\u017ete sa zlep\u0161i\u0165 to prv\u00e9 a z\u013eah\u010dova\u0165 to druh\u00e9. L\u00e1ska funguje z\u00e1hadn\u00fdm sp\u00f4sobom a hoci sa sna\u017e\u00edme, nevieme si vybra\u0165, do koho sa zamilujeme. Tak\u017ee bu\u010fte sami sebou, ale sna\u017ete sa aspo\u0148 trochu zmierni\u0165 svoju posadnutos\u0165. Milova\u0165 v\u00e1s bude ove\u013ea jednoduch\u0161ie.<\/span><\/p>\n","protected":false},"excerpt":{"rendered":"<p>Cyklisti s\u00fa \u00fa\u017easn\u00ed. \u0160port celkovo je \u00fa\u017easn\u00fd a cyklistick\u00e1 kult\u00fara tie\u017e. Pre\u010do je teda randenie s cyklistom tak\u00e9 \u0165a\u017ek\u00e9? To [&hellip;]<\/p>\n","protected":false},"author":172,"featured_media":19662,"comment_status":"open","ping_status":"open","sticky":false,"template":"","format":"standard","meta":{"footnotes":""},"categories":[118],"tags":[619,115,546,248,180,532,767,931,888,509,183],"global-categories":[],"class_list":["post-19659","post","type-post","status-publish","format-standard","has-post-thumbnail","hentry","category-zabava","tag-bicyklovanie","tag-cestna-cyklistika","tag-cyklistika","tag-hobby","tag-horska-cyklistika","tag-jazdenie","tag-motivacia","tag-odporucame","tag-peniaze","tag-rodina","tag-zabava"],"yoast_head":"<!-- This site is optimized with the Yoast SEO Premium plugin v25.3 (Yoast SEO v25.9) - https:\/\/yoast.com\/wordpress\/plugins\/seo\/ -->\n<title>Ak\u00e9 to je randi\u0165 s cyklistom (ako necyklista)? - \u0160koda We Love Cycling Slovensko<\/title>\n<meta name=\"description\" content=\"Cyklisti s\u00fa \u00fa\u017easn\u00ed. Pre\u010do je teda randi\u0165 s cyklistom tak\u00e9 \u0165a\u017ek\u00e9? A to plat\u00ed najm\u00e4 vtedy, ke\u010f nie ste cyklista a o bicykle sa nezauj\u00edmate.\u00a0\" \/>\n<meta name=\"robots\" content=\"index, follow, max-snippet:-1, max-image-preview:large, max-video-preview:-1\" \/>\n<link rel=\"canonical\" href=\"https:\/\/www.welovecycling.com\/sk\/2024\/09\/20\/ake-to-je-randit-s-cyklistom-ako-necyklista\/\" \/>\n<meta property=\"og:locale\" content=\"sk_SK\" \/>\n<meta property=\"og:type\" content=\"article\" \/>\n<meta property=\"og:title\" content=\"Ak\u00e9 to je randi\u0165 s cyklistom (ako necyklista)?\" \/>\n<meta property=\"og:description\" content=\"Cyklisti s\u00fa \u00fa\u017easn\u00ed. Pre\u010do je teda randi\u0165 s cyklistom tak\u00e9 \u0165a\u017ek\u00e9? A to plat\u00ed najm\u00e4 vtedy, ke\u010f nie ste cyklista a o bicykle sa nezauj\u00edmate.\u00a0\" \/>\n<meta property=\"og:url\" content=\"https:\/\/www.welovecycling.com\/sk\/2024\/09\/20\/ake-to-je-randit-s-cyklistom-ako-necyklista\/\" \/>\n<meta property=\"og:site_name\" content=\"\u0160koda We Love Cycling Slovensko\" \/>\n<meta property=\"article:published_time\" content=\"2024-09-20T07:00:58+00:00\" \/>\n<meta property=\"og:image\" content=\"https:\/\/d2p6e6u75xmxt8.cloudfront.net\/4\/2024\/09\/Cyclist-Couple-profimedia-0860172497-CVR.webp\" \/>\n\t<meta property=\"og:image:width\" content=\"990\" \/>\n\t<meta property=\"og:image:height\" content=\"660\" \/>\n\t<meta property=\"og:image:type\" content=\"image\/webp\" \/>\n<meta name=\"author\" content=\"dominika\" \/>\n<meta name=\"twitter:card\" content=\"summary_large_image\" \/>\n<meta name=\"twitter:label1\" content=\"Written by\" \/>\n\t<meta name=\"twitter:data1\" content=\"Martin Atanasov\" \/>\n\t<meta name=\"twitter:label2\" content=\"Est. reading time\" \/>\n\t<meta name=\"twitter:data2\" content=\"4\" \/>\n<script type=\"application\/ld+json\" class=\"yoast-schema-graph\">{\"@context\":\"https:\/\/schema.org\",\"@graph\":[{\"@type\":\"WebPage\",\"@id\":\"https:\/\/www.welovecycling.com\/sk\/2024\/09\/20\/ake-to-je-randit-s-cyklistom-ako-necyklista\/\",\"url\":\"https:\/\/www.welovecycling.com\/sk\/2024\/09\/20\/ake-to-je-randit-s-cyklistom-ako-necyklista\/\",\"name\":\"Ak\u00e9 to je randi\u0165 s cyklistom (ako necyklista)? - \u0160koda We Love Cycling Slovensko\",\"isPartOf\":{\"@id\":\"https:\/\/www.welovecycling.com\/sk\/#website\"},\"primaryImageOfPage\":{\"@id\":\"https:\/\/www.welovecycling.com\/sk\/2024\/09\/20\/ake-to-je-randit-s-cyklistom-ako-necyklista\/#primaryimage\"},\"image\":{\"@id\":\"https:\/\/www.welovecycling.com\/sk\/2024\/09\/20\/ake-to-je-randit-s-cyklistom-ako-necyklista\/#primaryimage\"},\"thumbnailUrl\":\"https:\/\/d2p6e6u75xmxt8.cloudfront.net\/4\/2024\/09\/Cyclist-Couple-profimedia-0860172497-CVR.webp\",\"datePublished\":\"2024-09-20T07:00:58+00:00\",\"author\":{\"@id\":\"https:\/\/www.welovecycling.com\/sk\/#\/schema\/person\/533b62b98b6c41bd5135ebfb1f742624\"},\"description\":\"Cyklisti s\u00fa \u00fa\u017easn\u00ed. Pre\u010do je teda randi\u0165 s cyklistom tak\u00e9 \u0165a\u017ek\u00e9? A to plat\u00ed najm\u00e4 vtedy, ke\u010f nie ste cyklista a o bicykle sa nezauj\u00edmate.\u00a0\",\"breadcrumb\":{\"@id\":\"https:\/\/www.welovecycling.com\/sk\/2024\/09\/20\/ake-to-je-randit-s-cyklistom-ako-necyklista\/#breadcrumb\"},\"inLanguage\":\"sk-SK\",\"potentialAction\":[{\"@type\":\"ReadAction\",\"target\":[\"https:\/\/www.welovecycling.com\/sk\/2024\/09\/20\/ake-to-je-randit-s-cyklistom-ako-necyklista\/\"]}]},{\"@type\":\"ImageObject\",\"inLanguage\":\"sk-SK\",\"@id\":\"https:\/\/www.welovecycling.com\/sk\/2024\/09\/20\/ake-to-je-randit-s-cyklistom-ako-necyklista\/#primaryimage\",\"url\":\"https:\/\/d2p6e6u75xmxt8.cloudfront.net\/4\/2024\/09\/Cyclist-Couple-profimedia-0860172497-CVR.webp\",\"contentUrl\":\"https:\/\/d2p6e6u75xmxt8.cloudfront.net\/4\/2024\/09\/Cyclist-Couple-profimedia-0860172497-CVR.webp\",\"width\":990,\"height\":660,\"caption\":\"Cycling couple\"},{\"@type\":\"BreadcrumbList\",\"@id\":\"https:\/\/www.welovecycling.com\/sk\/2024\/09\/20\/ake-to-je-randit-s-cyklistom-ako-necyklista\/#breadcrumb\",\"itemListElement\":[{\"@type\":\"ListItem\",\"position\":1,\"name\":\"Home\",\"item\":\"https:\/\/www.welovecycling.com\/sk\/\"},{\"@type\":\"ListItem\",\"position\":2,\"name\":\"Ak\u00e9 to je randi\u0165 s cyklistom (ako necyklista)?\"}]},{\"@type\":\"WebSite\",\"@id\":\"https:\/\/www.welovecycling.com\/sk\/#website\",\"url\":\"https:\/\/www.welovecycling.com\/sk\/\",\"name\":\"\u0160koda We Love Cycling Slovensko\",\"description\":\"\u0160koda We Love Cycling Slovensko je v\u00e1\u0161 ka\u017edodenn\u00fd zdroj noviniek a in\u0161pir\u00e1cie z sveta cyklistiky\",\"potentialAction\":[{\"@type\":\"SearchAction\",\"target\":{\"@type\":\"EntryPoint\",\"urlTemplate\":\"https:\/\/www.welovecycling.com\/sk\/?s={search_term_string}\"},\"query-input\":{\"@type\":\"PropertyValueSpecification\",\"valueRequired\":true,\"valueName\":\"search_term_string\"}}],\"inLanguage\":\"sk-SK\"},{\"@type\":\"Person\",\"@id\":\"https:\/\/www.welovecycling.com\/sk\/#\/schema\/person\/533b62b98b6c41bd5135ebfb1f742624\",\"name\":\"dominika\",\"image\":{\"@type\":\"ImageObject\",\"inLanguage\":\"sk-SK\",\"@id\":\"https:\/\/www.welovecycling.com\/sk\/#\/schema\/person\/image\/\",\"url\":\"https:\/\/secure.gravatar.com\/avatar\/ded6f274ba2ec3e17fff153f7d9d96a4b33c2cb63907f75d9a5309c599a7f3e6?s=96&d=mm&r=g\",\"contentUrl\":\"https:\/\/secure.gravatar.com\/avatar\/ded6f274ba2ec3e17fff153f7d9d96a4b33c2cb63907f75d9a5309c599a7f3e6?s=96&d=mm&r=g\",\"caption\":\"dominika\"},\"url\":\"https:\/\/www.welovecycling.com\/sk\/author\/dominika\/\"}]}<\/script>\n<!-- \/ Yoast SEO Premium plugin. -->","yoast_head_json":{"title":"Ak\u00e9 to je randi\u0165 s cyklistom (ako necyklista)? - \u0160koda We Love Cycling Slovensko","description":"Cyklisti s\u00fa \u00fa\u017easn\u00ed. Pre\u010do je teda randi\u0165 s cyklistom tak\u00e9 \u0165a\u017ek\u00e9? A to plat\u00ed najm\u00e4 vtedy, ke\u010f nie ste cyklista a o bicykle sa nezauj\u00edmate.\u00a0","robots":{"index":"index","follow":"follow","max-snippet":"max-snippet:-1","max-image-preview":"max-image-preview:large","max-video-preview":"max-video-preview:-1"},"canonical":"https:\/\/www.welovecycling.com\/sk\/2024\/09\/20\/ake-to-je-randit-s-cyklistom-ako-necyklista\/","og_locale":"sk_SK","og_type":"article","og_title":"Ak\u00e9 to je randi\u0165 s cyklistom (ako necyklista)?","og_description":"Cyklisti s\u00fa \u00fa\u017easn\u00ed. Pre\u010do je teda randi\u0165 s cyklistom tak\u00e9 \u0165a\u017ek\u00e9? A to plat\u00ed najm\u00e4 vtedy, ke\u010f nie ste cyklista a o bicykle sa nezauj\u00edmate.\u00a0","og_url":"https:\/\/www.welovecycling.com\/sk\/2024\/09\/20\/ake-to-je-randit-s-cyklistom-ako-necyklista\/","og_site_name":"\u0160koda We Love Cycling Slovensko","article_published_time":"2024-09-20T07:00:58+00:00","og_image":[{"width":990,"height":660,"url":"https:\/\/d2p6e6u75xmxt8.cloudfront.net\/4\/2024\/09\/Cyclist-Couple-profimedia-0860172497-CVR.webp","type":"image\/webp"}],"author":"dominika","twitter_card":"summary_large_image","twitter_misc":{"Written by":"Martin Atanasov","Est. reading time":"4"},"schema":{"@context":"https:\/\/schema.org","@graph":[{"@type":"WebPage","@id":"https:\/\/www.welovecycling.com\/sk\/2024\/09\/20\/ake-to-je-randit-s-cyklistom-ako-necyklista\/","url":"https:\/\/www.welovecycling.com\/sk\/2024\/09\/20\/ake-to-je-randit-s-cyklistom-ako-necyklista\/","name":"Ak\u00e9 to je randi\u0165 s cyklistom (ako necyklista)? - \u0160koda We Love Cycling Slovensko","isPartOf":{"@id":"https:\/\/www.welovecycling.com\/sk\/#website"},"primaryImageOfPage":{"@id":"https:\/\/www.welovecycling.com\/sk\/2024\/09\/20\/ake-to-je-randit-s-cyklistom-ako-necyklista\/#primaryimage"},"image":{"@id":"https:\/\/www.welovecycling.com\/sk\/2024\/09\/20\/ake-to-je-randit-s-cyklistom-ako-necyklista\/#primaryimage"},"thumbnailUrl":"https:\/\/d2p6e6u75xmxt8.cloudfront.net\/4\/2024\/09\/Cyclist-Couple-profimedia-0860172497-CVR.webp","datePublished":"2024-09-20T07:00:58+00:00","author":{"@id":"https:\/\/www.welovecycling.com\/sk\/#\/schema\/person\/533b62b98b6c41bd5135ebfb1f742624"},"description":"Cyklisti s\u00fa \u00fa\u017easn\u00ed. Pre\u010do je teda randi\u0165 s cyklistom tak\u00e9 \u0165a\u017ek\u00e9? A to plat\u00ed najm\u00e4 vtedy, ke\u010f nie ste cyklista a o bicykle sa nezauj\u00edmate.\u00a0","breadcrumb":{"@id":"https:\/\/www.welovecycling.com\/sk\/2024\/09\/20\/ake-to-je-randit-s-cyklistom-ako-necyklista\/#breadcrumb"},"inLanguage":"sk-SK","potentialAction":[{"@type":"ReadAction","target":["https:\/\/www.welovecycling.com\/sk\/2024\/09\/20\/ake-to-je-randit-s-cyklistom-ako-necyklista\/"]}]},{"@type":"ImageObject","inLanguage":"sk-SK","@id":"https:\/\/www.welovecycling.com\/sk\/2024\/09\/20\/ake-to-je-randit-s-cyklistom-ako-necyklista\/#primaryimage","url":"https:\/\/d2p6e6u75xmxt8.cloudfront.net\/4\/2024\/09\/Cyclist-Couple-profimedia-0860172497-CVR.webp","contentUrl":"https:\/\/d2p6e6u75xmxt8.cloudfront.net\/4\/2024\/09\/Cyclist-Couple-profimedia-0860172497-CVR.webp","width":990,"height":660,"caption":"Cycling couple"},{"@type":"BreadcrumbList","@id":"https:\/\/www.welovecycling.com\/sk\/2024\/09\/20\/ake-to-je-randit-s-cyklistom-ako-necyklista\/#breadcrumb","itemListElement":[{"@type":"ListItem","position":1,"name":"Home","item":"https:\/\/www.welovecycling.com\/sk\/"},{"@type":"ListItem","position":2,"name":"Ak\u00e9 to je randi\u0165 s cyklistom (ako necyklista)?"}]},{"@type":"WebSite","@id":"https:\/\/www.welovecycling.com\/sk\/#website","url":"https:\/\/www.welovecycling.com\/sk\/","name":"\u0160koda We Love Cycling Slovensko","description":"\u0160koda We Love Cycling Slovensko je v\u00e1\u0161 ka\u017edodenn\u00fd zdroj noviniek a in\u0161pir\u00e1cie z sveta cyklistiky","potentialAction":[{"@type":"SearchAction","target":{"@type":"EntryPoint","urlTemplate":"https:\/\/www.welovecycling.com\/sk\/?s={search_term_string}"},"query-input":{"@type":"PropertyValueSpecification","valueRequired":true,"valueName":"search_term_string"}}],"inLanguage":"sk-SK"},{"@type":"Person","@id":"https:\/\/www.welovecycling.com\/sk\/#\/schema\/person\/533b62b98b6c41bd5135ebfb1f742624","name":"dominika","image":{"@type":"ImageObject","inLanguage":"sk-SK","@id":"https:\/\/www.welovecycling.com\/sk\/#\/schema\/person\/image\/","url":"https:\/\/secure.gravatar.com\/avatar\/ded6f274ba2ec3e17fff153f7d9d96a4b33c2cb63907f75d9a5309c599a7f3e6?s=96&d=mm&r=g","contentUrl":"https:\/\/secure.gravatar.com\/avatar\/ded6f274ba2ec3e17fff153f7d9d96a4b33c2cb63907f75d9a5309c599a7f3e6?s=96&d=mm&r=g","caption":"dominika"},"url":"https:\/\/www.welovecycling.com\/sk\/author\/dominika\/"}]}},"_links":{"self":[{"href":"https:\/\/www.welovecycling.com\/sk\/wp-json\/wp\/v2\/posts\/19659","targetHints":{"allow":["GET"]}}],"collection":[{"href":"https:\/\/www.welovecycling.com\/sk\/wp-json\/wp\/v2\/posts"}],"about":[{"href":"https:\/\/www.welovecycling.com\/sk\/wp-json\/wp\/v2\/types\/post"}],"author":[{"embeddable":true,"href":"https:\/\/www.welovecycling.com\/sk\/wp-json\/wp\/v2\/users\/172"}],"replies":[{"embeddable":true,"href":"https:\/\/www.welovecycling.com\/sk\/wp-json\/wp\/v2\/comments?post=19659"}],"version-history":[{"count":9,"href":"https:\/\/www.welovecycling.com\/sk\/wp-json\/wp\/v2\/posts\/19659\/revisions"}],"predecessor-version":[{"id":19680,"href":"https:\/\/www.welovecycling.com\/sk\/wp-json\/wp\/v2\/posts\/19659\/revisions\/19680"}],"wp:featuredmedia":[{"embeddable":true,"href":"https:\/\/www.welovecycling.com\/sk\/wp-json\/wp\/v2\/media\/19662"}],"wp:attachment":[{"href":"https:\/\/www.welovecycling.com\/sk\/wp-json\/wp\/v2\/media?parent=19659"}],"wp:term":[{"taxonomy":"category","embeddable":true,"href":"https:\/\/www.welovecycling.com\/sk\/wp-json\/wp\/v2\/categories?post=19659"},{"taxonomy":"post_tag","embeddable":true,"href":"https:\/\/www.welovecycling.com\/sk\/wp-json\/wp\/v2\/tags?post=19659"},{"taxonomy":"global-categories","embeddable":true,"href":"https:\/\/www.welovecycling.com\/sk\/wp-json\/wp\/v2\/global-categories?post=19659"}],"curies":[{"name":"wp","href":"https:\/\/api.w.org\/{rel}","templated":true}]}}