{"id":19622,"date":"2024-09-03T15:00:38","date_gmt":"2024-09-03T13:00:38","guid":{"rendered":"https:\/\/www.welovecycling.com\/sk\/?p=19622"},"modified":"2024-09-03T13:59:42","modified_gmt":"2024-09-03T11:59:42","slug":"reportaz-skoda-mtb-cyklomaraton-topolcianky-hrave-a-technicke-jazdenie-v-extremnych-teplotach","status":"publish","type":"post","link":"https:\/\/www.welovecycling.com\/sk\/2024\/09\/03\/reportaz-skoda-mtb-cyklomaraton-topolcianky-hrave-a-technicke-jazdenie-v-extremnych-teplotach\/","title":{"rendered":"Report\u00e1\u017e: \u0160koda MTB Cyklomarat\u00f3n Topo\u013e\u010dianky \u2013 hrav\u00e9 a technick\u00e9 jazdenie v extr\u00e9mnych teplot\u00e1ch"},"content":{"rendered":"<p><strong>Piate kolo ob\u013e\u00fabenej s\u00e9rie \u0160KODA BIKE OPEN TOUR v Topo\u013e\u010diankach preverilo ka\u017ed\u00e9ho, kto sa postavil na \u0161tart.<\/strong><!--more--><\/p>\n<p><span style=\"font-weight: 400;\">Tohtoro\u010dn\u00fd \u0160koda MTB Cyklomarat\u00f3n Topo\u013e\u010dianky boli organiz\u00e1tori n\u00faten\u00ed <strong>presun\u00fa\u0165 z p\u00f4vodne pl\u00e1novan\u00e9ho j\u00fanov\u00e9ho term\u00ednu na koniec augusta.<\/strong> Presun znamenal nielen organiza\u010dn\u00e9 zmeny pre viacer\u00fdch pretek\u00e1rov, ale hlavne obrovsk\u00fd skok v podmienkach na trati a v teplotnom re\u017eime \u2013 z priemern\u00fdch 25 \u00b0C na aktu\u00e1lnych 33 \u00b0C.<\/span><\/p>\n<p><span style=\"font-weight: 400;\">U\u017e od skor\u00e9ho r\u00e1na, ke\u010f sme vyr\u00e1\u017eali z Bratislavy, bolo jasn\u00e9, \u017ee tento de\u0148 bude skuto\u010dnou v\u00fdzvou. Do Topo\u013e\u010dianok sme dorazili okolo 8:30. Na parkovisko n\u00e1s hne\u010f od vjazdu do obce navigovali smerov\u00e9 \u0160koda \u0161\u00edpky a tesne pred are\u00e1lom aj skupina organiz\u00e1torov. Pre niekoho, kto prich\u00e1dza na <a href=\"https:\/\/www.welovecycling.com\/sk\/sbot\/index.php\" target=\"_blank\" rel=\"noopener\">\u0160BOT<\/a> po prv\u00fdkr\u00e1t, je to obrovsk\u00e1 pomoc. Zaparkujete hne\u010f pri are\u00e1li a do z\u00e1zemia je to naozaj na skok.<\/span><\/p>\n<p><img loading=\"lazy\" decoding=\"async\" class=\"alignnone size-full wp-image-19624\" src=\"https:\/\/d2p6e6u75xmxt8.cloudfront.net\/4\/2024\/09\/selekt_mtbskoda_topolcianky_31.webp\" alt=\"\" width=\"990\" height=\"660\" srcset=\"https:\/\/d2p6e6u75xmxt8.cloudfront.net\/4\/2024\/09\/selekt_mtbskoda_topolcianky_31.webp 990w, https:\/\/d2p6e6u75xmxt8.cloudfront.net\/4\/2024\/09\/selekt_mtbskoda_topolcianky_31-300x200.webp 300w, https:\/\/d2p6e6u75xmxt8.cloudfront.net\/4\/2024\/09\/selekt_mtbskoda_topolcianky_31-768x512.webp 768w, https:\/\/d2p6e6u75xmxt8.cloudfront.net\/4\/2024\/09\/selekt_mtbskoda_topolcianky_31-400x267.webp 400w, https:\/\/d2p6e6u75xmxt8.cloudfront.net\/4\/2024\/09\/selekt_mtbskoda_topolcianky_31-272x182.webp 272w\" sizes=\"auto, (max-width: 990px) 100vw, 990px\" \/><\/p>\n<p><span style=\"font-weight: 400;\">Zaparkovali sme, prevzali si \u0161tartov\u00e9 \u010d\u00edsla, obliekli sa a za\u010dali sa pripravova\u0165. <strong>Teploty u\u017e skoro r\u00e1no presko\u010dili 25 \u00b0C a pri rozjazde bolo c\u00edti\u0165, \u017ee dnes to bude ve\u013emi r\u00fdchla jazda na tvrd\u00fdch a such\u00fdch trailoch.<\/strong> Na\u0161a podpora, Katka, dorazila asi polhodinu pred \u0161tartom.<\/span><\/p>\n<p><span style=\"font-weight: 400;\">V\u0161etky f\u013ea\u0161e, ktor\u00e9 boli poruke, sme naplnili vodou, iontov\u00fdm n\u00e1pojom a elektrolytami a nabalili ich do vaku so slovami: <em>\u201ePodaj n\u00e1m v\u0161etko, \u010do bude\u0161 m\u00f4c\u0165.\u201c<\/em> Katka sa zbalila a pomaly vyrazila ku Sk\u00fdcovu na ofici\u00e1lny bufet.<\/span><\/p>\n<p><img loading=\"lazy\" decoding=\"async\" class=\"alignnone wp-image-19625 size-full\" src=\"https:\/\/d2p6e6u75xmxt8.cloudfront.net\/4\/2024\/09\/selekt_mtbskoda_topolcianky_7.webp\" alt=\"\u0160KODA BIKE OPEN TOUR Topo\u013e\u010dianky\" width=\"990\" height=\"660\" srcset=\"https:\/\/d2p6e6u75xmxt8.cloudfront.net\/4\/2024\/09\/selekt_mtbskoda_topolcianky_7.webp 990w, https:\/\/d2p6e6u75xmxt8.cloudfront.net\/4\/2024\/09\/selekt_mtbskoda_topolcianky_7-300x200.webp 300w, https:\/\/d2p6e6u75xmxt8.cloudfront.net\/4\/2024\/09\/selekt_mtbskoda_topolcianky_7-768x512.webp 768w, https:\/\/d2p6e6u75xmxt8.cloudfront.net\/4\/2024\/09\/selekt_mtbskoda_topolcianky_7-400x267.webp 400w, https:\/\/d2p6e6u75xmxt8.cloudfront.net\/4\/2024\/09\/selekt_mtbskoda_topolcianky_7-272x182.webp 272w\" sizes=\"auto, (max-width: 990px) 100vw, 990px\" \/><\/p>\n<h2><strong>\u0160tart<\/strong><\/h2>\n<p><span style=\"font-weight: 400;\">O 9:55 hod. sme sa zoradili na \u0161tartovej \u010diare. Vypo\u010duli sme si p\u00e1r motiva\u010dn\u00fdch viet od organiz\u00e1torov a autorov trate a <strong>boli sme pripraven\u00ed vyrazi\u0165 na dlh\u00fa tra\u0165: 66 kilometrov a 1600 v\u00fd\u0161kov\u00fdch metrov.<\/strong> \u0160tartov\u00fd v\u00fdstrel zaznel presne o 10:00 hod. a za\u010dalo sa dupa\u0165. Pretek\u00e1ri z prv\u00fdch radov vy\u0161tartovali za sprievodn\u00fdm vozidlom a nastal boj o poz\u00edcie.<\/span><\/p>\n<p><span style=\"font-weight: 400;\">Prv\u00fdch zop\u00e1r kilometrov vedie do mierneho st\u00fapania po asfaltke, po ktorom sa vch\u00e1dza do les\u00edka na \u00fazky singletrack. Favoriti na celkov\u00e9 poradie nechceli necha\u0165 ni\u010d na n\u00e1hodu a u\u017e od prv\u00e9ho mo\u017en\u00e9ho momentu nasadili tvrd\u00e9 tempo, ktor\u00e9 natiahlo bal\u00edk do jedn\u00e9ho dlh\u00e9ho had\u00edka. Ten za\u010dal na 800-metrovom a 3-percentnom st\u00fapan\u00ed pod \u0165archou tvrd\u00e9ho tempa na viacer\u00fdch miestach <\/span><span style=\"font-weight: 400;\">\u201e<\/span><span style=\"font-weight: 400;\">praska\u0165\u201c.<\/span><\/p>\n<p><img loading=\"lazy\" decoding=\"async\" class=\"alignnone size-full wp-image-19626\" src=\"https:\/\/d2p6e6u75xmxt8.cloudfront.net\/4\/2024\/09\/selekt_mtbskoda_topolcianky_12.webp\" alt=\"\" width=\"990\" height=\"660\" srcset=\"https:\/\/d2p6e6u75xmxt8.cloudfront.net\/4\/2024\/09\/selekt_mtbskoda_topolcianky_12.webp 990w, https:\/\/d2p6e6u75xmxt8.cloudfront.net\/4\/2024\/09\/selekt_mtbskoda_topolcianky_12-300x200.webp 300w, https:\/\/d2p6e6u75xmxt8.cloudfront.net\/4\/2024\/09\/selekt_mtbskoda_topolcianky_12-768x512.webp 768w, https:\/\/d2p6e6u75xmxt8.cloudfront.net\/4\/2024\/09\/selekt_mtbskoda_topolcianky_12-400x267.webp 400w, https:\/\/d2p6e6u75xmxt8.cloudfront.net\/4\/2024\/09\/selekt_mtbskoda_topolcianky_12-272x182.webp 272w\" sizes=\"auto, (max-width: 990px) 100vw, 990px\" \/><\/p>\n<p><span style=\"font-weight: 400;\">Z asfaltky sme vo\u0161li do prvej lesnej pas\u00e1\u017ee na \u00fazky pra\u0161n\u00fd singletrack a spod kolies sa v momente dvihla \u017elto-hned\u00e1 clona. Presvitaj\u00face slnko cez stromy v kombin\u00e1cii so zv\u00edren\u00fdm prachom a siluetami pretek\u00e1rov tvorili \u00fa\u017easn\u00e9 obrazy. <strong>Spoten\u00e9 tv\u00e1re, nohy a ruky na seba lepili sadaj\u00faci prach a po v\u00fdjazde z lesa na druh\u00fa asfaltov\u00fa pas\u00e1\u017e sme takmer v\u0161etci vyzerali ako ban\u00edci.<\/strong>\u00a0\u00a0<\/span><\/p>\n<p><img loading=\"lazy\" decoding=\"async\" class=\"alignnone wp-image-19627 size-full\" src=\"https:\/\/d2p6e6u75xmxt8.cloudfront.net\/4\/2024\/09\/selekt_mtbskoda_topolcianky_16.webp\" alt=\"Topo\u013e\u010dianky\" width=\"990\" height=\"660\" srcset=\"https:\/\/d2p6e6u75xmxt8.cloudfront.net\/4\/2024\/09\/selekt_mtbskoda_topolcianky_16.webp 990w, https:\/\/d2p6e6u75xmxt8.cloudfront.net\/4\/2024\/09\/selekt_mtbskoda_topolcianky_16-300x200.webp 300w, https:\/\/d2p6e6u75xmxt8.cloudfront.net\/4\/2024\/09\/selekt_mtbskoda_topolcianky_16-768x512.webp 768w, https:\/\/d2p6e6u75xmxt8.cloudfront.net\/4\/2024\/09\/selekt_mtbskoda_topolcianky_16-400x267.webp 400w, https:\/\/d2p6e6u75xmxt8.cloudfront.net\/4\/2024\/09\/selekt_mtbskoda_topolcianky_16-272x182.webp 272w\" sizes=\"auto, (max-width: 990px) 100vw, 990px\" \/><\/p>\n<h2><strong>Teplota st\u00fapa<\/strong><\/h2>\n<p><span style=\"font-weight: 400;\">Favoriti na celkov\u00e9 poradie sa oddelili a tempo sa trochu upokojilo. Na druhej asfaltovej \u010dasti sme mali \u010das jedn\u00fdm okom sa pozrie\u0165 na cyklopo\u010d\u00edta\u010d a nar\u00fdchlo zanalyzova\u0165 prv\u00fdch 8 kilometrov. <strong>D\u00e1ta boli ne\u00faprosn\u00e9 \u2013 teplota 30 \u00b0C a priemern\u00e1 r\u00fdchlos\u0165 tesne pod 30 km\/h.<\/strong> Po 2 kilometroch sme sa dostali do st\u00fapania pod hrad Hru\u0161ov. Na vrchole je v prvom kole vyp\u00edsan\u00e1 horsk\u00e1 pr\u00e9mia o Kr\u00e1\u013ea a Kr\u00e1\u013eovn\u00fa hradu Hru\u0161ov.<\/span><\/p>\n<p><span style=\"font-weight: 400;\">Je to naozaj strm\u00e9 st\u00fapanie, ktor\u00e9 u\u017e len vy\u0161liapa\u0165 bez zosadnutia je \u00faspech. Favoriti, \u013dubom\u00edr Mur\u00e1rik z WLRMcc a Tom\u00e1\u0161 Vi\u0161novsk\u00fd z BEATME sa ponah\u00e1\u0148ali o pr\u00e9miu, ktor\u00fa si nakoniec odniesol Tom\u00e1\u0161 Vi\u0161\u0148ovsk\u00fd. Okolostojaci div\u00e1ci horlivo povzbudzovali a motivovali ka\u017ed\u00e9ho pretek\u00e1ra, aj t\u00fdch pomal\u0161\u00edch, aby zo seba dali to najlep\u0161ie a vy\u0161li na vrch bez zosadnutia.<\/span><\/p>\n<p><img loading=\"lazy\" decoding=\"async\" class=\"alignnone size-full wp-image-19628\" src=\"https:\/\/d2p6e6u75xmxt8.cloudfront.net\/4\/2024\/09\/selekt_mtbskoda_topolcianky_21.webp\" alt=\"\" width=\"990\" height=\"660\" srcset=\"https:\/\/d2p6e6u75xmxt8.cloudfront.net\/4\/2024\/09\/selekt_mtbskoda_topolcianky_21.webp 990w, https:\/\/d2p6e6u75xmxt8.cloudfront.net\/4\/2024\/09\/selekt_mtbskoda_topolcianky_21-300x200.webp 300w, https:\/\/d2p6e6u75xmxt8.cloudfront.net\/4\/2024\/09\/selekt_mtbskoda_topolcianky_21-768x512.webp 768w, https:\/\/d2p6e6u75xmxt8.cloudfront.net\/4\/2024\/09\/selekt_mtbskoda_topolcianky_21-400x267.webp 400w, https:\/\/d2p6e6u75xmxt8.cloudfront.net\/4\/2024\/09\/selekt_mtbskoda_topolcianky_21-272x182.webp 272w\" sizes=\"auto, (max-width: 990px) 100vw, 990px\" \/><\/p>\n<p><span style=\"font-weight: 400;\">Z Hru\u0161ova vedie tra\u0165 zvlnen\u00fdm transferom po l\u00fakach ku Sk\u00fdcovu a okolo vrchu Kruh sa to\u010d\u00ed smerom na Topo\u013e\u010dianky. Na L\u00fakach pod Kruhom bol prv\u00fd bufet. Ten sme v prvom kole v\u0161etci presvi\u0161\u0165ali a zjazdovali sp\u00e4\u0165 na Topo\u013e\u010dianky. Na \u0161irokej zv\u00e1\u017enici aj na \u00fazkych trailoch sa n\u00e1m spod kolies op\u00e4\u0165 dv\u00edhal prach a na tele vytv\u00e1ral \u010fal\u0161ie a \u010fal\u0161ie mikro vrstvy blata.<\/span><\/p>\n<p><span style=\"font-weight: 400;\"><strong>Dlh\u00e1 tra\u0165 je postaven\u00e1 ako dve kol\u00e1, ktor\u00e9 sa v prvej, asi 15-kilometrovej \u010dasti, prekr\u00fdvaj\u00fa.<\/strong> Prv\u00e9 kolo je krat\u0161ie a st\u00fapan\u00edm \u013eah\u0161ie. M\u00e1 24 km a nast\u00fapa sa v \u0148om okolo 450 m, druh\u00e9 kolo u\u017e m\u00e1 42 km a 1150 v\u00fd\u0161kov\u00fdch metrov.<\/span><\/p>\n<p><img loading=\"lazy\" decoding=\"async\" class=\"alignnone size-full wp-image-19629\" src=\"https:\/\/d2p6e6u75xmxt8.cloudfront.net\/4\/2024\/09\/selekt_mtbskoda_topolcianky_25.webp\" alt=\"\" width=\"990\" height=\"660\" srcset=\"https:\/\/d2p6e6u75xmxt8.cloudfront.net\/4\/2024\/09\/selekt_mtbskoda_topolcianky_25.webp 990w, https:\/\/d2p6e6u75xmxt8.cloudfront.net\/4\/2024\/09\/selekt_mtbskoda_topolcianky_25-300x200.webp 300w, https:\/\/d2p6e6u75xmxt8.cloudfront.net\/4\/2024\/09\/selekt_mtbskoda_topolcianky_25-768x512.webp 768w, https:\/\/d2p6e6u75xmxt8.cloudfront.net\/4\/2024\/09\/selekt_mtbskoda_topolcianky_25-400x267.webp 400w, https:\/\/d2p6e6u75xmxt8.cloudfront.net\/4\/2024\/09\/selekt_mtbskoda_topolcianky_25-272x182.webp 272w\" sizes=\"auto, (max-width: 990px) 100vw, 990px\" \/><\/p>\n<h2><strong>Druh\u00e9 kolo<\/strong><\/h2>\n<p><span style=\"font-weight: 400;\">Po zjazde k Topo\u013e\u010diankam sa pretek\u00e1ri z dlhej trate napoja do druh\u00e9ho kola a op\u00e4\u0165 absolvuj\u00fa st\u00fapanie na hrad Hru\u0161ov. S odstupom \u010dasu p\u00e1r dn\u00ed je zauj\u00edmav\u00e9 aj z\u00e1bavn\u00e9 pozera\u0165 si a porovn\u00e1va\u0165 svoje fotky z prv\u00e9ho a druh\u00e9ho kola. <strong>Z v\u00fdrazov v tv\u00e1rach pretek\u00e1rov je jasn\u00e9, \u017ee to nebolo zadarmo.<\/strong> Osobne som bol po druhom v\u00fd\u0161\u013eape na hrad Hru\u0161ov ve\u013emi r\u00e1d, \u017ee u\u017e tento ostr\u00fd kopec nebudem musie\u0165 absolvova\u0165. Ale\u2026<\/span><\/p>\n<p><span style=\"font-weight: 400;\">Ale hne\u010f ako som sa vy\u0161plhal pod hrad, som si spomenul na rozhovor s \u013dubom Mur\u00e1rikom pred \u0161tartom. P\u00fdtal som sa ho na profil trate a \u010do m\u00e1m o\u010dak\u00e1va\u0165. Povedal mi: <em>\u201ePrv\u00e9 kolo je \u013eahu\u010dk\u00e9 a v druhom s\u00fa tak\u00e9 strm\u00e9 stojky a otvoren\u00e9 pas\u00e1\u017ee na slnku, dnes to asi bude v\u00fd\u017eivn\u00e9.\u201c<\/em> V tom momente som si spomenul, ak\u00e9 \u201e\u013eahu\u010dk\u00e9\u201c kolo som pr\u00e1ve absolvoval a rad\u0161ej som sa poriadne napil z bidonu.<\/span><\/p>\n<p><span style=\"font-weight: 400;\">V tom teple som mal u\u017e aj druh\u00fd bidon takmer vypit\u00fd a do bufetu to boli e\u0161te asi 4 kilometre. <strong>Prejazdom po otvoren\u00fdch l\u00fakach okolo Kruhu som vy\u017em\u00fdkal aj posledn\u00fa kvapku z f\u013ea\u0161e a posledn\u00fd kilometer som preh\u013atal napr\u00e1zdno. Neostali mi u\u017e ani sliny.<\/strong> Z l\u00faky sme zozjazdovali k bufetu, Katka podala dva pln\u00e9 bidony a ja som sa vrhol aj na ofici\u00e1lnu ob\u010derstvova\u010dku a vypil, \u010do len telo zvl\u00e1dlo.<\/span><\/p>\n<p><img loading=\"lazy\" decoding=\"async\" class=\"alignnone wp-image-19630 size-full\" src=\"https:\/\/d2p6e6u75xmxt8.cloudfront.net\/4\/2024\/09\/selekt_mtbskoda_topolcianky_24.webp\" alt=\"\u0160KODA BIKE OPEN TOUR Topo\u013e\u010dianky\" width=\"990\" height=\"660\" srcset=\"https:\/\/d2p6e6u75xmxt8.cloudfront.net\/4\/2024\/09\/selekt_mtbskoda_topolcianky_24.webp 990w, https:\/\/d2p6e6u75xmxt8.cloudfront.net\/4\/2024\/09\/selekt_mtbskoda_topolcianky_24-300x200.webp 300w, https:\/\/d2p6e6u75xmxt8.cloudfront.net\/4\/2024\/09\/selekt_mtbskoda_topolcianky_24-768x512.webp 768w, https:\/\/d2p6e6u75xmxt8.cloudfront.net\/4\/2024\/09\/selekt_mtbskoda_topolcianky_24-400x267.webp 400w, https:\/\/d2p6e6u75xmxt8.cloudfront.net\/4\/2024\/09\/selekt_mtbskoda_topolcianky_24-272x182.webp 272w\" sizes=\"auto, (max-width: 990px) 100vw, 990px\" \/><\/p>\n<h2><strong>Prer\u00e1tan\u00e9 a pod\u010diarknut\u00e9 \u2013 v takomto teple vypi v\u0161etko, \u010do sa d\u00e1<\/strong><\/h2>\n<p><span style=\"font-weight: 400;\">Po bufete som nasadol na bike a pustil sa \u010falej do druh\u00e9ho okruhu. Op\u00e4\u0165 dlh\u00fd zjazd a na\u0161\u0165astie v tieni. Zasl\u00fa\u017een\u00fd oddych v zjazde a po \u0148om n\u00e1s komis\u00e1r na trati odklonil do druh\u00e9ho okruhu. Pre m\u0148a do nezn\u00e1mej \u010dasti a hne\u010f <strong>do dlh\u00e9ho st\u00fapania, ktor\u00e9 sa po \u201edvoch \u013eahk\u00fdch kilometroch\u201c dvihli a \u010fal\u0161\u00edch 13 kilometrov st\u00fapania pekne zapekalo nielen telo a stehn\u00e1, ale u\u017e aj mor\u00e1lku.<\/strong>\u00a0<\/span><\/p>\n<p><span style=\"font-weight: 400;\">V st\u00fapan\u00ed n\u00e1m na chrb\u00e1t za\u010dala d\u00fdcha\u0165 skupina pretek\u00e1rov zo strednej trate. <strong>Chalanov a\u0161piruj\u00facich na TOP 5 sme pustili pred seba, aby sme sa zbyto\u010dne nezamotali.<\/strong> Posledn\u00e9 kilometre dlh\u00e9ho st\u00fapania viedli po otvorenej lesnej ceste bez tie\u0148a a na chrbty p\u00e1lilo ostr\u00e9 polud\u0148aj\u0161ie slnko. Na\u0161\u0165astie n\u00e1s tesne pred z\u00e1vere\u010dn\u00fdm ostr\u00fdm z\u00e1verom k dvojkr\u00ed\u017eu \u010dakal posledn\u00fd bufet a mo\u017enos\u0165 doplni\u0165 si do flia\u0161 vodu a ion\u0165\u00e1ky.<\/span><\/p>\n<h2><strong>Rada nad zlato, ktor\u00e1 sa bude opakova\u0165 &#8211; v takomto teple vypi v\u0161etko, \u010do sa d\u00e1<\/strong><\/h2>\n<p><span style=\"font-weight: 400;\">Strm\u00e1\u010dik na dvojkr\u00ed\u017e a za n\u00edm trate za odmenu. V\u0161etko, \u010do sme si dovtedy vydreli, n\u00e1m v dobrom oplatila tra\u0165, ktor\u00e1 nasledovala \u010falej. Na 20-tich kilometroch sa striedali \u00fazke technick\u00e9 traily s r\u00fdchlymi prejazdov\u00fdmi singl\u00e1\u010dmi, ktor\u00e9 \u00faplne vymazali v\u0161etky dovtedy nazbieran\u00e9 pocity vy\u010derpania.\u00a0<\/span><\/p>\n<p><span style=\"font-weight: 400;\">To\u010div\u00e9 a hrav\u00e9 pas\u00e1\u017ee striedali v\u00fd\u0161\u013eapy kryt\u00e9 v tieni, na ktor\u00fdch sa dalo aj obieha\u0165. V t\u00fdchto momentoch n\u00e1s dobiehali TOP 15 pretek\u00e1ri na kr\u00e1tkej trati a bolo ve\u013emi c\u00edti\u0165 a vidie\u0165, kto sa vytr\u00e1pil na dlhej a kto ide tempo na strednej d\u013a\u017eke. V\u0161etk\u00fdch sme pustili hne\u010f, ako to \u0161lo.<\/span><\/p>\n<p><span style=\"font-weight: 400;\"><img loading=\"lazy\" decoding=\"async\" class=\"alignnone size-full wp-image-19631\" src=\"https:\/\/d2p6e6u75xmxt8.cloudfront.net\/4\/2024\/09\/selekt_mtbskoda_topolcianky_00.webp\" alt=\"\" width=\"990\" height=\"660\" srcset=\"https:\/\/d2p6e6u75xmxt8.cloudfront.net\/4\/2024\/09\/selekt_mtbskoda_topolcianky_00.webp 990w, https:\/\/d2p6e6u75xmxt8.cloudfront.net\/4\/2024\/09\/selekt_mtbskoda_topolcianky_00-300x200.webp 300w, https:\/\/d2p6e6u75xmxt8.cloudfront.net\/4\/2024\/09\/selekt_mtbskoda_topolcianky_00-768x512.webp 768w, https:\/\/d2p6e6u75xmxt8.cloudfront.net\/4\/2024\/09\/selekt_mtbskoda_topolcianky_00-400x267.webp 400w, https:\/\/d2p6e6u75xmxt8.cloudfront.net\/4\/2024\/09\/selekt_mtbskoda_topolcianky_00-272x182.webp 272w\" sizes=\"auto, (max-width: 990px) 100vw, 990px\" \/><\/span><\/p>\n<p><span style=\"font-weight: 400;\"><strong>Singl\u00e1\u010dov\u00e9 a trailov\u00e9 prejazdy a zjazdy do dediny Hostie pod\u010diarkli to, \u010do organiz\u00e1tor s\u013euboval \u2013 kr\u00e1snu, hrav\u00fa, ale technick\u00fa tra\u0165.<\/strong> Z dediny sme vy\u0161liapali na posledn\u00fa l\u00faku, vo\u0161li do posledn\u00e9ho singletrailu, pre\u0161li posledn\u00fd potok a pustili sa do posledn\u00e9ho kilometra. Po prejazde cie\u013eov\u00fdm obl\u00fakom som si vyd\u00fdchol a pote\u0161il sa, \u017ee som v cieli. Celkovo 22. miesto a priemerka nie\u010do cez 20 km\/h splnila moje o\u010dak\u00e1vania.<\/span><\/p>\n<div id='gallery-1' class='gallery galleryid-19622 gallery-columns-2 gallery-size-full'><figure class='gallery-item'>\n\t\t\t<div class='gallery-icon landscape'>\n\t\t\t\t<a href='https:\/\/d2p6e6u75xmxt8.cloudfront.net\/4\/2024\/09\/selekt_mtbskoda_topolcianky_01.webp'><img loading=\"lazy\" decoding=\"async\" width=\"990\" height=\"660\" src=\"https:\/\/d2p6e6u75xmxt8.cloudfront.net\/4\/2024\/09\/selekt_mtbskoda_topolcianky_01.webp\" class=\"attachment-full size-full\" alt=\"\u0160KODA BIKE OPEN TOUR Topo\u013e\u010dianky\" srcset=\"https:\/\/d2p6e6u75xmxt8.cloudfront.net\/4\/2024\/09\/selekt_mtbskoda_topolcianky_01.webp 990w, https:\/\/d2p6e6u75xmxt8.cloudfront.net\/4\/2024\/09\/selekt_mtbskoda_topolcianky_01-300x200.webp 300w, https:\/\/d2p6e6u75xmxt8.cloudfront.net\/4\/2024\/09\/selekt_mtbskoda_topolcianky_01-768x512.webp 768w, https:\/\/d2p6e6u75xmxt8.cloudfront.net\/4\/2024\/09\/selekt_mtbskoda_topolcianky_01-400x267.webp 400w, https:\/\/d2p6e6u75xmxt8.cloudfront.net\/4\/2024\/09\/selekt_mtbskoda_topolcianky_01-272x182.webp 272w\" sizes=\"auto, (max-width: 990px) 100vw, 990px\" \/><\/a>\n\t\t\t<\/div><\/figure><figure class='gallery-item'>\n\t\t\t<div class='gallery-icon landscape'>\n\t\t\t\t<a href='https:\/\/d2p6e6u75xmxt8.cloudfront.net\/4\/2024\/09\/selekt_mtbskoda_topolcianky_02.webp'><img loading=\"lazy\" decoding=\"async\" width=\"990\" height=\"660\" src=\"https:\/\/d2p6e6u75xmxt8.cloudfront.net\/4\/2024\/09\/selekt_mtbskoda_topolcianky_02.webp\" class=\"attachment-full size-full\" alt=\"\" srcset=\"https:\/\/d2p6e6u75xmxt8.cloudfront.net\/4\/2024\/09\/selekt_mtbskoda_topolcianky_02.webp 990w, https:\/\/d2p6e6u75xmxt8.cloudfront.net\/4\/2024\/09\/selekt_mtbskoda_topolcianky_02-300x200.webp 300w, https:\/\/d2p6e6u75xmxt8.cloudfront.net\/4\/2024\/09\/selekt_mtbskoda_topolcianky_02-768x512.webp 768w, https:\/\/d2p6e6u75xmxt8.cloudfront.net\/4\/2024\/09\/selekt_mtbskoda_topolcianky_02-400x267.webp 400w, https:\/\/d2p6e6u75xmxt8.cloudfront.net\/4\/2024\/09\/selekt_mtbskoda_topolcianky_02-272x182.webp 272w\" sizes=\"auto, (max-width: 990px) 100vw, 990px\" \/><\/a>\n\t\t\t<\/div><\/figure>\n\t\t<\/div>\n\n<h2><strong>V\u00fdsledky<\/strong><\/h2>\n<p><span style=\"font-weight: 400;\">Celkovo preteky na dlhej trati vyhral <strong>Tom\u00e1\u0161 Vi\u0161\u0148ovsk\u00fd <\/strong>s \u010dasom 2:38:41. N\u00e1\u0161 <strong>\u013dubom\u00edr Mur\u00e1rik<\/strong> sa umiestnil hne\u010f za n\u00edm so stratou 2 min\u00faty.<\/span><\/p>\n<p><span style=\"font-weight: 400;\">D\u00e1msku kateg\u00f3riu ovl\u00e1dla <strong>Janka Keseg \u0160tevkov\u00e1 <\/strong>s \u010dasom 3:16:21, hne\u010f za \u0148ou skon\u010dila jej t\u00edmov\u00e1 kolegy\u0148a <strong>Martina Krahulcov\u00e1<\/strong> a na bronzovej prie\u010dke sa umiestnila na\u0161a <strong>Bianka Baba\u010dov\u00e1<\/strong>.<\/span><\/p>\n<div id='gallery-2' class='gallery galleryid-19622 gallery-columns-2 gallery-size-full'><figure class='gallery-item'>\n\t\t\t<div class='gallery-icon landscape'>\n\t\t\t\t<a href='https:\/\/d2p6e6u75xmxt8.cloudfront.net\/4\/2024\/09\/selekt_mtbskoda_topolcianky_03.webp'><img loading=\"lazy\" decoding=\"async\" width=\"990\" height=\"660\" src=\"https:\/\/d2p6e6u75xmxt8.cloudfront.net\/4\/2024\/09\/selekt_mtbskoda_topolcianky_03.webp\" class=\"attachment-full size-full\" alt=\"\" srcset=\"https:\/\/d2p6e6u75xmxt8.cloudfront.net\/4\/2024\/09\/selekt_mtbskoda_topolcianky_03.webp 990w, https:\/\/d2p6e6u75xmxt8.cloudfront.net\/4\/2024\/09\/selekt_mtbskoda_topolcianky_03-300x200.webp 300w, https:\/\/d2p6e6u75xmxt8.cloudfront.net\/4\/2024\/09\/selekt_mtbskoda_topolcianky_03-768x512.webp 768w, https:\/\/d2p6e6u75xmxt8.cloudfront.net\/4\/2024\/09\/selekt_mtbskoda_topolcianky_03-400x267.webp 400w, https:\/\/d2p6e6u75xmxt8.cloudfront.net\/4\/2024\/09\/selekt_mtbskoda_topolcianky_03-272x182.webp 272w\" sizes=\"auto, (max-width: 990px) 100vw, 990px\" \/><\/a>\n\t\t\t<\/div><\/figure><figure class='gallery-item'>\n\t\t\t<div class='gallery-icon landscape'>\n\t\t\t\t<a href='https:\/\/d2p6e6u75xmxt8.cloudfront.net\/4\/2024\/09\/selekt_mtbskoda_topolcianky_04.webp'><img loading=\"lazy\" decoding=\"async\" width=\"990\" height=\"660\" src=\"https:\/\/d2p6e6u75xmxt8.cloudfront.net\/4\/2024\/09\/selekt_mtbskoda_topolcianky_04.webp\" class=\"attachment-full size-full\" alt=\"\u0160KODA BIKE OPEN TOUR v Topo\u013e\u010diankach 2024\" srcset=\"https:\/\/d2p6e6u75xmxt8.cloudfront.net\/4\/2024\/09\/selekt_mtbskoda_topolcianky_04.webp 990w, https:\/\/d2p6e6u75xmxt8.cloudfront.net\/4\/2024\/09\/selekt_mtbskoda_topolcianky_04-300x200.webp 300w, https:\/\/d2p6e6u75xmxt8.cloudfront.net\/4\/2024\/09\/selekt_mtbskoda_topolcianky_04-768x512.webp 768w, https:\/\/d2p6e6u75xmxt8.cloudfront.net\/4\/2024\/09\/selekt_mtbskoda_topolcianky_04-400x267.webp 400w, https:\/\/d2p6e6u75xmxt8.cloudfront.net\/4\/2024\/09\/selekt_mtbskoda_topolcianky_04-272x182.webp 272w\" sizes=\"auto, (max-width: 990px) 100vw, 990px\" \/><\/a>\n\t\t\t<\/div><\/figure>\n\t\t<\/div>\n\n<p><span style=\"font-weight: 400;\">Stredn\u00fa tra\u0165 vyhral s \u010dasom 2:07:00 <strong>R\u00f3bert Navr\u00e1til<\/strong> a d\u00e1msku kateg\u00f3riu vyhrala <strong>Slavom\u00edra Uli\u010dn\u00e1<\/strong> s \u010dasom 2:42:56<\/span><\/p>\n<p><span style=\"font-weight: 400;\">Preteky na kr\u00e1tkej trati vyhral celkovo dom\u00e1ci pretek\u00e1r, kadet <strong>Milan H\u00fasenica<\/strong> v bleskovom \u010dase 49 min\u00fat a v d\u00e1mskej kateg\u00f3rii ovl\u00e1dla preteky kadetka <strong>Miriam \u0160ichtov\u00e1<\/strong>.<\/span><\/p>\n<p><span style=\"font-weight: 400;\">Preteky v Topo\u013e\u010diankach boli \u00fa\u017easn\u00e9. Skvel\u00fd t\u00edm organiz\u00e1torov, partnerov a sponzorov podujatia pripravil pre \u00fa\u010dastn\u00edkov nezabudnute\u013en\u00fd de\u0148. <strong>Vytr\u00e1pili sme sa, ale te\u0161\u00edme sa na to, ako pr\u00eddeme o rok sp\u00e4\u0165.<\/strong><\/span><\/p>\n<p><span style=\"font-weight: 400;\">Zdroj foto: Peter Regec, arch\u00edv WLRMcc<\/span><\/p>\n","protected":false},"excerpt":{"rendered":"<p>Piate kolo ob\u013e\u00fabenej s\u00e9rie \u0160KODA BIKE OPEN TOUR v Topo\u013e\u010diankach preverilo ka\u017ed\u00e9ho, kto sa postavil na \u0161tart.<\/p>\n","protected":false},"author":172,"featured_media":19623,"comment_status":"open","ping_status":"open","sticky":false,"template":"","format":"standard","meta":{"footnotes":""},"categories":[38,33],"tags":[180,566,178,412,931,37,179,39,1615,542,35],"global-categories":[1074],"class_list":["post-19622","post","type-post","status-publish","format-standard","has-post-thumbnail","hentry","category-reportaz","category-sbot","tag-horska-cyklistika","tag-leto","tag-maraton","tag-mtb","tag-odporucame","tag-podujatia","tag-preteky","tag-reportaz","tag-sezona-2024","tag-skoda","tag-sbot","global-categories-cycling"],"yoast_head":"<!-- This site is optimized with the Yoast SEO Premium plugin v25.3 (Yoast SEO v25.9) - https:\/\/yoast.com\/wordpress\/plugins\/seo\/ -->\n<title>Report\u00e1\u017e: \u0160koda MTB Cyklomarat\u00f3n Topo\u013e\u010dianky \u2013 hrav\u00e9 a technick\u00e9 jazdenie v extr\u00e9mnych teplot\u00e1ch<\/title>\n<meta name=\"description\" content=\"Piate kolo ob\u013e\u00fabenej s\u00e9rie \u0160KODA BIKE OPEN TOUR v Topo\u013e\u010diankach preverilo ka\u017ed\u00e9ho, kto sa postavil na \u0161tart.\" \/>\n<meta name=\"robots\" content=\"index, follow, max-snippet:-1, max-image-preview:large, max-video-preview:-1\" \/>\n<link rel=\"canonical\" href=\"https:\/\/www.welovecycling.com\/sk\/2024\/09\/03\/reportaz-skoda-mtb-cyklomaraton-topolcianky-hrave-a-technicke-jazdenie-v-extremnych-teplotach\/\" \/>\n<meta property=\"og:locale\" content=\"sk_SK\" \/>\n<meta property=\"og:type\" content=\"article\" \/>\n<meta property=\"og:title\" content=\"Report\u00e1\u017e: \u0160koda MTB Cyklomarat\u00f3n Topo\u013e\u010dianky \u2013 hrav\u00e9 a technick\u00e9 jazdenie v extr\u00e9mnych teplot\u00e1ch\" \/>\n<meta property=\"og:description\" content=\"Piate kolo ob\u013e\u00fabenej s\u00e9rie \u0160KODA BIKE OPEN TOUR v Topo\u013e\u010diankach preverilo ka\u017ed\u00e9ho, kto sa postavil na \u0161tart.\" \/>\n<meta property=\"og:url\" content=\"https:\/\/www.welovecycling.com\/sk\/2024\/09\/03\/reportaz-skoda-mtb-cyklomaraton-topolcianky-hrave-a-technicke-jazdenie-v-extremnych-teplotach\/\" \/>\n<meta property=\"og:site_name\" content=\"\u0160koda We Love Cycling Slovensko\" \/>\n<meta property=\"article:published_time\" content=\"2024-09-03T13:00:38+00:00\" \/>\n<meta property=\"og:image\" content=\"https:\/\/d2p6e6u75xmxt8.cloudfront.net\/4\/2024\/09\/selekt_mtbskoda_topolcianky_8.webp\" \/>\n\t<meta property=\"og:image:width\" content=\"990\" \/>\n\t<meta property=\"og:image:height\" content=\"660\" \/>\n\t<meta property=\"og:image:type\" content=\"image\/webp\" \/>\n<meta name=\"author\" content=\"dominika\" \/>\n<meta name=\"twitter:card\" content=\"summary_large_image\" \/>\n<meta name=\"twitter:label1\" content=\"Written by\" \/>\n\t<meta name=\"twitter:data1\" content=\"Mat\u00fa\u0161 Guzy a WLRMcc\" \/>\n\t<meta name=\"twitter:label2\" content=\"Est. reading time\" \/>\n\t<meta name=\"twitter:data2\" content=\"7\" \/>\n<script type=\"application\/ld+json\" class=\"yoast-schema-graph\">{\"@context\":\"https:\/\/schema.org\",\"@graph\":[{\"@type\":\"WebPage\",\"@id\":\"https:\/\/www.welovecycling.com\/sk\/2024\/09\/03\/reportaz-skoda-mtb-cyklomaraton-topolcianky-hrave-a-technicke-jazdenie-v-extremnych-teplotach\/\",\"url\":\"https:\/\/www.welovecycling.com\/sk\/2024\/09\/03\/reportaz-skoda-mtb-cyklomaraton-topolcianky-hrave-a-technicke-jazdenie-v-extremnych-teplotach\/\",\"name\":\"Report\u00e1\u017e: \u0160koda MTB Cyklomarat\u00f3n Topo\u013e\u010dianky \u2013 hrav\u00e9 a technick\u00e9 jazdenie v extr\u00e9mnych teplot\u00e1ch\",\"isPartOf\":{\"@id\":\"https:\/\/www.welovecycling.com\/sk\/#website\"},\"primaryImageOfPage\":{\"@id\":\"https:\/\/www.welovecycling.com\/sk\/2024\/09\/03\/reportaz-skoda-mtb-cyklomaraton-topolcianky-hrave-a-technicke-jazdenie-v-extremnych-teplotach\/#primaryimage\"},\"image\":{\"@id\":\"https:\/\/www.welovecycling.com\/sk\/2024\/09\/03\/reportaz-skoda-mtb-cyklomaraton-topolcianky-hrave-a-technicke-jazdenie-v-extremnych-teplotach\/#primaryimage\"},\"thumbnailUrl\":\"https:\/\/d2p6e6u75xmxt8.cloudfront.net\/4\/2024\/09\/selekt_mtbskoda_topolcianky_8.webp\",\"datePublished\":\"2024-09-03T13:00:38+00:00\",\"author\":{\"@id\":\"https:\/\/www.welovecycling.com\/sk\/#\/schema\/person\/533b62b98b6c41bd5135ebfb1f742624\"},\"description\":\"Piate kolo ob\u013e\u00fabenej s\u00e9rie \u0160KODA BIKE OPEN TOUR v Topo\u013e\u010diankach preverilo ka\u017ed\u00e9ho, kto sa postavil na \u0161tart.\",\"breadcrumb\":{\"@id\":\"https:\/\/www.welovecycling.com\/sk\/2024\/09\/03\/reportaz-skoda-mtb-cyklomaraton-topolcianky-hrave-a-technicke-jazdenie-v-extremnych-teplotach\/#breadcrumb\"},\"inLanguage\":\"sk-SK\",\"potentialAction\":[{\"@type\":\"ReadAction\",\"target\":[\"https:\/\/www.welovecycling.com\/sk\/2024\/09\/03\/reportaz-skoda-mtb-cyklomaraton-topolcianky-hrave-a-technicke-jazdenie-v-extremnych-teplotach\/\"]}]},{\"@type\":\"ImageObject\",\"inLanguage\":\"sk-SK\",\"@id\":\"https:\/\/www.welovecycling.com\/sk\/2024\/09\/03\/reportaz-skoda-mtb-cyklomaraton-topolcianky-hrave-a-technicke-jazdenie-v-extremnych-teplotach\/#primaryimage\",\"url\":\"https:\/\/d2p6e6u75xmxt8.cloudfront.net\/4\/2024\/09\/selekt_mtbskoda_topolcianky_8.webp\",\"contentUrl\":\"https:\/\/d2p6e6u75xmxt8.cloudfront.net\/4\/2024\/09\/selekt_mtbskoda_topolcianky_8.webp\",\"width\":990,\"height\":660},{\"@type\":\"BreadcrumbList\",\"@id\":\"https:\/\/www.welovecycling.com\/sk\/2024\/09\/03\/reportaz-skoda-mtb-cyklomaraton-topolcianky-hrave-a-technicke-jazdenie-v-extremnych-teplotach\/#breadcrumb\",\"itemListElement\":[{\"@type\":\"ListItem\",\"position\":1,\"name\":\"Home\",\"item\":\"https:\/\/www.welovecycling.com\/sk\/\"},{\"@type\":\"ListItem\",\"position\":2,\"name\":\"Report\u00e1\u017e: \u0160koda MTB Cyklomarat\u00f3n Topo\u013e\u010dianky \u2013 hrav\u00e9 a technick\u00e9 jazdenie v extr\u00e9mnych teplot\u00e1ch\"}]},{\"@type\":\"WebSite\",\"@id\":\"https:\/\/www.welovecycling.com\/sk\/#website\",\"url\":\"https:\/\/www.welovecycling.com\/sk\/\",\"name\":\"\u0160koda We Love Cycling Slovensko\",\"description\":\"\u0160koda We Love Cycling Slovensko je v\u00e1\u0161 ka\u017edodenn\u00fd zdroj noviniek a in\u0161pir\u00e1cie z sveta cyklistiky\",\"potentialAction\":[{\"@type\":\"SearchAction\",\"target\":{\"@type\":\"EntryPoint\",\"urlTemplate\":\"https:\/\/www.welovecycling.com\/sk\/?s={search_term_string}\"},\"query-input\":{\"@type\":\"PropertyValueSpecification\",\"valueRequired\":true,\"valueName\":\"search_term_string\"}}],\"inLanguage\":\"sk-SK\"},{\"@type\":\"Person\",\"@id\":\"https:\/\/www.welovecycling.com\/sk\/#\/schema\/person\/533b62b98b6c41bd5135ebfb1f742624\",\"name\":\"dominika\",\"image\":{\"@type\":\"ImageObject\",\"inLanguage\":\"sk-SK\",\"@id\":\"https:\/\/www.welovecycling.com\/sk\/#\/schema\/person\/image\/\",\"url\":\"https:\/\/secure.gravatar.com\/avatar\/ded6f274ba2ec3e17fff153f7d9d96a4b33c2cb63907f75d9a5309c599a7f3e6?s=96&d=mm&r=g\",\"contentUrl\":\"https:\/\/secure.gravatar.com\/avatar\/ded6f274ba2ec3e17fff153f7d9d96a4b33c2cb63907f75d9a5309c599a7f3e6?s=96&d=mm&r=g\",\"caption\":\"dominika\"},\"url\":\"https:\/\/www.welovecycling.com\/sk\/author\/dominika\/\"}]}<\/script>\n<!-- \/ Yoast SEO Premium plugin. -->","yoast_head_json":{"title":"Report\u00e1\u017e: \u0160koda MTB Cyklomarat\u00f3n Topo\u013e\u010dianky \u2013 hrav\u00e9 a technick\u00e9 jazdenie v extr\u00e9mnych teplot\u00e1ch","description":"Piate kolo ob\u013e\u00fabenej s\u00e9rie \u0160KODA BIKE OPEN TOUR v Topo\u013e\u010diankach preverilo ka\u017ed\u00e9ho, kto sa postavil na \u0161tart.","robots":{"index":"index","follow":"follow","max-snippet":"max-snippet:-1","max-image-preview":"max-image-preview:large","max-video-preview":"max-video-preview:-1"},"canonical":"https:\/\/www.welovecycling.com\/sk\/2024\/09\/03\/reportaz-skoda-mtb-cyklomaraton-topolcianky-hrave-a-technicke-jazdenie-v-extremnych-teplotach\/","og_locale":"sk_SK","og_type":"article","og_title":"Report\u00e1\u017e: \u0160koda MTB Cyklomarat\u00f3n Topo\u013e\u010dianky \u2013 hrav\u00e9 a technick\u00e9 jazdenie v extr\u00e9mnych teplot\u00e1ch","og_description":"Piate kolo ob\u013e\u00fabenej s\u00e9rie \u0160KODA BIKE OPEN TOUR v Topo\u013e\u010diankach preverilo ka\u017ed\u00e9ho, kto sa postavil na \u0161tart.","og_url":"https:\/\/www.welovecycling.com\/sk\/2024\/09\/03\/reportaz-skoda-mtb-cyklomaraton-topolcianky-hrave-a-technicke-jazdenie-v-extremnych-teplotach\/","og_site_name":"\u0160koda We Love Cycling Slovensko","article_published_time":"2024-09-03T13:00:38+00:00","og_image":[{"width":990,"height":660,"url":"https:\/\/d2p6e6u75xmxt8.cloudfront.net\/4\/2024\/09\/selekt_mtbskoda_topolcianky_8.webp","type":"image\/webp"}],"author":"dominika","twitter_card":"summary_large_image","twitter_misc":{"Written by":"Mat\u00fa\u0161 Guzy a WLRMcc","Est. reading time":"7"},"schema":{"@context":"https:\/\/schema.org","@graph":[{"@type":"WebPage","@id":"https:\/\/www.welovecycling.com\/sk\/2024\/09\/03\/reportaz-skoda-mtb-cyklomaraton-topolcianky-hrave-a-technicke-jazdenie-v-extremnych-teplotach\/","url":"https:\/\/www.welovecycling.com\/sk\/2024\/09\/03\/reportaz-skoda-mtb-cyklomaraton-topolcianky-hrave-a-technicke-jazdenie-v-extremnych-teplotach\/","name":"Report\u00e1\u017e: \u0160koda MTB Cyklomarat\u00f3n Topo\u013e\u010dianky \u2013 hrav\u00e9 a technick\u00e9 jazdenie v extr\u00e9mnych teplot\u00e1ch","isPartOf":{"@id":"https:\/\/www.welovecycling.com\/sk\/#website"},"primaryImageOfPage":{"@id":"https:\/\/www.welovecycling.com\/sk\/2024\/09\/03\/reportaz-skoda-mtb-cyklomaraton-topolcianky-hrave-a-technicke-jazdenie-v-extremnych-teplotach\/#primaryimage"},"image":{"@id":"https:\/\/www.welovecycling.com\/sk\/2024\/09\/03\/reportaz-skoda-mtb-cyklomaraton-topolcianky-hrave-a-technicke-jazdenie-v-extremnych-teplotach\/#primaryimage"},"thumbnailUrl":"https:\/\/d2p6e6u75xmxt8.cloudfront.net\/4\/2024\/09\/selekt_mtbskoda_topolcianky_8.webp","datePublished":"2024-09-03T13:00:38+00:00","author":{"@id":"https:\/\/www.welovecycling.com\/sk\/#\/schema\/person\/533b62b98b6c41bd5135ebfb1f742624"},"description":"Piate kolo ob\u013e\u00fabenej s\u00e9rie \u0160KODA BIKE OPEN TOUR v Topo\u013e\u010diankach preverilo ka\u017ed\u00e9ho, kto sa postavil na \u0161tart.","breadcrumb":{"@id":"https:\/\/www.welovecycling.com\/sk\/2024\/09\/03\/reportaz-skoda-mtb-cyklomaraton-topolcianky-hrave-a-technicke-jazdenie-v-extremnych-teplotach\/#breadcrumb"},"inLanguage":"sk-SK","potentialAction":[{"@type":"ReadAction","target":["https:\/\/www.welovecycling.com\/sk\/2024\/09\/03\/reportaz-skoda-mtb-cyklomaraton-topolcianky-hrave-a-technicke-jazdenie-v-extremnych-teplotach\/"]}]},{"@type":"ImageObject","inLanguage":"sk-SK","@id":"https:\/\/www.welovecycling.com\/sk\/2024\/09\/03\/reportaz-skoda-mtb-cyklomaraton-topolcianky-hrave-a-technicke-jazdenie-v-extremnych-teplotach\/#primaryimage","url":"https:\/\/d2p6e6u75xmxt8.cloudfront.net\/4\/2024\/09\/selekt_mtbskoda_topolcianky_8.webp","contentUrl":"https:\/\/d2p6e6u75xmxt8.cloudfront.net\/4\/2024\/09\/selekt_mtbskoda_topolcianky_8.webp","width":990,"height":660},{"@type":"BreadcrumbList","@id":"https:\/\/www.welovecycling.com\/sk\/2024\/09\/03\/reportaz-skoda-mtb-cyklomaraton-topolcianky-hrave-a-technicke-jazdenie-v-extremnych-teplotach\/#breadcrumb","itemListElement":[{"@type":"ListItem","position":1,"name":"Home","item":"https:\/\/www.welovecycling.com\/sk\/"},{"@type":"ListItem","position":2,"name":"Report\u00e1\u017e: \u0160koda MTB Cyklomarat\u00f3n Topo\u013e\u010dianky \u2013 hrav\u00e9 a technick\u00e9 jazdenie v extr\u00e9mnych teplot\u00e1ch"}]},{"@type":"WebSite","@id":"https:\/\/www.welovecycling.com\/sk\/#website","url":"https:\/\/www.welovecycling.com\/sk\/","name":"\u0160koda We Love Cycling Slovensko","description":"\u0160koda We Love Cycling Slovensko je v\u00e1\u0161 ka\u017edodenn\u00fd zdroj noviniek a in\u0161pir\u00e1cie z sveta cyklistiky","potentialAction":[{"@type":"SearchAction","target":{"@type":"EntryPoint","urlTemplate":"https:\/\/www.welovecycling.com\/sk\/?s={search_term_string}"},"query-input":{"@type":"PropertyValueSpecification","valueRequired":true,"valueName":"search_term_string"}}],"inLanguage":"sk-SK"},{"@type":"Person","@id":"https:\/\/www.welovecycling.com\/sk\/#\/schema\/person\/533b62b98b6c41bd5135ebfb1f742624","name":"dominika","image":{"@type":"ImageObject","inLanguage":"sk-SK","@id":"https:\/\/www.welovecycling.com\/sk\/#\/schema\/person\/image\/","url":"https:\/\/secure.gravatar.com\/avatar\/ded6f274ba2ec3e17fff153f7d9d96a4b33c2cb63907f75d9a5309c599a7f3e6?s=96&d=mm&r=g","contentUrl":"https:\/\/secure.gravatar.com\/avatar\/ded6f274ba2ec3e17fff153f7d9d96a4b33c2cb63907f75d9a5309c599a7f3e6?s=96&d=mm&r=g","caption":"dominika"},"url":"https:\/\/www.welovecycling.com\/sk\/author\/dominika\/"}]}},"_links":{"self":[{"href":"https:\/\/www.welovecycling.com\/sk\/wp-json\/wp\/v2\/posts\/19622","targetHints":{"allow":["GET"]}}],"collection":[{"href":"https:\/\/www.welovecycling.com\/sk\/wp-json\/wp\/v2\/posts"}],"about":[{"href":"https:\/\/www.welovecycling.com\/sk\/wp-json\/wp\/v2\/types\/post"}],"author":[{"embeddable":true,"href":"https:\/\/www.welovecycling.com\/sk\/wp-json\/wp\/v2\/users\/172"}],"replies":[{"embeddable":true,"href":"https:\/\/www.welovecycling.com\/sk\/wp-json\/wp\/v2\/comments?post=19622"}],"version-history":[{"count":4,"href":"https:\/\/www.welovecycling.com\/sk\/wp-json\/wp\/v2\/posts\/19622\/revisions"}],"predecessor-version":[{"id":19639,"href":"https:\/\/www.welovecycling.com\/sk\/wp-json\/wp\/v2\/posts\/19622\/revisions\/19639"}],"wp:featuredmedia":[{"embeddable":true,"href":"https:\/\/www.welovecycling.com\/sk\/wp-json\/wp\/v2\/media\/19623"}],"wp:attachment":[{"href":"https:\/\/www.welovecycling.com\/sk\/wp-json\/wp\/v2\/media?parent=19622"}],"wp:term":[{"taxonomy":"category","embeddable":true,"href":"https:\/\/www.welovecycling.com\/sk\/wp-json\/wp\/v2\/categories?post=19622"},{"taxonomy":"post_tag","embeddable":true,"href":"https:\/\/www.welovecycling.com\/sk\/wp-json\/wp\/v2\/tags?post=19622"},{"taxonomy":"global-categories","embeddable":true,"href":"https:\/\/www.welovecycling.com\/sk\/wp-json\/wp\/v2\/global-categories?post=19622"}],"curies":[{"name":"wp","href":"https:\/\/api.w.org\/{rel}","templated":true}]}}