{"id":19611,"date":"2024-09-02T15:54:41","date_gmt":"2024-09-02T13:54:41","guid":{"rendered":"https:\/\/www.welovecycling.com\/sk\/?p=19611"},"modified":"2024-09-26T12:24:42","modified_gmt":"2024-09-26T10:24:42","slug":"pozvanka-skoda-stupava-mtb-maraton-2024-finale-11-rocnika-serie","status":"publish","type":"post","link":"https:\/\/www.welovecycling.com\/sk\/2024\/09\/02\/pozvanka-skoda-stupava-mtb-maraton-2024-finale-11-rocnika-serie\/","title":{"rendered":"Pozv\u00e1nka: \u0160koda Stupava MTB marat\u00f3n 2024 \u2013 fin\u00e1le 11. ro\u010dn\u00edka s\u00e9rie"},"content":{"rendered":"<p><strong>Za\u010diatok s\u00e9rie \u0160koda Bike Open Tour bol v Mal\u00fdch Karpatoch v apr\u00edli tohto roku. Jej z\u00e1ver sa symbolicky uskuto\u010dn\u00ed op\u00e4\u0165 na tom istom mieste.<\/strong><!--more--><\/p>\n<p><span style=\"font-weight: 400;\"><strong>20. ro\u010dn\u00edk MTB pretekov v Stupave pri penzi\u00f3ne Intenz\u00edva bude z\u00e1rove\u0148 aj z\u00e1vere\u010dn\u00fdm podujat\u00edm \u0160koda Bike Open Tour.<\/strong> Tento rok priniesol chladn\u00e9 po\u010dasie vo<\/span><a href=\"https:\/\/www.welovecycling.com\/sk\/2024\/04\/24\/reportaz-skoda-svatojursky-mtb-maraton-2024-idealny-start-do-sezony\/\" target=\"_blank\" rel=\"noopener\"><span style=\"font-weight: 400;\"> Sv\u00e4tom Jure<\/span><\/a><span style=\"font-weight: 400;\">, z\u00e1bavu na blate v <\/span><a href=\"https:\/\/www.welovecycling.com\/sk\/2024\/06\/13\/reportaz-skoda-slovensky-raj-babska-jazda\/\" target=\"_blank\" rel=\"noopener\"><span style=\"font-weight: 400;\">Slovenskom raji<\/span><\/a><span style=\"font-weight: 400;\">, <\/span><a href=\"https:\/\/www.welovecycling.com\/sk\/2024\/08\/14\/reportaz-skoda-horal-mtb-maraton-vrchol-letnej-sezony\/\" target=\"_blank\" rel=\"noopener\"><span style=\"font-weight: 400;\">Kr\u00e1\u013eovu Ho\u013eu pri Svite<\/span><\/a><span style=\"font-weight: 400;\"> a nap\u00ednav\u00e9 s\u00faboje v Topo\u013e\u010diankach. Pozrime sa teda, \u010do n\u00e1s \u010dak\u00e1 <strong>12. okt\u00f3bra v Stupave.<\/strong>\u00a0<\/span><\/p>\n<p><img loading=\"lazy\" decoding=\"async\" class=\"alignnone wp-image-19613 size-full\" src=\"https:\/\/d2p6e6u75xmxt8.cloudfront.net\/4\/2024\/09\/02_WLC_Stupava.webp\" alt=\"\u0160KODA Stupava MTB marat\u00f3n 2024\" width=\"990\" height=\"660\" srcset=\"https:\/\/d2p6e6u75xmxt8.cloudfront.net\/4\/2024\/09\/02_WLC_Stupava.webp 990w, https:\/\/d2p6e6u75xmxt8.cloudfront.net\/4\/2024\/09\/02_WLC_Stupava-300x200.webp 300w, https:\/\/d2p6e6u75xmxt8.cloudfront.net\/4\/2024\/09\/02_WLC_Stupava-768x512.webp 768w, https:\/\/d2p6e6u75xmxt8.cloudfront.net\/4\/2024\/09\/02_WLC_Stupava-400x267.webp 400w, https:\/\/d2p6e6u75xmxt8.cloudfront.net\/4\/2024\/09\/02_WLC_Stupava-272x182.webp 272w\" sizes=\"auto, (max-width: 990px) 100vw, 990px\" \/><\/p>\n<h2><b>Registr\u00e1cia<\/b><\/h2>\n<p><strong>Registr\u00e1cia prebieha <a href=\"https:\/\/registrace.sportsoft.cz\/registration.aspx?e=3073\">online<\/a><\/strong><span style=\"font-weight: 400;\"><strong> vyplnen\u00edm formul\u00e1ra so sumou \u0161tartovn\u00e9ho 35 eur do 13. septembra.<\/strong> Na mieste bude cena \u0161tartovn\u00e9ho 40 eur. Prezent\u00e1cia pretek\u00e1rov bude prebieha\u0165 v bicyklovom obchode Bajkservis od 11. okt\u00f3bra a\u017e do 12. okt\u00f3bra. Nesk\u00f4r v piatok bude prezent\u00e1cia presunut\u00e1 do are\u00e1lu pretekov. V piatok bude mo\u017en\u00e9 vybavi\u0165 prezent\u00e1ciu od 16:00 do 19:00 hod. a v sobotu r\u00e1no od 8:30 hod.<\/span><\/p>\n<p><img loading=\"lazy\" decoding=\"async\" class=\"alignnone size-full wp-image-19614\" src=\"https:\/\/d2p6e6u75xmxt8.cloudfront.net\/4\/2024\/09\/03_WLC_Stupava.webp\" alt=\"\" width=\"990\" height=\"660\" srcset=\"https:\/\/d2p6e6u75xmxt8.cloudfront.net\/4\/2024\/09\/03_WLC_Stupava.webp 990w, https:\/\/d2p6e6u75xmxt8.cloudfront.net\/4\/2024\/09\/03_WLC_Stupava-300x200.webp 300w, https:\/\/d2p6e6u75xmxt8.cloudfront.net\/4\/2024\/09\/03_WLC_Stupava-768x512.webp 768w, https:\/\/d2p6e6u75xmxt8.cloudfront.net\/4\/2024\/09\/03_WLC_Stupava-400x267.webp 400w, https:\/\/d2p6e6u75xmxt8.cloudfront.net\/4\/2024\/09\/03_WLC_Stupava-272x182.webp 272w\" sizes=\"auto, (max-width: 990px) 100vw, 990px\" \/><\/p>\n<h2><b>Trasy<\/b><\/h2>\n<p><span style=\"font-weight: 400;\">Organiz\u00e1tori si pre n\u00e1s pripravili <strong>dlh\u00fa tra\u0165 s porciou 78 kilometrov a s prev\u00fd\u0161en\u00edm 1900 metrov, ktor\u00e1 bude aj s\u00fa\u010das\u0165ou Slovensk\u00e9ho poh\u00e1ra XCM.<\/strong> Stredn\u00e1 tra\u0165 s d\u013a\u017ekou 42 kilometrov pon\u00fakne 950 v\u00fd\u0161kov\u00fdch metrov a kr\u00e1tka, 25-kilometrov\u00e1 trasa m\u00e1 500 metrov prev\u00fd\u0161enia. <\/span><\/p>\n<p>Okrem klasick\u00fdch trat\u00ed tu m\u00e1me aj FAMILY trasu s d\u013a\u017ekou 7 kilometrov a s prev\u00fd\u0161en\u00edm 120 metrov. Viac inform\u00e1ci\u00ed k tras\u00e1m n\u00e1jdete samostatne na <a href=\"https:\/\/www.stupavskymaraton.sk\/inpage\/mtb-maraton\/\" target=\"_blank\" rel=\"noopener\">str\u00e1nke organiz\u00e1tora<\/a>.<\/p>\n<p><img loading=\"lazy\" decoding=\"async\" class=\"alignnone wp-image-19615 size-full\" src=\"https:\/\/d2p6e6u75xmxt8.cloudfront.net\/4\/2024\/09\/04_WLC_Stupava.webp\" alt=\"\u0160koda Bike Open Tour\" width=\"990\" height=\"660\" srcset=\"https:\/\/d2p6e6u75xmxt8.cloudfront.net\/4\/2024\/09\/04_WLC_Stupava.webp 990w, https:\/\/d2p6e6u75xmxt8.cloudfront.net\/4\/2024\/09\/04_WLC_Stupava-300x200.webp 300w, https:\/\/d2p6e6u75xmxt8.cloudfront.net\/4\/2024\/09\/04_WLC_Stupava-768x512.webp 768w, https:\/\/d2p6e6u75xmxt8.cloudfront.net\/4\/2024\/09\/04_WLC_Stupava-400x267.webp 400w, https:\/\/d2p6e6u75xmxt8.cloudfront.net\/4\/2024\/09\/04_WLC_Stupava-272x182.webp 272w\" sizes=\"auto, (max-width: 990px) 100vw, 990px\" \/><\/p>\n<h2><b>Z\u00e1zemie<\/b><\/h2>\n<p><span style=\"font-weight: 400;\">Cel\u00fd are\u00e1l podujatia bude pri predajni Bajkservis, kde n\u00e1s \u010dak\u00e1 ve\u013ekokapacitn\u00fd stan a\u017e pre 600 pretek\u00e1rov. Okrem kvalitn\u00e9ho z\u00e1zemia n\u00e1s \u010dak\u00e1 po dojazde do cie\u013ea aj v\u00fdborn\u00e9 jedlo. Pripraven\u00e9 bud\u00fa sprchy, um\u00fdvanie bicyklov a tie\u017e aj \u00faschov\u0148a bicyklov a samozrejme bohat\u00fd sprievodn\u00fd program pre cel\u00fa rodinu.<\/span><\/p>\n<div id='gallery-1' class='gallery galleryid-19611 gallery-columns-2 gallery-size-full'><figure class='gallery-item'>\n\t\t\t<div class='gallery-icon landscape'>\n\t\t\t\t<a href='https:\/\/d2p6e6u75xmxt8.cloudfront.net\/4\/2024\/09\/05_WLC_Stupava.webp'><img loading=\"lazy\" decoding=\"async\" width=\"990\" height=\"660\" src=\"https:\/\/d2p6e6u75xmxt8.cloudfront.net\/4\/2024\/09\/05_WLC_Stupava.webp\" class=\"attachment-full size-full\" alt=\"\u0160KODA Stupava MTB marat\u00f3n 2024\" srcset=\"https:\/\/d2p6e6u75xmxt8.cloudfront.net\/4\/2024\/09\/05_WLC_Stupava.webp 990w, https:\/\/d2p6e6u75xmxt8.cloudfront.net\/4\/2024\/09\/05_WLC_Stupava-300x200.webp 300w, https:\/\/d2p6e6u75xmxt8.cloudfront.net\/4\/2024\/09\/05_WLC_Stupava-768x512.webp 768w, https:\/\/d2p6e6u75xmxt8.cloudfront.net\/4\/2024\/09\/05_WLC_Stupava-400x267.webp 400w, https:\/\/d2p6e6u75xmxt8.cloudfront.net\/4\/2024\/09\/05_WLC_Stupava-272x182.webp 272w\" sizes=\"auto, (max-width: 990px) 100vw, 990px\" \/><\/a>\n\t\t\t<\/div><\/figure><figure class='gallery-item'>\n\t\t\t<div class='gallery-icon landscape'>\n\t\t\t\t<a href='https:\/\/d2p6e6u75xmxt8.cloudfront.net\/4\/2024\/09\/06_WLC_Stupava.webp'><img loading=\"lazy\" decoding=\"async\" width=\"990\" height=\"660\" src=\"https:\/\/d2p6e6u75xmxt8.cloudfront.net\/4\/2024\/09\/06_WLC_Stupava.webp\" class=\"attachment-full size-full\" alt=\"\" srcset=\"https:\/\/d2p6e6u75xmxt8.cloudfront.net\/4\/2024\/09\/06_WLC_Stupava.webp 990w, https:\/\/d2p6e6u75xmxt8.cloudfront.net\/4\/2024\/09\/06_WLC_Stupava-300x200.webp 300w, https:\/\/d2p6e6u75xmxt8.cloudfront.net\/4\/2024\/09\/06_WLC_Stupava-768x512.webp 768w, https:\/\/d2p6e6u75xmxt8.cloudfront.net\/4\/2024\/09\/06_WLC_Stupava-400x267.webp 400w, https:\/\/d2p6e6u75xmxt8.cloudfront.net\/4\/2024\/09\/06_WLC_Stupava-272x182.webp 272w\" sizes=\"auto, (max-width: 990px) 100vw, 990px\" \/><\/a>\n\t\t\t<\/div><\/figure>\n\t\t<\/div>\n\n<h2><b>Kateg\u00f3rie<\/b><\/h2>\n<p><span style=\"font-weight: 400;\">V\u0161etci z\u00fa\u010dastnen\u00ed bud\u00fa vyhodnoten\u00ed v r\u00e1mci s\u00e9rie \u0160BOT. <strong>Okrem toho si tu jazdci z Bratislavsk\u00e9ho kraja prip\u00ed\u0161u body v r\u00e1mci \u017dupn\u00e9ho poh\u00e1ra a Slovensk\u00fd poh\u00e1r bude vyhodnoten\u00fd len pre jazdcov s licenciou od Slovensk\u00e9ho zv\u00e4zu cyklistiky.<\/strong> Ke\u010f\u017ee v nede\u013eu bude prebieha\u0165 be\u017eeck\u00e9 podujatie, tak pretek\u00e1ri sa m\u00f4\u017eu prihl\u00e1si\u0165 na kombin\u00e1ciu t\u00fdchto dvoch \u0161portov. V sobotu prebehn\u00fa preteky na bicykli a v nede\u013eu na 11 kilometrov dlhej be\u017eeckej trati.\u00a0<\/span><\/p>\n<div id='gallery-2' class='gallery galleryid-19611 gallery-columns-2 gallery-size-full'><figure class='gallery-item'>\n\t\t\t<div class='gallery-icon landscape'>\n\t\t\t\t<a href='https:\/\/d2p6e6u75xmxt8.cloudfront.net\/4\/2024\/09\/07_WLC_Stupava.webp'><img loading=\"lazy\" decoding=\"async\" width=\"990\" height=\"660\" src=\"https:\/\/d2p6e6u75xmxt8.cloudfront.net\/4\/2024\/09\/07_WLC_Stupava.webp\" class=\"attachment-full size-full\" alt=\"\" srcset=\"https:\/\/d2p6e6u75xmxt8.cloudfront.net\/4\/2024\/09\/07_WLC_Stupava.webp 990w, https:\/\/d2p6e6u75xmxt8.cloudfront.net\/4\/2024\/09\/07_WLC_Stupava-300x200.webp 300w, https:\/\/d2p6e6u75xmxt8.cloudfront.net\/4\/2024\/09\/07_WLC_Stupava-768x512.webp 768w, https:\/\/d2p6e6u75xmxt8.cloudfront.net\/4\/2024\/09\/07_WLC_Stupava-400x267.webp 400w, https:\/\/d2p6e6u75xmxt8.cloudfront.net\/4\/2024\/09\/07_WLC_Stupava-272x182.webp 272w\" sizes=\"auto, (max-width: 990px) 100vw, 990px\" \/><\/a>\n\t\t\t<\/div><\/figure><figure class='gallery-item'>\n\t\t\t<div class='gallery-icon landscape'>\n\t\t\t\t<a href='https:\/\/d2p6e6u75xmxt8.cloudfront.net\/4\/2024\/09\/08_WLC_Stupava.webp'><img loading=\"lazy\" decoding=\"async\" width=\"990\" height=\"660\" src=\"https:\/\/d2p6e6u75xmxt8.cloudfront.net\/4\/2024\/09\/08_WLC_Stupava.webp\" class=\"attachment-full size-full\" alt=\"\" srcset=\"https:\/\/d2p6e6u75xmxt8.cloudfront.net\/4\/2024\/09\/08_WLC_Stupava.webp 990w, https:\/\/d2p6e6u75xmxt8.cloudfront.net\/4\/2024\/09\/08_WLC_Stupava-300x200.webp 300w, https:\/\/d2p6e6u75xmxt8.cloudfront.net\/4\/2024\/09\/08_WLC_Stupava-768x512.webp 768w, https:\/\/d2p6e6u75xmxt8.cloudfront.net\/4\/2024\/09\/08_WLC_Stupava-400x267.webp 400w, https:\/\/d2p6e6u75xmxt8.cloudfront.net\/4\/2024\/09\/08_WLC_Stupava-272x182.webp 272w\" sizes=\"auto, (max-width: 990px) 100vw, 990px\" \/><\/a>\n\t\t\t<\/div><\/figure>\n\t\t<\/div>\n\n<h2><b>Na z\u00e1ver<\/b><\/h2>\n<p><span style=\"font-weight: 400;\">V r\u00e1mci cel\u00e9ho v\u00edkendu si v nede\u013eu zmeraj\u00fa sily <\/span><a href=\"https:\/\/www.stupavskymaraton.sk\/inpage\/bystrica-run\/\" target=\"_blank\" rel=\"noopener\"><span style=\"font-weight: 400;\">be\u017eci<\/span><\/a><span style=\"font-weight: 400;\"> a deti v r\u00e1mci s\u00e9rie <\/span><a href=\"https:\/\/www.stupavskymaraton.sk\/inpage\/family-mtb-7-km\/\" target=\"_blank\" rel=\"noopener\"><span style=\"font-weight: 400;\">Detskej tour Petra Sagana<\/span><\/a><span style=\"font-weight: 400;\">. <strong>\u010cak\u00e1 n\u00e1s teda v\u00edkend pln\u00fd pretekania v kr\u00e1snom prostred\u00ed Mal\u00fdch Karp\u00e1t.<\/strong> Viac inform\u00e1ci\u00ed n\u00e1jdete na <\/span><a href=\"https:\/\/www.stupavskymaraton.sk\/inpage\/mtb-maraton\/\" target=\"_blank\" rel=\"noopener\"><span style=\"font-weight: 400;\">str\u00e1nke organiz\u00e1tora<\/span><\/a><span style=\"font-weight: 400;\">.<\/span><\/p>\n<p><span style=\"font-weight: 400;\">Zdroj fotografi\u00ed: arch\u00edv organiz\u00e1tora<\/span><\/p>\n","protected":false},"excerpt":{"rendered":"<p>Za\u010diatok s\u00e9rie \u0160koda Bike Open Tour bol v Mal\u00fdch Karpatoch v apr\u00edli tohto roku. Jej z\u00e1ver sa symbolicky uskuto\u010dn\u00ed op\u00e4\u0165 [&hellip;]<\/p>\n","protected":false},"author":172,"featured_media":19612,"comment_status":"open","ping_status":"open","sticky":false,"template":"","format":"standard","meta":{"footnotes":""},"categories":[33],"tags":[546,53,180,532,178,412,931,37,91,179,474,1615,542,35,181,545],"global-categories":[1074],"class_list":["post-19611","post","type-post","status-publish","format-standard","has-post-thumbnail","hentry","category-sbot","tag-cyklistika","tag-deti","tag-horska-cyklistika","tag-jazdenie","tag-maraton","tag-mtb","tag-odporucame","tag-podujatia","tag-pozvanka","tag-preteky","tag-rodinny-maraton","tag-sezona-2024","tag-skoda","tag-sbot","tag-stupava","tag-trasa","global-categories-cycling"],"yoast_head":"<!-- This site is optimized with the Yoast SEO Premium plugin v25.3 (Yoast SEO v25.9) - https:\/\/yoast.com\/wordpress\/plugins\/seo\/ -->\n<title>Pozv\u00e1nka: \u0160koda Stupava MTB marat\u00f3n 2024 \u2013 fin\u00e1le 11. ro\u010dn\u00edka s\u00e9rie<\/title>\n<meta name=\"description\" content=\"Za\u010diatok s\u00e9rie \u0160koda Bike Open Tour bol v Mal\u00fdch Karpatoch v apr\u00edli tohto roku. Jej z\u00e1ver sa symbolicky uskuto\u010dn\u00ed op\u00e4\u0165 na tom istom mieste.\" \/>\n<meta name=\"robots\" content=\"index, follow, max-snippet:-1, max-image-preview:large, max-video-preview:-1\" \/>\n<link rel=\"canonical\" href=\"https:\/\/www.welovecycling.com\/sk\/2024\/09\/02\/pozvanka-skoda-stupava-mtb-maraton-2024-finale-11-rocnika-serie\/\" \/>\n<meta property=\"og:locale\" content=\"sk_SK\" \/>\n<meta property=\"og:type\" content=\"article\" \/>\n<meta property=\"og:title\" content=\"Pozv\u00e1nka: \u0160koda Stupava MTB marat\u00f3n 2024 \u2013 fin\u00e1le 11. ro\u010dn\u00edka s\u00e9rie\" \/>\n<meta property=\"og:description\" content=\"Za\u010diatok s\u00e9rie \u0160koda Bike Open Tour bol v Mal\u00fdch Karpatoch v apr\u00edli tohto roku. Jej z\u00e1ver sa symbolicky uskuto\u010dn\u00ed op\u00e4\u0165 na tom istom mieste.\" \/>\n<meta property=\"og:url\" content=\"https:\/\/www.welovecycling.com\/sk\/2024\/09\/02\/pozvanka-skoda-stupava-mtb-maraton-2024-finale-11-rocnika-serie\/\" \/>\n<meta property=\"og:site_name\" content=\"\u0160koda We Love Cycling Slovensko\" \/>\n<meta property=\"article:published_time\" content=\"2024-09-02T13:54:41+00:00\" \/>\n<meta property=\"article:modified_time\" content=\"2024-09-26T10:24:42+00:00\" \/>\n<meta property=\"og:image\" content=\"https:\/\/d2p6e6u75xmxt8.cloudfront.net\/4\/2024\/09\/01_WLC_Stupava.webp\" \/>\n\t<meta property=\"og:image:width\" content=\"990\" \/>\n\t<meta property=\"og:image:height\" content=\"660\" \/>\n\t<meta property=\"og:image:type\" content=\"image\/webp\" \/>\n<meta name=\"author\" content=\"dominika\" \/>\n<meta name=\"twitter:card\" content=\"summary_large_image\" \/>\n<meta name=\"twitter:label1\" content=\"Written by\" \/>\n\t<meta name=\"twitter:data1\" content=\"We Love Cycling\" \/>\n\t<meta name=\"twitter:label2\" content=\"Est. reading time\" \/>\n\t<meta name=\"twitter:data2\" content=\"2\" \/>\n<script type=\"application\/ld+json\" class=\"yoast-schema-graph\">{\"@context\":\"https:\/\/schema.org\",\"@graph\":[{\"@type\":\"WebPage\",\"@id\":\"https:\/\/www.welovecycling.com\/sk\/2024\/09\/02\/pozvanka-skoda-stupava-mtb-maraton-2024-finale-11-rocnika-serie\/\",\"url\":\"https:\/\/www.welovecycling.com\/sk\/2024\/09\/02\/pozvanka-skoda-stupava-mtb-maraton-2024-finale-11-rocnika-serie\/\",\"name\":\"Pozv\u00e1nka: \u0160koda Stupava MTB marat\u00f3n 2024 \u2013 fin\u00e1le 11. ro\u010dn\u00edka s\u00e9rie\",\"isPartOf\":{\"@id\":\"https:\/\/www.welovecycling.com\/sk\/#website\"},\"primaryImageOfPage\":{\"@id\":\"https:\/\/www.welovecycling.com\/sk\/2024\/09\/02\/pozvanka-skoda-stupava-mtb-maraton-2024-finale-11-rocnika-serie\/#primaryimage\"},\"image\":{\"@id\":\"https:\/\/www.welovecycling.com\/sk\/2024\/09\/02\/pozvanka-skoda-stupava-mtb-maraton-2024-finale-11-rocnika-serie\/#primaryimage\"},\"thumbnailUrl\":\"https:\/\/d2p6e6u75xmxt8.cloudfront.net\/4\/2024\/09\/01_WLC_Stupava.webp\",\"datePublished\":\"2024-09-02T13:54:41+00:00\",\"dateModified\":\"2024-09-26T10:24:42+00:00\",\"author\":{\"@id\":\"https:\/\/www.welovecycling.com\/sk\/#\/schema\/person\/533b62b98b6c41bd5135ebfb1f742624\"},\"description\":\"Za\u010diatok s\u00e9rie \u0160koda Bike Open Tour bol v Mal\u00fdch Karpatoch v apr\u00edli tohto roku. Jej z\u00e1ver sa symbolicky uskuto\u010dn\u00ed op\u00e4\u0165 na tom istom mieste.\",\"breadcrumb\":{\"@id\":\"https:\/\/www.welovecycling.com\/sk\/2024\/09\/02\/pozvanka-skoda-stupava-mtb-maraton-2024-finale-11-rocnika-serie\/#breadcrumb\"},\"inLanguage\":\"sk-SK\",\"potentialAction\":[{\"@type\":\"ReadAction\",\"target\":[\"https:\/\/www.welovecycling.com\/sk\/2024\/09\/02\/pozvanka-skoda-stupava-mtb-maraton-2024-finale-11-rocnika-serie\/\"]}]},{\"@type\":\"ImageObject\",\"inLanguage\":\"sk-SK\",\"@id\":\"https:\/\/www.welovecycling.com\/sk\/2024\/09\/02\/pozvanka-skoda-stupava-mtb-maraton-2024-finale-11-rocnika-serie\/#primaryimage\",\"url\":\"https:\/\/d2p6e6u75xmxt8.cloudfront.net\/4\/2024\/09\/01_WLC_Stupava.webp\",\"contentUrl\":\"https:\/\/d2p6e6u75xmxt8.cloudfront.net\/4\/2024\/09\/01_WLC_Stupava.webp\",\"width\":990,\"height\":660},{\"@type\":\"BreadcrumbList\",\"@id\":\"https:\/\/www.welovecycling.com\/sk\/2024\/09\/02\/pozvanka-skoda-stupava-mtb-maraton-2024-finale-11-rocnika-serie\/#breadcrumb\",\"itemListElement\":[{\"@type\":\"ListItem\",\"position\":1,\"name\":\"Home\",\"item\":\"https:\/\/www.welovecycling.com\/sk\/\"},{\"@type\":\"ListItem\",\"position\":2,\"name\":\"Pozv\u00e1nka: \u0160koda Stupava MTB marat\u00f3n 2024 \u2013 fin\u00e1le 11. ro\u010dn\u00edka s\u00e9rie\"}]},{\"@type\":\"WebSite\",\"@id\":\"https:\/\/www.welovecycling.com\/sk\/#website\",\"url\":\"https:\/\/www.welovecycling.com\/sk\/\",\"name\":\"\u0160koda We Love Cycling Slovensko\",\"description\":\"\u0160koda We Love Cycling Slovensko je v\u00e1\u0161 ka\u017edodenn\u00fd zdroj noviniek a in\u0161pir\u00e1cie z sveta cyklistiky\",\"potentialAction\":[{\"@type\":\"SearchAction\",\"target\":{\"@type\":\"EntryPoint\",\"urlTemplate\":\"https:\/\/www.welovecycling.com\/sk\/?s={search_term_string}\"},\"query-input\":{\"@type\":\"PropertyValueSpecification\",\"valueRequired\":true,\"valueName\":\"search_term_string\"}}],\"inLanguage\":\"sk-SK\"},{\"@type\":\"Person\",\"@id\":\"https:\/\/www.welovecycling.com\/sk\/#\/schema\/person\/533b62b98b6c41bd5135ebfb1f742624\",\"name\":\"dominika\",\"image\":{\"@type\":\"ImageObject\",\"inLanguage\":\"sk-SK\",\"@id\":\"https:\/\/www.welovecycling.com\/sk\/#\/schema\/person\/image\/\",\"url\":\"https:\/\/secure.gravatar.com\/avatar\/ded6f274ba2ec3e17fff153f7d9d96a4b33c2cb63907f75d9a5309c599a7f3e6?s=96&d=mm&r=g\",\"contentUrl\":\"https:\/\/secure.gravatar.com\/avatar\/ded6f274ba2ec3e17fff153f7d9d96a4b33c2cb63907f75d9a5309c599a7f3e6?s=96&d=mm&r=g\",\"caption\":\"dominika\"},\"url\":\"https:\/\/www.welovecycling.com\/sk\/author\/dominika\/\"}]}<\/script>\n<!-- \/ Yoast SEO Premium plugin. -->","yoast_head_json":{"title":"Pozv\u00e1nka: \u0160koda Stupava MTB marat\u00f3n 2024 \u2013 fin\u00e1le 11. ro\u010dn\u00edka s\u00e9rie","description":"Za\u010diatok s\u00e9rie \u0160koda Bike Open Tour bol v Mal\u00fdch Karpatoch v apr\u00edli tohto roku. Jej z\u00e1ver sa symbolicky uskuto\u010dn\u00ed op\u00e4\u0165 na tom istom mieste.","robots":{"index":"index","follow":"follow","max-snippet":"max-snippet:-1","max-image-preview":"max-image-preview:large","max-video-preview":"max-video-preview:-1"},"canonical":"https:\/\/www.welovecycling.com\/sk\/2024\/09\/02\/pozvanka-skoda-stupava-mtb-maraton-2024-finale-11-rocnika-serie\/","og_locale":"sk_SK","og_type":"article","og_title":"Pozv\u00e1nka: \u0160koda Stupava MTB marat\u00f3n 2024 \u2013 fin\u00e1le 11. ro\u010dn\u00edka s\u00e9rie","og_description":"Za\u010diatok s\u00e9rie \u0160koda Bike Open Tour bol v Mal\u00fdch Karpatoch v apr\u00edli tohto roku. Jej z\u00e1ver sa symbolicky uskuto\u010dn\u00ed op\u00e4\u0165 na tom istom mieste.","og_url":"https:\/\/www.welovecycling.com\/sk\/2024\/09\/02\/pozvanka-skoda-stupava-mtb-maraton-2024-finale-11-rocnika-serie\/","og_site_name":"\u0160koda We Love Cycling Slovensko","article_published_time":"2024-09-02T13:54:41+00:00","article_modified_time":"2024-09-26T10:24:42+00:00","og_image":[{"width":990,"height":660,"url":"https:\/\/d2p6e6u75xmxt8.cloudfront.net\/4\/2024\/09\/01_WLC_Stupava.webp","type":"image\/webp"}],"author":"dominika","twitter_card":"summary_large_image","twitter_misc":{"Written by":"We Love Cycling","Est. reading time":"2"},"schema":{"@context":"https:\/\/schema.org","@graph":[{"@type":"WebPage","@id":"https:\/\/www.welovecycling.com\/sk\/2024\/09\/02\/pozvanka-skoda-stupava-mtb-maraton-2024-finale-11-rocnika-serie\/","url":"https:\/\/www.welovecycling.com\/sk\/2024\/09\/02\/pozvanka-skoda-stupava-mtb-maraton-2024-finale-11-rocnika-serie\/","name":"Pozv\u00e1nka: \u0160koda Stupava MTB marat\u00f3n 2024 \u2013 fin\u00e1le 11. ro\u010dn\u00edka s\u00e9rie","isPartOf":{"@id":"https:\/\/www.welovecycling.com\/sk\/#website"},"primaryImageOfPage":{"@id":"https:\/\/www.welovecycling.com\/sk\/2024\/09\/02\/pozvanka-skoda-stupava-mtb-maraton-2024-finale-11-rocnika-serie\/#primaryimage"},"image":{"@id":"https:\/\/www.welovecycling.com\/sk\/2024\/09\/02\/pozvanka-skoda-stupava-mtb-maraton-2024-finale-11-rocnika-serie\/#primaryimage"},"thumbnailUrl":"https:\/\/d2p6e6u75xmxt8.cloudfront.net\/4\/2024\/09\/01_WLC_Stupava.webp","datePublished":"2024-09-02T13:54:41+00:00","dateModified":"2024-09-26T10:24:42+00:00","author":{"@id":"https:\/\/www.welovecycling.com\/sk\/#\/schema\/person\/533b62b98b6c41bd5135ebfb1f742624"},"description":"Za\u010diatok s\u00e9rie \u0160koda Bike Open Tour bol v Mal\u00fdch Karpatoch v apr\u00edli tohto roku. Jej z\u00e1ver sa symbolicky uskuto\u010dn\u00ed op\u00e4\u0165 na tom istom mieste.","breadcrumb":{"@id":"https:\/\/www.welovecycling.com\/sk\/2024\/09\/02\/pozvanka-skoda-stupava-mtb-maraton-2024-finale-11-rocnika-serie\/#breadcrumb"},"inLanguage":"sk-SK","potentialAction":[{"@type":"ReadAction","target":["https:\/\/www.welovecycling.com\/sk\/2024\/09\/02\/pozvanka-skoda-stupava-mtb-maraton-2024-finale-11-rocnika-serie\/"]}]},{"@type":"ImageObject","inLanguage":"sk-SK","@id":"https:\/\/www.welovecycling.com\/sk\/2024\/09\/02\/pozvanka-skoda-stupava-mtb-maraton-2024-finale-11-rocnika-serie\/#primaryimage","url":"https:\/\/d2p6e6u75xmxt8.cloudfront.net\/4\/2024\/09\/01_WLC_Stupava.webp","contentUrl":"https:\/\/d2p6e6u75xmxt8.cloudfront.net\/4\/2024\/09\/01_WLC_Stupava.webp","width":990,"height":660},{"@type":"BreadcrumbList","@id":"https:\/\/www.welovecycling.com\/sk\/2024\/09\/02\/pozvanka-skoda-stupava-mtb-maraton-2024-finale-11-rocnika-serie\/#breadcrumb","itemListElement":[{"@type":"ListItem","position":1,"name":"Home","item":"https:\/\/www.welovecycling.com\/sk\/"},{"@type":"ListItem","position":2,"name":"Pozv\u00e1nka: \u0160koda Stupava MTB marat\u00f3n 2024 \u2013 fin\u00e1le 11. ro\u010dn\u00edka s\u00e9rie"}]},{"@type":"WebSite","@id":"https:\/\/www.welovecycling.com\/sk\/#website","url":"https:\/\/www.welovecycling.com\/sk\/","name":"\u0160koda We Love Cycling Slovensko","description":"\u0160koda We Love Cycling Slovensko je v\u00e1\u0161 ka\u017edodenn\u00fd zdroj noviniek a in\u0161pir\u00e1cie z sveta cyklistiky","potentialAction":[{"@type":"SearchAction","target":{"@type":"EntryPoint","urlTemplate":"https:\/\/www.welovecycling.com\/sk\/?s={search_term_string}"},"query-input":{"@type":"PropertyValueSpecification","valueRequired":true,"valueName":"search_term_string"}}],"inLanguage":"sk-SK"},{"@type":"Person","@id":"https:\/\/www.welovecycling.com\/sk\/#\/schema\/person\/533b62b98b6c41bd5135ebfb1f742624","name":"dominika","image":{"@type":"ImageObject","inLanguage":"sk-SK","@id":"https:\/\/www.welovecycling.com\/sk\/#\/schema\/person\/image\/","url":"https:\/\/secure.gravatar.com\/avatar\/ded6f274ba2ec3e17fff153f7d9d96a4b33c2cb63907f75d9a5309c599a7f3e6?s=96&d=mm&r=g","contentUrl":"https:\/\/secure.gravatar.com\/avatar\/ded6f274ba2ec3e17fff153f7d9d96a4b33c2cb63907f75d9a5309c599a7f3e6?s=96&d=mm&r=g","caption":"dominika"},"url":"https:\/\/www.welovecycling.com\/sk\/author\/dominika\/"}]}},"_links":{"self":[{"href":"https:\/\/www.welovecycling.com\/sk\/wp-json\/wp\/v2\/posts\/19611","targetHints":{"allow":["GET"]}}],"collection":[{"href":"https:\/\/www.welovecycling.com\/sk\/wp-json\/wp\/v2\/posts"}],"about":[{"href":"https:\/\/www.welovecycling.com\/sk\/wp-json\/wp\/v2\/types\/post"}],"author":[{"embeddable":true,"href":"https:\/\/www.welovecycling.com\/sk\/wp-json\/wp\/v2\/users\/172"}],"replies":[{"embeddable":true,"href":"https:\/\/www.welovecycling.com\/sk\/wp-json\/wp\/v2\/comments?post=19611"}],"version-history":[{"count":5,"href":"https:\/\/www.welovecycling.com\/sk\/wp-json\/wp\/v2\/posts\/19611\/revisions"}],"predecessor-version":[{"id":19691,"href":"https:\/\/www.welovecycling.com\/sk\/wp-json\/wp\/v2\/posts\/19611\/revisions\/19691"}],"wp:featuredmedia":[{"embeddable":true,"href":"https:\/\/www.welovecycling.com\/sk\/wp-json\/wp\/v2\/media\/19612"}],"wp:attachment":[{"href":"https:\/\/www.welovecycling.com\/sk\/wp-json\/wp\/v2\/media?parent=19611"}],"wp:term":[{"taxonomy":"category","embeddable":true,"href":"https:\/\/www.welovecycling.com\/sk\/wp-json\/wp\/v2\/categories?post=19611"},{"taxonomy":"post_tag","embeddable":true,"href":"https:\/\/www.welovecycling.com\/sk\/wp-json\/wp\/v2\/tags?post=19611"},{"taxonomy":"global-categories","embeddable":true,"href":"https:\/\/www.welovecycling.com\/sk\/wp-json\/wp\/v2\/global-categories?post=19611"}],"curies":[{"name":"wp","href":"https:\/\/api.w.org\/{rel}","templated":true}]}}