{"id":19592,"date":"2024-08-28T14:00:07","date_gmt":"2024-08-28T12:00:07","guid":{"rendered":"https:\/\/www.welovecycling.com\/sk\/?p=19592"},"modified":"2024-08-28T11:52:23","modified_gmt":"2024-08-28T09:52:23","slug":"reportaz-letape-slovakia-to-najlepsie-co-doma-mame","status":"publish","type":"post","link":"https:\/\/www.welovecycling.com\/sk\/2024\/08\/28\/reportaz-letape-slovakia-to-najlepsie-co-doma-mame\/","title":{"rendered":"Report\u00e1\u017e: L&#8217;Etape Slovakia \u2013 to najlep\u0161ie, \u010do doma m\u00e1me"},"content":{"rendered":"<p><strong>Uplynul\u00fd v\u00edkend sa v Bratislave uskuto\u010dnil 4. ro\u010dn\u00edk u\u017e legend\u00e1rneho podujatia L&#8217;Etape by Tour de France, kde som sa po ro\u010dnej prest\u00e1vke znovu z\u00fa\u010dastnil. Ako cel\u00e9 podujatie vn\u00edmam, to si po\u010fte pre\u010d\u00edta\u0165 v nasleduj\u00facom \u010dl\u00e1nku.\u00a0<\/strong><!--more--><\/p>\n<p><span style=\"font-weight: 400;\">Preteky, mysl\u00edm si, netreba nejako obzvl\u00e1\u0161\u0165 predstavova\u0165. No v\u00a0kr\u00e1tkosti spomeniem hlavn\u00fa my\u0161lienku podujatia, ktorou je umo\u017eni\u0165 hobby cyklistom za\u017ei\u0165 prav\u00fa atmosf\u00e9ru pretekov Tour de France vo svojej krajine. Ak by v\u00e1s zauj\u00edmal poh\u013ead do z\u00e1kulisia tak\u00e9hoto podujatia, m\u00f4\u017eete si pre\u010d\u00edta\u0165 m\u00f4j star\u0161\u00ed <\/span><a href=\"https:\/\/www.welovecycling.com\/sk\/2021\/09\/01\/slovenska-tour-de-france-pohlad-do-zakulisia-pretekov\/\" target=\"_blank\" rel=\"noopener\"><span style=\"font-weight: 400;\">\u010dl\u00e1nok.\u00a0 <\/span><\/a><span style=\"font-weight: 400;\">\u00a0<\/span><\/p>\n<p><img loading=\"lazy\" decoding=\"async\" class=\"alignnone size-full wp-image-19594\" src=\"https:\/\/d2p6e6u75xmxt8.cloudfront.net\/4\/2024\/08\/foto-c.1.webp\" alt=\"\" width=\"990\" height=\"660\" srcset=\"https:\/\/d2p6e6u75xmxt8.cloudfront.net\/4\/2024\/08\/foto-c.1.webp 990w, https:\/\/d2p6e6u75xmxt8.cloudfront.net\/4\/2024\/08\/foto-c.1-300x200.webp 300w, https:\/\/d2p6e6u75xmxt8.cloudfront.net\/4\/2024\/08\/foto-c.1-768x512.webp 768w, https:\/\/d2p6e6u75xmxt8.cloudfront.net\/4\/2024\/08\/foto-c.1-400x267.webp 400w, https:\/\/d2p6e6u75xmxt8.cloudfront.net\/4\/2024\/08\/foto-c.1-272x182.webp 272w\" sizes=\"auto, (max-width: 990px) 100vw, 990px\" \/><\/p>\n<h2><b>S\u00a0podujat\u00edm som \u017eil cel\u00fd rok\u00a0<\/b><\/h2>\n<p><span style=\"font-weight: 400;\">V \u00favode roku 2024 som bol osloven\u00fd hlavn\u00fdm organiz\u00e1torom Jozefom Pukalovi\u010dom, \u010di by som sa stal jedn\u00fdm z tr\u00e9nerov L&#8217;Etape pre oblas\u0165 \u017diar nad Hronom. T\u00fato funkciu som s rados\u0165ou prijal a\u00a0<strong>sna\u017eil som sa raz mesa\u010dne organizova\u0165 komunitn\u00e9 jazdy, v\u00a0r\u00e1mci ktor\u00fdch bolo prioritn\u00fdm cie\u013eom edukova\u0165 hobby cyklistov a\u00a0pripravi\u0165 ich na jazdu vo ve\u013ekom cyklistickom pelot\u00f3ne,<\/strong> aby na pretekoch nemali probl\u00e9m pri pohybe v\u00a0tak ve\u013ekom bal\u00edku. V\u00a0r\u00e1mci tohto obdobia teda pravidelne prebiehali tr\u00e9ningy a komunik\u00e1cia v\u00a0na\u0161ej skupine. Ani som sa nenazdal a\u00a0bol tu de\u0148 D.\u00a0<\/span><\/p>\n<div id='gallery-1' class='gallery galleryid-19592 gallery-columns-2 gallery-size-full'><figure class='gallery-item'>\n\t\t\t<div class='gallery-icon landscape'>\n\t\t\t\t<a href='https:\/\/d2p6e6u75xmxt8.cloudfront.net\/4\/2024\/08\/foto-c.2.webp'><img loading=\"lazy\" decoding=\"async\" width=\"990\" height=\"660\" src=\"https:\/\/d2p6e6u75xmxt8.cloudfront.net\/4\/2024\/08\/foto-c.2.webp\" class=\"attachment-full size-full\" alt=\"\" srcset=\"https:\/\/d2p6e6u75xmxt8.cloudfront.net\/4\/2024\/08\/foto-c.2.webp 990w, https:\/\/d2p6e6u75xmxt8.cloudfront.net\/4\/2024\/08\/foto-c.2-300x200.webp 300w, https:\/\/d2p6e6u75xmxt8.cloudfront.net\/4\/2024\/08\/foto-c.2-768x512.webp 768w, https:\/\/d2p6e6u75xmxt8.cloudfront.net\/4\/2024\/08\/foto-c.2-400x267.webp 400w, https:\/\/d2p6e6u75xmxt8.cloudfront.net\/4\/2024\/08\/foto-c.2-272x182.webp 272w\" sizes=\"auto, (max-width: 990px) 100vw, 990px\" \/><\/a>\n\t\t\t<\/div><\/figure><figure class='gallery-item'>\n\t\t\t<div class='gallery-icon landscape'>\n\t\t\t\t<a href='https:\/\/d2p6e6u75xmxt8.cloudfront.net\/4\/2024\/08\/foto-c.3.webp'><img loading=\"lazy\" decoding=\"async\" width=\"990\" height=\"660\" src=\"https:\/\/d2p6e6u75xmxt8.cloudfront.net\/4\/2024\/08\/foto-c.3.webp\" class=\"attachment-full size-full\" alt=\"L&#039;Etape Slovakia 2024\" srcset=\"https:\/\/d2p6e6u75xmxt8.cloudfront.net\/4\/2024\/08\/foto-c.3.webp 990w, https:\/\/d2p6e6u75xmxt8.cloudfront.net\/4\/2024\/08\/foto-c.3-300x200.webp 300w, https:\/\/d2p6e6u75xmxt8.cloudfront.net\/4\/2024\/08\/foto-c.3-768x512.webp 768w, https:\/\/d2p6e6u75xmxt8.cloudfront.net\/4\/2024\/08\/foto-c.3-400x267.webp 400w, https:\/\/d2p6e6u75xmxt8.cloudfront.net\/4\/2024\/08\/foto-c.3-272x182.webp 272w\" sizes=\"auto, (max-width: 990px) 100vw, 990px\" \/><\/a>\n\t\t\t<\/div><\/figure>\n\t\t<\/div>\n\n<h2><b>V\u00edkend pln\u00fd cyklistiky \u0161tartuje<\/b><\/h2>\n<p><span style=\"font-weight: 400;\">Pred rokom som dal prednos\u0165 \u201eDubni\u010d\u00e1ku\u201c, a tak som e\u0161te nov\u00e9 z\u00e1zemie v r\u00e1mci OC Eurovea nevidel. Bol som preto ve\u013emi zvedav\u00fd, ako to tam cel\u00e9 bude vyzera\u0165. Piatkov\u00e9 \u00favodn\u00e9 akcie pre pracovn\u00e9 povinnosti bohu\u017eia\u013e vyp\u00fa\u0161\u0165am a v sobotu okolo 12:00 hod. naklad\u00e1m bike aj cel\u00fa rodinu do auta a vyr\u00e1\u017eame smer Bratislava. Po pr\u00edjazde sa ideme ubytova\u0165 a n\u00e1sledne sa pres\u00favame na miesto do L&#8217;Etape village, kde v r\u00e1mci sprievodn\u00e9ho programu m\u00e1me na p\u00f3dium vyst\u00fapi\u0165 aj tr\u00e9neri z jednotliv\u00fdch oblast\u00ed Slovenska.\u00a0<\/span><\/p>\n<p><span style=\"font-weight: 400;\">Mus\u00edm poveda\u0165, \u017ee situova\u0165 village do Eurovei bol super n\u00e1pad. V\u00a0prostred\u00ed pri Dunaji to nemalo chybu, v\u00a0r\u00e1mci tohto z\u00e1zemia si aj moji krpci pri\u0161li na svoje a\u00a0maminke nemrn\u010dali, ke\u010f som sa odbehol prezentova\u0165 a\u00a0vybavi\u0165 si povinnosti v\u00a0r\u00e1mci spolupr\u00e1ce. <strong>Bolo vidno, \u017ee sprievodn\u00e9 akcie, st\u00e1nky a\u00a0hlavne aj \u013eudia, ktor\u00ed rozpr\u00e1vali na p\u00f3diu, zaujali \u0161irok\u00fa verejnos\u0165, ktor\u00e1 si pri\u0161la mo\u017eno len nak\u00fapi\u0165, \u010do je \u00faplne super.\u00a0<\/strong><\/span><\/p>\n<p><span style=\"font-weight: 400;\">V\u00a0r\u00e1mci rozhovoru n\u00e1s vyspovedali Junior spolu s\u00a0Cepom a\u00a0mysl\u00edm si, \u017ee ot\u00e1zky, ktor\u00e9 kl\u00e1dli, boli trefn\u00e9 a k\u00a0veci. Aj hobby jazdci \u010di\u00a0za\u010d\u00ednaj\u00faci cyklisti sa tak mohli dozvedie\u0165 mnoho zauj\u00edmavost\u00ed nielen z\u00a0tr\u00e9ningov\u00e9ho procesu cyklistov.<\/span><\/p>\n<p><span style=\"font-weight: 400;\">Po t\u00fdchto \u00favodn\u00fdch akci\u00e1ch sa idem s\u00a0dobr\u00fdm pocitom e\u0161te nave\u010dera\u0165 a\u00a0prejs\u0165 s\u00a0rodinkou popri Dunaji &#8211; a\u00a0potom u\u017e smer hotel.\u00a0<\/span><\/p>\n<h2><b>Pr\u00edprava biku<\/b><\/h2>\n<p><span style=\"font-weight: 400;\">Tento rok jazd\u00edm na novom \u0161panielskom aero bicykli. Aj napriek tomu, \u017ee je to aero model, tak \u201e\u0161panielski soudrozi udelali chybu\u201c a od v\u00fdroby na\u0148 osadili len hrub\u00fa p\u00edlu s 50 zubmi. <strong>V\u00a0be\u017enom tr\u00e9ningu mi to v\u00f4bec neprek\u00e1\u017ealo, ke\u010f\u017ee 90 % j\u00e1zd jazd\u00edm s\u00e1m, no tu v\u00a0bal\u00edku by mi 50 zubov bolo\u00a0ur\u010dite m\u00e1lo.<\/strong> Montujem teda 52-zubov\u00fd\u00a0prevodn\u00edk. Ke\u010f\u017ee tra\u0165 je \u010dlenit\u00e1, vol\u00edm 45 mm koles\u00e1 FFWD. E\u0161te nalep\u00edm \u010d\u00edsla a\u00a0bicykel je ready.<\/span><\/p>\n<p><img loading=\"lazy\" decoding=\"async\" class=\"alignnone size-full wp-image-19597\" src=\"https:\/\/d2p6e6u75xmxt8.cloudfront.net\/4\/2024\/08\/foto-c.4.webp\" alt=\"\" width=\"990\" height=\"660\" srcset=\"https:\/\/d2p6e6u75xmxt8.cloudfront.net\/4\/2024\/08\/foto-c.4.webp 990w, https:\/\/d2p6e6u75xmxt8.cloudfront.net\/4\/2024\/08\/foto-c.4-300x200.webp 300w, https:\/\/d2p6e6u75xmxt8.cloudfront.net\/4\/2024\/08\/foto-c.4-768x512.webp 768w, https:\/\/d2p6e6u75xmxt8.cloudfront.net\/4\/2024\/08\/foto-c.4-400x267.webp 400w, https:\/\/d2p6e6u75xmxt8.cloudfront.net\/4\/2024\/08\/foto-c.4-272x182.webp 272w\" sizes=\"auto, (max-width: 990px) 100vw, 990px\" \/><\/p>\n<h2><b>De\u0148 pretekov\u00a0<\/b><\/h2>\n<p><span style=\"font-weight: 400;\">Bohu\u017eia\u013e, noc pre m\u0148a nebola dobr\u00e1. Zle sa mi spalo, respekt\u00edve som skoro nespal. O pol 6 sa preber\u00e1m z\u00a0tohto bdenia dol\u00e1man\u00fd a\u00a0nec\u00edtim sa v\u00a0pohode. Pomaly sa d\u00e1vam dokopy a\u00a0chyst\u00e1m sa na \u0161tart, ktor\u00fd je u\u017e o\u00a007:00 hod. <strong>Vzh\u013eadom na posledn\u00e9 dni hor\u00fa\u010dav tento ne\u0161tandardn\u00fd \u010das \u0161tartu vn\u00edmam pozit\u00edvne.<\/strong> Ra\u0148ajky mi takisto akosi nesadli, ale zatia\u013e si z\u00a0toho ni\u010d nerob\u00edm, v\u0161ak do \u0161tartu je e\u0161te viac ako hodina. Z\u00a0hotela do Eurovei to m\u00e1m 700 m, a\u00a0tak o\u00a006:30 hod. sad\u00e1m na bike a\u00a0pres\u00favam sa tam.\u00a0<\/span><\/p>\n<p><img loading=\"lazy\" decoding=\"async\" class=\"alignnone size-full wp-image-19598\" src=\"https:\/\/d2p6e6u75xmxt8.cloudfront.net\/4\/2024\/08\/foto-c.5.webp\" alt=\"\" width=\"990\" height=\"660\" srcset=\"https:\/\/d2p6e6u75xmxt8.cloudfront.net\/4\/2024\/08\/foto-c.5.webp 990w, https:\/\/d2p6e6u75xmxt8.cloudfront.net\/4\/2024\/08\/foto-c.5-300x200.webp 300w, https:\/\/d2p6e6u75xmxt8.cloudfront.net\/4\/2024\/08\/foto-c.5-768x512.webp 768w, https:\/\/d2p6e6u75xmxt8.cloudfront.net\/4\/2024\/08\/foto-c.5-400x267.webp 400w, https:\/\/d2p6e6u75xmxt8.cloudfront.net\/4\/2024\/08\/foto-c.5-272x182.webp 272w\" sizes=\"auto, (max-width: 990px) 100vw, 990px\" \/><\/p>\n<h2><b>Dnes to bude tort\u00fara<\/b><\/h2>\n<p><span style=\"font-weight: 400;\">V r\u00e1mci podujatia s\u00fa na v\u00fdber <strong>dve trasy &#8211; dlh\u0161ia RACE, ktor\u00e1 m\u00e1 112 km a 1650 v\u00fd\u0161kov\u00fdch metrov, a krat\u0161ia RIDE so 60 km a cca polovi\u010dnou porciou v\u00fd\u0161kov\u00fdch metrov.<\/strong> Ja som prihl\u00e1sen\u00fd na dlh\u0161iu trasu. Za tie roky, ktor\u00e9 som str\u00e1vil v sedle bicykla, sa dokonale pozn\u00e1m a u\u017e pri zahrievan\u00ed viem, \u017ee to nebude dobr\u00e9. <\/span><\/p>\n<p><span style=\"font-weight: 400;\">\u017dal\u00fadok m\u00e1m pln\u00fd a nohy s\u00fa pr\u00e1zdne. To znamen\u00e1, \u017ee sa mi nepodarilo str\u00e1vi\u0165 energiu, ktor\u00fa som sa sna\u017eil v r\u00e1mci nejakej f\u00e1zy nacukrenia de\u0148 pred pretekmi prija\u0165. Nepre\u0161la dobre cez tr\u00e1viaci trakt a c\u00edtil som pln\u00fd \u017eal\u00fadok. Pri pr\u00edchode do village e\u0161te rozm\u00fd\u0161\u013eam o \u013eah\u0161ej alternat\u00edve, a to, \u017ee sa prehl\u00e1sim na krat\u0161iu trasu. Bohu\u017eia\u013e, moje ego valcuje rozum i pocity a vol\u00edm si \u0165a\u017e\u0161iu cestu.\u00a0\u00a0<\/span><\/p>\n<h2><b>Konkurencia je u\u017e napoh\u013ead vysok\u00e1<\/b><\/h2>\n<p><span style=\"font-weight: 400;\">Je len 06:30 hod. r\u00e1no a\u00a0tu to \u017eije ako na V\u00e1clav\u00e1ku. Aj to je jedine\u010dn\u00e1 atmosf\u00e9ra t\u00fdchto pretekov. Je to naozaj masov\u00e9 podujatie, ktor\u00e9 zdru\u017euje ve\u013ek\u00fa cyklistick\u00fa komunitu. Na \u0161tarte je viacero koridorov, do ktor\u00fdch sa m\u00f4\u017ee pretek\u00e1r zaradi\u0165 pod\u013ea \u010dasu, na ktor\u00fd si ver\u00ed, \u017ee zajazd\u00ed.<strong> Ja som mal mo\u017enos\u0165 \u0161tartova\u0165 z\u00a0ELITE koridoru, a\u00a0tak som to vyu\u017eil. <\/strong><\/span><\/p>\n<p><span style=\"font-weight: 400;\">Proti vy\u0161vihan\u00fdm 70-kilov\u00fdm chlapcom tu p\u00f4sob\u00edm asi tro\u0161ka komicky, no hlavne mi ide o\u00a0bezpe\u010dnos\u0165 a o\u00a0to, aby som nezostal niekde zatvoren\u00fd. Presne o\u00a007:00 hod. \u0161tartujeme sl\u00e1vnostn\u00fdm \u0161tartom a\u00a0pres\u00favame sa cez most Apollo a\u00a0Bratislavou smerom k\u00a0ostr\u00e9mu \u0161tartu.\u00a0<\/span><\/p>\n<p><img loading=\"lazy\" decoding=\"async\" class=\"alignnone wp-image-19599 size-full\" src=\"https:\/\/d2p6e6u75xmxt8.cloudfront.net\/4\/2024\/08\/foto-c.6.webp\" alt=\"Bratislava, L'Etape Slovakia 2024\" width=\"990\" height=\"660\" srcset=\"https:\/\/d2p6e6u75xmxt8.cloudfront.net\/4\/2024\/08\/foto-c.6.webp 990w, https:\/\/d2p6e6u75xmxt8.cloudfront.net\/4\/2024\/08\/foto-c.6-300x200.webp 300w, https:\/\/d2p6e6u75xmxt8.cloudfront.net\/4\/2024\/08\/foto-c.6-768x512.webp 768w, https:\/\/d2p6e6u75xmxt8.cloudfront.net\/4\/2024\/08\/foto-c.6-400x267.webp 400w, https:\/\/d2p6e6u75xmxt8.cloudfront.net\/4\/2024\/08\/foto-c.6-272x182.webp 272w\" sizes=\"auto, (max-width: 990px) 100vw, 990px\" \/><\/p>\n<h2><b>Sl\u00e1vnostn\u00fd \u0161tart si e\u0161te u\u017e\u00edvam<\/b><\/h2>\n<p><span style=\"font-weight: 400;\">Bratislava ako mesto sa mi a\u017e tak nep\u00e1\u010di. V\u00a0be\u017enom dni p\u00f4sob\u00ed na m\u0148a preplnene, nerv\u00f3zne a\u00a0chaoticky. No dnes r\u00e1no je v\u0161etko inak. <strong>Mesto je pr\u00e1zdne, doprava uzavret\u00e1 a\u00a0t\u00fdm, \u017ee prech\u00e1dzame cez najkraj\u0161ie \u010dasti mesta a\u00a0do toho e\u0161te vych\u00e1dza slnko, tak vznik\u00e1 naozaj jedine\u010dn\u00e1 atmosf\u00e9ra.\u00a0\u00a0<\/strong><\/span><\/p>\n<p><img loading=\"lazy\" decoding=\"async\" class=\"alignnone size-full wp-image-19600\" src=\"https:\/\/d2p6e6u75xmxt8.cloudfront.net\/4\/2024\/08\/foto-c.7.webp\" alt=\"\" width=\"990\" height=\"660\" srcset=\"https:\/\/d2p6e6u75xmxt8.cloudfront.net\/4\/2024\/08\/foto-c.7.webp 990w, https:\/\/d2p6e6u75xmxt8.cloudfront.net\/4\/2024\/08\/foto-c.7-300x200.webp 300w, https:\/\/d2p6e6u75xmxt8.cloudfront.net\/4\/2024\/08\/foto-c.7-768x512.webp 768w, https:\/\/d2p6e6u75xmxt8.cloudfront.net\/4\/2024\/08\/foto-c.7-400x267.webp 400w, https:\/\/d2p6e6u75xmxt8.cloudfront.net\/4\/2024\/08\/foto-c.7-272x182.webp 272w\" sizes=\"auto, (max-width: 990px) 100vw, 990px\" \/><\/p>\n<h2><b>Priebeh pretekov<\/b><\/h2>\n<p><span style=\"font-weight: 400;\">Po prechode ostr\u00fdm \u0161tartom je po atmosf\u00e9re <\/span><span style=\"font-weight: 400;\">\u263a<\/span><span style=\"font-weight: 400;\">. V bal\u00edku po\u010du\u0165 cvak, cvak, cvak a\u00a0u\u017e sa val\u00ed 60-tkou. Tro\u0161ku si pripad\u00e1m ako za mlad\u00fdch \u010dias, ke\u010f som jazdil juniorsk\u00fd svetov\u00fd poh\u00e1r. Na\u0161\u0165astie pohyb vo ve\u013ekom pelot\u00f3ne m\u00e1m zvl\u00e1dnut\u00fd, a\u00a0tak takzvane pilotujem niekde v\u00a0tretej lajne a\u00a0v\u00a0podstate sa voz\u00edm. <strong>Pelot\u00f3n celkom let\u00ed a\u00a0c\u00edti\u0165 aj nervozitu, no na\u0161\u0165astie to nikde nepad\u00e1.<\/strong> Viem, \u017ee na kopec Strmina, kde sa to bude deli\u0165, je cca 50 min\u00fat, a\u00a0tak \u0161etr\u00edm v\u0161etky sily.<\/span><\/p>\n<p><span style=\"font-weight: 400;\">Na \u201egurm\u00e1na\u201c do nie dobr\u00e9ho \u017eal\u00fadka d\u00e1vam e\u0161te g\u00e9l. 50 min\u00fat je za nami a\u00a0r\u00fatime sa na Strminu. M\u00e1m otestovan\u00e9, \u017ee okolo 8 min\u00fat udr\u017e\u00edm v\u00fdkon 453 W. <strong>No dnes zjavne nie je m\u00f4j de\u0148, do kopca som narazil ako Titanic na \u013eadovec a u\u017e v\u00a0druhej min\u00fate uber\u00e1m na 400 W.<\/strong> Za\u010d\u00edna ma p\u00e1li\u0165 \u017eal\u00fadok a\u00a0viem, \u017ee moje pretekanie dnes sa skon\u010dilo a\u00a0za\u010d\u00edna sa survival.\u00a0<\/span><\/p>\n<p><span style=\"font-weight: 400;\">Strminu prejdem v z\u00e1vere \u010delnej skupiny, ale nec\u00edtim sa dobre, a\u00a0tak sa odp\u00e1jam. Potom idem dlho s\u00e1m a\u00a0niekde pred Pezinkom m\u00e1 dobieha po\u010detn\u00e1 skupina. <strong>Nie som ten typ, ktor\u00fd by pretekanie bral u\u017e nejako v\u00e1\u017ene, ale v\u00a0tento de\u0148 nie som na tom dobre ani psychicky.<\/strong> Myslel som si, \u017ee som niekde okolo 300. miesta. Viac-menej som u\u017e bojoval len s\u00e1m so sebou, \u010di nezosadnem z\u00a0biku a\u00a0nenast\u00fapim do zber\u00e1ka.<\/span><\/p>\n<p><span style=\"font-weight: 400;\">Aby toho nebolo m\u00e1lo, tak sa ozvala star\u0161ia z\u00e1le\u017eitos\u0165 a\u00a0z\u00a0toho, \u017ee som sa musel prem\u00e1ha\u0165 a\u00a0zat\u00edna\u0165 zuby, mi vysko\u010dila s\u00e1nka. \u010ci\u017ee aj pitie ma za\u010dalo bolie\u0165, ke\u010f\u017ee sa mi nedalo dobre otvori\u0165 \u00fasta. Zosad\u00e1m preto z\u00a0biku, nahadzujem si s\u00e1nku sp\u00e4\u0165 a pokra\u010dujem \u010falej.<\/span><\/p>\n<p><img loading=\"lazy\" decoding=\"async\" class=\"alignnone size-full wp-image-19601\" src=\"https:\/\/d2p6e6u75xmxt8.cloudfront.net\/4\/2024\/08\/foto-c.8.webp\" alt=\"\" width=\"990\" height=\"660\" srcset=\"https:\/\/d2p6e6u75xmxt8.cloudfront.net\/4\/2024\/08\/foto-c.8.webp 990w, https:\/\/d2p6e6u75xmxt8.cloudfront.net\/4\/2024\/08\/foto-c.8-300x200.webp 300w, https:\/\/d2p6e6u75xmxt8.cloudfront.net\/4\/2024\/08\/foto-c.8-768x512.webp 768w, https:\/\/d2p6e6u75xmxt8.cloudfront.net\/4\/2024\/08\/foto-c.8-400x267.webp 400w, https:\/\/d2p6e6u75xmxt8.cloudfront.net\/4\/2024\/08\/foto-c.8-272x182.webp 272w\" sizes=\"auto, (max-width: 990px) 100vw, 990px\" \/><\/p>\n<p><span style=\"font-weight: 400;\">Potom si vrav\u00edm: <em>\u201eVe\u010f o ni\u010d nejde.\u201c<\/em> Pokra\u010dujem v tr\u00e9ningovom tempe s t\u00fdm, \u017ee som chcel osta\u0165 v po\u010detnej skupine, ktor\u00e1 ma dobehla. Po zjazde z Pezinskej Baby, pri prejazde cez vinice, sa v tejto skupine za\u010dalo nastupova\u0165. Na to som u\u017e proste nemal n\u00e1ladu, a tak si idem svoje tempo. Paradoxne mi u\u017e nie je zle, ale proste to nejde.\u00a0<\/span><\/p>\n<p><span style=\"font-weight: 400;\">Prejazdy les\u00edkom, ktor\u00e9 smeruj\u00fa pod Kamz\u00edk, si u\u017e za\u010d\u00ednam u\u017e\u00edva\u0165, ide sa po tieni, v\u0161ade pri trati fandia \u013eudia, a\u00a0tak ma to znovu za\u010d\u00edna bavi\u0165. Kone\u010dne prich\u00e1dzam pod Kamz\u00edk, e\u0161te 3 km sa do kopca zatnem a\u00a0som v cieli. <strong>S\u00edce som si myslel, \u017ee som \u00faplne posledn\u00fd, no nakoniec fini\u0161ujem na 49. mieste v\u00a0kateg\u00f3rii z\u00a0nejak\u00fdch 300 \u013eud\u00ed, \u010do vzh\u013eadom na okolnosti asi nie je zl\u00e9.\u00a0<\/strong><\/span><\/p>\n<p><span style=\"font-weight: 400;\">Po pretekoch si pripad\u00e1m tro\u0161ku ako schizofrenik. Za 03:15 hodiny v sedle bicykla som si pre\u0161iel naozaj r\u00f4znymi stavmi &#8211; <strong>od bezmocnosti a vy\u010derpania po n\u00e1vrat radosti a euf\u00f3rie z bicyklovania.<\/strong> Mus\u00edm poveda\u0165, \u017ee u\u017e d\u00e1vno sa mi na pretekoch ne\u0161lo takto zle. Preto som r\u00e1d, \u017ee som to nevzdal a dokon\u010dil som.\u00a0\u00a0\u00a0<\/span><\/p>\n<p><img loading=\"lazy\" decoding=\"async\" class=\"alignnone wp-image-19602 size-full\" src=\"https:\/\/d2p6e6u75xmxt8.cloudfront.net\/4\/2024\/08\/foto-c.9.webp\" alt=\"L'Etape Slovakia\" width=\"990\" height=\"660\" srcset=\"https:\/\/d2p6e6u75xmxt8.cloudfront.net\/4\/2024\/08\/foto-c.9.webp 990w, https:\/\/d2p6e6u75xmxt8.cloudfront.net\/4\/2024\/08\/foto-c.9-300x200.webp 300w, https:\/\/d2p6e6u75xmxt8.cloudfront.net\/4\/2024\/08\/foto-c.9-768x512.webp 768w, https:\/\/d2p6e6u75xmxt8.cloudfront.net\/4\/2024\/08\/foto-c.9-400x267.webp 400w, https:\/\/d2p6e6u75xmxt8.cloudfront.net\/4\/2024\/08\/foto-c.9-272x182.webp 272w\" sizes=\"auto, (max-width: 990px) 100vw, 990px\" \/><\/p>\n<h2><b>Za m\u0148a rozhodne najlep\u0161ie, \u010do doma m\u00e1me<\/b><\/h2>\n<p><span style=\"font-weight: 400;\"><strong>Aj napriek mojej kr\u00edze som si podujatie u\u017eil a\u00a0mysl\u00edm si, \u017ee na Slovensku nem\u00e1 \u017eiadnu konkurenciu.<\/strong> \u00c1no, hejteri mo\u017eno povedia, \u017ee s\u00fa to\u00a0majstrovstv\u00e1 galaxie. To je mo\u017eno pre p\u00e1r jedincov pravda, no ke\u010f to zoberiem komplexne, tak d\u00e1vam klob\u00fak dole pred organiz\u00e1tormi. U\u017e len vybavi\u0165 povolenia, uzavrie\u0165 cestu a\u00a0nachysta\u0165 trasu na takej vysokej \u00farovni sa rad\u00ed na Slovensku do kateg\u00f3rie sci-fi. <\/span><\/p>\n<p><span style=\"font-weight: 400;\">Okolo podujatia je po\u010das cel\u00e9ho roka neskuto\u010dn\u00fd marketing, ktor\u00fd sem <strong>pritiahne komunitu skoro 1000 cyklistov r\u00f4znych vekov\u00fdch a v\u00fdkonnostn\u00fdch kateg\u00f3ri\u00ed. To je z m\u00f4jho poh\u013eadu obdivuhodn\u00e9.<\/strong> Som r\u00e1d, \u017ee som sa mohol sta\u0165 s\u00fa\u010das\u0165ou tohto podujatia ako tr\u00e9ner pre oblas\u0165 \u017diar nad Hronom a znovu sa z\u00fa\u010dastni\u0165 pretekov a\u00a0u\u017ei\u0165 si atmosf\u00e9ru Tour de France tu doma na Slovensku.<\/span><\/p>\n<p>Kompletn\u00e9 v\u00fdsledky n\u00e1jdete na <a href=\"https:\/\/www.sportsofttiming.sk\/en\/race\/overview\/9032\" target=\"_blank\" rel=\"noopener\">tomto odkaze<\/a>.<\/p>\n<p><b>Zdroj fotiek:\u00a0<\/b><span style=\"font-weight: 400;\">Fotoalbum autora,\u00a0<\/span><span style=\"font-weight: 400;\">Becool L\u00b4Etape\u00a0<\/span><\/p>\n<p><b>Rozsiahle fotogal\u00e9rie: <a href=\"https:\/\/www.sportsofttiming.sk\/en\/race\/overview\/9032\" target=\"_blank\" rel=\"noopener\">Facebook<\/a>, <a href=\"https:\/\/www.dropbox.com\/scl\/fo\/bilp72dnh1y2ufir57az6\/ACq2UK6XuqJQ-i4yATh9Stw?rlkey=35u0uxtgl2zc6my8iuxv030yi&amp;st=szsxw93g&amp;dl=0\" target=\"_blank\" rel=\"noopener\">Dropbox\u00a0<\/a><\/b><\/p>\n","protected":false},"excerpt":{"rendered":"<p>Uplynul\u00fd v\u00edkend sa v Bratislave uskuto\u010dnil 4. ro\u010dn\u00edk u\u017e legend\u00e1rneho podujatia L&#8217;Etape by Tour de France, kde som sa po [&hellip;]<\/p>\n","protected":false},"author":172,"featured_media":19593,"comment_status":"open","ping_status":"open","sticky":false,"template":"","format":"standard","meta":{"footnotes":""},"categories":[38],"tags":[319,521,275,115,546,248,1351,1372,566,767,37,179,39,1615,183,1117],"global-categories":[1074],"class_list":["post-19592","post","type-post","status-publish","format-standard","has-post-thumbnail","hentry","category-reportaz","tag-adrenalin","tag-bratislava","tag-cesta","tag-cestna-cyklistika","tag-cyklistika","tag-hobby","tag-letape-slovakia","tag-letape-slovakia-by-tour-de-france","tag-leto","tag-motivacia","tag-podujatia","tag-preteky","tag-reportaz","tag-sezona-2024","tag-zabava","tag-zazitok","global-categories-cycling"],"yoast_head":"<!-- This site is optimized with the Yoast SEO Premium plugin v25.3 (Yoast SEO v25.9) - https:\/\/yoast.com\/wordpress\/plugins\/seo\/ -->\n<title>Report\u00e1\u017e: L&#039;Etape Slovakia \u2013 to najlep\u0161ie, \u010do doma m\u00e1me - \u0160koda We Love Cycling Slovensko<\/title>\n<meta name=\"description\" content=\"Uplynul\u00fd v\u00edkend sa v Bratislave uskuto\u010dnil 4. ro\u010dn\u00edk u\u017e legend\u00e1rneho podujatia L&#039;Etape by Tour de France - ako sa mi jazdilo?\" \/>\n<meta name=\"robots\" content=\"index, follow, max-snippet:-1, max-image-preview:large, max-video-preview:-1\" \/>\n<link rel=\"canonical\" href=\"https:\/\/www.welovecycling.com\/sk\/2024\/08\/28\/reportaz-letape-slovakia-to-najlepsie-co-doma-mame\/\" \/>\n<meta property=\"og:locale\" content=\"sk_SK\" \/>\n<meta property=\"og:type\" content=\"article\" \/>\n<meta property=\"og:title\" content=\"Report\u00e1\u017e: L&#039;Etape Slovakia \u2013 to najlep\u0161ie, \u010do doma m\u00e1me\" \/>\n<meta property=\"og:description\" content=\"Uplynul\u00fd v\u00edkend sa v Bratislave uskuto\u010dnil 4. ro\u010dn\u00edk u\u017e legend\u00e1rneho podujatia L&#039;Etape by Tour de France - ako sa mi jazdilo?\" \/>\n<meta property=\"og:url\" content=\"https:\/\/www.welovecycling.com\/sk\/2024\/08\/28\/reportaz-letape-slovakia-to-najlepsie-co-doma-mame\/\" \/>\n<meta property=\"og:site_name\" content=\"\u0160koda We Love Cycling Slovensko\" \/>\n<meta property=\"article:published_time\" content=\"2024-08-28T12:00:07+00:00\" \/>\n<meta property=\"og:image\" content=\"https:\/\/d2p6e6u75xmxt8.cloudfront.net\/4\/2024\/08\/titulna.webp\" \/>\n\t<meta property=\"og:image:width\" content=\"990\" \/>\n\t<meta property=\"og:image:height\" content=\"660\" \/>\n\t<meta property=\"og:image:type\" content=\"image\/webp\" \/>\n<meta name=\"author\" content=\"dominika\" \/>\n<meta name=\"twitter:card\" content=\"summary_large_image\" \/>\n<meta name=\"twitter:label1\" content=\"Written by\" \/>\n\t<meta name=\"twitter:data1\" content=\"Michal Procner\" \/>\n\t<meta name=\"twitter:label2\" content=\"Est. reading time\" \/>\n\t<meta name=\"twitter:data2\" content=\"7\" \/>\n<script type=\"application\/ld+json\" class=\"yoast-schema-graph\">{\"@context\":\"https:\/\/schema.org\",\"@graph\":[{\"@type\":\"WebPage\",\"@id\":\"https:\/\/www.welovecycling.com\/sk\/2024\/08\/28\/reportaz-letape-slovakia-to-najlepsie-co-doma-mame\/\",\"url\":\"https:\/\/www.welovecycling.com\/sk\/2024\/08\/28\/reportaz-letape-slovakia-to-najlepsie-co-doma-mame\/\",\"name\":\"Report\u00e1\u017e: L'Etape Slovakia \u2013 to najlep\u0161ie, \u010do doma m\u00e1me - \u0160koda We Love Cycling Slovensko\",\"isPartOf\":{\"@id\":\"https:\/\/www.welovecycling.com\/sk\/#website\"},\"primaryImageOfPage\":{\"@id\":\"https:\/\/www.welovecycling.com\/sk\/2024\/08\/28\/reportaz-letape-slovakia-to-najlepsie-co-doma-mame\/#primaryimage\"},\"image\":{\"@id\":\"https:\/\/www.welovecycling.com\/sk\/2024\/08\/28\/reportaz-letape-slovakia-to-najlepsie-co-doma-mame\/#primaryimage\"},\"thumbnailUrl\":\"https:\/\/d2p6e6u75xmxt8.cloudfront.net\/4\/2024\/08\/titulna.webp\",\"datePublished\":\"2024-08-28T12:00:07+00:00\",\"author\":{\"@id\":\"https:\/\/www.welovecycling.com\/sk\/#\/schema\/person\/533b62b98b6c41bd5135ebfb1f742624\"},\"description\":\"Uplynul\u00fd v\u00edkend sa v Bratislave uskuto\u010dnil 4. ro\u010dn\u00edk u\u017e legend\u00e1rneho podujatia L'Etape by Tour de France - ako sa mi jazdilo?\",\"breadcrumb\":{\"@id\":\"https:\/\/www.welovecycling.com\/sk\/2024\/08\/28\/reportaz-letape-slovakia-to-najlepsie-co-doma-mame\/#breadcrumb\"},\"inLanguage\":\"sk-SK\",\"potentialAction\":[{\"@type\":\"ReadAction\",\"target\":[\"https:\/\/www.welovecycling.com\/sk\/2024\/08\/28\/reportaz-letape-slovakia-to-najlepsie-co-doma-mame\/\"]}]},{\"@type\":\"ImageObject\",\"inLanguage\":\"sk-SK\",\"@id\":\"https:\/\/www.welovecycling.com\/sk\/2024\/08\/28\/reportaz-letape-slovakia-to-najlepsie-co-doma-mame\/#primaryimage\",\"url\":\"https:\/\/d2p6e6u75xmxt8.cloudfront.net\/4\/2024\/08\/titulna.webp\",\"contentUrl\":\"https:\/\/d2p6e6u75xmxt8.cloudfront.net\/4\/2024\/08\/titulna.webp\",\"width\":990,\"height\":660},{\"@type\":\"BreadcrumbList\",\"@id\":\"https:\/\/www.welovecycling.com\/sk\/2024\/08\/28\/reportaz-letape-slovakia-to-najlepsie-co-doma-mame\/#breadcrumb\",\"itemListElement\":[{\"@type\":\"ListItem\",\"position\":1,\"name\":\"Home\",\"item\":\"https:\/\/www.welovecycling.com\/sk\/\"},{\"@type\":\"ListItem\",\"position\":2,\"name\":\"Report\u00e1\u017e: L&#8217;Etape Slovakia \u2013 to najlep\u0161ie, \u010do doma m\u00e1me\"}]},{\"@type\":\"WebSite\",\"@id\":\"https:\/\/www.welovecycling.com\/sk\/#website\",\"url\":\"https:\/\/www.welovecycling.com\/sk\/\",\"name\":\"\u0160koda We Love Cycling Slovensko\",\"description\":\"\u0160koda We Love Cycling Slovensko je v\u00e1\u0161 ka\u017edodenn\u00fd zdroj noviniek a in\u0161pir\u00e1cie z sveta cyklistiky\",\"potentialAction\":[{\"@type\":\"SearchAction\",\"target\":{\"@type\":\"EntryPoint\",\"urlTemplate\":\"https:\/\/www.welovecycling.com\/sk\/?s={search_term_string}\"},\"query-input\":{\"@type\":\"PropertyValueSpecification\",\"valueRequired\":true,\"valueName\":\"search_term_string\"}}],\"inLanguage\":\"sk-SK\"},{\"@type\":\"Person\",\"@id\":\"https:\/\/www.welovecycling.com\/sk\/#\/schema\/person\/533b62b98b6c41bd5135ebfb1f742624\",\"name\":\"dominika\",\"image\":{\"@type\":\"ImageObject\",\"inLanguage\":\"sk-SK\",\"@id\":\"https:\/\/www.welovecycling.com\/sk\/#\/schema\/person\/image\/\",\"url\":\"https:\/\/secure.gravatar.com\/avatar\/ded6f274ba2ec3e17fff153f7d9d96a4b33c2cb63907f75d9a5309c599a7f3e6?s=96&d=mm&r=g\",\"contentUrl\":\"https:\/\/secure.gravatar.com\/avatar\/ded6f274ba2ec3e17fff153f7d9d96a4b33c2cb63907f75d9a5309c599a7f3e6?s=96&d=mm&r=g\",\"caption\":\"dominika\"},\"url\":\"https:\/\/www.welovecycling.com\/sk\/author\/dominika\/\"}]}<\/script>\n<!-- \/ Yoast SEO Premium plugin. -->","yoast_head_json":{"title":"Report\u00e1\u017e: L'Etape Slovakia \u2013 to najlep\u0161ie, \u010do doma m\u00e1me - \u0160koda We Love Cycling Slovensko","description":"Uplynul\u00fd v\u00edkend sa v Bratislave uskuto\u010dnil 4. ro\u010dn\u00edk u\u017e legend\u00e1rneho podujatia L'Etape by Tour de France - ako sa mi jazdilo?","robots":{"index":"index","follow":"follow","max-snippet":"max-snippet:-1","max-image-preview":"max-image-preview:large","max-video-preview":"max-video-preview:-1"},"canonical":"https:\/\/www.welovecycling.com\/sk\/2024\/08\/28\/reportaz-letape-slovakia-to-najlepsie-co-doma-mame\/","og_locale":"sk_SK","og_type":"article","og_title":"Report\u00e1\u017e: L'Etape Slovakia \u2013 to najlep\u0161ie, \u010do doma m\u00e1me","og_description":"Uplynul\u00fd v\u00edkend sa v Bratislave uskuto\u010dnil 4. ro\u010dn\u00edk u\u017e legend\u00e1rneho podujatia L'Etape by Tour de France - ako sa mi jazdilo?","og_url":"https:\/\/www.welovecycling.com\/sk\/2024\/08\/28\/reportaz-letape-slovakia-to-najlepsie-co-doma-mame\/","og_site_name":"\u0160koda We Love Cycling Slovensko","article_published_time":"2024-08-28T12:00:07+00:00","og_image":[{"width":990,"height":660,"url":"https:\/\/d2p6e6u75xmxt8.cloudfront.net\/4\/2024\/08\/titulna.webp","type":"image\/webp"}],"author":"dominika","twitter_card":"summary_large_image","twitter_misc":{"Written by":"Michal Procner","Est. reading time":"7"},"schema":{"@context":"https:\/\/schema.org","@graph":[{"@type":"WebPage","@id":"https:\/\/www.welovecycling.com\/sk\/2024\/08\/28\/reportaz-letape-slovakia-to-najlepsie-co-doma-mame\/","url":"https:\/\/www.welovecycling.com\/sk\/2024\/08\/28\/reportaz-letape-slovakia-to-najlepsie-co-doma-mame\/","name":"Report\u00e1\u017e: L'Etape Slovakia \u2013 to najlep\u0161ie, \u010do doma m\u00e1me - \u0160koda We Love Cycling Slovensko","isPartOf":{"@id":"https:\/\/www.welovecycling.com\/sk\/#website"},"primaryImageOfPage":{"@id":"https:\/\/www.welovecycling.com\/sk\/2024\/08\/28\/reportaz-letape-slovakia-to-najlepsie-co-doma-mame\/#primaryimage"},"image":{"@id":"https:\/\/www.welovecycling.com\/sk\/2024\/08\/28\/reportaz-letape-slovakia-to-najlepsie-co-doma-mame\/#primaryimage"},"thumbnailUrl":"https:\/\/d2p6e6u75xmxt8.cloudfront.net\/4\/2024\/08\/titulna.webp","datePublished":"2024-08-28T12:00:07+00:00","author":{"@id":"https:\/\/www.welovecycling.com\/sk\/#\/schema\/person\/533b62b98b6c41bd5135ebfb1f742624"},"description":"Uplynul\u00fd v\u00edkend sa v Bratislave uskuto\u010dnil 4. ro\u010dn\u00edk u\u017e legend\u00e1rneho podujatia L'Etape by Tour de France - ako sa mi jazdilo?","breadcrumb":{"@id":"https:\/\/www.welovecycling.com\/sk\/2024\/08\/28\/reportaz-letape-slovakia-to-najlepsie-co-doma-mame\/#breadcrumb"},"inLanguage":"sk-SK","potentialAction":[{"@type":"ReadAction","target":["https:\/\/www.welovecycling.com\/sk\/2024\/08\/28\/reportaz-letape-slovakia-to-najlepsie-co-doma-mame\/"]}]},{"@type":"ImageObject","inLanguage":"sk-SK","@id":"https:\/\/www.welovecycling.com\/sk\/2024\/08\/28\/reportaz-letape-slovakia-to-najlepsie-co-doma-mame\/#primaryimage","url":"https:\/\/d2p6e6u75xmxt8.cloudfront.net\/4\/2024\/08\/titulna.webp","contentUrl":"https:\/\/d2p6e6u75xmxt8.cloudfront.net\/4\/2024\/08\/titulna.webp","width":990,"height":660},{"@type":"BreadcrumbList","@id":"https:\/\/www.welovecycling.com\/sk\/2024\/08\/28\/reportaz-letape-slovakia-to-najlepsie-co-doma-mame\/#breadcrumb","itemListElement":[{"@type":"ListItem","position":1,"name":"Home","item":"https:\/\/www.welovecycling.com\/sk\/"},{"@type":"ListItem","position":2,"name":"Report\u00e1\u017e: L&#8217;Etape Slovakia \u2013 to najlep\u0161ie, \u010do doma m\u00e1me"}]},{"@type":"WebSite","@id":"https:\/\/www.welovecycling.com\/sk\/#website","url":"https:\/\/www.welovecycling.com\/sk\/","name":"\u0160koda We Love Cycling Slovensko","description":"\u0160koda We Love Cycling Slovensko je v\u00e1\u0161 ka\u017edodenn\u00fd zdroj noviniek a in\u0161pir\u00e1cie z sveta cyklistiky","potentialAction":[{"@type":"SearchAction","target":{"@type":"EntryPoint","urlTemplate":"https:\/\/www.welovecycling.com\/sk\/?s={search_term_string}"},"query-input":{"@type":"PropertyValueSpecification","valueRequired":true,"valueName":"search_term_string"}}],"inLanguage":"sk-SK"},{"@type":"Person","@id":"https:\/\/www.welovecycling.com\/sk\/#\/schema\/person\/533b62b98b6c41bd5135ebfb1f742624","name":"dominika","image":{"@type":"ImageObject","inLanguage":"sk-SK","@id":"https:\/\/www.welovecycling.com\/sk\/#\/schema\/person\/image\/","url":"https:\/\/secure.gravatar.com\/avatar\/ded6f274ba2ec3e17fff153f7d9d96a4b33c2cb63907f75d9a5309c599a7f3e6?s=96&d=mm&r=g","contentUrl":"https:\/\/secure.gravatar.com\/avatar\/ded6f274ba2ec3e17fff153f7d9d96a4b33c2cb63907f75d9a5309c599a7f3e6?s=96&d=mm&r=g","caption":"dominika"},"url":"https:\/\/www.welovecycling.com\/sk\/author\/dominika\/"}]}},"_links":{"self":[{"href":"https:\/\/www.welovecycling.com\/sk\/wp-json\/wp\/v2\/posts\/19592","targetHints":{"allow":["GET"]}}],"collection":[{"href":"https:\/\/www.welovecycling.com\/sk\/wp-json\/wp\/v2\/posts"}],"about":[{"href":"https:\/\/www.welovecycling.com\/sk\/wp-json\/wp\/v2\/types\/post"}],"author":[{"embeddable":true,"href":"https:\/\/www.welovecycling.com\/sk\/wp-json\/wp\/v2\/users\/172"}],"replies":[{"embeddable":true,"href":"https:\/\/www.welovecycling.com\/sk\/wp-json\/wp\/v2\/comments?post=19592"}],"version-history":[{"count":8,"href":"https:\/\/www.welovecycling.com\/sk\/wp-json\/wp\/v2\/posts\/19592\/revisions"}],"predecessor-version":[{"id":19610,"href":"https:\/\/www.welovecycling.com\/sk\/wp-json\/wp\/v2\/posts\/19592\/revisions\/19610"}],"wp:featuredmedia":[{"embeddable":true,"href":"https:\/\/www.welovecycling.com\/sk\/wp-json\/wp\/v2\/media\/19593"}],"wp:attachment":[{"href":"https:\/\/www.welovecycling.com\/sk\/wp-json\/wp\/v2\/media?parent=19592"}],"wp:term":[{"taxonomy":"category","embeddable":true,"href":"https:\/\/www.welovecycling.com\/sk\/wp-json\/wp\/v2\/categories?post=19592"},{"taxonomy":"post_tag","embeddable":true,"href":"https:\/\/www.welovecycling.com\/sk\/wp-json\/wp\/v2\/tags?post=19592"},{"taxonomy":"global-categories","embeddable":true,"href":"https:\/\/www.welovecycling.com\/sk\/wp-json\/wp\/v2\/global-categories?post=19592"}],"curies":[{"name":"wp","href":"https:\/\/api.w.org\/{rel}","templated":true}]}}