{"id":19577,"date":"2024-08-23T11:30:45","date_gmt":"2024-08-23T09:30:45","guid":{"rendered":"https:\/\/www.welovecycling.com\/sk\/?p=19577"},"modified":"2024-08-23T11:31:32","modified_gmt":"2024-08-23T09:31:32","slug":"wlrmcc-motivuje-alebo-ako-uspesne-zvladnut-zaver-sezony","status":"publish","type":"post","link":"https:\/\/www.welovecycling.com\/sk\/2024\/08\/23\/wlrmcc-motivuje-alebo-ako-uspesne-zvladnut-zaver-sezony\/","title":{"rendered":"WLRMcc motivuje alebo ako \u00faspe\u0161ne zvl\u00e1dnu\u0165 z\u00e1ver sez\u00f3ny"},"content":{"rendered":"<p><strong>Mil\u00ed bikeri,<\/strong><\/p>\n<p><strong>v tomto momente s\u00fa za vami nespo\u010detn\u00e9 hodiny tr\u00e9ningu, potu, \u00fasilia a nad\u0161enia, ktor\u00e9 v\u00e1s priviedli a\u017e sem \u2013 na prah posledn\u00fdch dvoch k\u00f4l v s\u00e9rii \u0160KODA BIKE OPEN TOUR 2024. Doteraz to bola cesta, kde ste na trati prekonali desiatky a na tr\u00e9ningu stovky kilometrov, ale predov\u0161etk\u00fdm sam\u00fdch seba. Teraz prich\u00e1dza ten najd\u00f4le\u017eitej\u0161\u00ed okamih. Fin\u00e1le je na dosah a s n\u00edm aj pr\u00edle\u017eitos\u0165 uk\u00e1za\u0165, \u010do vo v\u00e1s skuto\u010dne je.<\/strong><\/p>\n<h2><!--more--><\/h2>\n<h2><strong><span style=\"color: inherit; font-family: 'SKODA Next', 'Adjusted Arial Fallback', sans-serif;\">1. Zosta\u0148te s\u00fastreden\u00ed na cie\u013e<\/span><\/strong><\/h2>\n<p><span style=\"font-weight: 400;\"><strong>Pam\u00e4tajte si, pre\u010do ste za\u010dali.<\/strong> Ka\u017ed\u00fd z n\u00e1s m\u00e1 svoju motiv\u00e1ciu \u2013 pre niekoho je to l\u00e1ska k cyklistike, pre in\u00e9ho t\u00fa\u017eba po sebazdokona\u013eovan\u00ed alebo rados\u0165 z prekon\u00e1vania vlastn\u00fdch hran\u00edc. Nech u\u017e je v\u00e1\u0161 d\u00f4vod ak\u00fdko\u013evek, nechajte ho, aby v\u00e1s poh\u00e1\u0148al vpred. Teraz je spr\u00e1vny \u010das na odhodlanie a sebavedomie. Cie\u013e je na dosah, je potrebn\u00e9 vydr\u017ea\u0165.<\/span><\/p>\n<h2><strong>2. U\u010dte sa z minul\u00fdch pretekov<\/strong><\/h2>\n<p><span style=\"font-weight: 400;\">Obzrite sa sp\u00e4\u0165 na to, \u010do ste doteraz dosiahli. <strong>Ka\u017ed\u00e9 preteky boli sk\u00fa\u0161kou va\u0161ich schopnost\u00ed a ka\u017ed\u00e1 z nich v\u00e1s nie\u010do nau\u010dila.<\/strong> \u010ci u\u017e i\u0161lo o spr\u00e1vnu techniku na zjazdoch, alebo efekt\u00edvnu pr\u00e1cu s energiou na dlh\u00fdch st\u00fapaniach \u2013 tieto sk\u00fasenosti s\u00fa va\u0161\u00edm najv\u00e4\u010d\u0161\u00edm tromfom. Teraz m\u00e1te mo\u017enos\u0165 vyu\u017ei\u0165 v\u0161etky tieto sk\u00fasenosti. V posledn\u00fdch pretekoch z\u00faro\u010di\u0165 tieto poznatky a predvies\u0165 to najlep\u0161ie z v\u00e1s.<\/span><\/p>\n<p><img loading=\"lazy\" decoding=\"async\" class=\"alignnone size-full wp-image-19579\" src=\"https:\/\/d2p6e6u75xmxt8.cloudfront.net\/4\/2024\/08\/motivacia-1.webp\" alt=\"\" width=\"990\" height=\"660\" srcset=\"https:\/\/d2p6e6u75xmxt8.cloudfront.net\/4\/2024\/08\/motivacia-1.webp 990w, https:\/\/d2p6e6u75xmxt8.cloudfront.net\/4\/2024\/08\/motivacia-1-300x200.webp 300w, https:\/\/d2p6e6u75xmxt8.cloudfront.net\/4\/2024\/08\/motivacia-1-768x512.webp 768w, https:\/\/d2p6e6u75xmxt8.cloudfront.net\/4\/2024\/08\/motivacia-1-400x267.webp 400w, https:\/\/d2p6e6u75xmxt8.cloudfront.net\/4\/2024\/08\/motivacia-1-272x182.webp 272w\" sizes=\"auto, (max-width: 990px) 100vw, 990px\" \/><\/p>\n<h2><strong>3. Nezab\u00fadajte na pr\u00edpravu<\/strong><\/h2>\n<p><span style=\"font-weight: 400;\">Posledn\u00e9 preteky m\u00f4\u017eu by\u0165 najn\u00e1ro\u010dnej\u0161ie, preto je d\u00f4le\u017eit\u00e9 zosta\u0165 s\u00fastreden\u00fd. <strong>Zamerajte sa na regener\u00e1ciu, aby va\u0161e telo bolo v najlep\u0161ej mo\u017enej forme.<\/strong> Doprajte si dostatok sp\u00e1nku, hydrat\u00e1cie a kvalitnej stravy. Pripome\u0148te si detaily trasy, aby ste boli pripraven\u00ed na v\u0161etky v\u00fdzvy, ktor\u00e9 v\u00e1s \u010dakaj\u00fa. <\/span><a href=\"https:\/\/www.welovecycling.com\/sk\/2024\/08\/14\/reportaz-skoda-horal-mtb-maraton-vrchol-letnej-sezony\/\" target=\"_blank\" rel=\"noopener\"><span style=\"font-weight: 400;\">Naj\u0165a\u017e\u0161ie preteky<\/span><\/a><span style=\"font-weight: 400;\"> s\u00fa s\u00edce za nami, no do posledn\u00fdch k\u00f4l pr\u00eddu v\u0161etci dobre pripraven\u00ed.<\/span><\/p>\n<p><span style=\"font-weight: 400;\"><strong>Okrem toho nezanedb\u00e1vajte ment\u00e1lnu pr\u00edpravu.<\/strong> Posledn\u00e9 dve podujatia bud\u00fa testom nielen va\u0161ej fyzickej, ale aj psychickej odolnosti. Vizualizujte si \u00faspech, predstavte si, ako prech\u00e1dzate cie\u013eovou \u010diarou a s\u00fastre\u010fte sa na pozit\u00edvne my\u0161lienky. Uvedomte si, \u017ee u\u017e ste pre\u0161li dlh\u00fa cestu a \u017ee teraz je \u010das uk\u00e1za\u0165, \u010do vo v\u00e1s je.<\/span><\/p>\n<h2><strong>4. Spolu sme silnej\u0161\u00ed<\/strong><\/h2>\n<p><span style=\"font-weight: 400;\">Aj ke\u010f sa m\u00f4\u017ee zda\u0165, \u017ee cyklistika je individu\u00e1lny \u0161port, nezab\u00fadajte na t\u00edmov\u00e9ho ducha. <strong>Podpora od va\u0161ich kolegov, priate\u013eov alebo rodiny m\u00f4\u017ee by\u0165 v t\u00fdchto rozhoduj\u00facich momentoch t\u00fdm, \u010do v\u00e1s posunie o krok \u010falej.<\/strong> Povzbudzujte sa navz\u00e1jom, zdie\u013eajte rady a sk\u00fasenosti.\u00a0<\/span><\/p>\n<p><span style=\"font-weight: 400;\">Nie ste v tom sami. Va\u0161i spolujazdci prech\u00e1dzaj\u00fa rovnak\u00fdmi v\u00fdzvami a pr\u00e1ve v jednote je sila. Podpora medzi cyklistami, aj ke\u010f s\u00fa va\u0161imi konkurentmi, m\u00f4\u017ee by\u0165 t\u00fdm, \u010do v\u00e1m dod\u00e1 \u010fal\u0161iu motiv\u00e1ciu na dosiahnutie cie\u013eov.<\/span><\/p>\n<div id='gallery-1' class='gallery galleryid-19577 gallery-columns-2 gallery-size-full'><figure class='gallery-item'>\n\t\t\t<div class='gallery-icon landscape'>\n\t\t\t\t<a href='https:\/\/d2p6e6u75xmxt8.cloudfront.net\/4\/2024\/08\/motivacia-9.webp'><img loading=\"lazy\" decoding=\"async\" width=\"990\" height=\"660\" src=\"https:\/\/d2p6e6u75xmxt8.cloudfront.net\/4\/2024\/08\/motivacia-9.webp\" class=\"attachment-full size-full\" alt=\"\" srcset=\"https:\/\/d2p6e6u75xmxt8.cloudfront.net\/4\/2024\/08\/motivacia-9.webp 990w, https:\/\/d2p6e6u75xmxt8.cloudfront.net\/4\/2024\/08\/motivacia-9-300x200.webp 300w, https:\/\/d2p6e6u75xmxt8.cloudfront.net\/4\/2024\/08\/motivacia-9-768x512.webp 768w, https:\/\/d2p6e6u75xmxt8.cloudfront.net\/4\/2024\/08\/motivacia-9-400x267.webp 400w, https:\/\/d2p6e6u75xmxt8.cloudfront.net\/4\/2024\/08\/motivacia-9-272x182.webp 272w\" sizes=\"auto, (max-width: 990px) 100vw, 990px\" \/><\/a>\n\t\t\t<\/div><\/figure><figure class='gallery-item'>\n\t\t\t<div class='gallery-icon landscape'>\n\t\t\t\t<a href='https:\/\/d2p6e6u75xmxt8.cloudfront.net\/4\/2024\/08\/motivacia-2.webp'><img loading=\"lazy\" decoding=\"async\" width=\"990\" height=\"660\" src=\"https:\/\/d2p6e6u75xmxt8.cloudfront.net\/4\/2024\/08\/motivacia-2.webp\" class=\"attachment-full size-full\" alt=\"\" srcset=\"https:\/\/d2p6e6u75xmxt8.cloudfront.net\/4\/2024\/08\/motivacia-2.webp 990w, https:\/\/d2p6e6u75xmxt8.cloudfront.net\/4\/2024\/08\/motivacia-2-300x200.webp 300w, https:\/\/d2p6e6u75xmxt8.cloudfront.net\/4\/2024\/08\/motivacia-2-768x512.webp 768w, https:\/\/d2p6e6u75xmxt8.cloudfront.net\/4\/2024\/08\/motivacia-2-400x267.webp 400w, https:\/\/d2p6e6u75xmxt8.cloudfront.net\/4\/2024\/08\/motivacia-2-272x182.webp 272w\" sizes=\"auto, (max-width: 990px) 100vw, 990px\" \/><\/a>\n\t\t\t<\/div><\/figure>\n\t\t<\/div>\n\n<h2><strong>5. Vychutnajte si ka\u017ed\u00fd moment<\/strong><\/h2>\n<p><span style=\"font-weight: 400;\">Nakoniec, vychutnajte si ka\u017ed\u00fd okamih. Ste s\u00fa\u010das\u0165ou \u00fa\u017easn\u00e9ho dobrodru\u017estva, ktor\u00e9 v\u00e1s nielen fyzicky, ale aj psychicky posil\u0148uje. <strong>Vychutnajte si pocit, ke\u010f prech\u00e1dzate cez n\u00e1dhern\u00fa pr\u00edrodu, ke\u010f si vychutn\u00e1vate n\u00e1dhern\u00e9 v\u00fdh\u013eady a ke\u010f sa bl\u00ed\u017eite k cie\u013eovej \u010diare.<\/strong> Vychutnajte si s\u00faperenie, ale aj podporu na trati. Tieto momenty s\u00fa t\u00fdm, \u010do rob\u00ed cyklistiku takou v\u00fdnimo\u010dnou.<\/span><\/p>\n<p><img loading=\"lazy\" decoding=\"async\" class=\"alignnone size-full wp-image-19582\" src=\"https:\/\/d2p6e6u75xmxt8.cloudfront.net\/4\/2024\/08\/motivacia-7.webp\" alt=\"\" width=\"990\" height=\"660\" srcset=\"https:\/\/d2p6e6u75xmxt8.cloudfront.net\/4\/2024\/08\/motivacia-7.webp 990w, https:\/\/d2p6e6u75xmxt8.cloudfront.net\/4\/2024\/08\/motivacia-7-300x200.webp 300w, https:\/\/d2p6e6u75xmxt8.cloudfront.net\/4\/2024\/08\/motivacia-7-768x512.webp 768w, https:\/\/d2p6e6u75xmxt8.cloudfront.net\/4\/2024\/08\/motivacia-7-400x267.webp 400w, https:\/\/d2p6e6u75xmxt8.cloudfront.net\/4\/2024\/08\/motivacia-7-272x182.webp 272w\" sizes=\"auto, (max-width: 990px) 100vw, 990px\" \/><\/p>\n<p><span style=\"font-weight: 400;\">Dosiahnu\u0165 cie\u013e v s\u00e9rii \u0160KODA BIKE OPEN TOUR je o celoro\u010dnej pr\u00e1ci.<strong> Je to o tom, ako ste zvl\u00e1dli ka\u017ed\u00e9 preteky v s\u00e9rii samostatne, ako ste prekonali v\u0161etky v\u00fdzvy, ktor\u00e9 v\u00e1s stretli na ceste a ako ste sa zlep\u0161ovali s ka\u017ed\u00fdm \u010fal\u0161\u00edm kilometrom.<\/strong> Teraz, ke\u010f ste na prahu fin\u00e1le, m\u00e1te mo\u017enos\u0165 zhodnoti\u0165 cel\u00fa t\u00fato cestu a by\u0165 hrd\u00ed na to, \u010do ste dosiahli.<\/span><\/p>\n<p><span style=\"font-weight: 400;\">Dr\u017e\u00edme v\u00e1m palce a ver\u00edme, \u017ee tieto posledn\u00e9 kilometre zvl\u00e1dnete s gr\u00e1ciou a odhodlan\u00edm, ktor\u00e9 v\u00e1s sem priviedli. Vid\u00edme sa v cieli <\/span><a href=\"https:\/\/www.welovecycling.com\/sk\/2024\/07\/29\/pozvanka-skoda-mtb-cyklomaraton-topolcianky-preteky-v-okoli-vinarskej-oblasti\/\" target=\"_blank\" rel=\"noopener\"><span style=\"font-weight: 400;\">\u0160koda MTB cyklomarat\u00f3nu Topo\u013e\u010dianky<\/span><\/a><span style=\"font-weight: 400;\"> a na ve\u013ekom fin\u00e1le tohto ro\u010dn\u00edka na <\/span><a href=\"https:\/\/www.welovecycling.com\/sk\/sbot\/stupava.php\" target=\"_blank\" rel=\"noopener\"><span style=\"font-weight: 400;\">\u0160koda MTB marat\u00f3ne Stupava<\/span><\/a><span style=\"font-weight: 400;\">!<\/span><\/p>\n<p>Zdroj fotografi\u00ed: Peter Regec, Zozzi<\/p>\n","protected":false},"excerpt":{"rendered":"<p>Mil\u00ed bikeri, v tomto momente s\u00fa za vami nespo\u010detn\u00e9 hodiny tr\u00e9ningu, potu, \u00fasilia a nad\u0161enia, ktor\u00e9 v\u00e1s priviedli a\u017e sem [&hellip;]<\/p>\n","protected":false},"author":172,"featured_media":19578,"comment_status":"open","ping_status":"open","sticky":false,"template":"","format":"standard","meta":{"footnotes":""},"categories":[191],"tags":[619,546,767,412,931,37,190,1615,542,35,183],"global-categories":[1074],"class_list":["post-19577","post","type-post","status-publish","format-standard","has-post-thumbnail","hentry","category-odporucame","tag-bicyklovanie","tag-cyklistika","tag-motivacia","tag-mtb","tag-odporucame","tag-podujatia","tag-priprava","tag-sezona-2024","tag-skoda","tag-sbot","tag-zabava","global-categories-cycling"],"yoast_head":"<!-- This site is optimized with the Yoast SEO Premium plugin v25.3 (Yoast SEO v25.9) - https:\/\/yoast.com\/wordpress\/plugins\/seo\/ -->\n<title>WLRMcc motivuje alebo ako \u00faspe\u0161ne zvl\u00e1dnu\u0165 z\u00e1ver sez\u00f3ny - \u0160koda We Love Cycling Slovensko<\/title>\n<meta name=\"description\" content=\"Bl\u00ed\u017ei sa z\u00e1ver sez\u00f3ny s n\u00edm posledn\u00e9 dve kol\u00e1 \u0160KODA BIKE OPEN TOUR. Fin\u00e1le je na dosah a s n\u00edm aj pr\u00edle\u017eitos\u0165 uk\u00e1za\u0165, \u010do vo v\u00e1s skuto\u010dne je.\" \/>\n<meta name=\"robots\" content=\"index, follow, max-snippet:-1, max-image-preview:large, max-video-preview:-1\" \/>\n<link rel=\"canonical\" href=\"https:\/\/www.welovecycling.com\/sk\/2024\/08\/23\/wlrmcc-motivuje-alebo-ako-uspesne-zvladnut-zaver-sezony\/\" \/>\n<meta property=\"og:locale\" content=\"sk_SK\" \/>\n<meta property=\"og:type\" content=\"article\" \/>\n<meta property=\"og:title\" content=\"WLRMcc motivuje alebo ako \u00faspe\u0161ne zvl\u00e1dnu\u0165 z\u00e1ver sez\u00f3ny\" \/>\n<meta property=\"og:description\" content=\"Bl\u00ed\u017ei sa z\u00e1ver sez\u00f3ny s n\u00edm posledn\u00e9 dve kol\u00e1 \u0160KODA BIKE OPEN TOUR. Fin\u00e1le je na dosah a s n\u00edm aj pr\u00edle\u017eitos\u0165 uk\u00e1za\u0165, \u010do vo v\u00e1s skuto\u010dne je.\" \/>\n<meta property=\"og:url\" content=\"https:\/\/www.welovecycling.com\/sk\/2024\/08\/23\/wlrmcc-motivuje-alebo-ako-uspesne-zvladnut-zaver-sezony\/\" \/>\n<meta property=\"og:site_name\" content=\"\u0160koda We Love Cycling Slovensko\" \/>\n<meta property=\"article:published_time\" content=\"2024-08-23T09:30:45+00:00\" \/>\n<meta property=\"article:modified_time\" content=\"2024-08-23T09:31:32+00:00\" \/>\n<meta property=\"og:image\" content=\"https:\/\/d2p6e6u75xmxt8.cloudfront.net\/4\/2024\/08\/motivacia-6.webp\" \/>\n\t<meta property=\"og:image:width\" content=\"990\" \/>\n\t<meta property=\"og:image:height\" content=\"660\" \/>\n\t<meta property=\"og:image:type\" content=\"image\/webp\" \/>\n<meta name=\"author\" content=\"dominika\" \/>\n<meta name=\"twitter:card\" content=\"summary_large_image\" \/>\n<meta name=\"twitter:label1\" content=\"Written by\" \/>\n\t<meta name=\"twitter:data1\" content=\"WLRMcc\" \/>\n\t<meta name=\"twitter:label2\" content=\"Est. reading time\" \/>\n\t<meta name=\"twitter:data2\" content=\"3\" \/>\n<script type=\"application\/ld+json\" class=\"yoast-schema-graph\">{\"@context\":\"https:\/\/schema.org\",\"@graph\":[{\"@type\":\"WebPage\",\"@id\":\"https:\/\/www.welovecycling.com\/sk\/2024\/08\/23\/wlrmcc-motivuje-alebo-ako-uspesne-zvladnut-zaver-sezony\/\",\"url\":\"https:\/\/www.welovecycling.com\/sk\/2024\/08\/23\/wlrmcc-motivuje-alebo-ako-uspesne-zvladnut-zaver-sezony\/\",\"name\":\"WLRMcc motivuje alebo ako \u00faspe\u0161ne zvl\u00e1dnu\u0165 z\u00e1ver sez\u00f3ny - \u0160koda We Love Cycling Slovensko\",\"isPartOf\":{\"@id\":\"https:\/\/www.welovecycling.com\/sk\/#website\"},\"primaryImageOfPage\":{\"@id\":\"https:\/\/www.welovecycling.com\/sk\/2024\/08\/23\/wlrmcc-motivuje-alebo-ako-uspesne-zvladnut-zaver-sezony\/#primaryimage\"},\"image\":{\"@id\":\"https:\/\/www.welovecycling.com\/sk\/2024\/08\/23\/wlrmcc-motivuje-alebo-ako-uspesne-zvladnut-zaver-sezony\/#primaryimage\"},\"thumbnailUrl\":\"https:\/\/d2p6e6u75xmxt8.cloudfront.net\/4\/2024\/08\/motivacia-6.webp\",\"datePublished\":\"2024-08-23T09:30:45+00:00\",\"dateModified\":\"2024-08-23T09:31:32+00:00\",\"author\":{\"@id\":\"https:\/\/www.welovecycling.com\/sk\/#\/schema\/person\/533b62b98b6c41bd5135ebfb1f742624\"},\"description\":\"Bl\u00ed\u017ei sa z\u00e1ver sez\u00f3ny s n\u00edm posledn\u00e9 dve kol\u00e1 \u0160KODA BIKE OPEN TOUR. Fin\u00e1le je na dosah a s n\u00edm aj pr\u00edle\u017eitos\u0165 uk\u00e1za\u0165, \u010do vo v\u00e1s skuto\u010dne je.\",\"breadcrumb\":{\"@id\":\"https:\/\/www.welovecycling.com\/sk\/2024\/08\/23\/wlrmcc-motivuje-alebo-ako-uspesne-zvladnut-zaver-sezony\/#breadcrumb\"},\"inLanguage\":\"sk-SK\",\"potentialAction\":[{\"@type\":\"ReadAction\",\"target\":[\"https:\/\/www.welovecycling.com\/sk\/2024\/08\/23\/wlrmcc-motivuje-alebo-ako-uspesne-zvladnut-zaver-sezony\/\"]}]},{\"@type\":\"ImageObject\",\"inLanguage\":\"sk-SK\",\"@id\":\"https:\/\/www.welovecycling.com\/sk\/2024\/08\/23\/wlrmcc-motivuje-alebo-ako-uspesne-zvladnut-zaver-sezony\/#primaryimage\",\"url\":\"https:\/\/d2p6e6u75xmxt8.cloudfront.net\/4\/2024\/08\/motivacia-6.webp\",\"contentUrl\":\"https:\/\/d2p6e6u75xmxt8.cloudfront.net\/4\/2024\/08\/motivacia-6.webp\",\"width\":990,\"height\":660},{\"@type\":\"BreadcrumbList\",\"@id\":\"https:\/\/www.welovecycling.com\/sk\/2024\/08\/23\/wlrmcc-motivuje-alebo-ako-uspesne-zvladnut-zaver-sezony\/#breadcrumb\",\"itemListElement\":[{\"@type\":\"ListItem\",\"position\":1,\"name\":\"Home\",\"item\":\"https:\/\/www.welovecycling.com\/sk\/\"},{\"@type\":\"ListItem\",\"position\":2,\"name\":\"WLRMcc motivuje alebo ako \u00faspe\u0161ne zvl\u00e1dnu\u0165 z\u00e1ver sez\u00f3ny\"}]},{\"@type\":\"WebSite\",\"@id\":\"https:\/\/www.welovecycling.com\/sk\/#website\",\"url\":\"https:\/\/www.welovecycling.com\/sk\/\",\"name\":\"\u0160koda We Love Cycling Slovensko\",\"description\":\"\u0160koda We Love Cycling Slovensko je v\u00e1\u0161 ka\u017edodenn\u00fd zdroj noviniek a in\u0161pir\u00e1cie z sveta cyklistiky\",\"potentialAction\":[{\"@type\":\"SearchAction\",\"target\":{\"@type\":\"EntryPoint\",\"urlTemplate\":\"https:\/\/www.welovecycling.com\/sk\/?s={search_term_string}\"},\"query-input\":{\"@type\":\"PropertyValueSpecification\",\"valueRequired\":true,\"valueName\":\"search_term_string\"}}],\"inLanguage\":\"sk-SK\"},{\"@type\":\"Person\",\"@id\":\"https:\/\/www.welovecycling.com\/sk\/#\/schema\/person\/533b62b98b6c41bd5135ebfb1f742624\",\"name\":\"dominika\",\"image\":{\"@type\":\"ImageObject\",\"inLanguage\":\"sk-SK\",\"@id\":\"https:\/\/www.welovecycling.com\/sk\/#\/schema\/person\/image\/\",\"url\":\"https:\/\/secure.gravatar.com\/avatar\/ded6f274ba2ec3e17fff153f7d9d96a4b33c2cb63907f75d9a5309c599a7f3e6?s=96&d=mm&r=g\",\"contentUrl\":\"https:\/\/secure.gravatar.com\/avatar\/ded6f274ba2ec3e17fff153f7d9d96a4b33c2cb63907f75d9a5309c599a7f3e6?s=96&d=mm&r=g\",\"caption\":\"dominika\"},\"url\":\"https:\/\/www.welovecycling.com\/sk\/author\/dominika\/\"}]}<\/script>\n<!-- \/ Yoast SEO Premium plugin. -->","yoast_head_json":{"title":"WLRMcc motivuje alebo ako \u00faspe\u0161ne zvl\u00e1dnu\u0165 z\u00e1ver sez\u00f3ny - \u0160koda We Love Cycling Slovensko","description":"Bl\u00ed\u017ei sa z\u00e1ver sez\u00f3ny s n\u00edm posledn\u00e9 dve kol\u00e1 \u0160KODA BIKE OPEN TOUR. Fin\u00e1le je na dosah a s n\u00edm aj pr\u00edle\u017eitos\u0165 uk\u00e1za\u0165, \u010do vo v\u00e1s skuto\u010dne je.","robots":{"index":"index","follow":"follow","max-snippet":"max-snippet:-1","max-image-preview":"max-image-preview:large","max-video-preview":"max-video-preview:-1"},"canonical":"https:\/\/www.welovecycling.com\/sk\/2024\/08\/23\/wlrmcc-motivuje-alebo-ako-uspesne-zvladnut-zaver-sezony\/","og_locale":"sk_SK","og_type":"article","og_title":"WLRMcc motivuje alebo ako \u00faspe\u0161ne zvl\u00e1dnu\u0165 z\u00e1ver sez\u00f3ny","og_description":"Bl\u00ed\u017ei sa z\u00e1ver sez\u00f3ny s n\u00edm posledn\u00e9 dve kol\u00e1 \u0160KODA BIKE OPEN TOUR. Fin\u00e1le je na dosah a s n\u00edm aj pr\u00edle\u017eitos\u0165 uk\u00e1za\u0165, \u010do vo v\u00e1s skuto\u010dne je.","og_url":"https:\/\/www.welovecycling.com\/sk\/2024\/08\/23\/wlrmcc-motivuje-alebo-ako-uspesne-zvladnut-zaver-sezony\/","og_site_name":"\u0160koda We Love Cycling Slovensko","article_published_time":"2024-08-23T09:30:45+00:00","article_modified_time":"2024-08-23T09:31:32+00:00","og_image":[{"width":990,"height":660,"url":"https:\/\/d2p6e6u75xmxt8.cloudfront.net\/4\/2024\/08\/motivacia-6.webp","type":"image\/webp"}],"author":"dominika","twitter_card":"summary_large_image","twitter_misc":{"Written by":"WLRMcc","Est. reading time":"3"},"schema":{"@context":"https:\/\/schema.org","@graph":[{"@type":"WebPage","@id":"https:\/\/www.welovecycling.com\/sk\/2024\/08\/23\/wlrmcc-motivuje-alebo-ako-uspesne-zvladnut-zaver-sezony\/","url":"https:\/\/www.welovecycling.com\/sk\/2024\/08\/23\/wlrmcc-motivuje-alebo-ako-uspesne-zvladnut-zaver-sezony\/","name":"WLRMcc motivuje alebo ako \u00faspe\u0161ne zvl\u00e1dnu\u0165 z\u00e1ver sez\u00f3ny - \u0160koda We Love Cycling Slovensko","isPartOf":{"@id":"https:\/\/www.welovecycling.com\/sk\/#website"},"primaryImageOfPage":{"@id":"https:\/\/www.welovecycling.com\/sk\/2024\/08\/23\/wlrmcc-motivuje-alebo-ako-uspesne-zvladnut-zaver-sezony\/#primaryimage"},"image":{"@id":"https:\/\/www.welovecycling.com\/sk\/2024\/08\/23\/wlrmcc-motivuje-alebo-ako-uspesne-zvladnut-zaver-sezony\/#primaryimage"},"thumbnailUrl":"https:\/\/d2p6e6u75xmxt8.cloudfront.net\/4\/2024\/08\/motivacia-6.webp","datePublished":"2024-08-23T09:30:45+00:00","dateModified":"2024-08-23T09:31:32+00:00","author":{"@id":"https:\/\/www.welovecycling.com\/sk\/#\/schema\/person\/533b62b98b6c41bd5135ebfb1f742624"},"description":"Bl\u00ed\u017ei sa z\u00e1ver sez\u00f3ny s n\u00edm posledn\u00e9 dve kol\u00e1 \u0160KODA BIKE OPEN TOUR. Fin\u00e1le je na dosah a s n\u00edm aj pr\u00edle\u017eitos\u0165 uk\u00e1za\u0165, \u010do vo v\u00e1s skuto\u010dne je.","breadcrumb":{"@id":"https:\/\/www.welovecycling.com\/sk\/2024\/08\/23\/wlrmcc-motivuje-alebo-ako-uspesne-zvladnut-zaver-sezony\/#breadcrumb"},"inLanguage":"sk-SK","potentialAction":[{"@type":"ReadAction","target":["https:\/\/www.welovecycling.com\/sk\/2024\/08\/23\/wlrmcc-motivuje-alebo-ako-uspesne-zvladnut-zaver-sezony\/"]}]},{"@type":"ImageObject","inLanguage":"sk-SK","@id":"https:\/\/www.welovecycling.com\/sk\/2024\/08\/23\/wlrmcc-motivuje-alebo-ako-uspesne-zvladnut-zaver-sezony\/#primaryimage","url":"https:\/\/d2p6e6u75xmxt8.cloudfront.net\/4\/2024\/08\/motivacia-6.webp","contentUrl":"https:\/\/d2p6e6u75xmxt8.cloudfront.net\/4\/2024\/08\/motivacia-6.webp","width":990,"height":660},{"@type":"BreadcrumbList","@id":"https:\/\/www.welovecycling.com\/sk\/2024\/08\/23\/wlrmcc-motivuje-alebo-ako-uspesne-zvladnut-zaver-sezony\/#breadcrumb","itemListElement":[{"@type":"ListItem","position":1,"name":"Home","item":"https:\/\/www.welovecycling.com\/sk\/"},{"@type":"ListItem","position":2,"name":"WLRMcc motivuje alebo ako \u00faspe\u0161ne zvl\u00e1dnu\u0165 z\u00e1ver sez\u00f3ny"}]},{"@type":"WebSite","@id":"https:\/\/www.welovecycling.com\/sk\/#website","url":"https:\/\/www.welovecycling.com\/sk\/","name":"\u0160koda We Love Cycling Slovensko","description":"\u0160koda We Love Cycling Slovensko je v\u00e1\u0161 ka\u017edodenn\u00fd zdroj noviniek a in\u0161pir\u00e1cie z sveta cyklistiky","potentialAction":[{"@type":"SearchAction","target":{"@type":"EntryPoint","urlTemplate":"https:\/\/www.welovecycling.com\/sk\/?s={search_term_string}"},"query-input":{"@type":"PropertyValueSpecification","valueRequired":true,"valueName":"search_term_string"}}],"inLanguage":"sk-SK"},{"@type":"Person","@id":"https:\/\/www.welovecycling.com\/sk\/#\/schema\/person\/533b62b98b6c41bd5135ebfb1f742624","name":"dominika","image":{"@type":"ImageObject","inLanguage":"sk-SK","@id":"https:\/\/www.welovecycling.com\/sk\/#\/schema\/person\/image\/","url":"https:\/\/secure.gravatar.com\/avatar\/ded6f274ba2ec3e17fff153f7d9d96a4b33c2cb63907f75d9a5309c599a7f3e6?s=96&d=mm&r=g","contentUrl":"https:\/\/secure.gravatar.com\/avatar\/ded6f274ba2ec3e17fff153f7d9d96a4b33c2cb63907f75d9a5309c599a7f3e6?s=96&d=mm&r=g","caption":"dominika"},"url":"https:\/\/www.welovecycling.com\/sk\/author\/dominika\/"}]}},"_links":{"self":[{"href":"https:\/\/www.welovecycling.com\/sk\/wp-json\/wp\/v2\/posts\/19577","targetHints":{"allow":["GET"]}}],"collection":[{"href":"https:\/\/www.welovecycling.com\/sk\/wp-json\/wp\/v2\/posts"}],"about":[{"href":"https:\/\/www.welovecycling.com\/sk\/wp-json\/wp\/v2\/types\/post"}],"author":[{"embeddable":true,"href":"https:\/\/www.welovecycling.com\/sk\/wp-json\/wp\/v2\/users\/172"}],"replies":[{"embeddable":true,"href":"https:\/\/www.welovecycling.com\/sk\/wp-json\/wp\/v2\/comments?post=19577"}],"version-history":[{"count":3,"href":"https:\/\/www.welovecycling.com\/sk\/wp-json\/wp\/v2\/posts\/19577\/revisions"}],"predecessor-version":[{"id":19586,"href":"https:\/\/www.welovecycling.com\/sk\/wp-json\/wp\/v2\/posts\/19577\/revisions\/19586"}],"wp:featuredmedia":[{"embeddable":true,"href":"https:\/\/www.welovecycling.com\/sk\/wp-json\/wp\/v2\/media\/19578"}],"wp:attachment":[{"href":"https:\/\/www.welovecycling.com\/sk\/wp-json\/wp\/v2\/media?parent=19577"}],"wp:term":[{"taxonomy":"category","embeddable":true,"href":"https:\/\/www.welovecycling.com\/sk\/wp-json\/wp\/v2\/categories?post=19577"},{"taxonomy":"post_tag","embeddable":true,"href":"https:\/\/www.welovecycling.com\/sk\/wp-json\/wp\/v2\/tags?post=19577"},{"taxonomy":"global-categories","embeddable":true,"href":"https:\/\/www.welovecycling.com\/sk\/wp-json\/wp\/v2\/global-categories?post=19577"}],"curies":[{"name":"wp","href":"https:\/\/api.w.org\/{rel}","templated":true}]}}