{"id":19573,"date":"2024-08-30T15:00:27","date_gmt":"2024-08-30T13:00:27","guid":{"rendered":"https:\/\/www.welovecycling.com\/sk\/?p=19573"},"modified":"2024-08-27T10:43:11","modified_gmt":"2024-08-27T08:43:11","slug":"septembrovy-prehlad-slovenskych-podujati-2","status":"publish","type":"post","link":"https:\/\/www.welovecycling.com\/sk\/2024\/08\/30\/septembrovy-prehlad-slovenskych-podujati-2\/","title":{"rendered":"Septembrov\u00fd preh\u013ead slovensk\u00fdch podujat\u00ed\u00a0"},"content":{"rendered":"<p><strong>Aj v\u00e1m sa zd\u00e1, \u017ee leto ubehlo akosi neskuto\u010dne r\u00fdchlo? Len ned\u00e1vno sme za\u010dali cyklistick\u00fa sez\u00f3nu, nav\u0161t\u00edvili prv\u00e9 tohtoro\u010dn\u00e9 preteky a u\u017e je tu koniec pr\u00e1zdnin a za\u010diatok \u0161kolsk\u00e9ho roka. Pozrime sa na tradi\u010dn\u00e9 aj netradi\u010dn\u00e9 preteky, ktor\u00e9 n\u00e1s \u010dakaj\u00fa e\u0161te t\u00fato jese\u0148.\u00a0<\/strong><!--more--><\/p>\n<h2><b>1. 9. 2024 \u2013 Teatro Okolo Malohontu\u00a0<\/b><\/h2>\n<p><span style=\"font-weight: 400;\">11. ro\u010dn\u00edk tohto cyklistick\u00e9ho divadla predsa len bude. Po jubilejnom desiatom ro\u010dn\u00edku to s\u00edce vyzeralo, \u017ee ten bude aj posledn\u00fd, ale na\u0161\u0165astie sa tak nestalo. Preteky tak dost\u00e1vaj\u00fa druh\u00fa \u0161ancu a bude to ak\u00fdsi ich re\u0161tart. <strong>Pretek\u00e1rov \u010dak\u00e1 70 km dlh\u00e1 tra\u0165 s prev\u00fd\u0161en\u00edm 1000 m.<\/strong> Povedie z Rimavskej Soboty cez sedlo Brezina, a\u017e po obec Horn\u00e9 Zahorany. U\u017eijete si rovinky, ale aj mix kopcov a zjazdov, tak\u017ee na svoje si pr\u00eddu v\u0161etci.\u00a0<\/span><\/p>\n<p><iframe loading=\"lazy\" title=\"YouTube video player\" src=\"https:\/\/www.youtube-nocookie.com\/embed\/RB5IWEGkqF0?si=HLmYu1gpYTSf7Lja\" width=\"800\" height=\"450\" frameborder=\"0\" allowfullscreen=\"allowfullscreen\"><\/iframe><\/p>\n<h2><b>7. 9. 2024 \u2013 Horsk\u00fd duatlon Kr\u00e1\u013e Po\u013eany<\/b><\/h2>\n<p><span style=\"font-weight: 400;\">Detva na konci leta m\u00e1 svoje \u010daro a je s t\u00fdm spojen\u00fd \u0161portov\u00fd sviatok, ak\u00fdm tento duatlon ur\u010dite je. Nesmiete tam jednoducho ch\u00fdba\u0165. <strong>Cyklistick\u00e1 tra\u0165 bude ma\u0165 13 km s prev\u00fd\u0161en\u00edm 540 m.<\/strong> \u010cakaj\u00fa v\u00e1s asfaltov\u00e9 a panelov\u00e9 cesty, ako aj lesn\u00e9 cesty a chodn\u00ed\u010dky. Be\u017eeck\u00e1 tra\u0165 m\u00e1 d\u013a\u017eku 10 km s prev\u00fd\u0161en\u00edm 550 m a povedie v\u00fdhradne po lesn\u00fdch a turistick\u00fdch chodn\u00edkoch. Pozor \u2013 povinn\u00fd je horsk\u00fd bicykel a nebud\u00fa akceptovan\u00e9 gravel ani cyklokrosov\u00e9 bicykle.\u00a0<\/span><\/p>\n<p><iframe loading=\"lazy\" title=\"YouTube video player\" src=\"https:\/\/www.youtube-nocookie.com\/embed\/2ZEbIdUg7Y8?si=JtND5WZfvQ8LJ8et\" width=\"800\" height=\"450\" frameborder=\"0\" allowfullscreen=\"allowfullscreen\"><\/iframe><\/p>\n<p>&nbsp;<\/p>\n<h2><b>14. 9. 2024 \u2013 Red Bull Hill Chasers, Bansk\u00e1 \u0160tiavnica<\/b><\/h2>\n<p><span style=\"font-weight: 400;\">Jedine\u010dn\u00e1 akcia na Slovensku pod z\u00e1\u0161titou legend\u00e1rneho \u010derven\u00e9ho b\u00fdka. A rovnako legend\u00e1rne je aj mesto, kde sa bude jazdi\u0165. Bansk\u00e1 \u0160tiavnica je na to so svojim kopcovit\u00fdm ter\u00e9nom ako stvoren\u00e1. <strong>500 metrov do vrchu sa nezd\u00e1 by\u0165 ve\u013ea, ale v plnom nasaden\u00ed, s prev\u00fd\u0161en\u00edm 43 metrov a s priemern\u00fdm sklonom kopca 7 % to u\u017e za\u010d\u00edna znie\u0165 ako v\u00fdzva.<\/strong> A navy\u0161e pod kolesami bicykla budete ma\u0165 dla\u017eobn\u00e9 kocky. Pr\u00eddte si zajazdi\u0165, alebo aspo\u0148 u\u017ei\u0165 si t\u00fa spr\u00e1vnu atmosf\u00e9ru.\u00a0<\/span><\/p>\n<p><iframe loading=\"lazy\" title=\"YouTube video player\" src=\"https:\/\/www.youtube-nocookie.com\/embed\/h3vwYktHKb0?si=QFLX6i2jel46uUig\" width=\"800\" height=\"450\" frameborder=\"0\" allowfullscreen=\"allowfullscreen\"><\/iframe><\/p>\n<h2><b>14. 9. 2024 \u2013 \u0160koda MTB Stupava\u00a0<\/b><\/h2>\n<p><span style=\"font-weight: 400;\">Stupave bude patri\u0165 z\u00e1ver s\u00e9rie \u0160koda Bike Open Tour. V Mal\u00fdch Karpatoch s\u00fa pripraven\u00e9 trate r\u00f4znej n\u00e1ro\u010dnosti. <strong>Dlh\u00e1 tra\u0165 ma 78 km s prev\u00fd\u0161en\u00edm 1900 m. Stredn\u00e1 tra\u0165 m\u00e1 42 km s prev\u00fd\u0161en\u00edm 900 m,<\/strong> o ktor\u00fa sa bud\u00fa pretek\u00e1ri deli\u0165 aj s fan\u00fa\u0161ikmi e-bikov. No a nakoniec kr\u00e1tka tra\u0165 s d\u013a\u017ekou 25 km s prev\u00fd\u0161en\u00edm 480 m. Koniec \u0160BOT s\u00e9rie, aj koniec sez\u00f3ny treba osl\u00e1vi\u0165 v plnom nasaden\u00ed.\u00a0<\/span><\/p>\n<p><iframe loading=\"lazy\" title=\"YouTube video player\" src=\"https:\/\/www.youtube-nocookie.com\/embed\/bNCFlYj2V7I?si=8gKCiu3BzP1ERAMY\" width=\"800\" height=\"450\" frameborder=\"0\" allowfullscreen=\"allowfullscreen\"><\/iframe><\/p>\n<h2><b>15. 9. 2024 \u2013 Detsk\u00e1 Tour Petra Sagana, Stupava<\/b><b>\u00a0<\/b><\/h2>\n<p><span style=\"font-weight: 400;\">Stupava bude tento v\u00edkend skuto\u010dn\u00fdm centrom cyklistiky. <strong>Po ukon\u010den\u00ed marat\u00f3nov \u0160koda si hne\u010f na druh\u00fd de\u0148 m\u00f4\u017eete vychutna\u0165 preteky n\u00e1\u0161ho cyklistick\u00e9ho dorastu.<\/strong> Detsk\u00e1 Tour m\u00e1 aj v\u010faka z\u00e1\u0161tite Petra Sagana ve\u013ek\u00fa popularitu. Ver\u00edme, \u017ee po\u010dasie bude mlad\u00fdm fan\u00fa\u0161ikom cyklistiky pria\u0165 a u\u017eij\u00fa si kvalitn\u00e9 trate a skvel\u00fa atmosf\u00e9ru.\u00a0<\/span><\/p>\n<p><iframe loading=\"lazy\" title=\"YouTube video player\" src=\"https:\/\/www.youtube-nocookie.com\/embed\/RF2ESoApIdk?si=CkUOYOtyhMTjCanp\" width=\"800\" height=\"450\" frameborder=\"0\" allowfullscreen=\"allowfullscreen\"><\/iframe><\/p>\n<h2><b>21. \u2013 22. 9. 2024 \u2013 MTBIKER Hornonitrianska Enduro S\u00e9ria, Bojnice<\/b><\/h2>\n<p><span style=\"font-weight: 400;\">September je v znamen\u00ed ukon\u010denia sez\u00f3ny \u2013 a to nielen cyklistickej, ale aj ukon\u010denia viacer\u00fdch prebiehaj\u00facich marat\u00f3nskych s\u00e9ri\u00ed. Inak tomu nie je ani \u010do sa t\u00fdka Hornonitrianskej Enduro S\u00e9rie, ktor\u00e1 sa u\u017e tradi\u010dne kon\u010d\u00ed na trailoch v Bojniciach. Minul\u00fd rok si to v\u0161etci jazdci naplno u\u017eili a tento rok by to nemalo by\u0165 inak. <strong>Pr\u00ed\u010fte si zajazdi\u0165, bojnick\u00e9 traily s\u00fa skuto\u010dnou lah\u00f4dkou v kr\u00e1snom prostred\u00ed, v bezprostrednom susedstve Bojnick\u00e9ho z\u00e1mku.<\/strong> Je to mo\u017enos\u0165 za\u017ei\u0165 skvel\u00fd v\u00edkend a dokonca aj so sobotnou grilova\u010dkou.\u00a0<\/span><\/p>\n<p><iframe loading=\"lazy\" title=\"YouTube video player\" src=\"https:\/\/www.youtube-nocookie.com\/embed\/8EflDnxZ3F0?si=Gx0Z2TROGd-P0B98\" width=\"800\" height=\"450\" frameborder=\"0\" allowfullscreen=\"allowfullscreen\"><\/iframe><\/p>\n<h2><b>22. 9. 2024 \u2013 Weldtite Nem\u010dianska cyklomotanica<\/b><\/h2>\n<p><span style=\"font-weight: 400;\">V roku 2021 od\u0161tartoval nult\u00fd ro\u010dn\u00edk tohto kr\u00e1sneho podujatia a odvtedy naber\u00e1 na obr\u00e1tkach aj na z\u00e1ujme cyklistov. <strong>Pripraven\u00e9 s\u00fa tri trate \u2013 dlh\u00e1, ktor\u00e1 ma 33 km a prev\u00fd\u0161enie 1230m, kr\u00e1tka tra\u0165 s d\u013a\u017ekou 19 km a prev\u00fd\u0161en\u00edm 504 m.<\/strong> No a ak m\u00e1te \u0161portovo nadan\u00e9 die\u0165a, m\u00f4\u017eete vysk\u00fa\u0161a\u0165 rodinn\u00fa tra\u0165 s d\u013a\u017ekou 8 km a s prev\u00fd\u0161en\u00edm 178 m. A pre\u010do ten n\u00e1zov \u201emotanica\u201c? Organiz\u00e1tori odkazuj\u00fa, \u017ee v\u00e1s pomotaj\u00fa po v\u0161etk\u00fdch mo\u017en\u00fdch z\u00e1kutiach ich dedinky, v\u00a0kr\u00e1snej pr\u00edrode pod Pansk\u00fdm dielom.\u00a0<\/span><\/p>\n<p><iframe loading=\"lazy\" title=\"YouTube video player\" src=\"https:\/\/www.youtube-nocookie.com\/embed\/kOxYk0FipUs?si=PHAfZ0K5v2KSPBNT\" width=\"800\" height=\"450\" frameborder=\"0\" allowfullscreen=\"allowfullscreen\"><span data-mce-type=\"bookmark\" style=\"display: inline-block; width: 0px; overflow: hidden; line-height: 0;\" class=\"mce_SELRES_start\">\ufeff<\/span><\/iframe><\/p>\n<h2><b>28. 9. 2024 \u2013 Detsk\u00e1 tour Petra Sagana, \u0160amor\u00edn<\/b><b>\u00a0<\/b><\/h2>\n<p><span style=\"font-weight: 400;\">Z\u00e1vere\u010dn\u00e9 kolo Detskej tour bude, rovnako ako aj minul\u00fd rok, v skvelom \u0161portovom are\u00e1li X-Bionic. Napriek neskor\u00e9mu d\u00e1tumu sa nenechajte odradi\u0165 a pred zazimovanim bicykla mu dajte, tak ako aj sebe, e\u0161te trochu zabra\u0165. Pripraven\u00e9 s\u00fa trate pre v\u0161etky vekov\u00e9 kateg\u00f3rie a organiz\u00e1tori myslia aj na t\u00fdch najmen\u0161\u00edch. O rados\u0165 a z\u00e1bavu nebude n\u00fadza.\u00a0<\/span><\/p>\n<p><iframe loading=\"lazy\" title=\"YouTube video player\" src=\"https:\/\/www.youtube-nocookie.com\/embed\/4OiDrg1GdGY?si=V-kH6j_SCNHC9cqe\" width=\"800\" height=\"450\" frameborder=\"0\" allowfullscreen=\"allowfullscreen\"><span data-mce-type=\"bookmark\" style=\"display: inline-block; width: 0px; overflow: hidden; line-height: 0;\" class=\"mce_SELRES_start\">\ufeff<\/span><\/iframe><\/p>\n","protected":false},"excerpt":{"rendered":"<p>Aj v\u00e1m sa zd\u00e1, \u017ee leto ubehlo akosi neskuto\u010dne r\u00fdchlo? Len ned\u00e1vno sme za\u010dali cyklistick\u00fa sez\u00f3nu, nav\u0161t\u00edvili prv\u00e9 tohtoro\u010dn\u00e9 preteky [&hellip;]<\/p>\n","protected":false},"author":172,"featured_media":19575,"comment_status":"open","ping_status":"open","sticky":false,"template":"","format":"standard","meta":{"footnotes":""},"categories":[34],"tags":[115,53,180,286,178,37,91,179,1615,542,183],"global-categories":[1074],"class_list":["post-19573","post","type-post","status-publish","format-standard","has-post-thumbnail","hentry","category-podujatia","tag-cestna-cyklistika","tag-deti","tag-horska-cyklistika","tag-jesen","tag-maraton","tag-podujatia","tag-pozvanka","tag-preteky","tag-sezona-2024","tag-skoda","tag-zabava","global-categories-cycling"],"yoast_head":"<!-- This site is optimized with the Yoast SEO Premium plugin v25.3 (Yoast SEO v25.9) - https:\/\/yoast.com\/wordpress\/plugins\/seo\/ -->\n<title>Septembrov\u00fd preh\u013ead slovensk\u00fdch podujat\u00ed\u00a0 - \u0160koda We Love Cycling Slovensko<\/title>\n<meta name=\"description\" content=\"Aj v\u00e1m sa zd\u00e1, \u017ee leto ubehlo akosi neskuto\u010dne r\u00fdchlo? Pozrime si preh\u013ead slovensk\u00fdch podujat\u00ed, ktor\u00e9 n\u00e1s \u010dakaj\u00fa t\u00fato jese\u0148.\" \/>\n<meta name=\"robots\" content=\"index, follow, max-snippet:-1, max-image-preview:large, max-video-preview:-1\" \/>\n<link rel=\"canonical\" href=\"https:\/\/www.welovecycling.com\/sk\/2024\/08\/30\/septembrovy-prehlad-slovenskych-podujati-2\/\" \/>\n<meta property=\"og:locale\" content=\"sk_SK\" \/>\n<meta property=\"og:type\" content=\"article\" \/>\n<meta property=\"og:title\" content=\"Septembrov\u00fd preh\u013ead slovensk\u00fdch podujat\u00ed\u00a0\" \/>\n<meta property=\"og:description\" content=\"Aj v\u00e1m sa zd\u00e1, \u017ee leto ubehlo akosi neskuto\u010dne r\u00fdchlo? Pozrime si preh\u013ead slovensk\u00fdch podujat\u00ed, ktor\u00e9 n\u00e1s \u010dakaj\u00fa t\u00fato jese\u0148.\" \/>\n<meta property=\"og:url\" content=\"https:\/\/www.welovecycling.com\/sk\/2024\/08\/30\/septembrovy-prehlad-slovenskych-podujati-2\/\" \/>\n<meta property=\"og:site_name\" content=\"\u0160koda We Love Cycling Slovensko\" \/>\n<meta property=\"article:published_time\" content=\"2024-08-30T13:00:27+00:00\" \/>\n<meta property=\"og:image\" content=\"https:\/\/d2p6e6u75xmxt8.cloudfront.net\/4\/2024\/08\/titulka-1.webp\" \/>\n\t<meta property=\"og:image:width\" content=\"990\" \/>\n\t<meta property=\"og:image:height\" content=\"660\" \/>\n\t<meta property=\"og:image:type\" content=\"image\/webp\" \/>\n<meta name=\"author\" content=\"dominika\" \/>\n<meta name=\"twitter:card\" content=\"summary_large_image\" \/>\n<meta name=\"twitter:label1\" content=\"Written by\" \/>\n\t<meta name=\"twitter:data1\" content=\"We Love Cycling\" \/>\n\t<meta name=\"twitter:label2\" content=\"Est. reading time\" \/>\n\t<meta name=\"twitter:data2\" content=\"3\" \/>\n<script type=\"application\/ld+json\" class=\"yoast-schema-graph\">{\"@context\":\"https:\/\/schema.org\",\"@graph\":[{\"@type\":\"WebPage\",\"@id\":\"https:\/\/www.welovecycling.com\/sk\/2024\/08\/30\/septembrovy-prehlad-slovenskych-podujati-2\/\",\"url\":\"https:\/\/www.welovecycling.com\/sk\/2024\/08\/30\/septembrovy-prehlad-slovenskych-podujati-2\/\",\"name\":\"Septembrov\u00fd preh\u013ead slovensk\u00fdch podujat\u00ed\u00a0 - \u0160koda We Love Cycling Slovensko\",\"isPartOf\":{\"@id\":\"https:\/\/www.welovecycling.com\/sk\/#website\"},\"primaryImageOfPage\":{\"@id\":\"https:\/\/www.welovecycling.com\/sk\/2024\/08\/30\/septembrovy-prehlad-slovenskych-podujati-2\/#primaryimage\"},\"image\":{\"@id\":\"https:\/\/www.welovecycling.com\/sk\/2024\/08\/30\/septembrovy-prehlad-slovenskych-podujati-2\/#primaryimage\"},\"thumbnailUrl\":\"https:\/\/d2p6e6u75xmxt8.cloudfront.net\/4\/2024\/08\/titulka-1.webp\",\"datePublished\":\"2024-08-30T13:00:27+00:00\",\"author\":{\"@id\":\"https:\/\/www.welovecycling.com\/sk\/#\/schema\/person\/533b62b98b6c41bd5135ebfb1f742624\"},\"description\":\"Aj v\u00e1m sa zd\u00e1, \u017ee leto ubehlo akosi neskuto\u010dne r\u00fdchlo? Pozrime si preh\u013ead slovensk\u00fdch podujat\u00ed, ktor\u00e9 n\u00e1s \u010dakaj\u00fa t\u00fato jese\u0148.\",\"breadcrumb\":{\"@id\":\"https:\/\/www.welovecycling.com\/sk\/2024\/08\/30\/septembrovy-prehlad-slovenskych-podujati-2\/#breadcrumb\"},\"inLanguage\":\"sk-SK\",\"potentialAction\":[{\"@type\":\"ReadAction\",\"target\":[\"https:\/\/www.welovecycling.com\/sk\/2024\/08\/30\/septembrovy-prehlad-slovenskych-podujati-2\/\"]}]},{\"@type\":\"ImageObject\",\"inLanguage\":\"sk-SK\",\"@id\":\"https:\/\/www.welovecycling.com\/sk\/2024\/08\/30\/septembrovy-prehlad-slovenskych-podujati-2\/#primaryimage\",\"url\":\"https:\/\/d2p6e6u75xmxt8.cloudfront.net\/4\/2024\/08\/titulka-1.webp\",\"contentUrl\":\"https:\/\/d2p6e6u75xmxt8.cloudfront.net\/4\/2024\/08\/titulka-1.webp\",\"width\":990,\"height\":660,\"caption\":\"pretek\u00e1r, horsk\u00e1 cyklistika\"},{\"@type\":\"BreadcrumbList\",\"@id\":\"https:\/\/www.welovecycling.com\/sk\/2024\/08\/30\/septembrovy-prehlad-slovenskych-podujati-2\/#breadcrumb\",\"itemListElement\":[{\"@type\":\"ListItem\",\"position\":1,\"name\":\"Home\",\"item\":\"https:\/\/www.welovecycling.com\/sk\/\"},{\"@type\":\"ListItem\",\"position\":2,\"name\":\"Septembrov\u00fd preh\u013ead slovensk\u00fdch podujat\u00ed\u00a0\"}]},{\"@type\":\"WebSite\",\"@id\":\"https:\/\/www.welovecycling.com\/sk\/#website\",\"url\":\"https:\/\/www.welovecycling.com\/sk\/\",\"name\":\"\u0160koda We Love Cycling Slovensko\",\"description\":\"\u0160koda We Love Cycling Slovensko je v\u00e1\u0161 ka\u017edodenn\u00fd zdroj noviniek a in\u0161pir\u00e1cie z sveta cyklistiky\",\"potentialAction\":[{\"@type\":\"SearchAction\",\"target\":{\"@type\":\"EntryPoint\",\"urlTemplate\":\"https:\/\/www.welovecycling.com\/sk\/?s={search_term_string}\"},\"query-input\":{\"@type\":\"PropertyValueSpecification\",\"valueRequired\":true,\"valueName\":\"search_term_string\"}}],\"inLanguage\":\"sk-SK\"},{\"@type\":\"Person\",\"@id\":\"https:\/\/www.welovecycling.com\/sk\/#\/schema\/person\/533b62b98b6c41bd5135ebfb1f742624\",\"name\":\"dominika\",\"image\":{\"@type\":\"ImageObject\",\"inLanguage\":\"sk-SK\",\"@id\":\"https:\/\/www.welovecycling.com\/sk\/#\/schema\/person\/image\/\",\"url\":\"https:\/\/secure.gravatar.com\/avatar\/ded6f274ba2ec3e17fff153f7d9d96a4b33c2cb63907f75d9a5309c599a7f3e6?s=96&d=mm&r=g\",\"contentUrl\":\"https:\/\/secure.gravatar.com\/avatar\/ded6f274ba2ec3e17fff153f7d9d96a4b33c2cb63907f75d9a5309c599a7f3e6?s=96&d=mm&r=g\",\"caption\":\"dominika\"},\"url\":\"https:\/\/www.welovecycling.com\/sk\/author\/dominika\/\"}]}<\/script>\n<!-- \/ Yoast SEO Premium plugin. -->","yoast_head_json":{"title":"Septembrov\u00fd preh\u013ead slovensk\u00fdch podujat\u00ed\u00a0 - \u0160koda We Love Cycling Slovensko","description":"Aj v\u00e1m sa zd\u00e1, \u017ee leto ubehlo akosi neskuto\u010dne r\u00fdchlo? Pozrime si preh\u013ead slovensk\u00fdch podujat\u00ed, ktor\u00e9 n\u00e1s \u010dakaj\u00fa t\u00fato jese\u0148.","robots":{"index":"index","follow":"follow","max-snippet":"max-snippet:-1","max-image-preview":"max-image-preview:large","max-video-preview":"max-video-preview:-1"},"canonical":"https:\/\/www.welovecycling.com\/sk\/2024\/08\/30\/septembrovy-prehlad-slovenskych-podujati-2\/","og_locale":"sk_SK","og_type":"article","og_title":"Septembrov\u00fd preh\u013ead slovensk\u00fdch podujat\u00ed\u00a0","og_description":"Aj v\u00e1m sa zd\u00e1, \u017ee leto ubehlo akosi neskuto\u010dne r\u00fdchlo? Pozrime si preh\u013ead slovensk\u00fdch podujat\u00ed, ktor\u00e9 n\u00e1s \u010dakaj\u00fa t\u00fato jese\u0148.","og_url":"https:\/\/www.welovecycling.com\/sk\/2024\/08\/30\/septembrovy-prehlad-slovenskych-podujati-2\/","og_site_name":"\u0160koda We Love Cycling Slovensko","article_published_time":"2024-08-30T13:00:27+00:00","og_image":[{"width":990,"height":660,"url":"https:\/\/d2p6e6u75xmxt8.cloudfront.net\/4\/2024\/08\/titulka-1.webp","type":"image\/webp"}],"author":"dominika","twitter_card":"summary_large_image","twitter_misc":{"Written by":"We Love Cycling","Est. reading time":"3"},"schema":{"@context":"https:\/\/schema.org","@graph":[{"@type":"WebPage","@id":"https:\/\/www.welovecycling.com\/sk\/2024\/08\/30\/septembrovy-prehlad-slovenskych-podujati-2\/","url":"https:\/\/www.welovecycling.com\/sk\/2024\/08\/30\/septembrovy-prehlad-slovenskych-podujati-2\/","name":"Septembrov\u00fd preh\u013ead slovensk\u00fdch podujat\u00ed\u00a0 - \u0160koda We Love Cycling Slovensko","isPartOf":{"@id":"https:\/\/www.welovecycling.com\/sk\/#website"},"primaryImageOfPage":{"@id":"https:\/\/www.welovecycling.com\/sk\/2024\/08\/30\/septembrovy-prehlad-slovenskych-podujati-2\/#primaryimage"},"image":{"@id":"https:\/\/www.welovecycling.com\/sk\/2024\/08\/30\/septembrovy-prehlad-slovenskych-podujati-2\/#primaryimage"},"thumbnailUrl":"https:\/\/d2p6e6u75xmxt8.cloudfront.net\/4\/2024\/08\/titulka-1.webp","datePublished":"2024-08-30T13:00:27+00:00","author":{"@id":"https:\/\/www.welovecycling.com\/sk\/#\/schema\/person\/533b62b98b6c41bd5135ebfb1f742624"},"description":"Aj v\u00e1m sa zd\u00e1, \u017ee leto ubehlo akosi neskuto\u010dne r\u00fdchlo? Pozrime si preh\u013ead slovensk\u00fdch podujat\u00ed, ktor\u00e9 n\u00e1s \u010dakaj\u00fa t\u00fato jese\u0148.","breadcrumb":{"@id":"https:\/\/www.welovecycling.com\/sk\/2024\/08\/30\/septembrovy-prehlad-slovenskych-podujati-2\/#breadcrumb"},"inLanguage":"sk-SK","potentialAction":[{"@type":"ReadAction","target":["https:\/\/www.welovecycling.com\/sk\/2024\/08\/30\/septembrovy-prehlad-slovenskych-podujati-2\/"]}]},{"@type":"ImageObject","inLanguage":"sk-SK","@id":"https:\/\/www.welovecycling.com\/sk\/2024\/08\/30\/septembrovy-prehlad-slovenskych-podujati-2\/#primaryimage","url":"https:\/\/d2p6e6u75xmxt8.cloudfront.net\/4\/2024\/08\/titulka-1.webp","contentUrl":"https:\/\/d2p6e6u75xmxt8.cloudfront.net\/4\/2024\/08\/titulka-1.webp","width":990,"height":660,"caption":"pretek\u00e1r, horsk\u00e1 cyklistika"},{"@type":"BreadcrumbList","@id":"https:\/\/www.welovecycling.com\/sk\/2024\/08\/30\/septembrovy-prehlad-slovenskych-podujati-2\/#breadcrumb","itemListElement":[{"@type":"ListItem","position":1,"name":"Home","item":"https:\/\/www.welovecycling.com\/sk\/"},{"@type":"ListItem","position":2,"name":"Septembrov\u00fd preh\u013ead slovensk\u00fdch podujat\u00ed\u00a0"}]},{"@type":"WebSite","@id":"https:\/\/www.welovecycling.com\/sk\/#website","url":"https:\/\/www.welovecycling.com\/sk\/","name":"\u0160koda We Love Cycling Slovensko","description":"\u0160koda We Love Cycling Slovensko je v\u00e1\u0161 ka\u017edodenn\u00fd zdroj noviniek a in\u0161pir\u00e1cie z sveta cyklistiky","potentialAction":[{"@type":"SearchAction","target":{"@type":"EntryPoint","urlTemplate":"https:\/\/www.welovecycling.com\/sk\/?s={search_term_string}"},"query-input":{"@type":"PropertyValueSpecification","valueRequired":true,"valueName":"search_term_string"}}],"inLanguage":"sk-SK"},{"@type":"Person","@id":"https:\/\/www.welovecycling.com\/sk\/#\/schema\/person\/533b62b98b6c41bd5135ebfb1f742624","name":"dominika","image":{"@type":"ImageObject","inLanguage":"sk-SK","@id":"https:\/\/www.welovecycling.com\/sk\/#\/schema\/person\/image\/","url":"https:\/\/secure.gravatar.com\/avatar\/ded6f274ba2ec3e17fff153f7d9d96a4b33c2cb63907f75d9a5309c599a7f3e6?s=96&d=mm&r=g","contentUrl":"https:\/\/secure.gravatar.com\/avatar\/ded6f274ba2ec3e17fff153f7d9d96a4b33c2cb63907f75d9a5309c599a7f3e6?s=96&d=mm&r=g","caption":"dominika"},"url":"https:\/\/www.welovecycling.com\/sk\/author\/dominika\/"}]}},"_links":{"self":[{"href":"https:\/\/www.welovecycling.com\/sk\/wp-json\/wp\/v2\/posts\/19573","targetHints":{"allow":["GET"]}}],"collection":[{"href":"https:\/\/www.welovecycling.com\/sk\/wp-json\/wp\/v2\/posts"}],"about":[{"href":"https:\/\/www.welovecycling.com\/sk\/wp-json\/wp\/v2\/types\/post"}],"author":[{"embeddable":true,"href":"https:\/\/www.welovecycling.com\/sk\/wp-json\/wp\/v2\/users\/172"}],"replies":[{"embeddable":true,"href":"https:\/\/www.welovecycling.com\/sk\/wp-json\/wp\/v2\/comments?post=19573"}],"version-history":[{"count":3,"href":"https:\/\/www.welovecycling.com\/sk\/wp-json\/wp\/v2\/posts\/19573\/revisions"}],"predecessor-version":[{"id":19591,"href":"https:\/\/www.welovecycling.com\/sk\/wp-json\/wp\/v2\/posts\/19573\/revisions\/19591"}],"wp:featuredmedia":[{"embeddable":true,"href":"https:\/\/www.welovecycling.com\/sk\/wp-json\/wp\/v2\/media\/19575"}],"wp:attachment":[{"href":"https:\/\/www.welovecycling.com\/sk\/wp-json\/wp\/v2\/media?parent=19573"}],"wp:term":[{"taxonomy":"category","embeddable":true,"href":"https:\/\/www.welovecycling.com\/sk\/wp-json\/wp\/v2\/categories?post=19573"},{"taxonomy":"post_tag","embeddable":true,"href":"https:\/\/www.welovecycling.com\/sk\/wp-json\/wp\/v2\/tags?post=19573"},{"taxonomy":"global-categories","embeddable":true,"href":"https:\/\/www.welovecycling.com\/sk\/wp-json\/wp\/v2\/global-categories?post=19573"}],"curies":[{"name":"wp","href":"https:\/\/api.w.org\/{rel}","templated":true}]}}