{"id":19525,"date":"2024-08-14T12:40:40","date_gmt":"2024-08-14T10:40:40","guid":{"rendered":"https:\/\/www.welovecycling.com\/sk\/?p=19525"},"modified":"2024-08-14T14:38:23","modified_gmt":"2024-08-14T12:38:23","slug":"reportaz-skoda-horal-mtb-maraton-vrchol-letnej-sezony","status":"publish","type":"post","link":"https:\/\/www.welovecycling.com\/sk\/2024\/08\/14\/reportaz-skoda-horal-mtb-maraton-vrchol-letnej-sezony\/","title":{"rendered":"Report\u00e1\u017e: \u0160koda Horal MTB marat\u00f3n \u2013 vrchol letnej sez\u00f3ny"},"content":{"rendered":"<p><strong>Jubilejn\u00fd 25. ro\u010dn\u00edk naj\u0165a\u017e\u0161ieho marat\u00f3nu zo s\u00e9rie \u0160koda Bike Open Tour tohto roku aj s\u00a0najvy\u0161\u0161\u00edm vrcholom na Kr\u00e1\u013eovej holi je \u00faspe\u0161ne za nami. Poves\u0165 Horala s\u00a0tra\u0165ou Krejzi sa potvrdila a\u00a0bolo to proste naozaj \u201ekrejzi\u201c.<\/strong><\/p>\n<p><!--more--><\/p>\n<p><span style=\"font-weight: 400;\">Mnoh\u00ed cyklisti, ktor\u00ed pl\u00e1novali \u00eds\u0165 na t\u00fato tra\u0165, sa v\u00a0priebehu sez\u00f3ny poctivo pripravovali. Tie\u017e som nechcel necha\u0165 ni\u010d na n\u00e1hodu a\u00a0postupne si zvy\u0161oval z\u00e1\u0165a\u017e.\u00a0<\/span><\/p>\n<p><span style=\"font-weight: 400;\"><strong>Prvou v\u00e4\u010d\u0161ou sk\u00fa\u0161kou bol parametrami podobn\u00fd marat\u00f3n Dr\u00e1sal v\u00a0\u010ceskej republike, kde bolo pekeln\u00e9 teplo.<\/strong> Dva t\u00fd\u017edne nesk\u00f4r som absolvoval chatov\u00fd v\u00fdlet v pohor\u00ed Mal\u00e1 Fatra. V\u00a0jeden de\u0148 som pre\u0161iel 4 horsk\u00e9 chaty, kde boli parametre trate cca 120 km a\u00a04000 v\u00fd\u0161kov\u00fdch metrov. Tie\u017e to bol ultim\u00e1tny v\u00fdlet. \ud83d\ude42<\/span><\/p>\n<p><img loading=\"lazy\" decoding=\"async\" class=\"alignnone size-full wp-image-19527\" src=\"https:\/\/d2p6e6u75xmxt8.cloudfront.net\/4\/2024\/08\/horAL-26.webp\" alt=\"\" width=\"990\" height=\"660\" srcset=\"https:\/\/d2p6e6u75xmxt8.cloudfront.net\/4\/2024\/08\/horAL-26.webp 990w, https:\/\/d2p6e6u75xmxt8.cloudfront.net\/4\/2024\/08\/horAL-26-300x200.webp 300w, https:\/\/d2p6e6u75xmxt8.cloudfront.net\/4\/2024\/08\/horAL-26-768x512.webp 768w, https:\/\/d2p6e6u75xmxt8.cloudfront.net\/4\/2024\/08\/horAL-26-400x267.webp 400w, https:\/\/d2p6e6u75xmxt8.cloudfront.net\/4\/2024\/08\/horAL-26-272x182.webp 272w\" sizes=\"auto, (max-width: 990px) 100vw, 990px\" \/><\/p>\n<p><span style=\"font-weight: 400;\">V\u0161etko i\u0161lo pod\u013ea pl\u00e1nu, d\u00e1 sa poveda\u0165, \u017ee a\u017e pr\u00edli\u0161 ide\u00e1lne. Posledn\u00fd v\u00edkend pred Horalom boli cestn\u00e9 preteky Nay Gran Fondo. Mal to by\u0165 posledn\u00fd k\u00fasok puzzle do celku. \u010co \u010dert nechcel a\u00a0\u010domu som sa chcel vyhn\u00fa\u0165, to bol pr\u00e1ve p\u00e1d na ceste. Nepodarilo sa.\u00a0<\/span><\/p>\n<p><span style=\"font-weight: 400;\">Preteky som\u00a0s\u00edce dokon\u010dil, ale <strong>odniesol som si celkom pekn\u00fd li\u0161aj na pravom lakti a\u00a0pravej nohe, spolu s modrinou.<\/strong> Tak sa za\u010dal intenz\u00edvny proces hojenia, aby som v\u00a0sobotu mohol \u0161tartova\u0165. V\u00a0hlave som si nechcel pripusti\u0165, \u017ee by som tento kr\u00e1sny marat\u00f3n vynechal.\u00a0<\/span><\/p>\n<p><img loading=\"lazy\" decoding=\"async\" class=\"alignnone size-full wp-image-19528\" src=\"https:\/\/d2p6e6u75xmxt8.cloudfront.net\/4\/2024\/08\/horAL-10.webp\" alt=\"\" width=\"990\" height=\"660\" srcset=\"https:\/\/d2p6e6u75xmxt8.cloudfront.net\/4\/2024\/08\/horAL-10.webp 990w, https:\/\/d2p6e6u75xmxt8.cloudfront.net\/4\/2024\/08\/horAL-10-300x200.webp 300w, https:\/\/d2p6e6u75xmxt8.cloudfront.net\/4\/2024\/08\/horAL-10-768x512.webp 768w, https:\/\/d2p6e6u75xmxt8.cloudfront.net\/4\/2024\/08\/horAL-10-400x267.webp 400w, https:\/\/d2p6e6u75xmxt8.cloudfront.net\/4\/2024\/08\/horAL-10-272x182.webp 272w\" sizes=\"auto, (max-width: 990px) 100vw, 990px\" \/><\/p>\n<h2><b>Rann\u00fd \u0161tart<\/b><\/h2>\n<p><span style=\"font-weight: 400;\">Hoci som sa cez t\u00fd\u017ede\u0148 musel viac \u0161etri\u0165, v\u00a0piatok pred odchodom z\u00a0domu som neodolal a\u00a0vybehol aspo\u0148 na hodinu na ces\u0165\u00e1k. Kv\u00f4li tomu z\u00a0domu odch\u00e1dzam nie\u010do po 19:00 hod. a na ubytko prich\u00e1dzam okolo 22:00. hod. \u0160tart trate Krejzi je r\u00e1no o\u00a07:00 hod. Bud\u00edk o\u00a05:20 teda znamenal, \u017ee ma ne\u010dakala dlh\u00e1 noc. \ud83d\ude42<\/span><\/p>\n<p><span style=\"font-weight: 400;\"><strong>U\u017e si tu\u00a0rob\u00edm tak\u00fa trad\u00edciu, \u017ee na \u0161tart chcem pr\u00eds\u0165 na biku pri v\u00fdchode slnka s poh\u013eadom na kr\u00e1sne Tatry.<\/strong> Preto sa v\u017edy ubytujem v\u00a0Poprade, do Svitu to m\u00e1m cca 25 min\u00fat a\u00a0ide\u00e1lny rozjazd. Do toho mi hr\u00e1 aj z\u00e1zemie v\u00a0na\u0161om \u0160koda st\u00e1nku, kde si m\u00f4\u017eem necha\u0165 ruksak s\u00a0vecami.\u00a0<\/span><span style=\"font-weight: 400;\">Bol som sa registrova\u0165 a\u00a0prevzal si \u0161tartovac\u00ed bal\u00ed\u010dek. Ke\u010f\u017ee som registr\u00e1ciu urobil dostato\u010dne skoro, m\u00e1m aj pam\u00e4tn\u00e9 tri\u010dko.\u00a0<\/span><\/p>\n<p><span style=\"font-weight: 400;\">V\u00a0rann\u00fa hodinu sa cel\u00e9 z\u00e1zemie e\u0161te len preb\u00fadza, ale k\u00fasok pred \u0161tartom sa tu zi\u0161lo rekordn\u00e9 mno\u017estvo pretek\u00e1rov. <strong>\u0160tartovalo n\u00e1s takmer 180 na najdlh\u0161ej trati!<\/strong> To je dvakr\u00e1t to\u013eko ako na trati Senzi.\u00a0<\/span><\/p>\n<p><span style=\"font-weight: 400;\">Kto si chcel viac pospa\u0165, mal k\u00a0dispoz\u00edcii aj krat\u0161ie trate. Lejzi 75 km\/2100 v. m mala \u0161tart o\u00a09:00 hod.,\u00a0 Senzi 62 km\/1600 v. m o\u00a010:00 hod., tam \u0161tartovali aj ebiky. Nasledovala najkrat\u0161ia \u00cdzi 30 km\/800 v. m a\u00a0rodinn\u00e1 Dejzi 17 km\/350 v. m.<\/span><\/p>\n<p><img loading=\"lazy\" decoding=\"async\" class=\"alignnone size-full wp-image-19529\" src=\"https:\/\/d2p6e6u75xmxt8.cloudfront.net\/4\/2024\/08\/horAL-8.webp\" alt=\"\" width=\"990\" height=\"660\" srcset=\"https:\/\/d2p6e6u75xmxt8.cloudfront.net\/4\/2024\/08\/horAL-8.webp 990w, https:\/\/d2p6e6u75xmxt8.cloudfront.net\/4\/2024\/08\/horAL-8-300x200.webp 300w, https:\/\/d2p6e6u75xmxt8.cloudfront.net\/4\/2024\/08\/horAL-8-768x512.webp 768w, https:\/\/d2p6e6u75xmxt8.cloudfront.net\/4\/2024\/08\/horAL-8-400x267.webp 400w, https:\/\/d2p6e6u75xmxt8.cloudfront.net\/4\/2024\/08\/horAL-8-272x182.webp 272w\" sizes=\"auto, (max-width: 990px) 100vw, 990px\" \/><\/p>\n<h2><b>V\u00fdzva v \u00favode<\/b><\/h2>\n<p><span style=\"font-weight: 400;\">Tradi\u010dn\u00fd v\u00fdstrel n\u00e1s od\u0161tartoval a\u00a0pretek\u00e1ri sa rozbehli za sprievodn\u00fdm vozidlom. <strong>Za\u010diatok trate priniesol oproti minul\u00e9mu roku, pod\u013ea m\u0148a, zmenu k\u00a0lep\u0161iemu.<\/strong> Smerujeme k\u00a0obci Spi\u0161sk\u00e9 Teplice, odkia\u013e pokra\u010dujeme na Spi\u0161sk\u00e9 Bystr\u00e9. Na tomto \u00faseku je aj novinka, takzvan\u00fd <\/span><span style=\"font-weight: 400;\">\u201e<\/span><span style=\"font-weight: 400;\">Led\u017eendary hil\u201c.<\/span><\/p>\n<p><span style=\"font-weight: 400;\"><strong>Pod\u013ea lok\u00e1lnej legendy jazdci, ktor\u00ed vy\u0161liapu tento strm\u00fd kopec v sedle, u\u017e cel\u00e9 preteky z bicykla nezosadn\u00fa.<\/strong> Vraj ani na bufetoch. Nane\u0161\u0165astie mne sa to nepodarilo a\u00a0musel som tla\u010di\u0165, preto som sa te\u0161il na bufety. \ud83d\ude42 Pokra\u010dujeme st\u00fapan\u00edm dolinou, v\u00a0ktorej je e\u0161te svie\u017eo a\u00a0kilometre celkom dobre ubiehaj\u00fa. Nede\u013en\u00fd p\u00e1d a\u00a0n\u00faten\u00fa pauzu som ale c\u00edtil, preto ani v\u00fdkon nie je \u00faplne pod\u013ea predst\u00e1v.<\/span><\/p>\n<p><img loading=\"lazy\" decoding=\"async\" class=\"alignnone size-full wp-image-19530\" src=\"https:\/\/d2p6e6u75xmxt8.cloudfront.net\/4\/2024\/08\/horAL-2.webp\" alt=\"\" width=\"990\" height=\"660\" srcset=\"https:\/\/d2p6e6u75xmxt8.cloudfront.net\/4\/2024\/08\/horAL-2.webp 990w, https:\/\/d2p6e6u75xmxt8.cloudfront.net\/4\/2024\/08\/horAL-2-300x200.webp 300w, https:\/\/d2p6e6u75xmxt8.cloudfront.net\/4\/2024\/08\/horAL-2-768x512.webp 768w, https:\/\/d2p6e6u75xmxt8.cloudfront.net\/4\/2024\/08\/horAL-2-400x267.webp 400w, https:\/\/d2p6e6u75xmxt8.cloudfront.net\/4\/2024\/08\/horAL-2-272x182.webp 272w\" sizes=\"auto, (max-width: 990px) 100vw, 990px\" \/><\/p>\n<h2><b>Na Kr\u00e1\u013eovej holi je bufet par\u00e1dny<\/b><\/h2>\n<p><span style=\"font-weight: 400;\">N\u00e1sledne zjazdujeme k Pust\u00e9mu Po\u013eu, kde m\u00ed\u0148ame bufet a za\u010d\u00edna sa st\u00fapanie na dne\u0161n\u00fa ikonu \u2013 Kr\u00e1\u013eovu ho\u013eu. Tam som u\u017e p\u00e1rkr\u00e1t bol, a tak presne viem, \u010do n\u00e1s najbli\u017e\u0161\u00edch 17 km \u010dak\u00e1.<\/span><\/p>\n<p><span style=\"font-weight: 400;\">Postupne sa dostaneme na \u0161trkov\u00fa cestu, ktor\u00e1 vedie od \u0160umiaca. Tu sa e\u0161te na chv\u00ed\u013eu odpoj\u00edme. Ist\u00fd moment za\u010dneme st\u00fapa\u0165 hore a\u00a0presne pred sebou vid\u00edme vysiela\u010d na vrchole. <strong>Jeden by mal a\u017e pocit, \u017ee p\u00f4jdeme rovno za nosom a\u017e k\u00a0nemu.<\/strong> Nako\u013eko sa tento \u00fasek ide obojsmerne, za\u010d\u00ednal som prem\u00fd\u0161\u013ea\u0165, kedy sa vyroja prv\u00ed pretek\u00e1ri.<\/span><\/p>\n<p><img loading=\"lazy\" decoding=\"async\" class=\"alignnone size-full wp-image-19531\" src=\"https:\/\/d2p6e6u75xmxt8.cloudfront.net\/4\/2024\/08\/horAL-5.webp\" alt=\"\" width=\"990\" height=\"660\" srcset=\"https:\/\/d2p6e6u75xmxt8.cloudfront.net\/4\/2024\/08\/horAL-5.webp 990w, https:\/\/d2p6e6u75xmxt8.cloudfront.net\/4\/2024\/08\/horAL-5-300x200.webp 300w, https:\/\/d2p6e6u75xmxt8.cloudfront.net\/4\/2024\/08\/horAL-5-768x512.webp 768w, https:\/\/d2p6e6u75xmxt8.cloudfront.net\/4\/2024\/08\/horAL-5-400x267.webp 400w, https:\/\/d2p6e6u75xmxt8.cloudfront.net\/4\/2024\/08\/horAL-5-272x182.webp 272w\" sizes=\"auto, (max-width: 990px) 100vw, 990px\" \/><\/p>\n<p><span style=\"font-weight: 400;\">Na Chatu pod Kr\u00e1\u013eovou ho\u013eou som dorazil nie\u010do po 9:30 hod. a\u00a0to sa u\u017e sp\u00fa\u0161\u0165ali prv\u00ed dole. Tak som vedel, \u017ee maj\u00fa pribli\u017ene hodinu n\u00e1skok. <strong>Vpredu i\u0161li teda riadne tempo.<\/strong> Z\u00e1rove\u0148 bol tento \u00fasek tro\u0161ku nebezpe\u010dn\u00fd. Predsa len ide o\u00a0rozbit\u00fa, k\u013eukat\u00fa a miestami viac zarasten\u00fa cestu. A\u00a0zrazu sa objav\u00ed pretek\u00e1r, ktor\u00fd si to zhora val\u00ed dole. Pravidlom ale bolo dr\u017ea\u0165 sa v\u00a0pravej \u010dasti a\u00a0navz\u00e1jom sme si kri\u010dali, ak niekto zhora letel. Spolupr\u00e1ca bol z\u00e1klad.<\/span><\/p>\n<p><img loading=\"lazy\" decoding=\"async\" class=\"alignnone size-full wp-image-19532\" src=\"https:\/\/d2p6e6u75xmxt8.cloudfront.net\/4\/2024\/08\/horAL-4.webp\" alt=\"\" width=\"990\" height=\"660\" srcset=\"https:\/\/d2p6e6u75xmxt8.cloudfront.net\/4\/2024\/08\/horAL-4.webp 990w, https:\/\/d2p6e6u75xmxt8.cloudfront.net\/4\/2024\/08\/horAL-4-300x200.webp 300w, https:\/\/d2p6e6u75xmxt8.cloudfront.net\/4\/2024\/08\/horAL-4-768x512.webp 768w, https:\/\/d2p6e6u75xmxt8.cloudfront.net\/4\/2024\/08\/horAL-4-400x267.webp 400w, https:\/\/d2p6e6u75xmxt8.cloudfront.net\/4\/2024\/08\/horAL-4-272x182.webp 272w\" sizes=\"auto, (max-width: 990px) 100vw, 990px\" \/><\/p>\n<p><span style=\"font-weight: 400;\">St\u00fapanie od chaty na vrchol je rozhodne jedno z\u00a0najkraj\u0161\u00edch st\u00fapan\u00ed zo v\u0161etk\u00fdch marat\u00f3nov. Nie je to pr\u00edli\u0161 strm\u00e9 a\u00a0postupne sa odkr\u00fdva n\u00e1dhern\u00fd poh\u013ead na vysiela\u010d s\u00a0panor\u00e1mou na Vysok\u00e9 Tatry. Kie\u017eby v\u0161etky st\u00fapania boli tak\u00e9to.<\/span><\/p>\n<p><span style=\"font-weight: 400;\">V\u00fdstup od chaty mi trval cca 35 min\u00fat, hore sa nach\u00e1dza bufet, ktor\u00fd si doslova vychutn\u00e1m.<strong> S\u00a0t\u00fdmto v\u00fdh\u013eadom sa mi ani nechce \u00eds\u0165 dole.<\/strong> Po\u010fakujem sa za ob\u010derstvenie a\u00a0cvak\u00e1m tretry. St\u00edham e\u0161te jednu fotku na Tatry a\u00a0uklad\u00e1m sa do aero polohy, nech si zjazd u\u017eijem. Niekto by povedal, \u017ee je zbyto\u010dn\u00e9 riskovanie, ale ke\u010f to m\u00e1 \u010dlovek pod kontrolou, je to z\u00e1bava a\u00a0adrenal\u00edn k\u00a0tomu patr\u00ed. Ako sa nesk\u00f4r dozviem zo Stravy, tak som tu urobil miestny rekord v\u00a0zjazde. Moje mal\u00e9 v\u00ed\u0165azstvo. \ud83d\ude42<\/span><\/p>\n<p><img loading=\"lazy\" decoding=\"async\" class=\"alignnone size-full wp-image-19533\" src=\"https:\/\/d2p6e6u75xmxt8.cloudfront.net\/4\/2024\/08\/horAL-6.webp\" alt=\"\" width=\"990\" height=\"660\" srcset=\"https:\/\/d2p6e6u75xmxt8.cloudfront.net\/4\/2024\/08\/horAL-6.webp 990w, https:\/\/d2p6e6u75xmxt8.cloudfront.net\/4\/2024\/08\/horAL-6-300x200.webp 300w, https:\/\/d2p6e6u75xmxt8.cloudfront.net\/4\/2024\/08\/horAL-6-768x512.webp 768w, https:\/\/d2p6e6u75xmxt8.cloudfront.net\/4\/2024\/08\/horAL-6-400x267.webp 400w, https:\/\/d2p6e6u75xmxt8.cloudfront.net\/4\/2024\/08\/horAL-6-272x182.webp 272w\" sizes=\"auto, (max-width: 990px) 100vw, 990px\" \/><\/p>\n<h2><b>Skuto\u010dn\u00e1 Krejzi tra\u0165<\/b><\/h2>\n<p><span style=\"font-weight: 400;\">Najkraj\u0161ie a\u00a0zrejme aj naj\u013eah\u0161ie je za nami. Zo zjazdu mi ale stuhli nohy \u2013 by\u0165 v\u00a0podrepe nieko\u013eko kilometrov tie\u017e nie je zrovna oddych. Teraz nastupuje prav\u00e1 Krejzi tra\u0165. Vraciame sa a v\u00a0ist\u00fd moment to <\/span><span style=\"font-weight: 400;\">\u201e<\/span><span style=\"font-weight: 400;\">strihneme\u201c do kopca smerom k\u00a0Prednej holi do Smre\u010dinsk\u00e9ho sedla. Zo za\u010diatku e\u0161te ideme hore-dole, ale potom pr\u00edde strmina.\u00a0<\/span><\/p>\n<p><span style=\"font-weight: 400;\">Chv\u00ed\u013eu \u0161liapem, ale dos\u0165 aj tla\u010d\u00edm vo\u00a0vykosenej h\u00fa\u0161tine, spolu s\u00a0ostatn\u00fdmi pretek\u00e1rmi. <strong>Kopec je naozaj strm\u00fd a\u00a0bojova\u0165 tu na pokraji s\u00edl v\u00a0polovici trasy by nebolo pr\u00edli\u0161 rozumn\u00e9.<\/strong> Ale kto dal <\/span><span style=\"font-weight: 400;\">\u201e<\/span><span style=\"font-weight: 400;\">Led\u017eendary hil\u201c, tak \u201emusel\u201c aj toto da\u0165 predsa v\u00a0sedle. \ud83d\ude42<\/span><\/p>\n<p><img loading=\"lazy\" decoding=\"async\" class=\"alignnone size-full wp-image-19534\" src=\"https:\/\/d2p6e6u75xmxt8.cloudfront.net\/4\/2024\/08\/horAL-27.webp\" alt=\"\" width=\"990\" height=\"660\" srcset=\"https:\/\/d2p6e6u75xmxt8.cloudfront.net\/4\/2024\/08\/horAL-27.webp 990w, https:\/\/d2p6e6u75xmxt8.cloudfront.net\/4\/2024\/08\/horAL-27-300x200.webp 300w, https:\/\/d2p6e6u75xmxt8.cloudfront.net\/4\/2024\/08\/horAL-27-768x512.webp 768w, https:\/\/d2p6e6u75xmxt8.cloudfront.net\/4\/2024\/08\/horAL-27-400x267.webp 400w, https:\/\/d2p6e6u75xmxt8.cloudfront.net\/4\/2024\/08\/horAL-27-272x182.webp 272w\" sizes=\"auto, (max-width: 990px) 100vw, 990px\" \/><\/p>\n<p><span style=\"font-weight: 400;\">Zjazd zo sedla je tro\u0161ku n\u00e1ro\u010dnej\u0161\u00ed, medzi kame\u0148mi. V\u00a0princ\u00edpe sa ale na celej trati nenach\u00e1dza vyslovene \u0165a\u017ek\u00fd \u00fasek. V\u00a0Tepli\u010dke n\u00e1s \u010dak\u00e1 4. z\u00a05-tich bufetov. Odch\u00e1dzame 5 pretek\u00e1ri spolu a\u00a0za\u010d\u00edname st\u00fapa\u0165 k P\u00e1nskej holi. Traja odpadn\u00fa a\u00a0ja pokra\u010dujem s\u00a0jedn\u00fdm. <strong>D\u00e1vame sa do re\u010di (v\u00a0r\u00e1mci mo\u017enost\u00ed s\u00a0dychom \ud83d\ude42 ) a\u00a0spolu sa \u0165ah\u00e1me a\u017e hore.<\/strong> Toto padlo ve\u013emi vhod, keby som i\u0161iel s\u00e1m, tak by som ur\u010dite i\u0161iel pomal\u0161ie tempo.\u00a0<\/span><\/p>\n<p><img loading=\"lazy\" decoding=\"async\" class=\"alignnone size-full wp-image-19535\" src=\"https:\/\/d2p6e6u75xmxt8.cloudfront.net\/4\/2024\/08\/horAL-17.webp\" alt=\"\" width=\"990\" height=\"660\" srcset=\"https:\/\/d2p6e6u75xmxt8.cloudfront.net\/4\/2024\/08\/horAL-17.webp 990w, https:\/\/d2p6e6u75xmxt8.cloudfront.net\/4\/2024\/08\/horAL-17-300x200.webp 300w, https:\/\/d2p6e6u75xmxt8.cloudfront.net\/4\/2024\/08\/horAL-17-768x512.webp 768w, https:\/\/d2p6e6u75xmxt8.cloudfront.net\/4\/2024\/08\/horAL-17-400x267.webp 400w, https:\/\/d2p6e6u75xmxt8.cloudfront.net\/4\/2024\/08\/horAL-17-272x182.webp 272w\" sizes=\"auto, (max-width: 990px) 100vw, 990px\" \/><\/p>\n<p><span style=\"font-weight: 400;\">Ako som doteraz v\u00fdkonovo ve\u013emi nevl\u00e1dal, tak sa to s prekvapen\u00edm ot\u00e1\u010da. Chv\u00ed\u013eu pobudneme na hrebeni a\u00a0zjazdujeme nasp\u00e4\u0165 ku koncu obce, odkia\u013e sme pred chv\u00ed\u013eou st\u00fapali. Vz\u00e1p\u00e4t\u00ed sa za\u010d\u00edna \u010fal\u0161ie, nie \u013eahk\u00e9 st\u00fapanie smerom na \u0160u\u0148avu. <strong>Presne si pam\u00e4t\u00e1m, ako ma tu<\/strong><\/span><strong><a href=\"https:\/\/www.welovecycling.com\/sk\/2023\/08\/16\/reportaz-skoda-horal-mtb-maraton-rodinna-karavana-na-trati-daisy\/\" target=\"_blank\" rel=\"noopener\"> minul\u00fd rok<\/a> po\u010das pomal\u00e9ho tempa \u017erali ovady a\u00a0varil som sa vo vlastnom pote.<\/strong><\/p>\n<p><img loading=\"lazy\" decoding=\"async\" class=\"alignnone size-full wp-image-19536\" src=\"https:\/\/d2p6e6u75xmxt8.cloudfront.net\/4\/2024\/08\/horAL-1.webp\" alt=\"\" width=\"990\" height=\"660\" srcset=\"https:\/\/d2p6e6u75xmxt8.cloudfront.net\/4\/2024\/08\/horAL-1.webp 990w, https:\/\/d2p6e6u75xmxt8.cloudfront.net\/4\/2024\/08\/horAL-1-300x200.webp 300w, https:\/\/d2p6e6u75xmxt8.cloudfront.net\/4\/2024\/08\/horAL-1-768x512.webp 768w, https:\/\/d2p6e6u75xmxt8.cloudfront.net\/4\/2024\/08\/horAL-1-400x267.webp 400w, https:\/\/d2p6e6u75xmxt8.cloudfront.net\/4\/2024\/08\/horAL-1-272x182.webp 272w\" sizes=\"auto, (max-width: 990px) 100vw, 990px\" \/><\/p>\n<p><span style=\"font-weight: 400;\">Dnes s\u00fa tie podmienky a\u017e ide\u00e1lne nudn\u00e9. Slnko s\u00edce hreje, ale ob\u010das pofukuje. Z\u00e1rove\u0148 je sucho a prach. Ur\u010dite by dom\u00e1ci nad\u00e1vali na teplo. Predsa len bolo okolo 30 \u00b0C, ale ja ako ju\u017ean, ktor\u00fd jazd\u00ed v\u00a0okol\u00ed Bratislavy aj pri teplote 35 \u00b0C, sa u\u017e to\u013eko nevar\u00edm a\u00a0aj vzduch tu je podstatne znesite\u013enej\u0161\u00ed. \ud83d\ude42<\/span><\/p>\n<h2><b>Ke\u010f koniec e\u0161te nie je koniec<\/b><\/h2>\n<p><span style=\"font-weight: 400;\">Tieto st\u00fapania mi u\u017e ale d\u00e1vaj\u00fa zabra\u0165, <strong>predsa len o chv\u00ed\u013eu prekon\u00e1vame 100 km a 3000 v\u00fd\u0161kov\u00fdch metrov, a to je u\u017e pozna\u0165.<\/strong> Po zjazde do \u0160u\u0148avy zastavujem na poslednom bufete, v\u017edy som dop\u013a\u0148al vodu a nie\u010do som zjedol. Celkovo bol ka\u017ed\u00fd bufet z\u00e1soben\u00fd v\u00fdborne. A tak vyr\u00e1\u017eam dokon\u010di\u0165 t\u00fato <\/span><span style=\"font-weight: 400;\">\u201e<\/span><span style=\"font-weight: 400;\">krejzovinu\u201c.<\/span><\/p>\n<p><span style=\"font-weight: 400;\">Op\u00e4\u0165 st\u00fapanie l\u00fakami, n\u00e1sledne zjazd do Lopu\u0161nej doliny a\u00a0odtia\u013e takmer, ale len takmer, posledn\u00e9, aspo\u0148 asfaltov\u00e9 st\u00fapanie smerom do cie\u013ea. Po chv\u00edli vch\u00e1dzame do ihli\u010dnat\u00e9ho lesa, u\u017e po\u010dujeme buchot cie\u013ea, ale koniec e\u0161te nie je tak bl\u00edzko, ako to znie. Ja u\u017e pou\u010den\u00fd z\u00a0minul\u00e9ho roku viem, \u010do treba o\u010dak\u00e1va\u0165. Miestna chu\u0165ovka, a\u00a0d\u00e1 sa poveda\u0165, \u017ee u\u017e pozn\u00e1vac\u00ed znak Horalu, je preplietanie sa t\u00fdmto lesom st\u00fapaniami a\u00a0zjazdami po kore\u0148och. St\u00e1le hore-dole, vpravo-v\u013eavo.<\/span><\/p>\n<div id='gallery-1' class='gallery galleryid-19525 gallery-columns-2 gallery-size-full'><figure class='gallery-item'>\n\t\t\t<div class='gallery-icon landscape'>\n\t\t\t\t<a href='https:\/\/d2p6e6u75xmxt8.cloudfront.net\/4\/2024\/08\/horAL-20.webp'><img loading=\"lazy\" decoding=\"async\" width=\"990\" height=\"660\" src=\"https:\/\/d2p6e6u75xmxt8.cloudfront.net\/4\/2024\/08\/horAL-20.webp\" class=\"attachment-full size-full\" alt=\"\" srcset=\"https:\/\/d2p6e6u75xmxt8.cloudfront.net\/4\/2024\/08\/horAL-20.webp 990w, https:\/\/d2p6e6u75xmxt8.cloudfront.net\/4\/2024\/08\/horAL-20-300x200.webp 300w, https:\/\/d2p6e6u75xmxt8.cloudfront.net\/4\/2024\/08\/horAL-20-768x512.webp 768w, https:\/\/d2p6e6u75xmxt8.cloudfront.net\/4\/2024\/08\/horAL-20-400x267.webp 400w, https:\/\/d2p6e6u75xmxt8.cloudfront.net\/4\/2024\/08\/horAL-20-272x182.webp 272w\" sizes=\"auto, (max-width: 990px) 100vw, 990px\" \/><\/a>\n\t\t\t<\/div><\/figure><figure class='gallery-item'>\n\t\t\t<div class='gallery-icon landscape'>\n\t\t\t\t<a href='https:\/\/d2p6e6u75xmxt8.cloudfront.net\/4\/2024\/08\/horAL-21.webp'><img loading=\"lazy\" decoding=\"async\" width=\"990\" height=\"660\" src=\"https:\/\/d2p6e6u75xmxt8.cloudfront.net\/4\/2024\/08\/horAL-21.webp\" class=\"attachment-full size-full\" alt=\"\" srcset=\"https:\/\/d2p6e6u75xmxt8.cloudfront.net\/4\/2024\/08\/horAL-21.webp 990w, https:\/\/d2p6e6u75xmxt8.cloudfront.net\/4\/2024\/08\/horAL-21-300x200.webp 300w, https:\/\/d2p6e6u75xmxt8.cloudfront.net\/4\/2024\/08\/horAL-21-768x512.webp 768w, https:\/\/d2p6e6u75xmxt8.cloudfront.net\/4\/2024\/08\/horAL-21-400x267.webp 400w, https:\/\/d2p6e6u75xmxt8.cloudfront.net\/4\/2024\/08\/horAL-21-272x182.webp 272w\" sizes=\"auto, (max-width: 990px) 100vw, 990px\" \/><\/a>\n\t\t\t<\/div><\/figure>\n\t\t<\/div>\n\n<p><span style=\"font-weight: 400;\">Po xy kilometroch a\u00a0hodin\u00e1ch vy\u010derpania to dok\u00e1\u017ee nemilo prekvapi\u0165 a\u00a0nielen na najdlh\u0161ej trati. Toto musia absolvova\u0165 v\u0161etci. <strong>A\u00a0ke\u010f si u\u017e ka\u017ed\u00fd myslel, \u017ee ide dole do cie\u013ea, ktor\u00fd mal presne pred nosom, tak na l\u00fake sa to vz\u00e1p\u00e4t\u00ed strhlo o\u00a0180\u00b0 sp\u00e4\u0165 hore okolo cintor\u00edna.<\/strong> Tu sa doslova l\u00e1mali prevody. E\u0161te aby nebolo m\u00e1lo, tak si urob\u00edme nejak\u00e9 motanice po tr\u00e1ve a\u00a0hur\u00e1\u00e1\u00e1 \u2013 pret\u00edname cie\u013e.\u00a0<\/span><\/p>\n<p><img loading=\"lazy\" decoding=\"async\" class=\"alignnone size-full wp-image-19539\" src=\"https:\/\/d2p6e6u75xmxt8.cloudfront.net\/4\/2024\/08\/horAL-28.webp\" alt=\"\" width=\"990\" height=\"660\" srcset=\"https:\/\/d2p6e6u75xmxt8.cloudfront.net\/4\/2024\/08\/horAL-28.webp 990w, https:\/\/d2p6e6u75xmxt8.cloudfront.net\/4\/2024\/08\/horAL-28-300x200.webp 300w, https:\/\/d2p6e6u75xmxt8.cloudfront.net\/4\/2024\/08\/horAL-28-768x512.webp 768w, https:\/\/d2p6e6u75xmxt8.cloudfront.net\/4\/2024\/08\/horAL-28-400x267.webp 400w, https:\/\/d2p6e6u75xmxt8.cloudfront.net\/4\/2024\/08\/horAL-28-272x182.webp 272w\" sizes=\"auto, (max-width: 990px) 100vw, 990px\" \/><\/p>\n<p><span style=\"font-weight: 400;\"><strong>Do cie\u013ea prich\u00e1dzam s\u00a0celkov\u00fdm \u010dasom 7 hod\u00edn a 18 min\u00fat.<\/strong> Cie\u013e bol pod 7, ale dnes som spokojn\u00fd. Napodiv to nebolo a\u017e tak\u00e9 n\u00e1ro\u010dn\u00e9, ako som \u010dakal. Ve\u013emi ve\u013ek\u00fa rolu zohrali tie ide\u00e1lne podmienky a\u00a0dobr\u00e9 po\u010dasie. Taktie\u017e organiz\u00e1cia a\u00a0zna\u010denie trate boli na \u0161pi\u010dkovej \u00farovni. Nebolo potrebn\u00e9 sa ani raz pozrie\u0165 na mapu, aby sa \u010dlovek nestratil.\u00a0<\/span><\/p>\n<p><span style=\"font-weight: 400;\">M\u00f4j <a href=\"https:\/\/www.strava.com\/activities\/12111090865?utm_source=android_share&amp;utm_medium=social&amp;share_sig=C9NXE5T61723538790&amp;fbclid=IwY2xjawEn_OJleHRuA2FlbQIxMAABHYs8eojnXVeYIa4lYvguPSO6AABvYpD02rmv4wivZOV8eGOaDT9raow2Gg_aem_H756WBCOJy8IoVza4v2B1Q&amp;_branch_match_id=1239869620862761809&amp;_branch_referrer=H4sIAAAAAAAAAw3Jbw%2BBQBwA4G9UOklsZiW6a%2ByExXnTfnFSrrr150qfnuft825b2Sx1vWlrUKCBlJrIyo8%2BIIynIxmMfbJ%2BJQ%2BRPVekZ2jIod%2BWMQ0Ex6fOQTuRhGQ4OI6LWWPzKi9vEWcETMFU2h3P1PqXYtKboLpQZp%2BpO41s7lPwLosaqh75aQy8iPF8Zl3dDQ2%2BNqmiEUyFXCP8AbYcGnmeAAAA\" target=\"_blank\" rel=\"noopener\">z\u00e1znam zo Stravy<\/a>.<\/span><\/p>\n<div id='gallery-2' class='gallery galleryid-19525 gallery-columns-2 gallery-size-full'><figure class='gallery-item'>\n\t\t\t<div class='gallery-icon landscape'>\n\t\t\t\t<a href='https:\/\/d2p6e6u75xmxt8.cloudfront.net\/4\/2024\/08\/horAL-12.webp'><img loading=\"lazy\" decoding=\"async\" width=\"990\" height=\"660\" src=\"https:\/\/d2p6e6u75xmxt8.cloudfront.net\/4\/2024\/08\/horAL-12.webp\" class=\"attachment-full size-full\" alt=\"\" srcset=\"https:\/\/d2p6e6u75xmxt8.cloudfront.net\/4\/2024\/08\/horAL-12.webp 990w, https:\/\/d2p6e6u75xmxt8.cloudfront.net\/4\/2024\/08\/horAL-12-300x200.webp 300w, https:\/\/d2p6e6u75xmxt8.cloudfront.net\/4\/2024\/08\/horAL-12-768x512.webp 768w, https:\/\/d2p6e6u75xmxt8.cloudfront.net\/4\/2024\/08\/horAL-12-400x267.webp 400w, https:\/\/d2p6e6u75xmxt8.cloudfront.net\/4\/2024\/08\/horAL-12-272x182.webp 272w\" sizes=\"auto, (max-width: 990px) 100vw, 990px\" \/><\/a>\n\t\t\t<\/div><\/figure><figure class='gallery-item'>\n\t\t\t<div class='gallery-icon landscape'>\n\t\t\t\t<a href='https:\/\/d2p6e6u75xmxt8.cloudfront.net\/4\/2024\/08\/horAL-19.webp'><img loading=\"lazy\" decoding=\"async\" width=\"990\" height=\"660\" src=\"https:\/\/d2p6e6u75xmxt8.cloudfront.net\/4\/2024\/08\/horAL-19.webp\" class=\"attachment-full size-full\" alt=\"\" srcset=\"https:\/\/d2p6e6u75xmxt8.cloudfront.net\/4\/2024\/08\/horAL-19.webp 990w, https:\/\/d2p6e6u75xmxt8.cloudfront.net\/4\/2024\/08\/horAL-19-300x200.webp 300w, https:\/\/d2p6e6u75xmxt8.cloudfront.net\/4\/2024\/08\/horAL-19-768x512.webp 768w, https:\/\/d2p6e6u75xmxt8.cloudfront.net\/4\/2024\/08\/horAL-19-400x267.webp 400w, https:\/\/d2p6e6u75xmxt8.cloudfront.net\/4\/2024\/08\/horAL-19-272x182.webp 272w\" sizes=\"auto, (max-width: 990px) 100vw, 990px\" \/><\/a>\n\t\t\t<\/div><\/figure>\n\t\t<\/div>\n\n<h2><strong>V\u00fdsledky<\/strong><\/h2>\n<p><span style=\"font-weight: 400;\">V\u00ed\u0165azom na trase Krejzi sa stal <strong>Tom\u00e1\u0161 Vi\u0161\u0148ovsk\u00fd<\/strong> s v\u00fdborn\u00fdm\u00a0\u010dasom <strong>5 hod. a 13 min.<\/strong>, ktor\u00fd bol z\u00e1rove\u0148 jedin\u00fdm pretek\u00e1rom, ktor\u00fd zvl\u00e1dol <\/span><span style=\"font-weight: 400;\">\u201e<\/span><span style=\"font-weight: 400;\">Led\u017eendary hil\u201c v sedle. Na t\u00fato tra\u0165 sa postavili aj \u017eeny a\u00a0vyhrala <strong>Bianka Baba\u010dov\u00e1<\/strong> z <\/span><a href=\"https:\/\/www.welovecycling.com\/sk\/2024\/04\/12\/rozhovor-wlrmcc-jazdime-podla-nalady-a-pocasia\/\" target=\"_blank\" rel=\"noopener\"><span style=\"font-weight: 400;\">t\u00edmu WLRM<\/span><\/a><span style=\"font-weight: 400;\"> s\u00a0\u010dasom <strong>7 hod. a 55 min<\/strong>.\u00a0<\/span><\/p>\n<div id='gallery-3' class='gallery galleryid-19525 gallery-columns-2 gallery-size-full'><figure class='gallery-item'>\n\t\t\t<div class='gallery-icon landscape'>\n\t\t\t\t<a href='https:\/\/d2p6e6u75xmxt8.cloudfront.net\/4\/2024\/08\/horAL-22.webp'><img loading=\"lazy\" decoding=\"async\" width=\"990\" height=\"660\" src=\"https:\/\/d2p6e6u75xmxt8.cloudfront.net\/4\/2024\/08\/horAL-22.webp\" class=\"attachment-full size-full\" alt=\"\" srcset=\"https:\/\/d2p6e6u75xmxt8.cloudfront.net\/4\/2024\/08\/horAL-22.webp 990w, https:\/\/d2p6e6u75xmxt8.cloudfront.net\/4\/2024\/08\/horAL-22-300x200.webp 300w, https:\/\/d2p6e6u75xmxt8.cloudfront.net\/4\/2024\/08\/horAL-22-768x512.webp 768w, https:\/\/d2p6e6u75xmxt8.cloudfront.net\/4\/2024\/08\/horAL-22-400x267.webp 400w, https:\/\/d2p6e6u75xmxt8.cloudfront.net\/4\/2024\/08\/horAL-22-272x182.webp 272w\" sizes=\"auto, (max-width: 990px) 100vw, 990px\" \/><\/a>\n\t\t\t<\/div><\/figure><figure class='gallery-item'>\n\t\t\t<div class='gallery-icon landscape'>\n\t\t\t\t<a href='https:\/\/d2p6e6u75xmxt8.cloudfront.net\/4\/2024\/08\/horAL-25.webp'><img loading=\"lazy\" decoding=\"async\" width=\"990\" height=\"660\" src=\"https:\/\/d2p6e6u75xmxt8.cloudfront.net\/4\/2024\/08\/horAL-25.webp\" class=\"attachment-full size-full\" alt=\"\" srcset=\"https:\/\/d2p6e6u75xmxt8.cloudfront.net\/4\/2024\/08\/horAL-25.webp 990w, https:\/\/d2p6e6u75xmxt8.cloudfront.net\/4\/2024\/08\/horAL-25-300x200.webp 300w, https:\/\/d2p6e6u75xmxt8.cloudfront.net\/4\/2024\/08\/horAL-25-768x512.webp 768w, https:\/\/d2p6e6u75xmxt8.cloudfront.net\/4\/2024\/08\/horAL-25-400x267.webp 400w, https:\/\/d2p6e6u75xmxt8.cloudfront.net\/4\/2024\/08\/horAL-25-272x182.webp 272w\" sizes=\"auto, (max-width: 990px) 100vw, 990px\" \/><\/a>\n\t\t\t<\/div><\/figure>\n\t\t<\/div>\n\n<p><span style=\"font-weight: 400;\">Lejzi ovl\u00e1dol Franc\u00faz <strong>Mickael Crispin <\/strong>s\u00a0\u010dasom 3 hod. a 46 min. a\u00a0zo \u017eien <strong><a href=\"https:\/\/www.welovecycling.com\/sk\/2024\/07\/02\/rozhovor-janka-keseg-stevkova-sport-mi-ucaroval\/?fbclid=IwY2xjawEphHNleHRuA2FlbQIxMQABHQM7KZf3jitT-i1gsOLjrcMz3YHa0MrK4QHU2e4lgBfecKxjvbVJ6cWwIA_aem_KoqViHdj7mtD0Z33AJ3H0g\">Janka Keseg \u0160tevkov\u00e1<\/a> <\/strong>s\u00a0\u010dasom 4 hod. a 10 min. Na Senzi zabojoval <strong>Filip Gre\u0161<\/strong> s\u00a0\u010dasom 2 hod. a 50 min. a\u00a0<strong>Barbora Hegedu\u0161ov\u00e1<\/strong> s\u00a0\u010dasom rovn\u00e9 4 hod. Aj Na \u00cdzi sa i\u0161li bomby a\u00a0vyhrali <strong>Peter \u0160olt\u00e9s<\/strong> s\u00a0\u010dasom 1 hod. a 18 min. a\u00a0<strong>Martina Hud\u00e1kov\u00e1<\/strong> s\u00a0\u010dasom 1 hod. a 46 min.<\/span><\/p>\n<div id='gallery-4' class='gallery galleryid-19525 gallery-columns-2 gallery-size-full'><figure class='gallery-item'>\n\t\t\t<div class='gallery-icon landscape'>\n\t\t\t\t<a href='https:\/\/d2p6e6u75xmxt8.cloudfront.net\/4\/2024\/08\/horAL-18.webp'><img loading=\"lazy\" decoding=\"async\" width=\"990\" height=\"660\" src=\"https:\/\/d2p6e6u75xmxt8.cloudfront.net\/4\/2024\/08\/horAL-18.webp\" class=\"attachment-full size-full\" alt=\"\" srcset=\"https:\/\/d2p6e6u75xmxt8.cloudfront.net\/4\/2024\/08\/horAL-18.webp 990w, https:\/\/d2p6e6u75xmxt8.cloudfront.net\/4\/2024\/08\/horAL-18-300x200.webp 300w, https:\/\/d2p6e6u75xmxt8.cloudfront.net\/4\/2024\/08\/horAL-18-768x512.webp 768w, https:\/\/d2p6e6u75xmxt8.cloudfront.net\/4\/2024\/08\/horAL-18-400x267.webp 400w, https:\/\/d2p6e6u75xmxt8.cloudfront.net\/4\/2024\/08\/horAL-18-272x182.webp 272w\" sizes=\"auto, (max-width: 990px) 100vw, 990px\" \/><\/a>\n\t\t\t<\/div><\/figure><figure class='gallery-item'>\n\t\t\t<div class='gallery-icon landscape'>\n\t\t\t\t<a href='https:\/\/d2p6e6u75xmxt8.cloudfront.net\/4\/2024\/08\/horAL-23.webp'><img loading=\"lazy\" decoding=\"async\" width=\"990\" height=\"660\" src=\"https:\/\/d2p6e6u75xmxt8.cloudfront.net\/4\/2024\/08\/horAL-23.webp\" class=\"attachment-full size-full\" alt=\"\" srcset=\"https:\/\/d2p6e6u75xmxt8.cloudfront.net\/4\/2024\/08\/horAL-23.webp 990w, https:\/\/d2p6e6u75xmxt8.cloudfront.net\/4\/2024\/08\/horAL-23-300x200.webp 300w, https:\/\/d2p6e6u75xmxt8.cloudfront.net\/4\/2024\/08\/horAL-23-768x512.webp 768w, https:\/\/d2p6e6u75xmxt8.cloudfront.net\/4\/2024\/08\/horAL-23-400x267.webp 400w, https:\/\/d2p6e6u75xmxt8.cloudfront.net\/4\/2024\/08\/horAL-23-272x182.webp 272w\" sizes=\"auto, (max-width: 990px) 100vw, 990px\" \/><\/a>\n\t\t\t<\/div><\/figure>\n\t\t<\/div>\n\n<p><span style=\"font-weight: 400;\"><strong>Celkovo sa do cie\u013ea dostalo cez 740 pretek\u00e1rov.<\/strong> V\u0161etky v\u00fdsledky n\u00e1jdete na <a href=\"https:\/\/www.sportsofttiming.sk\/sk\/zavod\/results\/9001?rid=8508\" target=\"_blank\" rel=\"noopener\">tomto odkaze<\/a>.<\/span><span style=\"font-weight: 400;\">\u00a0<\/span><\/p>\n<p><span style=\"font-weight: 400;\">V\u00a0cieli n\u00e1\u0161 \u010dakalo v\u0161etko potrebn\u00e9, \u010do si pretek\u00e1r m\u00f4\u017ee pria\u0165. Hne\u010f za cie\u013eom bol e\u0161te bufet s\u00a0ob\u010derstven\u00edm. Z\u00a0jed\u00e1l bol na v\u00fdber gul\u00e1\u0161 alebo pirohy a\u00a0k\u00a0tomu pivo alebo kofola. Nako\u013eko blato nebolo \u017eiadne, tak sme pri\u0161li iba zapr\u00e1\u0161en\u00ed. Na umytie bol ale k\u00a0dispoz\u00edcii dostatok um\u00fdvac\u00edch boxov.\u00a0<\/span><\/p>\n<div id='gallery-5' class='gallery galleryid-19525 gallery-columns-2 gallery-size-full'><figure class='gallery-item'>\n\t\t\t<div class='gallery-icon landscape'>\n\t\t\t\t<a href='https:\/\/d2p6e6u75xmxt8.cloudfront.net\/4\/2024\/08\/horAL-29.webp'><img loading=\"lazy\" decoding=\"async\" width=\"990\" height=\"660\" src=\"https:\/\/d2p6e6u75xmxt8.cloudfront.net\/4\/2024\/08\/horAL-29.webp\" class=\"attachment-full size-full\" alt=\"\" srcset=\"https:\/\/d2p6e6u75xmxt8.cloudfront.net\/4\/2024\/08\/horAL-29.webp 990w, https:\/\/d2p6e6u75xmxt8.cloudfront.net\/4\/2024\/08\/horAL-29-300x200.webp 300w, https:\/\/d2p6e6u75xmxt8.cloudfront.net\/4\/2024\/08\/horAL-29-768x512.webp 768w, https:\/\/d2p6e6u75xmxt8.cloudfront.net\/4\/2024\/08\/horAL-29-400x267.webp 400w, https:\/\/d2p6e6u75xmxt8.cloudfront.net\/4\/2024\/08\/horAL-29-272x182.webp 272w\" sizes=\"auto, (max-width: 990px) 100vw, 990px\" \/><\/a>\n\t\t\t<\/div><\/figure><figure class='gallery-item'>\n\t\t\t<div class='gallery-icon landscape'>\n\t\t\t\t<a href='https:\/\/d2p6e6u75xmxt8.cloudfront.net\/4\/2024\/08\/horAL-30.webp'><img loading=\"lazy\" decoding=\"async\" width=\"990\" height=\"660\" src=\"https:\/\/d2p6e6u75xmxt8.cloudfront.net\/4\/2024\/08\/horAL-30.webp\" class=\"attachment-full size-full\" alt=\"\" srcset=\"https:\/\/d2p6e6u75xmxt8.cloudfront.net\/4\/2024\/08\/horAL-30.webp 990w, https:\/\/d2p6e6u75xmxt8.cloudfront.net\/4\/2024\/08\/horAL-30-300x200.webp 300w, https:\/\/d2p6e6u75xmxt8.cloudfront.net\/4\/2024\/08\/horAL-30-768x512.webp 768w, https:\/\/d2p6e6u75xmxt8.cloudfront.net\/4\/2024\/08\/horAL-30-400x267.webp 400w, https:\/\/d2p6e6u75xmxt8.cloudfront.net\/4\/2024\/08\/horAL-30-272x182.webp 272w\" sizes=\"auto, (max-width: 990px) 100vw, 990px\" \/><\/a>\n\t\t\t<\/div><\/figure>\n\t\t<\/div>\n\n<p><span style=\"font-weight: 400;\">Vyhlasovanie v\u00fdsledkov sa za\u010dalo o 16:30 hod., po ktorom nasledovala tradi\u010dn\u00e1 tombola. S\u00a0bohat\u00fdm sprievodn\u00fdm programom sa tu ale naozaj nikto nenudil.\u00a0<\/span><span style=\"font-weight: 400;\">Organiz\u00e1tori odviedli v\u00fdborn\u00fa robotu a\u00a0ver\u00edm, \u017ee <strong>bud\u00faci rok si tento kr\u00e1sny a \u0165a\u017ek\u00fd marat\u00f3n s\u00a0Kr\u00e1\u013eovou ho\u013eou op\u00e4\u0165 zopakujeme.\u00a0<\/strong><\/span><\/p>\n<p><span style=\"font-weight: 400;\">Zdroj fotografi\u00ed: Peter Regec, arch\u00edv autora<\/span><\/p>\n","protected":false},"excerpt":{"rendered":"<p>Jubilejn\u00fd 25. ro\u010dn\u00edk naj\u0165a\u017e\u0161ieho marat\u00f3nu zo s\u00e9rie \u0160koda Bike Open Tour tohto roku aj s\u00a0najvy\u0161\u0161\u00edm vrcholom na Kr\u00e1\u013eovej holi je [&hellip;]<\/p>\n","protected":false},"author":172,"featured_media":19526,"comment_status":"open","ping_status":"open","sticky":false,"template":"","format":"standard","meta":{"footnotes":""},"categories":[38,33],"tags":[211,180,532,571,178,412,931,39,474,1615,542,35,214,523,183],"global-categories":[1074],"class_list":["post-19525","post","type-post","status-publish","format-standard","has-post-thumbnail","hentry","category-reportaz","category-sbot","tag-horal","tag-horska-cyklistika","tag-jazdenie","tag-kralova-hola","tag-maraton","tag-mtb","tag-odporucame","tag-reportaz","tag-rodinny-maraton","tag-sezona-2024","tag-skoda","tag-sbot","tag-skoda-horal-mtb-maraton","tag-slovensko","tag-zabava","global-categories-cycling"],"yoast_head":"<!-- This site is optimized with the Yoast SEO Premium plugin v25.3 (Yoast SEO v25.9) - https:\/\/yoast.com\/wordpress\/plugins\/seo\/ -->\n<title>Report\u00e1\u017e: \u0160koda Horal MTB marat\u00f3n \u2013 vrchol letnej sez\u00f3ny - \u0160koda We Love Cycling Slovensko<\/title>\n<meta name=\"description\" content=\"Jubilejn\u00fd 25. ro\u010dn\u00edk naj\u0165a\u017e\u0161ieho marat\u00f3nu zo s\u00e9rie \u0160koda Bike Open Tour aj s\u00a0najvy\u0161\u0161\u00edm vrcholom na Kr\u00e1\u013eovej holi je \u00faspe\u0161ne za nami.\" \/>\n<meta name=\"robots\" content=\"index, follow, max-snippet:-1, max-image-preview:large, max-video-preview:-1\" \/>\n<link rel=\"canonical\" href=\"https:\/\/www.welovecycling.com\/sk\/2024\/08\/14\/reportaz-skoda-horal-mtb-maraton-vrchol-letnej-sezony\/\" \/>\n<meta property=\"og:locale\" content=\"sk_SK\" \/>\n<meta property=\"og:type\" content=\"article\" \/>\n<meta property=\"og:title\" content=\"Report\u00e1\u017e: \u0160koda Horal MTB marat\u00f3n \u2013 vrchol letnej sez\u00f3ny\" \/>\n<meta property=\"og:description\" content=\"Jubilejn\u00fd 25. ro\u010dn\u00edk naj\u0165a\u017e\u0161ieho marat\u00f3nu zo s\u00e9rie \u0160koda Bike Open Tour aj s\u00a0najvy\u0161\u0161\u00edm vrcholom na Kr\u00e1\u013eovej holi je \u00faspe\u0161ne za nami.\" \/>\n<meta property=\"og:url\" content=\"https:\/\/www.welovecycling.com\/sk\/2024\/08\/14\/reportaz-skoda-horal-mtb-maraton-vrchol-letnej-sezony\/\" \/>\n<meta property=\"og:site_name\" content=\"\u0160koda We Love Cycling Slovensko\" \/>\n<meta property=\"article:published_time\" content=\"2024-08-14T10:40:40+00:00\" \/>\n<meta property=\"article:modified_time\" content=\"2024-08-14T12:38:23+00:00\" \/>\n<meta property=\"og:image\" content=\"https:\/\/d2p6e6u75xmxt8.cloudfront.net\/4\/2024\/08\/horAL-3.webp\" \/>\n\t<meta property=\"og:image:width\" content=\"990\" \/>\n\t<meta property=\"og:image:height\" content=\"660\" \/>\n\t<meta property=\"og:image:type\" content=\"image\/webp\" \/>\n<meta name=\"author\" content=\"dominika\" \/>\n<meta name=\"twitter:card\" content=\"summary_large_image\" \/>\n<meta name=\"twitter:label1\" content=\"Written by\" \/>\n\t<meta name=\"twitter:data1\" content=\"Erik Horv\u00e1th\" \/>\n\t<meta name=\"twitter:label2\" content=\"Est. reading time\" \/>\n\t<meta name=\"twitter:data2\" content=\"8\" \/>\n<script type=\"application\/ld+json\" class=\"yoast-schema-graph\">{\"@context\":\"https:\/\/schema.org\",\"@graph\":[{\"@type\":\"WebPage\",\"@id\":\"https:\/\/www.welovecycling.com\/sk\/2024\/08\/14\/reportaz-skoda-horal-mtb-maraton-vrchol-letnej-sezony\/\",\"url\":\"https:\/\/www.welovecycling.com\/sk\/2024\/08\/14\/reportaz-skoda-horal-mtb-maraton-vrchol-letnej-sezony\/\",\"name\":\"Report\u00e1\u017e: \u0160koda Horal MTB marat\u00f3n \u2013 vrchol letnej sez\u00f3ny - \u0160koda We Love Cycling Slovensko\",\"isPartOf\":{\"@id\":\"https:\/\/www.welovecycling.com\/sk\/#website\"},\"primaryImageOfPage\":{\"@id\":\"https:\/\/www.welovecycling.com\/sk\/2024\/08\/14\/reportaz-skoda-horal-mtb-maraton-vrchol-letnej-sezony\/#primaryimage\"},\"image\":{\"@id\":\"https:\/\/www.welovecycling.com\/sk\/2024\/08\/14\/reportaz-skoda-horal-mtb-maraton-vrchol-letnej-sezony\/#primaryimage\"},\"thumbnailUrl\":\"https:\/\/d2p6e6u75xmxt8.cloudfront.net\/4\/2024\/08\/horAL-3.webp\",\"datePublished\":\"2024-08-14T10:40:40+00:00\",\"dateModified\":\"2024-08-14T12:38:23+00:00\",\"author\":{\"@id\":\"https:\/\/www.welovecycling.com\/sk\/#\/schema\/person\/533b62b98b6c41bd5135ebfb1f742624\"},\"description\":\"Jubilejn\u00fd 25. ro\u010dn\u00edk naj\u0165a\u017e\u0161ieho marat\u00f3nu zo s\u00e9rie \u0160koda Bike Open Tour aj s\u00a0najvy\u0161\u0161\u00edm vrcholom na Kr\u00e1\u013eovej holi je \u00faspe\u0161ne za nami.\",\"breadcrumb\":{\"@id\":\"https:\/\/www.welovecycling.com\/sk\/2024\/08\/14\/reportaz-skoda-horal-mtb-maraton-vrchol-letnej-sezony\/#breadcrumb\"},\"inLanguage\":\"sk-SK\",\"potentialAction\":[{\"@type\":\"ReadAction\",\"target\":[\"https:\/\/www.welovecycling.com\/sk\/2024\/08\/14\/reportaz-skoda-horal-mtb-maraton-vrchol-letnej-sezony\/\"]}]},{\"@type\":\"ImageObject\",\"inLanguage\":\"sk-SK\",\"@id\":\"https:\/\/www.welovecycling.com\/sk\/2024\/08\/14\/reportaz-skoda-horal-mtb-maraton-vrchol-letnej-sezony\/#primaryimage\",\"url\":\"https:\/\/d2p6e6u75xmxt8.cloudfront.net\/4\/2024\/08\/horAL-3.webp\",\"contentUrl\":\"https:\/\/d2p6e6u75xmxt8.cloudfront.net\/4\/2024\/08\/horAL-3.webp\",\"width\":990,\"height\":660,\"caption\":\"\u0160koda Horal MTB marat\u00f3n\"},{\"@type\":\"BreadcrumbList\",\"@id\":\"https:\/\/www.welovecycling.com\/sk\/2024\/08\/14\/reportaz-skoda-horal-mtb-maraton-vrchol-letnej-sezony\/#breadcrumb\",\"itemListElement\":[{\"@type\":\"ListItem\",\"position\":1,\"name\":\"Home\",\"item\":\"https:\/\/www.welovecycling.com\/sk\/\"},{\"@type\":\"ListItem\",\"position\":2,\"name\":\"Report\u00e1\u017e: \u0160koda Horal MTB marat\u00f3n \u2013 vrchol letnej sez\u00f3ny\"}]},{\"@type\":\"WebSite\",\"@id\":\"https:\/\/www.welovecycling.com\/sk\/#website\",\"url\":\"https:\/\/www.welovecycling.com\/sk\/\",\"name\":\"\u0160koda We Love Cycling Slovensko\",\"description\":\"\u0160koda We Love Cycling Slovensko je v\u00e1\u0161 ka\u017edodenn\u00fd zdroj noviniek a in\u0161pir\u00e1cie z sveta cyklistiky\",\"potentialAction\":[{\"@type\":\"SearchAction\",\"target\":{\"@type\":\"EntryPoint\",\"urlTemplate\":\"https:\/\/www.welovecycling.com\/sk\/?s={search_term_string}\"},\"query-input\":{\"@type\":\"PropertyValueSpecification\",\"valueRequired\":true,\"valueName\":\"search_term_string\"}}],\"inLanguage\":\"sk-SK\"},{\"@type\":\"Person\",\"@id\":\"https:\/\/www.welovecycling.com\/sk\/#\/schema\/person\/533b62b98b6c41bd5135ebfb1f742624\",\"name\":\"dominika\",\"image\":{\"@type\":\"ImageObject\",\"inLanguage\":\"sk-SK\",\"@id\":\"https:\/\/www.welovecycling.com\/sk\/#\/schema\/person\/image\/\",\"url\":\"https:\/\/secure.gravatar.com\/avatar\/ded6f274ba2ec3e17fff153f7d9d96a4b33c2cb63907f75d9a5309c599a7f3e6?s=96&d=mm&r=g\",\"contentUrl\":\"https:\/\/secure.gravatar.com\/avatar\/ded6f274ba2ec3e17fff153f7d9d96a4b33c2cb63907f75d9a5309c599a7f3e6?s=96&d=mm&r=g\",\"caption\":\"dominika\"},\"url\":\"https:\/\/www.welovecycling.com\/sk\/author\/dominika\/\"}]}<\/script>\n<!-- \/ Yoast SEO Premium plugin. -->","yoast_head_json":{"title":"Report\u00e1\u017e: \u0160koda Horal MTB marat\u00f3n \u2013 vrchol letnej sez\u00f3ny - \u0160koda We Love Cycling Slovensko","description":"Jubilejn\u00fd 25. ro\u010dn\u00edk naj\u0165a\u017e\u0161ieho marat\u00f3nu zo s\u00e9rie \u0160koda Bike Open Tour aj s\u00a0najvy\u0161\u0161\u00edm vrcholom na Kr\u00e1\u013eovej holi je \u00faspe\u0161ne za nami.","robots":{"index":"index","follow":"follow","max-snippet":"max-snippet:-1","max-image-preview":"max-image-preview:large","max-video-preview":"max-video-preview:-1"},"canonical":"https:\/\/www.welovecycling.com\/sk\/2024\/08\/14\/reportaz-skoda-horal-mtb-maraton-vrchol-letnej-sezony\/","og_locale":"sk_SK","og_type":"article","og_title":"Report\u00e1\u017e: \u0160koda Horal MTB marat\u00f3n \u2013 vrchol letnej sez\u00f3ny","og_description":"Jubilejn\u00fd 25. ro\u010dn\u00edk naj\u0165a\u017e\u0161ieho marat\u00f3nu zo s\u00e9rie \u0160koda Bike Open Tour aj s\u00a0najvy\u0161\u0161\u00edm vrcholom na Kr\u00e1\u013eovej holi je \u00faspe\u0161ne za nami.","og_url":"https:\/\/www.welovecycling.com\/sk\/2024\/08\/14\/reportaz-skoda-horal-mtb-maraton-vrchol-letnej-sezony\/","og_site_name":"\u0160koda We Love Cycling Slovensko","article_published_time":"2024-08-14T10:40:40+00:00","article_modified_time":"2024-08-14T12:38:23+00:00","og_image":[{"width":990,"height":660,"url":"https:\/\/d2p6e6u75xmxt8.cloudfront.net\/4\/2024\/08\/horAL-3.webp","type":"image\/webp"}],"author":"dominika","twitter_card":"summary_large_image","twitter_misc":{"Written by":"Erik Horv\u00e1th","Est. reading time":"8"},"schema":{"@context":"https:\/\/schema.org","@graph":[{"@type":"WebPage","@id":"https:\/\/www.welovecycling.com\/sk\/2024\/08\/14\/reportaz-skoda-horal-mtb-maraton-vrchol-letnej-sezony\/","url":"https:\/\/www.welovecycling.com\/sk\/2024\/08\/14\/reportaz-skoda-horal-mtb-maraton-vrchol-letnej-sezony\/","name":"Report\u00e1\u017e: \u0160koda Horal MTB marat\u00f3n \u2013 vrchol letnej sez\u00f3ny - \u0160koda We Love Cycling Slovensko","isPartOf":{"@id":"https:\/\/www.welovecycling.com\/sk\/#website"},"primaryImageOfPage":{"@id":"https:\/\/www.welovecycling.com\/sk\/2024\/08\/14\/reportaz-skoda-horal-mtb-maraton-vrchol-letnej-sezony\/#primaryimage"},"image":{"@id":"https:\/\/www.welovecycling.com\/sk\/2024\/08\/14\/reportaz-skoda-horal-mtb-maraton-vrchol-letnej-sezony\/#primaryimage"},"thumbnailUrl":"https:\/\/d2p6e6u75xmxt8.cloudfront.net\/4\/2024\/08\/horAL-3.webp","datePublished":"2024-08-14T10:40:40+00:00","dateModified":"2024-08-14T12:38:23+00:00","author":{"@id":"https:\/\/www.welovecycling.com\/sk\/#\/schema\/person\/533b62b98b6c41bd5135ebfb1f742624"},"description":"Jubilejn\u00fd 25. ro\u010dn\u00edk naj\u0165a\u017e\u0161ieho marat\u00f3nu zo s\u00e9rie \u0160koda Bike Open Tour aj s\u00a0najvy\u0161\u0161\u00edm vrcholom na Kr\u00e1\u013eovej holi je \u00faspe\u0161ne za nami.","breadcrumb":{"@id":"https:\/\/www.welovecycling.com\/sk\/2024\/08\/14\/reportaz-skoda-horal-mtb-maraton-vrchol-letnej-sezony\/#breadcrumb"},"inLanguage":"sk-SK","potentialAction":[{"@type":"ReadAction","target":["https:\/\/www.welovecycling.com\/sk\/2024\/08\/14\/reportaz-skoda-horal-mtb-maraton-vrchol-letnej-sezony\/"]}]},{"@type":"ImageObject","inLanguage":"sk-SK","@id":"https:\/\/www.welovecycling.com\/sk\/2024\/08\/14\/reportaz-skoda-horal-mtb-maraton-vrchol-letnej-sezony\/#primaryimage","url":"https:\/\/d2p6e6u75xmxt8.cloudfront.net\/4\/2024\/08\/horAL-3.webp","contentUrl":"https:\/\/d2p6e6u75xmxt8.cloudfront.net\/4\/2024\/08\/horAL-3.webp","width":990,"height":660,"caption":"\u0160koda Horal MTB marat\u00f3n"},{"@type":"BreadcrumbList","@id":"https:\/\/www.welovecycling.com\/sk\/2024\/08\/14\/reportaz-skoda-horal-mtb-maraton-vrchol-letnej-sezony\/#breadcrumb","itemListElement":[{"@type":"ListItem","position":1,"name":"Home","item":"https:\/\/www.welovecycling.com\/sk\/"},{"@type":"ListItem","position":2,"name":"Report\u00e1\u017e: \u0160koda Horal MTB marat\u00f3n \u2013 vrchol letnej sez\u00f3ny"}]},{"@type":"WebSite","@id":"https:\/\/www.welovecycling.com\/sk\/#website","url":"https:\/\/www.welovecycling.com\/sk\/","name":"\u0160koda We Love Cycling Slovensko","description":"\u0160koda We Love Cycling Slovensko je v\u00e1\u0161 ka\u017edodenn\u00fd zdroj noviniek a in\u0161pir\u00e1cie z sveta cyklistiky","potentialAction":[{"@type":"SearchAction","target":{"@type":"EntryPoint","urlTemplate":"https:\/\/www.welovecycling.com\/sk\/?s={search_term_string}"},"query-input":{"@type":"PropertyValueSpecification","valueRequired":true,"valueName":"search_term_string"}}],"inLanguage":"sk-SK"},{"@type":"Person","@id":"https:\/\/www.welovecycling.com\/sk\/#\/schema\/person\/533b62b98b6c41bd5135ebfb1f742624","name":"dominika","image":{"@type":"ImageObject","inLanguage":"sk-SK","@id":"https:\/\/www.welovecycling.com\/sk\/#\/schema\/person\/image\/","url":"https:\/\/secure.gravatar.com\/avatar\/ded6f274ba2ec3e17fff153f7d9d96a4b33c2cb63907f75d9a5309c599a7f3e6?s=96&d=mm&r=g","contentUrl":"https:\/\/secure.gravatar.com\/avatar\/ded6f274ba2ec3e17fff153f7d9d96a4b33c2cb63907f75d9a5309c599a7f3e6?s=96&d=mm&r=g","caption":"dominika"},"url":"https:\/\/www.welovecycling.com\/sk\/author\/dominika\/"}]}},"_links":{"self":[{"href":"https:\/\/www.welovecycling.com\/sk\/wp-json\/wp\/v2\/posts\/19525","targetHints":{"allow":["GET"]}}],"collection":[{"href":"https:\/\/www.welovecycling.com\/sk\/wp-json\/wp\/v2\/posts"}],"about":[{"href":"https:\/\/www.welovecycling.com\/sk\/wp-json\/wp\/v2\/types\/post"}],"author":[{"embeddable":true,"href":"https:\/\/www.welovecycling.com\/sk\/wp-json\/wp\/v2\/users\/172"}],"replies":[{"embeddable":true,"href":"https:\/\/www.welovecycling.com\/sk\/wp-json\/wp\/v2\/comments?post=19525"}],"version-history":[{"count":8,"href":"https:\/\/www.welovecycling.com\/sk\/wp-json\/wp\/v2\/posts\/19525\/revisions"}],"predecessor-version":[{"id":19555,"href":"https:\/\/www.welovecycling.com\/sk\/wp-json\/wp\/v2\/posts\/19525\/revisions\/19555"}],"wp:featuredmedia":[{"embeddable":true,"href":"https:\/\/www.welovecycling.com\/sk\/wp-json\/wp\/v2\/media\/19526"}],"wp:attachment":[{"href":"https:\/\/www.welovecycling.com\/sk\/wp-json\/wp\/v2\/media?parent=19525"}],"wp:term":[{"taxonomy":"category","embeddable":true,"href":"https:\/\/www.welovecycling.com\/sk\/wp-json\/wp\/v2\/categories?post=19525"},{"taxonomy":"post_tag","embeddable":true,"href":"https:\/\/www.welovecycling.com\/sk\/wp-json\/wp\/v2\/tags?post=19525"},{"taxonomy":"global-categories","embeddable":true,"href":"https:\/\/www.welovecycling.com\/sk\/wp-json\/wp\/v2\/global-categories?post=19525"}],"curies":[{"name":"wp","href":"https:\/\/api.w.org\/{rel}","templated":true}]}}