{"id":19506,"date":"2024-08-12T15:01:19","date_gmt":"2024-08-12T13:01:19","guid":{"rendered":"https:\/\/www.welovecycling.com\/sk\/?p=19506"},"modified":"2024-08-12T15:01:19","modified_gmt":"2024-08-12T13:01:19","slug":"hura-na-rodinne-cyklovylety","status":"publish","type":"post","link":"https:\/\/www.welovecycling.com\/sk\/2024\/08\/12\/hura-na-rodinne-cyklovylety\/","title":{"rendered":"Hur\u00e1 na rodinn\u00e9 cyklov\u00fdlety\u00a0"},"content":{"rendered":"<p><strong>Slovensko pon\u00faka viac ako 13 000 kilometrov zna\u010den\u00fdch cyklistick\u00fdch tr\u00e1s, ktor\u00e9 s\u00fa vhodn\u00e9 pre cyklistov v\u0161etk\u00fdch \u00farovn\u00ed. Sta\u010d\u00ed si len vybra\u0165 a napl\u00e1nova\u0165 trasu, ktor\u00e1 najviac vyhovuje va\u0161im mo\u017enostiam a po\u017eiadavk\u00e1m.\u00a0<\/strong><!--more--><\/p>\n<p><span style=\"font-weight: 400;\">Dne\u0161n\u00fd \u010dl\u00e1nok nadv\u00e4zuje na <\/span><a href=\"https:\/\/www.welovecycling.com\/sk\/2024\/08\/02\/bavime-sa-cyklistikou-s-detmi\/\" target=\"_blank\" rel=\"noopener\"><span style=\"font-weight: 400;\">Katkine odpor\u00fa\u010dania<\/span><\/a><span style=\"font-weight: 400;\">, ako sa cyklistikou m\u00f4\u017ee bavi\u0165 cel\u00e1 rodina. Dnes si pre v\u00e1s pripravila tipy, kam m\u00f4\u017eete vyrazi\u0165.<\/span><\/p>\n<p><img loading=\"lazy\" decoding=\"async\" class=\"alignnone size-full wp-image-19508\" src=\"https:\/\/d2p6e6u75xmxt8.cloudfront.net\/4\/2024\/08\/vylety-4.webp\" alt=\"\" width=\"990\" height=\"660\" srcset=\"https:\/\/d2p6e6u75xmxt8.cloudfront.net\/4\/2024\/08\/vylety-4.webp 990w, https:\/\/d2p6e6u75xmxt8.cloudfront.net\/4\/2024\/08\/vylety-4-300x200.webp 300w, https:\/\/d2p6e6u75xmxt8.cloudfront.net\/4\/2024\/08\/vylety-4-768x512.webp 768w, https:\/\/d2p6e6u75xmxt8.cloudfront.net\/4\/2024\/08\/vylety-4-400x267.webp 400w, https:\/\/d2p6e6u75xmxt8.cloudfront.net\/4\/2024\/08\/vylety-4-272x182.webp 272w\" sizes=\"auto, (max-width: 990px) 100vw, 990px\" \/><\/p>\n<h2><strong>EuroVelom po celej Eur\u00f3pe<\/strong><\/h2>\n<p><span style=\"font-weight: 400;\">EuroVelo je sie\u0165 14 dia\u013ekov\u00fdch cykloturistick\u00fdch tr\u00e1s po celej Eur\u00f3pe. Vyu\u017e\u00edvaj\u00fa ju nielen cykloturisti, ale aj miestni cyklisti pre ka\u017edodenn\u00e9 jazdenie za rekre\u00e1ciou \u010di za pr\u00e1cou. <strong>Cez Slovensko prech\u00e1dzaj\u00fa tri trasy EuroVelo (6, 11, 13) v celkovej pl\u00e1novanej d\u013a\u017eke nieko\u013eko stoviek kilometrov.\u00a0<\/strong><\/span><\/p>\n<h2><b>Hrebe\u0148om Mal\u00fdch Karp\u00e1t<\/b><\/h2>\n<p><span style=\"font-weight: 400;\">\u0160tef\u00e1nikovu magistr\u00e1lu \u2013 Hrebe\u0148ovku Mal\u00fdch Karp\u00e1t m\u00f4\u017eete na bicykli zdola\u0165 za nieko\u013eko hod\u00edn. <strong>Trasa m\u00e1 100 km a prevedie v\u00e1s od Bratislavy a\u017e na Ko\u0161arisk\u00e1.<\/strong> T\u00e1to cyklotrasa patr\u00ed do skupiny n\u00e1ro\u010dn\u00fdch, \u010do sa t\u00fdka po\u010dtu kilometrov aj v\u00fd\u0161kov\u00fdch metrov. Ak si netr\u00fafnete na cel\u00fa trasu, ur\u010dite odpor\u00fa\u010dame jednotliv\u00e9 \u00faseky, ktor\u00e9 s\u00fa vhodn\u00e9 aj pre menej tr\u00e9novan\u00fdch a technicky zdatn\u00fdch cyklistov \u010di deti. Asfaltov\u00e9 \u00faseky v okol\u00ed Bratislavy s\u00fa vhodn\u00e9 aj pre cyklovoz\u00edky.\u00a0<\/span><\/p>\n<h2><b>Okolo Liptovskej Mary \u2013 liptovsk\u00e1 klasika\u00a0<\/b><\/h2>\n<p><span style=\"font-weight: 400;\">Na 60 kilometrov dlhej cyklotrase okolo priehrady Liptovsk\u00e1 Mara na v\u00e1s ne\u010dak\u00e1 \u017eiadne n\u00e1ro\u010dn\u00e9 st\u00fapanie ani strm\u00e9 zjazdy, no <strong>nev\u00fdhodou trasy je, \u017ee \u010das\u0165 vedie po pomerne frekventovanej ceste.<\/strong> Du\u0161u zahrej\u00fa kr\u00e1sne v\u00fdh\u013eady na N\u00edzke a Z\u00e1padn\u00e9 Tatry, ale aj mo\u017enos\u0165 zapl\u00e1va\u0165 si na niektorej z pl\u00e1\u017e\u00ed a cestou m\u00f4\u017eete nav\u0161t\u00edvi\u0165 aj archeoskanzen Havr\u00e1nok.\u00a0<\/span><\/p>\n<h2><b>Gadersk\u00e9 dolina \u2013 ide\u00e1lna pre rodiny s de\u0165mi\u00a0<\/b><\/h2>\n<p><span style=\"font-weight: 400;\">Gadersk\u00e1 dolina sa nach\u00e1dza vo Ve\u013ekej Fatre a patr\u00ed k najkraj\u0161\u00edm dolin\u00e1m Slovenska. Z\u00e1rove\u0148 ide o jednu z najdlh\u0161\u00edch dol\u00edn vo Ve\u013ekej Fatre. <strong>Cyklotrasa meria cca 16 km a vedie po udr\u017eiavanej asfaltovej ceste, ktor\u00e1 v\u00e1s prevedie n\u00e1dhern\u00fdm prostred\u00edm tunaj\u0161ej pr\u00edrody.<\/strong> Pr\u00edjemnou kulisou je potok te\u010d\u00faci medzi skalami. Cestu v\u00e1m spr\u00edjemnia n\u00e1u\u010dn\u00e9 tabule a oddychov\u00e9 miesta, ktor\u00e9 t\u00fato trasu robia ide\u00e1lnou na rodinn\u00fd v\u00fdlet s de\u0165mi.\u00a0<\/span><\/p>\n<p><img loading=\"lazy\" decoding=\"async\" class=\"alignnone size-full wp-image-19509\" src=\"https:\/\/d2p6e6u75xmxt8.cloudfront.net\/4\/2024\/08\/vylety-7.webp\" alt=\"\" width=\"990\" height=\"660\" srcset=\"https:\/\/d2p6e6u75xmxt8.cloudfront.net\/4\/2024\/08\/vylety-7.webp 990w, https:\/\/d2p6e6u75xmxt8.cloudfront.net\/4\/2024\/08\/vylety-7-300x200.webp 300w, https:\/\/d2p6e6u75xmxt8.cloudfront.net\/4\/2024\/08\/vylety-7-768x512.webp 768w, https:\/\/d2p6e6u75xmxt8.cloudfront.net\/4\/2024\/08\/vylety-7-400x267.webp 400w, https:\/\/d2p6e6u75xmxt8.cloudfront.net\/4\/2024\/08\/vylety-7-272x182.webp 272w\" sizes=\"auto, (max-width: 990px) 100vw, 990px\" \/><\/p>\n<h2><b>\u013dubochnianska dolina \u2013 najdlh\u0161ia dolina na Slovensku\u00a0<\/b><\/h2>\n<p><span style=\"font-weight: 400;\">\u013dubochnianska dolina patr\u00ed u n\u00e1s medzi slovensk\u00e9 unik\u00e1ty. <strong>Je najdlh\u0161ia na Slovensku, s \u00factyhodnou d\u013a\u017ekou a\u017e 25 km.<\/strong> N\u00e1jdete tu tie\u017e jedin\u00e9 fatransk\u00e9 pleso Blatn\u00e9 \u2013 teda to, \u010do z neho zostalo. \u013dubochnianska dolina je vhodn\u00e1 na rodinn\u00e9 cyklov\u00fdlety \u2013 aj ke\u010f nie je najkrat\u0161ia, s mal\u00fdmi prest\u00e1vkami ju ur\u010dite zvl\u00e1dnu aj men\u0161ie deti. Prekvapenie \u010dak\u00e1 na konci doliny v podobe n\u00e1dhern\u00e9ho, zeleno-modr\u00e9ho Vy\u0161n\u00e9ho tajchu.\u00a0<\/span><\/p>\n<h2><b>Cyklotrasa Terchov\u00e1 \u2013 \u017dilina \u2013 na bicykli J\u00e1no\u0161\u00edkov\u00fdm chot\u00e1rom\u00a0<\/b><\/h2>\n<p><a href=\"https:\/\/www.welovecycling.com\/sk\/2022\/11\/18\/rozhovor-cyklotrasa-terchovska-dolina-ked-sa-podari-zrealizovat-uzasny-napad\/\" target=\"_blank\" rel=\"noopener\"><span style=\"font-weight: 400;\">Cyklomagistr\u00e1la sp\u00e1jaj\u00faca Terchov\u00fa a \u017dilinu <\/span><\/a><span style=\"font-weight: 400;\">bola dokon\u010den\u00e1 v roku 2022 a <strong>jej zauj\u00edmavos\u0165ou je a\u017e 17 dreven\u00fdch premosten\u00ed.<\/strong> Trasa je vhodn\u00e1 pre v\u0161etky vekov\u00e9 a v\u00fdkonnostn\u00e9 kateg\u00f3rie, vr\u00e1tane cyklovoz\u00edkov. Povrch je preva\u017ene asfaltov\u00fd, v\u00fd\u0161kov\u00fd profil kop\u00edruje ter\u00e9n a je bez v\u00fdrazn\u00fdch v\u00fd\u0161kov\u00fdch zmien.\u00a0<\/span><\/p>\n<p><img loading=\"lazy\" decoding=\"async\" class=\"alignnone size-full wp-image-19510\" src=\"https:\/\/d2p6e6u75xmxt8.cloudfront.net\/4\/2024\/08\/vylety-13.webp\" alt=\"\" width=\"990\" height=\"660\" srcset=\"https:\/\/d2p6e6u75xmxt8.cloudfront.net\/4\/2024\/08\/vylety-13.webp 990w, https:\/\/d2p6e6u75xmxt8.cloudfront.net\/4\/2024\/08\/vylety-13-300x200.webp 300w, https:\/\/d2p6e6u75xmxt8.cloudfront.net\/4\/2024\/08\/vylety-13-768x512.webp 768w, https:\/\/d2p6e6u75xmxt8.cloudfront.net\/4\/2024\/08\/vylety-13-400x267.webp 400w, https:\/\/d2p6e6u75xmxt8.cloudfront.net\/4\/2024\/08\/vylety-13-272x182.webp 272w\" sizes=\"auto, (max-width: 990px) 100vw, 990px\" \/><\/p>\n<h2><b>Kr\u00e1\u013eova ho\u013ea \u2013 vy\u0161\u0161ie s bicyklom to u\u017e nep\u00f4jde<\/b><\/h2>\n<p><span style=\"font-weight: 400;\">Ak ste fan\u00fa\u0161ikom n\u00e1ro\u010dnej\u0161\u00edch v\u00fd\u0161\u013eapov \u010di prekr\u00e1snych v\u00fdh\u013eadov, Kr\u00e1\u013eova ho\u013ea je pre v\u00e1s ako stvoren\u00e1. <strong>Je to najvy\u0161\u0161\u00ed vrchol, ktor\u00fd m\u00f4\u017eete na na\u0161om \u00fazem\u00ed zdola\u0165 na bicykli.<\/strong> Na trasu sa viete vyda\u0165 z obce \u0160umiac alebo po novej cyklotrase priamo z obce Telg\u00e1rt.\u00a0<\/span><\/p>\n<p><span style=\"font-weight: 400;\">Vzh\u013eadom na majest\u00e1tnos\u0165 Kr\u00e1\u013eovej hole je t\u00e1to trasa skuto\u010dne nezabudnute\u013en\u00e1, pripravte sa v\u0161ak na n\u00e1ro\u010dn\u00fd v\u00fd\u0161\u013eap (1000 v\u00fd\u0161kov\u00fdch metrov). Oddych si m\u00f4\u017eete dopria\u0165 zhruba v polovici cyklotrasy v Chate pod Kr\u00e1\u013eovou ho\u013eou. Odmenou v\u00e1m bud\u00fa panoramatick\u00e9 v\u00fdh\u013eady na v\u0161etky svetov\u00e9 strany. Tento cyklov\u00fdlet je s pou\u017eit\u00edm elektrobicyklov dokonca vhodn\u00fd aj pre detsk\u00e9 seda\u010dky \u010di cyklovoz\u00edky.\u00a0<\/span><\/p>\n<p><img loading=\"lazy\" decoding=\"async\" class=\"alignnone wp-image-19515 size-full\" src=\"https:\/\/d2p6e6u75xmxt8.cloudfront.net\/4\/2024\/08\/vylety-12.webp\" alt=\"Telgart\" width=\"990\" height=\"908\" srcset=\"https:\/\/d2p6e6u75xmxt8.cloudfront.net\/4\/2024\/08\/vylety-12.webp 990w, https:\/\/d2p6e6u75xmxt8.cloudfront.net\/4\/2024\/08\/vylety-12-300x275.webp 300w, https:\/\/d2p6e6u75xmxt8.cloudfront.net\/4\/2024\/08\/vylety-12-768x704.webp 768w, https:\/\/d2p6e6u75xmxt8.cloudfront.net\/4\/2024\/08\/vylety-12-400x367.webp 400w\" sizes=\"auto, (max-width: 990px) 100vw, 990px\" \/><\/p>\n<h2><b>Sliezsky dom \u2013 na bicykli pod Gerlach\u00a0<\/b><\/h2>\n<p><span style=\"font-weight: 400;\">Cyklotrasa Sliezsky dom vedie z osady Tatransk\u00e1 Polianka a serpent\u00ednami v\u00e1s privedie a\u017e k hotelu Sliezsky dom. <strong>D\u013a\u017eka trasy je len zhruba 7 kilometrov, no cestou nast\u00fapate viac ako 600 v\u00fd\u0161kov\u00fdch metrov.<\/strong> Pripravte sa preto na stredne n\u00e1ro\u010dn\u00fa cyklistiku, na ktorej konci v\u00e1s v\u0161ak \u010dak\u00e1 prekr\u00e1sny poh\u013ead na Gerlachovsk\u00fd \u0161t\u00edt a Velick\u00e9 pleso. <\/span><\/p>\n<p><span style=\"font-weight: 400;\">T\u00e1to trasa je vhodn\u00e1 pre horsk\u00e9 a gravel bicykle, cestn\u00e9 sa na po\u0161koden\u00fdch asfaltov\u00fdch \u00fasekoch tro\u0161ku potr\u00e1pia. A \u010di to zvl\u00e1dnu deck\u00e1? Tie, ktor\u00e9 sa vez\u00fa v cyklovoz\u00edku a seda\u010dke, bud\u00fa ur\u010dite nad\u0161en\u00e9 :), s pou\u017eit\u00edm lana m\u00f4\u017eete zapoji\u0165 aj sk\u00fasenej\u0161ie ratolesti.\u00a0<\/span><\/p>\n<p><img loading=\"lazy\" decoding=\"async\" class=\"alignnone wp-image-19512 size-full\" src=\"https:\/\/d2p6e6u75xmxt8.cloudfront.net\/4\/2024\/08\/vylety11.webp\" alt=\"rodinn\u00fd cyklov\u00fdlet\" width=\"990\" height=\"660\" srcset=\"https:\/\/d2p6e6u75xmxt8.cloudfront.net\/4\/2024\/08\/vylety11.webp 990w, https:\/\/d2p6e6u75xmxt8.cloudfront.net\/4\/2024\/08\/vylety11-300x200.webp 300w, https:\/\/d2p6e6u75xmxt8.cloudfront.net\/4\/2024\/08\/vylety11-768x512.webp 768w, https:\/\/d2p6e6u75xmxt8.cloudfront.net\/4\/2024\/08\/vylety11-400x267.webp 400w, https:\/\/d2p6e6u75xmxt8.cloudfront.net\/4\/2024\/08\/vylety11-272x182.webp 272w\" sizes=\"auto, (max-width: 990px) 100vw, 990px\" \/><\/p>\n<h2><b>Tatransk\u00e9 cyklochodn\u00edky \u2013 kr\u00ed\u017eom-kr\u00e1\u017eom popod Vysok\u00e9 a Belianske Tatry\u00a0<\/b><\/h2>\n<p><span style=\"font-weight: 400;\">Vo Vysok\u00fdch Tatr\u00e1ch n\u00e1m za posledn\u00e9 roky pribudlo nieko\u013eko kilometrov cyklochodn\u00edkov, ktor\u00e9 umo\u017e\u0148uj\u00fa komfortn\u00fd a bezpe\u010dn\u00fd pohyb cyklistov. Z Tatranskej Lomnice sa dostanete do obce Tatransk\u00e1 Kotlina, kde sa viete rozhodn\u00fa\u0165, \u010di budete pokra\u010dova\u0165 k Belianskemu rybn\u00edku (lokalizovan\u00fd kr\u00e1sny pumptrack), alebo budete pokra\u010dova\u0165 do obce \u017ddiar a cestou si m\u00f4\u017eete spravi\u0165 zast\u00e1vku v Belianskej jaskyni \u010di v Bachledovej doline. <\/span><\/p>\n<p><span style=\"font-weight: 400;\"><strong>O zauj\u00edmav\u00e9 v\u00fdh\u013eady \u010di miesta na oddych a ob\u010derstvenie n\u00fadzu ma\u0165 nebudete. <\/strong>Mo\u017enost\u00ed je nieko\u013eko a aj t\u00fato trasu rad\u00edme do kateg\u00f3rie <\/span><span style=\"font-weight: 400;\">\u201e<\/span><span style=\"font-weight: 400;\">family friendly\u201c \u2013 je vhodn\u00e1 pre deck\u00e1, cyklovoz\u00edky, seda\u010dky a menej sk\u00fasen\u00fdch.\u00a0<\/span><\/p>\n<h2><b>Bikeparky\/ Trailparky \u2013 tro\u0161ku n\u00e1ro\u010dnej\u0161ia zjazdov\u00e1 cyklistika<\/b><\/h2>\n<p><span style=\"font-weight: 400;\">Cyklistika za\u017e\u00edva doslova boom a ten sa preniesol aj do technicky n\u00e1ro\u010dnej\u0161ej horskej cyklistiky, ktor\u00e1 je o vytrvalosti a excelentn\u00fdch technick\u00fdch zru\u010dnostiach v jazde smerom dole. \ud83d\ude42 Tak\u00fato jazdu si viete vychnutn\u00e1va\u0165 v lokalit\u00e1ch na to \u0161peci\u00e1lne pripraven\u00fdch, v\u00e4\u010d\u0161ina z nich sa nach\u00e1dza v ly\u017eiarskych stredisk\u00e1ch, kde je mo\u017en\u00e9 vyu\u017e\u00edva\u0165 lanovky a vleky na jazdu s bicyklom smerom hore. <\/span><\/p>\n<p><span style=\"font-weight: 400;\">Medzi najzn\u00e1mej\u0161ie patria Bikepark K\u00e1lnica, Ko\u0161\u00fatka, M\u00fdto pod \u010eumbierom, Malin\u00f4 Brdo, Kub\u00ednska ho\u013ea \u010di Paseky. Nemus\u00edte by\u0165 excelentn\u00fd zjazd\u00e1r, aby ste za\u010dali jazdi\u0165 traily, v\u0161etky stredisk\u00e1 pon\u00fakaj\u00fa traily r\u00f4znej n\u00e1ro\u010dnosti (od za\u010diato\u010dn\u00edkov a\u017e po expertov), dokonca v nich n\u00e1jdete aj <strong>detsk\u00e9 sekcie pre mal\u00fdch bajkerov a bajkerky so \u0161peci\u00e1lne upraven\u00fdm p\u00e1som na jazdu hore.<\/strong>\u00a0<\/span><\/p>\n<div id='gallery-1' class='gallery galleryid-19506 gallery-columns-2 gallery-size-full'><figure class='gallery-item'>\n\t\t\t<div class='gallery-icon landscape'>\n\t\t\t\t<a href='https:\/\/d2p6e6u75xmxt8.cloudfront.net\/4\/2024\/08\/vylety-2.webp'><img loading=\"lazy\" decoding=\"async\" width=\"990\" height=\"660\" src=\"https:\/\/d2p6e6u75xmxt8.cloudfront.net\/4\/2024\/08\/vylety-2.webp\" class=\"attachment-full size-full\" alt=\"\" srcset=\"https:\/\/d2p6e6u75xmxt8.cloudfront.net\/4\/2024\/08\/vylety-2.webp 990w, https:\/\/d2p6e6u75xmxt8.cloudfront.net\/4\/2024\/08\/vylety-2-300x200.webp 300w, https:\/\/d2p6e6u75xmxt8.cloudfront.net\/4\/2024\/08\/vylety-2-768x512.webp 768w, https:\/\/d2p6e6u75xmxt8.cloudfront.net\/4\/2024\/08\/vylety-2-400x267.webp 400w, https:\/\/d2p6e6u75xmxt8.cloudfront.net\/4\/2024\/08\/vylety-2-272x182.webp 272w\" sizes=\"auto, (max-width: 990px) 100vw, 990px\" \/><\/a>\n\t\t\t<\/div><\/figure><figure class='gallery-item'>\n\t\t\t<div class='gallery-icon landscape'>\n\t\t\t\t<a href='https:\/\/d2p6e6u75xmxt8.cloudfront.net\/4\/2024\/08\/vylety-10.webp'><img loading=\"lazy\" decoding=\"async\" width=\"990\" height=\"660\" src=\"https:\/\/d2p6e6u75xmxt8.cloudfront.net\/4\/2024\/08\/vylety-10.webp\" class=\"attachment-full size-full\" alt=\"\" srcset=\"https:\/\/d2p6e6u75xmxt8.cloudfront.net\/4\/2024\/08\/vylety-10.webp 990w, https:\/\/d2p6e6u75xmxt8.cloudfront.net\/4\/2024\/08\/vylety-10-300x200.webp 300w, https:\/\/d2p6e6u75xmxt8.cloudfront.net\/4\/2024\/08\/vylety-10-768x512.webp 768w, https:\/\/d2p6e6u75xmxt8.cloudfront.net\/4\/2024\/08\/vylety-10-400x267.webp 400w, https:\/\/d2p6e6u75xmxt8.cloudfront.net\/4\/2024\/08\/vylety-10-272x182.webp 272w\" sizes=\"auto, (max-width: 990px) 100vw, 990px\" \/><\/a>\n\t\t\t<\/div><\/figure>\n\t\t<\/div>\n\n<h2><b>Kto chce, h\u013ead\u00e1 sp\u00f4soby, kto nie, v\u00fdhovorky\u00a0<\/b><\/h2>\n<p><span style=\"font-weight: 400;\">Cyklistika je \u0161port pre v\u0161etk\u00fdch \u2013 deti, mlad\u00fdch, star\u0161\u00edch, sk\u00fasen\u00fdch, amat\u00e9rov, zjazd\u00e1rov \u010di dokonca pre b\u00e1b\u00e4tk\u00e1. <strong>No je ve\u013emi d\u00f4le\u017eit\u00e9, aby ste si pri pl\u00e1novan\u00ed rodinn\u00fdch cyklov\u00fdletov vyberali trasy s oh\u013eadom na v\u0161etk\u00fdch \u010dlenov skupiny, prim\u00e1rne na najmen\u0161\u00edch a najslab\u0161\u00edch<\/strong> (d\u013a\u017eka, st\u00fapanie, technick\u00e1 n\u00e1ro\u010dnos\u0165 infra\u0161trukt\u00fara, ob\u010derstvenie at\u010f.). <\/span><\/p>\n<p><span style=\"font-weight: 400;\">Mo\u017enost\u00ed je ne\u00farekom, je to u\u017e len na ka\u017edom, ako si to vie zariadi\u0165, na \u010do sa c\u00edti a \u010do o\u010dak\u00e1va. Nasadnite na bicykel a vyrazte v \u00fastrety nezabudnute\u013en\u00fdm dobrodru\u017estv\u00e1m.<\/span><\/p>\n","protected":false},"excerpt":{"rendered":"<p>Slovensko pon\u00faka viac ako 13 000 kilometrov zna\u010den\u00fdch cyklistick\u00fdch tr\u00e1s, ktor\u00e9 s\u00fa vhodn\u00e9 pre cyklistov v\u0161etk\u00fdch \u00farovn\u00ed. Sta\u010d\u00ed si len [&hellip;]<\/p>\n","protected":false},"author":172,"featured_media":19507,"comment_status":"open","ping_status":"open","sticky":false,"template":"","format":"standard","meta":{"footnotes":""},"categories":[51],"tags":[115,507,53,1386,533,180,767,931,1533,509,777,523,741,508,183,1117],"global-categories":[1074],"class_list":["post-19506","post","type-post","status-publish","format-standard","has-post-thumbnail","hentry","category-deti-na-bicykloch","tag-cestna-cyklistika","tag-cyklorodinka","tag-deti","tag-deti-na-bicykli","tag-europa","tag-horska-cyklistika","tag-motivacia","tag-odporucame","tag-priroda","tag-rodina","tag-slovenske-cesty","tag-slovensko","tag-tip-na-vylet","tag-vylet","tag-zabava","tag-zazitok","global-categories-cycling"],"yoast_head":"<!-- This site is optimized with the Yoast SEO Premium plugin v25.3 (Yoast SEO v25.9) - https:\/\/yoast.com\/wordpress\/plugins\/seo\/ -->\n<title>Hur\u00e1 na rodinn\u00e9 cyklov\u00fdlety\u00a0 - \u0160koda We Love Cycling Slovensko<\/title>\n<meta name=\"description\" content=\"Slovensko pon\u00faka viac ako 13 000 kilometrov zna\u010den\u00fdch cyklistick\u00fdch tr\u00e1s, ktor\u00e9 s\u00fa vhodn\u00e9 pre cyklistov v\u0161etk\u00fdch \u00farovn\u00ed. Sta\u010d\u00ed si len vybra\u0165.\" \/>\n<meta name=\"robots\" content=\"index, follow, max-snippet:-1, max-image-preview:large, max-video-preview:-1\" \/>\n<link rel=\"canonical\" href=\"https:\/\/www.welovecycling.com\/sk\/2024\/08\/12\/hura-na-rodinne-cyklovylety\/\" \/>\n<meta property=\"og:locale\" content=\"sk_SK\" \/>\n<meta property=\"og:type\" content=\"article\" \/>\n<meta property=\"og:title\" content=\"Hur\u00e1 na rodinn\u00e9 cyklov\u00fdlety\u00a0\" \/>\n<meta property=\"og:description\" content=\"Slovensko pon\u00faka viac ako 13 000 kilometrov zna\u010den\u00fdch cyklistick\u00fdch tr\u00e1s, ktor\u00e9 s\u00fa vhodn\u00e9 pre cyklistov v\u0161etk\u00fdch \u00farovn\u00ed. Sta\u010d\u00ed si len vybra\u0165.\" \/>\n<meta property=\"og:url\" content=\"https:\/\/www.welovecycling.com\/sk\/2024\/08\/12\/hura-na-rodinne-cyklovylety\/\" \/>\n<meta property=\"og:site_name\" content=\"\u0160koda We Love Cycling Slovensko\" \/>\n<meta property=\"article:published_time\" content=\"2024-08-12T13:01:19+00:00\" \/>\n<meta property=\"og:image\" content=\"https:\/\/d2p6e6u75xmxt8.cloudfront.net\/4\/2024\/08\/vylety-1.webp\" \/>\n\t<meta property=\"og:image:width\" content=\"990\" \/>\n\t<meta property=\"og:image:height\" content=\"660\" \/>\n\t<meta property=\"og:image:type\" content=\"image\/webp\" \/>\n<meta name=\"author\" content=\"dominika\" \/>\n<meta name=\"twitter:card\" content=\"summary_large_image\" \/>\n<meta name=\"twitter:label1\" content=\"Written by\" \/>\n\t<meta name=\"twitter:data1\" content=\"Katar\u00edna Vasil\u010din Gre\u0161ov\u00e1\" \/>\n\t<meta name=\"twitter:label2\" content=\"Est. reading time\" \/>\n\t<meta name=\"twitter:data2\" content=\"5\" \/>\n<script type=\"application\/ld+json\" class=\"yoast-schema-graph\">{\"@context\":\"https:\/\/schema.org\",\"@graph\":[{\"@type\":\"WebPage\",\"@id\":\"https:\/\/www.welovecycling.com\/sk\/2024\/08\/12\/hura-na-rodinne-cyklovylety\/\",\"url\":\"https:\/\/www.welovecycling.com\/sk\/2024\/08\/12\/hura-na-rodinne-cyklovylety\/\",\"name\":\"Hur\u00e1 na rodinn\u00e9 cyklov\u00fdlety\u00a0 - \u0160koda We Love Cycling Slovensko\",\"isPartOf\":{\"@id\":\"https:\/\/www.welovecycling.com\/sk\/#website\"},\"primaryImageOfPage\":{\"@id\":\"https:\/\/www.welovecycling.com\/sk\/2024\/08\/12\/hura-na-rodinne-cyklovylety\/#primaryimage\"},\"image\":{\"@id\":\"https:\/\/www.welovecycling.com\/sk\/2024\/08\/12\/hura-na-rodinne-cyklovylety\/#primaryimage\"},\"thumbnailUrl\":\"https:\/\/d2p6e6u75xmxt8.cloudfront.net\/4\/2024\/08\/vylety-1.webp\",\"datePublished\":\"2024-08-12T13:01:19+00:00\",\"author\":{\"@id\":\"https:\/\/www.welovecycling.com\/sk\/#\/schema\/person\/533b62b98b6c41bd5135ebfb1f742624\"},\"description\":\"Slovensko pon\u00faka viac ako 13 000 kilometrov zna\u010den\u00fdch cyklistick\u00fdch tr\u00e1s, ktor\u00e9 s\u00fa vhodn\u00e9 pre cyklistov v\u0161etk\u00fdch \u00farovn\u00ed. Sta\u010d\u00ed si len vybra\u0165.\",\"breadcrumb\":{\"@id\":\"https:\/\/www.welovecycling.com\/sk\/2024\/08\/12\/hura-na-rodinne-cyklovylety\/#breadcrumb\"},\"inLanguage\":\"sk-SK\",\"potentialAction\":[{\"@type\":\"ReadAction\",\"target\":[\"https:\/\/www.welovecycling.com\/sk\/2024\/08\/12\/hura-na-rodinne-cyklovylety\/\"]}]},{\"@type\":\"ImageObject\",\"inLanguage\":\"sk-SK\",\"@id\":\"https:\/\/www.welovecycling.com\/sk\/2024\/08\/12\/hura-na-rodinne-cyklovylety\/#primaryimage\",\"url\":\"https:\/\/d2p6e6u75xmxt8.cloudfront.net\/4\/2024\/08\/vylety-1.webp\",\"contentUrl\":\"https:\/\/d2p6e6u75xmxt8.cloudfront.net\/4\/2024\/08\/vylety-1.webp\",\"width\":990,\"height\":660,\"caption\":\"rodinn\u00e9 cyklov\u00fdlety\"},{\"@type\":\"BreadcrumbList\",\"@id\":\"https:\/\/www.welovecycling.com\/sk\/2024\/08\/12\/hura-na-rodinne-cyklovylety\/#breadcrumb\",\"itemListElement\":[{\"@type\":\"ListItem\",\"position\":1,\"name\":\"Home\",\"item\":\"https:\/\/www.welovecycling.com\/sk\/\"},{\"@type\":\"ListItem\",\"position\":2,\"name\":\"Hur\u00e1 na rodinn\u00e9 cyklov\u00fdlety\u00a0\"}]},{\"@type\":\"WebSite\",\"@id\":\"https:\/\/www.welovecycling.com\/sk\/#website\",\"url\":\"https:\/\/www.welovecycling.com\/sk\/\",\"name\":\"\u0160koda We Love Cycling Slovensko\",\"description\":\"\u0160koda We Love Cycling Slovensko je v\u00e1\u0161 ka\u017edodenn\u00fd zdroj noviniek a in\u0161pir\u00e1cie z sveta cyklistiky\",\"potentialAction\":[{\"@type\":\"SearchAction\",\"target\":{\"@type\":\"EntryPoint\",\"urlTemplate\":\"https:\/\/www.welovecycling.com\/sk\/?s={search_term_string}\"},\"query-input\":{\"@type\":\"PropertyValueSpecification\",\"valueRequired\":true,\"valueName\":\"search_term_string\"}}],\"inLanguage\":\"sk-SK\"},{\"@type\":\"Person\",\"@id\":\"https:\/\/www.welovecycling.com\/sk\/#\/schema\/person\/533b62b98b6c41bd5135ebfb1f742624\",\"name\":\"dominika\",\"image\":{\"@type\":\"ImageObject\",\"inLanguage\":\"sk-SK\",\"@id\":\"https:\/\/www.welovecycling.com\/sk\/#\/schema\/person\/image\/\",\"url\":\"https:\/\/secure.gravatar.com\/avatar\/ded6f274ba2ec3e17fff153f7d9d96a4b33c2cb63907f75d9a5309c599a7f3e6?s=96&d=mm&r=g\",\"contentUrl\":\"https:\/\/secure.gravatar.com\/avatar\/ded6f274ba2ec3e17fff153f7d9d96a4b33c2cb63907f75d9a5309c599a7f3e6?s=96&d=mm&r=g\",\"caption\":\"dominika\"},\"url\":\"https:\/\/www.welovecycling.com\/sk\/author\/dominika\/\"}]}<\/script>\n<!-- \/ Yoast SEO Premium plugin. -->","yoast_head_json":{"title":"Hur\u00e1 na rodinn\u00e9 cyklov\u00fdlety\u00a0 - \u0160koda We Love Cycling Slovensko","description":"Slovensko pon\u00faka viac ako 13 000 kilometrov zna\u010den\u00fdch cyklistick\u00fdch tr\u00e1s, ktor\u00e9 s\u00fa vhodn\u00e9 pre cyklistov v\u0161etk\u00fdch \u00farovn\u00ed. Sta\u010d\u00ed si len vybra\u0165.","robots":{"index":"index","follow":"follow","max-snippet":"max-snippet:-1","max-image-preview":"max-image-preview:large","max-video-preview":"max-video-preview:-1"},"canonical":"https:\/\/www.welovecycling.com\/sk\/2024\/08\/12\/hura-na-rodinne-cyklovylety\/","og_locale":"sk_SK","og_type":"article","og_title":"Hur\u00e1 na rodinn\u00e9 cyklov\u00fdlety\u00a0","og_description":"Slovensko pon\u00faka viac ako 13 000 kilometrov zna\u010den\u00fdch cyklistick\u00fdch tr\u00e1s, ktor\u00e9 s\u00fa vhodn\u00e9 pre cyklistov v\u0161etk\u00fdch \u00farovn\u00ed. Sta\u010d\u00ed si len vybra\u0165.","og_url":"https:\/\/www.welovecycling.com\/sk\/2024\/08\/12\/hura-na-rodinne-cyklovylety\/","og_site_name":"\u0160koda We Love Cycling Slovensko","article_published_time":"2024-08-12T13:01:19+00:00","og_image":[{"width":990,"height":660,"url":"https:\/\/d2p6e6u75xmxt8.cloudfront.net\/4\/2024\/08\/vylety-1.webp","type":"image\/webp"}],"author":"dominika","twitter_card":"summary_large_image","twitter_misc":{"Written by":"Katar\u00edna Vasil\u010din Gre\u0161ov\u00e1","Est. reading time":"5"},"schema":{"@context":"https:\/\/schema.org","@graph":[{"@type":"WebPage","@id":"https:\/\/www.welovecycling.com\/sk\/2024\/08\/12\/hura-na-rodinne-cyklovylety\/","url":"https:\/\/www.welovecycling.com\/sk\/2024\/08\/12\/hura-na-rodinne-cyklovylety\/","name":"Hur\u00e1 na rodinn\u00e9 cyklov\u00fdlety\u00a0 - \u0160koda We Love Cycling Slovensko","isPartOf":{"@id":"https:\/\/www.welovecycling.com\/sk\/#website"},"primaryImageOfPage":{"@id":"https:\/\/www.welovecycling.com\/sk\/2024\/08\/12\/hura-na-rodinne-cyklovylety\/#primaryimage"},"image":{"@id":"https:\/\/www.welovecycling.com\/sk\/2024\/08\/12\/hura-na-rodinne-cyklovylety\/#primaryimage"},"thumbnailUrl":"https:\/\/d2p6e6u75xmxt8.cloudfront.net\/4\/2024\/08\/vylety-1.webp","datePublished":"2024-08-12T13:01:19+00:00","author":{"@id":"https:\/\/www.welovecycling.com\/sk\/#\/schema\/person\/533b62b98b6c41bd5135ebfb1f742624"},"description":"Slovensko pon\u00faka viac ako 13 000 kilometrov zna\u010den\u00fdch cyklistick\u00fdch tr\u00e1s, ktor\u00e9 s\u00fa vhodn\u00e9 pre cyklistov v\u0161etk\u00fdch \u00farovn\u00ed. Sta\u010d\u00ed si len vybra\u0165.","breadcrumb":{"@id":"https:\/\/www.welovecycling.com\/sk\/2024\/08\/12\/hura-na-rodinne-cyklovylety\/#breadcrumb"},"inLanguage":"sk-SK","potentialAction":[{"@type":"ReadAction","target":["https:\/\/www.welovecycling.com\/sk\/2024\/08\/12\/hura-na-rodinne-cyklovylety\/"]}]},{"@type":"ImageObject","inLanguage":"sk-SK","@id":"https:\/\/www.welovecycling.com\/sk\/2024\/08\/12\/hura-na-rodinne-cyklovylety\/#primaryimage","url":"https:\/\/d2p6e6u75xmxt8.cloudfront.net\/4\/2024\/08\/vylety-1.webp","contentUrl":"https:\/\/d2p6e6u75xmxt8.cloudfront.net\/4\/2024\/08\/vylety-1.webp","width":990,"height":660,"caption":"rodinn\u00e9 cyklov\u00fdlety"},{"@type":"BreadcrumbList","@id":"https:\/\/www.welovecycling.com\/sk\/2024\/08\/12\/hura-na-rodinne-cyklovylety\/#breadcrumb","itemListElement":[{"@type":"ListItem","position":1,"name":"Home","item":"https:\/\/www.welovecycling.com\/sk\/"},{"@type":"ListItem","position":2,"name":"Hur\u00e1 na rodinn\u00e9 cyklov\u00fdlety\u00a0"}]},{"@type":"WebSite","@id":"https:\/\/www.welovecycling.com\/sk\/#website","url":"https:\/\/www.welovecycling.com\/sk\/","name":"\u0160koda We Love Cycling Slovensko","description":"\u0160koda We Love Cycling Slovensko je v\u00e1\u0161 ka\u017edodenn\u00fd zdroj noviniek a in\u0161pir\u00e1cie z sveta cyklistiky","potentialAction":[{"@type":"SearchAction","target":{"@type":"EntryPoint","urlTemplate":"https:\/\/www.welovecycling.com\/sk\/?s={search_term_string}"},"query-input":{"@type":"PropertyValueSpecification","valueRequired":true,"valueName":"search_term_string"}}],"inLanguage":"sk-SK"},{"@type":"Person","@id":"https:\/\/www.welovecycling.com\/sk\/#\/schema\/person\/533b62b98b6c41bd5135ebfb1f742624","name":"dominika","image":{"@type":"ImageObject","inLanguage":"sk-SK","@id":"https:\/\/www.welovecycling.com\/sk\/#\/schema\/person\/image\/","url":"https:\/\/secure.gravatar.com\/avatar\/ded6f274ba2ec3e17fff153f7d9d96a4b33c2cb63907f75d9a5309c599a7f3e6?s=96&d=mm&r=g","contentUrl":"https:\/\/secure.gravatar.com\/avatar\/ded6f274ba2ec3e17fff153f7d9d96a4b33c2cb63907f75d9a5309c599a7f3e6?s=96&d=mm&r=g","caption":"dominika"},"url":"https:\/\/www.welovecycling.com\/sk\/author\/dominika\/"}]}},"_links":{"self":[{"href":"https:\/\/www.welovecycling.com\/sk\/wp-json\/wp\/v2\/posts\/19506","targetHints":{"allow":["GET"]}}],"collection":[{"href":"https:\/\/www.welovecycling.com\/sk\/wp-json\/wp\/v2\/posts"}],"about":[{"href":"https:\/\/www.welovecycling.com\/sk\/wp-json\/wp\/v2\/types\/post"}],"author":[{"embeddable":true,"href":"https:\/\/www.welovecycling.com\/sk\/wp-json\/wp\/v2\/users\/172"}],"replies":[{"embeddable":true,"href":"https:\/\/www.welovecycling.com\/sk\/wp-json\/wp\/v2\/comments?post=19506"}],"version-history":[{"count":3,"href":"https:\/\/www.welovecycling.com\/sk\/wp-json\/wp\/v2\/posts\/19506\/revisions"}],"predecessor-version":[{"id":19518,"href":"https:\/\/www.welovecycling.com\/sk\/wp-json\/wp\/v2\/posts\/19506\/revisions\/19518"}],"wp:featuredmedia":[{"embeddable":true,"href":"https:\/\/www.welovecycling.com\/sk\/wp-json\/wp\/v2\/media\/19507"}],"wp:attachment":[{"href":"https:\/\/www.welovecycling.com\/sk\/wp-json\/wp\/v2\/media?parent=19506"}],"wp:term":[{"taxonomy":"category","embeddable":true,"href":"https:\/\/www.welovecycling.com\/sk\/wp-json\/wp\/v2\/categories?post=19506"},{"taxonomy":"post_tag","embeddable":true,"href":"https:\/\/www.welovecycling.com\/sk\/wp-json\/wp\/v2\/tags?post=19506"},{"taxonomy":"global-categories","embeddable":true,"href":"https:\/\/www.welovecycling.com\/sk\/wp-json\/wp\/v2\/global-categories?post=19506"}],"curies":[{"name":"wp","href":"https:\/\/api.w.org\/{rel}","templated":true}]}}