{"id":19501,"date":"2024-08-20T15:14:34","date_gmt":"2024-08-20T13:14:34","guid":{"rendered":"https:\/\/www.welovecycling.com\/sk\/?p=19501"},"modified":"2024-08-20T15:14:34","modified_gmt":"2024-08-20T13:14:34","slug":"serial-ako-sa-stat-cyklistom-16-kde-hladat-motivaciu-na-vyjazd","status":"publish","type":"post","link":"https:\/\/www.welovecycling.com\/sk\/2024\/08\/20\/serial-ako-sa-stat-cyklistom-16-kde-hladat-motivaciu-na-vyjazd\/","title":{"rendered":"Seri\u00e1l: Ako sa sta\u0165 cyklistom \u2013 16. Kde h\u013eada\u0165 motiv\u00e1ciu na v\u00fdjazd?"},"content":{"rendered":"<p><strong>Napriek tomu, \u017ee cyklistiku si zamiluje v\u00e4\u010d\u0161ina \u013eud\u00ed, ktor\u00ed ju vysk\u00fa\u0161aj\u00fa, ob\u010das prich\u00e1dzaj\u00fa chv\u00edle, ke\u010f v\u00e1s nebav\u00ed nasadn\u00fa\u0165 na bicykel a vyrazi\u0165 na v\u00fdjazd. M\u00f4\u017ee to ma\u0165 viacero d\u00f4vodov. Jedn\u00fdm z nich je pretr\u00e9novanie, ak ste nemali spr\u00e1vnu mieru a jazdili ste ka\u017ed\u00fd de\u0148, d\u00e1vali dlh\u00e9 trasy, sledovali len svoje v\u00fdkony, merali, porovn\u00e1vali. No skr\u00e1tka sa stalo, \u017ee v tom nad\u0161en\u00ed ste stratili chu\u0165 jazdi\u0165. \u010co teraz? D\u00e1me v\u00e1m nieko\u013eko r\u00e1d, ako znovu n\u00e1js\u0165 motiv\u00e1ciu.\u00a0<\/strong><!--more--><\/p>\n<h2><b>Netflix<\/b><\/h2>\n<p><span style=\"font-weight: 400;\">Netlfix \u010di ak\u00fdko\u013evek in\u00fd poskytovate\u013e, ktor\u00fd umo\u017e\u0148uje sledovanie filmov a seri\u00e1lov, m\u00e1 ur\u010dite v ponuke aj filmy a dokumenty s cyklistickou tematikou. Pr\u00e1ve spom\u00ednan\u00fd Netflix m\u00e1 <strong>skvel\u00fd seri\u00e1l zo z\u00e1kulisia Tour de France a verte, \u017ee po tom, ako si ho pozriete, u\u017e doma neobsed\u00edte ani chv\u00ed\u013eu.<\/strong> N\u00e1jdete tam aj \u010fal\u0161ie filmy a r\u00f4zne in\u00e9 dokumenty z oblasti cyklistiky.\u00a0<\/span><\/p>\n<h2><b>Sledovanie pretekov<\/b><\/h2>\n<p><span style=\"font-weight: 400;\">Sledovanie pretekov v telev\u00edzii \u010di na internete je skvel\u00fd sp\u00f4sob, ako znovu n\u00e1js\u0165 chu\u0165 sadn\u00fa\u0165 na bicykel. Ned\u00e1vno ste mohli pozera\u0165 u\u017e spom\u00ednan\u00fa Tour de France, <strong>pr\u00e1ve prebieha Vuelta \u2013 tak\u017ee si vyhra\u010fte \u010das na jej sledovanie a po p\u00e1r d\u0148och budete ur\u010dite nabuden\u00ed a vyraz\u00edte na podve\u010dern\u00fa jazdu po okol\u00ed.<\/strong> Samozrejme, v kalend\u00e1ri podujat\u00ed je mno\u017estvo \u010fal\u0161\u00edch skvel\u00fdch pretekov, tak\u017ee m\u00f4\u017eete si vybra\u0165, alebo rovno sledujte v\u0161etky. Ale pozor, aby sa z v\u00e1s nestal gau\u010dov\u00fd telev\u00edzny maniak.\u00a0<\/span><\/p>\n<p><img loading=\"lazy\" decoding=\"async\" class=\"alignnone size-full wp-image-19502\" src=\"https:\/\/d2p6e6u75xmxt8.cloudfront.net\/4\/2024\/08\/01-1.webp\" alt=\"\" width=\"990\" height=\"660\" srcset=\"https:\/\/d2p6e6u75xmxt8.cloudfront.net\/4\/2024\/08\/01-1.webp 990w, https:\/\/d2p6e6u75xmxt8.cloudfront.net\/4\/2024\/08\/01-1-300x200.webp 300w, https:\/\/d2p6e6u75xmxt8.cloudfront.net\/4\/2024\/08\/01-1-768x512.webp 768w, https:\/\/d2p6e6u75xmxt8.cloudfront.net\/4\/2024\/08\/01-1-400x267.webp 400w, https:\/\/d2p6e6u75xmxt8.cloudfront.net\/4\/2024\/08\/01-1-272x182.webp 272w\" sizes=\"auto, (max-width: 990px) 100vw, 990px\" \/><\/p>\n<h2><b>V\u00fdjazd s partiou<\/b><\/h2>\n<p><span style=\"font-weight: 400;\">\u010co m\u00f4\u017ee by\u0165 lep\u0161ou motiv\u00e1ciou ako partia dobr\u00fdch \u013eud\u00ed s v\u00e1\u0161\u0148ou pre rovnak\u00fa z\u00e1\u013eubu? <strong>Ak ste doteraz jazdili ako samot\u00e1r, hltaj\u00faci kilometre a hnan\u00fd za \u00faspechom, spoma\u013ete.<\/strong> Vyrazte si len tak, bez snahy o zlep\u0161enie sa a bez t\u00fa\u017eby po\u010d\u00edta\u0165 prejden\u00e9 kilometre.\u00a0<\/span><\/p>\n<p><span style=\"font-weight: 400;\">Pridajte sa do partie \u013eud\u00ed, ktor\u00ed ka\u017ed\u00fd v\u00edkend vyrazia za z\u00e1bavou na bicykli a nerie\u0161ia v\u00fdkony. Cyklistika je z\u00e1bava a v\u010faka spolo\u010dn\u00e9mu jazdeniu znovu objav\u00edte chu\u0165 jazdi\u0165.\u00a0<\/span><\/p>\n<h2><b>Do pr\u00e1ce na bicykli<\/b><\/h2>\n<p><span style=\"font-weight: 400;\">Mo\u017eno v\u00e1m t\u00e1to mo\u017enos\u0165 doteraz ani nenapadla. Bicykel ste mali len ako \u0161portov\u00e9 n\u00e1radie k dosahovaniu poriadnych v\u00fdkonov.<strong> \u010co tak vysk\u00fa\u0161a\u0165 len tak ne\u0161portovo jazdi\u0165 na \u0148om do pr\u00e1ce?<\/strong><\/span><\/p>\n<p><span style=\"font-weight: 400;\">Okrem toho, \u017ee v\u00e1m to znovu vr\u00e1ti chu\u0165 bicyklova\u0165, m\u00e1 to aj in\u00e9 v\u00fdhody. U\u0161etr\u00edte napr\u00edklad na cestovnom, spozn\u00e1te lep\u0161ie svoje okolie a m\u00f4\u017eete cestu do pr\u00e1ce ka\u017ed\u00fd de\u0148 ozvl\u00e1\u0161tni\u0165 trochu inou trasou. V neposlednom rade nepr\u00eddete do pr\u00e1ce vystresovan\u00fd zo st\u00e1tia v kol\u00f3nach \u010di z parenia sa v hor\u00facich autobusoch a elektri\u010dk\u00e1ch.\u00a0<\/span><\/p>\n<h2><b>Strava<\/b><\/h2>\n<p><span style=\"font-weight: 400;\">A e\u0161te jeden tip, ako si ozvl\u00e1\u0161tni\u0165 jazdenie. Vyu\u017eite ho v\u0161ak len v tom pr\u00edpade, ak ste u\u017e aspo\u0148 trochu chytili druh\u00fd dych a znovu v\u00e1s to za\u010dalo na dvoch koles\u00e1ch bavi\u0165. Ur\u010dite ste u\u017e po\u010duli o aplik\u00e1cii <a href=\"https:\/\/www.strava.com\/\" target=\"_blank\" rel=\"noopener\">Strava<\/a>. Za\u010dnite ju pou\u017e\u00edva\u0165 a zist\u00edte, \u017ee v\u00e1m pon\u00faka viacero mo\u017enost\u00ed. M\u00f4\u017eete napr\u00edklad za\u010da\u0165 jazdi\u0165 segmenty. <strong>S\u00fa to meran\u00e9 \u00faseky, kde in\u00ed cyklisti pred vami nahrali prejden\u00e9 \u010dasy a vy sa m\u00f4\u017eete s nimi porovna\u0165.<\/strong> Pr\u00edpadne m\u00f4\u017eete sledova\u0165, ak\u00e9 trasy a ak\u00e9 v\u00fdkony jazdia treb\u00e1rs aj svetov\u00e9 hviezdy cyklistiky.\u00a0<\/span><\/p>\n<p><span style=\"font-weight: 400;\">Ak v\u00e1m \u010doko\u013evek z t\u00fdchto tipov pomohlo k nakopnutiu a k vr\u00e1teniu chuti k cyklistike, tak na\u0161a misia bola \u00faspe\u0161ne splnen\u00e1. Prajeme v\u00e1m skvel\u00e9 leto na dvoch koles\u00e1ch a pode\u013ete sa s nami o svoje z\u00e1\u017eitky na na\u0161ich soci\u00e1lnych sie\u0165ach. Pr\u00edpadne n\u00e1m dajte vedie\u0165, \u010do pom\u00e1ha v\u00e1m ako motiv\u00e1cia.\u00a0<\/span><\/p>\n","protected":false},"excerpt":{"rendered":"<p>Napriek tomu, \u017ee cyklistiku si zamiluje v\u00e4\u010d\u0161ina \u013eud\u00ed, ktor\u00ed ju vysk\u00fa\u0161aj\u00fa, ob\u010das prich\u00e1dzaj\u00fa chv\u00edle, ke\u010f v\u00e1s nebav\u00ed nasadn\u00fa\u0165 na bicykel [&hellip;]<\/p>\n","protected":false},"author":172,"featured_media":19503,"comment_status":"open","ping_status":"open","sticky":false,"template":"","format":"standard","meta":{"footnotes":""},"categories":[191],"tags":[115,597,1246,180,532,767,931,55,183],"global-categories":[1074],"class_list":["post-19501","post","type-post","status-publish","format-standard","has-post-thumbnail","hentry","category-odporucame","tag-cestna-cyklistika","tag-cyklista","tag-cyklisticka-komunita","tag-horska-cyklistika","tag-jazdenie","tag-motivacia","tag-odporucame","tag-trening","tag-zabava","global-categories-cycling"],"yoast_head":"<!-- This site is optimized with the Yoast SEO Premium plugin v25.3 (Yoast SEO v25.9) - https:\/\/yoast.com\/wordpress\/plugins\/seo\/ -->\n<title>Seri\u00e1l: Ako sa sta\u0165 cyklistom \u2013 16. Kde h\u013eada\u0165 motiv\u00e1ciu na v\u00fdjazd? - \u0160koda We Love Cycling Slovensko<\/title>\n<meta name=\"description\" content=\"Aj ke\u010f cyklistiku miluje v\u00e4\u010d\u0161ina \u013eud\u00ed, ktor\u00ed ju vysk\u00fa\u0161ali, ob\u010das prich\u00e1dzaj\u00fa chv\u00edle, ke\u010f v\u00e1s nebav\u00ed nasadn\u00fa\u0165 na bicykel a vyrazi\u0165 na v\u00fdjazd.\" \/>\n<meta name=\"robots\" content=\"index, follow, max-snippet:-1, max-image-preview:large, max-video-preview:-1\" \/>\n<link rel=\"canonical\" href=\"https:\/\/www.welovecycling.com\/sk\/2024\/08\/20\/serial-ako-sa-stat-cyklistom-16-kde-hladat-motivaciu-na-vyjazd\/\" \/>\n<meta property=\"og:locale\" content=\"sk_SK\" \/>\n<meta property=\"og:type\" content=\"article\" \/>\n<meta property=\"og:title\" content=\"Seri\u00e1l: Ako sa sta\u0165 cyklistom \u2013 16. Kde h\u013eada\u0165 motiv\u00e1ciu na v\u00fdjazd?\" \/>\n<meta property=\"og:description\" content=\"Aj ke\u010f cyklistiku miluje v\u00e4\u010d\u0161ina \u013eud\u00ed, ktor\u00ed ju vysk\u00fa\u0161ali, ob\u010das prich\u00e1dzaj\u00fa chv\u00edle, ke\u010f v\u00e1s nebav\u00ed nasadn\u00fa\u0165 na bicykel a vyrazi\u0165 na v\u00fdjazd.\" \/>\n<meta property=\"og:url\" content=\"https:\/\/www.welovecycling.com\/sk\/2024\/08\/20\/serial-ako-sa-stat-cyklistom-16-kde-hladat-motivaciu-na-vyjazd\/\" \/>\n<meta property=\"og:site_name\" content=\"\u0160koda We Love Cycling Slovensko\" \/>\n<meta property=\"article:published_time\" content=\"2024-08-20T13:14:34+00:00\" \/>\n<meta property=\"og:image\" content=\"https:\/\/d2p6e6u75xmxt8.cloudfront.net\/4\/2024\/08\/titulka.webp\" \/>\n\t<meta property=\"og:image:width\" content=\"990\" \/>\n\t<meta property=\"og:image:height\" content=\"660\" \/>\n\t<meta property=\"og:image:type\" content=\"image\/webp\" \/>\n<meta name=\"author\" content=\"dominika\" \/>\n<meta name=\"twitter:card\" content=\"summary_large_image\" \/>\n<meta name=\"twitter:label1\" content=\"Written by\" \/>\n\t<meta name=\"twitter:data1\" content=\"Radovan Vr\u0161ka\" \/>\n\t<meta name=\"twitter:label2\" content=\"Est. reading time\" \/>\n\t<meta name=\"twitter:data2\" content=\"3\" \/>\n<script type=\"application\/ld+json\" class=\"yoast-schema-graph\">{\"@context\":\"https:\/\/schema.org\",\"@graph\":[{\"@type\":\"WebPage\",\"@id\":\"https:\/\/www.welovecycling.com\/sk\/2024\/08\/20\/serial-ako-sa-stat-cyklistom-16-kde-hladat-motivaciu-na-vyjazd\/\",\"url\":\"https:\/\/www.welovecycling.com\/sk\/2024\/08\/20\/serial-ako-sa-stat-cyklistom-16-kde-hladat-motivaciu-na-vyjazd\/\",\"name\":\"Seri\u00e1l: Ako sa sta\u0165 cyklistom \u2013 16. Kde h\u013eada\u0165 motiv\u00e1ciu na v\u00fdjazd? - \u0160koda We Love Cycling Slovensko\",\"isPartOf\":{\"@id\":\"https:\/\/www.welovecycling.com\/sk\/#website\"},\"primaryImageOfPage\":{\"@id\":\"https:\/\/www.welovecycling.com\/sk\/2024\/08\/20\/serial-ako-sa-stat-cyklistom-16-kde-hladat-motivaciu-na-vyjazd\/#primaryimage\"},\"image\":{\"@id\":\"https:\/\/www.welovecycling.com\/sk\/2024\/08\/20\/serial-ako-sa-stat-cyklistom-16-kde-hladat-motivaciu-na-vyjazd\/#primaryimage\"},\"thumbnailUrl\":\"https:\/\/d2p6e6u75xmxt8.cloudfront.net\/4\/2024\/08\/titulka.webp\",\"datePublished\":\"2024-08-20T13:14:34+00:00\",\"author\":{\"@id\":\"https:\/\/www.welovecycling.com\/sk\/#\/schema\/person\/533b62b98b6c41bd5135ebfb1f742624\"},\"description\":\"Aj ke\u010f cyklistiku miluje v\u00e4\u010d\u0161ina \u013eud\u00ed, ktor\u00ed ju vysk\u00fa\u0161ali, ob\u010das prich\u00e1dzaj\u00fa chv\u00edle, ke\u010f v\u00e1s nebav\u00ed nasadn\u00fa\u0165 na bicykel a vyrazi\u0165 na v\u00fdjazd.\",\"breadcrumb\":{\"@id\":\"https:\/\/www.welovecycling.com\/sk\/2024\/08\/20\/serial-ako-sa-stat-cyklistom-16-kde-hladat-motivaciu-na-vyjazd\/#breadcrumb\"},\"inLanguage\":\"sk-SK\",\"potentialAction\":[{\"@type\":\"ReadAction\",\"target\":[\"https:\/\/www.welovecycling.com\/sk\/2024\/08\/20\/serial-ako-sa-stat-cyklistom-16-kde-hladat-motivaciu-na-vyjazd\/\"]}]},{\"@type\":\"ImageObject\",\"inLanguage\":\"sk-SK\",\"@id\":\"https:\/\/www.welovecycling.com\/sk\/2024\/08\/20\/serial-ako-sa-stat-cyklistom-16-kde-hladat-motivaciu-na-vyjazd\/#primaryimage\",\"url\":\"https:\/\/d2p6e6u75xmxt8.cloudfront.net\/4\/2024\/08\/titulka.webp\",\"contentUrl\":\"https:\/\/d2p6e6u75xmxt8.cloudfront.net\/4\/2024\/08\/titulka.webp\",\"width\":990,\"height\":660},{\"@type\":\"BreadcrumbList\",\"@id\":\"https:\/\/www.welovecycling.com\/sk\/2024\/08\/20\/serial-ako-sa-stat-cyklistom-16-kde-hladat-motivaciu-na-vyjazd\/#breadcrumb\",\"itemListElement\":[{\"@type\":\"ListItem\",\"position\":1,\"name\":\"Home\",\"item\":\"https:\/\/www.welovecycling.com\/sk\/\"},{\"@type\":\"ListItem\",\"position\":2,\"name\":\"Seri\u00e1l: Ako sa sta\u0165 cyklistom \u2013 16. Kde h\u013eada\u0165 motiv\u00e1ciu na v\u00fdjazd?\"}]},{\"@type\":\"WebSite\",\"@id\":\"https:\/\/www.welovecycling.com\/sk\/#website\",\"url\":\"https:\/\/www.welovecycling.com\/sk\/\",\"name\":\"\u0160koda We Love Cycling Slovensko\",\"description\":\"\u0160koda We Love Cycling Slovensko je v\u00e1\u0161 ka\u017edodenn\u00fd zdroj noviniek a in\u0161pir\u00e1cie z sveta cyklistiky\",\"potentialAction\":[{\"@type\":\"SearchAction\",\"target\":{\"@type\":\"EntryPoint\",\"urlTemplate\":\"https:\/\/www.welovecycling.com\/sk\/?s={search_term_string}\"},\"query-input\":{\"@type\":\"PropertyValueSpecification\",\"valueRequired\":true,\"valueName\":\"search_term_string\"}}],\"inLanguage\":\"sk-SK\"},{\"@type\":\"Person\",\"@id\":\"https:\/\/www.welovecycling.com\/sk\/#\/schema\/person\/533b62b98b6c41bd5135ebfb1f742624\",\"name\":\"dominika\",\"image\":{\"@type\":\"ImageObject\",\"inLanguage\":\"sk-SK\",\"@id\":\"https:\/\/www.welovecycling.com\/sk\/#\/schema\/person\/image\/\",\"url\":\"https:\/\/secure.gravatar.com\/avatar\/ded6f274ba2ec3e17fff153f7d9d96a4b33c2cb63907f75d9a5309c599a7f3e6?s=96&d=mm&r=g\",\"contentUrl\":\"https:\/\/secure.gravatar.com\/avatar\/ded6f274ba2ec3e17fff153f7d9d96a4b33c2cb63907f75d9a5309c599a7f3e6?s=96&d=mm&r=g\",\"caption\":\"dominika\"},\"url\":\"https:\/\/www.welovecycling.com\/sk\/author\/dominika\/\"}]}<\/script>\n<!-- \/ Yoast SEO Premium plugin. -->","yoast_head_json":{"title":"Seri\u00e1l: Ako sa sta\u0165 cyklistom \u2013 16. Kde h\u013eada\u0165 motiv\u00e1ciu na v\u00fdjazd? - \u0160koda We Love Cycling Slovensko","description":"Aj ke\u010f cyklistiku miluje v\u00e4\u010d\u0161ina \u013eud\u00ed, ktor\u00ed ju vysk\u00fa\u0161ali, ob\u010das prich\u00e1dzaj\u00fa chv\u00edle, ke\u010f v\u00e1s nebav\u00ed nasadn\u00fa\u0165 na bicykel a vyrazi\u0165 na v\u00fdjazd.","robots":{"index":"index","follow":"follow","max-snippet":"max-snippet:-1","max-image-preview":"max-image-preview:large","max-video-preview":"max-video-preview:-1"},"canonical":"https:\/\/www.welovecycling.com\/sk\/2024\/08\/20\/serial-ako-sa-stat-cyklistom-16-kde-hladat-motivaciu-na-vyjazd\/","og_locale":"sk_SK","og_type":"article","og_title":"Seri\u00e1l: Ako sa sta\u0165 cyklistom \u2013 16. Kde h\u013eada\u0165 motiv\u00e1ciu na v\u00fdjazd?","og_description":"Aj ke\u010f cyklistiku miluje v\u00e4\u010d\u0161ina \u013eud\u00ed, ktor\u00ed ju vysk\u00fa\u0161ali, ob\u010das prich\u00e1dzaj\u00fa chv\u00edle, ke\u010f v\u00e1s nebav\u00ed nasadn\u00fa\u0165 na bicykel a vyrazi\u0165 na v\u00fdjazd.","og_url":"https:\/\/www.welovecycling.com\/sk\/2024\/08\/20\/serial-ako-sa-stat-cyklistom-16-kde-hladat-motivaciu-na-vyjazd\/","og_site_name":"\u0160koda We Love Cycling Slovensko","article_published_time":"2024-08-20T13:14:34+00:00","og_image":[{"width":990,"height":660,"url":"https:\/\/d2p6e6u75xmxt8.cloudfront.net\/4\/2024\/08\/titulka.webp","type":"image\/webp"}],"author":"dominika","twitter_card":"summary_large_image","twitter_misc":{"Written by":"Radovan Vr\u0161ka","Est. reading time":"3"},"schema":{"@context":"https:\/\/schema.org","@graph":[{"@type":"WebPage","@id":"https:\/\/www.welovecycling.com\/sk\/2024\/08\/20\/serial-ako-sa-stat-cyklistom-16-kde-hladat-motivaciu-na-vyjazd\/","url":"https:\/\/www.welovecycling.com\/sk\/2024\/08\/20\/serial-ako-sa-stat-cyklistom-16-kde-hladat-motivaciu-na-vyjazd\/","name":"Seri\u00e1l: Ako sa sta\u0165 cyklistom \u2013 16. Kde h\u013eada\u0165 motiv\u00e1ciu na v\u00fdjazd? - \u0160koda We Love Cycling Slovensko","isPartOf":{"@id":"https:\/\/www.welovecycling.com\/sk\/#website"},"primaryImageOfPage":{"@id":"https:\/\/www.welovecycling.com\/sk\/2024\/08\/20\/serial-ako-sa-stat-cyklistom-16-kde-hladat-motivaciu-na-vyjazd\/#primaryimage"},"image":{"@id":"https:\/\/www.welovecycling.com\/sk\/2024\/08\/20\/serial-ako-sa-stat-cyklistom-16-kde-hladat-motivaciu-na-vyjazd\/#primaryimage"},"thumbnailUrl":"https:\/\/d2p6e6u75xmxt8.cloudfront.net\/4\/2024\/08\/titulka.webp","datePublished":"2024-08-20T13:14:34+00:00","author":{"@id":"https:\/\/www.welovecycling.com\/sk\/#\/schema\/person\/533b62b98b6c41bd5135ebfb1f742624"},"description":"Aj ke\u010f cyklistiku miluje v\u00e4\u010d\u0161ina \u013eud\u00ed, ktor\u00ed ju vysk\u00fa\u0161ali, ob\u010das prich\u00e1dzaj\u00fa chv\u00edle, ke\u010f v\u00e1s nebav\u00ed nasadn\u00fa\u0165 na bicykel a vyrazi\u0165 na v\u00fdjazd.","breadcrumb":{"@id":"https:\/\/www.welovecycling.com\/sk\/2024\/08\/20\/serial-ako-sa-stat-cyklistom-16-kde-hladat-motivaciu-na-vyjazd\/#breadcrumb"},"inLanguage":"sk-SK","potentialAction":[{"@type":"ReadAction","target":["https:\/\/www.welovecycling.com\/sk\/2024\/08\/20\/serial-ako-sa-stat-cyklistom-16-kde-hladat-motivaciu-na-vyjazd\/"]}]},{"@type":"ImageObject","inLanguage":"sk-SK","@id":"https:\/\/www.welovecycling.com\/sk\/2024\/08\/20\/serial-ako-sa-stat-cyklistom-16-kde-hladat-motivaciu-na-vyjazd\/#primaryimage","url":"https:\/\/d2p6e6u75xmxt8.cloudfront.net\/4\/2024\/08\/titulka.webp","contentUrl":"https:\/\/d2p6e6u75xmxt8.cloudfront.net\/4\/2024\/08\/titulka.webp","width":990,"height":660},{"@type":"BreadcrumbList","@id":"https:\/\/www.welovecycling.com\/sk\/2024\/08\/20\/serial-ako-sa-stat-cyklistom-16-kde-hladat-motivaciu-na-vyjazd\/#breadcrumb","itemListElement":[{"@type":"ListItem","position":1,"name":"Home","item":"https:\/\/www.welovecycling.com\/sk\/"},{"@type":"ListItem","position":2,"name":"Seri\u00e1l: Ako sa sta\u0165 cyklistom \u2013 16. Kde h\u013eada\u0165 motiv\u00e1ciu na v\u00fdjazd?"}]},{"@type":"WebSite","@id":"https:\/\/www.welovecycling.com\/sk\/#website","url":"https:\/\/www.welovecycling.com\/sk\/","name":"\u0160koda We Love Cycling Slovensko","description":"\u0160koda We Love Cycling Slovensko je v\u00e1\u0161 ka\u017edodenn\u00fd zdroj noviniek a in\u0161pir\u00e1cie z sveta cyklistiky","potentialAction":[{"@type":"SearchAction","target":{"@type":"EntryPoint","urlTemplate":"https:\/\/www.welovecycling.com\/sk\/?s={search_term_string}"},"query-input":{"@type":"PropertyValueSpecification","valueRequired":true,"valueName":"search_term_string"}}],"inLanguage":"sk-SK"},{"@type":"Person","@id":"https:\/\/www.welovecycling.com\/sk\/#\/schema\/person\/533b62b98b6c41bd5135ebfb1f742624","name":"dominika","image":{"@type":"ImageObject","inLanguage":"sk-SK","@id":"https:\/\/www.welovecycling.com\/sk\/#\/schema\/person\/image\/","url":"https:\/\/secure.gravatar.com\/avatar\/ded6f274ba2ec3e17fff153f7d9d96a4b33c2cb63907f75d9a5309c599a7f3e6?s=96&d=mm&r=g","contentUrl":"https:\/\/secure.gravatar.com\/avatar\/ded6f274ba2ec3e17fff153f7d9d96a4b33c2cb63907f75d9a5309c599a7f3e6?s=96&d=mm&r=g","caption":"dominika"},"url":"https:\/\/www.welovecycling.com\/sk\/author\/dominika\/"}]}},"_links":{"self":[{"href":"https:\/\/www.welovecycling.com\/sk\/wp-json\/wp\/v2\/posts\/19501","targetHints":{"allow":["GET"]}}],"collection":[{"href":"https:\/\/www.welovecycling.com\/sk\/wp-json\/wp\/v2\/posts"}],"about":[{"href":"https:\/\/www.welovecycling.com\/sk\/wp-json\/wp\/v2\/types\/post"}],"author":[{"embeddable":true,"href":"https:\/\/www.welovecycling.com\/sk\/wp-json\/wp\/v2\/users\/172"}],"replies":[{"embeddable":true,"href":"https:\/\/www.welovecycling.com\/sk\/wp-json\/wp\/v2\/comments?post=19501"}],"version-history":[{"count":4,"href":"https:\/\/www.welovecycling.com\/sk\/wp-json\/wp\/v2\/posts\/19501\/revisions"}],"predecessor-version":[{"id":19569,"href":"https:\/\/www.welovecycling.com\/sk\/wp-json\/wp\/v2\/posts\/19501\/revisions\/19569"}],"wp:featuredmedia":[{"embeddable":true,"href":"https:\/\/www.welovecycling.com\/sk\/wp-json\/wp\/v2\/media\/19503"}],"wp:attachment":[{"href":"https:\/\/www.welovecycling.com\/sk\/wp-json\/wp\/v2\/media?parent=19501"}],"wp:term":[{"taxonomy":"category","embeddable":true,"href":"https:\/\/www.welovecycling.com\/sk\/wp-json\/wp\/v2\/categories?post=19501"},{"taxonomy":"post_tag","embeddable":true,"href":"https:\/\/www.welovecycling.com\/sk\/wp-json\/wp\/v2\/tags?post=19501"},{"taxonomy":"global-categories","embeddable":true,"href":"https:\/\/www.welovecycling.com\/sk\/wp-json\/wp\/v2\/global-categories?post=19501"}],"curies":[{"name":"wp","href":"https:\/\/api.w.org\/{rel}","templated":true}]}}