{"id":19454,"date":"2024-08-02T09:27:57","date_gmt":"2024-08-02T07:27:57","guid":{"rendered":"https:\/\/www.welovecycling.com\/sk\/?p=19454"},"modified":"2024-08-02T09:46:03","modified_gmt":"2024-08-02T07:46:03","slug":"bavime-sa-cyklistikou-s-detmi","status":"publish","type":"post","link":"https:\/\/www.welovecycling.com\/sk\/2024\/08\/02\/bavime-sa-cyklistikou-s-detmi\/","title":{"rendered":"Bav\u00edme sa cyklistikou s de\u0165mi"},"content":{"rendered":"<p><strong>Vzbudi\u0165 z\u00e1ujem ratolest\u00ed o akt\u00edvnu cyklistiku je <a href=\"https:\/\/www.welovecycling.com\/sk\/2023\/08\/04\/rozhovor-katarina-gresova-snazim-sa-motivovat-ostatnych-aby-sa-nebali-zobrat-deti-von\/\" target=\"_blank\" rel=\"noopener\">snom ka\u017ed\u00e9ho rodi\u010da<\/a>, ktor\u00fd holduje tomuto kr\u00e1snemu \u0161portu. V dne\u0161nom \u010dl\u00e1nku sa pozrieme na to, ako zapoji\u0165 do cyklistick\u00fdch v\u00fdletov v\u0161etk\u00fdch \u010dlenov rodiny s oh\u013eadom na ich vek, kond\u00edciu, sk\u00fasenosti a mo\u017enosti a v pokra\u010dovan\u00ed prid\u00e1me aj zop\u00e1r tipov na spolo\u010dn\u00e9 v\u00fdjazdy.\u00a0<\/strong><!--more--><\/p>\n<p><span style=\"font-weight: 400;\">M\u00e1me to \u0161\u0165astie, \u017ee \u017eijeme v dobe r\u00f4znych \u0161portov\u00fdch pom\u00f4cok a doplnkov, \u00a0 ktor\u00e9 n\u00e1m, zap\u00e1len\u00fdm bikerom, umo\u017e\u0148uj\u00fa zap\u00e1ja\u0165 v\u0161etky, dokonca aj tie najmen\u0161ie deti, do spolo\u010dn\u00fdch rodinn\u00fdch aktiv\u00edt.<\/span><\/p>\n<h2><strong>Bato\u013eat\u00e1 v cyklovoz\u00edku\u00a0\u00a0<\/strong><\/h2>\n<p><strong>Ak m\u00e1te bato\u013ea, najbezpe\u010dnej\u0161\u00ed a jedin\u00fd \u201e<\/strong><span style=\"font-weight: 400;\"><strong>ofici\u00e1lne&#8220; povolen\u00fd sp\u00f4sob, ako cyklistikou tr\u00e1vi\u0165 \u010das s b\u00e1bom, je s pou\u017eit\u00edm cyklovoz\u00edka.<\/strong> E\u0161te p\u00e1r rokov dozadu ste rodi\u010dov s cyklovoz\u00edkmi v\u00eddali ve\u013emi ojedinele, no dnes je to u\u017e celkom be\u017en\u00e1 prax a ka\u017ed\u00fdm rokom sa pred\u00e1 viac t\u00fdchto mal\u00fdch <\/span><span style=\"font-weight: 400;\">\u201e<\/span><span style=\"font-weight: 400;\">z\u00e1zrakov&#8220;. <\/span><\/p>\n<p><span style=\"font-weight: 400;\">Najv\u00e4\u010d\u0161\u00edm benefitom pri tomto sp\u00f4sobe cykloprepravy je vysok\u00fd komfort mal\u00fdch pasa\u017eierov, ktor\u00ed si bud\u00fa vychutn\u00e1va\u0165 jazdu po\u010das v\u0161etk\u00fdch poveternostn\u00fdch podmienok, kedyko\u013evek si zdriemnu alebo sa zahraj\u00fa s hra\u010dkami. <\/span>Celodenn\u00e9 v\u00fdjazdy si budete u\u017e\u00edva\u0165 v\u0161etci spolu. V\u00fdlety pl\u00e1nujte s oh\u013eadom na potreby najmen\u0161\u00edch, vyberte si miesta na oddych, ob\u010derstvenie \u010di z\u00e1bavu (chaty, posedy, detsk\u00e9 ihrisk\u00e1, jazer\u00e1&#8230;).<\/p>\n<p><span style=\"font-weight: 400;\"><strong>Najvhodnej\u0161ie trasy:<\/strong> odpor\u00fa\u010dame asfaltov\u00e9 cyklochodn\u00edky speven\u00e9 cesty, \u0161otolinov\u00e9 \u00faseky. Nevhodn\u00e9 s\u00fa strm\u00e9, klopen\u00e9, kamenist\u00e9\u00a0 a \u010dlenit\u00e9 cyklocesty.\u00a0<\/span><\/p>\n<p><img loading=\"lazy\" decoding=\"async\" class=\"alignnone wp-image-19459 size-full\" src=\"https:\/\/d2p6e6u75xmxt8.cloudfront.net\/4\/2024\/07\/wlc-2.webp\" alt=\"Bav\u00edme sa cyklistikou s de\u0165mi\" width=\"990\" height=\"660\" srcset=\"https:\/\/d2p6e6u75xmxt8.cloudfront.net\/4\/2024\/07\/wlc-2.webp 990w, https:\/\/d2p6e6u75xmxt8.cloudfront.net\/4\/2024\/07\/wlc-2-300x200.webp 300w, https:\/\/d2p6e6u75xmxt8.cloudfront.net\/4\/2024\/07\/wlc-2-768x512.webp 768w, https:\/\/d2p6e6u75xmxt8.cloudfront.net\/4\/2024\/07\/wlc-2-400x267.webp 400w, https:\/\/d2p6e6u75xmxt8.cloudfront.net\/4\/2024\/07\/wlc-2-272x182.webp 272w\" sizes=\"auto, (max-width: 990px) 100vw, 990px\" \/><\/p>\n<h2><strong>Cykloseda\u010dka na ka\u017ed\u00fd de\u0148\u00a0<\/strong><\/h2>\n<p><span style=\"font-weight: 400;\">Najro\u017e\u0161\u00edtrenej\u0161ia\u00a0 forma, ako rod\u010dia <\/span><span style=\"font-weight: 400;\">\u201e<\/span><span style=\"font-weight: 400;\">tandemovo\u201d prepravuj\u00fa deck\u00e1 na bicykli, je <strong>jednozna\u010dne\u00a0 pomocou cykloseda\u010diek, ktor\u00e9 sa prakticky daj\u00fa upevni\u0165 na ak\u00fdko\u013evek typ bicykla.<\/strong> V\u00fdrobcovia pon\u00fakaj\u00fa mno\u017estvo produktov &#8211; vybra\u0165 si viete predn\u00fa\u00a0 seda\u010dku, zadn\u00fa, polohovate\u013en\u00fa, odpru\u017een\u00fa, \u010di s mont\u00e1\u017eou na zadn\u00fd nosi\u010d. Najv\u00e4\u010d\u0161ou v\u00fdhodou je, \u017ee s\u00fa \u013eahk\u00e9, skladn\u00e9, die\u0165a m\u00e1te po\u010das jazdy pri sebe a viete spolu komunikova\u0165. Probl\u00e9m m\u00f4\u017ee nasta\u0165, ke\u010f sa zhor\u0161ia poveternostn\u00e9 podmienky, pr\u00edpadne die\u0165a zasp\u00ed. Z uveden\u00fdch d\u00f4vodov s\u00fa cykloseda\u010dky najvhodnej\u0161ie na krat\u0161ie v\u00fdlety alebo presuny.<\/span><\/p>\n<p><span style=\"font-weight: 400;\">Najnov\u0161\u00edm pr\u00edrastkom do rodiny cykloseda\u010diek s\u00fa predn\u00e9 <\/span><span style=\"font-weight: 400;\">\u201e<\/span><span style=\"font-weight: 400;\">sed\u00e1tka\u201d (shotgun, macride, feva, flix- flox atd.), s ktor\u00fdmi jsi viete u\u017ei\u0165 spolo\u010dn\u00e9 jazdenie aj na trailoch a v n\u00e1ro\u010dnej\u0161om ter\u00e9ne. Vhod\u00e9 s\u00fa pre tro\u0161ku star\u0161ie deti, od cca 2 rokov.\u00a0<\/span><\/p>\n<p><span style=\"font-weight: 400;\"><strong>Najvhodnej\u0161ie trasy:<\/strong> v\u0161etky cyklochodn\u00edky, \u013eah\u0161ie a stredne n\u00e1ro\u010dn\u00e9 cyklotrasy.\u00a0<\/span><\/p>\n<p><img loading=\"lazy\" decoding=\"async\" class=\"alignnone size-full wp-image-19458\" src=\"https:\/\/d2p6e6u75xmxt8.cloudfront.net\/4\/2024\/07\/wlc-5.webp\" alt=\"\" width=\"990\" height=\"660\" srcset=\"https:\/\/d2p6e6u75xmxt8.cloudfront.net\/4\/2024\/07\/wlc-5.webp 990w, https:\/\/d2p6e6u75xmxt8.cloudfront.net\/4\/2024\/07\/wlc-5-300x200.webp 300w, https:\/\/d2p6e6u75xmxt8.cloudfront.net\/4\/2024\/07\/wlc-5-768x512.webp 768w, https:\/\/d2p6e6u75xmxt8.cloudfront.net\/4\/2024\/07\/wlc-5-400x267.webp 400w, https:\/\/d2p6e6u75xmxt8.cloudfront.net\/4\/2024\/07\/wlc-5-272x182.webp 272w\" sizes=\"auto, (max-width: 990px) 100vw, 990px\" \/><\/p>\n<h2><strong>Mal\u00ed cyklisti na vl\u00e1sku &#8211; cyklolano\u00a0<\/strong><\/h2>\n<p><span style=\"font-weight: 400;\">\u010eal\u0161\u00edm v\u00fdznamn\u00fdm m\u00ed\u013enikom bude moment, ke\u010f sa deti nau\u010dia bicyklova\u0165. Postupne si budete predl\u017eova\u0165 trasy, lok\u00e1lne chodn\u00ed\u010dky sa bud\u00fa de\u0165om zda\u0165 nudn\u00e9, a tak za\u010dnete prid\u00e1va\u0165 nieko\u013ekohodinov\u00e9, poldenn\u00e9 a\u017e celodenn\u00e9 v\u00fdlety. <strong>A pr\u00eddu aj kopce, kde bud\u00fa deck\u00e1 potrebova\u0165 pomocn\u00fa ruku, respekt\u00edve \u0161peci\u00e1lne cyklolano (hrub\u00e1 pru\u017en\u00e1 guma)\u00a0 na potiahnutie.<\/strong> S touto nen\u00e1padnou <\/span><span style=\"font-weight: 400;\">\u201e<\/span><span style=\"font-weight: 400;\">pom\u00f4ckou&#8220; prekon\u00e1te spolo\u010dne v\u0161etky strm\u00e9 prek\u00e1\u017eky a <\/span><span style=\"font-weight: 400;\">\u201e<\/span><span style=\"font-weight: 400;\">vydriapete&#8220; sa aj na ten najvy\u0161\u0161\u00ed kopec. V\u00fdhodou je, \u017ee ho viete vyu\u017ei\u0165 aj cestou dole, ak m\u00e1te obavy, \u017ee by die\u0165a nezvl\u00e1dlo brzdenie.\u00a0<\/span><\/p>\n<p><span style=\"font-weight: 400;\"><strong>Najvhodnej\u0161ie trasy:<\/strong> bez obmedzen\u00ed \ud83d\ude42\u00a0<\/span><\/p>\n<div id='gallery-1' class='gallery galleryid-19454 gallery-columns-2 gallery-size-full'><figure class='gallery-item'>\n\t\t\t<div class='gallery-icon landscape'>\n\t\t\t\t<a href='https:\/\/d2p6e6u75xmxt8.cloudfront.net\/4\/2024\/07\/wlc-3.webp'><img loading=\"lazy\" decoding=\"async\" width=\"990\" height=\"660\" src=\"https:\/\/d2p6e6u75xmxt8.cloudfront.net\/4\/2024\/07\/wlc-3.webp\" class=\"attachment-full size-full\" alt=\"cyklolano\" srcset=\"https:\/\/d2p6e6u75xmxt8.cloudfront.net\/4\/2024\/07\/wlc-3.webp 990w, https:\/\/d2p6e6u75xmxt8.cloudfront.net\/4\/2024\/07\/wlc-3-300x200.webp 300w, https:\/\/d2p6e6u75xmxt8.cloudfront.net\/4\/2024\/07\/wlc-3-768x512.webp 768w, https:\/\/d2p6e6u75xmxt8.cloudfront.net\/4\/2024\/07\/wlc-3-400x267.webp 400w, https:\/\/d2p6e6u75xmxt8.cloudfront.net\/4\/2024\/07\/wlc-3-272x182.webp 272w\" sizes=\"auto, (max-width: 990px) 100vw, 990px\" \/><\/a>\n\t\t\t<\/div><\/figure><figure class='gallery-item'>\n\t\t\t<div class='gallery-icon landscape'>\n\t\t\t\t<a href='https:\/\/d2p6e6u75xmxt8.cloudfront.net\/4\/2024\/07\/wlc-4.webp'><img loading=\"lazy\" decoding=\"async\" width=\"990\" height=\"660\" src=\"https:\/\/d2p6e6u75xmxt8.cloudfront.net\/4\/2024\/07\/wlc-4.webp\" class=\"attachment-full size-full\" alt=\"\" srcset=\"https:\/\/d2p6e6u75xmxt8.cloudfront.net\/4\/2024\/07\/wlc-4.webp 990w, https:\/\/d2p6e6u75xmxt8.cloudfront.net\/4\/2024\/07\/wlc-4-300x200.webp 300w, https:\/\/d2p6e6u75xmxt8.cloudfront.net\/4\/2024\/07\/wlc-4-768x512.webp 768w, https:\/\/d2p6e6u75xmxt8.cloudfront.net\/4\/2024\/07\/wlc-4-400x267.webp 400w, https:\/\/d2p6e6u75xmxt8.cloudfront.net\/4\/2024\/07\/wlc-4-272x182.webp 272w\" sizes=\"auto, (max-width: 990px) 100vw, 990px\" \/><\/a>\n\t\t\t<\/div><\/figure>\n\t\t<\/div>\n\n<p><span style=\"font-weight: 400;\">Nenechajte si ujs\u0165 \u010fal\u0161iu \u010das\u0165 \u010dl\u00e1nku, kde sa pozrieme na pestr\u00fd mix tipov, kam m\u00f4\u017eete vyrazi\u0165.<\/span><\/p>\n<p><em>Zdroj foto: arch\u00edv autorky<\/em><\/p>\n","protected":false},"excerpt":{"rendered":"<p>Vzbudi\u0165 z\u00e1ujem ratolest\u00ed o akt\u00edvnu cyklistiku je snom ka\u017ed\u00e9ho rodi\u010da, ktor\u00fd holduje tomuto kr\u00e1snemu \u0161portu. V dne\u0161nom \u010dl\u00e1nku sa pozrieme [&hellip;]<\/p>\n","protected":false},"author":172,"featured_media":19455,"comment_status":"open","ping_status":"open","sticky":false,"template":"","format":"standard","meta":{"footnotes":""},"categories":[51],"tags":[115,507,517,518,53,1386,180,767,509,1540,508],"global-categories":[1074],"class_list":["post-19454","post","type-post","status-publish","format-standard","has-post-thumbnail","hentry","category-deti-na-bicykloch","tag-cestna-cyklistika","tag-cyklorodinka","tag-cyklosedacky","tag-cyklovozik","tag-deti","tag-deti-na-bicykli","tag-horska-cyklistika","tag-motivacia","tag-rodina","tag-tip","tag-vylet","global-categories-cycling"],"yoast_head":"<!-- This site is optimized with the Yoast SEO Premium plugin v25.3 (Yoast SEO v25.9) - https:\/\/yoast.com\/wordpress\/plugins\/seo\/ -->\n<title>Bav\u00edme sa cyklistikou s de\u0165mi - \u0160koda We Love Cycling Slovensko<\/title>\n<meta name=\"description\" content=\"Vzbudi\u0165 z\u00e1ujem ratolest\u00ed o akt\u00edvnu cyklistiku je snom ka\u017ed\u00e9ho rodi\u010da, ktor\u00fd holduje tomuto kr\u00e1snemu \u0161portu. Na \u010do pri tom treba myslie\u0165?\" \/>\n<meta name=\"robots\" content=\"index, follow, max-snippet:-1, max-image-preview:large, max-video-preview:-1\" \/>\n<link rel=\"canonical\" href=\"https:\/\/www.welovecycling.com\/sk\/2024\/08\/02\/bavime-sa-cyklistikou-s-detmi\/\" \/>\n<meta property=\"og:locale\" content=\"sk_SK\" \/>\n<meta property=\"og:type\" content=\"article\" \/>\n<meta property=\"og:title\" content=\"Bav\u00edme sa cyklistikou s de\u0165mi\" \/>\n<meta property=\"og:description\" content=\"Vzbudi\u0165 z\u00e1ujem ratolest\u00ed o akt\u00edvnu cyklistiku je snom ka\u017ed\u00e9ho rodi\u010da, ktor\u00fd holduje tomuto kr\u00e1snemu \u0161portu. Na \u010do pri tom treba myslie\u0165?\" \/>\n<meta property=\"og:url\" content=\"https:\/\/www.welovecycling.com\/sk\/2024\/08\/02\/bavime-sa-cyklistikou-s-detmi\/\" \/>\n<meta property=\"og:site_name\" content=\"\u0160koda We Love Cycling Slovensko\" \/>\n<meta property=\"article:published_time\" content=\"2024-08-02T07:27:57+00:00\" \/>\n<meta property=\"article:modified_time\" content=\"2024-08-02T07:46:03+00:00\" \/>\n<meta property=\"og:image\" content=\"https:\/\/d2p6e6u75xmxt8.cloudfront.net\/4\/2024\/07\/wlc-1.webp\" \/>\n\t<meta property=\"og:image:width\" content=\"990\" \/>\n\t<meta property=\"og:image:height\" content=\"660\" \/>\n\t<meta property=\"og:image:type\" content=\"image\/webp\" \/>\n<meta name=\"author\" content=\"dominika\" \/>\n<meta name=\"twitter:card\" content=\"summary_large_image\" \/>\n<meta name=\"twitter:label1\" content=\"Written by\" \/>\n\t<meta name=\"twitter:data1\" content=\"Katar\u00edna Vasil\u010din Gre\u0161ov\u00e1\" \/>\n\t<meta name=\"twitter:label2\" content=\"Est. reading time\" \/>\n\t<meta name=\"twitter:data2\" content=\"3\" \/>\n<script type=\"application\/ld+json\" class=\"yoast-schema-graph\">{\"@context\":\"https:\/\/schema.org\",\"@graph\":[{\"@type\":\"WebPage\",\"@id\":\"https:\/\/www.welovecycling.com\/sk\/2024\/08\/02\/bavime-sa-cyklistikou-s-detmi\/\",\"url\":\"https:\/\/www.welovecycling.com\/sk\/2024\/08\/02\/bavime-sa-cyklistikou-s-detmi\/\",\"name\":\"Bav\u00edme sa cyklistikou s de\u0165mi - \u0160koda We Love Cycling Slovensko\",\"isPartOf\":{\"@id\":\"https:\/\/www.welovecycling.com\/sk\/#website\"},\"primaryImageOfPage\":{\"@id\":\"https:\/\/www.welovecycling.com\/sk\/2024\/08\/02\/bavime-sa-cyklistikou-s-detmi\/#primaryimage\"},\"image\":{\"@id\":\"https:\/\/www.welovecycling.com\/sk\/2024\/08\/02\/bavime-sa-cyklistikou-s-detmi\/#primaryimage\"},\"thumbnailUrl\":\"https:\/\/d2p6e6u75xmxt8.cloudfront.net\/4\/2024\/07\/wlc-1.webp\",\"datePublished\":\"2024-08-02T07:27:57+00:00\",\"dateModified\":\"2024-08-02T07:46:03+00:00\",\"author\":{\"@id\":\"https:\/\/www.welovecycling.com\/sk\/#\/schema\/person\/533b62b98b6c41bd5135ebfb1f742624\"},\"description\":\"Vzbudi\u0165 z\u00e1ujem ratolest\u00ed o akt\u00edvnu cyklistiku je snom ka\u017ed\u00e9ho rodi\u010da, ktor\u00fd holduje tomuto kr\u00e1snemu \u0161portu. Na \u010do pri tom treba myslie\u0165?\",\"breadcrumb\":{\"@id\":\"https:\/\/www.welovecycling.com\/sk\/2024\/08\/02\/bavime-sa-cyklistikou-s-detmi\/#breadcrumb\"},\"inLanguage\":\"sk-SK\",\"potentialAction\":[{\"@type\":\"ReadAction\",\"target\":[\"https:\/\/www.welovecycling.com\/sk\/2024\/08\/02\/bavime-sa-cyklistikou-s-detmi\/\"]}]},{\"@type\":\"ImageObject\",\"inLanguage\":\"sk-SK\",\"@id\":\"https:\/\/www.welovecycling.com\/sk\/2024\/08\/02\/bavime-sa-cyklistikou-s-detmi\/#primaryimage\",\"url\":\"https:\/\/d2p6e6u75xmxt8.cloudfront.net\/4\/2024\/07\/wlc-1.webp\",\"contentUrl\":\"https:\/\/d2p6e6u75xmxt8.cloudfront.net\/4\/2024\/07\/wlc-1.webp\",\"width\":990,\"height\":660},{\"@type\":\"BreadcrumbList\",\"@id\":\"https:\/\/www.welovecycling.com\/sk\/2024\/08\/02\/bavime-sa-cyklistikou-s-detmi\/#breadcrumb\",\"itemListElement\":[{\"@type\":\"ListItem\",\"position\":1,\"name\":\"Home\",\"item\":\"https:\/\/www.welovecycling.com\/sk\/\"},{\"@type\":\"ListItem\",\"position\":2,\"name\":\"Bav\u00edme sa cyklistikou s de\u0165mi\"}]},{\"@type\":\"WebSite\",\"@id\":\"https:\/\/www.welovecycling.com\/sk\/#website\",\"url\":\"https:\/\/www.welovecycling.com\/sk\/\",\"name\":\"\u0160koda We Love Cycling Slovensko\",\"description\":\"\u0160koda We Love Cycling Slovensko je v\u00e1\u0161 ka\u017edodenn\u00fd zdroj noviniek a in\u0161pir\u00e1cie z sveta cyklistiky\",\"potentialAction\":[{\"@type\":\"SearchAction\",\"target\":{\"@type\":\"EntryPoint\",\"urlTemplate\":\"https:\/\/www.welovecycling.com\/sk\/?s={search_term_string}\"},\"query-input\":{\"@type\":\"PropertyValueSpecification\",\"valueRequired\":true,\"valueName\":\"search_term_string\"}}],\"inLanguage\":\"sk-SK\"},{\"@type\":\"Person\",\"@id\":\"https:\/\/www.welovecycling.com\/sk\/#\/schema\/person\/533b62b98b6c41bd5135ebfb1f742624\",\"name\":\"dominika\",\"image\":{\"@type\":\"ImageObject\",\"inLanguage\":\"sk-SK\",\"@id\":\"https:\/\/www.welovecycling.com\/sk\/#\/schema\/person\/image\/\",\"url\":\"https:\/\/secure.gravatar.com\/avatar\/ded6f274ba2ec3e17fff153f7d9d96a4b33c2cb63907f75d9a5309c599a7f3e6?s=96&d=mm&r=g\",\"contentUrl\":\"https:\/\/secure.gravatar.com\/avatar\/ded6f274ba2ec3e17fff153f7d9d96a4b33c2cb63907f75d9a5309c599a7f3e6?s=96&d=mm&r=g\",\"caption\":\"dominika\"},\"url\":\"https:\/\/www.welovecycling.com\/sk\/author\/dominika\/\"}]}<\/script>\n<!-- \/ Yoast SEO Premium plugin. -->","yoast_head_json":{"title":"Bav\u00edme sa cyklistikou s de\u0165mi - \u0160koda We Love Cycling Slovensko","description":"Vzbudi\u0165 z\u00e1ujem ratolest\u00ed o akt\u00edvnu cyklistiku je snom ka\u017ed\u00e9ho rodi\u010da, ktor\u00fd holduje tomuto kr\u00e1snemu \u0161portu. Na \u010do pri tom treba myslie\u0165?","robots":{"index":"index","follow":"follow","max-snippet":"max-snippet:-1","max-image-preview":"max-image-preview:large","max-video-preview":"max-video-preview:-1"},"canonical":"https:\/\/www.welovecycling.com\/sk\/2024\/08\/02\/bavime-sa-cyklistikou-s-detmi\/","og_locale":"sk_SK","og_type":"article","og_title":"Bav\u00edme sa cyklistikou s de\u0165mi","og_description":"Vzbudi\u0165 z\u00e1ujem ratolest\u00ed o akt\u00edvnu cyklistiku je snom ka\u017ed\u00e9ho rodi\u010da, ktor\u00fd holduje tomuto kr\u00e1snemu \u0161portu. Na \u010do pri tom treba myslie\u0165?","og_url":"https:\/\/www.welovecycling.com\/sk\/2024\/08\/02\/bavime-sa-cyklistikou-s-detmi\/","og_site_name":"\u0160koda We Love Cycling Slovensko","article_published_time":"2024-08-02T07:27:57+00:00","article_modified_time":"2024-08-02T07:46:03+00:00","og_image":[{"width":990,"height":660,"url":"https:\/\/d2p6e6u75xmxt8.cloudfront.net\/4\/2024\/07\/wlc-1.webp","type":"image\/webp"}],"author":"dominika","twitter_card":"summary_large_image","twitter_misc":{"Written by":"Katar\u00edna Vasil\u010din Gre\u0161ov\u00e1","Est. reading time":"3"},"schema":{"@context":"https:\/\/schema.org","@graph":[{"@type":"WebPage","@id":"https:\/\/www.welovecycling.com\/sk\/2024\/08\/02\/bavime-sa-cyklistikou-s-detmi\/","url":"https:\/\/www.welovecycling.com\/sk\/2024\/08\/02\/bavime-sa-cyklistikou-s-detmi\/","name":"Bav\u00edme sa cyklistikou s de\u0165mi - \u0160koda We Love Cycling Slovensko","isPartOf":{"@id":"https:\/\/www.welovecycling.com\/sk\/#website"},"primaryImageOfPage":{"@id":"https:\/\/www.welovecycling.com\/sk\/2024\/08\/02\/bavime-sa-cyklistikou-s-detmi\/#primaryimage"},"image":{"@id":"https:\/\/www.welovecycling.com\/sk\/2024\/08\/02\/bavime-sa-cyklistikou-s-detmi\/#primaryimage"},"thumbnailUrl":"https:\/\/d2p6e6u75xmxt8.cloudfront.net\/4\/2024\/07\/wlc-1.webp","datePublished":"2024-08-02T07:27:57+00:00","dateModified":"2024-08-02T07:46:03+00:00","author":{"@id":"https:\/\/www.welovecycling.com\/sk\/#\/schema\/person\/533b62b98b6c41bd5135ebfb1f742624"},"description":"Vzbudi\u0165 z\u00e1ujem ratolest\u00ed o akt\u00edvnu cyklistiku je snom ka\u017ed\u00e9ho rodi\u010da, ktor\u00fd holduje tomuto kr\u00e1snemu \u0161portu. Na \u010do pri tom treba myslie\u0165?","breadcrumb":{"@id":"https:\/\/www.welovecycling.com\/sk\/2024\/08\/02\/bavime-sa-cyklistikou-s-detmi\/#breadcrumb"},"inLanguage":"sk-SK","potentialAction":[{"@type":"ReadAction","target":["https:\/\/www.welovecycling.com\/sk\/2024\/08\/02\/bavime-sa-cyklistikou-s-detmi\/"]}]},{"@type":"ImageObject","inLanguage":"sk-SK","@id":"https:\/\/www.welovecycling.com\/sk\/2024\/08\/02\/bavime-sa-cyklistikou-s-detmi\/#primaryimage","url":"https:\/\/d2p6e6u75xmxt8.cloudfront.net\/4\/2024\/07\/wlc-1.webp","contentUrl":"https:\/\/d2p6e6u75xmxt8.cloudfront.net\/4\/2024\/07\/wlc-1.webp","width":990,"height":660},{"@type":"BreadcrumbList","@id":"https:\/\/www.welovecycling.com\/sk\/2024\/08\/02\/bavime-sa-cyklistikou-s-detmi\/#breadcrumb","itemListElement":[{"@type":"ListItem","position":1,"name":"Home","item":"https:\/\/www.welovecycling.com\/sk\/"},{"@type":"ListItem","position":2,"name":"Bav\u00edme sa cyklistikou s de\u0165mi"}]},{"@type":"WebSite","@id":"https:\/\/www.welovecycling.com\/sk\/#website","url":"https:\/\/www.welovecycling.com\/sk\/","name":"\u0160koda We Love Cycling Slovensko","description":"\u0160koda We Love Cycling Slovensko je v\u00e1\u0161 ka\u017edodenn\u00fd zdroj noviniek a in\u0161pir\u00e1cie z sveta cyklistiky","potentialAction":[{"@type":"SearchAction","target":{"@type":"EntryPoint","urlTemplate":"https:\/\/www.welovecycling.com\/sk\/?s={search_term_string}"},"query-input":{"@type":"PropertyValueSpecification","valueRequired":true,"valueName":"search_term_string"}}],"inLanguage":"sk-SK"},{"@type":"Person","@id":"https:\/\/www.welovecycling.com\/sk\/#\/schema\/person\/533b62b98b6c41bd5135ebfb1f742624","name":"dominika","image":{"@type":"ImageObject","inLanguage":"sk-SK","@id":"https:\/\/www.welovecycling.com\/sk\/#\/schema\/person\/image\/","url":"https:\/\/secure.gravatar.com\/avatar\/ded6f274ba2ec3e17fff153f7d9d96a4b33c2cb63907f75d9a5309c599a7f3e6?s=96&d=mm&r=g","contentUrl":"https:\/\/secure.gravatar.com\/avatar\/ded6f274ba2ec3e17fff153f7d9d96a4b33c2cb63907f75d9a5309c599a7f3e6?s=96&d=mm&r=g","caption":"dominika"},"url":"https:\/\/www.welovecycling.com\/sk\/author\/dominika\/"}]}},"_links":{"self":[{"href":"https:\/\/www.welovecycling.com\/sk\/wp-json\/wp\/v2\/posts\/19454","targetHints":{"allow":["GET"]}}],"collection":[{"href":"https:\/\/www.welovecycling.com\/sk\/wp-json\/wp\/v2\/posts"}],"about":[{"href":"https:\/\/www.welovecycling.com\/sk\/wp-json\/wp\/v2\/types\/post"}],"author":[{"embeddable":true,"href":"https:\/\/www.welovecycling.com\/sk\/wp-json\/wp\/v2\/users\/172"}],"replies":[{"embeddable":true,"href":"https:\/\/www.welovecycling.com\/sk\/wp-json\/wp\/v2\/comments?post=19454"}],"version-history":[{"count":9,"href":"https:\/\/www.welovecycling.com\/sk\/wp-json\/wp\/v2\/posts\/19454\/revisions"}],"predecessor-version":[{"id":19472,"href":"https:\/\/www.welovecycling.com\/sk\/wp-json\/wp\/v2\/posts\/19454\/revisions\/19472"}],"wp:featuredmedia":[{"embeddable":true,"href":"https:\/\/www.welovecycling.com\/sk\/wp-json\/wp\/v2\/media\/19455"}],"wp:attachment":[{"href":"https:\/\/www.welovecycling.com\/sk\/wp-json\/wp\/v2\/media?parent=19454"}],"wp:term":[{"taxonomy":"category","embeddable":true,"href":"https:\/\/www.welovecycling.com\/sk\/wp-json\/wp\/v2\/categories?post=19454"},{"taxonomy":"post_tag","embeddable":true,"href":"https:\/\/www.welovecycling.com\/sk\/wp-json\/wp\/v2\/tags?post=19454"},{"taxonomy":"global-categories","embeddable":true,"href":"https:\/\/www.welovecycling.com\/sk\/wp-json\/wp\/v2\/global-categories?post=19454"}],"curies":[{"name":"wp","href":"https:\/\/api.w.org\/{rel}","templated":true}]}}