{"id":19422,"date":"2024-07-23T14:23:34","date_gmt":"2024-07-23T12:23:34","guid":{"rendered":"https:\/\/www.welovecycling.com\/sk\/?p=19422"},"modified":"2024-07-23T14:23:34","modified_gmt":"2024-07-23T12:23:34","slug":"tour-de-france-2024-je-za-nami-a-dopadla-asi-tak-ako-sme-vsetci-ocakavali","status":"publish","type":"post","link":"https:\/\/www.welovecycling.com\/sk\/2024\/07\/23\/tour-de-france-2024-je-za-nami-a-dopadla-asi-tak-ako-sme-vsetci-ocakavali\/","title":{"rendered":"Tour de France 2024 je za nami a dopadla asi tak, ako sme v\u0161etci o\u010dak\u00e1vali."},"content":{"rendered":"<p><strong>Obrovsk\u00e1 rivalita medzi Tadejom Poga\u010darom a Jonasom Vingegaardom sa tentokr\u00e1t preklopila na Slovincovu stranu a vyhr\u00e1va na \u017elt\u00e9 dresy 3:2. \u010co v\u0161ak tomu v tre\u0165om t\u00fd\u017edni predch\u00e1dzalo?<\/strong><!--more--><\/p>\n<h2><b>To najlep\u0161ie z \u00fato\u010dnej cyklistiky<\/b><\/h2>\n<p><span style=\"font-weight: 400;\">Tret\u00ed t\u00fd\u017ede\u0148 bol priam stvoren\u00fd na to, aby niekomu z top favoritov \u201evybuchli\u201c nohy. \u00c1no, vo ve\u013ekom sa \u00fato\u010dilo aj <a href=\"https:\/\/www.welovecycling.com\/sk\/2024\/07\/15\/je-suboj-o-zlty-dres-rozhodnuty-pyreneje-toho-napovedali-vela\/\" target=\"_blank\" rel=\"noopener\">predt\u00fdm<\/a>,<strong> av\u0161ak Tour de France sa (tentokr\u00e1t) vyhr\u00e1va a\u017e v Nice a sta\u0165 sa mohlo hoci\u010do.<\/strong> Ak si odmysl\u00edme utor\u0148aj\u0161iu \u0161print\u00e9rsku etapu, de facto ka\u017ed\u00fd de\u0148 sme videli pokusy o ukrojenie nejak\u00fdch sek\u00fand.<\/span><\/p>\n<p><span style=\"font-weight: 400;\">Prv\u00fdkr\u00e1t sa tak stalo u\u017e v stredu. Toto bol jeden z m\u00e1la pr\u00edpadov, kedy sa na franc\u00fazskych cest\u00e1ch radoval \u00fanik. D\u00e1 sa v\u0161ak poveda\u0165, \u017ee etapa prebehla pod\u013ea o\u010dak\u00e1van\u00e9ho scen\u00e1ra, ke\u010f\u017ee jej profil a siln\u00fd bo\u010dn\u00fd vietor v \u00favode tomu prispeli. Zatia\u013e \u010do sa Richard Carapaz prehnal do cie\u013ea okolo Simona Yatesa a polo\u017eil z\u00e1kladn\u00fd kame\u0148 pre zisk bodkovan\u00e9ho vrch\u00e1rskeho dresu, veci sa diali aj v skupinke hlavn\u00fdch favoritov.<\/span><\/p>\n<blockquote class=\"instagram-media\" style=\"background: #FFF; border: 0; border-radius: 3px; box-shadow: 0 0 1px 0 rgba(0,0,0,0.5),0 1px 10px 0 rgba(0,0,0,0.15); margin: 1px; max-width: 540px; min-width: 326px; padding: 0; width: calc(100% - 2px);\" data-instgrm-permalink=\"https:\/\/www.instagram.com\/reel\/C9iWNfUyQLL\/?utm_source=ig_embed&amp;utm_campaign=loading\" data-instgrm-version=\"14\">\n<div style=\"padding: 16px;\">\n<p>&nbsp;<\/p>\n<div style=\"display: flex; flex-direction: row; align-items: center;\">\n<div style=\"background-color: #f4f4f4; border-radius: 50%; flex-grow: 0; height: 40px; margin-right: 14px; width: 40px;\"><\/div>\n<div style=\"display: flex; flex-direction: column; flex-grow: 1; justify-content: center;\">\n<div style=\"background-color: #f4f4f4; border-radius: 4px; flex-grow: 0; height: 14px; margin-bottom: 6px; width: 100px;\"><\/div>\n<div style=\"background-color: #f4f4f4; border-radius: 4px; flex-grow: 0; height: 14px; width: 60px;\"><\/div>\n<\/div>\n<\/div>\n<div style=\"padding: 19% 0;\"><\/div>\n<div style=\"display: block; height: 50px; margin: 0 auto 12px; width: 50px;\"><\/div>\n<div style=\"padding-top: 8px;\">\n<div style=\"color: #3897f0; font-family: Arial,sans-serif; font-size: 14px; font-style: normal; font-weight: 550; line-height: 18px;\">Zobrazi\u0165 tento pr\u00edspevok na Instagrame<\/div>\n<\/div>\n<div style=\"padding: 12.5% 0;\"><\/div>\n<div style=\"display: flex; flex-direction: row; margin-bottom: 14px; align-items: center;\">\n<div>\n<div style=\"background-color: #f4f4f4; border-radius: 50%; height: 12.5px; width: 12.5px; transform: translateX(0px) translateY(7px);\"><\/div>\n<div style=\"background-color: #f4f4f4; height: 12.5px; transform: rotate(-45deg) translateX(3px) translateY(1px); width: 12.5px; flex-grow: 0; margin-right: 14px; margin-left: 2px;\"><\/div>\n<div style=\"background-color: #f4f4f4; border-radius: 50%; height: 12.5px; width: 12.5px; transform: translateX(9px) translateY(-18px);\"><\/div>\n<\/div>\n<div style=\"margin-left: 8px;\">\n<div style=\"background-color: #f4f4f4; border-radius: 50%; flex-grow: 0; height: 20px; width: 20px;\"><\/div>\n<div style=\"width: 0; height: 0; border-top: 2px solid transparent; border-left: 6px solid #f4f4f4; border-bottom: 2px solid transparent; transform: translateX(16px) translateY(-4px) rotate(30deg);\"><\/div>\n<\/div>\n<div style=\"margin-left: auto;\">\n<div style=\"width: 0px; border-top: 8px solid #F4F4F4; border-right: 8px solid transparent; transform: translateY(16px);\"><\/div>\n<div style=\"background-color: #f4f4f4; flex-grow: 0; height: 12px; width: 16px; transform: translateY(-4px);\"><\/div>\n<div style=\"width: 0; height: 0; border-top: 8px solid #F4F4F4; border-left: 8px solid transparent; transform: translateY(-4px) translateX(8px);\"><\/div>\n<\/div>\n<\/div>\n<div style=\"display: flex; flex-direction: column; flex-grow: 1; justify-content: center; margin-bottom: 24px;\">\n<div style=\"background-color: #f4f4f4; border-radius: 4px; flex-grow: 0; height: 14px; margin-bottom: 6px; width: 224px;\"><\/div>\n<div style=\"background-color: #f4f4f4; border-radius: 4px; flex-grow: 0; height: 14px; width: 144px;\"><\/div>\n<\/div>\n<p>&nbsp;<\/p>\n<p style=\"color: #c9c8cd; font-family: Arial,sans-serif; font-size: 14px; line-height: 17px; margin-bottom: 0; margin-top: 8px; overflow: hidden; padding: 8px 0 7px; text-align: center; text-overflow: ellipsis; white-space: nowrap;\"><a style=\"color: #c9c8cd; font-family: Arial,sans-serif; font-size: 14px; font-style: normal; font-weight: normal; line-height: 17px; text-decoration: none;\" href=\"https:\/\/www.instagram.com\/reel\/C9iWNfUyQLL\/?utm_source=ig_embed&amp;utm_campaign=loading\" target=\"_blank\" rel=\"noopener\">Pr\u00edspevok, ktor\u00fd zdie\u013ea Road Code (@roadcode.cc)<\/a><\/p>\n<\/div>\n<\/blockquote>\n<p><script async src=\"\/\/www.instagram.com\/embed.js\"><\/script><\/p>\n<p><span style=\"font-weight: 400;\">Poga\u010darovi a Evenepoelovi sa s\u00edce podarilo odsko\u010di\u0165 od Vingegaarda, av\u0161ak D\u00e1n mohol kone\u010dne \u0165a\u017ei\u0165 z pomoci svojich domestikov. Do hry ho pod posledn\u00fd kopec stihol vr\u00e1ti\u0165 Laporte. Drviv\u00fa \u010das\u0165 st\u00fapania na Superd\u00e9voluy pre\u0161li favoriti pokope, a\u017e k\u00fdm sa v z\u00e1vere neodlepil Evenepoel. <strong>P\u00e1r metrov pred cie\u013eom za\u00fato\u010dil aj s\u00e1m nosite\u013e \u017elt\u00e9ho dresu a vyslal do t\u00edmu Visma \u2013 LAB jasn\u00fd odkaz.<\/strong> Skuto\u010dn\u00e9 horsk\u00e9 etapy bud\u00fa nadmieru zauj\u00edmav\u00e9.<\/span><\/p>\n<h2><b>Tvrd\u00fd \u00fader v Alp\u00e1ch<\/b><\/h2>\n<p><span style=\"font-weight: 400;\">Prav\u00e9 ro\u0161ambo pri\u0161lo v piatok. \u010cakali n\u00e1s tri extr\u00e9mne n\u00e1ro\u010dn\u00e9 kopce \u2013 Col de Vars, cie\u013eov\u00e1 Isola 2000 a najvy\u0161\u0161ie polo\u017een\u00e1 cesta vo Franc\u00fazsku, Cime de la Bonette. Pr\u00e1ve tu nastolilo UAE tvrd\u00e9 tempo a asi ka\u017ed\u00e9mu bolo jasn\u00e9, \u010do sa bude \u010falej dia\u0165. Vingegaard mal s\u00edce dvoch t\u00edmov\u00fdch kolegov v \u00faniku, ktor\u00ed mu pravdepodobne mali pom\u00f4c\u0165 v pr\u00edpade \u00fatoku, av\u0161ak zjavne s\u00e1m dobre zhodnotil situ\u00e1ciu. Po Poga\u010darovom \u00fatoku (ktor\u00fd, mimochodom, najprv \u00fato\u010dil len v sede) sa dr\u017eal predov\u0161etk\u00fdm Evenepoela a bolo jasn\u00e9, \u017ee boj o \u017elt\u00fd dres je asi na konci. Bolo treba pokry\u0165 druh\u00e9 miesto. Fin\u00e1le etapy prinieslo Poga\u010darove \u0161tvrt\u00e9 v\u00ed\u0165azstvo a \u010fal\u0161iu min\u00fatu k dobru.<\/span><\/p>\n<blockquote class=\"instagram-media\" style=\"background: #FFF; border: 0; border-radius: 3px; box-shadow: 0 0 1px 0 rgba(0,0,0,0.5),0 1px 10px 0 rgba(0,0,0,0.15); margin: 1px; max-width: 540px; min-width: 326px; padding: 0; width: calc(100% - 2px);\" data-instgrm-permalink=\"https:\/\/www.instagram.com\/p\/C9m7F-5NYaj\/?utm_source=ig_embed&amp;utm_campaign=loading\" data-instgrm-version=\"14\">\n<div style=\"padding: 16px;\">\n<p>&nbsp;<\/p>\n<div style=\"display: flex; flex-direction: row; align-items: center;\">\n<div style=\"background-color: #f4f4f4; border-radius: 50%; flex-grow: 0; height: 40px; margin-right: 14px; width: 40px;\"><\/div>\n<div style=\"display: flex; flex-direction: column; flex-grow: 1; justify-content: center;\">\n<div style=\"background-color: #f4f4f4; border-radius: 4px; flex-grow: 0; height: 14px; margin-bottom: 6px; width: 100px;\"><\/div>\n<div style=\"background-color: #f4f4f4; border-radius: 4px; flex-grow: 0; height: 14px; width: 60px;\"><\/div>\n<\/div>\n<\/div>\n<div style=\"padding: 19% 0;\"><\/div>\n<div style=\"display: block; height: 50px; margin: 0 auto 12px; width: 50px;\"><\/div>\n<div style=\"padding-top: 8px;\">\n<div style=\"color: #3897f0; font-family: Arial,sans-serif; font-size: 14px; font-style: normal; font-weight: 550; line-height: 18px;\">Zobrazi\u0165 tento pr\u00edspevok na Instagrame<\/div>\n<\/div>\n<div style=\"padding: 12.5% 0;\"><\/div>\n<div style=\"display: flex; flex-direction: row; margin-bottom: 14px; align-items: center;\">\n<div>\n<div style=\"background-color: #f4f4f4; border-radius: 50%; height: 12.5px; width: 12.5px; transform: translateX(0px) translateY(7px);\"><\/div>\n<div style=\"background-color: #f4f4f4; height: 12.5px; transform: rotate(-45deg) translateX(3px) translateY(1px); width: 12.5px; flex-grow: 0; margin-right: 14px; margin-left: 2px;\"><\/div>\n<div style=\"background-color: #f4f4f4; border-radius: 50%; height: 12.5px; width: 12.5px; transform: translateX(9px) translateY(-18px);\"><\/div>\n<\/div>\n<div style=\"margin-left: 8px;\">\n<div style=\"background-color: #f4f4f4; border-radius: 50%; flex-grow: 0; height: 20px; width: 20px;\"><\/div>\n<div style=\"width: 0; height: 0; border-top: 2px solid transparent; border-left: 6px solid #f4f4f4; border-bottom: 2px solid transparent; transform: translateX(16px) translateY(-4px) rotate(30deg);\"><\/div>\n<\/div>\n<div style=\"margin-left: auto;\">\n<div style=\"width: 0px; border-top: 8px solid #F4F4F4; border-right: 8px solid transparent; transform: translateY(16px);\"><\/div>\n<div style=\"background-color: #f4f4f4; flex-grow: 0; height: 12px; width: 16px; transform: translateY(-4px);\"><\/div>\n<div style=\"width: 0; height: 0; border-top: 8px solid #F4F4F4; border-left: 8px solid transparent; transform: translateY(-4px) translateX(8px);\"><\/div>\n<\/div>\n<\/div>\n<div style=\"display: flex; flex-direction: column; flex-grow: 1; justify-content: center; margin-bottom: 24px;\">\n<div style=\"background-color: #f4f4f4; border-radius: 4px; flex-grow: 0; height: 14px; margin-bottom: 6px; width: 224px;\"><\/div>\n<div style=\"background-color: #f4f4f4; border-radius: 4px; flex-grow: 0; height: 14px; width: 144px;\"><\/div>\n<\/div>\n<p>&nbsp;<\/p>\n<p style=\"color: #c9c8cd; font-family: Arial,sans-serif; font-size: 14px; line-height: 17px; margin-bottom: 0; margin-top: 8px; overflow: hidden; padding: 8px 0 7px; text-align: center; text-overflow: ellipsis; white-space: nowrap;\"><a style=\"color: #c9c8cd; font-family: Arial,sans-serif; font-size: 14px; font-style: normal; font-weight: normal; line-height: 17px; text-decoration: none;\" href=\"https:\/\/www.instagram.com\/p\/C9m7F-5NYaj\/?utm_source=ig_embed&amp;utm_campaign=loading\" target=\"_blank\" rel=\"noopener\">Pr\u00edspevok, ktor\u00fd zdie\u013ea Tour de France\u2122 (@letourdefrance)<\/a><\/p>\n<\/div>\n<\/blockquote>\n<p><script async src=\"\/\/www.instagram.com\/embed.js\"><\/script><\/p>\n<p><span style=\"font-weight: 400;\">V sobotu sme sa u\u017e pres\u00eddlili do okolia Nice a sledovali sme predov\u0161etk\u00fdm s\u00faboj o druh\u00e9 miesto. Hoci Remco Evenepoel za\u00fato\u010dil,<strong> Vingegaard ho zvl\u00e1dol stiahnu\u0165 a n\u00e1sledne podnikn\u00fa\u0165 kontra\u00fatok.<\/strong> Pogimu sta\u010dilo to, \u010do predviedol v kr\u00e1\u013eovskej etape \u2013 dr\u017ea\u0165 sa jeho kolesa. \u00datok pri\u0161iel a\u017e na m\u00e9te 200 metrov do cie\u013ea, na konte 5. v\u00ed\u0165azn\u00e1 etapa na tejto Tour.<\/span><\/p>\n<blockquote class=\"instagram-media\" style=\"background: #FFF; border: 0; border-radius: 3px; box-shadow: 0 0 1px 0 rgba(0,0,0,0.5),0 1px 10px 0 rgba(0,0,0,0.15); margin: 1px; max-width: 540px; min-width: 326px; padding: 0; width: calc(100% - 2px);\" data-instgrm-permalink=\"https:\/\/www.instagram.com\/reel\/C9p7WU9uiZr\/?utm_source=ig_embed&amp;utm_campaign=loading\" data-instgrm-version=\"14\">\n<div style=\"padding: 16px;\">\n<p>&nbsp;<\/p>\n<div style=\"display: flex; flex-direction: row; align-items: center;\">\n<div style=\"background-color: #f4f4f4; border-radius: 50%; flex-grow: 0; height: 40px; margin-right: 14px; width: 40px;\"><\/div>\n<div style=\"display: flex; flex-direction: column; flex-grow: 1; justify-content: center;\">\n<div style=\"background-color: #f4f4f4; border-radius: 4px; flex-grow: 0; height: 14px; margin-bottom: 6px; width: 100px;\"><\/div>\n<div style=\"background-color: #f4f4f4; border-radius: 4px; flex-grow: 0; height: 14px; width: 60px;\"><\/div>\n<\/div>\n<\/div>\n<div style=\"padding: 19% 0;\"><\/div>\n<div style=\"display: block; height: 50px; margin: 0 auto 12px; width: 50px;\"><\/div>\n<div style=\"padding-top: 8px;\">\n<div style=\"color: #3897f0; font-family: Arial,sans-serif; font-size: 14px; font-style: normal; font-weight: 550; line-height: 18px;\">Zobrazi\u0165 tento pr\u00edspevok na Instagrame<\/div>\n<\/div>\n<div style=\"padding: 12.5% 0;\"><\/div>\n<div style=\"display: flex; flex-direction: row; margin-bottom: 14px; align-items: center;\">\n<div>\n<div style=\"background-color: #f4f4f4; border-radius: 50%; height: 12.5px; width: 12.5px; transform: translateX(0px) translateY(7px);\"><\/div>\n<div style=\"background-color: #f4f4f4; height: 12.5px; transform: rotate(-45deg) translateX(3px) translateY(1px); width: 12.5px; flex-grow: 0; margin-right: 14px; margin-left: 2px;\"><\/div>\n<div style=\"background-color: #f4f4f4; border-radius: 50%; height: 12.5px; width: 12.5px; transform: translateX(9px) translateY(-18px);\"><\/div>\n<\/div>\n<div style=\"margin-left: 8px;\">\n<div style=\"background-color: #f4f4f4; border-radius: 50%; flex-grow: 0; height: 20px; width: 20px;\"><\/div>\n<div style=\"width: 0; height: 0; border-top: 2px solid transparent; border-left: 6px solid #f4f4f4; border-bottom: 2px solid transparent; transform: translateX(16px) translateY(-4px) rotate(30deg);\"><\/div>\n<\/div>\n<div style=\"margin-left: auto;\">\n<div style=\"width: 0px; border-top: 8px solid #F4F4F4; border-right: 8px solid transparent; transform: translateY(16px);\"><\/div>\n<div style=\"background-color: #f4f4f4; flex-grow: 0; height: 12px; width: 16px; transform: translateY(-4px);\"><\/div>\n<div style=\"width: 0; height: 0; border-top: 8px solid #F4F4F4; border-left: 8px solid transparent; transform: translateY(-4px) translateX(8px);\"><\/div>\n<\/div>\n<\/div>\n<div style=\"display: flex; flex-direction: column; flex-grow: 1; justify-content: center; margin-bottom: 24px;\">\n<div style=\"background-color: #f4f4f4; border-radius: 4px; flex-grow: 0; height: 14px; margin-bottom: 6px; width: 224px;\"><\/div>\n<div style=\"background-color: #f4f4f4; border-radius: 4px; flex-grow: 0; height: 14px; width: 144px;\"><\/div>\n<\/div>\n<p>&nbsp;<\/p>\n<p style=\"color: #c9c8cd; font-family: Arial,sans-serif; font-size: 14px; line-height: 17px; margin-bottom: 0; margin-top: 8px; overflow: hidden; padding: 8px 0 7px; text-align: center; text-overflow: ellipsis; white-space: nowrap;\"><a style=\"color: #c9c8cd; font-family: Arial,sans-serif; font-size: 14px; font-style: normal; font-weight: normal; line-height: 17px; text-decoration: none;\" href=\"https:\/\/www.instagram.com\/reel\/C9p7WU9uiZr\/?utm_source=ig_embed&amp;utm_campaign=loading\" target=\"_blank\" rel=\"noopener\">Pr\u00edspevok, ktor\u00fd zdie\u013ea Velon CC (@veloncc)<\/a><\/p>\n<\/div>\n<\/blockquote>\n<p><script async src=\"\/\/www.instagram.com\/embed.js\"><\/script><\/p>\n<h2><strong>Nede\u013en\u00e1 rivalita<\/strong><\/h2>\n<p><span style=\"font-weight: 400;\">Aj nede\u013en\u00e1 \u010dasovka skon\u010dila asi tak, ako sme v\u0161etci predpokladali.<strong> Hoci i\u0161iel Remco oproti zvy\u0161ku sveta, na Jonasa sa ne\u0165ahal a tomu zas nedal \u0161ancu Tadej.<\/strong> \u0160iestou v\u00fdhrou dorovnal po\u010det v\u00ed\u0165azstiev z tohtoro\u010dn\u00e9ho Giro d\u2019Italia a hoci Mark Cavendish prekonal rekord Eddyho Merckxa, je vysoko pravdepodobn\u00e9, \u017ee si ho dlho neohreje. Minim\u00e1lne pri moment\u00e1lnej Pogiho v\u00fdkonnosti.<\/span><\/p>\n<blockquote class=\"instagram-media\" style=\"background: #FFF; border: 0; border-radius: 3px; box-shadow: 0 0 1px 0 rgba(0,0,0,0.5),0 1px 10px 0 rgba(0,0,0,0.15); margin: 1px; max-width: 540px; min-width: 326px; padding: 0; width: calc(100% - 2px);\" data-instgrm-captioned=\"\" data-instgrm-permalink=\"https:\/\/www.instagram.com\/p\/C9t-bzuN9d3\/?utm_source=ig_embed&amp;utm_campaign=loading\" data-instgrm-version=\"14\">\n<div style=\"padding: 16px;\">\n<p>&nbsp;<\/p>\n<div style=\"display: flex; flex-direction: row; align-items: center;\">\n<div style=\"background-color: #f4f4f4; border-radius: 50%; flex-grow: 0; height: 40px; margin-right: 14px; width: 40px;\"><\/div>\n<div style=\"display: flex; flex-direction: column; flex-grow: 1; justify-content: center;\">\n<div style=\"background-color: #f4f4f4; border-radius: 4px; flex-grow: 0; height: 14px; margin-bottom: 6px; width: 100px;\"><\/div>\n<div style=\"background-color: #f4f4f4; border-radius: 4px; flex-grow: 0; height: 14px; width: 60px;\"><\/div>\n<\/div>\n<\/div>\n<div style=\"padding: 19% 0;\"><\/div>\n<div style=\"display: block; height: 50px; margin: 0 auto 12px; width: 50px;\"><\/div>\n<div style=\"padding-top: 8px;\">\n<div style=\"color: #3897f0; font-family: Arial,sans-serif; font-size: 14px; font-style: normal; font-weight: 550; line-height: 18px;\">Zobrazi\u0165 tento pr\u00edspevok na Instagrame<\/div>\n<\/div>\n<div style=\"padding: 12.5% 0;\"><\/div>\n<div style=\"display: flex; flex-direction: row; margin-bottom: 14px; align-items: center;\">\n<div>\n<div style=\"background-color: #f4f4f4; border-radius: 50%; height: 12.5px; width: 12.5px; transform: translateX(0px) translateY(7px);\"><\/div>\n<div style=\"background-color: #f4f4f4; height: 12.5px; transform: rotate(-45deg) translateX(3px) translateY(1px); width: 12.5px; flex-grow: 0; margin-right: 14px; margin-left: 2px;\"><\/div>\n<div style=\"background-color: #f4f4f4; border-radius: 50%; height: 12.5px; width: 12.5px; transform: translateX(9px) translateY(-18px);\"><\/div>\n<\/div>\n<div style=\"margin-left: 8px;\">\n<div style=\"background-color: #f4f4f4; border-radius: 50%; flex-grow: 0; height: 20px; width: 20px;\"><\/div>\n<div style=\"width: 0; height: 0; border-top: 2px solid transparent; border-left: 6px solid #f4f4f4; border-bottom: 2px solid transparent; transform: translateX(16px) translateY(-4px) rotate(30deg);\"><\/div>\n<\/div>\n<div style=\"margin-left: auto;\">\n<div style=\"width: 0px; border-top: 8px solid #F4F4F4; border-right: 8px solid transparent; transform: translateY(16px);\"><\/div>\n<div style=\"background-color: #f4f4f4; flex-grow: 0; height: 12px; width: 16px; transform: translateY(-4px);\"><\/div>\n<div style=\"width: 0; height: 0; border-top: 8px solid #F4F4F4; border-left: 8px solid transparent; transform: translateY(-4px) translateX(8px);\"><\/div>\n<\/div>\n<\/div>\n<div style=\"display: flex; flex-direction: column; flex-grow: 1; justify-content: center; margin-bottom: 24px;\">\n<div style=\"background-color: #f4f4f4; border-radius: 4px; flex-grow: 0; height: 14px; margin-bottom: 6px; width: 224px;\"><\/div>\n<div style=\"background-color: #f4f4f4; border-radius: 4px; flex-grow: 0; height: 14px; width: 144px;\"><\/div>\n<\/div>\n<p>&nbsp;<\/p>\n<p style=\"color: #c9c8cd; font-family: Arial,sans-serif; font-size: 14px; line-height: 17px; margin-bottom: 0; margin-top: 8px; overflow: hidden; padding: 8px 0 7px; text-align: center; text-overflow: ellipsis; white-space: nowrap;\"><a style=\"color: #c9c8cd; font-family: Arial,sans-serif; font-size: 14px; font-style: normal; font-weight: normal; line-height: 17px; text-decoration: none;\" href=\"https:\/\/www.instagram.com\/p\/C9t-bzuN9d3\/?utm_source=ig_embed&amp;utm_campaign=loading\" target=\"_blank\" rel=\"noopener\">Pr\u00edspevok, ktor\u00fd zdie\u013ea CTW cycling | JEBUTO (@ctwcycling)<\/a><\/p>\n<\/div>\n<\/blockquote>\n<p><script async src=\"\/\/www.instagram.com\/embed.js\"><\/script><\/p>\n<p><span style=\"font-weight: 400;\"><strong>Obdivuhodn\u00fd v\u00fdkon predviedli aj Biniam Girmay a Richard Carapaz.<\/strong> Zisk zelen\u00e9ho dresu je pre Eritreu obrovsk\u00e1 vec, navy\u0161e absol\u00fatnym pr\u00e1vom zasl\u00fa\u017een\u00e1. Na Biniho sa tohto roku nechytal ani Philipsen\u2026<\/span><\/p>\n<p><span style=\"font-weight: 400;\">Od cyklistiky si op\u00e4\u0165 na chv\u00ed\u013eu odd\u00fdchneme, no u\u017e bl\u00edzka doba prinesie mno\u017estvo akcie. Bl\u00ed\u017ei sa olympi\u00e1da, Vuelta, a v neposlednom rade majstrovstv\u00e1 sveta. <strong>Podar\u00ed sa Pogimu skompletizova\u0165 tzv. Triple Crown a vyhra\u0165 v tom istom roku Tour, Giro a majstr\u00e1ky?<\/strong><\/span><\/p>\n<p>Tituln\u00e1 fotka: A.S.O. Billy Ceusters<\/p>\n","protected":false},"excerpt":{"rendered":"<p>Obrovsk\u00e1 rivalita medzi Tadejom Poga\u010darom a Jonasom Vingegaardom sa tentokr\u00e1t preklopila na Slovincovu stranu a vyhr\u00e1va na \u017elt\u00e9 dresy 3:2. [&hellip;]<\/p>\n","protected":false},"author":172,"featured_media":19427,"comment_status":"open","ping_status":"open","sticky":false,"template":"","format":"standard","meta":{"footnotes":""},"categories":[117],"tags":[1412,1073,115,331,306,1524,179,1567,1615,1258,20,1614,1099,174],"global-categories":[1074],"class_list":["post-19422","post","type-post","status-publish","format-standard","has-post-thumbnail","hentry","category-tour-de-france","tag-adam-yates","tag-alpy","tag-cestna-cyklistika","tag-etapove-preteky","tag-francuzsko","tag-jonas-vingegaard","tag-preteky","tag-remco-evenepoel","tag-sezona-2024","tag-tadej-pogacar","tag-tour-de-france","tag-tour-de-france-2024","tag-vysledok","tag-zlty-dres","global-categories-cycling"],"yoast_head":"<!-- This site is optimized with the Yoast SEO Premium plugin v25.3 (Yoast SEO v25.9) - https:\/\/yoast.com\/wordpress\/plugins\/seo\/ -->\n<title>Tour de France 2024 je za nami a dopadla asi tak, ako sme v\u0161etci o\u010dak\u00e1vali.<\/title>\n<meta name=\"description\" content=\"Obrovsk\u00e1 rivalita medzi Tadejom Poga\u010darom a Jonasom Vingegaardom sa tentokr\u00e1t preklopila na Slovincovu stranu a vyhr\u00e1va na \u017elt\u00e9 dresy 3:2.\" \/>\n<meta name=\"robots\" content=\"index, follow, max-snippet:-1, max-image-preview:large, max-video-preview:-1\" \/>\n<link rel=\"canonical\" href=\"https:\/\/www.welovecycling.com\/sk\/2024\/07\/23\/tour-de-france-2024-je-za-nami-a-dopadla-asi-tak-ako-sme-vsetci-ocakavali\/\" \/>\n<meta property=\"og:locale\" content=\"sk_SK\" \/>\n<meta property=\"og:type\" content=\"article\" \/>\n<meta property=\"og:title\" content=\"Tour de France 2024 je za nami a dopadla asi tak, ako sme v\u0161etci o\u010dak\u00e1vali.\" \/>\n<meta property=\"og:description\" content=\"Obrovsk\u00e1 rivalita medzi Tadejom Poga\u010darom a Jonasom Vingegaardom sa tentokr\u00e1t preklopila na Slovincovu stranu a vyhr\u00e1va na \u017elt\u00e9 dresy 3:2.\" \/>\n<meta property=\"og:url\" content=\"https:\/\/www.welovecycling.com\/sk\/2024\/07\/23\/tour-de-france-2024-je-za-nami-a-dopadla-asi-tak-ako-sme-vsetci-ocakavali\/\" \/>\n<meta property=\"og:site_name\" content=\"\u0160koda We Love Cycling Slovensko\" \/>\n<meta property=\"article:published_time\" content=\"2024-07-23T12:23:34+00:00\" \/>\n<meta property=\"og:image\" content=\"https:\/\/d2p6e6u75xmxt8.cloudfront.net\/4\/2024\/07\/20240721TDF0233-A.S.O.-Billy-Ceusters.webp\" \/>\n\t<meta property=\"og:image:width\" content=\"990\" \/>\n\t<meta property=\"og:image:height\" content=\"660\" \/>\n\t<meta property=\"og:image:type\" content=\"image\/webp\" \/>\n<meta name=\"author\" content=\"dominika\" \/>\n<meta name=\"twitter:card\" content=\"summary_large_image\" \/>\n<meta name=\"twitter:label1\" content=\"Written by\" \/>\n\t<meta name=\"twitter:data1\" content=\"We Love Cycling\" \/>\n\t<meta name=\"twitter:label2\" content=\"Est. reading time\" \/>\n\t<meta name=\"twitter:data2\" content=\"3\" \/>\n<script type=\"application\/ld+json\" class=\"yoast-schema-graph\">{\"@context\":\"https:\/\/schema.org\",\"@graph\":[{\"@type\":\"WebPage\",\"@id\":\"https:\/\/www.welovecycling.com\/sk\/2024\/07\/23\/tour-de-france-2024-je-za-nami-a-dopadla-asi-tak-ako-sme-vsetci-ocakavali\/\",\"url\":\"https:\/\/www.welovecycling.com\/sk\/2024\/07\/23\/tour-de-france-2024-je-za-nami-a-dopadla-asi-tak-ako-sme-vsetci-ocakavali\/\",\"name\":\"Tour de France 2024 je za nami a dopadla asi tak, ako sme v\u0161etci o\u010dak\u00e1vali.\",\"isPartOf\":{\"@id\":\"https:\/\/www.welovecycling.com\/sk\/#website\"},\"primaryImageOfPage\":{\"@id\":\"https:\/\/www.welovecycling.com\/sk\/2024\/07\/23\/tour-de-france-2024-je-za-nami-a-dopadla-asi-tak-ako-sme-vsetci-ocakavali\/#primaryimage\"},\"image\":{\"@id\":\"https:\/\/www.welovecycling.com\/sk\/2024\/07\/23\/tour-de-france-2024-je-za-nami-a-dopadla-asi-tak-ako-sme-vsetci-ocakavali\/#primaryimage\"},\"thumbnailUrl\":\"https:\/\/d2p6e6u75xmxt8.cloudfront.net\/4\/2024\/07\/20240721TDF0233-A.S.O.-Billy-Ceusters.webp\",\"datePublished\":\"2024-07-23T12:23:34+00:00\",\"author\":{\"@id\":\"https:\/\/www.welovecycling.com\/sk\/#\/schema\/person\/533b62b98b6c41bd5135ebfb1f742624\"},\"description\":\"Obrovsk\u00e1 rivalita medzi Tadejom Poga\u010darom a Jonasom Vingegaardom sa tentokr\u00e1t preklopila na Slovincovu stranu a vyhr\u00e1va na \u017elt\u00e9 dresy 3:2.\",\"breadcrumb\":{\"@id\":\"https:\/\/www.welovecycling.com\/sk\/2024\/07\/23\/tour-de-france-2024-je-za-nami-a-dopadla-asi-tak-ako-sme-vsetci-ocakavali\/#breadcrumb\"},\"inLanguage\":\"sk-SK\",\"potentialAction\":[{\"@type\":\"ReadAction\",\"target\":[\"https:\/\/www.welovecycling.com\/sk\/2024\/07\/23\/tour-de-france-2024-je-za-nami-a-dopadla-asi-tak-ako-sme-vsetci-ocakavali\/\"]}]},{\"@type\":\"ImageObject\",\"inLanguage\":\"sk-SK\",\"@id\":\"https:\/\/www.welovecycling.com\/sk\/2024\/07\/23\/tour-de-france-2024-je-za-nami-a-dopadla-asi-tak-ako-sme-vsetci-ocakavali\/#primaryimage\",\"url\":\"https:\/\/d2p6e6u75xmxt8.cloudfront.net\/4\/2024\/07\/20240721TDF0233-A.S.O.-Billy-Ceusters.webp\",\"contentUrl\":\"https:\/\/d2p6e6u75xmxt8.cloudfront.net\/4\/2024\/07\/20240721TDF0233-A.S.O.-Billy-Ceusters.webp\",\"width\":990,\"height\":660},{\"@type\":\"BreadcrumbList\",\"@id\":\"https:\/\/www.welovecycling.com\/sk\/2024\/07\/23\/tour-de-france-2024-je-za-nami-a-dopadla-asi-tak-ako-sme-vsetci-ocakavali\/#breadcrumb\",\"itemListElement\":[{\"@type\":\"ListItem\",\"position\":1,\"name\":\"Home\",\"item\":\"https:\/\/www.welovecycling.com\/sk\/\"},{\"@type\":\"ListItem\",\"position\":2,\"name\":\"Tour de France 2024 je za nami a dopadla asi tak, ako sme v\u0161etci o\u010dak\u00e1vali.\"}]},{\"@type\":\"WebSite\",\"@id\":\"https:\/\/www.welovecycling.com\/sk\/#website\",\"url\":\"https:\/\/www.welovecycling.com\/sk\/\",\"name\":\"\u0160koda We Love Cycling Slovensko\",\"description\":\"\u0160koda We Love Cycling Slovensko je v\u00e1\u0161 ka\u017edodenn\u00fd zdroj noviniek a in\u0161pir\u00e1cie z sveta cyklistiky\",\"potentialAction\":[{\"@type\":\"SearchAction\",\"target\":{\"@type\":\"EntryPoint\",\"urlTemplate\":\"https:\/\/www.welovecycling.com\/sk\/?s={search_term_string}\"},\"query-input\":{\"@type\":\"PropertyValueSpecification\",\"valueRequired\":true,\"valueName\":\"search_term_string\"}}],\"inLanguage\":\"sk-SK\"},{\"@type\":\"Person\",\"@id\":\"https:\/\/www.welovecycling.com\/sk\/#\/schema\/person\/533b62b98b6c41bd5135ebfb1f742624\",\"name\":\"dominika\",\"image\":{\"@type\":\"ImageObject\",\"inLanguage\":\"sk-SK\",\"@id\":\"https:\/\/www.welovecycling.com\/sk\/#\/schema\/person\/image\/\",\"url\":\"https:\/\/secure.gravatar.com\/avatar\/ded6f274ba2ec3e17fff153f7d9d96a4b33c2cb63907f75d9a5309c599a7f3e6?s=96&d=mm&r=g\",\"contentUrl\":\"https:\/\/secure.gravatar.com\/avatar\/ded6f274ba2ec3e17fff153f7d9d96a4b33c2cb63907f75d9a5309c599a7f3e6?s=96&d=mm&r=g\",\"caption\":\"dominika\"},\"url\":\"https:\/\/www.welovecycling.com\/sk\/author\/dominika\/\"}]}<\/script>\n<!-- \/ Yoast SEO Premium plugin. -->","yoast_head_json":{"title":"Tour de France 2024 je za nami a dopadla asi tak, ako sme v\u0161etci o\u010dak\u00e1vali.","description":"Obrovsk\u00e1 rivalita medzi Tadejom Poga\u010darom a Jonasom Vingegaardom sa tentokr\u00e1t preklopila na Slovincovu stranu a vyhr\u00e1va na \u017elt\u00e9 dresy 3:2.","robots":{"index":"index","follow":"follow","max-snippet":"max-snippet:-1","max-image-preview":"max-image-preview:large","max-video-preview":"max-video-preview:-1"},"canonical":"https:\/\/www.welovecycling.com\/sk\/2024\/07\/23\/tour-de-france-2024-je-za-nami-a-dopadla-asi-tak-ako-sme-vsetci-ocakavali\/","og_locale":"sk_SK","og_type":"article","og_title":"Tour de France 2024 je za nami a dopadla asi tak, ako sme v\u0161etci o\u010dak\u00e1vali.","og_description":"Obrovsk\u00e1 rivalita medzi Tadejom Poga\u010darom a Jonasom Vingegaardom sa tentokr\u00e1t preklopila na Slovincovu stranu a vyhr\u00e1va na \u017elt\u00e9 dresy 3:2.","og_url":"https:\/\/www.welovecycling.com\/sk\/2024\/07\/23\/tour-de-france-2024-je-za-nami-a-dopadla-asi-tak-ako-sme-vsetci-ocakavali\/","og_site_name":"\u0160koda We Love Cycling Slovensko","article_published_time":"2024-07-23T12:23:34+00:00","og_image":[{"width":990,"height":660,"url":"https:\/\/d2p6e6u75xmxt8.cloudfront.net\/4\/2024\/07\/20240721TDF0233-A.S.O.-Billy-Ceusters.webp","type":"image\/webp"}],"author":"dominika","twitter_card":"summary_large_image","twitter_misc":{"Written by":"We Love Cycling","Est. reading time":"3"},"schema":{"@context":"https:\/\/schema.org","@graph":[{"@type":"WebPage","@id":"https:\/\/www.welovecycling.com\/sk\/2024\/07\/23\/tour-de-france-2024-je-za-nami-a-dopadla-asi-tak-ako-sme-vsetci-ocakavali\/","url":"https:\/\/www.welovecycling.com\/sk\/2024\/07\/23\/tour-de-france-2024-je-za-nami-a-dopadla-asi-tak-ako-sme-vsetci-ocakavali\/","name":"Tour de France 2024 je za nami a dopadla asi tak, ako sme v\u0161etci o\u010dak\u00e1vali.","isPartOf":{"@id":"https:\/\/www.welovecycling.com\/sk\/#website"},"primaryImageOfPage":{"@id":"https:\/\/www.welovecycling.com\/sk\/2024\/07\/23\/tour-de-france-2024-je-za-nami-a-dopadla-asi-tak-ako-sme-vsetci-ocakavali\/#primaryimage"},"image":{"@id":"https:\/\/www.welovecycling.com\/sk\/2024\/07\/23\/tour-de-france-2024-je-za-nami-a-dopadla-asi-tak-ako-sme-vsetci-ocakavali\/#primaryimage"},"thumbnailUrl":"https:\/\/d2p6e6u75xmxt8.cloudfront.net\/4\/2024\/07\/20240721TDF0233-A.S.O.-Billy-Ceusters.webp","datePublished":"2024-07-23T12:23:34+00:00","author":{"@id":"https:\/\/www.welovecycling.com\/sk\/#\/schema\/person\/533b62b98b6c41bd5135ebfb1f742624"},"description":"Obrovsk\u00e1 rivalita medzi Tadejom Poga\u010darom a Jonasom Vingegaardom sa tentokr\u00e1t preklopila na Slovincovu stranu a vyhr\u00e1va na \u017elt\u00e9 dresy 3:2.","breadcrumb":{"@id":"https:\/\/www.welovecycling.com\/sk\/2024\/07\/23\/tour-de-france-2024-je-za-nami-a-dopadla-asi-tak-ako-sme-vsetci-ocakavali\/#breadcrumb"},"inLanguage":"sk-SK","potentialAction":[{"@type":"ReadAction","target":["https:\/\/www.welovecycling.com\/sk\/2024\/07\/23\/tour-de-france-2024-je-za-nami-a-dopadla-asi-tak-ako-sme-vsetci-ocakavali\/"]}]},{"@type":"ImageObject","inLanguage":"sk-SK","@id":"https:\/\/www.welovecycling.com\/sk\/2024\/07\/23\/tour-de-france-2024-je-za-nami-a-dopadla-asi-tak-ako-sme-vsetci-ocakavali\/#primaryimage","url":"https:\/\/d2p6e6u75xmxt8.cloudfront.net\/4\/2024\/07\/20240721TDF0233-A.S.O.-Billy-Ceusters.webp","contentUrl":"https:\/\/d2p6e6u75xmxt8.cloudfront.net\/4\/2024\/07\/20240721TDF0233-A.S.O.-Billy-Ceusters.webp","width":990,"height":660},{"@type":"BreadcrumbList","@id":"https:\/\/www.welovecycling.com\/sk\/2024\/07\/23\/tour-de-france-2024-je-za-nami-a-dopadla-asi-tak-ako-sme-vsetci-ocakavali\/#breadcrumb","itemListElement":[{"@type":"ListItem","position":1,"name":"Home","item":"https:\/\/www.welovecycling.com\/sk\/"},{"@type":"ListItem","position":2,"name":"Tour de France 2024 je za nami a dopadla asi tak, ako sme v\u0161etci o\u010dak\u00e1vali."}]},{"@type":"WebSite","@id":"https:\/\/www.welovecycling.com\/sk\/#website","url":"https:\/\/www.welovecycling.com\/sk\/","name":"\u0160koda We Love Cycling Slovensko","description":"\u0160koda We Love Cycling Slovensko je v\u00e1\u0161 ka\u017edodenn\u00fd zdroj noviniek a in\u0161pir\u00e1cie z sveta cyklistiky","potentialAction":[{"@type":"SearchAction","target":{"@type":"EntryPoint","urlTemplate":"https:\/\/www.welovecycling.com\/sk\/?s={search_term_string}"},"query-input":{"@type":"PropertyValueSpecification","valueRequired":true,"valueName":"search_term_string"}}],"inLanguage":"sk-SK"},{"@type":"Person","@id":"https:\/\/www.welovecycling.com\/sk\/#\/schema\/person\/533b62b98b6c41bd5135ebfb1f742624","name":"dominika","image":{"@type":"ImageObject","inLanguage":"sk-SK","@id":"https:\/\/www.welovecycling.com\/sk\/#\/schema\/person\/image\/","url":"https:\/\/secure.gravatar.com\/avatar\/ded6f274ba2ec3e17fff153f7d9d96a4b33c2cb63907f75d9a5309c599a7f3e6?s=96&d=mm&r=g","contentUrl":"https:\/\/secure.gravatar.com\/avatar\/ded6f274ba2ec3e17fff153f7d9d96a4b33c2cb63907f75d9a5309c599a7f3e6?s=96&d=mm&r=g","caption":"dominika"},"url":"https:\/\/www.welovecycling.com\/sk\/author\/dominika\/"}]}},"_links":{"self":[{"href":"https:\/\/www.welovecycling.com\/sk\/wp-json\/wp\/v2\/posts\/19422","targetHints":{"allow":["GET"]}}],"collection":[{"href":"https:\/\/www.welovecycling.com\/sk\/wp-json\/wp\/v2\/posts"}],"about":[{"href":"https:\/\/www.welovecycling.com\/sk\/wp-json\/wp\/v2\/types\/post"}],"author":[{"embeddable":true,"href":"https:\/\/www.welovecycling.com\/sk\/wp-json\/wp\/v2\/users\/172"}],"replies":[{"embeddable":true,"href":"https:\/\/www.welovecycling.com\/sk\/wp-json\/wp\/v2\/comments?post=19422"}],"version-history":[{"count":6,"href":"https:\/\/www.welovecycling.com\/sk\/wp-json\/wp\/v2\/posts\/19422\/revisions"}],"predecessor-version":[{"id":19429,"href":"https:\/\/www.welovecycling.com\/sk\/wp-json\/wp\/v2\/posts\/19422\/revisions\/19429"}],"wp:featuredmedia":[{"embeddable":true,"href":"https:\/\/www.welovecycling.com\/sk\/wp-json\/wp\/v2\/media\/19427"}],"wp:attachment":[{"href":"https:\/\/www.welovecycling.com\/sk\/wp-json\/wp\/v2\/media?parent=19422"}],"wp:term":[{"taxonomy":"category","embeddable":true,"href":"https:\/\/www.welovecycling.com\/sk\/wp-json\/wp\/v2\/categories?post=19422"},{"taxonomy":"post_tag","embeddable":true,"href":"https:\/\/www.welovecycling.com\/sk\/wp-json\/wp\/v2\/tags?post=19422"},{"taxonomy":"global-categories","embeddable":true,"href":"https:\/\/www.welovecycling.com\/sk\/wp-json\/wp\/v2\/global-categories?post=19422"}],"curies":[{"name":"wp","href":"https:\/\/api.w.org\/{rel}","templated":true}]}}