{"id":19403,"date":"2024-07-17T13:04:52","date_gmt":"2024-07-17T11:04:52","guid":{"rendered":"https:\/\/www.welovecycling.com\/sk\/?p=19403"},"modified":"2024-07-17T14:58:08","modified_gmt":"2024-07-17T12:58:08","slug":"ake-je-to-kempovat-na-tour-de-france","status":"publish","type":"post","link":"https:\/\/www.welovecycling.com\/sk\/2024\/07\/17\/ake-je-to-kempovat-na-tour-de-france\/","title":{"rendered":"Ak\u00e9 je to kempova\u0165 na Tour de France?"},"content":{"rendered":"<p><strong>Za\u017ei\u0165 na vlastnej ko\u017ei jedno z najv\u00e4\u010d\u0161\u00edch \u0161portov\u00fdch podujat\u00ed na svete je nie\u010do neuverite\u013en\u00e9. A aby ste z toho mali skuto\u010dne nezabudnute\u013en\u00fd z\u00e1\u017eitok, nie je lep\u0161ie miesto ako by\u0165 na vrchole hory, kam bud\u00fa st\u00fapa\u0165 cyklisti. Ak ste niekedy prem\u00fd\u0161\u013eali nad t\u00fdm, ak\u00e9 je to kempova\u0165, aby ste videli horsk\u00fa etapu na Tour de France, tento \u010dl\u00e1nok v\u00e1m to pribl\u00ed\u017ei.<\/strong><\/p>\n<p><!--more--><\/p>\n<h2><b>Ako sa fan\u00fa\u0161ikovia ocitn\u00fa na t\u00fdch od\u013eahl\u00fdch horsk\u00fdch cest\u00e1ch?<\/b><\/h2>\n<p><span style=\"font-weight: 400;\">Hlavn\u00fdm probl\u00e9mom pri sledovan\u00ed horsk\u00fdch et\u00e1p <\/span><a href=\"https:\/\/www.letour.fr\/en\/\" target=\"_blank\" rel=\"noopener\"><span style=\"font-weight: 400;\">Tour de France<\/span><\/a><span style=\"font-weight: 400;\"> je, \u017ee organiz\u00e1tori pretekov zatv\u00e1raj\u00fa cesty jeden, niekedy aj dva dni pred danou etapou. To znamen\u00e1, \u017ee existuj\u00fa tri sp\u00f4soby, ako sa fan\u00fa\u0161ikovia m\u00f4\u017eu dosta\u0165 hore, aby videli jazdcov zbl\u00edzka. <strong>Ktor\u00fd z nich si vyberiete, to z\u00e1vis\u00ed od va\u0161ej kond\u00edcie a od toho, ako bl\u00edzko sa chcete dosta\u0165 k vrcholu.<\/strong><\/span><\/p>\n<ul>\n<li style=\"font-weight: 400;\" aria-level=\"1\"><b>Cho\u010fte hore na bicykli.<\/b><span style=\"font-weight: 400;\"> Ak chcete skombinova\u0165 sledovanie pretekov s cyklistikou, najlep\u0161ou mo\u017enos\u0165ou je ubytova\u0165 sa v hoteli bl\u00edzko vrcholu, skoro r\u00e1no vsta\u0165 a vyrazi\u0165 na horu na bicykli sk\u00f4r, ako tadia\u013e p\u00f4jde pelot\u00f3n. Cesty zost\u00e1vaj\u00fa otvoren\u00e9 pre cyklistov a chodcov v de\u0148 etapy a uzatv\u00e1raj\u00fa sa len p\u00e1r hod\u00edn predt\u00fdm, ako prejde cel\u00e1 karav\u00e1na Tour.<\/span><\/li>\n<li style=\"font-weight: 400;\" aria-level=\"1\"><b>Cho\u010fte autom a hore sa prejdite<\/b><span style=\"font-weight: 400;\">. Ak b\u00fdvate v ne\u010falekom hoteli a nem\u00e1te bicykel ani kond\u00edciu na zdol\u00e1vanie horsk\u00e9ho v\u00fdstupu, st\u00e1le m\u00f4\u017eete vyu\u017ei\u0165 svoje auto. Niektor\u00e9 ved\u013eaj\u0161ie cesty m\u00f4\u017eu by\u0165 otvoren\u00e9, a tak sa m\u00f4\u017eete aspo\u0148 z \u010dasti pribl\u00ed\u017ei\u0165 k vrcholu. Potom m\u00f4\u017eete pokra\u010dova\u0165 turistikou a dosiahnu\u0165 tak aspo\u0148 v\u00fdh\u013ead v strede hory.<\/span><\/li>\n<li style=\"font-weight: 400;\" aria-level=\"1\"><b>Kempujte.<\/b><span style=\"font-weight: 400;\"> Ak sa chcete naplno ponori\u0165 do atmosf\u00e9ry Tour, ur\u010dite by ste sa mali rozhodn\u00fa\u0165 pre tretiu mo\u017enos\u0165 \u2013 kempovanie. M\u00f4\u017eete \u00eds\u0165 hore vo svojom obytnom aute, kempova\u0165 v stane alebo dokonca v be\u017enom aute. Len po\u010d\u00edtajte s \u00fazkymi horsk\u00fdmi cestami, so strm\u00fdmi zr\u00e1zmi a davom \u010fal\u0161\u00edch kemperov lemuj\u00facich cestu. Ak v\u00e1m nerob\u00ed probl\u00e9m man\u00e9vrova\u0165 medzi vozidlami v stiesnen\u00fdch priestoroch, budete sa m\u00f4c\u0165 dosta\u0165 naozaj vysoko na horu.<\/span><\/li>\n<\/ul>\n<figure id=\"attachment_19404\" aria-describedby=\"caption-attachment-19404\" style=\"width: 990px\" class=\"wp-caption alignnone\"><a href=\"https:\/\/d2p6e6u75xmxt8.cloudfront.net\/4\/2024\/07\/2024-Tour-de-France-Camping-profimedia-0378495034.webp\"><img loading=\"lazy\" decoding=\"async\" class=\"wp-image-19404 size-full\" src=\"https:\/\/d2p6e6u75xmxt8.cloudfront.net\/4\/2024\/07\/2024-Tour-de-France-Camping-profimedia-0378495034.webp\" alt=\"2018 Tour\" width=\"990\" height=\"660\" srcset=\"https:\/\/d2p6e6u75xmxt8.cloudfront.net\/4\/2024\/07\/2024-Tour-de-France-Camping-profimedia-0378495034.webp 990w, https:\/\/d2p6e6u75xmxt8.cloudfront.net\/4\/2024\/07\/2024-Tour-de-France-Camping-profimedia-0378495034-300x200.webp 300w, https:\/\/d2p6e6u75xmxt8.cloudfront.net\/4\/2024\/07\/2024-Tour-de-France-Camping-profimedia-0378495034-768x512.webp 768w, https:\/\/d2p6e6u75xmxt8.cloudfront.net\/4\/2024\/07\/2024-Tour-de-France-Camping-profimedia-0378495034-400x267.webp 400w, https:\/\/d2p6e6u75xmxt8.cloudfront.net\/4\/2024\/07\/2024-Tour-de-France-Camping-profimedia-0378495034-272x182.webp 272w\" sizes=\"auto, (max-width: 990px) 100vw, 990px\" \/><\/a><figcaption id=\"caption-attachment-19404\" class=\"wp-caption-text\"><span style=\"font-weight: 400;\">Hlavn\u00fdm probl\u00e9mom pri sledovan\u00ed horsk\u00fdch et\u00e1p Tour de France je, \u017ee organiz\u00e1tori pretekov zatv\u00e1raj\u00fa cesty jeden, niekedy aj dva dni pred danou etapou. \u00a9 Profimedia<\/span><\/figcaption><\/figure>\n<h2><b>Pl\u00e1novanie<\/b><\/h2>\n<p><span style=\"font-weight: 400;\">Najlep\u0161\u00ed \u010das za\u010da\u0165 pl\u00e1nova\u0165 je ihne\u010f ako v m\u00e1ji ozn\u00e1mia trasu Tour. <strong>Hotely a apartm\u00e1ny na pren\u00e1jom v okol\u00ed \u0161tartu alebo cie\u013ea etapy bud\u00fa ve\u013emi r\u00fdchlo obsaden\u00e9.<\/strong> Mali by ste si napl\u00e1nova\u0165, \u017ee budete hore na kopci aspo\u0148 48 hod\u00edn predt\u00fdm, ako sa tam dostane pelot\u00f3n, aby ste sa vyhli uz\u00e1vierkam ciest. Ak v\u0161ak chcete n\u00e1js\u0165 miesto s najlep\u0161\u00edm v\u00fdh\u013eadom, budete si musie\u0165 napl\u00e1nova\u0165, \u017ee tam doraz\u00edte a\u017e 3 dni dopredu.<\/span><\/p>\n<h2><b>Opeka\u010dky, oh\u0148ostroje a pr\u00edbehy \u013eud\u00ed<\/b><\/h2>\n<p><span style=\"font-weight: 400;\">Isto prem\u00fd\u0161\u013eate nad t\u00fdm, \u010do budete na hor\u00e1ch tri dni robi\u0165. Nebojte, nebudete sa nudi\u0165. <strong>Komunita nad\u0161encov cyklistiky a Tour de France v\u00e1s priv\u00edta s otvorenou n\u00e1ru\u010dou a m\u00f4\u017eete si by\u0165 ist\u00ed, \u017ee ka\u017ed\u00fd sa tam chce zabavi\u0165.<\/strong> Po\u010das d\u0148a sa m\u00f4\u017eete vyda\u0165 na t\u00faru na vrchol hory a stretn\u00fa\u0165 \u013eud\u00ed z celej Eur\u00f3py \u010di sveta.<\/span><\/p>\n<p><span style=\"font-weight: 400;\">Budete sa m\u00f4c\u0165 porozpr\u00e1va\u0165 s fan\u00fa\u0161ikmi, ktor\u00ed takto kempuj\u00fa pravidelne u\u017e cel\u00e9 desa\u0165ro\u010dia, s mlad\u00fdmi miestnymi obyvate\u013emi, d\u00f4chodcami z r\u00f4znych kontinentov, zaryt\u00fdmi fan\u00fa\u0161ikmi cyklistiky a \u013eu\u010fmi, ktor\u00ed nikdy nevideli preteky alebo doteraz neboli na vrchole hory. Niektor\u00ed bud\u00fa \u017e\u00farova\u0165 cel\u00fd de\u0148, in\u00ed bud\u00fa len ticho sedie\u0165 a kocha\u0165 sa v\u00fdh\u013eadmi. M\u00f4\u017eete si vypo\u010du\u0165 ich pr\u00edbehy o opeka\u010dk\u00e1ch a v\u00edne a prida\u0165 sa k nim, ke\u010f bud\u00fa po pretekoch kri\u010da\u0165 na svoje mal\u00e9 telev\u00edzory.<\/span><\/p>\n<h2><b>Nad\u0161enie a nervozita v de\u0148 pretekov<\/b><\/h2>\n<p><span style=\"font-weight: 400;\">Ke\u010f sa cesty de\u0148 pred pretekmi zatvoria, za\u010dnete naplno c\u00edti\u0165 pocit komunity. A tento pocit sa len zintenz\u00edvni v etapov\u00e9 r\u00e1no, ke\u010f sa bude prech\u00e1dza\u0165 alebo kon\u010di\u0165 va\u0161ou horou.<\/span><\/p>\n<p><span style=\"font-weight: 400;\"><strong>Za \u00fasvitu v de\u0148 pretekov bude na trase c\u00edti\u0165 vo vzduchu nad\u0161enie.<\/strong> Organiz\u00e1tori rozmiestnia v\u0161etky zna\u010dky a transparenty na trase, amat\u00e9rski cyklisti bud\u00fa \u0161liapa\u0165 hore a \u013eudia sa bud\u00fa rozpr\u00e1va\u0165 o priebehu pretekov a h\u013eada\u0165 ide\u00e1lne miesto na pozorovanie. Pozd\u013a\u017e trasy n\u00e1jdete aj st\u00e1nky s ob\u010derstven\u00edm a predajcov, ktor\u00ed pred\u00e1vaj\u00fa chutn\u00e9 miestne franc\u00fazske jedl\u00e1.<\/span><\/p>\n<h2><b>Karav\u00e1na<\/b><\/h2>\n<p><span style=\"font-weight: 400;\">Asi hodinu predt\u00fdm, ako sa jazdci dostan\u00fa na horu, ke\u010f na sc\u00e9nu doraz\u00ed reklamn\u00e1 karav\u00e1na, v\u0161etko okolo o\u017eije. Karav\u00e1na je prehliadkou divoko zdoben\u00fdch vozidiel reprezentuj\u00facich ka\u017ed\u00fa z 30 zna\u010diek, ktor\u00e9 sponzoruj\u00fa Tour. <strong>Je to nepretr\u017eit\u00e1 show na koles\u00e1ch, ktor\u00e1 trv\u00e1 viac ako 30 min\u00fat a tiahne sa viac ako 10 km.<\/strong> Prich\u00e1dzaj\u00fa s hlasnou hudbou a h\u00e1d\u017eu dar\u010deky zadarmo po oboch stran\u00e1ch cesty smerom k div\u00e1kom. Pripravte sa, \u017ee si ulov\u00edte bodkovan\u00fa \u010diapku a tri\u010dko, ob\u010derstvenie, k\u013e\u00fa\u010denky, ply\u0161\u00e1kov alebo slne\u010dn\u00e9 okuliare. Toto naozaj rozpr\u00fadi p\u00e1rty a d\u00e1 v\u0161etk\u00fdm jasne najavo, \u017ee jazdci s\u00fa u\u017e bl\u00edzko.<\/span><\/p>\n<p><span style=\"font-weight: 400;\">Po tomto n\u00e1hlom v\u00fdbuchu aktivity nastane ticho pred b\u00farkou. V\u0161etci s\u00fa prilepen\u00ed na okraj hory a nat\u0155\u010daj\u00fa krky v n\u00e1deji, \u017ee sa im po\u0161\u0165ast\u00ed prv\u00fd poh\u013ead na jazdcov. Prv\u00fdmi znakmi pelot\u00f3nu s\u00fa helikopt\u00e9ry poskytuj\u00face leteck\u00e9 z\u00e1bery. <strong>Akon\u00e1hle ich budete po\u010du\u0165, viete, \u017ee pri\u0161iel ten spr\u00e1vny \u010das.<\/strong><\/span><\/p>\n<h2><b>Kone\u010dne je tu pelet\u00f3n<\/b><\/h2>\n<p><span style=\"font-weight: 400;\">Jazdci kone\u010dne za\u010d\u00ednaj\u00fa prich\u00e1dza\u0165 a vy ich m\u00f4\u017eete vidie\u0165 poriadne zbl\u00edzka. Mnoh\u00ed jazdci nevykazuj\u00fa \u017eiadnu \u00fanavu, zatia\u013e \u010do in\u00ed vidite\u013ene bojuj\u00fa. Uvid\u00edte, kto je \u201ezapl\u00e1tan\u00fd&#8220; z predo\u0161l\u00fdch p\u00e1dov, vid\u00edte vrch\u00e1rskych \u0161pecialistov aj inak stavan\u00fdch \u0161print\u00e9rov. A m\u00f4\u017eete sledova\u0165 v\u0161etky dresy, ktor\u00e9 v\u00e1s m\u00ed\u0148aj\u00fa. <strong>Objav\u00ed sa ako prv\u00fd \u017elt\u00fd, biely alebo bodkovan\u00fd?<\/strong> Zelen\u00fd bude zrejme viac vzadu, ale to s\u00fa jazdci, ktor\u00fdch fan\u00fa\u0161ikovia povzbudzuj\u00fa najhlasnej\u0161ie, preto\u017ee chc\u00fa, aby sa dostali na vrchol.<\/span><\/p>\n<p><span style=\"font-weight: 400;\">Aj napriek strm\u00e9mu ter\u00e9nu cel\u00fd pelot\u00f3n okolo v\u00e1s pravdepodobne prejde v priebehu len nieko\u013ek\u00fdch min\u00fat. <strong>Ale energia davu, krik a div\u00e1ci nah\u00e1\u0148aj\u00faci jazdcov a ich neskuto\u010dn\u00e9 v\u00fdkony \u2013 toto v\u0161etko proste stoj\u00ed za to.<\/strong> A tak je tomuto z\u00e1\u017eitku koniec. Pelot\u00f3n pokra\u010duje v klesan\u00ed na druhej strane hory. Fan\u00fa\u0161ikovia sa za\u010d\u00ednaj\u00fa bali\u0165 a za\u010d\u00edna sa boj o zjazd z hory. Najlep\u0161ie je nepon\u00e1h\u013ea\u0165 sa a po\u010dka\u0165, k\u00fdm to bude bezpe\u010dn\u00e9. Ak sa nepon\u00e1h\u013eate, e\u0161te aspo\u0148 chv\u00ed\u013eu si vychutnajte vrchol hory a navracaj\u00face sa ticho.<\/span><\/p>\n","protected":false},"excerpt":{"rendered":"<p>Za\u017ei\u0165 na vlastnej ko\u017ei jedno z najv\u00e4\u010d\u0161\u00edch \u0161portov\u00fdch podujat\u00ed na svete je nie\u010do neuverite\u013en\u00e9. A aby ste z toho mali [&hellip;]<\/p>\n","protected":false},"author":172,"featured_media":19406,"comment_status":"open","ping_status":"open","sticky":false,"template":"","format":"standard","meta":{"footnotes":""},"categories":[117],"tags":[115,331,147,1637,176,1615,20,1614,183,1117],"global-categories":[],"class_list":["post-19403","post","type-post","status-publish","format-standard","has-post-thumbnail","hentry","category-tour-de-france","tag-cestna-cyklistika","tag-etapove-preteky","tag-fanusikovia","tag-kempovanie","tag-peloton","tag-sezona-2024","tag-tour-de-france","tag-tour-de-france-2024","tag-zabava","tag-zazitok"],"yoast_head":"<!-- This site is optimized with the Yoast SEO Premium plugin v25.3 (Yoast SEO v25.9) - https:\/\/yoast.com\/wordpress\/plugins\/seo\/ -->\n<title>Ak\u00e9 je to kempova\u0165 na Tour de France? - \u0160koda We Love Cycling Slovensko<\/title>\n<meta name=\"description\" content=\"Za\u017ei\u0165 na vlastnej ko\u017ei jedno z najv\u00e4\u010d\u0161\u00edch \u0161portov\u00fdch podujat\u00ed na svete je nie\u010do neuverite\u013en\u00e9. Nie je lep\u0161ie miesto ako by\u0165 na vrchole hory.\" \/>\n<meta name=\"robots\" content=\"index, follow, max-snippet:-1, max-image-preview:large, max-video-preview:-1\" \/>\n<link rel=\"canonical\" href=\"https:\/\/www.welovecycling.com\/sk\/2024\/07\/17\/ake-je-to-kempovat-na-tour-de-france\/\" \/>\n<meta property=\"og:locale\" content=\"sk_SK\" \/>\n<meta property=\"og:type\" content=\"article\" \/>\n<meta property=\"og:title\" content=\"Ak\u00e9 je to kempova\u0165 na Tour de France?\" \/>\n<meta property=\"og:description\" content=\"Za\u017ei\u0165 na vlastnej ko\u017ei jedno z najv\u00e4\u010d\u0161\u00edch \u0161portov\u00fdch podujat\u00ed na svete je nie\u010do neuverite\u013en\u00e9. Nie je lep\u0161ie miesto ako by\u0165 na vrchole hory.\" \/>\n<meta property=\"og:url\" content=\"https:\/\/www.welovecycling.com\/sk\/2024\/07\/17\/ake-je-to-kempovat-na-tour-de-france\/\" \/>\n<meta property=\"og:site_name\" content=\"\u0160koda We Love Cycling Slovensko\" \/>\n<meta property=\"article:published_time\" content=\"2024-07-17T11:04:52+00:00\" \/>\n<meta property=\"article:modified_time\" content=\"2024-07-17T12:58:08+00:00\" \/>\n<meta property=\"og:image\" content=\"https:\/\/d2p6e6u75xmxt8.cloudfront.net\/4\/2024\/07\/2024-Tour-de-France-Camping-profimedia-0788094712-CVR.webp\" \/>\n\t<meta property=\"og:image:width\" content=\"990\" \/>\n\t<meta property=\"og:image:height\" content=\"660\" \/>\n\t<meta property=\"og:image:type\" content=\"image\/webp\" \/>\n<meta name=\"author\" content=\"dominika\" \/>\n<meta name=\"twitter:card\" content=\"summary_large_image\" \/>\n<meta name=\"twitter:label1\" content=\"Written by\" \/>\n\t<meta name=\"twitter:data1\" content=\"Ji\u0159\u00ed Kaloc\" \/>\n\t<meta name=\"twitter:label2\" content=\"Est. reading time\" \/>\n\t<meta name=\"twitter:data2\" content=\"4\" \/>\n<script type=\"application\/ld+json\" class=\"yoast-schema-graph\">{\"@context\":\"https:\/\/schema.org\",\"@graph\":[{\"@type\":\"WebPage\",\"@id\":\"https:\/\/www.welovecycling.com\/sk\/2024\/07\/17\/ake-je-to-kempovat-na-tour-de-france\/\",\"url\":\"https:\/\/www.welovecycling.com\/sk\/2024\/07\/17\/ake-je-to-kempovat-na-tour-de-france\/\",\"name\":\"Ak\u00e9 je to kempova\u0165 na Tour de France? - \u0160koda We Love Cycling Slovensko\",\"isPartOf\":{\"@id\":\"https:\/\/www.welovecycling.com\/sk\/#website\"},\"primaryImageOfPage\":{\"@id\":\"https:\/\/www.welovecycling.com\/sk\/2024\/07\/17\/ake-je-to-kempovat-na-tour-de-france\/#primaryimage\"},\"image\":{\"@id\":\"https:\/\/www.welovecycling.com\/sk\/2024\/07\/17\/ake-je-to-kempovat-na-tour-de-france\/#primaryimage\"},\"thumbnailUrl\":\"https:\/\/d2p6e6u75xmxt8.cloudfront.net\/4\/2024\/07\/2024-Tour-de-France-Camping-profimedia-0788094712-CVR.webp\",\"datePublished\":\"2024-07-17T11:04:52+00:00\",\"dateModified\":\"2024-07-17T12:58:08+00:00\",\"author\":{\"@id\":\"https:\/\/www.welovecycling.com\/sk\/#\/schema\/person\/533b62b98b6c41bd5135ebfb1f742624\"},\"description\":\"Za\u017ei\u0165 na vlastnej ko\u017ei jedno z najv\u00e4\u010d\u0161\u00edch \u0161portov\u00fdch podujat\u00ed na svete je nie\u010do neuverite\u013en\u00e9. Nie je lep\u0161ie miesto ako by\u0165 na vrchole hory.\",\"breadcrumb\":{\"@id\":\"https:\/\/www.welovecycling.com\/sk\/2024\/07\/17\/ake-je-to-kempovat-na-tour-de-france\/#breadcrumb\"},\"inLanguage\":\"sk-SK\",\"potentialAction\":[{\"@type\":\"ReadAction\",\"target\":[\"https:\/\/www.welovecycling.com\/sk\/2024\/07\/17\/ake-je-to-kempovat-na-tour-de-france\/\"]}]},{\"@type\":\"ImageObject\",\"inLanguage\":\"sk-SK\",\"@id\":\"https:\/\/www.welovecycling.com\/sk\/2024\/07\/17\/ake-je-to-kempovat-na-tour-de-france\/#primaryimage\",\"url\":\"https:\/\/d2p6e6u75xmxt8.cloudfront.net\/4\/2024\/07\/2024-Tour-de-France-Camping-profimedia-0788094712-CVR.webp\",\"contentUrl\":\"https:\/\/d2p6e6u75xmxt8.cloudfront.net\/4\/2024\/07\/2024-Tour-de-France-Camping-profimedia-0788094712-CVR.webp\",\"width\":990,\"height\":660},{\"@type\":\"BreadcrumbList\",\"@id\":\"https:\/\/www.welovecycling.com\/sk\/2024\/07\/17\/ake-je-to-kempovat-na-tour-de-france\/#breadcrumb\",\"itemListElement\":[{\"@type\":\"ListItem\",\"position\":1,\"name\":\"Home\",\"item\":\"https:\/\/www.welovecycling.com\/sk\/\"},{\"@type\":\"ListItem\",\"position\":2,\"name\":\"Ak\u00e9 je to kempova\u0165 na Tour de France?\"}]},{\"@type\":\"WebSite\",\"@id\":\"https:\/\/www.welovecycling.com\/sk\/#website\",\"url\":\"https:\/\/www.welovecycling.com\/sk\/\",\"name\":\"\u0160koda We Love Cycling Slovensko\",\"description\":\"\u0160koda We Love Cycling Slovensko je v\u00e1\u0161 ka\u017edodenn\u00fd zdroj noviniek a in\u0161pir\u00e1cie z sveta cyklistiky\",\"potentialAction\":[{\"@type\":\"SearchAction\",\"target\":{\"@type\":\"EntryPoint\",\"urlTemplate\":\"https:\/\/www.welovecycling.com\/sk\/?s={search_term_string}\"},\"query-input\":{\"@type\":\"PropertyValueSpecification\",\"valueRequired\":true,\"valueName\":\"search_term_string\"}}],\"inLanguage\":\"sk-SK\"},{\"@type\":\"Person\",\"@id\":\"https:\/\/www.welovecycling.com\/sk\/#\/schema\/person\/533b62b98b6c41bd5135ebfb1f742624\",\"name\":\"dominika\",\"image\":{\"@type\":\"ImageObject\",\"inLanguage\":\"sk-SK\",\"@id\":\"https:\/\/www.welovecycling.com\/sk\/#\/schema\/person\/image\/\",\"url\":\"https:\/\/secure.gravatar.com\/avatar\/ded6f274ba2ec3e17fff153f7d9d96a4b33c2cb63907f75d9a5309c599a7f3e6?s=96&d=mm&r=g\",\"contentUrl\":\"https:\/\/secure.gravatar.com\/avatar\/ded6f274ba2ec3e17fff153f7d9d96a4b33c2cb63907f75d9a5309c599a7f3e6?s=96&d=mm&r=g\",\"caption\":\"dominika\"},\"url\":\"https:\/\/www.welovecycling.com\/sk\/author\/dominika\/\"}]}<\/script>\n<!-- \/ Yoast SEO Premium plugin. -->","yoast_head_json":{"title":"Ak\u00e9 je to kempova\u0165 na Tour de France? - \u0160koda We Love Cycling Slovensko","description":"Za\u017ei\u0165 na vlastnej ko\u017ei jedno z najv\u00e4\u010d\u0161\u00edch \u0161portov\u00fdch podujat\u00ed na svete je nie\u010do neuverite\u013en\u00e9. Nie je lep\u0161ie miesto ako by\u0165 na vrchole hory.","robots":{"index":"index","follow":"follow","max-snippet":"max-snippet:-1","max-image-preview":"max-image-preview:large","max-video-preview":"max-video-preview:-1"},"canonical":"https:\/\/www.welovecycling.com\/sk\/2024\/07\/17\/ake-je-to-kempovat-na-tour-de-france\/","og_locale":"sk_SK","og_type":"article","og_title":"Ak\u00e9 je to kempova\u0165 na Tour de France?","og_description":"Za\u017ei\u0165 na vlastnej ko\u017ei jedno z najv\u00e4\u010d\u0161\u00edch \u0161portov\u00fdch podujat\u00ed na svete je nie\u010do neuverite\u013en\u00e9. Nie je lep\u0161ie miesto ako by\u0165 na vrchole hory.","og_url":"https:\/\/www.welovecycling.com\/sk\/2024\/07\/17\/ake-je-to-kempovat-na-tour-de-france\/","og_site_name":"\u0160koda We Love Cycling Slovensko","article_published_time":"2024-07-17T11:04:52+00:00","article_modified_time":"2024-07-17T12:58:08+00:00","og_image":[{"width":990,"height":660,"url":"https:\/\/d2p6e6u75xmxt8.cloudfront.net\/4\/2024\/07\/2024-Tour-de-France-Camping-profimedia-0788094712-CVR.webp","type":"image\/webp"}],"author":"dominika","twitter_card":"summary_large_image","twitter_misc":{"Written by":"Ji\u0159\u00ed Kaloc","Est. reading time":"4"},"schema":{"@context":"https:\/\/schema.org","@graph":[{"@type":"WebPage","@id":"https:\/\/www.welovecycling.com\/sk\/2024\/07\/17\/ake-je-to-kempovat-na-tour-de-france\/","url":"https:\/\/www.welovecycling.com\/sk\/2024\/07\/17\/ake-je-to-kempovat-na-tour-de-france\/","name":"Ak\u00e9 je to kempova\u0165 na Tour de France? - \u0160koda We Love Cycling Slovensko","isPartOf":{"@id":"https:\/\/www.welovecycling.com\/sk\/#website"},"primaryImageOfPage":{"@id":"https:\/\/www.welovecycling.com\/sk\/2024\/07\/17\/ake-je-to-kempovat-na-tour-de-france\/#primaryimage"},"image":{"@id":"https:\/\/www.welovecycling.com\/sk\/2024\/07\/17\/ake-je-to-kempovat-na-tour-de-france\/#primaryimage"},"thumbnailUrl":"https:\/\/d2p6e6u75xmxt8.cloudfront.net\/4\/2024\/07\/2024-Tour-de-France-Camping-profimedia-0788094712-CVR.webp","datePublished":"2024-07-17T11:04:52+00:00","dateModified":"2024-07-17T12:58:08+00:00","author":{"@id":"https:\/\/www.welovecycling.com\/sk\/#\/schema\/person\/533b62b98b6c41bd5135ebfb1f742624"},"description":"Za\u017ei\u0165 na vlastnej ko\u017ei jedno z najv\u00e4\u010d\u0161\u00edch \u0161portov\u00fdch podujat\u00ed na svete je nie\u010do neuverite\u013en\u00e9. Nie je lep\u0161ie miesto ako by\u0165 na vrchole hory.","breadcrumb":{"@id":"https:\/\/www.welovecycling.com\/sk\/2024\/07\/17\/ake-je-to-kempovat-na-tour-de-france\/#breadcrumb"},"inLanguage":"sk-SK","potentialAction":[{"@type":"ReadAction","target":["https:\/\/www.welovecycling.com\/sk\/2024\/07\/17\/ake-je-to-kempovat-na-tour-de-france\/"]}]},{"@type":"ImageObject","inLanguage":"sk-SK","@id":"https:\/\/www.welovecycling.com\/sk\/2024\/07\/17\/ake-je-to-kempovat-na-tour-de-france\/#primaryimage","url":"https:\/\/d2p6e6u75xmxt8.cloudfront.net\/4\/2024\/07\/2024-Tour-de-France-Camping-profimedia-0788094712-CVR.webp","contentUrl":"https:\/\/d2p6e6u75xmxt8.cloudfront.net\/4\/2024\/07\/2024-Tour-de-France-Camping-profimedia-0788094712-CVR.webp","width":990,"height":660},{"@type":"BreadcrumbList","@id":"https:\/\/www.welovecycling.com\/sk\/2024\/07\/17\/ake-je-to-kempovat-na-tour-de-france\/#breadcrumb","itemListElement":[{"@type":"ListItem","position":1,"name":"Home","item":"https:\/\/www.welovecycling.com\/sk\/"},{"@type":"ListItem","position":2,"name":"Ak\u00e9 je to kempova\u0165 na Tour de France?"}]},{"@type":"WebSite","@id":"https:\/\/www.welovecycling.com\/sk\/#website","url":"https:\/\/www.welovecycling.com\/sk\/","name":"\u0160koda We Love Cycling Slovensko","description":"\u0160koda We Love Cycling Slovensko je v\u00e1\u0161 ka\u017edodenn\u00fd zdroj noviniek a in\u0161pir\u00e1cie z sveta cyklistiky","potentialAction":[{"@type":"SearchAction","target":{"@type":"EntryPoint","urlTemplate":"https:\/\/www.welovecycling.com\/sk\/?s={search_term_string}"},"query-input":{"@type":"PropertyValueSpecification","valueRequired":true,"valueName":"search_term_string"}}],"inLanguage":"sk-SK"},{"@type":"Person","@id":"https:\/\/www.welovecycling.com\/sk\/#\/schema\/person\/533b62b98b6c41bd5135ebfb1f742624","name":"dominika","image":{"@type":"ImageObject","inLanguage":"sk-SK","@id":"https:\/\/www.welovecycling.com\/sk\/#\/schema\/person\/image\/","url":"https:\/\/secure.gravatar.com\/avatar\/ded6f274ba2ec3e17fff153f7d9d96a4b33c2cb63907f75d9a5309c599a7f3e6?s=96&d=mm&r=g","contentUrl":"https:\/\/secure.gravatar.com\/avatar\/ded6f274ba2ec3e17fff153f7d9d96a4b33c2cb63907f75d9a5309c599a7f3e6?s=96&d=mm&r=g","caption":"dominika"},"url":"https:\/\/www.welovecycling.com\/sk\/author\/dominika\/"}]}},"_links":{"self":[{"href":"https:\/\/www.welovecycling.com\/sk\/wp-json\/wp\/v2\/posts\/19403","targetHints":{"allow":["GET"]}}],"collection":[{"href":"https:\/\/www.welovecycling.com\/sk\/wp-json\/wp\/v2\/posts"}],"about":[{"href":"https:\/\/www.welovecycling.com\/sk\/wp-json\/wp\/v2\/types\/post"}],"author":[{"embeddable":true,"href":"https:\/\/www.welovecycling.com\/sk\/wp-json\/wp\/v2\/users\/172"}],"replies":[{"embeddable":true,"href":"https:\/\/www.welovecycling.com\/sk\/wp-json\/wp\/v2\/comments?post=19403"}],"version-history":[{"count":6,"href":"https:\/\/www.welovecycling.com\/sk\/wp-json\/wp\/v2\/posts\/19403\/revisions"}],"predecessor-version":[{"id":19412,"href":"https:\/\/www.welovecycling.com\/sk\/wp-json\/wp\/v2\/posts\/19403\/revisions\/19412"}],"wp:featuredmedia":[{"embeddable":true,"href":"https:\/\/www.welovecycling.com\/sk\/wp-json\/wp\/v2\/media\/19406"}],"wp:attachment":[{"href":"https:\/\/www.welovecycling.com\/sk\/wp-json\/wp\/v2\/media?parent=19403"}],"wp:term":[{"taxonomy":"category","embeddable":true,"href":"https:\/\/www.welovecycling.com\/sk\/wp-json\/wp\/v2\/categories?post=19403"},{"taxonomy":"post_tag","embeddable":true,"href":"https:\/\/www.welovecycling.com\/sk\/wp-json\/wp\/v2\/tags?post=19403"},{"taxonomy":"global-categories","embeddable":true,"href":"https:\/\/www.welovecycling.com\/sk\/wp-json\/wp\/v2\/global-categories?post=19403"}],"curies":[{"name":"wp","href":"https:\/\/api.w.org\/{rel}","templated":true}]}}